{"id":1008,"date":"2019-12-24T05:16:04","date_gmt":"2019-12-24T05:16:04","guid":{"rendered":"https:\/\/curierulsatelor.ro\/wp\/?p=1008"},"modified":"2019-12-24T05:18:09","modified_gmt":"2019-12-24T05:18:09","slug":"anunt-al-primariei-rachiti-pentru-detinatorii-de-animale","status":"publish","type":"post","link":"https:\/\/curierulsatelor.ro\/wp\/2019\/12\/24\/anunt-al-primariei-rachiti-pentru-detinatorii-de-animale\/","title":{"rendered":"Anun\u021b al Prim\u0103riei R\u0103chi\u021bi, pentru de\u021bin\u0103torii  de animale"},"content":{"rendered":"\n<p>Subscrisa UAT R\u0103chi\u021bi, cu sediul \u00een localitatea R\u0103chi\u021bi, Jude\u021bul Boto\u0219ani, reprezentat\u0103 legal prin primar Bulgaru Florin-Dan, prin prezenta adres\u0103 v\u0103 aducem la cuno\u0219tin\u021b\u0103 \u00eenc\u0103 o dat\u0103 urm\u0103toarele:<\/p>\n\n\n\n<ul class=\"wp-block-list\"><li>Prin HCL nr. 45\/30.07.2019 a fost aprobat AMENAJAMENTUL PASTORAL PENTRU PAJI\u0218TILE PERMANENTE DIN COMUNA R\u0102CHI\u021aI;<\/li><li>Potrivit punctului 5.4.1. raportat la 8.7 din AMENAJAMENTUL PASTORALL PENTRU PAJI\u0218TILE PERMANENTE DIN COMUNA R\u0102CHI\u021aI \u00een lunile noiembrie \u0219i decembrie este interzis p\u0103\u0219unatul, \u00eentruc\u00e2t plantele din covorul ierbos sunt \u00een perioada de repaus;<\/li><li>Potrivit OUG34\/2013 art. 14 actualizat\u0103, constituie contraven\u021bie \u0219i se sanc\u021bioneaz\u0103 cu amend\u0103 p\u0103\u0219unatul neautorizat sau introducere animalelor pe paji\u0219ti \u00een afara perioadei de p\u0103\u0219unat;<\/li><li>Amenda ce poate fi aplicat\u0103 este de la 500 lei la 1.000 lei pentru persoana fizic\u0103, respectiv cu amend\u0103 de la 4.000 lei la 8.000 lei pentru persoana juridic\u0103 &#8211; extras din OUG 34\/2013.<\/li><li>Av\u00e2nd \u00een vedere cele prezentate mai sus v\u0103 rug\u0103m s\u0103 \u00eentreprinde\u021bi toate m\u0103surile necesare pentru conservarea paji\u0219tilor.<\/li><\/ul>\n","protected":false},"excerpt":{"rendered":"<p>Subscrisa UAT R\u0103chi\u021bi, cu sediul \u00een localitatea R\u0103chi\u021bi, Jude\u021bul Boto\u0219ani, reprezentat\u0103 legal prin primar Bulgaru&#8230;<\/p>\n","protected":false},"author":1,"featured_media":1009,"comment_status":"open","ping_status":"open","sticky":false,"template":"","format":"standard","meta":{"footnotes":""},"categories":[5,3,11],"tags":[],"class_list":["post-1008","post","type-post","status-publish","format-standard","has-post-thumbnail","hentry","category-administratie","category-lumea-satelor","category-stiri"],"yoast_head":"<!-- This site is optimized with the Yoast SEO plugin v27.4 - https:\/\/yoast.com\/product\/yoast-seo-wordpress\/ -->\n<title>Anun\u021b al Prim\u0103riei R\u0103chi\u021bi, pentru de\u021bin\u0103torii de animale - Curierul Regional<\/title>\n<meta name=\"robots\" content=\"index, follow, max-snippet:-1, max-image-preview:large, max-video-preview:-1\" \/>\n<link rel=\"canonical\" href=\"https:\/\/curierulsatelor.ro\/wp\/2019\/12\/24\/anunt-al-primariei-rachiti-pentru-detinatorii-de-animale\/\" \/>\n<meta property=\"og:locale\" content=\"ro_RO\" \/>\n<meta property=\"og:type\" content=\"article\" \/>\n<meta property=\"og:title\" content=\"Anun\u021b al Prim\u0103riei R\u0103chi\u021bi, pentru de\u021bin\u0103torii de animale - Curierul Regional\" \/>\n<meta property=\"og:description\" content=\"Subscrisa UAT R\u0103chi\u021bi, cu sediul \u00een localitatea R\u0103chi\u021bi, Jude\u021bul Boto\u0219ani, reprezentat\u0103 legal prin primar Bulgaru...\" \/>\n<meta property=\"og:url\" content=\"https:\/\/curierulsatelor.ro\/wp\/2019\/12\/24\/anunt-al-primariei-rachiti-pentru-detinatorii-de-animale\/\" \/>\n<meta property=\"og:site_name\" content=\"Curierul Regional\" \/>\n<meta property=\"article:published_time\" content=\"2019-12-24T05:16:04+00:00\" \/>\n<meta property=\"article:modified_time\" content=\"2019-12-24T05:18:09+00:00\" \/>\n<meta property=\"og:image\" content=\"https:\/\/curierulsatelor.ro\/wp\/wp-content\/uploads\/2019\/12\/primaria-Rachiti.jpg\" \/>\n\t<meta property=\"og:image:width\" content=\"800\" \/>\n\t<meta property=\"og:image:height\" content=\"533\" \/>\n\t<meta property=\"og:image:type\" content=\"image\/jpeg\" \/>\n<meta name=\"author\" content=\"Marian Morosan\" \/>\n<meta name=\"twitter:card\" content=\"summary_large_image\" \/>\n<meta name=\"twitter:label1\" content=\"Scris de\" \/>\n\t<meta name=\"twitter:data1\" content=\"Marian Morosan\" \/>\n\t<meta name=\"twitter:label2\" content=\"Timp estimat pentru citire\" \/>\n\t<meta name=\"twitter:data2\" content=\"1 minut\" \/>\n<script type=\"application\/ld+json\" class=\"yoast-schema-graph\">{\"@context\":\"https:\\\/\\\/schema.org\",\"@graph\":[{\"@type\":\"Article\",\"@id\":\"https:\\\/\\\/curierulsatelor.ro\\\/wp\\\/2019\\\/12\\\/24\\\/anunt-al-primariei-rachiti-pentru-detinatorii-de-animale\\\/#article\",\"isPartOf\":{\"@id\":\"https:\\\/\\\/curierulsatelor.ro\\\/wp\\\/2019\\\/12\\\/24\\\/anunt-al-primariei-rachiti-pentru-detinatorii-de-animale\\\/\"},\"author\":{\"name\":\"Marian Morosan\",\"@id\":\"https:\\\/\\\/curierulsatelor.ro\\\/wp\\\/#\\\/schema\\\/person\\\/6f6b28a030e15d619a82894773d6e7b9\"},\"headline\":\"Anun\u021b al Prim\u0103riei R\u0103chi\u021bi, pentru de\u021bin\u0103torii de animale\",\"datePublished\":\"2019-12-24T05:16:04+00:00\",\"dateModified\":\"2019-12-24T05:18:09+00:00\",\"mainEntityOfPage\":{\"@id\":\"https:\\\/\\\/curierulsatelor.ro\\\/wp\\\/2019\\\/12\\\/24\\\/anunt-al-primariei-rachiti-pentru-detinatorii-de-animale\\\/\"},\"wordCount\":180,\"commentCount\":0,\"publisher\":{\"@id\":\"https:\\\/\\\/curierulsatelor.ro\\\/wp\\\/#organization\"},\"image\":{\"@id\":\"https:\\\/\\\/curierulsatelor.ro\\\/wp\\\/2019\\\/12\\\/24\\\/anunt-al-primariei-rachiti-pentru-detinatorii-de-animale\\\/#primaryimage\"},\"thumbnailUrl\":\"https:\\\/\\\/curierulsatelor.ro\\\/wp\\\/wp-content\\\/uploads\\\/2019\\\/12\\\/primaria-Rachiti.jpg\",\"articleSection\":[\"Administratie\",\"Lumea satelor\",\"Stiri\"],\"inLanguage\":\"ro-RO\",\"potentialAction\":[{\"@type\":\"CommentAction\",\"name\":\"Comment\",\"target\":[\"https:\\\/\\\/curierulsatelor.ro\\\/wp\\\/2019\\\/12\\\/24\\\/anunt-al-primariei-rachiti-pentru-detinatorii-de-animale\\\/#respond\"]}]},{\"@type\":\"WebPage\",\"@id\":\"https:\\\/\\\/curierulsatelor.ro\\\/wp\\\/2019\\\/12\\\/24\\\/anunt-al-primariei-rachiti-pentru-detinatorii-de-animale\\\/\",\"url\":\"https:\\\/\\\/curierulsatelor.ro\\\/wp\\\/2019\\\/12\\\/24\\\/anunt-al-primariei-rachiti-pentru-detinatorii-de-animale\\\/\",\"name\":\"Anun\u021b al Prim\u0103riei R\u0103chi\u021bi, pentru de\u021bin\u0103torii de animale - Curierul Regional\",\"isPartOf\":{\"@id\":\"https:\\\/\\\/curierulsatelor.ro\\\/wp\\\/#website\"},\"primaryImageOfPage\":{\"@id\":\"https:\\\/\\\/curierulsatelor.ro\\\/wp\\\/2019\\\/12\\\/24\\\/anunt-al-primariei-rachiti-pentru-detinatorii-de-animale\\\/#primaryimage\"},\"image\":{\"@id\":\"https:\\\/\\\/curierulsatelor.ro\\\/wp\\\/2019\\\/12\\\/24\\\/anunt-al-primariei-rachiti-pentru-detinatorii-de-animale\\\/#primaryimage\"},\"thumbnailUrl\":\"https:\\\/\\\/curierulsatelor.ro\\\/wp\\\/wp-content\\\/uploads\\\/2019\\\/12\\\/primaria-Rachiti.jpg\",\"datePublished\":\"2019-12-24T05:16:04+00:00\",\"dateModified\":\"2019-12-24T05:18:09+00:00\",\"breadcrumb\":{\"@id\":\"https:\\\/\\\/curierulsatelor.ro\\\/wp\\\/2019\\\/12\\\/24\\\/anunt-al-primariei-rachiti-pentru-detinatorii-de-animale\\\/#breadcrumb\"},\"inLanguage\":\"ro-RO\",\"potentialAction\":[{\"@type\":\"ReadAction\",\"target\":[\"https:\\\/\\\/curierulsatelor.ro\\\/wp\\\/2019\\\/12\\\/24\\\/anunt-al-primariei-rachiti-pentru-detinatorii-de-animale\\\/\"]}]},{\"@type\":\"ImageObject\",\"inLanguage\":\"ro-RO\",\"@id\":\"https:\\\/\\\/curierulsatelor.ro\\\/wp\\\/2019\\\/12\\\/24\\\/anunt-al-primariei-rachiti-pentru-detinatorii-de-animale\\\/#primaryimage\",\"url\":\"https:\\\/\\\/curierulsatelor.ro\\\/wp\\\/wp-content\\\/uploads\\\/2019\\\/12\\\/primaria-Rachiti.jpg\",\"contentUrl\":\"https:\\\/\\\/curierulsatelor.ro\\\/wp\\\/wp-content\\\/uploads\\\/2019\\\/12\\\/primaria-Rachiti.jpg\",\"width\":800,\"height\":533},{\"@type\":\"BreadcrumbList\",\"@id\":\"https:\\\/\\\/curierulsatelor.ro\\\/wp\\\/2019\\\/12\\\/24\\\/anunt-al-primariei-rachiti-pentru-detinatorii-de-animale\\\/#breadcrumb\",\"itemListElement\":[{\"@type\":\"ListItem\",\"position\":1,\"name\":\"Prima pagin\u0103\",\"item\":\"https:\\\/\\\/curierulsatelor.ro\\\/wp\\\/\"},{\"@type\":\"ListItem\",\"position\":2,\"name\":\"Anun\u021b al Prim\u0103riei R\u0103chi\u021bi, pentru de\u021bin\u0103torii de animale\"}]},{\"@type\":\"WebSite\",\"@id\":\"https:\\\/\\\/curierulsatelor.ro\\\/wp\\\/#website\",\"url\":\"https:\\\/\\\/curierulsatelor.ro\\\/wp\\\/\",\"name\":\"Curierul Regional\",\"description\":\"\",\"publisher\":{\"@id\":\"https:\\\/\\\/curierulsatelor.ro\\\/wp\\\/#organization\"},\"potentialAction\":[{\"@type\":\"SearchAction\",\"target\":{\"@type\":\"EntryPoint\",\"urlTemplate\":\"https:\\\/\\\/curierulsatelor.ro\\\/wp\\\/?s={search_term_string}\"},\"query-input\":{\"@type\":\"PropertyValueSpecification\",\"valueRequired\":true,\"valueName\":\"search_term_string\"}}],\"inLanguage\":\"ro-RO\"},{\"@type\":\"Organization\",\"@id\":\"https:\\\/\\\/curierulsatelor.ro\\\/wp\\\/#organization\",\"name\":\"Curierul Regional\",\"url\":\"https:\\\/\\\/curierulsatelor.ro\\\/wp\\\/\",\"logo\":{\"@type\":\"ImageObject\",\"inLanguage\":\"ro-RO\",\"@id\":\"https:\\\/\\\/curierulsatelor.ro\\\/wp\\\/#\\\/schema\\\/logo\\\/image\\\/\",\"url\":\"https:\\\/\\\/curierulsatelor.ro\\\/wp\\\/wp-content\\\/uploads\\\/2020\\\/01\\\/Curierul-Regional-si-Curierul-satelor-logo-header.png\",\"contentUrl\":\"https:\\\/\\\/curierulsatelor.ro\\\/wp\\\/wp-content\\\/uploads\\\/2020\\\/01\\\/Curierul-Regional-si-Curierul-satelor-logo-header.png\",\"width\":2943,\"height\":685,\"caption\":\"Curierul Regional\"},\"image\":{\"@id\":\"https:\\\/\\\/curierulsatelor.ro\\\/wp\\\/#\\\/schema\\\/logo\\\/image\\\/\"}},{\"@type\":\"Person\",\"@id\":\"https:\\\/\\\/curierulsatelor.ro\\\/wp\\\/#\\\/schema\\\/person\\\/6f6b28a030e15d619a82894773d6e7b9\",\"name\":\"Marian Morosan\",\"image\":{\"@type\":\"ImageObject\",\"inLanguage\":\"ro-RO\",\"@id\":\"https:\\\/\\\/secure.gravatar.com\\\/avatar\\\/2e833cc9ab99e6bca46266d4ad9030d308346ff7ff0b6b955c29b74cafaf064b?s=96&d=mm&r=g\",\"url\":\"https:\\\/\\\/secure.gravatar.com\\\/avatar\\\/2e833cc9ab99e6bca46266d4ad9030d308346ff7ff0b6b955c29b74cafaf064b?s=96&d=mm&r=g\",\"contentUrl\":\"https:\\\/\\\/secure.gravatar.com\\\/avatar\\\/2e833cc9ab99e6bca46266d4ad9030d308346ff7ff0b6b955c29b74cafaf064b?s=96&d=mm&r=g\",\"caption\":\"Marian Morosan\"},\"description\":\"Copiilor no\u015ftri li se preg\u0103te\u015fte, incon\u015ftient, o lume de joben ciuruit, din care niciodat\u0103 nu iese iepura\u015ful. Doar panglicile politicilor sociale roase de moliile cu \u015ftaif din ultimele decenii. Suntem oropsi\u0163i, suntem dispera\u0163i, manipula\u0163i p\u00e2n\u0103 acolo \u00eenc\u00e2t ne bucur\u0103m s\u0103 fim masa de manevr\u0103 a unora \u015fi s\u0103 sus\u0163inem c\u0103 a\u015fa e normal. Acum \u00eel \u00een\u0163eleg pe Cioran, dar \u00eel \u00een\u0163eleg mai bine \u015fi pe Preda. \u015ei m\u0103 g\u00e2ndesc iar, cu groaz\u0103, la copilul meu. Cel pu\u0163in eu nu \u00eemi doresc s\u0103 \u015ftiu c\u0103 micu\u0163ul meu va fi singur, cu sufletul descul\u0163, prin jungla mileniului III ! https:\\\/\\\/curierulsatelor.ro\\\/wp\\\/2019\\\/10\\\/16\\\/cu-sufletul-descult-prin-jungla-mileniului-iii-editorial\\\/\",\"sameAs\":[\"http:\\\/\\\/admin\"],\"url\":\"https:\\\/\\\/curierulsatelor.ro\\\/wp\\\/author\\\/admin\\\/\"}]}<\/script>\n<!-- \/ Yoast SEO plugin. -->","yoast_head_json":{"title":"Anun\u021b al Prim\u0103riei R\u0103chi\u021bi, pentru de\u021bin\u0103torii de animale - Curierul Regional","robots":{"index":"index","follow":"follow","max-snippet":"max-snippet:-1","max-image-preview":"max-image-preview:large","max-video-preview":"max-video-preview:-1"},"canonical":"https:\/\/curierulsatelor.ro\/wp\/2019\/12\/24\/anunt-al-primariei-rachiti-pentru-detinatorii-de-animale\/","og_locale":"ro_RO","og_type":"article","og_title":"Anun\u021b al Prim\u0103riei R\u0103chi\u021bi, pentru de\u021bin\u0103torii de animale - Curierul Regional","og_description":"Subscrisa UAT R\u0103chi\u021bi, cu sediul \u00een localitatea R\u0103chi\u021bi, Jude\u021bul Boto\u0219ani, reprezentat\u0103 legal prin primar Bulgaru...","og_url":"https:\/\/curierulsatelor.ro\/wp\/2019\/12\/24\/anunt-al-primariei-rachiti-pentru-detinatorii-de-animale\/","og_site_name":"Curierul Regional","article_published_time":"2019-12-24T05:16:04+00:00","article_modified_time":"2019-12-24T05:18:09+00:00","og_image":[{"width":800,"height":533,"url":"https:\/\/curierulsatelor.ro\/wp\/wp-content\/uploads\/2019\/12\/primaria-Rachiti.jpg","type":"image\/jpeg"}],"author":"Marian Morosan","twitter_card":"summary_large_image","twitter_misc":{"Scris de":"Marian Morosan","Timp estimat pentru citire":"1 minut"},"schema":{"@context":"https:\/\/schema.org","@graph":[{"@type":"Article","@id":"https:\/\/curierulsatelor.ro\/wp\/2019\/12\/24\/anunt-al-primariei-rachiti-pentru-detinatorii-de-animale\/#article","isPartOf":{"@id":"https:\/\/curierulsatelor.ro\/wp\/2019\/12\/24\/anunt-al-primariei-rachiti-pentru-detinatorii-de-animale\/"},"author":{"name":"Marian Morosan","@id":"https:\/\/curierulsatelor.ro\/wp\/#\/schema\/person\/6f6b28a030e15d619a82894773d6e7b9"},"headline":"Anun\u021b al Prim\u0103riei R\u0103chi\u021bi, pentru de\u021bin\u0103torii de animale","datePublished":"2019-12-24T05:16:04+00:00","dateModified":"2019-12-24T05:18:09+00:00","mainEntityOfPage":{"@id":"https:\/\/curierulsatelor.ro\/wp\/2019\/12\/24\/anunt-al-primariei-rachiti-pentru-detinatorii-de-animale\/"},"wordCount":180,"commentCount":0,"publisher":{"@id":"https:\/\/curierulsatelor.ro\/wp\/#organization"},"image":{"@id":"https:\/\/curierulsatelor.ro\/wp\/2019\/12\/24\/anunt-al-primariei-rachiti-pentru-detinatorii-de-animale\/#primaryimage"},"thumbnailUrl":"https:\/\/curierulsatelor.ro\/wp\/wp-content\/uploads\/2019\/12\/primaria-Rachiti.jpg","articleSection":["Administratie","Lumea satelor","Stiri"],"inLanguage":"ro-RO","potentialAction":[{"@type":"CommentAction","name":"Comment","target":["https:\/\/curierulsatelor.ro\/wp\/2019\/12\/24\/anunt-al-primariei-rachiti-pentru-detinatorii-de-animale\/#respond"]}]},{"@type":"WebPage","@id":"https:\/\/curierulsatelor.ro\/wp\/2019\/12\/24\/anunt-al-primariei-rachiti-pentru-detinatorii-de-animale\/","url":"https:\/\/curierulsatelor.ro\/wp\/2019\/12\/24\/anunt-al-primariei-rachiti-pentru-detinatorii-de-animale\/","name":"Anun\u021b al Prim\u0103riei R\u0103chi\u021bi, pentru de\u021bin\u0103torii de animale - Curierul Regional","isPartOf":{"@id":"https:\/\/curierulsatelor.ro\/wp\/#website"},"primaryImageOfPage":{"@id":"https:\/\/curierulsatelor.ro\/wp\/2019\/12\/24\/anunt-al-primariei-rachiti-pentru-detinatorii-de-animale\/#primaryimage"},"image":{"@id":"https:\/\/curierulsatelor.ro\/wp\/2019\/12\/24\/anunt-al-primariei-rachiti-pentru-detinatorii-de-animale\/#primaryimage"},"thumbnailUrl":"https:\/\/curierulsatelor.ro\/wp\/wp-content\/uploads\/2019\/12\/primaria-Rachiti.jpg","datePublished":"2019-12-24T05:16:04+00:00","dateModified":"2019-12-24T05:18:09+00:00","breadcrumb":{"@id":"https:\/\/curierulsatelor.ro\/wp\/2019\/12\/24\/anunt-al-primariei-rachiti-pentru-detinatorii-de-animale\/#breadcrumb"},"inLanguage":"ro-RO","potentialAction":[{"@type":"ReadAction","target":["https:\/\/curierulsatelor.ro\/wp\/2019\/12\/24\/anunt-al-primariei-rachiti-pentru-detinatorii-de-animale\/"]}]},{"@type":"ImageObject","inLanguage":"ro-RO","@id":"https:\/\/curierulsatelor.ro\/wp\/2019\/12\/24\/anunt-al-primariei-rachiti-pentru-detinatorii-de-animale\/#primaryimage","url":"https:\/\/curierulsatelor.ro\/wp\/wp-content\/uploads\/2019\/12\/primaria-Rachiti.jpg","contentUrl":"https:\/\/curierulsatelor.ro\/wp\/wp-content\/uploads\/2019\/12\/primaria-Rachiti.jpg","width":800,"height":533},{"@type":"BreadcrumbList","@id":"https:\/\/curierulsatelor.ro\/wp\/2019\/12\/24\/anunt-al-primariei-rachiti-pentru-detinatorii-de-animale\/#breadcrumb","itemListElement":[{"@type":"ListItem","position":1,"name":"Prima pagin\u0103","item":"https:\/\/curierulsatelor.ro\/wp\/"},{"@type":"ListItem","position":2,"name":"Anun\u021b al Prim\u0103riei R\u0103chi\u021bi, pentru de\u021bin\u0103torii de animale"}]},{"@type":"WebSite","@id":"https:\/\/curierulsatelor.ro\/wp\/#website","url":"https:\/\/curierulsatelor.ro\/wp\/","name":"Curierul Regional","description":"","publisher":{"@id":"https:\/\/curierulsatelor.ro\/wp\/#organization"},"potentialAction":[{"@type":"SearchAction","target":{"@type":"EntryPoint","urlTemplate":"https:\/\/curierulsatelor.ro\/wp\/?s={search_term_string}"},"query-input":{"@type":"PropertyValueSpecification","valueRequired":true,"valueName":"search_term_string"}}],"inLanguage":"ro-RO"},{"@type":"Organization","@id":"https:\/\/curierulsatelor.ro\/wp\/#organization","name":"Curierul Regional","url":"https:\/\/curierulsatelor.ro\/wp\/","logo":{"@type":"ImageObject","inLanguage":"ro-RO","@id":"https:\/\/curierulsatelor.ro\/wp\/#\/schema\/logo\/image\/","url":"https:\/\/curierulsatelor.ro\/wp\/wp-content\/uploads\/2020\/01\/Curierul-Regional-si-Curierul-satelor-logo-header.png","contentUrl":"https:\/\/curierulsatelor.ro\/wp\/wp-content\/uploads\/2020\/01\/Curierul-Regional-si-Curierul-satelor-logo-header.png","width":2943,"height":685,"caption":"Curierul Regional"},"image":{"@id":"https:\/\/curierulsatelor.ro\/wp\/#\/schema\/logo\/image\/"}},{"@type":"Person","@id":"https:\/\/curierulsatelor.ro\/wp\/#\/schema\/person\/6f6b28a030e15d619a82894773d6e7b9","name":"Marian Morosan","image":{"@type":"ImageObject","inLanguage":"ro-RO","@id":"https:\/\/secure.gravatar.com\/avatar\/2e833cc9ab99e6bca46266d4ad9030d308346ff7ff0b6b955c29b74cafaf064b?s=96&d=mm&r=g","url":"https:\/\/secure.gravatar.com\/avatar\/2e833cc9ab99e6bca46266d4ad9030d308346ff7ff0b6b955c29b74cafaf064b?s=96&d=mm&r=g","contentUrl":"https:\/\/secure.gravatar.com\/avatar\/2e833cc9ab99e6bca46266d4ad9030d308346ff7ff0b6b955c29b74cafaf064b?s=96&d=mm&r=g","caption":"Marian Morosan"},"description":"Copiilor no\u015ftri li se preg\u0103te\u015fte, incon\u015ftient, o lume de joben ciuruit, din care niciodat\u0103 nu iese iepura\u015ful. Doar panglicile politicilor sociale roase de moliile cu \u015ftaif din ultimele decenii. Suntem oropsi\u0163i, suntem dispera\u0163i, manipula\u0163i p\u00e2n\u0103 acolo \u00eenc\u00e2t ne bucur\u0103m s\u0103 fim masa de manevr\u0103 a unora \u015fi s\u0103 sus\u0163inem c\u0103 a\u015fa e normal. Acum \u00eel \u00een\u0163eleg pe Cioran, dar \u00eel \u00een\u0163eleg mai bine \u015fi pe Preda. \u015ei m\u0103 g\u00e2ndesc iar, cu groaz\u0103, la copilul meu. Cel pu\u0163in eu nu \u00eemi doresc s\u0103 \u015ftiu c\u0103 micu\u0163ul meu va fi singur, cu sufletul descul\u0163, prin jungla mileniului III ! https:\/\/curierulsatelor.ro\/wp\/2019\/10\/16\/cu-sufletul-descult-prin-jungla-mileniului-iii-editorial\/","sameAs":["http:\/\/admin"],"url":"https:\/\/curierulsatelor.ro\/wp\/author\/admin\/"}]}},"_links":{"self":[{"href":"https:\/\/curierulsatelor.ro\/wp\/wp-json\/wp\/v2\/posts\/1008","targetHints":{"allow":["GET"]}}],"collection":[{"href":"https:\/\/curierulsatelor.ro\/wp\/wp-json\/wp\/v2\/posts"}],"about":[{"href":"https:\/\/curierulsatelor.ro\/wp\/wp-json\/wp\/v2\/types\/post"}],"author":[{"embeddable":true,"href":"https:\/\/curierulsatelor.ro\/wp\/wp-json\/wp\/v2\/users\/1"}],"replies":[{"embeddable":true,"href":"https:\/\/curierulsatelor.ro\/wp\/wp-json\/wp\/v2\/comments?post=1008"}],"version-history":[{"count":2,"href":"https:\/\/curierulsatelor.ro\/wp\/wp-json\/wp\/v2\/posts\/1008\/revisions"}],"predecessor-version":[{"id":1011,"href":"https:\/\/curierulsatelor.ro\/wp\/wp-json\/wp\/v2\/posts\/1008\/revisions\/1011"}],"wp:featuredmedia":[{"embeddable":true,"href":"https:\/\/curierulsatelor.ro\/wp\/wp-json\/wp\/v2\/media\/1009"}],"wp:attachment":[{"href":"https:\/\/curierulsatelor.ro\/wp\/wp-json\/wp\/v2\/media?parent=1008"}],"wp:term":[{"taxonomy":"category","embeddable":true,"href":"https:\/\/curierulsatelor.ro\/wp\/wp-json\/wp\/v2\/categories?post=1008"},{"taxonomy":"post_tag","embeddable":true,"href":"https:\/\/curierulsatelor.ro\/wp\/wp-json\/wp\/v2\/tags?post=1008"}],"curies":[{"name":"wp","href":"https:\/\/api.w.org\/{rel}","templated":true}]}}