{"id":10130,"date":"2023-05-08T06:34:52","date_gmt":"2023-05-08T04:34:52","guid":{"rendered":"https:\/\/curierulsatelor.ro\/wp\/?p=10130"},"modified":"2023-05-08T06:34:52","modified_gmt":"2023-05-08T04:34:52","slug":"mirel-manea-trompeta-fermecata-bella-ciao-si-remixul-anului-de-la-mcdjm","status":"publish","type":"post","link":"https:\/\/curierulsatelor.ro\/wp\/2023\/05\/08\/mirel-manea-trompeta-fermecata-bella-ciao-si-remixul-anului-de-la-mcdjm\/","title":{"rendered":"Mirel Manea, trompeta fermecat\u0103, Bella Ciao \u0219i remixul anului de la MCDJM"},"content":{"rendered":"\n<p>Pe inenagalabilul Mirel Manea \u00eel \u0219tie universul. Acordurile trompetei sale au r\u0103sunat nu doar \u00een saloanele de aur ale \u00eemp\u0103ra\u021bilor lumii, dar vibreaz\u0103 \u0219i \u00een portativele universale intergalactice. Iar c\u00e2nd o pies\u0103 iubit\u0103 de oamenii de pe tot mapamondul mai prime\u0219te \u0219i patina unui sunetist \u00eendr\u0103gostit de limbajul muzicii, rezultatul nu poate fi dec\u00e2t &#8230;wow. Cunoscuta pies\u0103 Bella Ciao a fost remizat\u0103 recent de MCDJM (Marius Honceriu), \u00eentr-un aranjament muzical de r\u0103sunet, \u00eengem\u0103n\u00e2nd ritmul piesei cu magia trompetei lui Manea. Ce a rezultat pute\u021bi asculta mai jos \u0219i, evident, pute\u021bi transmite \u0219i altora s\u0103 \u00ee\u0219i \u00eenc\u00e2nte auzul, sufletul \u0219i spiritul \u0219i s\u0103 \u00eenceap\u0103 s\u0103pt\u0103m\u00e2na bine.<\/p>\n\n\n\n<figure class=\"wp-block-embed is-type-rich is-provider-soundcloud wp-block-embed-soundcloud\"><div class=\"wp-block-embed__wrapper\">\n<iframe title=\"bella ciao deep rmx 2023 by Marius Honceriu\" width=\"640\" height=\"400\" scrolling=\"no\" frameborder=\"no\" src=\"https:\/\/w.soundcloud.com\/player\/?visual=true&#038;url=https%3A%2F%2Fapi.soundcloud.com%2Ftracks%2F1506898219&#038;show_artwork=true&#038;maxheight=960&#038;maxwidth=640\"><\/iframe>\n<\/div><\/figure>\n","protected":false},"excerpt":{"rendered":"<p>Pe inenagalabilul Mirel Manea \u00eel \u0219tie universul. Acordurile trompetei sale au r\u0103sunat nu doar \u00een&#8230;<\/p>\n","protected":false},"author":1,"featured_media":10131,"comment_status":"open","ping_status":"open","sticky":false,"template":"","format":"standard","meta":{"footnotes":""},"categories":[15,17,9],"tags":[],"class_list":["post-10130","post","type-post","status-publish","format-standard","has-post-thumbnail","hentry","category-botosani","category-cultura","category-showbiz"],"yoast_head":"<!-- This site is optimized with the Yoast SEO plugin v27.4 - https:\/\/yoast.com\/product\/yoast-seo-wordpress\/ -->\n<title>Mirel Manea, trompeta fermecat\u0103, Bella Ciao \u0219i remixul anului de la MCDJM - Curierul Regional<\/title>\n<meta name=\"robots\" content=\"index, follow, max-snippet:-1, max-image-preview:large, max-video-preview:-1\" \/>\n<link rel=\"canonical\" href=\"https:\/\/curierulsatelor.ro\/wp\/2023\/05\/08\/mirel-manea-trompeta-fermecata-bella-ciao-si-remixul-anului-de-la-mcdjm\/\" \/>\n<meta property=\"og:locale\" content=\"ro_RO\" \/>\n<meta property=\"og:type\" content=\"article\" \/>\n<meta property=\"og:title\" content=\"Mirel Manea, trompeta fermecat\u0103, Bella Ciao \u0219i remixul anului de la MCDJM - Curierul Regional\" \/>\n<meta property=\"og:description\" content=\"Pe inenagalabilul Mirel Manea \u00eel \u0219tie universul. Acordurile trompetei sale au r\u0103sunat nu doar \u00een...\" \/>\n<meta property=\"og:url\" content=\"https:\/\/curierulsatelor.ro\/wp\/2023\/05\/08\/mirel-manea-trompeta-fermecata-bella-ciao-si-remixul-anului-de-la-mcdjm\/\" \/>\n<meta property=\"og:site_name\" content=\"Curierul Regional\" \/>\n<meta property=\"article:published_time\" content=\"2023-05-08T04:34:52+00:00\" \/>\n<meta property=\"og:image\" content=\"https:\/\/curierulsatelor.ro\/wp\/wp-content\/uploads\/2023\/05\/Mirel-Manea-Marius-Honceriu-remix-Bella-Ciao.jpg\" \/>\n\t<meta property=\"og:image:width\" content=\"693\" \/>\n\t<meta property=\"og:image:height\" content=\"422\" \/>\n\t<meta property=\"og:image:type\" content=\"image\/jpeg\" \/>\n<meta name=\"author\" content=\"Marian Morosan\" \/>\n<meta name=\"twitter:card\" content=\"summary_large_image\" \/>\n<meta name=\"twitter:label1\" content=\"Scris de\" \/>\n\t<meta name=\"twitter:data1\" content=\"Marian Morosan\" \/>\n\t<meta name=\"twitter:label2\" content=\"Timp estimat pentru citire\" \/>\n\t<meta name=\"twitter:data2\" content=\"1 minut\" \/>\n<script type=\"application\/ld+json\" class=\"yoast-schema-graph\">{\"@context\":\"https:\\\/\\\/schema.org\",\"@graph\":[{\"@type\":\"Article\",\"@id\":\"https:\\\/\\\/curierulsatelor.ro\\\/wp\\\/2023\\\/05\\\/08\\\/mirel-manea-trompeta-fermecata-bella-ciao-si-remixul-anului-de-la-mcdjm\\\/#article\",\"isPartOf\":{\"@id\":\"https:\\\/\\\/curierulsatelor.ro\\\/wp\\\/2023\\\/05\\\/08\\\/mirel-manea-trompeta-fermecata-bella-ciao-si-remixul-anului-de-la-mcdjm\\\/\"},\"author\":{\"name\":\"Marian Morosan\",\"@id\":\"https:\\\/\\\/curierulsatelor.ro\\\/wp\\\/#\\\/schema\\\/person\\\/6f6b28a030e15d619a82894773d6e7b9\"},\"headline\":\"Mirel Manea, trompeta fermecat\u0103, Bella Ciao \u0219i remixul anului de la MCDJM\",\"datePublished\":\"2023-05-08T04:34:52+00:00\",\"mainEntityOfPage\":{\"@id\":\"https:\\\/\\\/curierulsatelor.ro\\\/wp\\\/2023\\\/05\\\/08\\\/mirel-manea-trompeta-fermecata-bella-ciao-si-remixul-anului-de-la-mcdjm\\\/\"},\"wordCount\":150,\"commentCount\":0,\"publisher\":{\"@id\":\"https:\\\/\\\/curierulsatelor.ro\\\/wp\\\/#organization\"},\"image\":{\"@id\":\"https:\\\/\\\/curierulsatelor.ro\\\/wp\\\/2023\\\/05\\\/08\\\/mirel-manea-trompeta-fermecata-bella-ciao-si-remixul-anului-de-la-mcdjm\\\/#primaryimage\"},\"thumbnailUrl\":\"https:\\\/\\\/curierulsatelor.ro\\\/wp\\\/wp-content\\\/uploads\\\/2023\\\/05\\\/Mirel-Manea-Marius-Honceriu-remix-Bella-Ciao.jpg\",\"articleSection\":[\"Boto\u0219ani\",\"Cultura\",\"ShowBiz\"],\"inLanguage\":\"ro-RO\",\"potentialAction\":[{\"@type\":\"CommentAction\",\"name\":\"Comment\",\"target\":[\"https:\\\/\\\/curierulsatelor.ro\\\/wp\\\/2023\\\/05\\\/08\\\/mirel-manea-trompeta-fermecata-bella-ciao-si-remixul-anului-de-la-mcdjm\\\/#respond\"]}]},{\"@type\":\"WebPage\",\"@id\":\"https:\\\/\\\/curierulsatelor.ro\\\/wp\\\/2023\\\/05\\\/08\\\/mirel-manea-trompeta-fermecata-bella-ciao-si-remixul-anului-de-la-mcdjm\\\/\",\"url\":\"https:\\\/\\\/curierulsatelor.ro\\\/wp\\\/2023\\\/05\\\/08\\\/mirel-manea-trompeta-fermecata-bella-ciao-si-remixul-anului-de-la-mcdjm\\\/\",\"name\":\"Mirel Manea, trompeta fermecat\u0103, Bella Ciao \u0219i remixul anului de la MCDJM - Curierul Regional\",\"isPartOf\":{\"@id\":\"https:\\\/\\\/curierulsatelor.ro\\\/wp\\\/#website\"},\"primaryImageOfPage\":{\"@id\":\"https:\\\/\\\/curierulsatelor.ro\\\/wp\\\/2023\\\/05\\\/08\\\/mirel-manea-trompeta-fermecata-bella-ciao-si-remixul-anului-de-la-mcdjm\\\/#primaryimage\"},\"image\":{\"@id\":\"https:\\\/\\\/curierulsatelor.ro\\\/wp\\\/2023\\\/05\\\/08\\\/mirel-manea-trompeta-fermecata-bella-ciao-si-remixul-anului-de-la-mcdjm\\\/#primaryimage\"},\"thumbnailUrl\":\"https:\\\/\\\/curierulsatelor.ro\\\/wp\\\/wp-content\\\/uploads\\\/2023\\\/05\\\/Mirel-Manea-Marius-Honceriu-remix-Bella-Ciao.jpg\",\"datePublished\":\"2023-05-08T04:34:52+00:00\",\"breadcrumb\":{\"@id\":\"https:\\\/\\\/curierulsatelor.ro\\\/wp\\\/2023\\\/05\\\/08\\\/mirel-manea-trompeta-fermecata-bella-ciao-si-remixul-anului-de-la-mcdjm\\\/#breadcrumb\"},\"inLanguage\":\"ro-RO\",\"potentialAction\":[{\"@type\":\"ReadAction\",\"target\":[\"https:\\\/\\\/curierulsatelor.ro\\\/wp\\\/2023\\\/05\\\/08\\\/mirel-manea-trompeta-fermecata-bella-ciao-si-remixul-anului-de-la-mcdjm\\\/\"]}]},{\"@type\":\"ImageObject\",\"inLanguage\":\"ro-RO\",\"@id\":\"https:\\\/\\\/curierulsatelor.ro\\\/wp\\\/2023\\\/05\\\/08\\\/mirel-manea-trompeta-fermecata-bella-ciao-si-remixul-anului-de-la-mcdjm\\\/#primaryimage\",\"url\":\"https:\\\/\\\/curierulsatelor.ro\\\/wp\\\/wp-content\\\/uploads\\\/2023\\\/05\\\/Mirel-Manea-Marius-Honceriu-remix-Bella-Ciao.jpg\",\"contentUrl\":\"https:\\\/\\\/curierulsatelor.ro\\\/wp\\\/wp-content\\\/uploads\\\/2023\\\/05\\\/Mirel-Manea-Marius-Honceriu-remix-Bella-Ciao.jpg\",\"width\":693,\"height\":422},{\"@type\":\"BreadcrumbList\",\"@id\":\"https:\\\/\\\/curierulsatelor.ro\\\/wp\\\/2023\\\/05\\\/08\\\/mirel-manea-trompeta-fermecata-bella-ciao-si-remixul-anului-de-la-mcdjm\\\/#breadcrumb\",\"itemListElement\":[{\"@type\":\"ListItem\",\"position\":1,\"name\":\"Prima pagin\u0103\",\"item\":\"https:\\\/\\\/curierulsatelor.ro\\\/wp\\\/\"},{\"@type\":\"ListItem\",\"position\":2,\"name\":\"Mirel Manea, trompeta fermecat\u0103, Bella Ciao \u0219i remixul anului de la MCDJM\"}]},{\"@type\":\"WebSite\",\"@id\":\"https:\\\/\\\/curierulsatelor.ro\\\/wp\\\/#website\",\"url\":\"https:\\\/\\\/curierulsatelor.ro\\\/wp\\\/\",\"name\":\"Curierul Regional\",\"description\":\"\",\"publisher\":{\"@id\":\"https:\\\/\\\/curierulsatelor.ro\\\/wp\\\/#organization\"},\"potentialAction\":[{\"@type\":\"SearchAction\",\"target\":{\"@type\":\"EntryPoint\",\"urlTemplate\":\"https:\\\/\\\/curierulsatelor.ro\\\/wp\\\/?s={search_term_string}\"},\"query-input\":{\"@type\":\"PropertyValueSpecification\",\"valueRequired\":true,\"valueName\":\"search_term_string\"}}],\"inLanguage\":\"ro-RO\"},{\"@type\":\"Organization\",\"@id\":\"https:\\\/\\\/curierulsatelor.ro\\\/wp\\\/#organization\",\"name\":\"Curierul Regional\",\"url\":\"https:\\\/\\\/curierulsatelor.ro\\\/wp\\\/\",\"logo\":{\"@type\":\"ImageObject\",\"inLanguage\":\"ro-RO\",\"@id\":\"https:\\\/\\\/curierulsatelor.ro\\\/wp\\\/#\\\/schema\\\/logo\\\/image\\\/\",\"url\":\"https:\\\/\\\/curierulsatelor.ro\\\/wp\\\/wp-content\\\/uploads\\\/2020\\\/01\\\/Curierul-Regional-si-Curierul-satelor-logo-header.png\",\"contentUrl\":\"https:\\\/\\\/curierulsatelor.ro\\\/wp\\\/wp-content\\\/uploads\\\/2020\\\/01\\\/Curierul-Regional-si-Curierul-satelor-logo-header.png\",\"width\":2943,\"height\":685,\"caption\":\"Curierul Regional\"},\"image\":{\"@id\":\"https:\\\/\\\/curierulsatelor.ro\\\/wp\\\/#\\\/schema\\\/logo\\\/image\\\/\"}},{\"@type\":\"Person\",\"@id\":\"https:\\\/\\\/curierulsatelor.ro\\\/wp\\\/#\\\/schema\\\/person\\\/6f6b28a030e15d619a82894773d6e7b9\",\"name\":\"Marian Morosan\",\"image\":{\"@type\":\"ImageObject\",\"inLanguage\":\"ro-RO\",\"@id\":\"https:\\\/\\\/secure.gravatar.com\\\/avatar\\\/2e833cc9ab99e6bca46266d4ad9030d308346ff7ff0b6b955c29b74cafaf064b?s=96&d=mm&r=g\",\"url\":\"https:\\\/\\\/secure.gravatar.com\\\/avatar\\\/2e833cc9ab99e6bca46266d4ad9030d308346ff7ff0b6b955c29b74cafaf064b?s=96&d=mm&r=g\",\"contentUrl\":\"https:\\\/\\\/secure.gravatar.com\\\/avatar\\\/2e833cc9ab99e6bca46266d4ad9030d308346ff7ff0b6b955c29b74cafaf064b?s=96&d=mm&r=g\",\"caption\":\"Marian Morosan\"},\"description\":\"Copiilor no\u015ftri li se preg\u0103te\u015fte, incon\u015ftient, o lume de joben ciuruit, din care niciodat\u0103 nu iese iepura\u015ful. Doar panglicile politicilor sociale roase de moliile cu \u015ftaif din ultimele decenii. Suntem oropsi\u0163i, suntem dispera\u0163i, manipula\u0163i p\u00e2n\u0103 acolo \u00eenc\u00e2t ne bucur\u0103m s\u0103 fim masa de manevr\u0103 a unora \u015fi s\u0103 sus\u0163inem c\u0103 a\u015fa e normal. Acum \u00eel \u00een\u0163eleg pe Cioran, dar \u00eel \u00een\u0163eleg mai bine \u015fi pe Preda. \u015ei m\u0103 g\u00e2ndesc iar, cu groaz\u0103, la copilul meu. Cel pu\u0163in eu nu \u00eemi doresc s\u0103 \u015ftiu c\u0103 micu\u0163ul meu va fi singur, cu sufletul descul\u0163, prin jungla mileniului III ! https:\\\/\\\/curierulsatelor.ro\\\/wp\\\/2019\\\/10\\\/16\\\/cu-sufletul-descult-prin-jungla-mileniului-iii-editorial\\\/\",\"sameAs\":[\"http:\\\/\\\/admin\"],\"url\":\"https:\\\/\\\/curierulsatelor.ro\\\/wp\\\/author\\\/admin\\\/\"}]}<\/script>\n<!-- \/ Yoast SEO plugin. -->","yoast_head_json":{"title":"Mirel Manea, trompeta fermecat\u0103, Bella Ciao \u0219i remixul anului de la MCDJM - Curierul Regional","robots":{"index":"index","follow":"follow","max-snippet":"max-snippet:-1","max-image-preview":"max-image-preview:large","max-video-preview":"max-video-preview:-1"},"canonical":"https:\/\/curierulsatelor.ro\/wp\/2023\/05\/08\/mirel-manea-trompeta-fermecata-bella-ciao-si-remixul-anului-de-la-mcdjm\/","og_locale":"ro_RO","og_type":"article","og_title":"Mirel Manea, trompeta fermecat\u0103, Bella Ciao \u0219i remixul anului de la MCDJM - Curierul Regional","og_description":"Pe inenagalabilul Mirel Manea \u00eel \u0219tie universul. Acordurile trompetei sale au r\u0103sunat nu doar \u00een...","og_url":"https:\/\/curierulsatelor.ro\/wp\/2023\/05\/08\/mirel-manea-trompeta-fermecata-bella-ciao-si-remixul-anului-de-la-mcdjm\/","og_site_name":"Curierul Regional","article_published_time":"2023-05-08T04:34:52+00:00","og_image":[{"width":693,"height":422,"url":"https:\/\/curierulsatelor.ro\/wp\/wp-content\/uploads\/2023\/05\/Mirel-Manea-Marius-Honceriu-remix-Bella-Ciao.jpg","type":"image\/jpeg"}],"author":"Marian Morosan","twitter_card":"summary_large_image","twitter_misc":{"Scris de":"Marian Morosan","Timp estimat pentru citire":"1 minut"},"schema":{"@context":"https:\/\/schema.org","@graph":[{"@type":"Article","@id":"https:\/\/curierulsatelor.ro\/wp\/2023\/05\/08\/mirel-manea-trompeta-fermecata-bella-ciao-si-remixul-anului-de-la-mcdjm\/#article","isPartOf":{"@id":"https:\/\/curierulsatelor.ro\/wp\/2023\/05\/08\/mirel-manea-trompeta-fermecata-bella-ciao-si-remixul-anului-de-la-mcdjm\/"},"author":{"name":"Marian Morosan","@id":"https:\/\/curierulsatelor.ro\/wp\/#\/schema\/person\/6f6b28a030e15d619a82894773d6e7b9"},"headline":"Mirel Manea, trompeta fermecat\u0103, Bella Ciao \u0219i remixul anului de la MCDJM","datePublished":"2023-05-08T04:34:52+00:00","mainEntityOfPage":{"@id":"https:\/\/curierulsatelor.ro\/wp\/2023\/05\/08\/mirel-manea-trompeta-fermecata-bella-ciao-si-remixul-anului-de-la-mcdjm\/"},"wordCount":150,"commentCount":0,"publisher":{"@id":"https:\/\/curierulsatelor.ro\/wp\/#organization"},"image":{"@id":"https:\/\/curierulsatelor.ro\/wp\/2023\/05\/08\/mirel-manea-trompeta-fermecata-bella-ciao-si-remixul-anului-de-la-mcdjm\/#primaryimage"},"thumbnailUrl":"https:\/\/curierulsatelor.ro\/wp\/wp-content\/uploads\/2023\/05\/Mirel-Manea-Marius-Honceriu-remix-Bella-Ciao.jpg","articleSection":["Boto\u0219ani","Cultura","ShowBiz"],"inLanguage":"ro-RO","potentialAction":[{"@type":"CommentAction","name":"Comment","target":["https:\/\/curierulsatelor.ro\/wp\/2023\/05\/08\/mirel-manea-trompeta-fermecata-bella-ciao-si-remixul-anului-de-la-mcdjm\/#respond"]}]},{"@type":"WebPage","@id":"https:\/\/curierulsatelor.ro\/wp\/2023\/05\/08\/mirel-manea-trompeta-fermecata-bella-ciao-si-remixul-anului-de-la-mcdjm\/","url":"https:\/\/curierulsatelor.ro\/wp\/2023\/05\/08\/mirel-manea-trompeta-fermecata-bella-ciao-si-remixul-anului-de-la-mcdjm\/","name":"Mirel Manea, trompeta fermecat\u0103, Bella Ciao \u0219i remixul anului de la MCDJM - Curierul Regional","isPartOf":{"@id":"https:\/\/curierulsatelor.ro\/wp\/#website"},"primaryImageOfPage":{"@id":"https:\/\/curierulsatelor.ro\/wp\/2023\/05\/08\/mirel-manea-trompeta-fermecata-bella-ciao-si-remixul-anului-de-la-mcdjm\/#primaryimage"},"image":{"@id":"https:\/\/curierulsatelor.ro\/wp\/2023\/05\/08\/mirel-manea-trompeta-fermecata-bella-ciao-si-remixul-anului-de-la-mcdjm\/#primaryimage"},"thumbnailUrl":"https:\/\/curierulsatelor.ro\/wp\/wp-content\/uploads\/2023\/05\/Mirel-Manea-Marius-Honceriu-remix-Bella-Ciao.jpg","datePublished":"2023-05-08T04:34:52+00:00","breadcrumb":{"@id":"https:\/\/curierulsatelor.ro\/wp\/2023\/05\/08\/mirel-manea-trompeta-fermecata-bella-ciao-si-remixul-anului-de-la-mcdjm\/#breadcrumb"},"inLanguage":"ro-RO","potentialAction":[{"@type":"ReadAction","target":["https:\/\/curierulsatelor.ro\/wp\/2023\/05\/08\/mirel-manea-trompeta-fermecata-bella-ciao-si-remixul-anului-de-la-mcdjm\/"]}]},{"@type":"ImageObject","inLanguage":"ro-RO","@id":"https:\/\/curierulsatelor.ro\/wp\/2023\/05\/08\/mirel-manea-trompeta-fermecata-bella-ciao-si-remixul-anului-de-la-mcdjm\/#primaryimage","url":"https:\/\/curierulsatelor.ro\/wp\/wp-content\/uploads\/2023\/05\/Mirel-Manea-Marius-Honceriu-remix-Bella-Ciao.jpg","contentUrl":"https:\/\/curierulsatelor.ro\/wp\/wp-content\/uploads\/2023\/05\/Mirel-Manea-Marius-Honceriu-remix-Bella-Ciao.jpg","width":693,"height":422},{"@type":"BreadcrumbList","@id":"https:\/\/curierulsatelor.ro\/wp\/2023\/05\/08\/mirel-manea-trompeta-fermecata-bella-ciao-si-remixul-anului-de-la-mcdjm\/#breadcrumb","itemListElement":[{"@type":"ListItem","position":1,"name":"Prima pagin\u0103","item":"https:\/\/curierulsatelor.ro\/wp\/"},{"@type":"ListItem","position":2,"name":"Mirel Manea, trompeta fermecat\u0103, Bella Ciao \u0219i remixul anului de la MCDJM"}]},{"@type":"WebSite","@id":"https:\/\/curierulsatelor.ro\/wp\/#website","url":"https:\/\/curierulsatelor.ro\/wp\/","name":"Curierul Regional","description":"","publisher":{"@id":"https:\/\/curierulsatelor.ro\/wp\/#organization"},"potentialAction":[{"@type":"SearchAction","target":{"@type":"EntryPoint","urlTemplate":"https:\/\/curierulsatelor.ro\/wp\/?s={search_term_string}"},"query-input":{"@type":"PropertyValueSpecification","valueRequired":true,"valueName":"search_term_string"}}],"inLanguage":"ro-RO"},{"@type":"Organization","@id":"https:\/\/curierulsatelor.ro\/wp\/#organization","name":"Curierul Regional","url":"https:\/\/curierulsatelor.ro\/wp\/","logo":{"@type":"ImageObject","inLanguage":"ro-RO","@id":"https:\/\/curierulsatelor.ro\/wp\/#\/schema\/logo\/image\/","url":"https:\/\/curierulsatelor.ro\/wp\/wp-content\/uploads\/2020\/01\/Curierul-Regional-si-Curierul-satelor-logo-header.png","contentUrl":"https:\/\/curierulsatelor.ro\/wp\/wp-content\/uploads\/2020\/01\/Curierul-Regional-si-Curierul-satelor-logo-header.png","width":2943,"height":685,"caption":"Curierul Regional"},"image":{"@id":"https:\/\/curierulsatelor.ro\/wp\/#\/schema\/logo\/image\/"}},{"@type":"Person","@id":"https:\/\/curierulsatelor.ro\/wp\/#\/schema\/person\/6f6b28a030e15d619a82894773d6e7b9","name":"Marian Morosan","image":{"@type":"ImageObject","inLanguage":"ro-RO","@id":"https:\/\/secure.gravatar.com\/avatar\/2e833cc9ab99e6bca46266d4ad9030d308346ff7ff0b6b955c29b74cafaf064b?s=96&d=mm&r=g","url":"https:\/\/secure.gravatar.com\/avatar\/2e833cc9ab99e6bca46266d4ad9030d308346ff7ff0b6b955c29b74cafaf064b?s=96&d=mm&r=g","contentUrl":"https:\/\/secure.gravatar.com\/avatar\/2e833cc9ab99e6bca46266d4ad9030d308346ff7ff0b6b955c29b74cafaf064b?s=96&d=mm&r=g","caption":"Marian Morosan"},"description":"Copiilor no\u015ftri li se preg\u0103te\u015fte, incon\u015ftient, o lume de joben ciuruit, din care niciodat\u0103 nu iese iepura\u015ful. Doar panglicile politicilor sociale roase de moliile cu \u015ftaif din ultimele decenii. Suntem oropsi\u0163i, suntem dispera\u0163i, manipula\u0163i p\u00e2n\u0103 acolo \u00eenc\u00e2t ne bucur\u0103m s\u0103 fim masa de manevr\u0103 a unora \u015fi s\u0103 sus\u0163inem c\u0103 a\u015fa e normal. Acum \u00eel \u00een\u0163eleg pe Cioran, dar \u00eel \u00een\u0163eleg mai bine \u015fi pe Preda. \u015ei m\u0103 g\u00e2ndesc iar, cu groaz\u0103, la copilul meu. Cel pu\u0163in eu nu \u00eemi doresc s\u0103 \u015ftiu c\u0103 micu\u0163ul meu va fi singur, cu sufletul descul\u0163, prin jungla mileniului III ! https:\/\/curierulsatelor.ro\/wp\/2019\/10\/16\/cu-sufletul-descult-prin-jungla-mileniului-iii-editorial\/","sameAs":["http:\/\/admin"],"url":"https:\/\/curierulsatelor.ro\/wp\/author\/admin\/"}]}},"_links":{"self":[{"href":"https:\/\/curierulsatelor.ro\/wp\/wp-json\/wp\/v2\/posts\/10130","targetHints":{"allow":["GET"]}}],"collection":[{"href":"https:\/\/curierulsatelor.ro\/wp\/wp-json\/wp\/v2\/posts"}],"about":[{"href":"https:\/\/curierulsatelor.ro\/wp\/wp-json\/wp\/v2\/types\/post"}],"author":[{"embeddable":true,"href":"https:\/\/curierulsatelor.ro\/wp\/wp-json\/wp\/v2\/users\/1"}],"replies":[{"embeddable":true,"href":"https:\/\/curierulsatelor.ro\/wp\/wp-json\/wp\/v2\/comments?post=10130"}],"version-history":[{"count":1,"href":"https:\/\/curierulsatelor.ro\/wp\/wp-json\/wp\/v2\/posts\/10130\/revisions"}],"predecessor-version":[{"id":10132,"href":"https:\/\/curierulsatelor.ro\/wp\/wp-json\/wp\/v2\/posts\/10130\/revisions\/10132"}],"wp:featuredmedia":[{"embeddable":true,"href":"https:\/\/curierulsatelor.ro\/wp\/wp-json\/wp\/v2\/media\/10131"}],"wp:attachment":[{"href":"https:\/\/curierulsatelor.ro\/wp\/wp-json\/wp\/v2\/media?parent=10130"}],"wp:term":[{"taxonomy":"category","embeddable":true,"href":"https:\/\/curierulsatelor.ro\/wp\/wp-json\/wp\/v2\/categories?post=10130"},{"taxonomy":"post_tag","embeddable":true,"href":"https:\/\/curierulsatelor.ro\/wp\/wp-json\/wp\/v2\/tags?post=10130"}],"curies":[{"name":"wp","href":"https:\/\/api.w.org\/{rel}","templated":true}]}}