{"id":11036,"date":"2023-09-24T11:25:11","date_gmt":"2023-09-24T09:25:11","guid":{"rendered":"https:\/\/curierulsatelor.ro\/wp\/?p=11036"},"modified":"2023-09-24T11:25:13","modified_gmt":"2023-09-24T09:25:13","slug":"deputatul-slincu-prezent-la-sarbatoarea-seminarului-teologic-din-dorohoi-100-de-ani-de-la-infiintare","status":"publish","type":"post","link":"https:\/\/curierulsatelor.ro\/wp\/2023\/09\/24\/deputatul-slincu-prezent-la-sarbatoarea-seminarului-teologic-din-dorohoi-100-de-ani-de-la-infiintare\/","title":{"rendered":"Deputatul \u0218lincu prezent la s\u0103rb\u0103toarea Seminarului Teologic din Dorohoi &#8211; 100 de ani de la \u00eenfiin\u021bare"},"content":{"rendered":"\n<p>A\u0219a cum s-au obi\u0219nuit boto\u0219\u0103nenii, deputatul Dan Constantin \u0218lincu nu se limiteaz\u0103 de a semna prezen\u021ba \u00een Parlament sau la a transmite comunicate din biroul parlamentar. Preocupat realmente de viitorul boto\u0219\u0103nenilor, deputatul \u0218lincu este adesea v\u0103zut \u00een comunit\u0103\u021bile locale, implicat \u00een activit\u0103\u021bi sociale, culturale, economice \u0219i administrative.<\/p>\n\n\n\n<p>Zilele trecute a participat la aniversarea a 100 de ani de la \u00eenfiin\u021barea Seminarului Teologic din Dorohoi. <\/p>\n\n\n\n<figure class=\"wp-block-image alignright size-large is-resized\"><img fetchpriority=\"high\" decoding=\"async\" src=\"https:\/\/curierulsatelor.ro\/wp\/wp-content\/uploads\/2023\/09\/Dan-Slincu-seminarul-dorohoi-2-1024x681.jpg\" alt=\"\" class=\"wp-image-11037\" style=\"width:529px;height:352px\" width=\"529\" height=\"352\" srcset=\"https:\/\/curierulsatelor.ro\/wp\/wp-content\/uploads\/2023\/09\/Dan-Slincu-seminarul-dorohoi-2-1024x681.jpg 1024w, https:\/\/curierulsatelor.ro\/wp\/wp-content\/uploads\/2023\/09\/Dan-Slincu-seminarul-dorohoi-2-300x200.jpg 300w, https:\/\/curierulsatelor.ro\/wp\/wp-content\/uploads\/2023\/09\/Dan-Slincu-seminarul-dorohoi-2-768x511.jpg 768w, https:\/\/curierulsatelor.ro\/wp\/wp-content\/uploads\/2023\/09\/Dan-Slincu-seminarul-dorohoi-2-1536x1021.jpg 1536w, https:\/\/curierulsatelor.ro\/wp\/wp-content\/uploads\/2023\/09\/Dan-Slincu-seminarul-dorohoi-2.jpg 1600w\" sizes=\"(max-width: 529px) 100vw, 529px\" \/><\/figure>\n\n\n\n<p>\u201dLa invita\u021bia p\u0103rintelui George Chichioac\u0103, director al Seminarului Teologic Liceal Ortodox &#8222;Sf\u00e2ntul Ioan Iacob&#8221; din Dorohoi, am avut privilegiul de a participa la un moment de s\u0103rb\u0103toare organizat \u00een incinta acestei \u0219coli care a aniversat 100 de ani de la \u00eenfiin\u021bare \u0219i 30 de ani de la re\u00eenfiin\u021bare. Cu aceast\u0103 ocazie, \u00cenaltpreasfin\u021bitul P\u0103rinte Teofan, Mitropolitul Moldovei \u0219i Bucovinei, Preasfin\u021bitul Varlaam Ploie\u0219teanul, Episcop-vicar patriarhal \u0219i mul\u021bi preo\u021bi \u0219i diaconi au s\u0103v\u00e2r\u0219it slujba de sfin\u021bire a Paraclisului Seminarului \u0219i Sf\u00e2nta Liturghie Arhiereasc\u0103. Au fost momente emo\u021bionante la care au participat mai mul\u021bi dorohoieni, domnul Dorin Alexandrescu, primarul municipiului Dorohoi, oameni cu suflet mare care \u00een decursul timpului l-au sprijinit pe p\u0103rintele director s\u0103 realizeze lucr\u0103rile existente \u0219i s\u0103 duc\u0103 la \u00eendeplinire visul p\u0103rintelui nostru de suflet, p\u0103rintele Constantin Muha\u201d, a precizat Dan Constantin \u0218lincu, deputat PSD. <\/p>\n","protected":false},"excerpt":{"rendered":"<p>A\u0219a cum s-au obi\u0219nuit boto\u0219\u0103nenii, deputatul Dan Constantin \u0218lincu nu se limiteaz\u0103 de a semna&#8230;<\/p>\n","protected":false},"author":1,"featured_media":11038,"comment_status":"open","ping_status":"open","sticky":false,"template":"","format":"standard","meta":{"footnotes":""},"categories":[11],"tags":[],"class_list":["post-11036","post","type-post","status-publish","format-standard","has-post-thumbnail","hentry","category-stiri"],"yoast_head":"<!-- This site is optimized with the Yoast SEO plugin v27.4 - https:\/\/yoast.com\/product\/yoast-seo-wordpress\/ -->\n<title>Deputatul \u0218lincu prezent la s\u0103rb\u0103toarea Seminarului Teologic din Dorohoi - 100 de ani de la \u00eenfiin\u021bare - Curierul Regional<\/title>\n<meta name=\"robots\" content=\"index, follow, max-snippet:-1, max-image-preview:large, max-video-preview:-1\" \/>\n<link rel=\"canonical\" href=\"https:\/\/curierulsatelor.ro\/wp\/2023\/09\/24\/deputatul-slincu-prezent-la-sarbatoarea-seminarului-teologic-din-dorohoi-100-de-ani-de-la-infiintare\/\" \/>\n<meta property=\"og:locale\" content=\"ro_RO\" \/>\n<meta property=\"og:type\" content=\"article\" \/>\n<meta property=\"og:title\" content=\"Deputatul \u0218lincu prezent la s\u0103rb\u0103toarea Seminarului Teologic din Dorohoi - 100 de ani de la \u00eenfiin\u021bare - Curierul Regional\" \/>\n<meta property=\"og:description\" content=\"A\u0219a cum s-au obi\u0219nuit boto\u0219\u0103nenii, deputatul Dan Constantin \u0218lincu nu se limiteaz\u0103 de a semna...\" \/>\n<meta property=\"og:url\" content=\"https:\/\/curierulsatelor.ro\/wp\/2023\/09\/24\/deputatul-slincu-prezent-la-sarbatoarea-seminarului-teologic-din-dorohoi-100-de-ani-de-la-infiintare\/\" \/>\n<meta property=\"og:site_name\" content=\"Curierul Regional\" \/>\n<meta property=\"article:published_time\" content=\"2023-09-24T09:25:11+00:00\" \/>\n<meta property=\"article:modified_time\" content=\"2023-09-24T09:25:13+00:00\" \/>\n<meta property=\"og:image\" content=\"https:\/\/curierulsatelor.ro\/wp\/wp-content\/uploads\/2023\/09\/Dan-Slincu-seminarul-dorohoi-1.jpg\" \/>\n\t<meta property=\"og:image:width\" content=\"1509\" \/>\n\t<meta property=\"og:image:height\" content=\"865\" \/>\n\t<meta property=\"og:image:type\" content=\"image\/jpeg\" \/>\n<meta name=\"author\" content=\"Marian Morosan\" \/>\n<meta name=\"twitter:card\" content=\"summary_large_image\" \/>\n<meta name=\"twitter:label1\" content=\"Scris de\" \/>\n\t<meta name=\"twitter:data1\" content=\"Marian Morosan\" \/>\n\t<meta name=\"twitter:label2\" content=\"Timp estimat pentru citire\" \/>\n\t<meta name=\"twitter:data2\" content=\"2 minute\" \/>\n<script type=\"application\/ld+json\" class=\"yoast-schema-graph\">{\"@context\":\"https:\\\/\\\/schema.org\",\"@graph\":[{\"@type\":\"Article\",\"@id\":\"https:\\\/\\\/curierulsatelor.ro\\\/wp\\\/2023\\\/09\\\/24\\\/deputatul-slincu-prezent-la-sarbatoarea-seminarului-teologic-din-dorohoi-100-de-ani-de-la-infiintare\\\/#article\",\"isPartOf\":{\"@id\":\"https:\\\/\\\/curierulsatelor.ro\\\/wp\\\/2023\\\/09\\\/24\\\/deputatul-slincu-prezent-la-sarbatoarea-seminarului-teologic-din-dorohoi-100-de-ani-de-la-infiintare\\\/\"},\"author\":{\"name\":\"Marian Morosan\",\"@id\":\"https:\\\/\\\/curierulsatelor.ro\\\/wp\\\/#\\\/schema\\\/person\\\/6f6b28a030e15d619a82894773d6e7b9\"},\"headline\":\"Deputatul \u0218lincu prezent la s\u0103rb\u0103toarea Seminarului Teologic din Dorohoi &#8211; 100 de ani de la \u00eenfiin\u021bare\",\"datePublished\":\"2023-09-24T09:25:11+00:00\",\"dateModified\":\"2023-09-24T09:25:13+00:00\",\"mainEntityOfPage\":{\"@id\":\"https:\\\/\\\/curierulsatelor.ro\\\/wp\\\/2023\\\/09\\\/24\\\/deputatul-slincu-prezent-la-sarbatoarea-seminarului-teologic-din-dorohoi-100-de-ani-de-la-infiintare\\\/\"},\"wordCount\":247,\"commentCount\":0,\"publisher\":{\"@id\":\"https:\\\/\\\/curierulsatelor.ro\\\/wp\\\/#organization\"},\"image\":{\"@id\":\"https:\\\/\\\/curierulsatelor.ro\\\/wp\\\/2023\\\/09\\\/24\\\/deputatul-slincu-prezent-la-sarbatoarea-seminarului-teologic-din-dorohoi-100-de-ani-de-la-infiintare\\\/#primaryimage\"},\"thumbnailUrl\":\"https:\\\/\\\/curierulsatelor.ro\\\/wp\\\/wp-content\\\/uploads\\\/2023\\\/09\\\/Dan-Slincu-seminarul-dorohoi-1.jpg\",\"articleSection\":[\"Stiri\"],\"inLanguage\":\"ro-RO\",\"potentialAction\":[{\"@type\":\"CommentAction\",\"name\":\"Comment\",\"target\":[\"https:\\\/\\\/curierulsatelor.ro\\\/wp\\\/2023\\\/09\\\/24\\\/deputatul-slincu-prezent-la-sarbatoarea-seminarului-teologic-din-dorohoi-100-de-ani-de-la-infiintare\\\/#respond\"]}]},{\"@type\":\"WebPage\",\"@id\":\"https:\\\/\\\/curierulsatelor.ro\\\/wp\\\/2023\\\/09\\\/24\\\/deputatul-slincu-prezent-la-sarbatoarea-seminarului-teologic-din-dorohoi-100-de-ani-de-la-infiintare\\\/\",\"url\":\"https:\\\/\\\/curierulsatelor.ro\\\/wp\\\/2023\\\/09\\\/24\\\/deputatul-slincu-prezent-la-sarbatoarea-seminarului-teologic-din-dorohoi-100-de-ani-de-la-infiintare\\\/\",\"name\":\"Deputatul \u0218lincu prezent la s\u0103rb\u0103toarea Seminarului Teologic din Dorohoi - 100 de ani de la \u00eenfiin\u021bare - Curierul Regional\",\"isPartOf\":{\"@id\":\"https:\\\/\\\/curierulsatelor.ro\\\/wp\\\/#website\"},\"primaryImageOfPage\":{\"@id\":\"https:\\\/\\\/curierulsatelor.ro\\\/wp\\\/2023\\\/09\\\/24\\\/deputatul-slincu-prezent-la-sarbatoarea-seminarului-teologic-din-dorohoi-100-de-ani-de-la-infiintare\\\/#primaryimage\"},\"image\":{\"@id\":\"https:\\\/\\\/curierulsatelor.ro\\\/wp\\\/2023\\\/09\\\/24\\\/deputatul-slincu-prezent-la-sarbatoarea-seminarului-teologic-din-dorohoi-100-de-ani-de-la-infiintare\\\/#primaryimage\"},\"thumbnailUrl\":\"https:\\\/\\\/curierulsatelor.ro\\\/wp\\\/wp-content\\\/uploads\\\/2023\\\/09\\\/Dan-Slincu-seminarul-dorohoi-1.jpg\",\"datePublished\":\"2023-09-24T09:25:11+00:00\",\"dateModified\":\"2023-09-24T09:25:13+00:00\",\"breadcrumb\":{\"@id\":\"https:\\\/\\\/curierulsatelor.ro\\\/wp\\\/2023\\\/09\\\/24\\\/deputatul-slincu-prezent-la-sarbatoarea-seminarului-teologic-din-dorohoi-100-de-ani-de-la-infiintare\\\/#breadcrumb\"},\"inLanguage\":\"ro-RO\",\"potentialAction\":[{\"@type\":\"ReadAction\",\"target\":[\"https:\\\/\\\/curierulsatelor.ro\\\/wp\\\/2023\\\/09\\\/24\\\/deputatul-slincu-prezent-la-sarbatoarea-seminarului-teologic-din-dorohoi-100-de-ani-de-la-infiintare\\\/\"]}]},{\"@type\":\"ImageObject\",\"inLanguage\":\"ro-RO\",\"@id\":\"https:\\\/\\\/curierulsatelor.ro\\\/wp\\\/2023\\\/09\\\/24\\\/deputatul-slincu-prezent-la-sarbatoarea-seminarului-teologic-din-dorohoi-100-de-ani-de-la-infiintare\\\/#primaryimage\",\"url\":\"https:\\\/\\\/curierulsatelor.ro\\\/wp\\\/wp-content\\\/uploads\\\/2023\\\/09\\\/Dan-Slincu-seminarul-dorohoi-1.jpg\",\"contentUrl\":\"https:\\\/\\\/curierulsatelor.ro\\\/wp\\\/wp-content\\\/uploads\\\/2023\\\/09\\\/Dan-Slincu-seminarul-dorohoi-1.jpg\",\"width\":1509,\"height\":865},{\"@type\":\"BreadcrumbList\",\"@id\":\"https:\\\/\\\/curierulsatelor.ro\\\/wp\\\/2023\\\/09\\\/24\\\/deputatul-slincu-prezent-la-sarbatoarea-seminarului-teologic-din-dorohoi-100-de-ani-de-la-infiintare\\\/#breadcrumb\",\"itemListElement\":[{\"@type\":\"ListItem\",\"position\":1,\"name\":\"Prima pagin\u0103\",\"item\":\"https:\\\/\\\/curierulsatelor.ro\\\/wp\\\/\"},{\"@type\":\"ListItem\",\"position\":2,\"name\":\"Deputatul \u0218lincu prezent la s\u0103rb\u0103toarea Seminarului Teologic din Dorohoi &#8211; 100 de ani de la \u00eenfiin\u021bare\"}]},{\"@type\":\"WebSite\",\"@id\":\"https:\\\/\\\/curierulsatelor.ro\\\/wp\\\/#website\",\"url\":\"https:\\\/\\\/curierulsatelor.ro\\\/wp\\\/\",\"name\":\"Curierul Regional\",\"description\":\"\",\"publisher\":{\"@id\":\"https:\\\/\\\/curierulsatelor.ro\\\/wp\\\/#organization\"},\"potentialAction\":[{\"@type\":\"SearchAction\",\"target\":{\"@type\":\"EntryPoint\",\"urlTemplate\":\"https:\\\/\\\/curierulsatelor.ro\\\/wp\\\/?s={search_term_string}\"},\"query-input\":{\"@type\":\"PropertyValueSpecification\",\"valueRequired\":true,\"valueName\":\"search_term_string\"}}],\"inLanguage\":\"ro-RO\"},{\"@type\":\"Organization\",\"@id\":\"https:\\\/\\\/curierulsatelor.ro\\\/wp\\\/#organization\",\"name\":\"Curierul Regional\",\"url\":\"https:\\\/\\\/curierulsatelor.ro\\\/wp\\\/\",\"logo\":{\"@type\":\"ImageObject\",\"inLanguage\":\"ro-RO\",\"@id\":\"https:\\\/\\\/curierulsatelor.ro\\\/wp\\\/#\\\/schema\\\/logo\\\/image\\\/\",\"url\":\"https:\\\/\\\/curierulsatelor.ro\\\/wp\\\/wp-content\\\/uploads\\\/2020\\\/01\\\/Curierul-Regional-si-Curierul-satelor-logo-header.png\",\"contentUrl\":\"https:\\\/\\\/curierulsatelor.ro\\\/wp\\\/wp-content\\\/uploads\\\/2020\\\/01\\\/Curierul-Regional-si-Curierul-satelor-logo-header.png\",\"width\":2943,\"height\":685,\"caption\":\"Curierul Regional\"},\"image\":{\"@id\":\"https:\\\/\\\/curierulsatelor.ro\\\/wp\\\/#\\\/schema\\\/logo\\\/image\\\/\"}},{\"@type\":\"Person\",\"@id\":\"https:\\\/\\\/curierulsatelor.ro\\\/wp\\\/#\\\/schema\\\/person\\\/6f6b28a030e15d619a82894773d6e7b9\",\"name\":\"Marian Morosan\",\"image\":{\"@type\":\"ImageObject\",\"inLanguage\":\"ro-RO\",\"@id\":\"https:\\\/\\\/secure.gravatar.com\\\/avatar\\\/2e833cc9ab99e6bca46266d4ad9030d308346ff7ff0b6b955c29b74cafaf064b?s=96&d=mm&r=g\",\"url\":\"https:\\\/\\\/secure.gravatar.com\\\/avatar\\\/2e833cc9ab99e6bca46266d4ad9030d308346ff7ff0b6b955c29b74cafaf064b?s=96&d=mm&r=g\",\"contentUrl\":\"https:\\\/\\\/secure.gravatar.com\\\/avatar\\\/2e833cc9ab99e6bca46266d4ad9030d308346ff7ff0b6b955c29b74cafaf064b?s=96&d=mm&r=g\",\"caption\":\"Marian Morosan\"},\"description\":\"Copiilor no\u015ftri li se preg\u0103te\u015fte, incon\u015ftient, o lume de joben ciuruit, din care niciodat\u0103 nu iese iepura\u015ful. Doar panglicile politicilor sociale roase de moliile cu \u015ftaif din ultimele decenii. Suntem oropsi\u0163i, suntem dispera\u0163i, manipula\u0163i p\u00e2n\u0103 acolo \u00eenc\u00e2t ne bucur\u0103m s\u0103 fim masa de manevr\u0103 a unora \u015fi s\u0103 sus\u0163inem c\u0103 a\u015fa e normal. Acum \u00eel \u00een\u0163eleg pe Cioran, dar \u00eel \u00een\u0163eleg mai bine \u015fi pe Preda. \u015ei m\u0103 g\u00e2ndesc iar, cu groaz\u0103, la copilul meu. Cel pu\u0163in eu nu \u00eemi doresc s\u0103 \u015ftiu c\u0103 micu\u0163ul meu va fi singur, cu sufletul descul\u0163, prin jungla mileniului III ! https:\\\/\\\/curierulsatelor.ro\\\/wp\\\/2019\\\/10\\\/16\\\/cu-sufletul-descult-prin-jungla-mileniului-iii-editorial\\\/\",\"sameAs\":[\"http:\\\/\\\/admin\"],\"url\":\"https:\\\/\\\/curierulsatelor.ro\\\/wp\\\/author\\\/admin\\\/\"}]}<\/script>\n<!-- \/ Yoast SEO plugin. -->","yoast_head_json":{"title":"Deputatul \u0218lincu prezent la s\u0103rb\u0103toarea Seminarului Teologic din Dorohoi - 100 de ani de la \u00eenfiin\u021bare - Curierul Regional","robots":{"index":"index","follow":"follow","max-snippet":"max-snippet:-1","max-image-preview":"max-image-preview:large","max-video-preview":"max-video-preview:-1"},"canonical":"https:\/\/curierulsatelor.ro\/wp\/2023\/09\/24\/deputatul-slincu-prezent-la-sarbatoarea-seminarului-teologic-din-dorohoi-100-de-ani-de-la-infiintare\/","og_locale":"ro_RO","og_type":"article","og_title":"Deputatul \u0218lincu prezent la s\u0103rb\u0103toarea Seminarului Teologic din Dorohoi - 100 de ani de la \u00eenfiin\u021bare - Curierul Regional","og_description":"A\u0219a cum s-au obi\u0219nuit boto\u0219\u0103nenii, deputatul Dan Constantin \u0218lincu nu se limiteaz\u0103 de a semna...","og_url":"https:\/\/curierulsatelor.ro\/wp\/2023\/09\/24\/deputatul-slincu-prezent-la-sarbatoarea-seminarului-teologic-din-dorohoi-100-de-ani-de-la-infiintare\/","og_site_name":"Curierul Regional","article_published_time":"2023-09-24T09:25:11+00:00","article_modified_time":"2023-09-24T09:25:13+00:00","og_image":[{"width":1509,"height":865,"url":"https:\/\/curierulsatelor.ro\/wp\/wp-content\/uploads\/2023\/09\/Dan-Slincu-seminarul-dorohoi-1.jpg","type":"image\/jpeg"}],"author":"Marian Morosan","twitter_card":"summary_large_image","twitter_misc":{"Scris de":"Marian Morosan","Timp estimat pentru citire":"2 minute"},"schema":{"@context":"https:\/\/schema.org","@graph":[{"@type":"Article","@id":"https:\/\/curierulsatelor.ro\/wp\/2023\/09\/24\/deputatul-slincu-prezent-la-sarbatoarea-seminarului-teologic-din-dorohoi-100-de-ani-de-la-infiintare\/#article","isPartOf":{"@id":"https:\/\/curierulsatelor.ro\/wp\/2023\/09\/24\/deputatul-slincu-prezent-la-sarbatoarea-seminarului-teologic-din-dorohoi-100-de-ani-de-la-infiintare\/"},"author":{"name":"Marian Morosan","@id":"https:\/\/curierulsatelor.ro\/wp\/#\/schema\/person\/6f6b28a030e15d619a82894773d6e7b9"},"headline":"Deputatul \u0218lincu prezent la s\u0103rb\u0103toarea Seminarului Teologic din Dorohoi &#8211; 100 de ani de la \u00eenfiin\u021bare","datePublished":"2023-09-24T09:25:11+00:00","dateModified":"2023-09-24T09:25:13+00:00","mainEntityOfPage":{"@id":"https:\/\/curierulsatelor.ro\/wp\/2023\/09\/24\/deputatul-slincu-prezent-la-sarbatoarea-seminarului-teologic-din-dorohoi-100-de-ani-de-la-infiintare\/"},"wordCount":247,"commentCount":0,"publisher":{"@id":"https:\/\/curierulsatelor.ro\/wp\/#organization"},"image":{"@id":"https:\/\/curierulsatelor.ro\/wp\/2023\/09\/24\/deputatul-slincu-prezent-la-sarbatoarea-seminarului-teologic-din-dorohoi-100-de-ani-de-la-infiintare\/#primaryimage"},"thumbnailUrl":"https:\/\/curierulsatelor.ro\/wp\/wp-content\/uploads\/2023\/09\/Dan-Slincu-seminarul-dorohoi-1.jpg","articleSection":["Stiri"],"inLanguage":"ro-RO","potentialAction":[{"@type":"CommentAction","name":"Comment","target":["https:\/\/curierulsatelor.ro\/wp\/2023\/09\/24\/deputatul-slincu-prezent-la-sarbatoarea-seminarului-teologic-din-dorohoi-100-de-ani-de-la-infiintare\/#respond"]}]},{"@type":"WebPage","@id":"https:\/\/curierulsatelor.ro\/wp\/2023\/09\/24\/deputatul-slincu-prezent-la-sarbatoarea-seminarului-teologic-din-dorohoi-100-de-ani-de-la-infiintare\/","url":"https:\/\/curierulsatelor.ro\/wp\/2023\/09\/24\/deputatul-slincu-prezent-la-sarbatoarea-seminarului-teologic-din-dorohoi-100-de-ani-de-la-infiintare\/","name":"Deputatul \u0218lincu prezent la s\u0103rb\u0103toarea Seminarului Teologic din Dorohoi - 100 de ani de la \u00eenfiin\u021bare - Curierul Regional","isPartOf":{"@id":"https:\/\/curierulsatelor.ro\/wp\/#website"},"primaryImageOfPage":{"@id":"https:\/\/curierulsatelor.ro\/wp\/2023\/09\/24\/deputatul-slincu-prezent-la-sarbatoarea-seminarului-teologic-din-dorohoi-100-de-ani-de-la-infiintare\/#primaryimage"},"image":{"@id":"https:\/\/curierulsatelor.ro\/wp\/2023\/09\/24\/deputatul-slincu-prezent-la-sarbatoarea-seminarului-teologic-din-dorohoi-100-de-ani-de-la-infiintare\/#primaryimage"},"thumbnailUrl":"https:\/\/curierulsatelor.ro\/wp\/wp-content\/uploads\/2023\/09\/Dan-Slincu-seminarul-dorohoi-1.jpg","datePublished":"2023-09-24T09:25:11+00:00","dateModified":"2023-09-24T09:25:13+00:00","breadcrumb":{"@id":"https:\/\/curierulsatelor.ro\/wp\/2023\/09\/24\/deputatul-slincu-prezent-la-sarbatoarea-seminarului-teologic-din-dorohoi-100-de-ani-de-la-infiintare\/#breadcrumb"},"inLanguage":"ro-RO","potentialAction":[{"@type":"ReadAction","target":["https:\/\/curierulsatelor.ro\/wp\/2023\/09\/24\/deputatul-slincu-prezent-la-sarbatoarea-seminarului-teologic-din-dorohoi-100-de-ani-de-la-infiintare\/"]}]},{"@type":"ImageObject","inLanguage":"ro-RO","@id":"https:\/\/curierulsatelor.ro\/wp\/2023\/09\/24\/deputatul-slincu-prezent-la-sarbatoarea-seminarului-teologic-din-dorohoi-100-de-ani-de-la-infiintare\/#primaryimage","url":"https:\/\/curierulsatelor.ro\/wp\/wp-content\/uploads\/2023\/09\/Dan-Slincu-seminarul-dorohoi-1.jpg","contentUrl":"https:\/\/curierulsatelor.ro\/wp\/wp-content\/uploads\/2023\/09\/Dan-Slincu-seminarul-dorohoi-1.jpg","width":1509,"height":865},{"@type":"BreadcrumbList","@id":"https:\/\/curierulsatelor.ro\/wp\/2023\/09\/24\/deputatul-slincu-prezent-la-sarbatoarea-seminarului-teologic-din-dorohoi-100-de-ani-de-la-infiintare\/#breadcrumb","itemListElement":[{"@type":"ListItem","position":1,"name":"Prima pagin\u0103","item":"https:\/\/curierulsatelor.ro\/wp\/"},{"@type":"ListItem","position":2,"name":"Deputatul \u0218lincu prezent la s\u0103rb\u0103toarea Seminarului Teologic din Dorohoi &#8211; 100 de ani de la \u00eenfiin\u021bare"}]},{"@type":"WebSite","@id":"https:\/\/curierulsatelor.ro\/wp\/#website","url":"https:\/\/curierulsatelor.ro\/wp\/","name":"Curierul Regional","description":"","publisher":{"@id":"https:\/\/curierulsatelor.ro\/wp\/#organization"},"potentialAction":[{"@type":"SearchAction","target":{"@type":"EntryPoint","urlTemplate":"https:\/\/curierulsatelor.ro\/wp\/?s={search_term_string}"},"query-input":{"@type":"PropertyValueSpecification","valueRequired":true,"valueName":"search_term_string"}}],"inLanguage":"ro-RO"},{"@type":"Organization","@id":"https:\/\/curierulsatelor.ro\/wp\/#organization","name":"Curierul Regional","url":"https:\/\/curierulsatelor.ro\/wp\/","logo":{"@type":"ImageObject","inLanguage":"ro-RO","@id":"https:\/\/curierulsatelor.ro\/wp\/#\/schema\/logo\/image\/","url":"https:\/\/curierulsatelor.ro\/wp\/wp-content\/uploads\/2020\/01\/Curierul-Regional-si-Curierul-satelor-logo-header.png","contentUrl":"https:\/\/curierulsatelor.ro\/wp\/wp-content\/uploads\/2020\/01\/Curierul-Regional-si-Curierul-satelor-logo-header.png","width":2943,"height":685,"caption":"Curierul Regional"},"image":{"@id":"https:\/\/curierulsatelor.ro\/wp\/#\/schema\/logo\/image\/"}},{"@type":"Person","@id":"https:\/\/curierulsatelor.ro\/wp\/#\/schema\/person\/6f6b28a030e15d619a82894773d6e7b9","name":"Marian Morosan","image":{"@type":"ImageObject","inLanguage":"ro-RO","@id":"https:\/\/secure.gravatar.com\/avatar\/2e833cc9ab99e6bca46266d4ad9030d308346ff7ff0b6b955c29b74cafaf064b?s=96&d=mm&r=g","url":"https:\/\/secure.gravatar.com\/avatar\/2e833cc9ab99e6bca46266d4ad9030d308346ff7ff0b6b955c29b74cafaf064b?s=96&d=mm&r=g","contentUrl":"https:\/\/secure.gravatar.com\/avatar\/2e833cc9ab99e6bca46266d4ad9030d308346ff7ff0b6b955c29b74cafaf064b?s=96&d=mm&r=g","caption":"Marian Morosan"},"description":"Copiilor no\u015ftri li se preg\u0103te\u015fte, incon\u015ftient, o lume de joben ciuruit, din care niciodat\u0103 nu iese iepura\u015ful. Doar panglicile politicilor sociale roase de moliile cu \u015ftaif din ultimele decenii. Suntem oropsi\u0163i, suntem dispera\u0163i, manipula\u0163i p\u00e2n\u0103 acolo \u00eenc\u00e2t ne bucur\u0103m s\u0103 fim masa de manevr\u0103 a unora \u015fi s\u0103 sus\u0163inem c\u0103 a\u015fa e normal. Acum \u00eel \u00een\u0163eleg pe Cioran, dar \u00eel \u00een\u0163eleg mai bine \u015fi pe Preda. \u015ei m\u0103 g\u00e2ndesc iar, cu groaz\u0103, la copilul meu. Cel pu\u0163in eu nu \u00eemi doresc s\u0103 \u015ftiu c\u0103 micu\u0163ul meu va fi singur, cu sufletul descul\u0163, prin jungla mileniului III ! https:\/\/curierulsatelor.ro\/wp\/2019\/10\/16\/cu-sufletul-descult-prin-jungla-mileniului-iii-editorial\/","sameAs":["http:\/\/admin"],"url":"https:\/\/curierulsatelor.ro\/wp\/author\/admin\/"}]}},"_links":{"self":[{"href":"https:\/\/curierulsatelor.ro\/wp\/wp-json\/wp\/v2\/posts\/11036","targetHints":{"allow":["GET"]}}],"collection":[{"href":"https:\/\/curierulsatelor.ro\/wp\/wp-json\/wp\/v2\/posts"}],"about":[{"href":"https:\/\/curierulsatelor.ro\/wp\/wp-json\/wp\/v2\/types\/post"}],"author":[{"embeddable":true,"href":"https:\/\/curierulsatelor.ro\/wp\/wp-json\/wp\/v2\/users\/1"}],"replies":[{"embeddable":true,"href":"https:\/\/curierulsatelor.ro\/wp\/wp-json\/wp\/v2\/comments?post=11036"}],"version-history":[{"count":1,"href":"https:\/\/curierulsatelor.ro\/wp\/wp-json\/wp\/v2\/posts\/11036\/revisions"}],"predecessor-version":[{"id":11039,"href":"https:\/\/curierulsatelor.ro\/wp\/wp-json\/wp\/v2\/posts\/11036\/revisions\/11039"}],"wp:featuredmedia":[{"embeddable":true,"href":"https:\/\/curierulsatelor.ro\/wp\/wp-json\/wp\/v2\/media\/11038"}],"wp:attachment":[{"href":"https:\/\/curierulsatelor.ro\/wp\/wp-json\/wp\/v2\/media?parent=11036"}],"wp:term":[{"taxonomy":"category","embeddable":true,"href":"https:\/\/curierulsatelor.ro\/wp\/wp-json\/wp\/v2\/categories?post=11036"},{"taxonomy":"post_tag","embeddable":true,"href":"https:\/\/curierulsatelor.ro\/wp\/wp-json\/wp\/v2\/tags?post=11036"}],"curies":[{"name":"wp","href":"https:\/\/api.w.org\/{rel}","templated":true}]}}