{"id":11263,"date":"2023-10-23T05:58:08","date_gmt":"2023-10-23T03:58:08","guid":{"rendered":"https:\/\/curierulsatelor.ro\/wp\/?p=11263"},"modified":"2023-10-23T05:58:08","modified_gmt":"2023-10-23T03:58:08","slug":"senatorul-dorinel-cosma-a-vrut-sa-afle-cand-intra-in-reabilitare-muzeul-de-stiintele-naturii-dorohoi","status":"publish","type":"post","link":"https:\/\/curierulsatelor.ro\/wp\/2023\/10\/23\/senatorul-dorinel-cosma-a-vrut-sa-afle-cand-intra-in-reabilitare-muzeul-de-stiintele-naturii-dorohoi\/","title":{"rendered":"Senatorul Dorinel Cosma a vrut s\u0103 afle c\u00e2nd intr\u0103 \u00een reabilitare Muzeul de \u0218tiin\u021bele Naturii Dorohoi"},"content":{"rendered":"\n<p>Dup\u0103 ce a luat municipiul Dorohoi la pas, \u00een week end, senatorul Dorinel Cosma a vrut s\u0103 afle \u00een ce stadiu procedural se afl\u0103 reabilitarea Muzeului de \u0218tiin\u021bele Naturii Dorohoi. <\/p>\n\n\n\n<figure class=\"wp-block-image alignright size-large is-resized\"><img fetchpriority=\"high\" decoding=\"async\" width=\"1024\" height=\"576\" src=\"https:\/\/curierulsatelor.ro\/wp\/wp-content\/uploads\/2023\/10\/387573466_1261688457856452_1216331888595180365_n-1024x576.jpg\" alt=\"\" class=\"wp-image-11265\" style=\"aspect-ratio:1.7777777777777777;width:520px;height:auto\" srcset=\"https:\/\/curierulsatelor.ro\/wp\/wp-content\/uploads\/2023\/10\/387573466_1261688457856452_1216331888595180365_n-1024x576.jpg 1024w, https:\/\/curierulsatelor.ro\/wp\/wp-content\/uploads\/2023\/10\/387573466_1261688457856452_1216331888595180365_n-300x169.jpg 300w, https:\/\/curierulsatelor.ro\/wp\/wp-content\/uploads\/2023\/10\/387573466_1261688457856452_1216331888595180365_n-768x432.jpg 768w, https:\/\/curierulsatelor.ro\/wp\/wp-content\/uploads\/2023\/10\/387573466_1261688457856452_1216331888595180365_n-1536x864.jpg 1536w, https:\/\/curierulsatelor.ro\/wp\/wp-content\/uploads\/2023\/10\/387573466_1261688457856452_1216331888595180365_n.jpg 1600w\" sizes=\"(max-width: 1024px) 100vw, 1024px\" \/><\/figure>\n\n\n\n<p>Dup\u0103 ce a discutat \u0219i cu un senior al Dorohoiului, \u00eent\u00e2lnit pe strad\u0103, senatorul Cosma a purtat un dialog \u0219i cu \u0219efa muzeului. Concluzia doalogului a fost c\u0103 procedura este \u00een curs de derulare \u0219i c\u0103, \u00een cel mai scurt timp, muzeul va deveni un \u0219antier. \u00cen urm\u0103 cu ceva vreme, senatorul Cosma a adus \u00een aten\u021bia guvernului starea de degradare \u0219i necesitatea reabilit\u0103rii cl\u0103dirii muzeului.<\/p>\n\n\n\n<iframe width=\"784\" height=\"441\" src=\"https:\/\/www.youtube.com\/embed\/HCJqYAjv090\" title=\"Dorinel Cosma la Dorohoi, Muzeul de Stiintele Naturii\" frameborder=\"0\" allow=\"accelerometer; autoplay; clipboard-write; encrypted-media; gyroscope; picture-in-picture; web-share\" allowfullscreen><\/iframe>\n","protected":false},"excerpt":{"rendered":"<p>Dup\u0103 ce a luat municipiul Dorohoi la pas, \u00een week end, senatorul Dorinel Cosma a&#8230;<\/p>\n","protected":false},"author":1,"featured_media":11264,"comment_status":"open","ping_status":"open","sticky":false,"template":"","format":"standard","meta":{"footnotes":""},"categories":[27,17,19,6],"tags":[],"class_list":["post-11263","post","type-post","status-publish","format-standard","has-post-thumbnail","hentry","category-aur-botosani","category-cultura","category-curierul-tvr","category-politica"],"yoast_head":"<!-- This site is optimized with the Yoast SEO plugin v27.4 - https:\/\/yoast.com\/product\/yoast-seo-wordpress\/ -->\n<title>Senatorul Dorinel Cosma a vrut s\u0103 afle c\u00e2nd intr\u0103 \u00een reabilitare Muzeul de \u0218tiin\u021bele Naturii Dorohoi - Curierul Regional<\/title>\n<meta name=\"robots\" content=\"index, follow, max-snippet:-1, max-image-preview:large, max-video-preview:-1\" \/>\n<link rel=\"canonical\" href=\"https:\/\/curierulsatelor.ro\/wp\/2023\/10\/23\/senatorul-dorinel-cosma-a-vrut-sa-afle-cand-intra-in-reabilitare-muzeul-de-stiintele-naturii-dorohoi\/\" \/>\n<meta property=\"og:locale\" content=\"ro_RO\" \/>\n<meta property=\"og:type\" content=\"article\" \/>\n<meta property=\"og:title\" content=\"Senatorul Dorinel Cosma a vrut s\u0103 afle c\u00e2nd intr\u0103 \u00een reabilitare Muzeul de \u0218tiin\u021bele Naturii Dorohoi - Curierul Regional\" \/>\n<meta property=\"og:description\" content=\"Dup\u0103 ce a luat municipiul Dorohoi la pas, \u00een week end, senatorul Dorinel Cosma a...\" \/>\n<meta property=\"og:url\" content=\"https:\/\/curierulsatelor.ro\/wp\/2023\/10\/23\/senatorul-dorinel-cosma-a-vrut-sa-afle-cand-intra-in-reabilitare-muzeul-de-stiintele-naturii-dorohoi\/\" \/>\n<meta property=\"og:site_name\" content=\"Curierul Regional\" \/>\n<meta property=\"article:published_time\" content=\"2023-10-23T03:58:08+00:00\" \/>\n<meta property=\"og:image\" content=\"https:\/\/curierulsatelor.ro\/wp\/wp-content\/uploads\/2023\/10\/387340997_285230761010332_6477044064158202278_n.jpg\" \/>\n\t<meta property=\"og:image:width\" content=\"899\" \/>\n\t<meta property=\"og:image:height\" content=\"555\" \/>\n\t<meta property=\"og:image:type\" content=\"image\/jpeg\" \/>\n<meta name=\"author\" content=\"Marian Morosan\" \/>\n<meta name=\"twitter:card\" content=\"summary_large_image\" \/>\n<meta name=\"twitter:label1\" content=\"Scris de\" \/>\n\t<meta name=\"twitter:data1\" content=\"Marian Morosan\" \/>\n\t<meta name=\"twitter:label2\" content=\"Timp estimat pentru citire\" \/>\n\t<meta name=\"twitter:data2\" content=\"1 minut\" \/>\n<script type=\"application\/ld+json\" class=\"yoast-schema-graph\">{\"@context\":\"https:\\\/\\\/schema.org\",\"@graph\":[{\"@type\":\"Article\",\"@id\":\"https:\\\/\\\/curierulsatelor.ro\\\/wp\\\/2023\\\/10\\\/23\\\/senatorul-dorinel-cosma-a-vrut-sa-afle-cand-intra-in-reabilitare-muzeul-de-stiintele-naturii-dorohoi\\\/#article\",\"isPartOf\":{\"@id\":\"https:\\\/\\\/curierulsatelor.ro\\\/wp\\\/2023\\\/10\\\/23\\\/senatorul-dorinel-cosma-a-vrut-sa-afle-cand-intra-in-reabilitare-muzeul-de-stiintele-naturii-dorohoi\\\/\"},\"author\":{\"name\":\"Marian Morosan\",\"@id\":\"https:\\\/\\\/curierulsatelor.ro\\\/wp\\\/#\\\/schema\\\/person\\\/6f6b28a030e15d619a82894773d6e7b9\"},\"headline\":\"Senatorul Dorinel Cosma a vrut s\u0103 afle c\u00e2nd intr\u0103 \u00een reabilitare Muzeul de \u0218tiin\u021bele Naturii Dorohoi\",\"datePublished\":\"2023-10-23T03:58:08+00:00\",\"mainEntityOfPage\":{\"@id\":\"https:\\\/\\\/curierulsatelor.ro\\\/wp\\\/2023\\\/10\\\/23\\\/senatorul-dorinel-cosma-a-vrut-sa-afle-cand-intra-in-reabilitare-muzeul-de-stiintele-naturii-dorohoi\\\/\"},\"wordCount\":119,\"commentCount\":0,\"publisher\":{\"@id\":\"https:\\\/\\\/curierulsatelor.ro\\\/wp\\\/#organization\"},\"image\":{\"@id\":\"https:\\\/\\\/curierulsatelor.ro\\\/wp\\\/2023\\\/10\\\/23\\\/senatorul-dorinel-cosma-a-vrut-sa-afle-cand-intra-in-reabilitare-muzeul-de-stiintele-naturii-dorohoi\\\/#primaryimage\"},\"thumbnailUrl\":\"https:\\\/\\\/curierulsatelor.ro\\\/wp\\\/wp-content\\\/uploads\\\/2023\\\/10\\\/387340997_285230761010332_6477044064158202278_n.jpg\",\"articleSection\":[\"AUR Botosani\",\"Cultura\",\"Curierul TV(R)\",\"Politica\"],\"inLanguage\":\"ro-RO\",\"potentialAction\":[{\"@type\":\"CommentAction\",\"name\":\"Comment\",\"target\":[\"https:\\\/\\\/curierulsatelor.ro\\\/wp\\\/2023\\\/10\\\/23\\\/senatorul-dorinel-cosma-a-vrut-sa-afle-cand-intra-in-reabilitare-muzeul-de-stiintele-naturii-dorohoi\\\/#respond\"]}]},{\"@type\":\"WebPage\",\"@id\":\"https:\\\/\\\/curierulsatelor.ro\\\/wp\\\/2023\\\/10\\\/23\\\/senatorul-dorinel-cosma-a-vrut-sa-afle-cand-intra-in-reabilitare-muzeul-de-stiintele-naturii-dorohoi\\\/\",\"url\":\"https:\\\/\\\/curierulsatelor.ro\\\/wp\\\/2023\\\/10\\\/23\\\/senatorul-dorinel-cosma-a-vrut-sa-afle-cand-intra-in-reabilitare-muzeul-de-stiintele-naturii-dorohoi\\\/\",\"name\":\"Senatorul Dorinel Cosma a vrut s\u0103 afle c\u00e2nd intr\u0103 \u00een reabilitare Muzeul de \u0218tiin\u021bele Naturii Dorohoi - Curierul Regional\",\"isPartOf\":{\"@id\":\"https:\\\/\\\/curierulsatelor.ro\\\/wp\\\/#website\"},\"primaryImageOfPage\":{\"@id\":\"https:\\\/\\\/curierulsatelor.ro\\\/wp\\\/2023\\\/10\\\/23\\\/senatorul-dorinel-cosma-a-vrut-sa-afle-cand-intra-in-reabilitare-muzeul-de-stiintele-naturii-dorohoi\\\/#primaryimage\"},\"image\":{\"@id\":\"https:\\\/\\\/curierulsatelor.ro\\\/wp\\\/2023\\\/10\\\/23\\\/senatorul-dorinel-cosma-a-vrut-sa-afle-cand-intra-in-reabilitare-muzeul-de-stiintele-naturii-dorohoi\\\/#primaryimage\"},\"thumbnailUrl\":\"https:\\\/\\\/curierulsatelor.ro\\\/wp\\\/wp-content\\\/uploads\\\/2023\\\/10\\\/387340997_285230761010332_6477044064158202278_n.jpg\",\"datePublished\":\"2023-10-23T03:58:08+00:00\",\"breadcrumb\":{\"@id\":\"https:\\\/\\\/curierulsatelor.ro\\\/wp\\\/2023\\\/10\\\/23\\\/senatorul-dorinel-cosma-a-vrut-sa-afle-cand-intra-in-reabilitare-muzeul-de-stiintele-naturii-dorohoi\\\/#breadcrumb\"},\"inLanguage\":\"ro-RO\",\"potentialAction\":[{\"@type\":\"ReadAction\",\"target\":[\"https:\\\/\\\/curierulsatelor.ro\\\/wp\\\/2023\\\/10\\\/23\\\/senatorul-dorinel-cosma-a-vrut-sa-afle-cand-intra-in-reabilitare-muzeul-de-stiintele-naturii-dorohoi\\\/\"]}]},{\"@type\":\"ImageObject\",\"inLanguage\":\"ro-RO\",\"@id\":\"https:\\\/\\\/curierulsatelor.ro\\\/wp\\\/2023\\\/10\\\/23\\\/senatorul-dorinel-cosma-a-vrut-sa-afle-cand-intra-in-reabilitare-muzeul-de-stiintele-naturii-dorohoi\\\/#primaryimage\",\"url\":\"https:\\\/\\\/curierulsatelor.ro\\\/wp\\\/wp-content\\\/uploads\\\/2023\\\/10\\\/387340997_285230761010332_6477044064158202278_n.jpg\",\"contentUrl\":\"https:\\\/\\\/curierulsatelor.ro\\\/wp\\\/wp-content\\\/uploads\\\/2023\\\/10\\\/387340997_285230761010332_6477044064158202278_n.jpg\",\"width\":899,\"height\":555},{\"@type\":\"BreadcrumbList\",\"@id\":\"https:\\\/\\\/curierulsatelor.ro\\\/wp\\\/2023\\\/10\\\/23\\\/senatorul-dorinel-cosma-a-vrut-sa-afle-cand-intra-in-reabilitare-muzeul-de-stiintele-naturii-dorohoi\\\/#breadcrumb\",\"itemListElement\":[{\"@type\":\"ListItem\",\"position\":1,\"name\":\"Prima pagin\u0103\",\"item\":\"https:\\\/\\\/curierulsatelor.ro\\\/wp\\\/\"},{\"@type\":\"ListItem\",\"position\":2,\"name\":\"Senatorul Dorinel Cosma a vrut s\u0103 afle c\u00e2nd intr\u0103 \u00een reabilitare Muzeul de \u0218tiin\u021bele Naturii Dorohoi\"}]},{\"@type\":\"WebSite\",\"@id\":\"https:\\\/\\\/curierulsatelor.ro\\\/wp\\\/#website\",\"url\":\"https:\\\/\\\/curierulsatelor.ro\\\/wp\\\/\",\"name\":\"Curierul Regional\",\"description\":\"\",\"publisher\":{\"@id\":\"https:\\\/\\\/curierulsatelor.ro\\\/wp\\\/#organization\"},\"potentialAction\":[{\"@type\":\"SearchAction\",\"target\":{\"@type\":\"EntryPoint\",\"urlTemplate\":\"https:\\\/\\\/curierulsatelor.ro\\\/wp\\\/?s={search_term_string}\"},\"query-input\":{\"@type\":\"PropertyValueSpecification\",\"valueRequired\":true,\"valueName\":\"search_term_string\"}}],\"inLanguage\":\"ro-RO\"},{\"@type\":\"Organization\",\"@id\":\"https:\\\/\\\/curierulsatelor.ro\\\/wp\\\/#organization\",\"name\":\"Curierul Regional\",\"url\":\"https:\\\/\\\/curierulsatelor.ro\\\/wp\\\/\",\"logo\":{\"@type\":\"ImageObject\",\"inLanguage\":\"ro-RO\",\"@id\":\"https:\\\/\\\/curierulsatelor.ro\\\/wp\\\/#\\\/schema\\\/logo\\\/image\\\/\",\"url\":\"https:\\\/\\\/curierulsatelor.ro\\\/wp\\\/wp-content\\\/uploads\\\/2020\\\/01\\\/Curierul-Regional-si-Curierul-satelor-logo-header.png\",\"contentUrl\":\"https:\\\/\\\/curierulsatelor.ro\\\/wp\\\/wp-content\\\/uploads\\\/2020\\\/01\\\/Curierul-Regional-si-Curierul-satelor-logo-header.png\",\"width\":2943,\"height\":685,\"caption\":\"Curierul Regional\"},\"image\":{\"@id\":\"https:\\\/\\\/curierulsatelor.ro\\\/wp\\\/#\\\/schema\\\/logo\\\/image\\\/\"}},{\"@type\":\"Person\",\"@id\":\"https:\\\/\\\/curierulsatelor.ro\\\/wp\\\/#\\\/schema\\\/person\\\/6f6b28a030e15d619a82894773d6e7b9\",\"name\":\"Marian Morosan\",\"image\":{\"@type\":\"ImageObject\",\"inLanguage\":\"ro-RO\",\"@id\":\"https:\\\/\\\/secure.gravatar.com\\\/avatar\\\/2e833cc9ab99e6bca46266d4ad9030d308346ff7ff0b6b955c29b74cafaf064b?s=96&d=mm&r=g\",\"url\":\"https:\\\/\\\/secure.gravatar.com\\\/avatar\\\/2e833cc9ab99e6bca46266d4ad9030d308346ff7ff0b6b955c29b74cafaf064b?s=96&d=mm&r=g\",\"contentUrl\":\"https:\\\/\\\/secure.gravatar.com\\\/avatar\\\/2e833cc9ab99e6bca46266d4ad9030d308346ff7ff0b6b955c29b74cafaf064b?s=96&d=mm&r=g\",\"caption\":\"Marian Morosan\"},\"description\":\"Copiilor no\u015ftri li se preg\u0103te\u015fte, incon\u015ftient, o lume de joben ciuruit, din care niciodat\u0103 nu iese iepura\u015ful. Doar panglicile politicilor sociale roase de moliile cu \u015ftaif din ultimele decenii. Suntem oropsi\u0163i, suntem dispera\u0163i, manipula\u0163i p\u00e2n\u0103 acolo \u00eenc\u00e2t ne bucur\u0103m s\u0103 fim masa de manevr\u0103 a unora \u015fi s\u0103 sus\u0163inem c\u0103 a\u015fa e normal. Acum \u00eel \u00een\u0163eleg pe Cioran, dar \u00eel \u00een\u0163eleg mai bine \u015fi pe Preda. \u015ei m\u0103 g\u00e2ndesc iar, cu groaz\u0103, la copilul meu. Cel pu\u0163in eu nu \u00eemi doresc s\u0103 \u015ftiu c\u0103 micu\u0163ul meu va fi singur, cu sufletul descul\u0163, prin jungla mileniului III ! https:\\\/\\\/curierulsatelor.ro\\\/wp\\\/2019\\\/10\\\/16\\\/cu-sufletul-descult-prin-jungla-mileniului-iii-editorial\\\/\",\"sameAs\":[\"http:\\\/\\\/admin\"],\"url\":\"https:\\\/\\\/curierulsatelor.ro\\\/wp\\\/author\\\/admin\\\/\"}]}<\/script>\n<!-- \/ Yoast SEO plugin. -->","yoast_head_json":{"title":"Senatorul Dorinel Cosma a vrut s\u0103 afle c\u00e2nd intr\u0103 \u00een reabilitare Muzeul de \u0218tiin\u021bele Naturii Dorohoi - Curierul Regional","robots":{"index":"index","follow":"follow","max-snippet":"max-snippet:-1","max-image-preview":"max-image-preview:large","max-video-preview":"max-video-preview:-1"},"canonical":"https:\/\/curierulsatelor.ro\/wp\/2023\/10\/23\/senatorul-dorinel-cosma-a-vrut-sa-afle-cand-intra-in-reabilitare-muzeul-de-stiintele-naturii-dorohoi\/","og_locale":"ro_RO","og_type":"article","og_title":"Senatorul Dorinel Cosma a vrut s\u0103 afle c\u00e2nd intr\u0103 \u00een reabilitare Muzeul de \u0218tiin\u021bele Naturii Dorohoi - Curierul Regional","og_description":"Dup\u0103 ce a luat municipiul Dorohoi la pas, \u00een week end, senatorul Dorinel Cosma a...","og_url":"https:\/\/curierulsatelor.ro\/wp\/2023\/10\/23\/senatorul-dorinel-cosma-a-vrut-sa-afle-cand-intra-in-reabilitare-muzeul-de-stiintele-naturii-dorohoi\/","og_site_name":"Curierul Regional","article_published_time":"2023-10-23T03:58:08+00:00","og_image":[{"width":899,"height":555,"url":"https:\/\/curierulsatelor.ro\/wp\/wp-content\/uploads\/2023\/10\/387340997_285230761010332_6477044064158202278_n.jpg","type":"image\/jpeg"}],"author":"Marian Morosan","twitter_card":"summary_large_image","twitter_misc":{"Scris de":"Marian Morosan","Timp estimat pentru citire":"1 minut"},"schema":{"@context":"https:\/\/schema.org","@graph":[{"@type":"Article","@id":"https:\/\/curierulsatelor.ro\/wp\/2023\/10\/23\/senatorul-dorinel-cosma-a-vrut-sa-afle-cand-intra-in-reabilitare-muzeul-de-stiintele-naturii-dorohoi\/#article","isPartOf":{"@id":"https:\/\/curierulsatelor.ro\/wp\/2023\/10\/23\/senatorul-dorinel-cosma-a-vrut-sa-afle-cand-intra-in-reabilitare-muzeul-de-stiintele-naturii-dorohoi\/"},"author":{"name":"Marian Morosan","@id":"https:\/\/curierulsatelor.ro\/wp\/#\/schema\/person\/6f6b28a030e15d619a82894773d6e7b9"},"headline":"Senatorul Dorinel Cosma a vrut s\u0103 afle c\u00e2nd intr\u0103 \u00een reabilitare Muzeul de \u0218tiin\u021bele Naturii Dorohoi","datePublished":"2023-10-23T03:58:08+00:00","mainEntityOfPage":{"@id":"https:\/\/curierulsatelor.ro\/wp\/2023\/10\/23\/senatorul-dorinel-cosma-a-vrut-sa-afle-cand-intra-in-reabilitare-muzeul-de-stiintele-naturii-dorohoi\/"},"wordCount":119,"commentCount":0,"publisher":{"@id":"https:\/\/curierulsatelor.ro\/wp\/#organization"},"image":{"@id":"https:\/\/curierulsatelor.ro\/wp\/2023\/10\/23\/senatorul-dorinel-cosma-a-vrut-sa-afle-cand-intra-in-reabilitare-muzeul-de-stiintele-naturii-dorohoi\/#primaryimage"},"thumbnailUrl":"https:\/\/curierulsatelor.ro\/wp\/wp-content\/uploads\/2023\/10\/387340997_285230761010332_6477044064158202278_n.jpg","articleSection":["AUR Botosani","Cultura","Curierul TV(R)","Politica"],"inLanguage":"ro-RO","potentialAction":[{"@type":"CommentAction","name":"Comment","target":["https:\/\/curierulsatelor.ro\/wp\/2023\/10\/23\/senatorul-dorinel-cosma-a-vrut-sa-afle-cand-intra-in-reabilitare-muzeul-de-stiintele-naturii-dorohoi\/#respond"]}]},{"@type":"WebPage","@id":"https:\/\/curierulsatelor.ro\/wp\/2023\/10\/23\/senatorul-dorinel-cosma-a-vrut-sa-afle-cand-intra-in-reabilitare-muzeul-de-stiintele-naturii-dorohoi\/","url":"https:\/\/curierulsatelor.ro\/wp\/2023\/10\/23\/senatorul-dorinel-cosma-a-vrut-sa-afle-cand-intra-in-reabilitare-muzeul-de-stiintele-naturii-dorohoi\/","name":"Senatorul Dorinel Cosma a vrut s\u0103 afle c\u00e2nd intr\u0103 \u00een reabilitare Muzeul de \u0218tiin\u021bele Naturii Dorohoi - Curierul Regional","isPartOf":{"@id":"https:\/\/curierulsatelor.ro\/wp\/#website"},"primaryImageOfPage":{"@id":"https:\/\/curierulsatelor.ro\/wp\/2023\/10\/23\/senatorul-dorinel-cosma-a-vrut-sa-afle-cand-intra-in-reabilitare-muzeul-de-stiintele-naturii-dorohoi\/#primaryimage"},"image":{"@id":"https:\/\/curierulsatelor.ro\/wp\/2023\/10\/23\/senatorul-dorinel-cosma-a-vrut-sa-afle-cand-intra-in-reabilitare-muzeul-de-stiintele-naturii-dorohoi\/#primaryimage"},"thumbnailUrl":"https:\/\/curierulsatelor.ro\/wp\/wp-content\/uploads\/2023\/10\/387340997_285230761010332_6477044064158202278_n.jpg","datePublished":"2023-10-23T03:58:08+00:00","breadcrumb":{"@id":"https:\/\/curierulsatelor.ro\/wp\/2023\/10\/23\/senatorul-dorinel-cosma-a-vrut-sa-afle-cand-intra-in-reabilitare-muzeul-de-stiintele-naturii-dorohoi\/#breadcrumb"},"inLanguage":"ro-RO","potentialAction":[{"@type":"ReadAction","target":["https:\/\/curierulsatelor.ro\/wp\/2023\/10\/23\/senatorul-dorinel-cosma-a-vrut-sa-afle-cand-intra-in-reabilitare-muzeul-de-stiintele-naturii-dorohoi\/"]}]},{"@type":"ImageObject","inLanguage":"ro-RO","@id":"https:\/\/curierulsatelor.ro\/wp\/2023\/10\/23\/senatorul-dorinel-cosma-a-vrut-sa-afle-cand-intra-in-reabilitare-muzeul-de-stiintele-naturii-dorohoi\/#primaryimage","url":"https:\/\/curierulsatelor.ro\/wp\/wp-content\/uploads\/2023\/10\/387340997_285230761010332_6477044064158202278_n.jpg","contentUrl":"https:\/\/curierulsatelor.ro\/wp\/wp-content\/uploads\/2023\/10\/387340997_285230761010332_6477044064158202278_n.jpg","width":899,"height":555},{"@type":"BreadcrumbList","@id":"https:\/\/curierulsatelor.ro\/wp\/2023\/10\/23\/senatorul-dorinel-cosma-a-vrut-sa-afle-cand-intra-in-reabilitare-muzeul-de-stiintele-naturii-dorohoi\/#breadcrumb","itemListElement":[{"@type":"ListItem","position":1,"name":"Prima pagin\u0103","item":"https:\/\/curierulsatelor.ro\/wp\/"},{"@type":"ListItem","position":2,"name":"Senatorul Dorinel Cosma a vrut s\u0103 afle c\u00e2nd intr\u0103 \u00een reabilitare Muzeul de \u0218tiin\u021bele Naturii Dorohoi"}]},{"@type":"WebSite","@id":"https:\/\/curierulsatelor.ro\/wp\/#website","url":"https:\/\/curierulsatelor.ro\/wp\/","name":"Curierul Regional","description":"","publisher":{"@id":"https:\/\/curierulsatelor.ro\/wp\/#organization"},"potentialAction":[{"@type":"SearchAction","target":{"@type":"EntryPoint","urlTemplate":"https:\/\/curierulsatelor.ro\/wp\/?s={search_term_string}"},"query-input":{"@type":"PropertyValueSpecification","valueRequired":true,"valueName":"search_term_string"}}],"inLanguage":"ro-RO"},{"@type":"Organization","@id":"https:\/\/curierulsatelor.ro\/wp\/#organization","name":"Curierul Regional","url":"https:\/\/curierulsatelor.ro\/wp\/","logo":{"@type":"ImageObject","inLanguage":"ro-RO","@id":"https:\/\/curierulsatelor.ro\/wp\/#\/schema\/logo\/image\/","url":"https:\/\/curierulsatelor.ro\/wp\/wp-content\/uploads\/2020\/01\/Curierul-Regional-si-Curierul-satelor-logo-header.png","contentUrl":"https:\/\/curierulsatelor.ro\/wp\/wp-content\/uploads\/2020\/01\/Curierul-Regional-si-Curierul-satelor-logo-header.png","width":2943,"height":685,"caption":"Curierul Regional"},"image":{"@id":"https:\/\/curierulsatelor.ro\/wp\/#\/schema\/logo\/image\/"}},{"@type":"Person","@id":"https:\/\/curierulsatelor.ro\/wp\/#\/schema\/person\/6f6b28a030e15d619a82894773d6e7b9","name":"Marian Morosan","image":{"@type":"ImageObject","inLanguage":"ro-RO","@id":"https:\/\/secure.gravatar.com\/avatar\/2e833cc9ab99e6bca46266d4ad9030d308346ff7ff0b6b955c29b74cafaf064b?s=96&d=mm&r=g","url":"https:\/\/secure.gravatar.com\/avatar\/2e833cc9ab99e6bca46266d4ad9030d308346ff7ff0b6b955c29b74cafaf064b?s=96&d=mm&r=g","contentUrl":"https:\/\/secure.gravatar.com\/avatar\/2e833cc9ab99e6bca46266d4ad9030d308346ff7ff0b6b955c29b74cafaf064b?s=96&d=mm&r=g","caption":"Marian Morosan"},"description":"Copiilor no\u015ftri li se preg\u0103te\u015fte, incon\u015ftient, o lume de joben ciuruit, din care niciodat\u0103 nu iese iepura\u015ful. Doar panglicile politicilor sociale roase de moliile cu \u015ftaif din ultimele decenii. Suntem oropsi\u0163i, suntem dispera\u0163i, manipula\u0163i p\u00e2n\u0103 acolo \u00eenc\u00e2t ne bucur\u0103m s\u0103 fim masa de manevr\u0103 a unora \u015fi s\u0103 sus\u0163inem c\u0103 a\u015fa e normal. Acum \u00eel \u00een\u0163eleg pe Cioran, dar \u00eel \u00een\u0163eleg mai bine \u015fi pe Preda. \u015ei m\u0103 g\u00e2ndesc iar, cu groaz\u0103, la copilul meu. Cel pu\u0163in eu nu \u00eemi doresc s\u0103 \u015ftiu c\u0103 micu\u0163ul meu va fi singur, cu sufletul descul\u0163, prin jungla mileniului III ! https:\/\/curierulsatelor.ro\/wp\/2019\/10\/16\/cu-sufletul-descult-prin-jungla-mileniului-iii-editorial\/","sameAs":["http:\/\/admin"],"url":"https:\/\/curierulsatelor.ro\/wp\/author\/admin\/"}]}},"_links":{"self":[{"href":"https:\/\/curierulsatelor.ro\/wp\/wp-json\/wp\/v2\/posts\/11263","targetHints":{"allow":["GET"]}}],"collection":[{"href":"https:\/\/curierulsatelor.ro\/wp\/wp-json\/wp\/v2\/posts"}],"about":[{"href":"https:\/\/curierulsatelor.ro\/wp\/wp-json\/wp\/v2\/types\/post"}],"author":[{"embeddable":true,"href":"https:\/\/curierulsatelor.ro\/wp\/wp-json\/wp\/v2\/users\/1"}],"replies":[{"embeddable":true,"href":"https:\/\/curierulsatelor.ro\/wp\/wp-json\/wp\/v2\/comments?post=11263"}],"version-history":[{"count":1,"href":"https:\/\/curierulsatelor.ro\/wp\/wp-json\/wp\/v2\/posts\/11263\/revisions"}],"predecessor-version":[{"id":11266,"href":"https:\/\/curierulsatelor.ro\/wp\/wp-json\/wp\/v2\/posts\/11263\/revisions\/11266"}],"wp:featuredmedia":[{"embeddable":true,"href":"https:\/\/curierulsatelor.ro\/wp\/wp-json\/wp\/v2\/media\/11264"}],"wp:attachment":[{"href":"https:\/\/curierulsatelor.ro\/wp\/wp-json\/wp\/v2\/media?parent=11263"}],"wp:term":[{"taxonomy":"category","embeddable":true,"href":"https:\/\/curierulsatelor.ro\/wp\/wp-json\/wp\/v2\/categories?post=11263"},{"taxonomy":"post_tag","embeddable":true,"href":"https:\/\/curierulsatelor.ro\/wp\/wp-json\/wp\/v2\/tags?post=11263"}],"curies":[{"name":"wp","href":"https:\/\/api.w.org\/{rel}","templated":true}]}}