{"id":11874,"date":"2024-01-18T10:28:27","date_gmt":"2024-01-18T08:28:27","guid":{"rendered":"https:\/\/curierulsatelor.ro\/wp\/?p=11874"},"modified":"2024-01-18T10:28:37","modified_gmt":"2024-01-18T08:28:37","slug":"cjcpct-botosani-organizeaza-targul-martisorului-editia-a-xiv-a-2024","status":"publish","type":"post","link":"https:\/\/curierulsatelor.ro\/wp\/2024\/01\/18\/cjcpct-botosani-organizeaza-targul-martisorului-editia-a-xiv-a-2024\/","title":{"rendered":"CJCPCT Boto\u0219ani organizeaz\u0103 T\u00e2rgul M\u0103r\u021bi\u0219orului, edi\u021bia a XIV-a, 2024"},"content":{"rendered":"\n<p>Centrul Jude\u0163ean pentru Conservarea \u015fi Promovarea Culturii Tradi\u0163ionale Boto\u015fani (CJCPCT), institu\u021bie public\u0103 de cultur\u0103, aflat\u0103 \u00een subordinea Consiliului Jude\u021bean Boto\u0219ani, cu sprijinul Prim\u0103riei Municipiului Boto\u0219ani, organizeaz\u0103 T\u00e2rgul M\u0103r\u021bi\u0219orului, edi\u021bia a XIV-a, \u00een perioada 28 februarie &#8211; 1 martie 2024.<\/p>\n\n\n\n<figure class=\"wp-block-image alignright size-large is-resized\"><img fetchpriority=\"high\" decoding=\"async\" width=\"762\" height=\"1024\" src=\"https:\/\/curierulsatelor.ro\/wp\/wp-content\/uploads\/2024\/01\/targul-martisorului-2024-762x1024.jpg\" alt=\"\" class=\"wp-image-11876\" style=\"aspect-ratio:0.744140625;width:460px;height:auto\" srcset=\"https:\/\/curierulsatelor.ro\/wp\/wp-content\/uploads\/2024\/01\/targul-martisorului-2024-762x1024.jpg 762w, https:\/\/curierulsatelor.ro\/wp\/wp-content\/uploads\/2024\/01\/targul-martisorului-2024-223x300.jpg 223w, https:\/\/curierulsatelor.ro\/wp\/wp-content\/uploads\/2024\/01\/targul-martisorului-2024-768x1032.jpg 768w, https:\/\/curierulsatelor.ro\/wp\/wp-content\/uploads\/2024\/01\/targul-martisorului-2024-1143x1536.jpg 1143w, https:\/\/curierulsatelor.ro\/wp\/wp-content\/uploads\/2024\/01\/targul-martisorului-2024-1024x1376.jpg 1024w, https:\/\/curierulsatelor.ro\/wp\/wp-content\/uploads\/2024\/01\/targul-martisorului-2024.jpg 1191w\" sizes=\"(max-width: 762px) 100vw, 762px\" \/><\/figure>\n\n\n\n<p>Manifestarea are ca obiectiv principal men\u021binerea activit\u0103\u021bii de confec\u021bionare a m\u0103r\u021bi\u0219oarelor, aceste talismane nelipsite \u00een comunit\u0103\u021bile rurale de alt\u0103dat\u0103. Participan\u021bii trebuie s\u0103 expun\u0103 m\u0103r\u021bi\u0219oare realizate manual.<\/p>\n\n\n\n<p>\u201dParticipan\u021bii pot aduce mostre la sediul Centrului Jude\u021bean pentru Conservarea \u0219i Promovarea Culturii Tradi\u021bionale Boto\u0219ani, Str. Unirii, Nr.10, Compartiment Art\u0103 Popular\u0103 Artizanal\u0103 \u0219i Me\u0219te\u0219uguri Tradi\u021bionale, de luni p\u00e2n\u0103 vineri, \u00eentre orele 10:00 &#8211; 16:00, vinerea de la 10:00 &#8211; 14:00 sau pot trimite fotografii pe adresa de e-mail: etnografie@centrulcreatieibt.ro. Perioada de selec\u021bie va fi p\u00e2n\u0103 la data de 2 februarie 2024\u201d, a anun\u021bat Iustina Irimia, manager al CJCPCT Boto\u0219ani. <\/p>\n\n\n\n<p>\u00censcrierea la T\u00e2rgul M\u0103r\u021bi\u0219orului se va face prin completarea fi\u0219ei de participare care se va trimite pe adresa de e-mail: etnografie@centrulcreatieibt.ro doar dac\u0103 participan\u021bii se \u00eencadreaz\u0103 condi\u021biilor men\u021bionate.<\/p>\n\n\n\n<p>Regulamentul poate fi consultat acces\u00e2nd urm\u0103toarea pagin\u0103 a Centrului Crea\u021biei: <\/p>\n\n\n\n<figure class=\"wp-block-embed is-type-wp-embed is-provider-centrul-jude\u021bean-pentru-conservarea-\u0219i-promovarea-culturii-tradi\u021bionale-boto\u0219ani wp-block-embed-centrul-jude\u021bean-pentru-conservarea-\u0219i-promovarea-culturii-tradi\u021bionale-boto\u0219ani\"><div class=\"wp-block-embed__wrapper\">\n<blockquote class=\"wp-embedded-content\" data-secret=\"Io2xuCyTbl\"><a href=\"https:\/\/centrulcreatieibt.ro\/regulamente\/targul-martisorului-editia-a-xiv-a-28-februarie-1-martie-2024-botosani.html\">T\u00e2rgul M\u0103r\u021bi\u0219orului, edi\u021bia a XIV-a, 28 februarie &#8211; 1 martie 2024, Boto\u0219ani<\/a><\/blockquote><iframe class=\"wp-embedded-content\" sandbox=\"allow-scripts\" security=\"restricted\" style=\"position: absolute; clip: rect(1px, 1px, 1px, 1px);\" title=\"&#8222;T\u00e2rgul M\u0103r\u021bi\u0219orului, edi\u021bia a XIV-a, 28 februarie &#8211; 1 martie 2024, Boto\u0219ani&#8221; &#8212; Centrul Jude\u021bean pentru Conservarea \u0219i Promovarea Culturii Tradi\u021bionale Boto\u0219ani\" src=\"https:\/\/centrulcreatieibt.ro\/regulamente\/targul-martisorului-editia-a-xiv-a-28-februarie-1-martie-2024-botosani.html\/embed#?secret=Muvxtcmxph#?secret=Io2xuCyTbl\" data-secret=\"Io2xuCyTbl\" width=\"600\" height=\"338\" frameborder=\"0\" marginwidth=\"0\" marginheight=\"0\" scrolling=\"no\"><\/iframe>\n<\/div><\/figure>\n","protected":false},"excerpt":{"rendered":"<p>Centrul Jude\u0163ean pentru Conservarea \u015fi Promovarea Culturii Tradi\u0163ionale Boto\u015fani (CJCPCT), institu\u021bie public\u0103 de cultur\u0103, aflat\u0103&#8230;<\/p>\n","protected":false},"author":1,"featured_media":11875,"comment_status":"open","ping_status":"open","sticky":false,"template":"","format":"standard","meta":{"footnotes":""},"categories":[15,17],"tags":[],"class_list":["post-11874","post","type-post","status-publish","format-standard","has-post-thumbnail","hentry","category-botosani","category-cultura"],"yoast_head":"<!-- This site is optimized with the Yoast SEO plugin v27.4 - https:\/\/yoast.com\/product\/yoast-seo-wordpress\/ -->\n<title>CJCPCT Boto\u0219ani organizeaz\u0103 T\u00e2rgul M\u0103r\u021bi\u0219orului, edi\u021bia a XIV-a, 2024 - Curierul Regional<\/title>\n<meta name=\"robots\" content=\"index, follow, max-snippet:-1, max-image-preview:large, max-video-preview:-1\" \/>\n<link rel=\"canonical\" href=\"https:\/\/curierulsatelor.ro\/wp\/2024\/01\/18\/cjcpct-botosani-organizeaza-targul-martisorului-editia-a-xiv-a-2024\/\" \/>\n<meta property=\"og:locale\" content=\"ro_RO\" \/>\n<meta property=\"og:type\" content=\"article\" \/>\n<meta property=\"og:title\" content=\"CJCPCT Boto\u0219ani organizeaz\u0103 T\u00e2rgul M\u0103r\u021bi\u0219orului, edi\u021bia a XIV-a, 2024 - Curierul Regional\" \/>\n<meta property=\"og:description\" content=\"Centrul Jude\u0163ean pentru Conservarea \u015fi Promovarea Culturii Tradi\u0163ionale Boto\u015fani (CJCPCT), institu\u021bie public\u0103 de cultur\u0103, aflat\u0103...\" \/>\n<meta property=\"og:url\" content=\"https:\/\/curierulsatelor.ro\/wp\/2024\/01\/18\/cjcpct-botosani-organizeaza-targul-martisorului-editia-a-xiv-a-2024\/\" \/>\n<meta property=\"og:site_name\" content=\"Curierul Regional\" \/>\n<meta property=\"article:published_time\" content=\"2024-01-18T08:28:27+00:00\" \/>\n<meta property=\"article:modified_time\" content=\"2024-01-18T08:28:37+00:00\" \/>\n<meta property=\"og:image\" content=\"https:\/\/curierulsatelor.ro\/wp\/wp-content\/uploads\/2024\/01\/Targul-Martisorului-Iustina-Irimia-CJCPCT-Botosani.jpg\" \/>\n\t<meta property=\"og:image:width\" content=\"2358\" \/>\n\t<meta property=\"og:image:height\" content=\"1204\" \/>\n\t<meta property=\"og:image:type\" content=\"image\/jpeg\" \/>\n<meta name=\"author\" content=\"Marian Morosan\" \/>\n<meta name=\"twitter:card\" content=\"summary_large_image\" \/>\n<meta name=\"twitter:label1\" content=\"Scris de\" \/>\n\t<meta name=\"twitter:data1\" content=\"Marian Morosan\" \/>\n\t<meta name=\"twitter:label2\" content=\"Timp estimat pentru citire\" \/>\n\t<meta name=\"twitter:data2\" content=\"2 minute\" \/>\n<script type=\"application\/ld+json\" class=\"yoast-schema-graph\">{\"@context\":\"https:\\\/\\\/schema.org\",\"@graph\":[{\"@type\":\"Article\",\"@id\":\"https:\\\/\\\/curierulsatelor.ro\\\/wp\\\/2024\\\/01\\\/18\\\/cjcpct-botosani-organizeaza-targul-martisorului-editia-a-xiv-a-2024\\\/#article\",\"isPartOf\":{\"@id\":\"https:\\\/\\\/curierulsatelor.ro\\\/wp\\\/2024\\\/01\\\/18\\\/cjcpct-botosani-organizeaza-targul-martisorului-editia-a-xiv-a-2024\\\/\"},\"author\":{\"name\":\"Marian Morosan\",\"@id\":\"https:\\\/\\\/curierulsatelor.ro\\\/wp\\\/#\\\/schema\\\/person\\\/6f6b28a030e15d619a82894773d6e7b9\"},\"headline\":\"CJCPCT Boto\u0219ani organizeaz\u0103 T\u00e2rgul M\u0103r\u021bi\u0219orului, edi\u021bia a XIV-a, 2024\",\"datePublished\":\"2024-01-18T08:28:27+00:00\",\"dateModified\":\"2024-01-18T08:28:37+00:00\",\"mainEntityOfPage\":{\"@id\":\"https:\\\/\\\/curierulsatelor.ro\\\/wp\\\/2024\\\/01\\\/18\\\/cjcpct-botosani-organizeaza-targul-martisorului-editia-a-xiv-a-2024\\\/\"},\"wordCount\":249,\"commentCount\":0,\"publisher\":{\"@id\":\"https:\\\/\\\/curierulsatelor.ro\\\/wp\\\/#organization\"},\"image\":{\"@id\":\"https:\\\/\\\/curierulsatelor.ro\\\/wp\\\/2024\\\/01\\\/18\\\/cjcpct-botosani-organizeaza-targul-martisorului-editia-a-xiv-a-2024\\\/#primaryimage\"},\"thumbnailUrl\":\"https:\\\/\\\/curierulsatelor.ro\\\/wp\\\/wp-content\\\/uploads\\\/2024\\\/01\\\/Targul-Martisorului-Iustina-Irimia-CJCPCT-Botosani.jpg\",\"articleSection\":[\"Boto\u0219ani\",\"Cultura\"],\"inLanguage\":\"ro-RO\",\"potentialAction\":[{\"@type\":\"CommentAction\",\"name\":\"Comment\",\"target\":[\"https:\\\/\\\/curierulsatelor.ro\\\/wp\\\/2024\\\/01\\\/18\\\/cjcpct-botosani-organizeaza-targul-martisorului-editia-a-xiv-a-2024\\\/#respond\"]}]},{\"@type\":\"WebPage\",\"@id\":\"https:\\\/\\\/curierulsatelor.ro\\\/wp\\\/2024\\\/01\\\/18\\\/cjcpct-botosani-organizeaza-targul-martisorului-editia-a-xiv-a-2024\\\/\",\"url\":\"https:\\\/\\\/curierulsatelor.ro\\\/wp\\\/2024\\\/01\\\/18\\\/cjcpct-botosani-organizeaza-targul-martisorului-editia-a-xiv-a-2024\\\/\",\"name\":\"CJCPCT Boto\u0219ani organizeaz\u0103 T\u00e2rgul M\u0103r\u021bi\u0219orului, edi\u021bia a XIV-a, 2024 - Curierul Regional\",\"isPartOf\":{\"@id\":\"https:\\\/\\\/curierulsatelor.ro\\\/wp\\\/#website\"},\"primaryImageOfPage\":{\"@id\":\"https:\\\/\\\/curierulsatelor.ro\\\/wp\\\/2024\\\/01\\\/18\\\/cjcpct-botosani-organizeaza-targul-martisorului-editia-a-xiv-a-2024\\\/#primaryimage\"},\"image\":{\"@id\":\"https:\\\/\\\/curierulsatelor.ro\\\/wp\\\/2024\\\/01\\\/18\\\/cjcpct-botosani-organizeaza-targul-martisorului-editia-a-xiv-a-2024\\\/#primaryimage\"},\"thumbnailUrl\":\"https:\\\/\\\/curierulsatelor.ro\\\/wp\\\/wp-content\\\/uploads\\\/2024\\\/01\\\/Targul-Martisorului-Iustina-Irimia-CJCPCT-Botosani.jpg\",\"datePublished\":\"2024-01-18T08:28:27+00:00\",\"dateModified\":\"2024-01-18T08:28:37+00:00\",\"breadcrumb\":{\"@id\":\"https:\\\/\\\/curierulsatelor.ro\\\/wp\\\/2024\\\/01\\\/18\\\/cjcpct-botosani-organizeaza-targul-martisorului-editia-a-xiv-a-2024\\\/#breadcrumb\"},\"inLanguage\":\"ro-RO\",\"potentialAction\":[{\"@type\":\"ReadAction\",\"target\":[\"https:\\\/\\\/curierulsatelor.ro\\\/wp\\\/2024\\\/01\\\/18\\\/cjcpct-botosani-organizeaza-targul-martisorului-editia-a-xiv-a-2024\\\/\"]}]},{\"@type\":\"ImageObject\",\"inLanguage\":\"ro-RO\",\"@id\":\"https:\\\/\\\/curierulsatelor.ro\\\/wp\\\/2024\\\/01\\\/18\\\/cjcpct-botosani-organizeaza-targul-martisorului-editia-a-xiv-a-2024\\\/#primaryimage\",\"url\":\"https:\\\/\\\/curierulsatelor.ro\\\/wp\\\/wp-content\\\/uploads\\\/2024\\\/01\\\/Targul-Martisorului-Iustina-Irimia-CJCPCT-Botosani.jpg\",\"contentUrl\":\"https:\\\/\\\/curierulsatelor.ro\\\/wp\\\/wp-content\\\/uploads\\\/2024\\\/01\\\/Targul-Martisorului-Iustina-Irimia-CJCPCT-Botosani.jpg\",\"width\":2358,\"height\":1204},{\"@type\":\"BreadcrumbList\",\"@id\":\"https:\\\/\\\/curierulsatelor.ro\\\/wp\\\/2024\\\/01\\\/18\\\/cjcpct-botosani-organizeaza-targul-martisorului-editia-a-xiv-a-2024\\\/#breadcrumb\",\"itemListElement\":[{\"@type\":\"ListItem\",\"position\":1,\"name\":\"Prima pagin\u0103\",\"item\":\"https:\\\/\\\/curierulsatelor.ro\\\/wp\\\/\"},{\"@type\":\"ListItem\",\"position\":2,\"name\":\"CJCPCT Boto\u0219ani organizeaz\u0103 T\u00e2rgul M\u0103r\u021bi\u0219orului, edi\u021bia a XIV-a, 2024\"}]},{\"@type\":\"WebSite\",\"@id\":\"https:\\\/\\\/curierulsatelor.ro\\\/wp\\\/#website\",\"url\":\"https:\\\/\\\/curierulsatelor.ro\\\/wp\\\/\",\"name\":\"Curierul Regional\",\"description\":\"\",\"publisher\":{\"@id\":\"https:\\\/\\\/curierulsatelor.ro\\\/wp\\\/#organization\"},\"potentialAction\":[{\"@type\":\"SearchAction\",\"target\":{\"@type\":\"EntryPoint\",\"urlTemplate\":\"https:\\\/\\\/curierulsatelor.ro\\\/wp\\\/?s={search_term_string}\"},\"query-input\":{\"@type\":\"PropertyValueSpecification\",\"valueRequired\":true,\"valueName\":\"search_term_string\"}}],\"inLanguage\":\"ro-RO\"},{\"@type\":\"Organization\",\"@id\":\"https:\\\/\\\/curierulsatelor.ro\\\/wp\\\/#organization\",\"name\":\"Curierul Regional\",\"url\":\"https:\\\/\\\/curierulsatelor.ro\\\/wp\\\/\",\"logo\":{\"@type\":\"ImageObject\",\"inLanguage\":\"ro-RO\",\"@id\":\"https:\\\/\\\/curierulsatelor.ro\\\/wp\\\/#\\\/schema\\\/logo\\\/image\\\/\",\"url\":\"https:\\\/\\\/curierulsatelor.ro\\\/wp\\\/wp-content\\\/uploads\\\/2020\\\/01\\\/Curierul-Regional-si-Curierul-satelor-logo-header.png\",\"contentUrl\":\"https:\\\/\\\/curierulsatelor.ro\\\/wp\\\/wp-content\\\/uploads\\\/2020\\\/01\\\/Curierul-Regional-si-Curierul-satelor-logo-header.png\",\"width\":2943,\"height\":685,\"caption\":\"Curierul Regional\"},\"image\":{\"@id\":\"https:\\\/\\\/curierulsatelor.ro\\\/wp\\\/#\\\/schema\\\/logo\\\/image\\\/\"}},{\"@type\":\"Person\",\"@id\":\"https:\\\/\\\/curierulsatelor.ro\\\/wp\\\/#\\\/schema\\\/person\\\/6f6b28a030e15d619a82894773d6e7b9\",\"name\":\"Marian Morosan\",\"image\":{\"@type\":\"ImageObject\",\"inLanguage\":\"ro-RO\",\"@id\":\"https:\\\/\\\/secure.gravatar.com\\\/avatar\\\/2e833cc9ab99e6bca46266d4ad9030d308346ff7ff0b6b955c29b74cafaf064b?s=96&d=mm&r=g\",\"url\":\"https:\\\/\\\/secure.gravatar.com\\\/avatar\\\/2e833cc9ab99e6bca46266d4ad9030d308346ff7ff0b6b955c29b74cafaf064b?s=96&d=mm&r=g\",\"contentUrl\":\"https:\\\/\\\/secure.gravatar.com\\\/avatar\\\/2e833cc9ab99e6bca46266d4ad9030d308346ff7ff0b6b955c29b74cafaf064b?s=96&d=mm&r=g\",\"caption\":\"Marian Morosan\"},\"description\":\"Copiilor no\u015ftri li se preg\u0103te\u015fte, incon\u015ftient, o lume de joben ciuruit, din care niciodat\u0103 nu iese iepura\u015ful. Doar panglicile politicilor sociale roase de moliile cu \u015ftaif din ultimele decenii. Suntem oropsi\u0163i, suntem dispera\u0163i, manipula\u0163i p\u00e2n\u0103 acolo \u00eenc\u00e2t ne bucur\u0103m s\u0103 fim masa de manevr\u0103 a unora \u015fi s\u0103 sus\u0163inem c\u0103 a\u015fa e normal. Acum \u00eel \u00een\u0163eleg pe Cioran, dar \u00eel \u00een\u0163eleg mai bine \u015fi pe Preda. \u015ei m\u0103 g\u00e2ndesc iar, cu groaz\u0103, la copilul meu. Cel pu\u0163in eu nu \u00eemi doresc s\u0103 \u015ftiu c\u0103 micu\u0163ul meu va fi singur, cu sufletul descul\u0163, prin jungla mileniului III ! https:\\\/\\\/curierulsatelor.ro\\\/wp\\\/2019\\\/10\\\/16\\\/cu-sufletul-descult-prin-jungla-mileniului-iii-editorial\\\/\",\"sameAs\":[\"http:\\\/\\\/admin\"],\"url\":\"https:\\\/\\\/curierulsatelor.ro\\\/wp\\\/author\\\/admin\\\/\"}]}<\/script>\n<!-- \/ Yoast SEO plugin. -->","yoast_head_json":{"title":"CJCPCT Boto\u0219ani organizeaz\u0103 T\u00e2rgul M\u0103r\u021bi\u0219orului, edi\u021bia a XIV-a, 2024 - Curierul Regional","robots":{"index":"index","follow":"follow","max-snippet":"max-snippet:-1","max-image-preview":"max-image-preview:large","max-video-preview":"max-video-preview:-1"},"canonical":"https:\/\/curierulsatelor.ro\/wp\/2024\/01\/18\/cjcpct-botosani-organizeaza-targul-martisorului-editia-a-xiv-a-2024\/","og_locale":"ro_RO","og_type":"article","og_title":"CJCPCT Boto\u0219ani organizeaz\u0103 T\u00e2rgul M\u0103r\u021bi\u0219orului, edi\u021bia a XIV-a, 2024 - Curierul Regional","og_description":"Centrul Jude\u0163ean pentru Conservarea \u015fi Promovarea Culturii Tradi\u0163ionale Boto\u015fani (CJCPCT), institu\u021bie public\u0103 de cultur\u0103, aflat\u0103...","og_url":"https:\/\/curierulsatelor.ro\/wp\/2024\/01\/18\/cjcpct-botosani-organizeaza-targul-martisorului-editia-a-xiv-a-2024\/","og_site_name":"Curierul Regional","article_published_time":"2024-01-18T08:28:27+00:00","article_modified_time":"2024-01-18T08:28:37+00:00","og_image":[{"width":2358,"height":1204,"url":"https:\/\/curierulsatelor.ro\/wp\/wp-content\/uploads\/2024\/01\/Targul-Martisorului-Iustina-Irimia-CJCPCT-Botosani.jpg","type":"image\/jpeg"}],"author":"Marian Morosan","twitter_card":"summary_large_image","twitter_misc":{"Scris de":"Marian Morosan","Timp estimat pentru citire":"2 minute"},"schema":{"@context":"https:\/\/schema.org","@graph":[{"@type":"Article","@id":"https:\/\/curierulsatelor.ro\/wp\/2024\/01\/18\/cjcpct-botosani-organizeaza-targul-martisorului-editia-a-xiv-a-2024\/#article","isPartOf":{"@id":"https:\/\/curierulsatelor.ro\/wp\/2024\/01\/18\/cjcpct-botosani-organizeaza-targul-martisorului-editia-a-xiv-a-2024\/"},"author":{"name":"Marian Morosan","@id":"https:\/\/curierulsatelor.ro\/wp\/#\/schema\/person\/6f6b28a030e15d619a82894773d6e7b9"},"headline":"CJCPCT Boto\u0219ani organizeaz\u0103 T\u00e2rgul M\u0103r\u021bi\u0219orului, edi\u021bia a XIV-a, 2024","datePublished":"2024-01-18T08:28:27+00:00","dateModified":"2024-01-18T08:28:37+00:00","mainEntityOfPage":{"@id":"https:\/\/curierulsatelor.ro\/wp\/2024\/01\/18\/cjcpct-botosani-organizeaza-targul-martisorului-editia-a-xiv-a-2024\/"},"wordCount":249,"commentCount":0,"publisher":{"@id":"https:\/\/curierulsatelor.ro\/wp\/#organization"},"image":{"@id":"https:\/\/curierulsatelor.ro\/wp\/2024\/01\/18\/cjcpct-botosani-organizeaza-targul-martisorului-editia-a-xiv-a-2024\/#primaryimage"},"thumbnailUrl":"https:\/\/curierulsatelor.ro\/wp\/wp-content\/uploads\/2024\/01\/Targul-Martisorului-Iustina-Irimia-CJCPCT-Botosani.jpg","articleSection":["Boto\u0219ani","Cultura"],"inLanguage":"ro-RO","potentialAction":[{"@type":"CommentAction","name":"Comment","target":["https:\/\/curierulsatelor.ro\/wp\/2024\/01\/18\/cjcpct-botosani-organizeaza-targul-martisorului-editia-a-xiv-a-2024\/#respond"]}]},{"@type":"WebPage","@id":"https:\/\/curierulsatelor.ro\/wp\/2024\/01\/18\/cjcpct-botosani-organizeaza-targul-martisorului-editia-a-xiv-a-2024\/","url":"https:\/\/curierulsatelor.ro\/wp\/2024\/01\/18\/cjcpct-botosani-organizeaza-targul-martisorului-editia-a-xiv-a-2024\/","name":"CJCPCT Boto\u0219ani organizeaz\u0103 T\u00e2rgul M\u0103r\u021bi\u0219orului, edi\u021bia a XIV-a, 2024 - Curierul Regional","isPartOf":{"@id":"https:\/\/curierulsatelor.ro\/wp\/#website"},"primaryImageOfPage":{"@id":"https:\/\/curierulsatelor.ro\/wp\/2024\/01\/18\/cjcpct-botosani-organizeaza-targul-martisorului-editia-a-xiv-a-2024\/#primaryimage"},"image":{"@id":"https:\/\/curierulsatelor.ro\/wp\/2024\/01\/18\/cjcpct-botosani-organizeaza-targul-martisorului-editia-a-xiv-a-2024\/#primaryimage"},"thumbnailUrl":"https:\/\/curierulsatelor.ro\/wp\/wp-content\/uploads\/2024\/01\/Targul-Martisorului-Iustina-Irimia-CJCPCT-Botosani.jpg","datePublished":"2024-01-18T08:28:27+00:00","dateModified":"2024-01-18T08:28:37+00:00","breadcrumb":{"@id":"https:\/\/curierulsatelor.ro\/wp\/2024\/01\/18\/cjcpct-botosani-organizeaza-targul-martisorului-editia-a-xiv-a-2024\/#breadcrumb"},"inLanguage":"ro-RO","potentialAction":[{"@type":"ReadAction","target":["https:\/\/curierulsatelor.ro\/wp\/2024\/01\/18\/cjcpct-botosani-organizeaza-targul-martisorului-editia-a-xiv-a-2024\/"]}]},{"@type":"ImageObject","inLanguage":"ro-RO","@id":"https:\/\/curierulsatelor.ro\/wp\/2024\/01\/18\/cjcpct-botosani-organizeaza-targul-martisorului-editia-a-xiv-a-2024\/#primaryimage","url":"https:\/\/curierulsatelor.ro\/wp\/wp-content\/uploads\/2024\/01\/Targul-Martisorului-Iustina-Irimia-CJCPCT-Botosani.jpg","contentUrl":"https:\/\/curierulsatelor.ro\/wp\/wp-content\/uploads\/2024\/01\/Targul-Martisorului-Iustina-Irimia-CJCPCT-Botosani.jpg","width":2358,"height":1204},{"@type":"BreadcrumbList","@id":"https:\/\/curierulsatelor.ro\/wp\/2024\/01\/18\/cjcpct-botosani-organizeaza-targul-martisorului-editia-a-xiv-a-2024\/#breadcrumb","itemListElement":[{"@type":"ListItem","position":1,"name":"Prima pagin\u0103","item":"https:\/\/curierulsatelor.ro\/wp\/"},{"@type":"ListItem","position":2,"name":"CJCPCT Boto\u0219ani organizeaz\u0103 T\u00e2rgul M\u0103r\u021bi\u0219orului, edi\u021bia a XIV-a, 2024"}]},{"@type":"WebSite","@id":"https:\/\/curierulsatelor.ro\/wp\/#website","url":"https:\/\/curierulsatelor.ro\/wp\/","name":"Curierul Regional","description":"","publisher":{"@id":"https:\/\/curierulsatelor.ro\/wp\/#organization"},"potentialAction":[{"@type":"SearchAction","target":{"@type":"EntryPoint","urlTemplate":"https:\/\/curierulsatelor.ro\/wp\/?s={search_term_string}"},"query-input":{"@type":"PropertyValueSpecification","valueRequired":true,"valueName":"search_term_string"}}],"inLanguage":"ro-RO"},{"@type":"Organization","@id":"https:\/\/curierulsatelor.ro\/wp\/#organization","name":"Curierul Regional","url":"https:\/\/curierulsatelor.ro\/wp\/","logo":{"@type":"ImageObject","inLanguage":"ro-RO","@id":"https:\/\/curierulsatelor.ro\/wp\/#\/schema\/logo\/image\/","url":"https:\/\/curierulsatelor.ro\/wp\/wp-content\/uploads\/2020\/01\/Curierul-Regional-si-Curierul-satelor-logo-header.png","contentUrl":"https:\/\/curierulsatelor.ro\/wp\/wp-content\/uploads\/2020\/01\/Curierul-Regional-si-Curierul-satelor-logo-header.png","width":2943,"height":685,"caption":"Curierul Regional"},"image":{"@id":"https:\/\/curierulsatelor.ro\/wp\/#\/schema\/logo\/image\/"}},{"@type":"Person","@id":"https:\/\/curierulsatelor.ro\/wp\/#\/schema\/person\/6f6b28a030e15d619a82894773d6e7b9","name":"Marian Morosan","image":{"@type":"ImageObject","inLanguage":"ro-RO","@id":"https:\/\/secure.gravatar.com\/avatar\/2e833cc9ab99e6bca46266d4ad9030d308346ff7ff0b6b955c29b74cafaf064b?s=96&d=mm&r=g","url":"https:\/\/secure.gravatar.com\/avatar\/2e833cc9ab99e6bca46266d4ad9030d308346ff7ff0b6b955c29b74cafaf064b?s=96&d=mm&r=g","contentUrl":"https:\/\/secure.gravatar.com\/avatar\/2e833cc9ab99e6bca46266d4ad9030d308346ff7ff0b6b955c29b74cafaf064b?s=96&d=mm&r=g","caption":"Marian Morosan"},"description":"Copiilor no\u015ftri li se preg\u0103te\u015fte, incon\u015ftient, o lume de joben ciuruit, din care niciodat\u0103 nu iese iepura\u015ful. Doar panglicile politicilor sociale roase de moliile cu \u015ftaif din ultimele decenii. Suntem oropsi\u0163i, suntem dispera\u0163i, manipula\u0163i p\u00e2n\u0103 acolo \u00eenc\u00e2t ne bucur\u0103m s\u0103 fim masa de manevr\u0103 a unora \u015fi s\u0103 sus\u0163inem c\u0103 a\u015fa e normal. Acum \u00eel \u00een\u0163eleg pe Cioran, dar \u00eel \u00een\u0163eleg mai bine \u015fi pe Preda. \u015ei m\u0103 g\u00e2ndesc iar, cu groaz\u0103, la copilul meu. Cel pu\u0163in eu nu \u00eemi doresc s\u0103 \u015ftiu c\u0103 micu\u0163ul meu va fi singur, cu sufletul descul\u0163, prin jungla mileniului III ! https:\/\/curierulsatelor.ro\/wp\/2019\/10\/16\/cu-sufletul-descult-prin-jungla-mileniului-iii-editorial\/","sameAs":["http:\/\/admin"],"url":"https:\/\/curierulsatelor.ro\/wp\/author\/admin\/"}]}},"_links":{"self":[{"href":"https:\/\/curierulsatelor.ro\/wp\/wp-json\/wp\/v2\/posts\/11874","targetHints":{"allow":["GET"]}}],"collection":[{"href":"https:\/\/curierulsatelor.ro\/wp\/wp-json\/wp\/v2\/posts"}],"about":[{"href":"https:\/\/curierulsatelor.ro\/wp\/wp-json\/wp\/v2\/types\/post"}],"author":[{"embeddable":true,"href":"https:\/\/curierulsatelor.ro\/wp\/wp-json\/wp\/v2\/users\/1"}],"replies":[{"embeddable":true,"href":"https:\/\/curierulsatelor.ro\/wp\/wp-json\/wp\/v2\/comments?post=11874"}],"version-history":[{"count":2,"href":"https:\/\/curierulsatelor.ro\/wp\/wp-json\/wp\/v2\/posts\/11874\/revisions"}],"predecessor-version":[{"id":11878,"href":"https:\/\/curierulsatelor.ro\/wp\/wp-json\/wp\/v2\/posts\/11874\/revisions\/11878"}],"wp:featuredmedia":[{"embeddable":true,"href":"https:\/\/curierulsatelor.ro\/wp\/wp-json\/wp\/v2\/media\/11875"}],"wp:attachment":[{"href":"https:\/\/curierulsatelor.ro\/wp\/wp-json\/wp\/v2\/media?parent=11874"}],"wp:term":[{"taxonomy":"category","embeddable":true,"href":"https:\/\/curierulsatelor.ro\/wp\/wp-json\/wp\/v2\/categories?post=11874"},{"taxonomy":"post_tag","embeddable":true,"href":"https:\/\/curierulsatelor.ro\/wp\/wp-json\/wp\/v2\/tags?post=11874"}],"curies":[{"name":"wp","href":"https:\/\/api.w.org\/{rel}","templated":true}]}}