{"id":1191,"date":"2020-01-19T06:44:49","date_gmt":"2020-01-19T06:44:49","guid":{"rendered":"https:\/\/curierulsatelor.ro\/wp\/?p=1191"},"modified":"2020-01-19T06:44:55","modified_gmt":"2020-01-19T06:44:55","slug":"un-deputat-spune-lucrurilor-pe-nume-actualul-guvern-este-copie-a-guvernului-psd-iar-la-educatie-este-zilnic-demagogie","status":"publish","type":"post","link":"https:\/\/curierulsatelor.ro\/wp\/2020\/01\/19\/un-deputat-spune-lucrurilor-pe-nume-actualul-guvern-este-copie-a-guvernului-psd-iar-la-educatie-este-zilnic-demagogie\/","title":{"rendered":"Un deputat spune lucrurilor pe nume: actualul guvern este copie a guvernului PSD iar la Educa\u021bie este zilnic demagogie"},"content":{"rendered":"\n<p>Dup\u0103 ce a explicat cum cre\u0219te filiala Boto\u0219ani a partidului Pro Rom\u00e2nia, deputatul Mihaela Hunc\u0103 a ar\u0103tat ce se mai \u00eent\u00e2mpl\u0103 \u00een Ministerul Educa\u021biei. \u201dNu exist\u0103 zi \u00een care s\u0103 nu v\u0103d ce face Ministerul Educa\u021biei Na\u021bionale. Pot s\u0103 spun c\u0103 face mult zgomot pentru nimic sau c\u0103 prin activit\u0103\u021bile pe care le face putem s\u0103 le caracteriz\u0103m ca fiind o pur\u0103 demagogie. Actualul guvern este copie a guvernului PSD. Prin ac\u021biunile pe care le realizeaz\u0103\u201d, a declarat Mihaela Hunc\u0103, lider Pro Rom\u00e2nia Boto\u0219ani. Vezi \u00een clipul video ce mai spune \u0219i de ce crede c\u0103 acum este o adev\u0103rat\u0103 perioad\u0103 de v\u00e2n\u0103toare de vr\u0103jitoare. <\/p>\n\n\n\n<iframe width=\"949\" height=\"534\" src=\"https:\/\/www.youtube.com\/embed\/wxM-MRT-rZ8\" frameborder=\"0\" allow=\"accelerometer; autoplay; encrypted-media; gyroscope; picture-in-picture\" allowfullscreen><\/iframe>\n","protected":false},"excerpt":{"rendered":"<p>Dup\u0103 ce a explicat cum cre\u0219te filiala Boto\u0219ani a partidului Pro Rom\u00e2nia, deputatul Mihaela Hunc\u0103&#8230;<\/p>\n","protected":false},"author":1,"featured_media":1192,"comment_status":"open","ping_status":"open","sticky":false,"template":"","format":"standard","meta":{"footnotes":""},"categories":[6],"tags":[],"class_list":["post-1191","post","type-post","status-publish","format-standard","has-post-thumbnail","hentry","category-politica"],"yoast_head":"<!-- This site is optimized with the Yoast SEO plugin v27.4 - https:\/\/yoast.com\/product\/yoast-seo-wordpress\/ -->\n<title>Un deputat spune lucrurilor pe nume: actualul guvern este copie a guvernului PSD iar la Educa\u021bie este zilnic demagogie - Curierul Regional<\/title>\n<meta name=\"robots\" content=\"index, follow, max-snippet:-1, max-image-preview:large, max-video-preview:-1\" \/>\n<link rel=\"canonical\" href=\"https:\/\/curierulsatelor.ro\/wp\/2020\/01\/19\/un-deputat-spune-lucrurilor-pe-nume-actualul-guvern-este-copie-a-guvernului-psd-iar-la-educatie-este-zilnic-demagogie\/\" \/>\n<meta property=\"og:locale\" content=\"ro_RO\" \/>\n<meta property=\"og:type\" content=\"article\" \/>\n<meta property=\"og:title\" content=\"Un deputat spune lucrurilor pe nume: actualul guvern este copie a guvernului PSD iar la Educa\u021bie este zilnic demagogie - Curierul Regional\" \/>\n<meta property=\"og:description\" content=\"Dup\u0103 ce a explicat cum cre\u0219te filiala Boto\u0219ani a partidului Pro Rom\u00e2nia, deputatul Mihaela Hunc\u0103...\" \/>\n<meta property=\"og:url\" content=\"https:\/\/curierulsatelor.ro\/wp\/2020\/01\/19\/un-deputat-spune-lucrurilor-pe-nume-actualul-guvern-este-copie-a-guvernului-psd-iar-la-educatie-este-zilnic-demagogie\/\" \/>\n<meta property=\"og:site_name\" content=\"Curierul Regional\" \/>\n<meta property=\"article:published_time\" content=\"2020-01-19T06:44:49+00:00\" \/>\n<meta property=\"article:modified_time\" content=\"2020-01-19T06:44:55+00:00\" \/>\n<meta property=\"og:image\" content=\"https:\/\/curierulsatelor.ro\/wp\/wp-content\/uploads\/2020\/01\/Mihaela-Hunc\u0103-despre-Monica-Anisie-si-educatie-1024x768.jpg\" \/>\n\t<meta property=\"og:image:width\" content=\"1024\" \/>\n\t<meta property=\"og:image:height\" content=\"768\" \/>\n\t<meta property=\"og:image:type\" content=\"image\/jpeg\" \/>\n<meta name=\"author\" content=\"Marian Morosan\" \/>\n<meta name=\"twitter:card\" content=\"summary_large_image\" \/>\n<meta name=\"twitter:label1\" content=\"Scris de\" \/>\n\t<meta name=\"twitter:data1\" content=\"Marian Morosan\" \/>\n\t<meta name=\"twitter:label2\" content=\"Timp estimat pentru citire\" \/>\n\t<meta name=\"twitter:data2\" content=\"1 minut\" \/>\n<script type=\"application\/ld+json\" class=\"yoast-schema-graph\">{\"@context\":\"https:\\\/\\\/schema.org\",\"@graph\":[{\"@type\":\"Article\",\"@id\":\"https:\\\/\\\/curierulsatelor.ro\\\/wp\\\/2020\\\/01\\\/19\\\/un-deputat-spune-lucrurilor-pe-nume-actualul-guvern-este-copie-a-guvernului-psd-iar-la-educatie-este-zilnic-demagogie\\\/#article\",\"isPartOf\":{\"@id\":\"https:\\\/\\\/curierulsatelor.ro\\\/wp\\\/2020\\\/01\\\/19\\\/un-deputat-spune-lucrurilor-pe-nume-actualul-guvern-este-copie-a-guvernului-psd-iar-la-educatie-este-zilnic-demagogie\\\/\"},\"author\":{\"name\":\"Marian Morosan\",\"@id\":\"https:\\\/\\\/curierulsatelor.ro\\\/wp\\\/#\\\/schema\\\/person\\\/6f6b28a030e15d619a82894773d6e7b9\"},\"headline\":\"Un deputat spune lucrurilor pe nume: actualul guvern este copie a guvernului PSD iar la Educa\u021bie este zilnic demagogie\",\"datePublished\":\"2020-01-19T06:44:49+00:00\",\"dateModified\":\"2020-01-19T06:44:55+00:00\",\"mainEntityOfPage\":{\"@id\":\"https:\\\/\\\/curierulsatelor.ro\\\/wp\\\/2020\\\/01\\\/19\\\/un-deputat-spune-lucrurilor-pe-nume-actualul-guvern-este-copie-a-guvernului-psd-iar-la-educatie-este-zilnic-demagogie\\\/\"},\"wordCount\":143,\"commentCount\":0,\"publisher\":{\"@id\":\"https:\\\/\\\/curierulsatelor.ro\\\/wp\\\/#organization\"},\"image\":{\"@id\":\"https:\\\/\\\/curierulsatelor.ro\\\/wp\\\/2020\\\/01\\\/19\\\/un-deputat-spune-lucrurilor-pe-nume-actualul-guvern-este-copie-a-guvernului-psd-iar-la-educatie-este-zilnic-demagogie\\\/#primaryimage\"},\"thumbnailUrl\":\"https:\\\/\\\/curierulsatelor.ro\\\/wp\\\/wp-content\\\/uploads\\\/2020\\\/01\\\/Mihaela-Hunc\u0103-despre-Monica-Anisie-si-educatie.jpg\",\"articleSection\":[\"Politica\"],\"inLanguage\":\"ro-RO\",\"potentialAction\":[{\"@type\":\"CommentAction\",\"name\":\"Comment\",\"target\":[\"https:\\\/\\\/curierulsatelor.ro\\\/wp\\\/2020\\\/01\\\/19\\\/un-deputat-spune-lucrurilor-pe-nume-actualul-guvern-este-copie-a-guvernului-psd-iar-la-educatie-este-zilnic-demagogie\\\/#respond\"]}]},{\"@type\":\"WebPage\",\"@id\":\"https:\\\/\\\/curierulsatelor.ro\\\/wp\\\/2020\\\/01\\\/19\\\/un-deputat-spune-lucrurilor-pe-nume-actualul-guvern-este-copie-a-guvernului-psd-iar-la-educatie-este-zilnic-demagogie\\\/\",\"url\":\"https:\\\/\\\/curierulsatelor.ro\\\/wp\\\/2020\\\/01\\\/19\\\/un-deputat-spune-lucrurilor-pe-nume-actualul-guvern-este-copie-a-guvernului-psd-iar-la-educatie-este-zilnic-demagogie\\\/\",\"name\":\"Un deputat spune lucrurilor pe nume: actualul guvern este copie a guvernului PSD iar la Educa\u021bie este zilnic demagogie - Curierul Regional\",\"isPartOf\":{\"@id\":\"https:\\\/\\\/curierulsatelor.ro\\\/wp\\\/#website\"},\"primaryImageOfPage\":{\"@id\":\"https:\\\/\\\/curierulsatelor.ro\\\/wp\\\/2020\\\/01\\\/19\\\/un-deputat-spune-lucrurilor-pe-nume-actualul-guvern-este-copie-a-guvernului-psd-iar-la-educatie-este-zilnic-demagogie\\\/#primaryimage\"},\"image\":{\"@id\":\"https:\\\/\\\/curierulsatelor.ro\\\/wp\\\/2020\\\/01\\\/19\\\/un-deputat-spune-lucrurilor-pe-nume-actualul-guvern-este-copie-a-guvernului-psd-iar-la-educatie-este-zilnic-demagogie\\\/#primaryimage\"},\"thumbnailUrl\":\"https:\\\/\\\/curierulsatelor.ro\\\/wp\\\/wp-content\\\/uploads\\\/2020\\\/01\\\/Mihaela-Hunc\u0103-despre-Monica-Anisie-si-educatie.jpg\",\"datePublished\":\"2020-01-19T06:44:49+00:00\",\"dateModified\":\"2020-01-19T06:44:55+00:00\",\"breadcrumb\":{\"@id\":\"https:\\\/\\\/curierulsatelor.ro\\\/wp\\\/2020\\\/01\\\/19\\\/un-deputat-spune-lucrurilor-pe-nume-actualul-guvern-este-copie-a-guvernului-psd-iar-la-educatie-este-zilnic-demagogie\\\/#breadcrumb\"},\"inLanguage\":\"ro-RO\",\"potentialAction\":[{\"@type\":\"ReadAction\",\"target\":[\"https:\\\/\\\/curierulsatelor.ro\\\/wp\\\/2020\\\/01\\\/19\\\/un-deputat-spune-lucrurilor-pe-nume-actualul-guvern-este-copie-a-guvernului-psd-iar-la-educatie-este-zilnic-demagogie\\\/\"]}]},{\"@type\":\"ImageObject\",\"inLanguage\":\"ro-RO\",\"@id\":\"https:\\\/\\\/curierulsatelor.ro\\\/wp\\\/2020\\\/01\\\/19\\\/un-deputat-spune-lucrurilor-pe-nume-actualul-guvern-este-copie-a-guvernului-psd-iar-la-educatie-este-zilnic-demagogie\\\/#primaryimage\",\"url\":\"https:\\\/\\\/curierulsatelor.ro\\\/wp\\\/wp-content\\\/uploads\\\/2020\\\/01\\\/Mihaela-Hunc\u0103-despre-Monica-Anisie-si-educatie.jpg\",\"contentUrl\":\"https:\\\/\\\/curierulsatelor.ro\\\/wp\\\/wp-content\\\/uploads\\\/2020\\\/01\\\/Mihaela-Hunc\u0103-despre-Monica-Anisie-si-educatie.jpg\",\"width\":4608,\"height\":3456},{\"@type\":\"BreadcrumbList\",\"@id\":\"https:\\\/\\\/curierulsatelor.ro\\\/wp\\\/2020\\\/01\\\/19\\\/un-deputat-spune-lucrurilor-pe-nume-actualul-guvern-este-copie-a-guvernului-psd-iar-la-educatie-este-zilnic-demagogie\\\/#breadcrumb\",\"itemListElement\":[{\"@type\":\"ListItem\",\"position\":1,\"name\":\"Prima pagin\u0103\",\"item\":\"https:\\\/\\\/curierulsatelor.ro\\\/wp\\\/\"},{\"@type\":\"ListItem\",\"position\":2,\"name\":\"Un deputat spune lucrurilor pe nume: actualul guvern este copie a guvernului PSD iar la Educa\u021bie este zilnic demagogie\"}]},{\"@type\":\"WebSite\",\"@id\":\"https:\\\/\\\/curierulsatelor.ro\\\/wp\\\/#website\",\"url\":\"https:\\\/\\\/curierulsatelor.ro\\\/wp\\\/\",\"name\":\"Curierul Regional\",\"description\":\"\",\"publisher\":{\"@id\":\"https:\\\/\\\/curierulsatelor.ro\\\/wp\\\/#organization\"},\"potentialAction\":[{\"@type\":\"SearchAction\",\"target\":{\"@type\":\"EntryPoint\",\"urlTemplate\":\"https:\\\/\\\/curierulsatelor.ro\\\/wp\\\/?s={search_term_string}\"},\"query-input\":{\"@type\":\"PropertyValueSpecification\",\"valueRequired\":true,\"valueName\":\"search_term_string\"}}],\"inLanguage\":\"ro-RO\"},{\"@type\":\"Organization\",\"@id\":\"https:\\\/\\\/curierulsatelor.ro\\\/wp\\\/#organization\",\"name\":\"Curierul Regional\",\"url\":\"https:\\\/\\\/curierulsatelor.ro\\\/wp\\\/\",\"logo\":{\"@type\":\"ImageObject\",\"inLanguage\":\"ro-RO\",\"@id\":\"https:\\\/\\\/curierulsatelor.ro\\\/wp\\\/#\\\/schema\\\/logo\\\/image\\\/\",\"url\":\"https:\\\/\\\/curierulsatelor.ro\\\/wp\\\/wp-content\\\/uploads\\\/2020\\\/01\\\/Curierul-Regional-si-Curierul-satelor-logo-header.png\",\"contentUrl\":\"https:\\\/\\\/curierulsatelor.ro\\\/wp\\\/wp-content\\\/uploads\\\/2020\\\/01\\\/Curierul-Regional-si-Curierul-satelor-logo-header.png\",\"width\":2943,\"height\":685,\"caption\":\"Curierul Regional\"},\"image\":{\"@id\":\"https:\\\/\\\/curierulsatelor.ro\\\/wp\\\/#\\\/schema\\\/logo\\\/image\\\/\"}},{\"@type\":\"Person\",\"@id\":\"https:\\\/\\\/curierulsatelor.ro\\\/wp\\\/#\\\/schema\\\/person\\\/6f6b28a030e15d619a82894773d6e7b9\",\"name\":\"Marian Morosan\",\"image\":{\"@type\":\"ImageObject\",\"inLanguage\":\"ro-RO\",\"@id\":\"https:\\\/\\\/secure.gravatar.com\\\/avatar\\\/2e833cc9ab99e6bca46266d4ad9030d308346ff7ff0b6b955c29b74cafaf064b?s=96&d=mm&r=g\",\"url\":\"https:\\\/\\\/secure.gravatar.com\\\/avatar\\\/2e833cc9ab99e6bca46266d4ad9030d308346ff7ff0b6b955c29b74cafaf064b?s=96&d=mm&r=g\",\"contentUrl\":\"https:\\\/\\\/secure.gravatar.com\\\/avatar\\\/2e833cc9ab99e6bca46266d4ad9030d308346ff7ff0b6b955c29b74cafaf064b?s=96&d=mm&r=g\",\"caption\":\"Marian Morosan\"},\"description\":\"Copiilor no\u015ftri li se preg\u0103te\u015fte, incon\u015ftient, o lume de joben ciuruit, din care niciodat\u0103 nu iese iepura\u015ful. Doar panglicile politicilor sociale roase de moliile cu \u015ftaif din ultimele decenii. Suntem oropsi\u0163i, suntem dispera\u0163i, manipula\u0163i p\u00e2n\u0103 acolo \u00eenc\u00e2t ne bucur\u0103m s\u0103 fim masa de manevr\u0103 a unora \u015fi s\u0103 sus\u0163inem c\u0103 a\u015fa e normal. Acum \u00eel \u00een\u0163eleg pe Cioran, dar \u00eel \u00een\u0163eleg mai bine \u015fi pe Preda. \u015ei m\u0103 g\u00e2ndesc iar, cu groaz\u0103, la copilul meu. Cel pu\u0163in eu nu \u00eemi doresc s\u0103 \u015ftiu c\u0103 micu\u0163ul meu va fi singur, cu sufletul descul\u0163, prin jungla mileniului III ! https:\\\/\\\/curierulsatelor.ro\\\/wp\\\/2019\\\/10\\\/16\\\/cu-sufletul-descult-prin-jungla-mileniului-iii-editorial\\\/\",\"sameAs\":[\"http:\\\/\\\/admin\"],\"url\":\"https:\\\/\\\/curierulsatelor.ro\\\/wp\\\/author\\\/admin\\\/\"}]}<\/script>\n<!-- \/ Yoast SEO plugin. -->","yoast_head_json":{"title":"Un deputat spune lucrurilor pe nume: actualul guvern este copie a guvernului PSD iar la Educa\u021bie este zilnic demagogie - Curierul Regional","robots":{"index":"index","follow":"follow","max-snippet":"max-snippet:-1","max-image-preview":"max-image-preview:large","max-video-preview":"max-video-preview:-1"},"canonical":"https:\/\/curierulsatelor.ro\/wp\/2020\/01\/19\/un-deputat-spune-lucrurilor-pe-nume-actualul-guvern-este-copie-a-guvernului-psd-iar-la-educatie-este-zilnic-demagogie\/","og_locale":"ro_RO","og_type":"article","og_title":"Un deputat spune lucrurilor pe nume: actualul guvern este copie a guvernului PSD iar la Educa\u021bie este zilnic demagogie - Curierul Regional","og_description":"Dup\u0103 ce a explicat cum cre\u0219te filiala Boto\u0219ani a partidului Pro Rom\u00e2nia, deputatul Mihaela Hunc\u0103...","og_url":"https:\/\/curierulsatelor.ro\/wp\/2020\/01\/19\/un-deputat-spune-lucrurilor-pe-nume-actualul-guvern-este-copie-a-guvernului-psd-iar-la-educatie-este-zilnic-demagogie\/","og_site_name":"Curierul Regional","article_published_time":"2020-01-19T06:44:49+00:00","article_modified_time":"2020-01-19T06:44:55+00:00","og_image":[{"width":1024,"height":768,"url":"https:\/\/curierulsatelor.ro\/wp\/wp-content\/uploads\/2020\/01\/Mihaela-Hunc\u0103-despre-Monica-Anisie-si-educatie-1024x768.jpg","type":"image\/jpeg"}],"author":"Marian Morosan","twitter_card":"summary_large_image","twitter_misc":{"Scris de":"Marian Morosan","Timp estimat pentru citire":"1 minut"},"schema":{"@context":"https:\/\/schema.org","@graph":[{"@type":"Article","@id":"https:\/\/curierulsatelor.ro\/wp\/2020\/01\/19\/un-deputat-spune-lucrurilor-pe-nume-actualul-guvern-este-copie-a-guvernului-psd-iar-la-educatie-este-zilnic-demagogie\/#article","isPartOf":{"@id":"https:\/\/curierulsatelor.ro\/wp\/2020\/01\/19\/un-deputat-spune-lucrurilor-pe-nume-actualul-guvern-este-copie-a-guvernului-psd-iar-la-educatie-este-zilnic-demagogie\/"},"author":{"name":"Marian Morosan","@id":"https:\/\/curierulsatelor.ro\/wp\/#\/schema\/person\/6f6b28a030e15d619a82894773d6e7b9"},"headline":"Un deputat spune lucrurilor pe nume: actualul guvern este copie a guvernului PSD iar la Educa\u021bie este zilnic demagogie","datePublished":"2020-01-19T06:44:49+00:00","dateModified":"2020-01-19T06:44:55+00:00","mainEntityOfPage":{"@id":"https:\/\/curierulsatelor.ro\/wp\/2020\/01\/19\/un-deputat-spune-lucrurilor-pe-nume-actualul-guvern-este-copie-a-guvernului-psd-iar-la-educatie-este-zilnic-demagogie\/"},"wordCount":143,"commentCount":0,"publisher":{"@id":"https:\/\/curierulsatelor.ro\/wp\/#organization"},"image":{"@id":"https:\/\/curierulsatelor.ro\/wp\/2020\/01\/19\/un-deputat-spune-lucrurilor-pe-nume-actualul-guvern-este-copie-a-guvernului-psd-iar-la-educatie-este-zilnic-demagogie\/#primaryimage"},"thumbnailUrl":"https:\/\/curierulsatelor.ro\/wp\/wp-content\/uploads\/2020\/01\/Mihaela-Hunc\u0103-despre-Monica-Anisie-si-educatie.jpg","articleSection":["Politica"],"inLanguage":"ro-RO","potentialAction":[{"@type":"CommentAction","name":"Comment","target":["https:\/\/curierulsatelor.ro\/wp\/2020\/01\/19\/un-deputat-spune-lucrurilor-pe-nume-actualul-guvern-este-copie-a-guvernului-psd-iar-la-educatie-este-zilnic-demagogie\/#respond"]}]},{"@type":"WebPage","@id":"https:\/\/curierulsatelor.ro\/wp\/2020\/01\/19\/un-deputat-spune-lucrurilor-pe-nume-actualul-guvern-este-copie-a-guvernului-psd-iar-la-educatie-este-zilnic-demagogie\/","url":"https:\/\/curierulsatelor.ro\/wp\/2020\/01\/19\/un-deputat-spune-lucrurilor-pe-nume-actualul-guvern-este-copie-a-guvernului-psd-iar-la-educatie-este-zilnic-demagogie\/","name":"Un deputat spune lucrurilor pe nume: actualul guvern este copie a guvernului PSD iar la Educa\u021bie este zilnic demagogie - Curierul Regional","isPartOf":{"@id":"https:\/\/curierulsatelor.ro\/wp\/#website"},"primaryImageOfPage":{"@id":"https:\/\/curierulsatelor.ro\/wp\/2020\/01\/19\/un-deputat-spune-lucrurilor-pe-nume-actualul-guvern-este-copie-a-guvernului-psd-iar-la-educatie-este-zilnic-demagogie\/#primaryimage"},"image":{"@id":"https:\/\/curierulsatelor.ro\/wp\/2020\/01\/19\/un-deputat-spune-lucrurilor-pe-nume-actualul-guvern-este-copie-a-guvernului-psd-iar-la-educatie-este-zilnic-demagogie\/#primaryimage"},"thumbnailUrl":"https:\/\/curierulsatelor.ro\/wp\/wp-content\/uploads\/2020\/01\/Mihaela-Hunc\u0103-despre-Monica-Anisie-si-educatie.jpg","datePublished":"2020-01-19T06:44:49+00:00","dateModified":"2020-01-19T06:44:55+00:00","breadcrumb":{"@id":"https:\/\/curierulsatelor.ro\/wp\/2020\/01\/19\/un-deputat-spune-lucrurilor-pe-nume-actualul-guvern-este-copie-a-guvernului-psd-iar-la-educatie-este-zilnic-demagogie\/#breadcrumb"},"inLanguage":"ro-RO","potentialAction":[{"@type":"ReadAction","target":["https:\/\/curierulsatelor.ro\/wp\/2020\/01\/19\/un-deputat-spune-lucrurilor-pe-nume-actualul-guvern-este-copie-a-guvernului-psd-iar-la-educatie-este-zilnic-demagogie\/"]}]},{"@type":"ImageObject","inLanguage":"ro-RO","@id":"https:\/\/curierulsatelor.ro\/wp\/2020\/01\/19\/un-deputat-spune-lucrurilor-pe-nume-actualul-guvern-este-copie-a-guvernului-psd-iar-la-educatie-este-zilnic-demagogie\/#primaryimage","url":"https:\/\/curierulsatelor.ro\/wp\/wp-content\/uploads\/2020\/01\/Mihaela-Hunc\u0103-despre-Monica-Anisie-si-educatie.jpg","contentUrl":"https:\/\/curierulsatelor.ro\/wp\/wp-content\/uploads\/2020\/01\/Mihaela-Hunc\u0103-despre-Monica-Anisie-si-educatie.jpg","width":4608,"height":3456},{"@type":"BreadcrumbList","@id":"https:\/\/curierulsatelor.ro\/wp\/2020\/01\/19\/un-deputat-spune-lucrurilor-pe-nume-actualul-guvern-este-copie-a-guvernului-psd-iar-la-educatie-este-zilnic-demagogie\/#breadcrumb","itemListElement":[{"@type":"ListItem","position":1,"name":"Prima pagin\u0103","item":"https:\/\/curierulsatelor.ro\/wp\/"},{"@type":"ListItem","position":2,"name":"Un deputat spune lucrurilor pe nume: actualul guvern este copie a guvernului PSD iar la Educa\u021bie este zilnic demagogie"}]},{"@type":"WebSite","@id":"https:\/\/curierulsatelor.ro\/wp\/#website","url":"https:\/\/curierulsatelor.ro\/wp\/","name":"Curierul Regional","description":"","publisher":{"@id":"https:\/\/curierulsatelor.ro\/wp\/#organization"},"potentialAction":[{"@type":"SearchAction","target":{"@type":"EntryPoint","urlTemplate":"https:\/\/curierulsatelor.ro\/wp\/?s={search_term_string}"},"query-input":{"@type":"PropertyValueSpecification","valueRequired":true,"valueName":"search_term_string"}}],"inLanguage":"ro-RO"},{"@type":"Organization","@id":"https:\/\/curierulsatelor.ro\/wp\/#organization","name":"Curierul Regional","url":"https:\/\/curierulsatelor.ro\/wp\/","logo":{"@type":"ImageObject","inLanguage":"ro-RO","@id":"https:\/\/curierulsatelor.ro\/wp\/#\/schema\/logo\/image\/","url":"https:\/\/curierulsatelor.ro\/wp\/wp-content\/uploads\/2020\/01\/Curierul-Regional-si-Curierul-satelor-logo-header.png","contentUrl":"https:\/\/curierulsatelor.ro\/wp\/wp-content\/uploads\/2020\/01\/Curierul-Regional-si-Curierul-satelor-logo-header.png","width":2943,"height":685,"caption":"Curierul Regional"},"image":{"@id":"https:\/\/curierulsatelor.ro\/wp\/#\/schema\/logo\/image\/"}},{"@type":"Person","@id":"https:\/\/curierulsatelor.ro\/wp\/#\/schema\/person\/6f6b28a030e15d619a82894773d6e7b9","name":"Marian Morosan","image":{"@type":"ImageObject","inLanguage":"ro-RO","@id":"https:\/\/secure.gravatar.com\/avatar\/2e833cc9ab99e6bca46266d4ad9030d308346ff7ff0b6b955c29b74cafaf064b?s=96&d=mm&r=g","url":"https:\/\/secure.gravatar.com\/avatar\/2e833cc9ab99e6bca46266d4ad9030d308346ff7ff0b6b955c29b74cafaf064b?s=96&d=mm&r=g","contentUrl":"https:\/\/secure.gravatar.com\/avatar\/2e833cc9ab99e6bca46266d4ad9030d308346ff7ff0b6b955c29b74cafaf064b?s=96&d=mm&r=g","caption":"Marian Morosan"},"description":"Copiilor no\u015ftri li se preg\u0103te\u015fte, incon\u015ftient, o lume de joben ciuruit, din care niciodat\u0103 nu iese iepura\u015ful. Doar panglicile politicilor sociale roase de moliile cu \u015ftaif din ultimele decenii. Suntem oropsi\u0163i, suntem dispera\u0163i, manipula\u0163i p\u00e2n\u0103 acolo \u00eenc\u00e2t ne bucur\u0103m s\u0103 fim masa de manevr\u0103 a unora \u015fi s\u0103 sus\u0163inem c\u0103 a\u015fa e normal. Acum \u00eel \u00een\u0163eleg pe Cioran, dar \u00eel \u00een\u0163eleg mai bine \u015fi pe Preda. \u015ei m\u0103 g\u00e2ndesc iar, cu groaz\u0103, la copilul meu. Cel pu\u0163in eu nu \u00eemi doresc s\u0103 \u015ftiu c\u0103 micu\u0163ul meu va fi singur, cu sufletul descul\u0163, prin jungla mileniului III ! https:\/\/curierulsatelor.ro\/wp\/2019\/10\/16\/cu-sufletul-descult-prin-jungla-mileniului-iii-editorial\/","sameAs":["http:\/\/admin"],"url":"https:\/\/curierulsatelor.ro\/wp\/author\/admin\/"}]}},"_links":{"self":[{"href":"https:\/\/curierulsatelor.ro\/wp\/wp-json\/wp\/v2\/posts\/1191","targetHints":{"allow":["GET"]}}],"collection":[{"href":"https:\/\/curierulsatelor.ro\/wp\/wp-json\/wp\/v2\/posts"}],"about":[{"href":"https:\/\/curierulsatelor.ro\/wp\/wp-json\/wp\/v2\/types\/post"}],"author":[{"embeddable":true,"href":"https:\/\/curierulsatelor.ro\/wp\/wp-json\/wp\/v2\/users\/1"}],"replies":[{"embeddable":true,"href":"https:\/\/curierulsatelor.ro\/wp\/wp-json\/wp\/v2\/comments?post=1191"}],"version-history":[{"count":1,"href":"https:\/\/curierulsatelor.ro\/wp\/wp-json\/wp\/v2\/posts\/1191\/revisions"}],"predecessor-version":[{"id":1193,"href":"https:\/\/curierulsatelor.ro\/wp\/wp-json\/wp\/v2\/posts\/1191\/revisions\/1193"}],"wp:featuredmedia":[{"embeddable":true,"href":"https:\/\/curierulsatelor.ro\/wp\/wp-json\/wp\/v2\/media\/1192"}],"wp:attachment":[{"href":"https:\/\/curierulsatelor.ro\/wp\/wp-json\/wp\/v2\/media?parent=1191"}],"wp:term":[{"taxonomy":"category","embeddable":true,"href":"https:\/\/curierulsatelor.ro\/wp\/wp-json\/wp\/v2\/categories?post=1191"},{"taxonomy":"post_tag","embeddable":true,"href":"https:\/\/curierulsatelor.ro\/wp\/wp-json\/wp\/v2\/tags?post=1191"}],"curies":[{"name":"wp","href":"https:\/\/api.w.org\/{rel}","templated":true}]}}