{"id":12295,"date":"2024-04-06T09:36:03","date_gmt":"2024-04-06T07:36:03","guid":{"rendered":"https:\/\/curierulsatelor.ro\/wp\/?p=12295"},"modified":"2024-04-06T09:36:04","modified_gmt":"2024-04-06T07:36:04","slug":"danut-andrus-secretarul-general-anc-luat-la-bani-marunti-video-curierul-tvr","status":"publish","type":"post","link":"https:\/\/curierulsatelor.ro\/wp\/2024\/04\/06\/danut-andrus-secretarul-general-anc-luat-la-bani-marunti-video-curierul-tvr\/","title":{"rendered":"D\u0103nu\u021b Andru\u0219, secretarul general ANC, luat la bani m\u0103run\u021bi &#8211; video Curierul TV(R)"},"content":{"rendered":"\n<p>Zilele trecute, pa\u0219ii m-au dus pe la magazinul BIG din buricul t\u00e2rgului Boto\u0219ani. Aten\u021bia mi-a fost atras\u0103 de o figur\u0103 cunoscut\u0103. \u00cei lipsea celebra c\u0103ciul\u0103 dacic\u0103. Dar tot el era. D\u0103nu\u021b Andru\u0219. Cel care a fost purt\u0103tor de stindard \u00een protestele fermierilor \u0219i care a reu\u0219it s\u0103 aduc\u0103 \u0219i ceva rezultate \u00een fermele rom\u00e2nilor de la negocierile cu mai marii din Guvern. <\/p>\n\n\n\n<figure class=\"wp-block-image alignright size-large is-resized\"><img fetchpriority=\"high\" decoding=\"async\" width=\"1024\" height=\"776\" src=\"https:\/\/curierulsatelor.ro\/wp\/wp-content\/uploads\/2024\/04\/Danut-Andrus-Mircea-Calistru-Mihaela-Botosineanu-ANC-Botosani-1024x776.jpg\" alt=\"\" class=\"wp-image-12298\" style=\"aspect-ratio:1.3195876288659794;width:585px;height:auto\" srcset=\"https:\/\/curierulsatelor.ro\/wp\/wp-content\/uploads\/2024\/04\/Danut-Andrus-Mircea-Calistru-Mihaela-Botosineanu-ANC-Botosani-1024x776.jpg 1024w, https:\/\/curierulsatelor.ro\/wp\/wp-content\/uploads\/2024\/04\/Danut-Andrus-Mircea-Calistru-Mihaela-Botosineanu-ANC-Botosani-300x227.jpg 300w, https:\/\/curierulsatelor.ro\/wp\/wp-content\/uploads\/2024\/04\/Danut-Andrus-Mircea-Calistru-Mihaela-Botosineanu-ANC-Botosani-768x582.jpg 768w, https:\/\/curierulsatelor.ro\/wp\/wp-content\/uploads\/2024\/04\/Danut-Andrus-Mircea-Calistru-Mihaela-Botosineanu-ANC-Botosani.jpg 1535w\" sizes=\"(max-width: 1024px) 100vw, 1024px\" \/><\/figure>\n\n\n\n<p>P\u00e2\u0219. p\u00e2\u0219, pe urmele lui, am descoperit sediul unui nou partid. Alian\u021ba Na\u021bional Cre\u0219tin\u0103 &#8211; A.N.C. La Boto\u0219ani \u0219i \u00een \u021bar\u0103. Adic\u0103 la nivel na\u021bional ar fi de ceva vreme, dar de vreo c\u00e2teva luni o m\u00e2n\u0103 sau dou\u0103 de oameni au decis s\u0103 \u00eel scoat\u0103 \u00een sat la pe\u021bit. Nu de alta, dar cererea electoral\u0103 \u00eenc\u0103 este mare \u0219i partidele tradi\u021bionaliste sau cele ce au pus car\u00e2mbul puterii pe grumazul \u021b\u0103rii de at\u00e2ta vreme au cam dormit. M\u0103 rog, e o figur\u0103 de stil. C\u0103 nu au dormit deloc. Au trudit zi \u0219i noapte , an dup\u0103 an, pentru chivernisirea conturilor celor ce \u021bin cu din\u021bii de putere. <\/p>\n\n\n\n<p>Neav\u00e2nd \u00eencotro, l-am provocat pe D\u0103nu\u021b Andru\u0219 la un interviu neconven\u021bional, mai ales c\u0103 este \u0219i secretar general al acestui partid la nivel na\u021bional. Red\u0103m mai jos prima parte a interviului \u0219i vom reveni cu celelalte dou\u0103 p\u0103r\u021bi. <\/p>\n\n\n\n<iframe width=\"784\" height=\"441\" src=\"https:\/\/www.youtube.com\/embed\/znC0TzmR5dQ\" title=\"Danut Andrus, secretar general ANC, luat la bani marunti\" frameborder=\"0\" allow=\"accelerometer; autoplay; clipboard-write; encrypted-media; gyroscope; picture-in-picture; web-share\" referrerpolicy=\"strict-origin-when-cross-origin\" allowfullscreen><\/iframe>\n","protected":false},"excerpt":{"rendered":"<p>Zilele trecute, pa\u0219ii m-au dus pe la magazinul BIG din buricul t\u00e2rgului Boto\u0219ani. Aten\u021bia mi-a&#8230;<\/p>\n","protected":false},"author":1,"featured_media":12296,"comment_status":"open","ping_status":"open","sticky":false,"template":"","format":"standard","meta":{"footnotes":""},"categories":[19,6],"tags":[],"class_list":["post-12295","post","type-post","status-publish","format-standard","has-post-thumbnail","hentry","category-curierul-tvr","category-politica"],"yoast_head":"<!-- This site is optimized with the Yoast SEO plugin v27.4 - https:\/\/yoast.com\/product\/yoast-seo-wordpress\/ -->\n<title>D\u0103nu\u021b Andru\u0219, secretarul general ANC, luat la bani m\u0103run\u021bi - video Curierul TV(R) - Curierul Regional<\/title>\n<meta name=\"robots\" content=\"index, follow, max-snippet:-1, max-image-preview:large, max-video-preview:-1\" \/>\n<link rel=\"canonical\" href=\"https:\/\/curierulsatelor.ro\/wp\/2024\/04\/06\/danut-andrus-secretarul-general-anc-luat-la-bani-marunti-video-curierul-tvr\/\" \/>\n<meta property=\"og:locale\" content=\"ro_RO\" \/>\n<meta property=\"og:type\" content=\"article\" \/>\n<meta property=\"og:title\" content=\"D\u0103nu\u021b Andru\u0219, secretarul general ANC, luat la bani m\u0103run\u021bi - video Curierul TV(R) - Curierul Regional\" \/>\n<meta property=\"og:description\" content=\"Zilele trecute, pa\u0219ii m-au dus pe la magazinul BIG din buricul t\u00e2rgului Boto\u0219ani. Aten\u021bia mi-a...\" \/>\n<meta property=\"og:url\" content=\"https:\/\/curierulsatelor.ro\/wp\/2024\/04\/06\/danut-andrus-secretarul-general-anc-luat-la-bani-marunti-video-curierul-tvr\/\" \/>\n<meta property=\"og:site_name\" content=\"Curierul Regional\" \/>\n<meta property=\"article:published_time\" content=\"2024-04-06T07:36:03+00:00\" \/>\n<meta property=\"article:modified_time\" content=\"2024-04-06T07:36:04+00:00\" \/>\n<meta property=\"og:image\" content=\"https:\/\/curierulsatelor.ro\/wp\/wp-content\/uploads\/2024\/04\/Danut-Andrus-ANC.jpg\" \/>\n\t<meta property=\"og:image:width\" content=\"2256\" \/>\n\t<meta property=\"og:image:height\" content=\"1504\" \/>\n\t<meta property=\"og:image:type\" content=\"image\/jpeg\" \/>\n<meta name=\"author\" content=\"Marian Morosan\" \/>\n<meta name=\"twitter:card\" content=\"summary_large_image\" \/>\n<meta name=\"twitter:label1\" content=\"Scris de\" \/>\n\t<meta name=\"twitter:data1\" content=\"Marian Morosan\" \/>\n\t<meta name=\"twitter:label2\" content=\"Timp estimat pentru citire\" \/>\n\t<meta name=\"twitter:data2\" content=\"2 minute\" \/>\n<script type=\"application\/ld+json\" class=\"yoast-schema-graph\">{\"@context\":\"https:\\\/\\\/schema.org\",\"@graph\":[{\"@type\":\"Article\",\"@id\":\"https:\\\/\\\/curierulsatelor.ro\\\/wp\\\/2024\\\/04\\\/06\\\/danut-andrus-secretarul-general-anc-luat-la-bani-marunti-video-curierul-tvr\\\/#article\",\"isPartOf\":{\"@id\":\"https:\\\/\\\/curierulsatelor.ro\\\/wp\\\/2024\\\/04\\\/06\\\/danut-andrus-secretarul-general-anc-luat-la-bani-marunti-video-curierul-tvr\\\/\"},\"author\":{\"name\":\"Marian Morosan\",\"@id\":\"https:\\\/\\\/curierulsatelor.ro\\\/wp\\\/#\\\/schema\\\/person\\\/6f6b28a030e15d619a82894773d6e7b9\"},\"headline\":\"D\u0103nu\u021b Andru\u0219, secretarul general ANC, luat la bani m\u0103run\u021bi &#8211; video Curierul TV(R)\",\"datePublished\":\"2024-04-06T07:36:03+00:00\",\"dateModified\":\"2024-04-06T07:36:04+00:00\",\"mainEntityOfPage\":{\"@id\":\"https:\\\/\\\/curierulsatelor.ro\\\/wp\\\/2024\\\/04\\\/06\\\/danut-andrus-secretarul-general-anc-luat-la-bani-marunti-video-curierul-tvr\\\/\"},\"wordCount\":255,\"commentCount\":0,\"publisher\":{\"@id\":\"https:\\\/\\\/curierulsatelor.ro\\\/wp\\\/#organization\"},\"image\":{\"@id\":\"https:\\\/\\\/curierulsatelor.ro\\\/wp\\\/2024\\\/04\\\/06\\\/danut-andrus-secretarul-general-anc-luat-la-bani-marunti-video-curierul-tvr\\\/#primaryimage\"},\"thumbnailUrl\":\"https:\\\/\\\/curierulsatelor.ro\\\/wp\\\/wp-content\\\/uploads\\\/2024\\\/04\\\/Danut-Andrus-ANC.jpg\",\"articleSection\":[\"Curierul TV(R)\",\"Politica\"],\"inLanguage\":\"ro-RO\",\"potentialAction\":[{\"@type\":\"CommentAction\",\"name\":\"Comment\",\"target\":[\"https:\\\/\\\/curierulsatelor.ro\\\/wp\\\/2024\\\/04\\\/06\\\/danut-andrus-secretarul-general-anc-luat-la-bani-marunti-video-curierul-tvr\\\/#respond\"]}]},{\"@type\":\"WebPage\",\"@id\":\"https:\\\/\\\/curierulsatelor.ro\\\/wp\\\/2024\\\/04\\\/06\\\/danut-andrus-secretarul-general-anc-luat-la-bani-marunti-video-curierul-tvr\\\/\",\"url\":\"https:\\\/\\\/curierulsatelor.ro\\\/wp\\\/2024\\\/04\\\/06\\\/danut-andrus-secretarul-general-anc-luat-la-bani-marunti-video-curierul-tvr\\\/\",\"name\":\"D\u0103nu\u021b Andru\u0219, secretarul general ANC, luat la bani m\u0103run\u021bi - video Curierul TV(R) - Curierul Regional\",\"isPartOf\":{\"@id\":\"https:\\\/\\\/curierulsatelor.ro\\\/wp\\\/#website\"},\"primaryImageOfPage\":{\"@id\":\"https:\\\/\\\/curierulsatelor.ro\\\/wp\\\/2024\\\/04\\\/06\\\/danut-andrus-secretarul-general-anc-luat-la-bani-marunti-video-curierul-tvr\\\/#primaryimage\"},\"image\":{\"@id\":\"https:\\\/\\\/curierulsatelor.ro\\\/wp\\\/2024\\\/04\\\/06\\\/danut-andrus-secretarul-general-anc-luat-la-bani-marunti-video-curierul-tvr\\\/#primaryimage\"},\"thumbnailUrl\":\"https:\\\/\\\/curierulsatelor.ro\\\/wp\\\/wp-content\\\/uploads\\\/2024\\\/04\\\/Danut-Andrus-ANC.jpg\",\"datePublished\":\"2024-04-06T07:36:03+00:00\",\"dateModified\":\"2024-04-06T07:36:04+00:00\",\"breadcrumb\":{\"@id\":\"https:\\\/\\\/curierulsatelor.ro\\\/wp\\\/2024\\\/04\\\/06\\\/danut-andrus-secretarul-general-anc-luat-la-bani-marunti-video-curierul-tvr\\\/#breadcrumb\"},\"inLanguage\":\"ro-RO\",\"potentialAction\":[{\"@type\":\"ReadAction\",\"target\":[\"https:\\\/\\\/curierulsatelor.ro\\\/wp\\\/2024\\\/04\\\/06\\\/danut-andrus-secretarul-general-anc-luat-la-bani-marunti-video-curierul-tvr\\\/\"]}]},{\"@type\":\"ImageObject\",\"inLanguage\":\"ro-RO\",\"@id\":\"https:\\\/\\\/curierulsatelor.ro\\\/wp\\\/2024\\\/04\\\/06\\\/danut-andrus-secretarul-general-anc-luat-la-bani-marunti-video-curierul-tvr\\\/#primaryimage\",\"url\":\"https:\\\/\\\/curierulsatelor.ro\\\/wp\\\/wp-content\\\/uploads\\\/2024\\\/04\\\/Danut-Andrus-ANC.jpg\",\"contentUrl\":\"https:\\\/\\\/curierulsatelor.ro\\\/wp\\\/wp-content\\\/uploads\\\/2024\\\/04\\\/Danut-Andrus-ANC.jpg\",\"width\":2256,\"height\":1504},{\"@type\":\"BreadcrumbList\",\"@id\":\"https:\\\/\\\/curierulsatelor.ro\\\/wp\\\/2024\\\/04\\\/06\\\/danut-andrus-secretarul-general-anc-luat-la-bani-marunti-video-curierul-tvr\\\/#breadcrumb\",\"itemListElement\":[{\"@type\":\"ListItem\",\"position\":1,\"name\":\"Prima pagin\u0103\",\"item\":\"https:\\\/\\\/curierulsatelor.ro\\\/wp\\\/\"},{\"@type\":\"ListItem\",\"position\":2,\"name\":\"D\u0103nu\u021b Andru\u0219, secretarul general ANC, luat la bani m\u0103run\u021bi &#8211; video Curierul TV(R)\"}]},{\"@type\":\"WebSite\",\"@id\":\"https:\\\/\\\/curierulsatelor.ro\\\/wp\\\/#website\",\"url\":\"https:\\\/\\\/curierulsatelor.ro\\\/wp\\\/\",\"name\":\"Curierul Regional\",\"description\":\"\",\"publisher\":{\"@id\":\"https:\\\/\\\/curierulsatelor.ro\\\/wp\\\/#organization\"},\"potentialAction\":[{\"@type\":\"SearchAction\",\"target\":{\"@type\":\"EntryPoint\",\"urlTemplate\":\"https:\\\/\\\/curierulsatelor.ro\\\/wp\\\/?s={search_term_string}\"},\"query-input\":{\"@type\":\"PropertyValueSpecification\",\"valueRequired\":true,\"valueName\":\"search_term_string\"}}],\"inLanguage\":\"ro-RO\"},{\"@type\":\"Organization\",\"@id\":\"https:\\\/\\\/curierulsatelor.ro\\\/wp\\\/#organization\",\"name\":\"Curierul Regional\",\"url\":\"https:\\\/\\\/curierulsatelor.ro\\\/wp\\\/\",\"logo\":{\"@type\":\"ImageObject\",\"inLanguage\":\"ro-RO\",\"@id\":\"https:\\\/\\\/curierulsatelor.ro\\\/wp\\\/#\\\/schema\\\/logo\\\/image\\\/\",\"url\":\"https:\\\/\\\/curierulsatelor.ro\\\/wp\\\/wp-content\\\/uploads\\\/2020\\\/01\\\/Curierul-Regional-si-Curierul-satelor-logo-header.png\",\"contentUrl\":\"https:\\\/\\\/curierulsatelor.ro\\\/wp\\\/wp-content\\\/uploads\\\/2020\\\/01\\\/Curierul-Regional-si-Curierul-satelor-logo-header.png\",\"width\":2943,\"height\":685,\"caption\":\"Curierul Regional\"},\"image\":{\"@id\":\"https:\\\/\\\/curierulsatelor.ro\\\/wp\\\/#\\\/schema\\\/logo\\\/image\\\/\"}},{\"@type\":\"Person\",\"@id\":\"https:\\\/\\\/curierulsatelor.ro\\\/wp\\\/#\\\/schema\\\/person\\\/6f6b28a030e15d619a82894773d6e7b9\",\"name\":\"Marian Morosan\",\"image\":{\"@type\":\"ImageObject\",\"inLanguage\":\"ro-RO\",\"@id\":\"https:\\\/\\\/secure.gravatar.com\\\/avatar\\\/2e833cc9ab99e6bca46266d4ad9030d308346ff7ff0b6b955c29b74cafaf064b?s=96&d=mm&r=g\",\"url\":\"https:\\\/\\\/secure.gravatar.com\\\/avatar\\\/2e833cc9ab99e6bca46266d4ad9030d308346ff7ff0b6b955c29b74cafaf064b?s=96&d=mm&r=g\",\"contentUrl\":\"https:\\\/\\\/secure.gravatar.com\\\/avatar\\\/2e833cc9ab99e6bca46266d4ad9030d308346ff7ff0b6b955c29b74cafaf064b?s=96&d=mm&r=g\",\"caption\":\"Marian Morosan\"},\"description\":\"Copiilor no\u015ftri li se preg\u0103te\u015fte, incon\u015ftient, o lume de joben ciuruit, din care niciodat\u0103 nu iese iepura\u015ful. Doar panglicile politicilor sociale roase de moliile cu \u015ftaif din ultimele decenii. Suntem oropsi\u0163i, suntem dispera\u0163i, manipula\u0163i p\u00e2n\u0103 acolo \u00eenc\u00e2t ne bucur\u0103m s\u0103 fim masa de manevr\u0103 a unora \u015fi s\u0103 sus\u0163inem c\u0103 a\u015fa e normal. Acum \u00eel \u00een\u0163eleg pe Cioran, dar \u00eel \u00een\u0163eleg mai bine \u015fi pe Preda. \u015ei m\u0103 g\u00e2ndesc iar, cu groaz\u0103, la copilul meu. Cel pu\u0163in eu nu \u00eemi doresc s\u0103 \u015ftiu c\u0103 micu\u0163ul meu va fi singur, cu sufletul descul\u0163, prin jungla mileniului III ! https:\\\/\\\/curierulsatelor.ro\\\/wp\\\/2019\\\/10\\\/16\\\/cu-sufletul-descult-prin-jungla-mileniului-iii-editorial\\\/\",\"sameAs\":[\"http:\\\/\\\/admin\"],\"url\":\"https:\\\/\\\/curierulsatelor.ro\\\/wp\\\/author\\\/admin\\\/\"}]}<\/script>\n<!-- \/ Yoast SEO plugin. -->","yoast_head_json":{"title":"D\u0103nu\u021b Andru\u0219, secretarul general ANC, luat la bani m\u0103run\u021bi - video Curierul TV(R) - Curierul Regional","robots":{"index":"index","follow":"follow","max-snippet":"max-snippet:-1","max-image-preview":"max-image-preview:large","max-video-preview":"max-video-preview:-1"},"canonical":"https:\/\/curierulsatelor.ro\/wp\/2024\/04\/06\/danut-andrus-secretarul-general-anc-luat-la-bani-marunti-video-curierul-tvr\/","og_locale":"ro_RO","og_type":"article","og_title":"D\u0103nu\u021b Andru\u0219, secretarul general ANC, luat la bani m\u0103run\u021bi - video Curierul TV(R) - Curierul Regional","og_description":"Zilele trecute, pa\u0219ii m-au dus pe la magazinul BIG din buricul t\u00e2rgului Boto\u0219ani. Aten\u021bia mi-a...","og_url":"https:\/\/curierulsatelor.ro\/wp\/2024\/04\/06\/danut-andrus-secretarul-general-anc-luat-la-bani-marunti-video-curierul-tvr\/","og_site_name":"Curierul Regional","article_published_time":"2024-04-06T07:36:03+00:00","article_modified_time":"2024-04-06T07:36:04+00:00","og_image":[{"width":2256,"height":1504,"url":"https:\/\/curierulsatelor.ro\/wp\/wp-content\/uploads\/2024\/04\/Danut-Andrus-ANC.jpg","type":"image\/jpeg"}],"author":"Marian Morosan","twitter_card":"summary_large_image","twitter_misc":{"Scris de":"Marian Morosan","Timp estimat pentru citire":"2 minute"},"schema":{"@context":"https:\/\/schema.org","@graph":[{"@type":"Article","@id":"https:\/\/curierulsatelor.ro\/wp\/2024\/04\/06\/danut-andrus-secretarul-general-anc-luat-la-bani-marunti-video-curierul-tvr\/#article","isPartOf":{"@id":"https:\/\/curierulsatelor.ro\/wp\/2024\/04\/06\/danut-andrus-secretarul-general-anc-luat-la-bani-marunti-video-curierul-tvr\/"},"author":{"name":"Marian Morosan","@id":"https:\/\/curierulsatelor.ro\/wp\/#\/schema\/person\/6f6b28a030e15d619a82894773d6e7b9"},"headline":"D\u0103nu\u021b Andru\u0219, secretarul general ANC, luat la bani m\u0103run\u021bi &#8211; video Curierul TV(R)","datePublished":"2024-04-06T07:36:03+00:00","dateModified":"2024-04-06T07:36:04+00:00","mainEntityOfPage":{"@id":"https:\/\/curierulsatelor.ro\/wp\/2024\/04\/06\/danut-andrus-secretarul-general-anc-luat-la-bani-marunti-video-curierul-tvr\/"},"wordCount":255,"commentCount":0,"publisher":{"@id":"https:\/\/curierulsatelor.ro\/wp\/#organization"},"image":{"@id":"https:\/\/curierulsatelor.ro\/wp\/2024\/04\/06\/danut-andrus-secretarul-general-anc-luat-la-bani-marunti-video-curierul-tvr\/#primaryimage"},"thumbnailUrl":"https:\/\/curierulsatelor.ro\/wp\/wp-content\/uploads\/2024\/04\/Danut-Andrus-ANC.jpg","articleSection":["Curierul TV(R)","Politica"],"inLanguage":"ro-RO","potentialAction":[{"@type":"CommentAction","name":"Comment","target":["https:\/\/curierulsatelor.ro\/wp\/2024\/04\/06\/danut-andrus-secretarul-general-anc-luat-la-bani-marunti-video-curierul-tvr\/#respond"]}]},{"@type":"WebPage","@id":"https:\/\/curierulsatelor.ro\/wp\/2024\/04\/06\/danut-andrus-secretarul-general-anc-luat-la-bani-marunti-video-curierul-tvr\/","url":"https:\/\/curierulsatelor.ro\/wp\/2024\/04\/06\/danut-andrus-secretarul-general-anc-luat-la-bani-marunti-video-curierul-tvr\/","name":"D\u0103nu\u021b Andru\u0219, secretarul general ANC, luat la bani m\u0103run\u021bi - video Curierul TV(R) - Curierul Regional","isPartOf":{"@id":"https:\/\/curierulsatelor.ro\/wp\/#website"},"primaryImageOfPage":{"@id":"https:\/\/curierulsatelor.ro\/wp\/2024\/04\/06\/danut-andrus-secretarul-general-anc-luat-la-bani-marunti-video-curierul-tvr\/#primaryimage"},"image":{"@id":"https:\/\/curierulsatelor.ro\/wp\/2024\/04\/06\/danut-andrus-secretarul-general-anc-luat-la-bani-marunti-video-curierul-tvr\/#primaryimage"},"thumbnailUrl":"https:\/\/curierulsatelor.ro\/wp\/wp-content\/uploads\/2024\/04\/Danut-Andrus-ANC.jpg","datePublished":"2024-04-06T07:36:03+00:00","dateModified":"2024-04-06T07:36:04+00:00","breadcrumb":{"@id":"https:\/\/curierulsatelor.ro\/wp\/2024\/04\/06\/danut-andrus-secretarul-general-anc-luat-la-bani-marunti-video-curierul-tvr\/#breadcrumb"},"inLanguage":"ro-RO","potentialAction":[{"@type":"ReadAction","target":["https:\/\/curierulsatelor.ro\/wp\/2024\/04\/06\/danut-andrus-secretarul-general-anc-luat-la-bani-marunti-video-curierul-tvr\/"]}]},{"@type":"ImageObject","inLanguage":"ro-RO","@id":"https:\/\/curierulsatelor.ro\/wp\/2024\/04\/06\/danut-andrus-secretarul-general-anc-luat-la-bani-marunti-video-curierul-tvr\/#primaryimage","url":"https:\/\/curierulsatelor.ro\/wp\/wp-content\/uploads\/2024\/04\/Danut-Andrus-ANC.jpg","contentUrl":"https:\/\/curierulsatelor.ro\/wp\/wp-content\/uploads\/2024\/04\/Danut-Andrus-ANC.jpg","width":2256,"height":1504},{"@type":"BreadcrumbList","@id":"https:\/\/curierulsatelor.ro\/wp\/2024\/04\/06\/danut-andrus-secretarul-general-anc-luat-la-bani-marunti-video-curierul-tvr\/#breadcrumb","itemListElement":[{"@type":"ListItem","position":1,"name":"Prima pagin\u0103","item":"https:\/\/curierulsatelor.ro\/wp\/"},{"@type":"ListItem","position":2,"name":"D\u0103nu\u021b Andru\u0219, secretarul general ANC, luat la bani m\u0103run\u021bi &#8211; video Curierul TV(R)"}]},{"@type":"WebSite","@id":"https:\/\/curierulsatelor.ro\/wp\/#website","url":"https:\/\/curierulsatelor.ro\/wp\/","name":"Curierul Regional","description":"","publisher":{"@id":"https:\/\/curierulsatelor.ro\/wp\/#organization"},"potentialAction":[{"@type":"SearchAction","target":{"@type":"EntryPoint","urlTemplate":"https:\/\/curierulsatelor.ro\/wp\/?s={search_term_string}"},"query-input":{"@type":"PropertyValueSpecification","valueRequired":true,"valueName":"search_term_string"}}],"inLanguage":"ro-RO"},{"@type":"Organization","@id":"https:\/\/curierulsatelor.ro\/wp\/#organization","name":"Curierul Regional","url":"https:\/\/curierulsatelor.ro\/wp\/","logo":{"@type":"ImageObject","inLanguage":"ro-RO","@id":"https:\/\/curierulsatelor.ro\/wp\/#\/schema\/logo\/image\/","url":"https:\/\/curierulsatelor.ro\/wp\/wp-content\/uploads\/2020\/01\/Curierul-Regional-si-Curierul-satelor-logo-header.png","contentUrl":"https:\/\/curierulsatelor.ro\/wp\/wp-content\/uploads\/2020\/01\/Curierul-Regional-si-Curierul-satelor-logo-header.png","width":2943,"height":685,"caption":"Curierul Regional"},"image":{"@id":"https:\/\/curierulsatelor.ro\/wp\/#\/schema\/logo\/image\/"}},{"@type":"Person","@id":"https:\/\/curierulsatelor.ro\/wp\/#\/schema\/person\/6f6b28a030e15d619a82894773d6e7b9","name":"Marian Morosan","image":{"@type":"ImageObject","inLanguage":"ro-RO","@id":"https:\/\/secure.gravatar.com\/avatar\/2e833cc9ab99e6bca46266d4ad9030d308346ff7ff0b6b955c29b74cafaf064b?s=96&d=mm&r=g","url":"https:\/\/secure.gravatar.com\/avatar\/2e833cc9ab99e6bca46266d4ad9030d308346ff7ff0b6b955c29b74cafaf064b?s=96&d=mm&r=g","contentUrl":"https:\/\/secure.gravatar.com\/avatar\/2e833cc9ab99e6bca46266d4ad9030d308346ff7ff0b6b955c29b74cafaf064b?s=96&d=mm&r=g","caption":"Marian Morosan"},"description":"Copiilor no\u015ftri li se preg\u0103te\u015fte, incon\u015ftient, o lume de joben ciuruit, din care niciodat\u0103 nu iese iepura\u015ful. Doar panglicile politicilor sociale roase de moliile cu \u015ftaif din ultimele decenii. Suntem oropsi\u0163i, suntem dispera\u0163i, manipula\u0163i p\u00e2n\u0103 acolo \u00eenc\u00e2t ne bucur\u0103m s\u0103 fim masa de manevr\u0103 a unora \u015fi s\u0103 sus\u0163inem c\u0103 a\u015fa e normal. Acum \u00eel \u00een\u0163eleg pe Cioran, dar \u00eel \u00een\u0163eleg mai bine \u015fi pe Preda. \u015ei m\u0103 g\u00e2ndesc iar, cu groaz\u0103, la copilul meu. Cel pu\u0163in eu nu \u00eemi doresc s\u0103 \u015ftiu c\u0103 micu\u0163ul meu va fi singur, cu sufletul descul\u0163, prin jungla mileniului III ! https:\/\/curierulsatelor.ro\/wp\/2019\/10\/16\/cu-sufletul-descult-prin-jungla-mileniului-iii-editorial\/","sameAs":["http:\/\/admin"],"url":"https:\/\/curierulsatelor.ro\/wp\/author\/admin\/"}]}},"_links":{"self":[{"href":"https:\/\/curierulsatelor.ro\/wp\/wp-json\/wp\/v2\/posts\/12295","targetHints":{"allow":["GET"]}}],"collection":[{"href":"https:\/\/curierulsatelor.ro\/wp\/wp-json\/wp\/v2\/posts"}],"about":[{"href":"https:\/\/curierulsatelor.ro\/wp\/wp-json\/wp\/v2\/types\/post"}],"author":[{"embeddable":true,"href":"https:\/\/curierulsatelor.ro\/wp\/wp-json\/wp\/v2\/users\/1"}],"replies":[{"embeddable":true,"href":"https:\/\/curierulsatelor.ro\/wp\/wp-json\/wp\/v2\/comments?post=12295"}],"version-history":[{"count":2,"href":"https:\/\/curierulsatelor.ro\/wp\/wp-json\/wp\/v2\/posts\/12295\/revisions"}],"predecessor-version":[{"id":12299,"href":"https:\/\/curierulsatelor.ro\/wp\/wp-json\/wp\/v2\/posts\/12295\/revisions\/12299"}],"wp:featuredmedia":[{"embeddable":true,"href":"https:\/\/curierulsatelor.ro\/wp\/wp-json\/wp\/v2\/media\/12296"}],"wp:attachment":[{"href":"https:\/\/curierulsatelor.ro\/wp\/wp-json\/wp\/v2\/media?parent=12295"}],"wp:term":[{"taxonomy":"category","embeddable":true,"href":"https:\/\/curierulsatelor.ro\/wp\/wp-json\/wp\/v2\/categories?post=12295"},{"taxonomy":"post_tag","embeddable":true,"href":"https:\/\/curierulsatelor.ro\/wp\/wp-json\/wp\/v2\/tags?post=12295"}],"curies":[{"name":"wp","href":"https:\/\/api.w.org\/{rel}","templated":true}]}}