{"id":12398,"date":"2024-04-20T22:01:44","date_gmt":"2024-04-20T20:01:44","guid":{"rendered":"https:\/\/curierulsatelor.ro\/wp\/?p=12398"},"modified":"2024-04-20T22:01:45","modified_gmt":"2024-04-20T20:01:45","slug":"ca-primar-silegeanu-propune-modernizarea-pietelor-alta-noua-si-solutii-pentru-producatori","status":"publish","type":"post","link":"https:\/\/curierulsatelor.ro\/wp\/2024\/04\/20\/ca-primar-silegeanu-propune-modernizarea-pietelor-alta-noua-si-solutii-pentru-producatori\/","title":{"rendered":"Ca primar, Silegeanu propune modernizarea pie\u021belor, alta nou\u0103 \u0219i solu\u021bii pentru produc\u0103tori"},"content":{"rendered":"\n<p>Municipiul Boto\u0219ani are un poten\u021bial semnificativ de cre\u0219tere economic\u0103, pe care \u00eel putem valorifica prin sprijinirea intensiv\u0103 a produc\u0103torilor locali. \u00cen acest sens, propun un plan amplu de revitalizare urban\u0103, viz\u00e2nd modernizarea celor dou\u0103 pie\u021be tradi\u021bionale \u0219i \u00eembun\u0103t\u0103\u021birea zonelor comerciale adiacente. Prin aceasta, ne dorim s\u0103 oferim o infrastructur\u0103 modern\u0103 \u0219i s\u0103 cre\u0103m un spa\u021biu public atractiv pentru to\u021bi boto\u0219\u0103nenii.<\/p>\n\n\n\n<p>\u00cen plus, propun crearea unei noi pie\u021be volante, care va fi amplasat\u0103 strategic \u00een zona Pu\u0219kin sau \u00een proximitatea Liceului Pedagogic. Aceasta va deservi locuitorii din zonele mai \u00eendep\u0103rtate ale ora\u0219ului, facilit\u00e2nd accesul la produse locale proaspete \u0219i de calitate. Pia\u021ba va fi activ\u0103 zilnic, transform\u00e2ndu-se \u00eentr-un centru vital al comunit\u0103\u021bii \u00een weekenduri, printr-o serie de t\u00e2rguri ce vor eviden\u021bia diversitatea \u0219i calitatea produc\u021biei locale.<\/p>\n\n\n\n<p>Planul nostru nu se opre\u0219te aici. Pentru a sus\u021bine adev\u0103ra\u021bii produc\u0103tori, vom oferi spa\u021bii de desfacere gratuit \u0219i vom elimina obstacolele financiare, promov\u00e2nd astfel o pia\u021b\u0103 just\u0103 \u0219i accesibil\u0103 pentru to\u021bi. De asemenea, vom implementa un sistem riguros de verificare a autenticit\u0103\u021bii produc\u0103torilor, prin certific\u0103ri transparente, asigur\u00e2ndu-ne c\u0103 doar fermierii \u0219i artizanii veritabili beneficiaz\u0103 de aceste oportunit\u0103\u021bi.<\/p>\n\n\n\n<p>Aceste m\u0103suri sunt concepute nu doar pentru a dinamiza economia local\u0103, ci \u0219i pentru a \u00eembun\u0103t\u0103\u021bi semnificativ calitatea vie\u021bii fiec\u0103rui boto\u0219\u0103nean. V\u0103 invit s\u0103 v\u0103 al\u0103tura\u021bi \u0219i s\u0103 sus\u021bine\u021bi acest proiect ambi\u021bios, care va transforma Boto\u0219aniul \u00eentr-un exemplu de urmat pentru \u00eentreaga regiune. S\u0103 lucr\u0103m \u00eempreun\u0103 pentru un ora\u0219 mai prosper \u0219i mai vibrant!<\/p>\n\n\n\n<p><strong><em>C\u0103t\u0103lin SILEGEANU<\/em><\/strong><\/p>\n","protected":false},"excerpt":{"rendered":"<p>Municipiul Boto\u0219ani are un poten\u021bial semnificativ de cre\u0219tere economic\u0103, pe care \u00eel putem valorifica prin&#8230;<\/p>\n","protected":false},"author":1,"featured_media":12399,"comment_status":"open","ping_status":"open","sticky":false,"template":"","format":"standard","meta":{"footnotes":""},"categories":[8,6],"tags":[],"class_list":["post-12398","post","type-post","status-publish","format-standard","has-post-thumbnail","hentry","category-comunicate","category-politica"],"yoast_head":"<!-- This site is optimized with the Yoast SEO plugin v27.4 - https:\/\/yoast.com\/product\/yoast-seo-wordpress\/ -->\n<title>Ca primar, Silegeanu propune modernizarea pie\u021belor, alta nou\u0103 \u0219i solu\u021bii pentru produc\u0103tori - Curierul Regional<\/title>\n<meta name=\"robots\" content=\"index, follow, max-snippet:-1, max-image-preview:large, max-video-preview:-1\" \/>\n<link rel=\"canonical\" href=\"https:\/\/curierulsatelor.ro\/wp\/2024\/04\/20\/ca-primar-silegeanu-propune-modernizarea-pietelor-alta-noua-si-solutii-pentru-producatori\/\" \/>\n<meta property=\"og:locale\" content=\"ro_RO\" \/>\n<meta property=\"og:type\" content=\"article\" \/>\n<meta property=\"og:title\" content=\"Ca primar, Silegeanu propune modernizarea pie\u021belor, alta nou\u0103 \u0219i solu\u021bii pentru produc\u0103tori - Curierul Regional\" \/>\n<meta property=\"og:description\" content=\"Municipiul Boto\u0219ani are un poten\u021bial semnificativ de cre\u0219tere economic\u0103, pe care \u00eel putem valorifica prin...\" \/>\n<meta property=\"og:url\" content=\"https:\/\/curierulsatelor.ro\/wp\/2024\/04\/20\/ca-primar-silegeanu-propune-modernizarea-pietelor-alta-noua-si-solutii-pentru-producatori\/\" \/>\n<meta property=\"og:site_name\" content=\"Curierul Regional\" \/>\n<meta property=\"article:published_time\" content=\"2024-04-20T20:01:44+00:00\" \/>\n<meta property=\"article:modified_time\" content=\"2024-04-20T20:01:45+00:00\" \/>\n<meta property=\"og:image\" content=\"https:\/\/curierulsatelor.ro\/wp\/wp-content\/uploads\/2024\/04\/Catalin-Silegeanu-AUR-comunicat-piata-primarie-Botosani-alegeri-scaled.jpg\" \/>\n\t<meta property=\"og:image:width\" content=\"2560\" \/>\n\t<meta property=\"og:image:height\" content=\"1517\" \/>\n\t<meta property=\"og:image:type\" content=\"image\/jpeg\" \/>\n<meta name=\"author\" content=\"Marian Morosan\" \/>\n<meta name=\"twitter:card\" content=\"summary_large_image\" \/>\n<meta name=\"twitter:label1\" content=\"Scris de\" \/>\n\t<meta name=\"twitter:data1\" content=\"Marian Morosan\" \/>\n\t<meta name=\"twitter:label2\" content=\"Timp estimat pentru citire\" \/>\n\t<meta name=\"twitter:data2\" content=\"2 minute\" \/>\n<script type=\"application\/ld+json\" class=\"yoast-schema-graph\">{\"@context\":\"https:\\\/\\\/schema.org\",\"@graph\":[{\"@type\":\"Article\",\"@id\":\"https:\\\/\\\/curierulsatelor.ro\\\/wp\\\/2024\\\/04\\\/20\\\/ca-primar-silegeanu-propune-modernizarea-pietelor-alta-noua-si-solutii-pentru-producatori\\\/#article\",\"isPartOf\":{\"@id\":\"https:\\\/\\\/curierulsatelor.ro\\\/wp\\\/2024\\\/04\\\/20\\\/ca-primar-silegeanu-propune-modernizarea-pietelor-alta-noua-si-solutii-pentru-producatori\\\/\"},\"author\":{\"name\":\"Marian Morosan\",\"@id\":\"https:\\\/\\\/curierulsatelor.ro\\\/wp\\\/#\\\/schema\\\/person\\\/6f6b28a030e15d619a82894773d6e7b9\"},\"headline\":\"Ca primar, Silegeanu propune modernizarea pie\u021belor, alta nou\u0103 \u0219i solu\u021bii pentru produc\u0103tori\",\"datePublished\":\"2024-04-20T20:01:44+00:00\",\"dateModified\":\"2024-04-20T20:01:45+00:00\",\"mainEntityOfPage\":{\"@id\":\"https:\\\/\\\/curierulsatelor.ro\\\/wp\\\/2024\\\/04\\\/20\\\/ca-primar-silegeanu-propune-modernizarea-pietelor-alta-noua-si-solutii-pentru-producatori\\\/\"},\"wordCount\":305,\"commentCount\":0,\"publisher\":{\"@id\":\"https:\\\/\\\/curierulsatelor.ro\\\/wp\\\/#organization\"},\"image\":{\"@id\":\"https:\\\/\\\/curierulsatelor.ro\\\/wp\\\/2024\\\/04\\\/20\\\/ca-primar-silegeanu-propune-modernizarea-pietelor-alta-noua-si-solutii-pentru-producatori\\\/#primaryimage\"},\"thumbnailUrl\":\"https:\\\/\\\/curierulsatelor.ro\\\/wp\\\/wp-content\\\/uploads\\\/2024\\\/04\\\/Catalin-Silegeanu-AUR-comunicat-piata-primarie-Botosani-alegeri-scaled.jpg\",\"articleSection\":[\"Comunicate\",\"Politica\"],\"inLanguage\":\"ro-RO\",\"potentialAction\":[{\"@type\":\"CommentAction\",\"name\":\"Comment\",\"target\":[\"https:\\\/\\\/curierulsatelor.ro\\\/wp\\\/2024\\\/04\\\/20\\\/ca-primar-silegeanu-propune-modernizarea-pietelor-alta-noua-si-solutii-pentru-producatori\\\/#respond\"]}]},{\"@type\":\"WebPage\",\"@id\":\"https:\\\/\\\/curierulsatelor.ro\\\/wp\\\/2024\\\/04\\\/20\\\/ca-primar-silegeanu-propune-modernizarea-pietelor-alta-noua-si-solutii-pentru-producatori\\\/\",\"url\":\"https:\\\/\\\/curierulsatelor.ro\\\/wp\\\/2024\\\/04\\\/20\\\/ca-primar-silegeanu-propune-modernizarea-pietelor-alta-noua-si-solutii-pentru-producatori\\\/\",\"name\":\"Ca primar, Silegeanu propune modernizarea pie\u021belor, alta nou\u0103 \u0219i solu\u021bii pentru produc\u0103tori - Curierul Regional\",\"isPartOf\":{\"@id\":\"https:\\\/\\\/curierulsatelor.ro\\\/wp\\\/#website\"},\"primaryImageOfPage\":{\"@id\":\"https:\\\/\\\/curierulsatelor.ro\\\/wp\\\/2024\\\/04\\\/20\\\/ca-primar-silegeanu-propune-modernizarea-pietelor-alta-noua-si-solutii-pentru-producatori\\\/#primaryimage\"},\"image\":{\"@id\":\"https:\\\/\\\/curierulsatelor.ro\\\/wp\\\/2024\\\/04\\\/20\\\/ca-primar-silegeanu-propune-modernizarea-pietelor-alta-noua-si-solutii-pentru-producatori\\\/#primaryimage\"},\"thumbnailUrl\":\"https:\\\/\\\/curierulsatelor.ro\\\/wp\\\/wp-content\\\/uploads\\\/2024\\\/04\\\/Catalin-Silegeanu-AUR-comunicat-piata-primarie-Botosani-alegeri-scaled.jpg\",\"datePublished\":\"2024-04-20T20:01:44+00:00\",\"dateModified\":\"2024-04-20T20:01:45+00:00\",\"breadcrumb\":{\"@id\":\"https:\\\/\\\/curierulsatelor.ro\\\/wp\\\/2024\\\/04\\\/20\\\/ca-primar-silegeanu-propune-modernizarea-pietelor-alta-noua-si-solutii-pentru-producatori\\\/#breadcrumb\"},\"inLanguage\":\"ro-RO\",\"potentialAction\":[{\"@type\":\"ReadAction\",\"target\":[\"https:\\\/\\\/curierulsatelor.ro\\\/wp\\\/2024\\\/04\\\/20\\\/ca-primar-silegeanu-propune-modernizarea-pietelor-alta-noua-si-solutii-pentru-producatori\\\/\"]}]},{\"@type\":\"ImageObject\",\"inLanguage\":\"ro-RO\",\"@id\":\"https:\\\/\\\/curierulsatelor.ro\\\/wp\\\/2024\\\/04\\\/20\\\/ca-primar-silegeanu-propune-modernizarea-pietelor-alta-noua-si-solutii-pentru-producatori\\\/#primaryimage\",\"url\":\"https:\\\/\\\/curierulsatelor.ro\\\/wp\\\/wp-content\\\/uploads\\\/2024\\\/04\\\/Catalin-Silegeanu-AUR-comunicat-piata-primarie-Botosani-alegeri-scaled.jpg\",\"contentUrl\":\"https:\\\/\\\/curierulsatelor.ro\\\/wp\\\/wp-content\\\/uploads\\\/2024\\\/04\\\/Catalin-Silegeanu-AUR-comunicat-piata-primarie-Botosani-alegeri-scaled.jpg\",\"width\":2560,\"height\":1517},{\"@type\":\"BreadcrumbList\",\"@id\":\"https:\\\/\\\/curierulsatelor.ro\\\/wp\\\/2024\\\/04\\\/20\\\/ca-primar-silegeanu-propune-modernizarea-pietelor-alta-noua-si-solutii-pentru-producatori\\\/#breadcrumb\",\"itemListElement\":[{\"@type\":\"ListItem\",\"position\":1,\"name\":\"Prima pagin\u0103\",\"item\":\"https:\\\/\\\/curierulsatelor.ro\\\/wp\\\/\"},{\"@type\":\"ListItem\",\"position\":2,\"name\":\"Ca primar, Silegeanu propune modernizarea pie\u021belor, alta nou\u0103 \u0219i solu\u021bii pentru produc\u0103tori\"}]},{\"@type\":\"WebSite\",\"@id\":\"https:\\\/\\\/curierulsatelor.ro\\\/wp\\\/#website\",\"url\":\"https:\\\/\\\/curierulsatelor.ro\\\/wp\\\/\",\"name\":\"Curierul Regional\",\"description\":\"\",\"publisher\":{\"@id\":\"https:\\\/\\\/curierulsatelor.ro\\\/wp\\\/#organization\"},\"potentialAction\":[{\"@type\":\"SearchAction\",\"target\":{\"@type\":\"EntryPoint\",\"urlTemplate\":\"https:\\\/\\\/curierulsatelor.ro\\\/wp\\\/?s={search_term_string}\"},\"query-input\":{\"@type\":\"PropertyValueSpecification\",\"valueRequired\":true,\"valueName\":\"search_term_string\"}}],\"inLanguage\":\"ro-RO\"},{\"@type\":\"Organization\",\"@id\":\"https:\\\/\\\/curierulsatelor.ro\\\/wp\\\/#organization\",\"name\":\"Curierul Regional\",\"url\":\"https:\\\/\\\/curierulsatelor.ro\\\/wp\\\/\",\"logo\":{\"@type\":\"ImageObject\",\"inLanguage\":\"ro-RO\",\"@id\":\"https:\\\/\\\/curierulsatelor.ro\\\/wp\\\/#\\\/schema\\\/logo\\\/image\\\/\",\"url\":\"https:\\\/\\\/curierulsatelor.ro\\\/wp\\\/wp-content\\\/uploads\\\/2020\\\/01\\\/Curierul-Regional-si-Curierul-satelor-logo-header.png\",\"contentUrl\":\"https:\\\/\\\/curierulsatelor.ro\\\/wp\\\/wp-content\\\/uploads\\\/2020\\\/01\\\/Curierul-Regional-si-Curierul-satelor-logo-header.png\",\"width\":2943,\"height\":685,\"caption\":\"Curierul Regional\"},\"image\":{\"@id\":\"https:\\\/\\\/curierulsatelor.ro\\\/wp\\\/#\\\/schema\\\/logo\\\/image\\\/\"}},{\"@type\":\"Person\",\"@id\":\"https:\\\/\\\/curierulsatelor.ro\\\/wp\\\/#\\\/schema\\\/person\\\/6f6b28a030e15d619a82894773d6e7b9\",\"name\":\"Marian Morosan\",\"image\":{\"@type\":\"ImageObject\",\"inLanguage\":\"ro-RO\",\"@id\":\"https:\\\/\\\/secure.gravatar.com\\\/avatar\\\/2e833cc9ab99e6bca46266d4ad9030d308346ff7ff0b6b955c29b74cafaf064b?s=96&d=mm&r=g\",\"url\":\"https:\\\/\\\/secure.gravatar.com\\\/avatar\\\/2e833cc9ab99e6bca46266d4ad9030d308346ff7ff0b6b955c29b74cafaf064b?s=96&d=mm&r=g\",\"contentUrl\":\"https:\\\/\\\/secure.gravatar.com\\\/avatar\\\/2e833cc9ab99e6bca46266d4ad9030d308346ff7ff0b6b955c29b74cafaf064b?s=96&d=mm&r=g\",\"caption\":\"Marian Morosan\"},\"description\":\"Copiilor no\u015ftri li se preg\u0103te\u015fte, incon\u015ftient, o lume de joben ciuruit, din care niciodat\u0103 nu iese iepura\u015ful. Doar panglicile politicilor sociale roase de moliile cu \u015ftaif din ultimele decenii. Suntem oropsi\u0163i, suntem dispera\u0163i, manipula\u0163i p\u00e2n\u0103 acolo \u00eenc\u00e2t ne bucur\u0103m s\u0103 fim masa de manevr\u0103 a unora \u015fi s\u0103 sus\u0163inem c\u0103 a\u015fa e normal. Acum \u00eel \u00een\u0163eleg pe Cioran, dar \u00eel \u00een\u0163eleg mai bine \u015fi pe Preda. \u015ei m\u0103 g\u00e2ndesc iar, cu groaz\u0103, la copilul meu. Cel pu\u0163in eu nu \u00eemi doresc s\u0103 \u015ftiu c\u0103 micu\u0163ul meu va fi singur, cu sufletul descul\u0163, prin jungla mileniului III ! https:\\\/\\\/curierulsatelor.ro\\\/wp\\\/2019\\\/10\\\/16\\\/cu-sufletul-descult-prin-jungla-mileniului-iii-editorial\\\/\",\"sameAs\":[\"http:\\\/\\\/admin\"],\"url\":\"https:\\\/\\\/curierulsatelor.ro\\\/wp\\\/author\\\/admin\\\/\"}]}<\/script>\n<!-- \/ Yoast SEO plugin. -->","yoast_head_json":{"title":"Ca primar, Silegeanu propune modernizarea pie\u021belor, alta nou\u0103 \u0219i solu\u021bii pentru produc\u0103tori - Curierul Regional","robots":{"index":"index","follow":"follow","max-snippet":"max-snippet:-1","max-image-preview":"max-image-preview:large","max-video-preview":"max-video-preview:-1"},"canonical":"https:\/\/curierulsatelor.ro\/wp\/2024\/04\/20\/ca-primar-silegeanu-propune-modernizarea-pietelor-alta-noua-si-solutii-pentru-producatori\/","og_locale":"ro_RO","og_type":"article","og_title":"Ca primar, Silegeanu propune modernizarea pie\u021belor, alta nou\u0103 \u0219i solu\u021bii pentru produc\u0103tori - Curierul Regional","og_description":"Municipiul Boto\u0219ani are un poten\u021bial semnificativ de cre\u0219tere economic\u0103, pe care \u00eel putem valorifica prin...","og_url":"https:\/\/curierulsatelor.ro\/wp\/2024\/04\/20\/ca-primar-silegeanu-propune-modernizarea-pietelor-alta-noua-si-solutii-pentru-producatori\/","og_site_name":"Curierul Regional","article_published_time":"2024-04-20T20:01:44+00:00","article_modified_time":"2024-04-20T20:01:45+00:00","og_image":[{"width":2560,"height":1517,"url":"https:\/\/curierulsatelor.ro\/wp\/wp-content\/uploads\/2024\/04\/Catalin-Silegeanu-AUR-comunicat-piata-primarie-Botosani-alegeri-scaled.jpg","type":"image\/jpeg"}],"author":"Marian Morosan","twitter_card":"summary_large_image","twitter_misc":{"Scris de":"Marian Morosan","Timp estimat pentru citire":"2 minute"},"schema":{"@context":"https:\/\/schema.org","@graph":[{"@type":"Article","@id":"https:\/\/curierulsatelor.ro\/wp\/2024\/04\/20\/ca-primar-silegeanu-propune-modernizarea-pietelor-alta-noua-si-solutii-pentru-producatori\/#article","isPartOf":{"@id":"https:\/\/curierulsatelor.ro\/wp\/2024\/04\/20\/ca-primar-silegeanu-propune-modernizarea-pietelor-alta-noua-si-solutii-pentru-producatori\/"},"author":{"name":"Marian Morosan","@id":"https:\/\/curierulsatelor.ro\/wp\/#\/schema\/person\/6f6b28a030e15d619a82894773d6e7b9"},"headline":"Ca primar, Silegeanu propune modernizarea pie\u021belor, alta nou\u0103 \u0219i solu\u021bii pentru produc\u0103tori","datePublished":"2024-04-20T20:01:44+00:00","dateModified":"2024-04-20T20:01:45+00:00","mainEntityOfPage":{"@id":"https:\/\/curierulsatelor.ro\/wp\/2024\/04\/20\/ca-primar-silegeanu-propune-modernizarea-pietelor-alta-noua-si-solutii-pentru-producatori\/"},"wordCount":305,"commentCount":0,"publisher":{"@id":"https:\/\/curierulsatelor.ro\/wp\/#organization"},"image":{"@id":"https:\/\/curierulsatelor.ro\/wp\/2024\/04\/20\/ca-primar-silegeanu-propune-modernizarea-pietelor-alta-noua-si-solutii-pentru-producatori\/#primaryimage"},"thumbnailUrl":"https:\/\/curierulsatelor.ro\/wp\/wp-content\/uploads\/2024\/04\/Catalin-Silegeanu-AUR-comunicat-piata-primarie-Botosani-alegeri-scaled.jpg","articleSection":["Comunicate","Politica"],"inLanguage":"ro-RO","potentialAction":[{"@type":"CommentAction","name":"Comment","target":["https:\/\/curierulsatelor.ro\/wp\/2024\/04\/20\/ca-primar-silegeanu-propune-modernizarea-pietelor-alta-noua-si-solutii-pentru-producatori\/#respond"]}]},{"@type":"WebPage","@id":"https:\/\/curierulsatelor.ro\/wp\/2024\/04\/20\/ca-primar-silegeanu-propune-modernizarea-pietelor-alta-noua-si-solutii-pentru-producatori\/","url":"https:\/\/curierulsatelor.ro\/wp\/2024\/04\/20\/ca-primar-silegeanu-propune-modernizarea-pietelor-alta-noua-si-solutii-pentru-producatori\/","name":"Ca primar, Silegeanu propune modernizarea pie\u021belor, alta nou\u0103 \u0219i solu\u021bii pentru produc\u0103tori - Curierul Regional","isPartOf":{"@id":"https:\/\/curierulsatelor.ro\/wp\/#website"},"primaryImageOfPage":{"@id":"https:\/\/curierulsatelor.ro\/wp\/2024\/04\/20\/ca-primar-silegeanu-propune-modernizarea-pietelor-alta-noua-si-solutii-pentru-producatori\/#primaryimage"},"image":{"@id":"https:\/\/curierulsatelor.ro\/wp\/2024\/04\/20\/ca-primar-silegeanu-propune-modernizarea-pietelor-alta-noua-si-solutii-pentru-producatori\/#primaryimage"},"thumbnailUrl":"https:\/\/curierulsatelor.ro\/wp\/wp-content\/uploads\/2024\/04\/Catalin-Silegeanu-AUR-comunicat-piata-primarie-Botosani-alegeri-scaled.jpg","datePublished":"2024-04-20T20:01:44+00:00","dateModified":"2024-04-20T20:01:45+00:00","breadcrumb":{"@id":"https:\/\/curierulsatelor.ro\/wp\/2024\/04\/20\/ca-primar-silegeanu-propune-modernizarea-pietelor-alta-noua-si-solutii-pentru-producatori\/#breadcrumb"},"inLanguage":"ro-RO","potentialAction":[{"@type":"ReadAction","target":["https:\/\/curierulsatelor.ro\/wp\/2024\/04\/20\/ca-primar-silegeanu-propune-modernizarea-pietelor-alta-noua-si-solutii-pentru-producatori\/"]}]},{"@type":"ImageObject","inLanguage":"ro-RO","@id":"https:\/\/curierulsatelor.ro\/wp\/2024\/04\/20\/ca-primar-silegeanu-propune-modernizarea-pietelor-alta-noua-si-solutii-pentru-producatori\/#primaryimage","url":"https:\/\/curierulsatelor.ro\/wp\/wp-content\/uploads\/2024\/04\/Catalin-Silegeanu-AUR-comunicat-piata-primarie-Botosani-alegeri-scaled.jpg","contentUrl":"https:\/\/curierulsatelor.ro\/wp\/wp-content\/uploads\/2024\/04\/Catalin-Silegeanu-AUR-comunicat-piata-primarie-Botosani-alegeri-scaled.jpg","width":2560,"height":1517},{"@type":"BreadcrumbList","@id":"https:\/\/curierulsatelor.ro\/wp\/2024\/04\/20\/ca-primar-silegeanu-propune-modernizarea-pietelor-alta-noua-si-solutii-pentru-producatori\/#breadcrumb","itemListElement":[{"@type":"ListItem","position":1,"name":"Prima pagin\u0103","item":"https:\/\/curierulsatelor.ro\/wp\/"},{"@type":"ListItem","position":2,"name":"Ca primar, Silegeanu propune modernizarea pie\u021belor, alta nou\u0103 \u0219i solu\u021bii pentru produc\u0103tori"}]},{"@type":"WebSite","@id":"https:\/\/curierulsatelor.ro\/wp\/#website","url":"https:\/\/curierulsatelor.ro\/wp\/","name":"Curierul Regional","description":"","publisher":{"@id":"https:\/\/curierulsatelor.ro\/wp\/#organization"},"potentialAction":[{"@type":"SearchAction","target":{"@type":"EntryPoint","urlTemplate":"https:\/\/curierulsatelor.ro\/wp\/?s={search_term_string}"},"query-input":{"@type":"PropertyValueSpecification","valueRequired":true,"valueName":"search_term_string"}}],"inLanguage":"ro-RO"},{"@type":"Organization","@id":"https:\/\/curierulsatelor.ro\/wp\/#organization","name":"Curierul Regional","url":"https:\/\/curierulsatelor.ro\/wp\/","logo":{"@type":"ImageObject","inLanguage":"ro-RO","@id":"https:\/\/curierulsatelor.ro\/wp\/#\/schema\/logo\/image\/","url":"https:\/\/curierulsatelor.ro\/wp\/wp-content\/uploads\/2020\/01\/Curierul-Regional-si-Curierul-satelor-logo-header.png","contentUrl":"https:\/\/curierulsatelor.ro\/wp\/wp-content\/uploads\/2020\/01\/Curierul-Regional-si-Curierul-satelor-logo-header.png","width":2943,"height":685,"caption":"Curierul Regional"},"image":{"@id":"https:\/\/curierulsatelor.ro\/wp\/#\/schema\/logo\/image\/"}},{"@type":"Person","@id":"https:\/\/curierulsatelor.ro\/wp\/#\/schema\/person\/6f6b28a030e15d619a82894773d6e7b9","name":"Marian Morosan","image":{"@type":"ImageObject","inLanguage":"ro-RO","@id":"https:\/\/secure.gravatar.com\/avatar\/2e833cc9ab99e6bca46266d4ad9030d308346ff7ff0b6b955c29b74cafaf064b?s=96&d=mm&r=g","url":"https:\/\/secure.gravatar.com\/avatar\/2e833cc9ab99e6bca46266d4ad9030d308346ff7ff0b6b955c29b74cafaf064b?s=96&d=mm&r=g","contentUrl":"https:\/\/secure.gravatar.com\/avatar\/2e833cc9ab99e6bca46266d4ad9030d308346ff7ff0b6b955c29b74cafaf064b?s=96&d=mm&r=g","caption":"Marian Morosan"},"description":"Copiilor no\u015ftri li se preg\u0103te\u015fte, incon\u015ftient, o lume de joben ciuruit, din care niciodat\u0103 nu iese iepura\u015ful. Doar panglicile politicilor sociale roase de moliile cu \u015ftaif din ultimele decenii. Suntem oropsi\u0163i, suntem dispera\u0163i, manipula\u0163i p\u00e2n\u0103 acolo \u00eenc\u00e2t ne bucur\u0103m s\u0103 fim masa de manevr\u0103 a unora \u015fi s\u0103 sus\u0163inem c\u0103 a\u015fa e normal. Acum \u00eel \u00een\u0163eleg pe Cioran, dar \u00eel \u00een\u0163eleg mai bine \u015fi pe Preda. \u015ei m\u0103 g\u00e2ndesc iar, cu groaz\u0103, la copilul meu. Cel pu\u0163in eu nu \u00eemi doresc s\u0103 \u015ftiu c\u0103 micu\u0163ul meu va fi singur, cu sufletul descul\u0163, prin jungla mileniului III ! https:\/\/curierulsatelor.ro\/wp\/2019\/10\/16\/cu-sufletul-descult-prin-jungla-mileniului-iii-editorial\/","sameAs":["http:\/\/admin"],"url":"https:\/\/curierulsatelor.ro\/wp\/author\/admin\/"}]}},"_links":{"self":[{"href":"https:\/\/curierulsatelor.ro\/wp\/wp-json\/wp\/v2\/posts\/12398","targetHints":{"allow":["GET"]}}],"collection":[{"href":"https:\/\/curierulsatelor.ro\/wp\/wp-json\/wp\/v2\/posts"}],"about":[{"href":"https:\/\/curierulsatelor.ro\/wp\/wp-json\/wp\/v2\/types\/post"}],"author":[{"embeddable":true,"href":"https:\/\/curierulsatelor.ro\/wp\/wp-json\/wp\/v2\/users\/1"}],"replies":[{"embeddable":true,"href":"https:\/\/curierulsatelor.ro\/wp\/wp-json\/wp\/v2\/comments?post=12398"}],"version-history":[{"count":1,"href":"https:\/\/curierulsatelor.ro\/wp\/wp-json\/wp\/v2\/posts\/12398\/revisions"}],"predecessor-version":[{"id":12400,"href":"https:\/\/curierulsatelor.ro\/wp\/wp-json\/wp\/v2\/posts\/12398\/revisions\/12400"}],"wp:featuredmedia":[{"embeddable":true,"href":"https:\/\/curierulsatelor.ro\/wp\/wp-json\/wp\/v2\/media\/12399"}],"wp:attachment":[{"href":"https:\/\/curierulsatelor.ro\/wp\/wp-json\/wp\/v2\/media?parent=12398"}],"wp:term":[{"taxonomy":"category","embeddable":true,"href":"https:\/\/curierulsatelor.ro\/wp\/wp-json\/wp\/v2\/categories?post=12398"},{"taxonomy":"post_tag","embeddable":true,"href":"https:\/\/curierulsatelor.ro\/wp\/wp-json\/wp\/v2\/tags?post=12398"}],"curies":[{"name":"wp","href":"https:\/\/api.w.org\/{rel}","templated":true}]}}