{"id":1312,"date":"2020-01-28T06:46:39","date_gmt":"2020-01-28T06:46:39","guid":{"rendered":"https:\/\/curierulsatelor.ro\/wp\/?p=1312"},"modified":"2020-01-28T06:46:45","modified_gmt":"2020-01-28T06:46:45","slug":"elsaco-participa-in-texas-la-expozitia-distributech-international","status":"publish","type":"post","link":"https:\/\/curierulsatelor.ro\/wp\/2020\/01\/28\/elsaco-participa-in-texas-la-expozitia-distributech-international\/","title":{"rendered":"Elsaco particip\u0103 \u00een Texas la expozi\u021bia DISTRIBUTECH International"},"content":{"rendered":"\n<p> \u00cencep\u00e2nd de ast\u0103zi, timp de trei zile, reprezentan\u021bii unei firme boto\u0219\u0103nene vor prezenta americanilor \u0219i \u00eentregii lumi, lao expozi\u021bie tematic\u0103, produse \u0219i servicii energii regenerabile, cyber security sau alte domenii. Compania Elsaco Solutions va participa \u00een perioada 28-30 ianuarie la expozi\u021bia DISTRIBUTECH International, eveniment care are loc \u00een San Antonio, Texas, SUA. Peste 520 de companii vor prezenta informa\u021bii, produse \u0219i servicii ce \u021bin de sisteme de automatizare \u0219i control pentru furnizarea energiei electrice, eficien\u021b\u0103 energetic\u0103, integrarea energiilor regenerabile, contorizare avansat\u0103, tehnologii de comunica\u021bii, cyber security, tehnologii de ap\u0103 \u0219i multe altele. <\/p>\n\n\n\n<figure class=\"wp-block-image\"><img fetchpriority=\"high\" decoding=\"async\" width=\"3996\" height=\"1476\" src=\"https:\/\/i1.wp.com\/curierulsatelor.ro\/wp\/wp-content\/uploads\/2020\/01\/0.jpg?fit=640%2C236&amp;ssl=1\" alt=\"\" class=\"wp-image-1314\" srcset=\"https:\/\/curierulsatelor.ro\/wp\/wp-content\/uploads\/2020\/01\/0.jpg 3996w, https:\/\/curierulsatelor.ro\/wp\/wp-content\/uploads\/2020\/01\/0-300x111.jpg 300w, https:\/\/curierulsatelor.ro\/wp\/wp-content\/uploads\/2020\/01\/0-768x284.jpg 768w, https:\/\/curierulsatelor.ro\/wp\/wp-content\/uploads\/2020\/01\/0-1024x378.jpg 1024w\" sizes=\"(max-width: 3996px) 100vw, 3996px\" \/><\/figure>\n","protected":false},"excerpt":{"rendered":"<p>\u00cencep\u00e2nd de ast\u0103zi, timp de trei zile, reprezentan\u021bii unei firme boto\u0219\u0103nene vor prezenta americanilor \u0219i&#8230;<\/p>\n","protected":false},"author":1,"featured_media":1313,"comment_status":"open","ping_status":"open","sticky":false,"template":"","format":"standard","meta":{"footnotes":""},"categories":[15,10,11],"tags":[],"class_list":["post-1312","post","type-post","status-publish","format-standard","has-post-thumbnail","hentry","category-botosani","category-economic","category-stiri"],"yoast_head":"<!-- This site is optimized with the Yoast SEO plugin v27.4 - https:\/\/yoast.com\/product\/yoast-seo-wordpress\/ -->\n<title>Elsaco particip\u0103 \u00een Texas la expozi\u021bia DISTRIBUTECH International - Curierul Regional<\/title>\n<meta name=\"robots\" content=\"index, follow, max-snippet:-1, max-image-preview:large, max-video-preview:-1\" \/>\n<link rel=\"canonical\" href=\"https:\/\/curierulsatelor.ro\/wp\/2020\/01\/28\/elsaco-participa-in-texas-la-expozitia-distributech-international\/\" \/>\n<meta property=\"og:locale\" content=\"ro_RO\" \/>\n<meta property=\"og:type\" content=\"article\" \/>\n<meta property=\"og:title\" content=\"Elsaco particip\u0103 \u00een Texas la expozi\u021bia DISTRIBUTECH International - Curierul Regional\" \/>\n<meta property=\"og:description\" content=\"\u00cencep\u00e2nd de ast\u0103zi, timp de trei zile, reprezentan\u021bii unei firme boto\u0219\u0103nene vor prezenta americanilor \u0219i...\" \/>\n<meta property=\"og:url\" content=\"https:\/\/curierulsatelor.ro\/wp\/2020\/01\/28\/elsaco-participa-in-texas-la-expozitia-distributech-international\/\" \/>\n<meta property=\"og:site_name\" content=\"Curierul Regional\" \/>\n<meta property=\"article:published_time\" content=\"2020-01-28T06:46:39+00:00\" \/>\n<meta property=\"article:modified_time\" content=\"2020-01-28T06:46:45+00:00\" \/>\n<meta property=\"og:image\" content=\"https:\/\/curierulsatelor.ro\/wp\/wp-content\/uploads\/2020\/01\/elsaco-electronic-iftime.jpg\" \/>\n\t<meta property=\"og:image:width\" content=\"2268\" \/>\n\t<meta property=\"og:image:height\" content=\"1570\" \/>\n\t<meta property=\"og:image:type\" content=\"image\/jpeg\" \/>\n<meta name=\"author\" content=\"Marian Morosan\" \/>\n<meta name=\"twitter:card\" content=\"summary_large_image\" \/>\n<meta name=\"twitter:label1\" content=\"Scris de\" \/>\n\t<meta name=\"twitter:data1\" content=\"Marian Morosan\" \/>\n<script type=\"application\/ld+json\" class=\"yoast-schema-graph\">{\"@context\":\"https:\\\/\\\/schema.org\",\"@graph\":[{\"@type\":\"Article\",\"@id\":\"https:\\\/\\\/curierulsatelor.ro\\\/wp\\\/2020\\\/01\\\/28\\\/elsaco-participa-in-texas-la-expozitia-distributech-international\\\/#article\",\"isPartOf\":{\"@id\":\"https:\\\/\\\/curierulsatelor.ro\\\/wp\\\/2020\\\/01\\\/28\\\/elsaco-participa-in-texas-la-expozitia-distributech-international\\\/\"},\"author\":{\"name\":\"Marian Morosan\",\"@id\":\"https:\\\/\\\/curierulsatelor.ro\\\/wp\\\/#\\\/schema\\\/person\\\/6f6b28a030e15d619a82894773d6e7b9\"},\"headline\":\"Elsaco particip\u0103 \u00een Texas la expozi\u021bia DISTRIBUTECH International\",\"datePublished\":\"2020-01-28T06:46:39+00:00\",\"dateModified\":\"2020-01-28T06:46:45+00:00\",\"mainEntityOfPage\":{\"@id\":\"https:\\\/\\\/curierulsatelor.ro\\\/wp\\\/2020\\\/01\\\/28\\\/elsaco-participa-in-texas-la-expozitia-distributech-international\\\/\"},\"wordCount\":108,\"commentCount\":0,\"publisher\":{\"@id\":\"https:\\\/\\\/curierulsatelor.ro\\\/wp\\\/#organization\"},\"image\":{\"@id\":\"https:\\\/\\\/curierulsatelor.ro\\\/wp\\\/2020\\\/01\\\/28\\\/elsaco-participa-in-texas-la-expozitia-distributech-international\\\/#primaryimage\"},\"thumbnailUrl\":\"https:\\\/\\\/curierulsatelor.ro\\\/wp\\\/wp-content\\\/uploads\\\/2020\\\/01\\\/elsaco-electronic-iftime.jpg\",\"articleSection\":[\"Boto\u0219ani\",\"Economic\",\"Stiri\"],\"inLanguage\":\"ro-RO\",\"potentialAction\":[{\"@type\":\"CommentAction\",\"name\":\"Comment\",\"target\":[\"https:\\\/\\\/curierulsatelor.ro\\\/wp\\\/2020\\\/01\\\/28\\\/elsaco-participa-in-texas-la-expozitia-distributech-international\\\/#respond\"]}]},{\"@type\":\"WebPage\",\"@id\":\"https:\\\/\\\/curierulsatelor.ro\\\/wp\\\/2020\\\/01\\\/28\\\/elsaco-participa-in-texas-la-expozitia-distributech-international\\\/\",\"url\":\"https:\\\/\\\/curierulsatelor.ro\\\/wp\\\/2020\\\/01\\\/28\\\/elsaco-participa-in-texas-la-expozitia-distributech-international\\\/\",\"name\":\"Elsaco particip\u0103 \u00een Texas la expozi\u021bia DISTRIBUTECH International - Curierul Regional\",\"isPartOf\":{\"@id\":\"https:\\\/\\\/curierulsatelor.ro\\\/wp\\\/#website\"},\"primaryImageOfPage\":{\"@id\":\"https:\\\/\\\/curierulsatelor.ro\\\/wp\\\/2020\\\/01\\\/28\\\/elsaco-participa-in-texas-la-expozitia-distributech-international\\\/#primaryimage\"},\"image\":{\"@id\":\"https:\\\/\\\/curierulsatelor.ro\\\/wp\\\/2020\\\/01\\\/28\\\/elsaco-participa-in-texas-la-expozitia-distributech-international\\\/#primaryimage\"},\"thumbnailUrl\":\"https:\\\/\\\/curierulsatelor.ro\\\/wp\\\/wp-content\\\/uploads\\\/2020\\\/01\\\/elsaco-electronic-iftime.jpg\",\"datePublished\":\"2020-01-28T06:46:39+00:00\",\"dateModified\":\"2020-01-28T06:46:45+00:00\",\"breadcrumb\":{\"@id\":\"https:\\\/\\\/curierulsatelor.ro\\\/wp\\\/2020\\\/01\\\/28\\\/elsaco-participa-in-texas-la-expozitia-distributech-international\\\/#breadcrumb\"},\"inLanguage\":\"ro-RO\",\"potentialAction\":[{\"@type\":\"ReadAction\",\"target\":[\"https:\\\/\\\/curierulsatelor.ro\\\/wp\\\/2020\\\/01\\\/28\\\/elsaco-participa-in-texas-la-expozitia-distributech-international\\\/\"]}]},{\"@type\":\"ImageObject\",\"inLanguage\":\"ro-RO\",\"@id\":\"https:\\\/\\\/curierulsatelor.ro\\\/wp\\\/2020\\\/01\\\/28\\\/elsaco-participa-in-texas-la-expozitia-distributech-international\\\/#primaryimage\",\"url\":\"https:\\\/\\\/curierulsatelor.ro\\\/wp\\\/wp-content\\\/uploads\\\/2020\\\/01\\\/elsaco-electronic-iftime.jpg\",\"contentUrl\":\"https:\\\/\\\/curierulsatelor.ro\\\/wp\\\/wp-content\\\/uploads\\\/2020\\\/01\\\/elsaco-electronic-iftime.jpg\",\"width\":2268,\"height\":1570},{\"@type\":\"BreadcrumbList\",\"@id\":\"https:\\\/\\\/curierulsatelor.ro\\\/wp\\\/2020\\\/01\\\/28\\\/elsaco-participa-in-texas-la-expozitia-distributech-international\\\/#breadcrumb\",\"itemListElement\":[{\"@type\":\"ListItem\",\"position\":1,\"name\":\"Prima pagin\u0103\",\"item\":\"https:\\\/\\\/curierulsatelor.ro\\\/wp\\\/\"},{\"@type\":\"ListItem\",\"position\":2,\"name\":\"Elsaco particip\u0103 \u00een Texas la expozi\u021bia DISTRIBUTECH International\"}]},{\"@type\":\"WebSite\",\"@id\":\"https:\\\/\\\/curierulsatelor.ro\\\/wp\\\/#website\",\"url\":\"https:\\\/\\\/curierulsatelor.ro\\\/wp\\\/\",\"name\":\"Curierul Regional\",\"description\":\"\",\"publisher\":{\"@id\":\"https:\\\/\\\/curierulsatelor.ro\\\/wp\\\/#organization\"},\"potentialAction\":[{\"@type\":\"SearchAction\",\"target\":{\"@type\":\"EntryPoint\",\"urlTemplate\":\"https:\\\/\\\/curierulsatelor.ro\\\/wp\\\/?s={search_term_string}\"},\"query-input\":{\"@type\":\"PropertyValueSpecification\",\"valueRequired\":true,\"valueName\":\"search_term_string\"}}],\"inLanguage\":\"ro-RO\"},{\"@type\":\"Organization\",\"@id\":\"https:\\\/\\\/curierulsatelor.ro\\\/wp\\\/#organization\",\"name\":\"Curierul Regional\",\"url\":\"https:\\\/\\\/curierulsatelor.ro\\\/wp\\\/\",\"logo\":{\"@type\":\"ImageObject\",\"inLanguage\":\"ro-RO\",\"@id\":\"https:\\\/\\\/curierulsatelor.ro\\\/wp\\\/#\\\/schema\\\/logo\\\/image\\\/\",\"url\":\"https:\\\/\\\/curierulsatelor.ro\\\/wp\\\/wp-content\\\/uploads\\\/2020\\\/01\\\/Curierul-Regional-si-Curierul-satelor-logo-header.png\",\"contentUrl\":\"https:\\\/\\\/curierulsatelor.ro\\\/wp\\\/wp-content\\\/uploads\\\/2020\\\/01\\\/Curierul-Regional-si-Curierul-satelor-logo-header.png\",\"width\":2943,\"height\":685,\"caption\":\"Curierul Regional\"},\"image\":{\"@id\":\"https:\\\/\\\/curierulsatelor.ro\\\/wp\\\/#\\\/schema\\\/logo\\\/image\\\/\"}},{\"@type\":\"Person\",\"@id\":\"https:\\\/\\\/curierulsatelor.ro\\\/wp\\\/#\\\/schema\\\/person\\\/6f6b28a030e15d619a82894773d6e7b9\",\"name\":\"Marian Morosan\",\"image\":{\"@type\":\"ImageObject\",\"inLanguage\":\"ro-RO\",\"@id\":\"https:\\\/\\\/secure.gravatar.com\\\/avatar\\\/2e833cc9ab99e6bca46266d4ad9030d308346ff7ff0b6b955c29b74cafaf064b?s=96&d=mm&r=g\",\"url\":\"https:\\\/\\\/secure.gravatar.com\\\/avatar\\\/2e833cc9ab99e6bca46266d4ad9030d308346ff7ff0b6b955c29b74cafaf064b?s=96&d=mm&r=g\",\"contentUrl\":\"https:\\\/\\\/secure.gravatar.com\\\/avatar\\\/2e833cc9ab99e6bca46266d4ad9030d308346ff7ff0b6b955c29b74cafaf064b?s=96&d=mm&r=g\",\"caption\":\"Marian Morosan\"},\"description\":\"Copiilor no\u015ftri li se preg\u0103te\u015fte, incon\u015ftient, o lume de joben ciuruit, din care niciodat\u0103 nu iese iepura\u015ful. Doar panglicile politicilor sociale roase de moliile cu \u015ftaif din ultimele decenii. Suntem oropsi\u0163i, suntem dispera\u0163i, manipula\u0163i p\u00e2n\u0103 acolo \u00eenc\u00e2t ne bucur\u0103m s\u0103 fim masa de manevr\u0103 a unora \u015fi s\u0103 sus\u0163inem c\u0103 a\u015fa e normal. Acum \u00eel \u00een\u0163eleg pe Cioran, dar \u00eel \u00een\u0163eleg mai bine \u015fi pe Preda. \u015ei m\u0103 g\u00e2ndesc iar, cu groaz\u0103, la copilul meu. Cel pu\u0163in eu nu \u00eemi doresc s\u0103 \u015ftiu c\u0103 micu\u0163ul meu va fi singur, cu sufletul descul\u0163, prin jungla mileniului III ! https:\\\/\\\/curierulsatelor.ro\\\/wp\\\/2019\\\/10\\\/16\\\/cu-sufletul-descult-prin-jungla-mileniului-iii-editorial\\\/\",\"sameAs\":[\"http:\\\/\\\/admin\"],\"url\":\"https:\\\/\\\/curierulsatelor.ro\\\/wp\\\/author\\\/admin\\\/\"}]}<\/script>\n<!-- \/ Yoast SEO plugin. -->","yoast_head_json":{"title":"Elsaco particip\u0103 \u00een Texas la expozi\u021bia DISTRIBUTECH International - Curierul Regional","robots":{"index":"index","follow":"follow","max-snippet":"max-snippet:-1","max-image-preview":"max-image-preview:large","max-video-preview":"max-video-preview:-1"},"canonical":"https:\/\/curierulsatelor.ro\/wp\/2020\/01\/28\/elsaco-participa-in-texas-la-expozitia-distributech-international\/","og_locale":"ro_RO","og_type":"article","og_title":"Elsaco particip\u0103 \u00een Texas la expozi\u021bia DISTRIBUTECH International - Curierul Regional","og_description":"\u00cencep\u00e2nd de ast\u0103zi, timp de trei zile, reprezentan\u021bii unei firme boto\u0219\u0103nene vor prezenta americanilor \u0219i...","og_url":"https:\/\/curierulsatelor.ro\/wp\/2020\/01\/28\/elsaco-participa-in-texas-la-expozitia-distributech-international\/","og_site_name":"Curierul Regional","article_published_time":"2020-01-28T06:46:39+00:00","article_modified_time":"2020-01-28T06:46:45+00:00","og_image":[{"width":2268,"height":1570,"url":"https:\/\/curierulsatelor.ro\/wp\/wp-content\/uploads\/2020\/01\/elsaco-electronic-iftime.jpg","type":"image\/jpeg"}],"author":"Marian Morosan","twitter_card":"summary_large_image","twitter_misc":{"Scris de":"Marian Morosan"},"schema":{"@context":"https:\/\/schema.org","@graph":[{"@type":"Article","@id":"https:\/\/curierulsatelor.ro\/wp\/2020\/01\/28\/elsaco-participa-in-texas-la-expozitia-distributech-international\/#article","isPartOf":{"@id":"https:\/\/curierulsatelor.ro\/wp\/2020\/01\/28\/elsaco-participa-in-texas-la-expozitia-distributech-international\/"},"author":{"name":"Marian Morosan","@id":"https:\/\/curierulsatelor.ro\/wp\/#\/schema\/person\/6f6b28a030e15d619a82894773d6e7b9"},"headline":"Elsaco particip\u0103 \u00een Texas la expozi\u021bia DISTRIBUTECH International","datePublished":"2020-01-28T06:46:39+00:00","dateModified":"2020-01-28T06:46:45+00:00","mainEntityOfPage":{"@id":"https:\/\/curierulsatelor.ro\/wp\/2020\/01\/28\/elsaco-participa-in-texas-la-expozitia-distributech-international\/"},"wordCount":108,"commentCount":0,"publisher":{"@id":"https:\/\/curierulsatelor.ro\/wp\/#organization"},"image":{"@id":"https:\/\/curierulsatelor.ro\/wp\/2020\/01\/28\/elsaco-participa-in-texas-la-expozitia-distributech-international\/#primaryimage"},"thumbnailUrl":"https:\/\/curierulsatelor.ro\/wp\/wp-content\/uploads\/2020\/01\/elsaco-electronic-iftime.jpg","articleSection":["Boto\u0219ani","Economic","Stiri"],"inLanguage":"ro-RO","potentialAction":[{"@type":"CommentAction","name":"Comment","target":["https:\/\/curierulsatelor.ro\/wp\/2020\/01\/28\/elsaco-participa-in-texas-la-expozitia-distributech-international\/#respond"]}]},{"@type":"WebPage","@id":"https:\/\/curierulsatelor.ro\/wp\/2020\/01\/28\/elsaco-participa-in-texas-la-expozitia-distributech-international\/","url":"https:\/\/curierulsatelor.ro\/wp\/2020\/01\/28\/elsaco-participa-in-texas-la-expozitia-distributech-international\/","name":"Elsaco particip\u0103 \u00een Texas la expozi\u021bia DISTRIBUTECH International - Curierul Regional","isPartOf":{"@id":"https:\/\/curierulsatelor.ro\/wp\/#website"},"primaryImageOfPage":{"@id":"https:\/\/curierulsatelor.ro\/wp\/2020\/01\/28\/elsaco-participa-in-texas-la-expozitia-distributech-international\/#primaryimage"},"image":{"@id":"https:\/\/curierulsatelor.ro\/wp\/2020\/01\/28\/elsaco-participa-in-texas-la-expozitia-distributech-international\/#primaryimage"},"thumbnailUrl":"https:\/\/curierulsatelor.ro\/wp\/wp-content\/uploads\/2020\/01\/elsaco-electronic-iftime.jpg","datePublished":"2020-01-28T06:46:39+00:00","dateModified":"2020-01-28T06:46:45+00:00","breadcrumb":{"@id":"https:\/\/curierulsatelor.ro\/wp\/2020\/01\/28\/elsaco-participa-in-texas-la-expozitia-distributech-international\/#breadcrumb"},"inLanguage":"ro-RO","potentialAction":[{"@type":"ReadAction","target":["https:\/\/curierulsatelor.ro\/wp\/2020\/01\/28\/elsaco-participa-in-texas-la-expozitia-distributech-international\/"]}]},{"@type":"ImageObject","inLanguage":"ro-RO","@id":"https:\/\/curierulsatelor.ro\/wp\/2020\/01\/28\/elsaco-participa-in-texas-la-expozitia-distributech-international\/#primaryimage","url":"https:\/\/curierulsatelor.ro\/wp\/wp-content\/uploads\/2020\/01\/elsaco-electronic-iftime.jpg","contentUrl":"https:\/\/curierulsatelor.ro\/wp\/wp-content\/uploads\/2020\/01\/elsaco-electronic-iftime.jpg","width":2268,"height":1570},{"@type":"BreadcrumbList","@id":"https:\/\/curierulsatelor.ro\/wp\/2020\/01\/28\/elsaco-participa-in-texas-la-expozitia-distributech-international\/#breadcrumb","itemListElement":[{"@type":"ListItem","position":1,"name":"Prima pagin\u0103","item":"https:\/\/curierulsatelor.ro\/wp\/"},{"@type":"ListItem","position":2,"name":"Elsaco particip\u0103 \u00een Texas la expozi\u021bia DISTRIBUTECH International"}]},{"@type":"WebSite","@id":"https:\/\/curierulsatelor.ro\/wp\/#website","url":"https:\/\/curierulsatelor.ro\/wp\/","name":"Curierul Regional","description":"","publisher":{"@id":"https:\/\/curierulsatelor.ro\/wp\/#organization"},"potentialAction":[{"@type":"SearchAction","target":{"@type":"EntryPoint","urlTemplate":"https:\/\/curierulsatelor.ro\/wp\/?s={search_term_string}"},"query-input":{"@type":"PropertyValueSpecification","valueRequired":true,"valueName":"search_term_string"}}],"inLanguage":"ro-RO"},{"@type":"Organization","@id":"https:\/\/curierulsatelor.ro\/wp\/#organization","name":"Curierul Regional","url":"https:\/\/curierulsatelor.ro\/wp\/","logo":{"@type":"ImageObject","inLanguage":"ro-RO","@id":"https:\/\/curierulsatelor.ro\/wp\/#\/schema\/logo\/image\/","url":"https:\/\/curierulsatelor.ro\/wp\/wp-content\/uploads\/2020\/01\/Curierul-Regional-si-Curierul-satelor-logo-header.png","contentUrl":"https:\/\/curierulsatelor.ro\/wp\/wp-content\/uploads\/2020\/01\/Curierul-Regional-si-Curierul-satelor-logo-header.png","width":2943,"height":685,"caption":"Curierul Regional"},"image":{"@id":"https:\/\/curierulsatelor.ro\/wp\/#\/schema\/logo\/image\/"}},{"@type":"Person","@id":"https:\/\/curierulsatelor.ro\/wp\/#\/schema\/person\/6f6b28a030e15d619a82894773d6e7b9","name":"Marian Morosan","image":{"@type":"ImageObject","inLanguage":"ro-RO","@id":"https:\/\/secure.gravatar.com\/avatar\/2e833cc9ab99e6bca46266d4ad9030d308346ff7ff0b6b955c29b74cafaf064b?s=96&d=mm&r=g","url":"https:\/\/secure.gravatar.com\/avatar\/2e833cc9ab99e6bca46266d4ad9030d308346ff7ff0b6b955c29b74cafaf064b?s=96&d=mm&r=g","contentUrl":"https:\/\/secure.gravatar.com\/avatar\/2e833cc9ab99e6bca46266d4ad9030d308346ff7ff0b6b955c29b74cafaf064b?s=96&d=mm&r=g","caption":"Marian Morosan"},"description":"Copiilor no\u015ftri li se preg\u0103te\u015fte, incon\u015ftient, o lume de joben ciuruit, din care niciodat\u0103 nu iese iepura\u015ful. Doar panglicile politicilor sociale roase de moliile cu \u015ftaif din ultimele decenii. Suntem oropsi\u0163i, suntem dispera\u0163i, manipula\u0163i p\u00e2n\u0103 acolo \u00eenc\u00e2t ne bucur\u0103m s\u0103 fim masa de manevr\u0103 a unora \u015fi s\u0103 sus\u0163inem c\u0103 a\u015fa e normal. Acum \u00eel \u00een\u0163eleg pe Cioran, dar \u00eel \u00een\u0163eleg mai bine \u015fi pe Preda. \u015ei m\u0103 g\u00e2ndesc iar, cu groaz\u0103, la copilul meu. Cel pu\u0163in eu nu \u00eemi doresc s\u0103 \u015ftiu c\u0103 micu\u0163ul meu va fi singur, cu sufletul descul\u0163, prin jungla mileniului III ! https:\/\/curierulsatelor.ro\/wp\/2019\/10\/16\/cu-sufletul-descult-prin-jungla-mileniului-iii-editorial\/","sameAs":["http:\/\/admin"],"url":"https:\/\/curierulsatelor.ro\/wp\/author\/admin\/"}]}},"_links":{"self":[{"href":"https:\/\/curierulsatelor.ro\/wp\/wp-json\/wp\/v2\/posts\/1312","targetHints":{"allow":["GET"]}}],"collection":[{"href":"https:\/\/curierulsatelor.ro\/wp\/wp-json\/wp\/v2\/posts"}],"about":[{"href":"https:\/\/curierulsatelor.ro\/wp\/wp-json\/wp\/v2\/types\/post"}],"author":[{"embeddable":true,"href":"https:\/\/curierulsatelor.ro\/wp\/wp-json\/wp\/v2\/users\/1"}],"replies":[{"embeddable":true,"href":"https:\/\/curierulsatelor.ro\/wp\/wp-json\/wp\/v2\/comments?post=1312"}],"version-history":[{"count":1,"href":"https:\/\/curierulsatelor.ro\/wp\/wp-json\/wp\/v2\/posts\/1312\/revisions"}],"predecessor-version":[{"id":1315,"href":"https:\/\/curierulsatelor.ro\/wp\/wp-json\/wp\/v2\/posts\/1312\/revisions\/1315"}],"wp:featuredmedia":[{"embeddable":true,"href":"https:\/\/curierulsatelor.ro\/wp\/wp-json\/wp\/v2\/media\/1313"}],"wp:attachment":[{"href":"https:\/\/curierulsatelor.ro\/wp\/wp-json\/wp\/v2\/media?parent=1312"}],"wp:term":[{"taxonomy":"category","embeddable":true,"href":"https:\/\/curierulsatelor.ro\/wp\/wp-json\/wp\/v2\/categories?post=1312"},{"taxonomy":"post_tag","embeddable":true,"href":"https:\/\/curierulsatelor.ro\/wp\/wp-json\/wp\/v2\/tags?post=1312"}],"curies":[{"name":"wp","href":"https:\/\/api.w.org\/{rel}","templated":true}]}}