{"id":1316,"date":"2020-01-28T21:31:49","date_gmt":"2020-01-28T21:31:49","guid":{"rendered":"https:\/\/curierulsatelor.ro\/wp\/?p=1316"},"modified":"2020-01-28T21:31:55","modified_gmt":"2020-01-28T21:31:55","slug":"primariile-rosii-au-fost-cadorisite-cu-mai-multi-galbeni","status":"publish","type":"post","link":"https:\/\/curierulsatelor.ro\/wp\/2020\/01\/28\/primariile-rosii-au-fost-cadorisite-cu-mai-multi-galbeni\/","title":{"rendered":"Prim\u0103riile ro\u0219ii au fost cadorisite cu mai mul\u021bi galbeni"},"content":{"rendered":"\n<p>\u00cemp\u0103r\u021birea cotei de 6% din impozit pe venit pe unit\u0103\u021bi administrativ teritoriale a confirmat c\u0103 cine \u00eemparte, parte-\u0219i face. Sigur, to\u021bi primarii liberali vor arunca cu pietre \u0219i st\u00e2nci \u00een social democra\u021bi \u0219i, cu prec\u0103dere, \u00een PSD. Dar \u00eemp\u0103r\u021beala nu a fost o gre\u0219eal\u0103 a factorilor de decizie din Consiliul Jude\u021bean. \u00cen mod sigur deciden\u021bii, cei care au f\u0103cut \u00eemp\u0103r\u021birea s\u0103r\u0103ciei s-au g\u00e2ndit c\u0103 nu e bine s\u0103 supere puterea din Rom\u00e2nia, devenit\u0103 galben\u0103. Ca atare, vr\u00e2nd s\u0103 fie \u00een trend cu cromatica politic\u0103 actual\u0103, primarii ro\u0219ii din ora\u0219ele jude\u021bului Boto\u0219ani au primit mai mul\u021bi galbeni. Ca s\u0103 nu se mai spun\u0103 c\u0103 nu a p\u0103truns galbenul \u0219i \u00een ora\u0219ele ro\u0219ii. \u00cen afar\u0103 de municipiile Boto\u0219ani \u0219i Dorohoi care au fost puse aproape \u00een raport de paritate, celelalte ora\u0219e au primit fonduri diferite. Evident, doi dintre pilonii de baz\u0103 ai PSD, primarul Andron \u021a\u00eemp\u0103u din Bucecea \u0219i Relu T\u00e2rzioru din S\u0103veni au primit partea leului. Adic\u0103, Bucecea \u0219i S\u0103veni au primit ieri de la CJ c\u00e2te 950.000 de ron, pentru programe de dezvoltare local\u0103, pentru cofinan\u021b\u0103ri la diverse programe de infrastructur\u0103 \u0219i pentru cheltuieli de func\u021bionare. La Darabani au fost direc\u021biona\u021bi 500.000 de ron, iar la Fl\u0103m\u00e2nzi \u0219i \u0218tef\u0103ne\u0219ti 400.000 de ron, respectiv 390.000 de ron.<\/p>\n","protected":false},"excerpt":{"rendered":"<p>\u00cemp\u0103r\u021birea cotei de 6% din impozit pe venit pe unit\u0103\u021bi administrativ teritoriale a confirmat c\u0103&#8230;<\/p>\n","protected":false},"author":1,"featured_media":1317,"comment_status":"open","ping_status":"open","sticky":false,"template":"","format":"standard","meta":{"footnotes":""},"categories":[5,15,11],"tags":[],"class_list":["post-1316","post","type-post","status-publish","format-standard","has-post-thumbnail","hentry","category-administratie","category-botosani","category-stiri"],"yoast_head":"<!-- This site is optimized with the Yoast SEO plugin v27.4 - https:\/\/yoast.com\/product\/yoast-seo-wordpress\/ -->\n<title>Prim\u0103riile ro\u0219ii au fost cadorisite cu mai mul\u021bi galbeni - Curierul Regional<\/title>\n<meta name=\"robots\" content=\"index, follow, max-snippet:-1, max-image-preview:large, max-video-preview:-1\" \/>\n<link rel=\"canonical\" href=\"https:\/\/curierulsatelor.ro\/wp\/2020\/01\/28\/primariile-rosii-au-fost-cadorisite-cu-mai-multi-galbeni\/\" \/>\n<meta property=\"og:locale\" content=\"ro_RO\" \/>\n<meta property=\"og:type\" content=\"article\" \/>\n<meta property=\"og:title\" content=\"Prim\u0103riile ro\u0219ii au fost cadorisite cu mai mul\u021bi galbeni - Curierul Regional\" \/>\n<meta property=\"og:description\" content=\"\u00cemp\u0103r\u021birea cotei de 6% din impozit pe venit pe unit\u0103\u021bi administrativ teritoriale a confirmat c\u0103...\" \/>\n<meta property=\"og:url\" content=\"https:\/\/curierulsatelor.ro\/wp\/2020\/01\/28\/primariile-rosii-au-fost-cadorisite-cu-mai-multi-galbeni\/\" \/>\n<meta property=\"og:site_name\" content=\"Curierul Regional\" \/>\n<meta property=\"article:published_time\" content=\"2020-01-28T21:31:49+00:00\" \/>\n<meta property=\"article:modified_time\" content=\"2020-01-28T21:31:55+00:00\" \/>\n<meta property=\"og:image\" content=\"https:\/\/curierulsatelor.ro\/wp\/wp-content\/uploads\/2020\/01\/Andron-Timpau-Bucecea-si-Relu-Tarzioru-Saveni-Curierul-Regional-1024x605.jpg\" \/>\n\t<meta property=\"og:image:width\" content=\"1024\" \/>\n\t<meta property=\"og:image:height\" content=\"605\" \/>\n\t<meta property=\"og:image:type\" content=\"image\/jpeg\" \/>\n<meta name=\"author\" content=\"Marian Morosan\" \/>\n<meta name=\"twitter:card\" content=\"summary_large_image\" \/>\n<meta name=\"twitter:label1\" content=\"Scris de\" \/>\n\t<meta name=\"twitter:data1\" content=\"Marian Morosan\" \/>\n\t<meta name=\"twitter:label2\" content=\"Timp estimat pentru citire\" \/>\n\t<meta name=\"twitter:data2\" content=\"1 minut\" \/>\n<script type=\"application\/ld+json\" class=\"yoast-schema-graph\">{\"@context\":\"https:\\\/\\\/schema.org\",\"@graph\":[{\"@type\":\"Article\",\"@id\":\"https:\\\/\\\/curierulsatelor.ro\\\/wp\\\/2020\\\/01\\\/28\\\/primariile-rosii-au-fost-cadorisite-cu-mai-multi-galbeni\\\/#article\",\"isPartOf\":{\"@id\":\"https:\\\/\\\/curierulsatelor.ro\\\/wp\\\/2020\\\/01\\\/28\\\/primariile-rosii-au-fost-cadorisite-cu-mai-multi-galbeni\\\/\"},\"author\":{\"name\":\"Marian Morosan\",\"@id\":\"https:\\\/\\\/curierulsatelor.ro\\\/wp\\\/#\\\/schema\\\/person\\\/6f6b28a030e15d619a82894773d6e7b9\"},\"headline\":\"Prim\u0103riile ro\u0219ii au fost cadorisite cu mai mul\u021bi galbeni\",\"datePublished\":\"2020-01-28T21:31:49+00:00\",\"dateModified\":\"2020-01-28T21:31:55+00:00\",\"mainEntityOfPage\":{\"@id\":\"https:\\\/\\\/curierulsatelor.ro\\\/wp\\\/2020\\\/01\\\/28\\\/primariile-rosii-au-fost-cadorisite-cu-mai-multi-galbeni\\\/\"},\"wordCount\":257,\"commentCount\":0,\"publisher\":{\"@id\":\"https:\\\/\\\/curierulsatelor.ro\\\/wp\\\/#organization\"},\"image\":{\"@id\":\"https:\\\/\\\/curierulsatelor.ro\\\/wp\\\/2020\\\/01\\\/28\\\/primariile-rosii-au-fost-cadorisite-cu-mai-multi-galbeni\\\/#primaryimage\"},\"thumbnailUrl\":\"https:\\\/\\\/curierulsatelor.ro\\\/wp\\\/wp-content\\\/uploads\\\/2020\\\/01\\\/Andron-Timpau-Bucecea-si-Relu-Tarzioru-Saveni-Curierul-Regional.jpg\",\"articleSection\":[\"Administratie\",\"Boto\u0219ani\",\"Stiri\"],\"inLanguage\":\"ro-RO\",\"potentialAction\":[{\"@type\":\"CommentAction\",\"name\":\"Comment\",\"target\":[\"https:\\\/\\\/curierulsatelor.ro\\\/wp\\\/2020\\\/01\\\/28\\\/primariile-rosii-au-fost-cadorisite-cu-mai-multi-galbeni\\\/#respond\"]}]},{\"@type\":\"WebPage\",\"@id\":\"https:\\\/\\\/curierulsatelor.ro\\\/wp\\\/2020\\\/01\\\/28\\\/primariile-rosii-au-fost-cadorisite-cu-mai-multi-galbeni\\\/\",\"url\":\"https:\\\/\\\/curierulsatelor.ro\\\/wp\\\/2020\\\/01\\\/28\\\/primariile-rosii-au-fost-cadorisite-cu-mai-multi-galbeni\\\/\",\"name\":\"Prim\u0103riile ro\u0219ii au fost cadorisite cu mai mul\u021bi galbeni - Curierul Regional\",\"isPartOf\":{\"@id\":\"https:\\\/\\\/curierulsatelor.ro\\\/wp\\\/#website\"},\"primaryImageOfPage\":{\"@id\":\"https:\\\/\\\/curierulsatelor.ro\\\/wp\\\/2020\\\/01\\\/28\\\/primariile-rosii-au-fost-cadorisite-cu-mai-multi-galbeni\\\/#primaryimage\"},\"image\":{\"@id\":\"https:\\\/\\\/curierulsatelor.ro\\\/wp\\\/2020\\\/01\\\/28\\\/primariile-rosii-au-fost-cadorisite-cu-mai-multi-galbeni\\\/#primaryimage\"},\"thumbnailUrl\":\"https:\\\/\\\/curierulsatelor.ro\\\/wp\\\/wp-content\\\/uploads\\\/2020\\\/01\\\/Andron-Timpau-Bucecea-si-Relu-Tarzioru-Saveni-Curierul-Regional.jpg\",\"datePublished\":\"2020-01-28T21:31:49+00:00\",\"dateModified\":\"2020-01-28T21:31:55+00:00\",\"breadcrumb\":{\"@id\":\"https:\\\/\\\/curierulsatelor.ro\\\/wp\\\/2020\\\/01\\\/28\\\/primariile-rosii-au-fost-cadorisite-cu-mai-multi-galbeni\\\/#breadcrumb\"},\"inLanguage\":\"ro-RO\",\"potentialAction\":[{\"@type\":\"ReadAction\",\"target\":[\"https:\\\/\\\/curierulsatelor.ro\\\/wp\\\/2020\\\/01\\\/28\\\/primariile-rosii-au-fost-cadorisite-cu-mai-multi-galbeni\\\/\"]}]},{\"@type\":\"ImageObject\",\"inLanguage\":\"ro-RO\",\"@id\":\"https:\\\/\\\/curierulsatelor.ro\\\/wp\\\/2020\\\/01\\\/28\\\/primariile-rosii-au-fost-cadorisite-cu-mai-multi-galbeni\\\/#primaryimage\",\"url\":\"https:\\\/\\\/curierulsatelor.ro\\\/wp\\\/wp-content\\\/uploads\\\/2020\\\/01\\\/Andron-Timpau-Bucecea-si-Relu-Tarzioru-Saveni-Curierul-Regional.jpg\",\"contentUrl\":\"https:\\\/\\\/curierulsatelor.ro\\\/wp\\\/wp-content\\\/uploads\\\/2020\\\/01\\\/Andron-Timpau-Bucecea-si-Relu-Tarzioru-Saveni-Curierul-Regional.jpg\",\"width\":3043,\"height\":1798},{\"@type\":\"BreadcrumbList\",\"@id\":\"https:\\\/\\\/curierulsatelor.ro\\\/wp\\\/2020\\\/01\\\/28\\\/primariile-rosii-au-fost-cadorisite-cu-mai-multi-galbeni\\\/#breadcrumb\",\"itemListElement\":[{\"@type\":\"ListItem\",\"position\":1,\"name\":\"Prima pagin\u0103\",\"item\":\"https:\\\/\\\/curierulsatelor.ro\\\/wp\\\/\"},{\"@type\":\"ListItem\",\"position\":2,\"name\":\"Prim\u0103riile ro\u0219ii au fost cadorisite cu mai mul\u021bi galbeni\"}]},{\"@type\":\"WebSite\",\"@id\":\"https:\\\/\\\/curierulsatelor.ro\\\/wp\\\/#website\",\"url\":\"https:\\\/\\\/curierulsatelor.ro\\\/wp\\\/\",\"name\":\"Curierul Regional\",\"description\":\"\",\"publisher\":{\"@id\":\"https:\\\/\\\/curierulsatelor.ro\\\/wp\\\/#organization\"},\"potentialAction\":[{\"@type\":\"SearchAction\",\"target\":{\"@type\":\"EntryPoint\",\"urlTemplate\":\"https:\\\/\\\/curierulsatelor.ro\\\/wp\\\/?s={search_term_string}\"},\"query-input\":{\"@type\":\"PropertyValueSpecification\",\"valueRequired\":true,\"valueName\":\"search_term_string\"}}],\"inLanguage\":\"ro-RO\"},{\"@type\":\"Organization\",\"@id\":\"https:\\\/\\\/curierulsatelor.ro\\\/wp\\\/#organization\",\"name\":\"Curierul Regional\",\"url\":\"https:\\\/\\\/curierulsatelor.ro\\\/wp\\\/\",\"logo\":{\"@type\":\"ImageObject\",\"inLanguage\":\"ro-RO\",\"@id\":\"https:\\\/\\\/curierulsatelor.ro\\\/wp\\\/#\\\/schema\\\/logo\\\/image\\\/\",\"url\":\"https:\\\/\\\/curierulsatelor.ro\\\/wp\\\/wp-content\\\/uploads\\\/2020\\\/01\\\/Curierul-Regional-si-Curierul-satelor-logo-header.png\",\"contentUrl\":\"https:\\\/\\\/curierulsatelor.ro\\\/wp\\\/wp-content\\\/uploads\\\/2020\\\/01\\\/Curierul-Regional-si-Curierul-satelor-logo-header.png\",\"width\":2943,\"height\":685,\"caption\":\"Curierul Regional\"},\"image\":{\"@id\":\"https:\\\/\\\/curierulsatelor.ro\\\/wp\\\/#\\\/schema\\\/logo\\\/image\\\/\"}},{\"@type\":\"Person\",\"@id\":\"https:\\\/\\\/curierulsatelor.ro\\\/wp\\\/#\\\/schema\\\/person\\\/6f6b28a030e15d619a82894773d6e7b9\",\"name\":\"Marian Morosan\",\"image\":{\"@type\":\"ImageObject\",\"inLanguage\":\"ro-RO\",\"@id\":\"https:\\\/\\\/secure.gravatar.com\\\/avatar\\\/2e833cc9ab99e6bca46266d4ad9030d308346ff7ff0b6b955c29b74cafaf064b?s=96&d=mm&r=g\",\"url\":\"https:\\\/\\\/secure.gravatar.com\\\/avatar\\\/2e833cc9ab99e6bca46266d4ad9030d308346ff7ff0b6b955c29b74cafaf064b?s=96&d=mm&r=g\",\"contentUrl\":\"https:\\\/\\\/secure.gravatar.com\\\/avatar\\\/2e833cc9ab99e6bca46266d4ad9030d308346ff7ff0b6b955c29b74cafaf064b?s=96&d=mm&r=g\",\"caption\":\"Marian Morosan\"},\"description\":\"Copiilor no\u015ftri li se preg\u0103te\u015fte, incon\u015ftient, o lume de joben ciuruit, din care niciodat\u0103 nu iese iepura\u015ful. Doar panglicile politicilor sociale roase de moliile cu \u015ftaif din ultimele decenii. Suntem oropsi\u0163i, suntem dispera\u0163i, manipula\u0163i p\u00e2n\u0103 acolo \u00eenc\u00e2t ne bucur\u0103m s\u0103 fim masa de manevr\u0103 a unora \u015fi s\u0103 sus\u0163inem c\u0103 a\u015fa e normal. Acum \u00eel \u00een\u0163eleg pe Cioran, dar \u00eel \u00een\u0163eleg mai bine \u015fi pe Preda. \u015ei m\u0103 g\u00e2ndesc iar, cu groaz\u0103, la copilul meu. Cel pu\u0163in eu nu \u00eemi doresc s\u0103 \u015ftiu c\u0103 micu\u0163ul meu va fi singur, cu sufletul descul\u0163, prin jungla mileniului III ! https:\\\/\\\/curierulsatelor.ro\\\/wp\\\/2019\\\/10\\\/16\\\/cu-sufletul-descult-prin-jungla-mileniului-iii-editorial\\\/\",\"sameAs\":[\"http:\\\/\\\/admin\"],\"url\":\"https:\\\/\\\/curierulsatelor.ro\\\/wp\\\/author\\\/admin\\\/\"}]}<\/script>\n<!-- \/ Yoast SEO plugin. -->","yoast_head_json":{"title":"Prim\u0103riile ro\u0219ii au fost cadorisite cu mai mul\u021bi galbeni - Curierul Regional","robots":{"index":"index","follow":"follow","max-snippet":"max-snippet:-1","max-image-preview":"max-image-preview:large","max-video-preview":"max-video-preview:-1"},"canonical":"https:\/\/curierulsatelor.ro\/wp\/2020\/01\/28\/primariile-rosii-au-fost-cadorisite-cu-mai-multi-galbeni\/","og_locale":"ro_RO","og_type":"article","og_title":"Prim\u0103riile ro\u0219ii au fost cadorisite cu mai mul\u021bi galbeni - Curierul Regional","og_description":"\u00cemp\u0103r\u021birea cotei de 6% din impozit pe venit pe unit\u0103\u021bi administrativ teritoriale a confirmat c\u0103...","og_url":"https:\/\/curierulsatelor.ro\/wp\/2020\/01\/28\/primariile-rosii-au-fost-cadorisite-cu-mai-multi-galbeni\/","og_site_name":"Curierul Regional","article_published_time":"2020-01-28T21:31:49+00:00","article_modified_time":"2020-01-28T21:31:55+00:00","og_image":[{"width":1024,"height":605,"url":"https:\/\/curierulsatelor.ro\/wp\/wp-content\/uploads\/2020\/01\/Andron-Timpau-Bucecea-si-Relu-Tarzioru-Saveni-Curierul-Regional-1024x605.jpg","type":"image\/jpeg"}],"author":"Marian Morosan","twitter_card":"summary_large_image","twitter_misc":{"Scris de":"Marian Morosan","Timp estimat pentru citire":"1 minut"},"schema":{"@context":"https:\/\/schema.org","@graph":[{"@type":"Article","@id":"https:\/\/curierulsatelor.ro\/wp\/2020\/01\/28\/primariile-rosii-au-fost-cadorisite-cu-mai-multi-galbeni\/#article","isPartOf":{"@id":"https:\/\/curierulsatelor.ro\/wp\/2020\/01\/28\/primariile-rosii-au-fost-cadorisite-cu-mai-multi-galbeni\/"},"author":{"name":"Marian Morosan","@id":"https:\/\/curierulsatelor.ro\/wp\/#\/schema\/person\/6f6b28a030e15d619a82894773d6e7b9"},"headline":"Prim\u0103riile ro\u0219ii au fost cadorisite cu mai mul\u021bi galbeni","datePublished":"2020-01-28T21:31:49+00:00","dateModified":"2020-01-28T21:31:55+00:00","mainEntityOfPage":{"@id":"https:\/\/curierulsatelor.ro\/wp\/2020\/01\/28\/primariile-rosii-au-fost-cadorisite-cu-mai-multi-galbeni\/"},"wordCount":257,"commentCount":0,"publisher":{"@id":"https:\/\/curierulsatelor.ro\/wp\/#organization"},"image":{"@id":"https:\/\/curierulsatelor.ro\/wp\/2020\/01\/28\/primariile-rosii-au-fost-cadorisite-cu-mai-multi-galbeni\/#primaryimage"},"thumbnailUrl":"https:\/\/curierulsatelor.ro\/wp\/wp-content\/uploads\/2020\/01\/Andron-Timpau-Bucecea-si-Relu-Tarzioru-Saveni-Curierul-Regional.jpg","articleSection":["Administratie","Boto\u0219ani","Stiri"],"inLanguage":"ro-RO","potentialAction":[{"@type":"CommentAction","name":"Comment","target":["https:\/\/curierulsatelor.ro\/wp\/2020\/01\/28\/primariile-rosii-au-fost-cadorisite-cu-mai-multi-galbeni\/#respond"]}]},{"@type":"WebPage","@id":"https:\/\/curierulsatelor.ro\/wp\/2020\/01\/28\/primariile-rosii-au-fost-cadorisite-cu-mai-multi-galbeni\/","url":"https:\/\/curierulsatelor.ro\/wp\/2020\/01\/28\/primariile-rosii-au-fost-cadorisite-cu-mai-multi-galbeni\/","name":"Prim\u0103riile ro\u0219ii au fost cadorisite cu mai mul\u021bi galbeni - Curierul Regional","isPartOf":{"@id":"https:\/\/curierulsatelor.ro\/wp\/#website"},"primaryImageOfPage":{"@id":"https:\/\/curierulsatelor.ro\/wp\/2020\/01\/28\/primariile-rosii-au-fost-cadorisite-cu-mai-multi-galbeni\/#primaryimage"},"image":{"@id":"https:\/\/curierulsatelor.ro\/wp\/2020\/01\/28\/primariile-rosii-au-fost-cadorisite-cu-mai-multi-galbeni\/#primaryimage"},"thumbnailUrl":"https:\/\/curierulsatelor.ro\/wp\/wp-content\/uploads\/2020\/01\/Andron-Timpau-Bucecea-si-Relu-Tarzioru-Saveni-Curierul-Regional.jpg","datePublished":"2020-01-28T21:31:49+00:00","dateModified":"2020-01-28T21:31:55+00:00","breadcrumb":{"@id":"https:\/\/curierulsatelor.ro\/wp\/2020\/01\/28\/primariile-rosii-au-fost-cadorisite-cu-mai-multi-galbeni\/#breadcrumb"},"inLanguage":"ro-RO","potentialAction":[{"@type":"ReadAction","target":["https:\/\/curierulsatelor.ro\/wp\/2020\/01\/28\/primariile-rosii-au-fost-cadorisite-cu-mai-multi-galbeni\/"]}]},{"@type":"ImageObject","inLanguage":"ro-RO","@id":"https:\/\/curierulsatelor.ro\/wp\/2020\/01\/28\/primariile-rosii-au-fost-cadorisite-cu-mai-multi-galbeni\/#primaryimage","url":"https:\/\/curierulsatelor.ro\/wp\/wp-content\/uploads\/2020\/01\/Andron-Timpau-Bucecea-si-Relu-Tarzioru-Saveni-Curierul-Regional.jpg","contentUrl":"https:\/\/curierulsatelor.ro\/wp\/wp-content\/uploads\/2020\/01\/Andron-Timpau-Bucecea-si-Relu-Tarzioru-Saveni-Curierul-Regional.jpg","width":3043,"height":1798},{"@type":"BreadcrumbList","@id":"https:\/\/curierulsatelor.ro\/wp\/2020\/01\/28\/primariile-rosii-au-fost-cadorisite-cu-mai-multi-galbeni\/#breadcrumb","itemListElement":[{"@type":"ListItem","position":1,"name":"Prima pagin\u0103","item":"https:\/\/curierulsatelor.ro\/wp\/"},{"@type":"ListItem","position":2,"name":"Prim\u0103riile ro\u0219ii au fost cadorisite cu mai mul\u021bi galbeni"}]},{"@type":"WebSite","@id":"https:\/\/curierulsatelor.ro\/wp\/#website","url":"https:\/\/curierulsatelor.ro\/wp\/","name":"Curierul Regional","description":"","publisher":{"@id":"https:\/\/curierulsatelor.ro\/wp\/#organization"},"potentialAction":[{"@type":"SearchAction","target":{"@type":"EntryPoint","urlTemplate":"https:\/\/curierulsatelor.ro\/wp\/?s={search_term_string}"},"query-input":{"@type":"PropertyValueSpecification","valueRequired":true,"valueName":"search_term_string"}}],"inLanguage":"ro-RO"},{"@type":"Organization","@id":"https:\/\/curierulsatelor.ro\/wp\/#organization","name":"Curierul Regional","url":"https:\/\/curierulsatelor.ro\/wp\/","logo":{"@type":"ImageObject","inLanguage":"ro-RO","@id":"https:\/\/curierulsatelor.ro\/wp\/#\/schema\/logo\/image\/","url":"https:\/\/curierulsatelor.ro\/wp\/wp-content\/uploads\/2020\/01\/Curierul-Regional-si-Curierul-satelor-logo-header.png","contentUrl":"https:\/\/curierulsatelor.ro\/wp\/wp-content\/uploads\/2020\/01\/Curierul-Regional-si-Curierul-satelor-logo-header.png","width":2943,"height":685,"caption":"Curierul Regional"},"image":{"@id":"https:\/\/curierulsatelor.ro\/wp\/#\/schema\/logo\/image\/"}},{"@type":"Person","@id":"https:\/\/curierulsatelor.ro\/wp\/#\/schema\/person\/6f6b28a030e15d619a82894773d6e7b9","name":"Marian Morosan","image":{"@type":"ImageObject","inLanguage":"ro-RO","@id":"https:\/\/secure.gravatar.com\/avatar\/2e833cc9ab99e6bca46266d4ad9030d308346ff7ff0b6b955c29b74cafaf064b?s=96&d=mm&r=g","url":"https:\/\/secure.gravatar.com\/avatar\/2e833cc9ab99e6bca46266d4ad9030d308346ff7ff0b6b955c29b74cafaf064b?s=96&d=mm&r=g","contentUrl":"https:\/\/secure.gravatar.com\/avatar\/2e833cc9ab99e6bca46266d4ad9030d308346ff7ff0b6b955c29b74cafaf064b?s=96&d=mm&r=g","caption":"Marian Morosan"},"description":"Copiilor no\u015ftri li se preg\u0103te\u015fte, incon\u015ftient, o lume de joben ciuruit, din care niciodat\u0103 nu iese iepura\u015ful. Doar panglicile politicilor sociale roase de moliile cu \u015ftaif din ultimele decenii. Suntem oropsi\u0163i, suntem dispera\u0163i, manipula\u0163i p\u00e2n\u0103 acolo \u00eenc\u00e2t ne bucur\u0103m s\u0103 fim masa de manevr\u0103 a unora \u015fi s\u0103 sus\u0163inem c\u0103 a\u015fa e normal. Acum \u00eel \u00een\u0163eleg pe Cioran, dar \u00eel \u00een\u0163eleg mai bine \u015fi pe Preda. \u015ei m\u0103 g\u00e2ndesc iar, cu groaz\u0103, la copilul meu. Cel pu\u0163in eu nu \u00eemi doresc s\u0103 \u015ftiu c\u0103 micu\u0163ul meu va fi singur, cu sufletul descul\u0163, prin jungla mileniului III ! https:\/\/curierulsatelor.ro\/wp\/2019\/10\/16\/cu-sufletul-descult-prin-jungla-mileniului-iii-editorial\/","sameAs":["http:\/\/admin"],"url":"https:\/\/curierulsatelor.ro\/wp\/author\/admin\/"}]}},"_links":{"self":[{"href":"https:\/\/curierulsatelor.ro\/wp\/wp-json\/wp\/v2\/posts\/1316","targetHints":{"allow":["GET"]}}],"collection":[{"href":"https:\/\/curierulsatelor.ro\/wp\/wp-json\/wp\/v2\/posts"}],"about":[{"href":"https:\/\/curierulsatelor.ro\/wp\/wp-json\/wp\/v2\/types\/post"}],"author":[{"embeddable":true,"href":"https:\/\/curierulsatelor.ro\/wp\/wp-json\/wp\/v2\/users\/1"}],"replies":[{"embeddable":true,"href":"https:\/\/curierulsatelor.ro\/wp\/wp-json\/wp\/v2\/comments?post=1316"}],"version-history":[{"count":1,"href":"https:\/\/curierulsatelor.ro\/wp\/wp-json\/wp\/v2\/posts\/1316\/revisions"}],"predecessor-version":[{"id":1318,"href":"https:\/\/curierulsatelor.ro\/wp\/wp-json\/wp\/v2\/posts\/1316\/revisions\/1318"}],"wp:featuredmedia":[{"embeddable":true,"href":"https:\/\/curierulsatelor.ro\/wp\/wp-json\/wp\/v2\/media\/1317"}],"wp:attachment":[{"href":"https:\/\/curierulsatelor.ro\/wp\/wp-json\/wp\/v2\/media?parent=1316"}],"wp:term":[{"taxonomy":"category","embeddable":true,"href":"https:\/\/curierulsatelor.ro\/wp\/wp-json\/wp\/v2\/categories?post=1316"},{"taxonomy":"post_tag","embeddable":true,"href":"https:\/\/curierulsatelor.ro\/wp\/wp-json\/wp\/v2\/tags?post=1316"}],"curies":[{"name":"wp","href":"https:\/\/api.w.org\/{rel}","templated":true}]}}