{"id":13457,"date":"2024-08-29T10:52:29","date_gmt":"2024-08-29T08:52:29","guid":{"rendered":"https:\/\/curierulsatelor.ro\/wp\/?p=13457"},"modified":"2024-08-29T10:54:13","modified_gmt":"2024-08-29T08:54:13","slug":"dan-slincu-premierul-ciolacu-reia-programul-start-up-nation-dupa-ce-doi-ani-a-fost-blocat-de-guvernarile-pnl-usr","status":"publish","type":"post","link":"https:\/\/curierulsatelor.ro\/wp\/2024\/08\/29\/dan-slincu-premierul-ciolacu-reia-programul-start-up-nation-dupa-ce-doi-ani-a-fost-blocat-de-guvernarile-pnl-usr\/","title":{"rendered":"Dan \u0218lincu: \u201ePremierul Ciolacu reia Programul Start-Up Nation, dup\u0103 ce doi ani a fost blocat de guvern\u0103rile PNL-USR\u201d"},"content":{"rendered":"\n<p>Social-democratul boto\u0219\u0103nean Dan \u0218lincu, membru \u00een Comisia pentru munc\u0103 din Camera Deputa\u021bilor a anun\u021bat c\u0103 \u00een luna septembrie se va publica ghidul de aplicare pentru tinerii interesa\u021bi de cursuri de preg\u0103tire antreprenorial\u0103 \u0219i pentru finan\u021barea de noi ini\u021biative de afaceri \u00een cadrul programului Start-Up Nation 2024.<\/p>\n\n\n\n<p>\u201e<strong><em>Dup\u0103 doi ani \u00een care guvern\u0103rile PNL \u0219i USR au blocat Start-up Nation, premierul Ciolacu a promovat, la \u00eenceputul lunii august, Ordonan\u021ba de Urgen\u021b\u0103 prin care se aloc\u0103 450 de milioane de euro fonduri externe nerambursabile pentru implementarea celei de-a patra edi\u021bii a programului. Start-Up Nation 2024 va fi structurat pe doi piloni: Pilonul I \u2013 \u201eActivarea poten\u021bialului antreprenorial al tinerilor\u201d \u0219i Pilonul II \u2013 \u201eSprijin pentru dezvoltarea antreprenoriatului \u00een r\u00e2ndul persoanelor din grupul \u021bint\u0103<\/em><\/strong>\u201d, a declarat Dan \u0218lincu.<\/p>\n\n\n\n<figure class=\"wp-block-image alignright size-full is-resized\"><img fetchpriority=\"high\" decoding=\"async\" width=\"768\" height=\"768\" src=\"https:\/\/curierulsatelor.ro\/wp\/wp-content\/uploads\/2024\/08\/start-up-nation-2024.jpg\" alt=\"\" class=\"wp-image-13458\" style=\"width:468px;height:auto\" srcset=\"https:\/\/curierulsatelor.ro\/wp\/wp-content\/uploads\/2024\/08\/start-up-nation-2024.jpg 768w, https:\/\/curierulsatelor.ro\/wp\/wp-content\/uploads\/2024\/08\/start-up-nation-2024-300x300.jpg 300w, https:\/\/curierulsatelor.ro\/wp\/wp-content\/uploads\/2024\/08\/start-up-nation-2024-150x150.jpg 150w\" sizes=\"(max-width: 768px) 100vw, 768px\" \/><\/figure>\n\n\n\n<p>Cea de-a patra edi\u021bie Start-Up Nation se va desf\u0103\u0219ura \u00een dou\u0103 etape, respectiv cea de selec\u021bie a furnizorilor de formare profesional\u0103 pentru constituirea \u0219i instruirea antreprenorial\u0103 a persoanelor interesate \u0219i, ulterior, \u00eenscrierea la finan\u021bare a \u00eentreprinderilor \u00eenfiin\u021bate de c\u0103tre absolven\u021bii primei etape.<\/p>\n\n\n\n<p>\u201e<strong><em>Start-Up Nation con\u021bine dou\u0103 componente, prima pentru tineri sub 30 de ani cu acces la cursuri de formare \u015fi dob\u00e2ndirea de competen\u021be antreprenoriale. Cea de-a doua se adreseaz\u0103 celor cu v\u00e2rste \u00eentre 30 \u015fi 35 de ani care vor s\u0103 dezvolte o afacere. Valoarea aloca\u021biei financiare nerambursabile este de maximum 250.000 lei\/IMM, acoperind p\u00e2n\u0103 la 90% din valoarea cheltuielilor eligibile din cadrul proiectelor depuse, cu obliga\u021bia de a crea minimum dou\u0103 locuri de munc\u0103. \u00cei \u00eencurajez pe tinerii din Boto\u0219ani s\u0103 aplice \u00een num\u0103r c\u00e2t mai mare la acest program, \u00een special persoanele aflate \u00een c\u0103utarea unui loc de munc\u0103, sau persoanele dezavantajate pe pia\u021ba muncii, care pot astfel dob\u00e2ndi competen\u021be antreprenoriale \u0219i apoi s\u0103-\u0219i deschid\u0103 propria afacere, totul cu bani europeni<\/em><\/strong>\u201d, a subliniat deputatul PSD.<\/p>\n\n\n\n<hr class=\"wp-block-separator has-alpha-channel-opacity\"\/>\n\n\n\n<p><strong>PARTIDUL SOCIAL DEMOCRAT<\/strong><\/p>\n\n\n\n<p>Organiza\u0163ia jude\u0163ean\u0103 Boto\u015fani<\/p>\n","protected":false},"excerpt":{"rendered":"<p>Social-democratul boto\u0219\u0103nean Dan \u0218lincu, membru \u00een Comisia pentru munc\u0103 din Camera Deputa\u021bilor a anun\u021bat c\u0103&#8230;<\/p>\n","protected":false},"author":1,"featured_media":13460,"comment_status":"open","ping_status":"open","sticky":false,"template":"","format":"standard","meta":{"footnotes":""},"categories":[8,6,1],"tags":[],"class_list":["post-13457","post","type-post","status-publish","format-standard","has-post-thumbnail","hentry","category-comunicate","category-politica","category-uncategorized"],"yoast_head":"<!-- This site is optimized with the Yoast SEO plugin v27.4 - https:\/\/yoast.com\/product\/yoast-seo-wordpress\/ -->\n<title>Dan \u0218lincu: \u201ePremierul Ciolacu reia Programul Start-Up Nation, dup\u0103 ce doi ani a fost blocat de guvern\u0103rile PNL-USR\u201d - Curierul Regional<\/title>\n<meta name=\"robots\" content=\"index, follow, max-snippet:-1, max-image-preview:large, max-video-preview:-1\" \/>\n<link rel=\"canonical\" href=\"https:\/\/curierulsatelor.ro\/wp\/2024\/08\/29\/dan-slincu-premierul-ciolacu-reia-programul-start-up-nation-dupa-ce-doi-ani-a-fost-blocat-de-guvernarile-pnl-usr\/\" \/>\n<meta property=\"og:locale\" content=\"ro_RO\" \/>\n<meta property=\"og:type\" content=\"article\" \/>\n<meta property=\"og:title\" content=\"Dan \u0218lincu: \u201ePremierul Ciolacu reia Programul Start-Up Nation, dup\u0103 ce doi ani a fost blocat de guvern\u0103rile PNL-USR\u201d - Curierul Regional\" \/>\n<meta property=\"og:description\" content=\"Social-democratul boto\u0219\u0103nean Dan \u0218lincu, membru \u00een Comisia pentru munc\u0103 din Camera Deputa\u021bilor a anun\u021bat c\u0103...\" \/>\n<meta property=\"og:url\" content=\"https:\/\/curierulsatelor.ro\/wp\/2024\/08\/29\/dan-slincu-premierul-ciolacu-reia-programul-start-up-nation-dupa-ce-doi-ani-a-fost-blocat-de-guvernarile-pnl-usr\/\" \/>\n<meta property=\"og:site_name\" content=\"Curierul Regional\" \/>\n<meta property=\"article:published_time\" content=\"2024-08-29T08:52:29+00:00\" \/>\n<meta property=\"article:modified_time\" content=\"2024-08-29T08:54:13+00:00\" \/>\n<meta property=\"og:image\" content=\"https:\/\/curierulsatelor.ro\/wp\/wp-content\/uploads\/2024\/08\/CD-2-Slincu-Dan-2.jpg\" \/>\n\t<meta property=\"og:image:width\" content=\"1200\" \/>\n\t<meta property=\"og:image:height\" content=\"800\" \/>\n\t<meta property=\"og:image:type\" content=\"image\/jpeg\" \/>\n<meta name=\"author\" content=\"Marian Morosan\" \/>\n<meta name=\"twitter:card\" content=\"summary_large_image\" \/>\n<meta name=\"twitter:label1\" content=\"Scris de\" \/>\n\t<meta name=\"twitter:data1\" content=\"Marian Morosan\" \/>\n\t<meta name=\"twitter:label2\" content=\"Timp estimat pentru citire\" \/>\n\t<meta name=\"twitter:data2\" content=\"2 minute\" \/>\n<script type=\"application\/ld+json\" class=\"yoast-schema-graph\">{\"@context\":\"https:\\\/\\\/schema.org\",\"@graph\":[{\"@type\":\"Article\",\"@id\":\"https:\\\/\\\/curierulsatelor.ro\\\/wp\\\/2024\\\/08\\\/29\\\/dan-slincu-premierul-ciolacu-reia-programul-start-up-nation-dupa-ce-doi-ani-a-fost-blocat-de-guvernarile-pnl-usr\\\/#article\",\"isPartOf\":{\"@id\":\"https:\\\/\\\/curierulsatelor.ro\\\/wp\\\/2024\\\/08\\\/29\\\/dan-slincu-premierul-ciolacu-reia-programul-start-up-nation-dupa-ce-doi-ani-a-fost-blocat-de-guvernarile-pnl-usr\\\/\"},\"author\":{\"name\":\"Marian Morosan\",\"@id\":\"https:\\\/\\\/curierulsatelor.ro\\\/wp\\\/#\\\/schema\\\/person\\\/6f6b28a030e15d619a82894773d6e7b9\"},\"headline\":\"Dan \u0218lincu: \u201ePremierul Ciolacu reia Programul Start-Up Nation, dup\u0103 ce doi ani a fost blocat de guvern\u0103rile PNL-USR\u201d\",\"datePublished\":\"2024-08-29T08:52:29+00:00\",\"dateModified\":\"2024-08-29T08:54:13+00:00\",\"mainEntityOfPage\":{\"@id\":\"https:\\\/\\\/curierulsatelor.ro\\\/wp\\\/2024\\\/08\\\/29\\\/dan-slincu-premierul-ciolacu-reia-programul-start-up-nation-dupa-ce-doi-ani-a-fost-blocat-de-guvernarile-pnl-usr\\\/\"},\"wordCount\":347,\"commentCount\":0,\"publisher\":{\"@id\":\"https:\\\/\\\/curierulsatelor.ro\\\/wp\\\/#organization\"},\"image\":{\"@id\":\"https:\\\/\\\/curierulsatelor.ro\\\/wp\\\/2024\\\/08\\\/29\\\/dan-slincu-premierul-ciolacu-reia-programul-start-up-nation-dupa-ce-doi-ani-a-fost-blocat-de-guvernarile-pnl-usr\\\/#primaryimage\"},\"thumbnailUrl\":\"https:\\\/\\\/curierulsatelor.ro\\\/wp\\\/wp-content\\\/uploads\\\/2024\\\/08\\\/CD-2-Slincu-Dan-2.jpg\",\"articleSection\":[\"Comunicate\",\"Politica\",\"Uncategorized\"],\"inLanguage\":\"ro-RO\",\"potentialAction\":[{\"@type\":\"CommentAction\",\"name\":\"Comment\",\"target\":[\"https:\\\/\\\/curierulsatelor.ro\\\/wp\\\/2024\\\/08\\\/29\\\/dan-slincu-premierul-ciolacu-reia-programul-start-up-nation-dupa-ce-doi-ani-a-fost-blocat-de-guvernarile-pnl-usr\\\/#respond\"]}]},{\"@type\":\"WebPage\",\"@id\":\"https:\\\/\\\/curierulsatelor.ro\\\/wp\\\/2024\\\/08\\\/29\\\/dan-slincu-premierul-ciolacu-reia-programul-start-up-nation-dupa-ce-doi-ani-a-fost-blocat-de-guvernarile-pnl-usr\\\/\",\"url\":\"https:\\\/\\\/curierulsatelor.ro\\\/wp\\\/2024\\\/08\\\/29\\\/dan-slincu-premierul-ciolacu-reia-programul-start-up-nation-dupa-ce-doi-ani-a-fost-blocat-de-guvernarile-pnl-usr\\\/\",\"name\":\"Dan \u0218lincu: \u201ePremierul Ciolacu reia Programul Start-Up Nation, dup\u0103 ce doi ani a fost blocat de guvern\u0103rile PNL-USR\u201d - Curierul Regional\",\"isPartOf\":{\"@id\":\"https:\\\/\\\/curierulsatelor.ro\\\/wp\\\/#website\"},\"primaryImageOfPage\":{\"@id\":\"https:\\\/\\\/curierulsatelor.ro\\\/wp\\\/2024\\\/08\\\/29\\\/dan-slincu-premierul-ciolacu-reia-programul-start-up-nation-dupa-ce-doi-ani-a-fost-blocat-de-guvernarile-pnl-usr\\\/#primaryimage\"},\"image\":{\"@id\":\"https:\\\/\\\/curierulsatelor.ro\\\/wp\\\/2024\\\/08\\\/29\\\/dan-slincu-premierul-ciolacu-reia-programul-start-up-nation-dupa-ce-doi-ani-a-fost-blocat-de-guvernarile-pnl-usr\\\/#primaryimage\"},\"thumbnailUrl\":\"https:\\\/\\\/curierulsatelor.ro\\\/wp\\\/wp-content\\\/uploads\\\/2024\\\/08\\\/CD-2-Slincu-Dan-2.jpg\",\"datePublished\":\"2024-08-29T08:52:29+00:00\",\"dateModified\":\"2024-08-29T08:54:13+00:00\",\"breadcrumb\":{\"@id\":\"https:\\\/\\\/curierulsatelor.ro\\\/wp\\\/2024\\\/08\\\/29\\\/dan-slincu-premierul-ciolacu-reia-programul-start-up-nation-dupa-ce-doi-ani-a-fost-blocat-de-guvernarile-pnl-usr\\\/#breadcrumb\"},\"inLanguage\":\"ro-RO\",\"potentialAction\":[{\"@type\":\"ReadAction\",\"target\":[\"https:\\\/\\\/curierulsatelor.ro\\\/wp\\\/2024\\\/08\\\/29\\\/dan-slincu-premierul-ciolacu-reia-programul-start-up-nation-dupa-ce-doi-ani-a-fost-blocat-de-guvernarile-pnl-usr\\\/\"]}]},{\"@type\":\"ImageObject\",\"inLanguage\":\"ro-RO\",\"@id\":\"https:\\\/\\\/curierulsatelor.ro\\\/wp\\\/2024\\\/08\\\/29\\\/dan-slincu-premierul-ciolacu-reia-programul-start-up-nation-dupa-ce-doi-ani-a-fost-blocat-de-guvernarile-pnl-usr\\\/#primaryimage\",\"url\":\"https:\\\/\\\/curierulsatelor.ro\\\/wp\\\/wp-content\\\/uploads\\\/2024\\\/08\\\/CD-2-Slincu-Dan-2.jpg\",\"contentUrl\":\"https:\\\/\\\/curierulsatelor.ro\\\/wp\\\/wp-content\\\/uploads\\\/2024\\\/08\\\/CD-2-Slincu-Dan-2.jpg\",\"width\":1200,\"height\":800},{\"@type\":\"BreadcrumbList\",\"@id\":\"https:\\\/\\\/curierulsatelor.ro\\\/wp\\\/2024\\\/08\\\/29\\\/dan-slincu-premierul-ciolacu-reia-programul-start-up-nation-dupa-ce-doi-ani-a-fost-blocat-de-guvernarile-pnl-usr\\\/#breadcrumb\",\"itemListElement\":[{\"@type\":\"ListItem\",\"position\":1,\"name\":\"Prima pagin\u0103\",\"item\":\"https:\\\/\\\/curierulsatelor.ro\\\/wp\\\/\"},{\"@type\":\"ListItem\",\"position\":2,\"name\":\"Dan \u0218lincu: \u201ePremierul Ciolacu reia Programul Start-Up Nation, dup\u0103 ce doi ani a fost blocat de guvern\u0103rile PNL-USR\u201d\"}]},{\"@type\":\"WebSite\",\"@id\":\"https:\\\/\\\/curierulsatelor.ro\\\/wp\\\/#website\",\"url\":\"https:\\\/\\\/curierulsatelor.ro\\\/wp\\\/\",\"name\":\"Curierul Regional\",\"description\":\"\",\"publisher\":{\"@id\":\"https:\\\/\\\/curierulsatelor.ro\\\/wp\\\/#organization\"},\"potentialAction\":[{\"@type\":\"SearchAction\",\"target\":{\"@type\":\"EntryPoint\",\"urlTemplate\":\"https:\\\/\\\/curierulsatelor.ro\\\/wp\\\/?s={search_term_string}\"},\"query-input\":{\"@type\":\"PropertyValueSpecification\",\"valueRequired\":true,\"valueName\":\"search_term_string\"}}],\"inLanguage\":\"ro-RO\"},{\"@type\":\"Organization\",\"@id\":\"https:\\\/\\\/curierulsatelor.ro\\\/wp\\\/#organization\",\"name\":\"Curierul Regional\",\"url\":\"https:\\\/\\\/curierulsatelor.ro\\\/wp\\\/\",\"logo\":{\"@type\":\"ImageObject\",\"inLanguage\":\"ro-RO\",\"@id\":\"https:\\\/\\\/curierulsatelor.ro\\\/wp\\\/#\\\/schema\\\/logo\\\/image\\\/\",\"url\":\"https:\\\/\\\/curierulsatelor.ro\\\/wp\\\/wp-content\\\/uploads\\\/2020\\\/01\\\/Curierul-Regional-si-Curierul-satelor-logo-header.png\",\"contentUrl\":\"https:\\\/\\\/curierulsatelor.ro\\\/wp\\\/wp-content\\\/uploads\\\/2020\\\/01\\\/Curierul-Regional-si-Curierul-satelor-logo-header.png\",\"width\":2943,\"height\":685,\"caption\":\"Curierul Regional\"},\"image\":{\"@id\":\"https:\\\/\\\/curierulsatelor.ro\\\/wp\\\/#\\\/schema\\\/logo\\\/image\\\/\"}},{\"@type\":\"Person\",\"@id\":\"https:\\\/\\\/curierulsatelor.ro\\\/wp\\\/#\\\/schema\\\/person\\\/6f6b28a030e15d619a82894773d6e7b9\",\"name\":\"Marian Morosan\",\"image\":{\"@type\":\"ImageObject\",\"inLanguage\":\"ro-RO\",\"@id\":\"https:\\\/\\\/secure.gravatar.com\\\/avatar\\\/2e833cc9ab99e6bca46266d4ad9030d308346ff7ff0b6b955c29b74cafaf064b?s=96&d=mm&r=g\",\"url\":\"https:\\\/\\\/secure.gravatar.com\\\/avatar\\\/2e833cc9ab99e6bca46266d4ad9030d308346ff7ff0b6b955c29b74cafaf064b?s=96&d=mm&r=g\",\"contentUrl\":\"https:\\\/\\\/secure.gravatar.com\\\/avatar\\\/2e833cc9ab99e6bca46266d4ad9030d308346ff7ff0b6b955c29b74cafaf064b?s=96&d=mm&r=g\",\"caption\":\"Marian Morosan\"},\"description\":\"Copiilor no\u015ftri li se preg\u0103te\u015fte, incon\u015ftient, o lume de joben ciuruit, din care niciodat\u0103 nu iese iepura\u015ful. Doar panglicile politicilor sociale roase de moliile cu \u015ftaif din ultimele decenii. Suntem oropsi\u0163i, suntem dispera\u0163i, manipula\u0163i p\u00e2n\u0103 acolo \u00eenc\u00e2t ne bucur\u0103m s\u0103 fim masa de manevr\u0103 a unora \u015fi s\u0103 sus\u0163inem c\u0103 a\u015fa e normal. Acum \u00eel \u00een\u0163eleg pe Cioran, dar \u00eel \u00een\u0163eleg mai bine \u015fi pe Preda. \u015ei m\u0103 g\u00e2ndesc iar, cu groaz\u0103, la copilul meu. Cel pu\u0163in eu nu \u00eemi doresc s\u0103 \u015ftiu c\u0103 micu\u0163ul meu va fi singur, cu sufletul descul\u0163, prin jungla mileniului III ! https:\\\/\\\/curierulsatelor.ro\\\/wp\\\/2019\\\/10\\\/16\\\/cu-sufletul-descult-prin-jungla-mileniului-iii-editorial\\\/\",\"sameAs\":[\"http:\\\/\\\/admin\"],\"url\":\"https:\\\/\\\/curierulsatelor.ro\\\/wp\\\/author\\\/admin\\\/\"}]}<\/script>\n<!-- \/ Yoast SEO plugin. -->","yoast_head_json":{"title":"Dan \u0218lincu: \u201ePremierul Ciolacu reia Programul Start-Up Nation, dup\u0103 ce doi ani a fost blocat de guvern\u0103rile PNL-USR\u201d - Curierul Regional","robots":{"index":"index","follow":"follow","max-snippet":"max-snippet:-1","max-image-preview":"max-image-preview:large","max-video-preview":"max-video-preview:-1"},"canonical":"https:\/\/curierulsatelor.ro\/wp\/2024\/08\/29\/dan-slincu-premierul-ciolacu-reia-programul-start-up-nation-dupa-ce-doi-ani-a-fost-blocat-de-guvernarile-pnl-usr\/","og_locale":"ro_RO","og_type":"article","og_title":"Dan \u0218lincu: \u201ePremierul Ciolacu reia Programul Start-Up Nation, dup\u0103 ce doi ani a fost blocat de guvern\u0103rile PNL-USR\u201d - Curierul Regional","og_description":"Social-democratul boto\u0219\u0103nean Dan \u0218lincu, membru \u00een Comisia pentru munc\u0103 din Camera Deputa\u021bilor a anun\u021bat c\u0103...","og_url":"https:\/\/curierulsatelor.ro\/wp\/2024\/08\/29\/dan-slincu-premierul-ciolacu-reia-programul-start-up-nation-dupa-ce-doi-ani-a-fost-blocat-de-guvernarile-pnl-usr\/","og_site_name":"Curierul Regional","article_published_time":"2024-08-29T08:52:29+00:00","article_modified_time":"2024-08-29T08:54:13+00:00","og_image":[{"width":1200,"height":800,"url":"https:\/\/curierulsatelor.ro\/wp\/wp-content\/uploads\/2024\/08\/CD-2-Slincu-Dan-2.jpg","type":"image\/jpeg"}],"author":"Marian Morosan","twitter_card":"summary_large_image","twitter_misc":{"Scris de":"Marian Morosan","Timp estimat pentru citire":"2 minute"},"schema":{"@context":"https:\/\/schema.org","@graph":[{"@type":"Article","@id":"https:\/\/curierulsatelor.ro\/wp\/2024\/08\/29\/dan-slincu-premierul-ciolacu-reia-programul-start-up-nation-dupa-ce-doi-ani-a-fost-blocat-de-guvernarile-pnl-usr\/#article","isPartOf":{"@id":"https:\/\/curierulsatelor.ro\/wp\/2024\/08\/29\/dan-slincu-premierul-ciolacu-reia-programul-start-up-nation-dupa-ce-doi-ani-a-fost-blocat-de-guvernarile-pnl-usr\/"},"author":{"name":"Marian Morosan","@id":"https:\/\/curierulsatelor.ro\/wp\/#\/schema\/person\/6f6b28a030e15d619a82894773d6e7b9"},"headline":"Dan \u0218lincu: \u201ePremierul Ciolacu reia Programul Start-Up Nation, dup\u0103 ce doi ani a fost blocat de guvern\u0103rile PNL-USR\u201d","datePublished":"2024-08-29T08:52:29+00:00","dateModified":"2024-08-29T08:54:13+00:00","mainEntityOfPage":{"@id":"https:\/\/curierulsatelor.ro\/wp\/2024\/08\/29\/dan-slincu-premierul-ciolacu-reia-programul-start-up-nation-dupa-ce-doi-ani-a-fost-blocat-de-guvernarile-pnl-usr\/"},"wordCount":347,"commentCount":0,"publisher":{"@id":"https:\/\/curierulsatelor.ro\/wp\/#organization"},"image":{"@id":"https:\/\/curierulsatelor.ro\/wp\/2024\/08\/29\/dan-slincu-premierul-ciolacu-reia-programul-start-up-nation-dupa-ce-doi-ani-a-fost-blocat-de-guvernarile-pnl-usr\/#primaryimage"},"thumbnailUrl":"https:\/\/curierulsatelor.ro\/wp\/wp-content\/uploads\/2024\/08\/CD-2-Slincu-Dan-2.jpg","articleSection":["Comunicate","Politica","Uncategorized"],"inLanguage":"ro-RO","potentialAction":[{"@type":"CommentAction","name":"Comment","target":["https:\/\/curierulsatelor.ro\/wp\/2024\/08\/29\/dan-slincu-premierul-ciolacu-reia-programul-start-up-nation-dupa-ce-doi-ani-a-fost-blocat-de-guvernarile-pnl-usr\/#respond"]}]},{"@type":"WebPage","@id":"https:\/\/curierulsatelor.ro\/wp\/2024\/08\/29\/dan-slincu-premierul-ciolacu-reia-programul-start-up-nation-dupa-ce-doi-ani-a-fost-blocat-de-guvernarile-pnl-usr\/","url":"https:\/\/curierulsatelor.ro\/wp\/2024\/08\/29\/dan-slincu-premierul-ciolacu-reia-programul-start-up-nation-dupa-ce-doi-ani-a-fost-blocat-de-guvernarile-pnl-usr\/","name":"Dan \u0218lincu: \u201ePremierul Ciolacu reia Programul Start-Up Nation, dup\u0103 ce doi ani a fost blocat de guvern\u0103rile PNL-USR\u201d - Curierul Regional","isPartOf":{"@id":"https:\/\/curierulsatelor.ro\/wp\/#website"},"primaryImageOfPage":{"@id":"https:\/\/curierulsatelor.ro\/wp\/2024\/08\/29\/dan-slincu-premierul-ciolacu-reia-programul-start-up-nation-dupa-ce-doi-ani-a-fost-blocat-de-guvernarile-pnl-usr\/#primaryimage"},"image":{"@id":"https:\/\/curierulsatelor.ro\/wp\/2024\/08\/29\/dan-slincu-premierul-ciolacu-reia-programul-start-up-nation-dupa-ce-doi-ani-a-fost-blocat-de-guvernarile-pnl-usr\/#primaryimage"},"thumbnailUrl":"https:\/\/curierulsatelor.ro\/wp\/wp-content\/uploads\/2024\/08\/CD-2-Slincu-Dan-2.jpg","datePublished":"2024-08-29T08:52:29+00:00","dateModified":"2024-08-29T08:54:13+00:00","breadcrumb":{"@id":"https:\/\/curierulsatelor.ro\/wp\/2024\/08\/29\/dan-slincu-premierul-ciolacu-reia-programul-start-up-nation-dupa-ce-doi-ani-a-fost-blocat-de-guvernarile-pnl-usr\/#breadcrumb"},"inLanguage":"ro-RO","potentialAction":[{"@type":"ReadAction","target":["https:\/\/curierulsatelor.ro\/wp\/2024\/08\/29\/dan-slincu-premierul-ciolacu-reia-programul-start-up-nation-dupa-ce-doi-ani-a-fost-blocat-de-guvernarile-pnl-usr\/"]}]},{"@type":"ImageObject","inLanguage":"ro-RO","@id":"https:\/\/curierulsatelor.ro\/wp\/2024\/08\/29\/dan-slincu-premierul-ciolacu-reia-programul-start-up-nation-dupa-ce-doi-ani-a-fost-blocat-de-guvernarile-pnl-usr\/#primaryimage","url":"https:\/\/curierulsatelor.ro\/wp\/wp-content\/uploads\/2024\/08\/CD-2-Slincu-Dan-2.jpg","contentUrl":"https:\/\/curierulsatelor.ro\/wp\/wp-content\/uploads\/2024\/08\/CD-2-Slincu-Dan-2.jpg","width":1200,"height":800},{"@type":"BreadcrumbList","@id":"https:\/\/curierulsatelor.ro\/wp\/2024\/08\/29\/dan-slincu-premierul-ciolacu-reia-programul-start-up-nation-dupa-ce-doi-ani-a-fost-blocat-de-guvernarile-pnl-usr\/#breadcrumb","itemListElement":[{"@type":"ListItem","position":1,"name":"Prima pagin\u0103","item":"https:\/\/curierulsatelor.ro\/wp\/"},{"@type":"ListItem","position":2,"name":"Dan \u0218lincu: \u201ePremierul Ciolacu reia Programul Start-Up Nation, dup\u0103 ce doi ani a fost blocat de guvern\u0103rile PNL-USR\u201d"}]},{"@type":"WebSite","@id":"https:\/\/curierulsatelor.ro\/wp\/#website","url":"https:\/\/curierulsatelor.ro\/wp\/","name":"Curierul Regional","description":"","publisher":{"@id":"https:\/\/curierulsatelor.ro\/wp\/#organization"},"potentialAction":[{"@type":"SearchAction","target":{"@type":"EntryPoint","urlTemplate":"https:\/\/curierulsatelor.ro\/wp\/?s={search_term_string}"},"query-input":{"@type":"PropertyValueSpecification","valueRequired":true,"valueName":"search_term_string"}}],"inLanguage":"ro-RO"},{"@type":"Organization","@id":"https:\/\/curierulsatelor.ro\/wp\/#organization","name":"Curierul Regional","url":"https:\/\/curierulsatelor.ro\/wp\/","logo":{"@type":"ImageObject","inLanguage":"ro-RO","@id":"https:\/\/curierulsatelor.ro\/wp\/#\/schema\/logo\/image\/","url":"https:\/\/curierulsatelor.ro\/wp\/wp-content\/uploads\/2020\/01\/Curierul-Regional-si-Curierul-satelor-logo-header.png","contentUrl":"https:\/\/curierulsatelor.ro\/wp\/wp-content\/uploads\/2020\/01\/Curierul-Regional-si-Curierul-satelor-logo-header.png","width":2943,"height":685,"caption":"Curierul Regional"},"image":{"@id":"https:\/\/curierulsatelor.ro\/wp\/#\/schema\/logo\/image\/"}},{"@type":"Person","@id":"https:\/\/curierulsatelor.ro\/wp\/#\/schema\/person\/6f6b28a030e15d619a82894773d6e7b9","name":"Marian Morosan","image":{"@type":"ImageObject","inLanguage":"ro-RO","@id":"https:\/\/secure.gravatar.com\/avatar\/2e833cc9ab99e6bca46266d4ad9030d308346ff7ff0b6b955c29b74cafaf064b?s=96&d=mm&r=g","url":"https:\/\/secure.gravatar.com\/avatar\/2e833cc9ab99e6bca46266d4ad9030d308346ff7ff0b6b955c29b74cafaf064b?s=96&d=mm&r=g","contentUrl":"https:\/\/secure.gravatar.com\/avatar\/2e833cc9ab99e6bca46266d4ad9030d308346ff7ff0b6b955c29b74cafaf064b?s=96&d=mm&r=g","caption":"Marian Morosan"},"description":"Copiilor no\u015ftri li se preg\u0103te\u015fte, incon\u015ftient, o lume de joben ciuruit, din care niciodat\u0103 nu iese iepura\u015ful. Doar panglicile politicilor sociale roase de moliile cu \u015ftaif din ultimele decenii. Suntem oropsi\u0163i, suntem dispera\u0163i, manipula\u0163i p\u00e2n\u0103 acolo \u00eenc\u00e2t ne bucur\u0103m s\u0103 fim masa de manevr\u0103 a unora \u015fi s\u0103 sus\u0163inem c\u0103 a\u015fa e normal. Acum \u00eel \u00een\u0163eleg pe Cioran, dar \u00eel \u00een\u0163eleg mai bine \u015fi pe Preda. \u015ei m\u0103 g\u00e2ndesc iar, cu groaz\u0103, la copilul meu. Cel pu\u0163in eu nu \u00eemi doresc s\u0103 \u015ftiu c\u0103 micu\u0163ul meu va fi singur, cu sufletul descul\u0163, prin jungla mileniului III ! https:\/\/curierulsatelor.ro\/wp\/2019\/10\/16\/cu-sufletul-descult-prin-jungla-mileniului-iii-editorial\/","sameAs":["http:\/\/admin"],"url":"https:\/\/curierulsatelor.ro\/wp\/author\/admin\/"}]}},"_links":{"self":[{"href":"https:\/\/curierulsatelor.ro\/wp\/wp-json\/wp\/v2\/posts\/13457","targetHints":{"allow":["GET"]}}],"collection":[{"href":"https:\/\/curierulsatelor.ro\/wp\/wp-json\/wp\/v2\/posts"}],"about":[{"href":"https:\/\/curierulsatelor.ro\/wp\/wp-json\/wp\/v2\/types\/post"}],"author":[{"embeddable":true,"href":"https:\/\/curierulsatelor.ro\/wp\/wp-json\/wp\/v2\/users\/1"}],"replies":[{"embeddable":true,"href":"https:\/\/curierulsatelor.ro\/wp\/wp-json\/wp\/v2\/comments?post=13457"}],"version-history":[{"count":1,"href":"https:\/\/curierulsatelor.ro\/wp\/wp-json\/wp\/v2\/posts\/13457\/revisions"}],"predecessor-version":[{"id":13461,"href":"https:\/\/curierulsatelor.ro\/wp\/wp-json\/wp\/v2\/posts\/13457\/revisions\/13461"}],"wp:featuredmedia":[{"embeddable":true,"href":"https:\/\/curierulsatelor.ro\/wp\/wp-json\/wp\/v2\/media\/13460"}],"wp:attachment":[{"href":"https:\/\/curierulsatelor.ro\/wp\/wp-json\/wp\/v2\/media?parent=13457"}],"wp:term":[{"taxonomy":"category","embeddable":true,"href":"https:\/\/curierulsatelor.ro\/wp\/wp-json\/wp\/v2\/categories?post=13457"},{"taxonomy":"post_tag","embeddable":true,"href":"https:\/\/curierulsatelor.ro\/wp\/wp-json\/wp\/v2\/tags?post=13457"}],"curies":[{"name":"wp","href":"https:\/\/api.w.org\/{rel}","templated":true}]}}