{"id":1390,"date":"2020-02-06T21:18:59","date_gmt":"2020-02-06T21:18:59","guid":{"rendered":"https:\/\/curierulsatelor.ro\/wp\/?p=1390"},"modified":"2020-02-06T21:19:06","modified_gmt":"2020-02-06T21:19:06","slug":"un-politician-a-propus-o-solutie-inedita-pentru-scaparea-judetului-de-gropi","status":"publish","type":"post","link":"https:\/\/curierulsatelor.ro\/wp\/2020\/02\/06\/un-politician-a-propus-o-solutie-inedita-pentru-scaparea-judetului-de-gropi\/","title":{"rendered":"Un politician a propus o solu\u021bie inedit\u0103 pentru sc\u0103parea jude\u021bului de gropi"},"content":{"rendered":"\n<p>A fost consilier jude\u021bean, a fost secretar de stat \u00een ANSVSA, a fost consilier al europarlamentarului Mihai \u021aurcanu, iar acum este cartea c\u00e2\u0219tig\u0103toare pe care mizeaz\u0103 ALDE Boto\u0219ani la ConsiliulJude\u021bean \u00een cursa electoral\u0103 din var\u0103. Bogdan D\u0103sc\u0103lescu, vicepre\u0219edinte ALDE Boto\u0219ani, a prezentat un alt proiect din portofoliul s\u0103u de solu\u021bii pentru boto\u0219\u0103neni, un proiect care s\u0103 conduc\u0103 spre un jude\u021b care nu mai are str\u0103zi denivelate, bombardate de gropi sau chiar impracticabile. Starea dezastruoas\u0103 a drumurilor din jude\u021bul Boto\u0219ani este cauzat\u0103, \u00een bun\u0103 parte, de traficul agabaritic. Toat\u0103 lumea \u0219tie. \u0218tie \u0219i Bogdan D\u0103sc\u0103lescu. dar p\u00e2n\u0103 la el nimeni nu a venit cu o propunere concret\u0103 pentru rezolvarea problemei. \u201d\u00cen urma sondajului efectuat, au ap\u0103rut foarte multe discu\u021bii referitoare la infrastructura rutier\u0103. A\u0219 vrea ca \u00een secunda \u00een care \u00een Boto\u0219ani se reface un drum jude\u021bean, pentru a-l proteja, una dintre idei este s\u0103 aduc acele centre automate de c\u00e2nt\u0103rire pentru ma\u0219ini. Pentru c\u0103, \u0219tim foarte bine, datorit\u0103 gabaritului crescut \u0219i nerespect\u0103rii de fapt a gabaritului pe drumurile jude\u021bene, acestea, \u00een maxim un an-doi, sunt la fel cum au fost. M-am interesat \u0219i Consiliul Jude\u021bean poate s\u0103 fac\u0103 a\u0219a ceva. Mi-a\u0219 dori ca \u00een c\u00e2teva puncte strategice din jude\u021bul Boto\u0219ani acele c\u00e2ntare automate pe care le vede\u021bi \u0219i \u00een Ungaria \u0219i \u00een Germania. Camioanele intr\u0103, \u00ee\u0219i scot tichet \u0219i f\u0103r\u0103 tichetul \u0103la nu po\u021bi s\u0103 circuli pe drumul jude\u021bean. S\u0103 nu mai existe ca pe drumurile jude\u021bene unde avem gabarit de 20 de tone s\u0103 circule camioane de 40 de tone\u201d, a prezentat Bogdan D\u0103sc\u0103lescu. <\/p>\n","protected":false},"excerpt":{"rendered":"<p>A fost consilier jude\u021bean, a fost secretar de stat \u00een ANSVSA, a fost consilier al&#8230;<\/p>\n","protected":false},"author":1,"featured_media":1391,"comment_status":"open","ping_status":"open","sticky":false,"template":"","format":"standard","meta":{"footnotes":""},"categories":[14,15,6],"tags":[],"class_list":["post-1390","post","type-post","status-publish","format-standard","has-post-thumbnail","hentry","category-alde","category-botosani","category-politica"],"yoast_head":"<!-- This site is optimized with the Yoast SEO plugin v27.4 - https:\/\/yoast.com\/product\/yoast-seo-wordpress\/ -->\n<title>Un politician a propus o solu\u021bie inedit\u0103 pentru sc\u0103parea jude\u021bului de gropi - Curierul Regional<\/title>\n<meta name=\"robots\" content=\"index, follow, max-snippet:-1, max-image-preview:large, max-video-preview:-1\" \/>\n<link rel=\"canonical\" href=\"https:\/\/curierulsatelor.ro\/wp\/2020\/02\/06\/un-politician-a-propus-o-solutie-inedita-pentru-scaparea-judetului-de-gropi\/\" \/>\n<meta property=\"og:locale\" content=\"ro_RO\" \/>\n<meta property=\"og:type\" content=\"article\" \/>\n<meta property=\"og:title\" content=\"Un politician a propus o solu\u021bie inedit\u0103 pentru sc\u0103parea jude\u021bului de gropi - Curierul Regional\" \/>\n<meta property=\"og:description\" content=\"A fost consilier jude\u021bean, a fost secretar de stat \u00een ANSVSA, a fost consilier al...\" \/>\n<meta property=\"og:url\" content=\"https:\/\/curierulsatelor.ro\/wp\/2020\/02\/06\/un-politician-a-propus-o-solutie-inedita-pentru-scaparea-judetului-de-gropi\/\" \/>\n<meta property=\"og:site_name\" content=\"Curierul Regional\" \/>\n<meta property=\"article:published_time\" content=\"2020-02-06T21:18:59+00:00\" \/>\n<meta property=\"article:modified_time\" content=\"2020-02-06T21:19:06+00:00\" \/>\n<meta property=\"og:image\" content=\"https:\/\/curierulsatelor.ro\/wp\/wp-content\/uploads\/2020\/02\/Bogdan-Dascalescu-ALDE-1024x637.jpg\" \/>\n\t<meta property=\"og:image:width\" content=\"1024\" \/>\n\t<meta property=\"og:image:height\" content=\"637\" \/>\n\t<meta property=\"og:image:type\" content=\"image\/jpeg\" \/>\n<meta name=\"author\" content=\"Marian Morosan\" \/>\n<meta name=\"twitter:card\" content=\"summary_large_image\" \/>\n<meta name=\"twitter:label1\" content=\"Scris de\" \/>\n\t<meta name=\"twitter:data1\" content=\"Marian Morosan\" \/>\n\t<meta name=\"twitter:label2\" content=\"Timp estimat pentru citire\" \/>\n\t<meta name=\"twitter:data2\" content=\"1 minut\" \/>\n<script type=\"application\/ld+json\" class=\"yoast-schema-graph\">{\"@context\":\"https:\\\/\\\/schema.org\",\"@graph\":[{\"@type\":\"Article\",\"@id\":\"https:\\\/\\\/curierulsatelor.ro\\\/wp\\\/2020\\\/02\\\/06\\\/un-politician-a-propus-o-solutie-inedita-pentru-scaparea-judetului-de-gropi\\\/#article\",\"isPartOf\":{\"@id\":\"https:\\\/\\\/curierulsatelor.ro\\\/wp\\\/2020\\\/02\\\/06\\\/un-politician-a-propus-o-solutie-inedita-pentru-scaparea-judetului-de-gropi\\\/\"},\"author\":{\"name\":\"Marian Morosan\",\"@id\":\"https:\\\/\\\/curierulsatelor.ro\\\/wp\\\/#\\\/schema\\\/person\\\/6f6b28a030e15d619a82894773d6e7b9\"},\"headline\":\"Un politician a propus o solu\u021bie inedit\u0103 pentru sc\u0103parea jude\u021bului de gropi\",\"datePublished\":\"2020-02-06T21:18:59+00:00\",\"dateModified\":\"2020-02-06T21:19:06+00:00\",\"mainEntityOfPage\":{\"@id\":\"https:\\\/\\\/curierulsatelor.ro\\\/wp\\\/2020\\\/02\\\/06\\\/un-politician-a-propus-o-solutie-inedita-pentru-scaparea-judetului-de-gropi\\\/\"},\"wordCount\":308,\"commentCount\":0,\"publisher\":{\"@id\":\"https:\\\/\\\/curierulsatelor.ro\\\/wp\\\/#organization\"},\"image\":{\"@id\":\"https:\\\/\\\/curierulsatelor.ro\\\/wp\\\/2020\\\/02\\\/06\\\/un-politician-a-propus-o-solutie-inedita-pentru-scaparea-judetului-de-gropi\\\/#primaryimage\"},\"thumbnailUrl\":\"https:\\\/\\\/curierulsatelor.ro\\\/wp\\\/wp-content\\\/uploads\\\/2020\\\/02\\\/Bogdan-Dascalescu-ALDE.jpg\",\"articleSection\":[\"ALDE\",\"Boto\u0219ani\",\"Politica\"],\"inLanguage\":\"ro-RO\",\"potentialAction\":[{\"@type\":\"CommentAction\",\"name\":\"Comment\",\"target\":[\"https:\\\/\\\/curierulsatelor.ro\\\/wp\\\/2020\\\/02\\\/06\\\/un-politician-a-propus-o-solutie-inedita-pentru-scaparea-judetului-de-gropi\\\/#respond\"]}]},{\"@type\":\"WebPage\",\"@id\":\"https:\\\/\\\/curierulsatelor.ro\\\/wp\\\/2020\\\/02\\\/06\\\/un-politician-a-propus-o-solutie-inedita-pentru-scaparea-judetului-de-gropi\\\/\",\"url\":\"https:\\\/\\\/curierulsatelor.ro\\\/wp\\\/2020\\\/02\\\/06\\\/un-politician-a-propus-o-solutie-inedita-pentru-scaparea-judetului-de-gropi\\\/\",\"name\":\"Un politician a propus o solu\u021bie inedit\u0103 pentru sc\u0103parea jude\u021bului de gropi - Curierul Regional\",\"isPartOf\":{\"@id\":\"https:\\\/\\\/curierulsatelor.ro\\\/wp\\\/#website\"},\"primaryImageOfPage\":{\"@id\":\"https:\\\/\\\/curierulsatelor.ro\\\/wp\\\/2020\\\/02\\\/06\\\/un-politician-a-propus-o-solutie-inedita-pentru-scaparea-judetului-de-gropi\\\/#primaryimage\"},\"image\":{\"@id\":\"https:\\\/\\\/curierulsatelor.ro\\\/wp\\\/2020\\\/02\\\/06\\\/un-politician-a-propus-o-solutie-inedita-pentru-scaparea-judetului-de-gropi\\\/#primaryimage\"},\"thumbnailUrl\":\"https:\\\/\\\/curierulsatelor.ro\\\/wp\\\/wp-content\\\/uploads\\\/2020\\\/02\\\/Bogdan-Dascalescu-ALDE.jpg\",\"datePublished\":\"2020-02-06T21:18:59+00:00\",\"dateModified\":\"2020-02-06T21:19:06+00:00\",\"breadcrumb\":{\"@id\":\"https:\\\/\\\/curierulsatelor.ro\\\/wp\\\/2020\\\/02\\\/06\\\/un-politician-a-propus-o-solutie-inedita-pentru-scaparea-judetului-de-gropi\\\/#breadcrumb\"},\"inLanguage\":\"ro-RO\",\"potentialAction\":[{\"@type\":\"ReadAction\",\"target\":[\"https:\\\/\\\/curierulsatelor.ro\\\/wp\\\/2020\\\/02\\\/06\\\/un-politician-a-propus-o-solutie-inedita-pentru-scaparea-judetului-de-gropi\\\/\"]}]},{\"@type\":\"ImageObject\",\"inLanguage\":\"ro-RO\",\"@id\":\"https:\\\/\\\/curierulsatelor.ro\\\/wp\\\/2020\\\/02\\\/06\\\/un-politician-a-propus-o-solutie-inedita-pentru-scaparea-judetului-de-gropi\\\/#primaryimage\",\"url\":\"https:\\\/\\\/curierulsatelor.ro\\\/wp\\\/wp-content\\\/uploads\\\/2020\\\/02\\\/Bogdan-Dascalescu-ALDE.jpg\",\"contentUrl\":\"https:\\\/\\\/curierulsatelor.ro\\\/wp\\\/wp-content\\\/uploads\\\/2020\\\/02\\\/Bogdan-Dascalescu-ALDE.jpg\",\"width\":2943,\"height\":1832},{\"@type\":\"BreadcrumbList\",\"@id\":\"https:\\\/\\\/curierulsatelor.ro\\\/wp\\\/2020\\\/02\\\/06\\\/un-politician-a-propus-o-solutie-inedita-pentru-scaparea-judetului-de-gropi\\\/#breadcrumb\",\"itemListElement\":[{\"@type\":\"ListItem\",\"position\":1,\"name\":\"Prima pagin\u0103\",\"item\":\"https:\\\/\\\/curierulsatelor.ro\\\/wp\\\/\"},{\"@type\":\"ListItem\",\"position\":2,\"name\":\"Un politician a propus o solu\u021bie inedit\u0103 pentru sc\u0103parea jude\u021bului de gropi\"}]},{\"@type\":\"WebSite\",\"@id\":\"https:\\\/\\\/curierulsatelor.ro\\\/wp\\\/#website\",\"url\":\"https:\\\/\\\/curierulsatelor.ro\\\/wp\\\/\",\"name\":\"Curierul Regional\",\"description\":\"\",\"publisher\":{\"@id\":\"https:\\\/\\\/curierulsatelor.ro\\\/wp\\\/#organization\"},\"potentialAction\":[{\"@type\":\"SearchAction\",\"target\":{\"@type\":\"EntryPoint\",\"urlTemplate\":\"https:\\\/\\\/curierulsatelor.ro\\\/wp\\\/?s={search_term_string}\"},\"query-input\":{\"@type\":\"PropertyValueSpecification\",\"valueRequired\":true,\"valueName\":\"search_term_string\"}}],\"inLanguage\":\"ro-RO\"},{\"@type\":\"Organization\",\"@id\":\"https:\\\/\\\/curierulsatelor.ro\\\/wp\\\/#organization\",\"name\":\"Curierul Regional\",\"url\":\"https:\\\/\\\/curierulsatelor.ro\\\/wp\\\/\",\"logo\":{\"@type\":\"ImageObject\",\"inLanguage\":\"ro-RO\",\"@id\":\"https:\\\/\\\/curierulsatelor.ro\\\/wp\\\/#\\\/schema\\\/logo\\\/image\\\/\",\"url\":\"https:\\\/\\\/curierulsatelor.ro\\\/wp\\\/wp-content\\\/uploads\\\/2020\\\/01\\\/Curierul-Regional-si-Curierul-satelor-logo-header.png\",\"contentUrl\":\"https:\\\/\\\/curierulsatelor.ro\\\/wp\\\/wp-content\\\/uploads\\\/2020\\\/01\\\/Curierul-Regional-si-Curierul-satelor-logo-header.png\",\"width\":2943,\"height\":685,\"caption\":\"Curierul Regional\"},\"image\":{\"@id\":\"https:\\\/\\\/curierulsatelor.ro\\\/wp\\\/#\\\/schema\\\/logo\\\/image\\\/\"}},{\"@type\":\"Person\",\"@id\":\"https:\\\/\\\/curierulsatelor.ro\\\/wp\\\/#\\\/schema\\\/person\\\/6f6b28a030e15d619a82894773d6e7b9\",\"name\":\"Marian Morosan\",\"image\":{\"@type\":\"ImageObject\",\"inLanguage\":\"ro-RO\",\"@id\":\"https:\\\/\\\/secure.gravatar.com\\\/avatar\\\/2e833cc9ab99e6bca46266d4ad9030d308346ff7ff0b6b955c29b74cafaf064b?s=96&d=mm&r=g\",\"url\":\"https:\\\/\\\/secure.gravatar.com\\\/avatar\\\/2e833cc9ab99e6bca46266d4ad9030d308346ff7ff0b6b955c29b74cafaf064b?s=96&d=mm&r=g\",\"contentUrl\":\"https:\\\/\\\/secure.gravatar.com\\\/avatar\\\/2e833cc9ab99e6bca46266d4ad9030d308346ff7ff0b6b955c29b74cafaf064b?s=96&d=mm&r=g\",\"caption\":\"Marian Morosan\"},\"description\":\"Copiilor no\u015ftri li se preg\u0103te\u015fte, incon\u015ftient, o lume de joben ciuruit, din care niciodat\u0103 nu iese iepura\u015ful. Doar panglicile politicilor sociale roase de moliile cu \u015ftaif din ultimele decenii. Suntem oropsi\u0163i, suntem dispera\u0163i, manipula\u0163i p\u00e2n\u0103 acolo \u00eenc\u00e2t ne bucur\u0103m s\u0103 fim masa de manevr\u0103 a unora \u015fi s\u0103 sus\u0163inem c\u0103 a\u015fa e normal. Acum \u00eel \u00een\u0163eleg pe Cioran, dar \u00eel \u00een\u0163eleg mai bine \u015fi pe Preda. \u015ei m\u0103 g\u00e2ndesc iar, cu groaz\u0103, la copilul meu. Cel pu\u0163in eu nu \u00eemi doresc s\u0103 \u015ftiu c\u0103 micu\u0163ul meu va fi singur, cu sufletul descul\u0163, prin jungla mileniului III ! https:\\\/\\\/curierulsatelor.ro\\\/wp\\\/2019\\\/10\\\/16\\\/cu-sufletul-descult-prin-jungla-mileniului-iii-editorial\\\/\",\"sameAs\":[\"http:\\\/\\\/admin\"],\"url\":\"https:\\\/\\\/curierulsatelor.ro\\\/wp\\\/author\\\/admin\\\/\"}]}<\/script>\n<!-- \/ Yoast SEO plugin. -->","yoast_head_json":{"title":"Un politician a propus o solu\u021bie inedit\u0103 pentru sc\u0103parea jude\u021bului de gropi - Curierul Regional","robots":{"index":"index","follow":"follow","max-snippet":"max-snippet:-1","max-image-preview":"max-image-preview:large","max-video-preview":"max-video-preview:-1"},"canonical":"https:\/\/curierulsatelor.ro\/wp\/2020\/02\/06\/un-politician-a-propus-o-solutie-inedita-pentru-scaparea-judetului-de-gropi\/","og_locale":"ro_RO","og_type":"article","og_title":"Un politician a propus o solu\u021bie inedit\u0103 pentru sc\u0103parea jude\u021bului de gropi - Curierul Regional","og_description":"A fost consilier jude\u021bean, a fost secretar de stat \u00een ANSVSA, a fost consilier al...","og_url":"https:\/\/curierulsatelor.ro\/wp\/2020\/02\/06\/un-politician-a-propus-o-solutie-inedita-pentru-scaparea-judetului-de-gropi\/","og_site_name":"Curierul Regional","article_published_time":"2020-02-06T21:18:59+00:00","article_modified_time":"2020-02-06T21:19:06+00:00","og_image":[{"width":1024,"height":637,"url":"https:\/\/curierulsatelor.ro\/wp\/wp-content\/uploads\/2020\/02\/Bogdan-Dascalescu-ALDE-1024x637.jpg","type":"image\/jpeg"}],"author":"Marian Morosan","twitter_card":"summary_large_image","twitter_misc":{"Scris de":"Marian Morosan","Timp estimat pentru citire":"1 minut"},"schema":{"@context":"https:\/\/schema.org","@graph":[{"@type":"Article","@id":"https:\/\/curierulsatelor.ro\/wp\/2020\/02\/06\/un-politician-a-propus-o-solutie-inedita-pentru-scaparea-judetului-de-gropi\/#article","isPartOf":{"@id":"https:\/\/curierulsatelor.ro\/wp\/2020\/02\/06\/un-politician-a-propus-o-solutie-inedita-pentru-scaparea-judetului-de-gropi\/"},"author":{"name":"Marian Morosan","@id":"https:\/\/curierulsatelor.ro\/wp\/#\/schema\/person\/6f6b28a030e15d619a82894773d6e7b9"},"headline":"Un politician a propus o solu\u021bie inedit\u0103 pentru sc\u0103parea jude\u021bului de gropi","datePublished":"2020-02-06T21:18:59+00:00","dateModified":"2020-02-06T21:19:06+00:00","mainEntityOfPage":{"@id":"https:\/\/curierulsatelor.ro\/wp\/2020\/02\/06\/un-politician-a-propus-o-solutie-inedita-pentru-scaparea-judetului-de-gropi\/"},"wordCount":308,"commentCount":0,"publisher":{"@id":"https:\/\/curierulsatelor.ro\/wp\/#organization"},"image":{"@id":"https:\/\/curierulsatelor.ro\/wp\/2020\/02\/06\/un-politician-a-propus-o-solutie-inedita-pentru-scaparea-judetului-de-gropi\/#primaryimage"},"thumbnailUrl":"https:\/\/curierulsatelor.ro\/wp\/wp-content\/uploads\/2020\/02\/Bogdan-Dascalescu-ALDE.jpg","articleSection":["ALDE","Boto\u0219ani","Politica"],"inLanguage":"ro-RO","potentialAction":[{"@type":"CommentAction","name":"Comment","target":["https:\/\/curierulsatelor.ro\/wp\/2020\/02\/06\/un-politician-a-propus-o-solutie-inedita-pentru-scaparea-judetului-de-gropi\/#respond"]}]},{"@type":"WebPage","@id":"https:\/\/curierulsatelor.ro\/wp\/2020\/02\/06\/un-politician-a-propus-o-solutie-inedita-pentru-scaparea-judetului-de-gropi\/","url":"https:\/\/curierulsatelor.ro\/wp\/2020\/02\/06\/un-politician-a-propus-o-solutie-inedita-pentru-scaparea-judetului-de-gropi\/","name":"Un politician a propus o solu\u021bie inedit\u0103 pentru sc\u0103parea jude\u021bului de gropi - Curierul Regional","isPartOf":{"@id":"https:\/\/curierulsatelor.ro\/wp\/#website"},"primaryImageOfPage":{"@id":"https:\/\/curierulsatelor.ro\/wp\/2020\/02\/06\/un-politician-a-propus-o-solutie-inedita-pentru-scaparea-judetului-de-gropi\/#primaryimage"},"image":{"@id":"https:\/\/curierulsatelor.ro\/wp\/2020\/02\/06\/un-politician-a-propus-o-solutie-inedita-pentru-scaparea-judetului-de-gropi\/#primaryimage"},"thumbnailUrl":"https:\/\/curierulsatelor.ro\/wp\/wp-content\/uploads\/2020\/02\/Bogdan-Dascalescu-ALDE.jpg","datePublished":"2020-02-06T21:18:59+00:00","dateModified":"2020-02-06T21:19:06+00:00","breadcrumb":{"@id":"https:\/\/curierulsatelor.ro\/wp\/2020\/02\/06\/un-politician-a-propus-o-solutie-inedita-pentru-scaparea-judetului-de-gropi\/#breadcrumb"},"inLanguage":"ro-RO","potentialAction":[{"@type":"ReadAction","target":["https:\/\/curierulsatelor.ro\/wp\/2020\/02\/06\/un-politician-a-propus-o-solutie-inedita-pentru-scaparea-judetului-de-gropi\/"]}]},{"@type":"ImageObject","inLanguage":"ro-RO","@id":"https:\/\/curierulsatelor.ro\/wp\/2020\/02\/06\/un-politician-a-propus-o-solutie-inedita-pentru-scaparea-judetului-de-gropi\/#primaryimage","url":"https:\/\/curierulsatelor.ro\/wp\/wp-content\/uploads\/2020\/02\/Bogdan-Dascalescu-ALDE.jpg","contentUrl":"https:\/\/curierulsatelor.ro\/wp\/wp-content\/uploads\/2020\/02\/Bogdan-Dascalescu-ALDE.jpg","width":2943,"height":1832},{"@type":"BreadcrumbList","@id":"https:\/\/curierulsatelor.ro\/wp\/2020\/02\/06\/un-politician-a-propus-o-solutie-inedita-pentru-scaparea-judetului-de-gropi\/#breadcrumb","itemListElement":[{"@type":"ListItem","position":1,"name":"Prima pagin\u0103","item":"https:\/\/curierulsatelor.ro\/wp\/"},{"@type":"ListItem","position":2,"name":"Un politician a propus o solu\u021bie inedit\u0103 pentru sc\u0103parea jude\u021bului de gropi"}]},{"@type":"WebSite","@id":"https:\/\/curierulsatelor.ro\/wp\/#website","url":"https:\/\/curierulsatelor.ro\/wp\/","name":"Curierul Regional","description":"","publisher":{"@id":"https:\/\/curierulsatelor.ro\/wp\/#organization"},"potentialAction":[{"@type":"SearchAction","target":{"@type":"EntryPoint","urlTemplate":"https:\/\/curierulsatelor.ro\/wp\/?s={search_term_string}"},"query-input":{"@type":"PropertyValueSpecification","valueRequired":true,"valueName":"search_term_string"}}],"inLanguage":"ro-RO"},{"@type":"Organization","@id":"https:\/\/curierulsatelor.ro\/wp\/#organization","name":"Curierul Regional","url":"https:\/\/curierulsatelor.ro\/wp\/","logo":{"@type":"ImageObject","inLanguage":"ro-RO","@id":"https:\/\/curierulsatelor.ro\/wp\/#\/schema\/logo\/image\/","url":"https:\/\/curierulsatelor.ro\/wp\/wp-content\/uploads\/2020\/01\/Curierul-Regional-si-Curierul-satelor-logo-header.png","contentUrl":"https:\/\/curierulsatelor.ro\/wp\/wp-content\/uploads\/2020\/01\/Curierul-Regional-si-Curierul-satelor-logo-header.png","width":2943,"height":685,"caption":"Curierul Regional"},"image":{"@id":"https:\/\/curierulsatelor.ro\/wp\/#\/schema\/logo\/image\/"}},{"@type":"Person","@id":"https:\/\/curierulsatelor.ro\/wp\/#\/schema\/person\/6f6b28a030e15d619a82894773d6e7b9","name":"Marian Morosan","image":{"@type":"ImageObject","inLanguage":"ro-RO","@id":"https:\/\/secure.gravatar.com\/avatar\/2e833cc9ab99e6bca46266d4ad9030d308346ff7ff0b6b955c29b74cafaf064b?s=96&d=mm&r=g","url":"https:\/\/secure.gravatar.com\/avatar\/2e833cc9ab99e6bca46266d4ad9030d308346ff7ff0b6b955c29b74cafaf064b?s=96&d=mm&r=g","contentUrl":"https:\/\/secure.gravatar.com\/avatar\/2e833cc9ab99e6bca46266d4ad9030d308346ff7ff0b6b955c29b74cafaf064b?s=96&d=mm&r=g","caption":"Marian Morosan"},"description":"Copiilor no\u015ftri li se preg\u0103te\u015fte, incon\u015ftient, o lume de joben ciuruit, din care niciodat\u0103 nu iese iepura\u015ful. Doar panglicile politicilor sociale roase de moliile cu \u015ftaif din ultimele decenii. Suntem oropsi\u0163i, suntem dispera\u0163i, manipula\u0163i p\u00e2n\u0103 acolo \u00eenc\u00e2t ne bucur\u0103m s\u0103 fim masa de manevr\u0103 a unora \u015fi s\u0103 sus\u0163inem c\u0103 a\u015fa e normal. Acum \u00eel \u00een\u0163eleg pe Cioran, dar \u00eel \u00een\u0163eleg mai bine \u015fi pe Preda. \u015ei m\u0103 g\u00e2ndesc iar, cu groaz\u0103, la copilul meu. Cel pu\u0163in eu nu \u00eemi doresc s\u0103 \u015ftiu c\u0103 micu\u0163ul meu va fi singur, cu sufletul descul\u0163, prin jungla mileniului III ! https:\/\/curierulsatelor.ro\/wp\/2019\/10\/16\/cu-sufletul-descult-prin-jungla-mileniului-iii-editorial\/","sameAs":["http:\/\/admin"],"url":"https:\/\/curierulsatelor.ro\/wp\/author\/admin\/"}]}},"_links":{"self":[{"href":"https:\/\/curierulsatelor.ro\/wp\/wp-json\/wp\/v2\/posts\/1390","targetHints":{"allow":["GET"]}}],"collection":[{"href":"https:\/\/curierulsatelor.ro\/wp\/wp-json\/wp\/v2\/posts"}],"about":[{"href":"https:\/\/curierulsatelor.ro\/wp\/wp-json\/wp\/v2\/types\/post"}],"author":[{"embeddable":true,"href":"https:\/\/curierulsatelor.ro\/wp\/wp-json\/wp\/v2\/users\/1"}],"replies":[{"embeddable":true,"href":"https:\/\/curierulsatelor.ro\/wp\/wp-json\/wp\/v2\/comments?post=1390"}],"version-history":[{"count":1,"href":"https:\/\/curierulsatelor.ro\/wp\/wp-json\/wp\/v2\/posts\/1390\/revisions"}],"predecessor-version":[{"id":1392,"href":"https:\/\/curierulsatelor.ro\/wp\/wp-json\/wp\/v2\/posts\/1390\/revisions\/1392"}],"wp:featuredmedia":[{"embeddable":true,"href":"https:\/\/curierulsatelor.ro\/wp\/wp-json\/wp\/v2\/media\/1391"}],"wp:attachment":[{"href":"https:\/\/curierulsatelor.ro\/wp\/wp-json\/wp\/v2\/media?parent=1390"}],"wp:term":[{"taxonomy":"category","embeddable":true,"href":"https:\/\/curierulsatelor.ro\/wp\/wp-json\/wp\/v2\/categories?post=1390"},{"taxonomy":"post_tag","embeddable":true,"href":"https:\/\/curierulsatelor.ro\/wp\/wp-json\/wp\/v2\/tags?post=1390"}],"curies":[{"name":"wp","href":"https:\/\/api.w.org\/{rel}","templated":true}]}}