{"id":14344,"date":"2024-11-12T08:16:07","date_gmt":"2024-11-12T06:16:07","guid":{"rendered":"https:\/\/curierulsatelor.ro\/wp\/?p=14344"},"modified":"2024-11-12T08:16:08","modified_gmt":"2024-11-12T06:16:08","slug":"catalin-silegeanu-vicepresedinte-si-candidat-la-senat-din-partea-aur-impreuna-reconstruim-romania","status":"publish","type":"post","link":"https:\/\/curierulsatelor.ro\/wp\/2024\/11\/12\/catalin-silegeanu-vicepresedinte-si-candidat-la-senat-din-partea-aur-impreuna-reconstruim-romania\/","title":{"rendered":"C\u0103t\u0103lin Silegeanu, Vicepre\u0219edinte \u0219i Candidat la Senat din partea AUR: \u00cempreun\u0103 reconstruim Rom\u00e2nia!"},"content":{"rendered":"\n<p> \u201eLa pas prin municipiu, promov\u00e2nd cartea #ReconstruimRomania cu Planul Simion! \u00cempreun\u0103 cu colegii AUR, am fost al\u0103turi de cet\u0103\u021benii din Boto\u0219ani. Am avut ocazia s\u0103 discut\u0103m cu oamenii, ca \u00eentotdeauna, \u0219i s\u0103 le prezent\u0103m viziunea parlamentarilor AUR, precum \u0219i planul nostru pentru a reconstrui Rom\u00e2nia. Le-am garantat c\u0103 vom fi al\u0103turi de ei \u00een fiecare zi, ascult\u00e2ndu-le nevoile \u0219i lucr\u00e2nd \u00eempreun\u0103 pentru un viitor mai bun\u201d, a declarat Silegeanu.<\/p>\n\n\n\n<p> El a eviden\u021biat c\u00e2teva dintre m\u0103surile esen\u021biale incluse \u00een Planul lui George Simion pentru reconstruc\u021bia Rom\u00e2niei, menite s\u0103 aduc\u0103 schimb\u0103ri pozitive \u0219i durabile: Dezvoltarea infrastructurii: Investi\u021bii semnificative \u00een infrastructura de transport, pentru a \u00eembun\u0103t\u0103\u021bi conectivitatea \u00eentre regiuni \u0219i a facilita dezvoltarea economic\u0103 local\u0103. Sprijinirea agriculturii: Promovarea agriculturii sustenabile \u0219i sprijinirea fermierilor rom\u00e2ni prin subven\u021bii \u0219i programe de modernizare a echipamentelor agricole. Reforma educa\u021biei: Implementarea unui sistem educa\u021bional adaptat nevoilor actuale, care s\u0103 pun\u0103 accent pe practic\u0103 \u0219i s\u0103 preg\u0103teasc\u0103 tinerii pentru pia\u021ba muncii. \u00cembun\u0103t\u0103\u021birea sistemului de s\u0103n\u0103tate: Cre\u0219terea accesului la servicii medicale de calitate prin modernizarea spitalelor \u0219i formarea continu\u0103 a personalului medical. Promovarea antreprenoriatului: Crearea unui mediu favorabil pentru dezvoltarea afacerilor mici \u0219i mijlocii, prin simplificarea procedurilor birocratice \u0219i acces facilitat la finan\u021bare. <\/p>\n\n\n\n<p>\u201eEste esen\u021bial s\u0103 fim prezen\u021bi \u00een comunit\u0103\u021bile noastre \u0219i s\u0103 ne asigur\u0103m c\u0103 fiecare voce este auzit\u0103. Cu determinare \u0219i unitate, ne propunem s\u0103 aducem schimb\u0103rile necesare pentru a construi o Rom\u00e2nie mai prosper\u0103. Doar \u00eempreun\u0103 putem transforma aceste m\u0103suri \u00een realitate, contribuind la dezvoltarea unei societ\u0103\u021bi de care s\u0103 fim m\u00e2ndri\u201d, a afirmat C\u0103t\u0103lin Silegeanu, subliniind importan\u021ba colabor\u0103rii \u0219i a implic\u0103rii active a cet\u0103\u021benilor \u00een procesul de reconstruc\u021bie na\u021bional\u0103. <\/p>\n\n\n\n<p>CMF : 11240014<\/p>\n\n\n\n<figure class=\"wp-block-image size-large\"><img fetchpriority=\"high\" decoding=\"async\" width=\"1024\" height=\"576\" src=\"https:\/\/curierulsatelor.ro\/wp\/wp-content\/uploads\/2024\/11\/462537718_1682233908999885_350383081770687309_n-1024x576.jpg\" alt=\"\" class=\"wp-image-14345\" srcset=\"https:\/\/curierulsatelor.ro\/wp\/wp-content\/uploads\/2024\/11\/462537718_1682233908999885_350383081770687309_n-1024x576.jpg 1024w, https:\/\/curierulsatelor.ro\/wp\/wp-content\/uploads\/2024\/11\/462537718_1682233908999885_350383081770687309_n-300x169.jpg 300w, https:\/\/curierulsatelor.ro\/wp\/wp-content\/uploads\/2024\/11\/462537718_1682233908999885_350383081770687309_n-768x432.jpg 768w, https:\/\/curierulsatelor.ro\/wp\/wp-content\/uploads\/2024\/11\/462537718_1682233908999885_350383081770687309_n-1536x864.jpg 1536w, https:\/\/curierulsatelor.ro\/wp\/wp-content\/uploads\/2024\/11\/462537718_1682233908999885_350383081770687309_n.jpg 1600w\" sizes=\"(max-width: 1024px) 100vw, 1024px\" \/><\/figure>\n","protected":false},"excerpt":{"rendered":"<p>\u201eLa pas prin municipiu, promov\u00e2nd cartea #ReconstruimRomania cu Planul Simion! \u00cempreun\u0103 cu colegii AUR, am&#8230;<\/p>\n","protected":false},"author":1,"featured_media":14346,"comment_status":"open","ping_status":"open","sticky":false,"template":"","format":"standard","meta":{"footnotes":""},"categories":[23,27,8],"tags":[],"class_list":["post-14344","post","type-post","status-publish","format-standard","has-post-thumbnail","hentry","category-alegeri-parlamentare","category-aur-botosani","category-comunicate"],"yoast_head":"<!-- This site is optimized with the Yoast SEO plugin v27.4 - https:\/\/yoast.com\/product\/yoast-seo-wordpress\/ -->\n<title>C\u0103t\u0103lin Silegeanu, Vicepre\u0219edinte \u0219i Candidat la Senat din partea AUR: \u00cempreun\u0103 reconstruim Rom\u00e2nia! - Curierul Regional<\/title>\n<meta name=\"robots\" content=\"index, follow, max-snippet:-1, max-image-preview:large, max-video-preview:-1\" \/>\n<link rel=\"canonical\" href=\"https:\/\/curierulsatelor.ro\/wp\/2024\/11\/12\/catalin-silegeanu-vicepresedinte-si-candidat-la-senat-din-partea-aur-impreuna-reconstruim-romania\/\" \/>\n<meta property=\"og:locale\" content=\"ro_RO\" \/>\n<meta property=\"og:type\" content=\"article\" \/>\n<meta property=\"og:title\" content=\"C\u0103t\u0103lin Silegeanu, Vicepre\u0219edinte \u0219i Candidat la Senat din partea AUR: \u00cempreun\u0103 reconstruim Rom\u00e2nia! - Curierul Regional\" \/>\n<meta property=\"og:description\" content=\"\u201eLa pas prin municipiu, promov\u00e2nd cartea #ReconstruimRomania cu Planul Simion! \u00cempreun\u0103 cu colegii AUR, am...\" \/>\n<meta property=\"og:url\" content=\"https:\/\/curierulsatelor.ro\/wp\/2024\/11\/12\/catalin-silegeanu-vicepresedinte-si-candidat-la-senat-din-partea-aur-impreuna-reconstruim-romania\/\" \/>\n<meta property=\"og:site_name\" content=\"Curierul Regional\" \/>\n<meta property=\"article:published_time\" content=\"2024-11-12T06:16:07+00:00\" \/>\n<meta property=\"article:modified_time\" content=\"2024-11-12T06:16:08+00:00\" \/>\n<meta property=\"og:image\" content=\"https:\/\/curierulsatelor.ro\/wp\/wp-content\/uploads\/2024\/11\/462540679_467626519153619_1256266325121694234_n.jpg\" \/>\n\t<meta property=\"og:image:width\" content=\"814\" \/>\n\t<meta property=\"og:image:height\" content=\"496\" \/>\n\t<meta property=\"og:image:type\" content=\"image\/jpeg\" \/>\n<meta name=\"author\" content=\"Marian Morosan\" \/>\n<meta name=\"twitter:card\" content=\"summary_large_image\" \/>\n<meta name=\"twitter:label1\" content=\"Scris de\" \/>\n\t<meta name=\"twitter:data1\" content=\"Marian Morosan\" \/>\n\t<meta name=\"twitter:label2\" content=\"Timp estimat pentru citire\" \/>\n\t<meta name=\"twitter:data2\" content=\"2 minute\" \/>\n<script type=\"application\/ld+json\" class=\"yoast-schema-graph\">{\"@context\":\"https:\\\/\\\/schema.org\",\"@graph\":[{\"@type\":\"Article\",\"@id\":\"https:\\\/\\\/curierulsatelor.ro\\\/wp\\\/2024\\\/11\\\/12\\\/catalin-silegeanu-vicepresedinte-si-candidat-la-senat-din-partea-aur-impreuna-reconstruim-romania\\\/#article\",\"isPartOf\":{\"@id\":\"https:\\\/\\\/curierulsatelor.ro\\\/wp\\\/2024\\\/11\\\/12\\\/catalin-silegeanu-vicepresedinte-si-candidat-la-senat-din-partea-aur-impreuna-reconstruim-romania\\\/\"},\"author\":{\"name\":\"Marian Morosan\",\"@id\":\"https:\\\/\\\/curierulsatelor.ro\\\/wp\\\/#\\\/schema\\\/person\\\/6f6b28a030e15d619a82894773d6e7b9\"},\"headline\":\"C\u0103t\u0103lin Silegeanu, Vicepre\u0219edinte \u0219i Candidat la Senat din partea AUR: \u00cempreun\u0103 reconstruim Rom\u00e2nia!\",\"datePublished\":\"2024-11-12T06:16:07+00:00\",\"dateModified\":\"2024-11-12T06:16:08+00:00\",\"mainEntityOfPage\":{\"@id\":\"https:\\\/\\\/curierulsatelor.ro\\\/wp\\\/2024\\\/11\\\/12\\\/catalin-silegeanu-vicepresedinte-si-candidat-la-senat-din-partea-aur-impreuna-reconstruim-romania\\\/\"},\"wordCount\":330,\"commentCount\":0,\"publisher\":{\"@id\":\"https:\\\/\\\/curierulsatelor.ro\\\/wp\\\/#organization\"},\"image\":{\"@id\":\"https:\\\/\\\/curierulsatelor.ro\\\/wp\\\/2024\\\/11\\\/12\\\/catalin-silegeanu-vicepresedinte-si-candidat-la-senat-din-partea-aur-impreuna-reconstruim-romania\\\/#primaryimage\"},\"thumbnailUrl\":\"https:\\\/\\\/curierulsatelor.ro\\\/wp\\\/wp-content\\\/uploads\\\/2024\\\/11\\\/462540679_467626519153619_1256266325121694234_n.jpg\",\"articleSection\":[\"Alegeri Parlamentare\",\"AUR Botosani\",\"Comunicate\"],\"inLanguage\":\"ro-RO\",\"potentialAction\":[{\"@type\":\"CommentAction\",\"name\":\"Comment\",\"target\":[\"https:\\\/\\\/curierulsatelor.ro\\\/wp\\\/2024\\\/11\\\/12\\\/catalin-silegeanu-vicepresedinte-si-candidat-la-senat-din-partea-aur-impreuna-reconstruim-romania\\\/#respond\"]}]},{\"@type\":\"WebPage\",\"@id\":\"https:\\\/\\\/curierulsatelor.ro\\\/wp\\\/2024\\\/11\\\/12\\\/catalin-silegeanu-vicepresedinte-si-candidat-la-senat-din-partea-aur-impreuna-reconstruim-romania\\\/\",\"url\":\"https:\\\/\\\/curierulsatelor.ro\\\/wp\\\/2024\\\/11\\\/12\\\/catalin-silegeanu-vicepresedinte-si-candidat-la-senat-din-partea-aur-impreuna-reconstruim-romania\\\/\",\"name\":\"C\u0103t\u0103lin Silegeanu, Vicepre\u0219edinte \u0219i Candidat la Senat din partea AUR: \u00cempreun\u0103 reconstruim Rom\u00e2nia! - Curierul Regional\",\"isPartOf\":{\"@id\":\"https:\\\/\\\/curierulsatelor.ro\\\/wp\\\/#website\"},\"primaryImageOfPage\":{\"@id\":\"https:\\\/\\\/curierulsatelor.ro\\\/wp\\\/2024\\\/11\\\/12\\\/catalin-silegeanu-vicepresedinte-si-candidat-la-senat-din-partea-aur-impreuna-reconstruim-romania\\\/#primaryimage\"},\"image\":{\"@id\":\"https:\\\/\\\/curierulsatelor.ro\\\/wp\\\/2024\\\/11\\\/12\\\/catalin-silegeanu-vicepresedinte-si-candidat-la-senat-din-partea-aur-impreuna-reconstruim-romania\\\/#primaryimage\"},\"thumbnailUrl\":\"https:\\\/\\\/curierulsatelor.ro\\\/wp\\\/wp-content\\\/uploads\\\/2024\\\/11\\\/462540679_467626519153619_1256266325121694234_n.jpg\",\"datePublished\":\"2024-11-12T06:16:07+00:00\",\"dateModified\":\"2024-11-12T06:16:08+00:00\",\"breadcrumb\":{\"@id\":\"https:\\\/\\\/curierulsatelor.ro\\\/wp\\\/2024\\\/11\\\/12\\\/catalin-silegeanu-vicepresedinte-si-candidat-la-senat-din-partea-aur-impreuna-reconstruim-romania\\\/#breadcrumb\"},\"inLanguage\":\"ro-RO\",\"potentialAction\":[{\"@type\":\"ReadAction\",\"target\":[\"https:\\\/\\\/curierulsatelor.ro\\\/wp\\\/2024\\\/11\\\/12\\\/catalin-silegeanu-vicepresedinte-si-candidat-la-senat-din-partea-aur-impreuna-reconstruim-romania\\\/\"]}]},{\"@type\":\"ImageObject\",\"inLanguage\":\"ro-RO\",\"@id\":\"https:\\\/\\\/curierulsatelor.ro\\\/wp\\\/2024\\\/11\\\/12\\\/catalin-silegeanu-vicepresedinte-si-candidat-la-senat-din-partea-aur-impreuna-reconstruim-romania\\\/#primaryimage\",\"url\":\"https:\\\/\\\/curierulsatelor.ro\\\/wp\\\/wp-content\\\/uploads\\\/2024\\\/11\\\/462540679_467626519153619_1256266325121694234_n.jpg\",\"contentUrl\":\"https:\\\/\\\/curierulsatelor.ro\\\/wp\\\/wp-content\\\/uploads\\\/2024\\\/11\\\/462540679_467626519153619_1256266325121694234_n.jpg\",\"width\":814,\"height\":496},{\"@type\":\"BreadcrumbList\",\"@id\":\"https:\\\/\\\/curierulsatelor.ro\\\/wp\\\/2024\\\/11\\\/12\\\/catalin-silegeanu-vicepresedinte-si-candidat-la-senat-din-partea-aur-impreuna-reconstruim-romania\\\/#breadcrumb\",\"itemListElement\":[{\"@type\":\"ListItem\",\"position\":1,\"name\":\"Prima pagin\u0103\",\"item\":\"https:\\\/\\\/curierulsatelor.ro\\\/wp\\\/\"},{\"@type\":\"ListItem\",\"position\":2,\"name\":\"C\u0103t\u0103lin Silegeanu, Vicepre\u0219edinte \u0219i Candidat la Senat din partea AUR: \u00cempreun\u0103 reconstruim Rom\u00e2nia!\"}]},{\"@type\":\"WebSite\",\"@id\":\"https:\\\/\\\/curierulsatelor.ro\\\/wp\\\/#website\",\"url\":\"https:\\\/\\\/curierulsatelor.ro\\\/wp\\\/\",\"name\":\"Curierul Regional\",\"description\":\"\",\"publisher\":{\"@id\":\"https:\\\/\\\/curierulsatelor.ro\\\/wp\\\/#organization\"},\"potentialAction\":[{\"@type\":\"SearchAction\",\"target\":{\"@type\":\"EntryPoint\",\"urlTemplate\":\"https:\\\/\\\/curierulsatelor.ro\\\/wp\\\/?s={search_term_string}\"},\"query-input\":{\"@type\":\"PropertyValueSpecification\",\"valueRequired\":true,\"valueName\":\"search_term_string\"}}],\"inLanguage\":\"ro-RO\"},{\"@type\":\"Organization\",\"@id\":\"https:\\\/\\\/curierulsatelor.ro\\\/wp\\\/#organization\",\"name\":\"Curierul Regional\",\"url\":\"https:\\\/\\\/curierulsatelor.ro\\\/wp\\\/\",\"logo\":{\"@type\":\"ImageObject\",\"inLanguage\":\"ro-RO\",\"@id\":\"https:\\\/\\\/curierulsatelor.ro\\\/wp\\\/#\\\/schema\\\/logo\\\/image\\\/\",\"url\":\"https:\\\/\\\/curierulsatelor.ro\\\/wp\\\/wp-content\\\/uploads\\\/2020\\\/01\\\/Curierul-Regional-si-Curierul-satelor-logo-header.png\",\"contentUrl\":\"https:\\\/\\\/curierulsatelor.ro\\\/wp\\\/wp-content\\\/uploads\\\/2020\\\/01\\\/Curierul-Regional-si-Curierul-satelor-logo-header.png\",\"width\":2943,\"height\":685,\"caption\":\"Curierul Regional\"},\"image\":{\"@id\":\"https:\\\/\\\/curierulsatelor.ro\\\/wp\\\/#\\\/schema\\\/logo\\\/image\\\/\"}},{\"@type\":\"Person\",\"@id\":\"https:\\\/\\\/curierulsatelor.ro\\\/wp\\\/#\\\/schema\\\/person\\\/6f6b28a030e15d619a82894773d6e7b9\",\"name\":\"Marian Morosan\",\"image\":{\"@type\":\"ImageObject\",\"inLanguage\":\"ro-RO\",\"@id\":\"https:\\\/\\\/secure.gravatar.com\\\/avatar\\\/2e833cc9ab99e6bca46266d4ad9030d308346ff7ff0b6b955c29b74cafaf064b?s=96&d=mm&r=g\",\"url\":\"https:\\\/\\\/secure.gravatar.com\\\/avatar\\\/2e833cc9ab99e6bca46266d4ad9030d308346ff7ff0b6b955c29b74cafaf064b?s=96&d=mm&r=g\",\"contentUrl\":\"https:\\\/\\\/secure.gravatar.com\\\/avatar\\\/2e833cc9ab99e6bca46266d4ad9030d308346ff7ff0b6b955c29b74cafaf064b?s=96&d=mm&r=g\",\"caption\":\"Marian Morosan\"},\"description\":\"Copiilor no\u015ftri li se preg\u0103te\u015fte, incon\u015ftient, o lume de joben ciuruit, din care niciodat\u0103 nu iese iepura\u015ful. Doar panglicile politicilor sociale roase de moliile cu \u015ftaif din ultimele decenii. Suntem oropsi\u0163i, suntem dispera\u0163i, manipula\u0163i p\u00e2n\u0103 acolo \u00eenc\u00e2t ne bucur\u0103m s\u0103 fim masa de manevr\u0103 a unora \u015fi s\u0103 sus\u0163inem c\u0103 a\u015fa e normal. Acum \u00eel \u00een\u0163eleg pe Cioran, dar \u00eel \u00een\u0163eleg mai bine \u015fi pe Preda. \u015ei m\u0103 g\u00e2ndesc iar, cu groaz\u0103, la copilul meu. Cel pu\u0163in eu nu \u00eemi doresc s\u0103 \u015ftiu c\u0103 micu\u0163ul meu va fi singur, cu sufletul descul\u0163, prin jungla mileniului III ! https:\\\/\\\/curierulsatelor.ro\\\/wp\\\/2019\\\/10\\\/16\\\/cu-sufletul-descult-prin-jungla-mileniului-iii-editorial\\\/\",\"sameAs\":[\"http:\\\/\\\/admin\"],\"url\":\"https:\\\/\\\/curierulsatelor.ro\\\/wp\\\/author\\\/admin\\\/\"}]}<\/script>\n<!-- \/ Yoast SEO plugin. -->","yoast_head_json":{"title":"C\u0103t\u0103lin Silegeanu, Vicepre\u0219edinte \u0219i Candidat la Senat din partea AUR: \u00cempreun\u0103 reconstruim Rom\u00e2nia! - Curierul Regional","robots":{"index":"index","follow":"follow","max-snippet":"max-snippet:-1","max-image-preview":"max-image-preview:large","max-video-preview":"max-video-preview:-1"},"canonical":"https:\/\/curierulsatelor.ro\/wp\/2024\/11\/12\/catalin-silegeanu-vicepresedinte-si-candidat-la-senat-din-partea-aur-impreuna-reconstruim-romania\/","og_locale":"ro_RO","og_type":"article","og_title":"C\u0103t\u0103lin Silegeanu, Vicepre\u0219edinte \u0219i Candidat la Senat din partea AUR: \u00cempreun\u0103 reconstruim Rom\u00e2nia! - Curierul Regional","og_description":"\u201eLa pas prin municipiu, promov\u00e2nd cartea #ReconstruimRomania cu Planul Simion! \u00cempreun\u0103 cu colegii AUR, am...","og_url":"https:\/\/curierulsatelor.ro\/wp\/2024\/11\/12\/catalin-silegeanu-vicepresedinte-si-candidat-la-senat-din-partea-aur-impreuna-reconstruim-romania\/","og_site_name":"Curierul Regional","article_published_time":"2024-11-12T06:16:07+00:00","article_modified_time":"2024-11-12T06:16:08+00:00","og_image":[{"width":814,"height":496,"url":"https:\/\/curierulsatelor.ro\/wp\/wp-content\/uploads\/2024\/11\/462540679_467626519153619_1256266325121694234_n.jpg","type":"image\/jpeg"}],"author":"Marian Morosan","twitter_card":"summary_large_image","twitter_misc":{"Scris de":"Marian Morosan","Timp estimat pentru citire":"2 minute"},"schema":{"@context":"https:\/\/schema.org","@graph":[{"@type":"Article","@id":"https:\/\/curierulsatelor.ro\/wp\/2024\/11\/12\/catalin-silegeanu-vicepresedinte-si-candidat-la-senat-din-partea-aur-impreuna-reconstruim-romania\/#article","isPartOf":{"@id":"https:\/\/curierulsatelor.ro\/wp\/2024\/11\/12\/catalin-silegeanu-vicepresedinte-si-candidat-la-senat-din-partea-aur-impreuna-reconstruim-romania\/"},"author":{"name":"Marian Morosan","@id":"https:\/\/curierulsatelor.ro\/wp\/#\/schema\/person\/6f6b28a030e15d619a82894773d6e7b9"},"headline":"C\u0103t\u0103lin Silegeanu, Vicepre\u0219edinte \u0219i Candidat la Senat din partea AUR: \u00cempreun\u0103 reconstruim Rom\u00e2nia!","datePublished":"2024-11-12T06:16:07+00:00","dateModified":"2024-11-12T06:16:08+00:00","mainEntityOfPage":{"@id":"https:\/\/curierulsatelor.ro\/wp\/2024\/11\/12\/catalin-silegeanu-vicepresedinte-si-candidat-la-senat-din-partea-aur-impreuna-reconstruim-romania\/"},"wordCount":330,"commentCount":0,"publisher":{"@id":"https:\/\/curierulsatelor.ro\/wp\/#organization"},"image":{"@id":"https:\/\/curierulsatelor.ro\/wp\/2024\/11\/12\/catalin-silegeanu-vicepresedinte-si-candidat-la-senat-din-partea-aur-impreuna-reconstruim-romania\/#primaryimage"},"thumbnailUrl":"https:\/\/curierulsatelor.ro\/wp\/wp-content\/uploads\/2024\/11\/462540679_467626519153619_1256266325121694234_n.jpg","articleSection":["Alegeri Parlamentare","AUR Botosani","Comunicate"],"inLanguage":"ro-RO","potentialAction":[{"@type":"CommentAction","name":"Comment","target":["https:\/\/curierulsatelor.ro\/wp\/2024\/11\/12\/catalin-silegeanu-vicepresedinte-si-candidat-la-senat-din-partea-aur-impreuna-reconstruim-romania\/#respond"]}]},{"@type":"WebPage","@id":"https:\/\/curierulsatelor.ro\/wp\/2024\/11\/12\/catalin-silegeanu-vicepresedinte-si-candidat-la-senat-din-partea-aur-impreuna-reconstruim-romania\/","url":"https:\/\/curierulsatelor.ro\/wp\/2024\/11\/12\/catalin-silegeanu-vicepresedinte-si-candidat-la-senat-din-partea-aur-impreuna-reconstruim-romania\/","name":"C\u0103t\u0103lin Silegeanu, Vicepre\u0219edinte \u0219i Candidat la Senat din partea AUR: \u00cempreun\u0103 reconstruim Rom\u00e2nia! - Curierul Regional","isPartOf":{"@id":"https:\/\/curierulsatelor.ro\/wp\/#website"},"primaryImageOfPage":{"@id":"https:\/\/curierulsatelor.ro\/wp\/2024\/11\/12\/catalin-silegeanu-vicepresedinte-si-candidat-la-senat-din-partea-aur-impreuna-reconstruim-romania\/#primaryimage"},"image":{"@id":"https:\/\/curierulsatelor.ro\/wp\/2024\/11\/12\/catalin-silegeanu-vicepresedinte-si-candidat-la-senat-din-partea-aur-impreuna-reconstruim-romania\/#primaryimage"},"thumbnailUrl":"https:\/\/curierulsatelor.ro\/wp\/wp-content\/uploads\/2024\/11\/462540679_467626519153619_1256266325121694234_n.jpg","datePublished":"2024-11-12T06:16:07+00:00","dateModified":"2024-11-12T06:16:08+00:00","breadcrumb":{"@id":"https:\/\/curierulsatelor.ro\/wp\/2024\/11\/12\/catalin-silegeanu-vicepresedinte-si-candidat-la-senat-din-partea-aur-impreuna-reconstruim-romania\/#breadcrumb"},"inLanguage":"ro-RO","potentialAction":[{"@type":"ReadAction","target":["https:\/\/curierulsatelor.ro\/wp\/2024\/11\/12\/catalin-silegeanu-vicepresedinte-si-candidat-la-senat-din-partea-aur-impreuna-reconstruim-romania\/"]}]},{"@type":"ImageObject","inLanguage":"ro-RO","@id":"https:\/\/curierulsatelor.ro\/wp\/2024\/11\/12\/catalin-silegeanu-vicepresedinte-si-candidat-la-senat-din-partea-aur-impreuna-reconstruim-romania\/#primaryimage","url":"https:\/\/curierulsatelor.ro\/wp\/wp-content\/uploads\/2024\/11\/462540679_467626519153619_1256266325121694234_n.jpg","contentUrl":"https:\/\/curierulsatelor.ro\/wp\/wp-content\/uploads\/2024\/11\/462540679_467626519153619_1256266325121694234_n.jpg","width":814,"height":496},{"@type":"BreadcrumbList","@id":"https:\/\/curierulsatelor.ro\/wp\/2024\/11\/12\/catalin-silegeanu-vicepresedinte-si-candidat-la-senat-din-partea-aur-impreuna-reconstruim-romania\/#breadcrumb","itemListElement":[{"@type":"ListItem","position":1,"name":"Prima pagin\u0103","item":"https:\/\/curierulsatelor.ro\/wp\/"},{"@type":"ListItem","position":2,"name":"C\u0103t\u0103lin Silegeanu, Vicepre\u0219edinte \u0219i Candidat la Senat din partea AUR: \u00cempreun\u0103 reconstruim Rom\u00e2nia!"}]},{"@type":"WebSite","@id":"https:\/\/curierulsatelor.ro\/wp\/#website","url":"https:\/\/curierulsatelor.ro\/wp\/","name":"Curierul Regional","description":"","publisher":{"@id":"https:\/\/curierulsatelor.ro\/wp\/#organization"},"potentialAction":[{"@type":"SearchAction","target":{"@type":"EntryPoint","urlTemplate":"https:\/\/curierulsatelor.ro\/wp\/?s={search_term_string}"},"query-input":{"@type":"PropertyValueSpecification","valueRequired":true,"valueName":"search_term_string"}}],"inLanguage":"ro-RO"},{"@type":"Organization","@id":"https:\/\/curierulsatelor.ro\/wp\/#organization","name":"Curierul Regional","url":"https:\/\/curierulsatelor.ro\/wp\/","logo":{"@type":"ImageObject","inLanguage":"ro-RO","@id":"https:\/\/curierulsatelor.ro\/wp\/#\/schema\/logo\/image\/","url":"https:\/\/curierulsatelor.ro\/wp\/wp-content\/uploads\/2020\/01\/Curierul-Regional-si-Curierul-satelor-logo-header.png","contentUrl":"https:\/\/curierulsatelor.ro\/wp\/wp-content\/uploads\/2020\/01\/Curierul-Regional-si-Curierul-satelor-logo-header.png","width":2943,"height":685,"caption":"Curierul Regional"},"image":{"@id":"https:\/\/curierulsatelor.ro\/wp\/#\/schema\/logo\/image\/"}},{"@type":"Person","@id":"https:\/\/curierulsatelor.ro\/wp\/#\/schema\/person\/6f6b28a030e15d619a82894773d6e7b9","name":"Marian Morosan","image":{"@type":"ImageObject","inLanguage":"ro-RO","@id":"https:\/\/secure.gravatar.com\/avatar\/2e833cc9ab99e6bca46266d4ad9030d308346ff7ff0b6b955c29b74cafaf064b?s=96&d=mm&r=g","url":"https:\/\/secure.gravatar.com\/avatar\/2e833cc9ab99e6bca46266d4ad9030d308346ff7ff0b6b955c29b74cafaf064b?s=96&d=mm&r=g","contentUrl":"https:\/\/secure.gravatar.com\/avatar\/2e833cc9ab99e6bca46266d4ad9030d308346ff7ff0b6b955c29b74cafaf064b?s=96&d=mm&r=g","caption":"Marian Morosan"},"description":"Copiilor no\u015ftri li se preg\u0103te\u015fte, incon\u015ftient, o lume de joben ciuruit, din care niciodat\u0103 nu iese iepura\u015ful. Doar panglicile politicilor sociale roase de moliile cu \u015ftaif din ultimele decenii. Suntem oropsi\u0163i, suntem dispera\u0163i, manipula\u0163i p\u00e2n\u0103 acolo \u00eenc\u00e2t ne bucur\u0103m s\u0103 fim masa de manevr\u0103 a unora \u015fi s\u0103 sus\u0163inem c\u0103 a\u015fa e normal. Acum \u00eel \u00een\u0163eleg pe Cioran, dar \u00eel \u00een\u0163eleg mai bine \u015fi pe Preda. \u015ei m\u0103 g\u00e2ndesc iar, cu groaz\u0103, la copilul meu. Cel pu\u0163in eu nu \u00eemi doresc s\u0103 \u015ftiu c\u0103 micu\u0163ul meu va fi singur, cu sufletul descul\u0163, prin jungla mileniului III ! https:\/\/curierulsatelor.ro\/wp\/2019\/10\/16\/cu-sufletul-descult-prin-jungla-mileniului-iii-editorial\/","sameAs":["http:\/\/admin"],"url":"https:\/\/curierulsatelor.ro\/wp\/author\/admin\/"}]}},"_links":{"self":[{"href":"https:\/\/curierulsatelor.ro\/wp\/wp-json\/wp\/v2\/posts\/14344","targetHints":{"allow":["GET"]}}],"collection":[{"href":"https:\/\/curierulsatelor.ro\/wp\/wp-json\/wp\/v2\/posts"}],"about":[{"href":"https:\/\/curierulsatelor.ro\/wp\/wp-json\/wp\/v2\/types\/post"}],"author":[{"embeddable":true,"href":"https:\/\/curierulsatelor.ro\/wp\/wp-json\/wp\/v2\/users\/1"}],"replies":[{"embeddable":true,"href":"https:\/\/curierulsatelor.ro\/wp\/wp-json\/wp\/v2\/comments?post=14344"}],"version-history":[{"count":1,"href":"https:\/\/curierulsatelor.ro\/wp\/wp-json\/wp\/v2\/posts\/14344\/revisions"}],"predecessor-version":[{"id":14347,"href":"https:\/\/curierulsatelor.ro\/wp\/wp-json\/wp\/v2\/posts\/14344\/revisions\/14347"}],"wp:featuredmedia":[{"embeddable":true,"href":"https:\/\/curierulsatelor.ro\/wp\/wp-json\/wp\/v2\/media\/14346"}],"wp:attachment":[{"href":"https:\/\/curierulsatelor.ro\/wp\/wp-json\/wp\/v2\/media?parent=14344"}],"wp:term":[{"taxonomy":"category","embeddable":true,"href":"https:\/\/curierulsatelor.ro\/wp\/wp-json\/wp\/v2\/categories?post=14344"},{"taxonomy":"post_tag","embeddable":true,"href":"https:\/\/curierulsatelor.ro\/wp\/wp-json\/wp\/v2\/tags?post=14344"}],"curies":[{"name":"wp","href":"https:\/\/api.w.org\/{rel}","templated":true}]}}