{"id":14354,"date":"2024-11-12T17:26:14","date_gmt":"2024-11-12T15:26:14","guid":{"rendered":"https:\/\/curierulsatelor.ro\/wp\/?p=14354"},"modified":"2024-11-12T17:26:15","modified_gmt":"2024-11-12T15:26:15","slug":"doina-federovici-spune-ca-pana-la-finalul-anului-vom-putea-circula-pe-aproape-130-de-kilometri-pe-autostrada-moldovei","status":"publish","type":"post","link":"https:\/\/curierulsatelor.ro\/wp\/2024\/11\/12\/doina-federovici-spune-ca-pana-la-finalul-anului-vom-putea-circula-pe-aproape-130-de-kilometri-pe-autostrada-moldovei\/","title":{"rendered":"Doina Federovici spune c\u0103 p\u00e2n\u0103 la finalul anului vom putea circula pe aproape 130 de kilometri pe Autostrada Moldovei"},"content":{"rendered":"\n<p>Pre\u0219edintele PSD Boto\u0219ani Doina Federovici a prezentat calendarul privind segmentele care vor fi date \u00een circula\u021bie pe Autostrada Moldovei p\u00e2n\u0103 la finalul acestui an. Astfel potrivit reprezentantei PSD, p\u00e2n\u0103 la finalul anului vom putea circula pe aproape 130 de km pe acest drum de mare vitez\u0103.<\/p>\n\n\n\n<p>\u201e<strong><em>Acest mare proiect realizat 100% de PSD va aduce investi\u021bii \u0219i locuri de munc\u0103 mai bine pl\u0103tite pentru jude\u021bul nostru. Aceasta e solu\u021bia s\u0103n\u0103toas\u0103 pentru cre\u0219terea nivelului de trai \u0219i pentru a le oferi o perspectiv\u0103 bun\u0103 tinerilor no\u0219tri ca s\u0103 nu mai plece la munc\u0103 \u00een str\u0103in\u0103tate<\/em><\/strong>\u201d, a declarat Doina Federovici.<\/p>\n\n\n\n<p><strong>Calendarul intr\u0103rii \u00een circula\u021bie a mai multor segmente de pe Autostrada Moldovei este urm\u0103torul:<\/strong><\/p>\n\n\n\n<ol class=\"wp-block-list\">\n<li><strong>Noiembrie:<\/strong>\u00a011 km deja da\u021bi \u00een circula\u021bie pe tronsonul Foc\u0219ani \u2013 M\u00e2ndre\u0219ti Munteni.<\/li>\n\n\n\n<li><strong>Noiembrie:<\/strong>\u00a01,3 km pe lotul 1 Buz\u0103u \u2013 Foc\u0219ani<\/li>\n\n\n\n<li><strong>Noiembrie:<\/strong>\u00a030,8 km pe lotul 2 Buz\u0103u \u2013 Foc\u0219ani<\/li>\n\n\n\n<li><strong>Decembrie:<\/strong>\u00a021 km pe lotul 1 Ploie\u0219ti \u2013 Buz\u0103u<\/li>\n\n\n\n<li><strong>Decembrie:<\/strong>\u00a028,35 km pe lotul 2 Ploie\u0219ti \u2013 Buz\u0103u<\/li>\n\n\n\n<li><strong>Decembrie:<\/strong>\u00a036,1 km pe lotul 3, Buz\u0103u-Foc\u0219ani<\/li>\n<\/ol>\n\n\n\n<p><strong>TOTAL = 129,25 km deschi\u0219i circula\u021biei pe Autostrada Moldovei p\u00e2n\u0103 la finalul anului<\/strong><\/p>\n\n\n\n<p>\u00cen paralel, \u00een aceast\u0103 perioad\u0103 vor mai fi deschise circula\u021biei \u0219i alte segmente de pe alte drumuri:<\/p>\n\n\n\n<ul class=\"wp-block-list\">\n<li>Autostrada A0: 2 Km, lot 3 Nord.<\/li>\n\n\n\n<li>Autostrada Sibiu-Pite\u0219ti A1: 15,77 km, sec\u021biunea 5<\/li>\n\n\n\n<li>Drumul expres Pite\u0219ti-Craiova: 36,9 km, pe tronsoanele 1 \u0219i 4<\/li>\n<\/ul>\n\n\n\n<p>CMF11240017<\/p>\n","protected":false},"excerpt":{"rendered":"<p>Pre\u0219edintele PSD Boto\u0219ani Doina Federovici a prezentat calendarul privind segmentele care vor fi date \u00een&#8230;<\/p>\n","protected":false},"author":1,"featured_media":14355,"comment_status":"open","ping_status":"open","sticky":false,"template":"","format":"standard","meta":{"footnotes":""},"categories":[23,8],"tags":[],"class_list":["post-14354","post","type-post","status-publish","format-standard","has-post-thumbnail","hentry","category-alegeri-parlamentare","category-comunicate"],"yoast_head":"<!-- This site is optimized with the Yoast SEO plugin v27.4 - https:\/\/yoast.com\/product\/yoast-seo-wordpress\/ -->\n<title>Doina Federovici spune c\u0103 p\u00e2n\u0103 la finalul anului vom putea circula pe aproape 130 de kilometri pe Autostrada Moldovei - Curierul Regional<\/title>\n<meta name=\"robots\" content=\"index, follow, max-snippet:-1, max-image-preview:large, max-video-preview:-1\" \/>\n<link rel=\"canonical\" href=\"https:\/\/curierulsatelor.ro\/wp\/2024\/11\/12\/doina-federovici-spune-ca-pana-la-finalul-anului-vom-putea-circula-pe-aproape-130-de-kilometri-pe-autostrada-moldovei\/\" \/>\n<meta property=\"og:locale\" content=\"ro_RO\" \/>\n<meta property=\"og:type\" content=\"article\" \/>\n<meta property=\"og:title\" content=\"Doina Federovici spune c\u0103 p\u00e2n\u0103 la finalul anului vom putea circula pe aproape 130 de kilometri pe Autostrada Moldovei - Curierul Regional\" \/>\n<meta property=\"og:description\" content=\"Pre\u0219edintele PSD Boto\u0219ani Doina Federovici a prezentat calendarul privind segmentele care vor fi date \u00een...\" \/>\n<meta property=\"og:url\" content=\"https:\/\/curierulsatelor.ro\/wp\/2024\/11\/12\/doina-federovici-spune-ca-pana-la-finalul-anului-vom-putea-circula-pe-aproape-130-de-kilometri-pe-autostrada-moldovei\/\" \/>\n<meta property=\"og:site_name\" content=\"Curierul Regional\" \/>\n<meta property=\"article:published_time\" content=\"2024-11-12T15:26:14+00:00\" \/>\n<meta property=\"article:modified_time\" content=\"2024-11-12T15:26:15+00:00\" \/>\n<meta property=\"og:image\" content=\"https:\/\/curierulsatelor.ro\/wp\/wp-content\/uploads\/2024\/11\/poza-Doina.jpg\" \/>\n\t<meta property=\"og:image:width\" content=\"1600\" \/>\n\t<meta property=\"og:image:height\" content=\"1600\" \/>\n\t<meta property=\"og:image:type\" content=\"image\/jpeg\" \/>\n<meta name=\"author\" content=\"Marian Morosan\" \/>\n<meta name=\"twitter:card\" content=\"summary_large_image\" \/>\n<meta name=\"twitter:label1\" content=\"Scris de\" \/>\n\t<meta name=\"twitter:data1\" content=\"Marian Morosan\" \/>\n\t<meta name=\"twitter:label2\" content=\"Timp estimat pentru citire\" \/>\n\t<meta name=\"twitter:data2\" content=\"2 minute\" \/>\n<script type=\"application\/ld+json\" class=\"yoast-schema-graph\">{\"@context\":\"https:\\\/\\\/schema.org\",\"@graph\":[{\"@type\":\"Article\",\"@id\":\"https:\\\/\\\/curierulsatelor.ro\\\/wp\\\/2024\\\/11\\\/12\\\/doina-federovici-spune-ca-pana-la-finalul-anului-vom-putea-circula-pe-aproape-130-de-kilometri-pe-autostrada-moldovei\\\/#article\",\"isPartOf\":{\"@id\":\"https:\\\/\\\/curierulsatelor.ro\\\/wp\\\/2024\\\/11\\\/12\\\/doina-federovici-spune-ca-pana-la-finalul-anului-vom-putea-circula-pe-aproape-130-de-kilometri-pe-autostrada-moldovei\\\/\"},\"author\":{\"name\":\"Marian Morosan\",\"@id\":\"https:\\\/\\\/curierulsatelor.ro\\\/wp\\\/#\\\/schema\\\/person\\\/6f6b28a030e15d619a82894773d6e7b9\"},\"headline\":\"Doina Federovici spune c\u0103 p\u00e2n\u0103 la finalul anului vom putea circula pe aproape 130 de kilometri pe Autostrada Moldovei\",\"datePublished\":\"2024-11-12T15:26:14+00:00\",\"dateModified\":\"2024-11-12T15:26:15+00:00\",\"mainEntityOfPage\":{\"@id\":\"https:\\\/\\\/curierulsatelor.ro\\\/wp\\\/2024\\\/11\\\/12\\\/doina-federovici-spune-ca-pana-la-finalul-anului-vom-putea-circula-pe-aproape-130-de-kilometri-pe-autostrada-moldovei\\\/\"},\"wordCount\":255,\"commentCount\":0,\"publisher\":{\"@id\":\"https:\\\/\\\/curierulsatelor.ro\\\/wp\\\/#organization\"},\"image\":{\"@id\":\"https:\\\/\\\/curierulsatelor.ro\\\/wp\\\/2024\\\/11\\\/12\\\/doina-federovici-spune-ca-pana-la-finalul-anului-vom-putea-circula-pe-aproape-130-de-kilometri-pe-autostrada-moldovei\\\/#primaryimage\"},\"thumbnailUrl\":\"https:\\\/\\\/curierulsatelor.ro\\\/wp\\\/wp-content\\\/uploads\\\/2024\\\/11\\\/poza-Doina.jpg\",\"articleSection\":[\"Alegeri Parlamentare\",\"Comunicate\"],\"inLanguage\":\"ro-RO\",\"potentialAction\":[{\"@type\":\"CommentAction\",\"name\":\"Comment\",\"target\":[\"https:\\\/\\\/curierulsatelor.ro\\\/wp\\\/2024\\\/11\\\/12\\\/doina-federovici-spune-ca-pana-la-finalul-anului-vom-putea-circula-pe-aproape-130-de-kilometri-pe-autostrada-moldovei\\\/#respond\"]}]},{\"@type\":\"WebPage\",\"@id\":\"https:\\\/\\\/curierulsatelor.ro\\\/wp\\\/2024\\\/11\\\/12\\\/doina-federovici-spune-ca-pana-la-finalul-anului-vom-putea-circula-pe-aproape-130-de-kilometri-pe-autostrada-moldovei\\\/\",\"url\":\"https:\\\/\\\/curierulsatelor.ro\\\/wp\\\/2024\\\/11\\\/12\\\/doina-federovici-spune-ca-pana-la-finalul-anului-vom-putea-circula-pe-aproape-130-de-kilometri-pe-autostrada-moldovei\\\/\",\"name\":\"Doina Federovici spune c\u0103 p\u00e2n\u0103 la finalul anului vom putea circula pe aproape 130 de kilometri pe Autostrada Moldovei - Curierul Regional\",\"isPartOf\":{\"@id\":\"https:\\\/\\\/curierulsatelor.ro\\\/wp\\\/#website\"},\"primaryImageOfPage\":{\"@id\":\"https:\\\/\\\/curierulsatelor.ro\\\/wp\\\/2024\\\/11\\\/12\\\/doina-federovici-spune-ca-pana-la-finalul-anului-vom-putea-circula-pe-aproape-130-de-kilometri-pe-autostrada-moldovei\\\/#primaryimage\"},\"image\":{\"@id\":\"https:\\\/\\\/curierulsatelor.ro\\\/wp\\\/2024\\\/11\\\/12\\\/doina-federovici-spune-ca-pana-la-finalul-anului-vom-putea-circula-pe-aproape-130-de-kilometri-pe-autostrada-moldovei\\\/#primaryimage\"},\"thumbnailUrl\":\"https:\\\/\\\/curierulsatelor.ro\\\/wp\\\/wp-content\\\/uploads\\\/2024\\\/11\\\/poza-Doina.jpg\",\"datePublished\":\"2024-11-12T15:26:14+00:00\",\"dateModified\":\"2024-11-12T15:26:15+00:00\",\"breadcrumb\":{\"@id\":\"https:\\\/\\\/curierulsatelor.ro\\\/wp\\\/2024\\\/11\\\/12\\\/doina-federovici-spune-ca-pana-la-finalul-anului-vom-putea-circula-pe-aproape-130-de-kilometri-pe-autostrada-moldovei\\\/#breadcrumb\"},\"inLanguage\":\"ro-RO\",\"potentialAction\":[{\"@type\":\"ReadAction\",\"target\":[\"https:\\\/\\\/curierulsatelor.ro\\\/wp\\\/2024\\\/11\\\/12\\\/doina-federovici-spune-ca-pana-la-finalul-anului-vom-putea-circula-pe-aproape-130-de-kilometri-pe-autostrada-moldovei\\\/\"]}]},{\"@type\":\"ImageObject\",\"inLanguage\":\"ro-RO\",\"@id\":\"https:\\\/\\\/curierulsatelor.ro\\\/wp\\\/2024\\\/11\\\/12\\\/doina-federovici-spune-ca-pana-la-finalul-anului-vom-putea-circula-pe-aproape-130-de-kilometri-pe-autostrada-moldovei\\\/#primaryimage\",\"url\":\"https:\\\/\\\/curierulsatelor.ro\\\/wp\\\/wp-content\\\/uploads\\\/2024\\\/11\\\/poza-Doina.jpg\",\"contentUrl\":\"https:\\\/\\\/curierulsatelor.ro\\\/wp\\\/wp-content\\\/uploads\\\/2024\\\/11\\\/poza-Doina.jpg\",\"width\":1600,\"height\":1600},{\"@type\":\"BreadcrumbList\",\"@id\":\"https:\\\/\\\/curierulsatelor.ro\\\/wp\\\/2024\\\/11\\\/12\\\/doina-federovici-spune-ca-pana-la-finalul-anului-vom-putea-circula-pe-aproape-130-de-kilometri-pe-autostrada-moldovei\\\/#breadcrumb\",\"itemListElement\":[{\"@type\":\"ListItem\",\"position\":1,\"name\":\"Prima pagin\u0103\",\"item\":\"https:\\\/\\\/curierulsatelor.ro\\\/wp\\\/\"},{\"@type\":\"ListItem\",\"position\":2,\"name\":\"Doina Federovici spune c\u0103 p\u00e2n\u0103 la finalul anului vom putea circula pe aproape 130 de kilometri pe Autostrada Moldovei\"}]},{\"@type\":\"WebSite\",\"@id\":\"https:\\\/\\\/curierulsatelor.ro\\\/wp\\\/#website\",\"url\":\"https:\\\/\\\/curierulsatelor.ro\\\/wp\\\/\",\"name\":\"Curierul Regional\",\"description\":\"\",\"publisher\":{\"@id\":\"https:\\\/\\\/curierulsatelor.ro\\\/wp\\\/#organization\"},\"potentialAction\":[{\"@type\":\"SearchAction\",\"target\":{\"@type\":\"EntryPoint\",\"urlTemplate\":\"https:\\\/\\\/curierulsatelor.ro\\\/wp\\\/?s={search_term_string}\"},\"query-input\":{\"@type\":\"PropertyValueSpecification\",\"valueRequired\":true,\"valueName\":\"search_term_string\"}}],\"inLanguage\":\"ro-RO\"},{\"@type\":\"Organization\",\"@id\":\"https:\\\/\\\/curierulsatelor.ro\\\/wp\\\/#organization\",\"name\":\"Curierul Regional\",\"url\":\"https:\\\/\\\/curierulsatelor.ro\\\/wp\\\/\",\"logo\":{\"@type\":\"ImageObject\",\"inLanguage\":\"ro-RO\",\"@id\":\"https:\\\/\\\/curierulsatelor.ro\\\/wp\\\/#\\\/schema\\\/logo\\\/image\\\/\",\"url\":\"https:\\\/\\\/curierulsatelor.ro\\\/wp\\\/wp-content\\\/uploads\\\/2020\\\/01\\\/Curierul-Regional-si-Curierul-satelor-logo-header.png\",\"contentUrl\":\"https:\\\/\\\/curierulsatelor.ro\\\/wp\\\/wp-content\\\/uploads\\\/2020\\\/01\\\/Curierul-Regional-si-Curierul-satelor-logo-header.png\",\"width\":2943,\"height\":685,\"caption\":\"Curierul Regional\"},\"image\":{\"@id\":\"https:\\\/\\\/curierulsatelor.ro\\\/wp\\\/#\\\/schema\\\/logo\\\/image\\\/\"}},{\"@type\":\"Person\",\"@id\":\"https:\\\/\\\/curierulsatelor.ro\\\/wp\\\/#\\\/schema\\\/person\\\/6f6b28a030e15d619a82894773d6e7b9\",\"name\":\"Marian Morosan\",\"image\":{\"@type\":\"ImageObject\",\"inLanguage\":\"ro-RO\",\"@id\":\"https:\\\/\\\/secure.gravatar.com\\\/avatar\\\/2e833cc9ab99e6bca46266d4ad9030d308346ff7ff0b6b955c29b74cafaf064b?s=96&d=mm&r=g\",\"url\":\"https:\\\/\\\/secure.gravatar.com\\\/avatar\\\/2e833cc9ab99e6bca46266d4ad9030d308346ff7ff0b6b955c29b74cafaf064b?s=96&d=mm&r=g\",\"contentUrl\":\"https:\\\/\\\/secure.gravatar.com\\\/avatar\\\/2e833cc9ab99e6bca46266d4ad9030d308346ff7ff0b6b955c29b74cafaf064b?s=96&d=mm&r=g\",\"caption\":\"Marian Morosan\"},\"description\":\"Copiilor no\u015ftri li se preg\u0103te\u015fte, incon\u015ftient, o lume de joben ciuruit, din care niciodat\u0103 nu iese iepura\u015ful. Doar panglicile politicilor sociale roase de moliile cu \u015ftaif din ultimele decenii. Suntem oropsi\u0163i, suntem dispera\u0163i, manipula\u0163i p\u00e2n\u0103 acolo \u00eenc\u00e2t ne bucur\u0103m s\u0103 fim masa de manevr\u0103 a unora \u015fi s\u0103 sus\u0163inem c\u0103 a\u015fa e normal. Acum \u00eel \u00een\u0163eleg pe Cioran, dar \u00eel \u00een\u0163eleg mai bine \u015fi pe Preda. \u015ei m\u0103 g\u00e2ndesc iar, cu groaz\u0103, la copilul meu. Cel pu\u0163in eu nu \u00eemi doresc s\u0103 \u015ftiu c\u0103 micu\u0163ul meu va fi singur, cu sufletul descul\u0163, prin jungla mileniului III ! https:\\\/\\\/curierulsatelor.ro\\\/wp\\\/2019\\\/10\\\/16\\\/cu-sufletul-descult-prin-jungla-mileniului-iii-editorial\\\/\",\"sameAs\":[\"http:\\\/\\\/admin\"],\"url\":\"https:\\\/\\\/curierulsatelor.ro\\\/wp\\\/author\\\/admin\\\/\"}]}<\/script>\n<!-- \/ Yoast SEO plugin. -->","yoast_head_json":{"title":"Doina Federovici spune c\u0103 p\u00e2n\u0103 la finalul anului vom putea circula pe aproape 130 de kilometri pe Autostrada Moldovei - Curierul Regional","robots":{"index":"index","follow":"follow","max-snippet":"max-snippet:-1","max-image-preview":"max-image-preview:large","max-video-preview":"max-video-preview:-1"},"canonical":"https:\/\/curierulsatelor.ro\/wp\/2024\/11\/12\/doina-federovici-spune-ca-pana-la-finalul-anului-vom-putea-circula-pe-aproape-130-de-kilometri-pe-autostrada-moldovei\/","og_locale":"ro_RO","og_type":"article","og_title":"Doina Federovici spune c\u0103 p\u00e2n\u0103 la finalul anului vom putea circula pe aproape 130 de kilometri pe Autostrada Moldovei - Curierul Regional","og_description":"Pre\u0219edintele PSD Boto\u0219ani Doina Federovici a prezentat calendarul privind segmentele care vor fi date \u00een...","og_url":"https:\/\/curierulsatelor.ro\/wp\/2024\/11\/12\/doina-federovici-spune-ca-pana-la-finalul-anului-vom-putea-circula-pe-aproape-130-de-kilometri-pe-autostrada-moldovei\/","og_site_name":"Curierul Regional","article_published_time":"2024-11-12T15:26:14+00:00","article_modified_time":"2024-11-12T15:26:15+00:00","og_image":[{"width":1600,"height":1600,"url":"https:\/\/curierulsatelor.ro\/wp\/wp-content\/uploads\/2024\/11\/poza-Doina.jpg","type":"image\/jpeg"}],"author":"Marian Morosan","twitter_card":"summary_large_image","twitter_misc":{"Scris de":"Marian Morosan","Timp estimat pentru citire":"2 minute"},"schema":{"@context":"https:\/\/schema.org","@graph":[{"@type":"Article","@id":"https:\/\/curierulsatelor.ro\/wp\/2024\/11\/12\/doina-federovici-spune-ca-pana-la-finalul-anului-vom-putea-circula-pe-aproape-130-de-kilometri-pe-autostrada-moldovei\/#article","isPartOf":{"@id":"https:\/\/curierulsatelor.ro\/wp\/2024\/11\/12\/doina-federovici-spune-ca-pana-la-finalul-anului-vom-putea-circula-pe-aproape-130-de-kilometri-pe-autostrada-moldovei\/"},"author":{"name":"Marian Morosan","@id":"https:\/\/curierulsatelor.ro\/wp\/#\/schema\/person\/6f6b28a030e15d619a82894773d6e7b9"},"headline":"Doina Federovici spune c\u0103 p\u00e2n\u0103 la finalul anului vom putea circula pe aproape 130 de kilometri pe Autostrada Moldovei","datePublished":"2024-11-12T15:26:14+00:00","dateModified":"2024-11-12T15:26:15+00:00","mainEntityOfPage":{"@id":"https:\/\/curierulsatelor.ro\/wp\/2024\/11\/12\/doina-federovici-spune-ca-pana-la-finalul-anului-vom-putea-circula-pe-aproape-130-de-kilometri-pe-autostrada-moldovei\/"},"wordCount":255,"commentCount":0,"publisher":{"@id":"https:\/\/curierulsatelor.ro\/wp\/#organization"},"image":{"@id":"https:\/\/curierulsatelor.ro\/wp\/2024\/11\/12\/doina-federovici-spune-ca-pana-la-finalul-anului-vom-putea-circula-pe-aproape-130-de-kilometri-pe-autostrada-moldovei\/#primaryimage"},"thumbnailUrl":"https:\/\/curierulsatelor.ro\/wp\/wp-content\/uploads\/2024\/11\/poza-Doina.jpg","articleSection":["Alegeri Parlamentare","Comunicate"],"inLanguage":"ro-RO","potentialAction":[{"@type":"CommentAction","name":"Comment","target":["https:\/\/curierulsatelor.ro\/wp\/2024\/11\/12\/doina-federovici-spune-ca-pana-la-finalul-anului-vom-putea-circula-pe-aproape-130-de-kilometri-pe-autostrada-moldovei\/#respond"]}]},{"@type":"WebPage","@id":"https:\/\/curierulsatelor.ro\/wp\/2024\/11\/12\/doina-federovici-spune-ca-pana-la-finalul-anului-vom-putea-circula-pe-aproape-130-de-kilometri-pe-autostrada-moldovei\/","url":"https:\/\/curierulsatelor.ro\/wp\/2024\/11\/12\/doina-federovici-spune-ca-pana-la-finalul-anului-vom-putea-circula-pe-aproape-130-de-kilometri-pe-autostrada-moldovei\/","name":"Doina Federovici spune c\u0103 p\u00e2n\u0103 la finalul anului vom putea circula pe aproape 130 de kilometri pe Autostrada Moldovei - Curierul Regional","isPartOf":{"@id":"https:\/\/curierulsatelor.ro\/wp\/#website"},"primaryImageOfPage":{"@id":"https:\/\/curierulsatelor.ro\/wp\/2024\/11\/12\/doina-federovici-spune-ca-pana-la-finalul-anului-vom-putea-circula-pe-aproape-130-de-kilometri-pe-autostrada-moldovei\/#primaryimage"},"image":{"@id":"https:\/\/curierulsatelor.ro\/wp\/2024\/11\/12\/doina-federovici-spune-ca-pana-la-finalul-anului-vom-putea-circula-pe-aproape-130-de-kilometri-pe-autostrada-moldovei\/#primaryimage"},"thumbnailUrl":"https:\/\/curierulsatelor.ro\/wp\/wp-content\/uploads\/2024\/11\/poza-Doina.jpg","datePublished":"2024-11-12T15:26:14+00:00","dateModified":"2024-11-12T15:26:15+00:00","breadcrumb":{"@id":"https:\/\/curierulsatelor.ro\/wp\/2024\/11\/12\/doina-federovici-spune-ca-pana-la-finalul-anului-vom-putea-circula-pe-aproape-130-de-kilometri-pe-autostrada-moldovei\/#breadcrumb"},"inLanguage":"ro-RO","potentialAction":[{"@type":"ReadAction","target":["https:\/\/curierulsatelor.ro\/wp\/2024\/11\/12\/doina-federovici-spune-ca-pana-la-finalul-anului-vom-putea-circula-pe-aproape-130-de-kilometri-pe-autostrada-moldovei\/"]}]},{"@type":"ImageObject","inLanguage":"ro-RO","@id":"https:\/\/curierulsatelor.ro\/wp\/2024\/11\/12\/doina-federovici-spune-ca-pana-la-finalul-anului-vom-putea-circula-pe-aproape-130-de-kilometri-pe-autostrada-moldovei\/#primaryimage","url":"https:\/\/curierulsatelor.ro\/wp\/wp-content\/uploads\/2024\/11\/poza-Doina.jpg","contentUrl":"https:\/\/curierulsatelor.ro\/wp\/wp-content\/uploads\/2024\/11\/poza-Doina.jpg","width":1600,"height":1600},{"@type":"BreadcrumbList","@id":"https:\/\/curierulsatelor.ro\/wp\/2024\/11\/12\/doina-federovici-spune-ca-pana-la-finalul-anului-vom-putea-circula-pe-aproape-130-de-kilometri-pe-autostrada-moldovei\/#breadcrumb","itemListElement":[{"@type":"ListItem","position":1,"name":"Prima pagin\u0103","item":"https:\/\/curierulsatelor.ro\/wp\/"},{"@type":"ListItem","position":2,"name":"Doina Federovici spune c\u0103 p\u00e2n\u0103 la finalul anului vom putea circula pe aproape 130 de kilometri pe Autostrada Moldovei"}]},{"@type":"WebSite","@id":"https:\/\/curierulsatelor.ro\/wp\/#website","url":"https:\/\/curierulsatelor.ro\/wp\/","name":"Curierul Regional","description":"","publisher":{"@id":"https:\/\/curierulsatelor.ro\/wp\/#organization"},"potentialAction":[{"@type":"SearchAction","target":{"@type":"EntryPoint","urlTemplate":"https:\/\/curierulsatelor.ro\/wp\/?s={search_term_string}"},"query-input":{"@type":"PropertyValueSpecification","valueRequired":true,"valueName":"search_term_string"}}],"inLanguage":"ro-RO"},{"@type":"Organization","@id":"https:\/\/curierulsatelor.ro\/wp\/#organization","name":"Curierul Regional","url":"https:\/\/curierulsatelor.ro\/wp\/","logo":{"@type":"ImageObject","inLanguage":"ro-RO","@id":"https:\/\/curierulsatelor.ro\/wp\/#\/schema\/logo\/image\/","url":"https:\/\/curierulsatelor.ro\/wp\/wp-content\/uploads\/2020\/01\/Curierul-Regional-si-Curierul-satelor-logo-header.png","contentUrl":"https:\/\/curierulsatelor.ro\/wp\/wp-content\/uploads\/2020\/01\/Curierul-Regional-si-Curierul-satelor-logo-header.png","width":2943,"height":685,"caption":"Curierul Regional"},"image":{"@id":"https:\/\/curierulsatelor.ro\/wp\/#\/schema\/logo\/image\/"}},{"@type":"Person","@id":"https:\/\/curierulsatelor.ro\/wp\/#\/schema\/person\/6f6b28a030e15d619a82894773d6e7b9","name":"Marian Morosan","image":{"@type":"ImageObject","inLanguage":"ro-RO","@id":"https:\/\/secure.gravatar.com\/avatar\/2e833cc9ab99e6bca46266d4ad9030d308346ff7ff0b6b955c29b74cafaf064b?s=96&d=mm&r=g","url":"https:\/\/secure.gravatar.com\/avatar\/2e833cc9ab99e6bca46266d4ad9030d308346ff7ff0b6b955c29b74cafaf064b?s=96&d=mm&r=g","contentUrl":"https:\/\/secure.gravatar.com\/avatar\/2e833cc9ab99e6bca46266d4ad9030d308346ff7ff0b6b955c29b74cafaf064b?s=96&d=mm&r=g","caption":"Marian Morosan"},"description":"Copiilor no\u015ftri li se preg\u0103te\u015fte, incon\u015ftient, o lume de joben ciuruit, din care niciodat\u0103 nu iese iepura\u015ful. Doar panglicile politicilor sociale roase de moliile cu \u015ftaif din ultimele decenii. Suntem oropsi\u0163i, suntem dispera\u0163i, manipula\u0163i p\u00e2n\u0103 acolo \u00eenc\u00e2t ne bucur\u0103m s\u0103 fim masa de manevr\u0103 a unora \u015fi s\u0103 sus\u0163inem c\u0103 a\u015fa e normal. Acum \u00eel \u00een\u0163eleg pe Cioran, dar \u00eel \u00een\u0163eleg mai bine \u015fi pe Preda. \u015ei m\u0103 g\u00e2ndesc iar, cu groaz\u0103, la copilul meu. Cel pu\u0163in eu nu \u00eemi doresc s\u0103 \u015ftiu c\u0103 micu\u0163ul meu va fi singur, cu sufletul descul\u0163, prin jungla mileniului III ! https:\/\/curierulsatelor.ro\/wp\/2019\/10\/16\/cu-sufletul-descult-prin-jungla-mileniului-iii-editorial\/","sameAs":["http:\/\/admin"],"url":"https:\/\/curierulsatelor.ro\/wp\/author\/admin\/"}]}},"_links":{"self":[{"href":"https:\/\/curierulsatelor.ro\/wp\/wp-json\/wp\/v2\/posts\/14354","targetHints":{"allow":["GET"]}}],"collection":[{"href":"https:\/\/curierulsatelor.ro\/wp\/wp-json\/wp\/v2\/posts"}],"about":[{"href":"https:\/\/curierulsatelor.ro\/wp\/wp-json\/wp\/v2\/types\/post"}],"author":[{"embeddable":true,"href":"https:\/\/curierulsatelor.ro\/wp\/wp-json\/wp\/v2\/users\/1"}],"replies":[{"embeddable":true,"href":"https:\/\/curierulsatelor.ro\/wp\/wp-json\/wp\/v2\/comments?post=14354"}],"version-history":[{"count":1,"href":"https:\/\/curierulsatelor.ro\/wp\/wp-json\/wp\/v2\/posts\/14354\/revisions"}],"predecessor-version":[{"id":14356,"href":"https:\/\/curierulsatelor.ro\/wp\/wp-json\/wp\/v2\/posts\/14354\/revisions\/14356"}],"wp:featuredmedia":[{"embeddable":true,"href":"https:\/\/curierulsatelor.ro\/wp\/wp-json\/wp\/v2\/media\/14355"}],"wp:attachment":[{"href":"https:\/\/curierulsatelor.ro\/wp\/wp-json\/wp\/v2\/media?parent=14354"}],"wp:term":[{"taxonomy":"category","embeddable":true,"href":"https:\/\/curierulsatelor.ro\/wp\/wp-json\/wp\/v2\/categories?post=14354"},{"taxonomy":"post_tag","embeddable":true,"href":"https:\/\/curierulsatelor.ro\/wp\/wp-json\/wp\/v2\/tags?post=14354"}],"curies":[{"name":"wp","href":"https:\/\/api.w.org\/{rel}","templated":true}]}}