{"id":14365,"date":"2024-11-12T23:58:40","date_gmt":"2024-11-12T21:58:40","guid":{"rendered":"https:\/\/curierulsatelor.ro\/wp\/?p=14365"},"modified":"2024-11-12T23:58:41","modified_gmt":"2024-11-12T21:58:41","slug":"silegeanu-a-dus-planul-lui-simion-la-hlipiceni-si-a-indemnat-la-vot-in-botosani","status":"publish","type":"post","link":"https:\/\/curierulsatelor.ro\/wp\/2024\/11\/12\/silegeanu-a-dus-planul-lui-simion-la-hlipiceni-si-a-indemnat-la-vot-in-botosani\/","title":{"rendered":"Silegeanu a dus Planul lui Simion la Hlipiceni \u0219i a \u00eendemnat la vot \u00een Boto\u0219ani"},"content":{"rendered":"\n<p class=\"has-medium-font-size\">Ast\u0103zi, am continuat seria de discu\u021bii directe cu cet\u0103\u021benii din jude\u021bul Boto\u0219ani, vizit\u00e2nd comuna Hlipiceni diminea\u021ba \u0219i apoi Municipiul Boto\u0219ani. <\/p>\n\n\n\n<p class=\"has-medium-font-size\">Scopul nostru este s\u0103 ne \u00eent\u00e2lnim cu c\u00e2t mai mul\u021bi boto\u0219\u0103neni, s\u0103 le prezent\u0103m #PlanulSimion \u0219i s\u0103 \u00eei \u00eencuraj\u0103m s\u0103 participe activ la viitoarele alegeri.<\/p>\n\n\n\n<figure class=\"wp-block-image alignright size-large is-resized\"><img fetchpriority=\"high\" decoding=\"async\" width=\"1024\" height=\"602\" src=\"https:\/\/curierulsatelor.ro\/wp\/wp-content\/uploads\/2024\/11\/462564390_1086998626308564_149412902241127353_n-1024x602.jpg\" alt=\"\" class=\"wp-image-14366\" style=\"width:559px;height:auto\" srcset=\"https:\/\/curierulsatelor.ro\/wp\/wp-content\/uploads\/2024\/11\/462564390_1086998626308564_149412902241127353_n-1024x602.jpg 1024w, https:\/\/curierulsatelor.ro\/wp\/wp-content\/uploads\/2024\/11\/462564390_1086998626308564_149412902241127353_n-300x176.jpg 300w, https:\/\/curierulsatelor.ro\/wp\/wp-content\/uploads\/2024\/11\/462564390_1086998626308564_149412902241127353_n-768x451.jpg 768w, https:\/\/curierulsatelor.ro\/wp\/wp-content\/uploads\/2024\/11\/462564390_1086998626308564_149412902241127353_n.jpg 1052w\" sizes=\"(max-width: 1024px) 100vw, 1024px\" \/><\/figure>\n\n\n\n<p class=\"has-medium-font-size\"> C\u0103t\u0103lin Silegeanu, candidatul nostru la Senat din partea partidului AUR, a subliniat importan\u021ba crucial\u0103 a votului: &#8222;Votul: cel mai eficient mod prin care po\u021bi spune ce ai de spus! Este esen\u021bial ca fiecare cet\u0103\u021bean s\u0103 \u00een\u021beleag\u0103 c\u0103 votul reprezint\u0103 cea mai important\u0103 form\u0103 de participare politic\u0103 disponibil\u0103 \u00een \u021b\u0103rile democratice. Este un drept fundamental care trebuie exercitat pe deplin.&#8221;<\/p>\n\n\n\n<p class=\"has-medium-font-size\"> Participarea la alegerile preziden\u021biale \u0219i parlamentare permite cet\u0103\u021benilor s\u0103 \u00ee\u0219i exprime opinia asupra direc\u021biei pe care doresc s\u0103 o urmeze \u021bara lor. \u00cen plus, prin vot, le conferim parlamentelor alese legitimitatea necesar\u0103 pentru a-\u0219i \u00eendeplini sarcinile \u0219i a ne reprezenta interesele. Este momentul s\u0103 ne unim eforturile \u0219i s\u0103 ne asigur\u0103m c\u0103 vocea fiec\u0103ruia este auzit\u0103, a afirmat Silegeanu. <\/p>\n\n\n\n<p class=\"has-medium-font-size\">Candidatul AUR la Senat invit\u0103 to\u021bi cet\u0103\u021benii s\u0103 mearg\u0103 la vot \u00een num\u0103r c\u00e2t mai mare, pentru a contribui la construirea unui viitor mai bun \u0219i mai prosper pentru to\u021bi. \u00cempreun\u0103, putem face diferen\u021ba!<\/p>\n\n\n\n<p class=\"has-medium-font-size\"> V\u0103 mul\u021bumim \u0219i a\u0219tept\u0103m cu ner\u0103bdare s\u0103 continu\u0103m aceste discu\u021bii importante \u00een comunit\u0103\u021bile din \u00eentreg jude\u021bul, a conchis C\u0103t\u0103lin Silegeanu prin vicepre\u0219edinte AUR Boto\u0219ani <\/p>\n\n\n\n<p>CMF: 11240014.<\/p>\n\n\n\n<figure class=\"wp-block-image size-large\"><img decoding=\"async\" width=\"1024\" height=\"771\" src=\"https:\/\/curierulsatelor.ro\/wp\/wp-content\/uploads\/2024\/11\/462551307_925742162235943_5172004882046507349_n-1024x771.jpg\" alt=\"\" class=\"wp-image-14367\" srcset=\"https:\/\/curierulsatelor.ro\/wp\/wp-content\/uploads\/2024\/11\/462551307_925742162235943_5172004882046507349_n-1024x771.jpg 1024w, https:\/\/curierulsatelor.ro\/wp\/wp-content\/uploads\/2024\/11\/462551307_925742162235943_5172004882046507349_n-300x226.jpg 300w, https:\/\/curierulsatelor.ro\/wp\/wp-content\/uploads\/2024\/11\/462551307_925742162235943_5172004882046507349_n-768x578.jpg 768w, https:\/\/curierulsatelor.ro\/wp\/wp-content\/uploads\/2024\/11\/462551307_925742162235943_5172004882046507349_n-1536x1156.jpg 1536w, https:\/\/curierulsatelor.ro\/wp\/wp-content\/uploads\/2024\/11\/462551307_925742162235943_5172004882046507349_n.jpg 1600w\" sizes=\"(max-width: 1024px) 100vw, 1024px\" \/><\/figure>\n\n\n\n<figure class=\"wp-block-image size-large\"><img decoding=\"async\" width=\"1024\" height=\"768\" src=\"https:\/\/curierulsatelor.ro\/wp\/wp-content\/uploads\/2024\/11\/462575277_597424072796857_3353491386575674038_n-1024x768.jpg\" alt=\"\" class=\"wp-image-14368\" srcset=\"https:\/\/curierulsatelor.ro\/wp\/wp-content\/uploads\/2024\/11\/462575277_597424072796857_3353491386575674038_n-1024x768.jpg 1024w, https:\/\/curierulsatelor.ro\/wp\/wp-content\/uploads\/2024\/11\/462575277_597424072796857_3353491386575674038_n-300x225.jpg 300w, https:\/\/curierulsatelor.ro\/wp\/wp-content\/uploads\/2024\/11\/462575277_597424072796857_3353491386575674038_n-768x576.jpg 768w, https:\/\/curierulsatelor.ro\/wp\/wp-content\/uploads\/2024\/11\/462575277_597424072796857_3353491386575674038_n-1536x1152.jpg 1536w, https:\/\/curierulsatelor.ro\/wp\/wp-content\/uploads\/2024\/11\/462575277_597424072796857_3353491386575674038_n.jpg 1600w\" sizes=\"(max-width: 1024px) 100vw, 1024px\" \/><\/figure>\n","protected":false},"excerpt":{"rendered":"<p>Ast\u0103zi, am continuat seria de discu\u021bii directe cu cet\u0103\u021benii din jude\u021bul Boto\u0219ani, vizit\u00e2nd comuna Hlipiceni&#8230;<\/p>\n","protected":false},"author":1,"featured_media":14369,"comment_status":"open","ping_status":"open","sticky":false,"template":"","format":"standard","meta":{"footnotes":""},"categories":[23,8],"tags":[],"class_list":["post-14365","post","type-post","status-publish","format-standard","has-post-thumbnail","hentry","category-alegeri-parlamentare","category-comunicate"],"yoast_head":"<!-- This site is optimized with the Yoast SEO plugin v27.4 - https:\/\/yoast.com\/product\/yoast-seo-wordpress\/ -->\n<title>Silegeanu a dus Planul lui Simion la Hlipiceni \u0219i a \u00eendemnat la vot \u00een Boto\u0219ani - Curierul Regional<\/title>\n<meta name=\"robots\" content=\"index, follow, max-snippet:-1, max-image-preview:large, max-video-preview:-1\" \/>\n<link rel=\"canonical\" href=\"https:\/\/curierulsatelor.ro\/wp\/2024\/11\/12\/silegeanu-a-dus-planul-lui-simion-la-hlipiceni-si-a-indemnat-la-vot-in-botosani\/\" \/>\n<meta property=\"og:locale\" content=\"ro_RO\" \/>\n<meta property=\"og:type\" content=\"article\" \/>\n<meta property=\"og:title\" content=\"Silegeanu a dus Planul lui Simion la Hlipiceni \u0219i a \u00eendemnat la vot \u00een Boto\u0219ani - Curierul Regional\" \/>\n<meta property=\"og:description\" content=\"Ast\u0103zi, am continuat seria de discu\u021bii directe cu cet\u0103\u021benii din jude\u021bul Boto\u0219ani, vizit\u00e2nd comuna Hlipiceni...\" \/>\n<meta property=\"og:url\" content=\"https:\/\/curierulsatelor.ro\/wp\/2024\/11\/12\/silegeanu-a-dus-planul-lui-simion-la-hlipiceni-si-a-indemnat-la-vot-in-botosani\/\" \/>\n<meta property=\"og:site_name\" content=\"Curierul Regional\" \/>\n<meta property=\"article:published_time\" content=\"2024-11-12T21:58:40+00:00\" \/>\n<meta property=\"article:modified_time\" content=\"2024-11-12T21:58:41+00:00\" \/>\n<meta property=\"og:image\" content=\"https:\/\/curierulsatelor.ro\/wp\/wp-content\/uploads\/2024\/11\/462575314_922223102661925_2467595349633172897_n.jpg\" \/>\n\t<meta property=\"og:image:width\" content=\"1538\" \/>\n\t<meta property=\"og:image:height\" content=\"678\" \/>\n\t<meta property=\"og:image:type\" content=\"image\/jpeg\" \/>\n<meta name=\"author\" content=\"Marian Morosan\" \/>\n<meta name=\"twitter:card\" content=\"summary_large_image\" \/>\n<meta name=\"twitter:label1\" content=\"Scris de\" \/>\n\t<meta name=\"twitter:data1\" content=\"Marian Morosan\" \/>\n\t<meta name=\"twitter:label2\" content=\"Timp estimat pentru citire\" \/>\n\t<meta name=\"twitter:data2\" content=\"3 minute\" \/>\n<script type=\"application\/ld+json\" class=\"yoast-schema-graph\">{\"@context\":\"https:\\\/\\\/schema.org\",\"@graph\":[{\"@type\":\"Article\",\"@id\":\"https:\\\/\\\/curierulsatelor.ro\\\/wp\\\/2024\\\/11\\\/12\\\/silegeanu-a-dus-planul-lui-simion-la-hlipiceni-si-a-indemnat-la-vot-in-botosani\\\/#article\",\"isPartOf\":{\"@id\":\"https:\\\/\\\/curierulsatelor.ro\\\/wp\\\/2024\\\/11\\\/12\\\/silegeanu-a-dus-planul-lui-simion-la-hlipiceni-si-a-indemnat-la-vot-in-botosani\\\/\"},\"author\":{\"name\":\"Marian Morosan\",\"@id\":\"https:\\\/\\\/curierulsatelor.ro\\\/wp\\\/#\\\/schema\\\/person\\\/6f6b28a030e15d619a82894773d6e7b9\"},\"headline\":\"Silegeanu a dus Planul lui Simion la Hlipiceni \u0219i a \u00eendemnat la vot \u00een Boto\u0219ani\",\"datePublished\":\"2024-11-12T21:58:40+00:00\",\"dateModified\":\"2024-11-12T21:58:41+00:00\",\"mainEntityOfPage\":{\"@id\":\"https:\\\/\\\/curierulsatelor.ro\\\/wp\\\/2024\\\/11\\\/12\\\/silegeanu-a-dus-planul-lui-simion-la-hlipiceni-si-a-indemnat-la-vot-in-botosani\\\/\"},\"wordCount\":283,\"commentCount\":0,\"publisher\":{\"@id\":\"https:\\\/\\\/curierulsatelor.ro\\\/wp\\\/#organization\"},\"image\":{\"@id\":\"https:\\\/\\\/curierulsatelor.ro\\\/wp\\\/2024\\\/11\\\/12\\\/silegeanu-a-dus-planul-lui-simion-la-hlipiceni-si-a-indemnat-la-vot-in-botosani\\\/#primaryimage\"},\"thumbnailUrl\":\"https:\\\/\\\/curierulsatelor.ro\\\/wp\\\/wp-content\\\/uploads\\\/2024\\\/11\\\/462575314_922223102661925_2467595349633172897_n.jpg\",\"articleSection\":[\"Alegeri Parlamentare\",\"Comunicate\"],\"inLanguage\":\"ro-RO\",\"potentialAction\":[{\"@type\":\"CommentAction\",\"name\":\"Comment\",\"target\":[\"https:\\\/\\\/curierulsatelor.ro\\\/wp\\\/2024\\\/11\\\/12\\\/silegeanu-a-dus-planul-lui-simion-la-hlipiceni-si-a-indemnat-la-vot-in-botosani\\\/#respond\"]}]},{\"@type\":\"WebPage\",\"@id\":\"https:\\\/\\\/curierulsatelor.ro\\\/wp\\\/2024\\\/11\\\/12\\\/silegeanu-a-dus-planul-lui-simion-la-hlipiceni-si-a-indemnat-la-vot-in-botosani\\\/\",\"url\":\"https:\\\/\\\/curierulsatelor.ro\\\/wp\\\/2024\\\/11\\\/12\\\/silegeanu-a-dus-planul-lui-simion-la-hlipiceni-si-a-indemnat-la-vot-in-botosani\\\/\",\"name\":\"Silegeanu a dus Planul lui Simion la Hlipiceni \u0219i a \u00eendemnat la vot \u00een Boto\u0219ani - Curierul Regional\",\"isPartOf\":{\"@id\":\"https:\\\/\\\/curierulsatelor.ro\\\/wp\\\/#website\"},\"primaryImageOfPage\":{\"@id\":\"https:\\\/\\\/curierulsatelor.ro\\\/wp\\\/2024\\\/11\\\/12\\\/silegeanu-a-dus-planul-lui-simion-la-hlipiceni-si-a-indemnat-la-vot-in-botosani\\\/#primaryimage\"},\"image\":{\"@id\":\"https:\\\/\\\/curierulsatelor.ro\\\/wp\\\/2024\\\/11\\\/12\\\/silegeanu-a-dus-planul-lui-simion-la-hlipiceni-si-a-indemnat-la-vot-in-botosani\\\/#primaryimage\"},\"thumbnailUrl\":\"https:\\\/\\\/curierulsatelor.ro\\\/wp\\\/wp-content\\\/uploads\\\/2024\\\/11\\\/462575314_922223102661925_2467595349633172897_n.jpg\",\"datePublished\":\"2024-11-12T21:58:40+00:00\",\"dateModified\":\"2024-11-12T21:58:41+00:00\",\"breadcrumb\":{\"@id\":\"https:\\\/\\\/curierulsatelor.ro\\\/wp\\\/2024\\\/11\\\/12\\\/silegeanu-a-dus-planul-lui-simion-la-hlipiceni-si-a-indemnat-la-vot-in-botosani\\\/#breadcrumb\"},\"inLanguage\":\"ro-RO\",\"potentialAction\":[{\"@type\":\"ReadAction\",\"target\":[\"https:\\\/\\\/curierulsatelor.ro\\\/wp\\\/2024\\\/11\\\/12\\\/silegeanu-a-dus-planul-lui-simion-la-hlipiceni-si-a-indemnat-la-vot-in-botosani\\\/\"]}]},{\"@type\":\"ImageObject\",\"inLanguage\":\"ro-RO\",\"@id\":\"https:\\\/\\\/curierulsatelor.ro\\\/wp\\\/2024\\\/11\\\/12\\\/silegeanu-a-dus-planul-lui-simion-la-hlipiceni-si-a-indemnat-la-vot-in-botosani\\\/#primaryimage\",\"url\":\"https:\\\/\\\/curierulsatelor.ro\\\/wp\\\/wp-content\\\/uploads\\\/2024\\\/11\\\/462575314_922223102661925_2467595349633172897_n.jpg\",\"contentUrl\":\"https:\\\/\\\/curierulsatelor.ro\\\/wp\\\/wp-content\\\/uploads\\\/2024\\\/11\\\/462575314_922223102661925_2467595349633172897_n.jpg\",\"width\":1538,\"height\":678},{\"@type\":\"BreadcrumbList\",\"@id\":\"https:\\\/\\\/curierulsatelor.ro\\\/wp\\\/2024\\\/11\\\/12\\\/silegeanu-a-dus-planul-lui-simion-la-hlipiceni-si-a-indemnat-la-vot-in-botosani\\\/#breadcrumb\",\"itemListElement\":[{\"@type\":\"ListItem\",\"position\":1,\"name\":\"Prima pagin\u0103\",\"item\":\"https:\\\/\\\/curierulsatelor.ro\\\/wp\\\/\"},{\"@type\":\"ListItem\",\"position\":2,\"name\":\"Silegeanu a dus Planul lui Simion la Hlipiceni \u0219i a \u00eendemnat la vot \u00een Boto\u0219ani\"}]},{\"@type\":\"WebSite\",\"@id\":\"https:\\\/\\\/curierulsatelor.ro\\\/wp\\\/#website\",\"url\":\"https:\\\/\\\/curierulsatelor.ro\\\/wp\\\/\",\"name\":\"Curierul Regional\",\"description\":\"\",\"publisher\":{\"@id\":\"https:\\\/\\\/curierulsatelor.ro\\\/wp\\\/#organization\"},\"potentialAction\":[{\"@type\":\"SearchAction\",\"target\":{\"@type\":\"EntryPoint\",\"urlTemplate\":\"https:\\\/\\\/curierulsatelor.ro\\\/wp\\\/?s={search_term_string}\"},\"query-input\":{\"@type\":\"PropertyValueSpecification\",\"valueRequired\":true,\"valueName\":\"search_term_string\"}}],\"inLanguage\":\"ro-RO\"},{\"@type\":\"Organization\",\"@id\":\"https:\\\/\\\/curierulsatelor.ro\\\/wp\\\/#organization\",\"name\":\"Curierul Regional\",\"url\":\"https:\\\/\\\/curierulsatelor.ro\\\/wp\\\/\",\"logo\":{\"@type\":\"ImageObject\",\"inLanguage\":\"ro-RO\",\"@id\":\"https:\\\/\\\/curierulsatelor.ro\\\/wp\\\/#\\\/schema\\\/logo\\\/image\\\/\",\"url\":\"https:\\\/\\\/curierulsatelor.ro\\\/wp\\\/wp-content\\\/uploads\\\/2020\\\/01\\\/Curierul-Regional-si-Curierul-satelor-logo-header.png\",\"contentUrl\":\"https:\\\/\\\/curierulsatelor.ro\\\/wp\\\/wp-content\\\/uploads\\\/2020\\\/01\\\/Curierul-Regional-si-Curierul-satelor-logo-header.png\",\"width\":2943,\"height\":685,\"caption\":\"Curierul Regional\"},\"image\":{\"@id\":\"https:\\\/\\\/curierulsatelor.ro\\\/wp\\\/#\\\/schema\\\/logo\\\/image\\\/\"}},{\"@type\":\"Person\",\"@id\":\"https:\\\/\\\/curierulsatelor.ro\\\/wp\\\/#\\\/schema\\\/person\\\/6f6b28a030e15d619a82894773d6e7b9\",\"name\":\"Marian Morosan\",\"image\":{\"@type\":\"ImageObject\",\"inLanguage\":\"ro-RO\",\"@id\":\"https:\\\/\\\/secure.gravatar.com\\\/avatar\\\/2e833cc9ab99e6bca46266d4ad9030d308346ff7ff0b6b955c29b74cafaf064b?s=96&d=mm&r=g\",\"url\":\"https:\\\/\\\/secure.gravatar.com\\\/avatar\\\/2e833cc9ab99e6bca46266d4ad9030d308346ff7ff0b6b955c29b74cafaf064b?s=96&d=mm&r=g\",\"contentUrl\":\"https:\\\/\\\/secure.gravatar.com\\\/avatar\\\/2e833cc9ab99e6bca46266d4ad9030d308346ff7ff0b6b955c29b74cafaf064b?s=96&d=mm&r=g\",\"caption\":\"Marian Morosan\"},\"description\":\"Copiilor no\u015ftri li se preg\u0103te\u015fte, incon\u015ftient, o lume de joben ciuruit, din care niciodat\u0103 nu iese iepura\u015ful. Doar panglicile politicilor sociale roase de moliile cu \u015ftaif din ultimele decenii. Suntem oropsi\u0163i, suntem dispera\u0163i, manipula\u0163i p\u00e2n\u0103 acolo \u00eenc\u00e2t ne bucur\u0103m s\u0103 fim masa de manevr\u0103 a unora \u015fi s\u0103 sus\u0163inem c\u0103 a\u015fa e normal. Acum \u00eel \u00een\u0163eleg pe Cioran, dar \u00eel \u00een\u0163eleg mai bine \u015fi pe Preda. \u015ei m\u0103 g\u00e2ndesc iar, cu groaz\u0103, la copilul meu. Cel pu\u0163in eu nu \u00eemi doresc s\u0103 \u015ftiu c\u0103 micu\u0163ul meu va fi singur, cu sufletul descul\u0163, prin jungla mileniului III ! https:\\\/\\\/curierulsatelor.ro\\\/wp\\\/2019\\\/10\\\/16\\\/cu-sufletul-descult-prin-jungla-mileniului-iii-editorial\\\/\",\"sameAs\":[\"http:\\\/\\\/admin\"],\"url\":\"https:\\\/\\\/curierulsatelor.ro\\\/wp\\\/author\\\/admin\\\/\"}]}<\/script>\n<!-- \/ Yoast SEO plugin. -->","yoast_head_json":{"title":"Silegeanu a dus Planul lui Simion la Hlipiceni \u0219i a \u00eendemnat la vot \u00een Boto\u0219ani - Curierul Regional","robots":{"index":"index","follow":"follow","max-snippet":"max-snippet:-1","max-image-preview":"max-image-preview:large","max-video-preview":"max-video-preview:-1"},"canonical":"https:\/\/curierulsatelor.ro\/wp\/2024\/11\/12\/silegeanu-a-dus-planul-lui-simion-la-hlipiceni-si-a-indemnat-la-vot-in-botosani\/","og_locale":"ro_RO","og_type":"article","og_title":"Silegeanu a dus Planul lui Simion la Hlipiceni \u0219i a \u00eendemnat la vot \u00een Boto\u0219ani - Curierul Regional","og_description":"Ast\u0103zi, am continuat seria de discu\u021bii directe cu cet\u0103\u021benii din jude\u021bul Boto\u0219ani, vizit\u00e2nd comuna Hlipiceni...","og_url":"https:\/\/curierulsatelor.ro\/wp\/2024\/11\/12\/silegeanu-a-dus-planul-lui-simion-la-hlipiceni-si-a-indemnat-la-vot-in-botosani\/","og_site_name":"Curierul Regional","article_published_time":"2024-11-12T21:58:40+00:00","article_modified_time":"2024-11-12T21:58:41+00:00","og_image":[{"width":1538,"height":678,"url":"https:\/\/curierulsatelor.ro\/wp\/wp-content\/uploads\/2024\/11\/462575314_922223102661925_2467595349633172897_n.jpg","type":"image\/jpeg"}],"author":"Marian Morosan","twitter_card":"summary_large_image","twitter_misc":{"Scris de":"Marian Morosan","Timp estimat pentru citire":"3 minute"},"schema":{"@context":"https:\/\/schema.org","@graph":[{"@type":"Article","@id":"https:\/\/curierulsatelor.ro\/wp\/2024\/11\/12\/silegeanu-a-dus-planul-lui-simion-la-hlipiceni-si-a-indemnat-la-vot-in-botosani\/#article","isPartOf":{"@id":"https:\/\/curierulsatelor.ro\/wp\/2024\/11\/12\/silegeanu-a-dus-planul-lui-simion-la-hlipiceni-si-a-indemnat-la-vot-in-botosani\/"},"author":{"name":"Marian Morosan","@id":"https:\/\/curierulsatelor.ro\/wp\/#\/schema\/person\/6f6b28a030e15d619a82894773d6e7b9"},"headline":"Silegeanu a dus Planul lui Simion la Hlipiceni \u0219i a \u00eendemnat la vot \u00een Boto\u0219ani","datePublished":"2024-11-12T21:58:40+00:00","dateModified":"2024-11-12T21:58:41+00:00","mainEntityOfPage":{"@id":"https:\/\/curierulsatelor.ro\/wp\/2024\/11\/12\/silegeanu-a-dus-planul-lui-simion-la-hlipiceni-si-a-indemnat-la-vot-in-botosani\/"},"wordCount":283,"commentCount":0,"publisher":{"@id":"https:\/\/curierulsatelor.ro\/wp\/#organization"},"image":{"@id":"https:\/\/curierulsatelor.ro\/wp\/2024\/11\/12\/silegeanu-a-dus-planul-lui-simion-la-hlipiceni-si-a-indemnat-la-vot-in-botosani\/#primaryimage"},"thumbnailUrl":"https:\/\/curierulsatelor.ro\/wp\/wp-content\/uploads\/2024\/11\/462575314_922223102661925_2467595349633172897_n.jpg","articleSection":["Alegeri Parlamentare","Comunicate"],"inLanguage":"ro-RO","potentialAction":[{"@type":"CommentAction","name":"Comment","target":["https:\/\/curierulsatelor.ro\/wp\/2024\/11\/12\/silegeanu-a-dus-planul-lui-simion-la-hlipiceni-si-a-indemnat-la-vot-in-botosani\/#respond"]}]},{"@type":"WebPage","@id":"https:\/\/curierulsatelor.ro\/wp\/2024\/11\/12\/silegeanu-a-dus-planul-lui-simion-la-hlipiceni-si-a-indemnat-la-vot-in-botosani\/","url":"https:\/\/curierulsatelor.ro\/wp\/2024\/11\/12\/silegeanu-a-dus-planul-lui-simion-la-hlipiceni-si-a-indemnat-la-vot-in-botosani\/","name":"Silegeanu a dus Planul lui Simion la Hlipiceni \u0219i a \u00eendemnat la vot \u00een Boto\u0219ani - Curierul Regional","isPartOf":{"@id":"https:\/\/curierulsatelor.ro\/wp\/#website"},"primaryImageOfPage":{"@id":"https:\/\/curierulsatelor.ro\/wp\/2024\/11\/12\/silegeanu-a-dus-planul-lui-simion-la-hlipiceni-si-a-indemnat-la-vot-in-botosani\/#primaryimage"},"image":{"@id":"https:\/\/curierulsatelor.ro\/wp\/2024\/11\/12\/silegeanu-a-dus-planul-lui-simion-la-hlipiceni-si-a-indemnat-la-vot-in-botosani\/#primaryimage"},"thumbnailUrl":"https:\/\/curierulsatelor.ro\/wp\/wp-content\/uploads\/2024\/11\/462575314_922223102661925_2467595349633172897_n.jpg","datePublished":"2024-11-12T21:58:40+00:00","dateModified":"2024-11-12T21:58:41+00:00","breadcrumb":{"@id":"https:\/\/curierulsatelor.ro\/wp\/2024\/11\/12\/silegeanu-a-dus-planul-lui-simion-la-hlipiceni-si-a-indemnat-la-vot-in-botosani\/#breadcrumb"},"inLanguage":"ro-RO","potentialAction":[{"@type":"ReadAction","target":["https:\/\/curierulsatelor.ro\/wp\/2024\/11\/12\/silegeanu-a-dus-planul-lui-simion-la-hlipiceni-si-a-indemnat-la-vot-in-botosani\/"]}]},{"@type":"ImageObject","inLanguage":"ro-RO","@id":"https:\/\/curierulsatelor.ro\/wp\/2024\/11\/12\/silegeanu-a-dus-planul-lui-simion-la-hlipiceni-si-a-indemnat-la-vot-in-botosani\/#primaryimage","url":"https:\/\/curierulsatelor.ro\/wp\/wp-content\/uploads\/2024\/11\/462575314_922223102661925_2467595349633172897_n.jpg","contentUrl":"https:\/\/curierulsatelor.ro\/wp\/wp-content\/uploads\/2024\/11\/462575314_922223102661925_2467595349633172897_n.jpg","width":1538,"height":678},{"@type":"BreadcrumbList","@id":"https:\/\/curierulsatelor.ro\/wp\/2024\/11\/12\/silegeanu-a-dus-planul-lui-simion-la-hlipiceni-si-a-indemnat-la-vot-in-botosani\/#breadcrumb","itemListElement":[{"@type":"ListItem","position":1,"name":"Prima pagin\u0103","item":"https:\/\/curierulsatelor.ro\/wp\/"},{"@type":"ListItem","position":2,"name":"Silegeanu a dus Planul lui Simion la Hlipiceni \u0219i a \u00eendemnat la vot \u00een Boto\u0219ani"}]},{"@type":"WebSite","@id":"https:\/\/curierulsatelor.ro\/wp\/#website","url":"https:\/\/curierulsatelor.ro\/wp\/","name":"Curierul Regional","description":"","publisher":{"@id":"https:\/\/curierulsatelor.ro\/wp\/#organization"},"potentialAction":[{"@type":"SearchAction","target":{"@type":"EntryPoint","urlTemplate":"https:\/\/curierulsatelor.ro\/wp\/?s={search_term_string}"},"query-input":{"@type":"PropertyValueSpecification","valueRequired":true,"valueName":"search_term_string"}}],"inLanguage":"ro-RO"},{"@type":"Organization","@id":"https:\/\/curierulsatelor.ro\/wp\/#organization","name":"Curierul Regional","url":"https:\/\/curierulsatelor.ro\/wp\/","logo":{"@type":"ImageObject","inLanguage":"ro-RO","@id":"https:\/\/curierulsatelor.ro\/wp\/#\/schema\/logo\/image\/","url":"https:\/\/curierulsatelor.ro\/wp\/wp-content\/uploads\/2020\/01\/Curierul-Regional-si-Curierul-satelor-logo-header.png","contentUrl":"https:\/\/curierulsatelor.ro\/wp\/wp-content\/uploads\/2020\/01\/Curierul-Regional-si-Curierul-satelor-logo-header.png","width":2943,"height":685,"caption":"Curierul Regional"},"image":{"@id":"https:\/\/curierulsatelor.ro\/wp\/#\/schema\/logo\/image\/"}},{"@type":"Person","@id":"https:\/\/curierulsatelor.ro\/wp\/#\/schema\/person\/6f6b28a030e15d619a82894773d6e7b9","name":"Marian Morosan","image":{"@type":"ImageObject","inLanguage":"ro-RO","@id":"https:\/\/secure.gravatar.com\/avatar\/2e833cc9ab99e6bca46266d4ad9030d308346ff7ff0b6b955c29b74cafaf064b?s=96&d=mm&r=g","url":"https:\/\/secure.gravatar.com\/avatar\/2e833cc9ab99e6bca46266d4ad9030d308346ff7ff0b6b955c29b74cafaf064b?s=96&d=mm&r=g","contentUrl":"https:\/\/secure.gravatar.com\/avatar\/2e833cc9ab99e6bca46266d4ad9030d308346ff7ff0b6b955c29b74cafaf064b?s=96&d=mm&r=g","caption":"Marian Morosan"},"description":"Copiilor no\u015ftri li se preg\u0103te\u015fte, incon\u015ftient, o lume de joben ciuruit, din care niciodat\u0103 nu iese iepura\u015ful. Doar panglicile politicilor sociale roase de moliile cu \u015ftaif din ultimele decenii. Suntem oropsi\u0163i, suntem dispera\u0163i, manipula\u0163i p\u00e2n\u0103 acolo \u00eenc\u00e2t ne bucur\u0103m s\u0103 fim masa de manevr\u0103 a unora \u015fi s\u0103 sus\u0163inem c\u0103 a\u015fa e normal. Acum \u00eel \u00een\u0163eleg pe Cioran, dar \u00eel \u00een\u0163eleg mai bine \u015fi pe Preda. \u015ei m\u0103 g\u00e2ndesc iar, cu groaz\u0103, la copilul meu. Cel pu\u0163in eu nu \u00eemi doresc s\u0103 \u015ftiu c\u0103 micu\u0163ul meu va fi singur, cu sufletul descul\u0163, prin jungla mileniului III ! https:\/\/curierulsatelor.ro\/wp\/2019\/10\/16\/cu-sufletul-descult-prin-jungla-mileniului-iii-editorial\/","sameAs":["http:\/\/admin"],"url":"https:\/\/curierulsatelor.ro\/wp\/author\/admin\/"}]}},"_links":{"self":[{"href":"https:\/\/curierulsatelor.ro\/wp\/wp-json\/wp\/v2\/posts\/14365","targetHints":{"allow":["GET"]}}],"collection":[{"href":"https:\/\/curierulsatelor.ro\/wp\/wp-json\/wp\/v2\/posts"}],"about":[{"href":"https:\/\/curierulsatelor.ro\/wp\/wp-json\/wp\/v2\/types\/post"}],"author":[{"embeddable":true,"href":"https:\/\/curierulsatelor.ro\/wp\/wp-json\/wp\/v2\/users\/1"}],"replies":[{"embeddable":true,"href":"https:\/\/curierulsatelor.ro\/wp\/wp-json\/wp\/v2\/comments?post=14365"}],"version-history":[{"count":1,"href":"https:\/\/curierulsatelor.ro\/wp\/wp-json\/wp\/v2\/posts\/14365\/revisions"}],"predecessor-version":[{"id":14370,"href":"https:\/\/curierulsatelor.ro\/wp\/wp-json\/wp\/v2\/posts\/14365\/revisions\/14370"}],"wp:featuredmedia":[{"embeddable":true,"href":"https:\/\/curierulsatelor.ro\/wp\/wp-json\/wp\/v2\/media\/14369"}],"wp:attachment":[{"href":"https:\/\/curierulsatelor.ro\/wp\/wp-json\/wp\/v2\/media?parent=14365"}],"wp:term":[{"taxonomy":"category","embeddable":true,"href":"https:\/\/curierulsatelor.ro\/wp\/wp-json\/wp\/v2\/categories?post=14365"},{"taxonomy":"post_tag","embeddable":true,"href":"https:\/\/curierulsatelor.ro\/wp\/wp-json\/wp\/v2\/tags?post=14365"}],"curies":[{"name":"wp","href":"https:\/\/api.w.org\/{rel}","templated":true}]}}