{"id":1494,"date":"2020-02-18T07:40:18","date_gmt":"2020-02-18T07:40:18","guid":{"rendered":"https:\/\/curierulsatelor.ro\/wp\/?p=1494"},"modified":"2020-02-18T07:45:27","modified_gmt":"2020-02-18T07:45:27","slug":"tupeul-liberalilor-nu-are-limite-pnl-vrea-din-nou-la-guvernare-dupa-anticipate-cu-zero-majorari-la-alocatii-la-pensii-si-salarii-si-zero-investitii","status":"publish","type":"post","link":"https:\/\/curierulsatelor.ro\/wp\/2020\/02\/18\/tupeul-liberalilor-nu-are-limite-pnl-vrea-din-nou-la-guvernare-dupa-anticipate-cu-zero-majorari-la-alocatii-la-pensii-si-salarii-si-zero-investitii\/","title":{"rendered":"Tupeul liberalilor nu are limite! PNL vrea din nou la guvernare dup\u0103 Anticipate cu Zero major\u0103ri la Aloca\u021bii, la Pensii \u0219i Salarii \u0219i Zero Investi\u021bii!"},"content":{"rendered":"\n<p>Pre\u0219edintele PSD Boto\u0219ani, Doina Federovici a anun\u021bat ast\u0103zi c\u0103 mini\u0219trii liberali din cabinetul Orban 1 \u0219i Orban 2 continu\u0103 b\u0103taia de joc la adresa rom\u00e2nilor \u00eenceput\u0103 \u00een urm\u0103 cu 3 luni. &nbsp;&nbsp;<\/p>\n\n\n\n<p>\u201e<strong><em>Fiecare ministru liberal s-a l\u0103udat cu realiz\u0103rile inexistente din ultimele 3 luni \u0219i a prezentat noile proiecte \u00een fa\u021ba comisiilor, la audierile din Parlament, \u00een timp ce colegii lor parlamentari \u00een frunte cu domnii Iohannis \u0219i Orban solicit\u0103 s\u0103 fie respin\u0219i la vot pe 24 februarie. Tupeul liberalilor nu are limite! PNL vrea din nou la guvernare, dar dup\u0103 Anticipate ca s\u0103 nu fie tra\u0219i la r\u0103spundere c\u0103 vor veni cu Zero major\u0103ri la Aloca\u021bii, la Pensii \u0219i Salarii \u0219i Zero Investi\u021bii!<\/em><\/strong>\u201d, a declarat pre\u0219edintele PSD Boto\u0219ani.<\/p>\n\n\n\n<p>De fapt, liberalii vor s\u0103 \u00eei p\u0103c\u0103leasc\u0103 pe rom\u00e2ni s\u0103 le dea votul \u0219i dup\u0103 ce ajung din nou la putere vor vedea ei ce pot s\u0103 fac\u0103 cu construc\u021bia de autostr\u0103zi, cu moderniz\u0103rile de spitale \u0219i \u0219coli, cu major\u0103rile de venituri \u0219i cu toate investi\u021biile \u00eencepute de PSD \u0219i anulate \u00een doar c\u00e2teva zile de guvernarea e\u0219uat\u0103 a PNL.<\/p>\n\n\n\n<p>\u201e<strong><em>\u00cen urma liberalilor s-a ales praful de tot. Veniturile statului s-au pr\u0103bu\u0219it, cheltuielile au explodat, economia a fr\u00e2nat, \u00eemprumuturile au \u00eendatorat fiecare rom\u00e2n pe urm\u0103torii 50 de ani, majorarea salariilor \u0219i pensiilor s-a anulat, la fel \u0219i dublarea aloca\u021biilor pentru copii, iar s\u0103n\u0103tatea se privatizeaz\u0103. Acesta este tabloul sumbru dup\u0103 trei luni de guvernare PNL. De aceea PNL vrea anticipate! Liberalii \u00ee\u0219i \u00eenchipuie c\u0103 ar mai putea ob\u021bine suficiente voturi pentru a r\u0103m\u00e2ne la putere \u0219i vor putea apoi s\u0103-\u0219i continue programul de austeritate pentru popula\u021bie \u0219i programul de \u00eembog\u0103\u021bire pentru sponsorii de partid<\/em><\/strong>\u201d, a ad\u0103ugat Doina Federovici pre\u0219edintele PSD Boto\u0219ani.<\/p>\n\n\n\n<figure class=\"wp-block-image\"><img fetchpriority=\"high\" decoding=\"async\" width=\"1280\" height=\"852\" src=\"https:\/\/i1.wp.com\/curierulsatelor.ro\/wp\/wp-content\/uploads\/2020\/02\/poza-3.jpeg?fit=640%2C426&amp;ssl=1\" alt=\"\" class=\"wp-image-1495\" srcset=\"https:\/\/curierulsatelor.ro\/wp\/wp-content\/uploads\/2020\/02\/poza-3.jpeg 1280w, https:\/\/curierulsatelor.ro\/wp\/wp-content\/uploads\/2020\/02\/poza-3-300x200.jpeg 300w, https:\/\/curierulsatelor.ro\/wp\/wp-content\/uploads\/2020\/02\/poza-3-768x511.jpeg 768w, https:\/\/curierulsatelor.ro\/wp\/wp-content\/uploads\/2020\/02\/poza-3-1024x682.jpeg 1024w\" sizes=\"(max-width: 1280px) 100vw, 1280px\" \/><\/figure>\n","protected":false},"excerpt":{"rendered":"<p>Pre\u0219edintele PSD Boto\u0219ani, Doina Federovici a anun\u021bat ast\u0103zi c\u0103 mini\u0219trii liberali din cabinetul Orban 1&#8230;<\/p>\n","protected":false},"author":1,"featured_media":1495,"comment_status":"open","ping_status":"open","sticky":false,"template":"","format":"standard","meta":{"footnotes":""},"categories":[8,6],"tags":[],"class_list":["post-1494","post","type-post","status-publish","format-standard","has-post-thumbnail","hentry","category-comunicate","category-politica"],"yoast_head":"<!-- This site is optimized with the Yoast SEO plugin v27.4 - https:\/\/yoast.com\/product\/yoast-seo-wordpress\/ -->\n<title>Tupeul liberalilor nu are limite! PNL vrea din nou la guvernare dup\u0103 Anticipate cu Zero major\u0103ri la Aloca\u021bii, la Pensii \u0219i Salarii \u0219i Zero Investi\u021bii! - Curierul Regional<\/title>\n<meta name=\"robots\" content=\"index, follow, max-snippet:-1, max-image-preview:large, max-video-preview:-1\" \/>\n<link rel=\"canonical\" href=\"https:\/\/curierulsatelor.ro\/wp\/2020\/02\/18\/tupeul-liberalilor-nu-are-limite-pnl-vrea-din-nou-la-guvernare-dupa-anticipate-cu-zero-majorari-la-alocatii-la-pensii-si-salarii-si-zero-investitii\/\" \/>\n<meta property=\"og:locale\" content=\"ro_RO\" \/>\n<meta property=\"og:type\" content=\"article\" \/>\n<meta property=\"og:title\" content=\"Tupeul liberalilor nu are limite! PNL vrea din nou la guvernare dup\u0103 Anticipate cu Zero major\u0103ri la Aloca\u021bii, la Pensii \u0219i Salarii \u0219i Zero Investi\u021bii! - Curierul Regional\" \/>\n<meta property=\"og:description\" content=\"Pre\u0219edintele PSD Boto\u0219ani, Doina Federovici a anun\u021bat ast\u0103zi c\u0103 mini\u0219trii liberali din cabinetul Orban 1...\" \/>\n<meta property=\"og:url\" content=\"https:\/\/curierulsatelor.ro\/wp\/2020\/02\/18\/tupeul-liberalilor-nu-are-limite-pnl-vrea-din-nou-la-guvernare-dupa-anticipate-cu-zero-majorari-la-alocatii-la-pensii-si-salarii-si-zero-investitii\/\" \/>\n<meta property=\"og:site_name\" content=\"Curierul Regional\" \/>\n<meta property=\"article:published_time\" content=\"2020-02-18T07:40:18+00:00\" \/>\n<meta property=\"article:modified_time\" content=\"2020-02-18T07:45:27+00:00\" \/>\n<meta property=\"og:image\" content=\"https:\/\/curierulsatelor.ro\/wp\/wp-content\/uploads\/2020\/02\/poza-3.jpeg\" \/>\n\t<meta property=\"og:image:width\" content=\"1280\" \/>\n\t<meta property=\"og:image:height\" content=\"852\" \/>\n\t<meta property=\"og:image:type\" content=\"image\/jpeg\" \/>\n<meta name=\"author\" content=\"Marian Morosan\" \/>\n<meta name=\"twitter:card\" content=\"summary_large_image\" \/>\n<meta name=\"twitter:label1\" content=\"Scris de\" \/>\n\t<meta name=\"twitter:data1\" content=\"Marian Morosan\" \/>\n\t<meta name=\"twitter:label2\" content=\"Timp estimat pentru citire\" \/>\n\t<meta name=\"twitter:data2\" content=\"2 minute\" \/>\n<script type=\"application\/ld+json\" class=\"yoast-schema-graph\">{\"@context\":\"https:\\\/\\\/schema.org\",\"@graph\":[{\"@type\":\"Article\",\"@id\":\"https:\\\/\\\/curierulsatelor.ro\\\/wp\\\/2020\\\/02\\\/18\\\/tupeul-liberalilor-nu-are-limite-pnl-vrea-din-nou-la-guvernare-dupa-anticipate-cu-zero-majorari-la-alocatii-la-pensii-si-salarii-si-zero-investitii\\\/#article\",\"isPartOf\":{\"@id\":\"https:\\\/\\\/curierulsatelor.ro\\\/wp\\\/2020\\\/02\\\/18\\\/tupeul-liberalilor-nu-are-limite-pnl-vrea-din-nou-la-guvernare-dupa-anticipate-cu-zero-majorari-la-alocatii-la-pensii-si-salarii-si-zero-investitii\\\/\"},\"author\":{\"name\":\"Marian Morosan\",\"@id\":\"https:\\\/\\\/curierulsatelor.ro\\\/wp\\\/#\\\/schema\\\/person\\\/6f6b28a030e15d619a82894773d6e7b9\"},\"headline\":\"Tupeul liberalilor nu are limite! PNL vrea din nou la guvernare dup\u0103 Anticipate cu Zero major\u0103ri la Aloca\u021bii, la Pensii \u0219i Salarii \u0219i Zero Investi\u021bii!\",\"datePublished\":\"2020-02-18T07:40:18+00:00\",\"dateModified\":\"2020-02-18T07:45:27+00:00\",\"mainEntityOfPage\":{\"@id\":\"https:\\\/\\\/curierulsatelor.ro\\\/wp\\\/2020\\\/02\\\/18\\\/tupeul-liberalilor-nu-are-limite-pnl-vrea-din-nou-la-guvernare-dupa-anticipate-cu-zero-majorari-la-alocatii-la-pensii-si-salarii-si-zero-investitii\\\/\"},\"wordCount\":349,\"commentCount\":0,\"publisher\":{\"@id\":\"https:\\\/\\\/curierulsatelor.ro\\\/wp\\\/#organization\"},\"image\":{\"@id\":\"https:\\\/\\\/curierulsatelor.ro\\\/wp\\\/2020\\\/02\\\/18\\\/tupeul-liberalilor-nu-are-limite-pnl-vrea-din-nou-la-guvernare-dupa-anticipate-cu-zero-majorari-la-alocatii-la-pensii-si-salarii-si-zero-investitii\\\/#primaryimage\"},\"thumbnailUrl\":\"https:\\\/\\\/curierulsatelor.ro\\\/wp\\\/wp-content\\\/uploads\\\/2020\\\/02\\\/poza-3.jpeg\",\"articleSection\":[\"Comunicate\",\"Politica\"],\"inLanguage\":\"ro-RO\",\"potentialAction\":[{\"@type\":\"CommentAction\",\"name\":\"Comment\",\"target\":[\"https:\\\/\\\/curierulsatelor.ro\\\/wp\\\/2020\\\/02\\\/18\\\/tupeul-liberalilor-nu-are-limite-pnl-vrea-din-nou-la-guvernare-dupa-anticipate-cu-zero-majorari-la-alocatii-la-pensii-si-salarii-si-zero-investitii\\\/#respond\"]}]},{\"@type\":\"WebPage\",\"@id\":\"https:\\\/\\\/curierulsatelor.ro\\\/wp\\\/2020\\\/02\\\/18\\\/tupeul-liberalilor-nu-are-limite-pnl-vrea-din-nou-la-guvernare-dupa-anticipate-cu-zero-majorari-la-alocatii-la-pensii-si-salarii-si-zero-investitii\\\/\",\"url\":\"https:\\\/\\\/curierulsatelor.ro\\\/wp\\\/2020\\\/02\\\/18\\\/tupeul-liberalilor-nu-are-limite-pnl-vrea-din-nou-la-guvernare-dupa-anticipate-cu-zero-majorari-la-alocatii-la-pensii-si-salarii-si-zero-investitii\\\/\",\"name\":\"Tupeul liberalilor nu are limite! PNL vrea din nou la guvernare dup\u0103 Anticipate cu Zero major\u0103ri la Aloca\u021bii, la Pensii \u0219i Salarii \u0219i Zero Investi\u021bii! - Curierul Regional\",\"isPartOf\":{\"@id\":\"https:\\\/\\\/curierulsatelor.ro\\\/wp\\\/#website\"},\"primaryImageOfPage\":{\"@id\":\"https:\\\/\\\/curierulsatelor.ro\\\/wp\\\/2020\\\/02\\\/18\\\/tupeul-liberalilor-nu-are-limite-pnl-vrea-din-nou-la-guvernare-dupa-anticipate-cu-zero-majorari-la-alocatii-la-pensii-si-salarii-si-zero-investitii\\\/#primaryimage\"},\"image\":{\"@id\":\"https:\\\/\\\/curierulsatelor.ro\\\/wp\\\/2020\\\/02\\\/18\\\/tupeul-liberalilor-nu-are-limite-pnl-vrea-din-nou-la-guvernare-dupa-anticipate-cu-zero-majorari-la-alocatii-la-pensii-si-salarii-si-zero-investitii\\\/#primaryimage\"},\"thumbnailUrl\":\"https:\\\/\\\/curierulsatelor.ro\\\/wp\\\/wp-content\\\/uploads\\\/2020\\\/02\\\/poza-3.jpeg\",\"datePublished\":\"2020-02-18T07:40:18+00:00\",\"dateModified\":\"2020-02-18T07:45:27+00:00\",\"breadcrumb\":{\"@id\":\"https:\\\/\\\/curierulsatelor.ro\\\/wp\\\/2020\\\/02\\\/18\\\/tupeul-liberalilor-nu-are-limite-pnl-vrea-din-nou-la-guvernare-dupa-anticipate-cu-zero-majorari-la-alocatii-la-pensii-si-salarii-si-zero-investitii\\\/#breadcrumb\"},\"inLanguage\":\"ro-RO\",\"potentialAction\":[{\"@type\":\"ReadAction\",\"target\":[\"https:\\\/\\\/curierulsatelor.ro\\\/wp\\\/2020\\\/02\\\/18\\\/tupeul-liberalilor-nu-are-limite-pnl-vrea-din-nou-la-guvernare-dupa-anticipate-cu-zero-majorari-la-alocatii-la-pensii-si-salarii-si-zero-investitii\\\/\"]}]},{\"@type\":\"ImageObject\",\"inLanguage\":\"ro-RO\",\"@id\":\"https:\\\/\\\/curierulsatelor.ro\\\/wp\\\/2020\\\/02\\\/18\\\/tupeul-liberalilor-nu-are-limite-pnl-vrea-din-nou-la-guvernare-dupa-anticipate-cu-zero-majorari-la-alocatii-la-pensii-si-salarii-si-zero-investitii\\\/#primaryimage\",\"url\":\"https:\\\/\\\/curierulsatelor.ro\\\/wp\\\/wp-content\\\/uploads\\\/2020\\\/02\\\/poza-3.jpeg\",\"contentUrl\":\"https:\\\/\\\/curierulsatelor.ro\\\/wp\\\/wp-content\\\/uploads\\\/2020\\\/02\\\/poza-3.jpeg\",\"width\":1280,\"height\":852},{\"@type\":\"BreadcrumbList\",\"@id\":\"https:\\\/\\\/curierulsatelor.ro\\\/wp\\\/2020\\\/02\\\/18\\\/tupeul-liberalilor-nu-are-limite-pnl-vrea-din-nou-la-guvernare-dupa-anticipate-cu-zero-majorari-la-alocatii-la-pensii-si-salarii-si-zero-investitii\\\/#breadcrumb\",\"itemListElement\":[{\"@type\":\"ListItem\",\"position\":1,\"name\":\"Prima pagin\u0103\",\"item\":\"https:\\\/\\\/curierulsatelor.ro\\\/wp\\\/\"},{\"@type\":\"ListItem\",\"position\":2,\"name\":\"Tupeul liberalilor nu are limite! PNL vrea din nou la guvernare dup\u0103 Anticipate cu Zero major\u0103ri la Aloca\u021bii, la Pensii \u0219i Salarii \u0219i Zero Investi\u021bii!\"}]},{\"@type\":\"WebSite\",\"@id\":\"https:\\\/\\\/curierulsatelor.ro\\\/wp\\\/#website\",\"url\":\"https:\\\/\\\/curierulsatelor.ro\\\/wp\\\/\",\"name\":\"Curierul Regional\",\"description\":\"\",\"publisher\":{\"@id\":\"https:\\\/\\\/curierulsatelor.ro\\\/wp\\\/#organization\"},\"potentialAction\":[{\"@type\":\"SearchAction\",\"target\":{\"@type\":\"EntryPoint\",\"urlTemplate\":\"https:\\\/\\\/curierulsatelor.ro\\\/wp\\\/?s={search_term_string}\"},\"query-input\":{\"@type\":\"PropertyValueSpecification\",\"valueRequired\":true,\"valueName\":\"search_term_string\"}}],\"inLanguage\":\"ro-RO\"},{\"@type\":\"Organization\",\"@id\":\"https:\\\/\\\/curierulsatelor.ro\\\/wp\\\/#organization\",\"name\":\"Curierul Regional\",\"url\":\"https:\\\/\\\/curierulsatelor.ro\\\/wp\\\/\",\"logo\":{\"@type\":\"ImageObject\",\"inLanguage\":\"ro-RO\",\"@id\":\"https:\\\/\\\/curierulsatelor.ro\\\/wp\\\/#\\\/schema\\\/logo\\\/image\\\/\",\"url\":\"https:\\\/\\\/curierulsatelor.ro\\\/wp\\\/wp-content\\\/uploads\\\/2020\\\/01\\\/Curierul-Regional-si-Curierul-satelor-logo-header.png\",\"contentUrl\":\"https:\\\/\\\/curierulsatelor.ro\\\/wp\\\/wp-content\\\/uploads\\\/2020\\\/01\\\/Curierul-Regional-si-Curierul-satelor-logo-header.png\",\"width\":2943,\"height\":685,\"caption\":\"Curierul Regional\"},\"image\":{\"@id\":\"https:\\\/\\\/curierulsatelor.ro\\\/wp\\\/#\\\/schema\\\/logo\\\/image\\\/\"}},{\"@type\":\"Person\",\"@id\":\"https:\\\/\\\/curierulsatelor.ro\\\/wp\\\/#\\\/schema\\\/person\\\/6f6b28a030e15d619a82894773d6e7b9\",\"name\":\"Marian Morosan\",\"image\":{\"@type\":\"ImageObject\",\"inLanguage\":\"ro-RO\",\"@id\":\"https:\\\/\\\/secure.gravatar.com\\\/avatar\\\/2e833cc9ab99e6bca46266d4ad9030d308346ff7ff0b6b955c29b74cafaf064b?s=96&d=mm&r=g\",\"url\":\"https:\\\/\\\/secure.gravatar.com\\\/avatar\\\/2e833cc9ab99e6bca46266d4ad9030d308346ff7ff0b6b955c29b74cafaf064b?s=96&d=mm&r=g\",\"contentUrl\":\"https:\\\/\\\/secure.gravatar.com\\\/avatar\\\/2e833cc9ab99e6bca46266d4ad9030d308346ff7ff0b6b955c29b74cafaf064b?s=96&d=mm&r=g\",\"caption\":\"Marian Morosan\"},\"description\":\"Copiilor no\u015ftri li se preg\u0103te\u015fte, incon\u015ftient, o lume de joben ciuruit, din care niciodat\u0103 nu iese iepura\u015ful. Doar panglicile politicilor sociale roase de moliile cu \u015ftaif din ultimele decenii. Suntem oropsi\u0163i, suntem dispera\u0163i, manipula\u0163i p\u00e2n\u0103 acolo \u00eenc\u00e2t ne bucur\u0103m s\u0103 fim masa de manevr\u0103 a unora \u015fi s\u0103 sus\u0163inem c\u0103 a\u015fa e normal. Acum \u00eel \u00een\u0163eleg pe Cioran, dar \u00eel \u00een\u0163eleg mai bine \u015fi pe Preda. \u015ei m\u0103 g\u00e2ndesc iar, cu groaz\u0103, la copilul meu. Cel pu\u0163in eu nu \u00eemi doresc s\u0103 \u015ftiu c\u0103 micu\u0163ul meu va fi singur, cu sufletul descul\u0163, prin jungla mileniului III ! https:\\\/\\\/curierulsatelor.ro\\\/wp\\\/2019\\\/10\\\/16\\\/cu-sufletul-descult-prin-jungla-mileniului-iii-editorial\\\/\",\"sameAs\":[\"http:\\\/\\\/admin\"],\"url\":\"https:\\\/\\\/curierulsatelor.ro\\\/wp\\\/author\\\/admin\\\/\"}]}<\/script>\n<!-- \/ Yoast SEO plugin. -->","yoast_head_json":{"title":"Tupeul liberalilor nu are limite! PNL vrea din nou la guvernare dup\u0103 Anticipate cu Zero major\u0103ri la Aloca\u021bii, la Pensii \u0219i Salarii \u0219i Zero Investi\u021bii! - Curierul Regional","robots":{"index":"index","follow":"follow","max-snippet":"max-snippet:-1","max-image-preview":"max-image-preview:large","max-video-preview":"max-video-preview:-1"},"canonical":"https:\/\/curierulsatelor.ro\/wp\/2020\/02\/18\/tupeul-liberalilor-nu-are-limite-pnl-vrea-din-nou-la-guvernare-dupa-anticipate-cu-zero-majorari-la-alocatii-la-pensii-si-salarii-si-zero-investitii\/","og_locale":"ro_RO","og_type":"article","og_title":"Tupeul liberalilor nu are limite! PNL vrea din nou la guvernare dup\u0103 Anticipate cu Zero major\u0103ri la Aloca\u021bii, la Pensii \u0219i Salarii \u0219i Zero Investi\u021bii! - Curierul Regional","og_description":"Pre\u0219edintele PSD Boto\u0219ani, Doina Federovici a anun\u021bat ast\u0103zi c\u0103 mini\u0219trii liberali din cabinetul Orban 1...","og_url":"https:\/\/curierulsatelor.ro\/wp\/2020\/02\/18\/tupeul-liberalilor-nu-are-limite-pnl-vrea-din-nou-la-guvernare-dupa-anticipate-cu-zero-majorari-la-alocatii-la-pensii-si-salarii-si-zero-investitii\/","og_site_name":"Curierul Regional","article_published_time":"2020-02-18T07:40:18+00:00","article_modified_time":"2020-02-18T07:45:27+00:00","og_image":[{"width":1280,"height":852,"url":"https:\/\/curierulsatelor.ro\/wp\/wp-content\/uploads\/2020\/02\/poza-3.jpeg","type":"image\/jpeg"}],"author":"Marian Morosan","twitter_card":"summary_large_image","twitter_misc":{"Scris de":"Marian Morosan","Timp estimat pentru citire":"2 minute"},"schema":{"@context":"https:\/\/schema.org","@graph":[{"@type":"Article","@id":"https:\/\/curierulsatelor.ro\/wp\/2020\/02\/18\/tupeul-liberalilor-nu-are-limite-pnl-vrea-din-nou-la-guvernare-dupa-anticipate-cu-zero-majorari-la-alocatii-la-pensii-si-salarii-si-zero-investitii\/#article","isPartOf":{"@id":"https:\/\/curierulsatelor.ro\/wp\/2020\/02\/18\/tupeul-liberalilor-nu-are-limite-pnl-vrea-din-nou-la-guvernare-dupa-anticipate-cu-zero-majorari-la-alocatii-la-pensii-si-salarii-si-zero-investitii\/"},"author":{"name":"Marian Morosan","@id":"https:\/\/curierulsatelor.ro\/wp\/#\/schema\/person\/6f6b28a030e15d619a82894773d6e7b9"},"headline":"Tupeul liberalilor nu are limite! PNL vrea din nou la guvernare dup\u0103 Anticipate cu Zero major\u0103ri la Aloca\u021bii, la Pensii \u0219i Salarii \u0219i Zero Investi\u021bii!","datePublished":"2020-02-18T07:40:18+00:00","dateModified":"2020-02-18T07:45:27+00:00","mainEntityOfPage":{"@id":"https:\/\/curierulsatelor.ro\/wp\/2020\/02\/18\/tupeul-liberalilor-nu-are-limite-pnl-vrea-din-nou-la-guvernare-dupa-anticipate-cu-zero-majorari-la-alocatii-la-pensii-si-salarii-si-zero-investitii\/"},"wordCount":349,"commentCount":0,"publisher":{"@id":"https:\/\/curierulsatelor.ro\/wp\/#organization"},"image":{"@id":"https:\/\/curierulsatelor.ro\/wp\/2020\/02\/18\/tupeul-liberalilor-nu-are-limite-pnl-vrea-din-nou-la-guvernare-dupa-anticipate-cu-zero-majorari-la-alocatii-la-pensii-si-salarii-si-zero-investitii\/#primaryimage"},"thumbnailUrl":"https:\/\/curierulsatelor.ro\/wp\/wp-content\/uploads\/2020\/02\/poza-3.jpeg","articleSection":["Comunicate","Politica"],"inLanguage":"ro-RO","potentialAction":[{"@type":"CommentAction","name":"Comment","target":["https:\/\/curierulsatelor.ro\/wp\/2020\/02\/18\/tupeul-liberalilor-nu-are-limite-pnl-vrea-din-nou-la-guvernare-dupa-anticipate-cu-zero-majorari-la-alocatii-la-pensii-si-salarii-si-zero-investitii\/#respond"]}]},{"@type":"WebPage","@id":"https:\/\/curierulsatelor.ro\/wp\/2020\/02\/18\/tupeul-liberalilor-nu-are-limite-pnl-vrea-din-nou-la-guvernare-dupa-anticipate-cu-zero-majorari-la-alocatii-la-pensii-si-salarii-si-zero-investitii\/","url":"https:\/\/curierulsatelor.ro\/wp\/2020\/02\/18\/tupeul-liberalilor-nu-are-limite-pnl-vrea-din-nou-la-guvernare-dupa-anticipate-cu-zero-majorari-la-alocatii-la-pensii-si-salarii-si-zero-investitii\/","name":"Tupeul liberalilor nu are limite! PNL vrea din nou la guvernare dup\u0103 Anticipate cu Zero major\u0103ri la Aloca\u021bii, la Pensii \u0219i Salarii \u0219i Zero Investi\u021bii! - Curierul Regional","isPartOf":{"@id":"https:\/\/curierulsatelor.ro\/wp\/#website"},"primaryImageOfPage":{"@id":"https:\/\/curierulsatelor.ro\/wp\/2020\/02\/18\/tupeul-liberalilor-nu-are-limite-pnl-vrea-din-nou-la-guvernare-dupa-anticipate-cu-zero-majorari-la-alocatii-la-pensii-si-salarii-si-zero-investitii\/#primaryimage"},"image":{"@id":"https:\/\/curierulsatelor.ro\/wp\/2020\/02\/18\/tupeul-liberalilor-nu-are-limite-pnl-vrea-din-nou-la-guvernare-dupa-anticipate-cu-zero-majorari-la-alocatii-la-pensii-si-salarii-si-zero-investitii\/#primaryimage"},"thumbnailUrl":"https:\/\/curierulsatelor.ro\/wp\/wp-content\/uploads\/2020\/02\/poza-3.jpeg","datePublished":"2020-02-18T07:40:18+00:00","dateModified":"2020-02-18T07:45:27+00:00","breadcrumb":{"@id":"https:\/\/curierulsatelor.ro\/wp\/2020\/02\/18\/tupeul-liberalilor-nu-are-limite-pnl-vrea-din-nou-la-guvernare-dupa-anticipate-cu-zero-majorari-la-alocatii-la-pensii-si-salarii-si-zero-investitii\/#breadcrumb"},"inLanguage":"ro-RO","potentialAction":[{"@type":"ReadAction","target":["https:\/\/curierulsatelor.ro\/wp\/2020\/02\/18\/tupeul-liberalilor-nu-are-limite-pnl-vrea-din-nou-la-guvernare-dupa-anticipate-cu-zero-majorari-la-alocatii-la-pensii-si-salarii-si-zero-investitii\/"]}]},{"@type":"ImageObject","inLanguage":"ro-RO","@id":"https:\/\/curierulsatelor.ro\/wp\/2020\/02\/18\/tupeul-liberalilor-nu-are-limite-pnl-vrea-din-nou-la-guvernare-dupa-anticipate-cu-zero-majorari-la-alocatii-la-pensii-si-salarii-si-zero-investitii\/#primaryimage","url":"https:\/\/curierulsatelor.ro\/wp\/wp-content\/uploads\/2020\/02\/poza-3.jpeg","contentUrl":"https:\/\/curierulsatelor.ro\/wp\/wp-content\/uploads\/2020\/02\/poza-3.jpeg","width":1280,"height":852},{"@type":"BreadcrumbList","@id":"https:\/\/curierulsatelor.ro\/wp\/2020\/02\/18\/tupeul-liberalilor-nu-are-limite-pnl-vrea-din-nou-la-guvernare-dupa-anticipate-cu-zero-majorari-la-alocatii-la-pensii-si-salarii-si-zero-investitii\/#breadcrumb","itemListElement":[{"@type":"ListItem","position":1,"name":"Prima pagin\u0103","item":"https:\/\/curierulsatelor.ro\/wp\/"},{"@type":"ListItem","position":2,"name":"Tupeul liberalilor nu are limite! PNL vrea din nou la guvernare dup\u0103 Anticipate cu Zero major\u0103ri la Aloca\u021bii, la Pensii \u0219i Salarii \u0219i Zero Investi\u021bii!"}]},{"@type":"WebSite","@id":"https:\/\/curierulsatelor.ro\/wp\/#website","url":"https:\/\/curierulsatelor.ro\/wp\/","name":"Curierul Regional","description":"","publisher":{"@id":"https:\/\/curierulsatelor.ro\/wp\/#organization"},"potentialAction":[{"@type":"SearchAction","target":{"@type":"EntryPoint","urlTemplate":"https:\/\/curierulsatelor.ro\/wp\/?s={search_term_string}"},"query-input":{"@type":"PropertyValueSpecification","valueRequired":true,"valueName":"search_term_string"}}],"inLanguage":"ro-RO"},{"@type":"Organization","@id":"https:\/\/curierulsatelor.ro\/wp\/#organization","name":"Curierul Regional","url":"https:\/\/curierulsatelor.ro\/wp\/","logo":{"@type":"ImageObject","inLanguage":"ro-RO","@id":"https:\/\/curierulsatelor.ro\/wp\/#\/schema\/logo\/image\/","url":"https:\/\/curierulsatelor.ro\/wp\/wp-content\/uploads\/2020\/01\/Curierul-Regional-si-Curierul-satelor-logo-header.png","contentUrl":"https:\/\/curierulsatelor.ro\/wp\/wp-content\/uploads\/2020\/01\/Curierul-Regional-si-Curierul-satelor-logo-header.png","width":2943,"height":685,"caption":"Curierul Regional"},"image":{"@id":"https:\/\/curierulsatelor.ro\/wp\/#\/schema\/logo\/image\/"}},{"@type":"Person","@id":"https:\/\/curierulsatelor.ro\/wp\/#\/schema\/person\/6f6b28a030e15d619a82894773d6e7b9","name":"Marian Morosan","image":{"@type":"ImageObject","inLanguage":"ro-RO","@id":"https:\/\/secure.gravatar.com\/avatar\/2e833cc9ab99e6bca46266d4ad9030d308346ff7ff0b6b955c29b74cafaf064b?s=96&d=mm&r=g","url":"https:\/\/secure.gravatar.com\/avatar\/2e833cc9ab99e6bca46266d4ad9030d308346ff7ff0b6b955c29b74cafaf064b?s=96&d=mm&r=g","contentUrl":"https:\/\/secure.gravatar.com\/avatar\/2e833cc9ab99e6bca46266d4ad9030d308346ff7ff0b6b955c29b74cafaf064b?s=96&d=mm&r=g","caption":"Marian Morosan"},"description":"Copiilor no\u015ftri li se preg\u0103te\u015fte, incon\u015ftient, o lume de joben ciuruit, din care niciodat\u0103 nu iese iepura\u015ful. Doar panglicile politicilor sociale roase de moliile cu \u015ftaif din ultimele decenii. Suntem oropsi\u0163i, suntem dispera\u0163i, manipula\u0163i p\u00e2n\u0103 acolo \u00eenc\u00e2t ne bucur\u0103m s\u0103 fim masa de manevr\u0103 a unora \u015fi s\u0103 sus\u0163inem c\u0103 a\u015fa e normal. Acum \u00eel \u00een\u0163eleg pe Cioran, dar \u00eel \u00een\u0163eleg mai bine \u015fi pe Preda. \u015ei m\u0103 g\u00e2ndesc iar, cu groaz\u0103, la copilul meu. Cel pu\u0163in eu nu \u00eemi doresc s\u0103 \u015ftiu c\u0103 micu\u0163ul meu va fi singur, cu sufletul descul\u0163, prin jungla mileniului III ! https:\/\/curierulsatelor.ro\/wp\/2019\/10\/16\/cu-sufletul-descult-prin-jungla-mileniului-iii-editorial\/","sameAs":["http:\/\/admin"],"url":"https:\/\/curierulsatelor.ro\/wp\/author\/admin\/"}]}},"_links":{"self":[{"href":"https:\/\/curierulsatelor.ro\/wp\/wp-json\/wp\/v2\/posts\/1494","targetHints":{"allow":["GET"]}}],"collection":[{"href":"https:\/\/curierulsatelor.ro\/wp\/wp-json\/wp\/v2\/posts"}],"about":[{"href":"https:\/\/curierulsatelor.ro\/wp\/wp-json\/wp\/v2\/types\/post"}],"author":[{"embeddable":true,"href":"https:\/\/curierulsatelor.ro\/wp\/wp-json\/wp\/v2\/users\/1"}],"replies":[{"embeddable":true,"href":"https:\/\/curierulsatelor.ro\/wp\/wp-json\/wp\/v2\/comments?post=1494"}],"version-history":[{"count":1,"href":"https:\/\/curierulsatelor.ro\/wp\/wp-json\/wp\/v2\/posts\/1494\/revisions"}],"predecessor-version":[{"id":1496,"href":"https:\/\/curierulsatelor.ro\/wp\/wp-json\/wp\/v2\/posts\/1494\/revisions\/1496"}],"wp:featuredmedia":[{"embeddable":true,"href":"https:\/\/curierulsatelor.ro\/wp\/wp-json\/wp\/v2\/media\/1495"}],"wp:attachment":[{"href":"https:\/\/curierulsatelor.ro\/wp\/wp-json\/wp\/v2\/media?parent=1494"}],"wp:term":[{"taxonomy":"category","embeddable":true,"href":"https:\/\/curierulsatelor.ro\/wp\/wp-json\/wp\/v2\/categories?post=1494"},{"taxonomy":"post_tag","embeddable":true,"href":"https:\/\/curierulsatelor.ro\/wp\/wp-json\/wp\/v2\/tags?post=1494"}],"curies":[{"name":"wp","href":"https:\/\/api.w.org\/{rel}","templated":true}]}}