{"id":1497,"date":"2020-02-19T06:22:42","date_gmt":"2020-02-19T06:22:42","guid":{"rendered":"https:\/\/curierulsatelor.ro\/wp\/?p=1497"},"modified":"2020-02-19T06:22:47","modified_gmt":"2020-02-19T06:22:47","slug":"gireada-da-cu-mucii-candidaturii-in-borsul-pnl-ameninta-ca-daca-nu-e-primul-pe-lista-baga-batoza-in-pnl","status":"publish","type":"post","link":"https:\/\/curierulsatelor.ro\/wp\/2020\/02\/19\/gireada-da-cu-mucii-candidaturii-in-borsul-pnl-ameninta-ca-daca-nu-e-primul-pe-lista-baga-batoza-in-pnl\/","title":{"rendered":"Giread\u0103 d\u0103 cu mucii candidaturii \u00een bor\u0219ul PNL. Amenin\u021b\u0103 c\u0103 dac\u0103 nu e primul pe list\u0103 bag\u0103 batoza \u00een PNL"},"content":{"rendered":"\n<p>Verginel Giread\u0103, fost primar la Mihai Eminescu, fost parlamentar, actualmente so\u021b de prim\u0103ri\u021b\u0103, \u0219i-a umflat to\u021bi mu\u0219chii \u00eentr-o emisiune a unei televiziuni locale. Cu siguran\u021b\u0103 nu s-a drogat. Nu e genul. Cel mult s\u0103 aib\u0103 efecte secundare de la \u0219tevia de pe malul lacului cu nuferi din Ipote\u0219ti. Cert este c\u0103, \u00een accep\u021bia sa, \u00een PNL Boto\u0219ani nu mai exist\u0103 nimeni ca el. Avem foarte multe motive s\u0103 credem c\u0103 \u0219i colegii de partid sunt cumva de acord cu el. Dar de aici \u0219i p\u00e2n\u0103 la a amenin\u021ba c\u0103 urmeaz\u0103 o r\u0103zbunare crunt\u0103 pe to\u021bi liberalii, dac\u0103 partidul nu \u00eel pune pe primul loc pe lista de candidaturi pentru Camera Deputa\u021bilor , este doar un pas. Verginel a luat \u00een calcul \u0219i c\u0103 dac\u0103 nu \u00eei ies c\u0103r\u021bile, jocurile din partid \u0219i nici astrele nu vor asculta de ordinul s\u0103u de a se alinia\u2026potrivit, \u00een acest caz Verginel este sigur c\u0103 se \u00eentoarce \u00een Prim\u0103ria Mihai Eminescu. Vorba aceea, pe cine a ajutat \u00eel va vota iar, c\u00e2t despre ceilal\u021bi, nu e bai \u00eel vor vota de fric\u0103. Cum adic\u0103, ei , fraierii de aleg\u0103tori, \u00eenc\u0103 nu au \u00een\u021beles ce \u00eenseamn\u0103 un jup\u00e2n? Pe bune?! \u201dAcesta este primul obiectiv. S\u0103 candidez pe list\u0103 la Camera Deputa\u021bilor. De 20 de ani de c\u00e2nd fac politic\u0103 am \u0219i notorietate, acuma conteaz\u0103 \u0219i inten\u021bia de vot. Faptul c\u0103 am voturi foarte multe \u00een spate, eu am ar\u0103tat c\u0103 pot s\u0103 fiu pe primul loc tot timpul. \u0218i atunci am aceast\u0103 preten\u021bie. Dac\u0103 se \u00eent\u00e2mpl\u0103 s\u0103 nu fie, asta este, m\u0103 adaptez jocului politic. Dar\u2026 r\u0103m\u00e2ne de v\u0103zut\u2026 Dac\u0103 discut\u0103m de meritocra\u021bie cum se discut\u0103 \u00een orice partid, atunci eu voi avea mare grij\u0103 ca acel care nu merit\u0103 \u0219i care \u2026 e trimis\u2026 s-ar putea s\u0103 pun o fr\u00e2n\u0103 de m\u00e2n\u0103 \u0219i o spun foarte clar c\u0103 nu-i sus\u021bin. Nu \u00eei sus\u021bin. Nici eu, nici toat\u0103 organiza\u021bia de la Mihai Eminescu\u201d, a spus clar Verginel Giread\u0103, activist pe m\u00e2na c\u0103ruia PNL a l\u0103sat coordonarea unor zone ale jude\u021bului.<\/p>\n\n\n\n<iframe width=\"949\" height=\"534\" src=\"https:\/\/www.youtube.com\/embed\/AKCIZHHdJwU\" frameborder=\"0\" allow=\"accelerometer; autoplay; encrypted-media; gyroscope; picture-in-picture\" allowfullscreen><\/iframe>\n\n\n\n<iframe width=\"949\" height=\"534\" src=\"https:\/\/www.youtube.com\/embed\/YSV9bVXeOtE\" frameborder=\"0\" allow=\"accelerometer; autoplay; encrypted-media; gyroscope; picture-in-picture\" allowfullscreen><\/iframe>\n","protected":false},"excerpt":{"rendered":"<p>Verginel Giread\u0103, fost primar la Mihai Eminescu, fost parlamentar, actualmente so\u021b de prim\u0103ri\u021b\u0103, \u0219i-a umflat&#8230;<\/p>\n","protected":false},"author":1,"featured_media":1498,"comment_status":"open","ping_status":"open","sticky":false,"template":"","format":"standard","meta":{"footnotes":""},"categories":[15,3,6],"tags":[],"class_list":["post-1497","post","type-post","status-publish","format-standard","has-post-thumbnail","hentry","category-botosani","category-lumea-satelor","category-politica"],"yoast_head":"<!-- This site is optimized with the Yoast SEO plugin v27.4 - https:\/\/yoast.com\/product\/yoast-seo-wordpress\/ -->\n<title>Giread\u0103 d\u0103 cu mucii candidaturii \u00een bor\u0219ul PNL. Amenin\u021b\u0103 c\u0103 dac\u0103 nu e primul pe list\u0103 bag\u0103 batoza \u00een PNL - Curierul Regional<\/title>\n<meta name=\"robots\" content=\"index, follow, max-snippet:-1, max-image-preview:large, max-video-preview:-1\" \/>\n<link rel=\"canonical\" href=\"https:\/\/curierulsatelor.ro\/wp\/2020\/02\/19\/gireada-da-cu-mucii-candidaturii-in-borsul-pnl-ameninta-ca-daca-nu-e-primul-pe-lista-baga-batoza-in-pnl\/\" \/>\n<meta property=\"og:locale\" content=\"ro_RO\" \/>\n<meta property=\"og:type\" content=\"article\" \/>\n<meta property=\"og:title\" content=\"Giread\u0103 d\u0103 cu mucii candidaturii \u00een bor\u0219ul PNL. Amenin\u021b\u0103 c\u0103 dac\u0103 nu e primul pe list\u0103 bag\u0103 batoza \u00een PNL - Curierul Regional\" \/>\n<meta property=\"og:description\" content=\"Verginel Giread\u0103, fost primar la Mihai Eminescu, fost parlamentar, actualmente so\u021b de prim\u0103ri\u021b\u0103, \u0219i-a umflat...\" \/>\n<meta property=\"og:url\" content=\"https:\/\/curierulsatelor.ro\/wp\/2020\/02\/19\/gireada-da-cu-mucii-candidaturii-in-borsul-pnl-ameninta-ca-daca-nu-e-primul-pe-lista-baga-batoza-in-pnl\/\" \/>\n<meta property=\"og:site_name\" content=\"Curierul Regional\" \/>\n<meta property=\"article:published_time\" content=\"2020-02-19T06:22:42+00:00\" \/>\n<meta property=\"article:modified_time\" content=\"2020-02-19T06:22:47+00:00\" \/>\n<meta property=\"og:image\" content=\"https:\/\/curierulsatelor.ro\/wp\/wp-content\/uploads\/2020\/02\/Verginel-Gireada-ameninta-PNL.jpg\" \/>\n\t<meta property=\"og:image:width\" content=\"2231\" \/>\n\t<meta property=\"og:image:height\" content=\"1364\" \/>\n\t<meta property=\"og:image:type\" content=\"image\/jpeg\" \/>\n<meta name=\"author\" content=\"Marian Morosan\" \/>\n<meta name=\"twitter:card\" content=\"summary_large_image\" \/>\n<meta name=\"twitter:label1\" content=\"Scris de\" \/>\n\t<meta name=\"twitter:data1\" content=\"Marian Morosan\" \/>\n\t<meta name=\"twitter:label2\" content=\"Timp estimat pentru citire\" \/>\n\t<meta name=\"twitter:data2\" content=\"2 minute\" \/>\n<script type=\"application\/ld+json\" class=\"yoast-schema-graph\">{\"@context\":\"https:\\\/\\\/schema.org\",\"@graph\":[{\"@type\":\"Article\",\"@id\":\"https:\\\/\\\/curierulsatelor.ro\\\/wp\\\/2020\\\/02\\\/19\\\/gireada-da-cu-mucii-candidaturii-in-borsul-pnl-ameninta-ca-daca-nu-e-primul-pe-lista-baga-batoza-in-pnl\\\/#article\",\"isPartOf\":{\"@id\":\"https:\\\/\\\/curierulsatelor.ro\\\/wp\\\/2020\\\/02\\\/19\\\/gireada-da-cu-mucii-candidaturii-in-borsul-pnl-ameninta-ca-daca-nu-e-primul-pe-lista-baga-batoza-in-pnl\\\/\"},\"author\":{\"name\":\"Marian Morosan\",\"@id\":\"https:\\\/\\\/curierulsatelor.ro\\\/wp\\\/#\\\/schema\\\/person\\\/6f6b28a030e15d619a82894773d6e7b9\"},\"headline\":\"Giread\u0103 d\u0103 cu mucii candidaturii \u00een bor\u0219ul PNL. Amenin\u021b\u0103 c\u0103 dac\u0103 nu e primul pe list\u0103 bag\u0103 batoza \u00een PNL\",\"datePublished\":\"2020-02-19T06:22:42+00:00\",\"dateModified\":\"2020-02-19T06:22:47+00:00\",\"mainEntityOfPage\":{\"@id\":\"https:\\\/\\\/curierulsatelor.ro\\\/wp\\\/2020\\\/02\\\/19\\\/gireada-da-cu-mucii-candidaturii-in-borsul-pnl-ameninta-ca-daca-nu-e-primul-pe-lista-baga-batoza-in-pnl\\\/\"},\"wordCount\":393,\"commentCount\":0,\"publisher\":{\"@id\":\"https:\\\/\\\/curierulsatelor.ro\\\/wp\\\/#organization\"},\"image\":{\"@id\":\"https:\\\/\\\/curierulsatelor.ro\\\/wp\\\/2020\\\/02\\\/19\\\/gireada-da-cu-mucii-candidaturii-in-borsul-pnl-ameninta-ca-daca-nu-e-primul-pe-lista-baga-batoza-in-pnl\\\/#primaryimage\"},\"thumbnailUrl\":\"https:\\\/\\\/curierulsatelor.ro\\\/wp\\\/wp-content\\\/uploads\\\/2020\\\/02\\\/Verginel-Gireada-ameninta-PNL.jpg\",\"articleSection\":[\"Boto\u0219ani\",\"Lumea satelor\",\"Politica\"],\"inLanguage\":\"ro-RO\",\"potentialAction\":[{\"@type\":\"CommentAction\",\"name\":\"Comment\",\"target\":[\"https:\\\/\\\/curierulsatelor.ro\\\/wp\\\/2020\\\/02\\\/19\\\/gireada-da-cu-mucii-candidaturii-in-borsul-pnl-ameninta-ca-daca-nu-e-primul-pe-lista-baga-batoza-in-pnl\\\/#respond\"]}]},{\"@type\":\"WebPage\",\"@id\":\"https:\\\/\\\/curierulsatelor.ro\\\/wp\\\/2020\\\/02\\\/19\\\/gireada-da-cu-mucii-candidaturii-in-borsul-pnl-ameninta-ca-daca-nu-e-primul-pe-lista-baga-batoza-in-pnl\\\/\",\"url\":\"https:\\\/\\\/curierulsatelor.ro\\\/wp\\\/2020\\\/02\\\/19\\\/gireada-da-cu-mucii-candidaturii-in-borsul-pnl-ameninta-ca-daca-nu-e-primul-pe-lista-baga-batoza-in-pnl\\\/\",\"name\":\"Giread\u0103 d\u0103 cu mucii candidaturii \u00een bor\u0219ul PNL. Amenin\u021b\u0103 c\u0103 dac\u0103 nu e primul pe list\u0103 bag\u0103 batoza \u00een PNL - Curierul Regional\",\"isPartOf\":{\"@id\":\"https:\\\/\\\/curierulsatelor.ro\\\/wp\\\/#website\"},\"primaryImageOfPage\":{\"@id\":\"https:\\\/\\\/curierulsatelor.ro\\\/wp\\\/2020\\\/02\\\/19\\\/gireada-da-cu-mucii-candidaturii-in-borsul-pnl-ameninta-ca-daca-nu-e-primul-pe-lista-baga-batoza-in-pnl\\\/#primaryimage\"},\"image\":{\"@id\":\"https:\\\/\\\/curierulsatelor.ro\\\/wp\\\/2020\\\/02\\\/19\\\/gireada-da-cu-mucii-candidaturii-in-borsul-pnl-ameninta-ca-daca-nu-e-primul-pe-lista-baga-batoza-in-pnl\\\/#primaryimage\"},\"thumbnailUrl\":\"https:\\\/\\\/curierulsatelor.ro\\\/wp\\\/wp-content\\\/uploads\\\/2020\\\/02\\\/Verginel-Gireada-ameninta-PNL.jpg\",\"datePublished\":\"2020-02-19T06:22:42+00:00\",\"dateModified\":\"2020-02-19T06:22:47+00:00\",\"breadcrumb\":{\"@id\":\"https:\\\/\\\/curierulsatelor.ro\\\/wp\\\/2020\\\/02\\\/19\\\/gireada-da-cu-mucii-candidaturii-in-borsul-pnl-ameninta-ca-daca-nu-e-primul-pe-lista-baga-batoza-in-pnl\\\/#breadcrumb\"},\"inLanguage\":\"ro-RO\",\"potentialAction\":[{\"@type\":\"ReadAction\",\"target\":[\"https:\\\/\\\/curierulsatelor.ro\\\/wp\\\/2020\\\/02\\\/19\\\/gireada-da-cu-mucii-candidaturii-in-borsul-pnl-ameninta-ca-daca-nu-e-primul-pe-lista-baga-batoza-in-pnl\\\/\"]}]},{\"@type\":\"ImageObject\",\"inLanguage\":\"ro-RO\",\"@id\":\"https:\\\/\\\/curierulsatelor.ro\\\/wp\\\/2020\\\/02\\\/19\\\/gireada-da-cu-mucii-candidaturii-in-borsul-pnl-ameninta-ca-daca-nu-e-primul-pe-lista-baga-batoza-in-pnl\\\/#primaryimage\",\"url\":\"https:\\\/\\\/curierulsatelor.ro\\\/wp\\\/wp-content\\\/uploads\\\/2020\\\/02\\\/Verginel-Gireada-ameninta-PNL.jpg\",\"contentUrl\":\"https:\\\/\\\/curierulsatelor.ro\\\/wp\\\/wp-content\\\/uploads\\\/2020\\\/02\\\/Verginel-Gireada-ameninta-PNL.jpg\",\"width\":2231,\"height\":1364},{\"@type\":\"BreadcrumbList\",\"@id\":\"https:\\\/\\\/curierulsatelor.ro\\\/wp\\\/2020\\\/02\\\/19\\\/gireada-da-cu-mucii-candidaturii-in-borsul-pnl-ameninta-ca-daca-nu-e-primul-pe-lista-baga-batoza-in-pnl\\\/#breadcrumb\",\"itemListElement\":[{\"@type\":\"ListItem\",\"position\":1,\"name\":\"Prima pagin\u0103\",\"item\":\"https:\\\/\\\/curierulsatelor.ro\\\/wp\\\/\"},{\"@type\":\"ListItem\",\"position\":2,\"name\":\"Giread\u0103 d\u0103 cu mucii candidaturii \u00een bor\u0219ul PNL. Amenin\u021b\u0103 c\u0103 dac\u0103 nu e primul pe list\u0103 bag\u0103 batoza \u00een PNL\"}]},{\"@type\":\"WebSite\",\"@id\":\"https:\\\/\\\/curierulsatelor.ro\\\/wp\\\/#website\",\"url\":\"https:\\\/\\\/curierulsatelor.ro\\\/wp\\\/\",\"name\":\"Curierul Regional\",\"description\":\"\",\"publisher\":{\"@id\":\"https:\\\/\\\/curierulsatelor.ro\\\/wp\\\/#organization\"},\"potentialAction\":[{\"@type\":\"SearchAction\",\"target\":{\"@type\":\"EntryPoint\",\"urlTemplate\":\"https:\\\/\\\/curierulsatelor.ro\\\/wp\\\/?s={search_term_string}\"},\"query-input\":{\"@type\":\"PropertyValueSpecification\",\"valueRequired\":true,\"valueName\":\"search_term_string\"}}],\"inLanguage\":\"ro-RO\"},{\"@type\":\"Organization\",\"@id\":\"https:\\\/\\\/curierulsatelor.ro\\\/wp\\\/#organization\",\"name\":\"Curierul Regional\",\"url\":\"https:\\\/\\\/curierulsatelor.ro\\\/wp\\\/\",\"logo\":{\"@type\":\"ImageObject\",\"inLanguage\":\"ro-RO\",\"@id\":\"https:\\\/\\\/curierulsatelor.ro\\\/wp\\\/#\\\/schema\\\/logo\\\/image\\\/\",\"url\":\"https:\\\/\\\/curierulsatelor.ro\\\/wp\\\/wp-content\\\/uploads\\\/2020\\\/01\\\/Curierul-Regional-si-Curierul-satelor-logo-header.png\",\"contentUrl\":\"https:\\\/\\\/curierulsatelor.ro\\\/wp\\\/wp-content\\\/uploads\\\/2020\\\/01\\\/Curierul-Regional-si-Curierul-satelor-logo-header.png\",\"width\":2943,\"height\":685,\"caption\":\"Curierul Regional\"},\"image\":{\"@id\":\"https:\\\/\\\/curierulsatelor.ro\\\/wp\\\/#\\\/schema\\\/logo\\\/image\\\/\"}},{\"@type\":\"Person\",\"@id\":\"https:\\\/\\\/curierulsatelor.ro\\\/wp\\\/#\\\/schema\\\/person\\\/6f6b28a030e15d619a82894773d6e7b9\",\"name\":\"Marian Morosan\",\"image\":{\"@type\":\"ImageObject\",\"inLanguage\":\"ro-RO\",\"@id\":\"https:\\\/\\\/secure.gravatar.com\\\/avatar\\\/2e833cc9ab99e6bca46266d4ad9030d308346ff7ff0b6b955c29b74cafaf064b?s=96&d=mm&r=g\",\"url\":\"https:\\\/\\\/secure.gravatar.com\\\/avatar\\\/2e833cc9ab99e6bca46266d4ad9030d308346ff7ff0b6b955c29b74cafaf064b?s=96&d=mm&r=g\",\"contentUrl\":\"https:\\\/\\\/secure.gravatar.com\\\/avatar\\\/2e833cc9ab99e6bca46266d4ad9030d308346ff7ff0b6b955c29b74cafaf064b?s=96&d=mm&r=g\",\"caption\":\"Marian Morosan\"},\"description\":\"Copiilor no\u015ftri li se preg\u0103te\u015fte, incon\u015ftient, o lume de joben ciuruit, din care niciodat\u0103 nu iese iepura\u015ful. Doar panglicile politicilor sociale roase de moliile cu \u015ftaif din ultimele decenii. Suntem oropsi\u0163i, suntem dispera\u0163i, manipula\u0163i p\u00e2n\u0103 acolo \u00eenc\u00e2t ne bucur\u0103m s\u0103 fim masa de manevr\u0103 a unora \u015fi s\u0103 sus\u0163inem c\u0103 a\u015fa e normal. Acum \u00eel \u00een\u0163eleg pe Cioran, dar \u00eel \u00een\u0163eleg mai bine \u015fi pe Preda. \u015ei m\u0103 g\u00e2ndesc iar, cu groaz\u0103, la copilul meu. Cel pu\u0163in eu nu \u00eemi doresc s\u0103 \u015ftiu c\u0103 micu\u0163ul meu va fi singur, cu sufletul descul\u0163, prin jungla mileniului III ! https:\\\/\\\/curierulsatelor.ro\\\/wp\\\/2019\\\/10\\\/16\\\/cu-sufletul-descult-prin-jungla-mileniului-iii-editorial\\\/\",\"sameAs\":[\"http:\\\/\\\/admin\"],\"url\":\"https:\\\/\\\/curierulsatelor.ro\\\/wp\\\/author\\\/admin\\\/\"}]}<\/script>\n<!-- \/ Yoast SEO plugin. -->","yoast_head_json":{"title":"Giread\u0103 d\u0103 cu mucii candidaturii \u00een bor\u0219ul PNL. Amenin\u021b\u0103 c\u0103 dac\u0103 nu e primul pe list\u0103 bag\u0103 batoza \u00een PNL - Curierul Regional","robots":{"index":"index","follow":"follow","max-snippet":"max-snippet:-1","max-image-preview":"max-image-preview:large","max-video-preview":"max-video-preview:-1"},"canonical":"https:\/\/curierulsatelor.ro\/wp\/2020\/02\/19\/gireada-da-cu-mucii-candidaturii-in-borsul-pnl-ameninta-ca-daca-nu-e-primul-pe-lista-baga-batoza-in-pnl\/","og_locale":"ro_RO","og_type":"article","og_title":"Giread\u0103 d\u0103 cu mucii candidaturii \u00een bor\u0219ul PNL. Amenin\u021b\u0103 c\u0103 dac\u0103 nu e primul pe list\u0103 bag\u0103 batoza \u00een PNL - Curierul Regional","og_description":"Verginel Giread\u0103, fost primar la Mihai Eminescu, fost parlamentar, actualmente so\u021b de prim\u0103ri\u021b\u0103, \u0219i-a umflat...","og_url":"https:\/\/curierulsatelor.ro\/wp\/2020\/02\/19\/gireada-da-cu-mucii-candidaturii-in-borsul-pnl-ameninta-ca-daca-nu-e-primul-pe-lista-baga-batoza-in-pnl\/","og_site_name":"Curierul Regional","article_published_time":"2020-02-19T06:22:42+00:00","article_modified_time":"2020-02-19T06:22:47+00:00","og_image":[{"width":2231,"height":1364,"url":"https:\/\/curierulsatelor.ro\/wp\/wp-content\/uploads\/2020\/02\/Verginel-Gireada-ameninta-PNL.jpg","type":"image\/jpeg"}],"author":"Marian Morosan","twitter_card":"summary_large_image","twitter_misc":{"Scris de":"Marian Morosan","Timp estimat pentru citire":"2 minute"},"schema":{"@context":"https:\/\/schema.org","@graph":[{"@type":"Article","@id":"https:\/\/curierulsatelor.ro\/wp\/2020\/02\/19\/gireada-da-cu-mucii-candidaturii-in-borsul-pnl-ameninta-ca-daca-nu-e-primul-pe-lista-baga-batoza-in-pnl\/#article","isPartOf":{"@id":"https:\/\/curierulsatelor.ro\/wp\/2020\/02\/19\/gireada-da-cu-mucii-candidaturii-in-borsul-pnl-ameninta-ca-daca-nu-e-primul-pe-lista-baga-batoza-in-pnl\/"},"author":{"name":"Marian Morosan","@id":"https:\/\/curierulsatelor.ro\/wp\/#\/schema\/person\/6f6b28a030e15d619a82894773d6e7b9"},"headline":"Giread\u0103 d\u0103 cu mucii candidaturii \u00een bor\u0219ul PNL. Amenin\u021b\u0103 c\u0103 dac\u0103 nu e primul pe list\u0103 bag\u0103 batoza \u00een PNL","datePublished":"2020-02-19T06:22:42+00:00","dateModified":"2020-02-19T06:22:47+00:00","mainEntityOfPage":{"@id":"https:\/\/curierulsatelor.ro\/wp\/2020\/02\/19\/gireada-da-cu-mucii-candidaturii-in-borsul-pnl-ameninta-ca-daca-nu-e-primul-pe-lista-baga-batoza-in-pnl\/"},"wordCount":393,"commentCount":0,"publisher":{"@id":"https:\/\/curierulsatelor.ro\/wp\/#organization"},"image":{"@id":"https:\/\/curierulsatelor.ro\/wp\/2020\/02\/19\/gireada-da-cu-mucii-candidaturii-in-borsul-pnl-ameninta-ca-daca-nu-e-primul-pe-lista-baga-batoza-in-pnl\/#primaryimage"},"thumbnailUrl":"https:\/\/curierulsatelor.ro\/wp\/wp-content\/uploads\/2020\/02\/Verginel-Gireada-ameninta-PNL.jpg","articleSection":["Boto\u0219ani","Lumea satelor","Politica"],"inLanguage":"ro-RO","potentialAction":[{"@type":"CommentAction","name":"Comment","target":["https:\/\/curierulsatelor.ro\/wp\/2020\/02\/19\/gireada-da-cu-mucii-candidaturii-in-borsul-pnl-ameninta-ca-daca-nu-e-primul-pe-lista-baga-batoza-in-pnl\/#respond"]}]},{"@type":"WebPage","@id":"https:\/\/curierulsatelor.ro\/wp\/2020\/02\/19\/gireada-da-cu-mucii-candidaturii-in-borsul-pnl-ameninta-ca-daca-nu-e-primul-pe-lista-baga-batoza-in-pnl\/","url":"https:\/\/curierulsatelor.ro\/wp\/2020\/02\/19\/gireada-da-cu-mucii-candidaturii-in-borsul-pnl-ameninta-ca-daca-nu-e-primul-pe-lista-baga-batoza-in-pnl\/","name":"Giread\u0103 d\u0103 cu mucii candidaturii \u00een bor\u0219ul PNL. Amenin\u021b\u0103 c\u0103 dac\u0103 nu e primul pe list\u0103 bag\u0103 batoza \u00een PNL - Curierul Regional","isPartOf":{"@id":"https:\/\/curierulsatelor.ro\/wp\/#website"},"primaryImageOfPage":{"@id":"https:\/\/curierulsatelor.ro\/wp\/2020\/02\/19\/gireada-da-cu-mucii-candidaturii-in-borsul-pnl-ameninta-ca-daca-nu-e-primul-pe-lista-baga-batoza-in-pnl\/#primaryimage"},"image":{"@id":"https:\/\/curierulsatelor.ro\/wp\/2020\/02\/19\/gireada-da-cu-mucii-candidaturii-in-borsul-pnl-ameninta-ca-daca-nu-e-primul-pe-lista-baga-batoza-in-pnl\/#primaryimage"},"thumbnailUrl":"https:\/\/curierulsatelor.ro\/wp\/wp-content\/uploads\/2020\/02\/Verginel-Gireada-ameninta-PNL.jpg","datePublished":"2020-02-19T06:22:42+00:00","dateModified":"2020-02-19T06:22:47+00:00","breadcrumb":{"@id":"https:\/\/curierulsatelor.ro\/wp\/2020\/02\/19\/gireada-da-cu-mucii-candidaturii-in-borsul-pnl-ameninta-ca-daca-nu-e-primul-pe-lista-baga-batoza-in-pnl\/#breadcrumb"},"inLanguage":"ro-RO","potentialAction":[{"@type":"ReadAction","target":["https:\/\/curierulsatelor.ro\/wp\/2020\/02\/19\/gireada-da-cu-mucii-candidaturii-in-borsul-pnl-ameninta-ca-daca-nu-e-primul-pe-lista-baga-batoza-in-pnl\/"]}]},{"@type":"ImageObject","inLanguage":"ro-RO","@id":"https:\/\/curierulsatelor.ro\/wp\/2020\/02\/19\/gireada-da-cu-mucii-candidaturii-in-borsul-pnl-ameninta-ca-daca-nu-e-primul-pe-lista-baga-batoza-in-pnl\/#primaryimage","url":"https:\/\/curierulsatelor.ro\/wp\/wp-content\/uploads\/2020\/02\/Verginel-Gireada-ameninta-PNL.jpg","contentUrl":"https:\/\/curierulsatelor.ro\/wp\/wp-content\/uploads\/2020\/02\/Verginel-Gireada-ameninta-PNL.jpg","width":2231,"height":1364},{"@type":"BreadcrumbList","@id":"https:\/\/curierulsatelor.ro\/wp\/2020\/02\/19\/gireada-da-cu-mucii-candidaturii-in-borsul-pnl-ameninta-ca-daca-nu-e-primul-pe-lista-baga-batoza-in-pnl\/#breadcrumb","itemListElement":[{"@type":"ListItem","position":1,"name":"Prima pagin\u0103","item":"https:\/\/curierulsatelor.ro\/wp\/"},{"@type":"ListItem","position":2,"name":"Giread\u0103 d\u0103 cu mucii candidaturii \u00een bor\u0219ul PNL. Amenin\u021b\u0103 c\u0103 dac\u0103 nu e primul pe list\u0103 bag\u0103 batoza \u00een PNL"}]},{"@type":"WebSite","@id":"https:\/\/curierulsatelor.ro\/wp\/#website","url":"https:\/\/curierulsatelor.ro\/wp\/","name":"Curierul Regional","description":"","publisher":{"@id":"https:\/\/curierulsatelor.ro\/wp\/#organization"},"potentialAction":[{"@type":"SearchAction","target":{"@type":"EntryPoint","urlTemplate":"https:\/\/curierulsatelor.ro\/wp\/?s={search_term_string}"},"query-input":{"@type":"PropertyValueSpecification","valueRequired":true,"valueName":"search_term_string"}}],"inLanguage":"ro-RO"},{"@type":"Organization","@id":"https:\/\/curierulsatelor.ro\/wp\/#organization","name":"Curierul Regional","url":"https:\/\/curierulsatelor.ro\/wp\/","logo":{"@type":"ImageObject","inLanguage":"ro-RO","@id":"https:\/\/curierulsatelor.ro\/wp\/#\/schema\/logo\/image\/","url":"https:\/\/curierulsatelor.ro\/wp\/wp-content\/uploads\/2020\/01\/Curierul-Regional-si-Curierul-satelor-logo-header.png","contentUrl":"https:\/\/curierulsatelor.ro\/wp\/wp-content\/uploads\/2020\/01\/Curierul-Regional-si-Curierul-satelor-logo-header.png","width":2943,"height":685,"caption":"Curierul Regional"},"image":{"@id":"https:\/\/curierulsatelor.ro\/wp\/#\/schema\/logo\/image\/"}},{"@type":"Person","@id":"https:\/\/curierulsatelor.ro\/wp\/#\/schema\/person\/6f6b28a030e15d619a82894773d6e7b9","name":"Marian Morosan","image":{"@type":"ImageObject","inLanguage":"ro-RO","@id":"https:\/\/secure.gravatar.com\/avatar\/2e833cc9ab99e6bca46266d4ad9030d308346ff7ff0b6b955c29b74cafaf064b?s=96&d=mm&r=g","url":"https:\/\/secure.gravatar.com\/avatar\/2e833cc9ab99e6bca46266d4ad9030d308346ff7ff0b6b955c29b74cafaf064b?s=96&d=mm&r=g","contentUrl":"https:\/\/secure.gravatar.com\/avatar\/2e833cc9ab99e6bca46266d4ad9030d308346ff7ff0b6b955c29b74cafaf064b?s=96&d=mm&r=g","caption":"Marian Morosan"},"description":"Copiilor no\u015ftri li se preg\u0103te\u015fte, incon\u015ftient, o lume de joben ciuruit, din care niciodat\u0103 nu iese iepura\u015ful. Doar panglicile politicilor sociale roase de moliile cu \u015ftaif din ultimele decenii. Suntem oropsi\u0163i, suntem dispera\u0163i, manipula\u0163i p\u00e2n\u0103 acolo \u00eenc\u00e2t ne bucur\u0103m s\u0103 fim masa de manevr\u0103 a unora \u015fi s\u0103 sus\u0163inem c\u0103 a\u015fa e normal. Acum \u00eel \u00een\u0163eleg pe Cioran, dar \u00eel \u00een\u0163eleg mai bine \u015fi pe Preda. \u015ei m\u0103 g\u00e2ndesc iar, cu groaz\u0103, la copilul meu. Cel pu\u0163in eu nu \u00eemi doresc s\u0103 \u015ftiu c\u0103 micu\u0163ul meu va fi singur, cu sufletul descul\u0163, prin jungla mileniului III ! https:\/\/curierulsatelor.ro\/wp\/2019\/10\/16\/cu-sufletul-descult-prin-jungla-mileniului-iii-editorial\/","sameAs":["http:\/\/admin"],"url":"https:\/\/curierulsatelor.ro\/wp\/author\/admin\/"}]}},"_links":{"self":[{"href":"https:\/\/curierulsatelor.ro\/wp\/wp-json\/wp\/v2\/posts\/1497","targetHints":{"allow":["GET"]}}],"collection":[{"href":"https:\/\/curierulsatelor.ro\/wp\/wp-json\/wp\/v2\/posts"}],"about":[{"href":"https:\/\/curierulsatelor.ro\/wp\/wp-json\/wp\/v2\/types\/post"}],"author":[{"embeddable":true,"href":"https:\/\/curierulsatelor.ro\/wp\/wp-json\/wp\/v2\/users\/1"}],"replies":[{"embeddable":true,"href":"https:\/\/curierulsatelor.ro\/wp\/wp-json\/wp\/v2\/comments?post=1497"}],"version-history":[{"count":1,"href":"https:\/\/curierulsatelor.ro\/wp\/wp-json\/wp\/v2\/posts\/1497\/revisions"}],"predecessor-version":[{"id":1499,"href":"https:\/\/curierulsatelor.ro\/wp\/wp-json\/wp\/v2\/posts\/1497\/revisions\/1499"}],"wp:featuredmedia":[{"embeddable":true,"href":"https:\/\/curierulsatelor.ro\/wp\/wp-json\/wp\/v2\/media\/1498"}],"wp:attachment":[{"href":"https:\/\/curierulsatelor.ro\/wp\/wp-json\/wp\/v2\/media?parent=1497"}],"wp:term":[{"taxonomy":"category","embeddable":true,"href":"https:\/\/curierulsatelor.ro\/wp\/wp-json\/wp\/v2\/categories?post=1497"},{"taxonomy":"post_tag","embeddable":true,"href":"https:\/\/curierulsatelor.ro\/wp\/wp-json\/wp\/v2\/tags?post=1497"}],"curies":[{"name":"wp","href":"https:\/\/api.w.org\/{rel}","templated":true}]}}