{"id":14997,"date":"2025-01-18T08:53:33","date_gmt":"2025-01-18T06:53:33","guid":{"rendered":"https:\/\/curierulsatelor.ro\/wp\/?p=14997"},"modified":"2025-01-18T08:53:33","modified_gmt":"2025-01-18T06:53:33","slug":"senatorul-catalin-silegeanu-cheama-la-actiune-protestul-de-maine-din-piata-revolutiei-este-crucial-pentru-viitorul-nostru","status":"publish","type":"post","link":"https:\/\/curierulsatelor.ro\/wp\/2025\/01\/18\/senatorul-catalin-silegeanu-cheama-la-actiune-protestul-de-maine-din-piata-revolutiei-este-crucial-pentru-viitorul-nostru\/","title":{"rendered":"Senatorul C\u0103t\u0103lin Silegeanu cheam\u0103 la ac\u021biune: \u201eProtestul de m\u00e2ine din Pia\u021ba Revolu\u021biei este crucial pentru viitorul nostru!\u201d"},"content":{"rendered":"\n<p>Senatorul C\u0103t\u0103lin Silegeanu a explicat  motivele care l-au determinat s\u0103 organizeze protestul din 18 ianuarie, care va avea loc \u00een Pia\u021ba Revolu\u021biei din Boto\u0219ani. Silegeanu a subliniat importan\u021ba particip\u0103rii active a cet\u0103\u021benilor, declar\u00e2nd c\u0103 acum este momentul s\u0103 se fac\u0103 auzi\u021bi \u0219i s\u0103 lupte pentru viitorul democra\u021biei din Rom\u00e2nia. <\/p>\n\n\n\n<p><strong>Motivul protestului <\/strong><\/p>\n\n\n\n<figure class=\"wp-block-image alignright size-large is-resized\"><img fetchpriority=\"high\" decoding=\"async\" width=\"581\" height=\"1024\" src=\"https:\/\/curierulsatelor.ro\/wp\/wp-content\/uploads\/2025\/01\/473826089_590472950631841_130253871189752218_n-581x1024.jpg\" alt=\"\" class=\"wp-image-14998\" style=\"width:374px;height:auto\" srcset=\"https:\/\/curierulsatelor.ro\/wp\/wp-content\/uploads\/2025\/01\/473826089_590472950631841_130253871189752218_n-581x1024.jpg 581w, https:\/\/curierulsatelor.ro\/wp\/wp-content\/uploads\/2025\/01\/473826089_590472950631841_130253871189752218_n-170x300.jpg 170w, https:\/\/curierulsatelor.ro\/wp\/wp-content\/uploads\/2025\/01\/473826089_590472950631841_130253871189752218_n-768x1355.jpg 768w, https:\/\/curierulsatelor.ro\/wp\/wp-content\/uploads\/2025\/01\/473826089_590472950631841_130253871189752218_n-871x1536.jpg 871w, https:\/\/curierulsatelor.ro\/wp\/wp-content\/uploads\/2025\/01\/473826089_590472950631841_130253871189752218_n-1024x1806.jpg 1024w, https:\/\/curierulsatelor.ro\/wp\/wp-content\/uploads\/2025\/01\/473826089_590472950631841_130253871189752218_n.jpg 1135w\" sizes=\"(max-width: 581px) 100vw, 581px\" \/><\/figure>\n\n\n\n<p>\u201eProtest\u0103m pentru a pune cap\u0103t regimului dictatorial impus de Iohannis \u0219i pentru a ne revendica dreptul de a alege pe cine vrem noi, nu pe cine vor ei!\u201d, a afirmat senatorul, punct\u00e2nd c\u0103 anularea alegerilor a fost o manevr\u0103 ru\u0219inoas\u0103 menit\u0103 s\u0103 men\u021bin\u0103 puterea \u00een m\u00e2inile unui pre\u0219edinte ilegitim \u0219i ale complicilor s\u0103i. Cine ne reprezint\u0103 cu adev\u0103rat? Silegeanu a f\u0103cut un apel la rom\u00e2nii care nu se tem s\u0103 vorbeasc\u0103 \u0219i s\u0103 lupte pentru drepturile lor, subliniind c\u0103 ei sunt adev\u0103ra\u021bii reprezentan\u021bi ai voin\u021bei populare, nu cei care au tr\u0103dat interesele cet\u0103\u021benilor. <\/p>\n\n\n\n<p><strong>Critici dure la adresa guvernului \u0219i a pre\u0219edintelui<\/strong> <\/p>\n\n\n\n<p>Senatorul a criticat dur m\u0103surile de austeritate impuse de guvernul Ciolacu, consider\u00e2ndu-le o b\u0103taie de joc la adresa rom\u00e2nilor. De asemenea, el a reiterat c\u0103 pre\u0219edintele Klaus Iohannis este ilegitim, acuz\u00e2ndu-l c\u0103 a ac\u021bionat \u00eempotriva voin\u021bei poporului \u0219i c\u0103 \u0219i-a prelungit abuziv mandatul. <\/p>\n\n\n\n<p><strong>Importan\u021ba protestului <\/strong><\/p>\n\n\n\n<p>C\u0103t\u0103lin Silegeanu a subliniat c\u0103 protestul de m\u00e2ine este un semnal de alarm\u0103 c\u0103 rom\u00e2nii nu vor accepta s\u0103 fie ignora\u021bi. \u201eEste o declara\u021bie ferm\u0103 a rom\u00e2nilor \u00eempotriva tiraniei!\u201d, a spus el, ad\u0103ug\u00e2nd c\u0103 protestele sunt singura cale de a restabili democra\u021bia \u00een \u021bar\u0103. <\/p>\n\n\n\n<p><strong>Apel la unitate<\/strong> <\/p>\n\n\n\n<p>Senatorul a f\u0103cut un apel la unitate, \u00eendemn\u00e2nd cet\u0103\u021benii s\u0103 ias\u0103 \u00een num\u0103r mare la protest pentru a demonstra c\u0103 sunt gata s\u0103 lupte pentru drepturile lor. \u201eF\u0103r\u0103 ac\u021biune, democra\u021bia moare, iar noi nu putem accepta asta!\u201d, a avertizat el. <\/p>\n\n\n\n<p><strong>Mesajul final <\/strong><\/p>\n\n\n\n<p>\u00cen \u00eencheiere, C\u0103t\u0103lin Silegeanu a declarat: \u201ePre\u0219edintele ilegitim, care \u00ee\u0219i prelunge\u0219te abuziv \u0219ederea \u00een func\u021bie, de\u0219i nu exist\u0103 o stare de r\u0103zboi care s\u0103 justifice acest lucru, ar putea s\u0103 se retrag\u0103 la una dintre numeroasele propriet\u0103\u021bi pe care le de\u021bine.\u201d Pe 18 ianuarie, boto\u0219\u0103nenii sunt a\u0219tepta\u021bi \u00een Pia\u021ba Revolu\u021biei pentru a-\u0219i revendica drepturile \u0219i a lupta pentru o Rom\u00e2nie demn\u0103 \u0219i liber\u0103.<\/p>\n","protected":false},"excerpt":{"rendered":"<p>Senatorul C\u0103t\u0103lin Silegeanu a explicat motivele care l-au determinat s\u0103 organizeze protestul din 18 ianuarie,&#8230;<\/p>\n","protected":false},"author":1,"featured_media":14999,"comment_status":"open","ping_status":"open","sticky":false,"template":"","format":"standard","meta":{"footnotes":""},"categories":[27,8,6],"tags":[],"class_list":["post-14997","post","type-post","status-publish","format-standard","has-post-thumbnail","hentry","category-aur-botosani","category-comunicate","category-politica"],"yoast_head":"<!-- This site is optimized with the Yoast SEO plugin v27.4 - https:\/\/yoast.com\/product\/yoast-seo-wordpress\/ -->\n<title>Senatorul C\u0103t\u0103lin Silegeanu cheam\u0103 la ac\u021biune: \u201eProtestul de m\u00e2ine din Pia\u021ba Revolu\u021biei este crucial pentru viitorul nostru!\u201d - Curierul Regional<\/title>\n<meta name=\"robots\" content=\"index, follow, max-snippet:-1, max-image-preview:large, max-video-preview:-1\" \/>\n<link rel=\"canonical\" href=\"https:\/\/curierulsatelor.ro\/wp\/2025\/01\/18\/senatorul-catalin-silegeanu-cheama-la-actiune-protestul-de-maine-din-piata-revolutiei-este-crucial-pentru-viitorul-nostru\/\" \/>\n<meta property=\"og:locale\" content=\"ro_RO\" \/>\n<meta property=\"og:type\" content=\"article\" \/>\n<meta property=\"og:title\" content=\"Senatorul C\u0103t\u0103lin Silegeanu cheam\u0103 la ac\u021biune: \u201eProtestul de m\u00e2ine din Pia\u021ba Revolu\u021biei este crucial pentru viitorul nostru!\u201d - Curierul Regional\" \/>\n<meta property=\"og:description\" content=\"Senatorul C\u0103t\u0103lin Silegeanu a explicat motivele care l-au determinat s\u0103 organizeze protestul din 18 ianuarie,...\" \/>\n<meta property=\"og:url\" content=\"https:\/\/curierulsatelor.ro\/wp\/2025\/01\/18\/senatorul-catalin-silegeanu-cheama-la-actiune-protestul-de-maine-din-piata-revolutiei-este-crucial-pentru-viitorul-nostru\/\" \/>\n<meta property=\"og:site_name\" content=\"Curierul Regional\" \/>\n<meta property=\"article:published_time\" content=\"2025-01-18T06:53:33+00:00\" \/>\n<meta property=\"og:image\" content=\"https:\/\/curierulsatelor.ro\/wp\/wp-content\/uploads\/2025\/01\/472249965_640148255017215_7683376633880905248_n.jpg\" \/>\n\t<meta property=\"og:image:width\" content=\"1600\" \/>\n\t<meta property=\"og:image:height\" content=\"702\" \/>\n\t<meta property=\"og:image:type\" content=\"image\/jpeg\" \/>\n<meta name=\"author\" content=\"Marian Morosan\" \/>\n<meta name=\"twitter:card\" content=\"summary_large_image\" \/>\n<meta name=\"twitter:label1\" content=\"Scris de\" \/>\n\t<meta name=\"twitter:data1\" content=\"Marian Morosan\" \/>\n\t<meta name=\"twitter:label2\" content=\"Timp estimat pentru citire\" \/>\n\t<meta name=\"twitter:data2\" content=\"3 minute\" \/>\n<script type=\"application\/ld+json\" class=\"yoast-schema-graph\">{\"@context\":\"https:\\\/\\\/schema.org\",\"@graph\":[{\"@type\":\"Article\",\"@id\":\"https:\\\/\\\/curierulsatelor.ro\\\/wp\\\/2025\\\/01\\\/18\\\/senatorul-catalin-silegeanu-cheama-la-actiune-protestul-de-maine-din-piata-revolutiei-este-crucial-pentru-viitorul-nostru\\\/#article\",\"isPartOf\":{\"@id\":\"https:\\\/\\\/curierulsatelor.ro\\\/wp\\\/2025\\\/01\\\/18\\\/senatorul-catalin-silegeanu-cheama-la-actiune-protestul-de-maine-din-piata-revolutiei-este-crucial-pentru-viitorul-nostru\\\/\"},\"author\":{\"name\":\"Marian Morosan\",\"@id\":\"https:\\\/\\\/curierulsatelor.ro\\\/wp\\\/#\\\/schema\\\/person\\\/6f6b28a030e15d619a82894773d6e7b9\"},\"headline\":\"Senatorul C\u0103t\u0103lin Silegeanu cheam\u0103 la ac\u021biune: \u201eProtestul de m\u00e2ine din Pia\u021ba Revolu\u021biei este crucial pentru viitorul nostru!\u201d\",\"datePublished\":\"2025-01-18T06:53:33+00:00\",\"mainEntityOfPage\":{\"@id\":\"https:\\\/\\\/curierulsatelor.ro\\\/wp\\\/2025\\\/01\\\/18\\\/senatorul-catalin-silegeanu-cheama-la-actiune-protestul-de-maine-din-piata-revolutiei-este-crucial-pentru-viitorul-nostru\\\/\"},\"wordCount\":442,\"commentCount\":0,\"publisher\":{\"@id\":\"https:\\\/\\\/curierulsatelor.ro\\\/wp\\\/#organization\"},\"image\":{\"@id\":\"https:\\\/\\\/curierulsatelor.ro\\\/wp\\\/2025\\\/01\\\/18\\\/senatorul-catalin-silegeanu-cheama-la-actiune-protestul-de-maine-din-piata-revolutiei-este-crucial-pentru-viitorul-nostru\\\/#primaryimage\"},\"thumbnailUrl\":\"https:\\\/\\\/curierulsatelor.ro\\\/wp\\\/wp-content\\\/uploads\\\/2025\\\/01\\\/472249965_640148255017215_7683376633880905248_n.jpg\",\"articleSection\":[\"AUR Botosani\",\"Comunicate\",\"Politica\"],\"inLanguage\":\"ro-RO\",\"potentialAction\":[{\"@type\":\"CommentAction\",\"name\":\"Comment\",\"target\":[\"https:\\\/\\\/curierulsatelor.ro\\\/wp\\\/2025\\\/01\\\/18\\\/senatorul-catalin-silegeanu-cheama-la-actiune-protestul-de-maine-din-piata-revolutiei-este-crucial-pentru-viitorul-nostru\\\/#respond\"]}]},{\"@type\":\"WebPage\",\"@id\":\"https:\\\/\\\/curierulsatelor.ro\\\/wp\\\/2025\\\/01\\\/18\\\/senatorul-catalin-silegeanu-cheama-la-actiune-protestul-de-maine-din-piata-revolutiei-este-crucial-pentru-viitorul-nostru\\\/\",\"url\":\"https:\\\/\\\/curierulsatelor.ro\\\/wp\\\/2025\\\/01\\\/18\\\/senatorul-catalin-silegeanu-cheama-la-actiune-protestul-de-maine-din-piata-revolutiei-este-crucial-pentru-viitorul-nostru\\\/\",\"name\":\"Senatorul C\u0103t\u0103lin Silegeanu cheam\u0103 la ac\u021biune: \u201eProtestul de m\u00e2ine din Pia\u021ba Revolu\u021biei este crucial pentru viitorul nostru!\u201d - Curierul Regional\",\"isPartOf\":{\"@id\":\"https:\\\/\\\/curierulsatelor.ro\\\/wp\\\/#website\"},\"primaryImageOfPage\":{\"@id\":\"https:\\\/\\\/curierulsatelor.ro\\\/wp\\\/2025\\\/01\\\/18\\\/senatorul-catalin-silegeanu-cheama-la-actiune-protestul-de-maine-din-piata-revolutiei-este-crucial-pentru-viitorul-nostru\\\/#primaryimage\"},\"image\":{\"@id\":\"https:\\\/\\\/curierulsatelor.ro\\\/wp\\\/2025\\\/01\\\/18\\\/senatorul-catalin-silegeanu-cheama-la-actiune-protestul-de-maine-din-piata-revolutiei-este-crucial-pentru-viitorul-nostru\\\/#primaryimage\"},\"thumbnailUrl\":\"https:\\\/\\\/curierulsatelor.ro\\\/wp\\\/wp-content\\\/uploads\\\/2025\\\/01\\\/472249965_640148255017215_7683376633880905248_n.jpg\",\"datePublished\":\"2025-01-18T06:53:33+00:00\",\"breadcrumb\":{\"@id\":\"https:\\\/\\\/curierulsatelor.ro\\\/wp\\\/2025\\\/01\\\/18\\\/senatorul-catalin-silegeanu-cheama-la-actiune-protestul-de-maine-din-piata-revolutiei-este-crucial-pentru-viitorul-nostru\\\/#breadcrumb\"},\"inLanguage\":\"ro-RO\",\"potentialAction\":[{\"@type\":\"ReadAction\",\"target\":[\"https:\\\/\\\/curierulsatelor.ro\\\/wp\\\/2025\\\/01\\\/18\\\/senatorul-catalin-silegeanu-cheama-la-actiune-protestul-de-maine-din-piata-revolutiei-este-crucial-pentru-viitorul-nostru\\\/\"]}]},{\"@type\":\"ImageObject\",\"inLanguage\":\"ro-RO\",\"@id\":\"https:\\\/\\\/curierulsatelor.ro\\\/wp\\\/2025\\\/01\\\/18\\\/senatorul-catalin-silegeanu-cheama-la-actiune-protestul-de-maine-din-piata-revolutiei-este-crucial-pentru-viitorul-nostru\\\/#primaryimage\",\"url\":\"https:\\\/\\\/curierulsatelor.ro\\\/wp\\\/wp-content\\\/uploads\\\/2025\\\/01\\\/472249965_640148255017215_7683376633880905248_n.jpg\",\"contentUrl\":\"https:\\\/\\\/curierulsatelor.ro\\\/wp\\\/wp-content\\\/uploads\\\/2025\\\/01\\\/472249965_640148255017215_7683376633880905248_n.jpg\",\"width\":1600,\"height\":702},{\"@type\":\"BreadcrumbList\",\"@id\":\"https:\\\/\\\/curierulsatelor.ro\\\/wp\\\/2025\\\/01\\\/18\\\/senatorul-catalin-silegeanu-cheama-la-actiune-protestul-de-maine-din-piata-revolutiei-este-crucial-pentru-viitorul-nostru\\\/#breadcrumb\",\"itemListElement\":[{\"@type\":\"ListItem\",\"position\":1,\"name\":\"Prima pagin\u0103\",\"item\":\"https:\\\/\\\/curierulsatelor.ro\\\/wp\\\/\"},{\"@type\":\"ListItem\",\"position\":2,\"name\":\"Senatorul C\u0103t\u0103lin Silegeanu cheam\u0103 la ac\u021biune: \u201eProtestul de m\u00e2ine din Pia\u021ba Revolu\u021biei este crucial pentru viitorul nostru!\u201d\"}]},{\"@type\":\"WebSite\",\"@id\":\"https:\\\/\\\/curierulsatelor.ro\\\/wp\\\/#website\",\"url\":\"https:\\\/\\\/curierulsatelor.ro\\\/wp\\\/\",\"name\":\"Curierul Regional\",\"description\":\"\",\"publisher\":{\"@id\":\"https:\\\/\\\/curierulsatelor.ro\\\/wp\\\/#organization\"},\"potentialAction\":[{\"@type\":\"SearchAction\",\"target\":{\"@type\":\"EntryPoint\",\"urlTemplate\":\"https:\\\/\\\/curierulsatelor.ro\\\/wp\\\/?s={search_term_string}\"},\"query-input\":{\"@type\":\"PropertyValueSpecification\",\"valueRequired\":true,\"valueName\":\"search_term_string\"}}],\"inLanguage\":\"ro-RO\"},{\"@type\":\"Organization\",\"@id\":\"https:\\\/\\\/curierulsatelor.ro\\\/wp\\\/#organization\",\"name\":\"Curierul Regional\",\"url\":\"https:\\\/\\\/curierulsatelor.ro\\\/wp\\\/\",\"logo\":{\"@type\":\"ImageObject\",\"inLanguage\":\"ro-RO\",\"@id\":\"https:\\\/\\\/curierulsatelor.ro\\\/wp\\\/#\\\/schema\\\/logo\\\/image\\\/\",\"url\":\"https:\\\/\\\/curierulsatelor.ro\\\/wp\\\/wp-content\\\/uploads\\\/2020\\\/01\\\/Curierul-Regional-si-Curierul-satelor-logo-header.png\",\"contentUrl\":\"https:\\\/\\\/curierulsatelor.ro\\\/wp\\\/wp-content\\\/uploads\\\/2020\\\/01\\\/Curierul-Regional-si-Curierul-satelor-logo-header.png\",\"width\":2943,\"height\":685,\"caption\":\"Curierul Regional\"},\"image\":{\"@id\":\"https:\\\/\\\/curierulsatelor.ro\\\/wp\\\/#\\\/schema\\\/logo\\\/image\\\/\"}},{\"@type\":\"Person\",\"@id\":\"https:\\\/\\\/curierulsatelor.ro\\\/wp\\\/#\\\/schema\\\/person\\\/6f6b28a030e15d619a82894773d6e7b9\",\"name\":\"Marian Morosan\",\"image\":{\"@type\":\"ImageObject\",\"inLanguage\":\"ro-RO\",\"@id\":\"https:\\\/\\\/secure.gravatar.com\\\/avatar\\\/2e833cc9ab99e6bca46266d4ad9030d308346ff7ff0b6b955c29b74cafaf064b?s=96&d=mm&r=g\",\"url\":\"https:\\\/\\\/secure.gravatar.com\\\/avatar\\\/2e833cc9ab99e6bca46266d4ad9030d308346ff7ff0b6b955c29b74cafaf064b?s=96&d=mm&r=g\",\"contentUrl\":\"https:\\\/\\\/secure.gravatar.com\\\/avatar\\\/2e833cc9ab99e6bca46266d4ad9030d308346ff7ff0b6b955c29b74cafaf064b?s=96&d=mm&r=g\",\"caption\":\"Marian Morosan\"},\"description\":\"Copiilor no\u015ftri li se preg\u0103te\u015fte, incon\u015ftient, o lume de joben ciuruit, din care niciodat\u0103 nu iese iepura\u015ful. Doar panglicile politicilor sociale roase de moliile cu \u015ftaif din ultimele decenii. Suntem oropsi\u0163i, suntem dispera\u0163i, manipula\u0163i p\u00e2n\u0103 acolo \u00eenc\u00e2t ne bucur\u0103m s\u0103 fim masa de manevr\u0103 a unora \u015fi s\u0103 sus\u0163inem c\u0103 a\u015fa e normal. Acum \u00eel \u00een\u0163eleg pe Cioran, dar \u00eel \u00een\u0163eleg mai bine \u015fi pe Preda. \u015ei m\u0103 g\u00e2ndesc iar, cu groaz\u0103, la copilul meu. Cel pu\u0163in eu nu \u00eemi doresc s\u0103 \u015ftiu c\u0103 micu\u0163ul meu va fi singur, cu sufletul descul\u0163, prin jungla mileniului III ! https:\\\/\\\/curierulsatelor.ro\\\/wp\\\/2019\\\/10\\\/16\\\/cu-sufletul-descult-prin-jungla-mileniului-iii-editorial\\\/\",\"sameAs\":[\"http:\\\/\\\/admin\"],\"url\":\"https:\\\/\\\/curierulsatelor.ro\\\/wp\\\/author\\\/admin\\\/\"}]}<\/script>\n<!-- \/ Yoast SEO plugin. -->","yoast_head_json":{"title":"Senatorul C\u0103t\u0103lin Silegeanu cheam\u0103 la ac\u021biune: \u201eProtestul de m\u00e2ine din Pia\u021ba Revolu\u021biei este crucial pentru viitorul nostru!\u201d - Curierul Regional","robots":{"index":"index","follow":"follow","max-snippet":"max-snippet:-1","max-image-preview":"max-image-preview:large","max-video-preview":"max-video-preview:-1"},"canonical":"https:\/\/curierulsatelor.ro\/wp\/2025\/01\/18\/senatorul-catalin-silegeanu-cheama-la-actiune-protestul-de-maine-din-piata-revolutiei-este-crucial-pentru-viitorul-nostru\/","og_locale":"ro_RO","og_type":"article","og_title":"Senatorul C\u0103t\u0103lin Silegeanu cheam\u0103 la ac\u021biune: \u201eProtestul de m\u00e2ine din Pia\u021ba Revolu\u021biei este crucial pentru viitorul nostru!\u201d - Curierul Regional","og_description":"Senatorul C\u0103t\u0103lin Silegeanu a explicat motivele care l-au determinat s\u0103 organizeze protestul din 18 ianuarie,...","og_url":"https:\/\/curierulsatelor.ro\/wp\/2025\/01\/18\/senatorul-catalin-silegeanu-cheama-la-actiune-protestul-de-maine-din-piata-revolutiei-este-crucial-pentru-viitorul-nostru\/","og_site_name":"Curierul Regional","article_published_time":"2025-01-18T06:53:33+00:00","og_image":[{"width":1600,"height":702,"url":"https:\/\/curierulsatelor.ro\/wp\/wp-content\/uploads\/2025\/01\/472249965_640148255017215_7683376633880905248_n.jpg","type":"image\/jpeg"}],"author":"Marian Morosan","twitter_card":"summary_large_image","twitter_misc":{"Scris de":"Marian Morosan","Timp estimat pentru citire":"3 minute"},"schema":{"@context":"https:\/\/schema.org","@graph":[{"@type":"Article","@id":"https:\/\/curierulsatelor.ro\/wp\/2025\/01\/18\/senatorul-catalin-silegeanu-cheama-la-actiune-protestul-de-maine-din-piata-revolutiei-este-crucial-pentru-viitorul-nostru\/#article","isPartOf":{"@id":"https:\/\/curierulsatelor.ro\/wp\/2025\/01\/18\/senatorul-catalin-silegeanu-cheama-la-actiune-protestul-de-maine-din-piata-revolutiei-este-crucial-pentru-viitorul-nostru\/"},"author":{"name":"Marian Morosan","@id":"https:\/\/curierulsatelor.ro\/wp\/#\/schema\/person\/6f6b28a030e15d619a82894773d6e7b9"},"headline":"Senatorul C\u0103t\u0103lin Silegeanu cheam\u0103 la ac\u021biune: \u201eProtestul de m\u00e2ine din Pia\u021ba Revolu\u021biei este crucial pentru viitorul nostru!\u201d","datePublished":"2025-01-18T06:53:33+00:00","mainEntityOfPage":{"@id":"https:\/\/curierulsatelor.ro\/wp\/2025\/01\/18\/senatorul-catalin-silegeanu-cheama-la-actiune-protestul-de-maine-din-piata-revolutiei-este-crucial-pentru-viitorul-nostru\/"},"wordCount":442,"commentCount":0,"publisher":{"@id":"https:\/\/curierulsatelor.ro\/wp\/#organization"},"image":{"@id":"https:\/\/curierulsatelor.ro\/wp\/2025\/01\/18\/senatorul-catalin-silegeanu-cheama-la-actiune-protestul-de-maine-din-piata-revolutiei-este-crucial-pentru-viitorul-nostru\/#primaryimage"},"thumbnailUrl":"https:\/\/curierulsatelor.ro\/wp\/wp-content\/uploads\/2025\/01\/472249965_640148255017215_7683376633880905248_n.jpg","articleSection":["AUR Botosani","Comunicate","Politica"],"inLanguage":"ro-RO","potentialAction":[{"@type":"CommentAction","name":"Comment","target":["https:\/\/curierulsatelor.ro\/wp\/2025\/01\/18\/senatorul-catalin-silegeanu-cheama-la-actiune-protestul-de-maine-din-piata-revolutiei-este-crucial-pentru-viitorul-nostru\/#respond"]}]},{"@type":"WebPage","@id":"https:\/\/curierulsatelor.ro\/wp\/2025\/01\/18\/senatorul-catalin-silegeanu-cheama-la-actiune-protestul-de-maine-din-piata-revolutiei-este-crucial-pentru-viitorul-nostru\/","url":"https:\/\/curierulsatelor.ro\/wp\/2025\/01\/18\/senatorul-catalin-silegeanu-cheama-la-actiune-protestul-de-maine-din-piata-revolutiei-este-crucial-pentru-viitorul-nostru\/","name":"Senatorul C\u0103t\u0103lin Silegeanu cheam\u0103 la ac\u021biune: \u201eProtestul de m\u00e2ine din Pia\u021ba Revolu\u021biei este crucial pentru viitorul nostru!\u201d - Curierul Regional","isPartOf":{"@id":"https:\/\/curierulsatelor.ro\/wp\/#website"},"primaryImageOfPage":{"@id":"https:\/\/curierulsatelor.ro\/wp\/2025\/01\/18\/senatorul-catalin-silegeanu-cheama-la-actiune-protestul-de-maine-din-piata-revolutiei-este-crucial-pentru-viitorul-nostru\/#primaryimage"},"image":{"@id":"https:\/\/curierulsatelor.ro\/wp\/2025\/01\/18\/senatorul-catalin-silegeanu-cheama-la-actiune-protestul-de-maine-din-piata-revolutiei-este-crucial-pentru-viitorul-nostru\/#primaryimage"},"thumbnailUrl":"https:\/\/curierulsatelor.ro\/wp\/wp-content\/uploads\/2025\/01\/472249965_640148255017215_7683376633880905248_n.jpg","datePublished":"2025-01-18T06:53:33+00:00","breadcrumb":{"@id":"https:\/\/curierulsatelor.ro\/wp\/2025\/01\/18\/senatorul-catalin-silegeanu-cheama-la-actiune-protestul-de-maine-din-piata-revolutiei-este-crucial-pentru-viitorul-nostru\/#breadcrumb"},"inLanguage":"ro-RO","potentialAction":[{"@type":"ReadAction","target":["https:\/\/curierulsatelor.ro\/wp\/2025\/01\/18\/senatorul-catalin-silegeanu-cheama-la-actiune-protestul-de-maine-din-piata-revolutiei-este-crucial-pentru-viitorul-nostru\/"]}]},{"@type":"ImageObject","inLanguage":"ro-RO","@id":"https:\/\/curierulsatelor.ro\/wp\/2025\/01\/18\/senatorul-catalin-silegeanu-cheama-la-actiune-protestul-de-maine-din-piata-revolutiei-este-crucial-pentru-viitorul-nostru\/#primaryimage","url":"https:\/\/curierulsatelor.ro\/wp\/wp-content\/uploads\/2025\/01\/472249965_640148255017215_7683376633880905248_n.jpg","contentUrl":"https:\/\/curierulsatelor.ro\/wp\/wp-content\/uploads\/2025\/01\/472249965_640148255017215_7683376633880905248_n.jpg","width":1600,"height":702},{"@type":"BreadcrumbList","@id":"https:\/\/curierulsatelor.ro\/wp\/2025\/01\/18\/senatorul-catalin-silegeanu-cheama-la-actiune-protestul-de-maine-din-piata-revolutiei-este-crucial-pentru-viitorul-nostru\/#breadcrumb","itemListElement":[{"@type":"ListItem","position":1,"name":"Prima pagin\u0103","item":"https:\/\/curierulsatelor.ro\/wp\/"},{"@type":"ListItem","position":2,"name":"Senatorul C\u0103t\u0103lin Silegeanu cheam\u0103 la ac\u021biune: \u201eProtestul de m\u00e2ine din Pia\u021ba Revolu\u021biei este crucial pentru viitorul nostru!\u201d"}]},{"@type":"WebSite","@id":"https:\/\/curierulsatelor.ro\/wp\/#website","url":"https:\/\/curierulsatelor.ro\/wp\/","name":"Curierul Regional","description":"","publisher":{"@id":"https:\/\/curierulsatelor.ro\/wp\/#organization"},"potentialAction":[{"@type":"SearchAction","target":{"@type":"EntryPoint","urlTemplate":"https:\/\/curierulsatelor.ro\/wp\/?s={search_term_string}"},"query-input":{"@type":"PropertyValueSpecification","valueRequired":true,"valueName":"search_term_string"}}],"inLanguage":"ro-RO"},{"@type":"Organization","@id":"https:\/\/curierulsatelor.ro\/wp\/#organization","name":"Curierul Regional","url":"https:\/\/curierulsatelor.ro\/wp\/","logo":{"@type":"ImageObject","inLanguage":"ro-RO","@id":"https:\/\/curierulsatelor.ro\/wp\/#\/schema\/logo\/image\/","url":"https:\/\/curierulsatelor.ro\/wp\/wp-content\/uploads\/2020\/01\/Curierul-Regional-si-Curierul-satelor-logo-header.png","contentUrl":"https:\/\/curierulsatelor.ro\/wp\/wp-content\/uploads\/2020\/01\/Curierul-Regional-si-Curierul-satelor-logo-header.png","width":2943,"height":685,"caption":"Curierul Regional"},"image":{"@id":"https:\/\/curierulsatelor.ro\/wp\/#\/schema\/logo\/image\/"}},{"@type":"Person","@id":"https:\/\/curierulsatelor.ro\/wp\/#\/schema\/person\/6f6b28a030e15d619a82894773d6e7b9","name":"Marian Morosan","image":{"@type":"ImageObject","inLanguage":"ro-RO","@id":"https:\/\/secure.gravatar.com\/avatar\/2e833cc9ab99e6bca46266d4ad9030d308346ff7ff0b6b955c29b74cafaf064b?s=96&d=mm&r=g","url":"https:\/\/secure.gravatar.com\/avatar\/2e833cc9ab99e6bca46266d4ad9030d308346ff7ff0b6b955c29b74cafaf064b?s=96&d=mm&r=g","contentUrl":"https:\/\/secure.gravatar.com\/avatar\/2e833cc9ab99e6bca46266d4ad9030d308346ff7ff0b6b955c29b74cafaf064b?s=96&d=mm&r=g","caption":"Marian Morosan"},"description":"Copiilor no\u015ftri li se preg\u0103te\u015fte, incon\u015ftient, o lume de joben ciuruit, din care niciodat\u0103 nu iese iepura\u015ful. Doar panglicile politicilor sociale roase de moliile cu \u015ftaif din ultimele decenii. Suntem oropsi\u0163i, suntem dispera\u0163i, manipula\u0163i p\u00e2n\u0103 acolo \u00eenc\u00e2t ne bucur\u0103m s\u0103 fim masa de manevr\u0103 a unora \u015fi s\u0103 sus\u0163inem c\u0103 a\u015fa e normal. Acum \u00eel \u00een\u0163eleg pe Cioran, dar \u00eel \u00een\u0163eleg mai bine \u015fi pe Preda. \u015ei m\u0103 g\u00e2ndesc iar, cu groaz\u0103, la copilul meu. Cel pu\u0163in eu nu \u00eemi doresc s\u0103 \u015ftiu c\u0103 micu\u0163ul meu va fi singur, cu sufletul descul\u0163, prin jungla mileniului III ! https:\/\/curierulsatelor.ro\/wp\/2019\/10\/16\/cu-sufletul-descult-prin-jungla-mileniului-iii-editorial\/","sameAs":["http:\/\/admin"],"url":"https:\/\/curierulsatelor.ro\/wp\/author\/admin\/"}]}},"_links":{"self":[{"href":"https:\/\/curierulsatelor.ro\/wp\/wp-json\/wp\/v2\/posts\/14997","targetHints":{"allow":["GET"]}}],"collection":[{"href":"https:\/\/curierulsatelor.ro\/wp\/wp-json\/wp\/v2\/posts"}],"about":[{"href":"https:\/\/curierulsatelor.ro\/wp\/wp-json\/wp\/v2\/types\/post"}],"author":[{"embeddable":true,"href":"https:\/\/curierulsatelor.ro\/wp\/wp-json\/wp\/v2\/users\/1"}],"replies":[{"embeddable":true,"href":"https:\/\/curierulsatelor.ro\/wp\/wp-json\/wp\/v2\/comments?post=14997"}],"version-history":[{"count":1,"href":"https:\/\/curierulsatelor.ro\/wp\/wp-json\/wp\/v2\/posts\/14997\/revisions"}],"predecessor-version":[{"id":15000,"href":"https:\/\/curierulsatelor.ro\/wp\/wp-json\/wp\/v2\/posts\/14997\/revisions\/15000"}],"wp:featuredmedia":[{"embeddable":true,"href":"https:\/\/curierulsatelor.ro\/wp\/wp-json\/wp\/v2\/media\/14999"}],"wp:attachment":[{"href":"https:\/\/curierulsatelor.ro\/wp\/wp-json\/wp\/v2\/media?parent=14997"}],"wp:term":[{"taxonomy":"category","embeddable":true,"href":"https:\/\/curierulsatelor.ro\/wp\/wp-json\/wp\/v2\/categories?post=14997"},{"taxonomy":"post_tag","embeddable":true,"href":"https:\/\/curierulsatelor.ro\/wp\/wp-json\/wp\/v2\/tags?post=14997"}],"curies":[{"name":"wp","href":"https:\/\/api.w.org\/{rel}","templated":true}]}}