{"id":15067,"date":"2025-02-03T21:57:56","date_gmt":"2025-02-03T19:57:56","guid":{"rendered":"https:\/\/curierulsatelor.ro\/wp\/?p=15067"},"modified":"2025-02-03T21:57:56","modified_gmt":"2025-02-03T19:57:56","slug":"ardeleanul-care-conduce-judetul-botosani","status":"publish","type":"post","link":"https:\/\/curierulsatelor.ro\/wp\/2025\/02\/03\/ardeleanul-care-conduce-judetul-botosani\/","title":{"rendered":"Ardeleanul care conduce jude\u021bul Boto\u0219ani"},"content":{"rendered":"\n<p>Au trecut luni bune \u00een care fosta \u0219ef\u0103 a Consiliului Jude\u021bean Boto\u0219ani ar fi defilat cu noi realiz\u0103ri, cu noi investi\u021bii \u00een Boto\u0219ani. \u0218i chiar dac\u0103 nu mai este la timona CJ Boto\u0219ani, la plecare i-a l\u0103sat actualului staroste al jude\u021bului o traist\u0103 de proiecte pe flux sau gata preg\u0103tite scriptic. Nu se mai \u0219tie nimic de ele. Dar lunile trec. \u0218i nu oricum, trebuie s\u0103 recunoa\u0219tem. O dat\u0103 la c\u00e2teva zile, pre\u0219edintele nou (\u0219i ales) Valeriu Iftime mai face un LIVE \u00een care rostogole\u0219te acelea\u0219i promisiuni de bun\u0103 gospod\u0103rire, dar de fiecare dat\u0103 date cu mant\u0103 diferit\u0103. \u00cenc\u0103 e la etapa \u00een care caut\u0103 tertipuri de p\u0103strare a ciorbei cald\u0103. Pe urm\u0103 va trece cu siguran\u021b\u0103 la dregerea ei. O perioad\u0103. <\/p>\n\n\n\n<p>Jude\u021bul Boto\u0219ani e condus acum de un ardelean. Clar ca bun\u0103 ziua. Pentru c\u0103 din toat\u0103 \u201dstr\u0103dania\u201d \u0219efului CJ, Valeriu Iftime, se vede doar at\u00e2t: \u0219i \u0219tiu \u0219i vreau \u0219i pot, dar de ce at\u00e2ta grab\u0103?! Curat ardelene\u0219te! Cine \u0219tie \u00een baza c\u0103rui ra\u021bionament sau \u00een\u021belegeri obscure s\u0103 fie oare strategia sa de a-i face pe boto\u0219\u0103neni s\u0103 con\u0219tientizeze \u0219i s\u0103 regrete tot mai mult realiz\u0103rile \u0219i ritmul de munc\u0103 al Doinei Federovici, fosta \u0219ef\u0103 c\u0103reia i-a luat scaunul prim staroste al jude\u021bului? <\/p>\n\n\n\n<p>Ultima sa ie\u0219ire public\u0103 este \u00een acela\u0219i trend, f\u0103r\u0103 a-\u0219i dezmin\u021bi \u201dritmul\u201d de lucru \u0219i aproape credibil, dac\u0103 boto\u0219\u0103nennii nu ar fi \u00eenv\u0103\u021bat \u00een ultimul deceniu s\u0103 citeasc\u0103 printre cuvintele \u0219efilor politici din administra\u021bia public\u0103. Vede\u021bi mai jos r\u0103spunsul pre\u0219edintelui de CJ boto\u0219\u0103nean cu metehne ardelene\u0219ti, la nedumerirea altui boto\u0219\u0103nean.<\/p>\n\n\n\n<iframe src=\"https:\/\/www.facebook.com\/plugins\/video.php?height=476&#038;href=https%3A%2F%2Fwww.facebook.com%2Fvaleriu.iftime.bt%2Fvideos%2F1696824024605431%2F&#038;show_text=false&#038;width=267&#038;t=0\" width=\"267\" height=\"476\" style=\"border:none;overflow:hidden\" scrolling=\"no\" frameborder=\"0\" allowfullscreen=\"true\" allow=\"autoplay; clipboard-write; encrypted-media; picture-in-picture; web-share\" allowFullScreen=\"true\"><\/iframe>\n","protected":false},"excerpt":{"rendered":"<p>Au trecut luni bune \u00een care fosta \u0219ef\u0103 a Consiliului Jude\u021bean Boto\u0219ani ar fi defilat&#8230;<\/p>\n","protected":false},"author":1,"featured_media":15069,"comment_status":"open","ping_status":"open","sticky":false,"template":"","format":"standard","meta":{"footnotes":""},"categories":[5,15,19,1],"tags":[],"class_list":["post-15067","post","type-post","status-publish","format-standard","has-post-thumbnail","hentry","category-administratie","category-botosani","category-curierul-tvr","category-uncategorized"],"yoast_head":"<!-- This site is optimized with the Yoast SEO plugin v27.4 - https:\/\/yoast.com\/product\/yoast-seo-wordpress\/ -->\n<title>Ardeleanul care conduce jude\u021bul Boto\u0219ani - Curierul Regional<\/title>\n<meta name=\"robots\" content=\"index, follow, max-snippet:-1, max-image-preview:large, max-video-preview:-1\" \/>\n<link rel=\"canonical\" href=\"https:\/\/curierulsatelor.ro\/wp\/2025\/02\/03\/ardeleanul-care-conduce-judetul-botosani\/\" \/>\n<meta property=\"og:locale\" content=\"ro_RO\" \/>\n<meta property=\"og:type\" content=\"article\" \/>\n<meta property=\"og:title\" content=\"Ardeleanul care conduce jude\u021bul Boto\u0219ani - Curierul Regional\" \/>\n<meta property=\"og:description\" content=\"Au trecut luni bune \u00een care fosta \u0219ef\u0103 a Consiliului Jude\u021bean Boto\u0219ani ar fi defilat...\" \/>\n<meta property=\"og:url\" content=\"https:\/\/curierulsatelor.ro\/wp\/2025\/02\/03\/ardeleanul-care-conduce-judetul-botosani\/\" \/>\n<meta property=\"og:site_name\" content=\"Curierul Regional\" \/>\n<meta property=\"article:published_time\" content=\"2025-02-03T19:57:56+00:00\" \/>\n<meta property=\"og:image\" content=\"https:\/\/curierulsatelor.ro\/wp\/wp-content\/uploads\/2025\/02\/Valeriu-Iftime-Consiliul-Judetean-Botosani.jpg\" \/>\n\t<meta property=\"og:image:width\" content=\"849\" \/>\n\t<meta property=\"og:image:height\" content=\"477\" \/>\n\t<meta property=\"og:image:type\" content=\"image\/jpeg\" \/>\n<meta name=\"author\" content=\"Marian Morosan\" \/>\n<meta name=\"twitter:card\" content=\"summary_large_image\" \/>\n<meta name=\"twitter:label1\" content=\"Scris de\" \/>\n\t<meta name=\"twitter:data1\" content=\"Marian Morosan\" \/>\n\t<meta name=\"twitter:label2\" content=\"Timp estimat pentru citire\" \/>\n\t<meta name=\"twitter:data2\" content=\"2 minute\" \/>\n<script type=\"application\/ld+json\" class=\"yoast-schema-graph\">{\"@context\":\"https:\\\/\\\/schema.org\",\"@graph\":[{\"@type\":\"Article\",\"@id\":\"https:\\\/\\\/curierulsatelor.ro\\\/wp\\\/2025\\\/02\\\/03\\\/ardeleanul-care-conduce-judetul-botosani\\\/#article\",\"isPartOf\":{\"@id\":\"https:\\\/\\\/curierulsatelor.ro\\\/wp\\\/2025\\\/02\\\/03\\\/ardeleanul-care-conduce-judetul-botosani\\\/\"},\"author\":{\"name\":\"Marian Morosan\",\"@id\":\"https:\\\/\\\/curierulsatelor.ro\\\/wp\\\/#\\\/schema\\\/person\\\/6f6b28a030e15d619a82894773d6e7b9\"},\"headline\":\"Ardeleanul care conduce jude\u021bul Boto\u0219ani\",\"datePublished\":\"2025-02-03T19:57:56+00:00\",\"mainEntityOfPage\":{\"@id\":\"https:\\\/\\\/curierulsatelor.ro\\\/wp\\\/2025\\\/02\\\/03\\\/ardeleanul-care-conduce-judetul-botosani\\\/\"},\"wordCount\":306,\"commentCount\":0,\"publisher\":{\"@id\":\"https:\\\/\\\/curierulsatelor.ro\\\/wp\\\/#organization\"},\"image\":{\"@id\":\"https:\\\/\\\/curierulsatelor.ro\\\/wp\\\/2025\\\/02\\\/03\\\/ardeleanul-care-conduce-judetul-botosani\\\/#primaryimage\"},\"thumbnailUrl\":\"https:\\\/\\\/curierulsatelor.ro\\\/wp\\\/wp-content\\\/uploads\\\/2025\\\/02\\\/Valeriu-Iftime-Consiliul-Judetean-Botosani.jpg\",\"articleSection\":[\"Administratie\",\"Boto\u0219ani\",\"Curierul TV(R)\",\"Uncategorized\"],\"inLanguage\":\"ro-RO\",\"potentialAction\":[{\"@type\":\"CommentAction\",\"name\":\"Comment\",\"target\":[\"https:\\\/\\\/curierulsatelor.ro\\\/wp\\\/2025\\\/02\\\/03\\\/ardeleanul-care-conduce-judetul-botosani\\\/#respond\"]}]},{\"@type\":\"WebPage\",\"@id\":\"https:\\\/\\\/curierulsatelor.ro\\\/wp\\\/2025\\\/02\\\/03\\\/ardeleanul-care-conduce-judetul-botosani\\\/\",\"url\":\"https:\\\/\\\/curierulsatelor.ro\\\/wp\\\/2025\\\/02\\\/03\\\/ardeleanul-care-conduce-judetul-botosani\\\/\",\"name\":\"Ardeleanul care conduce jude\u021bul Boto\u0219ani - Curierul Regional\",\"isPartOf\":{\"@id\":\"https:\\\/\\\/curierulsatelor.ro\\\/wp\\\/#website\"},\"primaryImageOfPage\":{\"@id\":\"https:\\\/\\\/curierulsatelor.ro\\\/wp\\\/2025\\\/02\\\/03\\\/ardeleanul-care-conduce-judetul-botosani\\\/#primaryimage\"},\"image\":{\"@id\":\"https:\\\/\\\/curierulsatelor.ro\\\/wp\\\/2025\\\/02\\\/03\\\/ardeleanul-care-conduce-judetul-botosani\\\/#primaryimage\"},\"thumbnailUrl\":\"https:\\\/\\\/curierulsatelor.ro\\\/wp\\\/wp-content\\\/uploads\\\/2025\\\/02\\\/Valeriu-Iftime-Consiliul-Judetean-Botosani.jpg\",\"datePublished\":\"2025-02-03T19:57:56+00:00\",\"breadcrumb\":{\"@id\":\"https:\\\/\\\/curierulsatelor.ro\\\/wp\\\/2025\\\/02\\\/03\\\/ardeleanul-care-conduce-judetul-botosani\\\/#breadcrumb\"},\"inLanguage\":\"ro-RO\",\"potentialAction\":[{\"@type\":\"ReadAction\",\"target\":[\"https:\\\/\\\/curierulsatelor.ro\\\/wp\\\/2025\\\/02\\\/03\\\/ardeleanul-care-conduce-judetul-botosani\\\/\"]}]},{\"@type\":\"ImageObject\",\"inLanguage\":\"ro-RO\",\"@id\":\"https:\\\/\\\/curierulsatelor.ro\\\/wp\\\/2025\\\/02\\\/03\\\/ardeleanul-care-conduce-judetul-botosani\\\/#primaryimage\",\"url\":\"https:\\\/\\\/curierulsatelor.ro\\\/wp\\\/wp-content\\\/uploads\\\/2025\\\/02\\\/Valeriu-Iftime-Consiliul-Judetean-Botosani.jpg\",\"contentUrl\":\"https:\\\/\\\/curierulsatelor.ro\\\/wp\\\/wp-content\\\/uploads\\\/2025\\\/02\\\/Valeriu-Iftime-Consiliul-Judetean-Botosani.jpg\",\"width\":849,\"height\":477},{\"@type\":\"BreadcrumbList\",\"@id\":\"https:\\\/\\\/curierulsatelor.ro\\\/wp\\\/2025\\\/02\\\/03\\\/ardeleanul-care-conduce-judetul-botosani\\\/#breadcrumb\",\"itemListElement\":[{\"@type\":\"ListItem\",\"position\":1,\"name\":\"Prima pagin\u0103\",\"item\":\"https:\\\/\\\/curierulsatelor.ro\\\/wp\\\/\"},{\"@type\":\"ListItem\",\"position\":2,\"name\":\"Ardeleanul care conduce jude\u021bul Boto\u0219ani\"}]},{\"@type\":\"WebSite\",\"@id\":\"https:\\\/\\\/curierulsatelor.ro\\\/wp\\\/#website\",\"url\":\"https:\\\/\\\/curierulsatelor.ro\\\/wp\\\/\",\"name\":\"Curierul Regional\",\"description\":\"\",\"publisher\":{\"@id\":\"https:\\\/\\\/curierulsatelor.ro\\\/wp\\\/#organization\"},\"potentialAction\":[{\"@type\":\"SearchAction\",\"target\":{\"@type\":\"EntryPoint\",\"urlTemplate\":\"https:\\\/\\\/curierulsatelor.ro\\\/wp\\\/?s={search_term_string}\"},\"query-input\":{\"@type\":\"PropertyValueSpecification\",\"valueRequired\":true,\"valueName\":\"search_term_string\"}}],\"inLanguage\":\"ro-RO\"},{\"@type\":\"Organization\",\"@id\":\"https:\\\/\\\/curierulsatelor.ro\\\/wp\\\/#organization\",\"name\":\"Curierul Regional\",\"url\":\"https:\\\/\\\/curierulsatelor.ro\\\/wp\\\/\",\"logo\":{\"@type\":\"ImageObject\",\"inLanguage\":\"ro-RO\",\"@id\":\"https:\\\/\\\/curierulsatelor.ro\\\/wp\\\/#\\\/schema\\\/logo\\\/image\\\/\",\"url\":\"https:\\\/\\\/curierulsatelor.ro\\\/wp\\\/wp-content\\\/uploads\\\/2020\\\/01\\\/Curierul-Regional-si-Curierul-satelor-logo-header.png\",\"contentUrl\":\"https:\\\/\\\/curierulsatelor.ro\\\/wp\\\/wp-content\\\/uploads\\\/2020\\\/01\\\/Curierul-Regional-si-Curierul-satelor-logo-header.png\",\"width\":2943,\"height\":685,\"caption\":\"Curierul Regional\"},\"image\":{\"@id\":\"https:\\\/\\\/curierulsatelor.ro\\\/wp\\\/#\\\/schema\\\/logo\\\/image\\\/\"}},{\"@type\":\"Person\",\"@id\":\"https:\\\/\\\/curierulsatelor.ro\\\/wp\\\/#\\\/schema\\\/person\\\/6f6b28a030e15d619a82894773d6e7b9\",\"name\":\"Marian Morosan\",\"image\":{\"@type\":\"ImageObject\",\"inLanguage\":\"ro-RO\",\"@id\":\"https:\\\/\\\/secure.gravatar.com\\\/avatar\\\/2e833cc9ab99e6bca46266d4ad9030d308346ff7ff0b6b955c29b74cafaf064b?s=96&d=mm&r=g\",\"url\":\"https:\\\/\\\/secure.gravatar.com\\\/avatar\\\/2e833cc9ab99e6bca46266d4ad9030d308346ff7ff0b6b955c29b74cafaf064b?s=96&d=mm&r=g\",\"contentUrl\":\"https:\\\/\\\/secure.gravatar.com\\\/avatar\\\/2e833cc9ab99e6bca46266d4ad9030d308346ff7ff0b6b955c29b74cafaf064b?s=96&d=mm&r=g\",\"caption\":\"Marian Morosan\"},\"description\":\"Copiilor no\u015ftri li se preg\u0103te\u015fte, incon\u015ftient, o lume de joben ciuruit, din care niciodat\u0103 nu iese iepura\u015ful. Doar panglicile politicilor sociale roase de moliile cu \u015ftaif din ultimele decenii. Suntem oropsi\u0163i, suntem dispera\u0163i, manipula\u0163i p\u00e2n\u0103 acolo \u00eenc\u00e2t ne bucur\u0103m s\u0103 fim masa de manevr\u0103 a unora \u015fi s\u0103 sus\u0163inem c\u0103 a\u015fa e normal. Acum \u00eel \u00een\u0163eleg pe Cioran, dar \u00eel \u00een\u0163eleg mai bine \u015fi pe Preda. \u015ei m\u0103 g\u00e2ndesc iar, cu groaz\u0103, la copilul meu. Cel pu\u0163in eu nu \u00eemi doresc s\u0103 \u015ftiu c\u0103 micu\u0163ul meu va fi singur, cu sufletul descul\u0163, prin jungla mileniului III ! https:\\\/\\\/curierulsatelor.ro\\\/wp\\\/2019\\\/10\\\/16\\\/cu-sufletul-descult-prin-jungla-mileniului-iii-editorial\\\/\",\"sameAs\":[\"http:\\\/\\\/admin\"],\"url\":\"https:\\\/\\\/curierulsatelor.ro\\\/wp\\\/author\\\/admin\\\/\"}]}<\/script>\n<!-- \/ Yoast SEO plugin. -->","yoast_head_json":{"title":"Ardeleanul care conduce jude\u021bul Boto\u0219ani - Curierul Regional","robots":{"index":"index","follow":"follow","max-snippet":"max-snippet:-1","max-image-preview":"max-image-preview:large","max-video-preview":"max-video-preview:-1"},"canonical":"https:\/\/curierulsatelor.ro\/wp\/2025\/02\/03\/ardeleanul-care-conduce-judetul-botosani\/","og_locale":"ro_RO","og_type":"article","og_title":"Ardeleanul care conduce jude\u021bul Boto\u0219ani - Curierul Regional","og_description":"Au trecut luni bune \u00een care fosta \u0219ef\u0103 a Consiliului Jude\u021bean Boto\u0219ani ar fi defilat...","og_url":"https:\/\/curierulsatelor.ro\/wp\/2025\/02\/03\/ardeleanul-care-conduce-judetul-botosani\/","og_site_name":"Curierul Regional","article_published_time":"2025-02-03T19:57:56+00:00","og_image":[{"width":849,"height":477,"url":"https:\/\/curierulsatelor.ro\/wp\/wp-content\/uploads\/2025\/02\/Valeriu-Iftime-Consiliul-Judetean-Botosani.jpg","type":"image\/jpeg"}],"author":"Marian Morosan","twitter_card":"summary_large_image","twitter_misc":{"Scris de":"Marian Morosan","Timp estimat pentru citire":"2 minute"},"schema":{"@context":"https:\/\/schema.org","@graph":[{"@type":"Article","@id":"https:\/\/curierulsatelor.ro\/wp\/2025\/02\/03\/ardeleanul-care-conduce-judetul-botosani\/#article","isPartOf":{"@id":"https:\/\/curierulsatelor.ro\/wp\/2025\/02\/03\/ardeleanul-care-conduce-judetul-botosani\/"},"author":{"name":"Marian Morosan","@id":"https:\/\/curierulsatelor.ro\/wp\/#\/schema\/person\/6f6b28a030e15d619a82894773d6e7b9"},"headline":"Ardeleanul care conduce jude\u021bul Boto\u0219ani","datePublished":"2025-02-03T19:57:56+00:00","mainEntityOfPage":{"@id":"https:\/\/curierulsatelor.ro\/wp\/2025\/02\/03\/ardeleanul-care-conduce-judetul-botosani\/"},"wordCount":306,"commentCount":0,"publisher":{"@id":"https:\/\/curierulsatelor.ro\/wp\/#organization"},"image":{"@id":"https:\/\/curierulsatelor.ro\/wp\/2025\/02\/03\/ardeleanul-care-conduce-judetul-botosani\/#primaryimage"},"thumbnailUrl":"https:\/\/curierulsatelor.ro\/wp\/wp-content\/uploads\/2025\/02\/Valeriu-Iftime-Consiliul-Judetean-Botosani.jpg","articleSection":["Administratie","Boto\u0219ani","Curierul TV(R)","Uncategorized"],"inLanguage":"ro-RO","potentialAction":[{"@type":"CommentAction","name":"Comment","target":["https:\/\/curierulsatelor.ro\/wp\/2025\/02\/03\/ardeleanul-care-conduce-judetul-botosani\/#respond"]}]},{"@type":"WebPage","@id":"https:\/\/curierulsatelor.ro\/wp\/2025\/02\/03\/ardeleanul-care-conduce-judetul-botosani\/","url":"https:\/\/curierulsatelor.ro\/wp\/2025\/02\/03\/ardeleanul-care-conduce-judetul-botosani\/","name":"Ardeleanul care conduce jude\u021bul Boto\u0219ani - Curierul Regional","isPartOf":{"@id":"https:\/\/curierulsatelor.ro\/wp\/#website"},"primaryImageOfPage":{"@id":"https:\/\/curierulsatelor.ro\/wp\/2025\/02\/03\/ardeleanul-care-conduce-judetul-botosani\/#primaryimage"},"image":{"@id":"https:\/\/curierulsatelor.ro\/wp\/2025\/02\/03\/ardeleanul-care-conduce-judetul-botosani\/#primaryimage"},"thumbnailUrl":"https:\/\/curierulsatelor.ro\/wp\/wp-content\/uploads\/2025\/02\/Valeriu-Iftime-Consiliul-Judetean-Botosani.jpg","datePublished":"2025-02-03T19:57:56+00:00","breadcrumb":{"@id":"https:\/\/curierulsatelor.ro\/wp\/2025\/02\/03\/ardeleanul-care-conduce-judetul-botosani\/#breadcrumb"},"inLanguage":"ro-RO","potentialAction":[{"@type":"ReadAction","target":["https:\/\/curierulsatelor.ro\/wp\/2025\/02\/03\/ardeleanul-care-conduce-judetul-botosani\/"]}]},{"@type":"ImageObject","inLanguage":"ro-RO","@id":"https:\/\/curierulsatelor.ro\/wp\/2025\/02\/03\/ardeleanul-care-conduce-judetul-botosani\/#primaryimage","url":"https:\/\/curierulsatelor.ro\/wp\/wp-content\/uploads\/2025\/02\/Valeriu-Iftime-Consiliul-Judetean-Botosani.jpg","contentUrl":"https:\/\/curierulsatelor.ro\/wp\/wp-content\/uploads\/2025\/02\/Valeriu-Iftime-Consiliul-Judetean-Botosani.jpg","width":849,"height":477},{"@type":"BreadcrumbList","@id":"https:\/\/curierulsatelor.ro\/wp\/2025\/02\/03\/ardeleanul-care-conduce-judetul-botosani\/#breadcrumb","itemListElement":[{"@type":"ListItem","position":1,"name":"Prima pagin\u0103","item":"https:\/\/curierulsatelor.ro\/wp\/"},{"@type":"ListItem","position":2,"name":"Ardeleanul care conduce jude\u021bul Boto\u0219ani"}]},{"@type":"WebSite","@id":"https:\/\/curierulsatelor.ro\/wp\/#website","url":"https:\/\/curierulsatelor.ro\/wp\/","name":"Curierul Regional","description":"","publisher":{"@id":"https:\/\/curierulsatelor.ro\/wp\/#organization"},"potentialAction":[{"@type":"SearchAction","target":{"@type":"EntryPoint","urlTemplate":"https:\/\/curierulsatelor.ro\/wp\/?s={search_term_string}"},"query-input":{"@type":"PropertyValueSpecification","valueRequired":true,"valueName":"search_term_string"}}],"inLanguage":"ro-RO"},{"@type":"Organization","@id":"https:\/\/curierulsatelor.ro\/wp\/#organization","name":"Curierul Regional","url":"https:\/\/curierulsatelor.ro\/wp\/","logo":{"@type":"ImageObject","inLanguage":"ro-RO","@id":"https:\/\/curierulsatelor.ro\/wp\/#\/schema\/logo\/image\/","url":"https:\/\/curierulsatelor.ro\/wp\/wp-content\/uploads\/2020\/01\/Curierul-Regional-si-Curierul-satelor-logo-header.png","contentUrl":"https:\/\/curierulsatelor.ro\/wp\/wp-content\/uploads\/2020\/01\/Curierul-Regional-si-Curierul-satelor-logo-header.png","width":2943,"height":685,"caption":"Curierul Regional"},"image":{"@id":"https:\/\/curierulsatelor.ro\/wp\/#\/schema\/logo\/image\/"}},{"@type":"Person","@id":"https:\/\/curierulsatelor.ro\/wp\/#\/schema\/person\/6f6b28a030e15d619a82894773d6e7b9","name":"Marian Morosan","image":{"@type":"ImageObject","inLanguage":"ro-RO","@id":"https:\/\/secure.gravatar.com\/avatar\/2e833cc9ab99e6bca46266d4ad9030d308346ff7ff0b6b955c29b74cafaf064b?s=96&d=mm&r=g","url":"https:\/\/secure.gravatar.com\/avatar\/2e833cc9ab99e6bca46266d4ad9030d308346ff7ff0b6b955c29b74cafaf064b?s=96&d=mm&r=g","contentUrl":"https:\/\/secure.gravatar.com\/avatar\/2e833cc9ab99e6bca46266d4ad9030d308346ff7ff0b6b955c29b74cafaf064b?s=96&d=mm&r=g","caption":"Marian Morosan"},"description":"Copiilor no\u015ftri li se preg\u0103te\u015fte, incon\u015ftient, o lume de joben ciuruit, din care niciodat\u0103 nu iese iepura\u015ful. Doar panglicile politicilor sociale roase de moliile cu \u015ftaif din ultimele decenii. Suntem oropsi\u0163i, suntem dispera\u0163i, manipula\u0163i p\u00e2n\u0103 acolo \u00eenc\u00e2t ne bucur\u0103m s\u0103 fim masa de manevr\u0103 a unora \u015fi s\u0103 sus\u0163inem c\u0103 a\u015fa e normal. Acum \u00eel \u00een\u0163eleg pe Cioran, dar \u00eel \u00een\u0163eleg mai bine \u015fi pe Preda. \u015ei m\u0103 g\u00e2ndesc iar, cu groaz\u0103, la copilul meu. Cel pu\u0163in eu nu \u00eemi doresc s\u0103 \u015ftiu c\u0103 micu\u0163ul meu va fi singur, cu sufletul descul\u0163, prin jungla mileniului III ! https:\/\/curierulsatelor.ro\/wp\/2019\/10\/16\/cu-sufletul-descult-prin-jungla-mileniului-iii-editorial\/","sameAs":["http:\/\/admin"],"url":"https:\/\/curierulsatelor.ro\/wp\/author\/admin\/"}]}},"_links":{"self":[{"href":"https:\/\/curierulsatelor.ro\/wp\/wp-json\/wp\/v2\/posts\/15067","targetHints":{"allow":["GET"]}}],"collection":[{"href":"https:\/\/curierulsatelor.ro\/wp\/wp-json\/wp\/v2\/posts"}],"about":[{"href":"https:\/\/curierulsatelor.ro\/wp\/wp-json\/wp\/v2\/types\/post"}],"author":[{"embeddable":true,"href":"https:\/\/curierulsatelor.ro\/wp\/wp-json\/wp\/v2\/users\/1"}],"replies":[{"embeddable":true,"href":"https:\/\/curierulsatelor.ro\/wp\/wp-json\/wp\/v2\/comments?post=15067"}],"version-history":[{"count":2,"href":"https:\/\/curierulsatelor.ro\/wp\/wp-json\/wp\/v2\/posts\/15067\/revisions"}],"predecessor-version":[{"id":15070,"href":"https:\/\/curierulsatelor.ro\/wp\/wp-json\/wp\/v2\/posts\/15067\/revisions\/15070"}],"wp:featuredmedia":[{"embeddable":true,"href":"https:\/\/curierulsatelor.ro\/wp\/wp-json\/wp\/v2\/media\/15069"}],"wp:attachment":[{"href":"https:\/\/curierulsatelor.ro\/wp\/wp-json\/wp\/v2\/media?parent=15067"}],"wp:term":[{"taxonomy":"category","embeddable":true,"href":"https:\/\/curierulsatelor.ro\/wp\/wp-json\/wp\/v2\/categories?post=15067"},{"taxonomy":"post_tag","embeddable":true,"href":"https:\/\/curierulsatelor.ro\/wp\/wp-json\/wp\/v2\/tags?post=15067"}],"curies":[{"name":"wp","href":"https:\/\/api.w.org\/{rel}","templated":true}]}}