{"id":15088,"date":"2025-02-06T13:07:04","date_gmt":"2025-02-06T11:07:04","guid":{"rendered":"https:\/\/curierulsatelor.ro\/wp\/?p=15088"},"modified":"2025-02-06T13:07:04","modified_gmt":"2025-02-06T11:07:04","slug":"taramul-nazuintelor-implinite-dangeni-video-curierul-tvr","status":"publish","type":"post","link":"https:\/\/curierulsatelor.ro\/wp\/2025\/02\/06\/taramul-nazuintelor-implinite-dangeni-video-curierul-tvr\/","title":{"rendered":"T\u0103r\u00e2mul n\u0103zuin\u021belor \u00eemplinite &#8211; D\u00e2ngeni &#8211; video Curierul TV(R)"},"content":{"rendered":"\n<p class=\"has-medium-font-size\">Dup\u0103 ce \u00een urm\u0103 cu circa 5 ani era cunoscut\u0103 \u00een toat\u0103 \u021bara ca localitatea cu cei mai mul\u021bi lene\u0219i, dup\u0103 ani de administra\u021bie public\u0103 haotic\u0103 sau pe principiul \u201dlas\u0103 c\u0103 merge \u0219i a\u0219a\u201d, comuna D\u00e2ngeni \u0219i-a sp\u0103lat obrazul, iar locuitorii \u0219i-au rec\u0103p\u0103tat demnitatea. Schimbarea opticii \u0219i startul rena\u0219terii din propria cenu\u0219\u0103 au fost declan\u0219ate de c\u0103tre primarul din mandatul anterior, reales de cur\u00e2nd. <\/p>\n\n\n\n<figure class=\"wp-block-image alignright size-large is-resized\"><img fetchpriority=\"high\" decoding=\"async\" width=\"1024\" height=\"576\" src=\"https:\/\/curierulsatelor.ro\/wp\/wp-content\/uploads\/2025\/02\/IMG20250204101312-1024x576.jpg\" alt=\"\" class=\"wp-image-15089\" style=\"width:451px;height:auto\" srcset=\"https:\/\/curierulsatelor.ro\/wp\/wp-content\/uploads\/2025\/02\/IMG20250204101312-1024x576.jpg 1024w, https:\/\/curierulsatelor.ro\/wp\/wp-content\/uploads\/2025\/02\/IMG20250204101312-300x169.jpg 300w, https:\/\/curierulsatelor.ro\/wp\/wp-content\/uploads\/2025\/02\/IMG20250204101312-768x432.jpg 768w, https:\/\/curierulsatelor.ro\/wp\/wp-content\/uploads\/2025\/02\/IMG20250204101312-1536x864.jpg 1536w, https:\/\/curierulsatelor.ro\/wp\/wp-content\/uploads\/2025\/02\/IMG20250204101312-2048x1153.jpg 2048w\" sizes=\"(max-width: 1024px) 100vw, 1024px\" \/><figcaption class=\"wp-element-caption\">oplus_0<\/figcaption><\/figure>\n\n\n\n<p class=\"has-medium-font-size\">Dup\u0103 patru ani de investi\u021bii inteligente \u0219i munc\u0103 zi \u0219i noapte \u00een echip\u0103 cu aparatul administrativ al Prim\u0103riei dar \u0219i printr-un front comun cu cet\u0103\u021benii, edilul Claudiu Ila\u0219 continu\u0103 dezvoltarea. Chiar dac\u0103 recesiunea economic\u0103 p\u00e2nde\u0219te hulpav\u0103 na\u021biunea. <\/p>\n\n\n\n<p class=\"has-medium-font-size\">Cum se descurc\u0103 primarul actualmente, ce inten\u021bioneaz\u0103 s\u0103 fac\u0103 \u00een perioada urm\u0103toare \u00een satele comunei, cine \u00eel ajut\u0103 \u0219i mai ales cum vrea s\u0103 dovedeasc\u0103 temeinic leg\u0103tura sa cu comunitatea, urm\u0103ri\u021bi \u00een interviul de mai jos. <\/p>\n\n\n\n<iframe width=\"916\" height=\"515\" src=\"https:\/\/www.youtube.com\/embed\/pXD4qAMqsO4\" title=\"Taramul nazuintelor implinite, Dangeni\" frameborder=\"0\" allow=\"accelerometer; autoplay; clipboard-write; encrypted-media; gyroscope; picture-in-picture; web-share\" referrerpolicy=\"strict-origin-when-cross-origin\" allowfullscreen><\/iframe>\n\n\n\n<figure class=\"wp-block-image size-large\"><img decoding=\"async\" width=\"1024\" height=\"576\" src=\"https:\/\/curierulsatelor.ro\/wp\/wp-content\/uploads\/2025\/02\/IMG20250204101050-1024x576.jpg\" alt=\"\" class=\"wp-image-15090\" srcset=\"https:\/\/curierulsatelor.ro\/wp\/wp-content\/uploads\/2025\/02\/IMG20250204101050-1024x576.jpg 1024w, https:\/\/curierulsatelor.ro\/wp\/wp-content\/uploads\/2025\/02\/IMG20250204101050-300x169.jpg 300w, https:\/\/curierulsatelor.ro\/wp\/wp-content\/uploads\/2025\/02\/IMG20250204101050-768x432.jpg 768w, https:\/\/curierulsatelor.ro\/wp\/wp-content\/uploads\/2025\/02\/IMG20250204101050-1536x864.jpg 1536w, https:\/\/curierulsatelor.ro\/wp\/wp-content\/uploads\/2025\/02\/IMG20250204101050-2048x1153.jpg 2048w\" sizes=\"(max-width: 1024px) 100vw, 1024px\" \/><figcaption class=\"wp-element-caption\">oplus_0<\/figcaption><\/figure>\n\n\n\n<figure class=\"wp-block-image size-large\"><img decoding=\"async\" width=\"1024\" height=\"576\" src=\"https:\/\/curierulsatelor.ro\/wp\/wp-content\/uploads\/2025\/02\/IMG20250204101040-1024x576.jpg\" alt=\"\" class=\"wp-image-15091\" srcset=\"https:\/\/curierulsatelor.ro\/wp\/wp-content\/uploads\/2025\/02\/IMG20250204101040-1024x576.jpg 1024w, https:\/\/curierulsatelor.ro\/wp\/wp-content\/uploads\/2025\/02\/IMG20250204101040-300x169.jpg 300w, https:\/\/curierulsatelor.ro\/wp\/wp-content\/uploads\/2025\/02\/IMG20250204101040-768x432.jpg 768w, https:\/\/curierulsatelor.ro\/wp\/wp-content\/uploads\/2025\/02\/IMG20250204101040-1536x864.jpg 1536w, https:\/\/curierulsatelor.ro\/wp\/wp-content\/uploads\/2025\/02\/IMG20250204101040-2048x1153.jpg 2048w\" sizes=\"(max-width: 1024px) 100vw, 1024px\" \/><figcaption class=\"wp-element-caption\">oplus_0<\/figcaption><\/figure>\n\n\n\n<figure class=\"wp-block-image size-large\"><img loading=\"lazy\" decoding=\"async\" width=\"1024\" height=\"576\" src=\"https:\/\/curierulsatelor.ro\/wp\/wp-content\/uploads\/2025\/02\/IMG20250204101111-1024x576.jpg\" alt=\"\" class=\"wp-image-15092\" srcset=\"https:\/\/curierulsatelor.ro\/wp\/wp-content\/uploads\/2025\/02\/IMG20250204101111-1024x576.jpg 1024w, https:\/\/curierulsatelor.ro\/wp\/wp-content\/uploads\/2025\/02\/IMG20250204101111-300x169.jpg 300w, https:\/\/curierulsatelor.ro\/wp\/wp-content\/uploads\/2025\/02\/IMG20250204101111-768x432.jpg 768w, https:\/\/curierulsatelor.ro\/wp\/wp-content\/uploads\/2025\/02\/IMG20250204101111-1536x864.jpg 1536w, https:\/\/curierulsatelor.ro\/wp\/wp-content\/uploads\/2025\/02\/IMG20250204101111-2048x1153.jpg 2048w\" sizes=\"(max-width: 1024px) 100vw, 1024px\" \/><figcaption class=\"wp-element-caption\">oplus_0<\/figcaption><\/figure>\n\n\n\n<figure class=\"wp-block-image size-large\"><img loading=\"lazy\" decoding=\"async\" width=\"1024\" height=\"576\" src=\"https:\/\/curierulsatelor.ro\/wp\/wp-content\/uploads\/2025\/02\/IMG20250204101334-1024x576.jpg\" alt=\"\" class=\"wp-image-15093\" srcset=\"https:\/\/curierulsatelor.ro\/wp\/wp-content\/uploads\/2025\/02\/IMG20250204101334-1024x576.jpg 1024w, https:\/\/curierulsatelor.ro\/wp\/wp-content\/uploads\/2025\/02\/IMG20250204101334-300x169.jpg 300w, https:\/\/curierulsatelor.ro\/wp\/wp-content\/uploads\/2025\/02\/IMG20250204101334-768x432.jpg 768w, https:\/\/curierulsatelor.ro\/wp\/wp-content\/uploads\/2025\/02\/IMG20250204101334-1536x864.jpg 1536w, https:\/\/curierulsatelor.ro\/wp\/wp-content\/uploads\/2025\/02\/IMG20250204101334-2048x1153.jpg 2048w\" sizes=\"(max-width: 1024px) 100vw, 1024px\" \/><figcaption class=\"wp-element-caption\">oplus_0<\/figcaption><\/figure>\n","protected":false},"excerpt":{"rendered":"<p>Dup\u0103 ce \u00een urm\u0103 cu circa 5 ani era cunoscut\u0103 \u00een toat\u0103 \u021bara ca localitatea&#8230;<\/p>\n","protected":false},"author":1,"featured_media":15094,"comment_status":"open","ping_status":"open","sticky":false,"template":"","format":"standard","meta":{"footnotes":""},"categories":[5,19,3],"tags":[],"class_list":["post-15088","post","type-post","status-publish","format-standard","has-post-thumbnail","hentry","category-administratie","category-curierul-tvr","category-lumea-satelor"],"yoast_head":"<!-- This site is optimized with the Yoast SEO plugin v27.4 - https:\/\/yoast.com\/product\/yoast-seo-wordpress\/ -->\n<title>T\u0103r\u00e2mul n\u0103zuin\u021belor \u00eemplinite - D\u00e2ngeni - video Curierul TV(R) - Curierul Regional<\/title>\n<meta name=\"robots\" content=\"index, follow, max-snippet:-1, max-image-preview:large, max-video-preview:-1\" \/>\n<link rel=\"canonical\" href=\"https:\/\/curierulsatelor.ro\/wp\/2025\/02\/06\/taramul-nazuintelor-implinite-dangeni-video-curierul-tvr\/\" \/>\n<meta property=\"og:locale\" content=\"ro_RO\" \/>\n<meta property=\"og:type\" content=\"article\" \/>\n<meta property=\"og:title\" content=\"T\u0103r\u00e2mul n\u0103zuin\u021belor \u00eemplinite - D\u00e2ngeni - video Curierul TV(R) - Curierul Regional\" \/>\n<meta property=\"og:description\" content=\"Dup\u0103 ce \u00een urm\u0103 cu circa 5 ani era cunoscut\u0103 \u00een toat\u0103 \u021bara ca localitatea...\" \/>\n<meta property=\"og:url\" content=\"https:\/\/curierulsatelor.ro\/wp\/2025\/02\/06\/taramul-nazuintelor-implinite-dangeni-video-curierul-tvr\/\" \/>\n<meta property=\"og:site_name\" content=\"Curierul Regional\" \/>\n<meta property=\"article:published_time\" content=\"2025-02-06T11:07:04+00:00\" \/>\n<meta property=\"og:image\" content=\"https:\/\/curierulsatelor.ro\/wp\/wp-content\/uploads\/2025\/02\/Claudiu-Ilas-primar-Dangeni-scaled.jpg\" \/>\n\t<meta property=\"og:image:width\" content=\"2560\" \/>\n\t<meta property=\"og:image:height\" content=\"1630\" \/>\n\t<meta property=\"og:image:type\" content=\"image\/jpeg\" \/>\n<meta name=\"author\" content=\"Marian Morosan\" \/>\n<meta name=\"twitter:card\" content=\"summary_large_image\" \/>\n<meta name=\"twitter:label1\" content=\"Scris de\" \/>\n\t<meta name=\"twitter:data1\" content=\"Marian Morosan\" \/>\n\t<meta name=\"twitter:label2\" content=\"Timp estimat pentru citire\" \/>\n\t<meta name=\"twitter:data2\" content=\"2 minute\" \/>\n<script type=\"application\/ld+json\" class=\"yoast-schema-graph\">{\"@context\":\"https:\\\/\\\/schema.org\",\"@graph\":[{\"@type\":\"Article\",\"@id\":\"https:\\\/\\\/curierulsatelor.ro\\\/wp\\\/2025\\\/02\\\/06\\\/taramul-nazuintelor-implinite-dangeni-video-curierul-tvr\\\/#article\",\"isPartOf\":{\"@id\":\"https:\\\/\\\/curierulsatelor.ro\\\/wp\\\/2025\\\/02\\\/06\\\/taramul-nazuintelor-implinite-dangeni-video-curierul-tvr\\\/\"},\"author\":{\"name\":\"Marian Morosan\",\"@id\":\"https:\\\/\\\/curierulsatelor.ro\\\/wp\\\/#\\\/schema\\\/person\\\/6f6b28a030e15d619a82894773d6e7b9\"},\"headline\":\"T\u0103r\u00e2mul n\u0103zuin\u021belor \u00eemplinite &#8211; D\u00e2ngeni &#8211; video Curierul TV(R)\",\"datePublished\":\"2025-02-06T11:07:04+00:00\",\"mainEntityOfPage\":{\"@id\":\"https:\\\/\\\/curierulsatelor.ro\\\/wp\\\/2025\\\/02\\\/06\\\/taramul-nazuintelor-implinite-dangeni-video-curierul-tvr\\\/\"},\"wordCount\":179,\"commentCount\":0,\"publisher\":{\"@id\":\"https:\\\/\\\/curierulsatelor.ro\\\/wp\\\/#organization\"},\"image\":{\"@id\":\"https:\\\/\\\/curierulsatelor.ro\\\/wp\\\/2025\\\/02\\\/06\\\/taramul-nazuintelor-implinite-dangeni-video-curierul-tvr\\\/#primaryimage\"},\"thumbnailUrl\":\"https:\\\/\\\/curierulsatelor.ro\\\/wp\\\/wp-content\\\/uploads\\\/2025\\\/02\\\/Claudiu-Ilas-primar-Dangeni-scaled.jpg\",\"articleSection\":[\"Administratie\",\"Curierul TV(R)\",\"Lumea satelor\"],\"inLanguage\":\"ro-RO\",\"potentialAction\":[{\"@type\":\"CommentAction\",\"name\":\"Comment\",\"target\":[\"https:\\\/\\\/curierulsatelor.ro\\\/wp\\\/2025\\\/02\\\/06\\\/taramul-nazuintelor-implinite-dangeni-video-curierul-tvr\\\/#respond\"]}]},{\"@type\":\"WebPage\",\"@id\":\"https:\\\/\\\/curierulsatelor.ro\\\/wp\\\/2025\\\/02\\\/06\\\/taramul-nazuintelor-implinite-dangeni-video-curierul-tvr\\\/\",\"url\":\"https:\\\/\\\/curierulsatelor.ro\\\/wp\\\/2025\\\/02\\\/06\\\/taramul-nazuintelor-implinite-dangeni-video-curierul-tvr\\\/\",\"name\":\"T\u0103r\u00e2mul n\u0103zuin\u021belor \u00eemplinite - D\u00e2ngeni - video Curierul TV(R) - Curierul Regional\",\"isPartOf\":{\"@id\":\"https:\\\/\\\/curierulsatelor.ro\\\/wp\\\/#website\"},\"primaryImageOfPage\":{\"@id\":\"https:\\\/\\\/curierulsatelor.ro\\\/wp\\\/2025\\\/02\\\/06\\\/taramul-nazuintelor-implinite-dangeni-video-curierul-tvr\\\/#primaryimage\"},\"image\":{\"@id\":\"https:\\\/\\\/curierulsatelor.ro\\\/wp\\\/2025\\\/02\\\/06\\\/taramul-nazuintelor-implinite-dangeni-video-curierul-tvr\\\/#primaryimage\"},\"thumbnailUrl\":\"https:\\\/\\\/curierulsatelor.ro\\\/wp\\\/wp-content\\\/uploads\\\/2025\\\/02\\\/Claudiu-Ilas-primar-Dangeni-scaled.jpg\",\"datePublished\":\"2025-02-06T11:07:04+00:00\",\"breadcrumb\":{\"@id\":\"https:\\\/\\\/curierulsatelor.ro\\\/wp\\\/2025\\\/02\\\/06\\\/taramul-nazuintelor-implinite-dangeni-video-curierul-tvr\\\/#breadcrumb\"},\"inLanguage\":\"ro-RO\",\"potentialAction\":[{\"@type\":\"ReadAction\",\"target\":[\"https:\\\/\\\/curierulsatelor.ro\\\/wp\\\/2025\\\/02\\\/06\\\/taramul-nazuintelor-implinite-dangeni-video-curierul-tvr\\\/\"]}]},{\"@type\":\"ImageObject\",\"inLanguage\":\"ro-RO\",\"@id\":\"https:\\\/\\\/curierulsatelor.ro\\\/wp\\\/2025\\\/02\\\/06\\\/taramul-nazuintelor-implinite-dangeni-video-curierul-tvr\\\/#primaryimage\",\"url\":\"https:\\\/\\\/curierulsatelor.ro\\\/wp\\\/wp-content\\\/uploads\\\/2025\\\/02\\\/Claudiu-Ilas-primar-Dangeni-scaled.jpg\",\"contentUrl\":\"https:\\\/\\\/curierulsatelor.ro\\\/wp\\\/wp-content\\\/uploads\\\/2025\\\/02\\\/Claudiu-Ilas-primar-Dangeni-scaled.jpg\",\"width\":2560,\"height\":1630},{\"@type\":\"BreadcrumbList\",\"@id\":\"https:\\\/\\\/curierulsatelor.ro\\\/wp\\\/2025\\\/02\\\/06\\\/taramul-nazuintelor-implinite-dangeni-video-curierul-tvr\\\/#breadcrumb\",\"itemListElement\":[{\"@type\":\"ListItem\",\"position\":1,\"name\":\"Prima pagin\u0103\",\"item\":\"https:\\\/\\\/curierulsatelor.ro\\\/wp\\\/\"},{\"@type\":\"ListItem\",\"position\":2,\"name\":\"T\u0103r\u00e2mul n\u0103zuin\u021belor \u00eemplinite &#8211; D\u00e2ngeni &#8211; video Curierul TV(R)\"}]},{\"@type\":\"WebSite\",\"@id\":\"https:\\\/\\\/curierulsatelor.ro\\\/wp\\\/#website\",\"url\":\"https:\\\/\\\/curierulsatelor.ro\\\/wp\\\/\",\"name\":\"Curierul Regional\",\"description\":\"\",\"publisher\":{\"@id\":\"https:\\\/\\\/curierulsatelor.ro\\\/wp\\\/#organization\"},\"potentialAction\":[{\"@type\":\"SearchAction\",\"target\":{\"@type\":\"EntryPoint\",\"urlTemplate\":\"https:\\\/\\\/curierulsatelor.ro\\\/wp\\\/?s={search_term_string}\"},\"query-input\":{\"@type\":\"PropertyValueSpecification\",\"valueRequired\":true,\"valueName\":\"search_term_string\"}}],\"inLanguage\":\"ro-RO\"},{\"@type\":\"Organization\",\"@id\":\"https:\\\/\\\/curierulsatelor.ro\\\/wp\\\/#organization\",\"name\":\"Curierul Regional\",\"url\":\"https:\\\/\\\/curierulsatelor.ro\\\/wp\\\/\",\"logo\":{\"@type\":\"ImageObject\",\"inLanguage\":\"ro-RO\",\"@id\":\"https:\\\/\\\/curierulsatelor.ro\\\/wp\\\/#\\\/schema\\\/logo\\\/image\\\/\",\"url\":\"https:\\\/\\\/curierulsatelor.ro\\\/wp\\\/wp-content\\\/uploads\\\/2020\\\/01\\\/Curierul-Regional-si-Curierul-satelor-logo-header.png\",\"contentUrl\":\"https:\\\/\\\/curierulsatelor.ro\\\/wp\\\/wp-content\\\/uploads\\\/2020\\\/01\\\/Curierul-Regional-si-Curierul-satelor-logo-header.png\",\"width\":2943,\"height\":685,\"caption\":\"Curierul Regional\"},\"image\":{\"@id\":\"https:\\\/\\\/curierulsatelor.ro\\\/wp\\\/#\\\/schema\\\/logo\\\/image\\\/\"}},{\"@type\":\"Person\",\"@id\":\"https:\\\/\\\/curierulsatelor.ro\\\/wp\\\/#\\\/schema\\\/person\\\/6f6b28a030e15d619a82894773d6e7b9\",\"name\":\"Marian Morosan\",\"image\":{\"@type\":\"ImageObject\",\"inLanguage\":\"ro-RO\",\"@id\":\"https:\\\/\\\/secure.gravatar.com\\\/avatar\\\/2e833cc9ab99e6bca46266d4ad9030d308346ff7ff0b6b955c29b74cafaf064b?s=96&d=mm&r=g\",\"url\":\"https:\\\/\\\/secure.gravatar.com\\\/avatar\\\/2e833cc9ab99e6bca46266d4ad9030d308346ff7ff0b6b955c29b74cafaf064b?s=96&d=mm&r=g\",\"contentUrl\":\"https:\\\/\\\/secure.gravatar.com\\\/avatar\\\/2e833cc9ab99e6bca46266d4ad9030d308346ff7ff0b6b955c29b74cafaf064b?s=96&d=mm&r=g\",\"caption\":\"Marian Morosan\"},\"description\":\"Copiilor no\u015ftri li se preg\u0103te\u015fte, incon\u015ftient, o lume de joben ciuruit, din care niciodat\u0103 nu iese iepura\u015ful. Doar panglicile politicilor sociale roase de moliile cu \u015ftaif din ultimele decenii. Suntem oropsi\u0163i, suntem dispera\u0163i, manipula\u0163i p\u00e2n\u0103 acolo \u00eenc\u00e2t ne bucur\u0103m s\u0103 fim masa de manevr\u0103 a unora \u015fi s\u0103 sus\u0163inem c\u0103 a\u015fa e normal. Acum \u00eel \u00een\u0163eleg pe Cioran, dar \u00eel \u00een\u0163eleg mai bine \u015fi pe Preda. \u015ei m\u0103 g\u00e2ndesc iar, cu groaz\u0103, la copilul meu. Cel pu\u0163in eu nu \u00eemi doresc s\u0103 \u015ftiu c\u0103 micu\u0163ul meu va fi singur, cu sufletul descul\u0163, prin jungla mileniului III ! https:\\\/\\\/curierulsatelor.ro\\\/wp\\\/2019\\\/10\\\/16\\\/cu-sufletul-descult-prin-jungla-mileniului-iii-editorial\\\/\",\"sameAs\":[\"http:\\\/\\\/admin\"],\"url\":\"https:\\\/\\\/curierulsatelor.ro\\\/wp\\\/author\\\/admin\\\/\"}]}<\/script>\n<!-- \/ Yoast SEO plugin. -->","yoast_head_json":{"title":"T\u0103r\u00e2mul n\u0103zuin\u021belor \u00eemplinite - D\u00e2ngeni - video Curierul TV(R) - Curierul Regional","robots":{"index":"index","follow":"follow","max-snippet":"max-snippet:-1","max-image-preview":"max-image-preview:large","max-video-preview":"max-video-preview:-1"},"canonical":"https:\/\/curierulsatelor.ro\/wp\/2025\/02\/06\/taramul-nazuintelor-implinite-dangeni-video-curierul-tvr\/","og_locale":"ro_RO","og_type":"article","og_title":"T\u0103r\u00e2mul n\u0103zuin\u021belor \u00eemplinite - D\u00e2ngeni - video Curierul TV(R) - Curierul Regional","og_description":"Dup\u0103 ce \u00een urm\u0103 cu circa 5 ani era cunoscut\u0103 \u00een toat\u0103 \u021bara ca localitatea...","og_url":"https:\/\/curierulsatelor.ro\/wp\/2025\/02\/06\/taramul-nazuintelor-implinite-dangeni-video-curierul-tvr\/","og_site_name":"Curierul Regional","article_published_time":"2025-02-06T11:07:04+00:00","og_image":[{"width":2560,"height":1630,"url":"https:\/\/curierulsatelor.ro\/wp\/wp-content\/uploads\/2025\/02\/Claudiu-Ilas-primar-Dangeni-scaled.jpg","type":"image\/jpeg"}],"author":"Marian Morosan","twitter_card":"summary_large_image","twitter_misc":{"Scris de":"Marian Morosan","Timp estimat pentru citire":"2 minute"},"schema":{"@context":"https:\/\/schema.org","@graph":[{"@type":"Article","@id":"https:\/\/curierulsatelor.ro\/wp\/2025\/02\/06\/taramul-nazuintelor-implinite-dangeni-video-curierul-tvr\/#article","isPartOf":{"@id":"https:\/\/curierulsatelor.ro\/wp\/2025\/02\/06\/taramul-nazuintelor-implinite-dangeni-video-curierul-tvr\/"},"author":{"name":"Marian Morosan","@id":"https:\/\/curierulsatelor.ro\/wp\/#\/schema\/person\/6f6b28a030e15d619a82894773d6e7b9"},"headline":"T\u0103r\u00e2mul n\u0103zuin\u021belor \u00eemplinite &#8211; D\u00e2ngeni &#8211; video Curierul TV(R)","datePublished":"2025-02-06T11:07:04+00:00","mainEntityOfPage":{"@id":"https:\/\/curierulsatelor.ro\/wp\/2025\/02\/06\/taramul-nazuintelor-implinite-dangeni-video-curierul-tvr\/"},"wordCount":179,"commentCount":0,"publisher":{"@id":"https:\/\/curierulsatelor.ro\/wp\/#organization"},"image":{"@id":"https:\/\/curierulsatelor.ro\/wp\/2025\/02\/06\/taramul-nazuintelor-implinite-dangeni-video-curierul-tvr\/#primaryimage"},"thumbnailUrl":"https:\/\/curierulsatelor.ro\/wp\/wp-content\/uploads\/2025\/02\/Claudiu-Ilas-primar-Dangeni-scaled.jpg","articleSection":["Administratie","Curierul TV(R)","Lumea satelor"],"inLanguage":"ro-RO","potentialAction":[{"@type":"CommentAction","name":"Comment","target":["https:\/\/curierulsatelor.ro\/wp\/2025\/02\/06\/taramul-nazuintelor-implinite-dangeni-video-curierul-tvr\/#respond"]}]},{"@type":"WebPage","@id":"https:\/\/curierulsatelor.ro\/wp\/2025\/02\/06\/taramul-nazuintelor-implinite-dangeni-video-curierul-tvr\/","url":"https:\/\/curierulsatelor.ro\/wp\/2025\/02\/06\/taramul-nazuintelor-implinite-dangeni-video-curierul-tvr\/","name":"T\u0103r\u00e2mul n\u0103zuin\u021belor \u00eemplinite - D\u00e2ngeni - video Curierul TV(R) - Curierul Regional","isPartOf":{"@id":"https:\/\/curierulsatelor.ro\/wp\/#website"},"primaryImageOfPage":{"@id":"https:\/\/curierulsatelor.ro\/wp\/2025\/02\/06\/taramul-nazuintelor-implinite-dangeni-video-curierul-tvr\/#primaryimage"},"image":{"@id":"https:\/\/curierulsatelor.ro\/wp\/2025\/02\/06\/taramul-nazuintelor-implinite-dangeni-video-curierul-tvr\/#primaryimage"},"thumbnailUrl":"https:\/\/curierulsatelor.ro\/wp\/wp-content\/uploads\/2025\/02\/Claudiu-Ilas-primar-Dangeni-scaled.jpg","datePublished":"2025-02-06T11:07:04+00:00","breadcrumb":{"@id":"https:\/\/curierulsatelor.ro\/wp\/2025\/02\/06\/taramul-nazuintelor-implinite-dangeni-video-curierul-tvr\/#breadcrumb"},"inLanguage":"ro-RO","potentialAction":[{"@type":"ReadAction","target":["https:\/\/curierulsatelor.ro\/wp\/2025\/02\/06\/taramul-nazuintelor-implinite-dangeni-video-curierul-tvr\/"]}]},{"@type":"ImageObject","inLanguage":"ro-RO","@id":"https:\/\/curierulsatelor.ro\/wp\/2025\/02\/06\/taramul-nazuintelor-implinite-dangeni-video-curierul-tvr\/#primaryimage","url":"https:\/\/curierulsatelor.ro\/wp\/wp-content\/uploads\/2025\/02\/Claudiu-Ilas-primar-Dangeni-scaled.jpg","contentUrl":"https:\/\/curierulsatelor.ro\/wp\/wp-content\/uploads\/2025\/02\/Claudiu-Ilas-primar-Dangeni-scaled.jpg","width":2560,"height":1630},{"@type":"BreadcrumbList","@id":"https:\/\/curierulsatelor.ro\/wp\/2025\/02\/06\/taramul-nazuintelor-implinite-dangeni-video-curierul-tvr\/#breadcrumb","itemListElement":[{"@type":"ListItem","position":1,"name":"Prima pagin\u0103","item":"https:\/\/curierulsatelor.ro\/wp\/"},{"@type":"ListItem","position":2,"name":"T\u0103r\u00e2mul n\u0103zuin\u021belor \u00eemplinite &#8211; D\u00e2ngeni &#8211; video Curierul TV(R)"}]},{"@type":"WebSite","@id":"https:\/\/curierulsatelor.ro\/wp\/#website","url":"https:\/\/curierulsatelor.ro\/wp\/","name":"Curierul Regional","description":"","publisher":{"@id":"https:\/\/curierulsatelor.ro\/wp\/#organization"},"potentialAction":[{"@type":"SearchAction","target":{"@type":"EntryPoint","urlTemplate":"https:\/\/curierulsatelor.ro\/wp\/?s={search_term_string}"},"query-input":{"@type":"PropertyValueSpecification","valueRequired":true,"valueName":"search_term_string"}}],"inLanguage":"ro-RO"},{"@type":"Organization","@id":"https:\/\/curierulsatelor.ro\/wp\/#organization","name":"Curierul Regional","url":"https:\/\/curierulsatelor.ro\/wp\/","logo":{"@type":"ImageObject","inLanguage":"ro-RO","@id":"https:\/\/curierulsatelor.ro\/wp\/#\/schema\/logo\/image\/","url":"https:\/\/curierulsatelor.ro\/wp\/wp-content\/uploads\/2020\/01\/Curierul-Regional-si-Curierul-satelor-logo-header.png","contentUrl":"https:\/\/curierulsatelor.ro\/wp\/wp-content\/uploads\/2020\/01\/Curierul-Regional-si-Curierul-satelor-logo-header.png","width":2943,"height":685,"caption":"Curierul Regional"},"image":{"@id":"https:\/\/curierulsatelor.ro\/wp\/#\/schema\/logo\/image\/"}},{"@type":"Person","@id":"https:\/\/curierulsatelor.ro\/wp\/#\/schema\/person\/6f6b28a030e15d619a82894773d6e7b9","name":"Marian Morosan","image":{"@type":"ImageObject","inLanguage":"ro-RO","@id":"https:\/\/secure.gravatar.com\/avatar\/2e833cc9ab99e6bca46266d4ad9030d308346ff7ff0b6b955c29b74cafaf064b?s=96&d=mm&r=g","url":"https:\/\/secure.gravatar.com\/avatar\/2e833cc9ab99e6bca46266d4ad9030d308346ff7ff0b6b955c29b74cafaf064b?s=96&d=mm&r=g","contentUrl":"https:\/\/secure.gravatar.com\/avatar\/2e833cc9ab99e6bca46266d4ad9030d308346ff7ff0b6b955c29b74cafaf064b?s=96&d=mm&r=g","caption":"Marian Morosan"},"description":"Copiilor no\u015ftri li se preg\u0103te\u015fte, incon\u015ftient, o lume de joben ciuruit, din care niciodat\u0103 nu iese iepura\u015ful. Doar panglicile politicilor sociale roase de moliile cu \u015ftaif din ultimele decenii. Suntem oropsi\u0163i, suntem dispera\u0163i, manipula\u0163i p\u00e2n\u0103 acolo \u00eenc\u00e2t ne bucur\u0103m s\u0103 fim masa de manevr\u0103 a unora \u015fi s\u0103 sus\u0163inem c\u0103 a\u015fa e normal. Acum \u00eel \u00een\u0163eleg pe Cioran, dar \u00eel \u00een\u0163eleg mai bine \u015fi pe Preda. \u015ei m\u0103 g\u00e2ndesc iar, cu groaz\u0103, la copilul meu. Cel pu\u0163in eu nu \u00eemi doresc s\u0103 \u015ftiu c\u0103 micu\u0163ul meu va fi singur, cu sufletul descul\u0163, prin jungla mileniului III ! https:\/\/curierulsatelor.ro\/wp\/2019\/10\/16\/cu-sufletul-descult-prin-jungla-mileniului-iii-editorial\/","sameAs":["http:\/\/admin"],"url":"https:\/\/curierulsatelor.ro\/wp\/author\/admin\/"}]}},"_links":{"self":[{"href":"https:\/\/curierulsatelor.ro\/wp\/wp-json\/wp\/v2\/posts\/15088","targetHints":{"allow":["GET"]}}],"collection":[{"href":"https:\/\/curierulsatelor.ro\/wp\/wp-json\/wp\/v2\/posts"}],"about":[{"href":"https:\/\/curierulsatelor.ro\/wp\/wp-json\/wp\/v2\/types\/post"}],"author":[{"embeddable":true,"href":"https:\/\/curierulsatelor.ro\/wp\/wp-json\/wp\/v2\/users\/1"}],"replies":[{"embeddable":true,"href":"https:\/\/curierulsatelor.ro\/wp\/wp-json\/wp\/v2\/comments?post=15088"}],"version-history":[{"count":1,"href":"https:\/\/curierulsatelor.ro\/wp\/wp-json\/wp\/v2\/posts\/15088\/revisions"}],"predecessor-version":[{"id":15095,"href":"https:\/\/curierulsatelor.ro\/wp\/wp-json\/wp\/v2\/posts\/15088\/revisions\/15095"}],"wp:featuredmedia":[{"embeddable":true,"href":"https:\/\/curierulsatelor.ro\/wp\/wp-json\/wp\/v2\/media\/15094"}],"wp:attachment":[{"href":"https:\/\/curierulsatelor.ro\/wp\/wp-json\/wp\/v2\/media?parent=15088"}],"wp:term":[{"taxonomy":"category","embeddable":true,"href":"https:\/\/curierulsatelor.ro\/wp\/wp-json\/wp\/v2\/categories?post=15088"},{"taxonomy":"post_tag","embeddable":true,"href":"https:\/\/curierulsatelor.ro\/wp\/wp-json\/wp\/v2\/tags?post=15088"}],"curies":[{"name":"wp","href":"https:\/\/api.w.org\/{rel}","templated":true}]}}