{"id":1511,"date":"2020-02-21T05:02:29","date_gmt":"2020-02-21T05:02:29","guid":{"rendered":"https:\/\/curierulsatelor.ro\/wp\/?p=1511"},"modified":"2020-02-21T05:02:35","modified_gmt":"2020-02-21T05:02:35","slug":"inca-9-cu-alde-in-frunte-pentru-judetul-botosani-foto-video","status":"publish","type":"post","link":"https:\/\/curierulsatelor.ro\/wp\/2020\/02\/21\/inca-9-cu-alde-in-frunte-pentru-judetul-botosani-foto-video\/","title":{"rendered":"\u00cenc\u0103 9 cu ALDE \u00een frunte pentru jude\u021bul Boto\u0219ani &#8211; Foto\/Video"},"content":{"rendered":"\n<p>ALDE Boto\u0219ani a adus \u00een fa\u021ba ferestrei c\u0103tre public, \u00een fa\u021ba presei, \u00eenc\u0103 9 viitori candida\u021bi la prim\u0103riile din jude\u021b. Primul prezentat a fost prezentat candidatul pentru prim\u0103ria din Mihai Eminescu, doctorul veterinar Dumitru Todireanu. La Corni, ALDE va intra \u00een cursa electoral\u0103 cu Ionu\u021b Gaidur, fiul fostului primar de Nic\u0219eni. Ionu\u021b este c\u0103s\u0103torit cu fata unui om de afaceri care se ocup\u0103 de transporturi, iar el are o afacere \u00een domeniul agricol \u0219i zootehnic. La Bucecea, candidatul partidului pentru Prim\u0103rie va fi Cristina D\u0103sc\u0103lescu, so\u021bia vicepre\u0219edintelui ALDE Boto\u0219ani, Bogdan D\u0103sc\u0103lescu. Cristina este inginer biochimist \u0219i, din 2013, \u00eempreun\u0103 cu so\u021bul se ocup\u0103 de afacerea proprie. Cristian Aro\u0219culesei, om de afaceri, va candida la C\u00e2nde\u0219ti. La George Enescu, ALDE va intra \u00een cursa electoral\u0103 cu Alin Chior\u0103scu, pensionar MAI. Despre el se \u0219tie c\u0103, din resurse proprii, a \u00eenfiin\u021bat \u00een comuna George Enescu o asocia\u021bie cultural\u0103 ce are \u0219i un ansamblu popular condus de viitorul candidat. A mai fost consilier \u00een perioada 2004-2008. C\u0103t\u0103lin Constantin Iftimie, subofi\u021ber \u00een rezerv\u0103, a lucrat \u00een MAI Boto\u0219ani. Acesta provine dintr-o familie de politicieni. C\u00e2nd Comuna Corl\u0103teni nu era separat\u0103 de Dim\u0103cheni, mama lui a fost primar la Corl\u0103teni. C\u0103t\u0103lin va candida acum la Dim\u0103cheni. La \u0218tef\u0103ne\u0219ti va candida t\u00e2n\u0103rul Valeric\u0103 Jijie, inginer agronom \u0219i profesor la liceul din \u0218tef\u0103ne\u0219ti. Candidatul ALDE pentru \u0218tef\u0103ne\u0219ti are \u0219i o afacere \u00een apicultur\u0103 \u0219i este beneficiarul unei finan\u021b\u0103ri europene. Florin Vasile Maxim este un cresc\u0103tor de porci Mangali\u021ba \u0219i va candida la Lunca. Este ginerele preotului din Lunca, student la medicin\u0103 veterinar\u0103. La Mitoc va candida Doru Chiriac. Acesta este om de afaceri, nu a mai f\u0103cut politic\u0103 \u0219i sper\u0103 s\u0103 scoat\u0103 un scor foarte bun la alegerile din var\u0103.<\/p>\n\n\n\n<iframe width=\"949\" height=\"534\" src=\"https:\/\/www.youtube.com\/embed\/wdcxWQE_7c8\" frameborder=\"0\" allow=\"accelerometer; autoplay; encrypted-media; gyroscope; picture-in-picture\" allowfullscreen><\/iframe>\n\n\n\n<figure class=\"wp-block-image\"><img fetchpriority=\"high\" decoding=\"async\" width=\"4608\" height=\"3456\" src=\"https:\/\/i1.wp.com\/curierulsatelor.ro\/wp\/wp-content\/uploads\/2020\/02\/Candidati-ALDE-Botosani-1.jpg?fit=640%2C480&amp;ssl=1\" alt=\"\" class=\"wp-image-1512\" srcset=\"https:\/\/curierulsatelor.ro\/wp\/wp-content\/uploads\/2020\/02\/Candidati-ALDE-Botosani-1.jpg 4608w, https:\/\/curierulsatelor.ro\/wp\/wp-content\/uploads\/2020\/02\/Candidati-ALDE-Botosani-1-300x225.jpg 300w, https:\/\/curierulsatelor.ro\/wp\/wp-content\/uploads\/2020\/02\/Candidati-ALDE-Botosani-1-768x576.jpg 768w, https:\/\/curierulsatelor.ro\/wp\/wp-content\/uploads\/2020\/02\/Candidati-ALDE-Botosani-1-1024x768.jpg 1024w\" sizes=\"(max-width: 4608px) 100vw, 4608px\" \/><\/figure>\n\n\n\n<figure class=\"wp-block-image\"><img decoding=\"async\" width=\"4608\" height=\"3456\" src=\"https:\/\/i0.wp.com\/curierulsatelor.ro\/wp\/wp-content\/uploads\/2020\/02\/Candidati-ALDE-Botosani-2.jpg?fit=640%2C480&amp;ssl=1\" alt=\"\" class=\"wp-image-1513\" srcset=\"https:\/\/curierulsatelor.ro\/wp\/wp-content\/uploads\/2020\/02\/Candidati-ALDE-Botosani-2.jpg 4608w, https:\/\/curierulsatelor.ro\/wp\/wp-content\/uploads\/2020\/02\/Candidati-ALDE-Botosani-2-300x225.jpg 300w, https:\/\/curierulsatelor.ro\/wp\/wp-content\/uploads\/2020\/02\/Candidati-ALDE-Botosani-2-768x576.jpg 768w, https:\/\/curierulsatelor.ro\/wp\/wp-content\/uploads\/2020\/02\/Candidati-ALDE-Botosani-2-1024x768.jpg 1024w\" sizes=\"(max-width: 4608px) 100vw, 4608px\" \/><\/figure>\n\n\n\n<figure class=\"wp-block-image\"><img decoding=\"async\" width=\"4608\" height=\"3456\" src=\"https:\/\/i2.wp.com\/curierulsatelor.ro\/wp\/wp-content\/uploads\/2020\/02\/Candidati-ALDE-Botosani-3.jpg?fit=640%2C480&amp;ssl=1\" alt=\"\" class=\"wp-image-1514\" srcset=\"https:\/\/curierulsatelor.ro\/wp\/wp-content\/uploads\/2020\/02\/Candidati-ALDE-Botosani-3.jpg 4608w, https:\/\/curierulsatelor.ro\/wp\/wp-content\/uploads\/2020\/02\/Candidati-ALDE-Botosani-3-300x225.jpg 300w, https:\/\/curierulsatelor.ro\/wp\/wp-content\/uploads\/2020\/02\/Candidati-ALDE-Botosani-3-768x576.jpg 768w, https:\/\/curierulsatelor.ro\/wp\/wp-content\/uploads\/2020\/02\/Candidati-ALDE-Botosani-3-1024x768.jpg 1024w\" sizes=\"(max-width: 4608px) 100vw, 4608px\" \/><\/figure>\n","protected":false},"excerpt":{"rendered":"<p>ALDE Boto\u0219ani a adus \u00een fa\u021ba ferestrei c\u0103tre public, \u00een fa\u021ba presei, \u00eenc\u0103 9 viitori&#8230;<\/p>\n","protected":false},"author":1,"featured_media":1515,"comment_status":"open","ping_status":"open","sticky":false,"template":"","format":"standard","meta":{"footnotes":""},"categories":[14,6],"tags":[],"class_list":["post-1511","post","type-post","status-publish","format-standard","has-post-thumbnail","hentry","category-alde","category-politica"],"yoast_head":"<!-- This site is optimized with the Yoast SEO plugin v27.4 - https:\/\/yoast.com\/product\/yoast-seo-wordpress\/ -->\n<title>\u00cenc\u0103 9 cu ALDE \u00een frunte pentru jude\u021bul Boto\u0219ani - Foto\/Video - Curierul Regional<\/title>\n<meta name=\"robots\" content=\"index, follow, max-snippet:-1, max-image-preview:large, max-video-preview:-1\" \/>\n<link rel=\"canonical\" href=\"https:\/\/curierulsatelor.ro\/wp\/2020\/02\/21\/inca-9-cu-alde-in-frunte-pentru-judetul-botosani-foto-video\/\" \/>\n<meta property=\"og:locale\" content=\"ro_RO\" \/>\n<meta property=\"og:type\" content=\"article\" \/>\n<meta property=\"og:title\" content=\"\u00cenc\u0103 9 cu ALDE \u00een frunte pentru jude\u021bul Boto\u0219ani - Foto\/Video - Curierul Regional\" \/>\n<meta property=\"og:description\" content=\"ALDE Boto\u0219ani a adus \u00een fa\u021ba ferestrei c\u0103tre public, \u00een fa\u021ba presei, \u00eenc\u0103 9 viitori...\" \/>\n<meta property=\"og:url\" content=\"https:\/\/curierulsatelor.ro\/wp\/2020\/02\/21\/inca-9-cu-alde-in-frunte-pentru-judetul-botosani-foto-video\/\" \/>\n<meta property=\"og:site_name\" content=\"Curierul Regional\" \/>\n<meta property=\"article:published_time\" content=\"2020-02-21T05:02:29+00:00\" \/>\n<meta property=\"article:modified_time\" content=\"2020-02-21T05:02:35+00:00\" \/>\n<meta property=\"og:image\" content=\"https:\/\/curierulsatelor.ro\/wp\/wp-content\/uploads\/2020\/02\/ALDE-Bogdan-Dascalescu-si-Floarea-Marocico-1024x774.jpg\" \/>\n\t<meta property=\"og:image:width\" content=\"1024\" \/>\n\t<meta property=\"og:image:height\" content=\"774\" \/>\n\t<meta property=\"og:image:type\" content=\"image\/jpeg\" \/>\n<meta name=\"author\" content=\"Marian Morosan\" \/>\n<meta name=\"twitter:card\" content=\"summary_large_image\" \/>\n<meta name=\"twitter:label1\" content=\"Scris de\" \/>\n\t<meta name=\"twitter:data1\" content=\"Marian Morosan\" \/>\n\t<meta name=\"twitter:label2\" content=\"Timp estimat pentru citire\" \/>\n\t<meta name=\"twitter:data2\" content=\"2 minute\" \/>\n<script type=\"application\/ld+json\" class=\"yoast-schema-graph\">{\"@context\":\"https:\\\/\\\/schema.org\",\"@graph\":[{\"@type\":\"Article\",\"@id\":\"https:\\\/\\\/curierulsatelor.ro\\\/wp\\\/2020\\\/02\\\/21\\\/inca-9-cu-alde-in-frunte-pentru-judetul-botosani-foto-video\\\/#article\",\"isPartOf\":{\"@id\":\"https:\\\/\\\/curierulsatelor.ro\\\/wp\\\/2020\\\/02\\\/21\\\/inca-9-cu-alde-in-frunte-pentru-judetul-botosani-foto-video\\\/\"},\"author\":{\"name\":\"Marian Morosan\",\"@id\":\"https:\\\/\\\/curierulsatelor.ro\\\/wp\\\/#\\\/schema\\\/person\\\/6f6b28a030e15d619a82894773d6e7b9\"},\"headline\":\"\u00cenc\u0103 9 cu ALDE \u00een frunte pentru jude\u021bul Boto\u0219ani &#8211; Foto\\\/Video\",\"datePublished\":\"2020-02-21T05:02:29+00:00\",\"dateModified\":\"2020-02-21T05:02:35+00:00\",\"mainEntityOfPage\":{\"@id\":\"https:\\\/\\\/curierulsatelor.ro\\\/wp\\\/2020\\\/02\\\/21\\\/inca-9-cu-alde-in-frunte-pentru-judetul-botosani-foto-video\\\/\"},\"wordCount\":342,\"commentCount\":0,\"publisher\":{\"@id\":\"https:\\\/\\\/curierulsatelor.ro\\\/wp\\\/#organization\"},\"image\":{\"@id\":\"https:\\\/\\\/curierulsatelor.ro\\\/wp\\\/2020\\\/02\\\/21\\\/inca-9-cu-alde-in-frunte-pentru-judetul-botosani-foto-video\\\/#primaryimage\"},\"thumbnailUrl\":\"https:\\\/\\\/curierulsatelor.ro\\\/wp\\\/wp-content\\\/uploads\\\/2020\\\/02\\\/ALDE-Bogdan-Dascalescu-si-Floarea-Marocico.jpg\",\"articleSection\":[\"ALDE\",\"Politica\"],\"inLanguage\":\"ro-RO\",\"potentialAction\":[{\"@type\":\"CommentAction\",\"name\":\"Comment\",\"target\":[\"https:\\\/\\\/curierulsatelor.ro\\\/wp\\\/2020\\\/02\\\/21\\\/inca-9-cu-alde-in-frunte-pentru-judetul-botosani-foto-video\\\/#respond\"]}]},{\"@type\":\"WebPage\",\"@id\":\"https:\\\/\\\/curierulsatelor.ro\\\/wp\\\/2020\\\/02\\\/21\\\/inca-9-cu-alde-in-frunte-pentru-judetul-botosani-foto-video\\\/\",\"url\":\"https:\\\/\\\/curierulsatelor.ro\\\/wp\\\/2020\\\/02\\\/21\\\/inca-9-cu-alde-in-frunte-pentru-judetul-botosani-foto-video\\\/\",\"name\":\"\u00cenc\u0103 9 cu ALDE \u00een frunte pentru jude\u021bul Boto\u0219ani - Foto\\\/Video - Curierul Regional\",\"isPartOf\":{\"@id\":\"https:\\\/\\\/curierulsatelor.ro\\\/wp\\\/#website\"},\"primaryImageOfPage\":{\"@id\":\"https:\\\/\\\/curierulsatelor.ro\\\/wp\\\/2020\\\/02\\\/21\\\/inca-9-cu-alde-in-frunte-pentru-judetul-botosani-foto-video\\\/#primaryimage\"},\"image\":{\"@id\":\"https:\\\/\\\/curierulsatelor.ro\\\/wp\\\/2020\\\/02\\\/21\\\/inca-9-cu-alde-in-frunte-pentru-judetul-botosani-foto-video\\\/#primaryimage\"},\"thumbnailUrl\":\"https:\\\/\\\/curierulsatelor.ro\\\/wp\\\/wp-content\\\/uploads\\\/2020\\\/02\\\/ALDE-Bogdan-Dascalescu-si-Floarea-Marocico.jpg\",\"datePublished\":\"2020-02-21T05:02:29+00:00\",\"dateModified\":\"2020-02-21T05:02:35+00:00\",\"breadcrumb\":{\"@id\":\"https:\\\/\\\/curierulsatelor.ro\\\/wp\\\/2020\\\/02\\\/21\\\/inca-9-cu-alde-in-frunte-pentru-judetul-botosani-foto-video\\\/#breadcrumb\"},\"inLanguage\":\"ro-RO\",\"potentialAction\":[{\"@type\":\"ReadAction\",\"target\":[\"https:\\\/\\\/curierulsatelor.ro\\\/wp\\\/2020\\\/02\\\/21\\\/inca-9-cu-alde-in-frunte-pentru-judetul-botosani-foto-video\\\/\"]}]},{\"@type\":\"ImageObject\",\"inLanguage\":\"ro-RO\",\"@id\":\"https:\\\/\\\/curierulsatelor.ro\\\/wp\\\/2020\\\/02\\\/21\\\/inca-9-cu-alde-in-frunte-pentru-judetul-botosani-foto-video\\\/#primaryimage\",\"url\":\"https:\\\/\\\/curierulsatelor.ro\\\/wp\\\/wp-content\\\/uploads\\\/2020\\\/02\\\/ALDE-Bogdan-Dascalescu-si-Floarea-Marocico.jpg\",\"contentUrl\":\"https:\\\/\\\/curierulsatelor.ro\\\/wp\\\/wp-content\\\/uploads\\\/2020\\\/02\\\/ALDE-Bogdan-Dascalescu-si-Floarea-Marocico.jpg\",\"width\":2335,\"height\":1764},{\"@type\":\"BreadcrumbList\",\"@id\":\"https:\\\/\\\/curierulsatelor.ro\\\/wp\\\/2020\\\/02\\\/21\\\/inca-9-cu-alde-in-frunte-pentru-judetul-botosani-foto-video\\\/#breadcrumb\",\"itemListElement\":[{\"@type\":\"ListItem\",\"position\":1,\"name\":\"Prima pagin\u0103\",\"item\":\"https:\\\/\\\/curierulsatelor.ro\\\/wp\\\/\"},{\"@type\":\"ListItem\",\"position\":2,\"name\":\"\u00cenc\u0103 9 cu ALDE \u00een frunte pentru jude\u021bul Boto\u0219ani &#8211; Foto\\\/Video\"}]},{\"@type\":\"WebSite\",\"@id\":\"https:\\\/\\\/curierulsatelor.ro\\\/wp\\\/#website\",\"url\":\"https:\\\/\\\/curierulsatelor.ro\\\/wp\\\/\",\"name\":\"Curierul Regional\",\"description\":\"\",\"publisher\":{\"@id\":\"https:\\\/\\\/curierulsatelor.ro\\\/wp\\\/#organization\"},\"potentialAction\":[{\"@type\":\"SearchAction\",\"target\":{\"@type\":\"EntryPoint\",\"urlTemplate\":\"https:\\\/\\\/curierulsatelor.ro\\\/wp\\\/?s={search_term_string}\"},\"query-input\":{\"@type\":\"PropertyValueSpecification\",\"valueRequired\":true,\"valueName\":\"search_term_string\"}}],\"inLanguage\":\"ro-RO\"},{\"@type\":\"Organization\",\"@id\":\"https:\\\/\\\/curierulsatelor.ro\\\/wp\\\/#organization\",\"name\":\"Curierul Regional\",\"url\":\"https:\\\/\\\/curierulsatelor.ro\\\/wp\\\/\",\"logo\":{\"@type\":\"ImageObject\",\"inLanguage\":\"ro-RO\",\"@id\":\"https:\\\/\\\/curierulsatelor.ro\\\/wp\\\/#\\\/schema\\\/logo\\\/image\\\/\",\"url\":\"https:\\\/\\\/curierulsatelor.ro\\\/wp\\\/wp-content\\\/uploads\\\/2020\\\/01\\\/Curierul-Regional-si-Curierul-satelor-logo-header.png\",\"contentUrl\":\"https:\\\/\\\/curierulsatelor.ro\\\/wp\\\/wp-content\\\/uploads\\\/2020\\\/01\\\/Curierul-Regional-si-Curierul-satelor-logo-header.png\",\"width\":2943,\"height\":685,\"caption\":\"Curierul Regional\"},\"image\":{\"@id\":\"https:\\\/\\\/curierulsatelor.ro\\\/wp\\\/#\\\/schema\\\/logo\\\/image\\\/\"}},{\"@type\":\"Person\",\"@id\":\"https:\\\/\\\/curierulsatelor.ro\\\/wp\\\/#\\\/schema\\\/person\\\/6f6b28a030e15d619a82894773d6e7b9\",\"name\":\"Marian Morosan\",\"image\":{\"@type\":\"ImageObject\",\"inLanguage\":\"ro-RO\",\"@id\":\"https:\\\/\\\/secure.gravatar.com\\\/avatar\\\/2e833cc9ab99e6bca46266d4ad9030d308346ff7ff0b6b955c29b74cafaf064b?s=96&d=mm&r=g\",\"url\":\"https:\\\/\\\/secure.gravatar.com\\\/avatar\\\/2e833cc9ab99e6bca46266d4ad9030d308346ff7ff0b6b955c29b74cafaf064b?s=96&d=mm&r=g\",\"contentUrl\":\"https:\\\/\\\/secure.gravatar.com\\\/avatar\\\/2e833cc9ab99e6bca46266d4ad9030d308346ff7ff0b6b955c29b74cafaf064b?s=96&d=mm&r=g\",\"caption\":\"Marian Morosan\"},\"description\":\"Copiilor no\u015ftri li se preg\u0103te\u015fte, incon\u015ftient, o lume de joben ciuruit, din care niciodat\u0103 nu iese iepura\u015ful. Doar panglicile politicilor sociale roase de moliile cu \u015ftaif din ultimele decenii. Suntem oropsi\u0163i, suntem dispera\u0163i, manipula\u0163i p\u00e2n\u0103 acolo \u00eenc\u00e2t ne bucur\u0103m s\u0103 fim masa de manevr\u0103 a unora \u015fi s\u0103 sus\u0163inem c\u0103 a\u015fa e normal. Acum \u00eel \u00een\u0163eleg pe Cioran, dar \u00eel \u00een\u0163eleg mai bine \u015fi pe Preda. \u015ei m\u0103 g\u00e2ndesc iar, cu groaz\u0103, la copilul meu. Cel pu\u0163in eu nu \u00eemi doresc s\u0103 \u015ftiu c\u0103 micu\u0163ul meu va fi singur, cu sufletul descul\u0163, prin jungla mileniului III ! https:\\\/\\\/curierulsatelor.ro\\\/wp\\\/2019\\\/10\\\/16\\\/cu-sufletul-descult-prin-jungla-mileniului-iii-editorial\\\/\",\"sameAs\":[\"http:\\\/\\\/admin\"],\"url\":\"https:\\\/\\\/curierulsatelor.ro\\\/wp\\\/author\\\/admin\\\/\"}]}<\/script>\n<!-- \/ Yoast SEO plugin. -->","yoast_head_json":{"title":"\u00cenc\u0103 9 cu ALDE \u00een frunte pentru jude\u021bul Boto\u0219ani - Foto\/Video - Curierul Regional","robots":{"index":"index","follow":"follow","max-snippet":"max-snippet:-1","max-image-preview":"max-image-preview:large","max-video-preview":"max-video-preview:-1"},"canonical":"https:\/\/curierulsatelor.ro\/wp\/2020\/02\/21\/inca-9-cu-alde-in-frunte-pentru-judetul-botosani-foto-video\/","og_locale":"ro_RO","og_type":"article","og_title":"\u00cenc\u0103 9 cu ALDE \u00een frunte pentru jude\u021bul Boto\u0219ani - Foto\/Video - Curierul Regional","og_description":"ALDE Boto\u0219ani a adus \u00een fa\u021ba ferestrei c\u0103tre public, \u00een fa\u021ba presei, \u00eenc\u0103 9 viitori...","og_url":"https:\/\/curierulsatelor.ro\/wp\/2020\/02\/21\/inca-9-cu-alde-in-frunte-pentru-judetul-botosani-foto-video\/","og_site_name":"Curierul Regional","article_published_time":"2020-02-21T05:02:29+00:00","article_modified_time":"2020-02-21T05:02:35+00:00","og_image":[{"width":1024,"height":774,"url":"https:\/\/curierulsatelor.ro\/wp\/wp-content\/uploads\/2020\/02\/ALDE-Bogdan-Dascalescu-si-Floarea-Marocico-1024x774.jpg","type":"image\/jpeg"}],"author":"Marian Morosan","twitter_card":"summary_large_image","twitter_misc":{"Scris de":"Marian Morosan","Timp estimat pentru citire":"2 minute"},"schema":{"@context":"https:\/\/schema.org","@graph":[{"@type":"Article","@id":"https:\/\/curierulsatelor.ro\/wp\/2020\/02\/21\/inca-9-cu-alde-in-frunte-pentru-judetul-botosani-foto-video\/#article","isPartOf":{"@id":"https:\/\/curierulsatelor.ro\/wp\/2020\/02\/21\/inca-9-cu-alde-in-frunte-pentru-judetul-botosani-foto-video\/"},"author":{"name":"Marian Morosan","@id":"https:\/\/curierulsatelor.ro\/wp\/#\/schema\/person\/6f6b28a030e15d619a82894773d6e7b9"},"headline":"\u00cenc\u0103 9 cu ALDE \u00een frunte pentru jude\u021bul Boto\u0219ani &#8211; Foto\/Video","datePublished":"2020-02-21T05:02:29+00:00","dateModified":"2020-02-21T05:02:35+00:00","mainEntityOfPage":{"@id":"https:\/\/curierulsatelor.ro\/wp\/2020\/02\/21\/inca-9-cu-alde-in-frunte-pentru-judetul-botosani-foto-video\/"},"wordCount":342,"commentCount":0,"publisher":{"@id":"https:\/\/curierulsatelor.ro\/wp\/#organization"},"image":{"@id":"https:\/\/curierulsatelor.ro\/wp\/2020\/02\/21\/inca-9-cu-alde-in-frunte-pentru-judetul-botosani-foto-video\/#primaryimage"},"thumbnailUrl":"https:\/\/curierulsatelor.ro\/wp\/wp-content\/uploads\/2020\/02\/ALDE-Bogdan-Dascalescu-si-Floarea-Marocico.jpg","articleSection":["ALDE","Politica"],"inLanguage":"ro-RO","potentialAction":[{"@type":"CommentAction","name":"Comment","target":["https:\/\/curierulsatelor.ro\/wp\/2020\/02\/21\/inca-9-cu-alde-in-frunte-pentru-judetul-botosani-foto-video\/#respond"]}]},{"@type":"WebPage","@id":"https:\/\/curierulsatelor.ro\/wp\/2020\/02\/21\/inca-9-cu-alde-in-frunte-pentru-judetul-botosani-foto-video\/","url":"https:\/\/curierulsatelor.ro\/wp\/2020\/02\/21\/inca-9-cu-alde-in-frunte-pentru-judetul-botosani-foto-video\/","name":"\u00cenc\u0103 9 cu ALDE \u00een frunte pentru jude\u021bul Boto\u0219ani - Foto\/Video - Curierul Regional","isPartOf":{"@id":"https:\/\/curierulsatelor.ro\/wp\/#website"},"primaryImageOfPage":{"@id":"https:\/\/curierulsatelor.ro\/wp\/2020\/02\/21\/inca-9-cu-alde-in-frunte-pentru-judetul-botosani-foto-video\/#primaryimage"},"image":{"@id":"https:\/\/curierulsatelor.ro\/wp\/2020\/02\/21\/inca-9-cu-alde-in-frunte-pentru-judetul-botosani-foto-video\/#primaryimage"},"thumbnailUrl":"https:\/\/curierulsatelor.ro\/wp\/wp-content\/uploads\/2020\/02\/ALDE-Bogdan-Dascalescu-si-Floarea-Marocico.jpg","datePublished":"2020-02-21T05:02:29+00:00","dateModified":"2020-02-21T05:02:35+00:00","breadcrumb":{"@id":"https:\/\/curierulsatelor.ro\/wp\/2020\/02\/21\/inca-9-cu-alde-in-frunte-pentru-judetul-botosani-foto-video\/#breadcrumb"},"inLanguage":"ro-RO","potentialAction":[{"@type":"ReadAction","target":["https:\/\/curierulsatelor.ro\/wp\/2020\/02\/21\/inca-9-cu-alde-in-frunte-pentru-judetul-botosani-foto-video\/"]}]},{"@type":"ImageObject","inLanguage":"ro-RO","@id":"https:\/\/curierulsatelor.ro\/wp\/2020\/02\/21\/inca-9-cu-alde-in-frunte-pentru-judetul-botosani-foto-video\/#primaryimage","url":"https:\/\/curierulsatelor.ro\/wp\/wp-content\/uploads\/2020\/02\/ALDE-Bogdan-Dascalescu-si-Floarea-Marocico.jpg","contentUrl":"https:\/\/curierulsatelor.ro\/wp\/wp-content\/uploads\/2020\/02\/ALDE-Bogdan-Dascalescu-si-Floarea-Marocico.jpg","width":2335,"height":1764},{"@type":"BreadcrumbList","@id":"https:\/\/curierulsatelor.ro\/wp\/2020\/02\/21\/inca-9-cu-alde-in-frunte-pentru-judetul-botosani-foto-video\/#breadcrumb","itemListElement":[{"@type":"ListItem","position":1,"name":"Prima pagin\u0103","item":"https:\/\/curierulsatelor.ro\/wp\/"},{"@type":"ListItem","position":2,"name":"\u00cenc\u0103 9 cu ALDE \u00een frunte pentru jude\u021bul Boto\u0219ani &#8211; Foto\/Video"}]},{"@type":"WebSite","@id":"https:\/\/curierulsatelor.ro\/wp\/#website","url":"https:\/\/curierulsatelor.ro\/wp\/","name":"Curierul Regional","description":"","publisher":{"@id":"https:\/\/curierulsatelor.ro\/wp\/#organization"},"potentialAction":[{"@type":"SearchAction","target":{"@type":"EntryPoint","urlTemplate":"https:\/\/curierulsatelor.ro\/wp\/?s={search_term_string}"},"query-input":{"@type":"PropertyValueSpecification","valueRequired":true,"valueName":"search_term_string"}}],"inLanguage":"ro-RO"},{"@type":"Organization","@id":"https:\/\/curierulsatelor.ro\/wp\/#organization","name":"Curierul Regional","url":"https:\/\/curierulsatelor.ro\/wp\/","logo":{"@type":"ImageObject","inLanguage":"ro-RO","@id":"https:\/\/curierulsatelor.ro\/wp\/#\/schema\/logo\/image\/","url":"https:\/\/curierulsatelor.ro\/wp\/wp-content\/uploads\/2020\/01\/Curierul-Regional-si-Curierul-satelor-logo-header.png","contentUrl":"https:\/\/curierulsatelor.ro\/wp\/wp-content\/uploads\/2020\/01\/Curierul-Regional-si-Curierul-satelor-logo-header.png","width":2943,"height":685,"caption":"Curierul Regional"},"image":{"@id":"https:\/\/curierulsatelor.ro\/wp\/#\/schema\/logo\/image\/"}},{"@type":"Person","@id":"https:\/\/curierulsatelor.ro\/wp\/#\/schema\/person\/6f6b28a030e15d619a82894773d6e7b9","name":"Marian Morosan","image":{"@type":"ImageObject","inLanguage":"ro-RO","@id":"https:\/\/secure.gravatar.com\/avatar\/2e833cc9ab99e6bca46266d4ad9030d308346ff7ff0b6b955c29b74cafaf064b?s=96&d=mm&r=g","url":"https:\/\/secure.gravatar.com\/avatar\/2e833cc9ab99e6bca46266d4ad9030d308346ff7ff0b6b955c29b74cafaf064b?s=96&d=mm&r=g","contentUrl":"https:\/\/secure.gravatar.com\/avatar\/2e833cc9ab99e6bca46266d4ad9030d308346ff7ff0b6b955c29b74cafaf064b?s=96&d=mm&r=g","caption":"Marian Morosan"},"description":"Copiilor no\u015ftri li se preg\u0103te\u015fte, incon\u015ftient, o lume de joben ciuruit, din care niciodat\u0103 nu iese iepura\u015ful. Doar panglicile politicilor sociale roase de moliile cu \u015ftaif din ultimele decenii. Suntem oropsi\u0163i, suntem dispera\u0163i, manipula\u0163i p\u00e2n\u0103 acolo \u00eenc\u00e2t ne bucur\u0103m s\u0103 fim masa de manevr\u0103 a unora \u015fi s\u0103 sus\u0163inem c\u0103 a\u015fa e normal. Acum \u00eel \u00een\u0163eleg pe Cioran, dar \u00eel \u00een\u0163eleg mai bine \u015fi pe Preda. \u015ei m\u0103 g\u00e2ndesc iar, cu groaz\u0103, la copilul meu. Cel pu\u0163in eu nu \u00eemi doresc s\u0103 \u015ftiu c\u0103 micu\u0163ul meu va fi singur, cu sufletul descul\u0163, prin jungla mileniului III ! https:\/\/curierulsatelor.ro\/wp\/2019\/10\/16\/cu-sufletul-descult-prin-jungla-mileniului-iii-editorial\/","sameAs":["http:\/\/admin"],"url":"https:\/\/curierulsatelor.ro\/wp\/author\/admin\/"}]}},"_links":{"self":[{"href":"https:\/\/curierulsatelor.ro\/wp\/wp-json\/wp\/v2\/posts\/1511","targetHints":{"allow":["GET"]}}],"collection":[{"href":"https:\/\/curierulsatelor.ro\/wp\/wp-json\/wp\/v2\/posts"}],"about":[{"href":"https:\/\/curierulsatelor.ro\/wp\/wp-json\/wp\/v2\/types\/post"}],"author":[{"embeddable":true,"href":"https:\/\/curierulsatelor.ro\/wp\/wp-json\/wp\/v2\/users\/1"}],"replies":[{"embeddable":true,"href":"https:\/\/curierulsatelor.ro\/wp\/wp-json\/wp\/v2\/comments?post=1511"}],"version-history":[{"count":1,"href":"https:\/\/curierulsatelor.ro\/wp\/wp-json\/wp\/v2\/posts\/1511\/revisions"}],"predecessor-version":[{"id":1516,"href":"https:\/\/curierulsatelor.ro\/wp\/wp-json\/wp\/v2\/posts\/1511\/revisions\/1516"}],"wp:featuredmedia":[{"embeddable":true,"href":"https:\/\/curierulsatelor.ro\/wp\/wp-json\/wp\/v2\/media\/1515"}],"wp:attachment":[{"href":"https:\/\/curierulsatelor.ro\/wp\/wp-json\/wp\/v2\/media?parent=1511"}],"wp:term":[{"taxonomy":"category","embeddable":true,"href":"https:\/\/curierulsatelor.ro\/wp\/wp-json\/wp\/v2\/categories?post=1511"},{"taxonomy":"post_tag","embeddable":true,"href":"https:\/\/curierulsatelor.ro\/wp\/wp-json\/wp\/v2\/tags?post=1511"}],"curies":[{"name":"wp","href":"https:\/\/api.w.org\/{rel}","templated":true}]}}