{"id":1517,"date":"2020-02-21T05:43:15","date_gmt":"2020-02-21T05:43:15","guid":{"rendered":"https:\/\/curierulsatelor.ro\/wp\/?p=1517"},"modified":"2020-02-21T05:43:21","modified_gmt":"2020-02-21T05:43:21","slug":"salvarea-satelor-descoperita-de-un-politician-dupa-vizita-ips-teofan-in-botosani-video","status":"publish","type":"post","link":"https:\/\/curierulsatelor.ro\/wp\/2020\/02\/21\/salvarea-satelor-descoperita-de-un-politician-dupa-vizita-ips-teofan-in-botosani-video\/","title":{"rendered":"Salvarea satelor descoperit\u0103 de un politician dup\u0103 vizita IPS Teofan \u00een Boto\u0219ani &#8211; video"},"content":{"rendered":"\n<p>Mitropolitul Moldovei \u0219i Bucovinei a vizitat localitatea Stroie\u0219ti din comuna Lunca , particip\u00e2nd la o slujb\u0103 de pomenire a p\u0103rintelui monah Paisie Olaru, n\u0103scut \u00een satul respectiv. Dup\u0103 vizita la Boto\u0219ani a IPS Mitropolit Teofan, la \u00eenceputul acestei luni, liderul Mi\u0219c\u0103rii Populare din Boto\u0219ani a propus \u00eenfiin\u021barea unor puncte gastronomice locale. Aceast\u0103 m\u0103sur\u0103 ar avea drept urmare dezvoltarea jude\u021bului prin turism ecumenic \u0219i cultural, dar \u0219i a fermelor mici din mediul rural prin integrarea punctelor gastronomice \u00eentr-un program de turism. Fostul senator Corneliu Popescu este convins c\u0103 fiecare zon\u0103 a acestui jude\u021b este interesant\u0103 pentru turismul ecumenic. \u201dPutem sprijini enorm acest turism, inclusiv turismul cultural, prin dezvolarea re\u021belelor s\u0103te\u0219ti de cazare \u0219i locuri de luat masa. Mai ales c\u0103 exist\u0103 un Ordin al ANSVSA \u00eenc\u0103 din 2008 \u0219i nu s-a f\u0103cut nimic p\u00e2n\u0103 acum s\u0103 se pun\u0103 \u00een aplicare, s\u0103 se sprijine aceste puncte gastronomice de interes local. Autoriz\u0103rile sunt foarte simple \u0219i bine\u00een\u021beles c\u0103 acestea se leag\u0103 cu programul nostru de \u00eenfiin\u021bare a abatoarelor mici, a femelor mici\u201d, a subliniat Corneliu Popescu, pre\u0219edinte al PMP Boto\u0219ani.  Vezi \u00een clipul video cum argumenteaz\u0103 fostul senator propunerea sa. <\/p>\n\n\n\n<iframe width=\"949\" height=\"534\" src=\"https:\/\/www.youtube.com\/embed\/OhugE9bWY1s\" frameborder=\"0\" allow=\"accelerometer; autoplay; encrypted-media; gyroscope; picture-in-picture\" allowfullscreen><\/iframe>\n","protected":false},"excerpt":{"rendered":"<p>Mitropolitul Moldovei \u0219i Bucovinei a vizitat localitatea Stroie\u0219ti din comuna Lunca , particip\u00e2nd la o&#8230;<\/p>\n","protected":false},"author":1,"featured_media":1518,"comment_status":"open","ping_status":"open","sticky":false,"template":"","format":"standard","meta":{"footnotes":""},"categories":[15,17,6],"tags":[],"class_list":["post-1517","post","type-post","status-publish","format-standard","has-post-thumbnail","hentry","category-botosani","category-cultura","category-politica"],"yoast_head":"<!-- This site is optimized with the Yoast SEO plugin v27.4 - https:\/\/yoast.com\/product\/yoast-seo-wordpress\/ -->\n<title>Salvarea satelor descoperit\u0103 de un politician dup\u0103 vizita IPS Teofan \u00een Boto\u0219ani - video - Curierul Regional<\/title>\n<meta name=\"robots\" content=\"index, follow, max-snippet:-1, max-image-preview:large, max-video-preview:-1\" \/>\n<link rel=\"canonical\" href=\"https:\/\/curierulsatelor.ro\/wp\/2020\/02\/21\/salvarea-satelor-descoperita-de-un-politician-dupa-vizita-ips-teofan-in-botosani-video\/\" \/>\n<meta property=\"og:locale\" content=\"ro_RO\" \/>\n<meta property=\"og:type\" content=\"article\" \/>\n<meta property=\"og:title\" content=\"Salvarea satelor descoperit\u0103 de un politician dup\u0103 vizita IPS Teofan \u00een Boto\u0219ani - video - Curierul Regional\" \/>\n<meta property=\"og:description\" content=\"Mitropolitul Moldovei \u0219i Bucovinei a vizitat localitatea Stroie\u0219ti din comuna Lunca , particip\u00e2nd la o...\" \/>\n<meta property=\"og:url\" content=\"https:\/\/curierulsatelor.ro\/wp\/2020\/02\/21\/salvarea-satelor-descoperita-de-un-politician-dupa-vizita-ips-teofan-in-botosani-video\/\" \/>\n<meta property=\"og:site_name\" content=\"Curierul Regional\" \/>\n<meta property=\"article:published_time\" content=\"2020-02-21T05:43:15+00:00\" \/>\n<meta property=\"article:modified_time\" content=\"2020-02-21T05:43:21+00:00\" \/>\n<meta property=\"og:image\" content=\"https:\/\/curierulsatelor.ro\/wp\/wp-content\/uploads\/2020\/02\/Corneliu-Popescu-si-IPS-Teofan-1024x557.jpg\" \/>\n\t<meta property=\"og:image:width\" content=\"1024\" \/>\n\t<meta property=\"og:image:height\" content=\"557\" \/>\n\t<meta property=\"og:image:type\" content=\"image\/jpeg\" \/>\n<meta name=\"author\" content=\"Marian Morosan\" \/>\n<meta name=\"twitter:card\" content=\"summary_large_image\" \/>\n<meta name=\"twitter:label1\" content=\"Scris de\" \/>\n\t<meta name=\"twitter:data1\" content=\"Marian Morosan\" \/>\n\t<meta name=\"twitter:label2\" content=\"Timp estimat pentru citire\" \/>\n\t<meta name=\"twitter:data2\" content=\"1 minut\" \/>\n<script type=\"application\/ld+json\" class=\"yoast-schema-graph\">{\"@context\":\"https:\\\/\\\/schema.org\",\"@graph\":[{\"@type\":\"Article\",\"@id\":\"https:\\\/\\\/curierulsatelor.ro\\\/wp\\\/2020\\\/02\\\/21\\\/salvarea-satelor-descoperita-de-un-politician-dupa-vizita-ips-teofan-in-botosani-video\\\/#article\",\"isPartOf\":{\"@id\":\"https:\\\/\\\/curierulsatelor.ro\\\/wp\\\/2020\\\/02\\\/21\\\/salvarea-satelor-descoperita-de-un-politician-dupa-vizita-ips-teofan-in-botosani-video\\\/\"},\"author\":{\"name\":\"Marian Morosan\",\"@id\":\"https:\\\/\\\/curierulsatelor.ro\\\/wp\\\/#\\\/schema\\\/person\\\/6f6b28a030e15d619a82894773d6e7b9\"},\"headline\":\"Salvarea satelor descoperit\u0103 de un politician dup\u0103 vizita IPS Teofan \u00een Boto\u0219ani &#8211; video\",\"datePublished\":\"2020-02-21T05:43:15+00:00\",\"dateModified\":\"2020-02-21T05:43:21+00:00\",\"mainEntityOfPage\":{\"@id\":\"https:\\\/\\\/curierulsatelor.ro\\\/wp\\\/2020\\\/02\\\/21\\\/salvarea-satelor-descoperita-de-un-politician-dupa-vizita-ips-teofan-in-botosani-video\\\/\"},\"wordCount\":222,\"commentCount\":0,\"publisher\":{\"@id\":\"https:\\\/\\\/curierulsatelor.ro\\\/wp\\\/#organization\"},\"image\":{\"@id\":\"https:\\\/\\\/curierulsatelor.ro\\\/wp\\\/2020\\\/02\\\/21\\\/salvarea-satelor-descoperita-de-un-politician-dupa-vizita-ips-teofan-in-botosani-video\\\/#primaryimage\"},\"thumbnailUrl\":\"https:\\\/\\\/curierulsatelor.ro\\\/wp\\\/wp-content\\\/uploads\\\/2020\\\/02\\\/Corneliu-Popescu-si-IPS-Teofan.jpg\",\"articleSection\":[\"Boto\u0219ani\",\"Cultura\",\"Politica\"],\"inLanguage\":\"ro-RO\",\"potentialAction\":[{\"@type\":\"CommentAction\",\"name\":\"Comment\",\"target\":[\"https:\\\/\\\/curierulsatelor.ro\\\/wp\\\/2020\\\/02\\\/21\\\/salvarea-satelor-descoperita-de-un-politician-dupa-vizita-ips-teofan-in-botosani-video\\\/#respond\"]}]},{\"@type\":\"WebPage\",\"@id\":\"https:\\\/\\\/curierulsatelor.ro\\\/wp\\\/2020\\\/02\\\/21\\\/salvarea-satelor-descoperita-de-un-politician-dupa-vizita-ips-teofan-in-botosani-video\\\/\",\"url\":\"https:\\\/\\\/curierulsatelor.ro\\\/wp\\\/2020\\\/02\\\/21\\\/salvarea-satelor-descoperita-de-un-politician-dupa-vizita-ips-teofan-in-botosani-video\\\/\",\"name\":\"Salvarea satelor descoperit\u0103 de un politician dup\u0103 vizita IPS Teofan \u00een Boto\u0219ani - video - Curierul Regional\",\"isPartOf\":{\"@id\":\"https:\\\/\\\/curierulsatelor.ro\\\/wp\\\/#website\"},\"primaryImageOfPage\":{\"@id\":\"https:\\\/\\\/curierulsatelor.ro\\\/wp\\\/2020\\\/02\\\/21\\\/salvarea-satelor-descoperita-de-un-politician-dupa-vizita-ips-teofan-in-botosani-video\\\/#primaryimage\"},\"image\":{\"@id\":\"https:\\\/\\\/curierulsatelor.ro\\\/wp\\\/2020\\\/02\\\/21\\\/salvarea-satelor-descoperita-de-un-politician-dupa-vizita-ips-teofan-in-botosani-video\\\/#primaryimage\"},\"thumbnailUrl\":\"https:\\\/\\\/curierulsatelor.ro\\\/wp\\\/wp-content\\\/uploads\\\/2020\\\/02\\\/Corneliu-Popescu-si-IPS-Teofan.jpg\",\"datePublished\":\"2020-02-21T05:43:15+00:00\",\"dateModified\":\"2020-02-21T05:43:21+00:00\",\"breadcrumb\":{\"@id\":\"https:\\\/\\\/curierulsatelor.ro\\\/wp\\\/2020\\\/02\\\/21\\\/salvarea-satelor-descoperita-de-un-politician-dupa-vizita-ips-teofan-in-botosani-video\\\/#breadcrumb\"},\"inLanguage\":\"ro-RO\",\"potentialAction\":[{\"@type\":\"ReadAction\",\"target\":[\"https:\\\/\\\/curierulsatelor.ro\\\/wp\\\/2020\\\/02\\\/21\\\/salvarea-satelor-descoperita-de-un-politician-dupa-vizita-ips-teofan-in-botosani-video\\\/\"]}]},{\"@type\":\"ImageObject\",\"inLanguage\":\"ro-RO\",\"@id\":\"https:\\\/\\\/curierulsatelor.ro\\\/wp\\\/2020\\\/02\\\/21\\\/salvarea-satelor-descoperita-de-un-politician-dupa-vizita-ips-teofan-in-botosani-video\\\/#primaryimage\",\"url\":\"https:\\\/\\\/curierulsatelor.ro\\\/wp\\\/wp-content\\\/uploads\\\/2020\\\/02\\\/Corneliu-Popescu-si-IPS-Teofan.jpg\",\"contentUrl\":\"https:\\\/\\\/curierulsatelor.ro\\\/wp\\\/wp-content\\\/uploads\\\/2020\\\/02\\\/Corneliu-Popescu-si-IPS-Teofan.jpg\",\"width\":3243,\"height\":1764},{\"@type\":\"BreadcrumbList\",\"@id\":\"https:\\\/\\\/curierulsatelor.ro\\\/wp\\\/2020\\\/02\\\/21\\\/salvarea-satelor-descoperita-de-un-politician-dupa-vizita-ips-teofan-in-botosani-video\\\/#breadcrumb\",\"itemListElement\":[{\"@type\":\"ListItem\",\"position\":1,\"name\":\"Prima pagin\u0103\",\"item\":\"https:\\\/\\\/curierulsatelor.ro\\\/wp\\\/\"},{\"@type\":\"ListItem\",\"position\":2,\"name\":\"Salvarea satelor descoperit\u0103 de un politician dup\u0103 vizita IPS Teofan \u00een Boto\u0219ani &#8211; video\"}]},{\"@type\":\"WebSite\",\"@id\":\"https:\\\/\\\/curierulsatelor.ro\\\/wp\\\/#website\",\"url\":\"https:\\\/\\\/curierulsatelor.ro\\\/wp\\\/\",\"name\":\"Curierul Regional\",\"description\":\"\",\"publisher\":{\"@id\":\"https:\\\/\\\/curierulsatelor.ro\\\/wp\\\/#organization\"},\"potentialAction\":[{\"@type\":\"SearchAction\",\"target\":{\"@type\":\"EntryPoint\",\"urlTemplate\":\"https:\\\/\\\/curierulsatelor.ro\\\/wp\\\/?s={search_term_string}\"},\"query-input\":{\"@type\":\"PropertyValueSpecification\",\"valueRequired\":true,\"valueName\":\"search_term_string\"}}],\"inLanguage\":\"ro-RO\"},{\"@type\":\"Organization\",\"@id\":\"https:\\\/\\\/curierulsatelor.ro\\\/wp\\\/#organization\",\"name\":\"Curierul Regional\",\"url\":\"https:\\\/\\\/curierulsatelor.ro\\\/wp\\\/\",\"logo\":{\"@type\":\"ImageObject\",\"inLanguage\":\"ro-RO\",\"@id\":\"https:\\\/\\\/curierulsatelor.ro\\\/wp\\\/#\\\/schema\\\/logo\\\/image\\\/\",\"url\":\"https:\\\/\\\/curierulsatelor.ro\\\/wp\\\/wp-content\\\/uploads\\\/2020\\\/01\\\/Curierul-Regional-si-Curierul-satelor-logo-header.png\",\"contentUrl\":\"https:\\\/\\\/curierulsatelor.ro\\\/wp\\\/wp-content\\\/uploads\\\/2020\\\/01\\\/Curierul-Regional-si-Curierul-satelor-logo-header.png\",\"width\":2943,\"height\":685,\"caption\":\"Curierul Regional\"},\"image\":{\"@id\":\"https:\\\/\\\/curierulsatelor.ro\\\/wp\\\/#\\\/schema\\\/logo\\\/image\\\/\"}},{\"@type\":\"Person\",\"@id\":\"https:\\\/\\\/curierulsatelor.ro\\\/wp\\\/#\\\/schema\\\/person\\\/6f6b28a030e15d619a82894773d6e7b9\",\"name\":\"Marian Morosan\",\"image\":{\"@type\":\"ImageObject\",\"inLanguage\":\"ro-RO\",\"@id\":\"https:\\\/\\\/secure.gravatar.com\\\/avatar\\\/2e833cc9ab99e6bca46266d4ad9030d308346ff7ff0b6b955c29b74cafaf064b?s=96&d=mm&r=g\",\"url\":\"https:\\\/\\\/secure.gravatar.com\\\/avatar\\\/2e833cc9ab99e6bca46266d4ad9030d308346ff7ff0b6b955c29b74cafaf064b?s=96&d=mm&r=g\",\"contentUrl\":\"https:\\\/\\\/secure.gravatar.com\\\/avatar\\\/2e833cc9ab99e6bca46266d4ad9030d308346ff7ff0b6b955c29b74cafaf064b?s=96&d=mm&r=g\",\"caption\":\"Marian Morosan\"},\"description\":\"Copiilor no\u015ftri li se preg\u0103te\u015fte, incon\u015ftient, o lume de joben ciuruit, din care niciodat\u0103 nu iese iepura\u015ful. Doar panglicile politicilor sociale roase de moliile cu \u015ftaif din ultimele decenii. Suntem oropsi\u0163i, suntem dispera\u0163i, manipula\u0163i p\u00e2n\u0103 acolo \u00eenc\u00e2t ne bucur\u0103m s\u0103 fim masa de manevr\u0103 a unora \u015fi s\u0103 sus\u0163inem c\u0103 a\u015fa e normal. Acum \u00eel \u00een\u0163eleg pe Cioran, dar \u00eel \u00een\u0163eleg mai bine \u015fi pe Preda. \u015ei m\u0103 g\u00e2ndesc iar, cu groaz\u0103, la copilul meu. Cel pu\u0163in eu nu \u00eemi doresc s\u0103 \u015ftiu c\u0103 micu\u0163ul meu va fi singur, cu sufletul descul\u0163, prin jungla mileniului III ! https:\\\/\\\/curierulsatelor.ro\\\/wp\\\/2019\\\/10\\\/16\\\/cu-sufletul-descult-prin-jungla-mileniului-iii-editorial\\\/\",\"sameAs\":[\"http:\\\/\\\/admin\"],\"url\":\"https:\\\/\\\/curierulsatelor.ro\\\/wp\\\/author\\\/admin\\\/\"}]}<\/script>\n<!-- \/ Yoast SEO plugin. -->","yoast_head_json":{"title":"Salvarea satelor descoperit\u0103 de un politician dup\u0103 vizita IPS Teofan \u00een Boto\u0219ani - video - Curierul Regional","robots":{"index":"index","follow":"follow","max-snippet":"max-snippet:-1","max-image-preview":"max-image-preview:large","max-video-preview":"max-video-preview:-1"},"canonical":"https:\/\/curierulsatelor.ro\/wp\/2020\/02\/21\/salvarea-satelor-descoperita-de-un-politician-dupa-vizita-ips-teofan-in-botosani-video\/","og_locale":"ro_RO","og_type":"article","og_title":"Salvarea satelor descoperit\u0103 de un politician dup\u0103 vizita IPS Teofan \u00een Boto\u0219ani - video - Curierul Regional","og_description":"Mitropolitul Moldovei \u0219i Bucovinei a vizitat localitatea Stroie\u0219ti din comuna Lunca , particip\u00e2nd la o...","og_url":"https:\/\/curierulsatelor.ro\/wp\/2020\/02\/21\/salvarea-satelor-descoperita-de-un-politician-dupa-vizita-ips-teofan-in-botosani-video\/","og_site_name":"Curierul Regional","article_published_time":"2020-02-21T05:43:15+00:00","article_modified_time":"2020-02-21T05:43:21+00:00","og_image":[{"width":1024,"height":557,"url":"https:\/\/curierulsatelor.ro\/wp\/wp-content\/uploads\/2020\/02\/Corneliu-Popescu-si-IPS-Teofan-1024x557.jpg","type":"image\/jpeg"}],"author":"Marian Morosan","twitter_card":"summary_large_image","twitter_misc":{"Scris de":"Marian Morosan","Timp estimat pentru citire":"1 minut"},"schema":{"@context":"https:\/\/schema.org","@graph":[{"@type":"Article","@id":"https:\/\/curierulsatelor.ro\/wp\/2020\/02\/21\/salvarea-satelor-descoperita-de-un-politician-dupa-vizita-ips-teofan-in-botosani-video\/#article","isPartOf":{"@id":"https:\/\/curierulsatelor.ro\/wp\/2020\/02\/21\/salvarea-satelor-descoperita-de-un-politician-dupa-vizita-ips-teofan-in-botosani-video\/"},"author":{"name":"Marian Morosan","@id":"https:\/\/curierulsatelor.ro\/wp\/#\/schema\/person\/6f6b28a030e15d619a82894773d6e7b9"},"headline":"Salvarea satelor descoperit\u0103 de un politician dup\u0103 vizita IPS Teofan \u00een Boto\u0219ani &#8211; video","datePublished":"2020-02-21T05:43:15+00:00","dateModified":"2020-02-21T05:43:21+00:00","mainEntityOfPage":{"@id":"https:\/\/curierulsatelor.ro\/wp\/2020\/02\/21\/salvarea-satelor-descoperita-de-un-politician-dupa-vizita-ips-teofan-in-botosani-video\/"},"wordCount":222,"commentCount":0,"publisher":{"@id":"https:\/\/curierulsatelor.ro\/wp\/#organization"},"image":{"@id":"https:\/\/curierulsatelor.ro\/wp\/2020\/02\/21\/salvarea-satelor-descoperita-de-un-politician-dupa-vizita-ips-teofan-in-botosani-video\/#primaryimage"},"thumbnailUrl":"https:\/\/curierulsatelor.ro\/wp\/wp-content\/uploads\/2020\/02\/Corneliu-Popescu-si-IPS-Teofan.jpg","articleSection":["Boto\u0219ani","Cultura","Politica"],"inLanguage":"ro-RO","potentialAction":[{"@type":"CommentAction","name":"Comment","target":["https:\/\/curierulsatelor.ro\/wp\/2020\/02\/21\/salvarea-satelor-descoperita-de-un-politician-dupa-vizita-ips-teofan-in-botosani-video\/#respond"]}]},{"@type":"WebPage","@id":"https:\/\/curierulsatelor.ro\/wp\/2020\/02\/21\/salvarea-satelor-descoperita-de-un-politician-dupa-vizita-ips-teofan-in-botosani-video\/","url":"https:\/\/curierulsatelor.ro\/wp\/2020\/02\/21\/salvarea-satelor-descoperita-de-un-politician-dupa-vizita-ips-teofan-in-botosani-video\/","name":"Salvarea satelor descoperit\u0103 de un politician dup\u0103 vizita IPS Teofan \u00een Boto\u0219ani - video - Curierul Regional","isPartOf":{"@id":"https:\/\/curierulsatelor.ro\/wp\/#website"},"primaryImageOfPage":{"@id":"https:\/\/curierulsatelor.ro\/wp\/2020\/02\/21\/salvarea-satelor-descoperita-de-un-politician-dupa-vizita-ips-teofan-in-botosani-video\/#primaryimage"},"image":{"@id":"https:\/\/curierulsatelor.ro\/wp\/2020\/02\/21\/salvarea-satelor-descoperita-de-un-politician-dupa-vizita-ips-teofan-in-botosani-video\/#primaryimage"},"thumbnailUrl":"https:\/\/curierulsatelor.ro\/wp\/wp-content\/uploads\/2020\/02\/Corneliu-Popescu-si-IPS-Teofan.jpg","datePublished":"2020-02-21T05:43:15+00:00","dateModified":"2020-02-21T05:43:21+00:00","breadcrumb":{"@id":"https:\/\/curierulsatelor.ro\/wp\/2020\/02\/21\/salvarea-satelor-descoperita-de-un-politician-dupa-vizita-ips-teofan-in-botosani-video\/#breadcrumb"},"inLanguage":"ro-RO","potentialAction":[{"@type":"ReadAction","target":["https:\/\/curierulsatelor.ro\/wp\/2020\/02\/21\/salvarea-satelor-descoperita-de-un-politician-dupa-vizita-ips-teofan-in-botosani-video\/"]}]},{"@type":"ImageObject","inLanguage":"ro-RO","@id":"https:\/\/curierulsatelor.ro\/wp\/2020\/02\/21\/salvarea-satelor-descoperita-de-un-politician-dupa-vizita-ips-teofan-in-botosani-video\/#primaryimage","url":"https:\/\/curierulsatelor.ro\/wp\/wp-content\/uploads\/2020\/02\/Corneliu-Popescu-si-IPS-Teofan.jpg","contentUrl":"https:\/\/curierulsatelor.ro\/wp\/wp-content\/uploads\/2020\/02\/Corneliu-Popescu-si-IPS-Teofan.jpg","width":3243,"height":1764},{"@type":"BreadcrumbList","@id":"https:\/\/curierulsatelor.ro\/wp\/2020\/02\/21\/salvarea-satelor-descoperita-de-un-politician-dupa-vizita-ips-teofan-in-botosani-video\/#breadcrumb","itemListElement":[{"@type":"ListItem","position":1,"name":"Prima pagin\u0103","item":"https:\/\/curierulsatelor.ro\/wp\/"},{"@type":"ListItem","position":2,"name":"Salvarea satelor descoperit\u0103 de un politician dup\u0103 vizita IPS Teofan \u00een Boto\u0219ani &#8211; video"}]},{"@type":"WebSite","@id":"https:\/\/curierulsatelor.ro\/wp\/#website","url":"https:\/\/curierulsatelor.ro\/wp\/","name":"Curierul Regional","description":"","publisher":{"@id":"https:\/\/curierulsatelor.ro\/wp\/#organization"},"potentialAction":[{"@type":"SearchAction","target":{"@type":"EntryPoint","urlTemplate":"https:\/\/curierulsatelor.ro\/wp\/?s={search_term_string}"},"query-input":{"@type":"PropertyValueSpecification","valueRequired":true,"valueName":"search_term_string"}}],"inLanguage":"ro-RO"},{"@type":"Organization","@id":"https:\/\/curierulsatelor.ro\/wp\/#organization","name":"Curierul Regional","url":"https:\/\/curierulsatelor.ro\/wp\/","logo":{"@type":"ImageObject","inLanguage":"ro-RO","@id":"https:\/\/curierulsatelor.ro\/wp\/#\/schema\/logo\/image\/","url":"https:\/\/curierulsatelor.ro\/wp\/wp-content\/uploads\/2020\/01\/Curierul-Regional-si-Curierul-satelor-logo-header.png","contentUrl":"https:\/\/curierulsatelor.ro\/wp\/wp-content\/uploads\/2020\/01\/Curierul-Regional-si-Curierul-satelor-logo-header.png","width":2943,"height":685,"caption":"Curierul Regional"},"image":{"@id":"https:\/\/curierulsatelor.ro\/wp\/#\/schema\/logo\/image\/"}},{"@type":"Person","@id":"https:\/\/curierulsatelor.ro\/wp\/#\/schema\/person\/6f6b28a030e15d619a82894773d6e7b9","name":"Marian Morosan","image":{"@type":"ImageObject","inLanguage":"ro-RO","@id":"https:\/\/secure.gravatar.com\/avatar\/2e833cc9ab99e6bca46266d4ad9030d308346ff7ff0b6b955c29b74cafaf064b?s=96&d=mm&r=g","url":"https:\/\/secure.gravatar.com\/avatar\/2e833cc9ab99e6bca46266d4ad9030d308346ff7ff0b6b955c29b74cafaf064b?s=96&d=mm&r=g","contentUrl":"https:\/\/secure.gravatar.com\/avatar\/2e833cc9ab99e6bca46266d4ad9030d308346ff7ff0b6b955c29b74cafaf064b?s=96&d=mm&r=g","caption":"Marian Morosan"},"description":"Copiilor no\u015ftri li se preg\u0103te\u015fte, incon\u015ftient, o lume de joben ciuruit, din care niciodat\u0103 nu iese iepura\u015ful. Doar panglicile politicilor sociale roase de moliile cu \u015ftaif din ultimele decenii. Suntem oropsi\u0163i, suntem dispera\u0163i, manipula\u0163i p\u00e2n\u0103 acolo \u00eenc\u00e2t ne bucur\u0103m s\u0103 fim masa de manevr\u0103 a unora \u015fi s\u0103 sus\u0163inem c\u0103 a\u015fa e normal. Acum \u00eel \u00een\u0163eleg pe Cioran, dar \u00eel \u00een\u0163eleg mai bine \u015fi pe Preda. \u015ei m\u0103 g\u00e2ndesc iar, cu groaz\u0103, la copilul meu. Cel pu\u0163in eu nu \u00eemi doresc s\u0103 \u015ftiu c\u0103 micu\u0163ul meu va fi singur, cu sufletul descul\u0163, prin jungla mileniului III ! https:\/\/curierulsatelor.ro\/wp\/2019\/10\/16\/cu-sufletul-descult-prin-jungla-mileniului-iii-editorial\/","sameAs":["http:\/\/admin"],"url":"https:\/\/curierulsatelor.ro\/wp\/author\/admin\/"}]}},"_links":{"self":[{"href":"https:\/\/curierulsatelor.ro\/wp\/wp-json\/wp\/v2\/posts\/1517","targetHints":{"allow":["GET"]}}],"collection":[{"href":"https:\/\/curierulsatelor.ro\/wp\/wp-json\/wp\/v2\/posts"}],"about":[{"href":"https:\/\/curierulsatelor.ro\/wp\/wp-json\/wp\/v2\/types\/post"}],"author":[{"embeddable":true,"href":"https:\/\/curierulsatelor.ro\/wp\/wp-json\/wp\/v2\/users\/1"}],"replies":[{"embeddable":true,"href":"https:\/\/curierulsatelor.ro\/wp\/wp-json\/wp\/v2\/comments?post=1517"}],"version-history":[{"count":1,"href":"https:\/\/curierulsatelor.ro\/wp\/wp-json\/wp\/v2\/posts\/1517\/revisions"}],"predecessor-version":[{"id":1519,"href":"https:\/\/curierulsatelor.ro\/wp\/wp-json\/wp\/v2\/posts\/1517\/revisions\/1519"}],"wp:featuredmedia":[{"embeddable":true,"href":"https:\/\/curierulsatelor.ro\/wp\/wp-json\/wp\/v2\/media\/1518"}],"wp:attachment":[{"href":"https:\/\/curierulsatelor.ro\/wp\/wp-json\/wp\/v2\/media?parent=1517"}],"wp:term":[{"taxonomy":"category","embeddable":true,"href":"https:\/\/curierulsatelor.ro\/wp\/wp-json\/wp\/v2\/categories?post=1517"},{"taxonomy":"post_tag","embeddable":true,"href":"https:\/\/curierulsatelor.ro\/wp\/wp-json\/wp\/v2\/tags?post=1517"}],"curies":[{"name":"wp","href":"https:\/\/api.w.org\/{rel}","templated":true}]}}