{"id":15171,"date":"2025-02-14T13:57:22","date_gmt":"2025-02-14T11:57:22","guid":{"rendered":"https:\/\/curierulsatelor.ro\/wp\/?p=15171"},"modified":"2025-02-14T14:13:35","modified_gmt":"2025-02-14T12:13:35","slug":"comuna-unde-fiecare-cetatean-este-special-pentru-primar","status":"publish","type":"post","link":"https:\/\/curierulsatelor.ro\/wp\/2025\/02\/14\/comuna-unde-fiecare-cetatean-este-special-pentru-primar\/","title":{"rendered":"Comuna unde fiecare cet\u0103\u021bean este special pentru primar"},"content":{"rendered":"\n<p class=\"has-medium-font-size\">Publica\u021biile \u0219i televiziunile de oriunde , de regul\u0103, v\u0103 informeaz\u0103 sau v\u0103 dezinformeaz\u0103 cu privire la ce se \u00eent\u00e2mpl\u0103 sau nu se \u00eent\u00e2mpl\u0103 \u00eentr-o comun\u0103, ora\u0219 sau jude\u021b. Rar ve\u021bi g\u0103si relat\u0103ri despre ceea ce nu se vede dincolo de investi\u021bii edilitare. Cu excep\u021bia situa\u021biilor \u00een care scheletele din dulapurile celor viza\u021bi sunt prea cunoscute. Dar sunt \u0219i primari care, pe l\u00e2ng\u0103 munca de gheril\u0103 pe care o duc pentru atragerea de investi\u021bii \u0219i dezvoltarea comunei, \u00ee\u0219i fac timp \u0219i pentru ceea ce tot mai mul\u021bi omit, din p\u0103cate. Rela\u021bia interpersonal\u0103, contactul direct, familial, prietenesc, cu cet\u0103\u021benii. Excep\u021bie fac primarii care duc o munc\u0103 de sisif \u0219i 24 de ore nu le ajung pentru a identifica metode prin care s\u0103 livreze comunit\u0103\u021bii scuze c\u00e2t mai credibile pentru neputin\u021ba lor. <\/p>\n\n\n\n<figure class=\"wp-block-image alignright size-large is-resized\"><img fetchpriority=\"high\" decoding=\"async\" width=\"1024\" height=\"732\" src=\"https:\/\/curierulsatelor.ro\/wp\/wp-content\/uploads\/2025\/02\/475103446_122195543474087562_2703995327573014390_n-1024x732.jpg\" alt=\"\" class=\"wp-image-15173\" style=\"width:395px;height:auto\" srcset=\"https:\/\/curierulsatelor.ro\/wp\/wp-content\/uploads\/2025\/02\/475103446_122195543474087562_2703995327573014390_n-1024x732.jpg 1024w, https:\/\/curierulsatelor.ro\/wp\/wp-content\/uploads\/2025\/02\/475103446_122195543474087562_2703995327573014390_n-300x214.jpg 300w, https:\/\/curierulsatelor.ro\/wp\/wp-content\/uploads\/2025\/02\/475103446_122195543474087562_2703995327573014390_n-768x549.jpg 768w, https:\/\/curierulsatelor.ro\/wp\/wp-content\/uploads\/2025\/02\/475103446_122195543474087562_2703995327573014390_n-1536x1097.jpg 1536w, https:\/\/curierulsatelor.ro\/wp\/wp-content\/uploads\/2025\/02\/475103446_122195543474087562_2703995327573014390_n.jpg 2048w\" sizes=\"(max-width: 1024px) 100vw, 1024px\" \/><\/figure>\n\n\n\n<p class=\"has-medium-font-size\">Un astfel de primar (din prima categorie) este cel din comuna Ib\u0103ne\u0219ti, jude\u021bul Boto\u0219ani. De ceva vreme, pe diverse re\u021bele sociale (localitatea fiind bine conectat\u0103 la mediul online), edilul Romic\u0103 Magope\u021b \u00ee\u0219i felicit\u0103 cons\u0103tenii cu prilejul zilelor lor de na\u0219tere sau onomastice. Cu siguran\u021b\u0103 nu a sc\u0103pat nimeni. \u00cen decursul timpului probabil c\u0103 to\u021bi locuitorii satelor comunei Ib\u0103ne\u0219ti s-au sim\u021bit aprecia\u021bi, speciali, pentru cel pe care l-au votat \u0219i nu admit c\u0103 altcineva poate egala ce a f\u0103cut edilitar p\u00e2n\u0103 acum. <\/p>\n\n\n\n<p class=\"has-medium-font-size\">Primarul este \u0219i el om. \u0218i sigur c\u0103 \u00eentre sute de documente de semnat, \u0219edin\u021be, vizite ministeriale, proiecte, studii \u0219i \u00eentrevederi diplomatice, \u0219i-ar dori s\u0103 poat\u0103 lua mici pauze. De relaxare. Dar nu \u0219i la Ib\u0103ne\u0219ti. Acolo edilul \u00ee\u0219i face timp pentru orice \u0219i pentru oricine. sacrific\u00e2nd uneori timpul pu\u021bin pe care l-ar putea aloca propriei persoane sau familiei. Spre deosebire de prea mul\u021bi al\u021bi primari, pentru care tot mandatul este o continu\u0103 relaxare. <\/p>\n\n\n\n<p class=\"has-medium-font-size\">\u0218i asta nu afecteaz\u0103 cu nimic evolu\u021bia ascendent\u0103 a comunei. Pentru c\u0103 Romic\u0103 Magope\u021b este unul dintre pu\u021binii primari care a \u0219tiut s\u0103 aduc\u0103 \u0219i \u021bin\u0103 l\u00e2ng\u0103 el oamenii buni, cu diverse abilit\u0103\u021bi. Altfel, f\u0103r\u0103 o echip\u0103 deosebit\u0103 care s\u0103 \u00eel ajute \u00een Prim\u0103rie, totul ar fi mult mai greu. \u0218i voi repeta de c\u00e2te ori va fi cazul c\u0103 un primar nu trebuie s\u0103 fie Dumnezeu pe p\u0103m\u00e2nt, nu trebuie s\u0103 fie atoate-\u0219tiutor sau specialist \u00een orice. Dar dac\u0103 este bun manager \u0219i \u0219tie s\u0103 \u00eembine aceast\u0103 capacitate cu abilit\u0103\u021bile de lider, nu se va teme nicic\u00e2nd s\u0103 aduc\u0103 \u00een echipa sa speciali\u0219ti, profesioni\u0219ti pe diverse segmente de activitate. \u0218i asta nu \u00eei va \u0219tirbi nimic din autoritate \u0219i admira\u021bie. Ba dimpotriv\u0103.<\/p>\n\n\n\n<figure class=\"wp-block-image alignright size-large is-resized\"><img decoding=\"async\" width=\"1024\" height=\"638\" src=\"https:\/\/curierulsatelor.ro\/wp\/wp-content\/uploads\/2025\/02\/Romica-Magopet-Ibanesti-scaled-1-1024x638.jpg\" alt=\"\" class=\"wp-image-15174\" style=\"width:440px;height:auto\" srcset=\"https:\/\/curierulsatelor.ro\/wp\/wp-content\/uploads\/2025\/02\/Romica-Magopet-Ibanesti-scaled-1-1024x638.jpg 1024w, https:\/\/curierulsatelor.ro\/wp\/wp-content\/uploads\/2025\/02\/Romica-Magopet-Ibanesti-scaled-1-300x187.jpg 300w, https:\/\/curierulsatelor.ro\/wp\/wp-content\/uploads\/2025\/02\/Romica-Magopet-Ibanesti-scaled-1-768x479.jpg 768w, https:\/\/curierulsatelor.ro\/wp\/wp-content\/uploads\/2025\/02\/Romica-Magopet-Ibanesti-scaled-1-1536x957.jpg 1536w, https:\/\/curierulsatelor.ro\/wp\/wp-content\/uploads\/2025\/02\/Romica-Magopet-Ibanesti-scaled-1-2048x1276.jpg 2048w\" sizes=\"(max-width: 1024px) 100vw, 1024px\" \/><\/figure>\n\n\n\n<p class=\"has-medium-font-size\">Ib\u0103ne\u0219tiul este de mult timp o comun\u0103 mai mult dec\u00e2t european\u0103 \u0219i model de administra\u021bie public\u0103 rom\u00e2neasc\u0103 altfel. Despre cum a devenit localitatea Ib\u0103ne\u0219ti etalon de dezvoltare \u0219i model de perseveren\u021b\u0103, am mai scris. Ba chiar edilul a devenit un blazon prin ceea ce face \u0219i prin modul \u00een care se d\u0103ruie\u0219te comunit\u0103\u021bii. La fel cum am scris \u0219i despre impoten\u021ba edilitar\u0103 a altor primari, sau sictirul cu care \u00ee\u0219i trateaz\u0103 electoratul dup\u0103 ce \u00eei am\u0103gesc o dat\u0103 sau de fiecare dat\u0103 pe cet\u0103\u021beni, \u00een campaniile electorale. <\/p>\n\n\n\n<p class=\"has-medium-font-size\">Dar s\u0103 \u0219tii \u0219i s\u0103 vrei s\u0103 r\u0103m\u00e2i OM, \u00eenainte de a fi ALES, este o art\u0103. \u0218i ai nevoie de dou\u0103 lucruri: dragoste de cet\u0103\u021beni \u0219i d\u0103ruire pentru comunitate. Nu ar fi r\u0103u ca \u0219colile politice de var\u0103 ale partidelor, cele tradi\u021bionale, s\u0103 fie oarecum clonate \u0219i periodic s\u0103 fie aduna\u021bi \u0219i primarii pentru a fi instrui\u021bi cum s\u0103 \u00ee\u0219i trateze locuitorii comunelor lor, cum s\u0103 \u00eei \u00een\u021beleag\u0103 \u0219i s\u0103 \u00eei ajute. Este o idee ce ar putea fi aplicat\u0103 la nivel de asocia\u021bie a comunelor, c\u0103 tot exist\u0103 ACOR.<\/p>\n\n\n\n<p class=\"has-medium-font-size\">P\u00e2n\u0103 atunci jos p\u0103l\u0103ria pentru astfel de edili. \u0218i dac\u0103 mai sunt \u0219i al\u021bii care s-au f\u0103cut remarca\u021bi \u00een comunit\u0103\u021bile lor prin implicare sau neimplicare, pute\u021bi s\u0103 \u00eemp\u0103rt\u0103\u0219i\u021bi bucuria sau necazul scriindu-ne pe adresa redac\u021biei: redactia@curierulsatelor.ro <\/p>\n\n\n\n<figure class=\"wp-block-image size-full\"><img decoding=\"async\" width=\"1024\" height=\"732\" src=\"https:\/\/curierulsatelor.ro\/wp\/wp-content\/uploads\/2025\/02\/Romica-Magopet-Ibanesti-primaria-SMART-4-1024x732-1.jpg\" alt=\"\" class=\"wp-image-15175\" srcset=\"https:\/\/curierulsatelor.ro\/wp\/wp-content\/uploads\/2025\/02\/Romica-Magopet-Ibanesti-primaria-SMART-4-1024x732-1.jpg 1024w, https:\/\/curierulsatelor.ro\/wp\/wp-content\/uploads\/2025\/02\/Romica-Magopet-Ibanesti-primaria-SMART-4-1024x732-1-300x214.jpg 300w, https:\/\/curierulsatelor.ro\/wp\/wp-content\/uploads\/2025\/02\/Romica-Magopet-Ibanesti-primaria-SMART-4-1024x732-1-768x549.jpg 768w\" sizes=\"(max-width: 1024px) 100vw, 1024px\" \/><\/figure>\n","protected":false},"excerpt":{"rendered":"<p>Publica\u021biile \u0219i televiziunile de oriunde , de regul\u0103, v\u0103 informeaz\u0103 sau v\u0103 dezinformeaz\u0103 cu privire&#8230;<\/p>\n","protected":false},"author":1,"featured_media":15176,"comment_status":"open","ping_status":"open","sticky":false,"template":"","format":"standard","meta":{"footnotes":""},"categories":[5,3,33,1],"tags":[],"class_list":["post-15171","post","type-post","status-publish","format-standard","has-post-thumbnail","hentry","category-administratie","category-lumea-satelor","category-topedil-stopedil","category-uncategorized"],"yoast_head":"<!-- This site is optimized with the Yoast SEO plugin v27.4 - https:\/\/yoast.com\/product\/yoast-seo-wordpress\/ -->\n<title>Comuna unde fiecare cet\u0103\u021bean este special pentru primar - Curierul Regional<\/title>\n<meta name=\"robots\" content=\"index, follow, max-snippet:-1, max-image-preview:large, max-video-preview:-1\" \/>\n<link rel=\"canonical\" href=\"https:\/\/curierulsatelor.ro\/wp\/2025\/02\/14\/comuna-unde-fiecare-cetatean-este-special-pentru-primar\/\" \/>\n<meta property=\"og:locale\" content=\"ro_RO\" \/>\n<meta property=\"og:type\" content=\"article\" \/>\n<meta property=\"og:title\" content=\"Comuna unde fiecare cet\u0103\u021bean este special pentru primar - Curierul Regional\" \/>\n<meta property=\"og:description\" content=\"Publica\u021biile \u0219i televiziunile de oriunde , de regul\u0103, v\u0103 informeaz\u0103 sau v\u0103 dezinformeaz\u0103 cu privire...\" \/>\n<meta property=\"og:url\" content=\"https:\/\/curierulsatelor.ro\/wp\/2025\/02\/14\/comuna-unde-fiecare-cetatean-este-special-pentru-primar\/\" \/>\n<meta property=\"og:site_name\" content=\"Curierul Regional\" \/>\n<meta property=\"article:published_time\" content=\"2025-02-14T11:57:22+00:00\" \/>\n<meta property=\"article:modified_time\" content=\"2025-02-14T12:13:35+00:00\" \/>\n<meta property=\"og:image\" content=\"https:\/\/curierulsatelor.ro\/wp\/wp-content\/uploads\/2025\/02\/Ibanesti-SMART-Village-scaled-Romica-Magopet.jpg\" \/>\n\t<meta property=\"og:image:width\" content=\"2560\" \/>\n\t<meta property=\"og:image:height\" content=\"1686\" \/>\n\t<meta property=\"og:image:type\" content=\"image\/jpeg\" \/>\n<meta name=\"author\" content=\"Marian Morosan\" \/>\n<meta name=\"twitter:card\" content=\"summary_large_image\" \/>\n<meta name=\"twitter:label1\" content=\"Scris de\" \/>\n\t<meta name=\"twitter:data1\" content=\"Marian Morosan\" \/>\n\t<meta name=\"twitter:label2\" content=\"Timp estimat pentru citire\" \/>\n\t<meta name=\"twitter:data2\" content=\"5 minute\" \/>\n<script type=\"application\/ld+json\" class=\"yoast-schema-graph\">{\"@context\":\"https:\\\/\\\/schema.org\",\"@graph\":[{\"@type\":\"Article\",\"@id\":\"https:\\\/\\\/curierulsatelor.ro\\\/wp\\\/2025\\\/02\\\/14\\\/comuna-unde-fiecare-cetatean-este-special-pentru-primar\\\/#article\",\"isPartOf\":{\"@id\":\"https:\\\/\\\/curierulsatelor.ro\\\/wp\\\/2025\\\/02\\\/14\\\/comuna-unde-fiecare-cetatean-este-special-pentru-primar\\\/\"},\"author\":{\"name\":\"Marian Morosan\",\"@id\":\"https:\\\/\\\/curierulsatelor.ro\\\/wp\\\/#\\\/schema\\\/person\\\/6f6b28a030e15d619a82894773d6e7b9\"},\"headline\":\"Comuna unde fiecare cet\u0103\u021bean este special pentru primar\",\"datePublished\":\"2025-02-14T11:57:22+00:00\",\"dateModified\":\"2025-02-14T12:13:35+00:00\",\"mainEntityOfPage\":{\"@id\":\"https:\\\/\\\/curierulsatelor.ro\\\/wp\\\/2025\\\/02\\\/14\\\/comuna-unde-fiecare-cetatean-este-special-pentru-primar\\\/\"},\"wordCount\":722,\"commentCount\":0,\"publisher\":{\"@id\":\"https:\\\/\\\/curierulsatelor.ro\\\/wp\\\/#organization\"},\"image\":{\"@id\":\"https:\\\/\\\/curierulsatelor.ro\\\/wp\\\/2025\\\/02\\\/14\\\/comuna-unde-fiecare-cetatean-este-special-pentru-primar\\\/#primaryimage\"},\"thumbnailUrl\":\"https:\\\/\\\/curierulsatelor.ro\\\/wp\\\/wp-content\\\/uploads\\\/2025\\\/02\\\/Ibanesti-SMART-Village-scaled-Romica-Magopet.jpg\",\"articleSection\":[\"Administratie\",\"Lumea satelor\",\"TopEdil\\\/StopEdil\",\"Uncategorized\"],\"inLanguage\":\"ro-RO\",\"potentialAction\":[{\"@type\":\"CommentAction\",\"name\":\"Comment\",\"target\":[\"https:\\\/\\\/curierulsatelor.ro\\\/wp\\\/2025\\\/02\\\/14\\\/comuna-unde-fiecare-cetatean-este-special-pentru-primar\\\/#respond\"]}]},{\"@type\":\"WebPage\",\"@id\":\"https:\\\/\\\/curierulsatelor.ro\\\/wp\\\/2025\\\/02\\\/14\\\/comuna-unde-fiecare-cetatean-este-special-pentru-primar\\\/\",\"url\":\"https:\\\/\\\/curierulsatelor.ro\\\/wp\\\/2025\\\/02\\\/14\\\/comuna-unde-fiecare-cetatean-este-special-pentru-primar\\\/\",\"name\":\"Comuna unde fiecare cet\u0103\u021bean este special pentru primar - Curierul Regional\",\"isPartOf\":{\"@id\":\"https:\\\/\\\/curierulsatelor.ro\\\/wp\\\/#website\"},\"primaryImageOfPage\":{\"@id\":\"https:\\\/\\\/curierulsatelor.ro\\\/wp\\\/2025\\\/02\\\/14\\\/comuna-unde-fiecare-cetatean-este-special-pentru-primar\\\/#primaryimage\"},\"image\":{\"@id\":\"https:\\\/\\\/curierulsatelor.ro\\\/wp\\\/2025\\\/02\\\/14\\\/comuna-unde-fiecare-cetatean-este-special-pentru-primar\\\/#primaryimage\"},\"thumbnailUrl\":\"https:\\\/\\\/curierulsatelor.ro\\\/wp\\\/wp-content\\\/uploads\\\/2025\\\/02\\\/Ibanesti-SMART-Village-scaled-Romica-Magopet.jpg\",\"datePublished\":\"2025-02-14T11:57:22+00:00\",\"dateModified\":\"2025-02-14T12:13:35+00:00\",\"breadcrumb\":{\"@id\":\"https:\\\/\\\/curierulsatelor.ro\\\/wp\\\/2025\\\/02\\\/14\\\/comuna-unde-fiecare-cetatean-este-special-pentru-primar\\\/#breadcrumb\"},\"inLanguage\":\"ro-RO\",\"potentialAction\":[{\"@type\":\"ReadAction\",\"target\":[\"https:\\\/\\\/curierulsatelor.ro\\\/wp\\\/2025\\\/02\\\/14\\\/comuna-unde-fiecare-cetatean-este-special-pentru-primar\\\/\"]}]},{\"@type\":\"ImageObject\",\"inLanguage\":\"ro-RO\",\"@id\":\"https:\\\/\\\/curierulsatelor.ro\\\/wp\\\/2025\\\/02\\\/14\\\/comuna-unde-fiecare-cetatean-este-special-pentru-primar\\\/#primaryimage\",\"url\":\"https:\\\/\\\/curierulsatelor.ro\\\/wp\\\/wp-content\\\/uploads\\\/2025\\\/02\\\/Ibanesti-SMART-Village-scaled-Romica-Magopet.jpg\",\"contentUrl\":\"https:\\\/\\\/curierulsatelor.ro\\\/wp\\\/wp-content\\\/uploads\\\/2025\\\/02\\\/Ibanesti-SMART-Village-scaled-Romica-Magopet.jpg\",\"width\":2560,\"height\":1686},{\"@type\":\"BreadcrumbList\",\"@id\":\"https:\\\/\\\/curierulsatelor.ro\\\/wp\\\/2025\\\/02\\\/14\\\/comuna-unde-fiecare-cetatean-este-special-pentru-primar\\\/#breadcrumb\",\"itemListElement\":[{\"@type\":\"ListItem\",\"position\":1,\"name\":\"Prima pagin\u0103\",\"item\":\"https:\\\/\\\/curierulsatelor.ro\\\/wp\\\/\"},{\"@type\":\"ListItem\",\"position\":2,\"name\":\"Comuna unde fiecare cet\u0103\u021bean este special pentru primar\"}]},{\"@type\":\"WebSite\",\"@id\":\"https:\\\/\\\/curierulsatelor.ro\\\/wp\\\/#website\",\"url\":\"https:\\\/\\\/curierulsatelor.ro\\\/wp\\\/\",\"name\":\"Curierul Regional\",\"description\":\"\",\"publisher\":{\"@id\":\"https:\\\/\\\/curierulsatelor.ro\\\/wp\\\/#organization\"},\"potentialAction\":[{\"@type\":\"SearchAction\",\"target\":{\"@type\":\"EntryPoint\",\"urlTemplate\":\"https:\\\/\\\/curierulsatelor.ro\\\/wp\\\/?s={search_term_string}\"},\"query-input\":{\"@type\":\"PropertyValueSpecification\",\"valueRequired\":true,\"valueName\":\"search_term_string\"}}],\"inLanguage\":\"ro-RO\"},{\"@type\":\"Organization\",\"@id\":\"https:\\\/\\\/curierulsatelor.ro\\\/wp\\\/#organization\",\"name\":\"Curierul Regional\",\"url\":\"https:\\\/\\\/curierulsatelor.ro\\\/wp\\\/\",\"logo\":{\"@type\":\"ImageObject\",\"inLanguage\":\"ro-RO\",\"@id\":\"https:\\\/\\\/curierulsatelor.ro\\\/wp\\\/#\\\/schema\\\/logo\\\/image\\\/\",\"url\":\"https:\\\/\\\/curierulsatelor.ro\\\/wp\\\/wp-content\\\/uploads\\\/2020\\\/01\\\/Curierul-Regional-si-Curierul-satelor-logo-header.png\",\"contentUrl\":\"https:\\\/\\\/curierulsatelor.ro\\\/wp\\\/wp-content\\\/uploads\\\/2020\\\/01\\\/Curierul-Regional-si-Curierul-satelor-logo-header.png\",\"width\":2943,\"height\":685,\"caption\":\"Curierul Regional\"},\"image\":{\"@id\":\"https:\\\/\\\/curierulsatelor.ro\\\/wp\\\/#\\\/schema\\\/logo\\\/image\\\/\"}},{\"@type\":\"Person\",\"@id\":\"https:\\\/\\\/curierulsatelor.ro\\\/wp\\\/#\\\/schema\\\/person\\\/6f6b28a030e15d619a82894773d6e7b9\",\"name\":\"Marian Morosan\",\"image\":{\"@type\":\"ImageObject\",\"inLanguage\":\"ro-RO\",\"@id\":\"https:\\\/\\\/secure.gravatar.com\\\/avatar\\\/2e833cc9ab99e6bca46266d4ad9030d308346ff7ff0b6b955c29b74cafaf064b?s=96&d=mm&r=g\",\"url\":\"https:\\\/\\\/secure.gravatar.com\\\/avatar\\\/2e833cc9ab99e6bca46266d4ad9030d308346ff7ff0b6b955c29b74cafaf064b?s=96&d=mm&r=g\",\"contentUrl\":\"https:\\\/\\\/secure.gravatar.com\\\/avatar\\\/2e833cc9ab99e6bca46266d4ad9030d308346ff7ff0b6b955c29b74cafaf064b?s=96&d=mm&r=g\",\"caption\":\"Marian Morosan\"},\"description\":\"Copiilor no\u015ftri li se preg\u0103te\u015fte, incon\u015ftient, o lume de joben ciuruit, din care niciodat\u0103 nu iese iepura\u015ful. Doar panglicile politicilor sociale roase de moliile cu \u015ftaif din ultimele decenii. Suntem oropsi\u0163i, suntem dispera\u0163i, manipula\u0163i p\u00e2n\u0103 acolo \u00eenc\u00e2t ne bucur\u0103m s\u0103 fim masa de manevr\u0103 a unora \u015fi s\u0103 sus\u0163inem c\u0103 a\u015fa e normal. Acum \u00eel \u00een\u0163eleg pe Cioran, dar \u00eel \u00een\u0163eleg mai bine \u015fi pe Preda. \u015ei m\u0103 g\u00e2ndesc iar, cu groaz\u0103, la copilul meu. Cel pu\u0163in eu nu \u00eemi doresc s\u0103 \u015ftiu c\u0103 micu\u0163ul meu va fi singur, cu sufletul descul\u0163, prin jungla mileniului III ! https:\\\/\\\/curierulsatelor.ro\\\/wp\\\/2019\\\/10\\\/16\\\/cu-sufletul-descult-prin-jungla-mileniului-iii-editorial\\\/\",\"sameAs\":[\"http:\\\/\\\/admin\"],\"url\":\"https:\\\/\\\/curierulsatelor.ro\\\/wp\\\/author\\\/admin\\\/\"}]}<\/script>\n<!-- \/ Yoast SEO plugin. -->","yoast_head_json":{"title":"Comuna unde fiecare cet\u0103\u021bean este special pentru primar - Curierul Regional","robots":{"index":"index","follow":"follow","max-snippet":"max-snippet:-1","max-image-preview":"max-image-preview:large","max-video-preview":"max-video-preview:-1"},"canonical":"https:\/\/curierulsatelor.ro\/wp\/2025\/02\/14\/comuna-unde-fiecare-cetatean-este-special-pentru-primar\/","og_locale":"ro_RO","og_type":"article","og_title":"Comuna unde fiecare cet\u0103\u021bean este special pentru primar - Curierul Regional","og_description":"Publica\u021biile \u0219i televiziunile de oriunde , de regul\u0103, v\u0103 informeaz\u0103 sau v\u0103 dezinformeaz\u0103 cu privire...","og_url":"https:\/\/curierulsatelor.ro\/wp\/2025\/02\/14\/comuna-unde-fiecare-cetatean-este-special-pentru-primar\/","og_site_name":"Curierul Regional","article_published_time":"2025-02-14T11:57:22+00:00","article_modified_time":"2025-02-14T12:13:35+00:00","og_image":[{"width":2560,"height":1686,"url":"https:\/\/curierulsatelor.ro\/wp\/wp-content\/uploads\/2025\/02\/Ibanesti-SMART-Village-scaled-Romica-Magopet.jpg","type":"image\/jpeg"}],"author":"Marian Morosan","twitter_card":"summary_large_image","twitter_misc":{"Scris de":"Marian Morosan","Timp estimat pentru citire":"5 minute"},"schema":{"@context":"https:\/\/schema.org","@graph":[{"@type":"Article","@id":"https:\/\/curierulsatelor.ro\/wp\/2025\/02\/14\/comuna-unde-fiecare-cetatean-este-special-pentru-primar\/#article","isPartOf":{"@id":"https:\/\/curierulsatelor.ro\/wp\/2025\/02\/14\/comuna-unde-fiecare-cetatean-este-special-pentru-primar\/"},"author":{"name":"Marian Morosan","@id":"https:\/\/curierulsatelor.ro\/wp\/#\/schema\/person\/6f6b28a030e15d619a82894773d6e7b9"},"headline":"Comuna unde fiecare cet\u0103\u021bean este special pentru primar","datePublished":"2025-02-14T11:57:22+00:00","dateModified":"2025-02-14T12:13:35+00:00","mainEntityOfPage":{"@id":"https:\/\/curierulsatelor.ro\/wp\/2025\/02\/14\/comuna-unde-fiecare-cetatean-este-special-pentru-primar\/"},"wordCount":722,"commentCount":0,"publisher":{"@id":"https:\/\/curierulsatelor.ro\/wp\/#organization"},"image":{"@id":"https:\/\/curierulsatelor.ro\/wp\/2025\/02\/14\/comuna-unde-fiecare-cetatean-este-special-pentru-primar\/#primaryimage"},"thumbnailUrl":"https:\/\/curierulsatelor.ro\/wp\/wp-content\/uploads\/2025\/02\/Ibanesti-SMART-Village-scaled-Romica-Magopet.jpg","articleSection":["Administratie","Lumea satelor","TopEdil\/StopEdil","Uncategorized"],"inLanguage":"ro-RO","potentialAction":[{"@type":"CommentAction","name":"Comment","target":["https:\/\/curierulsatelor.ro\/wp\/2025\/02\/14\/comuna-unde-fiecare-cetatean-este-special-pentru-primar\/#respond"]}]},{"@type":"WebPage","@id":"https:\/\/curierulsatelor.ro\/wp\/2025\/02\/14\/comuna-unde-fiecare-cetatean-este-special-pentru-primar\/","url":"https:\/\/curierulsatelor.ro\/wp\/2025\/02\/14\/comuna-unde-fiecare-cetatean-este-special-pentru-primar\/","name":"Comuna unde fiecare cet\u0103\u021bean este special pentru primar - Curierul Regional","isPartOf":{"@id":"https:\/\/curierulsatelor.ro\/wp\/#website"},"primaryImageOfPage":{"@id":"https:\/\/curierulsatelor.ro\/wp\/2025\/02\/14\/comuna-unde-fiecare-cetatean-este-special-pentru-primar\/#primaryimage"},"image":{"@id":"https:\/\/curierulsatelor.ro\/wp\/2025\/02\/14\/comuna-unde-fiecare-cetatean-este-special-pentru-primar\/#primaryimage"},"thumbnailUrl":"https:\/\/curierulsatelor.ro\/wp\/wp-content\/uploads\/2025\/02\/Ibanesti-SMART-Village-scaled-Romica-Magopet.jpg","datePublished":"2025-02-14T11:57:22+00:00","dateModified":"2025-02-14T12:13:35+00:00","breadcrumb":{"@id":"https:\/\/curierulsatelor.ro\/wp\/2025\/02\/14\/comuna-unde-fiecare-cetatean-este-special-pentru-primar\/#breadcrumb"},"inLanguage":"ro-RO","potentialAction":[{"@type":"ReadAction","target":["https:\/\/curierulsatelor.ro\/wp\/2025\/02\/14\/comuna-unde-fiecare-cetatean-este-special-pentru-primar\/"]}]},{"@type":"ImageObject","inLanguage":"ro-RO","@id":"https:\/\/curierulsatelor.ro\/wp\/2025\/02\/14\/comuna-unde-fiecare-cetatean-este-special-pentru-primar\/#primaryimage","url":"https:\/\/curierulsatelor.ro\/wp\/wp-content\/uploads\/2025\/02\/Ibanesti-SMART-Village-scaled-Romica-Magopet.jpg","contentUrl":"https:\/\/curierulsatelor.ro\/wp\/wp-content\/uploads\/2025\/02\/Ibanesti-SMART-Village-scaled-Romica-Magopet.jpg","width":2560,"height":1686},{"@type":"BreadcrumbList","@id":"https:\/\/curierulsatelor.ro\/wp\/2025\/02\/14\/comuna-unde-fiecare-cetatean-este-special-pentru-primar\/#breadcrumb","itemListElement":[{"@type":"ListItem","position":1,"name":"Prima pagin\u0103","item":"https:\/\/curierulsatelor.ro\/wp\/"},{"@type":"ListItem","position":2,"name":"Comuna unde fiecare cet\u0103\u021bean este special pentru primar"}]},{"@type":"WebSite","@id":"https:\/\/curierulsatelor.ro\/wp\/#website","url":"https:\/\/curierulsatelor.ro\/wp\/","name":"Curierul Regional","description":"","publisher":{"@id":"https:\/\/curierulsatelor.ro\/wp\/#organization"},"potentialAction":[{"@type":"SearchAction","target":{"@type":"EntryPoint","urlTemplate":"https:\/\/curierulsatelor.ro\/wp\/?s={search_term_string}"},"query-input":{"@type":"PropertyValueSpecification","valueRequired":true,"valueName":"search_term_string"}}],"inLanguage":"ro-RO"},{"@type":"Organization","@id":"https:\/\/curierulsatelor.ro\/wp\/#organization","name":"Curierul Regional","url":"https:\/\/curierulsatelor.ro\/wp\/","logo":{"@type":"ImageObject","inLanguage":"ro-RO","@id":"https:\/\/curierulsatelor.ro\/wp\/#\/schema\/logo\/image\/","url":"https:\/\/curierulsatelor.ro\/wp\/wp-content\/uploads\/2020\/01\/Curierul-Regional-si-Curierul-satelor-logo-header.png","contentUrl":"https:\/\/curierulsatelor.ro\/wp\/wp-content\/uploads\/2020\/01\/Curierul-Regional-si-Curierul-satelor-logo-header.png","width":2943,"height":685,"caption":"Curierul Regional"},"image":{"@id":"https:\/\/curierulsatelor.ro\/wp\/#\/schema\/logo\/image\/"}},{"@type":"Person","@id":"https:\/\/curierulsatelor.ro\/wp\/#\/schema\/person\/6f6b28a030e15d619a82894773d6e7b9","name":"Marian Morosan","image":{"@type":"ImageObject","inLanguage":"ro-RO","@id":"https:\/\/secure.gravatar.com\/avatar\/2e833cc9ab99e6bca46266d4ad9030d308346ff7ff0b6b955c29b74cafaf064b?s=96&d=mm&r=g","url":"https:\/\/secure.gravatar.com\/avatar\/2e833cc9ab99e6bca46266d4ad9030d308346ff7ff0b6b955c29b74cafaf064b?s=96&d=mm&r=g","contentUrl":"https:\/\/secure.gravatar.com\/avatar\/2e833cc9ab99e6bca46266d4ad9030d308346ff7ff0b6b955c29b74cafaf064b?s=96&d=mm&r=g","caption":"Marian Morosan"},"description":"Copiilor no\u015ftri li se preg\u0103te\u015fte, incon\u015ftient, o lume de joben ciuruit, din care niciodat\u0103 nu iese iepura\u015ful. Doar panglicile politicilor sociale roase de moliile cu \u015ftaif din ultimele decenii. Suntem oropsi\u0163i, suntem dispera\u0163i, manipula\u0163i p\u00e2n\u0103 acolo \u00eenc\u00e2t ne bucur\u0103m s\u0103 fim masa de manevr\u0103 a unora \u015fi s\u0103 sus\u0163inem c\u0103 a\u015fa e normal. Acum \u00eel \u00een\u0163eleg pe Cioran, dar \u00eel \u00een\u0163eleg mai bine \u015fi pe Preda. \u015ei m\u0103 g\u00e2ndesc iar, cu groaz\u0103, la copilul meu. Cel pu\u0163in eu nu \u00eemi doresc s\u0103 \u015ftiu c\u0103 micu\u0163ul meu va fi singur, cu sufletul descul\u0163, prin jungla mileniului III ! https:\/\/curierulsatelor.ro\/wp\/2019\/10\/16\/cu-sufletul-descult-prin-jungla-mileniului-iii-editorial\/","sameAs":["http:\/\/admin"],"url":"https:\/\/curierulsatelor.ro\/wp\/author\/admin\/"}]}},"_links":{"self":[{"href":"https:\/\/curierulsatelor.ro\/wp\/wp-json\/wp\/v2\/posts\/15171","targetHints":{"allow":["GET"]}}],"collection":[{"href":"https:\/\/curierulsatelor.ro\/wp\/wp-json\/wp\/v2\/posts"}],"about":[{"href":"https:\/\/curierulsatelor.ro\/wp\/wp-json\/wp\/v2\/types\/post"}],"author":[{"embeddable":true,"href":"https:\/\/curierulsatelor.ro\/wp\/wp-json\/wp\/v2\/users\/1"}],"replies":[{"embeddable":true,"href":"https:\/\/curierulsatelor.ro\/wp\/wp-json\/wp\/v2\/comments?post=15171"}],"version-history":[{"count":3,"href":"https:\/\/curierulsatelor.ro\/wp\/wp-json\/wp\/v2\/posts\/15171\/revisions"}],"predecessor-version":[{"id":15178,"href":"https:\/\/curierulsatelor.ro\/wp\/wp-json\/wp\/v2\/posts\/15171\/revisions\/15178"}],"wp:featuredmedia":[{"embeddable":true,"href":"https:\/\/curierulsatelor.ro\/wp\/wp-json\/wp\/v2\/media\/15176"}],"wp:attachment":[{"href":"https:\/\/curierulsatelor.ro\/wp\/wp-json\/wp\/v2\/media?parent=15171"}],"wp:term":[{"taxonomy":"category","embeddable":true,"href":"https:\/\/curierulsatelor.ro\/wp\/wp-json\/wp\/v2\/categories?post=15171"},{"taxonomy":"post_tag","embeddable":true,"href":"https:\/\/curierulsatelor.ro\/wp\/wp-json\/wp\/v2\/tags?post=15171"}],"curies":[{"name":"wp","href":"https:\/\/api.w.org\/{rel}","templated":true}]}}