{"id":15280,"date":"2025-03-02T08:17:05","date_gmt":"2025-03-02T06:17:05","guid":{"rendered":"https:\/\/curierulsatelor.ro\/wp\/?p=15280"},"modified":"2025-03-02T08:17:05","modified_gmt":"2025-03-02T06:17:05","slug":"guvernul-ciolacu-ramane-in-slujba-intereselor-romanilor","status":"publish","type":"post","link":"https:\/\/curierulsatelor.ro\/wp\/2025\/03\/02\/guvernul-ciolacu-ramane-in-slujba-intereselor-romanilor\/","title":{"rendered":"Guvernul Ciolacu r\u0103m\u00e2ne \u00een slujba intereselor rom\u00e2nilor"},"content":{"rendered":"\n<p><strong>Guvernul condus de premierul Marcel Ciolacu r\u0103m\u00e2ne \u00een func\u021bie!<\/strong><\/p>\n\n\n\n<p>Plenul Parlamentului a respins ast\u0103zi mo\u021biunea de cenzur\u0103 depus\u0103 de c\u0103tre partidele suveraniste \u00eempotriva Guvernului sus\u021binut de partidele pro-europene.&nbsp;<strong><em>\u201eSchimbarea Guvernului este un demers iresponsabil, care putea arunca Rom\u00e2nia \u00een haos. De fapt, mo\u021biunea de cenzur\u0103 nu a fost \u00eendreptat\u0103 \u00eempotriva Guvernului, ci \u00eempotriva intereselor rom\u00e2nilor \u0219i putea genera instabilitate \u0219i insecuritate, \u00eentr-un moment crucial din punct de vedere economic, social \u0219i geopolitic. Un demers plin de distorsion\u0103ri juridice, constitu\u021bionale \u0219i pe alocuri exager\u0103ri ale argumentului moral, toate cu scopul de a favoriza interese contrare rom\u00e2nilor\u201d<\/em><\/strong>, a declarat senatorul Doina Federovici, pre\u0219edintele PSD Boto\u0219ani.<\/p>\n\n\n\n<p>Liderul social-democrat a subliniat realiz\u0103rile f\u0103cute \u00een timpul guvern\u0103rii asigurate de echipa lui Marcel Ciolacu.&nbsp;<strong><em>\u201eConstruc\u021bia de autostr\u0103zi \u0219i drumuri de mare vitez\u0103 care s\u0103 lege Moldova de restul \u021b\u0103rii, cre\u0219terea economic\u0103 sus\u021binut\u0103, aderarea deplin\u0103 la Spa\u021biul Schengen, consolidarea pozi\u021biei Rom\u00e2niei pe plan european \u0219i interna\u021bional sunt doar c\u00e2teva dovezi clare ale bunei guvern\u0103ri asigurate de PSD \u00een ultimii ani\u201d,<\/em><\/strong>&nbsp;a mai declarat Doina Federovici.<\/p>\n\n\n\n<p>La r\u00e2ndul s\u0103u, deputatul Marius Bud\u0103i, prim-vicepre\u0219edintele PSD Boto\u0219ani, a subliniat c\u0103 mo\u021biunea de cenzur\u0103 a suverani\u0219tilor a fost un demers politic care nu oferea solu\u021bii concrete, ci doar acuza\u021bii nefondate \u0219i insinu\u0103ri menite s\u0103 divizeze societatea rom\u00e2neasc\u0103.&nbsp;<strong><em>\u201eMo\u021biunea de cenzur\u0103 a fost sus\u021binut\u0103 doar de for\u021bele politice care promoveaz\u0103 mesaje extremiste \u0219i ac\u021biuni ce pun sub semnul \u00eentreb\u0103rii valorile democratice fundamentale. Actualul Guvern a demonstrat angajament \u0219i eficien\u021b\u0103 \u00een implementarea unor politici care protejeaz\u0103 interesele economice ale Rom\u00e2niei, inclusiv prin plafonarea pre\u021burilor la energie, cre\u0219terea investi\u021biilor strategice \u0219i renegocierea PNRR pentru a r\u0103spunde provoc\u0103rilor actuale\u201d<\/em><\/strong>, a spus Marius Bud\u0103i.<\/p>\n\n\n\n<p>\u00cen acest context, parlamentarii PSD nu au votat o mo\u021biune de cenzur\u0103 care putea periclita parcursul european \u0219i stabilitatea politic\u0103 \u0219i economic\u0103 a \u021b\u0103rii<strong><em>. \u201eRom\u00e2nia are nevoie de stabilitate \u0219i de un proiect de \u021bar\u0103 solid, nu de jocuri politicianiste care alimenteaz\u0103 polarizarea social\u0103. PSD r\u0103m\u00e2ne un garant al valorilor europene, al democra\u021biei \u0219i al interesului na\u021bional\u201d,<\/em><\/strong>&nbsp;a conchis senatorul PSD Doina Federovici.<\/p>\n\n\n\n<p>Mo\u021biunea de cenzur\u0103 ini\u021biat\u0103 de partidele suveraniste a picat la vot, adun\u00e2nd doar 147 de voturi \u201epentru\u201d, mai pu\u021bine dec\u00e2t semn\u0103turile ini\u021biatorilor (155).<\/p>\n\n\n\n<hr class=\"wp-block-separator has-alpha-channel-opacity\"\/>\n\n\n\n<p><strong>PARTIDUL SOCIAL DEMOCRAT<\/strong><\/p>\n\n\n\n<p>Organiza\u0163ia jude\u0163ean\u0103 Boto\u015fani<\/p>\n","protected":false},"excerpt":{"rendered":"<p>Guvernul condus de premierul Marcel Ciolacu r\u0103m\u00e2ne \u00een func\u021bie! Plenul Parlamentului a respins ast\u0103zi mo\u021biunea&#8230;<\/p>\n","protected":false},"author":1,"featured_media":15281,"comment_status":"open","ping_status":"open","sticky":false,"template":"","format":"standard","meta":{"footnotes":""},"categories":[8,6],"tags":[],"class_list":["post-15280","post","type-post","status-publish","format-standard","has-post-thumbnail","hentry","category-comunicate","category-politica"],"yoast_head":"<!-- This site is optimized with the Yoast SEO plugin v27.4 - https:\/\/yoast.com\/product\/yoast-seo-wordpress\/ -->\n<title>Guvernul Ciolacu r\u0103m\u00e2ne \u00een slujba intereselor rom\u00e2nilor - Curierul Regional<\/title>\n<meta name=\"robots\" content=\"index, follow, max-snippet:-1, max-image-preview:large, max-video-preview:-1\" \/>\n<link rel=\"canonical\" href=\"https:\/\/curierulsatelor.ro\/wp\/2025\/03\/02\/guvernul-ciolacu-ramane-in-slujba-intereselor-romanilor\/\" \/>\n<meta property=\"og:locale\" content=\"ro_RO\" \/>\n<meta property=\"og:type\" content=\"article\" \/>\n<meta property=\"og:title\" content=\"Guvernul Ciolacu r\u0103m\u00e2ne \u00een slujba intereselor rom\u00e2nilor - Curierul Regional\" \/>\n<meta property=\"og:description\" content=\"Guvernul condus de premierul Marcel Ciolacu r\u0103m\u00e2ne \u00een func\u021bie! Plenul Parlamentului a respins ast\u0103zi mo\u021biunea...\" \/>\n<meta property=\"og:url\" content=\"https:\/\/curierulsatelor.ro\/wp\/2025\/03\/02\/guvernul-ciolacu-ramane-in-slujba-intereselor-romanilor\/\" \/>\n<meta property=\"og:site_name\" content=\"Curierul Regional\" \/>\n<meta property=\"article:published_time\" content=\"2025-03-02T06:17:05+00:00\" \/>\n<meta property=\"og:image\" content=\"https:\/\/curierulsatelor.ro\/wp\/wp-content\/uploads\/2025\/03\/Comunicat-de-presa-28.02.2025.jpeg\" \/>\n\t<meta property=\"og:image:width\" content=\"2048\" \/>\n\t<meta property=\"og:image:height\" content=\"1365\" \/>\n\t<meta property=\"og:image:type\" content=\"image\/jpeg\" \/>\n<meta name=\"author\" content=\"Marian Morosan\" \/>\n<meta name=\"twitter:card\" content=\"summary_large_image\" \/>\n<meta name=\"twitter:label1\" content=\"Scris de\" \/>\n\t<meta name=\"twitter:data1\" content=\"Marian Morosan\" \/>\n\t<meta name=\"twitter:label2\" content=\"Timp estimat pentru citire\" \/>\n\t<meta name=\"twitter:data2\" content=\"3 minute\" \/>\n<script type=\"application\/ld+json\" class=\"yoast-schema-graph\">{\"@context\":\"https:\\\/\\\/schema.org\",\"@graph\":[{\"@type\":\"Article\",\"@id\":\"https:\\\/\\\/curierulsatelor.ro\\\/wp\\\/2025\\\/03\\\/02\\\/guvernul-ciolacu-ramane-in-slujba-intereselor-romanilor\\\/#article\",\"isPartOf\":{\"@id\":\"https:\\\/\\\/curierulsatelor.ro\\\/wp\\\/2025\\\/03\\\/02\\\/guvernul-ciolacu-ramane-in-slujba-intereselor-romanilor\\\/\"},\"author\":{\"name\":\"Marian Morosan\",\"@id\":\"https:\\\/\\\/curierulsatelor.ro\\\/wp\\\/#\\\/schema\\\/person\\\/6f6b28a030e15d619a82894773d6e7b9\"},\"headline\":\"Guvernul Ciolacu r\u0103m\u00e2ne \u00een slujba intereselor rom\u00e2nilor\",\"datePublished\":\"2025-03-02T06:17:05+00:00\",\"mainEntityOfPage\":{\"@id\":\"https:\\\/\\\/curierulsatelor.ro\\\/wp\\\/2025\\\/03\\\/02\\\/guvernul-ciolacu-ramane-in-slujba-intereselor-romanilor\\\/\"},\"wordCount\":441,\"commentCount\":0,\"publisher\":{\"@id\":\"https:\\\/\\\/curierulsatelor.ro\\\/wp\\\/#organization\"},\"image\":{\"@id\":\"https:\\\/\\\/curierulsatelor.ro\\\/wp\\\/2025\\\/03\\\/02\\\/guvernul-ciolacu-ramane-in-slujba-intereselor-romanilor\\\/#primaryimage\"},\"thumbnailUrl\":\"https:\\\/\\\/curierulsatelor.ro\\\/wp\\\/wp-content\\\/uploads\\\/2025\\\/03\\\/Comunicat-de-presa-28.02.2025.jpeg\",\"articleSection\":[\"Comunicate\",\"Politica\"],\"inLanguage\":\"ro-RO\",\"potentialAction\":[{\"@type\":\"CommentAction\",\"name\":\"Comment\",\"target\":[\"https:\\\/\\\/curierulsatelor.ro\\\/wp\\\/2025\\\/03\\\/02\\\/guvernul-ciolacu-ramane-in-slujba-intereselor-romanilor\\\/#respond\"]}]},{\"@type\":\"WebPage\",\"@id\":\"https:\\\/\\\/curierulsatelor.ro\\\/wp\\\/2025\\\/03\\\/02\\\/guvernul-ciolacu-ramane-in-slujba-intereselor-romanilor\\\/\",\"url\":\"https:\\\/\\\/curierulsatelor.ro\\\/wp\\\/2025\\\/03\\\/02\\\/guvernul-ciolacu-ramane-in-slujba-intereselor-romanilor\\\/\",\"name\":\"Guvernul Ciolacu r\u0103m\u00e2ne \u00een slujba intereselor rom\u00e2nilor - Curierul Regional\",\"isPartOf\":{\"@id\":\"https:\\\/\\\/curierulsatelor.ro\\\/wp\\\/#website\"},\"primaryImageOfPage\":{\"@id\":\"https:\\\/\\\/curierulsatelor.ro\\\/wp\\\/2025\\\/03\\\/02\\\/guvernul-ciolacu-ramane-in-slujba-intereselor-romanilor\\\/#primaryimage\"},\"image\":{\"@id\":\"https:\\\/\\\/curierulsatelor.ro\\\/wp\\\/2025\\\/03\\\/02\\\/guvernul-ciolacu-ramane-in-slujba-intereselor-romanilor\\\/#primaryimage\"},\"thumbnailUrl\":\"https:\\\/\\\/curierulsatelor.ro\\\/wp\\\/wp-content\\\/uploads\\\/2025\\\/03\\\/Comunicat-de-presa-28.02.2025.jpeg\",\"datePublished\":\"2025-03-02T06:17:05+00:00\",\"breadcrumb\":{\"@id\":\"https:\\\/\\\/curierulsatelor.ro\\\/wp\\\/2025\\\/03\\\/02\\\/guvernul-ciolacu-ramane-in-slujba-intereselor-romanilor\\\/#breadcrumb\"},\"inLanguage\":\"ro-RO\",\"potentialAction\":[{\"@type\":\"ReadAction\",\"target\":[\"https:\\\/\\\/curierulsatelor.ro\\\/wp\\\/2025\\\/03\\\/02\\\/guvernul-ciolacu-ramane-in-slujba-intereselor-romanilor\\\/\"]}]},{\"@type\":\"ImageObject\",\"inLanguage\":\"ro-RO\",\"@id\":\"https:\\\/\\\/curierulsatelor.ro\\\/wp\\\/2025\\\/03\\\/02\\\/guvernul-ciolacu-ramane-in-slujba-intereselor-romanilor\\\/#primaryimage\",\"url\":\"https:\\\/\\\/curierulsatelor.ro\\\/wp\\\/wp-content\\\/uploads\\\/2025\\\/03\\\/Comunicat-de-presa-28.02.2025.jpeg\",\"contentUrl\":\"https:\\\/\\\/curierulsatelor.ro\\\/wp\\\/wp-content\\\/uploads\\\/2025\\\/03\\\/Comunicat-de-presa-28.02.2025.jpeg\",\"width\":2048,\"height\":1365},{\"@type\":\"BreadcrumbList\",\"@id\":\"https:\\\/\\\/curierulsatelor.ro\\\/wp\\\/2025\\\/03\\\/02\\\/guvernul-ciolacu-ramane-in-slujba-intereselor-romanilor\\\/#breadcrumb\",\"itemListElement\":[{\"@type\":\"ListItem\",\"position\":1,\"name\":\"Prima pagin\u0103\",\"item\":\"https:\\\/\\\/curierulsatelor.ro\\\/wp\\\/\"},{\"@type\":\"ListItem\",\"position\":2,\"name\":\"Guvernul Ciolacu r\u0103m\u00e2ne \u00een slujba intereselor rom\u00e2nilor\"}]},{\"@type\":\"WebSite\",\"@id\":\"https:\\\/\\\/curierulsatelor.ro\\\/wp\\\/#website\",\"url\":\"https:\\\/\\\/curierulsatelor.ro\\\/wp\\\/\",\"name\":\"Curierul Regional\",\"description\":\"\",\"publisher\":{\"@id\":\"https:\\\/\\\/curierulsatelor.ro\\\/wp\\\/#organization\"},\"potentialAction\":[{\"@type\":\"SearchAction\",\"target\":{\"@type\":\"EntryPoint\",\"urlTemplate\":\"https:\\\/\\\/curierulsatelor.ro\\\/wp\\\/?s={search_term_string}\"},\"query-input\":{\"@type\":\"PropertyValueSpecification\",\"valueRequired\":true,\"valueName\":\"search_term_string\"}}],\"inLanguage\":\"ro-RO\"},{\"@type\":\"Organization\",\"@id\":\"https:\\\/\\\/curierulsatelor.ro\\\/wp\\\/#organization\",\"name\":\"Curierul Regional\",\"url\":\"https:\\\/\\\/curierulsatelor.ro\\\/wp\\\/\",\"logo\":{\"@type\":\"ImageObject\",\"inLanguage\":\"ro-RO\",\"@id\":\"https:\\\/\\\/curierulsatelor.ro\\\/wp\\\/#\\\/schema\\\/logo\\\/image\\\/\",\"url\":\"https:\\\/\\\/curierulsatelor.ro\\\/wp\\\/wp-content\\\/uploads\\\/2020\\\/01\\\/Curierul-Regional-si-Curierul-satelor-logo-header.png\",\"contentUrl\":\"https:\\\/\\\/curierulsatelor.ro\\\/wp\\\/wp-content\\\/uploads\\\/2020\\\/01\\\/Curierul-Regional-si-Curierul-satelor-logo-header.png\",\"width\":2943,\"height\":685,\"caption\":\"Curierul Regional\"},\"image\":{\"@id\":\"https:\\\/\\\/curierulsatelor.ro\\\/wp\\\/#\\\/schema\\\/logo\\\/image\\\/\"}},{\"@type\":\"Person\",\"@id\":\"https:\\\/\\\/curierulsatelor.ro\\\/wp\\\/#\\\/schema\\\/person\\\/6f6b28a030e15d619a82894773d6e7b9\",\"name\":\"Marian Morosan\",\"image\":{\"@type\":\"ImageObject\",\"inLanguage\":\"ro-RO\",\"@id\":\"https:\\\/\\\/secure.gravatar.com\\\/avatar\\\/2e833cc9ab99e6bca46266d4ad9030d308346ff7ff0b6b955c29b74cafaf064b?s=96&d=mm&r=g\",\"url\":\"https:\\\/\\\/secure.gravatar.com\\\/avatar\\\/2e833cc9ab99e6bca46266d4ad9030d308346ff7ff0b6b955c29b74cafaf064b?s=96&d=mm&r=g\",\"contentUrl\":\"https:\\\/\\\/secure.gravatar.com\\\/avatar\\\/2e833cc9ab99e6bca46266d4ad9030d308346ff7ff0b6b955c29b74cafaf064b?s=96&d=mm&r=g\",\"caption\":\"Marian Morosan\"},\"description\":\"Copiilor no\u015ftri li se preg\u0103te\u015fte, incon\u015ftient, o lume de joben ciuruit, din care niciodat\u0103 nu iese iepura\u015ful. Doar panglicile politicilor sociale roase de moliile cu \u015ftaif din ultimele decenii. Suntem oropsi\u0163i, suntem dispera\u0163i, manipula\u0163i p\u00e2n\u0103 acolo \u00eenc\u00e2t ne bucur\u0103m s\u0103 fim masa de manevr\u0103 a unora \u015fi s\u0103 sus\u0163inem c\u0103 a\u015fa e normal. Acum \u00eel \u00een\u0163eleg pe Cioran, dar \u00eel \u00een\u0163eleg mai bine \u015fi pe Preda. \u015ei m\u0103 g\u00e2ndesc iar, cu groaz\u0103, la copilul meu. Cel pu\u0163in eu nu \u00eemi doresc s\u0103 \u015ftiu c\u0103 micu\u0163ul meu va fi singur, cu sufletul descul\u0163, prin jungla mileniului III ! https:\\\/\\\/curierulsatelor.ro\\\/wp\\\/2019\\\/10\\\/16\\\/cu-sufletul-descult-prin-jungla-mileniului-iii-editorial\\\/\",\"sameAs\":[\"http:\\\/\\\/admin\"],\"url\":\"https:\\\/\\\/curierulsatelor.ro\\\/wp\\\/author\\\/admin\\\/\"}]}<\/script>\n<!-- \/ Yoast SEO plugin. -->","yoast_head_json":{"title":"Guvernul Ciolacu r\u0103m\u00e2ne \u00een slujba intereselor rom\u00e2nilor - Curierul Regional","robots":{"index":"index","follow":"follow","max-snippet":"max-snippet:-1","max-image-preview":"max-image-preview:large","max-video-preview":"max-video-preview:-1"},"canonical":"https:\/\/curierulsatelor.ro\/wp\/2025\/03\/02\/guvernul-ciolacu-ramane-in-slujba-intereselor-romanilor\/","og_locale":"ro_RO","og_type":"article","og_title":"Guvernul Ciolacu r\u0103m\u00e2ne \u00een slujba intereselor rom\u00e2nilor - Curierul Regional","og_description":"Guvernul condus de premierul Marcel Ciolacu r\u0103m\u00e2ne \u00een func\u021bie! Plenul Parlamentului a respins ast\u0103zi mo\u021biunea...","og_url":"https:\/\/curierulsatelor.ro\/wp\/2025\/03\/02\/guvernul-ciolacu-ramane-in-slujba-intereselor-romanilor\/","og_site_name":"Curierul Regional","article_published_time":"2025-03-02T06:17:05+00:00","og_image":[{"width":2048,"height":1365,"url":"https:\/\/curierulsatelor.ro\/wp\/wp-content\/uploads\/2025\/03\/Comunicat-de-presa-28.02.2025.jpeg","type":"image\/jpeg"}],"author":"Marian Morosan","twitter_card":"summary_large_image","twitter_misc":{"Scris de":"Marian Morosan","Timp estimat pentru citire":"3 minute"},"schema":{"@context":"https:\/\/schema.org","@graph":[{"@type":"Article","@id":"https:\/\/curierulsatelor.ro\/wp\/2025\/03\/02\/guvernul-ciolacu-ramane-in-slujba-intereselor-romanilor\/#article","isPartOf":{"@id":"https:\/\/curierulsatelor.ro\/wp\/2025\/03\/02\/guvernul-ciolacu-ramane-in-slujba-intereselor-romanilor\/"},"author":{"name":"Marian Morosan","@id":"https:\/\/curierulsatelor.ro\/wp\/#\/schema\/person\/6f6b28a030e15d619a82894773d6e7b9"},"headline":"Guvernul Ciolacu r\u0103m\u00e2ne \u00een slujba intereselor rom\u00e2nilor","datePublished":"2025-03-02T06:17:05+00:00","mainEntityOfPage":{"@id":"https:\/\/curierulsatelor.ro\/wp\/2025\/03\/02\/guvernul-ciolacu-ramane-in-slujba-intereselor-romanilor\/"},"wordCount":441,"commentCount":0,"publisher":{"@id":"https:\/\/curierulsatelor.ro\/wp\/#organization"},"image":{"@id":"https:\/\/curierulsatelor.ro\/wp\/2025\/03\/02\/guvernul-ciolacu-ramane-in-slujba-intereselor-romanilor\/#primaryimage"},"thumbnailUrl":"https:\/\/curierulsatelor.ro\/wp\/wp-content\/uploads\/2025\/03\/Comunicat-de-presa-28.02.2025.jpeg","articleSection":["Comunicate","Politica"],"inLanguage":"ro-RO","potentialAction":[{"@type":"CommentAction","name":"Comment","target":["https:\/\/curierulsatelor.ro\/wp\/2025\/03\/02\/guvernul-ciolacu-ramane-in-slujba-intereselor-romanilor\/#respond"]}]},{"@type":"WebPage","@id":"https:\/\/curierulsatelor.ro\/wp\/2025\/03\/02\/guvernul-ciolacu-ramane-in-slujba-intereselor-romanilor\/","url":"https:\/\/curierulsatelor.ro\/wp\/2025\/03\/02\/guvernul-ciolacu-ramane-in-slujba-intereselor-romanilor\/","name":"Guvernul Ciolacu r\u0103m\u00e2ne \u00een slujba intereselor rom\u00e2nilor - Curierul Regional","isPartOf":{"@id":"https:\/\/curierulsatelor.ro\/wp\/#website"},"primaryImageOfPage":{"@id":"https:\/\/curierulsatelor.ro\/wp\/2025\/03\/02\/guvernul-ciolacu-ramane-in-slujba-intereselor-romanilor\/#primaryimage"},"image":{"@id":"https:\/\/curierulsatelor.ro\/wp\/2025\/03\/02\/guvernul-ciolacu-ramane-in-slujba-intereselor-romanilor\/#primaryimage"},"thumbnailUrl":"https:\/\/curierulsatelor.ro\/wp\/wp-content\/uploads\/2025\/03\/Comunicat-de-presa-28.02.2025.jpeg","datePublished":"2025-03-02T06:17:05+00:00","breadcrumb":{"@id":"https:\/\/curierulsatelor.ro\/wp\/2025\/03\/02\/guvernul-ciolacu-ramane-in-slujba-intereselor-romanilor\/#breadcrumb"},"inLanguage":"ro-RO","potentialAction":[{"@type":"ReadAction","target":["https:\/\/curierulsatelor.ro\/wp\/2025\/03\/02\/guvernul-ciolacu-ramane-in-slujba-intereselor-romanilor\/"]}]},{"@type":"ImageObject","inLanguage":"ro-RO","@id":"https:\/\/curierulsatelor.ro\/wp\/2025\/03\/02\/guvernul-ciolacu-ramane-in-slujba-intereselor-romanilor\/#primaryimage","url":"https:\/\/curierulsatelor.ro\/wp\/wp-content\/uploads\/2025\/03\/Comunicat-de-presa-28.02.2025.jpeg","contentUrl":"https:\/\/curierulsatelor.ro\/wp\/wp-content\/uploads\/2025\/03\/Comunicat-de-presa-28.02.2025.jpeg","width":2048,"height":1365},{"@type":"BreadcrumbList","@id":"https:\/\/curierulsatelor.ro\/wp\/2025\/03\/02\/guvernul-ciolacu-ramane-in-slujba-intereselor-romanilor\/#breadcrumb","itemListElement":[{"@type":"ListItem","position":1,"name":"Prima pagin\u0103","item":"https:\/\/curierulsatelor.ro\/wp\/"},{"@type":"ListItem","position":2,"name":"Guvernul Ciolacu r\u0103m\u00e2ne \u00een slujba intereselor rom\u00e2nilor"}]},{"@type":"WebSite","@id":"https:\/\/curierulsatelor.ro\/wp\/#website","url":"https:\/\/curierulsatelor.ro\/wp\/","name":"Curierul Regional","description":"","publisher":{"@id":"https:\/\/curierulsatelor.ro\/wp\/#organization"},"potentialAction":[{"@type":"SearchAction","target":{"@type":"EntryPoint","urlTemplate":"https:\/\/curierulsatelor.ro\/wp\/?s={search_term_string}"},"query-input":{"@type":"PropertyValueSpecification","valueRequired":true,"valueName":"search_term_string"}}],"inLanguage":"ro-RO"},{"@type":"Organization","@id":"https:\/\/curierulsatelor.ro\/wp\/#organization","name":"Curierul Regional","url":"https:\/\/curierulsatelor.ro\/wp\/","logo":{"@type":"ImageObject","inLanguage":"ro-RO","@id":"https:\/\/curierulsatelor.ro\/wp\/#\/schema\/logo\/image\/","url":"https:\/\/curierulsatelor.ro\/wp\/wp-content\/uploads\/2020\/01\/Curierul-Regional-si-Curierul-satelor-logo-header.png","contentUrl":"https:\/\/curierulsatelor.ro\/wp\/wp-content\/uploads\/2020\/01\/Curierul-Regional-si-Curierul-satelor-logo-header.png","width":2943,"height":685,"caption":"Curierul Regional"},"image":{"@id":"https:\/\/curierulsatelor.ro\/wp\/#\/schema\/logo\/image\/"}},{"@type":"Person","@id":"https:\/\/curierulsatelor.ro\/wp\/#\/schema\/person\/6f6b28a030e15d619a82894773d6e7b9","name":"Marian Morosan","image":{"@type":"ImageObject","inLanguage":"ro-RO","@id":"https:\/\/secure.gravatar.com\/avatar\/2e833cc9ab99e6bca46266d4ad9030d308346ff7ff0b6b955c29b74cafaf064b?s=96&d=mm&r=g","url":"https:\/\/secure.gravatar.com\/avatar\/2e833cc9ab99e6bca46266d4ad9030d308346ff7ff0b6b955c29b74cafaf064b?s=96&d=mm&r=g","contentUrl":"https:\/\/secure.gravatar.com\/avatar\/2e833cc9ab99e6bca46266d4ad9030d308346ff7ff0b6b955c29b74cafaf064b?s=96&d=mm&r=g","caption":"Marian Morosan"},"description":"Copiilor no\u015ftri li se preg\u0103te\u015fte, incon\u015ftient, o lume de joben ciuruit, din care niciodat\u0103 nu iese iepura\u015ful. Doar panglicile politicilor sociale roase de moliile cu \u015ftaif din ultimele decenii. Suntem oropsi\u0163i, suntem dispera\u0163i, manipula\u0163i p\u00e2n\u0103 acolo \u00eenc\u00e2t ne bucur\u0103m s\u0103 fim masa de manevr\u0103 a unora \u015fi s\u0103 sus\u0163inem c\u0103 a\u015fa e normal. Acum \u00eel \u00een\u0163eleg pe Cioran, dar \u00eel \u00een\u0163eleg mai bine \u015fi pe Preda. \u015ei m\u0103 g\u00e2ndesc iar, cu groaz\u0103, la copilul meu. Cel pu\u0163in eu nu \u00eemi doresc s\u0103 \u015ftiu c\u0103 micu\u0163ul meu va fi singur, cu sufletul descul\u0163, prin jungla mileniului III ! https:\/\/curierulsatelor.ro\/wp\/2019\/10\/16\/cu-sufletul-descult-prin-jungla-mileniului-iii-editorial\/","sameAs":["http:\/\/admin"],"url":"https:\/\/curierulsatelor.ro\/wp\/author\/admin\/"}]}},"_links":{"self":[{"href":"https:\/\/curierulsatelor.ro\/wp\/wp-json\/wp\/v2\/posts\/15280","targetHints":{"allow":["GET"]}}],"collection":[{"href":"https:\/\/curierulsatelor.ro\/wp\/wp-json\/wp\/v2\/posts"}],"about":[{"href":"https:\/\/curierulsatelor.ro\/wp\/wp-json\/wp\/v2\/types\/post"}],"author":[{"embeddable":true,"href":"https:\/\/curierulsatelor.ro\/wp\/wp-json\/wp\/v2\/users\/1"}],"replies":[{"embeddable":true,"href":"https:\/\/curierulsatelor.ro\/wp\/wp-json\/wp\/v2\/comments?post=15280"}],"version-history":[{"count":1,"href":"https:\/\/curierulsatelor.ro\/wp\/wp-json\/wp\/v2\/posts\/15280\/revisions"}],"predecessor-version":[{"id":15282,"href":"https:\/\/curierulsatelor.ro\/wp\/wp-json\/wp\/v2\/posts\/15280\/revisions\/15282"}],"wp:featuredmedia":[{"embeddable":true,"href":"https:\/\/curierulsatelor.ro\/wp\/wp-json\/wp\/v2\/media\/15281"}],"wp:attachment":[{"href":"https:\/\/curierulsatelor.ro\/wp\/wp-json\/wp\/v2\/media?parent=15280"}],"wp:term":[{"taxonomy":"category","embeddable":true,"href":"https:\/\/curierulsatelor.ro\/wp\/wp-json\/wp\/v2\/categories?post=15280"},{"taxonomy":"post_tag","embeddable":true,"href":"https:\/\/curierulsatelor.ro\/wp\/wp-json\/wp\/v2\/tags?post=15280"}],"curies":[{"name":"wp","href":"https:\/\/api.w.org\/{rel}","templated":true}]}}