{"id":15323,"date":"2025-03-08T11:04:40","date_gmt":"2025-03-08T09:04:40","guid":{"rendered":"https:\/\/curierulsatelor.ro\/wp\/?p=15323"},"modified":"2025-03-08T11:04:41","modified_gmt":"2025-03-08T09:04:41","slug":"senatorul-catalin-silegeanu-transmite-un-mesaj-de-8-martie-recunostinta-si-apreciere-pentru-femeile-din-vietile-noastre","status":"publish","type":"post","link":"https:\/\/curierulsatelor.ro\/wp\/2025\/03\/08\/senatorul-catalin-silegeanu-transmite-un-mesaj-de-8-martie-recunostinta-si-apreciere-pentru-femeile-din-vietile-noastre\/","title":{"rendered":"Senatorul C\u0103t\u0103lin Silegeanu Transmite un Mesaj de 8 Martie: Recuno\u0219tin\u021b\u0103 \u0219i Apreciere pentru Femeile din Vie\u021bile Noastre"},"content":{"rendered":"\n<p class=\"has-medium-font-size\"> Ast\u0103zi, 8 Martie, cu ocazia Zilei Interna\u021bionale a Femeii, senatorul C\u0103t\u0103lin Silegeanu adreseaz\u0103 un mesaj emo\u021bionant \u0219i plin de apreciere tuturor femeilor. Aceast\u0103 zi este dedicat\u0103 celebr\u0103rii \u0219i recunoa\u0219terii contribu\u021biei esen\u021biale pe care femeile o aduc \u00een vie\u021bile noastre \u0219i \u00een societate. <\/p>\n\n\n\n<p class=\"has-medium-font-size\">&#8222;Ast\u0103zi s\u0103rb\u0103torim 8 Martie, Ziua Interna\u021bional\u0103 a Femeii! Este momentul perfect s\u0103 ne ar\u0103t\u0103m recuno\u0219tin\u021ba \u0219i aprecierea pentru toate femeile minunate din via\u021ba noastr\u0103&#8221;, a declarat senatorul. El a subliniat importan\u021ba rolului femeilor, fie c\u0103 este vorba de mame, bunici, surori, prietene sau colege, care aduc un plus de frumuse\u021be \u0219i putere \u00een lume. Senatorul Silegeanu \u00eei \u00eencurajeaz\u0103 pe to\u021bi s\u0103 fac\u0103 aceast\u0103 zi special\u0103 pentru femeile din via\u021ba lor prin gesturi mici, dar semnificative. <\/p>\n\n\n\n<p class=\"has-medium-font-size\">&#8222;Un mesaj sincer, o floare sau chiar un z\u00e2mbet pot face minuni!&#8221;, afirm\u0103 el, \u00eendemn\u00e2nd comunitatea s\u0103 distribuie mesajul s\u0103u \u0219i s\u0103 eticheteze femeile speciale din vie\u021bile lor pentru a r\u0103sp\u00e2ndi iubirea \u0219i aprecierea.<\/p>\n\n\n\n<p class=\"has-medium-font-size\"> &#8222;Haide\u021bi s\u0103 celebr\u0103m \u00eempreun\u0103 aceast\u0103 zi \u0219i s\u0103 ar\u0103t\u0103m c\u00e2t de mult pre\u021buim contribu\u021bia femeilor \u00een vie\u021bile noastre. La mul\u021bi ani, doamnelor \u0219i domni\u0219oarelor!&#8221;, a \u00eencheiat senatorul, ad\u0103ug\u00e2nd hashtagurile de sus\u021binere #ZiuaFemeii, #8Martie \u0219i #PutereaFemeilor. <\/p>\n\n\n\n<p class=\"has-medium-font-size\">Mesajul s\u0103u a fost primit cu entuziasm de c\u0103tre comunitate, fiind un memento al importan\u021bei respectului \u0219i recuno\u0219tin\u021bei fa\u021b\u0103 de femei \u00een fiecare zi, nu doar de 8 Martie.<\/p>\n","protected":false},"excerpt":{"rendered":"<p>Ast\u0103zi, 8 Martie, cu ocazia Zilei Interna\u021bionale a Femeii, senatorul C\u0103t\u0103lin Silegeanu adreseaz\u0103 un mesaj&#8230;<\/p>\n","protected":false},"author":1,"featured_media":15324,"comment_status":"open","ping_status":"open","sticky":false,"template":"","format":"standard","meta":{"footnotes":""},"categories":[27,8],"tags":[],"class_list":["post-15323","post","type-post","status-publish","format-standard","has-post-thumbnail","hentry","category-aur-botosani","category-comunicate"],"yoast_head":"<!-- This site is optimized with the Yoast SEO plugin v27.4 - https:\/\/yoast.com\/product\/yoast-seo-wordpress\/ -->\n<title>Senatorul C\u0103t\u0103lin Silegeanu Transmite un Mesaj de 8 Martie: Recuno\u0219tin\u021b\u0103 \u0219i Apreciere pentru Femeile din Vie\u021bile Noastre - Curierul Regional<\/title>\n<meta name=\"robots\" content=\"index, follow, max-snippet:-1, max-image-preview:large, max-video-preview:-1\" \/>\n<link rel=\"canonical\" href=\"https:\/\/curierulsatelor.ro\/wp\/2025\/03\/08\/senatorul-catalin-silegeanu-transmite-un-mesaj-de-8-martie-recunostinta-si-apreciere-pentru-femeile-din-vietile-noastre\/\" \/>\n<meta property=\"og:locale\" content=\"ro_RO\" \/>\n<meta property=\"og:type\" content=\"article\" \/>\n<meta property=\"og:title\" content=\"Senatorul C\u0103t\u0103lin Silegeanu Transmite un Mesaj de 8 Martie: Recuno\u0219tin\u021b\u0103 \u0219i Apreciere pentru Femeile din Vie\u021bile Noastre - Curierul Regional\" \/>\n<meta property=\"og:description\" content=\"Ast\u0103zi, 8 Martie, cu ocazia Zilei Interna\u021bionale a Femeii, senatorul C\u0103t\u0103lin Silegeanu adreseaz\u0103 un mesaj...\" \/>\n<meta property=\"og:url\" content=\"https:\/\/curierulsatelor.ro\/wp\/2025\/03\/08\/senatorul-catalin-silegeanu-transmite-un-mesaj-de-8-martie-recunostinta-si-apreciere-pentru-femeile-din-vietile-noastre\/\" \/>\n<meta property=\"og:site_name\" content=\"Curierul Regional\" \/>\n<meta property=\"article:published_time\" content=\"2025-03-08T09:04:40+00:00\" \/>\n<meta property=\"article:modified_time\" content=\"2025-03-08T09:04:41+00:00\" \/>\n<meta property=\"og:image\" content=\"https:\/\/curierulsatelor.ro\/wp\/wp-content\/uploads\/2025\/03\/482811170_9015628008562543_42524379054473227_n.jpg\" \/>\n\t<meta property=\"og:image:width\" content=\"1080\" \/>\n\t<meta property=\"og:image:height\" content=\"1080\" \/>\n\t<meta property=\"og:image:type\" content=\"image\/jpeg\" \/>\n<meta name=\"author\" content=\"Marian Morosan\" \/>\n<meta name=\"twitter:card\" content=\"summary_large_image\" \/>\n<meta name=\"twitter:label1\" content=\"Scris de\" \/>\n\t<meta name=\"twitter:data1\" content=\"Marian Morosan\" \/>\n\t<meta name=\"twitter:label2\" content=\"Timp estimat pentru citire\" \/>\n\t<meta name=\"twitter:data2\" content=\"2 minute\" \/>\n<script type=\"application\/ld+json\" class=\"yoast-schema-graph\">{\"@context\":\"https:\\\/\\\/schema.org\",\"@graph\":[{\"@type\":\"Article\",\"@id\":\"https:\\\/\\\/curierulsatelor.ro\\\/wp\\\/2025\\\/03\\\/08\\\/senatorul-catalin-silegeanu-transmite-un-mesaj-de-8-martie-recunostinta-si-apreciere-pentru-femeile-din-vietile-noastre\\\/#article\",\"isPartOf\":{\"@id\":\"https:\\\/\\\/curierulsatelor.ro\\\/wp\\\/2025\\\/03\\\/08\\\/senatorul-catalin-silegeanu-transmite-un-mesaj-de-8-martie-recunostinta-si-apreciere-pentru-femeile-din-vietile-noastre\\\/\"},\"author\":{\"name\":\"Marian Morosan\",\"@id\":\"https:\\\/\\\/curierulsatelor.ro\\\/wp\\\/#\\\/schema\\\/person\\\/6f6b28a030e15d619a82894773d6e7b9\"},\"headline\":\"Senatorul C\u0103t\u0103lin Silegeanu Transmite un Mesaj de 8 Martie: Recuno\u0219tin\u021b\u0103 \u0219i Apreciere pentru Femeile din Vie\u021bile Noastre\",\"datePublished\":\"2025-03-08T09:04:40+00:00\",\"dateModified\":\"2025-03-08T09:04:41+00:00\",\"mainEntityOfPage\":{\"@id\":\"https:\\\/\\\/curierulsatelor.ro\\\/wp\\\/2025\\\/03\\\/08\\\/senatorul-catalin-silegeanu-transmite-un-mesaj-de-8-martie-recunostinta-si-apreciere-pentru-femeile-din-vietile-noastre\\\/\"},\"wordCount\":279,\"commentCount\":0,\"publisher\":{\"@id\":\"https:\\\/\\\/curierulsatelor.ro\\\/wp\\\/#organization\"},\"image\":{\"@id\":\"https:\\\/\\\/curierulsatelor.ro\\\/wp\\\/2025\\\/03\\\/08\\\/senatorul-catalin-silegeanu-transmite-un-mesaj-de-8-martie-recunostinta-si-apreciere-pentru-femeile-din-vietile-noastre\\\/#primaryimage\"},\"thumbnailUrl\":\"https:\\\/\\\/curierulsatelor.ro\\\/wp\\\/wp-content\\\/uploads\\\/2025\\\/03\\\/482811170_9015628008562543_42524379054473227_n.jpg\",\"articleSection\":[\"AUR Botosani\",\"Comunicate\"],\"inLanguage\":\"ro-RO\",\"potentialAction\":[{\"@type\":\"CommentAction\",\"name\":\"Comment\",\"target\":[\"https:\\\/\\\/curierulsatelor.ro\\\/wp\\\/2025\\\/03\\\/08\\\/senatorul-catalin-silegeanu-transmite-un-mesaj-de-8-martie-recunostinta-si-apreciere-pentru-femeile-din-vietile-noastre\\\/#respond\"]}]},{\"@type\":\"WebPage\",\"@id\":\"https:\\\/\\\/curierulsatelor.ro\\\/wp\\\/2025\\\/03\\\/08\\\/senatorul-catalin-silegeanu-transmite-un-mesaj-de-8-martie-recunostinta-si-apreciere-pentru-femeile-din-vietile-noastre\\\/\",\"url\":\"https:\\\/\\\/curierulsatelor.ro\\\/wp\\\/2025\\\/03\\\/08\\\/senatorul-catalin-silegeanu-transmite-un-mesaj-de-8-martie-recunostinta-si-apreciere-pentru-femeile-din-vietile-noastre\\\/\",\"name\":\"Senatorul C\u0103t\u0103lin Silegeanu Transmite un Mesaj de 8 Martie: Recuno\u0219tin\u021b\u0103 \u0219i Apreciere pentru Femeile din Vie\u021bile Noastre - Curierul Regional\",\"isPartOf\":{\"@id\":\"https:\\\/\\\/curierulsatelor.ro\\\/wp\\\/#website\"},\"primaryImageOfPage\":{\"@id\":\"https:\\\/\\\/curierulsatelor.ro\\\/wp\\\/2025\\\/03\\\/08\\\/senatorul-catalin-silegeanu-transmite-un-mesaj-de-8-martie-recunostinta-si-apreciere-pentru-femeile-din-vietile-noastre\\\/#primaryimage\"},\"image\":{\"@id\":\"https:\\\/\\\/curierulsatelor.ro\\\/wp\\\/2025\\\/03\\\/08\\\/senatorul-catalin-silegeanu-transmite-un-mesaj-de-8-martie-recunostinta-si-apreciere-pentru-femeile-din-vietile-noastre\\\/#primaryimage\"},\"thumbnailUrl\":\"https:\\\/\\\/curierulsatelor.ro\\\/wp\\\/wp-content\\\/uploads\\\/2025\\\/03\\\/482811170_9015628008562543_42524379054473227_n.jpg\",\"datePublished\":\"2025-03-08T09:04:40+00:00\",\"dateModified\":\"2025-03-08T09:04:41+00:00\",\"breadcrumb\":{\"@id\":\"https:\\\/\\\/curierulsatelor.ro\\\/wp\\\/2025\\\/03\\\/08\\\/senatorul-catalin-silegeanu-transmite-un-mesaj-de-8-martie-recunostinta-si-apreciere-pentru-femeile-din-vietile-noastre\\\/#breadcrumb\"},\"inLanguage\":\"ro-RO\",\"potentialAction\":[{\"@type\":\"ReadAction\",\"target\":[\"https:\\\/\\\/curierulsatelor.ro\\\/wp\\\/2025\\\/03\\\/08\\\/senatorul-catalin-silegeanu-transmite-un-mesaj-de-8-martie-recunostinta-si-apreciere-pentru-femeile-din-vietile-noastre\\\/\"]}]},{\"@type\":\"ImageObject\",\"inLanguage\":\"ro-RO\",\"@id\":\"https:\\\/\\\/curierulsatelor.ro\\\/wp\\\/2025\\\/03\\\/08\\\/senatorul-catalin-silegeanu-transmite-un-mesaj-de-8-martie-recunostinta-si-apreciere-pentru-femeile-din-vietile-noastre\\\/#primaryimage\",\"url\":\"https:\\\/\\\/curierulsatelor.ro\\\/wp\\\/wp-content\\\/uploads\\\/2025\\\/03\\\/482811170_9015628008562543_42524379054473227_n.jpg\",\"contentUrl\":\"https:\\\/\\\/curierulsatelor.ro\\\/wp\\\/wp-content\\\/uploads\\\/2025\\\/03\\\/482811170_9015628008562543_42524379054473227_n.jpg\",\"width\":1080,\"height\":1080},{\"@type\":\"BreadcrumbList\",\"@id\":\"https:\\\/\\\/curierulsatelor.ro\\\/wp\\\/2025\\\/03\\\/08\\\/senatorul-catalin-silegeanu-transmite-un-mesaj-de-8-martie-recunostinta-si-apreciere-pentru-femeile-din-vietile-noastre\\\/#breadcrumb\",\"itemListElement\":[{\"@type\":\"ListItem\",\"position\":1,\"name\":\"Prima pagin\u0103\",\"item\":\"https:\\\/\\\/curierulsatelor.ro\\\/wp\\\/\"},{\"@type\":\"ListItem\",\"position\":2,\"name\":\"Senatorul C\u0103t\u0103lin Silegeanu Transmite un Mesaj de 8 Martie: Recuno\u0219tin\u021b\u0103 \u0219i Apreciere pentru Femeile din Vie\u021bile Noastre\"}]},{\"@type\":\"WebSite\",\"@id\":\"https:\\\/\\\/curierulsatelor.ro\\\/wp\\\/#website\",\"url\":\"https:\\\/\\\/curierulsatelor.ro\\\/wp\\\/\",\"name\":\"Curierul Regional\",\"description\":\"\",\"publisher\":{\"@id\":\"https:\\\/\\\/curierulsatelor.ro\\\/wp\\\/#organization\"},\"potentialAction\":[{\"@type\":\"SearchAction\",\"target\":{\"@type\":\"EntryPoint\",\"urlTemplate\":\"https:\\\/\\\/curierulsatelor.ro\\\/wp\\\/?s={search_term_string}\"},\"query-input\":{\"@type\":\"PropertyValueSpecification\",\"valueRequired\":true,\"valueName\":\"search_term_string\"}}],\"inLanguage\":\"ro-RO\"},{\"@type\":\"Organization\",\"@id\":\"https:\\\/\\\/curierulsatelor.ro\\\/wp\\\/#organization\",\"name\":\"Curierul Regional\",\"url\":\"https:\\\/\\\/curierulsatelor.ro\\\/wp\\\/\",\"logo\":{\"@type\":\"ImageObject\",\"inLanguage\":\"ro-RO\",\"@id\":\"https:\\\/\\\/curierulsatelor.ro\\\/wp\\\/#\\\/schema\\\/logo\\\/image\\\/\",\"url\":\"https:\\\/\\\/curierulsatelor.ro\\\/wp\\\/wp-content\\\/uploads\\\/2020\\\/01\\\/Curierul-Regional-si-Curierul-satelor-logo-header.png\",\"contentUrl\":\"https:\\\/\\\/curierulsatelor.ro\\\/wp\\\/wp-content\\\/uploads\\\/2020\\\/01\\\/Curierul-Regional-si-Curierul-satelor-logo-header.png\",\"width\":2943,\"height\":685,\"caption\":\"Curierul Regional\"},\"image\":{\"@id\":\"https:\\\/\\\/curierulsatelor.ro\\\/wp\\\/#\\\/schema\\\/logo\\\/image\\\/\"}},{\"@type\":\"Person\",\"@id\":\"https:\\\/\\\/curierulsatelor.ro\\\/wp\\\/#\\\/schema\\\/person\\\/6f6b28a030e15d619a82894773d6e7b9\",\"name\":\"Marian Morosan\",\"image\":{\"@type\":\"ImageObject\",\"inLanguage\":\"ro-RO\",\"@id\":\"https:\\\/\\\/secure.gravatar.com\\\/avatar\\\/2e833cc9ab99e6bca46266d4ad9030d308346ff7ff0b6b955c29b74cafaf064b?s=96&d=mm&r=g\",\"url\":\"https:\\\/\\\/secure.gravatar.com\\\/avatar\\\/2e833cc9ab99e6bca46266d4ad9030d308346ff7ff0b6b955c29b74cafaf064b?s=96&d=mm&r=g\",\"contentUrl\":\"https:\\\/\\\/secure.gravatar.com\\\/avatar\\\/2e833cc9ab99e6bca46266d4ad9030d308346ff7ff0b6b955c29b74cafaf064b?s=96&d=mm&r=g\",\"caption\":\"Marian Morosan\"},\"description\":\"Copiilor no\u015ftri li se preg\u0103te\u015fte, incon\u015ftient, o lume de joben ciuruit, din care niciodat\u0103 nu iese iepura\u015ful. Doar panglicile politicilor sociale roase de moliile cu \u015ftaif din ultimele decenii. Suntem oropsi\u0163i, suntem dispera\u0163i, manipula\u0163i p\u00e2n\u0103 acolo \u00eenc\u00e2t ne bucur\u0103m s\u0103 fim masa de manevr\u0103 a unora \u015fi s\u0103 sus\u0163inem c\u0103 a\u015fa e normal. Acum \u00eel \u00een\u0163eleg pe Cioran, dar \u00eel \u00een\u0163eleg mai bine \u015fi pe Preda. \u015ei m\u0103 g\u00e2ndesc iar, cu groaz\u0103, la copilul meu. Cel pu\u0163in eu nu \u00eemi doresc s\u0103 \u015ftiu c\u0103 micu\u0163ul meu va fi singur, cu sufletul descul\u0163, prin jungla mileniului III ! https:\\\/\\\/curierulsatelor.ro\\\/wp\\\/2019\\\/10\\\/16\\\/cu-sufletul-descult-prin-jungla-mileniului-iii-editorial\\\/\",\"sameAs\":[\"http:\\\/\\\/admin\"],\"url\":\"https:\\\/\\\/curierulsatelor.ro\\\/wp\\\/author\\\/admin\\\/\"}]}<\/script>\n<!-- \/ Yoast SEO plugin. -->","yoast_head_json":{"title":"Senatorul C\u0103t\u0103lin Silegeanu Transmite un Mesaj de 8 Martie: Recuno\u0219tin\u021b\u0103 \u0219i Apreciere pentru Femeile din Vie\u021bile Noastre - Curierul Regional","robots":{"index":"index","follow":"follow","max-snippet":"max-snippet:-1","max-image-preview":"max-image-preview:large","max-video-preview":"max-video-preview:-1"},"canonical":"https:\/\/curierulsatelor.ro\/wp\/2025\/03\/08\/senatorul-catalin-silegeanu-transmite-un-mesaj-de-8-martie-recunostinta-si-apreciere-pentru-femeile-din-vietile-noastre\/","og_locale":"ro_RO","og_type":"article","og_title":"Senatorul C\u0103t\u0103lin Silegeanu Transmite un Mesaj de 8 Martie: Recuno\u0219tin\u021b\u0103 \u0219i Apreciere pentru Femeile din Vie\u021bile Noastre - Curierul Regional","og_description":"Ast\u0103zi, 8 Martie, cu ocazia Zilei Interna\u021bionale a Femeii, senatorul C\u0103t\u0103lin Silegeanu adreseaz\u0103 un mesaj...","og_url":"https:\/\/curierulsatelor.ro\/wp\/2025\/03\/08\/senatorul-catalin-silegeanu-transmite-un-mesaj-de-8-martie-recunostinta-si-apreciere-pentru-femeile-din-vietile-noastre\/","og_site_name":"Curierul Regional","article_published_time":"2025-03-08T09:04:40+00:00","article_modified_time":"2025-03-08T09:04:41+00:00","og_image":[{"width":1080,"height":1080,"url":"https:\/\/curierulsatelor.ro\/wp\/wp-content\/uploads\/2025\/03\/482811170_9015628008562543_42524379054473227_n.jpg","type":"image\/jpeg"}],"author":"Marian Morosan","twitter_card":"summary_large_image","twitter_misc":{"Scris de":"Marian Morosan","Timp estimat pentru citire":"2 minute"},"schema":{"@context":"https:\/\/schema.org","@graph":[{"@type":"Article","@id":"https:\/\/curierulsatelor.ro\/wp\/2025\/03\/08\/senatorul-catalin-silegeanu-transmite-un-mesaj-de-8-martie-recunostinta-si-apreciere-pentru-femeile-din-vietile-noastre\/#article","isPartOf":{"@id":"https:\/\/curierulsatelor.ro\/wp\/2025\/03\/08\/senatorul-catalin-silegeanu-transmite-un-mesaj-de-8-martie-recunostinta-si-apreciere-pentru-femeile-din-vietile-noastre\/"},"author":{"name":"Marian Morosan","@id":"https:\/\/curierulsatelor.ro\/wp\/#\/schema\/person\/6f6b28a030e15d619a82894773d6e7b9"},"headline":"Senatorul C\u0103t\u0103lin Silegeanu Transmite un Mesaj de 8 Martie: Recuno\u0219tin\u021b\u0103 \u0219i Apreciere pentru Femeile din Vie\u021bile Noastre","datePublished":"2025-03-08T09:04:40+00:00","dateModified":"2025-03-08T09:04:41+00:00","mainEntityOfPage":{"@id":"https:\/\/curierulsatelor.ro\/wp\/2025\/03\/08\/senatorul-catalin-silegeanu-transmite-un-mesaj-de-8-martie-recunostinta-si-apreciere-pentru-femeile-din-vietile-noastre\/"},"wordCount":279,"commentCount":0,"publisher":{"@id":"https:\/\/curierulsatelor.ro\/wp\/#organization"},"image":{"@id":"https:\/\/curierulsatelor.ro\/wp\/2025\/03\/08\/senatorul-catalin-silegeanu-transmite-un-mesaj-de-8-martie-recunostinta-si-apreciere-pentru-femeile-din-vietile-noastre\/#primaryimage"},"thumbnailUrl":"https:\/\/curierulsatelor.ro\/wp\/wp-content\/uploads\/2025\/03\/482811170_9015628008562543_42524379054473227_n.jpg","articleSection":["AUR Botosani","Comunicate"],"inLanguage":"ro-RO","potentialAction":[{"@type":"CommentAction","name":"Comment","target":["https:\/\/curierulsatelor.ro\/wp\/2025\/03\/08\/senatorul-catalin-silegeanu-transmite-un-mesaj-de-8-martie-recunostinta-si-apreciere-pentru-femeile-din-vietile-noastre\/#respond"]}]},{"@type":"WebPage","@id":"https:\/\/curierulsatelor.ro\/wp\/2025\/03\/08\/senatorul-catalin-silegeanu-transmite-un-mesaj-de-8-martie-recunostinta-si-apreciere-pentru-femeile-din-vietile-noastre\/","url":"https:\/\/curierulsatelor.ro\/wp\/2025\/03\/08\/senatorul-catalin-silegeanu-transmite-un-mesaj-de-8-martie-recunostinta-si-apreciere-pentru-femeile-din-vietile-noastre\/","name":"Senatorul C\u0103t\u0103lin Silegeanu Transmite un Mesaj de 8 Martie: Recuno\u0219tin\u021b\u0103 \u0219i Apreciere pentru Femeile din Vie\u021bile Noastre - Curierul Regional","isPartOf":{"@id":"https:\/\/curierulsatelor.ro\/wp\/#website"},"primaryImageOfPage":{"@id":"https:\/\/curierulsatelor.ro\/wp\/2025\/03\/08\/senatorul-catalin-silegeanu-transmite-un-mesaj-de-8-martie-recunostinta-si-apreciere-pentru-femeile-din-vietile-noastre\/#primaryimage"},"image":{"@id":"https:\/\/curierulsatelor.ro\/wp\/2025\/03\/08\/senatorul-catalin-silegeanu-transmite-un-mesaj-de-8-martie-recunostinta-si-apreciere-pentru-femeile-din-vietile-noastre\/#primaryimage"},"thumbnailUrl":"https:\/\/curierulsatelor.ro\/wp\/wp-content\/uploads\/2025\/03\/482811170_9015628008562543_42524379054473227_n.jpg","datePublished":"2025-03-08T09:04:40+00:00","dateModified":"2025-03-08T09:04:41+00:00","breadcrumb":{"@id":"https:\/\/curierulsatelor.ro\/wp\/2025\/03\/08\/senatorul-catalin-silegeanu-transmite-un-mesaj-de-8-martie-recunostinta-si-apreciere-pentru-femeile-din-vietile-noastre\/#breadcrumb"},"inLanguage":"ro-RO","potentialAction":[{"@type":"ReadAction","target":["https:\/\/curierulsatelor.ro\/wp\/2025\/03\/08\/senatorul-catalin-silegeanu-transmite-un-mesaj-de-8-martie-recunostinta-si-apreciere-pentru-femeile-din-vietile-noastre\/"]}]},{"@type":"ImageObject","inLanguage":"ro-RO","@id":"https:\/\/curierulsatelor.ro\/wp\/2025\/03\/08\/senatorul-catalin-silegeanu-transmite-un-mesaj-de-8-martie-recunostinta-si-apreciere-pentru-femeile-din-vietile-noastre\/#primaryimage","url":"https:\/\/curierulsatelor.ro\/wp\/wp-content\/uploads\/2025\/03\/482811170_9015628008562543_42524379054473227_n.jpg","contentUrl":"https:\/\/curierulsatelor.ro\/wp\/wp-content\/uploads\/2025\/03\/482811170_9015628008562543_42524379054473227_n.jpg","width":1080,"height":1080},{"@type":"BreadcrumbList","@id":"https:\/\/curierulsatelor.ro\/wp\/2025\/03\/08\/senatorul-catalin-silegeanu-transmite-un-mesaj-de-8-martie-recunostinta-si-apreciere-pentru-femeile-din-vietile-noastre\/#breadcrumb","itemListElement":[{"@type":"ListItem","position":1,"name":"Prima pagin\u0103","item":"https:\/\/curierulsatelor.ro\/wp\/"},{"@type":"ListItem","position":2,"name":"Senatorul C\u0103t\u0103lin Silegeanu Transmite un Mesaj de 8 Martie: Recuno\u0219tin\u021b\u0103 \u0219i Apreciere pentru Femeile din Vie\u021bile Noastre"}]},{"@type":"WebSite","@id":"https:\/\/curierulsatelor.ro\/wp\/#website","url":"https:\/\/curierulsatelor.ro\/wp\/","name":"Curierul Regional","description":"","publisher":{"@id":"https:\/\/curierulsatelor.ro\/wp\/#organization"},"potentialAction":[{"@type":"SearchAction","target":{"@type":"EntryPoint","urlTemplate":"https:\/\/curierulsatelor.ro\/wp\/?s={search_term_string}"},"query-input":{"@type":"PropertyValueSpecification","valueRequired":true,"valueName":"search_term_string"}}],"inLanguage":"ro-RO"},{"@type":"Organization","@id":"https:\/\/curierulsatelor.ro\/wp\/#organization","name":"Curierul Regional","url":"https:\/\/curierulsatelor.ro\/wp\/","logo":{"@type":"ImageObject","inLanguage":"ro-RO","@id":"https:\/\/curierulsatelor.ro\/wp\/#\/schema\/logo\/image\/","url":"https:\/\/curierulsatelor.ro\/wp\/wp-content\/uploads\/2020\/01\/Curierul-Regional-si-Curierul-satelor-logo-header.png","contentUrl":"https:\/\/curierulsatelor.ro\/wp\/wp-content\/uploads\/2020\/01\/Curierul-Regional-si-Curierul-satelor-logo-header.png","width":2943,"height":685,"caption":"Curierul Regional"},"image":{"@id":"https:\/\/curierulsatelor.ro\/wp\/#\/schema\/logo\/image\/"}},{"@type":"Person","@id":"https:\/\/curierulsatelor.ro\/wp\/#\/schema\/person\/6f6b28a030e15d619a82894773d6e7b9","name":"Marian Morosan","image":{"@type":"ImageObject","inLanguage":"ro-RO","@id":"https:\/\/secure.gravatar.com\/avatar\/2e833cc9ab99e6bca46266d4ad9030d308346ff7ff0b6b955c29b74cafaf064b?s=96&d=mm&r=g","url":"https:\/\/secure.gravatar.com\/avatar\/2e833cc9ab99e6bca46266d4ad9030d308346ff7ff0b6b955c29b74cafaf064b?s=96&d=mm&r=g","contentUrl":"https:\/\/secure.gravatar.com\/avatar\/2e833cc9ab99e6bca46266d4ad9030d308346ff7ff0b6b955c29b74cafaf064b?s=96&d=mm&r=g","caption":"Marian Morosan"},"description":"Copiilor no\u015ftri li se preg\u0103te\u015fte, incon\u015ftient, o lume de joben ciuruit, din care niciodat\u0103 nu iese iepura\u015ful. Doar panglicile politicilor sociale roase de moliile cu \u015ftaif din ultimele decenii. Suntem oropsi\u0163i, suntem dispera\u0163i, manipula\u0163i p\u00e2n\u0103 acolo \u00eenc\u00e2t ne bucur\u0103m s\u0103 fim masa de manevr\u0103 a unora \u015fi s\u0103 sus\u0163inem c\u0103 a\u015fa e normal. Acum \u00eel \u00een\u0163eleg pe Cioran, dar \u00eel \u00een\u0163eleg mai bine \u015fi pe Preda. \u015ei m\u0103 g\u00e2ndesc iar, cu groaz\u0103, la copilul meu. Cel pu\u0163in eu nu \u00eemi doresc s\u0103 \u015ftiu c\u0103 micu\u0163ul meu va fi singur, cu sufletul descul\u0163, prin jungla mileniului III ! https:\/\/curierulsatelor.ro\/wp\/2019\/10\/16\/cu-sufletul-descult-prin-jungla-mileniului-iii-editorial\/","sameAs":["http:\/\/admin"],"url":"https:\/\/curierulsatelor.ro\/wp\/author\/admin\/"}]}},"_links":{"self":[{"href":"https:\/\/curierulsatelor.ro\/wp\/wp-json\/wp\/v2\/posts\/15323","targetHints":{"allow":["GET"]}}],"collection":[{"href":"https:\/\/curierulsatelor.ro\/wp\/wp-json\/wp\/v2\/posts"}],"about":[{"href":"https:\/\/curierulsatelor.ro\/wp\/wp-json\/wp\/v2\/types\/post"}],"author":[{"embeddable":true,"href":"https:\/\/curierulsatelor.ro\/wp\/wp-json\/wp\/v2\/users\/1"}],"replies":[{"embeddable":true,"href":"https:\/\/curierulsatelor.ro\/wp\/wp-json\/wp\/v2\/comments?post=15323"}],"version-history":[{"count":1,"href":"https:\/\/curierulsatelor.ro\/wp\/wp-json\/wp\/v2\/posts\/15323\/revisions"}],"predecessor-version":[{"id":15325,"href":"https:\/\/curierulsatelor.ro\/wp\/wp-json\/wp\/v2\/posts\/15323\/revisions\/15325"}],"wp:featuredmedia":[{"embeddable":true,"href":"https:\/\/curierulsatelor.ro\/wp\/wp-json\/wp\/v2\/media\/15324"}],"wp:attachment":[{"href":"https:\/\/curierulsatelor.ro\/wp\/wp-json\/wp\/v2\/media?parent=15323"}],"wp:term":[{"taxonomy":"category","embeddable":true,"href":"https:\/\/curierulsatelor.ro\/wp\/wp-json\/wp\/v2\/categories?post=15323"},{"taxonomy":"post_tag","embeddable":true,"href":"https:\/\/curierulsatelor.ro\/wp\/wp-json\/wp\/v2\/tags?post=15323"}],"curies":[{"name":"wp","href":"https:\/\/api.w.org\/{rel}","templated":true}]}}