{"id":15466,"date":"2025-03-30T10:59:00","date_gmt":"2025-03-30T08:59:00","guid":{"rendered":"https:\/\/curierulsatelor.ro\/wp\/?p=15466"},"modified":"2025-03-30T18:48:50","modified_gmt":"2025-03-30T16:48:50","slug":"la-avrameni-se-stie-cine-va-fi-primar-pe-4-mai-implicarea-si-daruirea-sunt-decisive","status":"publish","type":"post","link":"https:\/\/curierulsatelor.ro\/wp\/2025\/03\/30\/la-avrameni-se-stie-cine-va-fi-primar-pe-4-mai-implicarea-si-daruirea-sunt-decisive\/","title":{"rendered":"La Avr\u0103meni se \u0219tie cine va fi primar pe 4 mai. Implicarea \u0219i d\u0103ruirea sunt decisive"},"content":{"rendered":"\n<p class=\"has-medium-font-size\">Pe 4 mai vor fi alegeri par\u021biale la Avr\u0103meni. B\u0103t\u0103lia se anun\u021b\u0103 a fi una \u00eenver\u0219unat\u0103, poate chiar lipsit\u0103 de fair play. Pentru c\u0103 fotoliul de primar este r\u00e2vnit de mul\u021bi \u201dcorifei\u201d locali ai partidelor. Unii chiar fac deja diverse aranjamente \u0219i uniuni de partide \u201d\u00eempotriva firii\u201d, doar &#8211; doar vor c\u0103p\u0103ta voturi. Dar rezultatul este previzibil. Se poate pune \u00een balan\u021b\u0103 de pe acum \u0219i se poate estima cu eroare de 0,001% cine va fi primar.<\/p>\n\n\n\n<figure class=\"wp-block-image alignright size-large is-resized\"><img fetchpriority=\"high\" decoding=\"async\" width=\"768\" height=\"1024\" src=\"https:\/\/curierulsatelor.ro\/wp\/wp-content\/uploads\/2025\/03\/486103141_1224357709691623_4392340880661960092_n-768x1024.jpg\" alt=\"\" class=\"wp-image-15469\" style=\"width:312px;height:auto\" srcset=\"https:\/\/curierulsatelor.ro\/wp\/wp-content\/uploads\/2025\/03\/486103141_1224357709691623_4392340880661960092_n-768x1024.jpg 768w, https:\/\/curierulsatelor.ro\/wp\/wp-content\/uploads\/2025\/03\/486103141_1224357709691623_4392340880661960092_n-225x300.jpg 225w, https:\/\/curierulsatelor.ro\/wp\/wp-content\/uploads\/2025\/03\/486103141_1224357709691623_4392340880661960092_n-1024x1365.jpg 1024w, https:\/\/curierulsatelor.ro\/wp\/wp-content\/uploads\/2025\/03\/486103141_1224357709691623_4392340880661960092_n.jpg 1080w\" sizes=\"(max-width: 768px) 100vw, 768px\" \/><\/figure>\n\n\n\n<p class=\"has-medium-font-size\">\u00cen competi\u021bia pentru gestionarea intereselor comunei Avr\u0103meni, implicarea \u0219i d\u0103ruirea vor face diferen\u021ba. \u00cencep\u00e2nd cu data de 5 mai, primar ales pentru urm\u0103torul mandat sau mai multe va fi social democrat. <\/p>\n\n\n\n<p class=\"has-medium-font-size\">Fostul viceprimar al comunei, cel care a preluat atribu\u021biile regretatului primar Bucatariu (plecat \u00een lumea f\u0103r\u0103 competi\u021bii), nu va fi nevoit s\u0103 \u00eembrace tunica promisiunilor \u00eenduio\u0219\u0103toare asezonat\u0103 campaniilor electorale. Pentru c\u0103 el deja FACE. \u00cen fiecare zi viitorul primar George Teli\u0219c\u0103 adaug\u0103 noi \u0219i noi fapte la ceea ce se va numi \u00eentr-un viitor apropiat &#8211; Avr\u0103meni ACAS\u0102. <\/p>\n\n\n\n<p class=\"has-medium-font-size\">\u201dCa \u0219i priorit\u0103\u021bi, cel mai important este s\u0103 extindem re\u021beaua de alimentare cu ap\u0103 la nivelul \u00eentregii comunit\u0103\u021bi. Acum avem alimentare cu ap\u0103 \u00een 80% din comun\u0103.Tot prioritar\u0103 este \u0219i continuarea proiectelor de asfaltare. Avem un proiect de 10,7 km \u00een execu\u021bie \u0219i mai avem un alt proiect de 14 km la care a\u0219tept\u0103m finan\u021bare. Tot \u00een viitorul apropiat, pe str\u0103zile cu probleme vom veni cu piatr\u0103. \u00cencerc\u0103m s\u0103 prioritiz\u0103m investi\u021biile de a\u0219a manier\u0103 \u00eenc\u00e2t toat\u0103 lumea s\u0103 beneficieze de condi\u021bii decente. Din bugetul local reamenaj\u0103m un loc de joac\u0103. Avem \u00een jur de 450 de copii \u00eenscri\u0219i \u00een \u00eenv\u0103\u021b\u0103m\u00e2ntul pre\u0219colar \u0219i \u0219colar. Comuna este destul de numeroas\u0103. \u00cen aproape cinci ani ca viceprimar, am lucrat cot la cot cu fostul primar, Dumnezeu s\u0103 \u00eel odihneasc\u0103. Am participat activ la implementarea proiectelor care sunt \u00een desf\u0103\u0219urare acum\u201d, ne-a spus George Teli\u0219c\u0103, viitorul primar al comunei Avr\u0103meni, actualmente interimar. <\/p>\n\n\n\n<figure class=\"wp-block-image alignright size-large is-resized\"><img decoding=\"async\" width=\"1024\" height=\"667\" src=\"https:\/\/curierulsatelor.ro\/wp\/wp-content\/uploads\/2025\/03\/486286074_1007299058008546_3449268367045615870_n-1024x667.jpg\" alt=\"\" class=\"wp-image-15471\" style=\"width:379px;height:auto\" srcset=\"https:\/\/curierulsatelor.ro\/wp\/wp-content\/uploads\/2025\/03\/486286074_1007299058008546_3449268367045615870_n-1024x667.jpg 1024w, https:\/\/curierulsatelor.ro\/wp\/wp-content\/uploads\/2025\/03\/486286074_1007299058008546_3449268367045615870_n-300x195.jpg 300w, https:\/\/curierulsatelor.ro\/wp\/wp-content\/uploads\/2025\/03\/486286074_1007299058008546_3449268367045615870_n-768x500.jpg 768w, https:\/\/curierulsatelor.ro\/wp\/wp-content\/uploads\/2025\/03\/486286074_1007299058008546_3449268367045615870_n.jpg 1080w\" sizes=\"(max-width: 1024px) 100vw, 1024px\" \/><\/figure>\n\n\n\n<p class=\"has-medium-font-size\">\u00cen aceast\u0103 perioad\u0103, pentru comuna Avr\u0103meni a fost depus\u0103 documenta\u021bia pentru construirea unui bloc de locuin\u021be sociale cu 12 apartamente. \u00cen circa dou\u0103 s\u0103pt\u0103m\u00e2ni vor fi \u00eencepute lucr\u0103rile de modernizare a iluminatului public, o investi\u021bie prin care vor fi schimbate circa 900 de l\u0103mpi, pentru a se trece la un iluminat public inteligent. De asemenea, prin realizarea parcului fotovoltaic se va asigura necesarul de energie electric\u0103 pentru institu\u021biile din comun\u0103 \u0219i iluminatul public.Nici gazul nu a fost uitat. La o \u0219edin\u021b\u0103 relativ recent\u0103 cu edilul din S\u0103veni \u0219i \u0219eful CJ Boto\u0219ani, s-a convenit formarea unui ADI cu comunele din GAL pentru aducerea gazului \u201dmai aproape\u201d. Nici b\u0103tr\u00e2nii nu sunt uita\u021bi, av\u00e2ndu-se \u00een vederea realizarea unui centru pentru ei. <\/p>\n\n\n\n<p class=\"has-medium-font-size\">Viitorul sun\u0103 bine. Iar dezvoltarea \u0219i condi\u021biile de trai decente se i\u021besc de dup\u0103 un secret pe care unii l-ar vrea ascuns, ne\u0219tiut. Acest secret are un nume: George Teli\u0219c\u0103.<\/p>\n\n\n\n<p class=\"has-medium-font-size\">Alt\u0103 variant\u0103 e pierdere de timp. Ori cet\u0103\u021benii comunei Avr\u0103meni nu au timp de experimente.  <\/p>\n\n\n\n<figure class=\"wp-block-image size-large\"><img decoding=\"async\" width=\"1024\" height=\"576\" src=\"https:\/\/curierulsatelor.ro\/wp\/wp-content\/uploads\/2025\/03\/487054156_1712505589473007_7138909929453150446_n-1024x576.jpg\" alt=\"\" class=\"wp-image-15472\" srcset=\"https:\/\/curierulsatelor.ro\/wp\/wp-content\/uploads\/2025\/03\/487054156_1712505589473007_7138909929453150446_n-1024x576.jpg 1024w, https:\/\/curierulsatelor.ro\/wp\/wp-content\/uploads\/2025\/03\/487054156_1712505589473007_7138909929453150446_n-300x169.jpg 300w, https:\/\/curierulsatelor.ro\/wp\/wp-content\/uploads\/2025\/03\/487054156_1712505589473007_7138909929453150446_n-768x432.jpg 768w, https:\/\/curierulsatelor.ro\/wp\/wp-content\/uploads\/2025\/03\/487054156_1712505589473007_7138909929453150446_n-1536x864.jpg 1536w, https:\/\/curierulsatelor.ro\/wp\/wp-content\/uploads\/2025\/03\/487054156_1712505589473007_7138909929453150446_n.jpg 2040w\" sizes=\"(max-width: 1024px) 100vw, 1024px\" \/><\/figure>\n\n\n\n<figure class=\"wp-block-image size-large\"><img loading=\"lazy\" decoding=\"async\" width=\"768\" height=\"1024\" src=\"https:\/\/curierulsatelor.ro\/wp\/wp-content\/uploads\/2025\/03\/486133557_1030470168982048_529717822538968442_n-768x1024.jpg\" alt=\"\" class=\"wp-image-15473\" srcset=\"https:\/\/curierulsatelor.ro\/wp\/wp-content\/uploads\/2025\/03\/486133557_1030470168982048_529717822538968442_n-768x1024.jpg 768w, https:\/\/curierulsatelor.ro\/wp\/wp-content\/uploads\/2025\/03\/486133557_1030470168982048_529717822538968442_n-225x300.jpg 225w, https:\/\/curierulsatelor.ro\/wp\/wp-content\/uploads\/2025\/03\/486133557_1030470168982048_529717822538968442_n-1024x1365.jpg 1024w, https:\/\/curierulsatelor.ro\/wp\/wp-content\/uploads\/2025\/03\/486133557_1030470168982048_529717822538968442_n.jpg 1080w\" sizes=\"(max-width: 768px) 100vw, 768px\" \/><\/figure>\n","protected":false},"excerpt":{"rendered":"<p>Pe 4 mai vor fi alegeri par\u021biale la Avr\u0103meni. B\u0103t\u0103lia se anun\u021b\u0103 a fi una&#8230;<\/p>\n","protected":false},"author":1,"featured_media":15468,"comment_status":"open","ping_status":"open","sticky":false,"template":"","format":"standard","meta":{"footnotes":""},"categories":[5,13,3],"tags":[],"class_list":["post-15466","post","type-post","status-publish","format-standard","has-post-thumbnail","hentry","category-administratie","category-alegeri","category-lumea-satelor"],"yoast_head":"<!-- This site is optimized with the Yoast SEO plugin v27.4 - https:\/\/yoast.com\/product\/yoast-seo-wordpress\/ -->\n<title>La Avr\u0103meni se \u0219tie cine va fi primar pe 4 mai. Implicarea \u0219i d\u0103ruirea sunt decisive - Curierul Regional<\/title>\n<meta name=\"robots\" content=\"index, follow, max-snippet:-1, max-image-preview:large, max-video-preview:-1\" \/>\n<link rel=\"canonical\" href=\"https:\/\/curierulsatelor.ro\/wp\/2025\/03\/30\/la-avrameni-se-stie-cine-va-fi-primar-pe-4-mai-implicarea-si-daruirea-sunt-decisive\/\" \/>\n<meta property=\"og:locale\" content=\"ro_RO\" \/>\n<meta property=\"og:type\" content=\"article\" \/>\n<meta property=\"og:title\" content=\"La Avr\u0103meni se \u0219tie cine va fi primar pe 4 mai. Implicarea \u0219i d\u0103ruirea sunt decisive - Curierul Regional\" \/>\n<meta property=\"og:description\" content=\"Pe 4 mai vor fi alegeri par\u021biale la Avr\u0103meni. B\u0103t\u0103lia se anun\u021b\u0103 a fi una...\" \/>\n<meta property=\"og:url\" content=\"https:\/\/curierulsatelor.ro\/wp\/2025\/03\/30\/la-avrameni-se-stie-cine-va-fi-primar-pe-4-mai-implicarea-si-daruirea-sunt-decisive\/\" \/>\n<meta property=\"og:site_name\" content=\"Curierul Regional\" \/>\n<meta property=\"article:published_time\" content=\"2025-03-30T08:59:00+00:00\" \/>\n<meta property=\"article:modified_time\" content=\"2025-03-30T16:48:50+00:00\" \/>\n<meta property=\"og:image\" content=\"https:\/\/curierulsatelor.ro\/wp\/wp-content\/uploads\/2025\/03\/George-Telisca-Avrameni-primar-alegeri-PSD-scaled.jpg\" \/>\n\t<meta property=\"og:image:width\" content=\"2560\" \/>\n\t<meta property=\"og:image:height\" content=\"1326\" \/>\n\t<meta property=\"og:image:type\" content=\"image\/jpeg\" \/>\n<meta name=\"author\" content=\"Marian Morosan\" \/>\n<meta name=\"twitter:card\" content=\"summary_large_image\" \/>\n<meta name=\"twitter:label1\" content=\"Scris de\" \/>\n\t<meta name=\"twitter:data1\" content=\"Marian Morosan\" \/>\n\t<meta name=\"twitter:label2\" content=\"Timp estimat pentru citire\" \/>\n\t<meta name=\"twitter:data2\" content=\"4 minute\" \/>\n<script type=\"application\/ld+json\" class=\"yoast-schema-graph\">{\"@context\":\"https:\\\/\\\/schema.org\",\"@graph\":[{\"@type\":\"Article\",\"@id\":\"https:\\\/\\\/curierulsatelor.ro\\\/wp\\\/2025\\\/03\\\/30\\\/la-avrameni-se-stie-cine-va-fi-primar-pe-4-mai-implicarea-si-daruirea-sunt-decisive\\\/#article\",\"isPartOf\":{\"@id\":\"https:\\\/\\\/curierulsatelor.ro\\\/wp\\\/2025\\\/03\\\/30\\\/la-avrameni-se-stie-cine-va-fi-primar-pe-4-mai-implicarea-si-daruirea-sunt-decisive\\\/\"},\"author\":{\"name\":\"Marian Morosan\",\"@id\":\"https:\\\/\\\/curierulsatelor.ro\\\/wp\\\/#\\\/schema\\\/person\\\/6f6b28a030e15d619a82894773d6e7b9\"},\"headline\":\"La Avr\u0103meni se \u0219tie cine va fi primar pe 4 mai. Implicarea \u0219i d\u0103ruirea sunt decisive\",\"datePublished\":\"2025-03-30T08:59:00+00:00\",\"dateModified\":\"2025-03-30T16:48:50+00:00\",\"mainEntityOfPage\":{\"@id\":\"https:\\\/\\\/curierulsatelor.ro\\\/wp\\\/2025\\\/03\\\/30\\\/la-avrameni-se-stie-cine-va-fi-primar-pe-4-mai-implicarea-si-daruirea-sunt-decisive\\\/\"},\"wordCount\":552,\"commentCount\":0,\"publisher\":{\"@id\":\"https:\\\/\\\/curierulsatelor.ro\\\/wp\\\/#organization\"},\"image\":{\"@id\":\"https:\\\/\\\/curierulsatelor.ro\\\/wp\\\/2025\\\/03\\\/30\\\/la-avrameni-se-stie-cine-va-fi-primar-pe-4-mai-implicarea-si-daruirea-sunt-decisive\\\/#primaryimage\"},\"thumbnailUrl\":\"https:\\\/\\\/curierulsatelor.ro\\\/wp\\\/wp-content\\\/uploads\\\/2025\\\/03\\\/George-Telisca-Avrameni-primar-alegeri-PSD-scaled.jpg\",\"articleSection\":[\"Administratie\",\"Alegeri\",\"Lumea satelor\"],\"inLanguage\":\"ro-RO\",\"potentialAction\":[{\"@type\":\"CommentAction\",\"name\":\"Comment\",\"target\":[\"https:\\\/\\\/curierulsatelor.ro\\\/wp\\\/2025\\\/03\\\/30\\\/la-avrameni-se-stie-cine-va-fi-primar-pe-4-mai-implicarea-si-daruirea-sunt-decisive\\\/#respond\"]}]},{\"@type\":\"WebPage\",\"@id\":\"https:\\\/\\\/curierulsatelor.ro\\\/wp\\\/2025\\\/03\\\/30\\\/la-avrameni-se-stie-cine-va-fi-primar-pe-4-mai-implicarea-si-daruirea-sunt-decisive\\\/\",\"url\":\"https:\\\/\\\/curierulsatelor.ro\\\/wp\\\/2025\\\/03\\\/30\\\/la-avrameni-se-stie-cine-va-fi-primar-pe-4-mai-implicarea-si-daruirea-sunt-decisive\\\/\",\"name\":\"La Avr\u0103meni se \u0219tie cine va fi primar pe 4 mai. Implicarea \u0219i d\u0103ruirea sunt decisive - Curierul Regional\",\"isPartOf\":{\"@id\":\"https:\\\/\\\/curierulsatelor.ro\\\/wp\\\/#website\"},\"primaryImageOfPage\":{\"@id\":\"https:\\\/\\\/curierulsatelor.ro\\\/wp\\\/2025\\\/03\\\/30\\\/la-avrameni-se-stie-cine-va-fi-primar-pe-4-mai-implicarea-si-daruirea-sunt-decisive\\\/#primaryimage\"},\"image\":{\"@id\":\"https:\\\/\\\/curierulsatelor.ro\\\/wp\\\/2025\\\/03\\\/30\\\/la-avrameni-se-stie-cine-va-fi-primar-pe-4-mai-implicarea-si-daruirea-sunt-decisive\\\/#primaryimage\"},\"thumbnailUrl\":\"https:\\\/\\\/curierulsatelor.ro\\\/wp\\\/wp-content\\\/uploads\\\/2025\\\/03\\\/George-Telisca-Avrameni-primar-alegeri-PSD-scaled.jpg\",\"datePublished\":\"2025-03-30T08:59:00+00:00\",\"dateModified\":\"2025-03-30T16:48:50+00:00\",\"breadcrumb\":{\"@id\":\"https:\\\/\\\/curierulsatelor.ro\\\/wp\\\/2025\\\/03\\\/30\\\/la-avrameni-se-stie-cine-va-fi-primar-pe-4-mai-implicarea-si-daruirea-sunt-decisive\\\/#breadcrumb\"},\"inLanguage\":\"ro-RO\",\"potentialAction\":[{\"@type\":\"ReadAction\",\"target\":[\"https:\\\/\\\/curierulsatelor.ro\\\/wp\\\/2025\\\/03\\\/30\\\/la-avrameni-se-stie-cine-va-fi-primar-pe-4-mai-implicarea-si-daruirea-sunt-decisive\\\/\"]}]},{\"@type\":\"ImageObject\",\"inLanguage\":\"ro-RO\",\"@id\":\"https:\\\/\\\/curierulsatelor.ro\\\/wp\\\/2025\\\/03\\\/30\\\/la-avrameni-se-stie-cine-va-fi-primar-pe-4-mai-implicarea-si-daruirea-sunt-decisive\\\/#primaryimage\",\"url\":\"https:\\\/\\\/curierulsatelor.ro\\\/wp\\\/wp-content\\\/uploads\\\/2025\\\/03\\\/George-Telisca-Avrameni-primar-alegeri-PSD-scaled.jpg\",\"contentUrl\":\"https:\\\/\\\/curierulsatelor.ro\\\/wp\\\/wp-content\\\/uploads\\\/2025\\\/03\\\/George-Telisca-Avrameni-primar-alegeri-PSD-scaled.jpg\",\"width\":2560,\"height\":1326},{\"@type\":\"BreadcrumbList\",\"@id\":\"https:\\\/\\\/curierulsatelor.ro\\\/wp\\\/2025\\\/03\\\/30\\\/la-avrameni-se-stie-cine-va-fi-primar-pe-4-mai-implicarea-si-daruirea-sunt-decisive\\\/#breadcrumb\",\"itemListElement\":[{\"@type\":\"ListItem\",\"position\":1,\"name\":\"Prima pagin\u0103\",\"item\":\"https:\\\/\\\/curierulsatelor.ro\\\/wp\\\/\"},{\"@type\":\"ListItem\",\"position\":2,\"name\":\"La Avr\u0103meni se \u0219tie cine va fi primar pe 4 mai. Implicarea \u0219i d\u0103ruirea sunt decisive\"}]},{\"@type\":\"WebSite\",\"@id\":\"https:\\\/\\\/curierulsatelor.ro\\\/wp\\\/#website\",\"url\":\"https:\\\/\\\/curierulsatelor.ro\\\/wp\\\/\",\"name\":\"Curierul Regional\",\"description\":\"\",\"publisher\":{\"@id\":\"https:\\\/\\\/curierulsatelor.ro\\\/wp\\\/#organization\"},\"potentialAction\":[{\"@type\":\"SearchAction\",\"target\":{\"@type\":\"EntryPoint\",\"urlTemplate\":\"https:\\\/\\\/curierulsatelor.ro\\\/wp\\\/?s={search_term_string}\"},\"query-input\":{\"@type\":\"PropertyValueSpecification\",\"valueRequired\":true,\"valueName\":\"search_term_string\"}}],\"inLanguage\":\"ro-RO\"},{\"@type\":\"Organization\",\"@id\":\"https:\\\/\\\/curierulsatelor.ro\\\/wp\\\/#organization\",\"name\":\"Curierul Regional\",\"url\":\"https:\\\/\\\/curierulsatelor.ro\\\/wp\\\/\",\"logo\":{\"@type\":\"ImageObject\",\"inLanguage\":\"ro-RO\",\"@id\":\"https:\\\/\\\/curierulsatelor.ro\\\/wp\\\/#\\\/schema\\\/logo\\\/image\\\/\",\"url\":\"https:\\\/\\\/curierulsatelor.ro\\\/wp\\\/wp-content\\\/uploads\\\/2020\\\/01\\\/Curierul-Regional-si-Curierul-satelor-logo-header.png\",\"contentUrl\":\"https:\\\/\\\/curierulsatelor.ro\\\/wp\\\/wp-content\\\/uploads\\\/2020\\\/01\\\/Curierul-Regional-si-Curierul-satelor-logo-header.png\",\"width\":2943,\"height\":685,\"caption\":\"Curierul Regional\"},\"image\":{\"@id\":\"https:\\\/\\\/curierulsatelor.ro\\\/wp\\\/#\\\/schema\\\/logo\\\/image\\\/\"}},{\"@type\":\"Person\",\"@id\":\"https:\\\/\\\/curierulsatelor.ro\\\/wp\\\/#\\\/schema\\\/person\\\/6f6b28a030e15d619a82894773d6e7b9\",\"name\":\"Marian Morosan\",\"image\":{\"@type\":\"ImageObject\",\"inLanguage\":\"ro-RO\",\"@id\":\"https:\\\/\\\/secure.gravatar.com\\\/avatar\\\/2e833cc9ab99e6bca46266d4ad9030d308346ff7ff0b6b955c29b74cafaf064b?s=96&d=mm&r=g\",\"url\":\"https:\\\/\\\/secure.gravatar.com\\\/avatar\\\/2e833cc9ab99e6bca46266d4ad9030d308346ff7ff0b6b955c29b74cafaf064b?s=96&d=mm&r=g\",\"contentUrl\":\"https:\\\/\\\/secure.gravatar.com\\\/avatar\\\/2e833cc9ab99e6bca46266d4ad9030d308346ff7ff0b6b955c29b74cafaf064b?s=96&d=mm&r=g\",\"caption\":\"Marian Morosan\"},\"description\":\"Copiilor no\u015ftri li se preg\u0103te\u015fte, incon\u015ftient, o lume de joben ciuruit, din care niciodat\u0103 nu iese iepura\u015ful. Doar panglicile politicilor sociale roase de moliile cu \u015ftaif din ultimele decenii. Suntem oropsi\u0163i, suntem dispera\u0163i, manipula\u0163i p\u00e2n\u0103 acolo \u00eenc\u00e2t ne bucur\u0103m s\u0103 fim masa de manevr\u0103 a unora \u015fi s\u0103 sus\u0163inem c\u0103 a\u015fa e normal. Acum \u00eel \u00een\u0163eleg pe Cioran, dar \u00eel \u00een\u0163eleg mai bine \u015fi pe Preda. \u015ei m\u0103 g\u00e2ndesc iar, cu groaz\u0103, la copilul meu. Cel pu\u0163in eu nu \u00eemi doresc s\u0103 \u015ftiu c\u0103 micu\u0163ul meu va fi singur, cu sufletul descul\u0163, prin jungla mileniului III ! https:\\\/\\\/curierulsatelor.ro\\\/wp\\\/2019\\\/10\\\/16\\\/cu-sufletul-descult-prin-jungla-mileniului-iii-editorial\\\/\",\"sameAs\":[\"http:\\\/\\\/admin\"],\"url\":\"https:\\\/\\\/curierulsatelor.ro\\\/wp\\\/author\\\/admin\\\/\"}]}<\/script>\n<!-- \/ Yoast SEO plugin. -->","yoast_head_json":{"title":"La Avr\u0103meni se \u0219tie cine va fi primar pe 4 mai. Implicarea \u0219i d\u0103ruirea sunt decisive - Curierul Regional","robots":{"index":"index","follow":"follow","max-snippet":"max-snippet:-1","max-image-preview":"max-image-preview:large","max-video-preview":"max-video-preview:-1"},"canonical":"https:\/\/curierulsatelor.ro\/wp\/2025\/03\/30\/la-avrameni-se-stie-cine-va-fi-primar-pe-4-mai-implicarea-si-daruirea-sunt-decisive\/","og_locale":"ro_RO","og_type":"article","og_title":"La Avr\u0103meni se \u0219tie cine va fi primar pe 4 mai. Implicarea \u0219i d\u0103ruirea sunt decisive - Curierul Regional","og_description":"Pe 4 mai vor fi alegeri par\u021biale la Avr\u0103meni. B\u0103t\u0103lia se anun\u021b\u0103 a fi una...","og_url":"https:\/\/curierulsatelor.ro\/wp\/2025\/03\/30\/la-avrameni-se-stie-cine-va-fi-primar-pe-4-mai-implicarea-si-daruirea-sunt-decisive\/","og_site_name":"Curierul Regional","article_published_time":"2025-03-30T08:59:00+00:00","article_modified_time":"2025-03-30T16:48:50+00:00","og_image":[{"width":2560,"height":1326,"url":"https:\/\/curierulsatelor.ro\/wp\/wp-content\/uploads\/2025\/03\/George-Telisca-Avrameni-primar-alegeri-PSD-scaled.jpg","type":"image\/jpeg"}],"author":"Marian Morosan","twitter_card":"summary_large_image","twitter_misc":{"Scris de":"Marian Morosan","Timp estimat pentru citire":"4 minute"},"schema":{"@context":"https:\/\/schema.org","@graph":[{"@type":"Article","@id":"https:\/\/curierulsatelor.ro\/wp\/2025\/03\/30\/la-avrameni-se-stie-cine-va-fi-primar-pe-4-mai-implicarea-si-daruirea-sunt-decisive\/#article","isPartOf":{"@id":"https:\/\/curierulsatelor.ro\/wp\/2025\/03\/30\/la-avrameni-se-stie-cine-va-fi-primar-pe-4-mai-implicarea-si-daruirea-sunt-decisive\/"},"author":{"name":"Marian Morosan","@id":"https:\/\/curierulsatelor.ro\/wp\/#\/schema\/person\/6f6b28a030e15d619a82894773d6e7b9"},"headline":"La Avr\u0103meni se \u0219tie cine va fi primar pe 4 mai. Implicarea \u0219i d\u0103ruirea sunt decisive","datePublished":"2025-03-30T08:59:00+00:00","dateModified":"2025-03-30T16:48:50+00:00","mainEntityOfPage":{"@id":"https:\/\/curierulsatelor.ro\/wp\/2025\/03\/30\/la-avrameni-se-stie-cine-va-fi-primar-pe-4-mai-implicarea-si-daruirea-sunt-decisive\/"},"wordCount":552,"commentCount":0,"publisher":{"@id":"https:\/\/curierulsatelor.ro\/wp\/#organization"},"image":{"@id":"https:\/\/curierulsatelor.ro\/wp\/2025\/03\/30\/la-avrameni-se-stie-cine-va-fi-primar-pe-4-mai-implicarea-si-daruirea-sunt-decisive\/#primaryimage"},"thumbnailUrl":"https:\/\/curierulsatelor.ro\/wp\/wp-content\/uploads\/2025\/03\/George-Telisca-Avrameni-primar-alegeri-PSD-scaled.jpg","articleSection":["Administratie","Alegeri","Lumea satelor"],"inLanguage":"ro-RO","potentialAction":[{"@type":"CommentAction","name":"Comment","target":["https:\/\/curierulsatelor.ro\/wp\/2025\/03\/30\/la-avrameni-se-stie-cine-va-fi-primar-pe-4-mai-implicarea-si-daruirea-sunt-decisive\/#respond"]}]},{"@type":"WebPage","@id":"https:\/\/curierulsatelor.ro\/wp\/2025\/03\/30\/la-avrameni-se-stie-cine-va-fi-primar-pe-4-mai-implicarea-si-daruirea-sunt-decisive\/","url":"https:\/\/curierulsatelor.ro\/wp\/2025\/03\/30\/la-avrameni-se-stie-cine-va-fi-primar-pe-4-mai-implicarea-si-daruirea-sunt-decisive\/","name":"La Avr\u0103meni se \u0219tie cine va fi primar pe 4 mai. Implicarea \u0219i d\u0103ruirea sunt decisive - Curierul Regional","isPartOf":{"@id":"https:\/\/curierulsatelor.ro\/wp\/#website"},"primaryImageOfPage":{"@id":"https:\/\/curierulsatelor.ro\/wp\/2025\/03\/30\/la-avrameni-se-stie-cine-va-fi-primar-pe-4-mai-implicarea-si-daruirea-sunt-decisive\/#primaryimage"},"image":{"@id":"https:\/\/curierulsatelor.ro\/wp\/2025\/03\/30\/la-avrameni-se-stie-cine-va-fi-primar-pe-4-mai-implicarea-si-daruirea-sunt-decisive\/#primaryimage"},"thumbnailUrl":"https:\/\/curierulsatelor.ro\/wp\/wp-content\/uploads\/2025\/03\/George-Telisca-Avrameni-primar-alegeri-PSD-scaled.jpg","datePublished":"2025-03-30T08:59:00+00:00","dateModified":"2025-03-30T16:48:50+00:00","breadcrumb":{"@id":"https:\/\/curierulsatelor.ro\/wp\/2025\/03\/30\/la-avrameni-se-stie-cine-va-fi-primar-pe-4-mai-implicarea-si-daruirea-sunt-decisive\/#breadcrumb"},"inLanguage":"ro-RO","potentialAction":[{"@type":"ReadAction","target":["https:\/\/curierulsatelor.ro\/wp\/2025\/03\/30\/la-avrameni-se-stie-cine-va-fi-primar-pe-4-mai-implicarea-si-daruirea-sunt-decisive\/"]}]},{"@type":"ImageObject","inLanguage":"ro-RO","@id":"https:\/\/curierulsatelor.ro\/wp\/2025\/03\/30\/la-avrameni-se-stie-cine-va-fi-primar-pe-4-mai-implicarea-si-daruirea-sunt-decisive\/#primaryimage","url":"https:\/\/curierulsatelor.ro\/wp\/wp-content\/uploads\/2025\/03\/George-Telisca-Avrameni-primar-alegeri-PSD-scaled.jpg","contentUrl":"https:\/\/curierulsatelor.ro\/wp\/wp-content\/uploads\/2025\/03\/George-Telisca-Avrameni-primar-alegeri-PSD-scaled.jpg","width":2560,"height":1326},{"@type":"BreadcrumbList","@id":"https:\/\/curierulsatelor.ro\/wp\/2025\/03\/30\/la-avrameni-se-stie-cine-va-fi-primar-pe-4-mai-implicarea-si-daruirea-sunt-decisive\/#breadcrumb","itemListElement":[{"@type":"ListItem","position":1,"name":"Prima pagin\u0103","item":"https:\/\/curierulsatelor.ro\/wp\/"},{"@type":"ListItem","position":2,"name":"La Avr\u0103meni se \u0219tie cine va fi primar pe 4 mai. Implicarea \u0219i d\u0103ruirea sunt decisive"}]},{"@type":"WebSite","@id":"https:\/\/curierulsatelor.ro\/wp\/#website","url":"https:\/\/curierulsatelor.ro\/wp\/","name":"Curierul Regional","description":"","publisher":{"@id":"https:\/\/curierulsatelor.ro\/wp\/#organization"},"potentialAction":[{"@type":"SearchAction","target":{"@type":"EntryPoint","urlTemplate":"https:\/\/curierulsatelor.ro\/wp\/?s={search_term_string}"},"query-input":{"@type":"PropertyValueSpecification","valueRequired":true,"valueName":"search_term_string"}}],"inLanguage":"ro-RO"},{"@type":"Organization","@id":"https:\/\/curierulsatelor.ro\/wp\/#organization","name":"Curierul Regional","url":"https:\/\/curierulsatelor.ro\/wp\/","logo":{"@type":"ImageObject","inLanguage":"ro-RO","@id":"https:\/\/curierulsatelor.ro\/wp\/#\/schema\/logo\/image\/","url":"https:\/\/curierulsatelor.ro\/wp\/wp-content\/uploads\/2020\/01\/Curierul-Regional-si-Curierul-satelor-logo-header.png","contentUrl":"https:\/\/curierulsatelor.ro\/wp\/wp-content\/uploads\/2020\/01\/Curierul-Regional-si-Curierul-satelor-logo-header.png","width":2943,"height":685,"caption":"Curierul Regional"},"image":{"@id":"https:\/\/curierulsatelor.ro\/wp\/#\/schema\/logo\/image\/"}},{"@type":"Person","@id":"https:\/\/curierulsatelor.ro\/wp\/#\/schema\/person\/6f6b28a030e15d619a82894773d6e7b9","name":"Marian Morosan","image":{"@type":"ImageObject","inLanguage":"ro-RO","@id":"https:\/\/secure.gravatar.com\/avatar\/2e833cc9ab99e6bca46266d4ad9030d308346ff7ff0b6b955c29b74cafaf064b?s=96&d=mm&r=g","url":"https:\/\/secure.gravatar.com\/avatar\/2e833cc9ab99e6bca46266d4ad9030d308346ff7ff0b6b955c29b74cafaf064b?s=96&d=mm&r=g","contentUrl":"https:\/\/secure.gravatar.com\/avatar\/2e833cc9ab99e6bca46266d4ad9030d308346ff7ff0b6b955c29b74cafaf064b?s=96&d=mm&r=g","caption":"Marian Morosan"},"description":"Copiilor no\u015ftri li se preg\u0103te\u015fte, incon\u015ftient, o lume de joben ciuruit, din care niciodat\u0103 nu iese iepura\u015ful. Doar panglicile politicilor sociale roase de moliile cu \u015ftaif din ultimele decenii. Suntem oropsi\u0163i, suntem dispera\u0163i, manipula\u0163i p\u00e2n\u0103 acolo \u00eenc\u00e2t ne bucur\u0103m s\u0103 fim masa de manevr\u0103 a unora \u015fi s\u0103 sus\u0163inem c\u0103 a\u015fa e normal. Acum \u00eel \u00een\u0163eleg pe Cioran, dar \u00eel \u00een\u0163eleg mai bine \u015fi pe Preda. \u015ei m\u0103 g\u00e2ndesc iar, cu groaz\u0103, la copilul meu. Cel pu\u0163in eu nu \u00eemi doresc s\u0103 \u015ftiu c\u0103 micu\u0163ul meu va fi singur, cu sufletul descul\u0163, prin jungla mileniului III ! https:\/\/curierulsatelor.ro\/wp\/2019\/10\/16\/cu-sufletul-descult-prin-jungla-mileniului-iii-editorial\/","sameAs":["http:\/\/admin"],"url":"https:\/\/curierulsatelor.ro\/wp\/author\/admin\/"}]}},"_links":{"self":[{"href":"https:\/\/curierulsatelor.ro\/wp\/wp-json\/wp\/v2\/posts\/15466","targetHints":{"allow":["GET"]}}],"collection":[{"href":"https:\/\/curierulsatelor.ro\/wp\/wp-json\/wp\/v2\/posts"}],"about":[{"href":"https:\/\/curierulsatelor.ro\/wp\/wp-json\/wp\/v2\/types\/post"}],"author":[{"embeddable":true,"href":"https:\/\/curierulsatelor.ro\/wp\/wp-json\/wp\/v2\/users\/1"}],"replies":[{"embeddable":true,"href":"https:\/\/curierulsatelor.ro\/wp\/wp-json\/wp\/v2\/comments?post=15466"}],"version-history":[{"count":3,"href":"https:\/\/curierulsatelor.ro\/wp\/wp-json\/wp\/v2\/posts\/15466\/revisions"}],"predecessor-version":[{"id":15476,"href":"https:\/\/curierulsatelor.ro\/wp\/wp-json\/wp\/v2\/posts\/15466\/revisions\/15476"}],"wp:featuredmedia":[{"embeddable":true,"href":"https:\/\/curierulsatelor.ro\/wp\/wp-json\/wp\/v2\/media\/15468"}],"wp:attachment":[{"href":"https:\/\/curierulsatelor.ro\/wp\/wp-json\/wp\/v2\/media?parent=15466"}],"wp:term":[{"taxonomy":"category","embeddable":true,"href":"https:\/\/curierulsatelor.ro\/wp\/wp-json\/wp\/v2\/categories?post=15466"},{"taxonomy":"post_tag","embeddable":true,"href":"https:\/\/curierulsatelor.ro\/wp\/wp-json\/wp\/v2\/tags?post=15466"}],"curies":[{"name":"wp","href":"https:\/\/api.w.org\/{rel}","templated":true}]}}