{"id":15849,"date":"2025-06-11T19:36:04","date_gmt":"2025-06-11T17:36:04","guid":{"rendered":"https:\/\/curierulsatelor.ro\/wp\/?p=15849"},"modified":"2025-06-11T19:36:06","modified_gmt":"2025-06-11T17:36:06","slug":"senatorul-catalin-silegeanu-face-un-apel-ferm-pentru-imbunatatirea-absorbtiei-fondurilor-europene-consolidarea-expertizei-locale-este-cheia","status":"publish","type":"post","link":"https:\/\/curierulsatelor.ro\/wp\/2025\/06\/11\/senatorul-catalin-silegeanu-face-un-apel-ferm-pentru-imbunatatirea-absorbtiei-fondurilor-europene-consolidarea-expertizei-locale-este-cheia\/","title":{"rendered":"Senatorul C\u0103t\u0103lin Silegeanu face un apel ferm pentru \u00eembun\u0103t\u0103\u021birea absorb\u021biei fondurilor europene: \u201eConsolidarea expertizei locale este cheia\u201d"},"content":{"rendered":"\n<p>Senatorul C\u0103t\u0103lin Silegeanu a adresat ast\u0103zi un mesaj puternic \u00een plenul Senatului, subliniind importan\u021ba crucial\u0103 a utiliz\u0103rii mai eficiente a fondurilor europene pentru dezvoltarea Rom\u00e2niei. \u00cen cadrul unei declara\u021bii politice intitulate \u201e\u00cembun\u0103t\u0103\u021birea absorb\u021biei fondurilor europene prin consolidarea expertizei locale: un apel la ac\u021biune\u201d, senatorul a eviden\u021biat provoc\u0103rile \u00eent\u00e2mpinate de autorit\u0103\u021bile publice locale \u0219i a propus solu\u021bii concrete pentru a le dep\u0103\u0219i.<\/p>\n\n\n\n<p>\u201eStima\u021bi colegi, m\u0103 adresez dumneavoastr\u0103 ast\u0103zi pentru a v\u0103 aduce la cuno\u0219tin\u021b\u0103 o problem\u0103 esen\u021bial\u0103 pentru dezvoltarea Rom\u00e2niei: slaba absorb\u021bie a fondurilor europene\u201d, a \u00eenceput senatorul Silegeanu. El a identificat lipsa preg\u0103tirii \u0219i cuno\u0219tin\u021belor \u00een cadrul autorit\u0103\u021bilor publice locale drept principala cauz\u0103 a acestei situa\u021bii. De\u0219i fondurile europene prezint\u0103 oportunit\u0103\u021bi semnificative de dezvoltare, multe proiecte r\u0103m\u00e2n la nivel de ini\u021biative nevalorificate din cauza insuficientei apel\u0103ri la expertiza profesional\u0103 necesar\u0103.<\/p>\n\n\n\n<p>Pentru a g\u0103si o solu\u021bie, Silegeanu a propus organizarea unor sesiuni de formare \u0219i \u00eent\u00e2lniri de lucru cu speciali\u0219ti experimenta\u021bi \u00een atragerea fondurilor europene. Aceste \u00eent\u00e2lniri ar trebui s\u0103 includ\u0103 at\u00e2t exper\u021bi din cadrul ministerelor relevante, c\u00e2t \u0219i autorit\u0103\u021bi locale, pentru a facilita un schimb eficient de cuno\u0219tin\u021be \u0219i strategii.<\/p>\n\n\n\n<p>\u201eAstfel, \u00een perioada urm\u0103toare, voi ini\u021bia organizarea unor \u00eent\u00e2lniri pentru jude\u021bul Boto\u0219ani aici, la Palatul Parlamentului\u201d, a anun\u021bat senatorul. Aceste sesiuni vor avea rolul de a construi re\u021bele de colaborare \u00eentre autorit\u0103\u021bile locale \u0219i speciali\u0219ti, oferind astfel resursele \u0219i ghidajul necesar pentru accesarea cu succes a finan\u021b\u0103rilor disponibile.<\/p>\n\n\n\n<p>\u00cen finalul discursului, senatorul C\u0103t\u0103lin Silegeanu a f\u0103cut un apel la colegii s\u0103i s\u0103 sprijine ini\u021biativa. \u201eDoar astfel putem transforma oportunit\u0103\u021bile \u00een realitate \u0219i s\u0103 asigur\u0103m dezvoltarea comunit\u0103\u021bilor noastre prin proiecte care s\u0103 aduc\u0103 un impact pozitiv durabil\u201d, a subliniat el. \u201eV\u0103 \u00eendemn s\u0103 folosim pe deplin resursele pe care Uniunea European\u0103 ni le pune la dispozi\u021bie.\u201d<\/p>\n\n\n\n<p>Mesajul senatorului Silegeanu vine ca un semnal de alarm\u0103 \u0219i ca o chemare la ac\u021biune, invit\u00e2nd la o colaborare mai str\u00e2ns\u0103 \u00eentre autorit\u0103\u021bile locale \u0219i speciali\u0219tii in domeniu, cu scopul de a transforma fondurile europene \u00eentr-un motor real al dezvolt\u0103rii na\u021bionale.<\/p>\n","protected":false},"excerpt":{"rendered":"<p>Senatorul C\u0103t\u0103lin Silegeanu a adresat ast\u0103zi un mesaj puternic \u00een plenul Senatului, subliniind importan\u021ba crucial\u0103&#8230;<\/p>\n","protected":false},"author":1,"featured_media":15850,"comment_status":"open","ping_status":"open","sticky":false,"template":"","format":"standard","meta":{"footnotes":""},"categories":[27,8,6],"tags":[],"class_list":["post-15849","post","type-post","status-publish","format-standard","has-post-thumbnail","hentry","category-aur-botosani","category-comunicate","category-politica"],"yoast_head":"<!-- This site is optimized with the Yoast SEO plugin v27.4 - https:\/\/yoast.com\/product\/yoast-seo-wordpress\/ -->\n<title>Senatorul C\u0103t\u0103lin Silegeanu face un apel ferm pentru \u00eembun\u0103t\u0103\u021birea absorb\u021biei fondurilor europene: \u201eConsolidarea expertizei locale este cheia\u201d - Curierul Regional<\/title>\n<meta name=\"robots\" content=\"index, follow, max-snippet:-1, max-image-preview:large, max-video-preview:-1\" \/>\n<link rel=\"canonical\" href=\"https:\/\/curierulsatelor.ro\/wp\/2025\/06\/11\/senatorul-catalin-silegeanu-face-un-apel-ferm-pentru-imbunatatirea-absorbtiei-fondurilor-europene-consolidarea-expertizei-locale-este-cheia\/\" \/>\n<meta property=\"og:locale\" content=\"ro_RO\" \/>\n<meta property=\"og:type\" content=\"article\" \/>\n<meta property=\"og:title\" content=\"Senatorul C\u0103t\u0103lin Silegeanu face un apel ferm pentru \u00eembun\u0103t\u0103\u021birea absorb\u021biei fondurilor europene: \u201eConsolidarea expertizei locale este cheia\u201d - Curierul Regional\" \/>\n<meta property=\"og:description\" content=\"Senatorul C\u0103t\u0103lin Silegeanu a adresat ast\u0103zi un mesaj puternic \u00een plenul Senatului, subliniind importan\u021ba crucial\u0103...\" \/>\n<meta property=\"og:url\" content=\"https:\/\/curierulsatelor.ro\/wp\/2025\/06\/11\/senatorul-catalin-silegeanu-face-un-apel-ferm-pentru-imbunatatirea-absorbtiei-fondurilor-europene-consolidarea-expertizei-locale-este-cheia\/\" \/>\n<meta property=\"og:site_name\" content=\"Curierul Regional\" \/>\n<meta property=\"article:published_time\" content=\"2025-06-11T17:36:04+00:00\" \/>\n<meta property=\"article:modified_time\" content=\"2025-06-11T17:36:06+00:00\" \/>\n<meta property=\"og:image\" content=\"https:\/\/curierulsatelor.ro\/wp\/wp-content\/uploads\/2025\/06\/IMG-20250423-WA0001.jpg\" \/>\n\t<meta property=\"og:image:width\" content=\"2048\" \/>\n\t<meta property=\"og:image:height\" content=\"1536\" \/>\n\t<meta property=\"og:image:type\" content=\"image\/jpeg\" \/>\n<meta name=\"author\" content=\"Marian Morosan\" \/>\n<meta name=\"twitter:card\" content=\"summary_large_image\" \/>\n<meta name=\"twitter:label1\" content=\"Scris de\" \/>\n\t<meta name=\"twitter:data1\" content=\"Marian Morosan\" \/>\n\t<meta name=\"twitter:label2\" content=\"Timp estimat pentru citire\" \/>\n\t<meta name=\"twitter:data2\" content=\"2 minute\" \/>\n<script type=\"application\/ld+json\" class=\"yoast-schema-graph\">{\"@context\":\"https:\\\/\\\/schema.org\",\"@graph\":[{\"@type\":\"Article\",\"@id\":\"https:\\\/\\\/curierulsatelor.ro\\\/wp\\\/2025\\\/06\\\/11\\\/senatorul-catalin-silegeanu-face-un-apel-ferm-pentru-imbunatatirea-absorbtiei-fondurilor-europene-consolidarea-expertizei-locale-este-cheia\\\/#article\",\"isPartOf\":{\"@id\":\"https:\\\/\\\/curierulsatelor.ro\\\/wp\\\/2025\\\/06\\\/11\\\/senatorul-catalin-silegeanu-face-un-apel-ferm-pentru-imbunatatirea-absorbtiei-fondurilor-europene-consolidarea-expertizei-locale-este-cheia\\\/\"},\"author\":{\"name\":\"Marian Morosan\",\"@id\":\"https:\\\/\\\/curierulsatelor.ro\\\/wp\\\/#\\\/schema\\\/person\\\/6f6b28a030e15d619a82894773d6e7b9\"},\"headline\":\"Senatorul C\u0103t\u0103lin Silegeanu face un apel ferm pentru \u00eembun\u0103t\u0103\u021birea absorb\u021biei fondurilor europene: \u201eConsolidarea expertizei locale este cheia\u201d\",\"datePublished\":\"2025-06-11T17:36:04+00:00\",\"dateModified\":\"2025-06-11T17:36:06+00:00\",\"mainEntityOfPage\":{\"@id\":\"https:\\\/\\\/curierulsatelor.ro\\\/wp\\\/2025\\\/06\\\/11\\\/senatorul-catalin-silegeanu-face-un-apel-ferm-pentru-imbunatatirea-absorbtiei-fondurilor-europene-consolidarea-expertizei-locale-este-cheia\\\/\"},\"wordCount\":420,\"commentCount\":0,\"publisher\":{\"@id\":\"https:\\\/\\\/curierulsatelor.ro\\\/wp\\\/#organization\"},\"image\":{\"@id\":\"https:\\\/\\\/curierulsatelor.ro\\\/wp\\\/2025\\\/06\\\/11\\\/senatorul-catalin-silegeanu-face-un-apel-ferm-pentru-imbunatatirea-absorbtiei-fondurilor-europene-consolidarea-expertizei-locale-este-cheia\\\/#primaryimage\"},\"thumbnailUrl\":\"https:\\\/\\\/curierulsatelor.ro\\\/wp\\\/wp-content\\\/uploads\\\/2025\\\/06\\\/IMG-20250423-WA0001.jpg\",\"articleSection\":[\"AUR Botosani\",\"Comunicate\",\"Politica\"],\"inLanguage\":\"ro-RO\",\"potentialAction\":[{\"@type\":\"CommentAction\",\"name\":\"Comment\",\"target\":[\"https:\\\/\\\/curierulsatelor.ro\\\/wp\\\/2025\\\/06\\\/11\\\/senatorul-catalin-silegeanu-face-un-apel-ferm-pentru-imbunatatirea-absorbtiei-fondurilor-europene-consolidarea-expertizei-locale-este-cheia\\\/#respond\"]}]},{\"@type\":\"WebPage\",\"@id\":\"https:\\\/\\\/curierulsatelor.ro\\\/wp\\\/2025\\\/06\\\/11\\\/senatorul-catalin-silegeanu-face-un-apel-ferm-pentru-imbunatatirea-absorbtiei-fondurilor-europene-consolidarea-expertizei-locale-este-cheia\\\/\",\"url\":\"https:\\\/\\\/curierulsatelor.ro\\\/wp\\\/2025\\\/06\\\/11\\\/senatorul-catalin-silegeanu-face-un-apel-ferm-pentru-imbunatatirea-absorbtiei-fondurilor-europene-consolidarea-expertizei-locale-este-cheia\\\/\",\"name\":\"Senatorul C\u0103t\u0103lin Silegeanu face un apel ferm pentru \u00eembun\u0103t\u0103\u021birea absorb\u021biei fondurilor europene: \u201eConsolidarea expertizei locale este cheia\u201d - Curierul Regional\",\"isPartOf\":{\"@id\":\"https:\\\/\\\/curierulsatelor.ro\\\/wp\\\/#website\"},\"primaryImageOfPage\":{\"@id\":\"https:\\\/\\\/curierulsatelor.ro\\\/wp\\\/2025\\\/06\\\/11\\\/senatorul-catalin-silegeanu-face-un-apel-ferm-pentru-imbunatatirea-absorbtiei-fondurilor-europene-consolidarea-expertizei-locale-este-cheia\\\/#primaryimage\"},\"image\":{\"@id\":\"https:\\\/\\\/curierulsatelor.ro\\\/wp\\\/2025\\\/06\\\/11\\\/senatorul-catalin-silegeanu-face-un-apel-ferm-pentru-imbunatatirea-absorbtiei-fondurilor-europene-consolidarea-expertizei-locale-este-cheia\\\/#primaryimage\"},\"thumbnailUrl\":\"https:\\\/\\\/curierulsatelor.ro\\\/wp\\\/wp-content\\\/uploads\\\/2025\\\/06\\\/IMG-20250423-WA0001.jpg\",\"datePublished\":\"2025-06-11T17:36:04+00:00\",\"dateModified\":\"2025-06-11T17:36:06+00:00\",\"breadcrumb\":{\"@id\":\"https:\\\/\\\/curierulsatelor.ro\\\/wp\\\/2025\\\/06\\\/11\\\/senatorul-catalin-silegeanu-face-un-apel-ferm-pentru-imbunatatirea-absorbtiei-fondurilor-europene-consolidarea-expertizei-locale-este-cheia\\\/#breadcrumb\"},\"inLanguage\":\"ro-RO\",\"potentialAction\":[{\"@type\":\"ReadAction\",\"target\":[\"https:\\\/\\\/curierulsatelor.ro\\\/wp\\\/2025\\\/06\\\/11\\\/senatorul-catalin-silegeanu-face-un-apel-ferm-pentru-imbunatatirea-absorbtiei-fondurilor-europene-consolidarea-expertizei-locale-este-cheia\\\/\"]}]},{\"@type\":\"ImageObject\",\"inLanguage\":\"ro-RO\",\"@id\":\"https:\\\/\\\/curierulsatelor.ro\\\/wp\\\/2025\\\/06\\\/11\\\/senatorul-catalin-silegeanu-face-un-apel-ferm-pentru-imbunatatirea-absorbtiei-fondurilor-europene-consolidarea-expertizei-locale-este-cheia\\\/#primaryimage\",\"url\":\"https:\\\/\\\/curierulsatelor.ro\\\/wp\\\/wp-content\\\/uploads\\\/2025\\\/06\\\/IMG-20250423-WA0001.jpg\",\"contentUrl\":\"https:\\\/\\\/curierulsatelor.ro\\\/wp\\\/wp-content\\\/uploads\\\/2025\\\/06\\\/IMG-20250423-WA0001.jpg\",\"width\":2048,\"height\":1536},{\"@type\":\"BreadcrumbList\",\"@id\":\"https:\\\/\\\/curierulsatelor.ro\\\/wp\\\/2025\\\/06\\\/11\\\/senatorul-catalin-silegeanu-face-un-apel-ferm-pentru-imbunatatirea-absorbtiei-fondurilor-europene-consolidarea-expertizei-locale-este-cheia\\\/#breadcrumb\",\"itemListElement\":[{\"@type\":\"ListItem\",\"position\":1,\"name\":\"Prima pagin\u0103\",\"item\":\"https:\\\/\\\/curierulsatelor.ro\\\/wp\\\/\"},{\"@type\":\"ListItem\",\"position\":2,\"name\":\"Senatorul C\u0103t\u0103lin Silegeanu face un apel ferm pentru \u00eembun\u0103t\u0103\u021birea absorb\u021biei fondurilor europene: \u201eConsolidarea expertizei locale este cheia\u201d\"}]},{\"@type\":\"WebSite\",\"@id\":\"https:\\\/\\\/curierulsatelor.ro\\\/wp\\\/#website\",\"url\":\"https:\\\/\\\/curierulsatelor.ro\\\/wp\\\/\",\"name\":\"Curierul Regional\",\"description\":\"\",\"publisher\":{\"@id\":\"https:\\\/\\\/curierulsatelor.ro\\\/wp\\\/#organization\"},\"potentialAction\":[{\"@type\":\"SearchAction\",\"target\":{\"@type\":\"EntryPoint\",\"urlTemplate\":\"https:\\\/\\\/curierulsatelor.ro\\\/wp\\\/?s={search_term_string}\"},\"query-input\":{\"@type\":\"PropertyValueSpecification\",\"valueRequired\":true,\"valueName\":\"search_term_string\"}}],\"inLanguage\":\"ro-RO\"},{\"@type\":\"Organization\",\"@id\":\"https:\\\/\\\/curierulsatelor.ro\\\/wp\\\/#organization\",\"name\":\"Curierul Regional\",\"url\":\"https:\\\/\\\/curierulsatelor.ro\\\/wp\\\/\",\"logo\":{\"@type\":\"ImageObject\",\"inLanguage\":\"ro-RO\",\"@id\":\"https:\\\/\\\/curierulsatelor.ro\\\/wp\\\/#\\\/schema\\\/logo\\\/image\\\/\",\"url\":\"https:\\\/\\\/curierulsatelor.ro\\\/wp\\\/wp-content\\\/uploads\\\/2020\\\/01\\\/Curierul-Regional-si-Curierul-satelor-logo-header.png\",\"contentUrl\":\"https:\\\/\\\/curierulsatelor.ro\\\/wp\\\/wp-content\\\/uploads\\\/2020\\\/01\\\/Curierul-Regional-si-Curierul-satelor-logo-header.png\",\"width\":2943,\"height\":685,\"caption\":\"Curierul Regional\"},\"image\":{\"@id\":\"https:\\\/\\\/curierulsatelor.ro\\\/wp\\\/#\\\/schema\\\/logo\\\/image\\\/\"}},{\"@type\":\"Person\",\"@id\":\"https:\\\/\\\/curierulsatelor.ro\\\/wp\\\/#\\\/schema\\\/person\\\/6f6b28a030e15d619a82894773d6e7b9\",\"name\":\"Marian Morosan\",\"image\":{\"@type\":\"ImageObject\",\"inLanguage\":\"ro-RO\",\"@id\":\"https:\\\/\\\/secure.gravatar.com\\\/avatar\\\/2e833cc9ab99e6bca46266d4ad9030d308346ff7ff0b6b955c29b74cafaf064b?s=96&d=mm&r=g\",\"url\":\"https:\\\/\\\/secure.gravatar.com\\\/avatar\\\/2e833cc9ab99e6bca46266d4ad9030d308346ff7ff0b6b955c29b74cafaf064b?s=96&d=mm&r=g\",\"contentUrl\":\"https:\\\/\\\/secure.gravatar.com\\\/avatar\\\/2e833cc9ab99e6bca46266d4ad9030d308346ff7ff0b6b955c29b74cafaf064b?s=96&d=mm&r=g\",\"caption\":\"Marian Morosan\"},\"description\":\"Copiilor no\u015ftri li se preg\u0103te\u015fte, incon\u015ftient, o lume de joben ciuruit, din care niciodat\u0103 nu iese iepura\u015ful. Doar panglicile politicilor sociale roase de moliile cu \u015ftaif din ultimele decenii. Suntem oropsi\u0163i, suntem dispera\u0163i, manipula\u0163i p\u00e2n\u0103 acolo \u00eenc\u00e2t ne bucur\u0103m s\u0103 fim masa de manevr\u0103 a unora \u015fi s\u0103 sus\u0163inem c\u0103 a\u015fa e normal. Acum \u00eel \u00een\u0163eleg pe Cioran, dar \u00eel \u00een\u0163eleg mai bine \u015fi pe Preda. \u015ei m\u0103 g\u00e2ndesc iar, cu groaz\u0103, la copilul meu. Cel pu\u0163in eu nu \u00eemi doresc s\u0103 \u015ftiu c\u0103 micu\u0163ul meu va fi singur, cu sufletul descul\u0163, prin jungla mileniului III ! https:\\\/\\\/curierulsatelor.ro\\\/wp\\\/2019\\\/10\\\/16\\\/cu-sufletul-descult-prin-jungla-mileniului-iii-editorial\\\/\",\"sameAs\":[\"http:\\\/\\\/admin\"],\"url\":\"https:\\\/\\\/curierulsatelor.ro\\\/wp\\\/author\\\/admin\\\/\"}]}<\/script>\n<!-- \/ Yoast SEO plugin. -->","yoast_head_json":{"title":"Senatorul C\u0103t\u0103lin Silegeanu face un apel ferm pentru \u00eembun\u0103t\u0103\u021birea absorb\u021biei fondurilor europene: \u201eConsolidarea expertizei locale este cheia\u201d - Curierul Regional","robots":{"index":"index","follow":"follow","max-snippet":"max-snippet:-1","max-image-preview":"max-image-preview:large","max-video-preview":"max-video-preview:-1"},"canonical":"https:\/\/curierulsatelor.ro\/wp\/2025\/06\/11\/senatorul-catalin-silegeanu-face-un-apel-ferm-pentru-imbunatatirea-absorbtiei-fondurilor-europene-consolidarea-expertizei-locale-este-cheia\/","og_locale":"ro_RO","og_type":"article","og_title":"Senatorul C\u0103t\u0103lin Silegeanu face un apel ferm pentru \u00eembun\u0103t\u0103\u021birea absorb\u021biei fondurilor europene: \u201eConsolidarea expertizei locale este cheia\u201d - Curierul Regional","og_description":"Senatorul C\u0103t\u0103lin Silegeanu a adresat ast\u0103zi un mesaj puternic \u00een plenul Senatului, subliniind importan\u021ba crucial\u0103...","og_url":"https:\/\/curierulsatelor.ro\/wp\/2025\/06\/11\/senatorul-catalin-silegeanu-face-un-apel-ferm-pentru-imbunatatirea-absorbtiei-fondurilor-europene-consolidarea-expertizei-locale-este-cheia\/","og_site_name":"Curierul Regional","article_published_time":"2025-06-11T17:36:04+00:00","article_modified_time":"2025-06-11T17:36:06+00:00","og_image":[{"width":2048,"height":1536,"url":"https:\/\/curierulsatelor.ro\/wp\/wp-content\/uploads\/2025\/06\/IMG-20250423-WA0001.jpg","type":"image\/jpeg"}],"author":"Marian Morosan","twitter_card":"summary_large_image","twitter_misc":{"Scris de":"Marian Morosan","Timp estimat pentru citire":"2 minute"},"schema":{"@context":"https:\/\/schema.org","@graph":[{"@type":"Article","@id":"https:\/\/curierulsatelor.ro\/wp\/2025\/06\/11\/senatorul-catalin-silegeanu-face-un-apel-ferm-pentru-imbunatatirea-absorbtiei-fondurilor-europene-consolidarea-expertizei-locale-este-cheia\/#article","isPartOf":{"@id":"https:\/\/curierulsatelor.ro\/wp\/2025\/06\/11\/senatorul-catalin-silegeanu-face-un-apel-ferm-pentru-imbunatatirea-absorbtiei-fondurilor-europene-consolidarea-expertizei-locale-este-cheia\/"},"author":{"name":"Marian Morosan","@id":"https:\/\/curierulsatelor.ro\/wp\/#\/schema\/person\/6f6b28a030e15d619a82894773d6e7b9"},"headline":"Senatorul C\u0103t\u0103lin Silegeanu face un apel ferm pentru \u00eembun\u0103t\u0103\u021birea absorb\u021biei fondurilor europene: \u201eConsolidarea expertizei locale este cheia\u201d","datePublished":"2025-06-11T17:36:04+00:00","dateModified":"2025-06-11T17:36:06+00:00","mainEntityOfPage":{"@id":"https:\/\/curierulsatelor.ro\/wp\/2025\/06\/11\/senatorul-catalin-silegeanu-face-un-apel-ferm-pentru-imbunatatirea-absorbtiei-fondurilor-europene-consolidarea-expertizei-locale-este-cheia\/"},"wordCount":420,"commentCount":0,"publisher":{"@id":"https:\/\/curierulsatelor.ro\/wp\/#organization"},"image":{"@id":"https:\/\/curierulsatelor.ro\/wp\/2025\/06\/11\/senatorul-catalin-silegeanu-face-un-apel-ferm-pentru-imbunatatirea-absorbtiei-fondurilor-europene-consolidarea-expertizei-locale-este-cheia\/#primaryimage"},"thumbnailUrl":"https:\/\/curierulsatelor.ro\/wp\/wp-content\/uploads\/2025\/06\/IMG-20250423-WA0001.jpg","articleSection":["AUR Botosani","Comunicate","Politica"],"inLanguage":"ro-RO","potentialAction":[{"@type":"CommentAction","name":"Comment","target":["https:\/\/curierulsatelor.ro\/wp\/2025\/06\/11\/senatorul-catalin-silegeanu-face-un-apel-ferm-pentru-imbunatatirea-absorbtiei-fondurilor-europene-consolidarea-expertizei-locale-este-cheia\/#respond"]}]},{"@type":"WebPage","@id":"https:\/\/curierulsatelor.ro\/wp\/2025\/06\/11\/senatorul-catalin-silegeanu-face-un-apel-ferm-pentru-imbunatatirea-absorbtiei-fondurilor-europene-consolidarea-expertizei-locale-este-cheia\/","url":"https:\/\/curierulsatelor.ro\/wp\/2025\/06\/11\/senatorul-catalin-silegeanu-face-un-apel-ferm-pentru-imbunatatirea-absorbtiei-fondurilor-europene-consolidarea-expertizei-locale-este-cheia\/","name":"Senatorul C\u0103t\u0103lin Silegeanu face un apel ferm pentru \u00eembun\u0103t\u0103\u021birea absorb\u021biei fondurilor europene: \u201eConsolidarea expertizei locale este cheia\u201d - Curierul Regional","isPartOf":{"@id":"https:\/\/curierulsatelor.ro\/wp\/#website"},"primaryImageOfPage":{"@id":"https:\/\/curierulsatelor.ro\/wp\/2025\/06\/11\/senatorul-catalin-silegeanu-face-un-apel-ferm-pentru-imbunatatirea-absorbtiei-fondurilor-europene-consolidarea-expertizei-locale-este-cheia\/#primaryimage"},"image":{"@id":"https:\/\/curierulsatelor.ro\/wp\/2025\/06\/11\/senatorul-catalin-silegeanu-face-un-apel-ferm-pentru-imbunatatirea-absorbtiei-fondurilor-europene-consolidarea-expertizei-locale-este-cheia\/#primaryimage"},"thumbnailUrl":"https:\/\/curierulsatelor.ro\/wp\/wp-content\/uploads\/2025\/06\/IMG-20250423-WA0001.jpg","datePublished":"2025-06-11T17:36:04+00:00","dateModified":"2025-06-11T17:36:06+00:00","breadcrumb":{"@id":"https:\/\/curierulsatelor.ro\/wp\/2025\/06\/11\/senatorul-catalin-silegeanu-face-un-apel-ferm-pentru-imbunatatirea-absorbtiei-fondurilor-europene-consolidarea-expertizei-locale-este-cheia\/#breadcrumb"},"inLanguage":"ro-RO","potentialAction":[{"@type":"ReadAction","target":["https:\/\/curierulsatelor.ro\/wp\/2025\/06\/11\/senatorul-catalin-silegeanu-face-un-apel-ferm-pentru-imbunatatirea-absorbtiei-fondurilor-europene-consolidarea-expertizei-locale-este-cheia\/"]}]},{"@type":"ImageObject","inLanguage":"ro-RO","@id":"https:\/\/curierulsatelor.ro\/wp\/2025\/06\/11\/senatorul-catalin-silegeanu-face-un-apel-ferm-pentru-imbunatatirea-absorbtiei-fondurilor-europene-consolidarea-expertizei-locale-este-cheia\/#primaryimage","url":"https:\/\/curierulsatelor.ro\/wp\/wp-content\/uploads\/2025\/06\/IMG-20250423-WA0001.jpg","contentUrl":"https:\/\/curierulsatelor.ro\/wp\/wp-content\/uploads\/2025\/06\/IMG-20250423-WA0001.jpg","width":2048,"height":1536},{"@type":"BreadcrumbList","@id":"https:\/\/curierulsatelor.ro\/wp\/2025\/06\/11\/senatorul-catalin-silegeanu-face-un-apel-ferm-pentru-imbunatatirea-absorbtiei-fondurilor-europene-consolidarea-expertizei-locale-este-cheia\/#breadcrumb","itemListElement":[{"@type":"ListItem","position":1,"name":"Prima pagin\u0103","item":"https:\/\/curierulsatelor.ro\/wp\/"},{"@type":"ListItem","position":2,"name":"Senatorul C\u0103t\u0103lin Silegeanu face un apel ferm pentru \u00eembun\u0103t\u0103\u021birea absorb\u021biei fondurilor europene: \u201eConsolidarea expertizei locale este cheia\u201d"}]},{"@type":"WebSite","@id":"https:\/\/curierulsatelor.ro\/wp\/#website","url":"https:\/\/curierulsatelor.ro\/wp\/","name":"Curierul Regional","description":"","publisher":{"@id":"https:\/\/curierulsatelor.ro\/wp\/#organization"},"potentialAction":[{"@type":"SearchAction","target":{"@type":"EntryPoint","urlTemplate":"https:\/\/curierulsatelor.ro\/wp\/?s={search_term_string}"},"query-input":{"@type":"PropertyValueSpecification","valueRequired":true,"valueName":"search_term_string"}}],"inLanguage":"ro-RO"},{"@type":"Organization","@id":"https:\/\/curierulsatelor.ro\/wp\/#organization","name":"Curierul Regional","url":"https:\/\/curierulsatelor.ro\/wp\/","logo":{"@type":"ImageObject","inLanguage":"ro-RO","@id":"https:\/\/curierulsatelor.ro\/wp\/#\/schema\/logo\/image\/","url":"https:\/\/curierulsatelor.ro\/wp\/wp-content\/uploads\/2020\/01\/Curierul-Regional-si-Curierul-satelor-logo-header.png","contentUrl":"https:\/\/curierulsatelor.ro\/wp\/wp-content\/uploads\/2020\/01\/Curierul-Regional-si-Curierul-satelor-logo-header.png","width":2943,"height":685,"caption":"Curierul Regional"},"image":{"@id":"https:\/\/curierulsatelor.ro\/wp\/#\/schema\/logo\/image\/"}},{"@type":"Person","@id":"https:\/\/curierulsatelor.ro\/wp\/#\/schema\/person\/6f6b28a030e15d619a82894773d6e7b9","name":"Marian Morosan","image":{"@type":"ImageObject","inLanguage":"ro-RO","@id":"https:\/\/secure.gravatar.com\/avatar\/2e833cc9ab99e6bca46266d4ad9030d308346ff7ff0b6b955c29b74cafaf064b?s=96&d=mm&r=g","url":"https:\/\/secure.gravatar.com\/avatar\/2e833cc9ab99e6bca46266d4ad9030d308346ff7ff0b6b955c29b74cafaf064b?s=96&d=mm&r=g","contentUrl":"https:\/\/secure.gravatar.com\/avatar\/2e833cc9ab99e6bca46266d4ad9030d308346ff7ff0b6b955c29b74cafaf064b?s=96&d=mm&r=g","caption":"Marian Morosan"},"description":"Copiilor no\u015ftri li se preg\u0103te\u015fte, incon\u015ftient, o lume de joben ciuruit, din care niciodat\u0103 nu iese iepura\u015ful. Doar panglicile politicilor sociale roase de moliile cu \u015ftaif din ultimele decenii. Suntem oropsi\u0163i, suntem dispera\u0163i, manipula\u0163i p\u00e2n\u0103 acolo \u00eenc\u00e2t ne bucur\u0103m s\u0103 fim masa de manevr\u0103 a unora \u015fi s\u0103 sus\u0163inem c\u0103 a\u015fa e normal. Acum \u00eel \u00een\u0163eleg pe Cioran, dar \u00eel \u00een\u0163eleg mai bine \u015fi pe Preda. \u015ei m\u0103 g\u00e2ndesc iar, cu groaz\u0103, la copilul meu. Cel pu\u0163in eu nu \u00eemi doresc s\u0103 \u015ftiu c\u0103 micu\u0163ul meu va fi singur, cu sufletul descul\u0163, prin jungla mileniului III ! https:\/\/curierulsatelor.ro\/wp\/2019\/10\/16\/cu-sufletul-descult-prin-jungla-mileniului-iii-editorial\/","sameAs":["http:\/\/admin"],"url":"https:\/\/curierulsatelor.ro\/wp\/author\/admin\/"}]}},"_links":{"self":[{"href":"https:\/\/curierulsatelor.ro\/wp\/wp-json\/wp\/v2\/posts\/15849","targetHints":{"allow":["GET"]}}],"collection":[{"href":"https:\/\/curierulsatelor.ro\/wp\/wp-json\/wp\/v2\/posts"}],"about":[{"href":"https:\/\/curierulsatelor.ro\/wp\/wp-json\/wp\/v2\/types\/post"}],"author":[{"embeddable":true,"href":"https:\/\/curierulsatelor.ro\/wp\/wp-json\/wp\/v2\/users\/1"}],"replies":[{"embeddable":true,"href":"https:\/\/curierulsatelor.ro\/wp\/wp-json\/wp\/v2\/comments?post=15849"}],"version-history":[{"count":1,"href":"https:\/\/curierulsatelor.ro\/wp\/wp-json\/wp\/v2\/posts\/15849\/revisions"}],"predecessor-version":[{"id":15851,"href":"https:\/\/curierulsatelor.ro\/wp\/wp-json\/wp\/v2\/posts\/15849\/revisions\/15851"}],"wp:featuredmedia":[{"embeddable":true,"href":"https:\/\/curierulsatelor.ro\/wp\/wp-json\/wp\/v2\/media\/15850"}],"wp:attachment":[{"href":"https:\/\/curierulsatelor.ro\/wp\/wp-json\/wp\/v2\/media?parent=15849"}],"wp:term":[{"taxonomy":"category","embeddable":true,"href":"https:\/\/curierulsatelor.ro\/wp\/wp-json\/wp\/v2\/categories?post=15849"},{"taxonomy":"post_tag","embeddable":true,"href":"https:\/\/curierulsatelor.ro\/wp\/wp-json\/wp\/v2\/tags?post=15849"}],"curies":[{"name":"wp","href":"https:\/\/api.w.org\/{rel}","templated":true}]}}