{"id":16012,"date":"2025-07-21T19:32:28","date_gmt":"2025-07-21T17:32:28","guid":{"rendered":"https:\/\/curierulsatelor.ro\/wp\/?p=16012"},"modified":"2025-07-21T19:32:29","modified_gmt":"2025-07-21T17:32:29","slug":"senatorul-catalin-silegeanu-guvernul-bolojan-taie-banii-pentru-investitii-condamnand-romania-la-saracie-si-subdezvoltare","status":"publish","type":"post","link":"https:\/\/curierulsatelor.ro\/wp\/2025\/07\/21\/senatorul-catalin-silegeanu-guvernul-bolojan-taie-banii-pentru-investitii-condamnand-romania-la-saracie-si-subdezvoltare\/","title":{"rendered":"Senatorul C\u0103t\u0103lin Silegeanu: \u201eGuvernul Bolojan taie banii pentru investi\u021bii, condamn\u00e2nd Rom\u00e2nia la s\u0103r\u0103cie \u0219i subdezvoltare\u201d"},"content":{"rendered":"\n<p>Decizia recent\u0103 a Guvernului condus de Ilie Bolojan de a bloca finan\u021barea proiectelor de investi\u021bii la nivel local a st\u00e2rnit o reac\u021bie puternic\u0103 din partea senatorului C\u0103t\u0103lin Silegeanu. Acesta critic\u0103 dur m\u0103sura, consider\u00e2nd-o un atac direct la adresa dezvolt\u0103rii Rom\u00e2niei \u0219i o alegere iresponsabil\u0103 a coali\u021biei PSD-PNL-USR-UDMR.<\/p>\n\n\n\n<p>\u201eBlocarea proiectelor esen\u021biale pentru comunit\u0103\u021bile rurale este o lovitur\u0103 grea pentru localit\u0103\u021bile care au semnat contracte, au \u00eenceput lucr\u0103ri \u0219i acum se g\u0103sesc \u00een imposibilitatea de a continua. Efectele sunt vizibile pe termen scurt: \u0219antiere abandonate, investi\u021bii blocate \u0219i lucr\u0103ri neterminate care risc\u0103 s\u0103 se degradeze, devenind pierderi uria\u0219e pentru bugetul public\u201d, a declarat senatorul Silegeanu.<\/p>\n\n\n\n<p>Aceast\u0103 m\u0103sur\u0103, calificat\u0103 de senator drept o decizie f\u0103r\u0103 justificare ra\u021bional\u0103, ignor\u0103 complet nevoile reale ale oamenilor \u0219i comunit\u0103\u021bilor locale. \u201eVorbim despre proiecte de ap\u0103, canalizare, asfalt, drumuri, resurse esen\u021biale pentru calitatea vie\u021bii \u00een Rom\u00e2nia. Nu po\u021bi opri modernizarea \u021b\u0103rii doar pentru c\u0103 ai ambi\u021bii politice sau vrei s\u0103 afi\u0219ezi austeritate de vitrin\u0103\u201d, a ad\u0103ugat el.<\/p>\n\n\n\n<p>Senatorul semnaleaz\u0103 o discrepan\u021b\u0103 grav\u0103 \u00eentre aloc\u0103rile bugetare pentru marile ora\u0219e \u0219i nevoile restului \u021b\u0103rii. \u201e\u00cen timp ce \u00een marile ora\u0219e se risipesc bani pe festivaluri \u0219i consultan\u021b\u0103 inutil\u0103, Guvernul Bolojan condamn\u0103 restul \u021b\u0103rii la s\u0103r\u0103cie \u0219i izolare. A\u0219a arat\u0103 \u201ereforma\u201d lor: ap\u0103 curent\u0103 doar pentru cine are pile politice, iar pentru ceilal\u021bi, promisiuni \u0219i am\u00e2n\u0103ri\u201d, sus\u021bine Silegeanu.<\/p>\n\n\n\n<p>\u00cen acest context, senatorul cere guvernului s\u0103 \u00eenceteze s\u0103-\u0219i bat\u0103 joc de comunit\u0103\u021bile locale care au proiecte \u00een derulare. \u201eAceste fonduri nu sunt un moft, ci un drept \u0219i o necesitate. Blocarea acestor investi\u021bii reprezint\u0103 un sabotaj na\u021bional, iar Ilie Bolojan \u0219i echipa sa trebuie s\u0103 dea socoteal\u0103 pentru acest dispre\u021b fa\u021b\u0103 de Rom\u00e2nia real\u0103\u201d, a concluzionat senatorul C\u0103t\u0103lin Silegeanu.<\/p>\n\n\n\n<p>Aceast\u0103 situa\u021bie eviden\u021biaz\u0103 necesitatea urgent\u0103 ca guvernul s\u0103 revin\u0103 asupra deciziei \u0219i s\u0103 prioritizeze investi\u021biile critice pentru dezvoltarea durabil\u0103 \u0219i echitabil\u0103 a tuturor regiunilor din Rom\u00e2nia.<\/p>\n","protected":false},"excerpt":{"rendered":"<p>Decizia recent\u0103 a Guvernului condus de Ilie Bolojan de a bloca finan\u021barea proiectelor de investi\u021bii&#8230;<\/p>\n","protected":false},"author":1,"featured_media":16013,"comment_status":"open","ping_status":"open","sticky":false,"template":"","format":"standard","meta":{"footnotes":""},"categories":[27,8],"tags":[],"class_list":["post-16012","post","type-post","status-publish","format-standard","has-post-thumbnail","hentry","category-aur-botosani","category-comunicate"],"yoast_head":"<!-- This site is optimized with the Yoast SEO plugin v27.4 - https:\/\/yoast.com\/product\/yoast-seo-wordpress\/ -->\n<title>Senatorul C\u0103t\u0103lin Silegeanu: \u201eGuvernul Bolojan taie banii pentru investi\u021bii, condamn\u00e2nd Rom\u00e2nia la s\u0103r\u0103cie \u0219i subdezvoltare\u201d - Curierul Regional<\/title>\n<meta name=\"robots\" content=\"index, follow, max-snippet:-1, max-image-preview:large, max-video-preview:-1\" \/>\n<link rel=\"canonical\" href=\"https:\/\/curierulsatelor.ro\/wp\/2025\/07\/21\/senatorul-catalin-silegeanu-guvernul-bolojan-taie-banii-pentru-investitii-condamnand-romania-la-saracie-si-subdezvoltare\/\" \/>\n<meta property=\"og:locale\" content=\"ro_RO\" \/>\n<meta property=\"og:type\" content=\"article\" \/>\n<meta property=\"og:title\" content=\"Senatorul C\u0103t\u0103lin Silegeanu: \u201eGuvernul Bolojan taie banii pentru investi\u021bii, condamn\u00e2nd Rom\u00e2nia la s\u0103r\u0103cie \u0219i subdezvoltare\u201d - Curierul Regional\" \/>\n<meta property=\"og:description\" content=\"Decizia recent\u0103 a Guvernului condus de Ilie Bolojan de a bloca finan\u021barea proiectelor de investi\u021bii...\" \/>\n<meta property=\"og:url\" content=\"https:\/\/curierulsatelor.ro\/wp\/2025\/07\/21\/senatorul-catalin-silegeanu-guvernul-bolojan-taie-banii-pentru-investitii-condamnand-romania-la-saracie-si-subdezvoltare\/\" \/>\n<meta property=\"og:site_name\" content=\"Curierul Regional\" \/>\n<meta property=\"article:published_time\" content=\"2025-07-21T17:32:28+00:00\" \/>\n<meta property=\"article:modified_time\" content=\"2025-07-21T17:32:29+00:00\" \/>\n<meta property=\"og:image\" content=\"https:\/\/curierulsatelor.ro\/wp\/wp-content\/uploads\/2025\/07\/IMG-20250721-WA0014-scaled.jpg\" \/>\n\t<meta property=\"og:image:width\" content=\"2560\" \/>\n\t<meta property=\"og:image:height\" content=\"1920\" \/>\n\t<meta property=\"og:image:type\" content=\"image\/jpeg\" \/>\n<meta name=\"author\" content=\"Marian Morosan\" \/>\n<meta name=\"twitter:card\" content=\"summary_large_image\" \/>\n<meta name=\"twitter:label1\" content=\"Scris de\" \/>\n\t<meta name=\"twitter:data1\" content=\"Marian Morosan\" \/>\n\t<meta name=\"twitter:label2\" content=\"Timp estimat pentru citire\" \/>\n\t<meta name=\"twitter:data2\" content=\"2 minute\" \/>\n<script type=\"application\/ld+json\" class=\"yoast-schema-graph\">{\"@context\":\"https:\\\/\\\/schema.org\",\"@graph\":[{\"@type\":\"Article\",\"@id\":\"https:\\\/\\\/curierulsatelor.ro\\\/wp\\\/2025\\\/07\\\/21\\\/senatorul-catalin-silegeanu-guvernul-bolojan-taie-banii-pentru-investitii-condamnand-romania-la-saracie-si-subdezvoltare\\\/#article\",\"isPartOf\":{\"@id\":\"https:\\\/\\\/curierulsatelor.ro\\\/wp\\\/2025\\\/07\\\/21\\\/senatorul-catalin-silegeanu-guvernul-bolojan-taie-banii-pentru-investitii-condamnand-romania-la-saracie-si-subdezvoltare\\\/\"},\"author\":{\"name\":\"Marian Morosan\",\"@id\":\"https:\\\/\\\/curierulsatelor.ro\\\/wp\\\/#\\\/schema\\\/person\\\/6f6b28a030e15d619a82894773d6e7b9\"},\"headline\":\"Senatorul C\u0103t\u0103lin Silegeanu: \u201eGuvernul Bolojan taie banii pentru investi\u021bii, condamn\u00e2nd Rom\u00e2nia la s\u0103r\u0103cie \u0219i subdezvoltare\u201d\",\"datePublished\":\"2025-07-21T17:32:28+00:00\",\"dateModified\":\"2025-07-21T17:32:29+00:00\",\"mainEntityOfPage\":{\"@id\":\"https:\\\/\\\/curierulsatelor.ro\\\/wp\\\/2025\\\/07\\\/21\\\/senatorul-catalin-silegeanu-guvernul-bolojan-taie-banii-pentru-investitii-condamnand-romania-la-saracie-si-subdezvoltare\\\/\"},\"wordCount\":377,\"commentCount\":0,\"publisher\":{\"@id\":\"https:\\\/\\\/curierulsatelor.ro\\\/wp\\\/#organization\"},\"image\":{\"@id\":\"https:\\\/\\\/curierulsatelor.ro\\\/wp\\\/2025\\\/07\\\/21\\\/senatorul-catalin-silegeanu-guvernul-bolojan-taie-banii-pentru-investitii-condamnand-romania-la-saracie-si-subdezvoltare\\\/#primaryimage\"},\"thumbnailUrl\":\"https:\\\/\\\/curierulsatelor.ro\\\/wp\\\/wp-content\\\/uploads\\\/2025\\\/07\\\/IMG-20250721-WA0014-scaled.jpg\",\"articleSection\":[\"AUR Botosani\",\"Comunicate\"],\"inLanguage\":\"ro-RO\",\"potentialAction\":[{\"@type\":\"CommentAction\",\"name\":\"Comment\",\"target\":[\"https:\\\/\\\/curierulsatelor.ro\\\/wp\\\/2025\\\/07\\\/21\\\/senatorul-catalin-silegeanu-guvernul-bolojan-taie-banii-pentru-investitii-condamnand-romania-la-saracie-si-subdezvoltare\\\/#respond\"]}]},{\"@type\":\"WebPage\",\"@id\":\"https:\\\/\\\/curierulsatelor.ro\\\/wp\\\/2025\\\/07\\\/21\\\/senatorul-catalin-silegeanu-guvernul-bolojan-taie-banii-pentru-investitii-condamnand-romania-la-saracie-si-subdezvoltare\\\/\",\"url\":\"https:\\\/\\\/curierulsatelor.ro\\\/wp\\\/2025\\\/07\\\/21\\\/senatorul-catalin-silegeanu-guvernul-bolojan-taie-banii-pentru-investitii-condamnand-romania-la-saracie-si-subdezvoltare\\\/\",\"name\":\"Senatorul C\u0103t\u0103lin Silegeanu: \u201eGuvernul Bolojan taie banii pentru investi\u021bii, condamn\u00e2nd Rom\u00e2nia la s\u0103r\u0103cie \u0219i subdezvoltare\u201d - Curierul Regional\",\"isPartOf\":{\"@id\":\"https:\\\/\\\/curierulsatelor.ro\\\/wp\\\/#website\"},\"primaryImageOfPage\":{\"@id\":\"https:\\\/\\\/curierulsatelor.ro\\\/wp\\\/2025\\\/07\\\/21\\\/senatorul-catalin-silegeanu-guvernul-bolojan-taie-banii-pentru-investitii-condamnand-romania-la-saracie-si-subdezvoltare\\\/#primaryimage\"},\"image\":{\"@id\":\"https:\\\/\\\/curierulsatelor.ro\\\/wp\\\/2025\\\/07\\\/21\\\/senatorul-catalin-silegeanu-guvernul-bolojan-taie-banii-pentru-investitii-condamnand-romania-la-saracie-si-subdezvoltare\\\/#primaryimage\"},\"thumbnailUrl\":\"https:\\\/\\\/curierulsatelor.ro\\\/wp\\\/wp-content\\\/uploads\\\/2025\\\/07\\\/IMG-20250721-WA0014-scaled.jpg\",\"datePublished\":\"2025-07-21T17:32:28+00:00\",\"dateModified\":\"2025-07-21T17:32:29+00:00\",\"breadcrumb\":{\"@id\":\"https:\\\/\\\/curierulsatelor.ro\\\/wp\\\/2025\\\/07\\\/21\\\/senatorul-catalin-silegeanu-guvernul-bolojan-taie-banii-pentru-investitii-condamnand-romania-la-saracie-si-subdezvoltare\\\/#breadcrumb\"},\"inLanguage\":\"ro-RO\",\"potentialAction\":[{\"@type\":\"ReadAction\",\"target\":[\"https:\\\/\\\/curierulsatelor.ro\\\/wp\\\/2025\\\/07\\\/21\\\/senatorul-catalin-silegeanu-guvernul-bolojan-taie-banii-pentru-investitii-condamnand-romania-la-saracie-si-subdezvoltare\\\/\"]}]},{\"@type\":\"ImageObject\",\"inLanguage\":\"ro-RO\",\"@id\":\"https:\\\/\\\/curierulsatelor.ro\\\/wp\\\/2025\\\/07\\\/21\\\/senatorul-catalin-silegeanu-guvernul-bolojan-taie-banii-pentru-investitii-condamnand-romania-la-saracie-si-subdezvoltare\\\/#primaryimage\",\"url\":\"https:\\\/\\\/curierulsatelor.ro\\\/wp\\\/wp-content\\\/uploads\\\/2025\\\/07\\\/IMG-20250721-WA0014-scaled.jpg\",\"contentUrl\":\"https:\\\/\\\/curierulsatelor.ro\\\/wp\\\/wp-content\\\/uploads\\\/2025\\\/07\\\/IMG-20250721-WA0014-scaled.jpg\",\"width\":2560,\"height\":1920},{\"@type\":\"BreadcrumbList\",\"@id\":\"https:\\\/\\\/curierulsatelor.ro\\\/wp\\\/2025\\\/07\\\/21\\\/senatorul-catalin-silegeanu-guvernul-bolojan-taie-banii-pentru-investitii-condamnand-romania-la-saracie-si-subdezvoltare\\\/#breadcrumb\",\"itemListElement\":[{\"@type\":\"ListItem\",\"position\":1,\"name\":\"Prima pagin\u0103\",\"item\":\"https:\\\/\\\/curierulsatelor.ro\\\/wp\\\/\"},{\"@type\":\"ListItem\",\"position\":2,\"name\":\"Senatorul C\u0103t\u0103lin Silegeanu: \u201eGuvernul Bolojan taie banii pentru investi\u021bii, condamn\u00e2nd Rom\u00e2nia la s\u0103r\u0103cie \u0219i subdezvoltare\u201d\"}]},{\"@type\":\"WebSite\",\"@id\":\"https:\\\/\\\/curierulsatelor.ro\\\/wp\\\/#website\",\"url\":\"https:\\\/\\\/curierulsatelor.ro\\\/wp\\\/\",\"name\":\"Curierul Regional\",\"description\":\"\",\"publisher\":{\"@id\":\"https:\\\/\\\/curierulsatelor.ro\\\/wp\\\/#organization\"},\"potentialAction\":[{\"@type\":\"SearchAction\",\"target\":{\"@type\":\"EntryPoint\",\"urlTemplate\":\"https:\\\/\\\/curierulsatelor.ro\\\/wp\\\/?s={search_term_string}\"},\"query-input\":{\"@type\":\"PropertyValueSpecification\",\"valueRequired\":true,\"valueName\":\"search_term_string\"}}],\"inLanguage\":\"ro-RO\"},{\"@type\":\"Organization\",\"@id\":\"https:\\\/\\\/curierulsatelor.ro\\\/wp\\\/#organization\",\"name\":\"Curierul Regional\",\"url\":\"https:\\\/\\\/curierulsatelor.ro\\\/wp\\\/\",\"logo\":{\"@type\":\"ImageObject\",\"inLanguage\":\"ro-RO\",\"@id\":\"https:\\\/\\\/curierulsatelor.ro\\\/wp\\\/#\\\/schema\\\/logo\\\/image\\\/\",\"url\":\"https:\\\/\\\/curierulsatelor.ro\\\/wp\\\/wp-content\\\/uploads\\\/2020\\\/01\\\/Curierul-Regional-si-Curierul-satelor-logo-header.png\",\"contentUrl\":\"https:\\\/\\\/curierulsatelor.ro\\\/wp\\\/wp-content\\\/uploads\\\/2020\\\/01\\\/Curierul-Regional-si-Curierul-satelor-logo-header.png\",\"width\":2943,\"height\":685,\"caption\":\"Curierul Regional\"},\"image\":{\"@id\":\"https:\\\/\\\/curierulsatelor.ro\\\/wp\\\/#\\\/schema\\\/logo\\\/image\\\/\"}},{\"@type\":\"Person\",\"@id\":\"https:\\\/\\\/curierulsatelor.ro\\\/wp\\\/#\\\/schema\\\/person\\\/6f6b28a030e15d619a82894773d6e7b9\",\"name\":\"Marian Morosan\",\"image\":{\"@type\":\"ImageObject\",\"inLanguage\":\"ro-RO\",\"@id\":\"https:\\\/\\\/secure.gravatar.com\\\/avatar\\\/2e833cc9ab99e6bca46266d4ad9030d308346ff7ff0b6b955c29b74cafaf064b?s=96&d=mm&r=g\",\"url\":\"https:\\\/\\\/secure.gravatar.com\\\/avatar\\\/2e833cc9ab99e6bca46266d4ad9030d308346ff7ff0b6b955c29b74cafaf064b?s=96&d=mm&r=g\",\"contentUrl\":\"https:\\\/\\\/secure.gravatar.com\\\/avatar\\\/2e833cc9ab99e6bca46266d4ad9030d308346ff7ff0b6b955c29b74cafaf064b?s=96&d=mm&r=g\",\"caption\":\"Marian Morosan\"},\"description\":\"Copiilor no\u015ftri li se preg\u0103te\u015fte, incon\u015ftient, o lume de joben ciuruit, din care niciodat\u0103 nu iese iepura\u015ful. Doar panglicile politicilor sociale roase de moliile cu \u015ftaif din ultimele decenii. Suntem oropsi\u0163i, suntem dispera\u0163i, manipula\u0163i p\u00e2n\u0103 acolo \u00eenc\u00e2t ne bucur\u0103m s\u0103 fim masa de manevr\u0103 a unora \u015fi s\u0103 sus\u0163inem c\u0103 a\u015fa e normal. Acum \u00eel \u00een\u0163eleg pe Cioran, dar \u00eel \u00een\u0163eleg mai bine \u015fi pe Preda. \u015ei m\u0103 g\u00e2ndesc iar, cu groaz\u0103, la copilul meu. Cel pu\u0163in eu nu \u00eemi doresc s\u0103 \u015ftiu c\u0103 micu\u0163ul meu va fi singur, cu sufletul descul\u0163, prin jungla mileniului III ! https:\\\/\\\/curierulsatelor.ro\\\/wp\\\/2019\\\/10\\\/16\\\/cu-sufletul-descult-prin-jungla-mileniului-iii-editorial\\\/\",\"sameAs\":[\"http:\\\/\\\/admin\"],\"url\":\"https:\\\/\\\/curierulsatelor.ro\\\/wp\\\/author\\\/admin\\\/\"}]}<\/script>\n<!-- \/ Yoast SEO plugin. -->","yoast_head_json":{"title":"Senatorul C\u0103t\u0103lin Silegeanu: \u201eGuvernul Bolojan taie banii pentru investi\u021bii, condamn\u00e2nd Rom\u00e2nia la s\u0103r\u0103cie \u0219i subdezvoltare\u201d - Curierul Regional","robots":{"index":"index","follow":"follow","max-snippet":"max-snippet:-1","max-image-preview":"max-image-preview:large","max-video-preview":"max-video-preview:-1"},"canonical":"https:\/\/curierulsatelor.ro\/wp\/2025\/07\/21\/senatorul-catalin-silegeanu-guvernul-bolojan-taie-banii-pentru-investitii-condamnand-romania-la-saracie-si-subdezvoltare\/","og_locale":"ro_RO","og_type":"article","og_title":"Senatorul C\u0103t\u0103lin Silegeanu: \u201eGuvernul Bolojan taie banii pentru investi\u021bii, condamn\u00e2nd Rom\u00e2nia la s\u0103r\u0103cie \u0219i subdezvoltare\u201d - Curierul Regional","og_description":"Decizia recent\u0103 a Guvernului condus de Ilie Bolojan de a bloca finan\u021barea proiectelor de investi\u021bii...","og_url":"https:\/\/curierulsatelor.ro\/wp\/2025\/07\/21\/senatorul-catalin-silegeanu-guvernul-bolojan-taie-banii-pentru-investitii-condamnand-romania-la-saracie-si-subdezvoltare\/","og_site_name":"Curierul Regional","article_published_time":"2025-07-21T17:32:28+00:00","article_modified_time":"2025-07-21T17:32:29+00:00","og_image":[{"width":2560,"height":1920,"url":"https:\/\/curierulsatelor.ro\/wp\/wp-content\/uploads\/2025\/07\/IMG-20250721-WA0014-scaled.jpg","type":"image\/jpeg"}],"author":"Marian Morosan","twitter_card":"summary_large_image","twitter_misc":{"Scris de":"Marian Morosan","Timp estimat pentru citire":"2 minute"},"schema":{"@context":"https:\/\/schema.org","@graph":[{"@type":"Article","@id":"https:\/\/curierulsatelor.ro\/wp\/2025\/07\/21\/senatorul-catalin-silegeanu-guvernul-bolojan-taie-banii-pentru-investitii-condamnand-romania-la-saracie-si-subdezvoltare\/#article","isPartOf":{"@id":"https:\/\/curierulsatelor.ro\/wp\/2025\/07\/21\/senatorul-catalin-silegeanu-guvernul-bolojan-taie-banii-pentru-investitii-condamnand-romania-la-saracie-si-subdezvoltare\/"},"author":{"name":"Marian Morosan","@id":"https:\/\/curierulsatelor.ro\/wp\/#\/schema\/person\/6f6b28a030e15d619a82894773d6e7b9"},"headline":"Senatorul C\u0103t\u0103lin Silegeanu: \u201eGuvernul Bolojan taie banii pentru investi\u021bii, condamn\u00e2nd Rom\u00e2nia la s\u0103r\u0103cie \u0219i subdezvoltare\u201d","datePublished":"2025-07-21T17:32:28+00:00","dateModified":"2025-07-21T17:32:29+00:00","mainEntityOfPage":{"@id":"https:\/\/curierulsatelor.ro\/wp\/2025\/07\/21\/senatorul-catalin-silegeanu-guvernul-bolojan-taie-banii-pentru-investitii-condamnand-romania-la-saracie-si-subdezvoltare\/"},"wordCount":377,"commentCount":0,"publisher":{"@id":"https:\/\/curierulsatelor.ro\/wp\/#organization"},"image":{"@id":"https:\/\/curierulsatelor.ro\/wp\/2025\/07\/21\/senatorul-catalin-silegeanu-guvernul-bolojan-taie-banii-pentru-investitii-condamnand-romania-la-saracie-si-subdezvoltare\/#primaryimage"},"thumbnailUrl":"https:\/\/curierulsatelor.ro\/wp\/wp-content\/uploads\/2025\/07\/IMG-20250721-WA0014-scaled.jpg","articleSection":["AUR Botosani","Comunicate"],"inLanguage":"ro-RO","potentialAction":[{"@type":"CommentAction","name":"Comment","target":["https:\/\/curierulsatelor.ro\/wp\/2025\/07\/21\/senatorul-catalin-silegeanu-guvernul-bolojan-taie-banii-pentru-investitii-condamnand-romania-la-saracie-si-subdezvoltare\/#respond"]}]},{"@type":"WebPage","@id":"https:\/\/curierulsatelor.ro\/wp\/2025\/07\/21\/senatorul-catalin-silegeanu-guvernul-bolojan-taie-banii-pentru-investitii-condamnand-romania-la-saracie-si-subdezvoltare\/","url":"https:\/\/curierulsatelor.ro\/wp\/2025\/07\/21\/senatorul-catalin-silegeanu-guvernul-bolojan-taie-banii-pentru-investitii-condamnand-romania-la-saracie-si-subdezvoltare\/","name":"Senatorul C\u0103t\u0103lin Silegeanu: \u201eGuvernul Bolojan taie banii pentru investi\u021bii, condamn\u00e2nd Rom\u00e2nia la s\u0103r\u0103cie \u0219i subdezvoltare\u201d - Curierul Regional","isPartOf":{"@id":"https:\/\/curierulsatelor.ro\/wp\/#website"},"primaryImageOfPage":{"@id":"https:\/\/curierulsatelor.ro\/wp\/2025\/07\/21\/senatorul-catalin-silegeanu-guvernul-bolojan-taie-banii-pentru-investitii-condamnand-romania-la-saracie-si-subdezvoltare\/#primaryimage"},"image":{"@id":"https:\/\/curierulsatelor.ro\/wp\/2025\/07\/21\/senatorul-catalin-silegeanu-guvernul-bolojan-taie-banii-pentru-investitii-condamnand-romania-la-saracie-si-subdezvoltare\/#primaryimage"},"thumbnailUrl":"https:\/\/curierulsatelor.ro\/wp\/wp-content\/uploads\/2025\/07\/IMG-20250721-WA0014-scaled.jpg","datePublished":"2025-07-21T17:32:28+00:00","dateModified":"2025-07-21T17:32:29+00:00","breadcrumb":{"@id":"https:\/\/curierulsatelor.ro\/wp\/2025\/07\/21\/senatorul-catalin-silegeanu-guvernul-bolojan-taie-banii-pentru-investitii-condamnand-romania-la-saracie-si-subdezvoltare\/#breadcrumb"},"inLanguage":"ro-RO","potentialAction":[{"@type":"ReadAction","target":["https:\/\/curierulsatelor.ro\/wp\/2025\/07\/21\/senatorul-catalin-silegeanu-guvernul-bolojan-taie-banii-pentru-investitii-condamnand-romania-la-saracie-si-subdezvoltare\/"]}]},{"@type":"ImageObject","inLanguage":"ro-RO","@id":"https:\/\/curierulsatelor.ro\/wp\/2025\/07\/21\/senatorul-catalin-silegeanu-guvernul-bolojan-taie-banii-pentru-investitii-condamnand-romania-la-saracie-si-subdezvoltare\/#primaryimage","url":"https:\/\/curierulsatelor.ro\/wp\/wp-content\/uploads\/2025\/07\/IMG-20250721-WA0014-scaled.jpg","contentUrl":"https:\/\/curierulsatelor.ro\/wp\/wp-content\/uploads\/2025\/07\/IMG-20250721-WA0014-scaled.jpg","width":2560,"height":1920},{"@type":"BreadcrumbList","@id":"https:\/\/curierulsatelor.ro\/wp\/2025\/07\/21\/senatorul-catalin-silegeanu-guvernul-bolojan-taie-banii-pentru-investitii-condamnand-romania-la-saracie-si-subdezvoltare\/#breadcrumb","itemListElement":[{"@type":"ListItem","position":1,"name":"Prima pagin\u0103","item":"https:\/\/curierulsatelor.ro\/wp\/"},{"@type":"ListItem","position":2,"name":"Senatorul C\u0103t\u0103lin Silegeanu: \u201eGuvernul Bolojan taie banii pentru investi\u021bii, condamn\u00e2nd Rom\u00e2nia la s\u0103r\u0103cie \u0219i subdezvoltare\u201d"}]},{"@type":"WebSite","@id":"https:\/\/curierulsatelor.ro\/wp\/#website","url":"https:\/\/curierulsatelor.ro\/wp\/","name":"Curierul Regional","description":"","publisher":{"@id":"https:\/\/curierulsatelor.ro\/wp\/#organization"},"potentialAction":[{"@type":"SearchAction","target":{"@type":"EntryPoint","urlTemplate":"https:\/\/curierulsatelor.ro\/wp\/?s={search_term_string}"},"query-input":{"@type":"PropertyValueSpecification","valueRequired":true,"valueName":"search_term_string"}}],"inLanguage":"ro-RO"},{"@type":"Organization","@id":"https:\/\/curierulsatelor.ro\/wp\/#organization","name":"Curierul Regional","url":"https:\/\/curierulsatelor.ro\/wp\/","logo":{"@type":"ImageObject","inLanguage":"ro-RO","@id":"https:\/\/curierulsatelor.ro\/wp\/#\/schema\/logo\/image\/","url":"https:\/\/curierulsatelor.ro\/wp\/wp-content\/uploads\/2020\/01\/Curierul-Regional-si-Curierul-satelor-logo-header.png","contentUrl":"https:\/\/curierulsatelor.ro\/wp\/wp-content\/uploads\/2020\/01\/Curierul-Regional-si-Curierul-satelor-logo-header.png","width":2943,"height":685,"caption":"Curierul Regional"},"image":{"@id":"https:\/\/curierulsatelor.ro\/wp\/#\/schema\/logo\/image\/"}},{"@type":"Person","@id":"https:\/\/curierulsatelor.ro\/wp\/#\/schema\/person\/6f6b28a030e15d619a82894773d6e7b9","name":"Marian Morosan","image":{"@type":"ImageObject","inLanguage":"ro-RO","@id":"https:\/\/secure.gravatar.com\/avatar\/2e833cc9ab99e6bca46266d4ad9030d308346ff7ff0b6b955c29b74cafaf064b?s=96&d=mm&r=g","url":"https:\/\/secure.gravatar.com\/avatar\/2e833cc9ab99e6bca46266d4ad9030d308346ff7ff0b6b955c29b74cafaf064b?s=96&d=mm&r=g","contentUrl":"https:\/\/secure.gravatar.com\/avatar\/2e833cc9ab99e6bca46266d4ad9030d308346ff7ff0b6b955c29b74cafaf064b?s=96&d=mm&r=g","caption":"Marian Morosan"},"description":"Copiilor no\u015ftri li se preg\u0103te\u015fte, incon\u015ftient, o lume de joben ciuruit, din care niciodat\u0103 nu iese iepura\u015ful. Doar panglicile politicilor sociale roase de moliile cu \u015ftaif din ultimele decenii. Suntem oropsi\u0163i, suntem dispera\u0163i, manipula\u0163i p\u00e2n\u0103 acolo \u00eenc\u00e2t ne bucur\u0103m s\u0103 fim masa de manevr\u0103 a unora \u015fi s\u0103 sus\u0163inem c\u0103 a\u015fa e normal. Acum \u00eel \u00een\u0163eleg pe Cioran, dar \u00eel \u00een\u0163eleg mai bine \u015fi pe Preda. \u015ei m\u0103 g\u00e2ndesc iar, cu groaz\u0103, la copilul meu. Cel pu\u0163in eu nu \u00eemi doresc s\u0103 \u015ftiu c\u0103 micu\u0163ul meu va fi singur, cu sufletul descul\u0163, prin jungla mileniului III ! https:\/\/curierulsatelor.ro\/wp\/2019\/10\/16\/cu-sufletul-descult-prin-jungla-mileniului-iii-editorial\/","sameAs":["http:\/\/admin"],"url":"https:\/\/curierulsatelor.ro\/wp\/author\/admin\/"}]}},"_links":{"self":[{"href":"https:\/\/curierulsatelor.ro\/wp\/wp-json\/wp\/v2\/posts\/16012","targetHints":{"allow":["GET"]}}],"collection":[{"href":"https:\/\/curierulsatelor.ro\/wp\/wp-json\/wp\/v2\/posts"}],"about":[{"href":"https:\/\/curierulsatelor.ro\/wp\/wp-json\/wp\/v2\/types\/post"}],"author":[{"embeddable":true,"href":"https:\/\/curierulsatelor.ro\/wp\/wp-json\/wp\/v2\/users\/1"}],"replies":[{"embeddable":true,"href":"https:\/\/curierulsatelor.ro\/wp\/wp-json\/wp\/v2\/comments?post=16012"}],"version-history":[{"count":1,"href":"https:\/\/curierulsatelor.ro\/wp\/wp-json\/wp\/v2\/posts\/16012\/revisions"}],"predecessor-version":[{"id":16014,"href":"https:\/\/curierulsatelor.ro\/wp\/wp-json\/wp\/v2\/posts\/16012\/revisions\/16014"}],"wp:featuredmedia":[{"embeddable":true,"href":"https:\/\/curierulsatelor.ro\/wp\/wp-json\/wp\/v2\/media\/16013"}],"wp:attachment":[{"href":"https:\/\/curierulsatelor.ro\/wp\/wp-json\/wp\/v2\/media?parent=16012"}],"wp:term":[{"taxonomy":"category","embeddable":true,"href":"https:\/\/curierulsatelor.ro\/wp\/wp-json\/wp\/v2\/categories?post=16012"},{"taxonomy":"post_tag","embeddable":true,"href":"https:\/\/curierulsatelor.ro\/wp\/wp-json\/wp\/v2\/tags?post=16012"}],"curies":[{"name":"wp","href":"https:\/\/api.w.org\/{rel}","templated":true}]}}