{"id":1625,"date":"2020-03-06T16:26:10","date_gmt":"2020-03-06T16:26:10","guid":{"rendered":"https:\/\/curierulsatelor.ro\/wp\/?p=1625"},"modified":"2020-03-06T16:26:16","modified_gmt":"2020-03-06T16:26:16","slug":"guvernul-de-cati-pnl-nu-va-fi-votat-de-psd","status":"publish","type":"post","link":"https:\/\/curierulsatelor.ro\/wp\/2020\/03\/06\/guvernul-de-cati-pnl-nu-va-fi-votat-de-psd\/","title":{"rendered":"Guvernul de \u201dC\u00e2\u021bi\u201d PNL nu va fi votat de PSD"},"content":{"rendered":"\n<p>\u201eNu vot\u0103m un guvern PNL de \u201ec\u00ee\u021bi\u201d care recunoa\u0219te c\u0103 nu vrea s\u0103 dubleze aloca\u021biile \u0219i pentru care s\u0103n\u0103tatea nu e prioritate\u201d<\/p>\n\n\n\n<p>Pre\u0219edintele PSD Boto\u0219ani Doina Federovici a declarat c\u0103 parlamentarii social-democra\u021bi boto\u0219\u0103neni vor fi prezen\u021bi \u00een sala de Plen la votul de \u00eenvestitur\u0103 al Guvernului C\u00ee\u021bu, dar vor vota \u00eempotriva acestuia.<\/p>\n\n\n\n<p>\u201e<strong><em>Nu vom vota un Guvern PNL plin de \u201eC\u00ee\u021bi\u201d care a recunoscut c\u0103 nu vrea s\u0103 dubleze aloca\u021biile pentru copiii din Rom\u00e2nia \u0219i pentru care s\u0103n\u0103tatea \u0219i educa\u021bia nu sunt priorit\u0103\u021bi. Nu avem cum s\u0103 sus\u021binem adun\u0103tura de mini\u0219trii a lui Orban re\u0219apat\u0103 de C\u00ee\u021bu! R\u0103m\u00e2nem consecven\u021bi \u0219i vot\u0103m \u00eempotriva unui guvern liberal care a luat m\u0103suri \u00eempotriva rom\u00e2nilor! PNL \u00ee\u0219i bate joc de rom\u00e2ni pentru c\u0103 a venit \u00een Parlament cu aceia\u0219i mini\u0219trii care nu au f\u0103cut nimic altceva dec\u00e2t s\u0103 anuleze, s\u0103 blocheze \u0219i s\u0103 taie toate beneficiile ob\u021binute de rom\u00e2ni \u00een guvern\u0103rile PSD<\/em><\/strong>\u201d, a ar\u0103tat Doina Federovici, pre\u0219edintele PSD Boto\u0219ani<\/p>\n\n\n\n<p>Declara\u021biile senatorului C\u00ee\u0163u \u00eenainte de a ajunge ministrul Finan\u021belor Publice \u0219i premier desemnat: \u201e<strong><em>S\u0103 termin\u0103m cu propaganda! Prioritatea zero trebuie s\u0103 fie sectorul privat. Nu educa\u0163ia, nu s\u0103n\u0103tatea.<\/em><\/strong>\u201d<\/p>\n\n\n\n<p>\u201e<strong><em>Liberalii \u00ee\u0219i schimb\u0103 premierul, dar nu \u0219i n\u0103ravurile! Zero major\u0103ri de aloca\u021bii \u0219i pensii \u00een programul de guvernare a lui C\u00ee\u021bu! Premierul desemnat Florin C\u00ee\u021bu nu a f\u0103cut nicio men\u021biune \u00een Programul de Guvernare cu privire la major\u0103rile de aloca\u021bii \u0219i pensii. Unitatea de m\u0103sur\u0103 a incompeten\u021bei liberale se m\u0103soar\u0103 \u00een \u201eC\u00ce\u021aI\u201d! C\u00ee\u021bul premier va \u00eengropa definitiv Rom\u00e2nia! Vom r\u0103m\u00e2ne cu selfie-uri \u0219i datorii!<\/em><\/strong>\u201d, a declarat pre\u0219edintele PSD Boto\u0219ani.<\/p>\n\n\n\n<p>Rom\u00e2nia are nevoie de stabilitate, de siguran\u021b\u0103, de m\u0103suri ferme pentru protejarea s\u0103n\u0103t\u0103\u021bii rom\u00e2nilor, nu de aventuri politice \u0219i de combina\u021bii politicianiste ca s\u0103 ajung\u0103 PNL la putere!<\/p>\n\n\n\n<p>Liberalii au intrat deja \u00een picaj \u0219i se vor duce la vale pentru c\u0103 au min\u021bit rom\u00e2nii \u0219i i-au am\u0103git! Promisiuni multe! Zero realiz\u0103ri! Rom\u00e2nii au avut ocazia s\u0103 fac\u0103 compara\u021bie \u00eentre guvern\u0103rile PSD \u0219i PNL \u0219i au realizat c\u0103 toate beneficiile c\u00e2\u0219tigate din 2016 p\u00e2n\u0103 \u00een toamna lui 2019 au fost anulate, t\u0103iate, blocate de liberali. PNL nu mai poate da vina pe greau mo\u0219tenire a guvernelor PSD, dup\u0103 ce au fost 4 luni la guvernare \u0219i \u0219i-au asumat \u00een Parlament un buget construit \u00eempreun\u0103 cu mentorul lor, Klaus Iohannis!<\/p>\n\n\n\n<p>\u201e<strong><em>Premierul lui Iohannis a fost prins cu m\u00e2\u021ba-n sac! C\u00ee\u021bu, zis Pinocchio nu \u0219tie c\u0103 minciuna are picioare scurte! Prima dat\u0103 C\u00ee\u021bul-Pinocchio a fost prins cu minciuna de BNR c\u00e2nd a dat atacul speculativ la moneda na\u021bional\u0103! De\u0219i Mugur Is\u0103rescu a cerut b\u0103ncilor s\u0103 nu-l mai angajeze pe C\u00ee\u021bul-Pinocchio, pre\u0219edintele Iohannis l-a pus ministru la Finan\u021be \u0219i apoi l-a desemnat prim-ministru! A doua oar\u0103, C\u00ee\u021bul-Pinocchio a min\u021bit rom\u00e2nii c\u0103 totul e \u00een regul\u0103 la Uniunea European\u0103 \u0219i nu e nicio problem\u0103 cu deficitul crescut artificial de PNL, imediat cum s-a instalat la putere! C\u00ee\u021b, c\u00ee\u021b, c\u00e2\u021b, demisia de onoare! C\u00ee\u021b, c\u00ee\u021b, c\u00e2\u021b, gata joaca cu finan\u021bele rom\u00e2nilor!<\/em><\/strong>\u201d, a completat liderul PSD Boto\u0219ani.<\/p>\n\n\n\n<p>Comunicat de pres\u0103 PSD Boto\u0219ani<\/p>\n","protected":false},"excerpt":{"rendered":"<p>\u201eNu vot\u0103m un guvern PNL de \u201ec\u00ee\u021bi\u201d care recunoa\u0219te c\u0103 nu vrea s\u0103 dubleze aloca\u021biile&#8230;<\/p>\n","protected":false},"author":1,"featured_media":1298,"comment_status":"open","ping_status":"open","sticky":false,"template":"","format":"standard","meta":{"footnotes":""},"categories":[8],"tags":[],"class_list":["post-1625","post","type-post","status-publish","format-standard","has-post-thumbnail","hentry","category-comunicate"],"yoast_head":"<!-- This site is optimized with the Yoast SEO plugin v27.4 - https:\/\/yoast.com\/product\/yoast-seo-wordpress\/ -->\n<title>Guvernul de \u201dC\u00e2\u021bi\u201d PNL nu va fi votat de PSD - Curierul Regional<\/title>\n<meta name=\"robots\" content=\"index, follow, max-snippet:-1, max-image-preview:large, max-video-preview:-1\" \/>\n<link rel=\"canonical\" href=\"https:\/\/curierulsatelor.ro\/wp\/2020\/03\/06\/guvernul-de-cati-pnl-nu-va-fi-votat-de-psd\/\" \/>\n<meta property=\"og:locale\" content=\"ro_RO\" \/>\n<meta property=\"og:type\" content=\"article\" \/>\n<meta property=\"og:title\" content=\"Guvernul de \u201dC\u00e2\u021bi\u201d PNL nu va fi votat de PSD - Curierul Regional\" \/>\n<meta property=\"og:description\" content=\"\u201eNu vot\u0103m un guvern PNL de \u201ec\u00ee\u021bi\u201d care recunoa\u0219te c\u0103 nu vrea s\u0103 dubleze aloca\u021biile...\" \/>\n<meta property=\"og:url\" content=\"https:\/\/curierulsatelor.ro\/wp\/2020\/03\/06\/guvernul-de-cati-pnl-nu-va-fi-votat-de-psd\/\" \/>\n<meta property=\"og:site_name\" content=\"Curierul Regional\" \/>\n<meta property=\"article:published_time\" content=\"2020-03-06T16:26:10+00:00\" \/>\n<meta property=\"article:modified_time\" content=\"2020-03-06T16:26:16+00:00\" \/>\n<meta property=\"og:image\" content=\"https:\/\/curierulsatelor.ro\/wp\/wp-content\/uploads\/2020\/01\/Doina-Federovici-senator-PSD-Botosani-Curierul-Regional-1024x732.jpg\" \/>\n\t<meta property=\"og:image:width\" content=\"1024\" \/>\n\t<meta property=\"og:image:height\" content=\"732\" \/>\n\t<meta property=\"og:image:type\" content=\"image\/jpeg\" \/>\n<meta name=\"author\" content=\"Marian Morosan\" \/>\n<meta name=\"twitter:card\" content=\"summary_large_image\" \/>\n<meta name=\"twitter:label1\" content=\"Scris de\" \/>\n\t<meta name=\"twitter:data1\" content=\"Marian Morosan\" \/>\n\t<meta name=\"twitter:label2\" content=\"Timp estimat pentru citire\" \/>\n\t<meta name=\"twitter:data2\" content=\"3 minute\" \/>\n<script type=\"application\/ld+json\" class=\"yoast-schema-graph\">{\"@context\":\"https:\\\/\\\/schema.org\",\"@graph\":[{\"@type\":\"Article\",\"@id\":\"https:\\\/\\\/curierulsatelor.ro\\\/wp\\\/2020\\\/03\\\/06\\\/guvernul-de-cati-pnl-nu-va-fi-votat-de-psd\\\/#article\",\"isPartOf\":{\"@id\":\"https:\\\/\\\/curierulsatelor.ro\\\/wp\\\/2020\\\/03\\\/06\\\/guvernul-de-cati-pnl-nu-va-fi-votat-de-psd\\\/\"},\"author\":{\"name\":\"Marian Morosan\",\"@id\":\"https:\\\/\\\/curierulsatelor.ro\\\/wp\\\/#\\\/schema\\\/person\\\/6f6b28a030e15d619a82894773d6e7b9\"},\"headline\":\"Guvernul de \u201dC\u00e2\u021bi\u201d PNL nu va fi votat de PSD\",\"datePublished\":\"2020-03-06T16:26:10+00:00\",\"dateModified\":\"2020-03-06T16:26:16+00:00\",\"mainEntityOfPage\":{\"@id\":\"https:\\\/\\\/curierulsatelor.ro\\\/wp\\\/2020\\\/03\\\/06\\\/guvernul-de-cati-pnl-nu-va-fi-votat-de-psd\\\/\"},\"wordCount\":599,\"commentCount\":0,\"publisher\":{\"@id\":\"https:\\\/\\\/curierulsatelor.ro\\\/wp\\\/#organization\"},\"image\":{\"@id\":\"https:\\\/\\\/curierulsatelor.ro\\\/wp\\\/2020\\\/03\\\/06\\\/guvernul-de-cati-pnl-nu-va-fi-votat-de-psd\\\/#primaryimage\"},\"thumbnailUrl\":\"https:\\\/\\\/curierulsatelor.ro\\\/wp\\\/wp-content\\\/uploads\\\/2020\\\/01\\\/Doina-Federovici-senator-PSD-Botosani-Curierul-Regional.jpg\",\"articleSection\":[\"Comunicate\"],\"inLanguage\":\"ro-RO\",\"potentialAction\":[{\"@type\":\"CommentAction\",\"name\":\"Comment\",\"target\":[\"https:\\\/\\\/curierulsatelor.ro\\\/wp\\\/2020\\\/03\\\/06\\\/guvernul-de-cati-pnl-nu-va-fi-votat-de-psd\\\/#respond\"]}]},{\"@type\":\"WebPage\",\"@id\":\"https:\\\/\\\/curierulsatelor.ro\\\/wp\\\/2020\\\/03\\\/06\\\/guvernul-de-cati-pnl-nu-va-fi-votat-de-psd\\\/\",\"url\":\"https:\\\/\\\/curierulsatelor.ro\\\/wp\\\/2020\\\/03\\\/06\\\/guvernul-de-cati-pnl-nu-va-fi-votat-de-psd\\\/\",\"name\":\"Guvernul de \u201dC\u00e2\u021bi\u201d PNL nu va fi votat de PSD - Curierul Regional\",\"isPartOf\":{\"@id\":\"https:\\\/\\\/curierulsatelor.ro\\\/wp\\\/#website\"},\"primaryImageOfPage\":{\"@id\":\"https:\\\/\\\/curierulsatelor.ro\\\/wp\\\/2020\\\/03\\\/06\\\/guvernul-de-cati-pnl-nu-va-fi-votat-de-psd\\\/#primaryimage\"},\"image\":{\"@id\":\"https:\\\/\\\/curierulsatelor.ro\\\/wp\\\/2020\\\/03\\\/06\\\/guvernul-de-cati-pnl-nu-va-fi-votat-de-psd\\\/#primaryimage\"},\"thumbnailUrl\":\"https:\\\/\\\/curierulsatelor.ro\\\/wp\\\/wp-content\\\/uploads\\\/2020\\\/01\\\/Doina-Federovici-senator-PSD-Botosani-Curierul-Regional.jpg\",\"datePublished\":\"2020-03-06T16:26:10+00:00\",\"dateModified\":\"2020-03-06T16:26:16+00:00\",\"breadcrumb\":{\"@id\":\"https:\\\/\\\/curierulsatelor.ro\\\/wp\\\/2020\\\/03\\\/06\\\/guvernul-de-cati-pnl-nu-va-fi-votat-de-psd\\\/#breadcrumb\"},\"inLanguage\":\"ro-RO\",\"potentialAction\":[{\"@type\":\"ReadAction\",\"target\":[\"https:\\\/\\\/curierulsatelor.ro\\\/wp\\\/2020\\\/03\\\/06\\\/guvernul-de-cati-pnl-nu-va-fi-votat-de-psd\\\/\"]}]},{\"@type\":\"ImageObject\",\"inLanguage\":\"ro-RO\",\"@id\":\"https:\\\/\\\/curierulsatelor.ro\\\/wp\\\/2020\\\/03\\\/06\\\/guvernul-de-cati-pnl-nu-va-fi-votat-de-psd\\\/#primaryimage\",\"url\":\"https:\\\/\\\/curierulsatelor.ro\\\/wp\\\/wp-content\\\/uploads\\\/2020\\\/01\\\/Doina-Federovici-senator-PSD-Botosani-Curierul-Regional.jpg\",\"contentUrl\":\"https:\\\/\\\/curierulsatelor.ro\\\/wp\\\/wp-content\\\/uploads\\\/2020\\\/01\\\/Doina-Federovici-senator-PSD-Botosani-Curierul-Regional.jpg\",\"width\":3456,\"height\":2472},{\"@type\":\"BreadcrumbList\",\"@id\":\"https:\\\/\\\/curierulsatelor.ro\\\/wp\\\/2020\\\/03\\\/06\\\/guvernul-de-cati-pnl-nu-va-fi-votat-de-psd\\\/#breadcrumb\",\"itemListElement\":[{\"@type\":\"ListItem\",\"position\":1,\"name\":\"Prima pagin\u0103\",\"item\":\"https:\\\/\\\/curierulsatelor.ro\\\/wp\\\/\"},{\"@type\":\"ListItem\",\"position\":2,\"name\":\"Guvernul de \u201dC\u00e2\u021bi\u201d PNL nu va fi votat de PSD\"}]},{\"@type\":\"WebSite\",\"@id\":\"https:\\\/\\\/curierulsatelor.ro\\\/wp\\\/#website\",\"url\":\"https:\\\/\\\/curierulsatelor.ro\\\/wp\\\/\",\"name\":\"Curierul Regional\",\"description\":\"\",\"publisher\":{\"@id\":\"https:\\\/\\\/curierulsatelor.ro\\\/wp\\\/#organization\"},\"potentialAction\":[{\"@type\":\"SearchAction\",\"target\":{\"@type\":\"EntryPoint\",\"urlTemplate\":\"https:\\\/\\\/curierulsatelor.ro\\\/wp\\\/?s={search_term_string}\"},\"query-input\":{\"@type\":\"PropertyValueSpecification\",\"valueRequired\":true,\"valueName\":\"search_term_string\"}}],\"inLanguage\":\"ro-RO\"},{\"@type\":\"Organization\",\"@id\":\"https:\\\/\\\/curierulsatelor.ro\\\/wp\\\/#organization\",\"name\":\"Curierul Regional\",\"url\":\"https:\\\/\\\/curierulsatelor.ro\\\/wp\\\/\",\"logo\":{\"@type\":\"ImageObject\",\"inLanguage\":\"ro-RO\",\"@id\":\"https:\\\/\\\/curierulsatelor.ro\\\/wp\\\/#\\\/schema\\\/logo\\\/image\\\/\",\"url\":\"https:\\\/\\\/curierulsatelor.ro\\\/wp\\\/wp-content\\\/uploads\\\/2020\\\/01\\\/Curierul-Regional-si-Curierul-satelor-logo-header.png\",\"contentUrl\":\"https:\\\/\\\/curierulsatelor.ro\\\/wp\\\/wp-content\\\/uploads\\\/2020\\\/01\\\/Curierul-Regional-si-Curierul-satelor-logo-header.png\",\"width\":2943,\"height\":685,\"caption\":\"Curierul Regional\"},\"image\":{\"@id\":\"https:\\\/\\\/curierulsatelor.ro\\\/wp\\\/#\\\/schema\\\/logo\\\/image\\\/\"}},{\"@type\":\"Person\",\"@id\":\"https:\\\/\\\/curierulsatelor.ro\\\/wp\\\/#\\\/schema\\\/person\\\/6f6b28a030e15d619a82894773d6e7b9\",\"name\":\"Marian Morosan\",\"image\":{\"@type\":\"ImageObject\",\"inLanguage\":\"ro-RO\",\"@id\":\"https:\\\/\\\/secure.gravatar.com\\\/avatar\\\/2e833cc9ab99e6bca46266d4ad9030d308346ff7ff0b6b955c29b74cafaf064b?s=96&d=mm&r=g\",\"url\":\"https:\\\/\\\/secure.gravatar.com\\\/avatar\\\/2e833cc9ab99e6bca46266d4ad9030d308346ff7ff0b6b955c29b74cafaf064b?s=96&d=mm&r=g\",\"contentUrl\":\"https:\\\/\\\/secure.gravatar.com\\\/avatar\\\/2e833cc9ab99e6bca46266d4ad9030d308346ff7ff0b6b955c29b74cafaf064b?s=96&d=mm&r=g\",\"caption\":\"Marian Morosan\"},\"description\":\"Copiilor no\u015ftri li se preg\u0103te\u015fte, incon\u015ftient, o lume de joben ciuruit, din care niciodat\u0103 nu iese iepura\u015ful. Doar panglicile politicilor sociale roase de moliile cu \u015ftaif din ultimele decenii. Suntem oropsi\u0163i, suntem dispera\u0163i, manipula\u0163i p\u00e2n\u0103 acolo \u00eenc\u00e2t ne bucur\u0103m s\u0103 fim masa de manevr\u0103 a unora \u015fi s\u0103 sus\u0163inem c\u0103 a\u015fa e normal. Acum \u00eel \u00een\u0163eleg pe Cioran, dar \u00eel \u00een\u0163eleg mai bine \u015fi pe Preda. \u015ei m\u0103 g\u00e2ndesc iar, cu groaz\u0103, la copilul meu. Cel pu\u0163in eu nu \u00eemi doresc s\u0103 \u015ftiu c\u0103 micu\u0163ul meu va fi singur, cu sufletul descul\u0163, prin jungla mileniului III ! https:\\\/\\\/curierulsatelor.ro\\\/wp\\\/2019\\\/10\\\/16\\\/cu-sufletul-descult-prin-jungla-mileniului-iii-editorial\\\/\",\"sameAs\":[\"http:\\\/\\\/admin\"],\"url\":\"https:\\\/\\\/curierulsatelor.ro\\\/wp\\\/author\\\/admin\\\/\"}]}<\/script>\n<!-- \/ Yoast SEO plugin. -->","yoast_head_json":{"title":"Guvernul de \u201dC\u00e2\u021bi\u201d PNL nu va fi votat de PSD - Curierul Regional","robots":{"index":"index","follow":"follow","max-snippet":"max-snippet:-1","max-image-preview":"max-image-preview:large","max-video-preview":"max-video-preview:-1"},"canonical":"https:\/\/curierulsatelor.ro\/wp\/2020\/03\/06\/guvernul-de-cati-pnl-nu-va-fi-votat-de-psd\/","og_locale":"ro_RO","og_type":"article","og_title":"Guvernul de \u201dC\u00e2\u021bi\u201d PNL nu va fi votat de PSD - Curierul Regional","og_description":"\u201eNu vot\u0103m un guvern PNL de \u201ec\u00ee\u021bi\u201d care recunoa\u0219te c\u0103 nu vrea s\u0103 dubleze aloca\u021biile...","og_url":"https:\/\/curierulsatelor.ro\/wp\/2020\/03\/06\/guvernul-de-cati-pnl-nu-va-fi-votat-de-psd\/","og_site_name":"Curierul Regional","article_published_time":"2020-03-06T16:26:10+00:00","article_modified_time":"2020-03-06T16:26:16+00:00","og_image":[{"width":1024,"height":732,"url":"https:\/\/curierulsatelor.ro\/wp\/wp-content\/uploads\/2020\/01\/Doina-Federovici-senator-PSD-Botosani-Curierul-Regional-1024x732.jpg","type":"image\/jpeg"}],"author":"Marian Morosan","twitter_card":"summary_large_image","twitter_misc":{"Scris de":"Marian Morosan","Timp estimat pentru citire":"3 minute"},"schema":{"@context":"https:\/\/schema.org","@graph":[{"@type":"Article","@id":"https:\/\/curierulsatelor.ro\/wp\/2020\/03\/06\/guvernul-de-cati-pnl-nu-va-fi-votat-de-psd\/#article","isPartOf":{"@id":"https:\/\/curierulsatelor.ro\/wp\/2020\/03\/06\/guvernul-de-cati-pnl-nu-va-fi-votat-de-psd\/"},"author":{"name":"Marian Morosan","@id":"https:\/\/curierulsatelor.ro\/wp\/#\/schema\/person\/6f6b28a030e15d619a82894773d6e7b9"},"headline":"Guvernul de \u201dC\u00e2\u021bi\u201d PNL nu va fi votat de PSD","datePublished":"2020-03-06T16:26:10+00:00","dateModified":"2020-03-06T16:26:16+00:00","mainEntityOfPage":{"@id":"https:\/\/curierulsatelor.ro\/wp\/2020\/03\/06\/guvernul-de-cati-pnl-nu-va-fi-votat-de-psd\/"},"wordCount":599,"commentCount":0,"publisher":{"@id":"https:\/\/curierulsatelor.ro\/wp\/#organization"},"image":{"@id":"https:\/\/curierulsatelor.ro\/wp\/2020\/03\/06\/guvernul-de-cati-pnl-nu-va-fi-votat-de-psd\/#primaryimage"},"thumbnailUrl":"https:\/\/curierulsatelor.ro\/wp\/wp-content\/uploads\/2020\/01\/Doina-Federovici-senator-PSD-Botosani-Curierul-Regional.jpg","articleSection":["Comunicate"],"inLanguage":"ro-RO","potentialAction":[{"@type":"CommentAction","name":"Comment","target":["https:\/\/curierulsatelor.ro\/wp\/2020\/03\/06\/guvernul-de-cati-pnl-nu-va-fi-votat-de-psd\/#respond"]}]},{"@type":"WebPage","@id":"https:\/\/curierulsatelor.ro\/wp\/2020\/03\/06\/guvernul-de-cati-pnl-nu-va-fi-votat-de-psd\/","url":"https:\/\/curierulsatelor.ro\/wp\/2020\/03\/06\/guvernul-de-cati-pnl-nu-va-fi-votat-de-psd\/","name":"Guvernul de \u201dC\u00e2\u021bi\u201d PNL nu va fi votat de PSD - Curierul Regional","isPartOf":{"@id":"https:\/\/curierulsatelor.ro\/wp\/#website"},"primaryImageOfPage":{"@id":"https:\/\/curierulsatelor.ro\/wp\/2020\/03\/06\/guvernul-de-cati-pnl-nu-va-fi-votat-de-psd\/#primaryimage"},"image":{"@id":"https:\/\/curierulsatelor.ro\/wp\/2020\/03\/06\/guvernul-de-cati-pnl-nu-va-fi-votat-de-psd\/#primaryimage"},"thumbnailUrl":"https:\/\/curierulsatelor.ro\/wp\/wp-content\/uploads\/2020\/01\/Doina-Federovici-senator-PSD-Botosani-Curierul-Regional.jpg","datePublished":"2020-03-06T16:26:10+00:00","dateModified":"2020-03-06T16:26:16+00:00","breadcrumb":{"@id":"https:\/\/curierulsatelor.ro\/wp\/2020\/03\/06\/guvernul-de-cati-pnl-nu-va-fi-votat-de-psd\/#breadcrumb"},"inLanguage":"ro-RO","potentialAction":[{"@type":"ReadAction","target":["https:\/\/curierulsatelor.ro\/wp\/2020\/03\/06\/guvernul-de-cati-pnl-nu-va-fi-votat-de-psd\/"]}]},{"@type":"ImageObject","inLanguage":"ro-RO","@id":"https:\/\/curierulsatelor.ro\/wp\/2020\/03\/06\/guvernul-de-cati-pnl-nu-va-fi-votat-de-psd\/#primaryimage","url":"https:\/\/curierulsatelor.ro\/wp\/wp-content\/uploads\/2020\/01\/Doina-Federovici-senator-PSD-Botosani-Curierul-Regional.jpg","contentUrl":"https:\/\/curierulsatelor.ro\/wp\/wp-content\/uploads\/2020\/01\/Doina-Federovici-senator-PSD-Botosani-Curierul-Regional.jpg","width":3456,"height":2472},{"@type":"BreadcrumbList","@id":"https:\/\/curierulsatelor.ro\/wp\/2020\/03\/06\/guvernul-de-cati-pnl-nu-va-fi-votat-de-psd\/#breadcrumb","itemListElement":[{"@type":"ListItem","position":1,"name":"Prima pagin\u0103","item":"https:\/\/curierulsatelor.ro\/wp\/"},{"@type":"ListItem","position":2,"name":"Guvernul de \u201dC\u00e2\u021bi\u201d PNL nu va fi votat de PSD"}]},{"@type":"WebSite","@id":"https:\/\/curierulsatelor.ro\/wp\/#website","url":"https:\/\/curierulsatelor.ro\/wp\/","name":"Curierul Regional","description":"","publisher":{"@id":"https:\/\/curierulsatelor.ro\/wp\/#organization"},"potentialAction":[{"@type":"SearchAction","target":{"@type":"EntryPoint","urlTemplate":"https:\/\/curierulsatelor.ro\/wp\/?s={search_term_string}"},"query-input":{"@type":"PropertyValueSpecification","valueRequired":true,"valueName":"search_term_string"}}],"inLanguage":"ro-RO"},{"@type":"Organization","@id":"https:\/\/curierulsatelor.ro\/wp\/#organization","name":"Curierul Regional","url":"https:\/\/curierulsatelor.ro\/wp\/","logo":{"@type":"ImageObject","inLanguage":"ro-RO","@id":"https:\/\/curierulsatelor.ro\/wp\/#\/schema\/logo\/image\/","url":"https:\/\/curierulsatelor.ro\/wp\/wp-content\/uploads\/2020\/01\/Curierul-Regional-si-Curierul-satelor-logo-header.png","contentUrl":"https:\/\/curierulsatelor.ro\/wp\/wp-content\/uploads\/2020\/01\/Curierul-Regional-si-Curierul-satelor-logo-header.png","width":2943,"height":685,"caption":"Curierul Regional"},"image":{"@id":"https:\/\/curierulsatelor.ro\/wp\/#\/schema\/logo\/image\/"}},{"@type":"Person","@id":"https:\/\/curierulsatelor.ro\/wp\/#\/schema\/person\/6f6b28a030e15d619a82894773d6e7b9","name":"Marian Morosan","image":{"@type":"ImageObject","inLanguage":"ro-RO","@id":"https:\/\/secure.gravatar.com\/avatar\/2e833cc9ab99e6bca46266d4ad9030d308346ff7ff0b6b955c29b74cafaf064b?s=96&d=mm&r=g","url":"https:\/\/secure.gravatar.com\/avatar\/2e833cc9ab99e6bca46266d4ad9030d308346ff7ff0b6b955c29b74cafaf064b?s=96&d=mm&r=g","contentUrl":"https:\/\/secure.gravatar.com\/avatar\/2e833cc9ab99e6bca46266d4ad9030d308346ff7ff0b6b955c29b74cafaf064b?s=96&d=mm&r=g","caption":"Marian Morosan"},"description":"Copiilor no\u015ftri li se preg\u0103te\u015fte, incon\u015ftient, o lume de joben ciuruit, din care niciodat\u0103 nu iese iepura\u015ful. Doar panglicile politicilor sociale roase de moliile cu \u015ftaif din ultimele decenii. Suntem oropsi\u0163i, suntem dispera\u0163i, manipula\u0163i p\u00e2n\u0103 acolo \u00eenc\u00e2t ne bucur\u0103m s\u0103 fim masa de manevr\u0103 a unora \u015fi s\u0103 sus\u0163inem c\u0103 a\u015fa e normal. Acum \u00eel \u00een\u0163eleg pe Cioran, dar \u00eel \u00een\u0163eleg mai bine \u015fi pe Preda. \u015ei m\u0103 g\u00e2ndesc iar, cu groaz\u0103, la copilul meu. Cel pu\u0163in eu nu \u00eemi doresc s\u0103 \u015ftiu c\u0103 micu\u0163ul meu va fi singur, cu sufletul descul\u0163, prin jungla mileniului III ! https:\/\/curierulsatelor.ro\/wp\/2019\/10\/16\/cu-sufletul-descult-prin-jungla-mileniului-iii-editorial\/","sameAs":["http:\/\/admin"],"url":"https:\/\/curierulsatelor.ro\/wp\/author\/admin\/"}]}},"_links":{"self":[{"href":"https:\/\/curierulsatelor.ro\/wp\/wp-json\/wp\/v2\/posts\/1625","targetHints":{"allow":["GET"]}}],"collection":[{"href":"https:\/\/curierulsatelor.ro\/wp\/wp-json\/wp\/v2\/posts"}],"about":[{"href":"https:\/\/curierulsatelor.ro\/wp\/wp-json\/wp\/v2\/types\/post"}],"author":[{"embeddable":true,"href":"https:\/\/curierulsatelor.ro\/wp\/wp-json\/wp\/v2\/users\/1"}],"replies":[{"embeddable":true,"href":"https:\/\/curierulsatelor.ro\/wp\/wp-json\/wp\/v2\/comments?post=1625"}],"version-history":[{"count":1,"href":"https:\/\/curierulsatelor.ro\/wp\/wp-json\/wp\/v2\/posts\/1625\/revisions"}],"predecessor-version":[{"id":1626,"href":"https:\/\/curierulsatelor.ro\/wp\/wp-json\/wp\/v2\/posts\/1625\/revisions\/1626"}],"wp:featuredmedia":[{"embeddable":true,"href":"https:\/\/curierulsatelor.ro\/wp\/wp-json\/wp\/v2\/media\/1298"}],"wp:attachment":[{"href":"https:\/\/curierulsatelor.ro\/wp\/wp-json\/wp\/v2\/media?parent=1625"}],"wp:term":[{"taxonomy":"category","embeddable":true,"href":"https:\/\/curierulsatelor.ro\/wp\/wp-json\/wp\/v2\/categories?post=1625"},{"taxonomy":"post_tag","embeddable":true,"href":"https:\/\/curierulsatelor.ro\/wp\/wp-json\/wp\/v2\/tags?post=1625"}],"curies":[{"name":"wp","href":"https:\/\/api.w.org\/{rel}","templated":true}]}}