{"id":16337,"date":"2025-09-15T15:59:59","date_gmt":"2025-09-15T13:59:59","guid":{"rendered":"https:\/\/curierulsatelor.ro\/wp\/?p=16337"},"modified":"2025-09-15T16:00:01","modified_gmt":"2025-09-15T14:00:01","slug":"programul-psd-investitii-si-locuri-de-munca-pentru-dezvoltarea-moldovei","status":"publish","type":"post","link":"https:\/\/curierulsatelor.ro\/wp\/2025\/09\/15\/programul-psd-investitii-si-locuri-de-munca-pentru-dezvoltarea-moldovei\/","title":{"rendered":"Programul PSD \u2013 investi\u021bii \u0219i locuri de munc\u0103 pentru dezvoltarea Moldovei"},"content":{"rendered":"\n<p><br>Rom\u00e2nia are nevoie de investi\u021bii care s\u0103 creeze locuri de munc\u0103 \u0219i s\u0103 stimuleze dezvoltarea regional\u0103. Prin Programul Na\u021bional de Relansare propus de PSD, jude\u021bele din Moldova pot deveni un pol de cre\u0219tere economic\u0103 durabil\u0103.La capitolul \u201eInvesti\u021bii\u201d, Programul PSD propune opt m\u0103suri principale, menite s\u0103 aduc\u0103 valoare ad\u0103ugat\u0103 economiei, s\u0103 stimuleze produc\u021bia \u0219i s\u0103 creeze locuri de munc\u0103, cu impact direct asupra bugetului de stat. <\/p>\n\n\n\n<figure class=\"wp-block-image alignright size-large\"><img fetchpriority=\"high\" decoding=\"async\" width=\"1024\" height=\"576\" src=\"https:\/\/curierulsatelor.ro\/wp\/wp-content\/uploads\/2025\/09\/1.1-1024x576.jpeg\" alt=\"\" class=\"wp-image-16338\" srcset=\"https:\/\/curierulsatelor.ro\/wp\/wp-content\/uploads\/2025\/09\/1.1-1024x576.jpeg 1024w, https:\/\/curierulsatelor.ro\/wp\/wp-content\/uploads\/2025\/09\/1.1-300x169.jpeg 300w, https:\/\/curierulsatelor.ro\/wp\/wp-content\/uploads\/2025\/09\/1.1-768x432.jpeg 768w, https:\/\/curierulsatelor.ro\/wp\/wp-content\/uploads\/2025\/09\/1.1-1536x864.jpeg 1536w, https:\/\/curierulsatelor.ro\/wp\/wp-content\/uploads\/2025\/09\/1.1.jpeg 1600w\" sizes=\"(max-width: 1024px) 100vw, 1024px\" \/><\/figure>\n\n\n\n<p><strong><em>\u201eReducerea deficitului bugetar este necesar\u0103, dar nu suficient\u0103. Trebuie s\u0103 schimb\u0103m abordarea. Avem nevoie, \u00een paralel, \u0219i de m\u0103suri care s\u0103 creeze valoare economic\u0103, locuri de munc\u0103 \u0219i exporturi. Investi\u021biile reprezint\u0103 cheia dezvolt\u0103rii Moldovei \u0219i a jude\u021bului nostru. Programul PSD ofer\u0103 cadrul \u0219i instrumentele necesare pentru recuperarea decalajelor de c\u0103tre regiunile mai pu\u021bin dezvoltate\u201d,<\/em><\/strong>\u00a0a declarat Doina Federovici, pre\u0219edintele PSD Boto\u0219ani.<\/p>\n\n\n\n<figure class=\"wp-block-image alignright size-large\"><img decoding=\"async\" width=\"1024\" height=\"576\" src=\"https:\/\/curierulsatelor.ro\/wp\/wp-content\/uploads\/2025\/09\/1.2-1024x576.jpeg\" alt=\"\" class=\"wp-image-16339\" srcset=\"https:\/\/curierulsatelor.ro\/wp\/wp-content\/uploads\/2025\/09\/1.2-1024x576.jpeg 1024w, https:\/\/curierulsatelor.ro\/wp\/wp-content\/uploads\/2025\/09\/1.2-300x169.jpeg 300w, https:\/\/curierulsatelor.ro\/wp\/wp-content\/uploads\/2025\/09\/1.2-768x432.jpeg 768w, https:\/\/curierulsatelor.ro\/wp\/wp-content\/uploads\/2025\/09\/1.2-1536x864.jpeg 1536w, https:\/\/curierulsatelor.ro\/wp\/wp-content\/uploads\/2025\/09\/1.2.jpeg 1600w\" sizes=\"(max-width: 1024px) 100vw, 1024px\" \/><\/figure>\n\n\n\n<p>Programul PSD prevede dezvoltare echilibrat\u0103 \u00een \u00eentreaga \u021bar\u0103 astfel \u00eenc\u00e2t \u0219i zonele mai pu\u021bin dezvoltate s\u0103 devin\u0103 atractive pentru investitori. Stimularea investi\u021biilor de produc\u021bie devine prioritar\u0103 \u00een aceste zone.\u00a0<strong><em>\u201eSus\u021binerea investi\u021biilor de minim 5 milioane de euro \u00een activit\u0103\u021bi de produc\u021bie \u00een aceste zone va genera locuri de munc\u0103 \u0219i cre\u0219tere economic\u0103. Propunem o schem\u0103 de sprijinire a investi\u021biilor care s\u0103 nu afecteze bugetul statului, ci, dimpotriv\u0103, s\u0103 genereze venituri suplimentare din TVA \u0219i impozite. Programul PSD vine cu o reform\u0103 real\u0103 \u0219i nu doar cu m\u0103suri de austeritate, care, \u00een definitiv, ar conduce la contrac\u021bia PIB-ului \u0219i la noi presiuni fiscale pentru men\u021binerea deficitului \u00eentr-o zon\u0103 sustenabil\u0103\u201d,<\/em><\/strong>\u00a0a declarat deputatul Marius Bud\u0103i, prim-vicepre\u0219edintele PSD Boto\u0219ani.  <\/p>\n\n\n\n<figure class=\"wp-block-image alignright size-large\"><img decoding=\"async\" width=\"1024\" height=\"576\" src=\"https:\/\/curierulsatelor.ro\/wp\/wp-content\/uploads\/2025\/09\/1.3-1024x576.jpeg\" alt=\"\" class=\"wp-image-16340\" srcset=\"https:\/\/curierulsatelor.ro\/wp\/wp-content\/uploads\/2025\/09\/1.3-1024x576.jpeg 1024w, https:\/\/curierulsatelor.ro\/wp\/wp-content\/uploads\/2025\/09\/1.3-300x169.jpeg 300w, https:\/\/curierulsatelor.ro\/wp\/wp-content\/uploads\/2025\/09\/1.3-768x432.jpeg 768w, https:\/\/curierulsatelor.ro\/wp\/wp-content\/uploads\/2025\/09\/1.3-1536x864.jpeg 1536w, https:\/\/curierulsatelor.ro\/wp\/wp-content\/uploads\/2025\/09\/1.3.jpeg 1600w\" sizes=\"(max-width: 1024px) 100vw, 1024px\" \/><\/figure>\n\n\n\n<p>Programul mai include: sus\u021binerea investi\u021biilor \u00een sectoarele strategice, tehnologii moderne, cercetare-dezvoltare, debirocratizare prin ghi\u0219eu unic pentru autoriza\u021bii, garan\u021bii pentru IMM-uri \u0219i instrumente de cofinan\u021bare prin fonduri europene<strong><em>. \u201eToate aceste m\u0103suri au un obiectiv clar: investi\u021bii eficiente, cre\u0219tere economic\u0103 \u0219i locuri de munc\u0103 durabile \u00een Moldova \u0219i nu numai\u201d,<\/em><\/strong>\u00a0a conchis Doina Federovici. <br><strong>PARTIDUL SOCIAL DEMOCRAT<\/strong><\/p>\n\n\n\n<p>Organiza\u0163ia jude\u0163ean\u0103 Boto\u015fani<\/p>\n\n\n\n<figure class=\"wp-block-image size-large\"><img loading=\"lazy\" decoding=\"async\" width=\"1024\" height=\"576\" src=\"https:\/\/curierulsatelor.ro\/wp\/wp-content\/uploads\/2025\/09\/1.4-1024x576.jpeg\" alt=\"\" class=\"wp-image-16341\" srcset=\"https:\/\/curierulsatelor.ro\/wp\/wp-content\/uploads\/2025\/09\/1.4-1024x576.jpeg 1024w, https:\/\/curierulsatelor.ro\/wp\/wp-content\/uploads\/2025\/09\/1.4-300x169.jpeg 300w, https:\/\/curierulsatelor.ro\/wp\/wp-content\/uploads\/2025\/09\/1.4-768x432.jpeg 768w, https:\/\/curierulsatelor.ro\/wp\/wp-content\/uploads\/2025\/09\/1.4-1536x864.jpeg 1536w, https:\/\/curierulsatelor.ro\/wp\/wp-content\/uploads\/2025\/09\/1.4.jpeg 1600w\" sizes=\"(max-width: 1024px) 100vw, 1024px\" \/><\/figure>\n\n\n\n<figure class=\"wp-block-image size-large\"><img loading=\"lazy\" decoding=\"async\" width=\"1024\" height=\"576\" src=\"https:\/\/curierulsatelor.ro\/wp\/wp-content\/uploads\/2025\/09\/1.5-1024x576.jpeg\" alt=\"\" class=\"wp-image-16342\" srcset=\"https:\/\/curierulsatelor.ro\/wp\/wp-content\/uploads\/2025\/09\/1.5-1024x576.jpeg 1024w, https:\/\/curierulsatelor.ro\/wp\/wp-content\/uploads\/2025\/09\/1.5-300x169.jpeg 300w, https:\/\/curierulsatelor.ro\/wp\/wp-content\/uploads\/2025\/09\/1.5-768x432.jpeg 768w, https:\/\/curierulsatelor.ro\/wp\/wp-content\/uploads\/2025\/09\/1.5-1536x864.jpeg 1536w, https:\/\/curierulsatelor.ro\/wp\/wp-content\/uploads\/2025\/09\/1.5.jpeg 1600w\" sizes=\"(max-width: 1024px) 100vw, 1024px\" \/><\/figure>\n\n\n\n<figure class=\"wp-block-image size-large\"><img loading=\"lazy\" decoding=\"async\" width=\"1024\" height=\"576\" src=\"https:\/\/curierulsatelor.ro\/wp\/wp-content\/uploads\/2025\/09\/1.6-1024x576.jpeg\" alt=\"\" class=\"wp-image-16343\" srcset=\"https:\/\/curierulsatelor.ro\/wp\/wp-content\/uploads\/2025\/09\/1.6-1024x576.jpeg 1024w, https:\/\/curierulsatelor.ro\/wp\/wp-content\/uploads\/2025\/09\/1.6-300x169.jpeg 300w, https:\/\/curierulsatelor.ro\/wp\/wp-content\/uploads\/2025\/09\/1.6-768x432.jpeg 768w, https:\/\/curierulsatelor.ro\/wp\/wp-content\/uploads\/2025\/09\/1.6-1536x864.jpeg 1536w, https:\/\/curierulsatelor.ro\/wp\/wp-content\/uploads\/2025\/09\/1.6.jpeg 1600w\" sizes=\"(max-width: 1024px) 100vw, 1024px\" \/><\/figure>\n\n\n\n<figure class=\"wp-block-image size-large\"><img loading=\"lazy\" decoding=\"async\" width=\"1024\" height=\"576\" src=\"https:\/\/curierulsatelor.ro\/wp\/wp-content\/uploads\/2025\/09\/1.7-1024x576.jpeg\" alt=\"\" class=\"wp-image-16344\" srcset=\"https:\/\/curierulsatelor.ro\/wp\/wp-content\/uploads\/2025\/09\/1.7-1024x576.jpeg 1024w, https:\/\/curierulsatelor.ro\/wp\/wp-content\/uploads\/2025\/09\/1.7-300x169.jpeg 300w, https:\/\/curierulsatelor.ro\/wp\/wp-content\/uploads\/2025\/09\/1.7-768x432.jpeg 768w, https:\/\/curierulsatelor.ro\/wp\/wp-content\/uploads\/2025\/09\/1.7-1536x864.jpeg 1536w, https:\/\/curierulsatelor.ro\/wp\/wp-content\/uploads\/2025\/09\/1.7.jpeg 1600w\" sizes=\"(max-width: 1024px) 100vw, 1024px\" \/><\/figure>\n\n\n\n<figure class=\"wp-block-image size-large\"><img loading=\"lazy\" decoding=\"async\" width=\"1024\" height=\"576\" src=\"https:\/\/curierulsatelor.ro\/wp\/wp-content\/uploads\/2025\/09\/1.8-1024x576.jpeg\" alt=\"\" class=\"wp-image-16345\" srcset=\"https:\/\/curierulsatelor.ro\/wp\/wp-content\/uploads\/2025\/09\/1.8-1024x576.jpeg 1024w, https:\/\/curierulsatelor.ro\/wp\/wp-content\/uploads\/2025\/09\/1.8-300x169.jpeg 300w, https:\/\/curierulsatelor.ro\/wp\/wp-content\/uploads\/2025\/09\/1.8-768x432.jpeg 768w, https:\/\/curierulsatelor.ro\/wp\/wp-content\/uploads\/2025\/09\/1.8-1536x864.jpeg 1536w, https:\/\/curierulsatelor.ro\/wp\/wp-content\/uploads\/2025\/09\/1.8.jpeg 1600w\" sizes=\"(max-width: 1024px) 100vw, 1024px\" \/><\/figure>\n\n\n\n<figure class=\"wp-block-image size-large\"><img loading=\"lazy\" decoding=\"async\" width=\"1024\" height=\"576\" src=\"https:\/\/curierulsatelor.ro\/wp\/wp-content\/uploads\/2025\/09\/1.9-1024x576.jpeg\" alt=\"\" class=\"wp-image-16346\" srcset=\"https:\/\/curierulsatelor.ro\/wp\/wp-content\/uploads\/2025\/09\/1.9-1024x576.jpeg 1024w, https:\/\/curierulsatelor.ro\/wp\/wp-content\/uploads\/2025\/09\/1.9-300x169.jpeg 300w, https:\/\/curierulsatelor.ro\/wp\/wp-content\/uploads\/2025\/09\/1.9-768x432.jpeg 768w, https:\/\/curierulsatelor.ro\/wp\/wp-content\/uploads\/2025\/09\/1.9-1536x864.jpeg 1536w, https:\/\/curierulsatelor.ro\/wp\/wp-content\/uploads\/2025\/09\/1.9.jpeg 1600w\" sizes=\"(max-width: 1024px) 100vw, 1024px\" \/><\/figure>\n","protected":false},"excerpt":{"rendered":"<p>Rom\u00e2nia are nevoie de investi\u021bii care s\u0103 creeze locuri de munc\u0103 \u0219i s\u0103 stimuleze dezvoltarea&#8230;<\/p>\n","protected":false},"author":1,"featured_media":16343,"comment_status":"open","ping_status":"open","sticky":false,"template":"","format":"standard","meta":{"footnotes":""},"categories":[8,6],"tags":[],"class_list":["post-16337","post","type-post","status-publish","format-standard","has-post-thumbnail","hentry","category-comunicate","category-politica"],"yoast_head":"<!-- This site is optimized with the Yoast SEO plugin v27.4 - https:\/\/yoast.com\/product\/yoast-seo-wordpress\/ -->\n<title>Programul PSD \u2013 investi\u021bii \u0219i locuri de munc\u0103 pentru dezvoltarea Moldovei - Curierul Regional<\/title>\n<meta name=\"robots\" content=\"index, follow, max-snippet:-1, max-image-preview:large, max-video-preview:-1\" \/>\n<link rel=\"canonical\" href=\"https:\/\/curierulsatelor.ro\/wp\/2025\/09\/15\/programul-psd-investitii-si-locuri-de-munca-pentru-dezvoltarea-moldovei\/\" \/>\n<meta property=\"og:locale\" content=\"ro_RO\" \/>\n<meta property=\"og:type\" content=\"article\" \/>\n<meta property=\"og:title\" content=\"Programul PSD \u2013 investi\u021bii \u0219i locuri de munc\u0103 pentru dezvoltarea Moldovei - Curierul Regional\" \/>\n<meta property=\"og:description\" content=\"Rom\u00e2nia are nevoie de investi\u021bii care s\u0103 creeze locuri de munc\u0103 \u0219i s\u0103 stimuleze dezvoltarea...\" \/>\n<meta property=\"og:url\" content=\"https:\/\/curierulsatelor.ro\/wp\/2025\/09\/15\/programul-psd-investitii-si-locuri-de-munca-pentru-dezvoltarea-moldovei\/\" \/>\n<meta property=\"og:site_name\" content=\"Curierul Regional\" \/>\n<meta property=\"article:published_time\" content=\"2025-09-15T13:59:59+00:00\" \/>\n<meta property=\"article:modified_time\" content=\"2025-09-15T14:00:01+00:00\" \/>\n<meta property=\"og:image\" content=\"https:\/\/curierulsatelor.ro\/wp\/wp-content\/uploads\/2025\/09\/1.6.jpeg\" \/>\n\t<meta property=\"og:image:width\" content=\"1600\" \/>\n\t<meta property=\"og:image:height\" content=\"900\" \/>\n\t<meta property=\"og:image:type\" content=\"image\/jpeg\" \/>\n<meta name=\"author\" content=\"Marian Morosan\" \/>\n<meta name=\"twitter:card\" content=\"summary_large_image\" \/>\n<meta name=\"twitter:label1\" content=\"Scris de\" \/>\n\t<meta name=\"twitter:data1\" content=\"Marian Morosan\" \/>\n\t<meta name=\"twitter:label2\" content=\"Timp estimat pentru citire\" \/>\n\t<meta name=\"twitter:data2\" content=\"4 minute\" \/>\n<script type=\"application\/ld+json\" class=\"yoast-schema-graph\">{\"@context\":\"https:\\\/\\\/schema.org\",\"@graph\":[{\"@type\":\"Article\",\"@id\":\"https:\\\/\\\/curierulsatelor.ro\\\/wp\\\/2025\\\/09\\\/15\\\/programul-psd-investitii-si-locuri-de-munca-pentru-dezvoltarea-moldovei\\\/#article\",\"isPartOf\":{\"@id\":\"https:\\\/\\\/curierulsatelor.ro\\\/wp\\\/2025\\\/09\\\/15\\\/programul-psd-investitii-si-locuri-de-munca-pentru-dezvoltarea-moldovei\\\/\"},\"author\":{\"name\":\"Marian Morosan\",\"@id\":\"https:\\\/\\\/curierulsatelor.ro\\\/wp\\\/#\\\/schema\\\/person\\\/6f6b28a030e15d619a82894773d6e7b9\"},\"headline\":\"Programul PSD \u2013 investi\u021bii \u0219i locuri de munc\u0103 pentru dezvoltarea Moldovei\",\"datePublished\":\"2025-09-15T13:59:59+00:00\",\"dateModified\":\"2025-09-15T14:00:01+00:00\",\"mainEntityOfPage\":{\"@id\":\"https:\\\/\\\/curierulsatelor.ro\\\/wp\\\/2025\\\/09\\\/15\\\/programul-psd-investitii-si-locuri-de-munca-pentru-dezvoltarea-moldovei\\\/\"},\"wordCount\":357,\"commentCount\":0,\"publisher\":{\"@id\":\"https:\\\/\\\/curierulsatelor.ro\\\/wp\\\/#organization\"},\"image\":{\"@id\":\"https:\\\/\\\/curierulsatelor.ro\\\/wp\\\/2025\\\/09\\\/15\\\/programul-psd-investitii-si-locuri-de-munca-pentru-dezvoltarea-moldovei\\\/#primaryimage\"},\"thumbnailUrl\":\"https:\\\/\\\/curierulsatelor.ro\\\/wp\\\/wp-content\\\/uploads\\\/2025\\\/09\\\/1.6.jpeg\",\"articleSection\":[\"Comunicate\",\"Politica\"],\"inLanguage\":\"ro-RO\",\"potentialAction\":[{\"@type\":\"CommentAction\",\"name\":\"Comment\",\"target\":[\"https:\\\/\\\/curierulsatelor.ro\\\/wp\\\/2025\\\/09\\\/15\\\/programul-psd-investitii-si-locuri-de-munca-pentru-dezvoltarea-moldovei\\\/#respond\"]}]},{\"@type\":\"WebPage\",\"@id\":\"https:\\\/\\\/curierulsatelor.ro\\\/wp\\\/2025\\\/09\\\/15\\\/programul-psd-investitii-si-locuri-de-munca-pentru-dezvoltarea-moldovei\\\/\",\"url\":\"https:\\\/\\\/curierulsatelor.ro\\\/wp\\\/2025\\\/09\\\/15\\\/programul-psd-investitii-si-locuri-de-munca-pentru-dezvoltarea-moldovei\\\/\",\"name\":\"Programul PSD \u2013 investi\u021bii \u0219i locuri de munc\u0103 pentru dezvoltarea Moldovei - Curierul Regional\",\"isPartOf\":{\"@id\":\"https:\\\/\\\/curierulsatelor.ro\\\/wp\\\/#website\"},\"primaryImageOfPage\":{\"@id\":\"https:\\\/\\\/curierulsatelor.ro\\\/wp\\\/2025\\\/09\\\/15\\\/programul-psd-investitii-si-locuri-de-munca-pentru-dezvoltarea-moldovei\\\/#primaryimage\"},\"image\":{\"@id\":\"https:\\\/\\\/curierulsatelor.ro\\\/wp\\\/2025\\\/09\\\/15\\\/programul-psd-investitii-si-locuri-de-munca-pentru-dezvoltarea-moldovei\\\/#primaryimage\"},\"thumbnailUrl\":\"https:\\\/\\\/curierulsatelor.ro\\\/wp\\\/wp-content\\\/uploads\\\/2025\\\/09\\\/1.6.jpeg\",\"datePublished\":\"2025-09-15T13:59:59+00:00\",\"dateModified\":\"2025-09-15T14:00:01+00:00\",\"breadcrumb\":{\"@id\":\"https:\\\/\\\/curierulsatelor.ro\\\/wp\\\/2025\\\/09\\\/15\\\/programul-psd-investitii-si-locuri-de-munca-pentru-dezvoltarea-moldovei\\\/#breadcrumb\"},\"inLanguage\":\"ro-RO\",\"potentialAction\":[{\"@type\":\"ReadAction\",\"target\":[\"https:\\\/\\\/curierulsatelor.ro\\\/wp\\\/2025\\\/09\\\/15\\\/programul-psd-investitii-si-locuri-de-munca-pentru-dezvoltarea-moldovei\\\/\"]}]},{\"@type\":\"ImageObject\",\"inLanguage\":\"ro-RO\",\"@id\":\"https:\\\/\\\/curierulsatelor.ro\\\/wp\\\/2025\\\/09\\\/15\\\/programul-psd-investitii-si-locuri-de-munca-pentru-dezvoltarea-moldovei\\\/#primaryimage\",\"url\":\"https:\\\/\\\/curierulsatelor.ro\\\/wp\\\/wp-content\\\/uploads\\\/2025\\\/09\\\/1.6.jpeg\",\"contentUrl\":\"https:\\\/\\\/curierulsatelor.ro\\\/wp\\\/wp-content\\\/uploads\\\/2025\\\/09\\\/1.6.jpeg\",\"width\":1600,\"height\":900},{\"@type\":\"BreadcrumbList\",\"@id\":\"https:\\\/\\\/curierulsatelor.ro\\\/wp\\\/2025\\\/09\\\/15\\\/programul-psd-investitii-si-locuri-de-munca-pentru-dezvoltarea-moldovei\\\/#breadcrumb\",\"itemListElement\":[{\"@type\":\"ListItem\",\"position\":1,\"name\":\"Prima pagin\u0103\",\"item\":\"https:\\\/\\\/curierulsatelor.ro\\\/wp\\\/\"},{\"@type\":\"ListItem\",\"position\":2,\"name\":\"Programul PSD \u2013 investi\u021bii \u0219i locuri de munc\u0103 pentru dezvoltarea Moldovei\"}]},{\"@type\":\"WebSite\",\"@id\":\"https:\\\/\\\/curierulsatelor.ro\\\/wp\\\/#website\",\"url\":\"https:\\\/\\\/curierulsatelor.ro\\\/wp\\\/\",\"name\":\"Curierul Regional\",\"description\":\"\",\"publisher\":{\"@id\":\"https:\\\/\\\/curierulsatelor.ro\\\/wp\\\/#organization\"},\"potentialAction\":[{\"@type\":\"SearchAction\",\"target\":{\"@type\":\"EntryPoint\",\"urlTemplate\":\"https:\\\/\\\/curierulsatelor.ro\\\/wp\\\/?s={search_term_string}\"},\"query-input\":{\"@type\":\"PropertyValueSpecification\",\"valueRequired\":true,\"valueName\":\"search_term_string\"}}],\"inLanguage\":\"ro-RO\"},{\"@type\":\"Organization\",\"@id\":\"https:\\\/\\\/curierulsatelor.ro\\\/wp\\\/#organization\",\"name\":\"Curierul Regional\",\"url\":\"https:\\\/\\\/curierulsatelor.ro\\\/wp\\\/\",\"logo\":{\"@type\":\"ImageObject\",\"inLanguage\":\"ro-RO\",\"@id\":\"https:\\\/\\\/curierulsatelor.ro\\\/wp\\\/#\\\/schema\\\/logo\\\/image\\\/\",\"url\":\"https:\\\/\\\/curierulsatelor.ro\\\/wp\\\/wp-content\\\/uploads\\\/2020\\\/01\\\/Curierul-Regional-si-Curierul-satelor-logo-header.png\",\"contentUrl\":\"https:\\\/\\\/curierulsatelor.ro\\\/wp\\\/wp-content\\\/uploads\\\/2020\\\/01\\\/Curierul-Regional-si-Curierul-satelor-logo-header.png\",\"width\":2943,\"height\":685,\"caption\":\"Curierul Regional\"},\"image\":{\"@id\":\"https:\\\/\\\/curierulsatelor.ro\\\/wp\\\/#\\\/schema\\\/logo\\\/image\\\/\"}},{\"@type\":\"Person\",\"@id\":\"https:\\\/\\\/curierulsatelor.ro\\\/wp\\\/#\\\/schema\\\/person\\\/6f6b28a030e15d619a82894773d6e7b9\",\"name\":\"Marian Morosan\",\"image\":{\"@type\":\"ImageObject\",\"inLanguage\":\"ro-RO\",\"@id\":\"https:\\\/\\\/secure.gravatar.com\\\/avatar\\\/2e833cc9ab99e6bca46266d4ad9030d308346ff7ff0b6b955c29b74cafaf064b?s=96&d=mm&r=g\",\"url\":\"https:\\\/\\\/secure.gravatar.com\\\/avatar\\\/2e833cc9ab99e6bca46266d4ad9030d308346ff7ff0b6b955c29b74cafaf064b?s=96&d=mm&r=g\",\"contentUrl\":\"https:\\\/\\\/secure.gravatar.com\\\/avatar\\\/2e833cc9ab99e6bca46266d4ad9030d308346ff7ff0b6b955c29b74cafaf064b?s=96&d=mm&r=g\",\"caption\":\"Marian Morosan\"},\"description\":\"Copiilor no\u015ftri li se preg\u0103te\u015fte, incon\u015ftient, o lume de joben ciuruit, din care niciodat\u0103 nu iese iepura\u015ful. Doar panglicile politicilor sociale roase de moliile cu \u015ftaif din ultimele decenii. Suntem oropsi\u0163i, suntem dispera\u0163i, manipula\u0163i p\u00e2n\u0103 acolo \u00eenc\u00e2t ne bucur\u0103m s\u0103 fim masa de manevr\u0103 a unora \u015fi s\u0103 sus\u0163inem c\u0103 a\u015fa e normal. Acum \u00eel \u00een\u0163eleg pe Cioran, dar \u00eel \u00een\u0163eleg mai bine \u015fi pe Preda. \u015ei m\u0103 g\u00e2ndesc iar, cu groaz\u0103, la copilul meu. Cel pu\u0163in eu nu \u00eemi doresc s\u0103 \u015ftiu c\u0103 micu\u0163ul meu va fi singur, cu sufletul descul\u0163, prin jungla mileniului III ! https:\\\/\\\/curierulsatelor.ro\\\/wp\\\/2019\\\/10\\\/16\\\/cu-sufletul-descult-prin-jungla-mileniului-iii-editorial\\\/\",\"sameAs\":[\"http:\\\/\\\/admin\"],\"url\":\"https:\\\/\\\/curierulsatelor.ro\\\/wp\\\/author\\\/admin\\\/\"}]}<\/script>\n<!-- \/ Yoast SEO plugin. -->","yoast_head_json":{"title":"Programul PSD \u2013 investi\u021bii \u0219i locuri de munc\u0103 pentru dezvoltarea Moldovei - Curierul Regional","robots":{"index":"index","follow":"follow","max-snippet":"max-snippet:-1","max-image-preview":"max-image-preview:large","max-video-preview":"max-video-preview:-1"},"canonical":"https:\/\/curierulsatelor.ro\/wp\/2025\/09\/15\/programul-psd-investitii-si-locuri-de-munca-pentru-dezvoltarea-moldovei\/","og_locale":"ro_RO","og_type":"article","og_title":"Programul PSD \u2013 investi\u021bii \u0219i locuri de munc\u0103 pentru dezvoltarea Moldovei - Curierul Regional","og_description":"Rom\u00e2nia are nevoie de investi\u021bii care s\u0103 creeze locuri de munc\u0103 \u0219i s\u0103 stimuleze dezvoltarea...","og_url":"https:\/\/curierulsatelor.ro\/wp\/2025\/09\/15\/programul-psd-investitii-si-locuri-de-munca-pentru-dezvoltarea-moldovei\/","og_site_name":"Curierul Regional","article_published_time":"2025-09-15T13:59:59+00:00","article_modified_time":"2025-09-15T14:00:01+00:00","og_image":[{"width":1600,"height":900,"url":"https:\/\/curierulsatelor.ro\/wp\/wp-content\/uploads\/2025\/09\/1.6.jpeg","type":"image\/jpeg"}],"author":"Marian Morosan","twitter_card":"summary_large_image","twitter_misc":{"Scris de":"Marian Morosan","Timp estimat pentru citire":"4 minute"},"schema":{"@context":"https:\/\/schema.org","@graph":[{"@type":"Article","@id":"https:\/\/curierulsatelor.ro\/wp\/2025\/09\/15\/programul-psd-investitii-si-locuri-de-munca-pentru-dezvoltarea-moldovei\/#article","isPartOf":{"@id":"https:\/\/curierulsatelor.ro\/wp\/2025\/09\/15\/programul-psd-investitii-si-locuri-de-munca-pentru-dezvoltarea-moldovei\/"},"author":{"name":"Marian Morosan","@id":"https:\/\/curierulsatelor.ro\/wp\/#\/schema\/person\/6f6b28a030e15d619a82894773d6e7b9"},"headline":"Programul PSD \u2013 investi\u021bii \u0219i locuri de munc\u0103 pentru dezvoltarea Moldovei","datePublished":"2025-09-15T13:59:59+00:00","dateModified":"2025-09-15T14:00:01+00:00","mainEntityOfPage":{"@id":"https:\/\/curierulsatelor.ro\/wp\/2025\/09\/15\/programul-psd-investitii-si-locuri-de-munca-pentru-dezvoltarea-moldovei\/"},"wordCount":357,"commentCount":0,"publisher":{"@id":"https:\/\/curierulsatelor.ro\/wp\/#organization"},"image":{"@id":"https:\/\/curierulsatelor.ro\/wp\/2025\/09\/15\/programul-psd-investitii-si-locuri-de-munca-pentru-dezvoltarea-moldovei\/#primaryimage"},"thumbnailUrl":"https:\/\/curierulsatelor.ro\/wp\/wp-content\/uploads\/2025\/09\/1.6.jpeg","articleSection":["Comunicate","Politica"],"inLanguage":"ro-RO","potentialAction":[{"@type":"CommentAction","name":"Comment","target":["https:\/\/curierulsatelor.ro\/wp\/2025\/09\/15\/programul-psd-investitii-si-locuri-de-munca-pentru-dezvoltarea-moldovei\/#respond"]}]},{"@type":"WebPage","@id":"https:\/\/curierulsatelor.ro\/wp\/2025\/09\/15\/programul-psd-investitii-si-locuri-de-munca-pentru-dezvoltarea-moldovei\/","url":"https:\/\/curierulsatelor.ro\/wp\/2025\/09\/15\/programul-psd-investitii-si-locuri-de-munca-pentru-dezvoltarea-moldovei\/","name":"Programul PSD \u2013 investi\u021bii \u0219i locuri de munc\u0103 pentru dezvoltarea Moldovei - Curierul Regional","isPartOf":{"@id":"https:\/\/curierulsatelor.ro\/wp\/#website"},"primaryImageOfPage":{"@id":"https:\/\/curierulsatelor.ro\/wp\/2025\/09\/15\/programul-psd-investitii-si-locuri-de-munca-pentru-dezvoltarea-moldovei\/#primaryimage"},"image":{"@id":"https:\/\/curierulsatelor.ro\/wp\/2025\/09\/15\/programul-psd-investitii-si-locuri-de-munca-pentru-dezvoltarea-moldovei\/#primaryimage"},"thumbnailUrl":"https:\/\/curierulsatelor.ro\/wp\/wp-content\/uploads\/2025\/09\/1.6.jpeg","datePublished":"2025-09-15T13:59:59+00:00","dateModified":"2025-09-15T14:00:01+00:00","breadcrumb":{"@id":"https:\/\/curierulsatelor.ro\/wp\/2025\/09\/15\/programul-psd-investitii-si-locuri-de-munca-pentru-dezvoltarea-moldovei\/#breadcrumb"},"inLanguage":"ro-RO","potentialAction":[{"@type":"ReadAction","target":["https:\/\/curierulsatelor.ro\/wp\/2025\/09\/15\/programul-psd-investitii-si-locuri-de-munca-pentru-dezvoltarea-moldovei\/"]}]},{"@type":"ImageObject","inLanguage":"ro-RO","@id":"https:\/\/curierulsatelor.ro\/wp\/2025\/09\/15\/programul-psd-investitii-si-locuri-de-munca-pentru-dezvoltarea-moldovei\/#primaryimage","url":"https:\/\/curierulsatelor.ro\/wp\/wp-content\/uploads\/2025\/09\/1.6.jpeg","contentUrl":"https:\/\/curierulsatelor.ro\/wp\/wp-content\/uploads\/2025\/09\/1.6.jpeg","width":1600,"height":900},{"@type":"BreadcrumbList","@id":"https:\/\/curierulsatelor.ro\/wp\/2025\/09\/15\/programul-psd-investitii-si-locuri-de-munca-pentru-dezvoltarea-moldovei\/#breadcrumb","itemListElement":[{"@type":"ListItem","position":1,"name":"Prima pagin\u0103","item":"https:\/\/curierulsatelor.ro\/wp\/"},{"@type":"ListItem","position":2,"name":"Programul PSD \u2013 investi\u021bii \u0219i locuri de munc\u0103 pentru dezvoltarea Moldovei"}]},{"@type":"WebSite","@id":"https:\/\/curierulsatelor.ro\/wp\/#website","url":"https:\/\/curierulsatelor.ro\/wp\/","name":"Curierul Regional","description":"","publisher":{"@id":"https:\/\/curierulsatelor.ro\/wp\/#organization"},"potentialAction":[{"@type":"SearchAction","target":{"@type":"EntryPoint","urlTemplate":"https:\/\/curierulsatelor.ro\/wp\/?s={search_term_string}"},"query-input":{"@type":"PropertyValueSpecification","valueRequired":true,"valueName":"search_term_string"}}],"inLanguage":"ro-RO"},{"@type":"Organization","@id":"https:\/\/curierulsatelor.ro\/wp\/#organization","name":"Curierul Regional","url":"https:\/\/curierulsatelor.ro\/wp\/","logo":{"@type":"ImageObject","inLanguage":"ro-RO","@id":"https:\/\/curierulsatelor.ro\/wp\/#\/schema\/logo\/image\/","url":"https:\/\/curierulsatelor.ro\/wp\/wp-content\/uploads\/2020\/01\/Curierul-Regional-si-Curierul-satelor-logo-header.png","contentUrl":"https:\/\/curierulsatelor.ro\/wp\/wp-content\/uploads\/2020\/01\/Curierul-Regional-si-Curierul-satelor-logo-header.png","width":2943,"height":685,"caption":"Curierul Regional"},"image":{"@id":"https:\/\/curierulsatelor.ro\/wp\/#\/schema\/logo\/image\/"}},{"@type":"Person","@id":"https:\/\/curierulsatelor.ro\/wp\/#\/schema\/person\/6f6b28a030e15d619a82894773d6e7b9","name":"Marian Morosan","image":{"@type":"ImageObject","inLanguage":"ro-RO","@id":"https:\/\/secure.gravatar.com\/avatar\/2e833cc9ab99e6bca46266d4ad9030d308346ff7ff0b6b955c29b74cafaf064b?s=96&d=mm&r=g","url":"https:\/\/secure.gravatar.com\/avatar\/2e833cc9ab99e6bca46266d4ad9030d308346ff7ff0b6b955c29b74cafaf064b?s=96&d=mm&r=g","contentUrl":"https:\/\/secure.gravatar.com\/avatar\/2e833cc9ab99e6bca46266d4ad9030d308346ff7ff0b6b955c29b74cafaf064b?s=96&d=mm&r=g","caption":"Marian Morosan"},"description":"Copiilor no\u015ftri li se preg\u0103te\u015fte, incon\u015ftient, o lume de joben ciuruit, din care niciodat\u0103 nu iese iepura\u015ful. Doar panglicile politicilor sociale roase de moliile cu \u015ftaif din ultimele decenii. Suntem oropsi\u0163i, suntem dispera\u0163i, manipula\u0163i p\u00e2n\u0103 acolo \u00eenc\u00e2t ne bucur\u0103m s\u0103 fim masa de manevr\u0103 a unora \u015fi s\u0103 sus\u0163inem c\u0103 a\u015fa e normal. Acum \u00eel \u00een\u0163eleg pe Cioran, dar \u00eel \u00een\u0163eleg mai bine \u015fi pe Preda. \u015ei m\u0103 g\u00e2ndesc iar, cu groaz\u0103, la copilul meu. Cel pu\u0163in eu nu \u00eemi doresc s\u0103 \u015ftiu c\u0103 micu\u0163ul meu va fi singur, cu sufletul descul\u0163, prin jungla mileniului III ! https:\/\/curierulsatelor.ro\/wp\/2019\/10\/16\/cu-sufletul-descult-prin-jungla-mileniului-iii-editorial\/","sameAs":["http:\/\/admin"],"url":"https:\/\/curierulsatelor.ro\/wp\/author\/admin\/"}]}},"_links":{"self":[{"href":"https:\/\/curierulsatelor.ro\/wp\/wp-json\/wp\/v2\/posts\/16337","targetHints":{"allow":["GET"]}}],"collection":[{"href":"https:\/\/curierulsatelor.ro\/wp\/wp-json\/wp\/v2\/posts"}],"about":[{"href":"https:\/\/curierulsatelor.ro\/wp\/wp-json\/wp\/v2\/types\/post"}],"author":[{"embeddable":true,"href":"https:\/\/curierulsatelor.ro\/wp\/wp-json\/wp\/v2\/users\/1"}],"replies":[{"embeddable":true,"href":"https:\/\/curierulsatelor.ro\/wp\/wp-json\/wp\/v2\/comments?post=16337"}],"version-history":[{"count":1,"href":"https:\/\/curierulsatelor.ro\/wp\/wp-json\/wp\/v2\/posts\/16337\/revisions"}],"predecessor-version":[{"id":16347,"href":"https:\/\/curierulsatelor.ro\/wp\/wp-json\/wp\/v2\/posts\/16337\/revisions\/16347"}],"wp:featuredmedia":[{"embeddable":true,"href":"https:\/\/curierulsatelor.ro\/wp\/wp-json\/wp\/v2\/media\/16343"}],"wp:attachment":[{"href":"https:\/\/curierulsatelor.ro\/wp\/wp-json\/wp\/v2\/media?parent=16337"}],"wp:term":[{"taxonomy":"category","embeddable":true,"href":"https:\/\/curierulsatelor.ro\/wp\/wp-json\/wp\/v2\/categories?post=16337"},{"taxonomy":"post_tag","embeddable":true,"href":"https:\/\/curierulsatelor.ro\/wp\/wp-json\/wp\/v2\/tags?post=16337"}],"curies":[{"name":"wp","href":"https:\/\/api.w.org\/{rel}","templated":true}]}}