{"id":16437,"date":"2025-09-24T20:41:08","date_gmt":"2025-09-24T18:41:08","guid":{"rendered":"https:\/\/curierulsatelor.ro\/wp\/?p=16437"},"modified":"2025-09-24T20:41:09","modified_gmt":"2025-09-24T18:41:09","slug":"preturile-alimentelor-de-baza-raman-plafonate","status":"publish","type":"post","link":"https:\/\/curierulsatelor.ro\/wp\/2025\/09\/24\/preturile-alimentelor-de-baza-raman-plafonate\/","title":{"rendered":"Pre\u021burile alimentelor de baz\u0103 r\u0103m\u00e2n plafonate"},"content":{"rendered":"\n<p class=\"has-medium-font-size\">Rom\u00e2nii vor cump\u0103ra \u00een continuare alimente de baz\u0103 la pre\u021buri mai mici. La ini\u021biativa \u0219i presiunea PSD, coali\u021bia de guvernare a decis men\u021binerea plafon\u0103rii adaosului comercial pentru aceste produse esen\u021biale, o m\u0103sur\u0103 care a protejat puterea de cump\u0103rare a familiilor cu venituri mici \u0219i medii. Dup\u0103 decizia coali\u021biei, guvernul trebuie s\u0103 adopte, \u00een regim de urgen\u021b\u0103, hot\u0103r\u00e2rea prin care aceast\u0103 m\u0103sur\u0103 s\u0103 fie prelungit\u0103 \u0219i dup\u0103 termenul de 1 octombrie.<\/p>\n\n\n\n<p class=\"has-medium-font-size\">Aceast\u0103 decizie arat\u0103 clar de ce este important ca PSD s\u0103 fie la guvernare: pentru c\u0103, f\u0103r\u0103 sus\u021binerea social-democrat\u0103, premierul liberal Ilie Bolojan nu ar fi prelungit plafonarea, iar rom\u00e2nii ar fi fost lovi\u021bi de un nou val de scumpiri.<\/p>\n\n\n\n<figure class=\"wp-block-image alignright size-large is-resized\"><img fetchpriority=\"high\" decoding=\"async\" width=\"1024\" height=\"827\" src=\"https:\/\/curierulsatelor.ro\/wp\/wp-content\/uploads\/2025\/09\/1.1-1-1024x827.jpeg\" alt=\"\" class=\"wp-image-16438\" style=\"width:504px;height:auto\" srcset=\"https:\/\/curierulsatelor.ro\/wp\/wp-content\/uploads\/2025\/09\/1.1-1-1024x827.jpeg 1024w, https:\/\/curierulsatelor.ro\/wp\/wp-content\/uploads\/2025\/09\/1.1-1-300x242.jpeg 300w, https:\/\/curierulsatelor.ro\/wp\/wp-content\/uploads\/2025\/09\/1.1-1-768x620.jpeg 768w, https:\/\/curierulsatelor.ro\/wp\/wp-content\/uploads\/2025\/09\/1.1-1.jpeg 1048w\" sizes=\"(max-width: 1024px) 100vw, 1024px\" \/><\/figure>\n\n\n\n<p class=\"has-medium-font-size\"><strong><em>\u201ePSD a demonstrat c\u0103 se lupt\u0103 pentru rom\u00e2ni \u0219i pentru echilibru social. La Boto\u0219ani, unde veniturile sunt mai mici dec\u00e2t media na\u021bional\u0103, plafonarea pre\u021burilor la alimentele de baz\u0103 este un sprijin vital pentru zeci de mii de familii. PSD va continua s\u0103 apere puterea de cump\u0103rare a boto\u0219\u0103nenilor \u0219i a tuturor rom\u00e2nilor, prin promovarea unor m\u0103suri economice corecte \u0219i printr-o reform\u0103 administrativ\u0103 f\u0103cut\u0103 cu responsabilitate, \u00een beneficiul oamenilor\u201d,<\/em><\/strong>&nbsp;a declarat deputatul Marius Bud\u0103i, prim-vicepre\u0219edintele PSD Boto\u0219ani.<\/p>\n\n\n\n<p class=\"has-medium-font-size\">Plafonarea adaosului comercial s-a dovedit a fi o m\u0103sur\u0103 corect\u0103 \u0219i eficient\u0103, care men\u021bine pre\u021burile mai mici la alimentele de baz\u0103, protejeaz\u0103 familiile cu venituri mici \u0219i medii \u0219i reduce riscul ca peste un milion de rom\u00e2ni s\u0103 fie afecta\u021bi de s\u0103r\u0103cie \u0219i excluziune social\u0103.<\/p>\n\n\n\n<p><strong>PARTIDUL SOCIAL DEMOCRAT<\/strong><\/p>\n\n\n\n<p>Organiza\u0163ia jude\u0163ean\u0103 Boto\u015fani<\/p>\n","protected":false},"excerpt":{"rendered":"<p>Rom\u00e2nii vor cump\u0103ra \u00een continuare alimente de baz\u0103 la pre\u021buri mai mici. La ini\u021biativa \u0219i&#8230;<\/p>\n","protected":false},"author":1,"featured_media":16439,"comment_status":"open","ping_status":"open","sticky":false,"template":"","format":"standard","meta":{"footnotes":""},"categories":[8,6],"tags":[],"class_list":["post-16437","post","type-post","status-publish","format-standard","has-post-thumbnail","hentry","category-comunicate","category-politica"],"yoast_head":"<!-- This site is optimized with the Yoast SEO plugin v27.4 - https:\/\/yoast.com\/product\/yoast-seo-wordpress\/ -->\n<title>Pre\u021burile alimentelor de baz\u0103 r\u0103m\u00e2n plafonate - Curierul Regional<\/title>\n<meta name=\"robots\" content=\"index, follow, max-snippet:-1, max-image-preview:large, max-video-preview:-1\" \/>\n<link rel=\"canonical\" href=\"https:\/\/curierulsatelor.ro\/wp\/2025\/09\/24\/preturile-alimentelor-de-baza-raman-plafonate\/\" \/>\n<meta property=\"og:locale\" content=\"ro_RO\" \/>\n<meta property=\"og:type\" content=\"article\" \/>\n<meta property=\"og:title\" content=\"Pre\u021burile alimentelor de baz\u0103 r\u0103m\u00e2n plafonate - Curierul Regional\" \/>\n<meta property=\"og:description\" content=\"Rom\u00e2nii vor cump\u0103ra \u00een continuare alimente de baz\u0103 la pre\u021buri mai mici. La ini\u021biativa \u0219i...\" \/>\n<meta property=\"og:url\" content=\"https:\/\/curierulsatelor.ro\/wp\/2025\/09\/24\/preturile-alimentelor-de-baza-raman-plafonate\/\" \/>\n<meta property=\"og:site_name\" content=\"Curierul Regional\" \/>\n<meta property=\"article:published_time\" content=\"2025-09-24T18:41:08+00:00\" \/>\n<meta property=\"article:modified_time\" content=\"2025-09-24T18:41:09+00:00\" \/>\n<meta property=\"og:image\" content=\"https:\/\/curierulsatelor.ro\/wp\/wp-content\/uploads\/2025\/09\/1.2-1.jpeg\" \/>\n\t<meta property=\"og:image:width\" content=\"1080\" \/>\n\t<meta property=\"og:image:height\" content=\"1080\" \/>\n\t<meta property=\"og:image:type\" content=\"image\/jpeg\" \/>\n<meta name=\"author\" content=\"Marian Morosan\" \/>\n<meta name=\"twitter:card\" content=\"summary_large_image\" \/>\n<meta name=\"twitter:label1\" content=\"Scris de\" \/>\n\t<meta name=\"twitter:data1\" content=\"Marian Morosan\" \/>\n\t<meta name=\"twitter:label2\" content=\"Timp estimat pentru citire\" \/>\n\t<meta name=\"twitter:data2\" content=\"2 minute\" \/>\n<script type=\"application\/ld+json\" class=\"yoast-schema-graph\">{\"@context\":\"https:\\\/\\\/schema.org\",\"@graph\":[{\"@type\":\"Article\",\"@id\":\"https:\\\/\\\/curierulsatelor.ro\\\/wp\\\/2025\\\/09\\\/24\\\/preturile-alimentelor-de-baza-raman-plafonate\\\/#article\",\"isPartOf\":{\"@id\":\"https:\\\/\\\/curierulsatelor.ro\\\/wp\\\/2025\\\/09\\\/24\\\/preturile-alimentelor-de-baza-raman-plafonate\\\/\"},\"author\":{\"name\":\"Marian Morosan\",\"@id\":\"https:\\\/\\\/curierulsatelor.ro\\\/wp\\\/#\\\/schema\\\/person\\\/6f6b28a030e15d619a82894773d6e7b9\"},\"headline\":\"Pre\u021burile alimentelor de baz\u0103 r\u0103m\u00e2n plafonate\",\"datePublished\":\"2025-09-24T18:41:08+00:00\",\"dateModified\":\"2025-09-24T18:41:09+00:00\",\"mainEntityOfPage\":{\"@id\":\"https:\\\/\\\/curierulsatelor.ro\\\/wp\\\/2025\\\/09\\\/24\\\/preturile-alimentelor-de-baza-raman-plafonate\\\/\"},\"wordCount\":287,\"commentCount\":0,\"publisher\":{\"@id\":\"https:\\\/\\\/curierulsatelor.ro\\\/wp\\\/#organization\"},\"image\":{\"@id\":\"https:\\\/\\\/curierulsatelor.ro\\\/wp\\\/2025\\\/09\\\/24\\\/preturile-alimentelor-de-baza-raman-plafonate\\\/#primaryimage\"},\"thumbnailUrl\":\"https:\\\/\\\/curierulsatelor.ro\\\/wp\\\/wp-content\\\/uploads\\\/2025\\\/09\\\/1.2-1.jpeg\",\"articleSection\":[\"Comunicate\",\"Politica\"],\"inLanguage\":\"ro-RO\",\"potentialAction\":[{\"@type\":\"CommentAction\",\"name\":\"Comment\",\"target\":[\"https:\\\/\\\/curierulsatelor.ro\\\/wp\\\/2025\\\/09\\\/24\\\/preturile-alimentelor-de-baza-raman-plafonate\\\/#respond\"]}]},{\"@type\":\"WebPage\",\"@id\":\"https:\\\/\\\/curierulsatelor.ro\\\/wp\\\/2025\\\/09\\\/24\\\/preturile-alimentelor-de-baza-raman-plafonate\\\/\",\"url\":\"https:\\\/\\\/curierulsatelor.ro\\\/wp\\\/2025\\\/09\\\/24\\\/preturile-alimentelor-de-baza-raman-plafonate\\\/\",\"name\":\"Pre\u021burile alimentelor de baz\u0103 r\u0103m\u00e2n plafonate - Curierul Regional\",\"isPartOf\":{\"@id\":\"https:\\\/\\\/curierulsatelor.ro\\\/wp\\\/#website\"},\"primaryImageOfPage\":{\"@id\":\"https:\\\/\\\/curierulsatelor.ro\\\/wp\\\/2025\\\/09\\\/24\\\/preturile-alimentelor-de-baza-raman-plafonate\\\/#primaryimage\"},\"image\":{\"@id\":\"https:\\\/\\\/curierulsatelor.ro\\\/wp\\\/2025\\\/09\\\/24\\\/preturile-alimentelor-de-baza-raman-plafonate\\\/#primaryimage\"},\"thumbnailUrl\":\"https:\\\/\\\/curierulsatelor.ro\\\/wp\\\/wp-content\\\/uploads\\\/2025\\\/09\\\/1.2-1.jpeg\",\"datePublished\":\"2025-09-24T18:41:08+00:00\",\"dateModified\":\"2025-09-24T18:41:09+00:00\",\"breadcrumb\":{\"@id\":\"https:\\\/\\\/curierulsatelor.ro\\\/wp\\\/2025\\\/09\\\/24\\\/preturile-alimentelor-de-baza-raman-plafonate\\\/#breadcrumb\"},\"inLanguage\":\"ro-RO\",\"potentialAction\":[{\"@type\":\"ReadAction\",\"target\":[\"https:\\\/\\\/curierulsatelor.ro\\\/wp\\\/2025\\\/09\\\/24\\\/preturile-alimentelor-de-baza-raman-plafonate\\\/\"]}]},{\"@type\":\"ImageObject\",\"inLanguage\":\"ro-RO\",\"@id\":\"https:\\\/\\\/curierulsatelor.ro\\\/wp\\\/2025\\\/09\\\/24\\\/preturile-alimentelor-de-baza-raman-plafonate\\\/#primaryimage\",\"url\":\"https:\\\/\\\/curierulsatelor.ro\\\/wp\\\/wp-content\\\/uploads\\\/2025\\\/09\\\/1.2-1.jpeg\",\"contentUrl\":\"https:\\\/\\\/curierulsatelor.ro\\\/wp\\\/wp-content\\\/uploads\\\/2025\\\/09\\\/1.2-1.jpeg\",\"width\":1080,\"height\":1080},{\"@type\":\"BreadcrumbList\",\"@id\":\"https:\\\/\\\/curierulsatelor.ro\\\/wp\\\/2025\\\/09\\\/24\\\/preturile-alimentelor-de-baza-raman-plafonate\\\/#breadcrumb\",\"itemListElement\":[{\"@type\":\"ListItem\",\"position\":1,\"name\":\"Prima pagin\u0103\",\"item\":\"https:\\\/\\\/curierulsatelor.ro\\\/wp\\\/\"},{\"@type\":\"ListItem\",\"position\":2,\"name\":\"Pre\u021burile alimentelor de baz\u0103 r\u0103m\u00e2n plafonate\"}]},{\"@type\":\"WebSite\",\"@id\":\"https:\\\/\\\/curierulsatelor.ro\\\/wp\\\/#website\",\"url\":\"https:\\\/\\\/curierulsatelor.ro\\\/wp\\\/\",\"name\":\"Curierul Regional\",\"description\":\"\",\"publisher\":{\"@id\":\"https:\\\/\\\/curierulsatelor.ro\\\/wp\\\/#organization\"},\"potentialAction\":[{\"@type\":\"SearchAction\",\"target\":{\"@type\":\"EntryPoint\",\"urlTemplate\":\"https:\\\/\\\/curierulsatelor.ro\\\/wp\\\/?s={search_term_string}\"},\"query-input\":{\"@type\":\"PropertyValueSpecification\",\"valueRequired\":true,\"valueName\":\"search_term_string\"}}],\"inLanguage\":\"ro-RO\"},{\"@type\":\"Organization\",\"@id\":\"https:\\\/\\\/curierulsatelor.ro\\\/wp\\\/#organization\",\"name\":\"Curierul Regional\",\"url\":\"https:\\\/\\\/curierulsatelor.ro\\\/wp\\\/\",\"logo\":{\"@type\":\"ImageObject\",\"inLanguage\":\"ro-RO\",\"@id\":\"https:\\\/\\\/curierulsatelor.ro\\\/wp\\\/#\\\/schema\\\/logo\\\/image\\\/\",\"url\":\"https:\\\/\\\/curierulsatelor.ro\\\/wp\\\/wp-content\\\/uploads\\\/2020\\\/01\\\/Curierul-Regional-si-Curierul-satelor-logo-header.png\",\"contentUrl\":\"https:\\\/\\\/curierulsatelor.ro\\\/wp\\\/wp-content\\\/uploads\\\/2020\\\/01\\\/Curierul-Regional-si-Curierul-satelor-logo-header.png\",\"width\":2943,\"height\":685,\"caption\":\"Curierul Regional\"},\"image\":{\"@id\":\"https:\\\/\\\/curierulsatelor.ro\\\/wp\\\/#\\\/schema\\\/logo\\\/image\\\/\"}},{\"@type\":\"Person\",\"@id\":\"https:\\\/\\\/curierulsatelor.ro\\\/wp\\\/#\\\/schema\\\/person\\\/6f6b28a030e15d619a82894773d6e7b9\",\"name\":\"Marian Morosan\",\"image\":{\"@type\":\"ImageObject\",\"inLanguage\":\"ro-RO\",\"@id\":\"https:\\\/\\\/secure.gravatar.com\\\/avatar\\\/2e833cc9ab99e6bca46266d4ad9030d308346ff7ff0b6b955c29b74cafaf064b?s=96&d=mm&r=g\",\"url\":\"https:\\\/\\\/secure.gravatar.com\\\/avatar\\\/2e833cc9ab99e6bca46266d4ad9030d308346ff7ff0b6b955c29b74cafaf064b?s=96&d=mm&r=g\",\"contentUrl\":\"https:\\\/\\\/secure.gravatar.com\\\/avatar\\\/2e833cc9ab99e6bca46266d4ad9030d308346ff7ff0b6b955c29b74cafaf064b?s=96&d=mm&r=g\",\"caption\":\"Marian Morosan\"},\"description\":\"Copiilor no\u015ftri li se preg\u0103te\u015fte, incon\u015ftient, o lume de joben ciuruit, din care niciodat\u0103 nu iese iepura\u015ful. Doar panglicile politicilor sociale roase de moliile cu \u015ftaif din ultimele decenii. Suntem oropsi\u0163i, suntem dispera\u0163i, manipula\u0163i p\u00e2n\u0103 acolo \u00eenc\u00e2t ne bucur\u0103m s\u0103 fim masa de manevr\u0103 a unora \u015fi s\u0103 sus\u0163inem c\u0103 a\u015fa e normal. Acum \u00eel \u00een\u0163eleg pe Cioran, dar \u00eel \u00een\u0163eleg mai bine \u015fi pe Preda. \u015ei m\u0103 g\u00e2ndesc iar, cu groaz\u0103, la copilul meu. Cel pu\u0163in eu nu \u00eemi doresc s\u0103 \u015ftiu c\u0103 micu\u0163ul meu va fi singur, cu sufletul descul\u0163, prin jungla mileniului III ! https:\\\/\\\/curierulsatelor.ro\\\/wp\\\/2019\\\/10\\\/16\\\/cu-sufletul-descult-prin-jungla-mileniului-iii-editorial\\\/\",\"sameAs\":[\"http:\\\/\\\/admin\"],\"url\":\"https:\\\/\\\/curierulsatelor.ro\\\/wp\\\/author\\\/admin\\\/\"}]}<\/script>\n<!-- \/ Yoast SEO plugin. -->","yoast_head_json":{"title":"Pre\u021burile alimentelor de baz\u0103 r\u0103m\u00e2n plafonate - Curierul Regional","robots":{"index":"index","follow":"follow","max-snippet":"max-snippet:-1","max-image-preview":"max-image-preview:large","max-video-preview":"max-video-preview:-1"},"canonical":"https:\/\/curierulsatelor.ro\/wp\/2025\/09\/24\/preturile-alimentelor-de-baza-raman-plafonate\/","og_locale":"ro_RO","og_type":"article","og_title":"Pre\u021burile alimentelor de baz\u0103 r\u0103m\u00e2n plafonate - Curierul Regional","og_description":"Rom\u00e2nii vor cump\u0103ra \u00een continuare alimente de baz\u0103 la pre\u021buri mai mici. La ini\u021biativa \u0219i...","og_url":"https:\/\/curierulsatelor.ro\/wp\/2025\/09\/24\/preturile-alimentelor-de-baza-raman-plafonate\/","og_site_name":"Curierul Regional","article_published_time":"2025-09-24T18:41:08+00:00","article_modified_time":"2025-09-24T18:41:09+00:00","og_image":[{"width":1080,"height":1080,"url":"https:\/\/curierulsatelor.ro\/wp\/wp-content\/uploads\/2025\/09\/1.2-1.jpeg","type":"image\/jpeg"}],"author":"Marian Morosan","twitter_card":"summary_large_image","twitter_misc":{"Scris de":"Marian Morosan","Timp estimat pentru citire":"2 minute"},"schema":{"@context":"https:\/\/schema.org","@graph":[{"@type":"Article","@id":"https:\/\/curierulsatelor.ro\/wp\/2025\/09\/24\/preturile-alimentelor-de-baza-raman-plafonate\/#article","isPartOf":{"@id":"https:\/\/curierulsatelor.ro\/wp\/2025\/09\/24\/preturile-alimentelor-de-baza-raman-plafonate\/"},"author":{"name":"Marian Morosan","@id":"https:\/\/curierulsatelor.ro\/wp\/#\/schema\/person\/6f6b28a030e15d619a82894773d6e7b9"},"headline":"Pre\u021burile alimentelor de baz\u0103 r\u0103m\u00e2n plafonate","datePublished":"2025-09-24T18:41:08+00:00","dateModified":"2025-09-24T18:41:09+00:00","mainEntityOfPage":{"@id":"https:\/\/curierulsatelor.ro\/wp\/2025\/09\/24\/preturile-alimentelor-de-baza-raman-plafonate\/"},"wordCount":287,"commentCount":0,"publisher":{"@id":"https:\/\/curierulsatelor.ro\/wp\/#organization"},"image":{"@id":"https:\/\/curierulsatelor.ro\/wp\/2025\/09\/24\/preturile-alimentelor-de-baza-raman-plafonate\/#primaryimage"},"thumbnailUrl":"https:\/\/curierulsatelor.ro\/wp\/wp-content\/uploads\/2025\/09\/1.2-1.jpeg","articleSection":["Comunicate","Politica"],"inLanguage":"ro-RO","potentialAction":[{"@type":"CommentAction","name":"Comment","target":["https:\/\/curierulsatelor.ro\/wp\/2025\/09\/24\/preturile-alimentelor-de-baza-raman-plafonate\/#respond"]}]},{"@type":"WebPage","@id":"https:\/\/curierulsatelor.ro\/wp\/2025\/09\/24\/preturile-alimentelor-de-baza-raman-plafonate\/","url":"https:\/\/curierulsatelor.ro\/wp\/2025\/09\/24\/preturile-alimentelor-de-baza-raman-plafonate\/","name":"Pre\u021burile alimentelor de baz\u0103 r\u0103m\u00e2n plafonate - Curierul Regional","isPartOf":{"@id":"https:\/\/curierulsatelor.ro\/wp\/#website"},"primaryImageOfPage":{"@id":"https:\/\/curierulsatelor.ro\/wp\/2025\/09\/24\/preturile-alimentelor-de-baza-raman-plafonate\/#primaryimage"},"image":{"@id":"https:\/\/curierulsatelor.ro\/wp\/2025\/09\/24\/preturile-alimentelor-de-baza-raman-plafonate\/#primaryimage"},"thumbnailUrl":"https:\/\/curierulsatelor.ro\/wp\/wp-content\/uploads\/2025\/09\/1.2-1.jpeg","datePublished":"2025-09-24T18:41:08+00:00","dateModified":"2025-09-24T18:41:09+00:00","breadcrumb":{"@id":"https:\/\/curierulsatelor.ro\/wp\/2025\/09\/24\/preturile-alimentelor-de-baza-raman-plafonate\/#breadcrumb"},"inLanguage":"ro-RO","potentialAction":[{"@type":"ReadAction","target":["https:\/\/curierulsatelor.ro\/wp\/2025\/09\/24\/preturile-alimentelor-de-baza-raman-plafonate\/"]}]},{"@type":"ImageObject","inLanguage":"ro-RO","@id":"https:\/\/curierulsatelor.ro\/wp\/2025\/09\/24\/preturile-alimentelor-de-baza-raman-plafonate\/#primaryimage","url":"https:\/\/curierulsatelor.ro\/wp\/wp-content\/uploads\/2025\/09\/1.2-1.jpeg","contentUrl":"https:\/\/curierulsatelor.ro\/wp\/wp-content\/uploads\/2025\/09\/1.2-1.jpeg","width":1080,"height":1080},{"@type":"BreadcrumbList","@id":"https:\/\/curierulsatelor.ro\/wp\/2025\/09\/24\/preturile-alimentelor-de-baza-raman-plafonate\/#breadcrumb","itemListElement":[{"@type":"ListItem","position":1,"name":"Prima pagin\u0103","item":"https:\/\/curierulsatelor.ro\/wp\/"},{"@type":"ListItem","position":2,"name":"Pre\u021burile alimentelor de baz\u0103 r\u0103m\u00e2n plafonate"}]},{"@type":"WebSite","@id":"https:\/\/curierulsatelor.ro\/wp\/#website","url":"https:\/\/curierulsatelor.ro\/wp\/","name":"Curierul Regional","description":"","publisher":{"@id":"https:\/\/curierulsatelor.ro\/wp\/#organization"},"potentialAction":[{"@type":"SearchAction","target":{"@type":"EntryPoint","urlTemplate":"https:\/\/curierulsatelor.ro\/wp\/?s={search_term_string}"},"query-input":{"@type":"PropertyValueSpecification","valueRequired":true,"valueName":"search_term_string"}}],"inLanguage":"ro-RO"},{"@type":"Organization","@id":"https:\/\/curierulsatelor.ro\/wp\/#organization","name":"Curierul Regional","url":"https:\/\/curierulsatelor.ro\/wp\/","logo":{"@type":"ImageObject","inLanguage":"ro-RO","@id":"https:\/\/curierulsatelor.ro\/wp\/#\/schema\/logo\/image\/","url":"https:\/\/curierulsatelor.ro\/wp\/wp-content\/uploads\/2020\/01\/Curierul-Regional-si-Curierul-satelor-logo-header.png","contentUrl":"https:\/\/curierulsatelor.ro\/wp\/wp-content\/uploads\/2020\/01\/Curierul-Regional-si-Curierul-satelor-logo-header.png","width":2943,"height":685,"caption":"Curierul Regional"},"image":{"@id":"https:\/\/curierulsatelor.ro\/wp\/#\/schema\/logo\/image\/"}},{"@type":"Person","@id":"https:\/\/curierulsatelor.ro\/wp\/#\/schema\/person\/6f6b28a030e15d619a82894773d6e7b9","name":"Marian Morosan","image":{"@type":"ImageObject","inLanguage":"ro-RO","@id":"https:\/\/secure.gravatar.com\/avatar\/2e833cc9ab99e6bca46266d4ad9030d308346ff7ff0b6b955c29b74cafaf064b?s=96&d=mm&r=g","url":"https:\/\/secure.gravatar.com\/avatar\/2e833cc9ab99e6bca46266d4ad9030d308346ff7ff0b6b955c29b74cafaf064b?s=96&d=mm&r=g","contentUrl":"https:\/\/secure.gravatar.com\/avatar\/2e833cc9ab99e6bca46266d4ad9030d308346ff7ff0b6b955c29b74cafaf064b?s=96&d=mm&r=g","caption":"Marian Morosan"},"description":"Copiilor no\u015ftri li se preg\u0103te\u015fte, incon\u015ftient, o lume de joben ciuruit, din care niciodat\u0103 nu iese iepura\u015ful. Doar panglicile politicilor sociale roase de moliile cu \u015ftaif din ultimele decenii. Suntem oropsi\u0163i, suntem dispera\u0163i, manipula\u0163i p\u00e2n\u0103 acolo \u00eenc\u00e2t ne bucur\u0103m s\u0103 fim masa de manevr\u0103 a unora \u015fi s\u0103 sus\u0163inem c\u0103 a\u015fa e normal. Acum \u00eel \u00een\u0163eleg pe Cioran, dar \u00eel \u00een\u0163eleg mai bine \u015fi pe Preda. \u015ei m\u0103 g\u00e2ndesc iar, cu groaz\u0103, la copilul meu. Cel pu\u0163in eu nu \u00eemi doresc s\u0103 \u015ftiu c\u0103 micu\u0163ul meu va fi singur, cu sufletul descul\u0163, prin jungla mileniului III ! https:\/\/curierulsatelor.ro\/wp\/2019\/10\/16\/cu-sufletul-descult-prin-jungla-mileniului-iii-editorial\/","sameAs":["http:\/\/admin"],"url":"https:\/\/curierulsatelor.ro\/wp\/author\/admin\/"}]}},"_links":{"self":[{"href":"https:\/\/curierulsatelor.ro\/wp\/wp-json\/wp\/v2\/posts\/16437","targetHints":{"allow":["GET"]}}],"collection":[{"href":"https:\/\/curierulsatelor.ro\/wp\/wp-json\/wp\/v2\/posts"}],"about":[{"href":"https:\/\/curierulsatelor.ro\/wp\/wp-json\/wp\/v2\/types\/post"}],"author":[{"embeddable":true,"href":"https:\/\/curierulsatelor.ro\/wp\/wp-json\/wp\/v2\/users\/1"}],"replies":[{"embeddable":true,"href":"https:\/\/curierulsatelor.ro\/wp\/wp-json\/wp\/v2\/comments?post=16437"}],"version-history":[{"count":1,"href":"https:\/\/curierulsatelor.ro\/wp\/wp-json\/wp\/v2\/posts\/16437\/revisions"}],"predecessor-version":[{"id":16440,"href":"https:\/\/curierulsatelor.ro\/wp\/wp-json\/wp\/v2\/posts\/16437\/revisions\/16440"}],"wp:featuredmedia":[{"embeddable":true,"href":"https:\/\/curierulsatelor.ro\/wp\/wp-json\/wp\/v2\/media\/16439"}],"wp:attachment":[{"href":"https:\/\/curierulsatelor.ro\/wp\/wp-json\/wp\/v2\/media?parent=16437"}],"wp:term":[{"taxonomy":"category","embeddable":true,"href":"https:\/\/curierulsatelor.ro\/wp\/wp-json\/wp\/v2\/categories?post=16437"},{"taxonomy":"post_tag","embeddable":true,"href":"https:\/\/curierulsatelor.ro\/wp\/wp-json\/wp\/v2\/tags?post=16437"}],"curies":[{"name":"wp","href":"https:\/\/api.w.org\/{rel}","templated":true}]}}