{"id":16798,"date":"2025-11-02T14:06:18","date_gmt":"2025-11-02T12:06:18","guid":{"rendered":"https:\/\/curierulsatelor.ro\/wp\/?p=16798"},"modified":"2025-11-02T14:14:00","modified_gmt":"2025-11-02T12:14:00","slug":"exclusiv-sute-de-mateloti-ai-dianei-sosoaca-iau-cu-asalt-parlamentul-european","status":"publish","type":"post","link":"https:\/\/curierulsatelor.ro\/wp\/2025\/11\/02\/exclusiv-sute-de-mateloti-ai-dianei-sosoaca-iau-cu-asalt-parlamentul-european\/","title":{"rendered":"Exclusiv- Sute de matelo\u021bi ai Dianei \u0218o\u0219oac\u0103 iau cu asalt Parlamentul European"},"content":{"rendered":"\n<p class=\"has-medium-font-size\">C\u00e2teva sute de membri SOS din toate organiza\u021biile jude\u021bene vor pleca vineri spre Bruxelles. Cei mai activi membri din fiecare organiza\u021bie SOS vor face o vizit\u0103 de trei zile la Parlamentul European. Mar\u021bi, 4 noiembrie, toate drumurile \u0219o\u0219ocarilor vor duce c\u0103tre Bruxelles. Diana \u0218o\u0219oac\u0103 \u00ee\u0219i r\u0103spl\u0103te\u0219te astfel activi\u0219tii de partid, loiali, implica\u021bi.<\/p>\n\n\n\n<p class=\"has-medium-font-size\">De altfel, \u00een ultimul an, Diana \u0218o\u0219oac\u0103 \u0219i-a f\u0103cut un obicei ca din subven\u021bia primit\u0103 pe partid de la stat s\u0103 ofere momente speciale membrilor de partid. Vizita la Bruxelles vine dup\u0103 ce \u00een var\u0103 \u0218o\u0219oac\u0103 \u0219i-a dus activul de partid la Mangalia, de 1 Mai, dar \u0219i la o \u0219coal\u0103 politic\u0103 de var\u0103 unde deplasarea, cazarea \u0219i masa miilor de participan\u021bi au fost asigurate de Diana \u0218o\u0219oac\u0103. <\/p>\n\n\n\n<p class=\"has-medium-font-size\">\u201d Oamenii cei mai activi din toate organiza\u021biile jude\u021bene, care sunt trup \u0219i suflet pentru SOS Rom\u00e2nia, vor merge \u00een Parlamentul European, din partea partidului, pentru o vizit\u0103 oficial\u0103 acolo. Suntem c\u00e2teva sute de rom\u00e2ni care vom merge acolo, pentru 3 zile. Vom avea o \u00eent\u00e2lnire \u00een Parlamentul European. Spre deosebire de al\u021bi lideri politici, doamna Diana \u0218o\u0219oac\u0103 \u00ee\u0219i crediteaz\u0103 \u0219i \u00ee\u0219i r\u0103spl\u0103te\u0219te membri care depun eforturi \u00een SOS Rom\u00e2nia\u201d, a declarat Emanuel Mihalache, liderul SOS Boto\u0219ani, pentru Curierul Regional.<\/p>\n\n\n\n<iframe width=\"916\" height=\"515\" src=\"https:\/\/www.youtube.com\/embed\/A5jfC1VpXnk\" title=\"Emanuel Mihalache, sute de sosocari merg in Parlamentul European\" frameborder=\"0\" allow=\"accelerometer; autoplay; clipboard-write; encrypted-media; gyroscope; picture-in-picture; web-share\" referrerpolicy=\"strict-origin-when-cross-origin\" allowfullscreen><\/iframe>\n","protected":false},"excerpt":{"rendered":"<p>C\u00e2teva sute de membri SOS din toate organiza\u021biile jude\u021bene vor pleca vineri spre Bruxelles. Cei&#8230;<\/p>\n","protected":false},"author":1,"featured_media":16799,"comment_status":"open","ping_status":"open","sticky":false,"template":"","format":"standard","meta":{"footnotes":""},"categories":[15,19,6],"tags":[],"class_list":["post-16798","post","type-post","status-publish","format-standard","has-post-thumbnail","hentry","category-botosani","category-curierul-tvr","category-politica"],"yoast_head":"<!-- This site is optimized with the Yoast SEO plugin v27.4 - https:\/\/yoast.com\/product\/yoast-seo-wordpress\/ -->\n<title>Exclusiv- Sute de matelo\u021bi ai Dianei \u0218o\u0219oac\u0103 iau cu asalt Parlamentul European - Curierul Regional<\/title>\n<meta name=\"robots\" content=\"index, follow, max-snippet:-1, max-image-preview:large, max-video-preview:-1\" \/>\n<link rel=\"canonical\" href=\"https:\/\/curierulsatelor.ro\/wp\/2025\/11\/02\/exclusiv-sute-de-mateloti-ai-dianei-sosoaca-iau-cu-asalt-parlamentul-european\/\" \/>\n<meta property=\"og:locale\" content=\"ro_RO\" \/>\n<meta property=\"og:type\" content=\"article\" \/>\n<meta property=\"og:title\" content=\"Exclusiv- Sute de matelo\u021bi ai Dianei \u0218o\u0219oac\u0103 iau cu asalt Parlamentul European - Curierul Regional\" \/>\n<meta property=\"og:description\" content=\"C\u00e2teva sute de membri SOS din toate organiza\u021biile jude\u021bene vor pleca vineri spre Bruxelles. Cei...\" \/>\n<meta property=\"og:url\" content=\"https:\/\/curierulsatelor.ro\/wp\/2025\/11\/02\/exclusiv-sute-de-mateloti-ai-dianei-sosoaca-iau-cu-asalt-parlamentul-european\/\" \/>\n<meta property=\"og:site_name\" content=\"Curierul Regional\" \/>\n<meta property=\"article:published_time\" content=\"2025-11-02T12:06:18+00:00\" \/>\n<meta property=\"article:modified_time\" content=\"2025-11-02T12:14:00+00:00\" \/>\n<meta property=\"og:image\" content=\"https:\/\/curierulsatelor.ro\/wp\/wp-content\/uploads\/2025\/11\/SOS-Botosani-1-scaled.jpg\" \/>\n\t<meta property=\"og:image:width\" content=\"2560\" \/>\n\t<meta property=\"og:image:height\" content=\"1144\" \/>\n\t<meta property=\"og:image:type\" content=\"image\/jpeg\" \/>\n<meta name=\"author\" content=\"Marian Morosan\" \/>\n<meta name=\"twitter:card\" content=\"summary_large_image\" \/>\n<meta name=\"twitter:label1\" content=\"Scris de\" \/>\n\t<meta name=\"twitter:data1\" content=\"Marian Morosan\" \/>\n\t<meta name=\"twitter:label2\" content=\"Timp estimat pentru citire\" \/>\n\t<meta name=\"twitter:data2\" content=\"2 minute\" \/>\n<script type=\"application\/ld+json\" class=\"yoast-schema-graph\">{\"@context\":\"https:\\\/\\\/schema.org\",\"@graph\":[{\"@type\":\"Article\",\"@id\":\"https:\\\/\\\/curierulsatelor.ro\\\/wp\\\/2025\\\/11\\\/02\\\/exclusiv-sute-de-mateloti-ai-dianei-sosoaca-iau-cu-asalt-parlamentul-european\\\/#article\",\"isPartOf\":{\"@id\":\"https:\\\/\\\/curierulsatelor.ro\\\/wp\\\/2025\\\/11\\\/02\\\/exclusiv-sute-de-mateloti-ai-dianei-sosoaca-iau-cu-asalt-parlamentul-european\\\/\"},\"author\":{\"name\":\"Marian Morosan\",\"@id\":\"https:\\\/\\\/curierulsatelor.ro\\\/wp\\\/#\\\/schema\\\/person\\\/6f6b28a030e15d619a82894773d6e7b9\"},\"headline\":\"Exclusiv- Sute de matelo\u021bi ai Dianei \u0218o\u0219oac\u0103 iau cu asalt Parlamentul European\",\"datePublished\":\"2025-11-02T12:06:18+00:00\",\"dateModified\":\"2025-11-02T12:14:00+00:00\",\"mainEntityOfPage\":{\"@id\":\"https:\\\/\\\/curierulsatelor.ro\\\/wp\\\/2025\\\/11\\\/02\\\/exclusiv-sute-de-mateloti-ai-dianei-sosoaca-iau-cu-asalt-parlamentul-european\\\/\"},\"wordCount\":242,\"commentCount\":0,\"publisher\":{\"@id\":\"https:\\\/\\\/curierulsatelor.ro\\\/wp\\\/#organization\"},\"image\":{\"@id\":\"https:\\\/\\\/curierulsatelor.ro\\\/wp\\\/2025\\\/11\\\/02\\\/exclusiv-sute-de-mateloti-ai-dianei-sosoaca-iau-cu-asalt-parlamentul-european\\\/#primaryimage\"},\"thumbnailUrl\":\"https:\\\/\\\/curierulsatelor.ro\\\/wp\\\/wp-content\\\/uploads\\\/2025\\\/11\\\/SOS-Botosani-1-scaled.jpg\",\"articleSection\":[\"Boto\u0219ani\",\"Curierul TV(R)\",\"Politica\"],\"inLanguage\":\"ro-RO\",\"potentialAction\":[{\"@type\":\"CommentAction\",\"name\":\"Comment\",\"target\":[\"https:\\\/\\\/curierulsatelor.ro\\\/wp\\\/2025\\\/11\\\/02\\\/exclusiv-sute-de-mateloti-ai-dianei-sosoaca-iau-cu-asalt-parlamentul-european\\\/#respond\"]}]},{\"@type\":\"WebPage\",\"@id\":\"https:\\\/\\\/curierulsatelor.ro\\\/wp\\\/2025\\\/11\\\/02\\\/exclusiv-sute-de-mateloti-ai-dianei-sosoaca-iau-cu-asalt-parlamentul-european\\\/\",\"url\":\"https:\\\/\\\/curierulsatelor.ro\\\/wp\\\/2025\\\/11\\\/02\\\/exclusiv-sute-de-mateloti-ai-dianei-sosoaca-iau-cu-asalt-parlamentul-european\\\/\",\"name\":\"Exclusiv- Sute de matelo\u021bi ai Dianei \u0218o\u0219oac\u0103 iau cu asalt Parlamentul European - Curierul Regional\",\"isPartOf\":{\"@id\":\"https:\\\/\\\/curierulsatelor.ro\\\/wp\\\/#website\"},\"primaryImageOfPage\":{\"@id\":\"https:\\\/\\\/curierulsatelor.ro\\\/wp\\\/2025\\\/11\\\/02\\\/exclusiv-sute-de-mateloti-ai-dianei-sosoaca-iau-cu-asalt-parlamentul-european\\\/#primaryimage\"},\"image\":{\"@id\":\"https:\\\/\\\/curierulsatelor.ro\\\/wp\\\/2025\\\/11\\\/02\\\/exclusiv-sute-de-mateloti-ai-dianei-sosoaca-iau-cu-asalt-parlamentul-european\\\/#primaryimage\"},\"thumbnailUrl\":\"https:\\\/\\\/curierulsatelor.ro\\\/wp\\\/wp-content\\\/uploads\\\/2025\\\/11\\\/SOS-Botosani-1-scaled.jpg\",\"datePublished\":\"2025-11-02T12:06:18+00:00\",\"dateModified\":\"2025-11-02T12:14:00+00:00\",\"breadcrumb\":{\"@id\":\"https:\\\/\\\/curierulsatelor.ro\\\/wp\\\/2025\\\/11\\\/02\\\/exclusiv-sute-de-mateloti-ai-dianei-sosoaca-iau-cu-asalt-parlamentul-european\\\/#breadcrumb\"},\"inLanguage\":\"ro-RO\",\"potentialAction\":[{\"@type\":\"ReadAction\",\"target\":[\"https:\\\/\\\/curierulsatelor.ro\\\/wp\\\/2025\\\/11\\\/02\\\/exclusiv-sute-de-mateloti-ai-dianei-sosoaca-iau-cu-asalt-parlamentul-european\\\/\"]}]},{\"@type\":\"ImageObject\",\"inLanguage\":\"ro-RO\",\"@id\":\"https:\\\/\\\/curierulsatelor.ro\\\/wp\\\/2025\\\/11\\\/02\\\/exclusiv-sute-de-mateloti-ai-dianei-sosoaca-iau-cu-asalt-parlamentul-european\\\/#primaryimage\",\"url\":\"https:\\\/\\\/curierulsatelor.ro\\\/wp\\\/wp-content\\\/uploads\\\/2025\\\/11\\\/SOS-Botosani-1-scaled.jpg\",\"contentUrl\":\"https:\\\/\\\/curierulsatelor.ro\\\/wp\\\/wp-content\\\/uploads\\\/2025\\\/11\\\/SOS-Botosani-1-scaled.jpg\",\"width\":2560,\"height\":1144,\"caption\":\"Emanuel Mihalache\"},{\"@type\":\"BreadcrumbList\",\"@id\":\"https:\\\/\\\/curierulsatelor.ro\\\/wp\\\/2025\\\/11\\\/02\\\/exclusiv-sute-de-mateloti-ai-dianei-sosoaca-iau-cu-asalt-parlamentul-european\\\/#breadcrumb\",\"itemListElement\":[{\"@type\":\"ListItem\",\"position\":1,\"name\":\"Prima pagin\u0103\",\"item\":\"https:\\\/\\\/curierulsatelor.ro\\\/wp\\\/\"},{\"@type\":\"ListItem\",\"position\":2,\"name\":\"Exclusiv- Sute de matelo\u021bi ai Dianei \u0218o\u0219oac\u0103 iau cu asalt Parlamentul European\"}]},{\"@type\":\"WebSite\",\"@id\":\"https:\\\/\\\/curierulsatelor.ro\\\/wp\\\/#website\",\"url\":\"https:\\\/\\\/curierulsatelor.ro\\\/wp\\\/\",\"name\":\"Curierul Regional\",\"description\":\"\",\"publisher\":{\"@id\":\"https:\\\/\\\/curierulsatelor.ro\\\/wp\\\/#organization\"},\"potentialAction\":[{\"@type\":\"SearchAction\",\"target\":{\"@type\":\"EntryPoint\",\"urlTemplate\":\"https:\\\/\\\/curierulsatelor.ro\\\/wp\\\/?s={search_term_string}\"},\"query-input\":{\"@type\":\"PropertyValueSpecification\",\"valueRequired\":true,\"valueName\":\"search_term_string\"}}],\"inLanguage\":\"ro-RO\"},{\"@type\":\"Organization\",\"@id\":\"https:\\\/\\\/curierulsatelor.ro\\\/wp\\\/#organization\",\"name\":\"Curierul Regional\",\"url\":\"https:\\\/\\\/curierulsatelor.ro\\\/wp\\\/\",\"logo\":{\"@type\":\"ImageObject\",\"inLanguage\":\"ro-RO\",\"@id\":\"https:\\\/\\\/curierulsatelor.ro\\\/wp\\\/#\\\/schema\\\/logo\\\/image\\\/\",\"url\":\"https:\\\/\\\/curierulsatelor.ro\\\/wp\\\/wp-content\\\/uploads\\\/2020\\\/01\\\/Curierul-Regional-si-Curierul-satelor-logo-header.png\",\"contentUrl\":\"https:\\\/\\\/curierulsatelor.ro\\\/wp\\\/wp-content\\\/uploads\\\/2020\\\/01\\\/Curierul-Regional-si-Curierul-satelor-logo-header.png\",\"width\":2943,\"height\":685,\"caption\":\"Curierul Regional\"},\"image\":{\"@id\":\"https:\\\/\\\/curierulsatelor.ro\\\/wp\\\/#\\\/schema\\\/logo\\\/image\\\/\"}},{\"@type\":\"Person\",\"@id\":\"https:\\\/\\\/curierulsatelor.ro\\\/wp\\\/#\\\/schema\\\/person\\\/6f6b28a030e15d619a82894773d6e7b9\",\"name\":\"Marian Morosan\",\"image\":{\"@type\":\"ImageObject\",\"inLanguage\":\"ro-RO\",\"@id\":\"https:\\\/\\\/secure.gravatar.com\\\/avatar\\\/2e833cc9ab99e6bca46266d4ad9030d308346ff7ff0b6b955c29b74cafaf064b?s=96&d=mm&r=g\",\"url\":\"https:\\\/\\\/secure.gravatar.com\\\/avatar\\\/2e833cc9ab99e6bca46266d4ad9030d308346ff7ff0b6b955c29b74cafaf064b?s=96&d=mm&r=g\",\"contentUrl\":\"https:\\\/\\\/secure.gravatar.com\\\/avatar\\\/2e833cc9ab99e6bca46266d4ad9030d308346ff7ff0b6b955c29b74cafaf064b?s=96&d=mm&r=g\",\"caption\":\"Marian Morosan\"},\"description\":\"Copiilor no\u015ftri li se preg\u0103te\u015fte, incon\u015ftient, o lume de joben ciuruit, din care niciodat\u0103 nu iese iepura\u015ful. Doar panglicile politicilor sociale roase de moliile cu \u015ftaif din ultimele decenii. Suntem oropsi\u0163i, suntem dispera\u0163i, manipula\u0163i p\u00e2n\u0103 acolo \u00eenc\u00e2t ne bucur\u0103m s\u0103 fim masa de manevr\u0103 a unora \u015fi s\u0103 sus\u0163inem c\u0103 a\u015fa e normal. Acum \u00eel \u00een\u0163eleg pe Cioran, dar \u00eel \u00een\u0163eleg mai bine \u015fi pe Preda. \u015ei m\u0103 g\u00e2ndesc iar, cu groaz\u0103, la copilul meu. Cel pu\u0163in eu nu \u00eemi doresc s\u0103 \u015ftiu c\u0103 micu\u0163ul meu va fi singur, cu sufletul descul\u0163, prin jungla mileniului III ! https:\\\/\\\/curierulsatelor.ro\\\/wp\\\/2019\\\/10\\\/16\\\/cu-sufletul-descult-prin-jungla-mileniului-iii-editorial\\\/\",\"sameAs\":[\"http:\\\/\\\/admin\"],\"url\":\"https:\\\/\\\/curierulsatelor.ro\\\/wp\\\/author\\\/admin\\\/\"}]}<\/script>\n<!-- \/ Yoast SEO plugin. -->","yoast_head_json":{"title":"Exclusiv- Sute de matelo\u021bi ai Dianei \u0218o\u0219oac\u0103 iau cu asalt Parlamentul European - Curierul Regional","robots":{"index":"index","follow":"follow","max-snippet":"max-snippet:-1","max-image-preview":"max-image-preview:large","max-video-preview":"max-video-preview:-1"},"canonical":"https:\/\/curierulsatelor.ro\/wp\/2025\/11\/02\/exclusiv-sute-de-mateloti-ai-dianei-sosoaca-iau-cu-asalt-parlamentul-european\/","og_locale":"ro_RO","og_type":"article","og_title":"Exclusiv- Sute de matelo\u021bi ai Dianei \u0218o\u0219oac\u0103 iau cu asalt Parlamentul European - Curierul Regional","og_description":"C\u00e2teva sute de membri SOS din toate organiza\u021biile jude\u021bene vor pleca vineri spre Bruxelles. Cei...","og_url":"https:\/\/curierulsatelor.ro\/wp\/2025\/11\/02\/exclusiv-sute-de-mateloti-ai-dianei-sosoaca-iau-cu-asalt-parlamentul-european\/","og_site_name":"Curierul Regional","article_published_time":"2025-11-02T12:06:18+00:00","article_modified_time":"2025-11-02T12:14:00+00:00","og_image":[{"width":2560,"height":1144,"url":"https:\/\/curierulsatelor.ro\/wp\/wp-content\/uploads\/2025\/11\/SOS-Botosani-1-scaled.jpg","type":"image\/jpeg"}],"author":"Marian Morosan","twitter_card":"summary_large_image","twitter_misc":{"Scris de":"Marian Morosan","Timp estimat pentru citire":"2 minute"},"schema":{"@context":"https:\/\/schema.org","@graph":[{"@type":"Article","@id":"https:\/\/curierulsatelor.ro\/wp\/2025\/11\/02\/exclusiv-sute-de-mateloti-ai-dianei-sosoaca-iau-cu-asalt-parlamentul-european\/#article","isPartOf":{"@id":"https:\/\/curierulsatelor.ro\/wp\/2025\/11\/02\/exclusiv-sute-de-mateloti-ai-dianei-sosoaca-iau-cu-asalt-parlamentul-european\/"},"author":{"name":"Marian Morosan","@id":"https:\/\/curierulsatelor.ro\/wp\/#\/schema\/person\/6f6b28a030e15d619a82894773d6e7b9"},"headline":"Exclusiv- Sute de matelo\u021bi ai Dianei \u0218o\u0219oac\u0103 iau cu asalt Parlamentul European","datePublished":"2025-11-02T12:06:18+00:00","dateModified":"2025-11-02T12:14:00+00:00","mainEntityOfPage":{"@id":"https:\/\/curierulsatelor.ro\/wp\/2025\/11\/02\/exclusiv-sute-de-mateloti-ai-dianei-sosoaca-iau-cu-asalt-parlamentul-european\/"},"wordCount":242,"commentCount":0,"publisher":{"@id":"https:\/\/curierulsatelor.ro\/wp\/#organization"},"image":{"@id":"https:\/\/curierulsatelor.ro\/wp\/2025\/11\/02\/exclusiv-sute-de-mateloti-ai-dianei-sosoaca-iau-cu-asalt-parlamentul-european\/#primaryimage"},"thumbnailUrl":"https:\/\/curierulsatelor.ro\/wp\/wp-content\/uploads\/2025\/11\/SOS-Botosani-1-scaled.jpg","articleSection":["Boto\u0219ani","Curierul TV(R)","Politica"],"inLanguage":"ro-RO","potentialAction":[{"@type":"CommentAction","name":"Comment","target":["https:\/\/curierulsatelor.ro\/wp\/2025\/11\/02\/exclusiv-sute-de-mateloti-ai-dianei-sosoaca-iau-cu-asalt-parlamentul-european\/#respond"]}]},{"@type":"WebPage","@id":"https:\/\/curierulsatelor.ro\/wp\/2025\/11\/02\/exclusiv-sute-de-mateloti-ai-dianei-sosoaca-iau-cu-asalt-parlamentul-european\/","url":"https:\/\/curierulsatelor.ro\/wp\/2025\/11\/02\/exclusiv-sute-de-mateloti-ai-dianei-sosoaca-iau-cu-asalt-parlamentul-european\/","name":"Exclusiv- Sute de matelo\u021bi ai Dianei \u0218o\u0219oac\u0103 iau cu asalt Parlamentul European - Curierul Regional","isPartOf":{"@id":"https:\/\/curierulsatelor.ro\/wp\/#website"},"primaryImageOfPage":{"@id":"https:\/\/curierulsatelor.ro\/wp\/2025\/11\/02\/exclusiv-sute-de-mateloti-ai-dianei-sosoaca-iau-cu-asalt-parlamentul-european\/#primaryimage"},"image":{"@id":"https:\/\/curierulsatelor.ro\/wp\/2025\/11\/02\/exclusiv-sute-de-mateloti-ai-dianei-sosoaca-iau-cu-asalt-parlamentul-european\/#primaryimage"},"thumbnailUrl":"https:\/\/curierulsatelor.ro\/wp\/wp-content\/uploads\/2025\/11\/SOS-Botosani-1-scaled.jpg","datePublished":"2025-11-02T12:06:18+00:00","dateModified":"2025-11-02T12:14:00+00:00","breadcrumb":{"@id":"https:\/\/curierulsatelor.ro\/wp\/2025\/11\/02\/exclusiv-sute-de-mateloti-ai-dianei-sosoaca-iau-cu-asalt-parlamentul-european\/#breadcrumb"},"inLanguage":"ro-RO","potentialAction":[{"@type":"ReadAction","target":["https:\/\/curierulsatelor.ro\/wp\/2025\/11\/02\/exclusiv-sute-de-mateloti-ai-dianei-sosoaca-iau-cu-asalt-parlamentul-european\/"]}]},{"@type":"ImageObject","inLanguage":"ro-RO","@id":"https:\/\/curierulsatelor.ro\/wp\/2025\/11\/02\/exclusiv-sute-de-mateloti-ai-dianei-sosoaca-iau-cu-asalt-parlamentul-european\/#primaryimage","url":"https:\/\/curierulsatelor.ro\/wp\/wp-content\/uploads\/2025\/11\/SOS-Botosani-1-scaled.jpg","contentUrl":"https:\/\/curierulsatelor.ro\/wp\/wp-content\/uploads\/2025\/11\/SOS-Botosani-1-scaled.jpg","width":2560,"height":1144,"caption":"Emanuel Mihalache"},{"@type":"BreadcrumbList","@id":"https:\/\/curierulsatelor.ro\/wp\/2025\/11\/02\/exclusiv-sute-de-mateloti-ai-dianei-sosoaca-iau-cu-asalt-parlamentul-european\/#breadcrumb","itemListElement":[{"@type":"ListItem","position":1,"name":"Prima pagin\u0103","item":"https:\/\/curierulsatelor.ro\/wp\/"},{"@type":"ListItem","position":2,"name":"Exclusiv- Sute de matelo\u021bi ai Dianei \u0218o\u0219oac\u0103 iau cu asalt Parlamentul European"}]},{"@type":"WebSite","@id":"https:\/\/curierulsatelor.ro\/wp\/#website","url":"https:\/\/curierulsatelor.ro\/wp\/","name":"Curierul Regional","description":"","publisher":{"@id":"https:\/\/curierulsatelor.ro\/wp\/#organization"},"potentialAction":[{"@type":"SearchAction","target":{"@type":"EntryPoint","urlTemplate":"https:\/\/curierulsatelor.ro\/wp\/?s={search_term_string}"},"query-input":{"@type":"PropertyValueSpecification","valueRequired":true,"valueName":"search_term_string"}}],"inLanguage":"ro-RO"},{"@type":"Organization","@id":"https:\/\/curierulsatelor.ro\/wp\/#organization","name":"Curierul Regional","url":"https:\/\/curierulsatelor.ro\/wp\/","logo":{"@type":"ImageObject","inLanguage":"ro-RO","@id":"https:\/\/curierulsatelor.ro\/wp\/#\/schema\/logo\/image\/","url":"https:\/\/curierulsatelor.ro\/wp\/wp-content\/uploads\/2020\/01\/Curierul-Regional-si-Curierul-satelor-logo-header.png","contentUrl":"https:\/\/curierulsatelor.ro\/wp\/wp-content\/uploads\/2020\/01\/Curierul-Regional-si-Curierul-satelor-logo-header.png","width":2943,"height":685,"caption":"Curierul Regional"},"image":{"@id":"https:\/\/curierulsatelor.ro\/wp\/#\/schema\/logo\/image\/"}},{"@type":"Person","@id":"https:\/\/curierulsatelor.ro\/wp\/#\/schema\/person\/6f6b28a030e15d619a82894773d6e7b9","name":"Marian Morosan","image":{"@type":"ImageObject","inLanguage":"ro-RO","@id":"https:\/\/secure.gravatar.com\/avatar\/2e833cc9ab99e6bca46266d4ad9030d308346ff7ff0b6b955c29b74cafaf064b?s=96&d=mm&r=g","url":"https:\/\/secure.gravatar.com\/avatar\/2e833cc9ab99e6bca46266d4ad9030d308346ff7ff0b6b955c29b74cafaf064b?s=96&d=mm&r=g","contentUrl":"https:\/\/secure.gravatar.com\/avatar\/2e833cc9ab99e6bca46266d4ad9030d308346ff7ff0b6b955c29b74cafaf064b?s=96&d=mm&r=g","caption":"Marian Morosan"},"description":"Copiilor no\u015ftri li se preg\u0103te\u015fte, incon\u015ftient, o lume de joben ciuruit, din care niciodat\u0103 nu iese iepura\u015ful. Doar panglicile politicilor sociale roase de moliile cu \u015ftaif din ultimele decenii. Suntem oropsi\u0163i, suntem dispera\u0163i, manipula\u0163i p\u00e2n\u0103 acolo \u00eenc\u00e2t ne bucur\u0103m s\u0103 fim masa de manevr\u0103 a unora \u015fi s\u0103 sus\u0163inem c\u0103 a\u015fa e normal. Acum \u00eel \u00een\u0163eleg pe Cioran, dar \u00eel \u00een\u0163eleg mai bine \u015fi pe Preda. \u015ei m\u0103 g\u00e2ndesc iar, cu groaz\u0103, la copilul meu. Cel pu\u0163in eu nu \u00eemi doresc s\u0103 \u015ftiu c\u0103 micu\u0163ul meu va fi singur, cu sufletul descul\u0163, prin jungla mileniului III ! https:\/\/curierulsatelor.ro\/wp\/2019\/10\/16\/cu-sufletul-descult-prin-jungla-mileniului-iii-editorial\/","sameAs":["http:\/\/admin"],"url":"https:\/\/curierulsatelor.ro\/wp\/author\/admin\/"}]}},"_links":{"self":[{"href":"https:\/\/curierulsatelor.ro\/wp\/wp-json\/wp\/v2\/posts\/16798","targetHints":{"allow":["GET"]}}],"collection":[{"href":"https:\/\/curierulsatelor.ro\/wp\/wp-json\/wp\/v2\/posts"}],"about":[{"href":"https:\/\/curierulsatelor.ro\/wp\/wp-json\/wp\/v2\/types\/post"}],"author":[{"embeddable":true,"href":"https:\/\/curierulsatelor.ro\/wp\/wp-json\/wp\/v2\/users\/1"}],"replies":[{"embeddable":true,"href":"https:\/\/curierulsatelor.ro\/wp\/wp-json\/wp\/v2\/comments?post=16798"}],"version-history":[{"count":2,"href":"https:\/\/curierulsatelor.ro\/wp\/wp-json\/wp\/v2\/posts\/16798\/revisions"}],"predecessor-version":[{"id":16801,"href":"https:\/\/curierulsatelor.ro\/wp\/wp-json\/wp\/v2\/posts\/16798\/revisions\/16801"}],"wp:featuredmedia":[{"embeddable":true,"href":"https:\/\/curierulsatelor.ro\/wp\/wp-json\/wp\/v2\/media\/16799"}],"wp:attachment":[{"href":"https:\/\/curierulsatelor.ro\/wp\/wp-json\/wp\/v2\/media?parent=16798"}],"wp:term":[{"taxonomy":"category","embeddable":true,"href":"https:\/\/curierulsatelor.ro\/wp\/wp-json\/wp\/v2\/categories?post=16798"},{"taxonomy":"post_tag","embeddable":true,"href":"https:\/\/curierulsatelor.ro\/wp\/wp-json\/wp\/v2\/tags?post=16798"}],"curies":[{"name":"wp","href":"https:\/\/api.w.org\/{rel}","templated":true}]}}