{"id":16822,"date":"2025-11-06T22:08:16","date_gmt":"2025-11-06T20:08:16","guid":{"rendered":"https:\/\/curierulsatelor.ro\/wp\/?p=16822"},"modified":"2025-11-06T22:08:17","modified_gmt":"2025-11-06T20:08:17","slug":"deschidere-internationala-pentru-regiunea-moldovei-cooperare-romano-saudita-si-noi-oportunitati-prin-moldovahub-si-via-moldavia","status":"publish","type":"post","link":"https:\/\/curierulsatelor.ro\/wp\/2025\/11\/06\/deschidere-internationala-pentru-regiunea-moldovei-cooperare-romano-saudita-si-noi-oportunitati-prin-moldovahub-si-via-moldavia\/","title":{"rendered":"Deschidere interna\u021bional\u0103 pentru Regiunea Moldovei: cooperare rom\u00e2no-saudit\u0103 \u0219i noi oportunit\u0103\u021bi prin MoldovaHUB \u0219i Via Moldavia"},"content":{"rendered":"\n<p class=\"has-medium-font-size\"><strong>Centrul de Analiz\u0103 \u0219i Planificare a Dezvolt\u0103rii Regionale (CAPDR)<\/strong>&nbsp;continu\u0103 demersurile de deschidere interna\u021bional\u0103 \u0219i consolidare a cooper\u0103rii economice pentru Regiunea Moldovei.<\/p>\n\n\n\n<p class=\"has-medium-font-size\">\u00cen acest context, Pre\u0219edintele CAPDR, <strong>Ion \u0218tefanovici,<\/strong>&nbsp;va participa luni, 10 noiembrie 2025, la cina de afaceri organizat\u0103 de Ambasada Regatului Arabiei Saudite la Bucure\u0219ti, cu prilejul lucr\u0103rilor Consiliului de Afaceri Saudit\u2013Rom\u00e2n.<\/p>\n\n\n\n<p class=\"has-medium-font-size\">Evenimentul marcheaz\u0103 o nou\u0103 etap\u0103 \u00een <strong>apropierea dintre Regatul Arabiei Saudite \u0219i mediul economic rom\u00e2nesc<\/strong>, oferind totodat\u0103 o platform\u0103 de dialog \u0219i promovare a Regiunii Moldovei ca spa\u021biu de investi\u021bii, cooperare \u0219i turism.<\/p>\n\n\n\n<figure class=\"wp-block-image alignright size-large is-resized\"><img fetchpriority=\"high\" decoding=\"async\" width=\"704\" height=\"1024\" src=\"https:\/\/curierulsatelor.ro\/wp\/wp-content\/uploads\/2025\/11\/ION-STEFANOVICI-ARABIA-SAUDITA-704x1024.jpg\" alt=\"\" class=\"wp-image-16824\" style=\"width:417px;height:auto\" srcset=\"https:\/\/curierulsatelor.ro\/wp\/wp-content\/uploads\/2025\/11\/ION-STEFANOVICI-ARABIA-SAUDITA-704x1024.jpg 704w, https:\/\/curierulsatelor.ro\/wp\/wp-content\/uploads\/2025\/11\/ION-STEFANOVICI-ARABIA-SAUDITA-206x300.jpg 206w, https:\/\/curierulsatelor.ro\/wp\/wp-content\/uploads\/2025\/11\/ION-STEFANOVICI-ARABIA-SAUDITA-768x1117.jpg 768w, https:\/\/curierulsatelor.ro\/wp\/wp-content\/uploads\/2025\/11\/ION-STEFANOVICI-ARABIA-SAUDITA-1024x1490.jpg 1024w, https:\/\/curierulsatelor.ro\/wp\/wp-content\/uploads\/2025\/11\/ION-STEFANOVICI-ARABIA-SAUDITA.jpg 1047w\" sizes=\"(max-width: 704px) 100vw, 704px\" \/><\/figure>\n\n\n\n<p class=\"has-medium-font-size\"><em>\u201ePrin aceast\u0103 participare, CAPDR propune organizarea unei serii de vizite tematice \u00een Regiunea Moldovei, adresate oamenilor de afaceri saudi\u021bi interesa\u021bi de investi\u021bii, comer\u021b exterior \u0219i turism.<\/em><\/p>\n\n\n\n<p class=\"has-medium-font-size\"><em>Componentele economice \u0219i investi\u021bionale vor fi dezvoltate prin platforma MoldovaHUB, iar dimensiunea turistic\u0103 va fi promovat\u0103 prin programul Via Moldavia, dedicat valorific\u0103rii rutelor turistice comune dintre Rom\u00e2nia, Republica Moldova \u0219i Ucraina, pe axa Carpa\u021bi \u2013 Prut \u2013 Nistru \u2013 Delta Dun\u0103rii \u2013 Marea Neagr\u0103\u201d<\/em>, a declarat Ion \u0218tefanovici, Pre\u0219edintele CAPDR.<\/p>\n\n\n\n<p class=\"has-medium-font-size\"><strong>Platforma MoldovaHUB<\/strong>&nbsp;reprezint\u0103 un instrument digital modern de conectare \u00eentre administra\u021biile publice, investitori \u0219i consultan\u021bi, destinat stimul\u0103rii proiectelor de investi\u021bii sustenabile, cooper\u0103rii economice transfrontaliere \u0219i parteneriatelor public\u2013private.<\/p>\n\n\n\n<p class=\"has-medium-font-size\">De asemenea, programul <strong>Via Moldavia<\/strong>&nbsp;promoveaz\u0103 o identitate turistic\u0103 comun\u0103 pentru spa\u021biul rom\u00e2no\u2013moldovean\u2013ucrainean, valorific\u00e2nd patrimoniul natural, cultural \u0219i gastronomic de pe \u00eentregul traseu <strong>Carpa\u021bi \u2013 Prut \u2013 Nistru \u2013 Delta Dun\u0103rii \u2013 Marea Neagr\u0103.<\/strong><\/p>\n\n\n\n<p class=\"has-medium-font-size\">Prin aceast\u0103 abordare integrat\u0103 \u2013 economic\u0103, investi\u021bional\u0103 \u0219i cultural\u0103 \u2013 <strong>CAPDR contribuie la consolidarea diploma\u021biei economice regionale<\/strong>, conect\u00e2nd Regiunea Moldovei la re\u021belele interna\u021bionale de cooperare \u0219i investi\u021bii.<\/p>\n\n\n\n<p class=\"has-medium-font-size\">Participarea Pre\u0219edintelui CAPDR la evenimentul de la Bucure\u0219ti reafirm\u0103 rolul Regiunii Moldovei ca pol de dezvoltare \u0219i cooperare strategic\u0103 \u00een cadrul Rom\u00e2niei \u0219i al Europei de Est.<\/p>\n","protected":false},"excerpt":{"rendered":"<p>Centrul de Analiz\u0103 \u0219i Planificare a Dezvolt\u0103rii Regionale (CAPDR)&nbsp;continu\u0103 demersurile de deschidere interna\u021bional\u0103 \u0219i consolidare&#8230;<\/p>\n","protected":false},"author":1,"featured_media":16823,"comment_status":"open","ping_status":"open","sticky":false,"template":"","format":"standard","meta":{"footnotes":""},"categories":[8,10,54,11],"tags":[164,163,165,161,162],"class_list":["post-16822","post","type-post","status-publish","format-standard","has-post-thumbnail","hentry","category-comunicate","category-economic","category-republica-moldova","category-stiri","tag-capdr","tag-cooperare-romano-saudita","tag-ion-stefanovici","tag-moldovahub","tag-via-moldavia"],"yoast_head":"<!-- This site is optimized with the Yoast SEO plugin v27.4 - https:\/\/yoast.com\/product\/yoast-seo-wordpress\/ -->\n<title>Deschidere interna\u021bional\u0103 pentru Regiunea Moldovei: cooperare rom\u00e2no-saudit\u0103 \u0219i noi oportunit\u0103\u021bi prin MoldovaHUB \u0219i Via Moldavia - Curierul Regional<\/title>\n<meta name=\"robots\" content=\"index, follow, max-snippet:-1, max-image-preview:large, max-video-preview:-1\" \/>\n<link rel=\"canonical\" href=\"https:\/\/curierulsatelor.ro\/wp\/2025\/11\/06\/deschidere-internationala-pentru-regiunea-moldovei-cooperare-romano-saudita-si-noi-oportunitati-prin-moldovahub-si-via-moldavia\/\" \/>\n<meta property=\"og:locale\" content=\"ro_RO\" \/>\n<meta property=\"og:type\" content=\"article\" \/>\n<meta property=\"og:title\" content=\"Deschidere interna\u021bional\u0103 pentru Regiunea Moldovei: cooperare rom\u00e2no-saudit\u0103 \u0219i noi oportunit\u0103\u021bi prin MoldovaHUB \u0219i Via Moldavia - Curierul Regional\" \/>\n<meta property=\"og:description\" content=\"Centrul de Analiz\u0103 \u0219i Planificare a Dezvolt\u0103rii Regionale (CAPDR)&nbsp;continu\u0103 demersurile de deschidere interna\u021bional\u0103 \u0219i consolidare...\" \/>\n<meta property=\"og:url\" content=\"https:\/\/curierulsatelor.ro\/wp\/2025\/11\/06\/deschidere-internationala-pentru-regiunea-moldovei-cooperare-romano-saudita-si-noi-oportunitati-prin-moldovahub-si-via-moldavia\/\" \/>\n<meta property=\"og:site_name\" content=\"Curierul Regional\" \/>\n<meta property=\"article:published_time\" content=\"2025-11-06T20:08:16+00:00\" \/>\n<meta property=\"article:modified_time\" content=\"2025-11-06T20:08:17+00:00\" \/>\n<meta property=\"og:image\" content=\"https:\/\/curierulsatelor.ro\/wp\/wp-content\/uploads\/2025\/11\/ION-STEFANOVICI-ARABIA-SAUDITA-2.jpg\" \/>\n\t<meta property=\"og:image:width\" content=\"987\" \/>\n\t<meta property=\"og:image:height\" content=\"558\" \/>\n\t<meta property=\"og:image:type\" content=\"image\/jpeg\" \/>\n<meta name=\"author\" content=\"Marian Morosan\" \/>\n<meta name=\"twitter:card\" content=\"summary_large_image\" \/>\n<meta name=\"twitter:label1\" content=\"Scris de\" \/>\n\t<meta name=\"twitter:data1\" content=\"Marian Morosan\" \/>\n\t<meta name=\"twitter:label2\" content=\"Timp estimat pentru citire\" \/>\n\t<meta name=\"twitter:data2\" content=\"2 minute\" \/>\n<script type=\"application\/ld+json\" class=\"yoast-schema-graph\">{\"@context\":\"https:\\\/\\\/schema.org\",\"@graph\":[{\"@type\":\"Article\",\"@id\":\"https:\\\/\\\/curierulsatelor.ro\\\/wp\\\/2025\\\/11\\\/06\\\/deschidere-internationala-pentru-regiunea-moldovei-cooperare-romano-saudita-si-noi-oportunitati-prin-moldovahub-si-via-moldavia\\\/#article\",\"isPartOf\":{\"@id\":\"https:\\\/\\\/curierulsatelor.ro\\\/wp\\\/2025\\\/11\\\/06\\\/deschidere-internationala-pentru-regiunea-moldovei-cooperare-romano-saudita-si-noi-oportunitati-prin-moldovahub-si-via-moldavia\\\/\"},\"author\":{\"name\":\"Marian Morosan\",\"@id\":\"https:\\\/\\\/curierulsatelor.ro\\\/wp\\\/#\\\/schema\\\/person\\\/6f6b28a030e15d619a82894773d6e7b9\"},\"headline\":\"Deschidere interna\u021bional\u0103 pentru Regiunea Moldovei: cooperare rom\u00e2no-saudit\u0103 \u0219i noi oportunit\u0103\u021bi prin MoldovaHUB \u0219i Via Moldavia\",\"datePublished\":\"2025-11-06T20:08:16+00:00\",\"dateModified\":\"2025-11-06T20:08:17+00:00\",\"mainEntityOfPage\":{\"@id\":\"https:\\\/\\\/curierulsatelor.ro\\\/wp\\\/2025\\\/11\\\/06\\\/deschidere-internationala-pentru-regiunea-moldovei-cooperare-romano-saudita-si-noi-oportunitati-prin-moldovahub-si-via-moldavia\\\/\"},\"wordCount\":330,\"commentCount\":0,\"publisher\":{\"@id\":\"https:\\\/\\\/curierulsatelor.ro\\\/wp\\\/#organization\"},\"image\":{\"@id\":\"https:\\\/\\\/curierulsatelor.ro\\\/wp\\\/2025\\\/11\\\/06\\\/deschidere-internationala-pentru-regiunea-moldovei-cooperare-romano-saudita-si-noi-oportunitati-prin-moldovahub-si-via-moldavia\\\/#primaryimage\"},\"thumbnailUrl\":\"https:\\\/\\\/curierulsatelor.ro\\\/wp\\\/wp-content\\\/uploads\\\/2025\\\/11\\\/ION-STEFANOVICI-ARABIA-SAUDITA-2.jpg\",\"keywords\":[\"CAPDR\",\"cooperare romano saudita\",\"Ion \u0218tefanovici\",\"MoldovaHUB\",\"Via Moldavia\"],\"articleSection\":[\"Comunicate\",\"Economic\",\"Republica Moldova\",\"Stiri\"],\"inLanguage\":\"ro-RO\",\"potentialAction\":[{\"@type\":\"CommentAction\",\"name\":\"Comment\",\"target\":[\"https:\\\/\\\/curierulsatelor.ro\\\/wp\\\/2025\\\/11\\\/06\\\/deschidere-internationala-pentru-regiunea-moldovei-cooperare-romano-saudita-si-noi-oportunitati-prin-moldovahub-si-via-moldavia\\\/#respond\"]}]},{\"@type\":\"WebPage\",\"@id\":\"https:\\\/\\\/curierulsatelor.ro\\\/wp\\\/2025\\\/11\\\/06\\\/deschidere-internationala-pentru-regiunea-moldovei-cooperare-romano-saudita-si-noi-oportunitati-prin-moldovahub-si-via-moldavia\\\/\",\"url\":\"https:\\\/\\\/curierulsatelor.ro\\\/wp\\\/2025\\\/11\\\/06\\\/deschidere-internationala-pentru-regiunea-moldovei-cooperare-romano-saudita-si-noi-oportunitati-prin-moldovahub-si-via-moldavia\\\/\",\"name\":\"Deschidere interna\u021bional\u0103 pentru Regiunea Moldovei: cooperare rom\u00e2no-saudit\u0103 \u0219i noi oportunit\u0103\u021bi prin MoldovaHUB \u0219i Via Moldavia - Curierul Regional\",\"isPartOf\":{\"@id\":\"https:\\\/\\\/curierulsatelor.ro\\\/wp\\\/#website\"},\"primaryImageOfPage\":{\"@id\":\"https:\\\/\\\/curierulsatelor.ro\\\/wp\\\/2025\\\/11\\\/06\\\/deschidere-internationala-pentru-regiunea-moldovei-cooperare-romano-saudita-si-noi-oportunitati-prin-moldovahub-si-via-moldavia\\\/#primaryimage\"},\"image\":{\"@id\":\"https:\\\/\\\/curierulsatelor.ro\\\/wp\\\/2025\\\/11\\\/06\\\/deschidere-internationala-pentru-regiunea-moldovei-cooperare-romano-saudita-si-noi-oportunitati-prin-moldovahub-si-via-moldavia\\\/#primaryimage\"},\"thumbnailUrl\":\"https:\\\/\\\/curierulsatelor.ro\\\/wp\\\/wp-content\\\/uploads\\\/2025\\\/11\\\/ION-STEFANOVICI-ARABIA-SAUDITA-2.jpg\",\"datePublished\":\"2025-11-06T20:08:16+00:00\",\"dateModified\":\"2025-11-06T20:08:17+00:00\",\"breadcrumb\":{\"@id\":\"https:\\\/\\\/curierulsatelor.ro\\\/wp\\\/2025\\\/11\\\/06\\\/deschidere-internationala-pentru-regiunea-moldovei-cooperare-romano-saudita-si-noi-oportunitati-prin-moldovahub-si-via-moldavia\\\/#breadcrumb\"},\"inLanguage\":\"ro-RO\",\"potentialAction\":[{\"@type\":\"ReadAction\",\"target\":[\"https:\\\/\\\/curierulsatelor.ro\\\/wp\\\/2025\\\/11\\\/06\\\/deschidere-internationala-pentru-regiunea-moldovei-cooperare-romano-saudita-si-noi-oportunitati-prin-moldovahub-si-via-moldavia\\\/\"]}]},{\"@type\":\"ImageObject\",\"inLanguage\":\"ro-RO\",\"@id\":\"https:\\\/\\\/curierulsatelor.ro\\\/wp\\\/2025\\\/11\\\/06\\\/deschidere-internationala-pentru-regiunea-moldovei-cooperare-romano-saudita-si-noi-oportunitati-prin-moldovahub-si-via-moldavia\\\/#primaryimage\",\"url\":\"https:\\\/\\\/curierulsatelor.ro\\\/wp\\\/wp-content\\\/uploads\\\/2025\\\/11\\\/ION-STEFANOVICI-ARABIA-SAUDITA-2.jpg\",\"contentUrl\":\"https:\\\/\\\/curierulsatelor.ro\\\/wp\\\/wp-content\\\/uploads\\\/2025\\\/11\\\/ION-STEFANOVICI-ARABIA-SAUDITA-2.jpg\",\"width\":987,\"height\":558},{\"@type\":\"BreadcrumbList\",\"@id\":\"https:\\\/\\\/curierulsatelor.ro\\\/wp\\\/2025\\\/11\\\/06\\\/deschidere-internationala-pentru-regiunea-moldovei-cooperare-romano-saudita-si-noi-oportunitati-prin-moldovahub-si-via-moldavia\\\/#breadcrumb\",\"itemListElement\":[{\"@type\":\"ListItem\",\"position\":1,\"name\":\"Prima pagin\u0103\",\"item\":\"https:\\\/\\\/curierulsatelor.ro\\\/wp\\\/\"},{\"@type\":\"ListItem\",\"position\":2,\"name\":\"Deschidere interna\u021bional\u0103 pentru Regiunea Moldovei: cooperare rom\u00e2no-saudit\u0103 \u0219i noi oportunit\u0103\u021bi prin MoldovaHUB \u0219i Via Moldavia\"}]},{\"@type\":\"WebSite\",\"@id\":\"https:\\\/\\\/curierulsatelor.ro\\\/wp\\\/#website\",\"url\":\"https:\\\/\\\/curierulsatelor.ro\\\/wp\\\/\",\"name\":\"Curierul Regional\",\"description\":\"\",\"publisher\":{\"@id\":\"https:\\\/\\\/curierulsatelor.ro\\\/wp\\\/#organization\"},\"potentialAction\":[{\"@type\":\"SearchAction\",\"target\":{\"@type\":\"EntryPoint\",\"urlTemplate\":\"https:\\\/\\\/curierulsatelor.ro\\\/wp\\\/?s={search_term_string}\"},\"query-input\":{\"@type\":\"PropertyValueSpecification\",\"valueRequired\":true,\"valueName\":\"search_term_string\"}}],\"inLanguage\":\"ro-RO\"},{\"@type\":\"Organization\",\"@id\":\"https:\\\/\\\/curierulsatelor.ro\\\/wp\\\/#organization\",\"name\":\"Curierul Regional\",\"url\":\"https:\\\/\\\/curierulsatelor.ro\\\/wp\\\/\",\"logo\":{\"@type\":\"ImageObject\",\"inLanguage\":\"ro-RO\",\"@id\":\"https:\\\/\\\/curierulsatelor.ro\\\/wp\\\/#\\\/schema\\\/logo\\\/image\\\/\",\"url\":\"https:\\\/\\\/curierulsatelor.ro\\\/wp\\\/wp-content\\\/uploads\\\/2020\\\/01\\\/Curierul-Regional-si-Curierul-satelor-logo-header.png\",\"contentUrl\":\"https:\\\/\\\/curierulsatelor.ro\\\/wp\\\/wp-content\\\/uploads\\\/2020\\\/01\\\/Curierul-Regional-si-Curierul-satelor-logo-header.png\",\"width\":2943,\"height\":685,\"caption\":\"Curierul Regional\"},\"image\":{\"@id\":\"https:\\\/\\\/curierulsatelor.ro\\\/wp\\\/#\\\/schema\\\/logo\\\/image\\\/\"}},{\"@type\":\"Person\",\"@id\":\"https:\\\/\\\/curierulsatelor.ro\\\/wp\\\/#\\\/schema\\\/person\\\/6f6b28a030e15d619a82894773d6e7b9\",\"name\":\"Marian Morosan\",\"image\":{\"@type\":\"ImageObject\",\"inLanguage\":\"ro-RO\",\"@id\":\"https:\\\/\\\/secure.gravatar.com\\\/avatar\\\/2e833cc9ab99e6bca46266d4ad9030d308346ff7ff0b6b955c29b74cafaf064b?s=96&d=mm&r=g\",\"url\":\"https:\\\/\\\/secure.gravatar.com\\\/avatar\\\/2e833cc9ab99e6bca46266d4ad9030d308346ff7ff0b6b955c29b74cafaf064b?s=96&d=mm&r=g\",\"contentUrl\":\"https:\\\/\\\/secure.gravatar.com\\\/avatar\\\/2e833cc9ab99e6bca46266d4ad9030d308346ff7ff0b6b955c29b74cafaf064b?s=96&d=mm&r=g\",\"caption\":\"Marian Morosan\"},\"description\":\"Copiilor no\u015ftri li se preg\u0103te\u015fte, incon\u015ftient, o lume de joben ciuruit, din care niciodat\u0103 nu iese iepura\u015ful. Doar panglicile politicilor sociale roase de moliile cu \u015ftaif din ultimele decenii. Suntem oropsi\u0163i, suntem dispera\u0163i, manipula\u0163i p\u00e2n\u0103 acolo \u00eenc\u00e2t ne bucur\u0103m s\u0103 fim masa de manevr\u0103 a unora \u015fi s\u0103 sus\u0163inem c\u0103 a\u015fa e normal. Acum \u00eel \u00een\u0163eleg pe Cioran, dar \u00eel \u00een\u0163eleg mai bine \u015fi pe Preda. \u015ei m\u0103 g\u00e2ndesc iar, cu groaz\u0103, la copilul meu. Cel pu\u0163in eu nu \u00eemi doresc s\u0103 \u015ftiu c\u0103 micu\u0163ul meu va fi singur, cu sufletul descul\u0163, prin jungla mileniului III ! https:\\\/\\\/curierulsatelor.ro\\\/wp\\\/2019\\\/10\\\/16\\\/cu-sufletul-descult-prin-jungla-mileniului-iii-editorial\\\/\",\"sameAs\":[\"http:\\\/\\\/admin\"],\"url\":\"https:\\\/\\\/curierulsatelor.ro\\\/wp\\\/author\\\/admin\\\/\"}]}<\/script>\n<!-- \/ Yoast SEO plugin. -->","yoast_head_json":{"title":"Deschidere interna\u021bional\u0103 pentru Regiunea Moldovei: cooperare rom\u00e2no-saudit\u0103 \u0219i noi oportunit\u0103\u021bi prin MoldovaHUB \u0219i Via Moldavia - Curierul Regional","robots":{"index":"index","follow":"follow","max-snippet":"max-snippet:-1","max-image-preview":"max-image-preview:large","max-video-preview":"max-video-preview:-1"},"canonical":"https:\/\/curierulsatelor.ro\/wp\/2025\/11\/06\/deschidere-internationala-pentru-regiunea-moldovei-cooperare-romano-saudita-si-noi-oportunitati-prin-moldovahub-si-via-moldavia\/","og_locale":"ro_RO","og_type":"article","og_title":"Deschidere interna\u021bional\u0103 pentru Regiunea Moldovei: cooperare rom\u00e2no-saudit\u0103 \u0219i noi oportunit\u0103\u021bi prin MoldovaHUB \u0219i Via Moldavia - Curierul Regional","og_description":"Centrul de Analiz\u0103 \u0219i Planificare a Dezvolt\u0103rii Regionale (CAPDR)&nbsp;continu\u0103 demersurile de deschidere interna\u021bional\u0103 \u0219i consolidare...","og_url":"https:\/\/curierulsatelor.ro\/wp\/2025\/11\/06\/deschidere-internationala-pentru-regiunea-moldovei-cooperare-romano-saudita-si-noi-oportunitati-prin-moldovahub-si-via-moldavia\/","og_site_name":"Curierul Regional","article_published_time":"2025-11-06T20:08:16+00:00","article_modified_time":"2025-11-06T20:08:17+00:00","og_image":[{"width":987,"height":558,"url":"https:\/\/curierulsatelor.ro\/wp\/wp-content\/uploads\/2025\/11\/ION-STEFANOVICI-ARABIA-SAUDITA-2.jpg","type":"image\/jpeg"}],"author":"Marian Morosan","twitter_card":"summary_large_image","twitter_misc":{"Scris de":"Marian Morosan","Timp estimat pentru citire":"2 minute"},"schema":{"@context":"https:\/\/schema.org","@graph":[{"@type":"Article","@id":"https:\/\/curierulsatelor.ro\/wp\/2025\/11\/06\/deschidere-internationala-pentru-regiunea-moldovei-cooperare-romano-saudita-si-noi-oportunitati-prin-moldovahub-si-via-moldavia\/#article","isPartOf":{"@id":"https:\/\/curierulsatelor.ro\/wp\/2025\/11\/06\/deschidere-internationala-pentru-regiunea-moldovei-cooperare-romano-saudita-si-noi-oportunitati-prin-moldovahub-si-via-moldavia\/"},"author":{"name":"Marian Morosan","@id":"https:\/\/curierulsatelor.ro\/wp\/#\/schema\/person\/6f6b28a030e15d619a82894773d6e7b9"},"headline":"Deschidere interna\u021bional\u0103 pentru Regiunea Moldovei: cooperare rom\u00e2no-saudit\u0103 \u0219i noi oportunit\u0103\u021bi prin MoldovaHUB \u0219i Via Moldavia","datePublished":"2025-11-06T20:08:16+00:00","dateModified":"2025-11-06T20:08:17+00:00","mainEntityOfPage":{"@id":"https:\/\/curierulsatelor.ro\/wp\/2025\/11\/06\/deschidere-internationala-pentru-regiunea-moldovei-cooperare-romano-saudita-si-noi-oportunitati-prin-moldovahub-si-via-moldavia\/"},"wordCount":330,"commentCount":0,"publisher":{"@id":"https:\/\/curierulsatelor.ro\/wp\/#organization"},"image":{"@id":"https:\/\/curierulsatelor.ro\/wp\/2025\/11\/06\/deschidere-internationala-pentru-regiunea-moldovei-cooperare-romano-saudita-si-noi-oportunitati-prin-moldovahub-si-via-moldavia\/#primaryimage"},"thumbnailUrl":"https:\/\/curierulsatelor.ro\/wp\/wp-content\/uploads\/2025\/11\/ION-STEFANOVICI-ARABIA-SAUDITA-2.jpg","keywords":["CAPDR","cooperare romano saudita","Ion \u0218tefanovici","MoldovaHUB","Via Moldavia"],"articleSection":["Comunicate","Economic","Republica Moldova","Stiri"],"inLanguage":"ro-RO","potentialAction":[{"@type":"CommentAction","name":"Comment","target":["https:\/\/curierulsatelor.ro\/wp\/2025\/11\/06\/deschidere-internationala-pentru-regiunea-moldovei-cooperare-romano-saudita-si-noi-oportunitati-prin-moldovahub-si-via-moldavia\/#respond"]}]},{"@type":"WebPage","@id":"https:\/\/curierulsatelor.ro\/wp\/2025\/11\/06\/deschidere-internationala-pentru-regiunea-moldovei-cooperare-romano-saudita-si-noi-oportunitati-prin-moldovahub-si-via-moldavia\/","url":"https:\/\/curierulsatelor.ro\/wp\/2025\/11\/06\/deschidere-internationala-pentru-regiunea-moldovei-cooperare-romano-saudita-si-noi-oportunitati-prin-moldovahub-si-via-moldavia\/","name":"Deschidere interna\u021bional\u0103 pentru Regiunea Moldovei: cooperare rom\u00e2no-saudit\u0103 \u0219i noi oportunit\u0103\u021bi prin MoldovaHUB \u0219i Via Moldavia - Curierul Regional","isPartOf":{"@id":"https:\/\/curierulsatelor.ro\/wp\/#website"},"primaryImageOfPage":{"@id":"https:\/\/curierulsatelor.ro\/wp\/2025\/11\/06\/deschidere-internationala-pentru-regiunea-moldovei-cooperare-romano-saudita-si-noi-oportunitati-prin-moldovahub-si-via-moldavia\/#primaryimage"},"image":{"@id":"https:\/\/curierulsatelor.ro\/wp\/2025\/11\/06\/deschidere-internationala-pentru-regiunea-moldovei-cooperare-romano-saudita-si-noi-oportunitati-prin-moldovahub-si-via-moldavia\/#primaryimage"},"thumbnailUrl":"https:\/\/curierulsatelor.ro\/wp\/wp-content\/uploads\/2025\/11\/ION-STEFANOVICI-ARABIA-SAUDITA-2.jpg","datePublished":"2025-11-06T20:08:16+00:00","dateModified":"2025-11-06T20:08:17+00:00","breadcrumb":{"@id":"https:\/\/curierulsatelor.ro\/wp\/2025\/11\/06\/deschidere-internationala-pentru-regiunea-moldovei-cooperare-romano-saudita-si-noi-oportunitati-prin-moldovahub-si-via-moldavia\/#breadcrumb"},"inLanguage":"ro-RO","potentialAction":[{"@type":"ReadAction","target":["https:\/\/curierulsatelor.ro\/wp\/2025\/11\/06\/deschidere-internationala-pentru-regiunea-moldovei-cooperare-romano-saudita-si-noi-oportunitati-prin-moldovahub-si-via-moldavia\/"]}]},{"@type":"ImageObject","inLanguage":"ro-RO","@id":"https:\/\/curierulsatelor.ro\/wp\/2025\/11\/06\/deschidere-internationala-pentru-regiunea-moldovei-cooperare-romano-saudita-si-noi-oportunitati-prin-moldovahub-si-via-moldavia\/#primaryimage","url":"https:\/\/curierulsatelor.ro\/wp\/wp-content\/uploads\/2025\/11\/ION-STEFANOVICI-ARABIA-SAUDITA-2.jpg","contentUrl":"https:\/\/curierulsatelor.ro\/wp\/wp-content\/uploads\/2025\/11\/ION-STEFANOVICI-ARABIA-SAUDITA-2.jpg","width":987,"height":558},{"@type":"BreadcrumbList","@id":"https:\/\/curierulsatelor.ro\/wp\/2025\/11\/06\/deschidere-internationala-pentru-regiunea-moldovei-cooperare-romano-saudita-si-noi-oportunitati-prin-moldovahub-si-via-moldavia\/#breadcrumb","itemListElement":[{"@type":"ListItem","position":1,"name":"Prima pagin\u0103","item":"https:\/\/curierulsatelor.ro\/wp\/"},{"@type":"ListItem","position":2,"name":"Deschidere interna\u021bional\u0103 pentru Regiunea Moldovei: cooperare rom\u00e2no-saudit\u0103 \u0219i noi oportunit\u0103\u021bi prin MoldovaHUB \u0219i Via Moldavia"}]},{"@type":"WebSite","@id":"https:\/\/curierulsatelor.ro\/wp\/#website","url":"https:\/\/curierulsatelor.ro\/wp\/","name":"Curierul Regional","description":"","publisher":{"@id":"https:\/\/curierulsatelor.ro\/wp\/#organization"},"potentialAction":[{"@type":"SearchAction","target":{"@type":"EntryPoint","urlTemplate":"https:\/\/curierulsatelor.ro\/wp\/?s={search_term_string}"},"query-input":{"@type":"PropertyValueSpecification","valueRequired":true,"valueName":"search_term_string"}}],"inLanguage":"ro-RO"},{"@type":"Organization","@id":"https:\/\/curierulsatelor.ro\/wp\/#organization","name":"Curierul Regional","url":"https:\/\/curierulsatelor.ro\/wp\/","logo":{"@type":"ImageObject","inLanguage":"ro-RO","@id":"https:\/\/curierulsatelor.ro\/wp\/#\/schema\/logo\/image\/","url":"https:\/\/curierulsatelor.ro\/wp\/wp-content\/uploads\/2020\/01\/Curierul-Regional-si-Curierul-satelor-logo-header.png","contentUrl":"https:\/\/curierulsatelor.ro\/wp\/wp-content\/uploads\/2020\/01\/Curierul-Regional-si-Curierul-satelor-logo-header.png","width":2943,"height":685,"caption":"Curierul Regional"},"image":{"@id":"https:\/\/curierulsatelor.ro\/wp\/#\/schema\/logo\/image\/"}},{"@type":"Person","@id":"https:\/\/curierulsatelor.ro\/wp\/#\/schema\/person\/6f6b28a030e15d619a82894773d6e7b9","name":"Marian Morosan","image":{"@type":"ImageObject","inLanguage":"ro-RO","@id":"https:\/\/secure.gravatar.com\/avatar\/2e833cc9ab99e6bca46266d4ad9030d308346ff7ff0b6b955c29b74cafaf064b?s=96&d=mm&r=g","url":"https:\/\/secure.gravatar.com\/avatar\/2e833cc9ab99e6bca46266d4ad9030d308346ff7ff0b6b955c29b74cafaf064b?s=96&d=mm&r=g","contentUrl":"https:\/\/secure.gravatar.com\/avatar\/2e833cc9ab99e6bca46266d4ad9030d308346ff7ff0b6b955c29b74cafaf064b?s=96&d=mm&r=g","caption":"Marian Morosan"},"description":"Copiilor no\u015ftri li se preg\u0103te\u015fte, incon\u015ftient, o lume de joben ciuruit, din care niciodat\u0103 nu iese iepura\u015ful. Doar panglicile politicilor sociale roase de moliile cu \u015ftaif din ultimele decenii. Suntem oropsi\u0163i, suntem dispera\u0163i, manipula\u0163i p\u00e2n\u0103 acolo \u00eenc\u00e2t ne bucur\u0103m s\u0103 fim masa de manevr\u0103 a unora \u015fi s\u0103 sus\u0163inem c\u0103 a\u015fa e normal. Acum \u00eel \u00een\u0163eleg pe Cioran, dar \u00eel \u00een\u0163eleg mai bine \u015fi pe Preda. \u015ei m\u0103 g\u00e2ndesc iar, cu groaz\u0103, la copilul meu. Cel pu\u0163in eu nu \u00eemi doresc s\u0103 \u015ftiu c\u0103 micu\u0163ul meu va fi singur, cu sufletul descul\u0163, prin jungla mileniului III ! https:\/\/curierulsatelor.ro\/wp\/2019\/10\/16\/cu-sufletul-descult-prin-jungla-mileniului-iii-editorial\/","sameAs":["http:\/\/admin"],"url":"https:\/\/curierulsatelor.ro\/wp\/author\/admin\/"}]}},"_links":{"self":[{"href":"https:\/\/curierulsatelor.ro\/wp\/wp-json\/wp\/v2\/posts\/16822","targetHints":{"allow":["GET"]}}],"collection":[{"href":"https:\/\/curierulsatelor.ro\/wp\/wp-json\/wp\/v2\/posts"}],"about":[{"href":"https:\/\/curierulsatelor.ro\/wp\/wp-json\/wp\/v2\/types\/post"}],"author":[{"embeddable":true,"href":"https:\/\/curierulsatelor.ro\/wp\/wp-json\/wp\/v2\/users\/1"}],"replies":[{"embeddable":true,"href":"https:\/\/curierulsatelor.ro\/wp\/wp-json\/wp\/v2\/comments?post=16822"}],"version-history":[{"count":1,"href":"https:\/\/curierulsatelor.ro\/wp\/wp-json\/wp\/v2\/posts\/16822\/revisions"}],"predecessor-version":[{"id":16825,"href":"https:\/\/curierulsatelor.ro\/wp\/wp-json\/wp\/v2\/posts\/16822\/revisions\/16825"}],"wp:featuredmedia":[{"embeddable":true,"href":"https:\/\/curierulsatelor.ro\/wp\/wp-json\/wp\/v2\/media\/16823"}],"wp:attachment":[{"href":"https:\/\/curierulsatelor.ro\/wp\/wp-json\/wp\/v2\/media?parent=16822"}],"wp:term":[{"taxonomy":"category","embeddable":true,"href":"https:\/\/curierulsatelor.ro\/wp\/wp-json\/wp\/v2\/categories?post=16822"},{"taxonomy":"post_tag","embeddable":true,"href":"https:\/\/curierulsatelor.ro\/wp\/wp-json\/wp\/v2\/tags?post=16822"}],"curies":[{"name":"wp","href":"https:\/\/api.w.org\/{rel}","templated":true}]}}