{"id":1777,"date":"2020-03-27T15:45:20","date_gmt":"2020-03-27T15:45:20","guid":{"rendered":"https:\/\/curierulsatelor.ro\/wp\/?p=1777"},"modified":"2020-03-27T15:45:22","modified_gmt":"2020-03-27T15:45:22","slug":"judetul-are-subprefect-vezi-ce-doamna-a-primit-demnitatea-si-cine-o-sustine","status":"publish","type":"post","link":"https:\/\/curierulsatelor.ro\/wp\/2020\/03\/27\/judetul-are-subprefect-vezi-ce-doamna-a-primit-demnitatea-si-cine-o-sustine\/","title":{"rendered":"Jude\u021bul are subprefect. Vezi ce doamn\u0103 a primit demnitatea \u0219i cine o sus\u021bine"},"content":{"rendered":"\n<p>\u00cencep\u00e2nd de asear\u0103, chiar dac\u0103 \u00eenc\u0103 nu a depus jur\u0103m\u00e2ntul, Rodica Zelinc\u0103 a fost numit\u0103 subprefect al jude\u021bului Boto\u0219ani. Aceasta a primit demnitatea \u00een urma \u0219edin\u021bei de Guvern de ieri, orele 17.00. Din ce \u0219tim ordinul este deja semnat, noul subprefect urm\u00e2nd s\u0103 depun\u0103 jur\u0103m\u00e2ntul. Rodica Zelinc\u0103 este propunerea PMP Boto\u0219ani \u00eenc\u0103 din decembrie anul trecut, este sus\u021binut\u0103 de acest partid \u0219i a fost acceptat\u0103 de c\u0103tre PNL. Rodica Zelinc\u0103 a fost comisar \u0219ef al G\u0103rzii de Mediu \u0219i a lucrat la DSV Boto\u0219ani \u00een ultimul timp. \u201dDoamna Zelinc\u0103 este o profesionist\u0103, a\u0219a cum a demonstrat \u0219i la Garda de Mediu \u0219i la DSV. A fost propus\u0103 \u0219i sus\u021binut\u0103 de c\u0103tre noi, dar o rog pe doamna Zelinc\u0103 un singur lucru. Nu \u00eei cer s\u0103 ia decizii bazate pe partizanat politic. O rog s\u0103 fie un subprefect pentru tot jude\u021bul, pentru to\u021bi boto\u0219\u0103nenii. Mai ales \u00een aceast\u0103 perioad\u0103 c\u00e2nd tot greul surmont\u0103rii crizei a c\u0103zut pe umerii medicilor, angaja\u021bilor MAI, prefec\u021bilor \u0219i subprefec\u021bilor\u201d, a spus Corneliu Popescu, liderul PMP Boto\u0219ani.<\/p>\n","protected":false},"excerpt":{"rendered":"<p>\u00cencep\u00e2nd de asear\u0103, chiar dac\u0103 \u00eenc\u0103 nu a depus jur\u0103m\u00e2ntul, Rodica Zelinc\u0103 a fost numit\u0103&#8230;<\/p>\n","protected":false},"author":1,"featured_media":1778,"comment_status":"open","ping_status":"open","sticky":false,"template":"","format":"standard","meta":{"footnotes":""},"categories":[15,11],"tags":[],"class_list":["post-1777","post","type-post","status-publish","format-standard","has-post-thumbnail","hentry","category-botosani","category-stiri"],"yoast_head":"<!-- This site is optimized with the Yoast SEO plugin v27.4 - https:\/\/yoast.com\/product\/yoast-seo-wordpress\/ -->\n<title>Jude\u021bul are subprefect. Vezi ce doamn\u0103 a primit demnitatea \u0219i cine o sus\u021bine - Curierul Regional<\/title>\n<meta name=\"robots\" content=\"index, follow, max-snippet:-1, max-image-preview:large, max-video-preview:-1\" \/>\n<link rel=\"canonical\" href=\"https:\/\/curierulsatelor.ro\/wp\/2020\/03\/27\/judetul-are-subprefect-vezi-ce-doamna-a-primit-demnitatea-si-cine-o-sustine\/\" \/>\n<meta property=\"og:locale\" content=\"ro_RO\" \/>\n<meta property=\"og:type\" content=\"article\" \/>\n<meta property=\"og:title\" content=\"Jude\u021bul are subprefect. Vezi ce doamn\u0103 a primit demnitatea \u0219i cine o sus\u021bine - Curierul Regional\" \/>\n<meta property=\"og:description\" content=\"\u00cencep\u00e2nd de asear\u0103, chiar dac\u0103 \u00eenc\u0103 nu a depus jur\u0103m\u00e2ntul, Rodica Zelinc\u0103 a fost numit\u0103...\" \/>\n<meta property=\"og:url\" content=\"https:\/\/curierulsatelor.ro\/wp\/2020\/03\/27\/judetul-are-subprefect-vezi-ce-doamna-a-primit-demnitatea-si-cine-o-sustine\/\" \/>\n<meta property=\"og:site_name\" content=\"Curierul Regional\" \/>\n<meta property=\"article:published_time\" content=\"2020-03-27T15:45:20+00:00\" \/>\n<meta property=\"article:modified_time\" content=\"2020-03-27T15:45:22+00:00\" \/>\n<meta property=\"og:image\" content=\"https:\/\/curierulsatelor.ro\/wp\/wp-content\/uploads\/2020\/03\/rodica-zelinca-subprefect-botosani-2.jpg\" \/>\n\t<meta property=\"og:image:width\" content=\"1455\" \/>\n\t<meta property=\"og:image:height\" content=\"1384\" \/>\n\t<meta property=\"og:image:type\" content=\"image\/jpeg\" \/>\n<meta name=\"author\" content=\"Marian Morosan\" \/>\n<meta name=\"twitter:card\" content=\"summary_large_image\" \/>\n<meta name=\"twitter:label1\" content=\"Scris de\" \/>\n\t<meta name=\"twitter:data1\" content=\"Marian Morosan\" \/>\n\t<meta name=\"twitter:label2\" content=\"Timp estimat pentru citire\" \/>\n\t<meta name=\"twitter:data2\" content=\"1 minut\" \/>\n<script type=\"application\/ld+json\" class=\"yoast-schema-graph\">{\"@context\":\"https:\\\/\\\/schema.org\",\"@graph\":[{\"@type\":\"Article\",\"@id\":\"https:\\\/\\\/curierulsatelor.ro\\\/wp\\\/2020\\\/03\\\/27\\\/judetul-are-subprefect-vezi-ce-doamna-a-primit-demnitatea-si-cine-o-sustine\\\/#article\",\"isPartOf\":{\"@id\":\"https:\\\/\\\/curierulsatelor.ro\\\/wp\\\/2020\\\/03\\\/27\\\/judetul-are-subprefect-vezi-ce-doamna-a-primit-demnitatea-si-cine-o-sustine\\\/\"},\"author\":{\"name\":\"Marian Morosan\",\"@id\":\"https:\\\/\\\/curierulsatelor.ro\\\/wp\\\/#\\\/schema\\\/person\\\/6f6b28a030e15d619a82894773d6e7b9\"},\"headline\":\"Jude\u021bul are subprefect. Vezi ce doamn\u0103 a primit demnitatea \u0219i cine o sus\u021bine\",\"datePublished\":\"2020-03-27T15:45:20+00:00\",\"dateModified\":\"2020-03-27T15:45:22+00:00\",\"mainEntityOfPage\":{\"@id\":\"https:\\\/\\\/curierulsatelor.ro\\\/wp\\\/2020\\\/03\\\/27\\\/judetul-are-subprefect-vezi-ce-doamna-a-primit-demnitatea-si-cine-o-sustine\\\/\"},\"wordCount\":211,\"commentCount\":0,\"publisher\":{\"@id\":\"https:\\\/\\\/curierulsatelor.ro\\\/wp\\\/#organization\"},\"image\":{\"@id\":\"https:\\\/\\\/curierulsatelor.ro\\\/wp\\\/2020\\\/03\\\/27\\\/judetul-are-subprefect-vezi-ce-doamna-a-primit-demnitatea-si-cine-o-sustine\\\/#primaryimage\"},\"thumbnailUrl\":\"https:\\\/\\\/curierulsatelor.ro\\\/wp\\\/wp-content\\\/uploads\\\/2020\\\/03\\\/rodica-zelinca-subprefect-botosani-2.jpg\",\"articleSection\":[\"Boto\u0219ani\",\"Stiri\"],\"inLanguage\":\"ro-RO\",\"potentialAction\":[{\"@type\":\"CommentAction\",\"name\":\"Comment\",\"target\":[\"https:\\\/\\\/curierulsatelor.ro\\\/wp\\\/2020\\\/03\\\/27\\\/judetul-are-subprefect-vezi-ce-doamna-a-primit-demnitatea-si-cine-o-sustine\\\/#respond\"]}]},{\"@type\":\"WebPage\",\"@id\":\"https:\\\/\\\/curierulsatelor.ro\\\/wp\\\/2020\\\/03\\\/27\\\/judetul-are-subprefect-vezi-ce-doamna-a-primit-demnitatea-si-cine-o-sustine\\\/\",\"url\":\"https:\\\/\\\/curierulsatelor.ro\\\/wp\\\/2020\\\/03\\\/27\\\/judetul-are-subprefect-vezi-ce-doamna-a-primit-demnitatea-si-cine-o-sustine\\\/\",\"name\":\"Jude\u021bul are subprefect. Vezi ce doamn\u0103 a primit demnitatea \u0219i cine o sus\u021bine - Curierul Regional\",\"isPartOf\":{\"@id\":\"https:\\\/\\\/curierulsatelor.ro\\\/wp\\\/#website\"},\"primaryImageOfPage\":{\"@id\":\"https:\\\/\\\/curierulsatelor.ro\\\/wp\\\/2020\\\/03\\\/27\\\/judetul-are-subprefect-vezi-ce-doamna-a-primit-demnitatea-si-cine-o-sustine\\\/#primaryimage\"},\"image\":{\"@id\":\"https:\\\/\\\/curierulsatelor.ro\\\/wp\\\/2020\\\/03\\\/27\\\/judetul-are-subprefect-vezi-ce-doamna-a-primit-demnitatea-si-cine-o-sustine\\\/#primaryimage\"},\"thumbnailUrl\":\"https:\\\/\\\/curierulsatelor.ro\\\/wp\\\/wp-content\\\/uploads\\\/2020\\\/03\\\/rodica-zelinca-subprefect-botosani-2.jpg\",\"datePublished\":\"2020-03-27T15:45:20+00:00\",\"dateModified\":\"2020-03-27T15:45:22+00:00\",\"breadcrumb\":{\"@id\":\"https:\\\/\\\/curierulsatelor.ro\\\/wp\\\/2020\\\/03\\\/27\\\/judetul-are-subprefect-vezi-ce-doamna-a-primit-demnitatea-si-cine-o-sustine\\\/#breadcrumb\"},\"inLanguage\":\"ro-RO\",\"potentialAction\":[{\"@type\":\"ReadAction\",\"target\":[\"https:\\\/\\\/curierulsatelor.ro\\\/wp\\\/2020\\\/03\\\/27\\\/judetul-are-subprefect-vezi-ce-doamna-a-primit-demnitatea-si-cine-o-sustine\\\/\"]}]},{\"@type\":\"ImageObject\",\"inLanguage\":\"ro-RO\",\"@id\":\"https:\\\/\\\/curierulsatelor.ro\\\/wp\\\/2020\\\/03\\\/27\\\/judetul-are-subprefect-vezi-ce-doamna-a-primit-demnitatea-si-cine-o-sustine\\\/#primaryimage\",\"url\":\"https:\\\/\\\/curierulsatelor.ro\\\/wp\\\/wp-content\\\/uploads\\\/2020\\\/03\\\/rodica-zelinca-subprefect-botosani-2.jpg\",\"contentUrl\":\"https:\\\/\\\/curierulsatelor.ro\\\/wp\\\/wp-content\\\/uploads\\\/2020\\\/03\\\/rodica-zelinca-subprefect-botosani-2.jpg\",\"width\":1455,\"height\":1384},{\"@type\":\"BreadcrumbList\",\"@id\":\"https:\\\/\\\/curierulsatelor.ro\\\/wp\\\/2020\\\/03\\\/27\\\/judetul-are-subprefect-vezi-ce-doamna-a-primit-demnitatea-si-cine-o-sustine\\\/#breadcrumb\",\"itemListElement\":[{\"@type\":\"ListItem\",\"position\":1,\"name\":\"Prima pagin\u0103\",\"item\":\"https:\\\/\\\/curierulsatelor.ro\\\/wp\\\/\"},{\"@type\":\"ListItem\",\"position\":2,\"name\":\"Jude\u021bul are subprefect. Vezi ce doamn\u0103 a primit demnitatea \u0219i cine o sus\u021bine\"}]},{\"@type\":\"WebSite\",\"@id\":\"https:\\\/\\\/curierulsatelor.ro\\\/wp\\\/#website\",\"url\":\"https:\\\/\\\/curierulsatelor.ro\\\/wp\\\/\",\"name\":\"Curierul Regional\",\"description\":\"\",\"publisher\":{\"@id\":\"https:\\\/\\\/curierulsatelor.ro\\\/wp\\\/#organization\"},\"potentialAction\":[{\"@type\":\"SearchAction\",\"target\":{\"@type\":\"EntryPoint\",\"urlTemplate\":\"https:\\\/\\\/curierulsatelor.ro\\\/wp\\\/?s={search_term_string}\"},\"query-input\":{\"@type\":\"PropertyValueSpecification\",\"valueRequired\":true,\"valueName\":\"search_term_string\"}}],\"inLanguage\":\"ro-RO\"},{\"@type\":\"Organization\",\"@id\":\"https:\\\/\\\/curierulsatelor.ro\\\/wp\\\/#organization\",\"name\":\"Curierul Regional\",\"url\":\"https:\\\/\\\/curierulsatelor.ro\\\/wp\\\/\",\"logo\":{\"@type\":\"ImageObject\",\"inLanguage\":\"ro-RO\",\"@id\":\"https:\\\/\\\/curierulsatelor.ro\\\/wp\\\/#\\\/schema\\\/logo\\\/image\\\/\",\"url\":\"https:\\\/\\\/curierulsatelor.ro\\\/wp\\\/wp-content\\\/uploads\\\/2020\\\/01\\\/Curierul-Regional-si-Curierul-satelor-logo-header.png\",\"contentUrl\":\"https:\\\/\\\/curierulsatelor.ro\\\/wp\\\/wp-content\\\/uploads\\\/2020\\\/01\\\/Curierul-Regional-si-Curierul-satelor-logo-header.png\",\"width\":2943,\"height\":685,\"caption\":\"Curierul Regional\"},\"image\":{\"@id\":\"https:\\\/\\\/curierulsatelor.ro\\\/wp\\\/#\\\/schema\\\/logo\\\/image\\\/\"}},{\"@type\":\"Person\",\"@id\":\"https:\\\/\\\/curierulsatelor.ro\\\/wp\\\/#\\\/schema\\\/person\\\/6f6b28a030e15d619a82894773d6e7b9\",\"name\":\"Marian Morosan\",\"image\":{\"@type\":\"ImageObject\",\"inLanguage\":\"ro-RO\",\"@id\":\"https:\\\/\\\/secure.gravatar.com\\\/avatar\\\/2e833cc9ab99e6bca46266d4ad9030d308346ff7ff0b6b955c29b74cafaf064b?s=96&d=mm&r=g\",\"url\":\"https:\\\/\\\/secure.gravatar.com\\\/avatar\\\/2e833cc9ab99e6bca46266d4ad9030d308346ff7ff0b6b955c29b74cafaf064b?s=96&d=mm&r=g\",\"contentUrl\":\"https:\\\/\\\/secure.gravatar.com\\\/avatar\\\/2e833cc9ab99e6bca46266d4ad9030d308346ff7ff0b6b955c29b74cafaf064b?s=96&d=mm&r=g\",\"caption\":\"Marian Morosan\"},\"description\":\"Copiilor no\u015ftri li se preg\u0103te\u015fte, incon\u015ftient, o lume de joben ciuruit, din care niciodat\u0103 nu iese iepura\u015ful. Doar panglicile politicilor sociale roase de moliile cu \u015ftaif din ultimele decenii. Suntem oropsi\u0163i, suntem dispera\u0163i, manipula\u0163i p\u00e2n\u0103 acolo \u00eenc\u00e2t ne bucur\u0103m s\u0103 fim masa de manevr\u0103 a unora \u015fi s\u0103 sus\u0163inem c\u0103 a\u015fa e normal. Acum \u00eel \u00een\u0163eleg pe Cioran, dar \u00eel \u00een\u0163eleg mai bine \u015fi pe Preda. \u015ei m\u0103 g\u00e2ndesc iar, cu groaz\u0103, la copilul meu. Cel pu\u0163in eu nu \u00eemi doresc s\u0103 \u015ftiu c\u0103 micu\u0163ul meu va fi singur, cu sufletul descul\u0163, prin jungla mileniului III ! https:\\\/\\\/curierulsatelor.ro\\\/wp\\\/2019\\\/10\\\/16\\\/cu-sufletul-descult-prin-jungla-mileniului-iii-editorial\\\/\",\"sameAs\":[\"http:\\\/\\\/admin\"],\"url\":\"https:\\\/\\\/curierulsatelor.ro\\\/wp\\\/author\\\/admin\\\/\"}]}<\/script>\n<!-- \/ Yoast SEO plugin. -->","yoast_head_json":{"title":"Jude\u021bul are subprefect. Vezi ce doamn\u0103 a primit demnitatea \u0219i cine o sus\u021bine - Curierul Regional","robots":{"index":"index","follow":"follow","max-snippet":"max-snippet:-1","max-image-preview":"max-image-preview:large","max-video-preview":"max-video-preview:-1"},"canonical":"https:\/\/curierulsatelor.ro\/wp\/2020\/03\/27\/judetul-are-subprefect-vezi-ce-doamna-a-primit-demnitatea-si-cine-o-sustine\/","og_locale":"ro_RO","og_type":"article","og_title":"Jude\u021bul are subprefect. Vezi ce doamn\u0103 a primit demnitatea \u0219i cine o sus\u021bine - Curierul Regional","og_description":"\u00cencep\u00e2nd de asear\u0103, chiar dac\u0103 \u00eenc\u0103 nu a depus jur\u0103m\u00e2ntul, Rodica Zelinc\u0103 a fost numit\u0103...","og_url":"https:\/\/curierulsatelor.ro\/wp\/2020\/03\/27\/judetul-are-subprefect-vezi-ce-doamna-a-primit-demnitatea-si-cine-o-sustine\/","og_site_name":"Curierul Regional","article_published_time":"2020-03-27T15:45:20+00:00","article_modified_time":"2020-03-27T15:45:22+00:00","og_image":[{"width":1455,"height":1384,"url":"https:\/\/curierulsatelor.ro\/wp\/wp-content\/uploads\/2020\/03\/rodica-zelinca-subprefect-botosani-2.jpg","type":"image\/jpeg"}],"author":"Marian Morosan","twitter_card":"summary_large_image","twitter_misc":{"Scris de":"Marian Morosan","Timp estimat pentru citire":"1 minut"},"schema":{"@context":"https:\/\/schema.org","@graph":[{"@type":"Article","@id":"https:\/\/curierulsatelor.ro\/wp\/2020\/03\/27\/judetul-are-subprefect-vezi-ce-doamna-a-primit-demnitatea-si-cine-o-sustine\/#article","isPartOf":{"@id":"https:\/\/curierulsatelor.ro\/wp\/2020\/03\/27\/judetul-are-subprefect-vezi-ce-doamna-a-primit-demnitatea-si-cine-o-sustine\/"},"author":{"name":"Marian Morosan","@id":"https:\/\/curierulsatelor.ro\/wp\/#\/schema\/person\/6f6b28a030e15d619a82894773d6e7b9"},"headline":"Jude\u021bul are subprefect. Vezi ce doamn\u0103 a primit demnitatea \u0219i cine o sus\u021bine","datePublished":"2020-03-27T15:45:20+00:00","dateModified":"2020-03-27T15:45:22+00:00","mainEntityOfPage":{"@id":"https:\/\/curierulsatelor.ro\/wp\/2020\/03\/27\/judetul-are-subprefect-vezi-ce-doamna-a-primit-demnitatea-si-cine-o-sustine\/"},"wordCount":211,"commentCount":0,"publisher":{"@id":"https:\/\/curierulsatelor.ro\/wp\/#organization"},"image":{"@id":"https:\/\/curierulsatelor.ro\/wp\/2020\/03\/27\/judetul-are-subprefect-vezi-ce-doamna-a-primit-demnitatea-si-cine-o-sustine\/#primaryimage"},"thumbnailUrl":"https:\/\/curierulsatelor.ro\/wp\/wp-content\/uploads\/2020\/03\/rodica-zelinca-subprefect-botosani-2.jpg","articleSection":["Boto\u0219ani","Stiri"],"inLanguage":"ro-RO","potentialAction":[{"@type":"CommentAction","name":"Comment","target":["https:\/\/curierulsatelor.ro\/wp\/2020\/03\/27\/judetul-are-subprefect-vezi-ce-doamna-a-primit-demnitatea-si-cine-o-sustine\/#respond"]}]},{"@type":"WebPage","@id":"https:\/\/curierulsatelor.ro\/wp\/2020\/03\/27\/judetul-are-subprefect-vezi-ce-doamna-a-primit-demnitatea-si-cine-o-sustine\/","url":"https:\/\/curierulsatelor.ro\/wp\/2020\/03\/27\/judetul-are-subprefect-vezi-ce-doamna-a-primit-demnitatea-si-cine-o-sustine\/","name":"Jude\u021bul are subprefect. Vezi ce doamn\u0103 a primit demnitatea \u0219i cine o sus\u021bine - Curierul Regional","isPartOf":{"@id":"https:\/\/curierulsatelor.ro\/wp\/#website"},"primaryImageOfPage":{"@id":"https:\/\/curierulsatelor.ro\/wp\/2020\/03\/27\/judetul-are-subprefect-vezi-ce-doamna-a-primit-demnitatea-si-cine-o-sustine\/#primaryimage"},"image":{"@id":"https:\/\/curierulsatelor.ro\/wp\/2020\/03\/27\/judetul-are-subprefect-vezi-ce-doamna-a-primit-demnitatea-si-cine-o-sustine\/#primaryimage"},"thumbnailUrl":"https:\/\/curierulsatelor.ro\/wp\/wp-content\/uploads\/2020\/03\/rodica-zelinca-subprefect-botosani-2.jpg","datePublished":"2020-03-27T15:45:20+00:00","dateModified":"2020-03-27T15:45:22+00:00","breadcrumb":{"@id":"https:\/\/curierulsatelor.ro\/wp\/2020\/03\/27\/judetul-are-subprefect-vezi-ce-doamna-a-primit-demnitatea-si-cine-o-sustine\/#breadcrumb"},"inLanguage":"ro-RO","potentialAction":[{"@type":"ReadAction","target":["https:\/\/curierulsatelor.ro\/wp\/2020\/03\/27\/judetul-are-subprefect-vezi-ce-doamna-a-primit-demnitatea-si-cine-o-sustine\/"]}]},{"@type":"ImageObject","inLanguage":"ro-RO","@id":"https:\/\/curierulsatelor.ro\/wp\/2020\/03\/27\/judetul-are-subprefect-vezi-ce-doamna-a-primit-demnitatea-si-cine-o-sustine\/#primaryimage","url":"https:\/\/curierulsatelor.ro\/wp\/wp-content\/uploads\/2020\/03\/rodica-zelinca-subprefect-botosani-2.jpg","contentUrl":"https:\/\/curierulsatelor.ro\/wp\/wp-content\/uploads\/2020\/03\/rodica-zelinca-subprefect-botosani-2.jpg","width":1455,"height":1384},{"@type":"BreadcrumbList","@id":"https:\/\/curierulsatelor.ro\/wp\/2020\/03\/27\/judetul-are-subprefect-vezi-ce-doamna-a-primit-demnitatea-si-cine-o-sustine\/#breadcrumb","itemListElement":[{"@type":"ListItem","position":1,"name":"Prima pagin\u0103","item":"https:\/\/curierulsatelor.ro\/wp\/"},{"@type":"ListItem","position":2,"name":"Jude\u021bul are subprefect. Vezi ce doamn\u0103 a primit demnitatea \u0219i cine o sus\u021bine"}]},{"@type":"WebSite","@id":"https:\/\/curierulsatelor.ro\/wp\/#website","url":"https:\/\/curierulsatelor.ro\/wp\/","name":"Curierul Regional","description":"","publisher":{"@id":"https:\/\/curierulsatelor.ro\/wp\/#organization"},"potentialAction":[{"@type":"SearchAction","target":{"@type":"EntryPoint","urlTemplate":"https:\/\/curierulsatelor.ro\/wp\/?s={search_term_string}"},"query-input":{"@type":"PropertyValueSpecification","valueRequired":true,"valueName":"search_term_string"}}],"inLanguage":"ro-RO"},{"@type":"Organization","@id":"https:\/\/curierulsatelor.ro\/wp\/#organization","name":"Curierul Regional","url":"https:\/\/curierulsatelor.ro\/wp\/","logo":{"@type":"ImageObject","inLanguage":"ro-RO","@id":"https:\/\/curierulsatelor.ro\/wp\/#\/schema\/logo\/image\/","url":"https:\/\/curierulsatelor.ro\/wp\/wp-content\/uploads\/2020\/01\/Curierul-Regional-si-Curierul-satelor-logo-header.png","contentUrl":"https:\/\/curierulsatelor.ro\/wp\/wp-content\/uploads\/2020\/01\/Curierul-Regional-si-Curierul-satelor-logo-header.png","width":2943,"height":685,"caption":"Curierul Regional"},"image":{"@id":"https:\/\/curierulsatelor.ro\/wp\/#\/schema\/logo\/image\/"}},{"@type":"Person","@id":"https:\/\/curierulsatelor.ro\/wp\/#\/schema\/person\/6f6b28a030e15d619a82894773d6e7b9","name":"Marian Morosan","image":{"@type":"ImageObject","inLanguage":"ro-RO","@id":"https:\/\/secure.gravatar.com\/avatar\/2e833cc9ab99e6bca46266d4ad9030d308346ff7ff0b6b955c29b74cafaf064b?s=96&d=mm&r=g","url":"https:\/\/secure.gravatar.com\/avatar\/2e833cc9ab99e6bca46266d4ad9030d308346ff7ff0b6b955c29b74cafaf064b?s=96&d=mm&r=g","contentUrl":"https:\/\/secure.gravatar.com\/avatar\/2e833cc9ab99e6bca46266d4ad9030d308346ff7ff0b6b955c29b74cafaf064b?s=96&d=mm&r=g","caption":"Marian Morosan"},"description":"Copiilor no\u015ftri li se preg\u0103te\u015fte, incon\u015ftient, o lume de joben ciuruit, din care niciodat\u0103 nu iese iepura\u015ful. Doar panglicile politicilor sociale roase de moliile cu \u015ftaif din ultimele decenii. Suntem oropsi\u0163i, suntem dispera\u0163i, manipula\u0163i p\u00e2n\u0103 acolo \u00eenc\u00e2t ne bucur\u0103m s\u0103 fim masa de manevr\u0103 a unora \u015fi s\u0103 sus\u0163inem c\u0103 a\u015fa e normal. Acum \u00eel \u00een\u0163eleg pe Cioran, dar \u00eel \u00een\u0163eleg mai bine \u015fi pe Preda. \u015ei m\u0103 g\u00e2ndesc iar, cu groaz\u0103, la copilul meu. Cel pu\u0163in eu nu \u00eemi doresc s\u0103 \u015ftiu c\u0103 micu\u0163ul meu va fi singur, cu sufletul descul\u0163, prin jungla mileniului III ! https:\/\/curierulsatelor.ro\/wp\/2019\/10\/16\/cu-sufletul-descult-prin-jungla-mileniului-iii-editorial\/","sameAs":["http:\/\/admin"],"url":"https:\/\/curierulsatelor.ro\/wp\/author\/admin\/"}]}},"_links":{"self":[{"href":"https:\/\/curierulsatelor.ro\/wp\/wp-json\/wp\/v2\/posts\/1777","targetHints":{"allow":["GET"]}}],"collection":[{"href":"https:\/\/curierulsatelor.ro\/wp\/wp-json\/wp\/v2\/posts"}],"about":[{"href":"https:\/\/curierulsatelor.ro\/wp\/wp-json\/wp\/v2\/types\/post"}],"author":[{"embeddable":true,"href":"https:\/\/curierulsatelor.ro\/wp\/wp-json\/wp\/v2\/users\/1"}],"replies":[{"embeddable":true,"href":"https:\/\/curierulsatelor.ro\/wp\/wp-json\/wp\/v2\/comments?post=1777"}],"version-history":[{"count":1,"href":"https:\/\/curierulsatelor.ro\/wp\/wp-json\/wp\/v2\/posts\/1777\/revisions"}],"predecessor-version":[{"id":1779,"href":"https:\/\/curierulsatelor.ro\/wp\/wp-json\/wp\/v2\/posts\/1777\/revisions\/1779"}],"wp:featuredmedia":[{"embeddable":true,"href":"https:\/\/curierulsatelor.ro\/wp\/wp-json\/wp\/v2\/media\/1778"}],"wp:attachment":[{"href":"https:\/\/curierulsatelor.ro\/wp\/wp-json\/wp\/v2\/media?parent=1777"}],"wp:term":[{"taxonomy":"category","embeddable":true,"href":"https:\/\/curierulsatelor.ro\/wp\/wp-json\/wp\/v2\/categories?post=1777"},{"taxonomy":"post_tag","embeddable":true,"href":"https:\/\/curierulsatelor.ro\/wp\/wp-json\/wp\/v2\/tags?post=1777"}],"curies":[{"name":"wp","href":"https:\/\/api.w.org\/{rel}","templated":true}]}}