{"id":1962,"date":"2020-04-17T04:49:10","date_gmt":"2020-04-17T04:49:10","guid":{"rendered":"https:\/\/curierulsatelor.ro\/wp\/?p=1962"},"modified":"2020-04-17T04:49:12","modified_gmt":"2020-04-17T04:49:12","slug":"costel-lupascu-incetati-sa-va-mai-bateti-joc-de-speranta-noastra-a-romanilor","status":"publish","type":"post","link":"https:\/\/curierulsatelor.ro\/wp\/2020\/04\/17\/costel-lupascu-incetati-sa-va-mai-bateti-joc-de-speranta-noastra-a-romanilor\/","title":{"rendered":"Costel Lupa\u0219cu: \u00cenceta\u021bi s\u0103 v\u0103 mai bate\u021bi joc de speran\u021ba noastr\u0103, a rom\u00e2nilor!"},"content":{"rendered":"\n<p>\u00cen urma ac\u021biunilor\nhaotice \u0219i a incompeten\u021bei\nGuvernului PNL \u00een gestionarea crizei sanitare, dar \u0219i \u00een lipsa oric\u0103rui dialog\npentru un plan de m\u0103suri economice \u0219i sociale, deputatul social-democrat Costel Lupa\u0219cu face urm\u0103toarele\npreciz\u0103ri:<\/p>\n\n\n\n<p><strong><em>&nbsp;&nbsp;&nbsp;&nbsp;&nbsp;&nbsp;&nbsp;&nbsp;&nbsp;&nbsp;&nbsp; ,,Este clar c\u0103 modul iresponsabil \u00een care ac\u021bioneaz\u0103 Guvernul\nPNL va distruge economia, dar v\u0103 cer s\u0103 NU v\u0103 bate\u021bi joc de rom\u00e2ni.\nInconsecven\u021ba PNL \u00een tot ceea ce face \u0219i ce spune, ruperea tuturor\n\u00een\u021belegerilor \u0219i acordurilor, inclusiv cel cu Biserica Ortodox\u0103, este deja prea\nmult! Este o blasfemie tot ce faceti voi, Iohannis, Orban, Vela \u0219i ceilal\u021bi,\nmai bine pleca\u021bi acas\u0103! NU v\u0103 bate\u021bi joc de speran\u021ba \u0219i credin\u021ba noastr\u0103, a\nrom\u00e2nilor, de Biserica Ortodox\u0103 Roman\u00e2, de preoti \u0219i de enoria\u0219i. Deja este\nprea mult ceea ce face\u021bi !!! Vre\u021bi s\u0103 omor\u00e2\u021bi orice speran\u021b\u0103 a rom\u00e2nilor \u0219i s\u0103\nnu uita\u021bi c\u0103 ve\u021bi r\u0103spunde pentru toate abuzurile voastre! Aceast\u0103 situa\u021bie nu\neste singular\u0103 pentru reprezentan\u021bii PNL, care au procedat identic atunci c\u00e2nd\nau interzis exporturile de produse agricole. \u00cent\u00e2i au luat decizia,&nbsp; apoi\nau revenit asupra ei, scuz\u00e2ndu-se lamentabil c\u0103 nu au avut date. La fel au\nac\u021bionat \u0219i \u00een cazul bugetarilor, c\u00e2nd au jucat alba-neagra cu trimiterea\nacestora \u00een \u0219omaj tehnic.\u2019\u2019 <\/em><\/strong>a declarat deputatul PSD Costel Lupa\u0219cu.<strong><em><\/em><\/strong><strong><em>&nbsp;&nbsp;&nbsp;&nbsp;&nbsp;&nbsp;&nbsp;&nbsp;&nbsp;&nbsp;&nbsp;&nbsp;&nbsp;&nbsp;&nbsp; ,,\u0218tim c\u0103 este o situa\u021bie grea pentru \u021aar\u0103 \u0219i am \u00een\u021beles, \u00eenc\u0103 de la\n\u00eenceput, c\u0103 trebuie luate m\u0103suri clare \u0219i coerente pentru sprijinirea\nsalaria\u021bilor \u0219i agen\u021bilor economici greu \u00eencerca\u021bi \u00een aceast\u0103 perioad\u0103 de epidemie.\nDar m-am s\u0103turat de o lunga serie de decizii guvernamentale haotice &#8211;\nlips\u0103 de viziune \u0219i de competen\u021b\u0103 guvernamental\u0103! Guvernul a ac\u021bionat haotic,\nnu a \u021binut cont de nimeni \u0219i a ajuns \u00eentr-un punct critic. Situa\u021bia nu mai\npoate continua a\u0219a! Oamenii nu mai \u00een\u021beleg nimic din ce au voie \u0219i ce nu au\nvoie s\u0103 fac\u0103! Am atras aten\u021bia c\u0103 Guvernul trebuie s\u0103 vin\u0103 URGENT cu un plan de\nac\u021biune concret pentru testarea masiv\u0103 a popula\u021biei, transparen\u021ba inform\u0103rilor\n\u0219i a achizi\u021biilor f\u0103cute, pentru agricultur\u0103,\npentru relansarea economiei \u0219i pentru salvarea locurilor de munc\u0103. De aceea,\ntrebuie s\u0103 determin\u0103m Guvernul s\u0103 ac\u021bioneze. S\u0103 fac\u0103 ceva concret pentru\noameni! \u00cen toate \u021b\u0103rile europene, mai pu\u021bin \u00een Rom\u00e2nia,\nau fost deja adoptate strategiile \u0219i pachetele fiscale \u0219i financiare de sprijin\npentru repornire dup\u0103 criz\u0103, iar f\u0103r\u0103 acces la programe similare companiile\nrom\u00e2ne\u0219ti au \u0219anse nule \u00een competi\u021bia cu cele din alte \u021b\u0103ri. Din scandalul ,,Sparanghelul\ngerman\u201d am \u00een\u021beles deja ideea Guvernului c\u0103 nu ai voie s\u0103 munce\u0219ti \u00een \u021bar\u0103, dar\npo\u021bi s\u0103 fii trimis ca o marf\u0103 \u00een alte \u021b\u0103ri. Este absolut necesar s\u0103 existe\ncondi\u021bii de munc\u0103 egale pentru to\u021bi rom\u00e2nii pe tot teritoriul na\u021bional, nu doar\n\u00een alte \u021b\u0103ri precum Germania, Austria sau Anglia.\u2019\u2019 &nbsp;<\/em><\/strong>a\nmai declarat deputatul &nbsp;Costel Lupa\u0219cu.\n\n\n\n<\/p>\n","protected":false},"excerpt":{"rendered":"<p>\u00cen urma ac\u021biunilor haotice \u0219i a incompeten\u021bei Guvernului PNL \u00een gestionarea crizei sanitare, dar \u0219i&#8230;<\/p>\n","protected":false},"author":1,"featured_media":1963,"comment_status":"open","ping_status":"open","sticky":false,"template":"","format":"standard","meta":{"footnotes":""},"categories":[8],"tags":[],"class_list":["post-1962","post","type-post","status-publish","format-standard","has-post-thumbnail","hentry","category-comunicate"],"yoast_head":"<!-- This site is optimized with the Yoast SEO plugin v27.4 - https:\/\/yoast.com\/product\/yoast-seo-wordpress\/ -->\n<title>Costel Lupa\u0219cu: \u00cenceta\u021bi s\u0103 v\u0103 mai bate\u021bi joc de speran\u021ba noastr\u0103, a rom\u00e2nilor! - Curierul Regional<\/title>\n<meta name=\"robots\" content=\"index, follow, max-snippet:-1, max-image-preview:large, max-video-preview:-1\" \/>\n<link rel=\"canonical\" href=\"https:\/\/curierulsatelor.ro\/wp\/2020\/04\/17\/costel-lupascu-incetati-sa-va-mai-bateti-joc-de-speranta-noastra-a-romanilor\/\" \/>\n<meta property=\"og:locale\" content=\"ro_RO\" \/>\n<meta property=\"og:type\" content=\"article\" \/>\n<meta property=\"og:title\" content=\"Costel Lupa\u0219cu: \u00cenceta\u021bi s\u0103 v\u0103 mai bate\u021bi joc de speran\u021ba noastr\u0103, a rom\u00e2nilor! - Curierul Regional\" \/>\n<meta property=\"og:description\" content=\"\u00cen urma ac\u021biunilor haotice \u0219i a incompeten\u021bei Guvernului PNL \u00een gestionarea crizei sanitare, dar \u0219i...\" \/>\n<meta property=\"og:url\" content=\"https:\/\/curierulsatelor.ro\/wp\/2020\/04\/17\/costel-lupascu-incetati-sa-va-mai-bateti-joc-de-speranta-noastra-a-romanilor\/\" \/>\n<meta property=\"og:site_name\" content=\"Curierul Regional\" \/>\n<meta property=\"article:published_time\" content=\"2020-04-17T04:49:10+00:00\" \/>\n<meta property=\"article:modified_time\" content=\"2020-04-17T04:49:12+00:00\" \/>\n<meta property=\"og:image\" content=\"https:\/\/curierulsatelor.ro\/wp\/wp-content\/uploads\/2020\/04\/POZAA-COSTEL-LUPASCU.jpg\" \/>\n\t<meta property=\"og:image:width\" content=\"312\" \/>\n\t<meta property=\"og:image:height\" content=\"369\" \/>\n\t<meta property=\"og:image:type\" content=\"image\/jpeg\" \/>\n<meta name=\"author\" content=\"Marian Morosan\" \/>\n<meta name=\"twitter:card\" content=\"summary_large_image\" \/>\n<meta name=\"twitter:label1\" content=\"Scris de\" \/>\n\t<meta name=\"twitter:data1\" content=\"Marian Morosan\" \/>\n\t<meta name=\"twitter:label2\" content=\"Timp estimat pentru citire\" \/>\n\t<meta name=\"twitter:data2\" content=\"3 minute\" \/>\n<script type=\"application\/ld+json\" class=\"yoast-schema-graph\">{\"@context\":\"https:\\\/\\\/schema.org\",\"@graph\":[{\"@type\":\"Article\",\"@id\":\"https:\\\/\\\/curierulsatelor.ro\\\/wp\\\/2020\\\/04\\\/17\\\/costel-lupascu-incetati-sa-va-mai-bateti-joc-de-speranta-noastra-a-romanilor\\\/#article\",\"isPartOf\":{\"@id\":\"https:\\\/\\\/curierulsatelor.ro\\\/wp\\\/2020\\\/04\\\/17\\\/costel-lupascu-incetati-sa-va-mai-bateti-joc-de-speranta-noastra-a-romanilor\\\/\"},\"author\":{\"name\":\"Marian Morosan\",\"@id\":\"https:\\\/\\\/curierulsatelor.ro\\\/wp\\\/#\\\/schema\\\/person\\\/6f6b28a030e15d619a82894773d6e7b9\"},\"headline\":\"Costel Lupa\u0219cu: \u00cenceta\u021bi s\u0103 v\u0103 mai bate\u021bi joc de speran\u021ba noastr\u0103, a rom\u00e2nilor!\",\"datePublished\":\"2020-04-17T04:49:10+00:00\",\"dateModified\":\"2020-04-17T04:49:12+00:00\",\"mainEntityOfPage\":{\"@id\":\"https:\\\/\\\/curierulsatelor.ro\\\/wp\\\/2020\\\/04\\\/17\\\/costel-lupascu-incetati-sa-va-mai-bateti-joc-de-speranta-noastra-a-romanilor\\\/\"},\"wordCount\":562,\"commentCount\":0,\"publisher\":{\"@id\":\"https:\\\/\\\/curierulsatelor.ro\\\/wp\\\/#organization\"},\"image\":{\"@id\":\"https:\\\/\\\/curierulsatelor.ro\\\/wp\\\/2020\\\/04\\\/17\\\/costel-lupascu-incetati-sa-va-mai-bateti-joc-de-speranta-noastra-a-romanilor\\\/#primaryimage\"},\"thumbnailUrl\":\"https:\\\/\\\/curierulsatelor.ro\\\/wp\\\/wp-content\\\/uploads\\\/2020\\\/04\\\/POZAA-COSTEL-LUPASCU.jpg\",\"articleSection\":[\"Comunicate\"],\"inLanguage\":\"ro-RO\",\"potentialAction\":[{\"@type\":\"CommentAction\",\"name\":\"Comment\",\"target\":[\"https:\\\/\\\/curierulsatelor.ro\\\/wp\\\/2020\\\/04\\\/17\\\/costel-lupascu-incetati-sa-va-mai-bateti-joc-de-speranta-noastra-a-romanilor\\\/#respond\"]}]},{\"@type\":\"WebPage\",\"@id\":\"https:\\\/\\\/curierulsatelor.ro\\\/wp\\\/2020\\\/04\\\/17\\\/costel-lupascu-incetati-sa-va-mai-bateti-joc-de-speranta-noastra-a-romanilor\\\/\",\"url\":\"https:\\\/\\\/curierulsatelor.ro\\\/wp\\\/2020\\\/04\\\/17\\\/costel-lupascu-incetati-sa-va-mai-bateti-joc-de-speranta-noastra-a-romanilor\\\/\",\"name\":\"Costel Lupa\u0219cu: \u00cenceta\u021bi s\u0103 v\u0103 mai bate\u021bi joc de speran\u021ba noastr\u0103, a rom\u00e2nilor! - Curierul Regional\",\"isPartOf\":{\"@id\":\"https:\\\/\\\/curierulsatelor.ro\\\/wp\\\/#website\"},\"primaryImageOfPage\":{\"@id\":\"https:\\\/\\\/curierulsatelor.ro\\\/wp\\\/2020\\\/04\\\/17\\\/costel-lupascu-incetati-sa-va-mai-bateti-joc-de-speranta-noastra-a-romanilor\\\/#primaryimage\"},\"image\":{\"@id\":\"https:\\\/\\\/curierulsatelor.ro\\\/wp\\\/2020\\\/04\\\/17\\\/costel-lupascu-incetati-sa-va-mai-bateti-joc-de-speranta-noastra-a-romanilor\\\/#primaryimage\"},\"thumbnailUrl\":\"https:\\\/\\\/curierulsatelor.ro\\\/wp\\\/wp-content\\\/uploads\\\/2020\\\/04\\\/POZAA-COSTEL-LUPASCU.jpg\",\"datePublished\":\"2020-04-17T04:49:10+00:00\",\"dateModified\":\"2020-04-17T04:49:12+00:00\",\"breadcrumb\":{\"@id\":\"https:\\\/\\\/curierulsatelor.ro\\\/wp\\\/2020\\\/04\\\/17\\\/costel-lupascu-incetati-sa-va-mai-bateti-joc-de-speranta-noastra-a-romanilor\\\/#breadcrumb\"},\"inLanguage\":\"ro-RO\",\"potentialAction\":[{\"@type\":\"ReadAction\",\"target\":[\"https:\\\/\\\/curierulsatelor.ro\\\/wp\\\/2020\\\/04\\\/17\\\/costel-lupascu-incetati-sa-va-mai-bateti-joc-de-speranta-noastra-a-romanilor\\\/\"]}]},{\"@type\":\"ImageObject\",\"inLanguage\":\"ro-RO\",\"@id\":\"https:\\\/\\\/curierulsatelor.ro\\\/wp\\\/2020\\\/04\\\/17\\\/costel-lupascu-incetati-sa-va-mai-bateti-joc-de-speranta-noastra-a-romanilor\\\/#primaryimage\",\"url\":\"https:\\\/\\\/curierulsatelor.ro\\\/wp\\\/wp-content\\\/uploads\\\/2020\\\/04\\\/POZAA-COSTEL-LUPASCU.jpg\",\"contentUrl\":\"https:\\\/\\\/curierulsatelor.ro\\\/wp\\\/wp-content\\\/uploads\\\/2020\\\/04\\\/POZAA-COSTEL-LUPASCU.jpg\",\"width\":312,\"height\":369},{\"@type\":\"BreadcrumbList\",\"@id\":\"https:\\\/\\\/curierulsatelor.ro\\\/wp\\\/2020\\\/04\\\/17\\\/costel-lupascu-incetati-sa-va-mai-bateti-joc-de-speranta-noastra-a-romanilor\\\/#breadcrumb\",\"itemListElement\":[{\"@type\":\"ListItem\",\"position\":1,\"name\":\"Prima pagin\u0103\",\"item\":\"https:\\\/\\\/curierulsatelor.ro\\\/wp\\\/\"},{\"@type\":\"ListItem\",\"position\":2,\"name\":\"Costel Lupa\u0219cu: \u00cenceta\u021bi s\u0103 v\u0103 mai bate\u021bi joc de speran\u021ba noastr\u0103, a rom\u00e2nilor!\"}]},{\"@type\":\"WebSite\",\"@id\":\"https:\\\/\\\/curierulsatelor.ro\\\/wp\\\/#website\",\"url\":\"https:\\\/\\\/curierulsatelor.ro\\\/wp\\\/\",\"name\":\"Curierul Regional\",\"description\":\"\",\"publisher\":{\"@id\":\"https:\\\/\\\/curierulsatelor.ro\\\/wp\\\/#organization\"},\"potentialAction\":[{\"@type\":\"SearchAction\",\"target\":{\"@type\":\"EntryPoint\",\"urlTemplate\":\"https:\\\/\\\/curierulsatelor.ro\\\/wp\\\/?s={search_term_string}\"},\"query-input\":{\"@type\":\"PropertyValueSpecification\",\"valueRequired\":true,\"valueName\":\"search_term_string\"}}],\"inLanguage\":\"ro-RO\"},{\"@type\":\"Organization\",\"@id\":\"https:\\\/\\\/curierulsatelor.ro\\\/wp\\\/#organization\",\"name\":\"Curierul Regional\",\"url\":\"https:\\\/\\\/curierulsatelor.ro\\\/wp\\\/\",\"logo\":{\"@type\":\"ImageObject\",\"inLanguage\":\"ro-RO\",\"@id\":\"https:\\\/\\\/curierulsatelor.ro\\\/wp\\\/#\\\/schema\\\/logo\\\/image\\\/\",\"url\":\"https:\\\/\\\/curierulsatelor.ro\\\/wp\\\/wp-content\\\/uploads\\\/2020\\\/01\\\/Curierul-Regional-si-Curierul-satelor-logo-header.png\",\"contentUrl\":\"https:\\\/\\\/curierulsatelor.ro\\\/wp\\\/wp-content\\\/uploads\\\/2020\\\/01\\\/Curierul-Regional-si-Curierul-satelor-logo-header.png\",\"width\":2943,\"height\":685,\"caption\":\"Curierul Regional\"},\"image\":{\"@id\":\"https:\\\/\\\/curierulsatelor.ro\\\/wp\\\/#\\\/schema\\\/logo\\\/image\\\/\"}},{\"@type\":\"Person\",\"@id\":\"https:\\\/\\\/curierulsatelor.ro\\\/wp\\\/#\\\/schema\\\/person\\\/6f6b28a030e15d619a82894773d6e7b9\",\"name\":\"Marian Morosan\",\"image\":{\"@type\":\"ImageObject\",\"inLanguage\":\"ro-RO\",\"@id\":\"https:\\\/\\\/secure.gravatar.com\\\/avatar\\\/2e833cc9ab99e6bca46266d4ad9030d308346ff7ff0b6b955c29b74cafaf064b?s=96&d=mm&r=g\",\"url\":\"https:\\\/\\\/secure.gravatar.com\\\/avatar\\\/2e833cc9ab99e6bca46266d4ad9030d308346ff7ff0b6b955c29b74cafaf064b?s=96&d=mm&r=g\",\"contentUrl\":\"https:\\\/\\\/secure.gravatar.com\\\/avatar\\\/2e833cc9ab99e6bca46266d4ad9030d308346ff7ff0b6b955c29b74cafaf064b?s=96&d=mm&r=g\",\"caption\":\"Marian Morosan\"},\"description\":\"Copiilor no\u015ftri li se preg\u0103te\u015fte, incon\u015ftient, o lume de joben ciuruit, din care niciodat\u0103 nu iese iepura\u015ful. Doar panglicile politicilor sociale roase de moliile cu \u015ftaif din ultimele decenii. Suntem oropsi\u0163i, suntem dispera\u0163i, manipula\u0163i p\u00e2n\u0103 acolo \u00eenc\u00e2t ne bucur\u0103m s\u0103 fim masa de manevr\u0103 a unora \u015fi s\u0103 sus\u0163inem c\u0103 a\u015fa e normal. Acum \u00eel \u00een\u0163eleg pe Cioran, dar \u00eel \u00een\u0163eleg mai bine \u015fi pe Preda. \u015ei m\u0103 g\u00e2ndesc iar, cu groaz\u0103, la copilul meu. Cel pu\u0163in eu nu \u00eemi doresc s\u0103 \u015ftiu c\u0103 micu\u0163ul meu va fi singur, cu sufletul descul\u0163, prin jungla mileniului III ! https:\\\/\\\/curierulsatelor.ro\\\/wp\\\/2019\\\/10\\\/16\\\/cu-sufletul-descult-prin-jungla-mileniului-iii-editorial\\\/\",\"sameAs\":[\"http:\\\/\\\/admin\"],\"url\":\"https:\\\/\\\/curierulsatelor.ro\\\/wp\\\/author\\\/admin\\\/\"}]}<\/script>\n<!-- \/ Yoast SEO plugin. -->","yoast_head_json":{"title":"Costel Lupa\u0219cu: \u00cenceta\u021bi s\u0103 v\u0103 mai bate\u021bi joc de speran\u021ba noastr\u0103, a rom\u00e2nilor! - Curierul Regional","robots":{"index":"index","follow":"follow","max-snippet":"max-snippet:-1","max-image-preview":"max-image-preview:large","max-video-preview":"max-video-preview:-1"},"canonical":"https:\/\/curierulsatelor.ro\/wp\/2020\/04\/17\/costel-lupascu-incetati-sa-va-mai-bateti-joc-de-speranta-noastra-a-romanilor\/","og_locale":"ro_RO","og_type":"article","og_title":"Costel Lupa\u0219cu: \u00cenceta\u021bi s\u0103 v\u0103 mai bate\u021bi joc de speran\u021ba noastr\u0103, a rom\u00e2nilor! - Curierul Regional","og_description":"\u00cen urma ac\u021biunilor haotice \u0219i a incompeten\u021bei Guvernului PNL \u00een gestionarea crizei sanitare, dar \u0219i...","og_url":"https:\/\/curierulsatelor.ro\/wp\/2020\/04\/17\/costel-lupascu-incetati-sa-va-mai-bateti-joc-de-speranta-noastra-a-romanilor\/","og_site_name":"Curierul Regional","article_published_time":"2020-04-17T04:49:10+00:00","article_modified_time":"2020-04-17T04:49:12+00:00","og_image":[{"width":312,"height":369,"url":"https:\/\/curierulsatelor.ro\/wp\/wp-content\/uploads\/2020\/04\/POZAA-COSTEL-LUPASCU.jpg","type":"image\/jpeg"}],"author":"Marian Morosan","twitter_card":"summary_large_image","twitter_misc":{"Scris de":"Marian Morosan","Timp estimat pentru citire":"3 minute"},"schema":{"@context":"https:\/\/schema.org","@graph":[{"@type":"Article","@id":"https:\/\/curierulsatelor.ro\/wp\/2020\/04\/17\/costel-lupascu-incetati-sa-va-mai-bateti-joc-de-speranta-noastra-a-romanilor\/#article","isPartOf":{"@id":"https:\/\/curierulsatelor.ro\/wp\/2020\/04\/17\/costel-lupascu-incetati-sa-va-mai-bateti-joc-de-speranta-noastra-a-romanilor\/"},"author":{"name":"Marian Morosan","@id":"https:\/\/curierulsatelor.ro\/wp\/#\/schema\/person\/6f6b28a030e15d619a82894773d6e7b9"},"headline":"Costel Lupa\u0219cu: \u00cenceta\u021bi s\u0103 v\u0103 mai bate\u021bi joc de speran\u021ba noastr\u0103, a rom\u00e2nilor!","datePublished":"2020-04-17T04:49:10+00:00","dateModified":"2020-04-17T04:49:12+00:00","mainEntityOfPage":{"@id":"https:\/\/curierulsatelor.ro\/wp\/2020\/04\/17\/costel-lupascu-incetati-sa-va-mai-bateti-joc-de-speranta-noastra-a-romanilor\/"},"wordCount":562,"commentCount":0,"publisher":{"@id":"https:\/\/curierulsatelor.ro\/wp\/#organization"},"image":{"@id":"https:\/\/curierulsatelor.ro\/wp\/2020\/04\/17\/costel-lupascu-incetati-sa-va-mai-bateti-joc-de-speranta-noastra-a-romanilor\/#primaryimage"},"thumbnailUrl":"https:\/\/curierulsatelor.ro\/wp\/wp-content\/uploads\/2020\/04\/POZAA-COSTEL-LUPASCU.jpg","articleSection":["Comunicate"],"inLanguage":"ro-RO","potentialAction":[{"@type":"CommentAction","name":"Comment","target":["https:\/\/curierulsatelor.ro\/wp\/2020\/04\/17\/costel-lupascu-incetati-sa-va-mai-bateti-joc-de-speranta-noastra-a-romanilor\/#respond"]}]},{"@type":"WebPage","@id":"https:\/\/curierulsatelor.ro\/wp\/2020\/04\/17\/costel-lupascu-incetati-sa-va-mai-bateti-joc-de-speranta-noastra-a-romanilor\/","url":"https:\/\/curierulsatelor.ro\/wp\/2020\/04\/17\/costel-lupascu-incetati-sa-va-mai-bateti-joc-de-speranta-noastra-a-romanilor\/","name":"Costel Lupa\u0219cu: \u00cenceta\u021bi s\u0103 v\u0103 mai bate\u021bi joc de speran\u021ba noastr\u0103, a rom\u00e2nilor! - Curierul Regional","isPartOf":{"@id":"https:\/\/curierulsatelor.ro\/wp\/#website"},"primaryImageOfPage":{"@id":"https:\/\/curierulsatelor.ro\/wp\/2020\/04\/17\/costel-lupascu-incetati-sa-va-mai-bateti-joc-de-speranta-noastra-a-romanilor\/#primaryimage"},"image":{"@id":"https:\/\/curierulsatelor.ro\/wp\/2020\/04\/17\/costel-lupascu-incetati-sa-va-mai-bateti-joc-de-speranta-noastra-a-romanilor\/#primaryimage"},"thumbnailUrl":"https:\/\/curierulsatelor.ro\/wp\/wp-content\/uploads\/2020\/04\/POZAA-COSTEL-LUPASCU.jpg","datePublished":"2020-04-17T04:49:10+00:00","dateModified":"2020-04-17T04:49:12+00:00","breadcrumb":{"@id":"https:\/\/curierulsatelor.ro\/wp\/2020\/04\/17\/costel-lupascu-incetati-sa-va-mai-bateti-joc-de-speranta-noastra-a-romanilor\/#breadcrumb"},"inLanguage":"ro-RO","potentialAction":[{"@type":"ReadAction","target":["https:\/\/curierulsatelor.ro\/wp\/2020\/04\/17\/costel-lupascu-incetati-sa-va-mai-bateti-joc-de-speranta-noastra-a-romanilor\/"]}]},{"@type":"ImageObject","inLanguage":"ro-RO","@id":"https:\/\/curierulsatelor.ro\/wp\/2020\/04\/17\/costel-lupascu-incetati-sa-va-mai-bateti-joc-de-speranta-noastra-a-romanilor\/#primaryimage","url":"https:\/\/curierulsatelor.ro\/wp\/wp-content\/uploads\/2020\/04\/POZAA-COSTEL-LUPASCU.jpg","contentUrl":"https:\/\/curierulsatelor.ro\/wp\/wp-content\/uploads\/2020\/04\/POZAA-COSTEL-LUPASCU.jpg","width":312,"height":369},{"@type":"BreadcrumbList","@id":"https:\/\/curierulsatelor.ro\/wp\/2020\/04\/17\/costel-lupascu-incetati-sa-va-mai-bateti-joc-de-speranta-noastra-a-romanilor\/#breadcrumb","itemListElement":[{"@type":"ListItem","position":1,"name":"Prima pagin\u0103","item":"https:\/\/curierulsatelor.ro\/wp\/"},{"@type":"ListItem","position":2,"name":"Costel Lupa\u0219cu: \u00cenceta\u021bi s\u0103 v\u0103 mai bate\u021bi joc de speran\u021ba noastr\u0103, a rom\u00e2nilor!"}]},{"@type":"WebSite","@id":"https:\/\/curierulsatelor.ro\/wp\/#website","url":"https:\/\/curierulsatelor.ro\/wp\/","name":"Curierul Regional","description":"","publisher":{"@id":"https:\/\/curierulsatelor.ro\/wp\/#organization"},"potentialAction":[{"@type":"SearchAction","target":{"@type":"EntryPoint","urlTemplate":"https:\/\/curierulsatelor.ro\/wp\/?s={search_term_string}"},"query-input":{"@type":"PropertyValueSpecification","valueRequired":true,"valueName":"search_term_string"}}],"inLanguage":"ro-RO"},{"@type":"Organization","@id":"https:\/\/curierulsatelor.ro\/wp\/#organization","name":"Curierul Regional","url":"https:\/\/curierulsatelor.ro\/wp\/","logo":{"@type":"ImageObject","inLanguage":"ro-RO","@id":"https:\/\/curierulsatelor.ro\/wp\/#\/schema\/logo\/image\/","url":"https:\/\/curierulsatelor.ro\/wp\/wp-content\/uploads\/2020\/01\/Curierul-Regional-si-Curierul-satelor-logo-header.png","contentUrl":"https:\/\/curierulsatelor.ro\/wp\/wp-content\/uploads\/2020\/01\/Curierul-Regional-si-Curierul-satelor-logo-header.png","width":2943,"height":685,"caption":"Curierul Regional"},"image":{"@id":"https:\/\/curierulsatelor.ro\/wp\/#\/schema\/logo\/image\/"}},{"@type":"Person","@id":"https:\/\/curierulsatelor.ro\/wp\/#\/schema\/person\/6f6b28a030e15d619a82894773d6e7b9","name":"Marian Morosan","image":{"@type":"ImageObject","inLanguage":"ro-RO","@id":"https:\/\/secure.gravatar.com\/avatar\/2e833cc9ab99e6bca46266d4ad9030d308346ff7ff0b6b955c29b74cafaf064b?s=96&d=mm&r=g","url":"https:\/\/secure.gravatar.com\/avatar\/2e833cc9ab99e6bca46266d4ad9030d308346ff7ff0b6b955c29b74cafaf064b?s=96&d=mm&r=g","contentUrl":"https:\/\/secure.gravatar.com\/avatar\/2e833cc9ab99e6bca46266d4ad9030d308346ff7ff0b6b955c29b74cafaf064b?s=96&d=mm&r=g","caption":"Marian Morosan"},"description":"Copiilor no\u015ftri li se preg\u0103te\u015fte, incon\u015ftient, o lume de joben ciuruit, din care niciodat\u0103 nu iese iepura\u015ful. Doar panglicile politicilor sociale roase de moliile cu \u015ftaif din ultimele decenii. Suntem oropsi\u0163i, suntem dispera\u0163i, manipula\u0163i p\u00e2n\u0103 acolo \u00eenc\u00e2t ne bucur\u0103m s\u0103 fim masa de manevr\u0103 a unora \u015fi s\u0103 sus\u0163inem c\u0103 a\u015fa e normal. Acum \u00eel \u00een\u0163eleg pe Cioran, dar \u00eel \u00een\u0163eleg mai bine \u015fi pe Preda. \u015ei m\u0103 g\u00e2ndesc iar, cu groaz\u0103, la copilul meu. Cel pu\u0163in eu nu \u00eemi doresc s\u0103 \u015ftiu c\u0103 micu\u0163ul meu va fi singur, cu sufletul descul\u0163, prin jungla mileniului III ! https:\/\/curierulsatelor.ro\/wp\/2019\/10\/16\/cu-sufletul-descult-prin-jungla-mileniului-iii-editorial\/","sameAs":["http:\/\/admin"],"url":"https:\/\/curierulsatelor.ro\/wp\/author\/admin\/"}]}},"_links":{"self":[{"href":"https:\/\/curierulsatelor.ro\/wp\/wp-json\/wp\/v2\/posts\/1962","targetHints":{"allow":["GET"]}}],"collection":[{"href":"https:\/\/curierulsatelor.ro\/wp\/wp-json\/wp\/v2\/posts"}],"about":[{"href":"https:\/\/curierulsatelor.ro\/wp\/wp-json\/wp\/v2\/types\/post"}],"author":[{"embeddable":true,"href":"https:\/\/curierulsatelor.ro\/wp\/wp-json\/wp\/v2\/users\/1"}],"replies":[{"embeddable":true,"href":"https:\/\/curierulsatelor.ro\/wp\/wp-json\/wp\/v2\/comments?post=1962"}],"version-history":[{"count":1,"href":"https:\/\/curierulsatelor.ro\/wp\/wp-json\/wp\/v2\/posts\/1962\/revisions"}],"predecessor-version":[{"id":1964,"href":"https:\/\/curierulsatelor.ro\/wp\/wp-json\/wp\/v2\/posts\/1962\/revisions\/1964"}],"wp:featuredmedia":[{"embeddable":true,"href":"https:\/\/curierulsatelor.ro\/wp\/wp-json\/wp\/v2\/media\/1963"}],"wp:attachment":[{"href":"https:\/\/curierulsatelor.ro\/wp\/wp-json\/wp\/v2\/media?parent=1962"}],"wp:term":[{"taxonomy":"category","embeddable":true,"href":"https:\/\/curierulsatelor.ro\/wp\/wp-json\/wp\/v2\/categories?post=1962"},{"taxonomy":"post_tag","embeddable":true,"href":"https:\/\/curierulsatelor.ro\/wp\/wp-json\/wp\/v2\/tags?post=1962"}],"curies":[{"name":"wp","href":"https:\/\/api.w.org\/{rel}","templated":true}]}}