{"id":2012,"date":"2020-04-22T03:52:03","date_gmt":"2020-04-22T03:52:03","guid":{"rendered":"https:\/\/curierulsatelor.ro\/wp\/?p=2012"},"modified":"2020-04-22T03:52:05","modified_gmt":"2020-04-22T03:52:05","slug":"vicepresedintele-pnr-continua-sa-ceara-guvernului-masuri-de-relansare-economica","status":"publish","type":"post","link":"https:\/\/curierulsatelor.ro\/wp\/2020\/04\/22\/vicepresedintele-pnr-continua-sa-ceara-guvernului-masuri-de-relansare-economica\/","title":{"rendered":"Vicepre\u0219edintele PNR continu\u0103 s\u0103 cear\u0103 guvernului m\u0103suri de relansare economic\u0103"},"content":{"rendered":"\n<p>C\u0103t\u0103lin Silegeanu, vicepre\u0219edinte al PNR \u0219i manager al Hidroplasto, continu\u0103 s\u0103 atrag\u0103 aten\u021bia guvernan\u021bilor c\u0103 fiecare zi \u00een care m\u0103surile de relansare economic\u0103 \u00eent\u00e2rzie va conduce spre o acut\u0103 recesiune economic\u0103. \u201dDragi guvernanti, ar trebui sa intelegeti ca fiecare zi de intarziere cu anumite masuri, inseamna inca un set de oameni in somaj tehnic . Fiecare parte se pl\u00e2nge, Guvernul c\u0103 nu are bani, firmele c\u0103 nu au lichidit\u0103\u0163i \u015fi comenzi, dar niciun plan economic pentru viitor nu este pus pe mas\u0103. Intocmiti planul , faceti o intalnire serioasa cu mediul de business si haideti sa trecem impreuna peste aceste momente\u201d, a solicitat C\u0103t\u0103lin Silegeanu, vicepre\u0219edinte al Patronatului Na\u021bional Rom\u00e2n.<\/p>\n","protected":false},"excerpt":{"rendered":"<p>C\u0103t\u0103lin Silegeanu, vicepre\u0219edinte al PNR \u0219i manager al Hidroplasto, continu\u0103 s\u0103 atrag\u0103 aten\u021bia guvernan\u021bilor c\u0103&#8230;<\/p>\n","protected":false},"author":1,"featured_media":2013,"comment_status":"open","ping_status":"open","sticky":false,"template":"","format":"standard","meta":{"footnotes":""},"categories":[15,10],"tags":[],"class_list":["post-2012","post","type-post","status-publish","format-standard","has-post-thumbnail","hentry","category-botosani","category-economic"],"yoast_head":"<!-- This site is optimized with the Yoast SEO plugin v27.4 - https:\/\/yoast.com\/product\/yoast-seo-wordpress\/ -->\n<title>Vicepre\u0219edintele PNR continu\u0103 s\u0103 cear\u0103 guvernului m\u0103suri de relansare economic\u0103 - Curierul Regional<\/title>\n<meta name=\"robots\" content=\"index, follow, max-snippet:-1, max-image-preview:large, max-video-preview:-1\" \/>\n<link rel=\"canonical\" href=\"https:\/\/curierulsatelor.ro\/wp\/2020\/04\/22\/vicepresedintele-pnr-continua-sa-ceara-guvernului-masuri-de-relansare-economica\/\" \/>\n<meta property=\"og:locale\" content=\"ro_RO\" \/>\n<meta property=\"og:type\" content=\"article\" \/>\n<meta property=\"og:title\" content=\"Vicepre\u0219edintele PNR continu\u0103 s\u0103 cear\u0103 guvernului m\u0103suri de relansare economic\u0103 - Curierul Regional\" \/>\n<meta property=\"og:description\" content=\"C\u0103t\u0103lin Silegeanu, vicepre\u0219edinte al PNR \u0219i manager al Hidroplasto, continu\u0103 s\u0103 atrag\u0103 aten\u021bia guvernan\u021bilor c\u0103...\" \/>\n<meta property=\"og:url\" content=\"https:\/\/curierulsatelor.ro\/wp\/2020\/04\/22\/vicepresedintele-pnr-continua-sa-ceara-guvernului-masuri-de-relansare-economica\/\" \/>\n<meta property=\"og:site_name\" content=\"Curierul Regional\" \/>\n<meta property=\"article:published_time\" content=\"2020-04-22T03:52:03+00:00\" \/>\n<meta property=\"article:modified_time\" content=\"2020-04-22T03:52:05+00:00\" \/>\n<meta property=\"og:image\" content=\"https:\/\/curierulsatelor.ro\/wp\/wp-content\/uploads\/2020\/04\/Catalin-Silegeanu.jpg\" \/>\n\t<meta property=\"og:image:width\" content=\"960\" \/>\n\t<meta property=\"og:image:height\" content=\"722\" \/>\n\t<meta property=\"og:image:type\" content=\"image\/jpeg\" \/>\n<meta name=\"author\" content=\"Marian Morosan\" \/>\n<meta name=\"twitter:card\" content=\"summary_large_image\" \/>\n<meta name=\"twitter:label1\" content=\"Scris de\" \/>\n\t<meta name=\"twitter:data1\" content=\"Marian Morosan\" \/>\n\t<meta name=\"twitter:label2\" content=\"Timp estimat pentru citire\" \/>\n\t<meta name=\"twitter:data2\" content=\"1 minut\" \/>\n<script type=\"application\/ld+json\" class=\"yoast-schema-graph\">{\"@context\":\"https:\\\/\\\/schema.org\",\"@graph\":[{\"@type\":\"Article\",\"@id\":\"https:\\\/\\\/curierulsatelor.ro\\\/wp\\\/2020\\\/04\\\/22\\\/vicepresedintele-pnr-continua-sa-ceara-guvernului-masuri-de-relansare-economica\\\/#article\",\"isPartOf\":{\"@id\":\"https:\\\/\\\/curierulsatelor.ro\\\/wp\\\/2020\\\/04\\\/22\\\/vicepresedintele-pnr-continua-sa-ceara-guvernului-masuri-de-relansare-economica\\\/\"},\"author\":{\"name\":\"Marian Morosan\",\"@id\":\"https:\\\/\\\/curierulsatelor.ro\\\/wp\\\/#\\\/schema\\\/person\\\/6f6b28a030e15d619a82894773d6e7b9\"},\"headline\":\"Vicepre\u0219edintele PNR continu\u0103 s\u0103 cear\u0103 guvernului m\u0103suri de relansare economic\u0103\",\"datePublished\":\"2020-04-22T03:52:03+00:00\",\"dateModified\":\"2020-04-22T03:52:05+00:00\",\"mainEntityOfPage\":{\"@id\":\"https:\\\/\\\/curierulsatelor.ro\\\/wp\\\/2020\\\/04\\\/22\\\/vicepresedintele-pnr-continua-sa-ceara-guvernului-masuri-de-relansare-economica\\\/\"},\"wordCount\":134,\"commentCount\":0,\"publisher\":{\"@id\":\"https:\\\/\\\/curierulsatelor.ro\\\/wp\\\/#organization\"},\"image\":{\"@id\":\"https:\\\/\\\/curierulsatelor.ro\\\/wp\\\/2020\\\/04\\\/22\\\/vicepresedintele-pnr-continua-sa-ceara-guvernului-masuri-de-relansare-economica\\\/#primaryimage\"},\"thumbnailUrl\":\"https:\\\/\\\/curierulsatelor.ro\\\/wp\\\/wp-content\\\/uploads\\\/2020\\\/04\\\/Catalin-Silegeanu.jpg\",\"articleSection\":[\"Boto\u0219ani\",\"Economic\"],\"inLanguage\":\"ro-RO\",\"potentialAction\":[{\"@type\":\"CommentAction\",\"name\":\"Comment\",\"target\":[\"https:\\\/\\\/curierulsatelor.ro\\\/wp\\\/2020\\\/04\\\/22\\\/vicepresedintele-pnr-continua-sa-ceara-guvernului-masuri-de-relansare-economica\\\/#respond\"]}]},{\"@type\":\"WebPage\",\"@id\":\"https:\\\/\\\/curierulsatelor.ro\\\/wp\\\/2020\\\/04\\\/22\\\/vicepresedintele-pnr-continua-sa-ceara-guvernului-masuri-de-relansare-economica\\\/\",\"url\":\"https:\\\/\\\/curierulsatelor.ro\\\/wp\\\/2020\\\/04\\\/22\\\/vicepresedintele-pnr-continua-sa-ceara-guvernului-masuri-de-relansare-economica\\\/\",\"name\":\"Vicepre\u0219edintele PNR continu\u0103 s\u0103 cear\u0103 guvernului m\u0103suri de relansare economic\u0103 - Curierul Regional\",\"isPartOf\":{\"@id\":\"https:\\\/\\\/curierulsatelor.ro\\\/wp\\\/#website\"},\"primaryImageOfPage\":{\"@id\":\"https:\\\/\\\/curierulsatelor.ro\\\/wp\\\/2020\\\/04\\\/22\\\/vicepresedintele-pnr-continua-sa-ceara-guvernului-masuri-de-relansare-economica\\\/#primaryimage\"},\"image\":{\"@id\":\"https:\\\/\\\/curierulsatelor.ro\\\/wp\\\/2020\\\/04\\\/22\\\/vicepresedintele-pnr-continua-sa-ceara-guvernului-masuri-de-relansare-economica\\\/#primaryimage\"},\"thumbnailUrl\":\"https:\\\/\\\/curierulsatelor.ro\\\/wp\\\/wp-content\\\/uploads\\\/2020\\\/04\\\/Catalin-Silegeanu.jpg\",\"datePublished\":\"2020-04-22T03:52:03+00:00\",\"dateModified\":\"2020-04-22T03:52:05+00:00\",\"breadcrumb\":{\"@id\":\"https:\\\/\\\/curierulsatelor.ro\\\/wp\\\/2020\\\/04\\\/22\\\/vicepresedintele-pnr-continua-sa-ceara-guvernului-masuri-de-relansare-economica\\\/#breadcrumb\"},\"inLanguage\":\"ro-RO\",\"potentialAction\":[{\"@type\":\"ReadAction\",\"target\":[\"https:\\\/\\\/curierulsatelor.ro\\\/wp\\\/2020\\\/04\\\/22\\\/vicepresedintele-pnr-continua-sa-ceara-guvernului-masuri-de-relansare-economica\\\/\"]}]},{\"@type\":\"ImageObject\",\"inLanguage\":\"ro-RO\",\"@id\":\"https:\\\/\\\/curierulsatelor.ro\\\/wp\\\/2020\\\/04\\\/22\\\/vicepresedintele-pnr-continua-sa-ceara-guvernului-masuri-de-relansare-economica\\\/#primaryimage\",\"url\":\"https:\\\/\\\/curierulsatelor.ro\\\/wp\\\/wp-content\\\/uploads\\\/2020\\\/04\\\/Catalin-Silegeanu.jpg\",\"contentUrl\":\"https:\\\/\\\/curierulsatelor.ro\\\/wp\\\/wp-content\\\/uploads\\\/2020\\\/04\\\/Catalin-Silegeanu.jpg\",\"width\":960,\"height\":722},{\"@type\":\"BreadcrumbList\",\"@id\":\"https:\\\/\\\/curierulsatelor.ro\\\/wp\\\/2020\\\/04\\\/22\\\/vicepresedintele-pnr-continua-sa-ceara-guvernului-masuri-de-relansare-economica\\\/#breadcrumb\",\"itemListElement\":[{\"@type\":\"ListItem\",\"position\":1,\"name\":\"Prima pagin\u0103\",\"item\":\"https:\\\/\\\/curierulsatelor.ro\\\/wp\\\/\"},{\"@type\":\"ListItem\",\"position\":2,\"name\":\"Vicepre\u0219edintele PNR continu\u0103 s\u0103 cear\u0103 guvernului m\u0103suri de relansare economic\u0103\"}]},{\"@type\":\"WebSite\",\"@id\":\"https:\\\/\\\/curierulsatelor.ro\\\/wp\\\/#website\",\"url\":\"https:\\\/\\\/curierulsatelor.ro\\\/wp\\\/\",\"name\":\"Curierul Regional\",\"description\":\"\",\"publisher\":{\"@id\":\"https:\\\/\\\/curierulsatelor.ro\\\/wp\\\/#organization\"},\"potentialAction\":[{\"@type\":\"SearchAction\",\"target\":{\"@type\":\"EntryPoint\",\"urlTemplate\":\"https:\\\/\\\/curierulsatelor.ro\\\/wp\\\/?s={search_term_string}\"},\"query-input\":{\"@type\":\"PropertyValueSpecification\",\"valueRequired\":true,\"valueName\":\"search_term_string\"}}],\"inLanguage\":\"ro-RO\"},{\"@type\":\"Organization\",\"@id\":\"https:\\\/\\\/curierulsatelor.ro\\\/wp\\\/#organization\",\"name\":\"Curierul Regional\",\"url\":\"https:\\\/\\\/curierulsatelor.ro\\\/wp\\\/\",\"logo\":{\"@type\":\"ImageObject\",\"inLanguage\":\"ro-RO\",\"@id\":\"https:\\\/\\\/curierulsatelor.ro\\\/wp\\\/#\\\/schema\\\/logo\\\/image\\\/\",\"url\":\"https:\\\/\\\/curierulsatelor.ro\\\/wp\\\/wp-content\\\/uploads\\\/2020\\\/01\\\/Curierul-Regional-si-Curierul-satelor-logo-header.png\",\"contentUrl\":\"https:\\\/\\\/curierulsatelor.ro\\\/wp\\\/wp-content\\\/uploads\\\/2020\\\/01\\\/Curierul-Regional-si-Curierul-satelor-logo-header.png\",\"width\":2943,\"height\":685,\"caption\":\"Curierul Regional\"},\"image\":{\"@id\":\"https:\\\/\\\/curierulsatelor.ro\\\/wp\\\/#\\\/schema\\\/logo\\\/image\\\/\"}},{\"@type\":\"Person\",\"@id\":\"https:\\\/\\\/curierulsatelor.ro\\\/wp\\\/#\\\/schema\\\/person\\\/6f6b28a030e15d619a82894773d6e7b9\",\"name\":\"Marian Morosan\",\"image\":{\"@type\":\"ImageObject\",\"inLanguage\":\"ro-RO\",\"@id\":\"https:\\\/\\\/secure.gravatar.com\\\/avatar\\\/2e833cc9ab99e6bca46266d4ad9030d308346ff7ff0b6b955c29b74cafaf064b?s=96&d=mm&r=g\",\"url\":\"https:\\\/\\\/secure.gravatar.com\\\/avatar\\\/2e833cc9ab99e6bca46266d4ad9030d308346ff7ff0b6b955c29b74cafaf064b?s=96&d=mm&r=g\",\"contentUrl\":\"https:\\\/\\\/secure.gravatar.com\\\/avatar\\\/2e833cc9ab99e6bca46266d4ad9030d308346ff7ff0b6b955c29b74cafaf064b?s=96&d=mm&r=g\",\"caption\":\"Marian Morosan\"},\"description\":\"Copiilor no\u015ftri li se preg\u0103te\u015fte, incon\u015ftient, o lume de joben ciuruit, din care niciodat\u0103 nu iese iepura\u015ful. Doar panglicile politicilor sociale roase de moliile cu \u015ftaif din ultimele decenii. Suntem oropsi\u0163i, suntem dispera\u0163i, manipula\u0163i p\u00e2n\u0103 acolo \u00eenc\u00e2t ne bucur\u0103m s\u0103 fim masa de manevr\u0103 a unora \u015fi s\u0103 sus\u0163inem c\u0103 a\u015fa e normal. Acum \u00eel \u00een\u0163eleg pe Cioran, dar \u00eel \u00een\u0163eleg mai bine \u015fi pe Preda. \u015ei m\u0103 g\u00e2ndesc iar, cu groaz\u0103, la copilul meu. Cel pu\u0163in eu nu \u00eemi doresc s\u0103 \u015ftiu c\u0103 micu\u0163ul meu va fi singur, cu sufletul descul\u0163, prin jungla mileniului III ! https:\\\/\\\/curierulsatelor.ro\\\/wp\\\/2019\\\/10\\\/16\\\/cu-sufletul-descult-prin-jungla-mileniului-iii-editorial\\\/\",\"sameAs\":[\"http:\\\/\\\/admin\"],\"url\":\"https:\\\/\\\/curierulsatelor.ro\\\/wp\\\/author\\\/admin\\\/\"}]}<\/script>\n<!-- \/ Yoast SEO plugin. -->","yoast_head_json":{"title":"Vicepre\u0219edintele PNR continu\u0103 s\u0103 cear\u0103 guvernului m\u0103suri de relansare economic\u0103 - Curierul Regional","robots":{"index":"index","follow":"follow","max-snippet":"max-snippet:-1","max-image-preview":"max-image-preview:large","max-video-preview":"max-video-preview:-1"},"canonical":"https:\/\/curierulsatelor.ro\/wp\/2020\/04\/22\/vicepresedintele-pnr-continua-sa-ceara-guvernului-masuri-de-relansare-economica\/","og_locale":"ro_RO","og_type":"article","og_title":"Vicepre\u0219edintele PNR continu\u0103 s\u0103 cear\u0103 guvernului m\u0103suri de relansare economic\u0103 - Curierul Regional","og_description":"C\u0103t\u0103lin Silegeanu, vicepre\u0219edinte al PNR \u0219i manager al Hidroplasto, continu\u0103 s\u0103 atrag\u0103 aten\u021bia guvernan\u021bilor c\u0103...","og_url":"https:\/\/curierulsatelor.ro\/wp\/2020\/04\/22\/vicepresedintele-pnr-continua-sa-ceara-guvernului-masuri-de-relansare-economica\/","og_site_name":"Curierul Regional","article_published_time":"2020-04-22T03:52:03+00:00","article_modified_time":"2020-04-22T03:52:05+00:00","og_image":[{"width":960,"height":722,"url":"https:\/\/curierulsatelor.ro\/wp\/wp-content\/uploads\/2020\/04\/Catalin-Silegeanu.jpg","type":"image\/jpeg"}],"author":"Marian Morosan","twitter_card":"summary_large_image","twitter_misc":{"Scris de":"Marian Morosan","Timp estimat pentru citire":"1 minut"},"schema":{"@context":"https:\/\/schema.org","@graph":[{"@type":"Article","@id":"https:\/\/curierulsatelor.ro\/wp\/2020\/04\/22\/vicepresedintele-pnr-continua-sa-ceara-guvernului-masuri-de-relansare-economica\/#article","isPartOf":{"@id":"https:\/\/curierulsatelor.ro\/wp\/2020\/04\/22\/vicepresedintele-pnr-continua-sa-ceara-guvernului-masuri-de-relansare-economica\/"},"author":{"name":"Marian Morosan","@id":"https:\/\/curierulsatelor.ro\/wp\/#\/schema\/person\/6f6b28a030e15d619a82894773d6e7b9"},"headline":"Vicepre\u0219edintele PNR continu\u0103 s\u0103 cear\u0103 guvernului m\u0103suri de relansare economic\u0103","datePublished":"2020-04-22T03:52:03+00:00","dateModified":"2020-04-22T03:52:05+00:00","mainEntityOfPage":{"@id":"https:\/\/curierulsatelor.ro\/wp\/2020\/04\/22\/vicepresedintele-pnr-continua-sa-ceara-guvernului-masuri-de-relansare-economica\/"},"wordCount":134,"commentCount":0,"publisher":{"@id":"https:\/\/curierulsatelor.ro\/wp\/#organization"},"image":{"@id":"https:\/\/curierulsatelor.ro\/wp\/2020\/04\/22\/vicepresedintele-pnr-continua-sa-ceara-guvernului-masuri-de-relansare-economica\/#primaryimage"},"thumbnailUrl":"https:\/\/curierulsatelor.ro\/wp\/wp-content\/uploads\/2020\/04\/Catalin-Silegeanu.jpg","articleSection":["Boto\u0219ani","Economic"],"inLanguage":"ro-RO","potentialAction":[{"@type":"CommentAction","name":"Comment","target":["https:\/\/curierulsatelor.ro\/wp\/2020\/04\/22\/vicepresedintele-pnr-continua-sa-ceara-guvernului-masuri-de-relansare-economica\/#respond"]}]},{"@type":"WebPage","@id":"https:\/\/curierulsatelor.ro\/wp\/2020\/04\/22\/vicepresedintele-pnr-continua-sa-ceara-guvernului-masuri-de-relansare-economica\/","url":"https:\/\/curierulsatelor.ro\/wp\/2020\/04\/22\/vicepresedintele-pnr-continua-sa-ceara-guvernului-masuri-de-relansare-economica\/","name":"Vicepre\u0219edintele PNR continu\u0103 s\u0103 cear\u0103 guvernului m\u0103suri de relansare economic\u0103 - Curierul Regional","isPartOf":{"@id":"https:\/\/curierulsatelor.ro\/wp\/#website"},"primaryImageOfPage":{"@id":"https:\/\/curierulsatelor.ro\/wp\/2020\/04\/22\/vicepresedintele-pnr-continua-sa-ceara-guvernului-masuri-de-relansare-economica\/#primaryimage"},"image":{"@id":"https:\/\/curierulsatelor.ro\/wp\/2020\/04\/22\/vicepresedintele-pnr-continua-sa-ceara-guvernului-masuri-de-relansare-economica\/#primaryimage"},"thumbnailUrl":"https:\/\/curierulsatelor.ro\/wp\/wp-content\/uploads\/2020\/04\/Catalin-Silegeanu.jpg","datePublished":"2020-04-22T03:52:03+00:00","dateModified":"2020-04-22T03:52:05+00:00","breadcrumb":{"@id":"https:\/\/curierulsatelor.ro\/wp\/2020\/04\/22\/vicepresedintele-pnr-continua-sa-ceara-guvernului-masuri-de-relansare-economica\/#breadcrumb"},"inLanguage":"ro-RO","potentialAction":[{"@type":"ReadAction","target":["https:\/\/curierulsatelor.ro\/wp\/2020\/04\/22\/vicepresedintele-pnr-continua-sa-ceara-guvernului-masuri-de-relansare-economica\/"]}]},{"@type":"ImageObject","inLanguage":"ro-RO","@id":"https:\/\/curierulsatelor.ro\/wp\/2020\/04\/22\/vicepresedintele-pnr-continua-sa-ceara-guvernului-masuri-de-relansare-economica\/#primaryimage","url":"https:\/\/curierulsatelor.ro\/wp\/wp-content\/uploads\/2020\/04\/Catalin-Silegeanu.jpg","contentUrl":"https:\/\/curierulsatelor.ro\/wp\/wp-content\/uploads\/2020\/04\/Catalin-Silegeanu.jpg","width":960,"height":722},{"@type":"BreadcrumbList","@id":"https:\/\/curierulsatelor.ro\/wp\/2020\/04\/22\/vicepresedintele-pnr-continua-sa-ceara-guvernului-masuri-de-relansare-economica\/#breadcrumb","itemListElement":[{"@type":"ListItem","position":1,"name":"Prima pagin\u0103","item":"https:\/\/curierulsatelor.ro\/wp\/"},{"@type":"ListItem","position":2,"name":"Vicepre\u0219edintele PNR continu\u0103 s\u0103 cear\u0103 guvernului m\u0103suri de relansare economic\u0103"}]},{"@type":"WebSite","@id":"https:\/\/curierulsatelor.ro\/wp\/#website","url":"https:\/\/curierulsatelor.ro\/wp\/","name":"Curierul Regional","description":"","publisher":{"@id":"https:\/\/curierulsatelor.ro\/wp\/#organization"},"potentialAction":[{"@type":"SearchAction","target":{"@type":"EntryPoint","urlTemplate":"https:\/\/curierulsatelor.ro\/wp\/?s={search_term_string}"},"query-input":{"@type":"PropertyValueSpecification","valueRequired":true,"valueName":"search_term_string"}}],"inLanguage":"ro-RO"},{"@type":"Organization","@id":"https:\/\/curierulsatelor.ro\/wp\/#organization","name":"Curierul Regional","url":"https:\/\/curierulsatelor.ro\/wp\/","logo":{"@type":"ImageObject","inLanguage":"ro-RO","@id":"https:\/\/curierulsatelor.ro\/wp\/#\/schema\/logo\/image\/","url":"https:\/\/curierulsatelor.ro\/wp\/wp-content\/uploads\/2020\/01\/Curierul-Regional-si-Curierul-satelor-logo-header.png","contentUrl":"https:\/\/curierulsatelor.ro\/wp\/wp-content\/uploads\/2020\/01\/Curierul-Regional-si-Curierul-satelor-logo-header.png","width":2943,"height":685,"caption":"Curierul Regional"},"image":{"@id":"https:\/\/curierulsatelor.ro\/wp\/#\/schema\/logo\/image\/"}},{"@type":"Person","@id":"https:\/\/curierulsatelor.ro\/wp\/#\/schema\/person\/6f6b28a030e15d619a82894773d6e7b9","name":"Marian Morosan","image":{"@type":"ImageObject","inLanguage":"ro-RO","@id":"https:\/\/secure.gravatar.com\/avatar\/2e833cc9ab99e6bca46266d4ad9030d308346ff7ff0b6b955c29b74cafaf064b?s=96&d=mm&r=g","url":"https:\/\/secure.gravatar.com\/avatar\/2e833cc9ab99e6bca46266d4ad9030d308346ff7ff0b6b955c29b74cafaf064b?s=96&d=mm&r=g","contentUrl":"https:\/\/secure.gravatar.com\/avatar\/2e833cc9ab99e6bca46266d4ad9030d308346ff7ff0b6b955c29b74cafaf064b?s=96&d=mm&r=g","caption":"Marian Morosan"},"description":"Copiilor no\u015ftri li se preg\u0103te\u015fte, incon\u015ftient, o lume de joben ciuruit, din care niciodat\u0103 nu iese iepura\u015ful. Doar panglicile politicilor sociale roase de moliile cu \u015ftaif din ultimele decenii. Suntem oropsi\u0163i, suntem dispera\u0163i, manipula\u0163i p\u00e2n\u0103 acolo \u00eenc\u00e2t ne bucur\u0103m s\u0103 fim masa de manevr\u0103 a unora \u015fi s\u0103 sus\u0163inem c\u0103 a\u015fa e normal. Acum \u00eel \u00een\u0163eleg pe Cioran, dar \u00eel \u00een\u0163eleg mai bine \u015fi pe Preda. \u015ei m\u0103 g\u00e2ndesc iar, cu groaz\u0103, la copilul meu. Cel pu\u0163in eu nu \u00eemi doresc s\u0103 \u015ftiu c\u0103 micu\u0163ul meu va fi singur, cu sufletul descul\u0163, prin jungla mileniului III ! https:\/\/curierulsatelor.ro\/wp\/2019\/10\/16\/cu-sufletul-descult-prin-jungla-mileniului-iii-editorial\/","sameAs":["http:\/\/admin"],"url":"https:\/\/curierulsatelor.ro\/wp\/author\/admin\/"}]}},"_links":{"self":[{"href":"https:\/\/curierulsatelor.ro\/wp\/wp-json\/wp\/v2\/posts\/2012","targetHints":{"allow":["GET"]}}],"collection":[{"href":"https:\/\/curierulsatelor.ro\/wp\/wp-json\/wp\/v2\/posts"}],"about":[{"href":"https:\/\/curierulsatelor.ro\/wp\/wp-json\/wp\/v2\/types\/post"}],"author":[{"embeddable":true,"href":"https:\/\/curierulsatelor.ro\/wp\/wp-json\/wp\/v2\/users\/1"}],"replies":[{"embeddable":true,"href":"https:\/\/curierulsatelor.ro\/wp\/wp-json\/wp\/v2\/comments?post=2012"}],"version-history":[{"count":1,"href":"https:\/\/curierulsatelor.ro\/wp\/wp-json\/wp\/v2\/posts\/2012\/revisions"}],"predecessor-version":[{"id":2014,"href":"https:\/\/curierulsatelor.ro\/wp\/wp-json\/wp\/v2\/posts\/2012\/revisions\/2014"}],"wp:featuredmedia":[{"embeddable":true,"href":"https:\/\/curierulsatelor.ro\/wp\/wp-json\/wp\/v2\/media\/2013"}],"wp:attachment":[{"href":"https:\/\/curierulsatelor.ro\/wp\/wp-json\/wp\/v2\/media?parent=2012"}],"wp:term":[{"taxonomy":"category","embeddable":true,"href":"https:\/\/curierulsatelor.ro\/wp\/wp-json\/wp\/v2\/categories?post=2012"},{"taxonomy":"post_tag","embeddable":true,"href":"https:\/\/curierulsatelor.ro\/wp\/wp-json\/wp\/v2\/tags?post=2012"}],"curies":[{"name":"wp","href":"https:\/\/api.w.org\/{rel}","templated":true}]}}