{"id":2041,"date":"2020-04-27T08:49:16","date_gmt":"2020-04-27T08:49:16","guid":{"rendered":"https:\/\/curierulsatelor.ro\/wp\/?p=2041"},"modified":"2020-04-27T08:49:19","modified_gmt":"2020-04-27T08:49:19","slug":"2041","status":"publish","type":"post","link":"https:\/\/curierulsatelor.ro\/wp\/2020\/04\/27\/2041\/","title":{"rendered":"Medic botosanean ucis de Covid. Doina Federovici &#8211; Va trai vesnic prin tot ce a facut"},"content":{"rendered":"\n<p>Drum lin \u0219i cu lumin\u0103, doamn\u0103 doctor!<br>\nBoto\u0219aniul a pierdut ast\u0103zi un adev\u0103rat simbol al devotamentului fa\u021b\u0103 de semeni. Un om care \u0219i-a dedicat \u00eentreaga carier\u0103 salv\u0103rii vie\u021bii semenilor. Nimeni nu-i va putea num\u0103ra vreodat\u0103 pe to\u021bi cei pe care doctorul Mariana Andrioaie i-a vindecat. \u0218i a f\u0103cut asta p\u00e2n\u0103 aproape \u00een ultimele sale clipe.<br>\nUn OM \u0219i un prieten excep\u021bional, un medic des\u0103v\u00e2r\u0219it, dedicat \u0219i cu adev\u0103rat atins de har.<br>\nAm avut onoarea s\u0103 \u00eei fim prieteni, iar durerea pe care o sim\u021bim este alinat\u0103 de g\u00e2ndul c\u0103, ast\u0103zi, mii de pacien\u021bi tr\u0103iesc datorit\u0103 dumneaei. Prin tot ceea ce a f\u0103cut pentru ei \u0219i familiile lor, va tr\u0103i ve\u0219nic. Las\u0103 \u00een urma sa rude, prieteni \u0219i colegi \u00eendurera\u021bi. Doamna doctor a fost un exemplu demn de urmat, mereu a fost dornic\u0103 s\u0103 ajute oamenii, de aceea a preferat p\u00e2n\u0103 \u00een ultima clip\u0103 s\u0103 fie al\u0103turi de pacien\u021bi. A pl\u0103tit tributul suprem \u00een aceast\u0103 lupt\u0103 t\u0103cut\u0103. Modestia, profesionalismul \u0219i delicate\u021bea sa au fost exemple pentru noi.  Plecarea sa dintre noi las\u0103 un gol, dar \u015fi amintirea unui om despre care s-a vorbit \u015fi se va vorbi numai de bine.<br>\nMedicina boto\u0219\u0103nean a pierdut un bun specialist, un medic de categorie superioar\u0103, o persoan\u0103 activ\u0103 \u0219i plin\u0103 de via\u021b\u0103. Medicul primar de medicin\u0103 intern\u0103, Mariana Andrioaie, \u00een cei peste 40 de ani ai carierei sale a fost Director medical al Spitalul Jude\u021bean de Urgen\u021b\u0103 Mavromati, medic \u0219ef al sec\u021biei medicale, consilier jude\u021bean pre\u0219edinte al comisiei de s\u0103n\u0103tate. Recuno\u0219tin\u021b\u0103 ve\u0219nic\u0103 pentru devotamentul profesional \u0219i toat\u0103 activitatea sa remarcabil\u0103. <br>\nDumnezeu s\u0103 o odihneasc\u0103 \u00een \u00eemp\u0103r\u0103\u021bia Sa!<br>\n\u00cen numele tuturor colegilor social democra\u021bi transmitem Sincere condoleante familiei \u00eendurerate!<br>\nDoina Federovici &#8211; pre\u0219edinte PSD Boto\u0219ani<\/p>\n\n\n\n<figure class=\"wp-block-image\"><img fetchpriority=\"high\" decoding=\"async\" width=\"1080\" height=\"1084\" src=\"https:\/\/i0.wp.com\/curierulsatelor.ro\/wp\/wp-content\/uploads\/2020\/04\/IMG_20200427_114543.png?fit=640%2C643&amp;ssl=1\" alt=\"\" class=\"wp-image-2042\" srcset=\"https:\/\/curierulsatelor.ro\/wp\/wp-content\/uploads\/2020\/04\/IMG_20200427_114543.png 1080w, https:\/\/curierulsatelor.ro\/wp\/wp-content\/uploads\/2020\/04\/IMG_20200427_114543-150x150.png 150w, https:\/\/curierulsatelor.ro\/wp\/wp-content\/uploads\/2020\/04\/IMG_20200427_114543-300x300.png 300w, https:\/\/curierulsatelor.ro\/wp\/wp-content\/uploads\/2020\/04\/IMG_20200427_114543-768x771.png 768w, https:\/\/curierulsatelor.ro\/wp\/wp-content\/uploads\/2020\/04\/IMG_20200427_114543-1020x1024.png 1020w\" sizes=\"(max-width: 1080px) 100vw, 1080px\" \/><\/figure>\n","protected":false},"excerpt":{"rendered":"<p>Drum lin \u0219i cu lumin\u0103, doamn\u0103 doctor! Boto\u0219aniul a pierdut ast\u0103zi un adev\u0103rat simbol al&#8230;<\/p>\n","protected":false},"author":1,"featured_media":2042,"comment_status":"open","ping_status":"open","sticky":false,"template":"","format":"standard","meta":{"footnotes":""},"categories":[8,7,11,1],"tags":[],"class_list":["post-2041","post","type-post","status-publish","format-standard","has-post-thumbnail","hentry","category-comunicate","category-social","category-stiri","category-uncategorized"],"yoast_head":"<!-- This site is optimized with the Yoast SEO plugin v27.4 - https:\/\/yoast.com\/product\/yoast-seo-wordpress\/ -->\n<title>Medic botosanean ucis de Covid. Doina Federovici - Va trai vesnic prin tot ce a facut - Curierul Regional<\/title>\n<meta name=\"robots\" content=\"index, follow, max-snippet:-1, max-image-preview:large, max-video-preview:-1\" \/>\n<link rel=\"canonical\" href=\"https:\/\/curierulsatelor.ro\/wp\/2020\/04\/27\/2041\/\" \/>\n<meta property=\"og:locale\" content=\"ro_RO\" \/>\n<meta property=\"og:type\" content=\"article\" \/>\n<meta property=\"og:title\" content=\"Medic botosanean ucis de Covid. Doina Federovici - Va trai vesnic prin tot ce a facut - Curierul Regional\" \/>\n<meta property=\"og:description\" content=\"Drum lin \u0219i cu lumin\u0103, doamn\u0103 doctor! Boto\u0219aniul a pierdut ast\u0103zi un adev\u0103rat simbol al...\" \/>\n<meta property=\"og:url\" content=\"https:\/\/curierulsatelor.ro\/wp\/2020\/04\/27\/2041\/\" \/>\n<meta property=\"og:site_name\" content=\"Curierul Regional\" \/>\n<meta property=\"article:published_time\" content=\"2020-04-27T08:49:16+00:00\" \/>\n<meta property=\"article:modified_time\" content=\"2020-04-27T08:49:19+00:00\" \/>\n<meta property=\"og:image\" content=\"https:\/\/curierulsatelor.ro\/wp\/wp-content\/uploads\/2020\/04\/IMG_20200427_114543.png\" \/>\n\t<meta property=\"og:image:width\" content=\"1080\" \/>\n\t<meta property=\"og:image:height\" content=\"1084\" \/>\n\t<meta property=\"og:image:type\" content=\"image\/png\" \/>\n<meta name=\"author\" content=\"Marian Morosan\" \/>\n<meta name=\"twitter:card\" content=\"summary_large_image\" \/>\n<meta name=\"twitter:label1\" content=\"Scris de\" \/>\n\t<meta name=\"twitter:data1\" content=\"Marian Morosan\" \/>\n\t<meta name=\"twitter:label2\" content=\"Timp estimat pentru citire\" \/>\n\t<meta name=\"twitter:data2\" content=\"2 minute\" \/>\n<script type=\"application\/ld+json\" class=\"yoast-schema-graph\">{\"@context\":\"https:\\\/\\\/schema.org\",\"@graph\":[{\"@type\":\"Article\",\"@id\":\"https:\\\/\\\/curierulsatelor.ro\\\/wp\\\/2020\\\/04\\\/27\\\/2041\\\/#article\",\"isPartOf\":{\"@id\":\"https:\\\/\\\/curierulsatelor.ro\\\/wp\\\/2020\\\/04\\\/27\\\/2041\\\/\"},\"author\":{\"name\":\"Marian Morosan\",\"@id\":\"https:\\\/\\\/curierulsatelor.ro\\\/wp\\\/#\\\/schema\\\/person\\\/6f6b28a030e15d619a82894773d6e7b9\"},\"headline\":\"Medic botosanean ucis de Covid. Doina Federovici &#8211; Va trai vesnic prin tot ce a facut\",\"datePublished\":\"2020-04-27T08:49:16+00:00\",\"dateModified\":\"2020-04-27T08:49:19+00:00\",\"mainEntityOfPage\":{\"@id\":\"https:\\\/\\\/curierulsatelor.ro\\\/wp\\\/2020\\\/04\\\/27\\\/2041\\\/\"},\"wordCount\":338,\"commentCount\":0,\"publisher\":{\"@id\":\"https:\\\/\\\/curierulsatelor.ro\\\/wp\\\/#organization\"},\"image\":{\"@id\":\"https:\\\/\\\/curierulsatelor.ro\\\/wp\\\/2020\\\/04\\\/27\\\/2041\\\/#primaryimage\"},\"thumbnailUrl\":\"https:\\\/\\\/curierulsatelor.ro\\\/wp\\\/wp-content\\\/uploads\\\/2020\\\/04\\\/IMG_20200427_114543.png\",\"articleSection\":[\"Comunicate\",\"Social\",\"Stiri\",\"Uncategorized\"],\"inLanguage\":\"ro-RO\",\"potentialAction\":[{\"@type\":\"CommentAction\",\"name\":\"Comment\",\"target\":[\"https:\\\/\\\/curierulsatelor.ro\\\/wp\\\/2020\\\/04\\\/27\\\/2041\\\/#respond\"]}]},{\"@type\":\"WebPage\",\"@id\":\"https:\\\/\\\/curierulsatelor.ro\\\/wp\\\/2020\\\/04\\\/27\\\/2041\\\/\",\"url\":\"https:\\\/\\\/curierulsatelor.ro\\\/wp\\\/2020\\\/04\\\/27\\\/2041\\\/\",\"name\":\"Medic botosanean ucis de Covid. Doina Federovici - Va trai vesnic prin tot ce a facut - Curierul Regional\",\"isPartOf\":{\"@id\":\"https:\\\/\\\/curierulsatelor.ro\\\/wp\\\/#website\"},\"primaryImageOfPage\":{\"@id\":\"https:\\\/\\\/curierulsatelor.ro\\\/wp\\\/2020\\\/04\\\/27\\\/2041\\\/#primaryimage\"},\"image\":{\"@id\":\"https:\\\/\\\/curierulsatelor.ro\\\/wp\\\/2020\\\/04\\\/27\\\/2041\\\/#primaryimage\"},\"thumbnailUrl\":\"https:\\\/\\\/curierulsatelor.ro\\\/wp\\\/wp-content\\\/uploads\\\/2020\\\/04\\\/IMG_20200427_114543.png\",\"datePublished\":\"2020-04-27T08:49:16+00:00\",\"dateModified\":\"2020-04-27T08:49:19+00:00\",\"breadcrumb\":{\"@id\":\"https:\\\/\\\/curierulsatelor.ro\\\/wp\\\/2020\\\/04\\\/27\\\/2041\\\/#breadcrumb\"},\"inLanguage\":\"ro-RO\",\"potentialAction\":[{\"@type\":\"ReadAction\",\"target\":[\"https:\\\/\\\/curierulsatelor.ro\\\/wp\\\/2020\\\/04\\\/27\\\/2041\\\/\"]}]},{\"@type\":\"ImageObject\",\"inLanguage\":\"ro-RO\",\"@id\":\"https:\\\/\\\/curierulsatelor.ro\\\/wp\\\/2020\\\/04\\\/27\\\/2041\\\/#primaryimage\",\"url\":\"https:\\\/\\\/curierulsatelor.ro\\\/wp\\\/wp-content\\\/uploads\\\/2020\\\/04\\\/IMG_20200427_114543.png\",\"contentUrl\":\"https:\\\/\\\/curierulsatelor.ro\\\/wp\\\/wp-content\\\/uploads\\\/2020\\\/04\\\/IMG_20200427_114543.png\",\"width\":1080,\"height\":1084},{\"@type\":\"BreadcrumbList\",\"@id\":\"https:\\\/\\\/curierulsatelor.ro\\\/wp\\\/2020\\\/04\\\/27\\\/2041\\\/#breadcrumb\",\"itemListElement\":[{\"@type\":\"ListItem\",\"position\":1,\"name\":\"Prima pagin\u0103\",\"item\":\"https:\\\/\\\/curierulsatelor.ro\\\/wp\\\/\"},{\"@type\":\"ListItem\",\"position\":2,\"name\":\"Medic botosanean ucis de Covid. Doina Federovici &#8211; Va trai vesnic prin tot ce a facut\"}]},{\"@type\":\"WebSite\",\"@id\":\"https:\\\/\\\/curierulsatelor.ro\\\/wp\\\/#website\",\"url\":\"https:\\\/\\\/curierulsatelor.ro\\\/wp\\\/\",\"name\":\"Curierul Regional\",\"description\":\"\",\"publisher\":{\"@id\":\"https:\\\/\\\/curierulsatelor.ro\\\/wp\\\/#organization\"},\"potentialAction\":[{\"@type\":\"SearchAction\",\"target\":{\"@type\":\"EntryPoint\",\"urlTemplate\":\"https:\\\/\\\/curierulsatelor.ro\\\/wp\\\/?s={search_term_string}\"},\"query-input\":{\"@type\":\"PropertyValueSpecification\",\"valueRequired\":true,\"valueName\":\"search_term_string\"}}],\"inLanguage\":\"ro-RO\"},{\"@type\":\"Organization\",\"@id\":\"https:\\\/\\\/curierulsatelor.ro\\\/wp\\\/#organization\",\"name\":\"Curierul Regional\",\"url\":\"https:\\\/\\\/curierulsatelor.ro\\\/wp\\\/\",\"logo\":{\"@type\":\"ImageObject\",\"inLanguage\":\"ro-RO\",\"@id\":\"https:\\\/\\\/curierulsatelor.ro\\\/wp\\\/#\\\/schema\\\/logo\\\/image\\\/\",\"url\":\"https:\\\/\\\/curierulsatelor.ro\\\/wp\\\/wp-content\\\/uploads\\\/2020\\\/01\\\/Curierul-Regional-si-Curierul-satelor-logo-header.png\",\"contentUrl\":\"https:\\\/\\\/curierulsatelor.ro\\\/wp\\\/wp-content\\\/uploads\\\/2020\\\/01\\\/Curierul-Regional-si-Curierul-satelor-logo-header.png\",\"width\":2943,\"height\":685,\"caption\":\"Curierul Regional\"},\"image\":{\"@id\":\"https:\\\/\\\/curierulsatelor.ro\\\/wp\\\/#\\\/schema\\\/logo\\\/image\\\/\"}},{\"@type\":\"Person\",\"@id\":\"https:\\\/\\\/curierulsatelor.ro\\\/wp\\\/#\\\/schema\\\/person\\\/6f6b28a030e15d619a82894773d6e7b9\",\"name\":\"Marian Morosan\",\"image\":{\"@type\":\"ImageObject\",\"inLanguage\":\"ro-RO\",\"@id\":\"https:\\\/\\\/secure.gravatar.com\\\/avatar\\\/2e833cc9ab99e6bca46266d4ad9030d308346ff7ff0b6b955c29b74cafaf064b?s=96&d=mm&r=g\",\"url\":\"https:\\\/\\\/secure.gravatar.com\\\/avatar\\\/2e833cc9ab99e6bca46266d4ad9030d308346ff7ff0b6b955c29b74cafaf064b?s=96&d=mm&r=g\",\"contentUrl\":\"https:\\\/\\\/secure.gravatar.com\\\/avatar\\\/2e833cc9ab99e6bca46266d4ad9030d308346ff7ff0b6b955c29b74cafaf064b?s=96&d=mm&r=g\",\"caption\":\"Marian Morosan\"},\"description\":\"Copiilor no\u015ftri li se preg\u0103te\u015fte, incon\u015ftient, o lume de joben ciuruit, din care niciodat\u0103 nu iese iepura\u015ful. Doar panglicile politicilor sociale roase de moliile cu \u015ftaif din ultimele decenii. Suntem oropsi\u0163i, suntem dispera\u0163i, manipula\u0163i p\u00e2n\u0103 acolo \u00eenc\u00e2t ne bucur\u0103m s\u0103 fim masa de manevr\u0103 a unora \u015fi s\u0103 sus\u0163inem c\u0103 a\u015fa e normal. Acum \u00eel \u00een\u0163eleg pe Cioran, dar \u00eel \u00een\u0163eleg mai bine \u015fi pe Preda. \u015ei m\u0103 g\u00e2ndesc iar, cu groaz\u0103, la copilul meu. Cel pu\u0163in eu nu \u00eemi doresc s\u0103 \u015ftiu c\u0103 micu\u0163ul meu va fi singur, cu sufletul descul\u0163, prin jungla mileniului III ! https:\\\/\\\/curierulsatelor.ro\\\/wp\\\/2019\\\/10\\\/16\\\/cu-sufletul-descult-prin-jungla-mileniului-iii-editorial\\\/\",\"sameAs\":[\"http:\\\/\\\/admin\"],\"url\":\"https:\\\/\\\/curierulsatelor.ro\\\/wp\\\/author\\\/admin\\\/\"}]}<\/script>\n<!-- \/ Yoast SEO plugin. -->","yoast_head_json":{"title":"Medic botosanean ucis de Covid. Doina Federovici - Va trai vesnic prin tot ce a facut - Curierul Regional","robots":{"index":"index","follow":"follow","max-snippet":"max-snippet:-1","max-image-preview":"max-image-preview:large","max-video-preview":"max-video-preview:-1"},"canonical":"https:\/\/curierulsatelor.ro\/wp\/2020\/04\/27\/2041\/","og_locale":"ro_RO","og_type":"article","og_title":"Medic botosanean ucis de Covid. Doina Federovici - Va trai vesnic prin tot ce a facut - Curierul Regional","og_description":"Drum lin \u0219i cu lumin\u0103, doamn\u0103 doctor! Boto\u0219aniul a pierdut ast\u0103zi un adev\u0103rat simbol al...","og_url":"https:\/\/curierulsatelor.ro\/wp\/2020\/04\/27\/2041\/","og_site_name":"Curierul Regional","article_published_time":"2020-04-27T08:49:16+00:00","article_modified_time":"2020-04-27T08:49:19+00:00","og_image":[{"width":1080,"height":1084,"url":"https:\/\/curierulsatelor.ro\/wp\/wp-content\/uploads\/2020\/04\/IMG_20200427_114543.png","type":"image\/png"}],"author":"Marian Morosan","twitter_card":"summary_large_image","twitter_misc":{"Scris de":"Marian Morosan","Timp estimat pentru citire":"2 minute"},"schema":{"@context":"https:\/\/schema.org","@graph":[{"@type":"Article","@id":"https:\/\/curierulsatelor.ro\/wp\/2020\/04\/27\/2041\/#article","isPartOf":{"@id":"https:\/\/curierulsatelor.ro\/wp\/2020\/04\/27\/2041\/"},"author":{"name":"Marian Morosan","@id":"https:\/\/curierulsatelor.ro\/wp\/#\/schema\/person\/6f6b28a030e15d619a82894773d6e7b9"},"headline":"Medic botosanean ucis de Covid. Doina Federovici &#8211; Va trai vesnic prin tot ce a facut","datePublished":"2020-04-27T08:49:16+00:00","dateModified":"2020-04-27T08:49:19+00:00","mainEntityOfPage":{"@id":"https:\/\/curierulsatelor.ro\/wp\/2020\/04\/27\/2041\/"},"wordCount":338,"commentCount":0,"publisher":{"@id":"https:\/\/curierulsatelor.ro\/wp\/#organization"},"image":{"@id":"https:\/\/curierulsatelor.ro\/wp\/2020\/04\/27\/2041\/#primaryimage"},"thumbnailUrl":"https:\/\/curierulsatelor.ro\/wp\/wp-content\/uploads\/2020\/04\/IMG_20200427_114543.png","articleSection":["Comunicate","Social","Stiri","Uncategorized"],"inLanguage":"ro-RO","potentialAction":[{"@type":"CommentAction","name":"Comment","target":["https:\/\/curierulsatelor.ro\/wp\/2020\/04\/27\/2041\/#respond"]}]},{"@type":"WebPage","@id":"https:\/\/curierulsatelor.ro\/wp\/2020\/04\/27\/2041\/","url":"https:\/\/curierulsatelor.ro\/wp\/2020\/04\/27\/2041\/","name":"Medic botosanean ucis de Covid. Doina Federovici - Va trai vesnic prin tot ce a facut - Curierul Regional","isPartOf":{"@id":"https:\/\/curierulsatelor.ro\/wp\/#website"},"primaryImageOfPage":{"@id":"https:\/\/curierulsatelor.ro\/wp\/2020\/04\/27\/2041\/#primaryimage"},"image":{"@id":"https:\/\/curierulsatelor.ro\/wp\/2020\/04\/27\/2041\/#primaryimage"},"thumbnailUrl":"https:\/\/curierulsatelor.ro\/wp\/wp-content\/uploads\/2020\/04\/IMG_20200427_114543.png","datePublished":"2020-04-27T08:49:16+00:00","dateModified":"2020-04-27T08:49:19+00:00","breadcrumb":{"@id":"https:\/\/curierulsatelor.ro\/wp\/2020\/04\/27\/2041\/#breadcrumb"},"inLanguage":"ro-RO","potentialAction":[{"@type":"ReadAction","target":["https:\/\/curierulsatelor.ro\/wp\/2020\/04\/27\/2041\/"]}]},{"@type":"ImageObject","inLanguage":"ro-RO","@id":"https:\/\/curierulsatelor.ro\/wp\/2020\/04\/27\/2041\/#primaryimage","url":"https:\/\/curierulsatelor.ro\/wp\/wp-content\/uploads\/2020\/04\/IMG_20200427_114543.png","contentUrl":"https:\/\/curierulsatelor.ro\/wp\/wp-content\/uploads\/2020\/04\/IMG_20200427_114543.png","width":1080,"height":1084},{"@type":"BreadcrumbList","@id":"https:\/\/curierulsatelor.ro\/wp\/2020\/04\/27\/2041\/#breadcrumb","itemListElement":[{"@type":"ListItem","position":1,"name":"Prima pagin\u0103","item":"https:\/\/curierulsatelor.ro\/wp\/"},{"@type":"ListItem","position":2,"name":"Medic botosanean ucis de Covid. Doina Federovici &#8211; Va trai vesnic prin tot ce a facut"}]},{"@type":"WebSite","@id":"https:\/\/curierulsatelor.ro\/wp\/#website","url":"https:\/\/curierulsatelor.ro\/wp\/","name":"Curierul Regional","description":"","publisher":{"@id":"https:\/\/curierulsatelor.ro\/wp\/#organization"},"potentialAction":[{"@type":"SearchAction","target":{"@type":"EntryPoint","urlTemplate":"https:\/\/curierulsatelor.ro\/wp\/?s={search_term_string}"},"query-input":{"@type":"PropertyValueSpecification","valueRequired":true,"valueName":"search_term_string"}}],"inLanguage":"ro-RO"},{"@type":"Organization","@id":"https:\/\/curierulsatelor.ro\/wp\/#organization","name":"Curierul Regional","url":"https:\/\/curierulsatelor.ro\/wp\/","logo":{"@type":"ImageObject","inLanguage":"ro-RO","@id":"https:\/\/curierulsatelor.ro\/wp\/#\/schema\/logo\/image\/","url":"https:\/\/curierulsatelor.ro\/wp\/wp-content\/uploads\/2020\/01\/Curierul-Regional-si-Curierul-satelor-logo-header.png","contentUrl":"https:\/\/curierulsatelor.ro\/wp\/wp-content\/uploads\/2020\/01\/Curierul-Regional-si-Curierul-satelor-logo-header.png","width":2943,"height":685,"caption":"Curierul Regional"},"image":{"@id":"https:\/\/curierulsatelor.ro\/wp\/#\/schema\/logo\/image\/"}},{"@type":"Person","@id":"https:\/\/curierulsatelor.ro\/wp\/#\/schema\/person\/6f6b28a030e15d619a82894773d6e7b9","name":"Marian Morosan","image":{"@type":"ImageObject","inLanguage":"ro-RO","@id":"https:\/\/secure.gravatar.com\/avatar\/2e833cc9ab99e6bca46266d4ad9030d308346ff7ff0b6b955c29b74cafaf064b?s=96&d=mm&r=g","url":"https:\/\/secure.gravatar.com\/avatar\/2e833cc9ab99e6bca46266d4ad9030d308346ff7ff0b6b955c29b74cafaf064b?s=96&d=mm&r=g","contentUrl":"https:\/\/secure.gravatar.com\/avatar\/2e833cc9ab99e6bca46266d4ad9030d308346ff7ff0b6b955c29b74cafaf064b?s=96&d=mm&r=g","caption":"Marian Morosan"},"description":"Copiilor no\u015ftri li se preg\u0103te\u015fte, incon\u015ftient, o lume de joben ciuruit, din care niciodat\u0103 nu iese iepura\u015ful. Doar panglicile politicilor sociale roase de moliile cu \u015ftaif din ultimele decenii. Suntem oropsi\u0163i, suntem dispera\u0163i, manipula\u0163i p\u00e2n\u0103 acolo \u00eenc\u00e2t ne bucur\u0103m s\u0103 fim masa de manevr\u0103 a unora \u015fi s\u0103 sus\u0163inem c\u0103 a\u015fa e normal. Acum \u00eel \u00een\u0163eleg pe Cioran, dar \u00eel \u00een\u0163eleg mai bine \u015fi pe Preda. \u015ei m\u0103 g\u00e2ndesc iar, cu groaz\u0103, la copilul meu. Cel pu\u0163in eu nu \u00eemi doresc s\u0103 \u015ftiu c\u0103 micu\u0163ul meu va fi singur, cu sufletul descul\u0163, prin jungla mileniului III ! https:\/\/curierulsatelor.ro\/wp\/2019\/10\/16\/cu-sufletul-descult-prin-jungla-mileniului-iii-editorial\/","sameAs":["http:\/\/admin"],"url":"https:\/\/curierulsatelor.ro\/wp\/author\/admin\/"}]}},"_links":{"self":[{"href":"https:\/\/curierulsatelor.ro\/wp\/wp-json\/wp\/v2\/posts\/2041","targetHints":{"allow":["GET"]}}],"collection":[{"href":"https:\/\/curierulsatelor.ro\/wp\/wp-json\/wp\/v2\/posts"}],"about":[{"href":"https:\/\/curierulsatelor.ro\/wp\/wp-json\/wp\/v2\/types\/post"}],"author":[{"embeddable":true,"href":"https:\/\/curierulsatelor.ro\/wp\/wp-json\/wp\/v2\/users\/1"}],"replies":[{"embeddable":true,"href":"https:\/\/curierulsatelor.ro\/wp\/wp-json\/wp\/v2\/comments?post=2041"}],"version-history":[{"count":1,"href":"https:\/\/curierulsatelor.ro\/wp\/wp-json\/wp\/v2\/posts\/2041\/revisions"}],"predecessor-version":[{"id":2043,"href":"https:\/\/curierulsatelor.ro\/wp\/wp-json\/wp\/v2\/posts\/2041\/revisions\/2043"}],"wp:featuredmedia":[{"embeddable":true,"href":"https:\/\/curierulsatelor.ro\/wp\/wp-json\/wp\/v2\/media\/2042"}],"wp:attachment":[{"href":"https:\/\/curierulsatelor.ro\/wp\/wp-json\/wp\/v2\/media?parent=2041"}],"wp:term":[{"taxonomy":"category","embeddable":true,"href":"https:\/\/curierulsatelor.ro\/wp\/wp-json\/wp\/v2\/categories?post=2041"},{"taxonomy":"post_tag","embeddable":true,"href":"https:\/\/curierulsatelor.ro\/wp\/wp-json\/wp\/v2\/tags?post=2041"}],"curies":[{"name":"wp","href":"https:\/\/api.w.org\/{rel}","templated":true}]}}