{"id":2058,"date":"2020-05-04T08:34:49","date_gmt":"2020-05-04T08:34:49","guid":{"rendered":"https:\/\/curierulsatelor.ro\/wp\/?p=2058"},"modified":"2020-05-04T08:34:52","modified_gmt":"2020-05-04T08:34:52","slug":"prefectul-isi-aranjeaza-diverse-job-uri-in-vreme-ce-botosanenii-sunt-fortati-sa-stea-acasa","status":"publish","type":"post","link":"https:\/\/curierulsatelor.ro\/wp\/2020\/05\/04\/prefectul-isi-aranjeaza-diverse-job-uri-in-vreme-ce-botosanenii-sunt-fortati-sa-stea-acasa\/","title":{"rendered":"Prefectul \u00ee\u0219i aranjeaz\u0103 diverse job-uri \u00een vreme ce boto\u0219\u0103nenii sunt for\u021ba\u021bi s\u0103 stea acas\u0103"},"content":{"rendered":"\n<p><strong>Prefectul Nechifor face aranjamente \u00een plin\u0103 pandemie de coronavirus pentru a-\u0219i p\u0103stra privilegiile \u0219i dup\u0103 guvernarea PNL! &nbsp;&nbsp;&nbsp;<\/strong><\/p>\n\n\n\n<p>Organiza\u021bia PSD Boto\u0219ani atrage aten\u021bia opiniei publice asupra preocup\u0103rilor concrete ale prefectului Dan Nechifor \u00een plin\u0103 pandemie de COVID-19.<\/p>\n\n\n\n<p>Boto\u0219\u0103nenii \u00een loc s\u0103 fie sprijini\u021bi \u0219i proteja\u021bi de Guvernul PNL at\u00e2t la nivel medical, c\u00e2t \u0219i economic, \u00een plin\u0103 pandemie de coronavirus, reprezentantul Executivului \u00een teritoriu, prefectul Dan Nechifor, \u00eei trateaz\u0103 cu indiferen\u021b\u0103. \u00cen timp ce Boto\u0219aniul e \u00een primele 10 jude\u021be la num\u0103rul de persoane infectate cu COVID-19, echipamentele medicale au ajuns cu \u00eent\u00e2rziere \u0219i \u00een num\u0103r redus, prefectul Dan Nechifor face aranjamente pentru a-\u0219i p\u0103stra privilegiile \u0219i dup\u0103 guvernarea PNL! De\u0219i \u0219eful s\u0103u Ludovic Orban a blocat din noiembrie 2019 toate concursurile pentru posturile publice, domnul prefect \u0219i-a rezolvat de \u00eendat\u0103 transferul de la Direc\u021bia General\u0103 Regional\u0103 a Finan\u021belor Publice Ia\u0219i pe postul de \u0219ef adjunct administra\u021bie inspec\u021bie fiscal\u0103 la AJFP Boto\u0219ani, cu un salariu de 12.707 lei. A\u0219a \u00een\u021beleg guvernan\u021bii liberali s\u0103-\u0219i recompenseze politrucii de carier\u0103. Pentru unii mum\u0103, pentru al\u021bii cium\u0103!<\/p>\n\n\n\n<p>\u00cen Codul Administrativ se precizeaz\u0103 clar c\u0103: \u201e\u00een perioada suspend\u0103rii, raporturile de serviciu ale func\u021bionarilor publici nu pot \u00eenceta \u0219i nu pot fi modificate dec\u00e2t&nbsp;<strong><em>prin ini\u021biativa sau cu acordul func\u021bionarului public \u00een cauz\u0103<\/em><\/strong>\u201d, adic\u0103 a domnului Dan Nechifor, \u00een situa\u021bia de fa\u021b\u0103.<\/p>\n\n\n\n<p>\u00cen cazul \u00een care domnul Nechifor este at\u00e2t de dedicat func\u021biei pe care o ocup\u0103 \u00een prezent, de ce nu renun\u021b\u0103 la postul de director adjunct din care este suspendat p\u00e2n\u0103 la revenirea din postul de prefect? De ce este nevoie ca fiecare liberal s\u0103-\u0219i p\u0103streze mai multe func\u021bii de conducere, \u00een timp ce mul\u021bi al\u021bi boto\u0219\u0103neni sunt \u00een \u0219omaj tehnic, sunt da\u021bi afar\u0103 sau li s-au t\u0103iat salariile? Unde e solidaritatea de care ne vorbeau domnii Orban \u0219i Iohannis, \u0219efii domnului Nechifor? Din p\u0103cate nu exist\u0103 a\u0219a ceva la PNL, dec\u00e2t solidaritatea grupului de interese \u0219i de afaceri. PNL la Bucure\u0219ti \u0219i PNL la Boto\u0219ani, aceea\u0219i mizerie!<\/p>\n\n\n\n<p>Comunicat PSD<\/p>\n","protected":false},"excerpt":{"rendered":"<p>Prefectul Nechifor face aranjamente \u00een plin\u0103 pandemie de coronavirus pentru a-\u0219i p\u0103stra privilegiile \u0219i dup\u0103&#8230;<\/p>\n","protected":false},"author":1,"featured_media":2059,"comment_status":"open","ping_status":"open","sticky":false,"template":"","format":"standard","meta":{"footnotes":""},"categories":[5,15,8,11],"tags":[],"class_list":["post-2058","post","type-post","status-publish","format-standard","has-post-thumbnail","hentry","category-administratie","category-botosani","category-comunicate","category-stiri"],"yoast_head":"<!-- This site is optimized with the Yoast SEO plugin v27.4 - https:\/\/yoast.com\/product\/yoast-seo-wordpress\/ -->\n<title>Prefectul \u00ee\u0219i aranjeaz\u0103 diverse job-uri \u00een vreme ce boto\u0219\u0103nenii sunt for\u021ba\u021bi s\u0103 stea acas\u0103 - Curierul Regional<\/title>\n<meta name=\"robots\" content=\"index, follow, max-snippet:-1, max-image-preview:large, max-video-preview:-1\" \/>\n<link rel=\"canonical\" href=\"https:\/\/curierulsatelor.ro\/wp\/2020\/05\/04\/prefectul-isi-aranjeaza-diverse-job-uri-in-vreme-ce-botosanenii-sunt-fortati-sa-stea-acasa\/\" \/>\n<meta property=\"og:locale\" content=\"ro_RO\" \/>\n<meta property=\"og:type\" content=\"article\" \/>\n<meta property=\"og:title\" content=\"Prefectul \u00ee\u0219i aranjeaz\u0103 diverse job-uri \u00een vreme ce boto\u0219\u0103nenii sunt for\u021ba\u021bi s\u0103 stea acas\u0103 - Curierul Regional\" \/>\n<meta property=\"og:description\" content=\"Prefectul Nechifor face aranjamente \u00een plin\u0103 pandemie de coronavirus pentru a-\u0219i p\u0103stra privilegiile \u0219i dup\u0103...\" \/>\n<meta property=\"og:url\" content=\"https:\/\/curierulsatelor.ro\/wp\/2020\/05\/04\/prefectul-isi-aranjeaza-diverse-job-uri-in-vreme-ce-botosanenii-sunt-fortati-sa-stea-acasa\/\" \/>\n<meta property=\"og:site_name\" content=\"Curierul Regional\" \/>\n<meta property=\"article:published_time\" content=\"2020-05-04T08:34:49+00:00\" \/>\n<meta property=\"article:modified_time\" content=\"2020-05-04T08:34:52+00:00\" \/>\n<meta property=\"og:image\" content=\"https:\/\/curierulsatelor.ro\/wp\/wp-content\/uploads\/2020\/05\/Dan-Nechifor.jpg\" \/>\n\t<meta property=\"og:image:width\" content=\"640\" \/>\n\t<meta property=\"og:image:height\" content=\"480\" \/>\n\t<meta property=\"og:image:type\" content=\"image\/jpeg\" \/>\n<meta name=\"author\" content=\"Marian Morosan\" \/>\n<meta name=\"twitter:card\" content=\"summary_large_image\" \/>\n<meta name=\"twitter:label1\" content=\"Scris de\" \/>\n\t<meta name=\"twitter:data1\" content=\"Marian Morosan\" \/>\n\t<meta name=\"twitter:label2\" content=\"Timp estimat pentru citire\" \/>\n\t<meta name=\"twitter:data2\" content=\"2 minute\" \/>\n<script type=\"application\/ld+json\" class=\"yoast-schema-graph\">{\"@context\":\"https:\\\/\\\/schema.org\",\"@graph\":[{\"@type\":\"Article\",\"@id\":\"https:\\\/\\\/curierulsatelor.ro\\\/wp\\\/2020\\\/05\\\/04\\\/prefectul-isi-aranjeaza-diverse-job-uri-in-vreme-ce-botosanenii-sunt-fortati-sa-stea-acasa\\\/#article\",\"isPartOf\":{\"@id\":\"https:\\\/\\\/curierulsatelor.ro\\\/wp\\\/2020\\\/05\\\/04\\\/prefectul-isi-aranjeaza-diverse-job-uri-in-vreme-ce-botosanenii-sunt-fortati-sa-stea-acasa\\\/\"},\"author\":{\"name\":\"Marian Morosan\",\"@id\":\"https:\\\/\\\/curierulsatelor.ro\\\/wp\\\/#\\\/schema\\\/person\\\/6f6b28a030e15d619a82894773d6e7b9\"},\"headline\":\"Prefectul \u00ee\u0219i aranjeaz\u0103 diverse job-uri \u00een vreme ce boto\u0219\u0103nenii sunt for\u021ba\u021bi s\u0103 stea acas\u0103\",\"datePublished\":\"2020-05-04T08:34:49+00:00\",\"dateModified\":\"2020-05-04T08:34:52+00:00\",\"mainEntityOfPage\":{\"@id\":\"https:\\\/\\\/curierulsatelor.ro\\\/wp\\\/2020\\\/05\\\/04\\\/prefectul-isi-aranjeaza-diverse-job-uri-in-vreme-ce-botosanenii-sunt-fortati-sa-stea-acasa\\\/\"},\"wordCount\":399,\"commentCount\":0,\"publisher\":{\"@id\":\"https:\\\/\\\/curierulsatelor.ro\\\/wp\\\/#organization\"},\"image\":{\"@id\":\"https:\\\/\\\/curierulsatelor.ro\\\/wp\\\/2020\\\/05\\\/04\\\/prefectul-isi-aranjeaza-diverse-job-uri-in-vreme-ce-botosanenii-sunt-fortati-sa-stea-acasa\\\/#primaryimage\"},\"thumbnailUrl\":\"https:\\\/\\\/curierulsatelor.ro\\\/wp\\\/wp-content\\\/uploads\\\/2020\\\/05\\\/Dan-Nechifor.jpg\",\"articleSection\":[\"Administratie\",\"Boto\u0219ani\",\"Comunicate\",\"Stiri\"],\"inLanguage\":\"ro-RO\",\"potentialAction\":[{\"@type\":\"CommentAction\",\"name\":\"Comment\",\"target\":[\"https:\\\/\\\/curierulsatelor.ro\\\/wp\\\/2020\\\/05\\\/04\\\/prefectul-isi-aranjeaza-diverse-job-uri-in-vreme-ce-botosanenii-sunt-fortati-sa-stea-acasa\\\/#respond\"]}]},{\"@type\":\"WebPage\",\"@id\":\"https:\\\/\\\/curierulsatelor.ro\\\/wp\\\/2020\\\/05\\\/04\\\/prefectul-isi-aranjeaza-diverse-job-uri-in-vreme-ce-botosanenii-sunt-fortati-sa-stea-acasa\\\/\",\"url\":\"https:\\\/\\\/curierulsatelor.ro\\\/wp\\\/2020\\\/05\\\/04\\\/prefectul-isi-aranjeaza-diverse-job-uri-in-vreme-ce-botosanenii-sunt-fortati-sa-stea-acasa\\\/\",\"name\":\"Prefectul \u00ee\u0219i aranjeaz\u0103 diverse job-uri \u00een vreme ce boto\u0219\u0103nenii sunt for\u021ba\u021bi s\u0103 stea acas\u0103 - Curierul Regional\",\"isPartOf\":{\"@id\":\"https:\\\/\\\/curierulsatelor.ro\\\/wp\\\/#website\"},\"primaryImageOfPage\":{\"@id\":\"https:\\\/\\\/curierulsatelor.ro\\\/wp\\\/2020\\\/05\\\/04\\\/prefectul-isi-aranjeaza-diverse-job-uri-in-vreme-ce-botosanenii-sunt-fortati-sa-stea-acasa\\\/#primaryimage\"},\"image\":{\"@id\":\"https:\\\/\\\/curierulsatelor.ro\\\/wp\\\/2020\\\/05\\\/04\\\/prefectul-isi-aranjeaza-diverse-job-uri-in-vreme-ce-botosanenii-sunt-fortati-sa-stea-acasa\\\/#primaryimage\"},\"thumbnailUrl\":\"https:\\\/\\\/curierulsatelor.ro\\\/wp\\\/wp-content\\\/uploads\\\/2020\\\/05\\\/Dan-Nechifor.jpg\",\"datePublished\":\"2020-05-04T08:34:49+00:00\",\"dateModified\":\"2020-05-04T08:34:52+00:00\",\"breadcrumb\":{\"@id\":\"https:\\\/\\\/curierulsatelor.ro\\\/wp\\\/2020\\\/05\\\/04\\\/prefectul-isi-aranjeaza-diverse-job-uri-in-vreme-ce-botosanenii-sunt-fortati-sa-stea-acasa\\\/#breadcrumb\"},\"inLanguage\":\"ro-RO\",\"potentialAction\":[{\"@type\":\"ReadAction\",\"target\":[\"https:\\\/\\\/curierulsatelor.ro\\\/wp\\\/2020\\\/05\\\/04\\\/prefectul-isi-aranjeaza-diverse-job-uri-in-vreme-ce-botosanenii-sunt-fortati-sa-stea-acasa\\\/\"]}]},{\"@type\":\"ImageObject\",\"inLanguage\":\"ro-RO\",\"@id\":\"https:\\\/\\\/curierulsatelor.ro\\\/wp\\\/2020\\\/05\\\/04\\\/prefectul-isi-aranjeaza-diverse-job-uri-in-vreme-ce-botosanenii-sunt-fortati-sa-stea-acasa\\\/#primaryimage\",\"url\":\"https:\\\/\\\/curierulsatelor.ro\\\/wp\\\/wp-content\\\/uploads\\\/2020\\\/05\\\/Dan-Nechifor.jpg\",\"contentUrl\":\"https:\\\/\\\/curierulsatelor.ro\\\/wp\\\/wp-content\\\/uploads\\\/2020\\\/05\\\/Dan-Nechifor.jpg\",\"width\":640,\"height\":480},{\"@type\":\"BreadcrumbList\",\"@id\":\"https:\\\/\\\/curierulsatelor.ro\\\/wp\\\/2020\\\/05\\\/04\\\/prefectul-isi-aranjeaza-diverse-job-uri-in-vreme-ce-botosanenii-sunt-fortati-sa-stea-acasa\\\/#breadcrumb\",\"itemListElement\":[{\"@type\":\"ListItem\",\"position\":1,\"name\":\"Prima pagin\u0103\",\"item\":\"https:\\\/\\\/curierulsatelor.ro\\\/wp\\\/\"},{\"@type\":\"ListItem\",\"position\":2,\"name\":\"Prefectul \u00ee\u0219i aranjeaz\u0103 diverse job-uri \u00een vreme ce boto\u0219\u0103nenii sunt for\u021ba\u021bi s\u0103 stea acas\u0103\"}]},{\"@type\":\"WebSite\",\"@id\":\"https:\\\/\\\/curierulsatelor.ro\\\/wp\\\/#website\",\"url\":\"https:\\\/\\\/curierulsatelor.ro\\\/wp\\\/\",\"name\":\"Curierul Regional\",\"description\":\"\",\"publisher\":{\"@id\":\"https:\\\/\\\/curierulsatelor.ro\\\/wp\\\/#organization\"},\"potentialAction\":[{\"@type\":\"SearchAction\",\"target\":{\"@type\":\"EntryPoint\",\"urlTemplate\":\"https:\\\/\\\/curierulsatelor.ro\\\/wp\\\/?s={search_term_string}\"},\"query-input\":{\"@type\":\"PropertyValueSpecification\",\"valueRequired\":true,\"valueName\":\"search_term_string\"}}],\"inLanguage\":\"ro-RO\"},{\"@type\":\"Organization\",\"@id\":\"https:\\\/\\\/curierulsatelor.ro\\\/wp\\\/#organization\",\"name\":\"Curierul Regional\",\"url\":\"https:\\\/\\\/curierulsatelor.ro\\\/wp\\\/\",\"logo\":{\"@type\":\"ImageObject\",\"inLanguage\":\"ro-RO\",\"@id\":\"https:\\\/\\\/curierulsatelor.ro\\\/wp\\\/#\\\/schema\\\/logo\\\/image\\\/\",\"url\":\"https:\\\/\\\/curierulsatelor.ro\\\/wp\\\/wp-content\\\/uploads\\\/2020\\\/01\\\/Curierul-Regional-si-Curierul-satelor-logo-header.png\",\"contentUrl\":\"https:\\\/\\\/curierulsatelor.ro\\\/wp\\\/wp-content\\\/uploads\\\/2020\\\/01\\\/Curierul-Regional-si-Curierul-satelor-logo-header.png\",\"width\":2943,\"height\":685,\"caption\":\"Curierul Regional\"},\"image\":{\"@id\":\"https:\\\/\\\/curierulsatelor.ro\\\/wp\\\/#\\\/schema\\\/logo\\\/image\\\/\"}},{\"@type\":\"Person\",\"@id\":\"https:\\\/\\\/curierulsatelor.ro\\\/wp\\\/#\\\/schema\\\/person\\\/6f6b28a030e15d619a82894773d6e7b9\",\"name\":\"Marian Morosan\",\"image\":{\"@type\":\"ImageObject\",\"inLanguage\":\"ro-RO\",\"@id\":\"https:\\\/\\\/secure.gravatar.com\\\/avatar\\\/2e833cc9ab99e6bca46266d4ad9030d308346ff7ff0b6b955c29b74cafaf064b?s=96&d=mm&r=g\",\"url\":\"https:\\\/\\\/secure.gravatar.com\\\/avatar\\\/2e833cc9ab99e6bca46266d4ad9030d308346ff7ff0b6b955c29b74cafaf064b?s=96&d=mm&r=g\",\"contentUrl\":\"https:\\\/\\\/secure.gravatar.com\\\/avatar\\\/2e833cc9ab99e6bca46266d4ad9030d308346ff7ff0b6b955c29b74cafaf064b?s=96&d=mm&r=g\",\"caption\":\"Marian Morosan\"},\"description\":\"Copiilor no\u015ftri li se preg\u0103te\u015fte, incon\u015ftient, o lume de joben ciuruit, din care niciodat\u0103 nu iese iepura\u015ful. Doar panglicile politicilor sociale roase de moliile cu \u015ftaif din ultimele decenii. Suntem oropsi\u0163i, suntem dispera\u0163i, manipula\u0163i p\u00e2n\u0103 acolo \u00eenc\u00e2t ne bucur\u0103m s\u0103 fim masa de manevr\u0103 a unora \u015fi s\u0103 sus\u0163inem c\u0103 a\u015fa e normal. Acum \u00eel \u00een\u0163eleg pe Cioran, dar \u00eel \u00een\u0163eleg mai bine \u015fi pe Preda. \u015ei m\u0103 g\u00e2ndesc iar, cu groaz\u0103, la copilul meu. Cel pu\u0163in eu nu \u00eemi doresc s\u0103 \u015ftiu c\u0103 micu\u0163ul meu va fi singur, cu sufletul descul\u0163, prin jungla mileniului III ! https:\\\/\\\/curierulsatelor.ro\\\/wp\\\/2019\\\/10\\\/16\\\/cu-sufletul-descult-prin-jungla-mileniului-iii-editorial\\\/\",\"sameAs\":[\"http:\\\/\\\/admin\"],\"url\":\"https:\\\/\\\/curierulsatelor.ro\\\/wp\\\/author\\\/admin\\\/\"}]}<\/script>\n<!-- \/ Yoast SEO plugin. -->","yoast_head_json":{"title":"Prefectul \u00ee\u0219i aranjeaz\u0103 diverse job-uri \u00een vreme ce boto\u0219\u0103nenii sunt for\u021ba\u021bi s\u0103 stea acas\u0103 - Curierul Regional","robots":{"index":"index","follow":"follow","max-snippet":"max-snippet:-1","max-image-preview":"max-image-preview:large","max-video-preview":"max-video-preview:-1"},"canonical":"https:\/\/curierulsatelor.ro\/wp\/2020\/05\/04\/prefectul-isi-aranjeaza-diverse-job-uri-in-vreme-ce-botosanenii-sunt-fortati-sa-stea-acasa\/","og_locale":"ro_RO","og_type":"article","og_title":"Prefectul \u00ee\u0219i aranjeaz\u0103 diverse job-uri \u00een vreme ce boto\u0219\u0103nenii sunt for\u021ba\u021bi s\u0103 stea acas\u0103 - Curierul Regional","og_description":"Prefectul Nechifor face aranjamente \u00een plin\u0103 pandemie de coronavirus pentru a-\u0219i p\u0103stra privilegiile \u0219i dup\u0103...","og_url":"https:\/\/curierulsatelor.ro\/wp\/2020\/05\/04\/prefectul-isi-aranjeaza-diverse-job-uri-in-vreme-ce-botosanenii-sunt-fortati-sa-stea-acasa\/","og_site_name":"Curierul Regional","article_published_time":"2020-05-04T08:34:49+00:00","article_modified_time":"2020-05-04T08:34:52+00:00","og_image":[{"width":640,"height":480,"url":"https:\/\/curierulsatelor.ro\/wp\/wp-content\/uploads\/2020\/05\/Dan-Nechifor.jpg","type":"image\/jpeg"}],"author":"Marian Morosan","twitter_card":"summary_large_image","twitter_misc":{"Scris de":"Marian Morosan","Timp estimat pentru citire":"2 minute"},"schema":{"@context":"https:\/\/schema.org","@graph":[{"@type":"Article","@id":"https:\/\/curierulsatelor.ro\/wp\/2020\/05\/04\/prefectul-isi-aranjeaza-diverse-job-uri-in-vreme-ce-botosanenii-sunt-fortati-sa-stea-acasa\/#article","isPartOf":{"@id":"https:\/\/curierulsatelor.ro\/wp\/2020\/05\/04\/prefectul-isi-aranjeaza-diverse-job-uri-in-vreme-ce-botosanenii-sunt-fortati-sa-stea-acasa\/"},"author":{"name":"Marian Morosan","@id":"https:\/\/curierulsatelor.ro\/wp\/#\/schema\/person\/6f6b28a030e15d619a82894773d6e7b9"},"headline":"Prefectul \u00ee\u0219i aranjeaz\u0103 diverse job-uri \u00een vreme ce boto\u0219\u0103nenii sunt for\u021ba\u021bi s\u0103 stea acas\u0103","datePublished":"2020-05-04T08:34:49+00:00","dateModified":"2020-05-04T08:34:52+00:00","mainEntityOfPage":{"@id":"https:\/\/curierulsatelor.ro\/wp\/2020\/05\/04\/prefectul-isi-aranjeaza-diverse-job-uri-in-vreme-ce-botosanenii-sunt-fortati-sa-stea-acasa\/"},"wordCount":399,"commentCount":0,"publisher":{"@id":"https:\/\/curierulsatelor.ro\/wp\/#organization"},"image":{"@id":"https:\/\/curierulsatelor.ro\/wp\/2020\/05\/04\/prefectul-isi-aranjeaza-diverse-job-uri-in-vreme-ce-botosanenii-sunt-fortati-sa-stea-acasa\/#primaryimage"},"thumbnailUrl":"https:\/\/curierulsatelor.ro\/wp\/wp-content\/uploads\/2020\/05\/Dan-Nechifor.jpg","articleSection":["Administratie","Boto\u0219ani","Comunicate","Stiri"],"inLanguage":"ro-RO","potentialAction":[{"@type":"CommentAction","name":"Comment","target":["https:\/\/curierulsatelor.ro\/wp\/2020\/05\/04\/prefectul-isi-aranjeaza-diverse-job-uri-in-vreme-ce-botosanenii-sunt-fortati-sa-stea-acasa\/#respond"]}]},{"@type":"WebPage","@id":"https:\/\/curierulsatelor.ro\/wp\/2020\/05\/04\/prefectul-isi-aranjeaza-diverse-job-uri-in-vreme-ce-botosanenii-sunt-fortati-sa-stea-acasa\/","url":"https:\/\/curierulsatelor.ro\/wp\/2020\/05\/04\/prefectul-isi-aranjeaza-diverse-job-uri-in-vreme-ce-botosanenii-sunt-fortati-sa-stea-acasa\/","name":"Prefectul \u00ee\u0219i aranjeaz\u0103 diverse job-uri \u00een vreme ce boto\u0219\u0103nenii sunt for\u021ba\u021bi s\u0103 stea acas\u0103 - Curierul Regional","isPartOf":{"@id":"https:\/\/curierulsatelor.ro\/wp\/#website"},"primaryImageOfPage":{"@id":"https:\/\/curierulsatelor.ro\/wp\/2020\/05\/04\/prefectul-isi-aranjeaza-diverse-job-uri-in-vreme-ce-botosanenii-sunt-fortati-sa-stea-acasa\/#primaryimage"},"image":{"@id":"https:\/\/curierulsatelor.ro\/wp\/2020\/05\/04\/prefectul-isi-aranjeaza-diverse-job-uri-in-vreme-ce-botosanenii-sunt-fortati-sa-stea-acasa\/#primaryimage"},"thumbnailUrl":"https:\/\/curierulsatelor.ro\/wp\/wp-content\/uploads\/2020\/05\/Dan-Nechifor.jpg","datePublished":"2020-05-04T08:34:49+00:00","dateModified":"2020-05-04T08:34:52+00:00","breadcrumb":{"@id":"https:\/\/curierulsatelor.ro\/wp\/2020\/05\/04\/prefectul-isi-aranjeaza-diverse-job-uri-in-vreme-ce-botosanenii-sunt-fortati-sa-stea-acasa\/#breadcrumb"},"inLanguage":"ro-RO","potentialAction":[{"@type":"ReadAction","target":["https:\/\/curierulsatelor.ro\/wp\/2020\/05\/04\/prefectul-isi-aranjeaza-diverse-job-uri-in-vreme-ce-botosanenii-sunt-fortati-sa-stea-acasa\/"]}]},{"@type":"ImageObject","inLanguage":"ro-RO","@id":"https:\/\/curierulsatelor.ro\/wp\/2020\/05\/04\/prefectul-isi-aranjeaza-diverse-job-uri-in-vreme-ce-botosanenii-sunt-fortati-sa-stea-acasa\/#primaryimage","url":"https:\/\/curierulsatelor.ro\/wp\/wp-content\/uploads\/2020\/05\/Dan-Nechifor.jpg","contentUrl":"https:\/\/curierulsatelor.ro\/wp\/wp-content\/uploads\/2020\/05\/Dan-Nechifor.jpg","width":640,"height":480},{"@type":"BreadcrumbList","@id":"https:\/\/curierulsatelor.ro\/wp\/2020\/05\/04\/prefectul-isi-aranjeaza-diverse-job-uri-in-vreme-ce-botosanenii-sunt-fortati-sa-stea-acasa\/#breadcrumb","itemListElement":[{"@type":"ListItem","position":1,"name":"Prima pagin\u0103","item":"https:\/\/curierulsatelor.ro\/wp\/"},{"@type":"ListItem","position":2,"name":"Prefectul \u00ee\u0219i aranjeaz\u0103 diverse job-uri \u00een vreme ce boto\u0219\u0103nenii sunt for\u021ba\u021bi s\u0103 stea acas\u0103"}]},{"@type":"WebSite","@id":"https:\/\/curierulsatelor.ro\/wp\/#website","url":"https:\/\/curierulsatelor.ro\/wp\/","name":"Curierul Regional","description":"","publisher":{"@id":"https:\/\/curierulsatelor.ro\/wp\/#organization"},"potentialAction":[{"@type":"SearchAction","target":{"@type":"EntryPoint","urlTemplate":"https:\/\/curierulsatelor.ro\/wp\/?s={search_term_string}"},"query-input":{"@type":"PropertyValueSpecification","valueRequired":true,"valueName":"search_term_string"}}],"inLanguage":"ro-RO"},{"@type":"Organization","@id":"https:\/\/curierulsatelor.ro\/wp\/#organization","name":"Curierul Regional","url":"https:\/\/curierulsatelor.ro\/wp\/","logo":{"@type":"ImageObject","inLanguage":"ro-RO","@id":"https:\/\/curierulsatelor.ro\/wp\/#\/schema\/logo\/image\/","url":"https:\/\/curierulsatelor.ro\/wp\/wp-content\/uploads\/2020\/01\/Curierul-Regional-si-Curierul-satelor-logo-header.png","contentUrl":"https:\/\/curierulsatelor.ro\/wp\/wp-content\/uploads\/2020\/01\/Curierul-Regional-si-Curierul-satelor-logo-header.png","width":2943,"height":685,"caption":"Curierul Regional"},"image":{"@id":"https:\/\/curierulsatelor.ro\/wp\/#\/schema\/logo\/image\/"}},{"@type":"Person","@id":"https:\/\/curierulsatelor.ro\/wp\/#\/schema\/person\/6f6b28a030e15d619a82894773d6e7b9","name":"Marian Morosan","image":{"@type":"ImageObject","inLanguage":"ro-RO","@id":"https:\/\/secure.gravatar.com\/avatar\/2e833cc9ab99e6bca46266d4ad9030d308346ff7ff0b6b955c29b74cafaf064b?s=96&d=mm&r=g","url":"https:\/\/secure.gravatar.com\/avatar\/2e833cc9ab99e6bca46266d4ad9030d308346ff7ff0b6b955c29b74cafaf064b?s=96&d=mm&r=g","contentUrl":"https:\/\/secure.gravatar.com\/avatar\/2e833cc9ab99e6bca46266d4ad9030d308346ff7ff0b6b955c29b74cafaf064b?s=96&d=mm&r=g","caption":"Marian Morosan"},"description":"Copiilor no\u015ftri li se preg\u0103te\u015fte, incon\u015ftient, o lume de joben ciuruit, din care niciodat\u0103 nu iese iepura\u015ful. Doar panglicile politicilor sociale roase de moliile cu \u015ftaif din ultimele decenii. Suntem oropsi\u0163i, suntem dispera\u0163i, manipula\u0163i p\u00e2n\u0103 acolo \u00eenc\u00e2t ne bucur\u0103m s\u0103 fim masa de manevr\u0103 a unora \u015fi s\u0103 sus\u0163inem c\u0103 a\u015fa e normal. Acum \u00eel \u00een\u0163eleg pe Cioran, dar \u00eel \u00een\u0163eleg mai bine \u015fi pe Preda. \u015ei m\u0103 g\u00e2ndesc iar, cu groaz\u0103, la copilul meu. Cel pu\u0163in eu nu \u00eemi doresc s\u0103 \u015ftiu c\u0103 micu\u0163ul meu va fi singur, cu sufletul descul\u0163, prin jungla mileniului III ! https:\/\/curierulsatelor.ro\/wp\/2019\/10\/16\/cu-sufletul-descult-prin-jungla-mileniului-iii-editorial\/","sameAs":["http:\/\/admin"],"url":"https:\/\/curierulsatelor.ro\/wp\/author\/admin\/"}]}},"_links":{"self":[{"href":"https:\/\/curierulsatelor.ro\/wp\/wp-json\/wp\/v2\/posts\/2058","targetHints":{"allow":["GET"]}}],"collection":[{"href":"https:\/\/curierulsatelor.ro\/wp\/wp-json\/wp\/v2\/posts"}],"about":[{"href":"https:\/\/curierulsatelor.ro\/wp\/wp-json\/wp\/v2\/types\/post"}],"author":[{"embeddable":true,"href":"https:\/\/curierulsatelor.ro\/wp\/wp-json\/wp\/v2\/users\/1"}],"replies":[{"embeddable":true,"href":"https:\/\/curierulsatelor.ro\/wp\/wp-json\/wp\/v2\/comments?post=2058"}],"version-history":[{"count":1,"href":"https:\/\/curierulsatelor.ro\/wp\/wp-json\/wp\/v2\/posts\/2058\/revisions"}],"predecessor-version":[{"id":2060,"href":"https:\/\/curierulsatelor.ro\/wp\/wp-json\/wp\/v2\/posts\/2058\/revisions\/2060"}],"wp:featuredmedia":[{"embeddable":true,"href":"https:\/\/curierulsatelor.ro\/wp\/wp-json\/wp\/v2\/media\/2059"}],"wp:attachment":[{"href":"https:\/\/curierulsatelor.ro\/wp\/wp-json\/wp\/v2\/media?parent=2058"}],"wp:term":[{"taxonomy":"category","embeddable":true,"href":"https:\/\/curierulsatelor.ro\/wp\/wp-json\/wp\/v2\/categories?post=2058"},{"taxonomy":"post_tag","embeddable":true,"href":"https:\/\/curierulsatelor.ro\/wp\/wp-json\/wp\/v2\/tags?post=2058"}],"curies":[{"name":"wp","href":"https:\/\/api.w.org\/{rel}","templated":true}]}}