{"id":209,"date":"2019-08-09T12:15:34","date_gmt":"2019-08-09T12:15:34","guid":{"rendered":"https:\/\/curierulsatelor.ro\/wp\/?p=209"},"modified":"2019-08-09T12:27:32","modified_gmt":"2019-08-09T12:27:32","slug":"pentru-2-zile-ierusalimul-folclorului-romanesc-si-international-va-fi-la-paltinis","status":"publish","type":"post","link":"https:\/\/curierulsatelor.ro\/wp\/2019\/08\/09\/pentru-2-zile-ierusalimul-folclorului-romanesc-si-international-va-fi-la-paltinis\/","title":{"rendered":"Pentru 2 zile, Ierusalimul folclorului rom\u00e2nesc \u0219i interna\u021bional va fi la P\u0103ltini\u0219"},"content":{"rendered":"\n<p><\/p>\n\n\n\n<p>\u00cen zilele de 15 \u0219i 16 august toate drumurile vor duce la P\u0103ltini\u0219, Boto\u0219ani. Prim\u0103ria \u0219i Consiliul Local au complotat \u0219i anul acesta pentru ca tot ce \u00eenseamn\u0103 suflet rom\u00e2nesc , legat prin folclor \u0219i tradi\u021bie, s\u0103 fie prezent la dou\u0103 zile de s\u0103rb\u0103toare total\u0103. Pe parcursul celor dou\u0103 zile, \u00een P\u0103ltini\u0219 vor avea loc o serie de manifest\u0103ri dedicate Zilei Comunei P\u0103ltini\u0219, dar \u0219i cea de a III-a edi\u021bie a Festivalului interna\u021bional de muzic\u0103 popular\u0103 \u201dIoan Cob\u00e2l\u0103\u201d.  Potrivit preciz\u0103rilor edilului comunei, Costel Romanescu, \u00een prima zi, \u00een cadrul manifest\u0103rilor dedicate celei de a treia edi\u021bii a Festivalului Interna\u021bional de Muzic\u0103 Popular\u0103, au confirmat c\u0103 vor participa \u0219i componen\u021bii ansamblului Arcanul din Suceava. Trebuie s\u0103 preciz\u0103m c\u0103 Festivalul interna\u021bional de muzic\u0103 popular\u0103 este organizat de c\u0103tre Asocia\u021bia Prietenii Basarabiei, Bucovinei \u0219i \u021ainutului Her\u021ba, \u00een parteneriat cu Prim\u0103ria P\u0103ltini\u0219. Asocia\u021bia este coordonat\u0103 de c\u0103tre profesorul Vasile Ad\u0103sc\u0103li\u021bei \u0219i a fost \u00eenfiin\u021bat\u0103 cu ceva ani \u00een urm\u0103 de c\u0103tre regretatul profesor d\u0103r\u0103b\u0103nean Constantin Moro\u0219anu. La manifest\u0103rile dedicate Zilei comunei P\u0103ltini\u0219 va participa \u0219i cunoscuta artist\u0103 Lucica P\u0103ltineanu. La festivalul dedicat marelui dirijor Ioan Cob\u00e2l\u0103 vor fi prezen\u021bi arti\u0219ti din localit\u0103\u021bile Rom\u00e2niei, Ucrainei \u0219i Republicii Moldova. A doua zi, la p\u0103ltini\u0219 vor concerta \u0219i \u00eendr\u0103gi\u021bii arti\u0219ri Ion Paladi sau Zenaida Julea. De la eveniment nu vor lipsi nici Haiducii lui 7 Cai, Julia Jianu de la Trupa Sexy,  Axinte de la Vacan\u021ba Mare sau Doru Octavian Dumitru. Seara \u0219i festivit\u0103\u021bile se vor \u00eencheia cu un frumos foc de artificii. <\/p>\n\n\n\n<figure class=\"wp-block-image\"><img fetchpriority=\"high\" decoding=\"async\" width=\"720\" height=\"960\" src=\"https:\/\/curierulsatelor.ro\/wp\/wp-content\/uploads\/2019\/08\/Zilele-comunei-Paltinis-Botosani-2019-2.jpg\" alt=\"\" class=\"wp-image-210\" srcset=\"https:\/\/curierulsatelor.ro\/wp\/wp-content\/uploads\/2019\/08\/Zilele-comunei-Paltinis-Botosani-2019-2.jpg 720w, https:\/\/curierulsatelor.ro\/wp\/wp-content\/uploads\/2019\/08\/Zilele-comunei-Paltinis-Botosani-2019-2-225x300.jpg 225w\" sizes=\"(max-width: 720px) 100vw, 720px\" \/><\/figure>\n","protected":false},"excerpt":{"rendered":"<p>\u00cen zilele de 15 \u0219i 16 august toate drumurile vor duce la P\u0103ltini\u0219, Boto\u0219ani. Prim\u0103ria&#8230;<\/p>\n","protected":false},"author":1,"featured_media":211,"comment_status":"open","ping_status":"open","sticky":false,"template":"","format":"standard","meta":{"footnotes":""},"categories":[5,3,9],"tags":[],"class_list":["post-209","post","type-post","status-publish","format-standard","has-post-thumbnail","hentry","category-administratie","category-lumea-satelor","category-showbiz"],"yoast_head":"<!-- This site is optimized with the Yoast SEO plugin v27.4 - https:\/\/yoast.com\/product\/yoast-seo-wordpress\/ -->\n<title>Pentru 2 zile, Ierusalimul folclorului rom\u00e2nesc \u0219i interna\u021bional va fi la P\u0103ltini\u0219 - Curierul Regional<\/title>\n<meta name=\"robots\" content=\"index, follow, max-snippet:-1, max-image-preview:large, max-video-preview:-1\" \/>\n<link rel=\"canonical\" href=\"https:\/\/curierulsatelor.ro\/wp\/2019\/08\/09\/pentru-2-zile-ierusalimul-folclorului-romanesc-si-international-va-fi-la-paltinis\/\" \/>\n<meta property=\"og:locale\" content=\"ro_RO\" \/>\n<meta property=\"og:type\" content=\"article\" \/>\n<meta property=\"og:title\" content=\"Pentru 2 zile, Ierusalimul folclorului rom\u00e2nesc \u0219i interna\u021bional va fi la P\u0103ltini\u0219 - Curierul Regional\" \/>\n<meta property=\"og:description\" content=\"\u00cen zilele de 15 \u0219i 16 august toate drumurile vor duce la P\u0103ltini\u0219, Boto\u0219ani. Prim\u0103ria...\" \/>\n<meta property=\"og:url\" content=\"https:\/\/curierulsatelor.ro\/wp\/2019\/08\/09\/pentru-2-zile-ierusalimul-folclorului-romanesc-si-international-va-fi-la-paltinis\/\" \/>\n<meta property=\"og:site_name\" content=\"Curierul Regional\" \/>\n<meta property=\"article:published_time\" content=\"2019-08-09T12:15:34+00:00\" \/>\n<meta property=\"article:modified_time\" content=\"2019-08-09T12:27:32+00:00\" \/>\n<meta property=\"og:image\" content=\"https:\/\/curierulsatelor.ro\/wp\/wp-content\/uploads\/2019\/08\/Zilele-comunei-Paltinis-Botosani-2019.jpg\" \/>\n\t<meta property=\"og:image:width\" content=\"720\" \/>\n\t<meta property=\"og:image:height\" content=\"960\" \/>\n\t<meta property=\"og:image:type\" content=\"image\/jpeg\" \/>\n<meta name=\"author\" content=\"Marian Morosan\" \/>\n<meta name=\"twitter:card\" content=\"summary_large_image\" \/>\n<meta name=\"twitter:label1\" content=\"Scris de\" \/>\n\t<meta name=\"twitter:data1\" content=\"Marian Morosan\" \/>\n\t<meta name=\"twitter:label2\" content=\"Timp estimat pentru citire\" \/>\n\t<meta name=\"twitter:data2\" content=\"1 minut\" \/>\n<script type=\"application\/ld+json\" class=\"yoast-schema-graph\">{\"@context\":\"https:\\\/\\\/schema.org\",\"@graph\":[{\"@type\":\"Article\",\"@id\":\"https:\\\/\\\/curierulsatelor.ro\\\/wp\\\/2019\\\/08\\\/09\\\/pentru-2-zile-ierusalimul-folclorului-romanesc-si-international-va-fi-la-paltinis\\\/#article\",\"isPartOf\":{\"@id\":\"https:\\\/\\\/curierulsatelor.ro\\\/wp\\\/2019\\\/08\\\/09\\\/pentru-2-zile-ierusalimul-folclorului-romanesc-si-international-va-fi-la-paltinis\\\/\"},\"author\":{\"name\":\"Marian Morosan\",\"@id\":\"https:\\\/\\\/curierulsatelor.ro\\\/wp\\\/#\\\/schema\\\/person\\\/6f6b28a030e15d619a82894773d6e7b9\"},\"headline\":\"Pentru 2 zile, Ierusalimul folclorului rom\u00e2nesc \u0219i interna\u021bional va fi la P\u0103ltini\u0219\",\"datePublished\":\"2019-08-09T12:15:34+00:00\",\"dateModified\":\"2019-08-09T12:27:32+00:00\",\"mainEntityOfPage\":{\"@id\":\"https:\\\/\\\/curierulsatelor.ro\\\/wp\\\/2019\\\/08\\\/09\\\/pentru-2-zile-ierusalimul-folclorului-romanesc-si-international-va-fi-la-paltinis\\\/\"},\"wordCount\":306,\"commentCount\":0,\"publisher\":{\"@id\":\"https:\\\/\\\/curierulsatelor.ro\\\/wp\\\/#organization\"},\"image\":{\"@id\":\"https:\\\/\\\/curierulsatelor.ro\\\/wp\\\/2019\\\/08\\\/09\\\/pentru-2-zile-ierusalimul-folclorului-romanesc-si-international-va-fi-la-paltinis\\\/#primaryimage\"},\"thumbnailUrl\":\"https:\\\/\\\/curierulsatelor.ro\\\/wp\\\/wp-content\\\/uploads\\\/2019\\\/08\\\/Zilele-comunei-Paltinis-Botosani-2019.jpg\",\"articleSection\":[\"Administratie\",\"Lumea satelor\",\"ShowBiz\"],\"inLanguage\":\"ro-RO\",\"potentialAction\":[{\"@type\":\"CommentAction\",\"name\":\"Comment\",\"target\":[\"https:\\\/\\\/curierulsatelor.ro\\\/wp\\\/2019\\\/08\\\/09\\\/pentru-2-zile-ierusalimul-folclorului-romanesc-si-international-va-fi-la-paltinis\\\/#respond\"]}]},{\"@type\":\"WebPage\",\"@id\":\"https:\\\/\\\/curierulsatelor.ro\\\/wp\\\/2019\\\/08\\\/09\\\/pentru-2-zile-ierusalimul-folclorului-romanesc-si-international-va-fi-la-paltinis\\\/\",\"url\":\"https:\\\/\\\/curierulsatelor.ro\\\/wp\\\/2019\\\/08\\\/09\\\/pentru-2-zile-ierusalimul-folclorului-romanesc-si-international-va-fi-la-paltinis\\\/\",\"name\":\"Pentru 2 zile, Ierusalimul folclorului rom\u00e2nesc \u0219i interna\u021bional va fi la P\u0103ltini\u0219 - Curierul Regional\",\"isPartOf\":{\"@id\":\"https:\\\/\\\/curierulsatelor.ro\\\/wp\\\/#website\"},\"primaryImageOfPage\":{\"@id\":\"https:\\\/\\\/curierulsatelor.ro\\\/wp\\\/2019\\\/08\\\/09\\\/pentru-2-zile-ierusalimul-folclorului-romanesc-si-international-va-fi-la-paltinis\\\/#primaryimage\"},\"image\":{\"@id\":\"https:\\\/\\\/curierulsatelor.ro\\\/wp\\\/2019\\\/08\\\/09\\\/pentru-2-zile-ierusalimul-folclorului-romanesc-si-international-va-fi-la-paltinis\\\/#primaryimage\"},\"thumbnailUrl\":\"https:\\\/\\\/curierulsatelor.ro\\\/wp\\\/wp-content\\\/uploads\\\/2019\\\/08\\\/Zilele-comunei-Paltinis-Botosani-2019.jpg\",\"datePublished\":\"2019-08-09T12:15:34+00:00\",\"dateModified\":\"2019-08-09T12:27:32+00:00\",\"breadcrumb\":{\"@id\":\"https:\\\/\\\/curierulsatelor.ro\\\/wp\\\/2019\\\/08\\\/09\\\/pentru-2-zile-ierusalimul-folclorului-romanesc-si-international-va-fi-la-paltinis\\\/#breadcrumb\"},\"inLanguage\":\"ro-RO\",\"potentialAction\":[{\"@type\":\"ReadAction\",\"target\":[\"https:\\\/\\\/curierulsatelor.ro\\\/wp\\\/2019\\\/08\\\/09\\\/pentru-2-zile-ierusalimul-folclorului-romanesc-si-international-va-fi-la-paltinis\\\/\"]}]},{\"@type\":\"ImageObject\",\"inLanguage\":\"ro-RO\",\"@id\":\"https:\\\/\\\/curierulsatelor.ro\\\/wp\\\/2019\\\/08\\\/09\\\/pentru-2-zile-ierusalimul-folclorului-romanesc-si-international-va-fi-la-paltinis\\\/#primaryimage\",\"url\":\"https:\\\/\\\/curierulsatelor.ro\\\/wp\\\/wp-content\\\/uploads\\\/2019\\\/08\\\/Zilele-comunei-Paltinis-Botosani-2019.jpg\",\"contentUrl\":\"https:\\\/\\\/curierulsatelor.ro\\\/wp\\\/wp-content\\\/uploads\\\/2019\\\/08\\\/Zilele-comunei-Paltinis-Botosani-2019.jpg\",\"width\":720,\"height\":960},{\"@type\":\"BreadcrumbList\",\"@id\":\"https:\\\/\\\/curierulsatelor.ro\\\/wp\\\/2019\\\/08\\\/09\\\/pentru-2-zile-ierusalimul-folclorului-romanesc-si-international-va-fi-la-paltinis\\\/#breadcrumb\",\"itemListElement\":[{\"@type\":\"ListItem\",\"position\":1,\"name\":\"Prima pagin\u0103\",\"item\":\"https:\\\/\\\/curierulsatelor.ro\\\/wp\\\/\"},{\"@type\":\"ListItem\",\"position\":2,\"name\":\"Pentru 2 zile, Ierusalimul folclorului rom\u00e2nesc \u0219i interna\u021bional va fi la P\u0103ltini\u0219\"}]},{\"@type\":\"WebSite\",\"@id\":\"https:\\\/\\\/curierulsatelor.ro\\\/wp\\\/#website\",\"url\":\"https:\\\/\\\/curierulsatelor.ro\\\/wp\\\/\",\"name\":\"Curierul Regional\",\"description\":\"\",\"publisher\":{\"@id\":\"https:\\\/\\\/curierulsatelor.ro\\\/wp\\\/#organization\"},\"potentialAction\":[{\"@type\":\"SearchAction\",\"target\":{\"@type\":\"EntryPoint\",\"urlTemplate\":\"https:\\\/\\\/curierulsatelor.ro\\\/wp\\\/?s={search_term_string}\"},\"query-input\":{\"@type\":\"PropertyValueSpecification\",\"valueRequired\":true,\"valueName\":\"search_term_string\"}}],\"inLanguage\":\"ro-RO\"},{\"@type\":\"Organization\",\"@id\":\"https:\\\/\\\/curierulsatelor.ro\\\/wp\\\/#organization\",\"name\":\"Curierul Regional\",\"url\":\"https:\\\/\\\/curierulsatelor.ro\\\/wp\\\/\",\"logo\":{\"@type\":\"ImageObject\",\"inLanguage\":\"ro-RO\",\"@id\":\"https:\\\/\\\/curierulsatelor.ro\\\/wp\\\/#\\\/schema\\\/logo\\\/image\\\/\",\"url\":\"https:\\\/\\\/curierulsatelor.ro\\\/wp\\\/wp-content\\\/uploads\\\/2020\\\/01\\\/Curierul-Regional-si-Curierul-satelor-logo-header.png\",\"contentUrl\":\"https:\\\/\\\/curierulsatelor.ro\\\/wp\\\/wp-content\\\/uploads\\\/2020\\\/01\\\/Curierul-Regional-si-Curierul-satelor-logo-header.png\",\"width\":2943,\"height\":685,\"caption\":\"Curierul Regional\"},\"image\":{\"@id\":\"https:\\\/\\\/curierulsatelor.ro\\\/wp\\\/#\\\/schema\\\/logo\\\/image\\\/\"}},{\"@type\":\"Person\",\"@id\":\"https:\\\/\\\/curierulsatelor.ro\\\/wp\\\/#\\\/schema\\\/person\\\/6f6b28a030e15d619a82894773d6e7b9\",\"name\":\"Marian Morosan\",\"image\":{\"@type\":\"ImageObject\",\"inLanguage\":\"ro-RO\",\"@id\":\"https:\\\/\\\/secure.gravatar.com\\\/avatar\\\/2e833cc9ab99e6bca46266d4ad9030d308346ff7ff0b6b955c29b74cafaf064b?s=96&d=mm&r=g\",\"url\":\"https:\\\/\\\/secure.gravatar.com\\\/avatar\\\/2e833cc9ab99e6bca46266d4ad9030d308346ff7ff0b6b955c29b74cafaf064b?s=96&d=mm&r=g\",\"contentUrl\":\"https:\\\/\\\/secure.gravatar.com\\\/avatar\\\/2e833cc9ab99e6bca46266d4ad9030d308346ff7ff0b6b955c29b74cafaf064b?s=96&d=mm&r=g\",\"caption\":\"Marian Morosan\"},\"description\":\"Copiilor no\u015ftri li se preg\u0103te\u015fte, incon\u015ftient, o lume de joben ciuruit, din care niciodat\u0103 nu iese iepura\u015ful. Doar panglicile politicilor sociale roase de moliile cu \u015ftaif din ultimele decenii. Suntem oropsi\u0163i, suntem dispera\u0163i, manipula\u0163i p\u00e2n\u0103 acolo \u00eenc\u00e2t ne bucur\u0103m s\u0103 fim masa de manevr\u0103 a unora \u015fi s\u0103 sus\u0163inem c\u0103 a\u015fa e normal. Acum \u00eel \u00een\u0163eleg pe Cioran, dar \u00eel \u00een\u0163eleg mai bine \u015fi pe Preda. \u015ei m\u0103 g\u00e2ndesc iar, cu groaz\u0103, la copilul meu. Cel pu\u0163in eu nu \u00eemi doresc s\u0103 \u015ftiu c\u0103 micu\u0163ul meu va fi singur, cu sufletul descul\u0163, prin jungla mileniului III ! https:\\\/\\\/curierulsatelor.ro\\\/wp\\\/2019\\\/10\\\/16\\\/cu-sufletul-descult-prin-jungla-mileniului-iii-editorial\\\/\",\"sameAs\":[\"http:\\\/\\\/admin\"],\"url\":\"https:\\\/\\\/curierulsatelor.ro\\\/wp\\\/author\\\/admin\\\/\"}]}<\/script>\n<!-- \/ Yoast SEO plugin. -->","yoast_head_json":{"title":"Pentru 2 zile, Ierusalimul folclorului rom\u00e2nesc \u0219i interna\u021bional va fi la P\u0103ltini\u0219 - Curierul Regional","robots":{"index":"index","follow":"follow","max-snippet":"max-snippet:-1","max-image-preview":"max-image-preview:large","max-video-preview":"max-video-preview:-1"},"canonical":"https:\/\/curierulsatelor.ro\/wp\/2019\/08\/09\/pentru-2-zile-ierusalimul-folclorului-romanesc-si-international-va-fi-la-paltinis\/","og_locale":"ro_RO","og_type":"article","og_title":"Pentru 2 zile, Ierusalimul folclorului rom\u00e2nesc \u0219i interna\u021bional va fi la P\u0103ltini\u0219 - Curierul Regional","og_description":"\u00cen zilele de 15 \u0219i 16 august toate drumurile vor duce la P\u0103ltini\u0219, Boto\u0219ani. Prim\u0103ria...","og_url":"https:\/\/curierulsatelor.ro\/wp\/2019\/08\/09\/pentru-2-zile-ierusalimul-folclorului-romanesc-si-international-va-fi-la-paltinis\/","og_site_name":"Curierul Regional","article_published_time":"2019-08-09T12:15:34+00:00","article_modified_time":"2019-08-09T12:27:32+00:00","og_image":[{"width":720,"height":960,"url":"https:\/\/curierulsatelor.ro\/wp\/wp-content\/uploads\/2019\/08\/Zilele-comunei-Paltinis-Botosani-2019.jpg","type":"image\/jpeg"}],"author":"Marian Morosan","twitter_card":"summary_large_image","twitter_misc":{"Scris de":"Marian Morosan","Timp estimat pentru citire":"1 minut"},"schema":{"@context":"https:\/\/schema.org","@graph":[{"@type":"Article","@id":"https:\/\/curierulsatelor.ro\/wp\/2019\/08\/09\/pentru-2-zile-ierusalimul-folclorului-romanesc-si-international-va-fi-la-paltinis\/#article","isPartOf":{"@id":"https:\/\/curierulsatelor.ro\/wp\/2019\/08\/09\/pentru-2-zile-ierusalimul-folclorului-romanesc-si-international-va-fi-la-paltinis\/"},"author":{"name":"Marian Morosan","@id":"https:\/\/curierulsatelor.ro\/wp\/#\/schema\/person\/6f6b28a030e15d619a82894773d6e7b9"},"headline":"Pentru 2 zile, Ierusalimul folclorului rom\u00e2nesc \u0219i interna\u021bional va fi la P\u0103ltini\u0219","datePublished":"2019-08-09T12:15:34+00:00","dateModified":"2019-08-09T12:27:32+00:00","mainEntityOfPage":{"@id":"https:\/\/curierulsatelor.ro\/wp\/2019\/08\/09\/pentru-2-zile-ierusalimul-folclorului-romanesc-si-international-va-fi-la-paltinis\/"},"wordCount":306,"commentCount":0,"publisher":{"@id":"https:\/\/curierulsatelor.ro\/wp\/#organization"},"image":{"@id":"https:\/\/curierulsatelor.ro\/wp\/2019\/08\/09\/pentru-2-zile-ierusalimul-folclorului-romanesc-si-international-va-fi-la-paltinis\/#primaryimage"},"thumbnailUrl":"https:\/\/curierulsatelor.ro\/wp\/wp-content\/uploads\/2019\/08\/Zilele-comunei-Paltinis-Botosani-2019.jpg","articleSection":["Administratie","Lumea satelor","ShowBiz"],"inLanguage":"ro-RO","potentialAction":[{"@type":"CommentAction","name":"Comment","target":["https:\/\/curierulsatelor.ro\/wp\/2019\/08\/09\/pentru-2-zile-ierusalimul-folclorului-romanesc-si-international-va-fi-la-paltinis\/#respond"]}]},{"@type":"WebPage","@id":"https:\/\/curierulsatelor.ro\/wp\/2019\/08\/09\/pentru-2-zile-ierusalimul-folclorului-romanesc-si-international-va-fi-la-paltinis\/","url":"https:\/\/curierulsatelor.ro\/wp\/2019\/08\/09\/pentru-2-zile-ierusalimul-folclorului-romanesc-si-international-va-fi-la-paltinis\/","name":"Pentru 2 zile, Ierusalimul folclorului rom\u00e2nesc \u0219i interna\u021bional va fi la P\u0103ltini\u0219 - Curierul Regional","isPartOf":{"@id":"https:\/\/curierulsatelor.ro\/wp\/#website"},"primaryImageOfPage":{"@id":"https:\/\/curierulsatelor.ro\/wp\/2019\/08\/09\/pentru-2-zile-ierusalimul-folclorului-romanesc-si-international-va-fi-la-paltinis\/#primaryimage"},"image":{"@id":"https:\/\/curierulsatelor.ro\/wp\/2019\/08\/09\/pentru-2-zile-ierusalimul-folclorului-romanesc-si-international-va-fi-la-paltinis\/#primaryimage"},"thumbnailUrl":"https:\/\/curierulsatelor.ro\/wp\/wp-content\/uploads\/2019\/08\/Zilele-comunei-Paltinis-Botosani-2019.jpg","datePublished":"2019-08-09T12:15:34+00:00","dateModified":"2019-08-09T12:27:32+00:00","breadcrumb":{"@id":"https:\/\/curierulsatelor.ro\/wp\/2019\/08\/09\/pentru-2-zile-ierusalimul-folclorului-romanesc-si-international-va-fi-la-paltinis\/#breadcrumb"},"inLanguage":"ro-RO","potentialAction":[{"@type":"ReadAction","target":["https:\/\/curierulsatelor.ro\/wp\/2019\/08\/09\/pentru-2-zile-ierusalimul-folclorului-romanesc-si-international-va-fi-la-paltinis\/"]}]},{"@type":"ImageObject","inLanguage":"ro-RO","@id":"https:\/\/curierulsatelor.ro\/wp\/2019\/08\/09\/pentru-2-zile-ierusalimul-folclorului-romanesc-si-international-va-fi-la-paltinis\/#primaryimage","url":"https:\/\/curierulsatelor.ro\/wp\/wp-content\/uploads\/2019\/08\/Zilele-comunei-Paltinis-Botosani-2019.jpg","contentUrl":"https:\/\/curierulsatelor.ro\/wp\/wp-content\/uploads\/2019\/08\/Zilele-comunei-Paltinis-Botosani-2019.jpg","width":720,"height":960},{"@type":"BreadcrumbList","@id":"https:\/\/curierulsatelor.ro\/wp\/2019\/08\/09\/pentru-2-zile-ierusalimul-folclorului-romanesc-si-international-va-fi-la-paltinis\/#breadcrumb","itemListElement":[{"@type":"ListItem","position":1,"name":"Prima pagin\u0103","item":"https:\/\/curierulsatelor.ro\/wp\/"},{"@type":"ListItem","position":2,"name":"Pentru 2 zile, Ierusalimul folclorului rom\u00e2nesc \u0219i interna\u021bional va fi la P\u0103ltini\u0219"}]},{"@type":"WebSite","@id":"https:\/\/curierulsatelor.ro\/wp\/#website","url":"https:\/\/curierulsatelor.ro\/wp\/","name":"Curierul Regional","description":"","publisher":{"@id":"https:\/\/curierulsatelor.ro\/wp\/#organization"},"potentialAction":[{"@type":"SearchAction","target":{"@type":"EntryPoint","urlTemplate":"https:\/\/curierulsatelor.ro\/wp\/?s={search_term_string}"},"query-input":{"@type":"PropertyValueSpecification","valueRequired":true,"valueName":"search_term_string"}}],"inLanguage":"ro-RO"},{"@type":"Organization","@id":"https:\/\/curierulsatelor.ro\/wp\/#organization","name":"Curierul Regional","url":"https:\/\/curierulsatelor.ro\/wp\/","logo":{"@type":"ImageObject","inLanguage":"ro-RO","@id":"https:\/\/curierulsatelor.ro\/wp\/#\/schema\/logo\/image\/","url":"https:\/\/curierulsatelor.ro\/wp\/wp-content\/uploads\/2020\/01\/Curierul-Regional-si-Curierul-satelor-logo-header.png","contentUrl":"https:\/\/curierulsatelor.ro\/wp\/wp-content\/uploads\/2020\/01\/Curierul-Regional-si-Curierul-satelor-logo-header.png","width":2943,"height":685,"caption":"Curierul Regional"},"image":{"@id":"https:\/\/curierulsatelor.ro\/wp\/#\/schema\/logo\/image\/"}},{"@type":"Person","@id":"https:\/\/curierulsatelor.ro\/wp\/#\/schema\/person\/6f6b28a030e15d619a82894773d6e7b9","name":"Marian Morosan","image":{"@type":"ImageObject","inLanguage":"ro-RO","@id":"https:\/\/secure.gravatar.com\/avatar\/2e833cc9ab99e6bca46266d4ad9030d308346ff7ff0b6b955c29b74cafaf064b?s=96&d=mm&r=g","url":"https:\/\/secure.gravatar.com\/avatar\/2e833cc9ab99e6bca46266d4ad9030d308346ff7ff0b6b955c29b74cafaf064b?s=96&d=mm&r=g","contentUrl":"https:\/\/secure.gravatar.com\/avatar\/2e833cc9ab99e6bca46266d4ad9030d308346ff7ff0b6b955c29b74cafaf064b?s=96&d=mm&r=g","caption":"Marian Morosan"},"description":"Copiilor no\u015ftri li se preg\u0103te\u015fte, incon\u015ftient, o lume de joben ciuruit, din care niciodat\u0103 nu iese iepura\u015ful. Doar panglicile politicilor sociale roase de moliile cu \u015ftaif din ultimele decenii. Suntem oropsi\u0163i, suntem dispera\u0163i, manipula\u0163i p\u00e2n\u0103 acolo \u00eenc\u00e2t ne bucur\u0103m s\u0103 fim masa de manevr\u0103 a unora \u015fi s\u0103 sus\u0163inem c\u0103 a\u015fa e normal. Acum \u00eel \u00een\u0163eleg pe Cioran, dar \u00eel \u00een\u0163eleg mai bine \u015fi pe Preda. \u015ei m\u0103 g\u00e2ndesc iar, cu groaz\u0103, la copilul meu. Cel pu\u0163in eu nu \u00eemi doresc s\u0103 \u015ftiu c\u0103 micu\u0163ul meu va fi singur, cu sufletul descul\u0163, prin jungla mileniului III ! https:\/\/curierulsatelor.ro\/wp\/2019\/10\/16\/cu-sufletul-descult-prin-jungla-mileniului-iii-editorial\/","sameAs":["http:\/\/admin"],"url":"https:\/\/curierulsatelor.ro\/wp\/author\/admin\/"}]}},"_links":{"self":[{"href":"https:\/\/curierulsatelor.ro\/wp\/wp-json\/wp\/v2\/posts\/209","targetHints":{"allow":["GET"]}}],"collection":[{"href":"https:\/\/curierulsatelor.ro\/wp\/wp-json\/wp\/v2\/posts"}],"about":[{"href":"https:\/\/curierulsatelor.ro\/wp\/wp-json\/wp\/v2\/types\/post"}],"author":[{"embeddable":true,"href":"https:\/\/curierulsatelor.ro\/wp\/wp-json\/wp\/v2\/users\/1"}],"replies":[{"embeddable":true,"href":"https:\/\/curierulsatelor.ro\/wp\/wp-json\/wp\/v2\/comments?post=209"}],"version-history":[{"count":4,"href":"https:\/\/curierulsatelor.ro\/wp\/wp-json\/wp\/v2\/posts\/209\/revisions"}],"predecessor-version":[{"id":215,"href":"https:\/\/curierulsatelor.ro\/wp\/wp-json\/wp\/v2\/posts\/209\/revisions\/215"}],"wp:featuredmedia":[{"embeddable":true,"href":"https:\/\/curierulsatelor.ro\/wp\/wp-json\/wp\/v2\/media\/211"}],"wp:attachment":[{"href":"https:\/\/curierulsatelor.ro\/wp\/wp-json\/wp\/v2\/media?parent=209"}],"wp:term":[{"taxonomy":"category","embeddable":true,"href":"https:\/\/curierulsatelor.ro\/wp\/wp-json\/wp\/v2\/categories?post=209"},{"taxonomy":"post_tag","embeddable":true,"href":"https:\/\/curierulsatelor.ro\/wp\/wp-json\/wp\/v2\/tags?post=209"}],"curies":[{"name":"wp","href":"https:\/\/api.w.org\/{rel}","templated":true}]}}