{"id":233,"date":"2019-08-13T14:04:29","date_gmt":"2019-08-13T14:04:29","guid":{"rendered":"https:\/\/curierulsatelor.ro\/wp\/?p=233"},"modified":"2019-08-13T14:04:35","modified_gmt":"2019-08-13T14:04:35","slug":"primarul-unei-comune-face-investitii-pentru-a-i-aduce-pe-tineri-acasa-vezi-cine-si-ce-a-facut","status":"publish","type":"post","link":"https:\/\/curierulsatelor.ro\/wp\/2019\/08\/13\/primarul-unei-comune-face-investitii-pentru-a-i-aduce-pe-tineri-acasa-vezi-cine-si-ce-a-facut\/","title":{"rendered":"Primarul unei comune face investi\u021bii pentru a-i aduce pe tineri acas\u0103. Vezi cine \u0219i ce a f\u0103cut"},"content":{"rendered":"\n<p>A candidat pentru prima dat\u0103 \u00een 2012. A pierdut la diferen\u021b\u0103 de 4 voturi. \u00cen 2016 a c\u00e2\u0219tigat b\u0103t\u0103lia electoral\u0103 \u0219i \u00een trei ani a reu\u0219it s\u0103 fac\u0103 investi\u021bii care pentru administra\u021biile anterioare erau de domniul basmelor spuse cu t\u00e2lc la un mic \u0219i o bere. Este social democrat\u0103, dar are un mare \u201dtalent\u201d: nu vrea s\u0103 fac\u0103 diferen\u021be politice de genul \u201dai no\u0219tri, sau ai lor\u201d. Dup\u0103 ce a v\u0103zut cum e cu lupta de gheril\u0103 din domeniul privat, acum face management \u00een administra\u021bia public\u0103. \u00centr-o comun\u0103 la grani\u021ba jude\u021bului Boto\u0219ani, la R\u0103useni. Pe primarul comunei R\u0103useni, Maria Jijie, am cunoscut-o la un eveniment inspirat organizat \u00eentr-un sat al comunei, de cur\u00e2nd, la activit\u0103\u021bile taberei \u201dVara pe uli\u021b\u0103\u201d. potrivit m\u0103rturiei prim\u0103ri\u021bei Jijie, toate investi\u021biile din comun\u0103, anterioare, prezente sau viitoare, au un singur scop. Acela de a-i determina pe tineri s\u0103 revin\u0103 acas\u0103 \u0219i s\u0103 \u00ee\u0219i construiasc\u0103 aici un viitor \u00een condi\u021bii decente. <\/p>\n\n\n\n<p>Cite\u0219te mai mult mai jos <\/p>\n\n\n\n<figure class=\"wp-block-image\"><img fetchpriority=\"high\" decoding=\"async\" width=\"3472\" height=\"4272\" src=\"https:\/\/i0.wp.com\/curierulsatelor.ro\/wp\/wp-content\/uploads\/2019\/08\/Maria-Jijie-Rauseni-1.jpg?fit=640%2C788&amp;ssl=1\" alt=\"\" class=\"wp-image-237\" srcset=\"https:\/\/curierulsatelor.ro\/wp\/wp-content\/uploads\/2019\/08\/Maria-Jijie-Rauseni-1.jpg 3472w, https:\/\/curierulsatelor.ro\/wp\/wp-content\/uploads\/2019\/08\/Maria-Jijie-Rauseni-1-244x300.jpg 244w, https:\/\/curierulsatelor.ro\/wp\/wp-content\/uploads\/2019\/08\/Maria-Jijie-Rauseni-1-768x945.jpg 768w, https:\/\/curierulsatelor.ro\/wp\/wp-content\/uploads\/2019\/08\/Maria-Jijie-Rauseni-1-832x1024.jpg 832w\" sizes=\"(max-width: 3472px) 100vw, 3472px\" \/><\/figure>\n\n\n\n<p>Din discu\u021bia cu primarul comunei am re\u021binut c\u0103 cele mai actuale investi\u021bii vizeaz\u0103 satul Doina, una dintre cele mai dezvoltate localit\u0103\u021bi ale comunei R\u0103useni. \u0218coala veche din satul Doina va fi demolat\u0103. \u00cen locul ei va fi amenajat un parc s\u0103tesc. Adic\u0103, administra\u021bia public\u0103 va construi un spa\u021biu \u00een care localnicii s\u0103 poat\u0103 ie\u0219i la promenad\u0103, sau s\u0103 joace fotbal, un loc de joac\u0103 pentru copii \u0219i o teras\u0103 pentru tineri. Investi\u021bia se va face din bugetul local, sau a\u0219a cum spune primarul comunei, din buzunarul prim\u0103riei. <\/p>\n\n\n\n<p>\u0218coala nou\u0103 este aproape finalizat\u0103. Interiorul a fost adus la cheie, ba chiar \u0219i mobilierul a fost deja comandat. Lucrarea este realizat\u0103 prin PNDL 2, valoarea investi\u021biei fiind cifrat\u0103 la 700.000 de mii de lei. Pe l\u00e2ng\u0103 \u0219coala nou\u0103 va func\u021biona \u0219i o gr\u0103dini\u021b\u0103. \u00cen plus, investi\u021bia nou\u0103 a creat posibilitatea construirii \u0219i a dou\u0103 grupuri sanitare noi, moderne, potrivit cerin\u021belor europene. Executantul este o firm\u0103 din Boto\u0219ani, de care prim\u0103ri\u021ba este mai mult dec\u00e2t mul\u021bumit\u0103. \u201dLa reabilitarea gr\u0103dini\u021bei din R\u0103useni tot ei lucreaz\u0103. \u0218i tot ei au c\u00e2\u0219tigat reabilitarea c\u0103minului cultural din R\u0103useni, prin fonduri europene. \u00a0Tot acum, avem \u00een lucru terenul de sport din fonduri ob\u021binute prin GAL-ul de la Suli\u021ba. E vorba de 72 de mii de euro. \u0218i mai venim noi \u00een completare cu circa 150.000 de lei. Noi avem ni\u0219te spa\u021bii destul de mari \u00een jurul \u0219colilor \u0219i am \u00eencercat s\u0103 le fructific\u0103m. Cam 70% \u00a0avem deja executate lucr\u0103rile de realizare a canaliz\u0103rii \u00een satul R\u0103useni. Lucr\u0103rile au fost efectuate pe toate str\u0103zile adiacente. Acum se lucreaz\u0103 pe drumul jude\u021bean. Este adus\u0103 inclusiv sta\u021bia de epurare. Chiar dac\u0103 perioada de execu\u021bie a fost estimat\u0103 la 2 ani, \u0219i totul a \u00eenceput \u00een aprilie anul acesta, constructorul preconizeaz\u0103 c\u0103 va fi gata pe la \u00eenceputul lunii octombrie. Se lucreaz\u0103 cu o firm\u0103 din Ia\u0219i cu care am conlucrat foarte bine. Au foarte multe \u0219antiere deschise \u00een Moldova. Am reu\u0219it \u0219i am mai prins un proiect, ajutat\u0103 de c\u0103tre parlamentarii no\u0219tri (nota redac\u021biei: a se citi parlamentarii PSD &#8211; pentru c\u0103 acesta este adev\u0103rul. \u0218i pentru ca adev\u0103rul s\u0103 fie integru, acei parlamentari sunt de fapt unul &#8211; senatorul Doina Federovici). Cu o firm\u0103 strong, Hidroconstruct, am reu\u0219it s\u0103 facem lucr\u0103rile de aduc\u021biune a apei \u00een Rediu \u0219i Stolniceni. Ceea ce am mai reu\u0219it \u00een 2016, imediat dup\u0103 ce am preluat mandatul, am f\u0103cut iluminatul public cu leduri. Cu Electromagnetica de la Bucure\u0219ti. Am f\u0103cut totul \u00een ideia s\u0103 aib\u0103 tinerii condi\u021bii, s\u0103 aib\u0103 curajul s\u0103 se \u00eentoarc\u0103 acas\u0103, sau s\u0103 nu mai plece peste hotare\u201d, a explicat maria Jijie, primar al comunei R\u0103useni. Aceasta consider\u0103 c\u0103 energia necesar\u0103 pentru a face toate aceste investi\u021bii a c\u0103p\u0103tat-o \u00een mediul privat \u00een care a activat \u00eenainte de a fi aleas\u0103 primar. \u00cen viitorul apropiat, prim\u0103ri\u021ba Jijie vrea s\u0103 mai fac\u0103 un loc de joac\u0103 pentru copii \u00een satul R\u0103useni. <\/p>\n\n\n\n<figure class=\"wp-block-image\"><img decoding=\"async\" width=\"4608\" height=\"3456\" src=\"https:\/\/i0.wp.com\/curierulsatelor.ro\/wp\/wp-content\/uploads\/2019\/08\/Maria-Jijie-Rauseni-2.jpg?fit=640%2C480&amp;ssl=1\" alt=\"\" class=\"wp-image-234\" srcset=\"https:\/\/curierulsatelor.ro\/wp\/wp-content\/uploads\/2019\/08\/Maria-Jijie-Rauseni-2.jpg 4608w, https:\/\/curierulsatelor.ro\/wp\/wp-content\/uploads\/2019\/08\/Maria-Jijie-Rauseni-2-300x225.jpg 300w, https:\/\/curierulsatelor.ro\/wp\/wp-content\/uploads\/2019\/08\/Maria-Jijie-Rauseni-2-768x576.jpg 768w, https:\/\/curierulsatelor.ro\/wp\/wp-content\/uploads\/2019\/08\/Maria-Jijie-Rauseni-2-1024x768.jpg 1024w\" sizes=\"(max-width: 4608px) 100vw, 4608px\" \/><\/figure>\n\n\n\n<figure class=\"wp-block-image\"><img decoding=\"async\" width=\"4608\" height=\"3456\" src=\"https:\/\/i2.wp.com\/curierulsatelor.ro\/wp\/wp-content\/uploads\/2019\/08\/DSCN6929.jpg?fit=640%2C480&amp;ssl=1\" alt=\"\" class=\"wp-image-235\" srcset=\"https:\/\/curierulsatelor.ro\/wp\/wp-content\/uploads\/2019\/08\/DSCN6929.jpg 4608w, https:\/\/curierulsatelor.ro\/wp\/wp-content\/uploads\/2019\/08\/DSCN6929-300x225.jpg 300w, https:\/\/curierulsatelor.ro\/wp\/wp-content\/uploads\/2019\/08\/DSCN6929-768x576.jpg 768w, https:\/\/curierulsatelor.ro\/wp\/wp-content\/uploads\/2019\/08\/DSCN6929-1024x768.jpg 1024w\" sizes=\"(max-width: 4608px) 100vw, 4608px\" \/><\/figure>\n\n\n\n<figure class=\"wp-block-image\"><img loading=\"lazy\" decoding=\"async\" width=\"4608\" height=\"3456\" src=\"https:\/\/i0.wp.com\/curierulsatelor.ro\/wp\/wp-content\/uploads\/2019\/08\/DSCN6917.jpg?fit=640%2C480&amp;ssl=1\" alt=\"\" class=\"wp-image-236\" srcset=\"https:\/\/curierulsatelor.ro\/wp\/wp-content\/uploads\/2019\/08\/DSCN6917.jpg 4608w, https:\/\/curierulsatelor.ro\/wp\/wp-content\/uploads\/2019\/08\/DSCN6917-300x225.jpg 300w, https:\/\/curierulsatelor.ro\/wp\/wp-content\/uploads\/2019\/08\/DSCN6917-768x576.jpg 768w, https:\/\/curierulsatelor.ro\/wp\/wp-content\/uploads\/2019\/08\/DSCN6917-1024x768.jpg 1024w\" sizes=\"(max-width: 4608px) 100vw, 4608px\" \/><\/figure>\n","protected":false},"excerpt":{"rendered":"<p>A candidat pentru prima dat\u0103 \u00een 2012. A pierdut la diferen\u021b\u0103 de 4 voturi. \u00cen&#8230;<\/p>\n","protected":false},"author":1,"featured_media":238,"comment_status":"open","ping_status":"open","sticky":false,"template":"","format":"standard","meta":{"footnotes":""},"categories":[5,3],"tags":[],"class_list":["post-233","post","type-post","status-publish","format-standard","has-post-thumbnail","hentry","category-administratie","category-lumea-satelor"],"yoast_head":"<!-- This site is optimized with the Yoast SEO plugin v27.4 - https:\/\/yoast.com\/product\/yoast-seo-wordpress\/ -->\n<title>Primarul unei comune face investi\u021bii pentru a-i aduce pe tineri acas\u0103. Vezi cine \u0219i ce a f\u0103cut - Curierul Regional<\/title>\n<meta name=\"robots\" content=\"index, follow, max-snippet:-1, max-image-preview:large, max-video-preview:-1\" \/>\n<link rel=\"canonical\" href=\"https:\/\/curierulsatelor.ro\/wp\/2019\/08\/13\/primarul-unei-comune-face-investitii-pentru-a-i-aduce-pe-tineri-acasa-vezi-cine-si-ce-a-facut\/\" \/>\n<meta property=\"og:locale\" content=\"ro_RO\" \/>\n<meta property=\"og:type\" content=\"article\" \/>\n<meta property=\"og:title\" content=\"Primarul unei comune face investi\u021bii pentru a-i aduce pe tineri acas\u0103. Vezi cine \u0219i ce a f\u0103cut - Curierul Regional\" \/>\n<meta property=\"og:description\" content=\"A candidat pentru prima dat\u0103 \u00een 2012. A pierdut la diferen\u021b\u0103 de 4 voturi. \u00cen...\" \/>\n<meta property=\"og:url\" content=\"https:\/\/curierulsatelor.ro\/wp\/2019\/08\/13\/primarul-unei-comune-face-investitii-pentru-a-i-aduce-pe-tineri-acasa-vezi-cine-si-ce-a-facut\/\" \/>\n<meta property=\"og:site_name\" content=\"Curierul Regional\" \/>\n<meta property=\"article:published_time\" content=\"2019-08-13T14:04:29+00:00\" \/>\n<meta property=\"article:modified_time\" content=\"2019-08-13T14:04:35+00:00\" \/>\n<meta property=\"og:image\" content=\"https:\/\/curierulsatelor.ro\/wp\/wp-content\/uploads\/2019\/08\/Maria-Jijie-Rauseni-3-1024x768.jpg\" \/>\n\t<meta property=\"og:image:width\" content=\"1024\" \/>\n\t<meta property=\"og:image:height\" content=\"768\" \/>\n\t<meta property=\"og:image:type\" content=\"image\/jpeg\" \/>\n<meta name=\"author\" content=\"Marian Morosan\" \/>\n<meta name=\"twitter:card\" content=\"summary_large_image\" \/>\n<meta name=\"twitter:label1\" content=\"Scris de\" \/>\n\t<meta name=\"twitter:data1\" content=\"Marian Morosan\" \/>\n\t<meta name=\"twitter:label2\" content=\"Timp estimat pentru citire\" \/>\n\t<meta name=\"twitter:data2\" content=\"4 minute\" \/>\n<script type=\"application\/ld+json\" class=\"yoast-schema-graph\">{\"@context\":\"https:\\\/\\\/schema.org\",\"@graph\":[{\"@type\":\"Article\",\"@id\":\"https:\\\/\\\/curierulsatelor.ro\\\/wp\\\/2019\\\/08\\\/13\\\/primarul-unei-comune-face-investitii-pentru-a-i-aduce-pe-tineri-acasa-vezi-cine-si-ce-a-facut\\\/#article\",\"isPartOf\":{\"@id\":\"https:\\\/\\\/curierulsatelor.ro\\\/wp\\\/2019\\\/08\\\/13\\\/primarul-unei-comune-face-investitii-pentru-a-i-aduce-pe-tineri-acasa-vezi-cine-si-ce-a-facut\\\/\"},\"author\":{\"name\":\"Marian Morosan\",\"@id\":\"https:\\\/\\\/curierulsatelor.ro\\\/wp\\\/#\\\/schema\\\/person\\\/6f6b28a030e15d619a82894773d6e7b9\"},\"headline\":\"Primarul unei comune face investi\u021bii pentru a-i aduce pe tineri acas\u0103. Vezi cine \u0219i ce a f\u0103cut\",\"datePublished\":\"2019-08-13T14:04:29+00:00\",\"dateModified\":\"2019-08-13T14:04:35+00:00\",\"mainEntityOfPage\":{\"@id\":\"https:\\\/\\\/curierulsatelor.ro\\\/wp\\\/2019\\\/08\\\/13\\\/primarul-unei-comune-face-investitii-pentru-a-i-aduce-pe-tineri-acasa-vezi-cine-si-ce-a-facut\\\/\"},\"wordCount\":734,\"commentCount\":0,\"publisher\":{\"@id\":\"https:\\\/\\\/curierulsatelor.ro\\\/wp\\\/#organization\"},\"image\":{\"@id\":\"https:\\\/\\\/curierulsatelor.ro\\\/wp\\\/2019\\\/08\\\/13\\\/primarul-unei-comune-face-investitii-pentru-a-i-aduce-pe-tineri-acasa-vezi-cine-si-ce-a-facut\\\/#primaryimage\"},\"thumbnailUrl\":\"https:\\\/\\\/curierulsatelor.ro\\\/wp\\\/wp-content\\\/uploads\\\/2019\\\/08\\\/Maria-Jijie-Rauseni-3.jpg\",\"articleSection\":[\"Administratie\",\"Lumea satelor\"],\"inLanguage\":\"ro-RO\",\"potentialAction\":[{\"@type\":\"CommentAction\",\"name\":\"Comment\",\"target\":[\"https:\\\/\\\/curierulsatelor.ro\\\/wp\\\/2019\\\/08\\\/13\\\/primarul-unei-comune-face-investitii-pentru-a-i-aduce-pe-tineri-acasa-vezi-cine-si-ce-a-facut\\\/#respond\"]}]},{\"@type\":\"WebPage\",\"@id\":\"https:\\\/\\\/curierulsatelor.ro\\\/wp\\\/2019\\\/08\\\/13\\\/primarul-unei-comune-face-investitii-pentru-a-i-aduce-pe-tineri-acasa-vezi-cine-si-ce-a-facut\\\/\",\"url\":\"https:\\\/\\\/curierulsatelor.ro\\\/wp\\\/2019\\\/08\\\/13\\\/primarul-unei-comune-face-investitii-pentru-a-i-aduce-pe-tineri-acasa-vezi-cine-si-ce-a-facut\\\/\",\"name\":\"Primarul unei comune face investi\u021bii pentru a-i aduce pe tineri acas\u0103. Vezi cine \u0219i ce a f\u0103cut - Curierul Regional\",\"isPartOf\":{\"@id\":\"https:\\\/\\\/curierulsatelor.ro\\\/wp\\\/#website\"},\"primaryImageOfPage\":{\"@id\":\"https:\\\/\\\/curierulsatelor.ro\\\/wp\\\/2019\\\/08\\\/13\\\/primarul-unei-comune-face-investitii-pentru-a-i-aduce-pe-tineri-acasa-vezi-cine-si-ce-a-facut\\\/#primaryimage\"},\"image\":{\"@id\":\"https:\\\/\\\/curierulsatelor.ro\\\/wp\\\/2019\\\/08\\\/13\\\/primarul-unei-comune-face-investitii-pentru-a-i-aduce-pe-tineri-acasa-vezi-cine-si-ce-a-facut\\\/#primaryimage\"},\"thumbnailUrl\":\"https:\\\/\\\/curierulsatelor.ro\\\/wp\\\/wp-content\\\/uploads\\\/2019\\\/08\\\/Maria-Jijie-Rauseni-3.jpg\",\"datePublished\":\"2019-08-13T14:04:29+00:00\",\"dateModified\":\"2019-08-13T14:04:35+00:00\",\"breadcrumb\":{\"@id\":\"https:\\\/\\\/curierulsatelor.ro\\\/wp\\\/2019\\\/08\\\/13\\\/primarul-unei-comune-face-investitii-pentru-a-i-aduce-pe-tineri-acasa-vezi-cine-si-ce-a-facut\\\/#breadcrumb\"},\"inLanguage\":\"ro-RO\",\"potentialAction\":[{\"@type\":\"ReadAction\",\"target\":[\"https:\\\/\\\/curierulsatelor.ro\\\/wp\\\/2019\\\/08\\\/13\\\/primarul-unei-comune-face-investitii-pentru-a-i-aduce-pe-tineri-acasa-vezi-cine-si-ce-a-facut\\\/\"]}]},{\"@type\":\"ImageObject\",\"inLanguage\":\"ro-RO\",\"@id\":\"https:\\\/\\\/curierulsatelor.ro\\\/wp\\\/2019\\\/08\\\/13\\\/primarul-unei-comune-face-investitii-pentru-a-i-aduce-pe-tineri-acasa-vezi-cine-si-ce-a-facut\\\/#primaryimage\",\"url\":\"https:\\\/\\\/curierulsatelor.ro\\\/wp\\\/wp-content\\\/uploads\\\/2019\\\/08\\\/Maria-Jijie-Rauseni-3.jpg\",\"contentUrl\":\"https:\\\/\\\/curierulsatelor.ro\\\/wp\\\/wp-content\\\/uploads\\\/2019\\\/08\\\/Maria-Jijie-Rauseni-3.jpg\",\"width\":4608,\"height\":3456},{\"@type\":\"BreadcrumbList\",\"@id\":\"https:\\\/\\\/curierulsatelor.ro\\\/wp\\\/2019\\\/08\\\/13\\\/primarul-unei-comune-face-investitii-pentru-a-i-aduce-pe-tineri-acasa-vezi-cine-si-ce-a-facut\\\/#breadcrumb\",\"itemListElement\":[{\"@type\":\"ListItem\",\"position\":1,\"name\":\"Prima pagin\u0103\",\"item\":\"https:\\\/\\\/curierulsatelor.ro\\\/wp\\\/\"},{\"@type\":\"ListItem\",\"position\":2,\"name\":\"Primarul unei comune face investi\u021bii pentru a-i aduce pe tineri acas\u0103. Vezi cine \u0219i ce a f\u0103cut\"}]},{\"@type\":\"WebSite\",\"@id\":\"https:\\\/\\\/curierulsatelor.ro\\\/wp\\\/#website\",\"url\":\"https:\\\/\\\/curierulsatelor.ro\\\/wp\\\/\",\"name\":\"Curierul Regional\",\"description\":\"\",\"publisher\":{\"@id\":\"https:\\\/\\\/curierulsatelor.ro\\\/wp\\\/#organization\"},\"potentialAction\":[{\"@type\":\"SearchAction\",\"target\":{\"@type\":\"EntryPoint\",\"urlTemplate\":\"https:\\\/\\\/curierulsatelor.ro\\\/wp\\\/?s={search_term_string}\"},\"query-input\":{\"@type\":\"PropertyValueSpecification\",\"valueRequired\":true,\"valueName\":\"search_term_string\"}}],\"inLanguage\":\"ro-RO\"},{\"@type\":\"Organization\",\"@id\":\"https:\\\/\\\/curierulsatelor.ro\\\/wp\\\/#organization\",\"name\":\"Curierul Regional\",\"url\":\"https:\\\/\\\/curierulsatelor.ro\\\/wp\\\/\",\"logo\":{\"@type\":\"ImageObject\",\"inLanguage\":\"ro-RO\",\"@id\":\"https:\\\/\\\/curierulsatelor.ro\\\/wp\\\/#\\\/schema\\\/logo\\\/image\\\/\",\"url\":\"https:\\\/\\\/curierulsatelor.ro\\\/wp\\\/wp-content\\\/uploads\\\/2020\\\/01\\\/Curierul-Regional-si-Curierul-satelor-logo-header.png\",\"contentUrl\":\"https:\\\/\\\/curierulsatelor.ro\\\/wp\\\/wp-content\\\/uploads\\\/2020\\\/01\\\/Curierul-Regional-si-Curierul-satelor-logo-header.png\",\"width\":2943,\"height\":685,\"caption\":\"Curierul Regional\"},\"image\":{\"@id\":\"https:\\\/\\\/curierulsatelor.ro\\\/wp\\\/#\\\/schema\\\/logo\\\/image\\\/\"}},{\"@type\":\"Person\",\"@id\":\"https:\\\/\\\/curierulsatelor.ro\\\/wp\\\/#\\\/schema\\\/person\\\/6f6b28a030e15d619a82894773d6e7b9\",\"name\":\"Marian Morosan\",\"image\":{\"@type\":\"ImageObject\",\"inLanguage\":\"ro-RO\",\"@id\":\"https:\\\/\\\/secure.gravatar.com\\\/avatar\\\/2e833cc9ab99e6bca46266d4ad9030d308346ff7ff0b6b955c29b74cafaf064b?s=96&d=mm&r=g\",\"url\":\"https:\\\/\\\/secure.gravatar.com\\\/avatar\\\/2e833cc9ab99e6bca46266d4ad9030d308346ff7ff0b6b955c29b74cafaf064b?s=96&d=mm&r=g\",\"contentUrl\":\"https:\\\/\\\/secure.gravatar.com\\\/avatar\\\/2e833cc9ab99e6bca46266d4ad9030d308346ff7ff0b6b955c29b74cafaf064b?s=96&d=mm&r=g\",\"caption\":\"Marian Morosan\"},\"description\":\"Copiilor no\u015ftri li se preg\u0103te\u015fte, incon\u015ftient, o lume de joben ciuruit, din care niciodat\u0103 nu iese iepura\u015ful. Doar panglicile politicilor sociale roase de moliile cu \u015ftaif din ultimele decenii. Suntem oropsi\u0163i, suntem dispera\u0163i, manipula\u0163i p\u00e2n\u0103 acolo \u00eenc\u00e2t ne bucur\u0103m s\u0103 fim masa de manevr\u0103 a unora \u015fi s\u0103 sus\u0163inem c\u0103 a\u015fa e normal. Acum \u00eel \u00een\u0163eleg pe Cioran, dar \u00eel \u00een\u0163eleg mai bine \u015fi pe Preda. \u015ei m\u0103 g\u00e2ndesc iar, cu groaz\u0103, la copilul meu. Cel pu\u0163in eu nu \u00eemi doresc s\u0103 \u015ftiu c\u0103 micu\u0163ul meu va fi singur, cu sufletul descul\u0163, prin jungla mileniului III ! https:\\\/\\\/curierulsatelor.ro\\\/wp\\\/2019\\\/10\\\/16\\\/cu-sufletul-descult-prin-jungla-mileniului-iii-editorial\\\/\",\"sameAs\":[\"http:\\\/\\\/admin\"],\"url\":\"https:\\\/\\\/curierulsatelor.ro\\\/wp\\\/author\\\/admin\\\/\"}]}<\/script>\n<!-- \/ Yoast SEO plugin. -->","yoast_head_json":{"title":"Primarul unei comune face investi\u021bii pentru a-i aduce pe tineri acas\u0103. Vezi cine \u0219i ce a f\u0103cut - Curierul Regional","robots":{"index":"index","follow":"follow","max-snippet":"max-snippet:-1","max-image-preview":"max-image-preview:large","max-video-preview":"max-video-preview:-1"},"canonical":"https:\/\/curierulsatelor.ro\/wp\/2019\/08\/13\/primarul-unei-comune-face-investitii-pentru-a-i-aduce-pe-tineri-acasa-vezi-cine-si-ce-a-facut\/","og_locale":"ro_RO","og_type":"article","og_title":"Primarul unei comune face investi\u021bii pentru a-i aduce pe tineri acas\u0103. Vezi cine \u0219i ce a f\u0103cut - Curierul Regional","og_description":"A candidat pentru prima dat\u0103 \u00een 2012. A pierdut la diferen\u021b\u0103 de 4 voturi. \u00cen...","og_url":"https:\/\/curierulsatelor.ro\/wp\/2019\/08\/13\/primarul-unei-comune-face-investitii-pentru-a-i-aduce-pe-tineri-acasa-vezi-cine-si-ce-a-facut\/","og_site_name":"Curierul Regional","article_published_time":"2019-08-13T14:04:29+00:00","article_modified_time":"2019-08-13T14:04:35+00:00","og_image":[{"width":1024,"height":768,"url":"https:\/\/curierulsatelor.ro\/wp\/wp-content\/uploads\/2019\/08\/Maria-Jijie-Rauseni-3-1024x768.jpg","type":"image\/jpeg"}],"author":"Marian Morosan","twitter_card":"summary_large_image","twitter_misc":{"Scris de":"Marian Morosan","Timp estimat pentru citire":"4 minute"},"schema":{"@context":"https:\/\/schema.org","@graph":[{"@type":"Article","@id":"https:\/\/curierulsatelor.ro\/wp\/2019\/08\/13\/primarul-unei-comune-face-investitii-pentru-a-i-aduce-pe-tineri-acasa-vezi-cine-si-ce-a-facut\/#article","isPartOf":{"@id":"https:\/\/curierulsatelor.ro\/wp\/2019\/08\/13\/primarul-unei-comune-face-investitii-pentru-a-i-aduce-pe-tineri-acasa-vezi-cine-si-ce-a-facut\/"},"author":{"name":"Marian Morosan","@id":"https:\/\/curierulsatelor.ro\/wp\/#\/schema\/person\/6f6b28a030e15d619a82894773d6e7b9"},"headline":"Primarul unei comune face investi\u021bii pentru a-i aduce pe tineri acas\u0103. Vezi cine \u0219i ce a f\u0103cut","datePublished":"2019-08-13T14:04:29+00:00","dateModified":"2019-08-13T14:04:35+00:00","mainEntityOfPage":{"@id":"https:\/\/curierulsatelor.ro\/wp\/2019\/08\/13\/primarul-unei-comune-face-investitii-pentru-a-i-aduce-pe-tineri-acasa-vezi-cine-si-ce-a-facut\/"},"wordCount":734,"commentCount":0,"publisher":{"@id":"https:\/\/curierulsatelor.ro\/wp\/#organization"},"image":{"@id":"https:\/\/curierulsatelor.ro\/wp\/2019\/08\/13\/primarul-unei-comune-face-investitii-pentru-a-i-aduce-pe-tineri-acasa-vezi-cine-si-ce-a-facut\/#primaryimage"},"thumbnailUrl":"https:\/\/curierulsatelor.ro\/wp\/wp-content\/uploads\/2019\/08\/Maria-Jijie-Rauseni-3.jpg","articleSection":["Administratie","Lumea satelor"],"inLanguage":"ro-RO","potentialAction":[{"@type":"CommentAction","name":"Comment","target":["https:\/\/curierulsatelor.ro\/wp\/2019\/08\/13\/primarul-unei-comune-face-investitii-pentru-a-i-aduce-pe-tineri-acasa-vezi-cine-si-ce-a-facut\/#respond"]}]},{"@type":"WebPage","@id":"https:\/\/curierulsatelor.ro\/wp\/2019\/08\/13\/primarul-unei-comune-face-investitii-pentru-a-i-aduce-pe-tineri-acasa-vezi-cine-si-ce-a-facut\/","url":"https:\/\/curierulsatelor.ro\/wp\/2019\/08\/13\/primarul-unei-comune-face-investitii-pentru-a-i-aduce-pe-tineri-acasa-vezi-cine-si-ce-a-facut\/","name":"Primarul unei comune face investi\u021bii pentru a-i aduce pe tineri acas\u0103. Vezi cine \u0219i ce a f\u0103cut - Curierul Regional","isPartOf":{"@id":"https:\/\/curierulsatelor.ro\/wp\/#website"},"primaryImageOfPage":{"@id":"https:\/\/curierulsatelor.ro\/wp\/2019\/08\/13\/primarul-unei-comune-face-investitii-pentru-a-i-aduce-pe-tineri-acasa-vezi-cine-si-ce-a-facut\/#primaryimage"},"image":{"@id":"https:\/\/curierulsatelor.ro\/wp\/2019\/08\/13\/primarul-unei-comune-face-investitii-pentru-a-i-aduce-pe-tineri-acasa-vezi-cine-si-ce-a-facut\/#primaryimage"},"thumbnailUrl":"https:\/\/curierulsatelor.ro\/wp\/wp-content\/uploads\/2019\/08\/Maria-Jijie-Rauseni-3.jpg","datePublished":"2019-08-13T14:04:29+00:00","dateModified":"2019-08-13T14:04:35+00:00","breadcrumb":{"@id":"https:\/\/curierulsatelor.ro\/wp\/2019\/08\/13\/primarul-unei-comune-face-investitii-pentru-a-i-aduce-pe-tineri-acasa-vezi-cine-si-ce-a-facut\/#breadcrumb"},"inLanguage":"ro-RO","potentialAction":[{"@type":"ReadAction","target":["https:\/\/curierulsatelor.ro\/wp\/2019\/08\/13\/primarul-unei-comune-face-investitii-pentru-a-i-aduce-pe-tineri-acasa-vezi-cine-si-ce-a-facut\/"]}]},{"@type":"ImageObject","inLanguage":"ro-RO","@id":"https:\/\/curierulsatelor.ro\/wp\/2019\/08\/13\/primarul-unei-comune-face-investitii-pentru-a-i-aduce-pe-tineri-acasa-vezi-cine-si-ce-a-facut\/#primaryimage","url":"https:\/\/curierulsatelor.ro\/wp\/wp-content\/uploads\/2019\/08\/Maria-Jijie-Rauseni-3.jpg","contentUrl":"https:\/\/curierulsatelor.ro\/wp\/wp-content\/uploads\/2019\/08\/Maria-Jijie-Rauseni-3.jpg","width":4608,"height":3456},{"@type":"BreadcrumbList","@id":"https:\/\/curierulsatelor.ro\/wp\/2019\/08\/13\/primarul-unei-comune-face-investitii-pentru-a-i-aduce-pe-tineri-acasa-vezi-cine-si-ce-a-facut\/#breadcrumb","itemListElement":[{"@type":"ListItem","position":1,"name":"Prima pagin\u0103","item":"https:\/\/curierulsatelor.ro\/wp\/"},{"@type":"ListItem","position":2,"name":"Primarul unei comune face investi\u021bii pentru a-i aduce pe tineri acas\u0103. Vezi cine \u0219i ce a f\u0103cut"}]},{"@type":"WebSite","@id":"https:\/\/curierulsatelor.ro\/wp\/#website","url":"https:\/\/curierulsatelor.ro\/wp\/","name":"Curierul Regional","description":"","publisher":{"@id":"https:\/\/curierulsatelor.ro\/wp\/#organization"},"potentialAction":[{"@type":"SearchAction","target":{"@type":"EntryPoint","urlTemplate":"https:\/\/curierulsatelor.ro\/wp\/?s={search_term_string}"},"query-input":{"@type":"PropertyValueSpecification","valueRequired":true,"valueName":"search_term_string"}}],"inLanguage":"ro-RO"},{"@type":"Organization","@id":"https:\/\/curierulsatelor.ro\/wp\/#organization","name":"Curierul Regional","url":"https:\/\/curierulsatelor.ro\/wp\/","logo":{"@type":"ImageObject","inLanguage":"ro-RO","@id":"https:\/\/curierulsatelor.ro\/wp\/#\/schema\/logo\/image\/","url":"https:\/\/curierulsatelor.ro\/wp\/wp-content\/uploads\/2020\/01\/Curierul-Regional-si-Curierul-satelor-logo-header.png","contentUrl":"https:\/\/curierulsatelor.ro\/wp\/wp-content\/uploads\/2020\/01\/Curierul-Regional-si-Curierul-satelor-logo-header.png","width":2943,"height":685,"caption":"Curierul Regional"},"image":{"@id":"https:\/\/curierulsatelor.ro\/wp\/#\/schema\/logo\/image\/"}},{"@type":"Person","@id":"https:\/\/curierulsatelor.ro\/wp\/#\/schema\/person\/6f6b28a030e15d619a82894773d6e7b9","name":"Marian Morosan","image":{"@type":"ImageObject","inLanguage":"ro-RO","@id":"https:\/\/secure.gravatar.com\/avatar\/2e833cc9ab99e6bca46266d4ad9030d308346ff7ff0b6b955c29b74cafaf064b?s=96&d=mm&r=g","url":"https:\/\/secure.gravatar.com\/avatar\/2e833cc9ab99e6bca46266d4ad9030d308346ff7ff0b6b955c29b74cafaf064b?s=96&d=mm&r=g","contentUrl":"https:\/\/secure.gravatar.com\/avatar\/2e833cc9ab99e6bca46266d4ad9030d308346ff7ff0b6b955c29b74cafaf064b?s=96&d=mm&r=g","caption":"Marian Morosan"},"description":"Copiilor no\u015ftri li se preg\u0103te\u015fte, incon\u015ftient, o lume de joben ciuruit, din care niciodat\u0103 nu iese iepura\u015ful. Doar panglicile politicilor sociale roase de moliile cu \u015ftaif din ultimele decenii. Suntem oropsi\u0163i, suntem dispera\u0163i, manipula\u0163i p\u00e2n\u0103 acolo \u00eenc\u00e2t ne bucur\u0103m s\u0103 fim masa de manevr\u0103 a unora \u015fi s\u0103 sus\u0163inem c\u0103 a\u015fa e normal. Acum \u00eel \u00een\u0163eleg pe Cioran, dar \u00eel \u00een\u0163eleg mai bine \u015fi pe Preda. \u015ei m\u0103 g\u00e2ndesc iar, cu groaz\u0103, la copilul meu. Cel pu\u0163in eu nu \u00eemi doresc s\u0103 \u015ftiu c\u0103 micu\u0163ul meu va fi singur, cu sufletul descul\u0163, prin jungla mileniului III ! https:\/\/curierulsatelor.ro\/wp\/2019\/10\/16\/cu-sufletul-descult-prin-jungla-mileniului-iii-editorial\/","sameAs":["http:\/\/admin"],"url":"https:\/\/curierulsatelor.ro\/wp\/author\/admin\/"}]}},"_links":{"self":[{"href":"https:\/\/curierulsatelor.ro\/wp\/wp-json\/wp\/v2\/posts\/233","targetHints":{"allow":["GET"]}}],"collection":[{"href":"https:\/\/curierulsatelor.ro\/wp\/wp-json\/wp\/v2\/posts"}],"about":[{"href":"https:\/\/curierulsatelor.ro\/wp\/wp-json\/wp\/v2\/types\/post"}],"author":[{"embeddable":true,"href":"https:\/\/curierulsatelor.ro\/wp\/wp-json\/wp\/v2\/users\/1"}],"replies":[{"embeddable":true,"href":"https:\/\/curierulsatelor.ro\/wp\/wp-json\/wp\/v2\/comments?post=233"}],"version-history":[{"count":1,"href":"https:\/\/curierulsatelor.ro\/wp\/wp-json\/wp\/v2\/posts\/233\/revisions"}],"predecessor-version":[{"id":239,"href":"https:\/\/curierulsatelor.ro\/wp\/wp-json\/wp\/v2\/posts\/233\/revisions\/239"}],"wp:featuredmedia":[{"embeddable":true,"href":"https:\/\/curierulsatelor.ro\/wp\/wp-json\/wp\/v2\/media\/238"}],"wp:attachment":[{"href":"https:\/\/curierulsatelor.ro\/wp\/wp-json\/wp\/v2\/media?parent=233"}],"wp:term":[{"taxonomy":"category","embeddable":true,"href":"https:\/\/curierulsatelor.ro\/wp\/wp-json\/wp\/v2\/categories?post=233"},{"taxonomy":"post_tag","embeddable":true,"href":"https:\/\/curierulsatelor.ro\/wp\/wp-json\/wp\/v2\/tags?post=233"}],"curies":[{"name":"wp","href":"https:\/\/api.w.org\/{rel}","templated":true}]}}