{"id":251,"date":"2019-08-15T06:29:43","date_gmt":"2019-08-15T06:29:43","guid":{"rendered":"https:\/\/curierulsatelor.ro\/wp\/?p=251"},"modified":"2019-08-15T06:29:48","modified_gmt":"2019-08-15T06:29:48","slug":"audit-curierul-satelor-in-comuna-care-plange-ca-e-terorizata-de-udrea","status":"publish","type":"post","link":"https:\/\/curierulsatelor.ro\/wp\/2019\/08\/15\/audit-curierul-satelor-in-comuna-care-plange-ca-e-terorizata-de-udrea\/","title":{"rendered":"Audit Curierul Satelor \u00een comuna care pl\u00e2nge c\u0103 e terorizat\u0103 de \u201dUdrea\u201d"},"content":{"rendered":"\n<p>De c\u00e2teva luni bune, c\u00e2\u021biva locuitori ai comunei V\u00eerfu C\u00e2mpului au umplut c\u0103su\u021ba po\u0219tal\u0103 electronic\u0103 a redac\u021biei \u0219i unele conturi de facebook cu un butoi de lacrimi, de \u00ee\u021bi venea s\u0103 crezi c\u0103 bie\u021bii oameni tr\u0103iesc mai r\u0103u dec\u00e2t pe vremea celui de al doilea reich hitlerist. Internetul este plin \u0219i acum de reac\u021biile cu scop de dinamit\u0103 ale unora. Mul\u021bi arat\u0103 spre prim\u0103rie, acuzativ. Fiecare cu ce deget poate. Nimeni, \u00eens\u0103 nu spune cu subiect \u0219i predicat care sunt cauzele insomniilor lor, de\u0219i to\u021bi acuz\u0103 c\u0103 \u021binta este \u201dUdrea\u201d de la Prim\u0103rie &#8211; a\u0219a au supranumit-o pe prim\u0103ri\u021ba lor, Maria Hu\u021bu. De vin\u0103 ar fi teama de persecu\u021bii. La solicitarea unor localnici, Curierul Satelor a poposit c\u00e2teva zile prin Comuna V\u00e2rfu C\u00e2mpului. Ba chiar ultima dat\u0103, \u00een zi de mare praznic cre\u0219tinesc, Schimbarea la Fa\u021b\u0103, am g\u0103sit comuna pustie. Doar \u201dUdrea\u201d de V\u00e2rfu C\u00e2mpului- cum \u00eei spun localnicii, adic\u0103 prim\u0103ri\u021ba comunei, h\u0103l\u0103duia pe uli\u021bele satelor pentru a observa ce au f\u0103cut constructorii sau ce mai trebuie f\u0103cut. Prins\u0103 \u201d\u00een flagrant\u201d, prim\u0103ri\u021ba a acceptat s\u0103 \u00eei \u021binem companie la promenad\u0103. \u0218i am vizitat toate c\u0103tunele comunei. Nu cu tr\u0103sura. Cu ma\u0219ina redac\u021biei, pentru a nu fi acuza\u021bi c\u0103 abuz\u0103m de resursele comunit\u0103\u021bii. \u0218i astfel, timp de c\u00e2teva s\u0103pt\u0103m\u00e2ni, vr\u00e2nd-nevr\u00e2nd, administra\u021bia public\u0103 din V\u00e2rfu C\u00e2mpului s-a aflat \u00een plin audit de pres\u0103.<\/p>\n\n\n\n<p><strong>Ap\u0103, asfalt, canalizare \u0219i ploconeli ministeriale de dragul celor ce o r\u0103stignesc rural<\/strong><strong><\/strong><\/p>\n\n\n\n<p>&nbsp;La Ion\u0103\u0219eni am mers p\u00e2n\u0103 l\u00e2ng\u0103 ferma unui cunoscut om de afaceri boto\u0219\u0103nean, acolo unde am constatat c\u0103 muncitorii au tot ce le trebuie \u0219i sunt \u00een plin\u0103 execu\u021bie a investi\u021biei \u00een realizarea sistemului de aduc\u021biune ap\u0103. \u00cen V\u00e2rfu C\u00e2mpului, tiptil, \u00een urma utilajelor lui Con\u021bac, de\u0219i era s\u0103rb\u0103toare, am urm\u0103rit cum se preg\u0103tes\u0219te asfaltarea unor str\u0103zi laterale. \u0218i vorbind de firmele omului de afaceri Con\u021bac, de mult timp nu am mai auzit un primar s\u0103 fie a\u0219a de mul\u021bumit de un executant al unor lucr\u0103ri pe bani publici. \u0218i, \u00eentr-adev\u0103r, modul \u00een care constructorul respect\u0103 anumite standarde de execu\u021bie justific\u0103 laudele primarului. La Maghera am v\u0103zut cu ochii no\u0219tri cum cap\u0103t\u0103 contur o pia\u021b\u0103 agroalimentar\u0103 \u0219i ni s-a prezentat povestea realiz\u0103rii unui monument dedicat eroilor neamului, sau ni s-au descris etapele moderniz\u0103rii \u0219colilor din comun\u0103. Tot \u00een comuna V\u00e2rfu C\u00e2mpului am descoperit ceea ce nu credeam s\u0103 v\u0103d vreodat\u0103 sub mandatul vreunui primar din jude\u021bul \u0219i \u021b\u0103ri\u0219oara noastr\u0103. Cu c\u00e2\u021biva ani \u00een urm\u0103, c\u00e2nd u\u0219ile \u0219i robinetele finan\u021b\u0103rilor publice \u00eei erau \u00eenchise, prim\u0103ri\u021ba Maria Hu\u021bu a reu\u0219it s\u0103 ob\u021bin\u0103 o sponsorizare privat\u0103 pentru asfaltarea unui drum. Este singura comun\u0103, probabil din Rom\u00e2nia, unde exist\u0103 un drum care a fost asfaltat prin sponsorizarea unui vrednic \u0219i inimos afacerist din Suceava.<\/p>\n\n\n\n<p><strong>Iscoad\u0103 \u00een arhivele Prim\u0103riei <\/strong><strong><\/strong><\/p>\n\n\n\n<p>Dup\u0103 ce am h\u0103l\u0103duit pe coclaurile comunei, de altfel cu zone frumoase pe alocuri, am atras-o pe prim\u0103ri\u021b\u0103 \u00een sediul Prim\u0103riei. Acolo, printre polite\u021buri \u0219i alte cuvinte de complezen\u021b\u0103, am reu\u0219it s\u0103 ne b\u0103g\u0103m nasul prin documentele institu\u021biei. A\u0219a am observat c\u0103, dincolo de cuvinte, \u00een\u021belese sau \u00eencruci\u0219ate, exist\u0103 o munc\u0103 a unui colectiv \u00eentreg aflat \u00een jurul edilului. Dincolo de aparen\u021be, exist\u0103 ambi\u021bia acestei Udrea de V\u00e2rfu C\u00e2mpului de a bate dac\u0103 e nevoie \u0219i de zece ori la u\u0219i ministeriale pentru aprob\u0103ri, avize, finan\u021b\u0103ri. Ca ultim\u0103 noutate, informa\u021bie pe care localnicii \u00eenc\u0103 nu o au, \u00een cur\u00e2nd comuna va avea 16 km de drumuri locale asfaltate prin CNI, c\u0103 de asta s-a pozat aleasa lor pe la Bucure\u0219ti. Iar un alt proiect, tot pentru drumuri l\u0103tura\u0219e \u00een satele comunei, pe distan\u021b\u0103 de vreo 18 km, se afl\u0103 \u00een plin loby la alte institu\u021bii ale statului. <\/p>\n\n\n\n<p><strong>Travaliul aduc\u021biunii de ap\u0103 \u00een comun\u0103<\/strong><strong><\/strong><\/p>\n\n\n\n<p>Extinderea \u0219i modernizarea aduc\u021biunii de ap\u0103 \u00een comun\u0103 a fost iminent\u0103 odat\u0103 cu semnarea contractului de finan\u021bare, la 6 ianuarie 2017. Finan\u021bat prin PNDL1 de c\u0103tre Ministerul Dezvolt\u0103rii, contractul de execu\u021bie a fost semnat la 6 octombrie 2017, zi \u00een care a fost emis \u0219i ordinul de \u00eencepere a serviciilor de proiectare \u0219i lucr\u0103ri. \u00centruc\u00e2t proiectantul \u0219i executantul, asocierea de firme Elsaco Electronic \u0219i Pro Toby SRL, au propus o nou\u0103 solu\u021bie tehnic\u0103, fapt ce a necesitat ob\u021binerea altor avize, lucr\u0103rile au \u00eenceput la 5 noiembrie 2018. La scurt timp, \u00een ziua de 7 decembrie 2018, prim\u0103ri\u021ba Maria Hu\u021bu a emis un ordin de sistare a lucr\u0103rilor din cauza condi\u021biilor meteo. Aceasta a constatat anumite neconformit\u0103\u021bi \u00een derularea lucr\u0103rilor, precum \u0219i nerespectarea unui normativ \u0219i a caietului de sarcini din proiect. \u00cen cele din urm\u0103, lucr\u0103rile au fost reluate \u0219i drumul apei p\u00e2n\u0103 \u00een cur\u021bile locuitorilor este mai scurt acum.<\/p>\n\n\n\n<p>Acestea sunt doar c\u00e2teva din culisele administra\u021biei publice locale. Dar activit\u0103\u021bile \u0219i proiectele prim\u0103riei sunt mai mult. Acestea sunt, \u00eens\u0103, de datoria primarului s\u0103 le fac\u0103 mai cunoscute \u00een comun\u0103. Mai ales c\u0103 ele exist\u0103. Fie prin obi\u0219nuitele rapoarte periodice, fie prin intermediul unei publica\u021bii proprii. &nbsp;<\/p>\n\n\n\n<p><strong>T\u0103r\u00e2mul tuturor posibilit\u0103\u021bilor<\/strong><strong><\/strong><\/p>\n\n\n\n<p>\u00centr-un material viitor, vom reveni cu informa\u021bii \u0219i detalii despre cum \u0219i de ce se spune despre comuna V\u00e2rfu C\u00e2mpului c\u0103 este condus\u0103 de trei interlopi. Ve\u021bi afla cine vrea s\u0103 se ia la tr\u00e2nt\u0103 cu prim\u0103ri\u021ba, ce interese electorale are \u0219i ce metode beligerante neconven\u021bionale folose\u0219te. Tot atunci ve\u021bi afla ce p\u0103rere are prim\u0103ri\u021ba despre propriul partid, cum o ajut\u0103 sau nu corifeii acestuia. Nu \u00een ultimul r\u00e2nd, vom ar\u0103ta care sunt re\u021belele mafiei locale de care nu sunt str\u0103ini oameni importan\u021bi ai locului, dar \u0219i persoane cu epole\u021bi pe axa V\u00e2rfu C\u00e2mpului &#8211; Bucecea &#8211; Boto\u0219ani. \u00a0<\/p>\n\n\n\n<figure class=\"wp-block-image\"><img fetchpriority=\"high\" decoding=\"async\" width=\"4608\" height=\"3456\" src=\"https:\/\/i0.wp.com\/curierulsatelor.ro\/wp\/wp-content\/uploads\/2019\/08\/Maria-Hutu-Varfu-Campului-1.jpg?fit=640%2C480&amp;ssl=1\" alt=\"\" class=\"wp-image-252\" srcset=\"https:\/\/curierulsatelor.ro\/wp\/wp-content\/uploads\/2019\/08\/Maria-Hutu-Varfu-Campului-1.jpg 4608w, https:\/\/curierulsatelor.ro\/wp\/wp-content\/uploads\/2019\/08\/Maria-Hutu-Varfu-Campului-1-300x225.jpg 300w, https:\/\/curierulsatelor.ro\/wp\/wp-content\/uploads\/2019\/08\/Maria-Hutu-Varfu-Campului-1-768x576.jpg 768w, https:\/\/curierulsatelor.ro\/wp\/wp-content\/uploads\/2019\/08\/Maria-Hutu-Varfu-Campului-1-1024x768.jpg 1024w\" sizes=\"(max-width: 4608px) 100vw, 4608px\" \/><\/figure>\n\n\n\n<figure class=\"wp-block-image\"><img decoding=\"async\" width=\"4608\" height=\"3456\" src=\"https:\/\/i2.wp.com\/curierulsatelor.ro\/wp\/wp-content\/uploads\/2019\/08\/Maria-Hutu-Varfu-Campului-3.jpg?fit=640%2C480&amp;ssl=1\" alt=\"\" class=\"wp-image-253\" srcset=\"https:\/\/curierulsatelor.ro\/wp\/wp-content\/uploads\/2019\/08\/Maria-Hutu-Varfu-Campului-3.jpg 4608w, https:\/\/curierulsatelor.ro\/wp\/wp-content\/uploads\/2019\/08\/Maria-Hutu-Varfu-Campului-3-300x225.jpg 300w, https:\/\/curierulsatelor.ro\/wp\/wp-content\/uploads\/2019\/08\/Maria-Hutu-Varfu-Campului-3-768x576.jpg 768w, https:\/\/curierulsatelor.ro\/wp\/wp-content\/uploads\/2019\/08\/Maria-Hutu-Varfu-Campului-3-1024x768.jpg 1024w\" sizes=\"(max-width: 4608px) 100vw, 4608px\" \/><\/figure>\n\n\n\n<figure class=\"wp-block-image\"><img decoding=\"async\" width=\"4608\" height=\"3456\" src=\"https:\/\/i0.wp.com\/curierulsatelor.ro\/wp\/wp-content\/uploads\/2019\/08\/Maria-Hutu-Varfu-Campului-4.jpg?fit=640%2C480&amp;ssl=1\" alt=\"\" class=\"wp-image-254\" srcset=\"https:\/\/curierulsatelor.ro\/wp\/wp-content\/uploads\/2019\/08\/Maria-Hutu-Varfu-Campului-4.jpg 4608w, https:\/\/curierulsatelor.ro\/wp\/wp-content\/uploads\/2019\/08\/Maria-Hutu-Varfu-Campului-4-300x225.jpg 300w, https:\/\/curierulsatelor.ro\/wp\/wp-content\/uploads\/2019\/08\/Maria-Hutu-Varfu-Campului-4-768x576.jpg 768w, https:\/\/curierulsatelor.ro\/wp\/wp-content\/uploads\/2019\/08\/Maria-Hutu-Varfu-Campului-4-1024x768.jpg 1024w\" sizes=\"(max-width: 4608px) 100vw, 4608px\" \/><\/figure>\n\n\n\n<figure class=\"wp-block-image\"><img loading=\"lazy\" decoding=\"async\" width=\"4608\" height=\"3456\" src=\"https:\/\/i0.wp.com\/curierulsatelor.ro\/wp\/wp-content\/uploads\/2019\/08\/Maria-Hutu-Varfu-Campului-5.jpg?fit=640%2C480&amp;ssl=1\" alt=\"\" class=\"wp-image-255\" srcset=\"https:\/\/curierulsatelor.ro\/wp\/wp-content\/uploads\/2019\/08\/Maria-Hutu-Varfu-Campului-5.jpg 4608w, https:\/\/curierulsatelor.ro\/wp\/wp-content\/uploads\/2019\/08\/Maria-Hutu-Varfu-Campului-5-300x225.jpg 300w, https:\/\/curierulsatelor.ro\/wp\/wp-content\/uploads\/2019\/08\/Maria-Hutu-Varfu-Campului-5-768x576.jpg 768w, https:\/\/curierulsatelor.ro\/wp\/wp-content\/uploads\/2019\/08\/Maria-Hutu-Varfu-Campului-5-1024x768.jpg 1024w\" sizes=\"(max-width: 4608px) 100vw, 4608px\" \/><\/figure>\n\n\n\n<figure class=\"wp-block-image\"><img loading=\"lazy\" decoding=\"async\" width=\"4608\" height=\"3456\" src=\"https:\/\/i0.wp.com\/curierulsatelor.ro\/wp\/wp-content\/uploads\/2019\/08\/Maria-Hutu-Varfu-Campului-7.jpg?fit=640%2C480&amp;ssl=1\" alt=\"\" class=\"wp-image-256\" srcset=\"https:\/\/curierulsatelor.ro\/wp\/wp-content\/uploads\/2019\/08\/Maria-Hutu-Varfu-Campului-7.jpg 4608w, https:\/\/curierulsatelor.ro\/wp\/wp-content\/uploads\/2019\/08\/Maria-Hutu-Varfu-Campului-7-300x225.jpg 300w, https:\/\/curierulsatelor.ro\/wp\/wp-content\/uploads\/2019\/08\/Maria-Hutu-Varfu-Campului-7-768x576.jpg 768w, https:\/\/curierulsatelor.ro\/wp\/wp-content\/uploads\/2019\/08\/Maria-Hutu-Varfu-Campului-7-1024x768.jpg 1024w\" sizes=\"(max-width: 4608px) 100vw, 4608px\" \/><\/figure>\n","protected":false},"excerpt":{"rendered":"<p>De c\u00e2teva luni bune, c\u00e2\u021biva locuitori ai comunei V\u00eerfu C\u00e2mpului au umplut c\u0103su\u021ba po\u0219tal\u0103 electronic\u0103&#8230;<\/p>\n","protected":false},"author":1,"featured_media":257,"comment_status":"open","ping_status":"open","sticky":false,"template":"","format":"standard","meta":{"footnotes":""},"categories":[5,3],"tags":[],"class_list":["post-251","post","type-post","status-publish","format-standard","has-post-thumbnail","hentry","category-administratie","category-lumea-satelor"],"yoast_head":"<!-- This site is optimized with the Yoast SEO plugin v27.4 - https:\/\/yoast.com\/product\/yoast-seo-wordpress\/ -->\n<title>Audit Curierul Satelor \u00een comuna care pl\u00e2nge c\u0103 e terorizat\u0103 de \u201dUdrea\u201d - Curierul Regional<\/title>\n<meta name=\"robots\" content=\"index, follow, max-snippet:-1, max-image-preview:large, max-video-preview:-1\" \/>\n<link rel=\"canonical\" href=\"https:\/\/curierulsatelor.ro\/wp\/2019\/08\/15\/audit-curierul-satelor-in-comuna-care-plange-ca-e-terorizata-de-udrea\/\" \/>\n<meta property=\"og:locale\" content=\"ro_RO\" \/>\n<meta property=\"og:type\" content=\"article\" \/>\n<meta property=\"og:title\" content=\"Audit Curierul Satelor \u00een comuna care pl\u00e2nge c\u0103 e terorizat\u0103 de \u201dUdrea\u201d - Curierul Regional\" \/>\n<meta property=\"og:description\" content=\"De c\u00e2teva luni bune, c\u00e2\u021biva locuitori ai comunei V\u00eerfu C\u00e2mpului au umplut c\u0103su\u021ba po\u0219tal\u0103 electronic\u0103...\" \/>\n<meta property=\"og:url\" content=\"https:\/\/curierulsatelor.ro\/wp\/2019\/08\/15\/audit-curierul-satelor-in-comuna-care-plange-ca-e-terorizata-de-udrea\/\" \/>\n<meta property=\"og:site_name\" content=\"Curierul Regional\" \/>\n<meta property=\"article:published_time\" content=\"2019-08-15T06:29:43+00:00\" \/>\n<meta property=\"article:modified_time\" content=\"2019-08-15T06:29:48+00:00\" \/>\n<meta property=\"og:image\" content=\"https:\/\/curierulsatelor.ro\/wp\/wp-content\/uploads\/2019\/08\/Maria-Hutu-primar-Varfu-Campului-1024x884.jpg\" \/>\n\t<meta property=\"og:image:width\" content=\"1024\" \/>\n\t<meta property=\"og:image:height\" content=\"884\" \/>\n\t<meta property=\"og:image:type\" content=\"image\/jpeg\" \/>\n<meta name=\"author\" content=\"Marian Morosan\" \/>\n<meta name=\"twitter:card\" content=\"summary_large_image\" \/>\n<meta name=\"twitter:label1\" content=\"Scris de\" \/>\n\t<meta name=\"twitter:data1\" content=\"Marian Morosan\" \/>\n\t<meta name=\"twitter:label2\" content=\"Timp estimat pentru citire\" \/>\n\t<meta name=\"twitter:data2\" content=\"5 minute\" \/>\n<script type=\"application\/ld+json\" class=\"yoast-schema-graph\">{\"@context\":\"https:\\\/\\\/schema.org\",\"@graph\":[{\"@type\":\"Article\",\"@id\":\"https:\\\/\\\/curierulsatelor.ro\\\/wp\\\/2019\\\/08\\\/15\\\/audit-curierul-satelor-in-comuna-care-plange-ca-e-terorizata-de-udrea\\\/#article\",\"isPartOf\":{\"@id\":\"https:\\\/\\\/curierulsatelor.ro\\\/wp\\\/2019\\\/08\\\/15\\\/audit-curierul-satelor-in-comuna-care-plange-ca-e-terorizata-de-udrea\\\/\"},\"author\":{\"name\":\"Marian Morosan\",\"@id\":\"https:\\\/\\\/curierulsatelor.ro\\\/wp\\\/#\\\/schema\\\/person\\\/6f6b28a030e15d619a82894773d6e7b9\"},\"headline\":\"Audit Curierul Satelor \u00een comuna care pl\u00e2nge c\u0103 e terorizat\u0103 de \u201dUdrea\u201d\",\"datePublished\":\"2019-08-15T06:29:43+00:00\",\"dateModified\":\"2019-08-15T06:29:48+00:00\",\"mainEntityOfPage\":{\"@id\":\"https:\\\/\\\/curierulsatelor.ro\\\/wp\\\/2019\\\/08\\\/15\\\/audit-curierul-satelor-in-comuna-care-plange-ca-e-terorizata-de-udrea\\\/\"},\"wordCount\":1081,\"commentCount\":0,\"publisher\":{\"@id\":\"https:\\\/\\\/curierulsatelor.ro\\\/wp\\\/#organization\"},\"image\":{\"@id\":\"https:\\\/\\\/curierulsatelor.ro\\\/wp\\\/2019\\\/08\\\/15\\\/audit-curierul-satelor-in-comuna-care-plange-ca-e-terorizata-de-udrea\\\/#primaryimage\"},\"thumbnailUrl\":\"https:\\\/\\\/curierulsatelor.ro\\\/wp\\\/wp-content\\\/uploads\\\/2019\\\/08\\\/Maria-Hutu-primar-Varfu-Campului.jpg\",\"articleSection\":[\"Administratie\",\"Lumea satelor\"],\"inLanguage\":\"ro-RO\",\"potentialAction\":[{\"@type\":\"CommentAction\",\"name\":\"Comment\",\"target\":[\"https:\\\/\\\/curierulsatelor.ro\\\/wp\\\/2019\\\/08\\\/15\\\/audit-curierul-satelor-in-comuna-care-plange-ca-e-terorizata-de-udrea\\\/#respond\"]}]},{\"@type\":\"WebPage\",\"@id\":\"https:\\\/\\\/curierulsatelor.ro\\\/wp\\\/2019\\\/08\\\/15\\\/audit-curierul-satelor-in-comuna-care-plange-ca-e-terorizata-de-udrea\\\/\",\"url\":\"https:\\\/\\\/curierulsatelor.ro\\\/wp\\\/2019\\\/08\\\/15\\\/audit-curierul-satelor-in-comuna-care-plange-ca-e-terorizata-de-udrea\\\/\",\"name\":\"Audit Curierul Satelor \u00een comuna care pl\u00e2nge c\u0103 e terorizat\u0103 de \u201dUdrea\u201d - Curierul Regional\",\"isPartOf\":{\"@id\":\"https:\\\/\\\/curierulsatelor.ro\\\/wp\\\/#website\"},\"primaryImageOfPage\":{\"@id\":\"https:\\\/\\\/curierulsatelor.ro\\\/wp\\\/2019\\\/08\\\/15\\\/audit-curierul-satelor-in-comuna-care-plange-ca-e-terorizata-de-udrea\\\/#primaryimage\"},\"image\":{\"@id\":\"https:\\\/\\\/curierulsatelor.ro\\\/wp\\\/2019\\\/08\\\/15\\\/audit-curierul-satelor-in-comuna-care-plange-ca-e-terorizata-de-udrea\\\/#primaryimage\"},\"thumbnailUrl\":\"https:\\\/\\\/curierulsatelor.ro\\\/wp\\\/wp-content\\\/uploads\\\/2019\\\/08\\\/Maria-Hutu-primar-Varfu-Campului.jpg\",\"datePublished\":\"2019-08-15T06:29:43+00:00\",\"dateModified\":\"2019-08-15T06:29:48+00:00\",\"breadcrumb\":{\"@id\":\"https:\\\/\\\/curierulsatelor.ro\\\/wp\\\/2019\\\/08\\\/15\\\/audit-curierul-satelor-in-comuna-care-plange-ca-e-terorizata-de-udrea\\\/#breadcrumb\"},\"inLanguage\":\"ro-RO\",\"potentialAction\":[{\"@type\":\"ReadAction\",\"target\":[\"https:\\\/\\\/curierulsatelor.ro\\\/wp\\\/2019\\\/08\\\/15\\\/audit-curierul-satelor-in-comuna-care-plange-ca-e-terorizata-de-udrea\\\/\"]}]},{\"@type\":\"ImageObject\",\"inLanguage\":\"ro-RO\",\"@id\":\"https:\\\/\\\/curierulsatelor.ro\\\/wp\\\/2019\\\/08\\\/15\\\/audit-curierul-satelor-in-comuna-care-plange-ca-e-terorizata-de-udrea\\\/#primaryimage\",\"url\":\"https:\\\/\\\/curierulsatelor.ro\\\/wp\\\/wp-content\\\/uploads\\\/2019\\\/08\\\/Maria-Hutu-primar-Varfu-Campului.jpg\",\"contentUrl\":\"https:\\\/\\\/curierulsatelor.ro\\\/wp\\\/wp-content\\\/uploads\\\/2019\\\/08\\\/Maria-Hutu-primar-Varfu-Campului.jpg\",\"width\":2587,\"height\":2233},{\"@type\":\"BreadcrumbList\",\"@id\":\"https:\\\/\\\/curierulsatelor.ro\\\/wp\\\/2019\\\/08\\\/15\\\/audit-curierul-satelor-in-comuna-care-plange-ca-e-terorizata-de-udrea\\\/#breadcrumb\",\"itemListElement\":[{\"@type\":\"ListItem\",\"position\":1,\"name\":\"Prima pagin\u0103\",\"item\":\"https:\\\/\\\/curierulsatelor.ro\\\/wp\\\/\"},{\"@type\":\"ListItem\",\"position\":2,\"name\":\"Audit Curierul Satelor \u00een comuna care pl\u00e2nge c\u0103 e terorizat\u0103 de \u201dUdrea\u201d\"}]},{\"@type\":\"WebSite\",\"@id\":\"https:\\\/\\\/curierulsatelor.ro\\\/wp\\\/#website\",\"url\":\"https:\\\/\\\/curierulsatelor.ro\\\/wp\\\/\",\"name\":\"Curierul Regional\",\"description\":\"\",\"publisher\":{\"@id\":\"https:\\\/\\\/curierulsatelor.ro\\\/wp\\\/#organization\"},\"potentialAction\":[{\"@type\":\"SearchAction\",\"target\":{\"@type\":\"EntryPoint\",\"urlTemplate\":\"https:\\\/\\\/curierulsatelor.ro\\\/wp\\\/?s={search_term_string}\"},\"query-input\":{\"@type\":\"PropertyValueSpecification\",\"valueRequired\":true,\"valueName\":\"search_term_string\"}}],\"inLanguage\":\"ro-RO\"},{\"@type\":\"Organization\",\"@id\":\"https:\\\/\\\/curierulsatelor.ro\\\/wp\\\/#organization\",\"name\":\"Curierul Regional\",\"url\":\"https:\\\/\\\/curierulsatelor.ro\\\/wp\\\/\",\"logo\":{\"@type\":\"ImageObject\",\"inLanguage\":\"ro-RO\",\"@id\":\"https:\\\/\\\/curierulsatelor.ro\\\/wp\\\/#\\\/schema\\\/logo\\\/image\\\/\",\"url\":\"https:\\\/\\\/curierulsatelor.ro\\\/wp\\\/wp-content\\\/uploads\\\/2020\\\/01\\\/Curierul-Regional-si-Curierul-satelor-logo-header.png\",\"contentUrl\":\"https:\\\/\\\/curierulsatelor.ro\\\/wp\\\/wp-content\\\/uploads\\\/2020\\\/01\\\/Curierul-Regional-si-Curierul-satelor-logo-header.png\",\"width\":2943,\"height\":685,\"caption\":\"Curierul Regional\"},\"image\":{\"@id\":\"https:\\\/\\\/curierulsatelor.ro\\\/wp\\\/#\\\/schema\\\/logo\\\/image\\\/\"}},{\"@type\":\"Person\",\"@id\":\"https:\\\/\\\/curierulsatelor.ro\\\/wp\\\/#\\\/schema\\\/person\\\/6f6b28a030e15d619a82894773d6e7b9\",\"name\":\"Marian Morosan\",\"image\":{\"@type\":\"ImageObject\",\"inLanguage\":\"ro-RO\",\"@id\":\"https:\\\/\\\/secure.gravatar.com\\\/avatar\\\/2e833cc9ab99e6bca46266d4ad9030d308346ff7ff0b6b955c29b74cafaf064b?s=96&d=mm&r=g\",\"url\":\"https:\\\/\\\/secure.gravatar.com\\\/avatar\\\/2e833cc9ab99e6bca46266d4ad9030d308346ff7ff0b6b955c29b74cafaf064b?s=96&d=mm&r=g\",\"contentUrl\":\"https:\\\/\\\/secure.gravatar.com\\\/avatar\\\/2e833cc9ab99e6bca46266d4ad9030d308346ff7ff0b6b955c29b74cafaf064b?s=96&d=mm&r=g\",\"caption\":\"Marian Morosan\"},\"description\":\"Copiilor no\u015ftri li se preg\u0103te\u015fte, incon\u015ftient, o lume de joben ciuruit, din care niciodat\u0103 nu iese iepura\u015ful. Doar panglicile politicilor sociale roase de moliile cu \u015ftaif din ultimele decenii. Suntem oropsi\u0163i, suntem dispera\u0163i, manipula\u0163i p\u00e2n\u0103 acolo \u00eenc\u00e2t ne bucur\u0103m s\u0103 fim masa de manevr\u0103 a unora \u015fi s\u0103 sus\u0163inem c\u0103 a\u015fa e normal. Acum \u00eel \u00een\u0163eleg pe Cioran, dar \u00eel \u00een\u0163eleg mai bine \u015fi pe Preda. \u015ei m\u0103 g\u00e2ndesc iar, cu groaz\u0103, la copilul meu. Cel pu\u0163in eu nu \u00eemi doresc s\u0103 \u015ftiu c\u0103 micu\u0163ul meu va fi singur, cu sufletul descul\u0163, prin jungla mileniului III ! https:\\\/\\\/curierulsatelor.ro\\\/wp\\\/2019\\\/10\\\/16\\\/cu-sufletul-descult-prin-jungla-mileniului-iii-editorial\\\/\",\"sameAs\":[\"http:\\\/\\\/admin\"],\"url\":\"https:\\\/\\\/curierulsatelor.ro\\\/wp\\\/author\\\/admin\\\/\"}]}<\/script>\n<!-- \/ Yoast SEO plugin. -->","yoast_head_json":{"title":"Audit Curierul Satelor \u00een comuna care pl\u00e2nge c\u0103 e terorizat\u0103 de \u201dUdrea\u201d - Curierul Regional","robots":{"index":"index","follow":"follow","max-snippet":"max-snippet:-1","max-image-preview":"max-image-preview:large","max-video-preview":"max-video-preview:-1"},"canonical":"https:\/\/curierulsatelor.ro\/wp\/2019\/08\/15\/audit-curierul-satelor-in-comuna-care-plange-ca-e-terorizata-de-udrea\/","og_locale":"ro_RO","og_type":"article","og_title":"Audit Curierul Satelor \u00een comuna care pl\u00e2nge c\u0103 e terorizat\u0103 de \u201dUdrea\u201d - Curierul Regional","og_description":"De c\u00e2teva luni bune, c\u00e2\u021biva locuitori ai comunei V\u00eerfu C\u00e2mpului au umplut c\u0103su\u021ba po\u0219tal\u0103 electronic\u0103...","og_url":"https:\/\/curierulsatelor.ro\/wp\/2019\/08\/15\/audit-curierul-satelor-in-comuna-care-plange-ca-e-terorizata-de-udrea\/","og_site_name":"Curierul Regional","article_published_time":"2019-08-15T06:29:43+00:00","article_modified_time":"2019-08-15T06:29:48+00:00","og_image":[{"width":1024,"height":884,"url":"https:\/\/curierulsatelor.ro\/wp\/wp-content\/uploads\/2019\/08\/Maria-Hutu-primar-Varfu-Campului-1024x884.jpg","type":"image\/jpeg"}],"author":"Marian Morosan","twitter_card":"summary_large_image","twitter_misc":{"Scris de":"Marian Morosan","Timp estimat pentru citire":"5 minute"},"schema":{"@context":"https:\/\/schema.org","@graph":[{"@type":"Article","@id":"https:\/\/curierulsatelor.ro\/wp\/2019\/08\/15\/audit-curierul-satelor-in-comuna-care-plange-ca-e-terorizata-de-udrea\/#article","isPartOf":{"@id":"https:\/\/curierulsatelor.ro\/wp\/2019\/08\/15\/audit-curierul-satelor-in-comuna-care-plange-ca-e-terorizata-de-udrea\/"},"author":{"name":"Marian Morosan","@id":"https:\/\/curierulsatelor.ro\/wp\/#\/schema\/person\/6f6b28a030e15d619a82894773d6e7b9"},"headline":"Audit Curierul Satelor \u00een comuna care pl\u00e2nge c\u0103 e terorizat\u0103 de \u201dUdrea\u201d","datePublished":"2019-08-15T06:29:43+00:00","dateModified":"2019-08-15T06:29:48+00:00","mainEntityOfPage":{"@id":"https:\/\/curierulsatelor.ro\/wp\/2019\/08\/15\/audit-curierul-satelor-in-comuna-care-plange-ca-e-terorizata-de-udrea\/"},"wordCount":1081,"commentCount":0,"publisher":{"@id":"https:\/\/curierulsatelor.ro\/wp\/#organization"},"image":{"@id":"https:\/\/curierulsatelor.ro\/wp\/2019\/08\/15\/audit-curierul-satelor-in-comuna-care-plange-ca-e-terorizata-de-udrea\/#primaryimage"},"thumbnailUrl":"https:\/\/curierulsatelor.ro\/wp\/wp-content\/uploads\/2019\/08\/Maria-Hutu-primar-Varfu-Campului.jpg","articleSection":["Administratie","Lumea satelor"],"inLanguage":"ro-RO","potentialAction":[{"@type":"CommentAction","name":"Comment","target":["https:\/\/curierulsatelor.ro\/wp\/2019\/08\/15\/audit-curierul-satelor-in-comuna-care-plange-ca-e-terorizata-de-udrea\/#respond"]}]},{"@type":"WebPage","@id":"https:\/\/curierulsatelor.ro\/wp\/2019\/08\/15\/audit-curierul-satelor-in-comuna-care-plange-ca-e-terorizata-de-udrea\/","url":"https:\/\/curierulsatelor.ro\/wp\/2019\/08\/15\/audit-curierul-satelor-in-comuna-care-plange-ca-e-terorizata-de-udrea\/","name":"Audit Curierul Satelor \u00een comuna care pl\u00e2nge c\u0103 e terorizat\u0103 de \u201dUdrea\u201d - Curierul Regional","isPartOf":{"@id":"https:\/\/curierulsatelor.ro\/wp\/#website"},"primaryImageOfPage":{"@id":"https:\/\/curierulsatelor.ro\/wp\/2019\/08\/15\/audit-curierul-satelor-in-comuna-care-plange-ca-e-terorizata-de-udrea\/#primaryimage"},"image":{"@id":"https:\/\/curierulsatelor.ro\/wp\/2019\/08\/15\/audit-curierul-satelor-in-comuna-care-plange-ca-e-terorizata-de-udrea\/#primaryimage"},"thumbnailUrl":"https:\/\/curierulsatelor.ro\/wp\/wp-content\/uploads\/2019\/08\/Maria-Hutu-primar-Varfu-Campului.jpg","datePublished":"2019-08-15T06:29:43+00:00","dateModified":"2019-08-15T06:29:48+00:00","breadcrumb":{"@id":"https:\/\/curierulsatelor.ro\/wp\/2019\/08\/15\/audit-curierul-satelor-in-comuna-care-plange-ca-e-terorizata-de-udrea\/#breadcrumb"},"inLanguage":"ro-RO","potentialAction":[{"@type":"ReadAction","target":["https:\/\/curierulsatelor.ro\/wp\/2019\/08\/15\/audit-curierul-satelor-in-comuna-care-plange-ca-e-terorizata-de-udrea\/"]}]},{"@type":"ImageObject","inLanguage":"ro-RO","@id":"https:\/\/curierulsatelor.ro\/wp\/2019\/08\/15\/audit-curierul-satelor-in-comuna-care-plange-ca-e-terorizata-de-udrea\/#primaryimage","url":"https:\/\/curierulsatelor.ro\/wp\/wp-content\/uploads\/2019\/08\/Maria-Hutu-primar-Varfu-Campului.jpg","contentUrl":"https:\/\/curierulsatelor.ro\/wp\/wp-content\/uploads\/2019\/08\/Maria-Hutu-primar-Varfu-Campului.jpg","width":2587,"height":2233},{"@type":"BreadcrumbList","@id":"https:\/\/curierulsatelor.ro\/wp\/2019\/08\/15\/audit-curierul-satelor-in-comuna-care-plange-ca-e-terorizata-de-udrea\/#breadcrumb","itemListElement":[{"@type":"ListItem","position":1,"name":"Prima pagin\u0103","item":"https:\/\/curierulsatelor.ro\/wp\/"},{"@type":"ListItem","position":2,"name":"Audit Curierul Satelor \u00een comuna care pl\u00e2nge c\u0103 e terorizat\u0103 de \u201dUdrea\u201d"}]},{"@type":"WebSite","@id":"https:\/\/curierulsatelor.ro\/wp\/#website","url":"https:\/\/curierulsatelor.ro\/wp\/","name":"Curierul Regional","description":"","publisher":{"@id":"https:\/\/curierulsatelor.ro\/wp\/#organization"},"potentialAction":[{"@type":"SearchAction","target":{"@type":"EntryPoint","urlTemplate":"https:\/\/curierulsatelor.ro\/wp\/?s={search_term_string}"},"query-input":{"@type":"PropertyValueSpecification","valueRequired":true,"valueName":"search_term_string"}}],"inLanguage":"ro-RO"},{"@type":"Organization","@id":"https:\/\/curierulsatelor.ro\/wp\/#organization","name":"Curierul Regional","url":"https:\/\/curierulsatelor.ro\/wp\/","logo":{"@type":"ImageObject","inLanguage":"ro-RO","@id":"https:\/\/curierulsatelor.ro\/wp\/#\/schema\/logo\/image\/","url":"https:\/\/curierulsatelor.ro\/wp\/wp-content\/uploads\/2020\/01\/Curierul-Regional-si-Curierul-satelor-logo-header.png","contentUrl":"https:\/\/curierulsatelor.ro\/wp\/wp-content\/uploads\/2020\/01\/Curierul-Regional-si-Curierul-satelor-logo-header.png","width":2943,"height":685,"caption":"Curierul Regional"},"image":{"@id":"https:\/\/curierulsatelor.ro\/wp\/#\/schema\/logo\/image\/"}},{"@type":"Person","@id":"https:\/\/curierulsatelor.ro\/wp\/#\/schema\/person\/6f6b28a030e15d619a82894773d6e7b9","name":"Marian Morosan","image":{"@type":"ImageObject","inLanguage":"ro-RO","@id":"https:\/\/secure.gravatar.com\/avatar\/2e833cc9ab99e6bca46266d4ad9030d308346ff7ff0b6b955c29b74cafaf064b?s=96&d=mm&r=g","url":"https:\/\/secure.gravatar.com\/avatar\/2e833cc9ab99e6bca46266d4ad9030d308346ff7ff0b6b955c29b74cafaf064b?s=96&d=mm&r=g","contentUrl":"https:\/\/secure.gravatar.com\/avatar\/2e833cc9ab99e6bca46266d4ad9030d308346ff7ff0b6b955c29b74cafaf064b?s=96&d=mm&r=g","caption":"Marian Morosan"},"description":"Copiilor no\u015ftri li se preg\u0103te\u015fte, incon\u015ftient, o lume de joben ciuruit, din care niciodat\u0103 nu iese iepura\u015ful. Doar panglicile politicilor sociale roase de moliile cu \u015ftaif din ultimele decenii. Suntem oropsi\u0163i, suntem dispera\u0163i, manipula\u0163i p\u00e2n\u0103 acolo \u00eenc\u00e2t ne bucur\u0103m s\u0103 fim masa de manevr\u0103 a unora \u015fi s\u0103 sus\u0163inem c\u0103 a\u015fa e normal. Acum \u00eel \u00een\u0163eleg pe Cioran, dar \u00eel \u00een\u0163eleg mai bine \u015fi pe Preda. \u015ei m\u0103 g\u00e2ndesc iar, cu groaz\u0103, la copilul meu. Cel pu\u0163in eu nu \u00eemi doresc s\u0103 \u015ftiu c\u0103 micu\u0163ul meu va fi singur, cu sufletul descul\u0163, prin jungla mileniului III ! https:\/\/curierulsatelor.ro\/wp\/2019\/10\/16\/cu-sufletul-descult-prin-jungla-mileniului-iii-editorial\/","sameAs":["http:\/\/admin"],"url":"https:\/\/curierulsatelor.ro\/wp\/author\/admin\/"}]}},"_links":{"self":[{"href":"https:\/\/curierulsatelor.ro\/wp\/wp-json\/wp\/v2\/posts\/251","targetHints":{"allow":["GET"]}}],"collection":[{"href":"https:\/\/curierulsatelor.ro\/wp\/wp-json\/wp\/v2\/posts"}],"about":[{"href":"https:\/\/curierulsatelor.ro\/wp\/wp-json\/wp\/v2\/types\/post"}],"author":[{"embeddable":true,"href":"https:\/\/curierulsatelor.ro\/wp\/wp-json\/wp\/v2\/users\/1"}],"replies":[{"embeddable":true,"href":"https:\/\/curierulsatelor.ro\/wp\/wp-json\/wp\/v2\/comments?post=251"}],"version-history":[{"count":1,"href":"https:\/\/curierulsatelor.ro\/wp\/wp-json\/wp\/v2\/posts\/251\/revisions"}],"predecessor-version":[{"id":258,"href":"https:\/\/curierulsatelor.ro\/wp\/wp-json\/wp\/v2\/posts\/251\/revisions\/258"}],"wp:featuredmedia":[{"embeddable":true,"href":"https:\/\/curierulsatelor.ro\/wp\/wp-json\/wp\/v2\/media\/257"}],"wp:attachment":[{"href":"https:\/\/curierulsatelor.ro\/wp\/wp-json\/wp\/v2\/media?parent=251"}],"wp:term":[{"taxonomy":"category","embeddable":true,"href":"https:\/\/curierulsatelor.ro\/wp\/wp-json\/wp\/v2\/categories?post=251"},{"taxonomy":"post_tag","embeddable":true,"href":"https:\/\/curierulsatelor.ro\/wp\/wp-json\/wp\/v2\/tags?post=251"}],"curies":[{"name":"wp","href":"https:\/\/api.w.org\/{rel}","templated":true}]}}