{"id":2649,"date":"2020-07-17T04:58:02","date_gmt":"2020-07-17T04:58:02","guid":{"rendered":"https:\/\/curierulsatelor.ro\/wp\/?p=2649"},"modified":"2020-07-17T04:58:04","modified_gmt":"2020-07-17T04:58:04","slug":"viziunea-candidatilor-alde-pentru-alegerile-locale-este-comunicarea-directa-cu-cetatenii","status":"publish","type":"post","link":"https:\/\/curierulsatelor.ro\/wp\/2020\/07\/17\/viziunea-candidatilor-alde-pentru-alegerile-locale-este-comunicarea-directa-cu-cetatenii\/","title":{"rendered":"Viziunea candida\u021bilor ALDE  pentru alegerile locale este comunicarea direct\u0103 cu cet\u0103\u021benii"},"content":{"rendered":"\n<p>Consider\u0103m c\u0103 \u00een timpurile pe care le tr\u0103im acum, \u00een era Internetului \u0219i a re\u021belelor de socializarea cea mai corect\u0103 administratie este comunicarea \u00a0direct\u0103 cu cet\u0103\u021benii pentru a da dovad\u0103 de transparen\u021b\u0103 total\u0103 privind cheltuirea banilor publici.<\/p>\n\n\n\n<p>&nbsp;&nbsp;&nbsp;&nbsp;&nbsp;&nbsp;&nbsp;Boto\u0219\u0103nenii s-au s\u0103turat ca al\u021bii s\u0103 decid\u0103 pentru ei, vor ca s\u0103 aib\u0103 un cuv\u00e2nt de spus nu doar \u00een ziua &nbsp;alegerile locale, ci \u0219i pe toat\u0103 perioada mandatului ale\u0219ilor locali, pe care i-au considerat c\u0103 \u00eei reprezint\u0103 atunci c\u00e2nd i-au votat. &nbsp;&nbsp;&nbsp;&nbsp;<\/p>\n\n\n\n<p>&nbsp;&nbsp;&nbsp;&nbsp;&nbsp;&nbsp;&nbsp;De aceea, inform\u0103m opinia public\u0103 c\u0103 to\u021bi candida\u021bii care sunt \u00een ALDE \u0219i candideaz\u0103 pentru prim\u0103riile din jude\u021bul Boto\u0219ani au fost informa\u021bi \u00eenainte de a fi sus\u021binu\u021bi de ALDE, c\u0103 viziunea \u0219i direc\u021bia partidului nostru este foarte clar stabilit\u0103, to\u021bi candida\u021bii trebuie sa fie zilnic \u00een contact cu cet\u0103\u021benii pentru a cunoa\u0219te cu adev\u0103rat problemele, c\u0103ut\u00e2nd &nbsp;\u0219i solu\u021bii &nbsp;pentru rezolvarea lor, atunci c\u00e2nd \u00eei va reprezenta \u00een Consiliile Locale \u0219i Prim\u0103rii.<\/p>\n\n\n\n<p>&nbsp;&nbsp;&nbsp;&nbsp;&nbsp;&nbsp;&nbsp;&nbsp;\u201eEste nevoie de comunicarea direct\u0103 &nbsp;cu locuitorii jude\u021bului Boto\u0219ani, av\u00e2nd \u00een vedere c\u0103 intr\u0103m imediat \u00een perioada de precampanie \u0219i \u00een perioada de campanie, candida\u021bii no\u0219tri vor discuta zilnic cu boto\u0219\u0103nenii pentru a prelua problemele lor \u0219i pentru a putea &nbsp;dup\u0103 vor ajunge \u00een Consiliile Locale pe pozi\u021biile pe care le vor c\u00e2\u0219tiga, de primari, viceprimari \u0219i consilieri, s\u0103 duc\u0103 o administra\u021bie \u00een favoarea cet\u0103\u021benilor, nu \u00een favoarea unor partide care solicit\u0103 anumite lucruri\u201d, a declarat Roxana Florentina \u021aurcanu, pre\u0219edintele ALDE Boto\u0219ani.<\/p>\n\n\n\n<p>&nbsp;&nbsp;&nbsp;&nbsp;&nbsp;&nbsp;&nbsp;&nbsp;&nbsp;&nbsp;&nbsp;Noi consider\u0103m \u0219i lu\u0103m ca obliga\u021bie ca toate deciziile care vor fi luate \u00een CL de consilierii, de viceprimarii \u0219i de primarii care vor c\u00e2\u0219tiga un mandat cu sus\u021binerea ALDE, s\u0103 &nbsp;&nbsp;fie &nbsp;\u00een urma consult\u0103rii cet\u0103\u021beniilor, pentru o transparen\u021b\u0103 a cheltuirii banilor publici, lucru pe care oamenii \u0219i-l doresc de mult timp.<\/p>\n\n\n\n<p>&nbsp;&nbsp;&nbsp;&nbsp;&nbsp;&nbsp;&nbsp;&nbsp;&nbsp;&nbsp;\u201eO alt\u0103 chestiune pe care ne-o asum\u0103m \u0219i o vom realiza &nbsp;este ca to\u021bi ale\u0219ii ALDE s\u0103 informeze lunar cet\u0103\u021benii cu toate cheltuielile care au fost f\u0103cute &nbsp;la nivelul localit\u0103\u021bii respective , vor repartiza bugetul \u00eempreun\u0103 cu cet\u0103\u021benii \u0219i vor \u021bine cont de propunerille cet\u0103\u021benilor. Mai mult dec\u00e2t at\u00e2t, toate \u0219edin\u021bele de CL se vor realiza \u00een spa\u021bii \u00een a\u0219a fel \u00eenc\u00e2t s\u0103 poat\u0103 participa &nbsp;\u0219i cet\u0103\u021benii care vor dori acest lucru, fiecare \u0219edin\u021ba va fi anun\u021bat\u0103 prin oamenii pe care \u00eei are prim\u0103ria. Consider\u0103m c\u0103 o adminsitra\u021bie benefic\u0103 este o administra\u021bie \u00eempreun\u0103 cu cet\u0103\u021benii \u0219i pentru cet\u0103\u021beni\u201d, a adaugat pre\u0219edintele ALDE Boto\u0219ani.<\/p>\n\n\n\n<p>&nbsp;&nbsp;&nbsp;&nbsp;&nbsp;&nbsp;&nbsp;&nbsp;&nbsp;Suntem ferm convin\u0219i c\u0103 banii din taxele \u0219i impozitele pl\u0103tite de cet\u0103\u021beni trebuie s\u0103 fie cheltui\u021bi cu maxim\u0103 responsabilitate, trebuie s\u0103 fie redirec\u021biona\u021bi \u00een investi\u021bii dorite \u0219i mult a\u0219teptate de cet\u0103\u021beni.<\/p>\n\n\n\n<p>&nbsp;&nbsp;&nbsp;&nbsp;&nbsp;&nbsp;&nbsp;&nbsp;&nbsp;Popula\u021bia boto\u0219\u0103nean\u0103 are nevoie de o altfel &nbsp;de administra\u021bie pentru c\u0103 au trecut foarte mul\u021bi ani de la revolu\u021bie, de c\u00e2nd foarte mul\u021bi politicieni mimeaz\u0103 democra\u021bia \u0219i decid doar ei cum s\u0103 repartizeze fondurile, decid doar ei ce investi\u021bii trebuie f\u0103cute \u0219i nu credem c\u0103 este chiar cea mai corect\u0103 modalitate de a face administra\u021bie, consider\u0103m c\u0103 cel mai bine este s\u0103 fie o comunicare permanent\u0103 cu cet\u0103\u021benii, pentru c\u0103 ei sunt cei care sus\u021bin bugetul unui CL prin plata taxele \u0219i impozitelor, dar \u0219i prin raportarea &nbsp;Ministerului de Finan\u021be pe num\u0103rul de locuitori \u00een fiecare comun\u0103 sau ora\u0219.<\/p>\n\n\n\n<p>&nbsp;&nbsp;&nbsp;&nbsp;&nbsp;&nbsp;&nbsp;&nbsp;&nbsp;&nbsp;&nbsp;&nbsp;&nbsp;\u00cen cele din urm\u0103, cet\u0103\u021beanul este pionul principal care sus\u021bine bugetul prim\u0103riei din fiecare localitate, tot el trebuie s\u0103 &nbsp;fie cel care decide \u0219i care urm\u0103re\u0219te cheltuirea banului public. Asigur\u0103m boto\u0219\u0103nenii c\u0103 to\u021bi candida\u021bii ALDE sunt responsabile \u0219i vor face tot ce \u021bine de ei pentru a lucra \u00een folosul cet\u0103\u021beanului prin colaborarea direct cu el .<\/p>\n\n\n\n<p>\u00a0\u00a0\u00a0\u00a0\u00a0<strong>Pre\u0219edintele ALDE Boto\u0219ani, Roxana Florentina \u021aurcanu<\/strong><\/p>\n","protected":false},"excerpt":{"rendered":"<p>Consider\u0103m c\u0103 \u00een timpurile pe care le tr\u0103im acum, \u00een era Internetului \u0219i a re\u021belelor&#8230;<\/p>\n","protected":false},"author":1,"featured_media":2352,"comment_status":"open","ping_status":"open","sticky":false,"template":"","format":"standard","meta":{"footnotes":""},"categories":[8],"tags":[],"class_list":["post-2649","post","type-post","status-publish","format-standard","has-post-thumbnail","hentry","category-comunicate"],"yoast_head":"<!-- This site is optimized with the Yoast SEO plugin v27.4 - https:\/\/yoast.com\/product\/yoast-seo-wordpress\/ -->\n<title>Viziunea candida\u021bilor ALDE pentru alegerile locale este comunicarea direct\u0103 cu cet\u0103\u021benii - Curierul Regional<\/title>\n<meta name=\"robots\" content=\"index, follow, max-snippet:-1, max-image-preview:large, max-video-preview:-1\" \/>\n<link rel=\"canonical\" href=\"https:\/\/curierulsatelor.ro\/wp\/2020\/07\/17\/viziunea-candidatilor-alde-pentru-alegerile-locale-este-comunicarea-directa-cu-cetatenii\/\" \/>\n<meta property=\"og:locale\" content=\"ro_RO\" \/>\n<meta property=\"og:type\" content=\"article\" \/>\n<meta property=\"og:title\" content=\"Viziunea candida\u021bilor ALDE pentru alegerile locale este comunicarea direct\u0103 cu cet\u0103\u021benii - Curierul Regional\" \/>\n<meta property=\"og:description\" content=\"Consider\u0103m c\u0103 \u00een timpurile pe care le tr\u0103im acum, \u00een era Internetului \u0219i a re\u021belelor...\" \/>\n<meta property=\"og:url\" content=\"https:\/\/curierulsatelor.ro\/wp\/2020\/07\/17\/viziunea-candidatilor-alde-pentru-alegerile-locale-este-comunicarea-directa-cu-cetatenii\/\" \/>\n<meta property=\"og:site_name\" content=\"Curierul Regional\" \/>\n<meta property=\"article:published_time\" content=\"2020-07-17T04:58:02+00:00\" \/>\n<meta property=\"article:modified_time\" content=\"2020-07-17T04:58:04+00:00\" \/>\n<meta property=\"og:image\" content=\"https:\/\/curierulsatelor.ro\/wp\/wp-content\/uploads\/2020\/06\/104458862_301792621222603_1965436295225874203_n-1.jpg\" \/>\n\t<meta property=\"og:image:width\" content=\"960\" \/>\n\t<meta property=\"og:image:height\" content=\"805\" \/>\n\t<meta property=\"og:image:type\" content=\"image\/jpeg\" \/>\n<meta name=\"author\" content=\"Marian Morosan\" \/>\n<meta name=\"twitter:card\" content=\"summary_large_image\" \/>\n<meta name=\"twitter:label1\" content=\"Scris de\" \/>\n\t<meta name=\"twitter:data1\" content=\"Marian Morosan\" \/>\n\t<meta name=\"twitter:label2\" content=\"Timp estimat pentru citire\" \/>\n\t<meta name=\"twitter:data2\" content=\"4 minute\" \/>\n<script type=\"application\/ld+json\" class=\"yoast-schema-graph\">{\"@context\":\"https:\\\/\\\/schema.org\",\"@graph\":[{\"@type\":\"Article\",\"@id\":\"https:\\\/\\\/curierulsatelor.ro\\\/wp\\\/2020\\\/07\\\/17\\\/viziunea-candidatilor-alde-pentru-alegerile-locale-este-comunicarea-directa-cu-cetatenii\\\/#article\",\"isPartOf\":{\"@id\":\"https:\\\/\\\/curierulsatelor.ro\\\/wp\\\/2020\\\/07\\\/17\\\/viziunea-candidatilor-alde-pentru-alegerile-locale-este-comunicarea-directa-cu-cetatenii\\\/\"},\"author\":{\"name\":\"Marian Morosan\",\"@id\":\"https:\\\/\\\/curierulsatelor.ro\\\/wp\\\/#\\\/schema\\\/person\\\/6f6b28a030e15d619a82894773d6e7b9\"},\"headline\":\"Viziunea candida\u021bilor ALDE pentru alegerile locale este comunicarea direct\u0103 cu cet\u0103\u021benii\",\"datePublished\":\"2020-07-17T04:58:02+00:00\",\"dateModified\":\"2020-07-17T04:58:04+00:00\",\"mainEntityOfPage\":{\"@id\":\"https:\\\/\\\/curierulsatelor.ro\\\/wp\\\/2020\\\/07\\\/17\\\/viziunea-candidatilor-alde-pentru-alegerile-locale-este-comunicarea-directa-cu-cetatenii\\\/\"},\"wordCount\":795,\"commentCount\":0,\"publisher\":{\"@id\":\"https:\\\/\\\/curierulsatelor.ro\\\/wp\\\/#organization\"},\"image\":{\"@id\":\"https:\\\/\\\/curierulsatelor.ro\\\/wp\\\/2020\\\/07\\\/17\\\/viziunea-candidatilor-alde-pentru-alegerile-locale-este-comunicarea-directa-cu-cetatenii\\\/#primaryimage\"},\"thumbnailUrl\":\"https:\\\/\\\/curierulsatelor.ro\\\/wp\\\/wp-content\\\/uploads\\\/2020\\\/06\\\/104458862_301792621222603_1965436295225874203_n-1.jpg\",\"articleSection\":[\"Comunicate\"],\"inLanguage\":\"ro-RO\",\"potentialAction\":[{\"@type\":\"CommentAction\",\"name\":\"Comment\",\"target\":[\"https:\\\/\\\/curierulsatelor.ro\\\/wp\\\/2020\\\/07\\\/17\\\/viziunea-candidatilor-alde-pentru-alegerile-locale-este-comunicarea-directa-cu-cetatenii\\\/#respond\"]}]},{\"@type\":\"WebPage\",\"@id\":\"https:\\\/\\\/curierulsatelor.ro\\\/wp\\\/2020\\\/07\\\/17\\\/viziunea-candidatilor-alde-pentru-alegerile-locale-este-comunicarea-directa-cu-cetatenii\\\/\",\"url\":\"https:\\\/\\\/curierulsatelor.ro\\\/wp\\\/2020\\\/07\\\/17\\\/viziunea-candidatilor-alde-pentru-alegerile-locale-este-comunicarea-directa-cu-cetatenii\\\/\",\"name\":\"Viziunea candida\u021bilor ALDE pentru alegerile locale este comunicarea direct\u0103 cu cet\u0103\u021benii - Curierul Regional\",\"isPartOf\":{\"@id\":\"https:\\\/\\\/curierulsatelor.ro\\\/wp\\\/#website\"},\"primaryImageOfPage\":{\"@id\":\"https:\\\/\\\/curierulsatelor.ro\\\/wp\\\/2020\\\/07\\\/17\\\/viziunea-candidatilor-alde-pentru-alegerile-locale-este-comunicarea-directa-cu-cetatenii\\\/#primaryimage\"},\"image\":{\"@id\":\"https:\\\/\\\/curierulsatelor.ro\\\/wp\\\/2020\\\/07\\\/17\\\/viziunea-candidatilor-alde-pentru-alegerile-locale-este-comunicarea-directa-cu-cetatenii\\\/#primaryimage\"},\"thumbnailUrl\":\"https:\\\/\\\/curierulsatelor.ro\\\/wp\\\/wp-content\\\/uploads\\\/2020\\\/06\\\/104458862_301792621222603_1965436295225874203_n-1.jpg\",\"datePublished\":\"2020-07-17T04:58:02+00:00\",\"dateModified\":\"2020-07-17T04:58:04+00:00\",\"breadcrumb\":{\"@id\":\"https:\\\/\\\/curierulsatelor.ro\\\/wp\\\/2020\\\/07\\\/17\\\/viziunea-candidatilor-alde-pentru-alegerile-locale-este-comunicarea-directa-cu-cetatenii\\\/#breadcrumb\"},\"inLanguage\":\"ro-RO\",\"potentialAction\":[{\"@type\":\"ReadAction\",\"target\":[\"https:\\\/\\\/curierulsatelor.ro\\\/wp\\\/2020\\\/07\\\/17\\\/viziunea-candidatilor-alde-pentru-alegerile-locale-este-comunicarea-directa-cu-cetatenii\\\/\"]}]},{\"@type\":\"ImageObject\",\"inLanguage\":\"ro-RO\",\"@id\":\"https:\\\/\\\/curierulsatelor.ro\\\/wp\\\/2020\\\/07\\\/17\\\/viziunea-candidatilor-alde-pentru-alegerile-locale-este-comunicarea-directa-cu-cetatenii\\\/#primaryimage\",\"url\":\"https:\\\/\\\/curierulsatelor.ro\\\/wp\\\/wp-content\\\/uploads\\\/2020\\\/06\\\/104458862_301792621222603_1965436295225874203_n-1.jpg\",\"contentUrl\":\"https:\\\/\\\/curierulsatelor.ro\\\/wp\\\/wp-content\\\/uploads\\\/2020\\\/06\\\/104458862_301792621222603_1965436295225874203_n-1.jpg\",\"width\":960,\"height\":805},{\"@type\":\"BreadcrumbList\",\"@id\":\"https:\\\/\\\/curierulsatelor.ro\\\/wp\\\/2020\\\/07\\\/17\\\/viziunea-candidatilor-alde-pentru-alegerile-locale-este-comunicarea-directa-cu-cetatenii\\\/#breadcrumb\",\"itemListElement\":[{\"@type\":\"ListItem\",\"position\":1,\"name\":\"Prima pagin\u0103\",\"item\":\"https:\\\/\\\/curierulsatelor.ro\\\/wp\\\/\"},{\"@type\":\"ListItem\",\"position\":2,\"name\":\"Viziunea candida\u021bilor ALDE pentru alegerile locale este comunicarea direct\u0103 cu cet\u0103\u021benii\"}]},{\"@type\":\"WebSite\",\"@id\":\"https:\\\/\\\/curierulsatelor.ro\\\/wp\\\/#website\",\"url\":\"https:\\\/\\\/curierulsatelor.ro\\\/wp\\\/\",\"name\":\"Curierul Regional\",\"description\":\"\",\"publisher\":{\"@id\":\"https:\\\/\\\/curierulsatelor.ro\\\/wp\\\/#organization\"},\"potentialAction\":[{\"@type\":\"SearchAction\",\"target\":{\"@type\":\"EntryPoint\",\"urlTemplate\":\"https:\\\/\\\/curierulsatelor.ro\\\/wp\\\/?s={search_term_string}\"},\"query-input\":{\"@type\":\"PropertyValueSpecification\",\"valueRequired\":true,\"valueName\":\"search_term_string\"}}],\"inLanguage\":\"ro-RO\"},{\"@type\":\"Organization\",\"@id\":\"https:\\\/\\\/curierulsatelor.ro\\\/wp\\\/#organization\",\"name\":\"Curierul Regional\",\"url\":\"https:\\\/\\\/curierulsatelor.ro\\\/wp\\\/\",\"logo\":{\"@type\":\"ImageObject\",\"inLanguage\":\"ro-RO\",\"@id\":\"https:\\\/\\\/curierulsatelor.ro\\\/wp\\\/#\\\/schema\\\/logo\\\/image\\\/\",\"url\":\"https:\\\/\\\/curierulsatelor.ro\\\/wp\\\/wp-content\\\/uploads\\\/2020\\\/01\\\/Curierul-Regional-si-Curierul-satelor-logo-header.png\",\"contentUrl\":\"https:\\\/\\\/curierulsatelor.ro\\\/wp\\\/wp-content\\\/uploads\\\/2020\\\/01\\\/Curierul-Regional-si-Curierul-satelor-logo-header.png\",\"width\":2943,\"height\":685,\"caption\":\"Curierul Regional\"},\"image\":{\"@id\":\"https:\\\/\\\/curierulsatelor.ro\\\/wp\\\/#\\\/schema\\\/logo\\\/image\\\/\"}},{\"@type\":\"Person\",\"@id\":\"https:\\\/\\\/curierulsatelor.ro\\\/wp\\\/#\\\/schema\\\/person\\\/6f6b28a030e15d619a82894773d6e7b9\",\"name\":\"Marian Morosan\",\"image\":{\"@type\":\"ImageObject\",\"inLanguage\":\"ro-RO\",\"@id\":\"https:\\\/\\\/secure.gravatar.com\\\/avatar\\\/2e833cc9ab99e6bca46266d4ad9030d308346ff7ff0b6b955c29b74cafaf064b?s=96&d=mm&r=g\",\"url\":\"https:\\\/\\\/secure.gravatar.com\\\/avatar\\\/2e833cc9ab99e6bca46266d4ad9030d308346ff7ff0b6b955c29b74cafaf064b?s=96&d=mm&r=g\",\"contentUrl\":\"https:\\\/\\\/secure.gravatar.com\\\/avatar\\\/2e833cc9ab99e6bca46266d4ad9030d308346ff7ff0b6b955c29b74cafaf064b?s=96&d=mm&r=g\",\"caption\":\"Marian Morosan\"},\"description\":\"Copiilor no\u015ftri li se preg\u0103te\u015fte, incon\u015ftient, o lume de joben ciuruit, din care niciodat\u0103 nu iese iepura\u015ful. Doar panglicile politicilor sociale roase de moliile cu \u015ftaif din ultimele decenii. Suntem oropsi\u0163i, suntem dispera\u0163i, manipula\u0163i p\u00e2n\u0103 acolo \u00eenc\u00e2t ne bucur\u0103m s\u0103 fim masa de manevr\u0103 a unora \u015fi s\u0103 sus\u0163inem c\u0103 a\u015fa e normal. Acum \u00eel \u00een\u0163eleg pe Cioran, dar \u00eel \u00een\u0163eleg mai bine \u015fi pe Preda. \u015ei m\u0103 g\u00e2ndesc iar, cu groaz\u0103, la copilul meu. Cel pu\u0163in eu nu \u00eemi doresc s\u0103 \u015ftiu c\u0103 micu\u0163ul meu va fi singur, cu sufletul descul\u0163, prin jungla mileniului III ! https:\\\/\\\/curierulsatelor.ro\\\/wp\\\/2019\\\/10\\\/16\\\/cu-sufletul-descult-prin-jungla-mileniului-iii-editorial\\\/\",\"sameAs\":[\"http:\\\/\\\/admin\"],\"url\":\"https:\\\/\\\/curierulsatelor.ro\\\/wp\\\/author\\\/admin\\\/\"}]}<\/script>\n<!-- \/ Yoast SEO plugin. -->","yoast_head_json":{"title":"Viziunea candida\u021bilor ALDE pentru alegerile locale este comunicarea direct\u0103 cu cet\u0103\u021benii - Curierul Regional","robots":{"index":"index","follow":"follow","max-snippet":"max-snippet:-1","max-image-preview":"max-image-preview:large","max-video-preview":"max-video-preview:-1"},"canonical":"https:\/\/curierulsatelor.ro\/wp\/2020\/07\/17\/viziunea-candidatilor-alde-pentru-alegerile-locale-este-comunicarea-directa-cu-cetatenii\/","og_locale":"ro_RO","og_type":"article","og_title":"Viziunea candida\u021bilor ALDE pentru alegerile locale este comunicarea direct\u0103 cu cet\u0103\u021benii - Curierul Regional","og_description":"Consider\u0103m c\u0103 \u00een timpurile pe care le tr\u0103im acum, \u00een era Internetului \u0219i a re\u021belelor...","og_url":"https:\/\/curierulsatelor.ro\/wp\/2020\/07\/17\/viziunea-candidatilor-alde-pentru-alegerile-locale-este-comunicarea-directa-cu-cetatenii\/","og_site_name":"Curierul Regional","article_published_time":"2020-07-17T04:58:02+00:00","article_modified_time":"2020-07-17T04:58:04+00:00","og_image":[{"width":960,"height":805,"url":"https:\/\/curierulsatelor.ro\/wp\/wp-content\/uploads\/2020\/06\/104458862_301792621222603_1965436295225874203_n-1.jpg","type":"image\/jpeg"}],"author":"Marian Morosan","twitter_card":"summary_large_image","twitter_misc":{"Scris de":"Marian Morosan","Timp estimat pentru citire":"4 minute"},"schema":{"@context":"https:\/\/schema.org","@graph":[{"@type":"Article","@id":"https:\/\/curierulsatelor.ro\/wp\/2020\/07\/17\/viziunea-candidatilor-alde-pentru-alegerile-locale-este-comunicarea-directa-cu-cetatenii\/#article","isPartOf":{"@id":"https:\/\/curierulsatelor.ro\/wp\/2020\/07\/17\/viziunea-candidatilor-alde-pentru-alegerile-locale-este-comunicarea-directa-cu-cetatenii\/"},"author":{"name":"Marian Morosan","@id":"https:\/\/curierulsatelor.ro\/wp\/#\/schema\/person\/6f6b28a030e15d619a82894773d6e7b9"},"headline":"Viziunea candida\u021bilor ALDE pentru alegerile locale este comunicarea direct\u0103 cu cet\u0103\u021benii","datePublished":"2020-07-17T04:58:02+00:00","dateModified":"2020-07-17T04:58:04+00:00","mainEntityOfPage":{"@id":"https:\/\/curierulsatelor.ro\/wp\/2020\/07\/17\/viziunea-candidatilor-alde-pentru-alegerile-locale-este-comunicarea-directa-cu-cetatenii\/"},"wordCount":795,"commentCount":0,"publisher":{"@id":"https:\/\/curierulsatelor.ro\/wp\/#organization"},"image":{"@id":"https:\/\/curierulsatelor.ro\/wp\/2020\/07\/17\/viziunea-candidatilor-alde-pentru-alegerile-locale-este-comunicarea-directa-cu-cetatenii\/#primaryimage"},"thumbnailUrl":"https:\/\/curierulsatelor.ro\/wp\/wp-content\/uploads\/2020\/06\/104458862_301792621222603_1965436295225874203_n-1.jpg","articleSection":["Comunicate"],"inLanguage":"ro-RO","potentialAction":[{"@type":"CommentAction","name":"Comment","target":["https:\/\/curierulsatelor.ro\/wp\/2020\/07\/17\/viziunea-candidatilor-alde-pentru-alegerile-locale-este-comunicarea-directa-cu-cetatenii\/#respond"]}]},{"@type":"WebPage","@id":"https:\/\/curierulsatelor.ro\/wp\/2020\/07\/17\/viziunea-candidatilor-alde-pentru-alegerile-locale-este-comunicarea-directa-cu-cetatenii\/","url":"https:\/\/curierulsatelor.ro\/wp\/2020\/07\/17\/viziunea-candidatilor-alde-pentru-alegerile-locale-este-comunicarea-directa-cu-cetatenii\/","name":"Viziunea candida\u021bilor ALDE pentru alegerile locale este comunicarea direct\u0103 cu cet\u0103\u021benii - Curierul Regional","isPartOf":{"@id":"https:\/\/curierulsatelor.ro\/wp\/#website"},"primaryImageOfPage":{"@id":"https:\/\/curierulsatelor.ro\/wp\/2020\/07\/17\/viziunea-candidatilor-alde-pentru-alegerile-locale-este-comunicarea-directa-cu-cetatenii\/#primaryimage"},"image":{"@id":"https:\/\/curierulsatelor.ro\/wp\/2020\/07\/17\/viziunea-candidatilor-alde-pentru-alegerile-locale-este-comunicarea-directa-cu-cetatenii\/#primaryimage"},"thumbnailUrl":"https:\/\/curierulsatelor.ro\/wp\/wp-content\/uploads\/2020\/06\/104458862_301792621222603_1965436295225874203_n-1.jpg","datePublished":"2020-07-17T04:58:02+00:00","dateModified":"2020-07-17T04:58:04+00:00","breadcrumb":{"@id":"https:\/\/curierulsatelor.ro\/wp\/2020\/07\/17\/viziunea-candidatilor-alde-pentru-alegerile-locale-este-comunicarea-directa-cu-cetatenii\/#breadcrumb"},"inLanguage":"ro-RO","potentialAction":[{"@type":"ReadAction","target":["https:\/\/curierulsatelor.ro\/wp\/2020\/07\/17\/viziunea-candidatilor-alde-pentru-alegerile-locale-este-comunicarea-directa-cu-cetatenii\/"]}]},{"@type":"ImageObject","inLanguage":"ro-RO","@id":"https:\/\/curierulsatelor.ro\/wp\/2020\/07\/17\/viziunea-candidatilor-alde-pentru-alegerile-locale-este-comunicarea-directa-cu-cetatenii\/#primaryimage","url":"https:\/\/curierulsatelor.ro\/wp\/wp-content\/uploads\/2020\/06\/104458862_301792621222603_1965436295225874203_n-1.jpg","contentUrl":"https:\/\/curierulsatelor.ro\/wp\/wp-content\/uploads\/2020\/06\/104458862_301792621222603_1965436295225874203_n-1.jpg","width":960,"height":805},{"@type":"BreadcrumbList","@id":"https:\/\/curierulsatelor.ro\/wp\/2020\/07\/17\/viziunea-candidatilor-alde-pentru-alegerile-locale-este-comunicarea-directa-cu-cetatenii\/#breadcrumb","itemListElement":[{"@type":"ListItem","position":1,"name":"Prima pagin\u0103","item":"https:\/\/curierulsatelor.ro\/wp\/"},{"@type":"ListItem","position":2,"name":"Viziunea candida\u021bilor ALDE pentru alegerile locale este comunicarea direct\u0103 cu cet\u0103\u021benii"}]},{"@type":"WebSite","@id":"https:\/\/curierulsatelor.ro\/wp\/#website","url":"https:\/\/curierulsatelor.ro\/wp\/","name":"Curierul Regional","description":"","publisher":{"@id":"https:\/\/curierulsatelor.ro\/wp\/#organization"},"potentialAction":[{"@type":"SearchAction","target":{"@type":"EntryPoint","urlTemplate":"https:\/\/curierulsatelor.ro\/wp\/?s={search_term_string}"},"query-input":{"@type":"PropertyValueSpecification","valueRequired":true,"valueName":"search_term_string"}}],"inLanguage":"ro-RO"},{"@type":"Organization","@id":"https:\/\/curierulsatelor.ro\/wp\/#organization","name":"Curierul Regional","url":"https:\/\/curierulsatelor.ro\/wp\/","logo":{"@type":"ImageObject","inLanguage":"ro-RO","@id":"https:\/\/curierulsatelor.ro\/wp\/#\/schema\/logo\/image\/","url":"https:\/\/curierulsatelor.ro\/wp\/wp-content\/uploads\/2020\/01\/Curierul-Regional-si-Curierul-satelor-logo-header.png","contentUrl":"https:\/\/curierulsatelor.ro\/wp\/wp-content\/uploads\/2020\/01\/Curierul-Regional-si-Curierul-satelor-logo-header.png","width":2943,"height":685,"caption":"Curierul Regional"},"image":{"@id":"https:\/\/curierulsatelor.ro\/wp\/#\/schema\/logo\/image\/"}},{"@type":"Person","@id":"https:\/\/curierulsatelor.ro\/wp\/#\/schema\/person\/6f6b28a030e15d619a82894773d6e7b9","name":"Marian Morosan","image":{"@type":"ImageObject","inLanguage":"ro-RO","@id":"https:\/\/secure.gravatar.com\/avatar\/2e833cc9ab99e6bca46266d4ad9030d308346ff7ff0b6b955c29b74cafaf064b?s=96&d=mm&r=g","url":"https:\/\/secure.gravatar.com\/avatar\/2e833cc9ab99e6bca46266d4ad9030d308346ff7ff0b6b955c29b74cafaf064b?s=96&d=mm&r=g","contentUrl":"https:\/\/secure.gravatar.com\/avatar\/2e833cc9ab99e6bca46266d4ad9030d308346ff7ff0b6b955c29b74cafaf064b?s=96&d=mm&r=g","caption":"Marian Morosan"},"description":"Copiilor no\u015ftri li se preg\u0103te\u015fte, incon\u015ftient, o lume de joben ciuruit, din care niciodat\u0103 nu iese iepura\u015ful. Doar panglicile politicilor sociale roase de moliile cu \u015ftaif din ultimele decenii. Suntem oropsi\u0163i, suntem dispera\u0163i, manipula\u0163i p\u00e2n\u0103 acolo \u00eenc\u00e2t ne bucur\u0103m s\u0103 fim masa de manevr\u0103 a unora \u015fi s\u0103 sus\u0163inem c\u0103 a\u015fa e normal. Acum \u00eel \u00een\u0163eleg pe Cioran, dar \u00eel \u00een\u0163eleg mai bine \u015fi pe Preda. \u015ei m\u0103 g\u00e2ndesc iar, cu groaz\u0103, la copilul meu. Cel pu\u0163in eu nu \u00eemi doresc s\u0103 \u015ftiu c\u0103 micu\u0163ul meu va fi singur, cu sufletul descul\u0163, prin jungla mileniului III ! https:\/\/curierulsatelor.ro\/wp\/2019\/10\/16\/cu-sufletul-descult-prin-jungla-mileniului-iii-editorial\/","sameAs":["http:\/\/admin"],"url":"https:\/\/curierulsatelor.ro\/wp\/author\/admin\/"}]}},"_links":{"self":[{"href":"https:\/\/curierulsatelor.ro\/wp\/wp-json\/wp\/v2\/posts\/2649","targetHints":{"allow":["GET"]}}],"collection":[{"href":"https:\/\/curierulsatelor.ro\/wp\/wp-json\/wp\/v2\/posts"}],"about":[{"href":"https:\/\/curierulsatelor.ro\/wp\/wp-json\/wp\/v2\/types\/post"}],"author":[{"embeddable":true,"href":"https:\/\/curierulsatelor.ro\/wp\/wp-json\/wp\/v2\/users\/1"}],"replies":[{"embeddable":true,"href":"https:\/\/curierulsatelor.ro\/wp\/wp-json\/wp\/v2\/comments?post=2649"}],"version-history":[{"count":1,"href":"https:\/\/curierulsatelor.ro\/wp\/wp-json\/wp\/v2\/posts\/2649\/revisions"}],"predecessor-version":[{"id":2650,"href":"https:\/\/curierulsatelor.ro\/wp\/wp-json\/wp\/v2\/posts\/2649\/revisions\/2650"}],"wp:featuredmedia":[{"embeddable":true,"href":"https:\/\/curierulsatelor.ro\/wp\/wp-json\/wp\/v2\/media\/2352"}],"wp:attachment":[{"href":"https:\/\/curierulsatelor.ro\/wp\/wp-json\/wp\/v2\/media?parent=2649"}],"wp:term":[{"taxonomy":"category","embeddable":true,"href":"https:\/\/curierulsatelor.ro\/wp\/wp-json\/wp\/v2\/categories?post=2649"},{"taxonomy":"post_tag","embeddable":true,"href":"https:\/\/curierulsatelor.ro\/wp\/wp-json\/wp\/v2\/tags?post=2649"}],"curies":[{"name":"wp","href":"https:\/\/api.w.org\/{rel}","templated":true}]}}