{"id":2876,"date":"2020-08-11T16:08:54","date_gmt":"2020-08-11T16:08:54","guid":{"rendered":"https:\/\/curierulsatelor.ro\/wp\/?p=2876"},"modified":"2020-08-11T16:08:56","modified_gmt":"2020-08-11T16:08:56","slug":"peste-200-de-tineri-licentiati-in-administratie-medicina-economie-si-stiinte-tehnice-au-decis-sa-activeze-in-psd-botosani-in-ultima-luna","status":"publish","type":"post","link":"https:\/\/curierulsatelor.ro\/wp\/2020\/08\/11\/peste-200-de-tineri-licentiati-in-administratie-medicina-economie-si-stiinte-tehnice-au-decis-sa-activeze-in-psd-botosani-in-ultima-luna\/","title":{"rendered":"Peste 200 de tineri licen\u021bia\u021bi \u00een administra\u021bie, medicin\u0103, economie \u0219i \u0219tiin\u021be tehnice au decis s\u0103 activeze \u00een PSD Boto\u0219ani \u00een ultima lun\u0103"},"content":{"rendered":"\n<p>Pre\u0219edintele PSD Boto\u0219ani Doina Federovici a anun\u021bat ast\u0103zi c\u0103 Organiza\u021bia Jude\u021bean\u0103 este \u00een plin proces de schimbare de genera\u021bii \u0219i de extindere a organiza\u021biilor locale cu oameni preg\u0103ti\u021bi, cu experien\u021b\u0103 \u00een domeniile lor de activitate \u0219i care vor s\u0103 se implice \u00een ridicarea comunit\u0103\u021bilor \u00een care locuiesc.\u00a0<\/p>\n\n\n\n<div class=\"wp-block-image\"><figure class=\"alignright size-large is-resized\"><img fetchpriority=\"high\" decoding=\"async\" src=\"https:\/\/i0.wp.com\/curierulsatelor.ro\/wp\/wp-content\/uploads\/2020\/08\/WhatsApp-Image-2020-08-11-at-01.00.54.jpeg?fit=640%2C427&amp;ssl=1\" alt=\"\" class=\"wp-image-2877\" width=\"394\" height=\"262\" srcset=\"https:\/\/curierulsatelor.ro\/wp\/wp-content\/uploads\/2020\/08\/WhatsApp-Image-2020-08-11-at-01.00.54.jpeg 1500w, https:\/\/curierulsatelor.ro\/wp\/wp-content\/uploads\/2020\/08\/WhatsApp-Image-2020-08-11-at-01.00.54-300x200.jpeg 300w, https:\/\/curierulsatelor.ro\/wp\/wp-content\/uploads\/2020\/08\/WhatsApp-Image-2020-08-11-at-01.00.54-1024x683.jpeg 1024w, https:\/\/curierulsatelor.ro\/wp\/wp-content\/uploads\/2020\/08\/WhatsApp-Image-2020-08-11-at-01.00.54-768x512.jpeg 768w, https:\/\/curierulsatelor.ro\/wp\/wp-content\/uploads\/2020\/08\/WhatsApp-Image-2020-08-11-at-01.00.54-675x450.jpeg 675w\" sizes=\"(max-width: 394px) 100vw, 394px\" \/><\/figure><\/div>\n\n\n\n<p>\u201e\u00cen ultima luna s-au al\u0103turat echipei social democrate peste 200 de boto\u0219\u0103neni cu v\u00e2rste \u00eentre 20 \u0219i 45 de ani, licen\u021bia\u021bi \u00een administra\u021bie public\u0103, medicin\u0103, economie, \u0219tiin\u021be tehnice, construc\u021bii, drept etc. To\u021bi sunt oameni dedica\u021bi profesiilor \u0219i comunit\u0103\u021bilor locale \u00een care locuiesc \u0219i lucreaz\u0103. Fiecare dintre ei a intrat \u00een echipa PSD Boto\u0219ani pentru a sprijini programele candida\u021bilor social-democra\u021bi \u0219i pentru a-\u0219i pune \u00een practic\u0103 experien\u021ba \u0219i cuno\u0219tin\u021bele din domeniul privat. \u00cen actualul context de criz\u0103 economic\u0103, cu PNL la Guvernare \u00een care tinerii s-au s\u0103turat de guvernan\u021bii care le promit luna de pe cer \u0219i \u00een realitate situa\u021bia lor se \u00eenr\u0103ut\u0103\u021be\u0219te, este \u00eembucur\u0103tor pentru noi c\u0103 tinerii au ales s\u0103 vin\u0103 al\u0103turi de PSD. Suntem singurul partid care a venit \u00eentotdeauna cu solu\u021bii pentru toate categoriile socio-profesionale.\u201d, a declarat Doina Federovici.<\/p>\n\n\n\n<p>PSD Boto\u0219ani a ales s\u0103 realizeze procedurile de \u00eenscriere \u00een partid \u0219i s\u0103 prezinte boto\u0219\u0103nenilor noii membri social-democra\u021bi cu respectarea tuturor regulilor de&nbsp; protec\u021bie sanitar\u0103 impuse de autorit\u0103\u021bi \u00een aceast\u0103 perioad\u0103.&nbsp; Motiv pentru care, \u00een etape, s\u0103pt\u0103m\u00e2nal vom prezenta noii colegi.<\/p>\n\n\n\n<p>\u201eNe-am m\u0103rit echipa la Organiza\u021bia Municipal\u0103, to\u021bi colegii nou veni\u021bi sunt dornici s\u0103 fac\u0103 treab\u0103, s\u0103-\u0219i pun\u0103 ideile \u00een aplicare, astfel \u00eenc\u00e2t s\u0103 schimbe fa\u021ba ora\u0219ului. Ora\u0219ul Boto\u0219ani are nevoie de un suflu nou, de o echip\u0103 t\u00e2n\u0103r\u0103, dar cu experien\u021b\u0103 \u00een administra\u021bia local\u0103 \u0219i \u00een antreprenoriat. Ora\u0219ul Boto\u0219ani are nevoie de oameni preg\u0103ti\u021bi care s\u0103 pun\u0103 \u00een mi\u0219care investi\u021biile \u00een toate domeniile de interes pentru cet\u0103\u021beni, cum sunt dotarea spitalelor municipale \u0219i \u0219colilor, programe de sus\u021binere a mamelor \u0219i copiilor, aducerea zonelor periferice de la nivel de sat la nivel de ora\u0219, m\u0103suri active de sus\u021binere pentru crearea de locuri de munc\u0103 bine pl\u0103tite \u0219i multe altele\u201d. <\/p>\n","protected":false},"excerpt":{"rendered":"<p>Pre\u0219edintele PSD Boto\u0219ani Doina Federovici a anun\u021bat ast\u0103zi c\u0103 Organiza\u021bia Jude\u021bean\u0103 este \u00een plin proces&#8230;<\/p>\n","protected":false},"author":1,"featured_media":2878,"comment_status":"open","ping_status":"open","sticky":false,"template":"","format":"standard","meta":{"footnotes":""},"categories":[8],"tags":[],"class_list":["post-2876","post","type-post","status-publish","format-standard","has-post-thumbnail","hentry","category-comunicate"],"yoast_head":"<!-- This site is optimized with the Yoast SEO plugin v27.4 - https:\/\/yoast.com\/product\/yoast-seo-wordpress\/ -->\n<title>Peste 200 de tineri licen\u021bia\u021bi \u00een administra\u021bie, medicin\u0103, economie \u0219i \u0219tiin\u021be tehnice au decis s\u0103 activeze \u00een PSD Boto\u0219ani \u00een ultima lun\u0103 - Curierul Regional<\/title>\n<meta name=\"robots\" content=\"index, follow, max-snippet:-1, max-image-preview:large, max-video-preview:-1\" \/>\n<link rel=\"canonical\" href=\"https:\/\/curierulsatelor.ro\/wp\/2020\/08\/11\/peste-200-de-tineri-licentiati-in-administratie-medicina-economie-si-stiinte-tehnice-au-decis-sa-activeze-in-psd-botosani-in-ultima-luna\/\" \/>\n<meta property=\"og:locale\" content=\"ro_RO\" \/>\n<meta property=\"og:type\" content=\"article\" \/>\n<meta property=\"og:title\" content=\"Peste 200 de tineri licen\u021bia\u021bi \u00een administra\u021bie, medicin\u0103, economie \u0219i \u0219tiin\u021be tehnice au decis s\u0103 activeze \u00een PSD Boto\u0219ani \u00een ultima lun\u0103 - Curierul Regional\" \/>\n<meta property=\"og:description\" content=\"Pre\u0219edintele PSD Boto\u0219ani Doina Federovici a anun\u021bat ast\u0103zi c\u0103 Organiza\u021bia Jude\u021bean\u0103 este \u00een plin proces...\" \/>\n<meta property=\"og:url\" content=\"https:\/\/curierulsatelor.ro\/wp\/2020\/08\/11\/peste-200-de-tineri-licentiati-in-administratie-medicina-economie-si-stiinte-tehnice-au-decis-sa-activeze-in-psd-botosani-in-ultima-luna\/\" \/>\n<meta property=\"og:site_name\" content=\"Curierul Regional\" \/>\n<meta property=\"article:published_time\" content=\"2020-08-11T16:08:54+00:00\" \/>\n<meta property=\"article:modified_time\" content=\"2020-08-11T16:08:56+00:00\" \/>\n<meta property=\"og:image\" content=\"https:\/\/curierulsatelor.ro\/wp\/wp-content\/uploads\/2020\/08\/WhatsApp-Image-2020-08-11-at-01.00.56.jpeg\" \/>\n\t<meta property=\"og:image:width\" content=\"1500\" \/>\n\t<meta property=\"og:image:height\" content=\"1000\" \/>\n\t<meta property=\"og:image:type\" content=\"image\/jpeg\" \/>\n<meta name=\"author\" content=\"Marian Morosan\" \/>\n<meta name=\"twitter:card\" content=\"summary_large_image\" \/>\n<meta name=\"twitter:label1\" content=\"Scris de\" \/>\n\t<meta name=\"twitter:data1\" content=\"Marian Morosan\" \/>\n\t<meta name=\"twitter:label2\" content=\"Timp estimat pentru citire\" \/>\n\t<meta name=\"twitter:data2\" content=\"2 minute\" \/>\n<script type=\"application\/ld+json\" class=\"yoast-schema-graph\">{\"@context\":\"https:\\\/\\\/schema.org\",\"@graph\":[{\"@type\":\"Article\",\"@id\":\"https:\\\/\\\/curierulsatelor.ro\\\/wp\\\/2020\\\/08\\\/11\\\/peste-200-de-tineri-licentiati-in-administratie-medicina-economie-si-stiinte-tehnice-au-decis-sa-activeze-in-psd-botosani-in-ultima-luna\\\/#article\",\"isPartOf\":{\"@id\":\"https:\\\/\\\/curierulsatelor.ro\\\/wp\\\/2020\\\/08\\\/11\\\/peste-200-de-tineri-licentiati-in-administratie-medicina-economie-si-stiinte-tehnice-au-decis-sa-activeze-in-psd-botosani-in-ultima-luna\\\/\"},\"author\":{\"name\":\"Marian Morosan\",\"@id\":\"https:\\\/\\\/curierulsatelor.ro\\\/wp\\\/#\\\/schema\\\/person\\\/6f6b28a030e15d619a82894773d6e7b9\"},\"headline\":\"Peste 200 de tineri licen\u021bia\u021bi \u00een administra\u021bie, medicin\u0103, economie \u0219i \u0219tiin\u021be tehnice au decis s\u0103 activeze \u00een PSD Boto\u0219ani \u00een ultima lun\u0103\",\"datePublished\":\"2020-08-11T16:08:54+00:00\",\"dateModified\":\"2020-08-11T16:08:56+00:00\",\"mainEntityOfPage\":{\"@id\":\"https:\\\/\\\/curierulsatelor.ro\\\/wp\\\/2020\\\/08\\\/11\\\/peste-200-de-tineri-licentiati-in-administratie-medicina-economie-si-stiinte-tehnice-au-decis-sa-activeze-in-psd-botosani-in-ultima-luna\\\/\"},\"wordCount\":424,\"commentCount\":0,\"publisher\":{\"@id\":\"https:\\\/\\\/curierulsatelor.ro\\\/wp\\\/#organization\"},\"image\":{\"@id\":\"https:\\\/\\\/curierulsatelor.ro\\\/wp\\\/2020\\\/08\\\/11\\\/peste-200-de-tineri-licentiati-in-administratie-medicina-economie-si-stiinte-tehnice-au-decis-sa-activeze-in-psd-botosani-in-ultima-luna\\\/#primaryimage\"},\"thumbnailUrl\":\"https:\\\/\\\/curierulsatelor.ro\\\/wp\\\/wp-content\\\/uploads\\\/2020\\\/08\\\/WhatsApp-Image-2020-08-11-at-01.00.56.jpeg\",\"articleSection\":[\"Comunicate\"],\"inLanguage\":\"ro-RO\",\"potentialAction\":[{\"@type\":\"CommentAction\",\"name\":\"Comment\",\"target\":[\"https:\\\/\\\/curierulsatelor.ro\\\/wp\\\/2020\\\/08\\\/11\\\/peste-200-de-tineri-licentiati-in-administratie-medicina-economie-si-stiinte-tehnice-au-decis-sa-activeze-in-psd-botosani-in-ultima-luna\\\/#respond\"]}]},{\"@type\":\"WebPage\",\"@id\":\"https:\\\/\\\/curierulsatelor.ro\\\/wp\\\/2020\\\/08\\\/11\\\/peste-200-de-tineri-licentiati-in-administratie-medicina-economie-si-stiinte-tehnice-au-decis-sa-activeze-in-psd-botosani-in-ultima-luna\\\/\",\"url\":\"https:\\\/\\\/curierulsatelor.ro\\\/wp\\\/2020\\\/08\\\/11\\\/peste-200-de-tineri-licentiati-in-administratie-medicina-economie-si-stiinte-tehnice-au-decis-sa-activeze-in-psd-botosani-in-ultima-luna\\\/\",\"name\":\"Peste 200 de tineri licen\u021bia\u021bi \u00een administra\u021bie, medicin\u0103, economie \u0219i \u0219tiin\u021be tehnice au decis s\u0103 activeze \u00een PSD Boto\u0219ani \u00een ultima lun\u0103 - Curierul Regional\",\"isPartOf\":{\"@id\":\"https:\\\/\\\/curierulsatelor.ro\\\/wp\\\/#website\"},\"primaryImageOfPage\":{\"@id\":\"https:\\\/\\\/curierulsatelor.ro\\\/wp\\\/2020\\\/08\\\/11\\\/peste-200-de-tineri-licentiati-in-administratie-medicina-economie-si-stiinte-tehnice-au-decis-sa-activeze-in-psd-botosani-in-ultima-luna\\\/#primaryimage\"},\"image\":{\"@id\":\"https:\\\/\\\/curierulsatelor.ro\\\/wp\\\/2020\\\/08\\\/11\\\/peste-200-de-tineri-licentiati-in-administratie-medicina-economie-si-stiinte-tehnice-au-decis-sa-activeze-in-psd-botosani-in-ultima-luna\\\/#primaryimage\"},\"thumbnailUrl\":\"https:\\\/\\\/curierulsatelor.ro\\\/wp\\\/wp-content\\\/uploads\\\/2020\\\/08\\\/WhatsApp-Image-2020-08-11-at-01.00.56.jpeg\",\"datePublished\":\"2020-08-11T16:08:54+00:00\",\"dateModified\":\"2020-08-11T16:08:56+00:00\",\"breadcrumb\":{\"@id\":\"https:\\\/\\\/curierulsatelor.ro\\\/wp\\\/2020\\\/08\\\/11\\\/peste-200-de-tineri-licentiati-in-administratie-medicina-economie-si-stiinte-tehnice-au-decis-sa-activeze-in-psd-botosani-in-ultima-luna\\\/#breadcrumb\"},\"inLanguage\":\"ro-RO\",\"potentialAction\":[{\"@type\":\"ReadAction\",\"target\":[\"https:\\\/\\\/curierulsatelor.ro\\\/wp\\\/2020\\\/08\\\/11\\\/peste-200-de-tineri-licentiati-in-administratie-medicina-economie-si-stiinte-tehnice-au-decis-sa-activeze-in-psd-botosani-in-ultima-luna\\\/\"]}]},{\"@type\":\"ImageObject\",\"inLanguage\":\"ro-RO\",\"@id\":\"https:\\\/\\\/curierulsatelor.ro\\\/wp\\\/2020\\\/08\\\/11\\\/peste-200-de-tineri-licentiati-in-administratie-medicina-economie-si-stiinte-tehnice-au-decis-sa-activeze-in-psd-botosani-in-ultima-luna\\\/#primaryimage\",\"url\":\"https:\\\/\\\/curierulsatelor.ro\\\/wp\\\/wp-content\\\/uploads\\\/2020\\\/08\\\/WhatsApp-Image-2020-08-11-at-01.00.56.jpeg\",\"contentUrl\":\"https:\\\/\\\/curierulsatelor.ro\\\/wp\\\/wp-content\\\/uploads\\\/2020\\\/08\\\/WhatsApp-Image-2020-08-11-at-01.00.56.jpeg\",\"width\":1500,\"height\":1000},{\"@type\":\"BreadcrumbList\",\"@id\":\"https:\\\/\\\/curierulsatelor.ro\\\/wp\\\/2020\\\/08\\\/11\\\/peste-200-de-tineri-licentiati-in-administratie-medicina-economie-si-stiinte-tehnice-au-decis-sa-activeze-in-psd-botosani-in-ultima-luna\\\/#breadcrumb\",\"itemListElement\":[{\"@type\":\"ListItem\",\"position\":1,\"name\":\"Prima pagin\u0103\",\"item\":\"https:\\\/\\\/curierulsatelor.ro\\\/wp\\\/\"},{\"@type\":\"ListItem\",\"position\":2,\"name\":\"Peste 200 de tineri licen\u021bia\u021bi \u00een administra\u021bie, medicin\u0103, economie \u0219i \u0219tiin\u021be tehnice au decis s\u0103 activeze \u00een PSD Boto\u0219ani \u00een ultima lun\u0103\"}]},{\"@type\":\"WebSite\",\"@id\":\"https:\\\/\\\/curierulsatelor.ro\\\/wp\\\/#website\",\"url\":\"https:\\\/\\\/curierulsatelor.ro\\\/wp\\\/\",\"name\":\"Curierul Regional\",\"description\":\"\",\"publisher\":{\"@id\":\"https:\\\/\\\/curierulsatelor.ro\\\/wp\\\/#organization\"},\"potentialAction\":[{\"@type\":\"SearchAction\",\"target\":{\"@type\":\"EntryPoint\",\"urlTemplate\":\"https:\\\/\\\/curierulsatelor.ro\\\/wp\\\/?s={search_term_string}\"},\"query-input\":{\"@type\":\"PropertyValueSpecification\",\"valueRequired\":true,\"valueName\":\"search_term_string\"}}],\"inLanguage\":\"ro-RO\"},{\"@type\":\"Organization\",\"@id\":\"https:\\\/\\\/curierulsatelor.ro\\\/wp\\\/#organization\",\"name\":\"Curierul Regional\",\"url\":\"https:\\\/\\\/curierulsatelor.ro\\\/wp\\\/\",\"logo\":{\"@type\":\"ImageObject\",\"inLanguage\":\"ro-RO\",\"@id\":\"https:\\\/\\\/curierulsatelor.ro\\\/wp\\\/#\\\/schema\\\/logo\\\/image\\\/\",\"url\":\"https:\\\/\\\/curierulsatelor.ro\\\/wp\\\/wp-content\\\/uploads\\\/2020\\\/01\\\/Curierul-Regional-si-Curierul-satelor-logo-header.png\",\"contentUrl\":\"https:\\\/\\\/curierulsatelor.ro\\\/wp\\\/wp-content\\\/uploads\\\/2020\\\/01\\\/Curierul-Regional-si-Curierul-satelor-logo-header.png\",\"width\":2943,\"height\":685,\"caption\":\"Curierul Regional\"},\"image\":{\"@id\":\"https:\\\/\\\/curierulsatelor.ro\\\/wp\\\/#\\\/schema\\\/logo\\\/image\\\/\"}},{\"@type\":\"Person\",\"@id\":\"https:\\\/\\\/curierulsatelor.ro\\\/wp\\\/#\\\/schema\\\/person\\\/6f6b28a030e15d619a82894773d6e7b9\",\"name\":\"Marian Morosan\",\"image\":{\"@type\":\"ImageObject\",\"inLanguage\":\"ro-RO\",\"@id\":\"https:\\\/\\\/secure.gravatar.com\\\/avatar\\\/2e833cc9ab99e6bca46266d4ad9030d308346ff7ff0b6b955c29b74cafaf064b?s=96&d=mm&r=g\",\"url\":\"https:\\\/\\\/secure.gravatar.com\\\/avatar\\\/2e833cc9ab99e6bca46266d4ad9030d308346ff7ff0b6b955c29b74cafaf064b?s=96&d=mm&r=g\",\"contentUrl\":\"https:\\\/\\\/secure.gravatar.com\\\/avatar\\\/2e833cc9ab99e6bca46266d4ad9030d308346ff7ff0b6b955c29b74cafaf064b?s=96&d=mm&r=g\",\"caption\":\"Marian Morosan\"},\"description\":\"Copiilor no\u015ftri li se preg\u0103te\u015fte, incon\u015ftient, o lume de joben ciuruit, din care niciodat\u0103 nu iese iepura\u015ful. Doar panglicile politicilor sociale roase de moliile cu \u015ftaif din ultimele decenii. Suntem oropsi\u0163i, suntem dispera\u0163i, manipula\u0163i p\u00e2n\u0103 acolo \u00eenc\u00e2t ne bucur\u0103m s\u0103 fim masa de manevr\u0103 a unora \u015fi s\u0103 sus\u0163inem c\u0103 a\u015fa e normal. Acum \u00eel \u00een\u0163eleg pe Cioran, dar \u00eel \u00een\u0163eleg mai bine \u015fi pe Preda. \u015ei m\u0103 g\u00e2ndesc iar, cu groaz\u0103, la copilul meu. Cel pu\u0163in eu nu \u00eemi doresc s\u0103 \u015ftiu c\u0103 micu\u0163ul meu va fi singur, cu sufletul descul\u0163, prin jungla mileniului III ! https:\\\/\\\/curierulsatelor.ro\\\/wp\\\/2019\\\/10\\\/16\\\/cu-sufletul-descult-prin-jungla-mileniului-iii-editorial\\\/\",\"sameAs\":[\"http:\\\/\\\/admin\"],\"url\":\"https:\\\/\\\/curierulsatelor.ro\\\/wp\\\/author\\\/admin\\\/\"}]}<\/script>\n<!-- \/ Yoast SEO plugin. -->","yoast_head_json":{"title":"Peste 200 de tineri licen\u021bia\u021bi \u00een administra\u021bie, medicin\u0103, economie \u0219i \u0219tiin\u021be tehnice au decis s\u0103 activeze \u00een PSD Boto\u0219ani \u00een ultima lun\u0103 - Curierul Regional","robots":{"index":"index","follow":"follow","max-snippet":"max-snippet:-1","max-image-preview":"max-image-preview:large","max-video-preview":"max-video-preview:-1"},"canonical":"https:\/\/curierulsatelor.ro\/wp\/2020\/08\/11\/peste-200-de-tineri-licentiati-in-administratie-medicina-economie-si-stiinte-tehnice-au-decis-sa-activeze-in-psd-botosani-in-ultima-luna\/","og_locale":"ro_RO","og_type":"article","og_title":"Peste 200 de tineri licen\u021bia\u021bi \u00een administra\u021bie, medicin\u0103, economie \u0219i \u0219tiin\u021be tehnice au decis s\u0103 activeze \u00een PSD Boto\u0219ani \u00een ultima lun\u0103 - Curierul Regional","og_description":"Pre\u0219edintele PSD Boto\u0219ani Doina Federovici a anun\u021bat ast\u0103zi c\u0103 Organiza\u021bia Jude\u021bean\u0103 este \u00een plin proces...","og_url":"https:\/\/curierulsatelor.ro\/wp\/2020\/08\/11\/peste-200-de-tineri-licentiati-in-administratie-medicina-economie-si-stiinte-tehnice-au-decis-sa-activeze-in-psd-botosani-in-ultima-luna\/","og_site_name":"Curierul Regional","article_published_time":"2020-08-11T16:08:54+00:00","article_modified_time":"2020-08-11T16:08:56+00:00","og_image":[{"width":1500,"height":1000,"url":"https:\/\/curierulsatelor.ro\/wp\/wp-content\/uploads\/2020\/08\/WhatsApp-Image-2020-08-11-at-01.00.56.jpeg","type":"image\/jpeg"}],"author":"Marian Morosan","twitter_card":"summary_large_image","twitter_misc":{"Scris de":"Marian Morosan","Timp estimat pentru citire":"2 minute"},"schema":{"@context":"https:\/\/schema.org","@graph":[{"@type":"Article","@id":"https:\/\/curierulsatelor.ro\/wp\/2020\/08\/11\/peste-200-de-tineri-licentiati-in-administratie-medicina-economie-si-stiinte-tehnice-au-decis-sa-activeze-in-psd-botosani-in-ultima-luna\/#article","isPartOf":{"@id":"https:\/\/curierulsatelor.ro\/wp\/2020\/08\/11\/peste-200-de-tineri-licentiati-in-administratie-medicina-economie-si-stiinte-tehnice-au-decis-sa-activeze-in-psd-botosani-in-ultima-luna\/"},"author":{"name":"Marian Morosan","@id":"https:\/\/curierulsatelor.ro\/wp\/#\/schema\/person\/6f6b28a030e15d619a82894773d6e7b9"},"headline":"Peste 200 de tineri licen\u021bia\u021bi \u00een administra\u021bie, medicin\u0103, economie \u0219i \u0219tiin\u021be tehnice au decis s\u0103 activeze \u00een PSD Boto\u0219ani \u00een ultima lun\u0103","datePublished":"2020-08-11T16:08:54+00:00","dateModified":"2020-08-11T16:08:56+00:00","mainEntityOfPage":{"@id":"https:\/\/curierulsatelor.ro\/wp\/2020\/08\/11\/peste-200-de-tineri-licentiati-in-administratie-medicina-economie-si-stiinte-tehnice-au-decis-sa-activeze-in-psd-botosani-in-ultima-luna\/"},"wordCount":424,"commentCount":0,"publisher":{"@id":"https:\/\/curierulsatelor.ro\/wp\/#organization"},"image":{"@id":"https:\/\/curierulsatelor.ro\/wp\/2020\/08\/11\/peste-200-de-tineri-licentiati-in-administratie-medicina-economie-si-stiinte-tehnice-au-decis-sa-activeze-in-psd-botosani-in-ultima-luna\/#primaryimage"},"thumbnailUrl":"https:\/\/curierulsatelor.ro\/wp\/wp-content\/uploads\/2020\/08\/WhatsApp-Image-2020-08-11-at-01.00.56.jpeg","articleSection":["Comunicate"],"inLanguage":"ro-RO","potentialAction":[{"@type":"CommentAction","name":"Comment","target":["https:\/\/curierulsatelor.ro\/wp\/2020\/08\/11\/peste-200-de-tineri-licentiati-in-administratie-medicina-economie-si-stiinte-tehnice-au-decis-sa-activeze-in-psd-botosani-in-ultima-luna\/#respond"]}]},{"@type":"WebPage","@id":"https:\/\/curierulsatelor.ro\/wp\/2020\/08\/11\/peste-200-de-tineri-licentiati-in-administratie-medicina-economie-si-stiinte-tehnice-au-decis-sa-activeze-in-psd-botosani-in-ultima-luna\/","url":"https:\/\/curierulsatelor.ro\/wp\/2020\/08\/11\/peste-200-de-tineri-licentiati-in-administratie-medicina-economie-si-stiinte-tehnice-au-decis-sa-activeze-in-psd-botosani-in-ultima-luna\/","name":"Peste 200 de tineri licen\u021bia\u021bi \u00een administra\u021bie, medicin\u0103, economie \u0219i \u0219tiin\u021be tehnice au decis s\u0103 activeze \u00een PSD Boto\u0219ani \u00een ultima lun\u0103 - Curierul Regional","isPartOf":{"@id":"https:\/\/curierulsatelor.ro\/wp\/#website"},"primaryImageOfPage":{"@id":"https:\/\/curierulsatelor.ro\/wp\/2020\/08\/11\/peste-200-de-tineri-licentiati-in-administratie-medicina-economie-si-stiinte-tehnice-au-decis-sa-activeze-in-psd-botosani-in-ultima-luna\/#primaryimage"},"image":{"@id":"https:\/\/curierulsatelor.ro\/wp\/2020\/08\/11\/peste-200-de-tineri-licentiati-in-administratie-medicina-economie-si-stiinte-tehnice-au-decis-sa-activeze-in-psd-botosani-in-ultima-luna\/#primaryimage"},"thumbnailUrl":"https:\/\/curierulsatelor.ro\/wp\/wp-content\/uploads\/2020\/08\/WhatsApp-Image-2020-08-11-at-01.00.56.jpeg","datePublished":"2020-08-11T16:08:54+00:00","dateModified":"2020-08-11T16:08:56+00:00","breadcrumb":{"@id":"https:\/\/curierulsatelor.ro\/wp\/2020\/08\/11\/peste-200-de-tineri-licentiati-in-administratie-medicina-economie-si-stiinte-tehnice-au-decis-sa-activeze-in-psd-botosani-in-ultima-luna\/#breadcrumb"},"inLanguage":"ro-RO","potentialAction":[{"@type":"ReadAction","target":["https:\/\/curierulsatelor.ro\/wp\/2020\/08\/11\/peste-200-de-tineri-licentiati-in-administratie-medicina-economie-si-stiinte-tehnice-au-decis-sa-activeze-in-psd-botosani-in-ultima-luna\/"]}]},{"@type":"ImageObject","inLanguage":"ro-RO","@id":"https:\/\/curierulsatelor.ro\/wp\/2020\/08\/11\/peste-200-de-tineri-licentiati-in-administratie-medicina-economie-si-stiinte-tehnice-au-decis-sa-activeze-in-psd-botosani-in-ultima-luna\/#primaryimage","url":"https:\/\/curierulsatelor.ro\/wp\/wp-content\/uploads\/2020\/08\/WhatsApp-Image-2020-08-11-at-01.00.56.jpeg","contentUrl":"https:\/\/curierulsatelor.ro\/wp\/wp-content\/uploads\/2020\/08\/WhatsApp-Image-2020-08-11-at-01.00.56.jpeg","width":1500,"height":1000},{"@type":"BreadcrumbList","@id":"https:\/\/curierulsatelor.ro\/wp\/2020\/08\/11\/peste-200-de-tineri-licentiati-in-administratie-medicina-economie-si-stiinte-tehnice-au-decis-sa-activeze-in-psd-botosani-in-ultima-luna\/#breadcrumb","itemListElement":[{"@type":"ListItem","position":1,"name":"Prima pagin\u0103","item":"https:\/\/curierulsatelor.ro\/wp\/"},{"@type":"ListItem","position":2,"name":"Peste 200 de tineri licen\u021bia\u021bi \u00een administra\u021bie, medicin\u0103, economie \u0219i \u0219tiin\u021be tehnice au decis s\u0103 activeze \u00een PSD Boto\u0219ani \u00een ultima lun\u0103"}]},{"@type":"WebSite","@id":"https:\/\/curierulsatelor.ro\/wp\/#website","url":"https:\/\/curierulsatelor.ro\/wp\/","name":"Curierul Regional","description":"","publisher":{"@id":"https:\/\/curierulsatelor.ro\/wp\/#organization"},"potentialAction":[{"@type":"SearchAction","target":{"@type":"EntryPoint","urlTemplate":"https:\/\/curierulsatelor.ro\/wp\/?s={search_term_string}"},"query-input":{"@type":"PropertyValueSpecification","valueRequired":true,"valueName":"search_term_string"}}],"inLanguage":"ro-RO"},{"@type":"Organization","@id":"https:\/\/curierulsatelor.ro\/wp\/#organization","name":"Curierul Regional","url":"https:\/\/curierulsatelor.ro\/wp\/","logo":{"@type":"ImageObject","inLanguage":"ro-RO","@id":"https:\/\/curierulsatelor.ro\/wp\/#\/schema\/logo\/image\/","url":"https:\/\/curierulsatelor.ro\/wp\/wp-content\/uploads\/2020\/01\/Curierul-Regional-si-Curierul-satelor-logo-header.png","contentUrl":"https:\/\/curierulsatelor.ro\/wp\/wp-content\/uploads\/2020\/01\/Curierul-Regional-si-Curierul-satelor-logo-header.png","width":2943,"height":685,"caption":"Curierul Regional"},"image":{"@id":"https:\/\/curierulsatelor.ro\/wp\/#\/schema\/logo\/image\/"}},{"@type":"Person","@id":"https:\/\/curierulsatelor.ro\/wp\/#\/schema\/person\/6f6b28a030e15d619a82894773d6e7b9","name":"Marian Morosan","image":{"@type":"ImageObject","inLanguage":"ro-RO","@id":"https:\/\/secure.gravatar.com\/avatar\/2e833cc9ab99e6bca46266d4ad9030d308346ff7ff0b6b955c29b74cafaf064b?s=96&d=mm&r=g","url":"https:\/\/secure.gravatar.com\/avatar\/2e833cc9ab99e6bca46266d4ad9030d308346ff7ff0b6b955c29b74cafaf064b?s=96&d=mm&r=g","contentUrl":"https:\/\/secure.gravatar.com\/avatar\/2e833cc9ab99e6bca46266d4ad9030d308346ff7ff0b6b955c29b74cafaf064b?s=96&d=mm&r=g","caption":"Marian Morosan"},"description":"Copiilor no\u015ftri li se preg\u0103te\u015fte, incon\u015ftient, o lume de joben ciuruit, din care niciodat\u0103 nu iese iepura\u015ful. Doar panglicile politicilor sociale roase de moliile cu \u015ftaif din ultimele decenii. Suntem oropsi\u0163i, suntem dispera\u0163i, manipula\u0163i p\u00e2n\u0103 acolo \u00eenc\u00e2t ne bucur\u0103m s\u0103 fim masa de manevr\u0103 a unora \u015fi s\u0103 sus\u0163inem c\u0103 a\u015fa e normal. Acum \u00eel \u00een\u0163eleg pe Cioran, dar \u00eel \u00een\u0163eleg mai bine \u015fi pe Preda. \u015ei m\u0103 g\u00e2ndesc iar, cu groaz\u0103, la copilul meu. Cel pu\u0163in eu nu \u00eemi doresc s\u0103 \u015ftiu c\u0103 micu\u0163ul meu va fi singur, cu sufletul descul\u0163, prin jungla mileniului III ! https:\/\/curierulsatelor.ro\/wp\/2019\/10\/16\/cu-sufletul-descult-prin-jungla-mileniului-iii-editorial\/","sameAs":["http:\/\/admin"],"url":"https:\/\/curierulsatelor.ro\/wp\/author\/admin\/"}]}},"_links":{"self":[{"href":"https:\/\/curierulsatelor.ro\/wp\/wp-json\/wp\/v2\/posts\/2876","targetHints":{"allow":["GET"]}}],"collection":[{"href":"https:\/\/curierulsatelor.ro\/wp\/wp-json\/wp\/v2\/posts"}],"about":[{"href":"https:\/\/curierulsatelor.ro\/wp\/wp-json\/wp\/v2\/types\/post"}],"author":[{"embeddable":true,"href":"https:\/\/curierulsatelor.ro\/wp\/wp-json\/wp\/v2\/users\/1"}],"replies":[{"embeddable":true,"href":"https:\/\/curierulsatelor.ro\/wp\/wp-json\/wp\/v2\/comments?post=2876"}],"version-history":[{"count":1,"href":"https:\/\/curierulsatelor.ro\/wp\/wp-json\/wp\/v2\/posts\/2876\/revisions"}],"predecessor-version":[{"id":2879,"href":"https:\/\/curierulsatelor.ro\/wp\/wp-json\/wp\/v2\/posts\/2876\/revisions\/2879"}],"wp:featuredmedia":[{"embeddable":true,"href":"https:\/\/curierulsatelor.ro\/wp\/wp-json\/wp\/v2\/media\/2878"}],"wp:attachment":[{"href":"https:\/\/curierulsatelor.ro\/wp\/wp-json\/wp\/v2\/media?parent=2876"}],"wp:term":[{"taxonomy":"category","embeddable":true,"href":"https:\/\/curierulsatelor.ro\/wp\/wp-json\/wp\/v2\/categories?post=2876"},{"taxonomy":"post_tag","embeddable":true,"href":"https:\/\/curierulsatelor.ro\/wp\/wp-json\/wp\/v2\/tags?post=2876"}],"curies":[{"name":"wp","href":"https:\/\/api.w.org\/{rel}","templated":true}]}}