{"id":298,"date":"2019-09-19T12:59:16","date_gmt":"2019-09-19T12:59:16","guid":{"rendered":"https:\/\/curierulsatelor.ro\/wp\/?p=298"},"modified":"2019-09-19T12:59:22","modified_gmt":"2019-09-19T12:59:22","slug":"andrei-stoican-arata-cum-trebuie-sa-fie-un-presedinte-al-romaniei","status":"publish","type":"post","link":"https:\/\/curierulsatelor.ro\/wp\/2019\/09\/19\/andrei-stoican-arata-cum-trebuie-sa-fie-un-presedinte-al-romaniei\/","title":{"rendered":"Andrei Stoican arat\u0103 cum trebuie s\u0103 fie un pre\u0219edinte al Rom\u00e2niei"},"content":{"rendered":"\n<p>Prezent la Boto\u0219ani \u00een week end, la o \u00eent\u00e2lnire cu membrii  \u0219i simpatizan\u021bii ADER, candidatul la preziden\u021biale al partidului a explicat celor prezen\u021bi \u00een sal\u0103 cum trebuie s\u0103 fie un pre\u0219edinte al \u021b\u0103rii. Din punctul s\u0103u de vedere. \u201dUn pre\u0219edinte al Rom\u00e2niei trebuie s\u0103 serveasc\u0103 poporul rom\u00e2n. Nu s\u0103 se duc\u0103&#8230; \u0219i s\u0103 vin\u0103 cu o \u0219apc\u0103&#8230;\u0219i c\u00e2nd \u0219i-a tras \u0219apca aia ne-am v\u00e2ndut casele, sau cine \u0219tie ce a amanetat \u00een Rom\u00e2nia. Pre\u0219edintele Rom\u00e2niei ar fi trebuit s\u0103 ne informeze \u0219i pe noi cet\u0103\u021benii. Ce ai f\u0103cut acolo, c\u00e2nd te-ai dus \u00een America?! \u00cen UE ar trebui s\u0103 avem europarlamentari care s\u0103 ne spun\u0103 \u0219i nou\u0103 ce fac acolo. Pre\u0219edintele \u021b\u0103rii ar trebui s\u0103 \u00eei \u00eentrebe m\u0103car lunar ce au f\u0103cut pentru Rom\u00e2nia\u201d, a spus Andrei Valerian Stoican. Vezi \u00een clipul video ce a mai spus.<\/p>\n\n\n\n<iframe width=\"560\" height=\"315\" src=\"https:\/\/www.youtube.com\/embed\/w4nbopjTSxM\" frameborder=\"0\" allow=\"accelerometer; autoplay; encrypted-media; gyroscope; picture-in-picture\" allowfullscreen><\/iframe>\n\n\n\n<figure class=\"wp-block-image\"><img fetchpriority=\"high\" decoding=\"async\" width=\"4608\" height=\"3456\" src=\"https:\/\/i1.wp.com\/curierulsatelor.ro\/wp\/wp-content\/uploads\/2019\/09\/DSCN0034.jpg?fit=640%2C480&amp;ssl=1\" alt=\"\" class=\"wp-image-299\" srcset=\"https:\/\/curierulsatelor.ro\/wp\/wp-content\/uploads\/2019\/09\/DSCN0034.jpg 4608w, https:\/\/curierulsatelor.ro\/wp\/wp-content\/uploads\/2019\/09\/DSCN0034-300x225.jpg 300w, https:\/\/curierulsatelor.ro\/wp\/wp-content\/uploads\/2019\/09\/DSCN0034-768x576.jpg 768w, https:\/\/curierulsatelor.ro\/wp\/wp-content\/uploads\/2019\/09\/DSCN0034-1024x768.jpg 1024w\" sizes=\"(max-width: 4608px) 100vw, 4608px\" \/><\/figure>\n","protected":false},"excerpt":{"rendered":"<p>Prezent la Boto\u0219ani \u00een week end, la o \u00eent\u00e2lnire cu membrii \u0219i simpatizan\u021bii ADER, candidatul&#8230;<\/p>\n","protected":false},"author":1,"featured_media":300,"comment_status":"open","ping_status":"open","sticky":false,"template":"","format":"standard","meta":{"footnotes":""},"categories":[13,6],"tags":[],"class_list":["post-298","post","type-post","status-publish","format-standard","has-post-thumbnail","hentry","category-alegeri","category-politica"],"yoast_head":"<!-- This site is optimized with the Yoast SEO plugin v27.4 - https:\/\/yoast.com\/product\/yoast-seo-wordpress\/ -->\n<title>Andrei Stoican arat\u0103 cum trebuie s\u0103 fie un pre\u0219edinte al Rom\u00e2niei - Curierul Regional<\/title>\n<meta name=\"robots\" content=\"index, follow, max-snippet:-1, max-image-preview:large, max-video-preview:-1\" \/>\n<link rel=\"canonical\" href=\"https:\/\/curierulsatelor.ro\/wp\/2019\/09\/19\/andrei-stoican-arata-cum-trebuie-sa-fie-un-presedinte-al-romaniei\/\" \/>\n<meta property=\"og:locale\" content=\"ro_RO\" \/>\n<meta property=\"og:type\" content=\"article\" \/>\n<meta property=\"og:title\" content=\"Andrei Stoican arat\u0103 cum trebuie s\u0103 fie un pre\u0219edinte al Rom\u00e2niei - Curierul Regional\" \/>\n<meta property=\"og:description\" content=\"Prezent la Boto\u0219ani \u00een week end, la o \u00eent\u00e2lnire cu membrii \u0219i simpatizan\u021bii ADER, candidatul...\" \/>\n<meta property=\"og:url\" content=\"https:\/\/curierulsatelor.ro\/wp\/2019\/09\/19\/andrei-stoican-arata-cum-trebuie-sa-fie-un-presedinte-al-romaniei\/\" \/>\n<meta property=\"og:site_name\" content=\"Curierul Regional\" \/>\n<meta property=\"article:published_time\" content=\"2019-09-19T12:59:16+00:00\" \/>\n<meta property=\"article:modified_time\" content=\"2019-09-19T12:59:22+00:00\" \/>\n<meta property=\"og:image\" content=\"https:\/\/curierulsatelor.ro\/wp\/wp-content\/uploads\/2019\/09\/Andrei-Stoican-1024x768.jpg\" \/>\n\t<meta property=\"og:image:width\" content=\"1024\" \/>\n\t<meta property=\"og:image:height\" content=\"768\" \/>\n\t<meta property=\"og:image:type\" content=\"image\/jpeg\" \/>\n<meta name=\"author\" content=\"Marian Morosan\" \/>\n<meta name=\"twitter:card\" content=\"summary_large_image\" \/>\n<meta name=\"twitter:label1\" content=\"Scris de\" \/>\n\t<meta name=\"twitter:data1\" content=\"Marian Morosan\" \/>\n\t<meta name=\"twitter:label2\" content=\"Timp estimat pentru citire\" \/>\n\t<meta name=\"twitter:data2\" content=\"1 minut\" \/>\n<script type=\"application\/ld+json\" class=\"yoast-schema-graph\">{\"@context\":\"https:\\\/\\\/schema.org\",\"@graph\":[{\"@type\":\"Article\",\"@id\":\"https:\\\/\\\/curierulsatelor.ro\\\/wp\\\/2019\\\/09\\\/19\\\/andrei-stoican-arata-cum-trebuie-sa-fie-un-presedinte-al-romaniei\\\/#article\",\"isPartOf\":{\"@id\":\"https:\\\/\\\/curierulsatelor.ro\\\/wp\\\/2019\\\/09\\\/19\\\/andrei-stoican-arata-cum-trebuie-sa-fie-un-presedinte-al-romaniei\\\/\"},\"author\":{\"name\":\"Marian Morosan\",\"@id\":\"https:\\\/\\\/curierulsatelor.ro\\\/wp\\\/#\\\/schema\\\/person\\\/6f6b28a030e15d619a82894773d6e7b9\"},\"headline\":\"Andrei Stoican arat\u0103 cum trebuie s\u0103 fie un pre\u0219edinte al Rom\u00e2niei\",\"datePublished\":\"2019-09-19T12:59:16+00:00\",\"dateModified\":\"2019-09-19T12:59:22+00:00\",\"mainEntityOfPage\":{\"@id\":\"https:\\\/\\\/curierulsatelor.ro\\\/wp\\\/2019\\\/09\\\/19\\\/andrei-stoican-arata-cum-trebuie-sa-fie-un-presedinte-al-romaniei\\\/\"},\"wordCount\":173,\"commentCount\":0,\"publisher\":{\"@id\":\"https:\\\/\\\/curierulsatelor.ro\\\/wp\\\/#organization\"},\"image\":{\"@id\":\"https:\\\/\\\/curierulsatelor.ro\\\/wp\\\/2019\\\/09\\\/19\\\/andrei-stoican-arata-cum-trebuie-sa-fie-un-presedinte-al-romaniei\\\/#primaryimage\"},\"thumbnailUrl\":\"https:\\\/\\\/curierulsatelor.ro\\\/wp\\\/wp-content\\\/uploads\\\/2019\\\/09\\\/Andrei-Stoican.jpg\",\"articleSection\":[\"Alegeri\",\"Politica\"],\"inLanguage\":\"ro-RO\",\"potentialAction\":[{\"@type\":\"CommentAction\",\"name\":\"Comment\",\"target\":[\"https:\\\/\\\/curierulsatelor.ro\\\/wp\\\/2019\\\/09\\\/19\\\/andrei-stoican-arata-cum-trebuie-sa-fie-un-presedinte-al-romaniei\\\/#respond\"]}]},{\"@type\":\"WebPage\",\"@id\":\"https:\\\/\\\/curierulsatelor.ro\\\/wp\\\/2019\\\/09\\\/19\\\/andrei-stoican-arata-cum-trebuie-sa-fie-un-presedinte-al-romaniei\\\/\",\"url\":\"https:\\\/\\\/curierulsatelor.ro\\\/wp\\\/2019\\\/09\\\/19\\\/andrei-stoican-arata-cum-trebuie-sa-fie-un-presedinte-al-romaniei\\\/\",\"name\":\"Andrei Stoican arat\u0103 cum trebuie s\u0103 fie un pre\u0219edinte al Rom\u00e2niei - Curierul Regional\",\"isPartOf\":{\"@id\":\"https:\\\/\\\/curierulsatelor.ro\\\/wp\\\/#website\"},\"primaryImageOfPage\":{\"@id\":\"https:\\\/\\\/curierulsatelor.ro\\\/wp\\\/2019\\\/09\\\/19\\\/andrei-stoican-arata-cum-trebuie-sa-fie-un-presedinte-al-romaniei\\\/#primaryimage\"},\"image\":{\"@id\":\"https:\\\/\\\/curierulsatelor.ro\\\/wp\\\/2019\\\/09\\\/19\\\/andrei-stoican-arata-cum-trebuie-sa-fie-un-presedinte-al-romaniei\\\/#primaryimage\"},\"thumbnailUrl\":\"https:\\\/\\\/curierulsatelor.ro\\\/wp\\\/wp-content\\\/uploads\\\/2019\\\/09\\\/Andrei-Stoican.jpg\",\"datePublished\":\"2019-09-19T12:59:16+00:00\",\"dateModified\":\"2019-09-19T12:59:22+00:00\",\"breadcrumb\":{\"@id\":\"https:\\\/\\\/curierulsatelor.ro\\\/wp\\\/2019\\\/09\\\/19\\\/andrei-stoican-arata-cum-trebuie-sa-fie-un-presedinte-al-romaniei\\\/#breadcrumb\"},\"inLanguage\":\"ro-RO\",\"potentialAction\":[{\"@type\":\"ReadAction\",\"target\":[\"https:\\\/\\\/curierulsatelor.ro\\\/wp\\\/2019\\\/09\\\/19\\\/andrei-stoican-arata-cum-trebuie-sa-fie-un-presedinte-al-romaniei\\\/\"]}]},{\"@type\":\"ImageObject\",\"inLanguage\":\"ro-RO\",\"@id\":\"https:\\\/\\\/curierulsatelor.ro\\\/wp\\\/2019\\\/09\\\/19\\\/andrei-stoican-arata-cum-trebuie-sa-fie-un-presedinte-al-romaniei\\\/#primaryimage\",\"url\":\"https:\\\/\\\/curierulsatelor.ro\\\/wp\\\/wp-content\\\/uploads\\\/2019\\\/09\\\/Andrei-Stoican.jpg\",\"contentUrl\":\"https:\\\/\\\/curierulsatelor.ro\\\/wp\\\/wp-content\\\/uploads\\\/2019\\\/09\\\/Andrei-Stoican.jpg\",\"width\":4608,\"height\":3456},{\"@type\":\"BreadcrumbList\",\"@id\":\"https:\\\/\\\/curierulsatelor.ro\\\/wp\\\/2019\\\/09\\\/19\\\/andrei-stoican-arata-cum-trebuie-sa-fie-un-presedinte-al-romaniei\\\/#breadcrumb\",\"itemListElement\":[{\"@type\":\"ListItem\",\"position\":1,\"name\":\"Prima pagin\u0103\",\"item\":\"https:\\\/\\\/curierulsatelor.ro\\\/wp\\\/\"},{\"@type\":\"ListItem\",\"position\":2,\"name\":\"Andrei Stoican arat\u0103 cum trebuie s\u0103 fie un pre\u0219edinte al Rom\u00e2niei\"}]},{\"@type\":\"WebSite\",\"@id\":\"https:\\\/\\\/curierulsatelor.ro\\\/wp\\\/#website\",\"url\":\"https:\\\/\\\/curierulsatelor.ro\\\/wp\\\/\",\"name\":\"Curierul Regional\",\"description\":\"\",\"publisher\":{\"@id\":\"https:\\\/\\\/curierulsatelor.ro\\\/wp\\\/#organization\"},\"potentialAction\":[{\"@type\":\"SearchAction\",\"target\":{\"@type\":\"EntryPoint\",\"urlTemplate\":\"https:\\\/\\\/curierulsatelor.ro\\\/wp\\\/?s={search_term_string}\"},\"query-input\":{\"@type\":\"PropertyValueSpecification\",\"valueRequired\":true,\"valueName\":\"search_term_string\"}}],\"inLanguage\":\"ro-RO\"},{\"@type\":\"Organization\",\"@id\":\"https:\\\/\\\/curierulsatelor.ro\\\/wp\\\/#organization\",\"name\":\"Curierul Regional\",\"url\":\"https:\\\/\\\/curierulsatelor.ro\\\/wp\\\/\",\"logo\":{\"@type\":\"ImageObject\",\"inLanguage\":\"ro-RO\",\"@id\":\"https:\\\/\\\/curierulsatelor.ro\\\/wp\\\/#\\\/schema\\\/logo\\\/image\\\/\",\"url\":\"https:\\\/\\\/curierulsatelor.ro\\\/wp\\\/wp-content\\\/uploads\\\/2020\\\/01\\\/Curierul-Regional-si-Curierul-satelor-logo-header.png\",\"contentUrl\":\"https:\\\/\\\/curierulsatelor.ro\\\/wp\\\/wp-content\\\/uploads\\\/2020\\\/01\\\/Curierul-Regional-si-Curierul-satelor-logo-header.png\",\"width\":2943,\"height\":685,\"caption\":\"Curierul Regional\"},\"image\":{\"@id\":\"https:\\\/\\\/curierulsatelor.ro\\\/wp\\\/#\\\/schema\\\/logo\\\/image\\\/\"}},{\"@type\":\"Person\",\"@id\":\"https:\\\/\\\/curierulsatelor.ro\\\/wp\\\/#\\\/schema\\\/person\\\/6f6b28a030e15d619a82894773d6e7b9\",\"name\":\"Marian Morosan\",\"image\":{\"@type\":\"ImageObject\",\"inLanguage\":\"ro-RO\",\"@id\":\"https:\\\/\\\/secure.gravatar.com\\\/avatar\\\/2e833cc9ab99e6bca46266d4ad9030d308346ff7ff0b6b955c29b74cafaf064b?s=96&d=mm&r=g\",\"url\":\"https:\\\/\\\/secure.gravatar.com\\\/avatar\\\/2e833cc9ab99e6bca46266d4ad9030d308346ff7ff0b6b955c29b74cafaf064b?s=96&d=mm&r=g\",\"contentUrl\":\"https:\\\/\\\/secure.gravatar.com\\\/avatar\\\/2e833cc9ab99e6bca46266d4ad9030d308346ff7ff0b6b955c29b74cafaf064b?s=96&d=mm&r=g\",\"caption\":\"Marian Morosan\"},\"description\":\"Copiilor no\u015ftri li se preg\u0103te\u015fte, incon\u015ftient, o lume de joben ciuruit, din care niciodat\u0103 nu iese iepura\u015ful. Doar panglicile politicilor sociale roase de moliile cu \u015ftaif din ultimele decenii. Suntem oropsi\u0163i, suntem dispera\u0163i, manipula\u0163i p\u00e2n\u0103 acolo \u00eenc\u00e2t ne bucur\u0103m s\u0103 fim masa de manevr\u0103 a unora \u015fi s\u0103 sus\u0163inem c\u0103 a\u015fa e normal. Acum \u00eel \u00een\u0163eleg pe Cioran, dar \u00eel \u00een\u0163eleg mai bine \u015fi pe Preda. \u015ei m\u0103 g\u00e2ndesc iar, cu groaz\u0103, la copilul meu. Cel pu\u0163in eu nu \u00eemi doresc s\u0103 \u015ftiu c\u0103 micu\u0163ul meu va fi singur, cu sufletul descul\u0163, prin jungla mileniului III ! https:\\\/\\\/curierulsatelor.ro\\\/wp\\\/2019\\\/10\\\/16\\\/cu-sufletul-descult-prin-jungla-mileniului-iii-editorial\\\/\",\"sameAs\":[\"http:\\\/\\\/admin\"],\"url\":\"https:\\\/\\\/curierulsatelor.ro\\\/wp\\\/author\\\/admin\\\/\"}]}<\/script>\n<!-- \/ Yoast SEO plugin. -->","yoast_head_json":{"title":"Andrei Stoican arat\u0103 cum trebuie s\u0103 fie un pre\u0219edinte al Rom\u00e2niei - Curierul Regional","robots":{"index":"index","follow":"follow","max-snippet":"max-snippet:-1","max-image-preview":"max-image-preview:large","max-video-preview":"max-video-preview:-1"},"canonical":"https:\/\/curierulsatelor.ro\/wp\/2019\/09\/19\/andrei-stoican-arata-cum-trebuie-sa-fie-un-presedinte-al-romaniei\/","og_locale":"ro_RO","og_type":"article","og_title":"Andrei Stoican arat\u0103 cum trebuie s\u0103 fie un pre\u0219edinte al Rom\u00e2niei - Curierul Regional","og_description":"Prezent la Boto\u0219ani \u00een week end, la o \u00eent\u00e2lnire cu membrii \u0219i simpatizan\u021bii ADER, candidatul...","og_url":"https:\/\/curierulsatelor.ro\/wp\/2019\/09\/19\/andrei-stoican-arata-cum-trebuie-sa-fie-un-presedinte-al-romaniei\/","og_site_name":"Curierul Regional","article_published_time":"2019-09-19T12:59:16+00:00","article_modified_time":"2019-09-19T12:59:22+00:00","og_image":[{"width":1024,"height":768,"url":"https:\/\/curierulsatelor.ro\/wp\/wp-content\/uploads\/2019\/09\/Andrei-Stoican-1024x768.jpg","type":"image\/jpeg"}],"author":"Marian Morosan","twitter_card":"summary_large_image","twitter_misc":{"Scris de":"Marian Morosan","Timp estimat pentru citire":"1 minut"},"schema":{"@context":"https:\/\/schema.org","@graph":[{"@type":"Article","@id":"https:\/\/curierulsatelor.ro\/wp\/2019\/09\/19\/andrei-stoican-arata-cum-trebuie-sa-fie-un-presedinte-al-romaniei\/#article","isPartOf":{"@id":"https:\/\/curierulsatelor.ro\/wp\/2019\/09\/19\/andrei-stoican-arata-cum-trebuie-sa-fie-un-presedinte-al-romaniei\/"},"author":{"name":"Marian Morosan","@id":"https:\/\/curierulsatelor.ro\/wp\/#\/schema\/person\/6f6b28a030e15d619a82894773d6e7b9"},"headline":"Andrei Stoican arat\u0103 cum trebuie s\u0103 fie un pre\u0219edinte al Rom\u00e2niei","datePublished":"2019-09-19T12:59:16+00:00","dateModified":"2019-09-19T12:59:22+00:00","mainEntityOfPage":{"@id":"https:\/\/curierulsatelor.ro\/wp\/2019\/09\/19\/andrei-stoican-arata-cum-trebuie-sa-fie-un-presedinte-al-romaniei\/"},"wordCount":173,"commentCount":0,"publisher":{"@id":"https:\/\/curierulsatelor.ro\/wp\/#organization"},"image":{"@id":"https:\/\/curierulsatelor.ro\/wp\/2019\/09\/19\/andrei-stoican-arata-cum-trebuie-sa-fie-un-presedinte-al-romaniei\/#primaryimage"},"thumbnailUrl":"https:\/\/curierulsatelor.ro\/wp\/wp-content\/uploads\/2019\/09\/Andrei-Stoican.jpg","articleSection":["Alegeri","Politica"],"inLanguage":"ro-RO","potentialAction":[{"@type":"CommentAction","name":"Comment","target":["https:\/\/curierulsatelor.ro\/wp\/2019\/09\/19\/andrei-stoican-arata-cum-trebuie-sa-fie-un-presedinte-al-romaniei\/#respond"]}]},{"@type":"WebPage","@id":"https:\/\/curierulsatelor.ro\/wp\/2019\/09\/19\/andrei-stoican-arata-cum-trebuie-sa-fie-un-presedinte-al-romaniei\/","url":"https:\/\/curierulsatelor.ro\/wp\/2019\/09\/19\/andrei-stoican-arata-cum-trebuie-sa-fie-un-presedinte-al-romaniei\/","name":"Andrei Stoican arat\u0103 cum trebuie s\u0103 fie un pre\u0219edinte al Rom\u00e2niei - Curierul Regional","isPartOf":{"@id":"https:\/\/curierulsatelor.ro\/wp\/#website"},"primaryImageOfPage":{"@id":"https:\/\/curierulsatelor.ro\/wp\/2019\/09\/19\/andrei-stoican-arata-cum-trebuie-sa-fie-un-presedinte-al-romaniei\/#primaryimage"},"image":{"@id":"https:\/\/curierulsatelor.ro\/wp\/2019\/09\/19\/andrei-stoican-arata-cum-trebuie-sa-fie-un-presedinte-al-romaniei\/#primaryimage"},"thumbnailUrl":"https:\/\/curierulsatelor.ro\/wp\/wp-content\/uploads\/2019\/09\/Andrei-Stoican.jpg","datePublished":"2019-09-19T12:59:16+00:00","dateModified":"2019-09-19T12:59:22+00:00","breadcrumb":{"@id":"https:\/\/curierulsatelor.ro\/wp\/2019\/09\/19\/andrei-stoican-arata-cum-trebuie-sa-fie-un-presedinte-al-romaniei\/#breadcrumb"},"inLanguage":"ro-RO","potentialAction":[{"@type":"ReadAction","target":["https:\/\/curierulsatelor.ro\/wp\/2019\/09\/19\/andrei-stoican-arata-cum-trebuie-sa-fie-un-presedinte-al-romaniei\/"]}]},{"@type":"ImageObject","inLanguage":"ro-RO","@id":"https:\/\/curierulsatelor.ro\/wp\/2019\/09\/19\/andrei-stoican-arata-cum-trebuie-sa-fie-un-presedinte-al-romaniei\/#primaryimage","url":"https:\/\/curierulsatelor.ro\/wp\/wp-content\/uploads\/2019\/09\/Andrei-Stoican.jpg","contentUrl":"https:\/\/curierulsatelor.ro\/wp\/wp-content\/uploads\/2019\/09\/Andrei-Stoican.jpg","width":4608,"height":3456},{"@type":"BreadcrumbList","@id":"https:\/\/curierulsatelor.ro\/wp\/2019\/09\/19\/andrei-stoican-arata-cum-trebuie-sa-fie-un-presedinte-al-romaniei\/#breadcrumb","itemListElement":[{"@type":"ListItem","position":1,"name":"Prima pagin\u0103","item":"https:\/\/curierulsatelor.ro\/wp\/"},{"@type":"ListItem","position":2,"name":"Andrei Stoican arat\u0103 cum trebuie s\u0103 fie un pre\u0219edinte al Rom\u00e2niei"}]},{"@type":"WebSite","@id":"https:\/\/curierulsatelor.ro\/wp\/#website","url":"https:\/\/curierulsatelor.ro\/wp\/","name":"Curierul Regional","description":"","publisher":{"@id":"https:\/\/curierulsatelor.ro\/wp\/#organization"},"potentialAction":[{"@type":"SearchAction","target":{"@type":"EntryPoint","urlTemplate":"https:\/\/curierulsatelor.ro\/wp\/?s={search_term_string}"},"query-input":{"@type":"PropertyValueSpecification","valueRequired":true,"valueName":"search_term_string"}}],"inLanguage":"ro-RO"},{"@type":"Organization","@id":"https:\/\/curierulsatelor.ro\/wp\/#organization","name":"Curierul Regional","url":"https:\/\/curierulsatelor.ro\/wp\/","logo":{"@type":"ImageObject","inLanguage":"ro-RO","@id":"https:\/\/curierulsatelor.ro\/wp\/#\/schema\/logo\/image\/","url":"https:\/\/curierulsatelor.ro\/wp\/wp-content\/uploads\/2020\/01\/Curierul-Regional-si-Curierul-satelor-logo-header.png","contentUrl":"https:\/\/curierulsatelor.ro\/wp\/wp-content\/uploads\/2020\/01\/Curierul-Regional-si-Curierul-satelor-logo-header.png","width":2943,"height":685,"caption":"Curierul Regional"},"image":{"@id":"https:\/\/curierulsatelor.ro\/wp\/#\/schema\/logo\/image\/"}},{"@type":"Person","@id":"https:\/\/curierulsatelor.ro\/wp\/#\/schema\/person\/6f6b28a030e15d619a82894773d6e7b9","name":"Marian Morosan","image":{"@type":"ImageObject","inLanguage":"ro-RO","@id":"https:\/\/secure.gravatar.com\/avatar\/2e833cc9ab99e6bca46266d4ad9030d308346ff7ff0b6b955c29b74cafaf064b?s=96&d=mm&r=g","url":"https:\/\/secure.gravatar.com\/avatar\/2e833cc9ab99e6bca46266d4ad9030d308346ff7ff0b6b955c29b74cafaf064b?s=96&d=mm&r=g","contentUrl":"https:\/\/secure.gravatar.com\/avatar\/2e833cc9ab99e6bca46266d4ad9030d308346ff7ff0b6b955c29b74cafaf064b?s=96&d=mm&r=g","caption":"Marian Morosan"},"description":"Copiilor no\u015ftri li se preg\u0103te\u015fte, incon\u015ftient, o lume de joben ciuruit, din care niciodat\u0103 nu iese iepura\u015ful. Doar panglicile politicilor sociale roase de moliile cu \u015ftaif din ultimele decenii. Suntem oropsi\u0163i, suntem dispera\u0163i, manipula\u0163i p\u00e2n\u0103 acolo \u00eenc\u00e2t ne bucur\u0103m s\u0103 fim masa de manevr\u0103 a unora \u015fi s\u0103 sus\u0163inem c\u0103 a\u015fa e normal. Acum \u00eel \u00een\u0163eleg pe Cioran, dar \u00eel \u00een\u0163eleg mai bine \u015fi pe Preda. \u015ei m\u0103 g\u00e2ndesc iar, cu groaz\u0103, la copilul meu. Cel pu\u0163in eu nu \u00eemi doresc s\u0103 \u015ftiu c\u0103 micu\u0163ul meu va fi singur, cu sufletul descul\u0163, prin jungla mileniului III ! https:\/\/curierulsatelor.ro\/wp\/2019\/10\/16\/cu-sufletul-descult-prin-jungla-mileniului-iii-editorial\/","sameAs":["http:\/\/admin"],"url":"https:\/\/curierulsatelor.ro\/wp\/author\/admin\/"}]}},"_links":{"self":[{"href":"https:\/\/curierulsatelor.ro\/wp\/wp-json\/wp\/v2\/posts\/298","targetHints":{"allow":["GET"]}}],"collection":[{"href":"https:\/\/curierulsatelor.ro\/wp\/wp-json\/wp\/v2\/posts"}],"about":[{"href":"https:\/\/curierulsatelor.ro\/wp\/wp-json\/wp\/v2\/types\/post"}],"author":[{"embeddable":true,"href":"https:\/\/curierulsatelor.ro\/wp\/wp-json\/wp\/v2\/users\/1"}],"replies":[{"embeddable":true,"href":"https:\/\/curierulsatelor.ro\/wp\/wp-json\/wp\/v2\/comments?post=298"}],"version-history":[{"count":1,"href":"https:\/\/curierulsatelor.ro\/wp\/wp-json\/wp\/v2\/posts\/298\/revisions"}],"predecessor-version":[{"id":301,"href":"https:\/\/curierulsatelor.ro\/wp\/wp-json\/wp\/v2\/posts\/298\/revisions\/301"}],"wp:featuredmedia":[{"embeddable":true,"href":"https:\/\/curierulsatelor.ro\/wp\/wp-json\/wp\/v2\/media\/300"}],"wp:attachment":[{"href":"https:\/\/curierulsatelor.ro\/wp\/wp-json\/wp\/v2\/media?parent=298"}],"wp:term":[{"taxonomy":"category","embeddable":true,"href":"https:\/\/curierulsatelor.ro\/wp\/wp-json\/wp\/v2\/categories?post=298"},{"taxonomy":"post_tag","embeddable":true,"href":"https:\/\/curierulsatelor.ro\/wp\/wp-json\/wp\/v2\/tags?post=298"}],"curies":[{"name":"wp","href":"https:\/\/api.w.org\/{rel}","templated":true}]}}