{"id":3123,"date":"2020-08-25T12:59:26","date_gmt":"2020-08-25T12:59:26","guid":{"rendered":"https:\/\/curierulsatelor.ro\/wp\/?p=3123"},"modified":"2020-08-25T12:59:27","modified_gmt":"2020-08-25T12:59:27","slug":"bogdan-dascalescu-toti-politicienii-vorbesc-despre-democratia-participativa-dar-in-realitate-pe-cetateni-nu-i-asculta-nimeni","status":"publish","type":"post","link":"https:\/\/curierulsatelor.ro\/wp\/2020\/08\/25\/bogdan-dascalescu-toti-politicienii-vorbesc-despre-democratia-participativa-dar-in-realitate-pe-cetateni-nu-i-asculta-nimeni\/","title":{"rendered":"Bogdan D\u0103sc\u0103lescu: \u201cTo\u021bi politicienii vorbesc despre democra\u021bia participativ\u0103, dar \u00een realitate, pe cet\u0103\u021beni nu-i ascult\u0103 nimeni!\u201d"},"content":{"rendered":"\n<p>Una dintre temele de campanie abordat\u0103 \u00een campania electoral\u0103 de c\u0103tre majoritatea partidelor politice este cea legat\u0103 de necesitatea consult\u0103rii cet\u0103\u021benilor \u00een problemele de interes local. Declarativ, toate autorit\u0103\u021bile publice locale trebuie s\u0103 r\u0103spund\u0103 a\u0219tept\u0103rilor cet\u0103\u021benilor \u0219i s\u0103 ia decizii \u00eentr-un mod c\u00e2t mai deschis \u0219i la un nivel c\u00e2t mai apropiat de ace\u0219tia. Realitatea din teritoriu demonstreaz\u0103 exact contrariul, aspect sesizat cu \u00eengrijorare de Bogdan D\u0103sc\u0103lescu, candidatul ALDE la pre\u0219edin\u021bia Consiliului Jude\u021bean Boto\u0219ani.<\/p>\n\n\n\n<p><strong>\u201cActivitatea pe care am desf\u0103\u0219urat-o \u00een jude\u021b \u00een ultimele s\u0103pt\u0103m\u00e2ni m-a ajutat s\u0103 \u00eemi conturez o imagine de ansamblu asupra leg\u0103turii concrete dintre cet\u0103\u021bean \u0219i administra\u021bia public\u0103 local\u0103 \u0219i am constatat c\u0103 oamenii sunt departe de adev\u0103r. \u00cen aceast\u0103 perioad\u0103 cet\u0103\u021benii devin extrem de solicita\u021bi de c\u0103tre candida\u021bii \u00eenscri\u0219i \u00een cursa electoral\u0103 din 27 septembrie \u0219i de c\u0103tre factorii politici care vin s\u0103 \u00ee\u0219i sus\u021bin\u0103 reprezentan\u021bii. Acum este timpul \u00een care li se subliniaz\u0103 importan\u021ba, drepturile civile \u0219i politice, li se cere sprijinul \u0219i li se induce ideea c\u0103 vor fi consulta\u021bi permanent \u00een luarea deciziilor importante pentru comunitate. Din p\u0103cate, implicarea cet\u0103\u021benilor \u00een via\u021ba public\u0103 r\u0103m\u00e2ne doar un subiect de campanie, iar dup\u0103 alegeri, autorit\u0103\u021bile uit\u0103 de solidaritatea la care au f\u0103cut apel \u00een perioada electoral\u0103 \u201d, <\/strong>a declarat<strong>&nbsp;<\/strong>Bogdan D\u0103sc\u0103lescu, candidatul ALDE la CJ Boto\u0219ani.<\/p>\n\n\n\n<p>\u00cen cadrul vizitelor \u00eentreprinse \u00een Colegiile electorale ale jude\u021bului, reprezentantul ALDE a avut ocazia s\u0103 interac\u021bioneze cu un num\u0103r mare de cet\u0103\u021beni din diverse UAT-uri, care \u0219i-au exprimat nemul\u021bumirea fa\u021b\u0103 de ignoran\u021ba autorit\u0103\u021bilor locale \u0219i de lipsa de reac\u021bie a acestora fa\u021b\u0103 de nevoile lor reale.<\/p>\n\n\n\n<p><strong>\u201c Am str\u0103b\u0103tut comunele jude\u021bului Boto\u0219ani, pentru a le identifica nevoile \u0219i am avut ocazia s\u0103 discut direct cu locuitorii lor. Sunt comunit\u0103\u021bi \u00eentregi \u00een care oamenii nici nu-\u0219i imagineaz\u0103 c\u0103 ar putea duce vreodat\u0103 o via\u021b\u0103 normal\u0103, cu acces la infrastructura de baz\u0103. Sunt zone \u00een care nu s-a f\u0103cut nimic, niciodat\u0103! Nu exist\u0103 re\u021bea de canalizare, ap\u0103 potabil\u0103, drumuri practicabile sau dispensar, iar autorit\u0103\u021bile n-au solu\u021bii de dezvoltare, dar vin din patru \u00een patru ani s\u0103-i invite pe cet\u0103\u021beni s\u0103 participe activ la via\u021ba public\u0103\u201d, <\/strong>a mai spus Bogdan D\u0103sc\u0103lescu<\/p>\n\n\n\n<p>Candidatul ALDE la \u0219efia Consiliului Jude\u021bean Boto\u0219ani \u0219i-a propus s\u0103 abordeze o viziune strategic\u0103 pe termen lung pentru reconstruc\u021bia \u0219i dezvoltarea jude\u021bului, prin implicarea tuturor factorilor deciden\u021bi \u0219i dezbatere public\u0103 real\u0103.<\/p>\n\n\n\n<p><strong>Biroul de pres\u0103,<\/strong><strong><\/strong><\/p>\n\n\n\n<p><strong><\/strong><strong>ALDE Boto\u0219ani<\/strong><strong><\/strong><\/p>\n","protected":false},"excerpt":{"rendered":"<p>Una dintre temele de campanie abordat\u0103 \u00een campania electoral\u0103 de c\u0103tre majoritatea partidelor politice este&#8230;<\/p>\n","protected":false},"author":1,"featured_media":3124,"comment_status":"open","ping_status":"open","sticky":false,"template":"","format":"standard","meta":{"footnotes":""},"categories":[8,6],"tags":[],"class_list":["post-3123","post","type-post","status-publish","format-standard","has-post-thumbnail","hentry","category-comunicate","category-politica"],"yoast_head":"<!-- This site is optimized with the Yoast SEO plugin v27.4 - https:\/\/yoast.com\/product\/yoast-seo-wordpress\/ -->\n<title>Bogdan D\u0103sc\u0103lescu: \u201cTo\u021bi politicienii vorbesc despre democra\u021bia participativ\u0103, dar \u00een realitate, pe cet\u0103\u021beni nu-i ascult\u0103 nimeni!\u201d - Curierul Regional<\/title>\n<meta name=\"robots\" content=\"index, follow, max-snippet:-1, max-image-preview:large, max-video-preview:-1\" \/>\n<link rel=\"canonical\" href=\"https:\/\/curierulsatelor.ro\/wp\/2020\/08\/25\/bogdan-dascalescu-toti-politicienii-vorbesc-despre-democratia-participativa-dar-in-realitate-pe-cetateni-nu-i-asculta-nimeni\/\" \/>\n<meta property=\"og:locale\" content=\"ro_RO\" \/>\n<meta property=\"og:type\" content=\"article\" \/>\n<meta property=\"og:title\" content=\"Bogdan D\u0103sc\u0103lescu: \u201cTo\u021bi politicienii vorbesc despre democra\u021bia participativ\u0103, dar \u00een realitate, pe cet\u0103\u021beni nu-i ascult\u0103 nimeni!\u201d - Curierul Regional\" \/>\n<meta property=\"og:description\" content=\"Una dintre temele de campanie abordat\u0103 \u00een campania electoral\u0103 de c\u0103tre majoritatea partidelor politice este...\" \/>\n<meta property=\"og:url\" content=\"https:\/\/curierulsatelor.ro\/wp\/2020\/08\/25\/bogdan-dascalescu-toti-politicienii-vorbesc-despre-democratia-participativa-dar-in-realitate-pe-cetateni-nu-i-asculta-nimeni\/\" \/>\n<meta property=\"og:site_name\" content=\"Curierul Regional\" \/>\n<meta property=\"article:published_time\" content=\"2020-08-25T12:59:26+00:00\" \/>\n<meta property=\"article:modified_time\" content=\"2020-08-25T12:59:27+00:00\" \/>\n<meta property=\"og:image\" content=\"https:\/\/curierulsatelor.ro\/wp\/wp-content\/uploads\/2020\/08\/Bogdan-Dascalescu.jpg\" \/>\n\t<meta property=\"og:image:width\" content=\"1080\" \/>\n\t<meta property=\"og:image:height\" content=\"1491\" \/>\n\t<meta property=\"og:image:type\" content=\"image\/jpeg\" \/>\n<meta name=\"author\" content=\"Marian Morosan\" \/>\n<meta name=\"twitter:card\" content=\"summary_large_image\" \/>\n<meta name=\"twitter:label1\" content=\"Scris de\" \/>\n\t<meta name=\"twitter:data1\" content=\"Marian Morosan\" \/>\n\t<meta name=\"twitter:label2\" content=\"Timp estimat pentru citire\" \/>\n\t<meta name=\"twitter:data2\" content=\"2 minute\" \/>\n<script type=\"application\/ld+json\" class=\"yoast-schema-graph\">{\"@context\":\"https:\\\/\\\/schema.org\",\"@graph\":[{\"@type\":\"Article\",\"@id\":\"https:\\\/\\\/curierulsatelor.ro\\\/wp\\\/2020\\\/08\\\/25\\\/bogdan-dascalescu-toti-politicienii-vorbesc-despre-democratia-participativa-dar-in-realitate-pe-cetateni-nu-i-asculta-nimeni\\\/#article\",\"isPartOf\":{\"@id\":\"https:\\\/\\\/curierulsatelor.ro\\\/wp\\\/2020\\\/08\\\/25\\\/bogdan-dascalescu-toti-politicienii-vorbesc-despre-democratia-participativa-dar-in-realitate-pe-cetateni-nu-i-asculta-nimeni\\\/\"},\"author\":{\"name\":\"Marian Morosan\",\"@id\":\"https:\\\/\\\/curierulsatelor.ro\\\/wp\\\/#\\\/schema\\\/person\\\/6f6b28a030e15d619a82894773d6e7b9\"},\"headline\":\"Bogdan D\u0103sc\u0103lescu: \u201cTo\u021bi politicienii vorbesc despre democra\u021bia participativ\u0103, dar \u00een realitate, pe cet\u0103\u021beni nu-i ascult\u0103 nimeni!\u201d\",\"datePublished\":\"2020-08-25T12:59:26+00:00\",\"dateModified\":\"2020-08-25T12:59:27+00:00\",\"mainEntityOfPage\":{\"@id\":\"https:\\\/\\\/curierulsatelor.ro\\\/wp\\\/2020\\\/08\\\/25\\\/bogdan-dascalescu-toti-politicienii-vorbesc-despre-democratia-participativa-dar-in-realitate-pe-cetateni-nu-i-asculta-nimeni\\\/\"},\"wordCount\":478,\"commentCount\":0,\"publisher\":{\"@id\":\"https:\\\/\\\/curierulsatelor.ro\\\/wp\\\/#organization\"},\"image\":{\"@id\":\"https:\\\/\\\/curierulsatelor.ro\\\/wp\\\/2020\\\/08\\\/25\\\/bogdan-dascalescu-toti-politicienii-vorbesc-despre-democratia-participativa-dar-in-realitate-pe-cetateni-nu-i-asculta-nimeni\\\/#primaryimage\"},\"thumbnailUrl\":\"https:\\\/\\\/curierulsatelor.ro\\\/wp\\\/wp-content\\\/uploads\\\/2020\\\/08\\\/Bogdan-Dascalescu.jpg\",\"articleSection\":[\"Comunicate\",\"Politica\"],\"inLanguage\":\"ro-RO\",\"potentialAction\":[{\"@type\":\"CommentAction\",\"name\":\"Comment\",\"target\":[\"https:\\\/\\\/curierulsatelor.ro\\\/wp\\\/2020\\\/08\\\/25\\\/bogdan-dascalescu-toti-politicienii-vorbesc-despre-democratia-participativa-dar-in-realitate-pe-cetateni-nu-i-asculta-nimeni\\\/#respond\"]}]},{\"@type\":\"WebPage\",\"@id\":\"https:\\\/\\\/curierulsatelor.ro\\\/wp\\\/2020\\\/08\\\/25\\\/bogdan-dascalescu-toti-politicienii-vorbesc-despre-democratia-participativa-dar-in-realitate-pe-cetateni-nu-i-asculta-nimeni\\\/\",\"url\":\"https:\\\/\\\/curierulsatelor.ro\\\/wp\\\/2020\\\/08\\\/25\\\/bogdan-dascalescu-toti-politicienii-vorbesc-despre-democratia-participativa-dar-in-realitate-pe-cetateni-nu-i-asculta-nimeni\\\/\",\"name\":\"Bogdan D\u0103sc\u0103lescu: \u201cTo\u021bi politicienii vorbesc despre democra\u021bia participativ\u0103, dar \u00een realitate, pe cet\u0103\u021beni nu-i ascult\u0103 nimeni!\u201d - Curierul Regional\",\"isPartOf\":{\"@id\":\"https:\\\/\\\/curierulsatelor.ro\\\/wp\\\/#website\"},\"primaryImageOfPage\":{\"@id\":\"https:\\\/\\\/curierulsatelor.ro\\\/wp\\\/2020\\\/08\\\/25\\\/bogdan-dascalescu-toti-politicienii-vorbesc-despre-democratia-participativa-dar-in-realitate-pe-cetateni-nu-i-asculta-nimeni\\\/#primaryimage\"},\"image\":{\"@id\":\"https:\\\/\\\/curierulsatelor.ro\\\/wp\\\/2020\\\/08\\\/25\\\/bogdan-dascalescu-toti-politicienii-vorbesc-despre-democratia-participativa-dar-in-realitate-pe-cetateni-nu-i-asculta-nimeni\\\/#primaryimage\"},\"thumbnailUrl\":\"https:\\\/\\\/curierulsatelor.ro\\\/wp\\\/wp-content\\\/uploads\\\/2020\\\/08\\\/Bogdan-Dascalescu.jpg\",\"datePublished\":\"2020-08-25T12:59:26+00:00\",\"dateModified\":\"2020-08-25T12:59:27+00:00\",\"breadcrumb\":{\"@id\":\"https:\\\/\\\/curierulsatelor.ro\\\/wp\\\/2020\\\/08\\\/25\\\/bogdan-dascalescu-toti-politicienii-vorbesc-despre-democratia-participativa-dar-in-realitate-pe-cetateni-nu-i-asculta-nimeni\\\/#breadcrumb\"},\"inLanguage\":\"ro-RO\",\"potentialAction\":[{\"@type\":\"ReadAction\",\"target\":[\"https:\\\/\\\/curierulsatelor.ro\\\/wp\\\/2020\\\/08\\\/25\\\/bogdan-dascalescu-toti-politicienii-vorbesc-despre-democratia-participativa-dar-in-realitate-pe-cetateni-nu-i-asculta-nimeni\\\/\"]}]},{\"@type\":\"ImageObject\",\"inLanguage\":\"ro-RO\",\"@id\":\"https:\\\/\\\/curierulsatelor.ro\\\/wp\\\/2020\\\/08\\\/25\\\/bogdan-dascalescu-toti-politicienii-vorbesc-despre-democratia-participativa-dar-in-realitate-pe-cetateni-nu-i-asculta-nimeni\\\/#primaryimage\",\"url\":\"https:\\\/\\\/curierulsatelor.ro\\\/wp\\\/wp-content\\\/uploads\\\/2020\\\/08\\\/Bogdan-Dascalescu.jpg\",\"contentUrl\":\"https:\\\/\\\/curierulsatelor.ro\\\/wp\\\/wp-content\\\/uploads\\\/2020\\\/08\\\/Bogdan-Dascalescu.jpg\",\"width\":1080,\"height\":1491},{\"@type\":\"BreadcrumbList\",\"@id\":\"https:\\\/\\\/curierulsatelor.ro\\\/wp\\\/2020\\\/08\\\/25\\\/bogdan-dascalescu-toti-politicienii-vorbesc-despre-democratia-participativa-dar-in-realitate-pe-cetateni-nu-i-asculta-nimeni\\\/#breadcrumb\",\"itemListElement\":[{\"@type\":\"ListItem\",\"position\":1,\"name\":\"Prima pagin\u0103\",\"item\":\"https:\\\/\\\/curierulsatelor.ro\\\/wp\\\/\"},{\"@type\":\"ListItem\",\"position\":2,\"name\":\"Bogdan D\u0103sc\u0103lescu: \u201cTo\u021bi politicienii vorbesc despre democra\u021bia participativ\u0103, dar \u00een realitate, pe cet\u0103\u021beni nu-i ascult\u0103 nimeni!\u201d\"}]},{\"@type\":\"WebSite\",\"@id\":\"https:\\\/\\\/curierulsatelor.ro\\\/wp\\\/#website\",\"url\":\"https:\\\/\\\/curierulsatelor.ro\\\/wp\\\/\",\"name\":\"Curierul Regional\",\"description\":\"\",\"publisher\":{\"@id\":\"https:\\\/\\\/curierulsatelor.ro\\\/wp\\\/#organization\"},\"potentialAction\":[{\"@type\":\"SearchAction\",\"target\":{\"@type\":\"EntryPoint\",\"urlTemplate\":\"https:\\\/\\\/curierulsatelor.ro\\\/wp\\\/?s={search_term_string}\"},\"query-input\":{\"@type\":\"PropertyValueSpecification\",\"valueRequired\":true,\"valueName\":\"search_term_string\"}}],\"inLanguage\":\"ro-RO\"},{\"@type\":\"Organization\",\"@id\":\"https:\\\/\\\/curierulsatelor.ro\\\/wp\\\/#organization\",\"name\":\"Curierul Regional\",\"url\":\"https:\\\/\\\/curierulsatelor.ro\\\/wp\\\/\",\"logo\":{\"@type\":\"ImageObject\",\"inLanguage\":\"ro-RO\",\"@id\":\"https:\\\/\\\/curierulsatelor.ro\\\/wp\\\/#\\\/schema\\\/logo\\\/image\\\/\",\"url\":\"https:\\\/\\\/curierulsatelor.ro\\\/wp\\\/wp-content\\\/uploads\\\/2020\\\/01\\\/Curierul-Regional-si-Curierul-satelor-logo-header.png\",\"contentUrl\":\"https:\\\/\\\/curierulsatelor.ro\\\/wp\\\/wp-content\\\/uploads\\\/2020\\\/01\\\/Curierul-Regional-si-Curierul-satelor-logo-header.png\",\"width\":2943,\"height\":685,\"caption\":\"Curierul Regional\"},\"image\":{\"@id\":\"https:\\\/\\\/curierulsatelor.ro\\\/wp\\\/#\\\/schema\\\/logo\\\/image\\\/\"}},{\"@type\":\"Person\",\"@id\":\"https:\\\/\\\/curierulsatelor.ro\\\/wp\\\/#\\\/schema\\\/person\\\/6f6b28a030e15d619a82894773d6e7b9\",\"name\":\"Marian Morosan\",\"image\":{\"@type\":\"ImageObject\",\"inLanguage\":\"ro-RO\",\"@id\":\"https:\\\/\\\/secure.gravatar.com\\\/avatar\\\/2e833cc9ab99e6bca46266d4ad9030d308346ff7ff0b6b955c29b74cafaf064b?s=96&d=mm&r=g\",\"url\":\"https:\\\/\\\/secure.gravatar.com\\\/avatar\\\/2e833cc9ab99e6bca46266d4ad9030d308346ff7ff0b6b955c29b74cafaf064b?s=96&d=mm&r=g\",\"contentUrl\":\"https:\\\/\\\/secure.gravatar.com\\\/avatar\\\/2e833cc9ab99e6bca46266d4ad9030d308346ff7ff0b6b955c29b74cafaf064b?s=96&d=mm&r=g\",\"caption\":\"Marian Morosan\"},\"description\":\"Copiilor no\u015ftri li se preg\u0103te\u015fte, incon\u015ftient, o lume de joben ciuruit, din care niciodat\u0103 nu iese iepura\u015ful. Doar panglicile politicilor sociale roase de moliile cu \u015ftaif din ultimele decenii. Suntem oropsi\u0163i, suntem dispera\u0163i, manipula\u0163i p\u00e2n\u0103 acolo \u00eenc\u00e2t ne bucur\u0103m s\u0103 fim masa de manevr\u0103 a unora \u015fi s\u0103 sus\u0163inem c\u0103 a\u015fa e normal. Acum \u00eel \u00een\u0163eleg pe Cioran, dar \u00eel \u00een\u0163eleg mai bine \u015fi pe Preda. \u015ei m\u0103 g\u00e2ndesc iar, cu groaz\u0103, la copilul meu. Cel pu\u0163in eu nu \u00eemi doresc s\u0103 \u015ftiu c\u0103 micu\u0163ul meu va fi singur, cu sufletul descul\u0163, prin jungla mileniului III ! https:\\\/\\\/curierulsatelor.ro\\\/wp\\\/2019\\\/10\\\/16\\\/cu-sufletul-descult-prin-jungla-mileniului-iii-editorial\\\/\",\"sameAs\":[\"http:\\\/\\\/admin\"],\"url\":\"https:\\\/\\\/curierulsatelor.ro\\\/wp\\\/author\\\/admin\\\/\"}]}<\/script>\n<!-- \/ Yoast SEO plugin. -->","yoast_head_json":{"title":"Bogdan D\u0103sc\u0103lescu: \u201cTo\u021bi politicienii vorbesc despre democra\u021bia participativ\u0103, dar \u00een realitate, pe cet\u0103\u021beni nu-i ascult\u0103 nimeni!\u201d - Curierul Regional","robots":{"index":"index","follow":"follow","max-snippet":"max-snippet:-1","max-image-preview":"max-image-preview:large","max-video-preview":"max-video-preview:-1"},"canonical":"https:\/\/curierulsatelor.ro\/wp\/2020\/08\/25\/bogdan-dascalescu-toti-politicienii-vorbesc-despre-democratia-participativa-dar-in-realitate-pe-cetateni-nu-i-asculta-nimeni\/","og_locale":"ro_RO","og_type":"article","og_title":"Bogdan D\u0103sc\u0103lescu: \u201cTo\u021bi politicienii vorbesc despre democra\u021bia participativ\u0103, dar \u00een realitate, pe cet\u0103\u021beni nu-i ascult\u0103 nimeni!\u201d - Curierul Regional","og_description":"Una dintre temele de campanie abordat\u0103 \u00een campania electoral\u0103 de c\u0103tre majoritatea partidelor politice este...","og_url":"https:\/\/curierulsatelor.ro\/wp\/2020\/08\/25\/bogdan-dascalescu-toti-politicienii-vorbesc-despre-democratia-participativa-dar-in-realitate-pe-cetateni-nu-i-asculta-nimeni\/","og_site_name":"Curierul Regional","article_published_time":"2020-08-25T12:59:26+00:00","article_modified_time":"2020-08-25T12:59:27+00:00","og_image":[{"width":1080,"height":1491,"url":"https:\/\/curierulsatelor.ro\/wp\/wp-content\/uploads\/2020\/08\/Bogdan-Dascalescu.jpg","type":"image\/jpeg"}],"author":"Marian Morosan","twitter_card":"summary_large_image","twitter_misc":{"Scris de":"Marian Morosan","Timp estimat pentru citire":"2 minute"},"schema":{"@context":"https:\/\/schema.org","@graph":[{"@type":"Article","@id":"https:\/\/curierulsatelor.ro\/wp\/2020\/08\/25\/bogdan-dascalescu-toti-politicienii-vorbesc-despre-democratia-participativa-dar-in-realitate-pe-cetateni-nu-i-asculta-nimeni\/#article","isPartOf":{"@id":"https:\/\/curierulsatelor.ro\/wp\/2020\/08\/25\/bogdan-dascalescu-toti-politicienii-vorbesc-despre-democratia-participativa-dar-in-realitate-pe-cetateni-nu-i-asculta-nimeni\/"},"author":{"name":"Marian Morosan","@id":"https:\/\/curierulsatelor.ro\/wp\/#\/schema\/person\/6f6b28a030e15d619a82894773d6e7b9"},"headline":"Bogdan D\u0103sc\u0103lescu: \u201cTo\u021bi politicienii vorbesc despre democra\u021bia participativ\u0103, dar \u00een realitate, pe cet\u0103\u021beni nu-i ascult\u0103 nimeni!\u201d","datePublished":"2020-08-25T12:59:26+00:00","dateModified":"2020-08-25T12:59:27+00:00","mainEntityOfPage":{"@id":"https:\/\/curierulsatelor.ro\/wp\/2020\/08\/25\/bogdan-dascalescu-toti-politicienii-vorbesc-despre-democratia-participativa-dar-in-realitate-pe-cetateni-nu-i-asculta-nimeni\/"},"wordCount":478,"commentCount":0,"publisher":{"@id":"https:\/\/curierulsatelor.ro\/wp\/#organization"},"image":{"@id":"https:\/\/curierulsatelor.ro\/wp\/2020\/08\/25\/bogdan-dascalescu-toti-politicienii-vorbesc-despre-democratia-participativa-dar-in-realitate-pe-cetateni-nu-i-asculta-nimeni\/#primaryimage"},"thumbnailUrl":"https:\/\/curierulsatelor.ro\/wp\/wp-content\/uploads\/2020\/08\/Bogdan-Dascalescu.jpg","articleSection":["Comunicate","Politica"],"inLanguage":"ro-RO","potentialAction":[{"@type":"CommentAction","name":"Comment","target":["https:\/\/curierulsatelor.ro\/wp\/2020\/08\/25\/bogdan-dascalescu-toti-politicienii-vorbesc-despre-democratia-participativa-dar-in-realitate-pe-cetateni-nu-i-asculta-nimeni\/#respond"]}]},{"@type":"WebPage","@id":"https:\/\/curierulsatelor.ro\/wp\/2020\/08\/25\/bogdan-dascalescu-toti-politicienii-vorbesc-despre-democratia-participativa-dar-in-realitate-pe-cetateni-nu-i-asculta-nimeni\/","url":"https:\/\/curierulsatelor.ro\/wp\/2020\/08\/25\/bogdan-dascalescu-toti-politicienii-vorbesc-despre-democratia-participativa-dar-in-realitate-pe-cetateni-nu-i-asculta-nimeni\/","name":"Bogdan D\u0103sc\u0103lescu: \u201cTo\u021bi politicienii vorbesc despre democra\u021bia participativ\u0103, dar \u00een realitate, pe cet\u0103\u021beni nu-i ascult\u0103 nimeni!\u201d - Curierul Regional","isPartOf":{"@id":"https:\/\/curierulsatelor.ro\/wp\/#website"},"primaryImageOfPage":{"@id":"https:\/\/curierulsatelor.ro\/wp\/2020\/08\/25\/bogdan-dascalescu-toti-politicienii-vorbesc-despre-democratia-participativa-dar-in-realitate-pe-cetateni-nu-i-asculta-nimeni\/#primaryimage"},"image":{"@id":"https:\/\/curierulsatelor.ro\/wp\/2020\/08\/25\/bogdan-dascalescu-toti-politicienii-vorbesc-despre-democratia-participativa-dar-in-realitate-pe-cetateni-nu-i-asculta-nimeni\/#primaryimage"},"thumbnailUrl":"https:\/\/curierulsatelor.ro\/wp\/wp-content\/uploads\/2020\/08\/Bogdan-Dascalescu.jpg","datePublished":"2020-08-25T12:59:26+00:00","dateModified":"2020-08-25T12:59:27+00:00","breadcrumb":{"@id":"https:\/\/curierulsatelor.ro\/wp\/2020\/08\/25\/bogdan-dascalescu-toti-politicienii-vorbesc-despre-democratia-participativa-dar-in-realitate-pe-cetateni-nu-i-asculta-nimeni\/#breadcrumb"},"inLanguage":"ro-RO","potentialAction":[{"@type":"ReadAction","target":["https:\/\/curierulsatelor.ro\/wp\/2020\/08\/25\/bogdan-dascalescu-toti-politicienii-vorbesc-despre-democratia-participativa-dar-in-realitate-pe-cetateni-nu-i-asculta-nimeni\/"]}]},{"@type":"ImageObject","inLanguage":"ro-RO","@id":"https:\/\/curierulsatelor.ro\/wp\/2020\/08\/25\/bogdan-dascalescu-toti-politicienii-vorbesc-despre-democratia-participativa-dar-in-realitate-pe-cetateni-nu-i-asculta-nimeni\/#primaryimage","url":"https:\/\/curierulsatelor.ro\/wp\/wp-content\/uploads\/2020\/08\/Bogdan-Dascalescu.jpg","contentUrl":"https:\/\/curierulsatelor.ro\/wp\/wp-content\/uploads\/2020\/08\/Bogdan-Dascalescu.jpg","width":1080,"height":1491},{"@type":"BreadcrumbList","@id":"https:\/\/curierulsatelor.ro\/wp\/2020\/08\/25\/bogdan-dascalescu-toti-politicienii-vorbesc-despre-democratia-participativa-dar-in-realitate-pe-cetateni-nu-i-asculta-nimeni\/#breadcrumb","itemListElement":[{"@type":"ListItem","position":1,"name":"Prima pagin\u0103","item":"https:\/\/curierulsatelor.ro\/wp\/"},{"@type":"ListItem","position":2,"name":"Bogdan D\u0103sc\u0103lescu: \u201cTo\u021bi politicienii vorbesc despre democra\u021bia participativ\u0103, dar \u00een realitate, pe cet\u0103\u021beni nu-i ascult\u0103 nimeni!\u201d"}]},{"@type":"WebSite","@id":"https:\/\/curierulsatelor.ro\/wp\/#website","url":"https:\/\/curierulsatelor.ro\/wp\/","name":"Curierul Regional","description":"","publisher":{"@id":"https:\/\/curierulsatelor.ro\/wp\/#organization"},"potentialAction":[{"@type":"SearchAction","target":{"@type":"EntryPoint","urlTemplate":"https:\/\/curierulsatelor.ro\/wp\/?s={search_term_string}"},"query-input":{"@type":"PropertyValueSpecification","valueRequired":true,"valueName":"search_term_string"}}],"inLanguage":"ro-RO"},{"@type":"Organization","@id":"https:\/\/curierulsatelor.ro\/wp\/#organization","name":"Curierul Regional","url":"https:\/\/curierulsatelor.ro\/wp\/","logo":{"@type":"ImageObject","inLanguage":"ro-RO","@id":"https:\/\/curierulsatelor.ro\/wp\/#\/schema\/logo\/image\/","url":"https:\/\/curierulsatelor.ro\/wp\/wp-content\/uploads\/2020\/01\/Curierul-Regional-si-Curierul-satelor-logo-header.png","contentUrl":"https:\/\/curierulsatelor.ro\/wp\/wp-content\/uploads\/2020\/01\/Curierul-Regional-si-Curierul-satelor-logo-header.png","width":2943,"height":685,"caption":"Curierul Regional"},"image":{"@id":"https:\/\/curierulsatelor.ro\/wp\/#\/schema\/logo\/image\/"}},{"@type":"Person","@id":"https:\/\/curierulsatelor.ro\/wp\/#\/schema\/person\/6f6b28a030e15d619a82894773d6e7b9","name":"Marian Morosan","image":{"@type":"ImageObject","inLanguage":"ro-RO","@id":"https:\/\/secure.gravatar.com\/avatar\/2e833cc9ab99e6bca46266d4ad9030d308346ff7ff0b6b955c29b74cafaf064b?s=96&d=mm&r=g","url":"https:\/\/secure.gravatar.com\/avatar\/2e833cc9ab99e6bca46266d4ad9030d308346ff7ff0b6b955c29b74cafaf064b?s=96&d=mm&r=g","contentUrl":"https:\/\/secure.gravatar.com\/avatar\/2e833cc9ab99e6bca46266d4ad9030d308346ff7ff0b6b955c29b74cafaf064b?s=96&d=mm&r=g","caption":"Marian Morosan"},"description":"Copiilor no\u015ftri li se preg\u0103te\u015fte, incon\u015ftient, o lume de joben ciuruit, din care niciodat\u0103 nu iese iepura\u015ful. Doar panglicile politicilor sociale roase de moliile cu \u015ftaif din ultimele decenii. Suntem oropsi\u0163i, suntem dispera\u0163i, manipula\u0163i p\u00e2n\u0103 acolo \u00eenc\u00e2t ne bucur\u0103m s\u0103 fim masa de manevr\u0103 a unora \u015fi s\u0103 sus\u0163inem c\u0103 a\u015fa e normal. Acum \u00eel \u00een\u0163eleg pe Cioran, dar \u00eel \u00een\u0163eleg mai bine \u015fi pe Preda. \u015ei m\u0103 g\u00e2ndesc iar, cu groaz\u0103, la copilul meu. Cel pu\u0163in eu nu \u00eemi doresc s\u0103 \u015ftiu c\u0103 micu\u0163ul meu va fi singur, cu sufletul descul\u0163, prin jungla mileniului III ! https:\/\/curierulsatelor.ro\/wp\/2019\/10\/16\/cu-sufletul-descult-prin-jungla-mileniului-iii-editorial\/","sameAs":["http:\/\/admin"],"url":"https:\/\/curierulsatelor.ro\/wp\/author\/admin\/"}]}},"_links":{"self":[{"href":"https:\/\/curierulsatelor.ro\/wp\/wp-json\/wp\/v2\/posts\/3123","targetHints":{"allow":["GET"]}}],"collection":[{"href":"https:\/\/curierulsatelor.ro\/wp\/wp-json\/wp\/v2\/posts"}],"about":[{"href":"https:\/\/curierulsatelor.ro\/wp\/wp-json\/wp\/v2\/types\/post"}],"author":[{"embeddable":true,"href":"https:\/\/curierulsatelor.ro\/wp\/wp-json\/wp\/v2\/users\/1"}],"replies":[{"embeddable":true,"href":"https:\/\/curierulsatelor.ro\/wp\/wp-json\/wp\/v2\/comments?post=3123"}],"version-history":[{"count":1,"href":"https:\/\/curierulsatelor.ro\/wp\/wp-json\/wp\/v2\/posts\/3123\/revisions"}],"predecessor-version":[{"id":3125,"href":"https:\/\/curierulsatelor.ro\/wp\/wp-json\/wp\/v2\/posts\/3123\/revisions\/3125"}],"wp:featuredmedia":[{"embeddable":true,"href":"https:\/\/curierulsatelor.ro\/wp\/wp-json\/wp\/v2\/media\/3124"}],"wp:attachment":[{"href":"https:\/\/curierulsatelor.ro\/wp\/wp-json\/wp\/v2\/media?parent=3123"}],"wp:term":[{"taxonomy":"category","embeddable":true,"href":"https:\/\/curierulsatelor.ro\/wp\/wp-json\/wp\/v2\/categories?post=3123"},{"taxonomy":"post_tag","embeddable":true,"href":"https:\/\/curierulsatelor.ro\/wp\/wp-json\/wp\/v2\/tags?post=3123"}],"curies":[{"name":"wp","href":"https:\/\/api.w.org\/{rel}","templated":true}]}}