{"id":3354,"date":"2020-09-04T08:55:24","date_gmt":"2020-09-04T08:55:24","guid":{"rendered":"https:\/\/curierulsatelor.ro\/wp\/?p=3354"},"modified":"2020-09-04T08:55:25","modified_gmt":"2020-09-04T08:55:25","slug":"cosmin-andrei-am-solicitat-primarului-flutur-rectificare-bugetara-pentru-protectia-sanatatii-copiilor-si-cadrelor-didactice-din-botosani-la-inceput-de-an-scolar","status":"publish","type":"post","link":"https:\/\/curierulsatelor.ro\/wp\/2020\/09\/04\/cosmin-andrei-am-solicitat-primarului-flutur-rectificare-bugetara-pentru-protectia-sanatatii-copiilor-si-cadrelor-didactice-din-botosani-la-inceput-de-an-scolar\/","title":{"rendered":"Cosmin Andrei: Am solicitat primarului Flutur rectificare bugetar\u0103 pentru protec\u021bia s\u0103n\u0103t\u0103\u021bii copiilor \u0219i cadrelor didactice din Boto\u0219ani la \u00eenceput de an \u0219colar"},"content":{"rendered":"\n<p>Am discutat cu colegii mei din Consiliul Local \u0219i am luat decizia de a solicita ini\u021bierea unui proiect de hot\u0103r\u00e2re de Consiliu Local prin care s\u0103 efectu\u0103m o rectificare bugetar\u0103 pentru a\u00a0 asigura sprijin pentru institu\u021biile de \u00eenv\u0103\u021b\u0103m\u00e2nt din municipiul Boto\u0219ani prin achizi\u021bia de m\u0103\u0219ti de protec\u021bie \u0219i dezinfectan\u021bi.<\/p>\n\n\n\n<p>Avem toate sumele necesare \u00een buget. Banii exist\u0103 pentru c\u0103 \u00een luna februarie am depus \u00een Consiliul Local propunerea de a aloca 973.000 de lei pentru acordarea de vouchere \u00een vederea achizi\u021bion\u0103rii de rechizite pentru copiii din municipiul Boto\u0219ani astfel \u00eenc\u00e2t s\u0103 se reduc\u0103 abandonul \u0219colar.<\/p>\n\n\n\n<div class=\"wp-block-image\"><figure class=\"alignright size-large is-resized\"><img fetchpriority=\"high\" decoding=\"async\" src=\"https:\/\/curierulsatelor.ro\/wp\/wp-content\/uploads\/2020\/09\/adresa-alocare-fonduri-724x1024.jpg\" alt=\"\" class=\"wp-image-3355\" width=\"305\" height=\"431\" srcset=\"https:\/\/curierulsatelor.ro\/wp\/wp-content\/uploads\/2020\/09\/adresa-alocare-fonduri-724x1024.jpg 724w, https:\/\/curierulsatelor.ro\/wp\/wp-content\/uploads\/2020\/09\/adresa-alocare-fonduri-212x300.jpg 212w, https:\/\/curierulsatelor.ro\/wp\/wp-content\/uploads\/2020\/09\/adresa-alocare-fonduri-768x1086.jpg 768w, https:\/\/curierulsatelor.ro\/wp\/wp-content\/uploads\/2020\/09\/adresa-alocare-fonduri-1087x1536.jpg 1087w, https:\/\/curierulsatelor.ro\/wp\/wp-content\/uploads\/2020\/09\/adresa-alocare-fonduri-1449x2048.jpg 1449w, https:\/\/curierulsatelor.ro\/wp\/wp-content\/uploads\/2020\/09\/adresa-alocare-fonduri-1024x1447.jpg 1024w, https:\/\/curierulsatelor.ro\/wp\/wp-content\/uploads\/2020\/09\/adresa-alocare-fonduri-scaled.jpg 1811w\" sizes=\"(max-width: 305px) 100vw, 305px\" \/><\/figure><\/div>\n\n\n\n<p>Acum am solicitat alocarea sumei de 473.000 de lei din suma de 973.000 de lei pentru achizi\u021bia de m\u0103\u0219ti \u0219i dezinfectant propor\u021bional cu num\u0103rul elevilor \u0219i cadrelor didactice pentru fiecare institu\u021bie de \u00eenv\u0103\u021b\u0103m\u00e2nt din municipiul Boto\u0219ani.<\/p>\n\n\n\n<p>Brambureala \u00eenceperii \u0219colilor este resim\u021bit\u0103 acut de p\u0103rin\u021bi. Este haos general. P\u0103rin\u021bii nu au \u00eencredere \u00een Ludovic Orban \u0219i nici \u00een ministerul S\u0103n\u0103t\u0103\u021bii \u0219i ministerul Educa\u021biei \u00een ceea ce prive\u0219te deschiderea \u0219colii.<\/p>\n\n\n\n<p>\u00cengrijorarea este at\u00e2t de mare \u00eenc\u00e2t 4 din 5 p\u0103rin\u021bi vor s\u0103 fie implica\u021bi direct \u00een discu\u021biile cu conducerea \u0219colilor \u0219i cu autorit\u0103\u021bile locale.<\/p>\n\n\n\n<p>Zeci de mii de dasc\u0103li \u00een pragul pension\u0103rii amenin\u021b\u0103 c\u0103 p\u0103r\u0103sesc sistemul, speria\u021bi dar \u0219i sc\u00e2rbi\u021bi c\u0103 guvernul PNL nu le asigur\u0103 nici m\u0103car m\u0103\u0219tile necesare unei minime protec\u021bii \u00een fa\u021ba COVID, c\u0103-i discrimineaz\u0103 \u00een raport cu al\u021bi angaja\u021bi ai statului care sunt de asemenea expu\u0219i riscului de infec\u021bie. Guvernul Orban nici m\u0103car nu le acord\u0103 majorarea legal prev\u0103zut\u0103 de 300 de lei\/lun\u0103 care le-ar fi permis cadrelor didactice s\u0103-\u0219i cumpere m\u0103\u0219tile necesare.<\/p>\n\n\n\n<p>Parlamentarii PSD au ini\u021biat un proiect de lege, prin care toate cadrele didactice \u0219i personalul auxiliar \u0219i personalul nedidactic, din \u00eenv\u0103\u021b\u0103m\u00e2ntul de stat, vor primi un stimulent de risc. 2000 de lei lunar, respectiv de 1500 de lei, acordat pe toat\u0103 durata st\u0103rii de alert\u0103 \u0219i a st\u0103rii de urgen\u021b\u0103, pentru implicarea \u0219i expunerea \u00een fa\u021ba riscului r\u0103sp\u00e2ndirii coronavirusului COVID-19.<\/p>\n\n\n\n<p>Pentru mine ca p\u0103rinte cu doi copiii, la fel ca pentru toate mamele \u0219i ta\u021bii din Boto\u0219ani, \u00een momentul de fa\u021b\u0103, PRIORITATEA ZERO este s\u0103n\u0103tatea copiilor no\u0219tri.<\/p>\n\n\n\n<p>Comandat de PARTIDUL SOCIAL DEMOCRAT \u2013 ORG. JUD. BOTO\u0218ANI, Cod unic de identificare mandatar financiar 21200019.<\/p>\n","protected":false},"excerpt":{"rendered":"<p>Am discutat cu colegii mei din Consiliul Local \u0219i am luat decizia de a solicita&#8230;<\/p>\n","protected":false},"author":1,"featured_media":1525,"comment_status":"open","ping_status":"open","sticky":false,"template":"","format":"standard","meta":{"footnotes":""},"categories":[13,8],"tags":[],"class_list":["post-3354","post","type-post","status-publish","format-standard","has-post-thumbnail","hentry","category-alegeri","category-comunicate"],"yoast_head":"<!-- This site is optimized with the Yoast SEO plugin v27.4 - https:\/\/yoast.com\/product\/yoast-seo-wordpress\/ -->\n<title>Cosmin Andrei: Am solicitat primarului Flutur rectificare bugetar\u0103 pentru protec\u021bia s\u0103n\u0103t\u0103\u021bii copiilor \u0219i cadrelor didactice din Boto\u0219ani la \u00eenceput de an \u0219colar - Curierul Regional<\/title>\n<meta name=\"robots\" content=\"index, follow, max-snippet:-1, max-image-preview:large, max-video-preview:-1\" \/>\n<link rel=\"canonical\" href=\"https:\/\/curierulsatelor.ro\/wp\/2020\/09\/04\/cosmin-andrei-am-solicitat-primarului-flutur-rectificare-bugetara-pentru-protectia-sanatatii-copiilor-si-cadrelor-didactice-din-botosani-la-inceput-de-an-scolar\/\" \/>\n<meta property=\"og:locale\" content=\"ro_RO\" \/>\n<meta property=\"og:type\" content=\"article\" \/>\n<meta property=\"og:title\" content=\"Cosmin Andrei: Am solicitat primarului Flutur rectificare bugetar\u0103 pentru protec\u021bia s\u0103n\u0103t\u0103\u021bii copiilor \u0219i cadrelor didactice din Boto\u0219ani la \u00eenceput de an \u0219colar - Curierul Regional\" \/>\n<meta property=\"og:description\" content=\"Am discutat cu colegii mei din Consiliul Local \u0219i am luat decizia de a solicita...\" \/>\n<meta property=\"og:url\" content=\"https:\/\/curierulsatelor.ro\/wp\/2020\/09\/04\/cosmin-andrei-am-solicitat-primarului-flutur-rectificare-bugetara-pentru-protectia-sanatatii-copiilor-si-cadrelor-didactice-din-botosani-la-inceput-de-an-scolar\/\" \/>\n<meta property=\"og:site_name\" content=\"Curierul Regional\" \/>\n<meta property=\"article:published_time\" content=\"2020-09-04T08:55:24+00:00\" \/>\n<meta property=\"article:modified_time\" content=\"2020-09-04T08:55:25+00:00\" \/>\n<meta property=\"og:image\" content=\"https:\/\/curierulsatelor.ro\/wp\/wp-content\/uploads\/2020\/02\/cosmin-andrei-viceprimar-botosani.jpg\" \/>\n\t<meta property=\"og:image:width\" content=\"2111\" \/>\n\t<meta property=\"og:image:height\" content=\"1556\" \/>\n\t<meta property=\"og:image:type\" content=\"image\/jpeg\" \/>\n<meta name=\"author\" content=\"Marian Morosan\" \/>\n<meta name=\"twitter:card\" content=\"summary_large_image\" \/>\n<meta name=\"twitter:label1\" content=\"Scris de\" \/>\n\t<meta name=\"twitter:data1\" content=\"Marian Morosan\" \/>\n\t<meta name=\"twitter:label2\" content=\"Timp estimat pentru citire\" \/>\n\t<meta name=\"twitter:data2\" content=\"2 minute\" \/>\n<script type=\"application\/ld+json\" class=\"yoast-schema-graph\">{\"@context\":\"https:\\\/\\\/schema.org\",\"@graph\":[{\"@type\":\"Article\",\"@id\":\"https:\\\/\\\/curierulsatelor.ro\\\/wp\\\/2020\\\/09\\\/04\\\/cosmin-andrei-am-solicitat-primarului-flutur-rectificare-bugetara-pentru-protectia-sanatatii-copiilor-si-cadrelor-didactice-din-botosani-la-inceput-de-an-scolar\\\/#article\",\"isPartOf\":{\"@id\":\"https:\\\/\\\/curierulsatelor.ro\\\/wp\\\/2020\\\/09\\\/04\\\/cosmin-andrei-am-solicitat-primarului-flutur-rectificare-bugetara-pentru-protectia-sanatatii-copiilor-si-cadrelor-didactice-din-botosani-la-inceput-de-an-scolar\\\/\"},\"author\":{\"name\":\"Marian Morosan\",\"@id\":\"https:\\\/\\\/curierulsatelor.ro\\\/wp\\\/#\\\/schema\\\/person\\\/6f6b28a030e15d619a82894773d6e7b9\"},\"headline\":\"Cosmin Andrei: Am solicitat primarului Flutur rectificare bugetar\u0103 pentru protec\u021bia s\u0103n\u0103t\u0103\u021bii copiilor \u0219i cadrelor didactice din Boto\u0219ani la \u00eenceput de an \u0219colar\",\"datePublished\":\"2020-09-04T08:55:24+00:00\",\"dateModified\":\"2020-09-04T08:55:25+00:00\",\"mainEntityOfPage\":{\"@id\":\"https:\\\/\\\/curierulsatelor.ro\\\/wp\\\/2020\\\/09\\\/04\\\/cosmin-andrei-am-solicitat-primarului-flutur-rectificare-bugetara-pentru-protectia-sanatatii-copiilor-si-cadrelor-didactice-din-botosani-la-inceput-de-an-scolar\\\/\"},\"wordCount\":458,\"commentCount\":0,\"publisher\":{\"@id\":\"https:\\\/\\\/curierulsatelor.ro\\\/wp\\\/#organization\"},\"image\":{\"@id\":\"https:\\\/\\\/curierulsatelor.ro\\\/wp\\\/2020\\\/09\\\/04\\\/cosmin-andrei-am-solicitat-primarului-flutur-rectificare-bugetara-pentru-protectia-sanatatii-copiilor-si-cadrelor-didactice-din-botosani-la-inceput-de-an-scolar\\\/#primaryimage\"},\"thumbnailUrl\":\"https:\\\/\\\/curierulsatelor.ro\\\/wp\\\/wp-content\\\/uploads\\\/2020\\\/02\\\/cosmin-andrei-viceprimar-botosani.jpg\",\"articleSection\":[\"Alegeri\",\"Comunicate\"],\"inLanguage\":\"ro-RO\",\"potentialAction\":[{\"@type\":\"CommentAction\",\"name\":\"Comment\",\"target\":[\"https:\\\/\\\/curierulsatelor.ro\\\/wp\\\/2020\\\/09\\\/04\\\/cosmin-andrei-am-solicitat-primarului-flutur-rectificare-bugetara-pentru-protectia-sanatatii-copiilor-si-cadrelor-didactice-din-botosani-la-inceput-de-an-scolar\\\/#respond\"]}]},{\"@type\":\"WebPage\",\"@id\":\"https:\\\/\\\/curierulsatelor.ro\\\/wp\\\/2020\\\/09\\\/04\\\/cosmin-andrei-am-solicitat-primarului-flutur-rectificare-bugetara-pentru-protectia-sanatatii-copiilor-si-cadrelor-didactice-din-botosani-la-inceput-de-an-scolar\\\/\",\"url\":\"https:\\\/\\\/curierulsatelor.ro\\\/wp\\\/2020\\\/09\\\/04\\\/cosmin-andrei-am-solicitat-primarului-flutur-rectificare-bugetara-pentru-protectia-sanatatii-copiilor-si-cadrelor-didactice-din-botosani-la-inceput-de-an-scolar\\\/\",\"name\":\"Cosmin Andrei: Am solicitat primarului Flutur rectificare bugetar\u0103 pentru protec\u021bia s\u0103n\u0103t\u0103\u021bii copiilor \u0219i cadrelor didactice din Boto\u0219ani la \u00eenceput de an \u0219colar - Curierul Regional\",\"isPartOf\":{\"@id\":\"https:\\\/\\\/curierulsatelor.ro\\\/wp\\\/#website\"},\"primaryImageOfPage\":{\"@id\":\"https:\\\/\\\/curierulsatelor.ro\\\/wp\\\/2020\\\/09\\\/04\\\/cosmin-andrei-am-solicitat-primarului-flutur-rectificare-bugetara-pentru-protectia-sanatatii-copiilor-si-cadrelor-didactice-din-botosani-la-inceput-de-an-scolar\\\/#primaryimage\"},\"image\":{\"@id\":\"https:\\\/\\\/curierulsatelor.ro\\\/wp\\\/2020\\\/09\\\/04\\\/cosmin-andrei-am-solicitat-primarului-flutur-rectificare-bugetara-pentru-protectia-sanatatii-copiilor-si-cadrelor-didactice-din-botosani-la-inceput-de-an-scolar\\\/#primaryimage\"},\"thumbnailUrl\":\"https:\\\/\\\/curierulsatelor.ro\\\/wp\\\/wp-content\\\/uploads\\\/2020\\\/02\\\/cosmin-andrei-viceprimar-botosani.jpg\",\"datePublished\":\"2020-09-04T08:55:24+00:00\",\"dateModified\":\"2020-09-04T08:55:25+00:00\",\"breadcrumb\":{\"@id\":\"https:\\\/\\\/curierulsatelor.ro\\\/wp\\\/2020\\\/09\\\/04\\\/cosmin-andrei-am-solicitat-primarului-flutur-rectificare-bugetara-pentru-protectia-sanatatii-copiilor-si-cadrelor-didactice-din-botosani-la-inceput-de-an-scolar\\\/#breadcrumb\"},\"inLanguage\":\"ro-RO\",\"potentialAction\":[{\"@type\":\"ReadAction\",\"target\":[\"https:\\\/\\\/curierulsatelor.ro\\\/wp\\\/2020\\\/09\\\/04\\\/cosmin-andrei-am-solicitat-primarului-flutur-rectificare-bugetara-pentru-protectia-sanatatii-copiilor-si-cadrelor-didactice-din-botosani-la-inceput-de-an-scolar\\\/\"]}]},{\"@type\":\"ImageObject\",\"inLanguage\":\"ro-RO\",\"@id\":\"https:\\\/\\\/curierulsatelor.ro\\\/wp\\\/2020\\\/09\\\/04\\\/cosmin-andrei-am-solicitat-primarului-flutur-rectificare-bugetara-pentru-protectia-sanatatii-copiilor-si-cadrelor-didactice-din-botosani-la-inceput-de-an-scolar\\\/#primaryimage\",\"url\":\"https:\\\/\\\/curierulsatelor.ro\\\/wp\\\/wp-content\\\/uploads\\\/2020\\\/02\\\/cosmin-andrei-viceprimar-botosani.jpg\",\"contentUrl\":\"https:\\\/\\\/curierulsatelor.ro\\\/wp\\\/wp-content\\\/uploads\\\/2020\\\/02\\\/cosmin-andrei-viceprimar-botosani.jpg\",\"width\":2111,\"height\":1556},{\"@type\":\"BreadcrumbList\",\"@id\":\"https:\\\/\\\/curierulsatelor.ro\\\/wp\\\/2020\\\/09\\\/04\\\/cosmin-andrei-am-solicitat-primarului-flutur-rectificare-bugetara-pentru-protectia-sanatatii-copiilor-si-cadrelor-didactice-din-botosani-la-inceput-de-an-scolar\\\/#breadcrumb\",\"itemListElement\":[{\"@type\":\"ListItem\",\"position\":1,\"name\":\"Prima pagin\u0103\",\"item\":\"https:\\\/\\\/curierulsatelor.ro\\\/wp\\\/\"},{\"@type\":\"ListItem\",\"position\":2,\"name\":\"Cosmin Andrei: Am solicitat primarului Flutur rectificare bugetar\u0103 pentru protec\u021bia s\u0103n\u0103t\u0103\u021bii copiilor \u0219i cadrelor didactice din Boto\u0219ani la \u00eenceput de an \u0219colar\"}]},{\"@type\":\"WebSite\",\"@id\":\"https:\\\/\\\/curierulsatelor.ro\\\/wp\\\/#website\",\"url\":\"https:\\\/\\\/curierulsatelor.ro\\\/wp\\\/\",\"name\":\"Curierul Regional\",\"description\":\"\",\"publisher\":{\"@id\":\"https:\\\/\\\/curierulsatelor.ro\\\/wp\\\/#organization\"},\"potentialAction\":[{\"@type\":\"SearchAction\",\"target\":{\"@type\":\"EntryPoint\",\"urlTemplate\":\"https:\\\/\\\/curierulsatelor.ro\\\/wp\\\/?s={search_term_string}\"},\"query-input\":{\"@type\":\"PropertyValueSpecification\",\"valueRequired\":true,\"valueName\":\"search_term_string\"}}],\"inLanguage\":\"ro-RO\"},{\"@type\":\"Organization\",\"@id\":\"https:\\\/\\\/curierulsatelor.ro\\\/wp\\\/#organization\",\"name\":\"Curierul Regional\",\"url\":\"https:\\\/\\\/curierulsatelor.ro\\\/wp\\\/\",\"logo\":{\"@type\":\"ImageObject\",\"inLanguage\":\"ro-RO\",\"@id\":\"https:\\\/\\\/curierulsatelor.ro\\\/wp\\\/#\\\/schema\\\/logo\\\/image\\\/\",\"url\":\"https:\\\/\\\/curierulsatelor.ro\\\/wp\\\/wp-content\\\/uploads\\\/2020\\\/01\\\/Curierul-Regional-si-Curierul-satelor-logo-header.png\",\"contentUrl\":\"https:\\\/\\\/curierulsatelor.ro\\\/wp\\\/wp-content\\\/uploads\\\/2020\\\/01\\\/Curierul-Regional-si-Curierul-satelor-logo-header.png\",\"width\":2943,\"height\":685,\"caption\":\"Curierul Regional\"},\"image\":{\"@id\":\"https:\\\/\\\/curierulsatelor.ro\\\/wp\\\/#\\\/schema\\\/logo\\\/image\\\/\"}},{\"@type\":\"Person\",\"@id\":\"https:\\\/\\\/curierulsatelor.ro\\\/wp\\\/#\\\/schema\\\/person\\\/6f6b28a030e15d619a82894773d6e7b9\",\"name\":\"Marian Morosan\",\"image\":{\"@type\":\"ImageObject\",\"inLanguage\":\"ro-RO\",\"@id\":\"https:\\\/\\\/secure.gravatar.com\\\/avatar\\\/2e833cc9ab99e6bca46266d4ad9030d308346ff7ff0b6b955c29b74cafaf064b?s=96&d=mm&r=g\",\"url\":\"https:\\\/\\\/secure.gravatar.com\\\/avatar\\\/2e833cc9ab99e6bca46266d4ad9030d308346ff7ff0b6b955c29b74cafaf064b?s=96&d=mm&r=g\",\"contentUrl\":\"https:\\\/\\\/secure.gravatar.com\\\/avatar\\\/2e833cc9ab99e6bca46266d4ad9030d308346ff7ff0b6b955c29b74cafaf064b?s=96&d=mm&r=g\",\"caption\":\"Marian Morosan\"},\"description\":\"Copiilor no\u015ftri li se preg\u0103te\u015fte, incon\u015ftient, o lume de joben ciuruit, din care niciodat\u0103 nu iese iepura\u015ful. Doar panglicile politicilor sociale roase de moliile cu \u015ftaif din ultimele decenii. Suntem oropsi\u0163i, suntem dispera\u0163i, manipula\u0163i p\u00e2n\u0103 acolo \u00eenc\u00e2t ne bucur\u0103m s\u0103 fim masa de manevr\u0103 a unora \u015fi s\u0103 sus\u0163inem c\u0103 a\u015fa e normal. Acum \u00eel \u00een\u0163eleg pe Cioran, dar \u00eel \u00een\u0163eleg mai bine \u015fi pe Preda. \u015ei m\u0103 g\u00e2ndesc iar, cu groaz\u0103, la copilul meu. Cel pu\u0163in eu nu \u00eemi doresc s\u0103 \u015ftiu c\u0103 micu\u0163ul meu va fi singur, cu sufletul descul\u0163, prin jungla mileniului III ! https:\\\/\\\/curierulsatelor.ro\\\/wp\\\/2019\\\/10\\\/16\\\/cu-sufletul-descult-prin-jungla-mileniului-iii-editorial\\\/\",\"sameAs\":[\"http:\\\/\\\/admin\"],\"url\":\"https:\\\/\\\/curierulsatelor.ro\\\/wp\\\/author\\\/admin\\\/\"}]}<\/script>\n<!-- \/ Yoast SEO plugin. -->","yoast_head_json":{"title":"Cosmin Andrei: Am solicitat primarului Flutur rectificare bugetar\u0103 pentru protec\u021bia s\u0103n\u0103t\u0103\u021bii copiilor \u0219i cadrelor didactice din Boto\u0219ani la \u00eenceput de an \u0219colar - Curierul Regional","robots":{"index":"index","follow":"follow","max-snippet":"max-snippet:-1","max-image-preview":"max-image-preview:large","max-video-preview":"max-video-preview:-1"},"canonical":"https:\/\/curierulsatelor.ro\/wp\/2020\/09\/04\/cosmin-andrei-am-solicitat-primarului-flutur-rectificare-bugetara-pentru-protectia-sanatatii-copiilor-si-cadrelor-didactice-din-botosani-la-inceput-de-an-scolar\/","og_locale":"ro_RO","og_type":"article","og_title":"Cosmin Andrei: Am solicitat primarului Flutur rectificare bugetar\u0103 pentru protec\u021bia s\u0103n\u0103t\u0103\u021bii copiilor \u0219i cadrelor didactice din Boto\u0219ani la \u00eenceput de an \u0219colar - Curierul Regional","og_description":"Am discutat cu colegii mei din Consiliul Local \u0219i am luat decizia de a solicita...","og_url":"https:\/\/curierulsatelor.ro\/wp\/2020\/09\/04\/cosmin-andrei-am-solicitat-primarului-flutur-rectificare-bugetara-pentru-protectia-sanatatii-copiilor-si-cadrelor-didactice-din-botosani-la-inceput-de-an-scolar\/","og_site_name":"Curierul Regional","article_published_time":"2020-09-04T08:55:24+00:00","article_modified_time":"2020-09-04T08:55:25+00:00","og_image":[{"width":2111,"height":1556,"url":"https:\/\/curierulsatelor.ro\/wp\/wp-content\/uploads\/2020\/02\/cosmin-andrei-viceprimar-botosani.jpg","type":"image\/jpeg"}],"author":"Marian Morosan","twitter_card":"summary_large_image","twitter_misc":{"Scris de":"Marian Morosan","Timp estimat pentru citire":"2 minute"},"schema":{"@context":"https:\/\/schema.org","@graph":[{"@type":"Article","@id":"https:\/\/curierulsatelor.ro\/wp\/2020\/09\/04\/cosmin-andrei-am-solicitat-primarului-flutur-rectificare-bugetara-pentru-protectia-sanatatii-copiilor-si-cadrelor-didactice-din-botosani-la-inceput-de-an-scolar\/#article","isPartOf":{"@id":"https:\/\/curierulsatelor.ro\/wp\/2020\/09\/04\/cosmin-andrei-am-solicitat-primarului-flutur-rectificare-bugetara-pentru-protectia-sanatatii-copiilor-si-cadrelor-didactice-din-botosani-la-inceput-de-an-scolar\/"},"author":{"name":"Marian Morosan","@id":"https:\/\/curierulsatelor.ro\/wp\/#\/schema\/person\/6f6b28a030e15d619a82894773d6e7b9"},"headline":"Cosmin Andrei: Am solicitat primarului Flutur rectificare bugetar\u0103 pentru protec\u021bia s\u0103n\u0103t\u0103\u021bii copiilor \u0219i cadrelor didactice din Boto\u0219ani la \u00eenceput de an \u0219colar","datePublished":"2020-09-04T08:55:24+00:00","dateModified":"2020-09-04T08:55:25+00:00","mainEntityOfPage":{"@id":"https:\/\/curierulsatelor.ro\/wp\/2020\/09\/04\/cosmin-andrei-am-solicitat-primarului-flutur-rectificare-bugetara-pentru-protectia-sanatatii-copiilor-si-cadrelor-didactice-din-botosani-la-inceput-de-an-scolar\/"},"wordCount":458,"commentCount":0,"publisher":{"@id":"https:\/\/curierulsatelor.ro\/wp\/#organization"},"image":{"@id":"https:\/\/curierulsatelor.ro\/wp\/2020\/09\/04\/cosmin-andrei-am-solicitat-primarului-flutur-rectificare-bugetara-pentru-protectia-sanatatii-copiilor-si-cadrelor-didactice-din-botosani-la-inceput-de-an-scolar\/#primaryimage"},"thumbnailUrl":"https:\/\/curierulsatelor.ro\/wp\/wp-content\/uploads\/2020\/02\/cosmin-andrei-viceprimar-botosani.jpg","articleSection":["Alegeri","Comunicate"],"inLanguage":"ro-RO","potentialAction":[{"@type":"CommentAction","name":"Comment","target":["https:\/\/curierulsatelor.ro\/wp\/2020\/09\/04\/cosmin-andrei-am-solicitat-primarului-flutur-rectificare-bugetara-pentru-protectia-sanatatii-copiilor-si-cadrelor-didactice-din-botosani-la-inceput-de-an-scolar\/#respond"]}]},{"@type":"WebPage","@id":"https:\/\/curierulsatelor.ro\/wp\/2020\/09\/04\/cosmin-andrei-am-solicitat-primarului-flutur-rectificare-bugetara-pentru-protectia-sanatatii-copiilor-si-cadrelor-didactice-din-botosani-la-inceput-de-an-scolar\/","url":"https:\/\/curierulsatelor.ro\/wp\/2020\/09\/04\/cosmin-andrei-am-solicitat-primarului-flutur-rectificare-bugetara-pentru-protectia-sanatatii-copiilor-si-cadrelor-didactice-din-botosani-la-inceput-de-an-scolar\/","name":"Cosmin Andrei: Am solicitat primarului Flutur rectificare bugetar\u0103 pentru protec\u021bia s\u0103n\u0103t\u0103\u021bii copiilor \u0219i cadrelor didactice din Boto\u0219ani la \u00eenceput de an \u0219colar - Curierul Regional","isPartOf":{"@id":"https:\/\/curierulsatelor.ro\/wp\/#website"},"primaryImageOfPage":{"@id":"https:\/\/curierulsatelor.ro\/wp\/2020\/09\/04\/cosmin-andrei-am-solicitat-primarului-flutur-rectificare-bugetara-pentru-protectia-sanatatii-copiilor-si-cadrelor-didactice-din-botosani-la-inceput-de-an-scolar\/#primaryimage"},"image":{"@id":"https:\/\/curierulsatelor.ro\/wp\/2020\/09\/04\/cosmin-andrei-am-solicitat-primarului-flutur-rectificare-bugetara-pentru-protectia-sanatatii-copiilor-si-cadrelor-didactice-din-botosani-la-inceput-de-an-scolar\/#primaryimage"},"thumbnailUrl":"https:\/\/curierulsatelor.ro\/wp\/wp-content\/uploads\/2020\/02\/cosmin-andrei-viceprimar-botosani.jpg","datePublished":"2020-09-04T08:55:24+00:00","dateModified":"2020-09-04T08:55:25+00:00","breadcrumb":{"@id":"https:\/\/curierulsatelor.ro\/wp\/2020\/09\/04\/cosmin-andrei-am-solicitat-primarului-flutur-rectificare-bugetara-pentru-protectia-sanatatii-copiilor-si-cadrelor-didactice-din-botosani-la-inceput-de-an-scolar\/#breadcrumb"},"inLanguage":"ro-RO","potentialAction":[{"@type":"ReadAction","target":["https:\/\/curierulsatelor.ro\/wp\/2020\/09\/04\/cosmin-andrei-am-solicitat-primarului-flutur-rectificare-bugetara-pentru-protectia-sanatatii-copiilor-si-cadrelor-didactice-din-botosani-la-inceput-de-an-scolar\/"]}]},{"@type":"ImageObject","inLanguage":"ro-RO","@id":"https:\/\/curierulsatelor.ro\/wp\/2020\/09\/04\/cosmin-andrei-am-solicitat-primarului-flutur-rectificare-bugetara-pentru-protectia-sanatatii-copiilor-si-cadrelor-didactice-din-botosani-la-inceput-de-an-scolar\/#primaryimage","url":"https:\/\/curierulsatelor.ro\/wp\/wp-content\/uploads\/2020\/02\/cosmin-andrei-viceprimar-botosani.jpg","contentUrl":"https:\/\/curierulsatelor.ro\/wp\/wp-content\/uploads\/2020\/02\/cosmin-andrei-viceprimar-botosani.jpg","width":2111,"height":1556},{"@type":"BreadcrumbList","@id":"https:\/\/curierulsatelor.ro\/wp\/2020\/09\/04\/cosmin-andrei-am-solicitat-primarului-flutur-rectificare-bugetara-pentru-protectia-sanatatii-copiilor-si-cadrelor-didactice-din-botosani-la-inceput-de-an-scolar\/#breadcrumb","itemListElement":[{"@type":"ListItem","position":1,"name":"Prima pagin\u0103","item":"https:\/\/curierulsatelor.ro\/wp\/"},{"@type":"ListItem","position":2,"name":"Cosmin Andrei: Am solicitat primarului Flutur rectificare bugetar\u0103 pentru protec\u021bia s\u0103n\u0103t\u0103\u021bii copiilor \u0219i cadrelor didactice din Boto\u0219ani la \u00eenceput de an \u0219colar"}]},{"@type":"WebSite","@id":"https:\/\/curierulsatelor.ro\/wp\/#website","url":"https:\/\/curierulsatelor.ro\/wp\/","name":"Curierul Regional","description":"","publisher":{"@id":"https:\/\/curierulsatelor.ro\/wp\/#organization"},"potentialAction":[{"@type":"SearchAction","target":{"@type":"EntryPoint","urlTemplate":"https:\/\/curierulsatelor.ro\/wp\/?s={search_term_string}"},"query-input":{"@type":"PropertyValueSpecification","valueRequired":true,"valueName":"search_term_string"}}],"inLanguage":"ro-RO"},{"@type":"Organization","@id":"https:\/\/curierulsatelor.ro\/wp\/#organization","name":"Curierul Regional","url":"https:\/\/curierulsatelor.ro\/wp\/","logo":{"@type":"ImageObject","inLanguage":"ro-RO","@id":"https:\/\/curierulsatelor.ro\/wp\/#\/schema\/logo\/image\/","url":"https:\/\/curierulsatelor.ro\/wp\/wp-content\/uploads\/2020\/01\/Curierul-Regional-si-Curierul-satelor-logo-header.png","contentUrl":"https:\/\/curierulsatelor.ro\/wp\/wp-content\/uploads\/2020\/01\/Curierul-Regional-si-Curierul-satelor-logo-header.png","width":2943,"height":685,"caption":"Curierul Regional"},"image":{"@id":"https:\/\/curierulsatelor.ro\/wp\/#\/schema\/logo\/image\/"}},{"@type":"Person","@id":"https:\/\/curierulsatelor.ro\/wp\/#\/schema\/person\/6f6b28a030e15d619a82894773d6e7b9","name":"Marian Morosan","image":{"@type":"ImageObject","inLanguage":"ro-RO","@id":"https:\/\/secure.gravatar.com\/avatar\/2e833cc9ab99e6bca46266d4ad9030d308346ff7ff0b6b955c29b74cafaf064b?s=96&d=mm&r=g","url":"https:\/\/secure.gravatar.com\/avatar\/2e833cc9ab99e6bca46266d4ad9030d308346ff7ff0b6b955c29b74cafaf064b?s=96&d=mm&r=g","contentUrl":"https:\/\/secure.gravatar.com\/avatar\/2e833cc9ab99e6bca46266d4ad9030d308346ff7ff0b6b955c29b74cafaf064b?s=96&d=mm&r=g","caption":"Marian Morosan"},"description":"Copiilor no\u015ftri li se preg\u0103te\u015fte, incon\u015ftient, o lume de joben ciuruit, din care niciodat\u0103 nu iese iepura\u015ful. Doar panglicile politicilor sociale roase de moliile cu \u015ftaif din ultimele decenii. Suntem oropsi\u0163i, suntem dispera\u0163i, manipula\u0163i p\u00e2n\u0103 acolo \u00eenc\u00e2t ne bucur\u0103m s\u0103 fim masa de manevr\u0103 a unora \u015fi s\u0103 sus\u0163inem c\u0103 a\u015fa e normal. Acum \u00eel \u00een\u0163eleg pe Cioran, dar \u00eel \u00een\u0163eleg mai bine \u015fi pe Preda. \u015ei m\u0103 g\u00e2ndesc iar, cu groaz\u0103, la copilul meu. Cel pu\u0163in eu nu \u00eemi doresc s\u0103 \u015ftiu c\u0103 micu\u0163ul meu va fi singur, cu sufletul descul\u0163, prin jungla mileniului III ! https:\/\/curierulsatelor.ro\/wp\/2019\/10\/16\/cu-sufletul-descult-prin-jungla-mileniului-iii-editorial\/","sameAs":["http:\/\/admin"],"url":"https:\/\/curierulsatelor.ro\/wp\/author\/admin\/"}]}},"_links":{"self":[{"href":"https:\/\/curierulsatelor.ro\/wp\/wp-json\/wp\/v2\/posts\/3354","targetHints":{"allow":["GET"]}}],"collection":[{"href":"https:\/\/curierulsatelor.ro\/wp\/wp-json\/wp\/v2\/posts"}],"about":[{"href":"https:\/\/curierulsatelor.ro\/wp\/wp-json\/wp\/v2\/types\/post"}],"author":[{"embeddable":true,"href":"https:\/\/curierulsatelor.ro\/wp\/wp-json\/wp\/v2\/users\/1"}],"replies":[{"embeddable":true,"href":"https:\/\/curierulsatelor.ro\/wp\/wp-json\/wp\/v2\/comments?post=3354"}],"version-history":[{"count":1,"href":"https:\/\/curierulsatelor.ro\/wp\/wp-json\/wp\/v2\/posts\/3354\/revisions"}],"predecessor-version":[{"id":3356,"href":"https:\/\/curierulsatelor.ro\/wp\/wp-json\/wp\/v2\/posts\/3354\/revisions\/3356"}],"wp:featuredmedia":[{"embeddable":true,"href":"https:\/\/curierulsatelor.ro\/wp\/wp-json\/wp\/v2\/media\/1525"}],"wp:attachment":[{"href":"https:\/\/curierulsatelor.ro\/wp\/wp-json\/wp\/v2\/media?parent=3354"}],"wp:term":[{"taxonomy":"category","embeddable":true,"href":"https:\/\/curierulsatelor.ro\/wp\/wp-json\/wp\/v2\/categories?post=3354"},{"taxonomy":"post_tag","embeddable":true,"href":"https:\/\/curierulsatelor.ro\/wp\/wp-json\/wp\/v2\/tags?post=3354"}],"curies":[{"name":"wp","href":"https:\/\/api.w.org\/{rel}","templated":true}]}}