{"id":3405,"date":"2020-09-07T05:27:37","date_gmt":"2020-09-07T05:27:37","guid":{"rendered":"https:\/\/curierulsatelor.ro\/wp\/?p=3405"},"modified":"2020-09-07T05:27:39","modified_gmt":"2020-09-07T05:27:39","slug":"roxana-florentina-turcanu-candidat-alde-la-primaria-municipiului-botosani-este-timpul-sa-traim-intr-un-oras-curat","status":"publish","type":"post","link":"https:\/\/curierulsatelor.ro\/wp\/2020\/09\/07\/roxana-florentina-turcanu-candidat-alde-la-primaria-municipiului-botosani-este-timpul-sa-traim-intr-un-oras-curat\/","title":{"rendered":"Roxana Florentina \u021aurcanu, candidat ALDE la Prim\u0103ria municipiului Boto\u0219ani: \u201dEste timpul s\u0103 tr\u0103im \u00eentr-un ora\u0219 curat!\u201c"},"content":{"rendered":"\n<p>\u00cembun\u0103t\u0103\u021birea cur\u0103\u021beniei ora\u0219ului Boto\u0219ani este un obiectiv asumat de candidata ALDE la \u0219efia municipiului, pentru mandatul 2020-2024. Aceasta \u00ee\u0219i dore\u0219te s\u0103 implementeze la nivel de municipiu, un proiect pilot de \u00a0\u00eenlocuire a actualelor rampe de gunoi, cu platforme \u00eengropate de colectare selectiv\u0103 a de\u0219eurilor. \u00cen viziunea sa, aceast\u0103 solu\u021bie tehnic\u0103 simplific\u0103 procesul de sortare \u0219i contribuie la cre\u0219terea capacit\u0103\u021bii de depozitare a de\u0219eurilor.<\/p>\n\n\n\n<p>\u201c<strong>Municipiul Boto\u0219ani este sufocat de mizerie! \u00cen vizitele pe care le-am f\u0103cut \u00een cartiere, indiferent de zon\u0103, am remarcat imaginea dezolant\u0103 oferit\u0103 de platformele de gunoi. Pubelele sunt supra\u00eenc\u0103rcate, iar cei cu locuin\u021bele expuse c\u0103tre rampe sunt nevoi\u021bi s\u0103 \u00eendure mirosurile nepl\u0103cute care eman\u0103 de la ghen\u0103. Mai mult, zonele respective sunt pline de c\u00e2ini sau sunt frecventate de persoanele f\u0103r\u0103 ad\u0103post care caut\u0103 resturi alimentare, ceea ce produce un real disconfort. Cea mai bun\u0103 solu\u021bie pentru cre\u0219terea nivelului de civiliza\u021bie privind selectarea \u0219i depozitarea gunoiului menajer este s\u0103 urm\u0103m modelele altor municipii din \u021bar\u0103. Spre exemplu la Cluj, Bra\u0219ov, Pite\u0219ti sau Slatina, administra\u021biile publice locale au reu\u0219it s\u0103 construiasc\u0103 platforme \u00eengropate, iar oamenii se conformeaz\u0103 \u0219i selecteaz\u0103 gunoiul\u201d, <\/strong>a declarat Roxana Florentina \u021aurcanu<\/p>\n\n\n\n<p>Obiectivul propus de candidata forma\u021biunii ALDE la Prim\u0103ria municipiului Boto\u0219ani este \u00een conformitate cu cerin\u021bele europene de cre\u0219tere a nivelului de reciclare a de\u0219eurilor la 50 la sut\u0103, p\u00e2n\u0103 la finalul anului 2020 \u0219i contribuie \u00een acela\u0219i timp la \u00eembun\u0103t\u0103\u021birea aspectului urban.<\/p>\n\n\n\n<p><strong>\u201dUn asemenea proiect pilot poate fi realizat cu bani de la bugetul local, \u00eens\u0103 cred c\u0103 pentru dezvoltarea acestui concept, municipalitatea are nevoie de finan\u021bare european\u0103. Avantajele sunt multiple: de\u0219eurile sunt stocate \u00een subteran \u0219i se diminueaz\u0103 propagarea mirosurilor, este limitat vandalismul, oamenii \u00eenva\u021b\u0103 s\u0103 \u00ee\u0219i selecteze gunoiul \u0219i desigur, din punct de vedere estetic ora\u0219ul va ar\u0103ta mai bine \u0219i va fi mai curat\u201c<\/strong>, a mai spus candidata ALDE la municipiu, Roxana Florentina \u021aurcanu<\/p>\n\n\n\n<p>&nbsp;&nbsp;&nbsp;&nbsp;&nbsp;&nbsp;&nbsp;&nbsp;&nbsp;&nbsp;&nbsp;&nbsp;&nbsp;&nbsp;<strong>Biroul de pres\u0103,<\/strong><\/p>\n\n\n\n<p><strong>&nbsp;&nbsp;&nbsp;&nbsp;&nbsp;&nbsp;&nbsp;&nbsp;&nbsp;&nbsp;&nbsp;&nbsp;&nbsp;&nbsp;&nbsp;&nbsp;&nbsp;&nbsp;&nbsp;&nbsp;&nbsp;&nbsp;&nbsp;&nbsp;&nbsp;&nbsp;&nbsp;&nbsp;&nbsp;&nbsp;&nbsp;&nbsp;&nbsp;&nbsp;&nbsp;&nbsp;&nbsp;&nbsp;&nbsp;&nbsp;&nbsp;&nbsp;&nbsp;&nbsp;&nbsp;&nbsp;&nbsp;&nbsp;&nbsp;&nbsp;&nbsp;&nbsp;&nbsp;&nbsp;&nbsp;&nbsp;&nbsp;&nbsp;&nbsp;&nbsp;&nbsp;&nbsp;&nbsp;&nbsp;&nbsp;&nbsp;&nbsp;&nbsp;&nbsp;&nbsp;&nbsp;&nbsp;&nbsp;&nbsp;&nbsp;&nbsp;&nbsp;<\/strong><strong> <\/strong><strong>&nbsp;&nbsp;&nbsp;&nbsp;&nbsp;&nbsp;&nbsp;&nbsp;&nbsp;&nbsp;&nbsp;&nbsp;&nbsp;&nbsp;&nbsp;&nbsp;&nbsp;&nbsp;&nbsp;&nbsp;&nbsp;&nbsp;&nbsp;&nbsp;&nbsp;&nbsp;&nbsp;ALDE Boto\u0219ani<\/strong><strong><\/strong><\/p>\n\n\n\n<p>Realizat la comanda Partidului Alian\u021ba Liberalilor \u0219i Democra\u021bilor Boto\u0219ani , de S.C. PLAY BY PLAY S.R.L., Cod Unic de Identificare mandatar financiar 21200063<\/p>\n","protected":false},"excerpt":{"rendered":"<p>\u00cembun\u0103t\u0103\u021birea cur\u0103\u021beniei ora\u0219ului Boto\u0219ani este un obiectiv asumat de candidata ALDE la \u0219efia municipiului, pentru&#8230;<\/p>\n","protected":false},"author":1,"featured_media":3406,"comment_status":"open","ping_status":"open","sticky":false,"template":"","format":"standard","meta":{"footnotes":""},"categories":[13,8],"tags":[],"class_list":["post-3405","post","type-post","status-publish","format-standard","has-post-thumbnail","hentry","category-alegeri","category-comunicate"],"yoast_head":"<!-- This site is optimized with the Yoast SEO plugin v27.4 - https:\/\/yoast.com\/product\/yoast-seo-wordpress\/ -->\n<title>Roxana Florentina \u021aurcanu, candidat ALDE la Prim\u0103ria municipiului Boto\u0219ani: \u201dEste timpul s\u0103 tr\u0103im \u00eentr-un ora\u0219 curat!\u201c - Curierul Regional<\/title>\n<meta name=\"robots\" content=\"index, follow, max-snippet:-1, max-image-preview:large, max-video-preview:-1\" \/>\n<link rel=\"canonical\" href=\"https:\/\/curierulsatelor.ro\/wp\/2020\/09\/07\/roxana-florentina-turcanu-candidat-alde-la-primaria-municipiului-botosani-este-timpul-sa-traim-intr-un-oras-curat\/\" \/>\n<meta property=\"og:locale\" content=\"ro_RO\" \/>\n<meta property=\"og:type\" content=\"article\" \/>\n<meta property=\"og:title\" content=\"Roxana Florentina \u021aurcanu, candidat ALDE la Prim\u0103ria municipiului Boto\u0219ani: \u201dEste timpul s\u0103 tr\u0103im \u00eentr-un ora\u0219 curat!\u201c - Curierul Regional\" \/>\n<meta property=\"og:description\" content=\"\u00cembun\u0103t\u0103\u021birea cur\u0103\u021beniei ora\u0219ului Boto\u0219ani este un obiectiv asumat de candidata ALDE la \u0219efia municipiului, pentru...\" \/>\n<meta property=\"og:url\" content=\"https:\/\/curierulsatelor.ro\/wp\/2020\/09\/07\/roxana-florentina-turcanu-candidat-alde-la-primaria-municipiului-botosani-este-timpul-sa-traim-intr-un-oras-curat\/\" \/>\n<meta property=\"og:site_name\" content=\"Curierul Regional\" \/>\n<meta property=\"article:published_time\" content=\"2020-09-07T05:27:37+00:00\" \/>\n<meta property=\"article:modified_time\" content=\"2020-09-07T05:27:39+00:00\" \/>\n<meta property=\"og:image\" content=\"https:\/\/curierulsatelor.ro\/wp\/wp-content\/uploads\/2020\/09\/PicsArt_09-06-11.06.34.jpg\" \/>\n\t<meta property=\"og:image:width\" content=\"1602\" \/>\n\t<meta property=\"og:image:height\" content=\"2481\" \/>\n\t<meta property=\"og:image:type\" content=\"image\/jpeg\" \/>\n<meta name=\"author\" content=\"Marian Morosan\" \/>\n<meta name=\"twitter:card\" content=\"summary_large_image\" \/>\n<meta name=\"twitter:label1\" content=\"Scris de\" \/>\n\t<meta name=\"twitter:data1\" content=\"Marian Morosan\" \/>\n\t<meta name=\"twitter:label2\" content=\"Timp estimat pentru citire\" \/>\n\t<meta name=\"twitter:data2\" content=\"2 minute\" \/>\n<script type=\"application\/ld+json\" class=\"yoast-schema-graph\">{\"@context\":\"https:\\\/\\\/schema.org\",\"@graph\":[{\"@type\":\"Article\",\"@id\":\"https:\\\/\\\/curierulsatelor.ro\\\/wp\\\/2020\\\/09\\\/07\\\/roxana-florentina-turcanu-candidat-alde-la-primaria-municipiului-botosani-este-timpul-sa-traim-intr-un-oras-curat\\\/#article\",\"isPartOf\":{\"@id\":\"https:\\\/\\\/curierulsatelor.ro\\\/wp\\\/2020\\\/09\\\/07\\\/roxana-florentina-turcanu-candidat-alde-la-primaria-municipiului-botosani-este-timpul-sa-traim-intr-un-oras-curat\\\/\"},\"author\":{\"name\":\"Marian Morosan\",\"@id\":\"https:\\\/\\\/curierulsatelor.ro\\\/wp\\\/#\\\/schema\\\/person\\\/6f6b28a030e15d619a82894773d6e7b9\"},\"headline\":\"Roxana Florentina \u021aurcanu, candidat ALDE la Prim\u0103ria municipiului Boto\u0219ani: \u201dEste timpul s\u0103 tr\u0103im \u00eentr-un ora\u0219 curat!\u201c\",\"datePublished\":\"2020-09-07T05:27:37+00:00\",\"dateModified\":\"2020-09-07T05:27:39+00:00\",\"mainEntityOfPage\":{\"@id\":\"https:\\\/\\\/curierulsatelor.ro\\\/wp\\\/2020\\\/09\\\/07\\\/roxana-florentina-turcanu-candidat-alde-la-primaria-municipiului-botosani-este-timpul-sa-traim-intr-un-oras-curat\\\/\"},\"wordCount\":516,\"commentCount\":0,\"publisher\":{\"@id\":\"https:\\\/\\\/curierulsatelor.ro\\\/wp\\\/#organization\"},\"image\":{\"@id\":\"https:\\\/\\\/curierulsatelor.ro\\\/wp\\\/2020\\\/09\\\/07\\\/roxana-florentina-turcanu-candidat-alde-la-primaria-municipiului-botosani-este-timpul-sa-traim-intr-un-oras-curat\\\/#primaryimage\"},\"thumbnailUrl\":\"https:\\\/\\\/curierulsatelor.ro\\\/wp\\\/wp-content\\\/uploads\\\/2020\\\/09\\\/PicsArt_09-06-11.06.34.jpg\",\"articleSection\":[\"Alegeri\",\"Comunicate\"],\"inLanguage\":\"ro-RO\",\"potentialAction\":[{\"@type\":\"CommentAction\",\"name\":\"Comment\",\"target\":[\"https:\\\/\\\/curierulsatelor.ro\\\/wp\\\/2020\\\/09\\\/07\\\/roxana-florentina-turcanu-candidat-alde-la-primaria-municipiului-botosani-este-timpul-sa-traim-intr-un-oras-curat\\\/#respond\"]}]},{\"@type\":\"WebPage\",\"@id\":\"https:\\\/\\\/curierulsatelor.ro\\\/wp\\\/2020\\\/09\\\/07\\\/roxana-florentina-turcanu-candidat-alde-la-primaria-municipiului-botosani-este-timpul-sa-traim-intr-un-oras-curat\\\/\",\"url\":\"https:\\\/\\\/curierulsatelor.ro\\\/wp\\\/2020\\\/09\\\/07\\\/roxana-florentina-turcanu-candidat-alde-la-primaria-municipiului-botosani-este-timpul-sa-traim-intr-un-oras-curat\\\/\",\"name\":\"Roxana Florentina \u021aurcanu, candidat ALDE la Prim\u0103ria municipiului Boto\u0219ani: \u201dEste timpul s\u0103 tr\u0103im \u00eentr-un ora\u0219 curat!\u201c - Curierul Regional\",\"isPartOf\":{\"@id\":\"https:\\\/\\\/curierulsatelor.ro\\\/wp\\\/#website\"},\"primaryImageOfPage\":{\"@id\":\"https:\\\/\\\/curierulsatelor.ro\\\/wp\\\/2020\\\/09\\\/07\\\/roxana-florentina-turcanu-candidat-alde-la-primaria-municipiului-botosani-este-timpul-sa-traim-intr-un-oras-curat\\\/#primaryimage\"},\"image\":{\"@id\":\"https:\\\/\\\/curierulsatelor.ro\\\/wp\\\/2020\\\/09\\\/07\\\/roxana-florentina-turcanu-candidat-alde-la-primaria-municipiului-botosani-este-timpul-sa-traim-intr-un-oras-curat\\\/#primaryimage\"},\"thumbnailUrl\":\"https:\\\/\\\/curierulsatelor.ro\\\/wp\\\/wp-content\\\/uploads\\\/2020\\\/09\\\/PicsArt_09-06-11.06.34.jpg\",\"datePublished\":\"2020-09-07T05:27:37+00:00\",\"dateModified\":\"2020-09-07T05:27:39+00:00\",\"breadcrumb\":{\"@id\":\"https:\\\/\\\/curierulsatelor.ro\\\/wp\\\/2020\\\/09\\\/07\\\/roxana-florentina-turcanu-candidat-alde-la-primaria-municipiului-botosani-este-timpul-sa-traim-intr-un-oras-curat\\\/#breadcrumb\"},\"inLanguage\":\"ro-RO\",\"potentialAction\":[{\"@type\":\"ReadAction\",\"target\":[\"https:\\\/\\\/curierulsatelor.ro\\\/wp\\\/2020\\\/09\\\/07\\\/roxana-florentina-turcanu-candidat-alde-la-primaria-municipiului-botosani-este-timpul-sa-traim-intr-un-oras-curat\\\/\"]}]},{\"@type\":\"ImageObject\",\"inLanguage\":\"ro-RO\",\"@id\":\"https:\\\/\\\/curierulsatelor.ro\\\/wp\\\/2020\\\/09\\\/07\\\/roxana-florentina-turcanu-candidat-alde-la-primaria-municipiului-botosani-este-timpul-sa-traim-intr-un-oras-curat\\\/#primaryimage\",\"url\":\"https:\\\/\\\/curierulsatelor.ro\\\/wp\\\/wp-content\\\/uploads\\\/2020\\\/09\\\/PicsArt_09-06-11.06.34.jpg\",\"contentUrl\":\"https:\\\/\\\/curierulsatelor.ro\\\/wp\\\/wp-content\\\/uploads\\\/2020\\\/09\\\/PicsArt_09-06-11.06.34.jpg\",\"width\":1602,\"height\":2481},{\"@type\":\"BreadcrumbList\",\"@id\":\"https:\\\/\\\/curierulsatelor.ro\\\/wp\\\/2020\\\/09\\\/07\\\/roxana-florentina-turcanu-candidat-alde-la-primaria-municipiului-botosani-este-timpul-sa-traim-intr-un-oras-curat\\\/#breadcrumb\",\"itemListElement\":[{\"@type\":\"ListItem\",\"position\":1,\"name\":\"Prima pagin\u0103\",\"item\":\"https:\\\/\\\/curierulsatelor.ro\\\/wp\\\/\"},{\"@type\":\"ListItem\",\"position\":2,\"name\":\"Roxana Florentina \u021aurcanu, candidat ALDE la Prim\u0103ria municipiului Boto\u0219ani: \u201dEste timpul s\u0103 tr\u0103im \u00eentr-un ora\u0219 curat!\u201c\"}]},{\"@type\":\"WebSite\",\"@id\":\"https:\\\/\\\/curierulsatelor.ro\\\/wp\\\/#website\",\"url\":\"https:\\\/\\\/curierulsatelor.ro\\\/wp\\\/\",\"name\":\"Curierul Regional\",\"description\":\"\",\"publisher\":{\"@id\":\"https:\\\/\\\/curierulsatelor.ro\\\/wp\\\/#organization\"},\"potentialAction\":[{\"@type\":\"SearchAction\",\"target\":{\"@type\":\"EntryPoint\",\"urlTemplate\":\"https:\\\/\\\/curierulsatelor.ro\\\/wp\\\/?s={search_term_string}\"},\"query-input\":{\"@type\":\"PropertyValueSpecification\",\"valueRequired\":true,\"valueName\":\"search_term_string\"}}],\"inLanguage\":\"ro-RO\"},{\"@type\":\"Organization\",\"@id\":\"https:\\\/\\\/curierulsatelor.ro\\\/wp\\\/#organization\",\"name\":\"Curierul Regional\",\"url\":\"https:\\\/\\\/curierulsatelor.ro\\\/wp\\\/\",\"logo\":{\"@type\":\"ImageObject\",\"inLanguage\":\"ro-RO\",\"@id\":\"https:\\\/\\\/curierulsatelor.ro\\\/wp\\\/#\\\/schema\\\/logo\\\/image\\\/\",\"url\":\"https:\\\/\\\/curierulsatelor.ro\\\/wp\\\/wp-content\\\/uploads\\\/2020\\\/01\\\/Curierul-Regional-si-Curierul-satelor-logo-header.png\",\"contentUrl\":\"https:\\\/\\\/curierulsatelor.ro\\\/wp\\\/wp-content\\\/uploads\\\/2020\\\/01\\\/Curierul-Regional-si-Curierul-satelor-logo-header.png\",\"width\":2943,\"height\":685,\"caption\":\"Curierul Regional\"},\"image\":{\"@id\":\"https:\\\/\\\/curierulsatelor.ro\\\/wp\\\/#\\\/schema\\\/logo\\\/image\\\/\"}},{\"@type\":\"Person\",\"@id\":\"https:\\\/\\\/curierulsatelor.ro\\\/wp\\\/#\\\/schema\\\/person\\\/6f6b28a030e15d619a82894773d6e7b9\",\"name\":\"Marian Morosan\",\"image\":{\"@type\":\"ImageObject\",\"inLanguage\":\"ro-RO\",\"@id\":\"https:\\\/\\\/secure.gravatar.com\\\/avatar\\\/2e833cc9ab99e6bca46266d4ad9030d308346ff7ff0b6b955c29b74cafaf064b?s=96&d=mm&r=g\",\"url\":\"https:\\\/\\\/secure.gravatar.com\\\/avatar\\\/2e833cc9ab99e6bca46266d4ad9030d308346ff7ff0b6b955c29b74cafaf064b?s=96&d=mm&r=g\",\"contentUrl\":\"https:\\\/\\\/secure.gravatar.com\\\/avatar\\\/2e833cc9ab99e6bca46266d4ad9030d308346ff7ff0b6b955c29b74cafaf064b?s=96&d=mm&r=g\",\"caption\":\"Marian Morosan\"},\"description\":\"Copiilor no\u015ftri li se preg\u0103te\u015fte, incon\u015ftient, o lume de joben ciuruit, din care niciodat\u0103 nu iese iepura\u015ful. Doar panglicile politicilor sociale roase de moliile cu \u015ftaif din ultimele decenii. Suntem oropsi\u0163i, suntem dispera\u0163i, manipula\u0163i p\u00e2n\u0103 acolo \u00eenc\u00e2t ne bucur\u0103m s\u0103 fim masa de manevr\u0103 a unora \u015fi s\u0103 sus\u0163inem c\u0103 a\u015fa e normal. Acum \u00eel \u00een\u0163eleg pe Cioran, dar \u00eel \u00een\u0163eleg mai bine \u015fi pe Preda. \u015ei m\u0103 g\u00e2ndesc iar, cu groaz\u0103, la copilul meu. Cel pu\u0163in eu nu \u00eemi doresc s\u0103 \u015ftiu c\u0103 micu\u0163ul meu va fi singur, cu sufletul descul\u0163, prin jungla mileniului III ! https:\\\/\\\/curierulsatelor.ro\\\/wp\\\/2019\\\/10\\\/16\\\/cu-sufletul-descult-prin-jungla-mileniului-iii-editorial\\\/\",\"sameAs\":[\"http:\\\/\\\/admin\"],\"url\":\"https:\\\/\\\/curierulsatelor.ro\\\/wp\\\/author\\\/admin\\\/\"}]}<\/script>\n<!-- \/ Yoast SEO plugin. -->","yoast_head_json":{"title":"Roxana Florentina \u021aurcanu, candidat ALDE la Prim\u0103ria municipiului Boto\u0219ani: \u201dEste timpul s\u0103 tr\u0103im \u00eentr-un ora\u0219 curat!\u201c - Curierul Regional","robots":{"index":"index","follow":"follow","max-snippet":"max-snippet:-1","max-image-preview":"max-image-preview:large","max-video-preview":"max-video-preview:-1"},"canonical":"https:\/\/curierulsatelor.ro\/wp\/2020\/09\/07\/roxana-florentina-turcanu-candidat-alde-la-primaria-municipiului-botosani-este-timpul-sa-traim-intr-un-oras-curat\/","og_locale":"ro_RO","og_type":"article","og_title":"Roxana Florentina \u021aurcanu, candidat ALDE la Prim\u0103ria municipiului Boto\u0219ani: \u201dEste timpul s\u0103 tr\u0103im \u00eentr-un ora\u0219 curat!\u201c - Curierul Regional","og_description":"\u00cembun\u0103t\u0103\u021birea cur\u0103\u021beniei ora\u0219ului Boto\u0219ani este un obiectiv asumat de candidata ALDE la \u0219efia municipiului, pentru...","og_url":"https:\/\/curierulsatelor.ro\/wp\/2020\/09\/07\/roxana-florentina-turcanu-candidat-alde-la-primaria-municipiului-botosani-este-timpul-sa-traim-intr-un-oras-curat\/","og_site_name":"Curierul Regional","article_published_time":"2020-09-07T05:27:37+00:00","article_modified_time":"2020-09-07T05:27:39+00:00","og_image":[{"width":1602,"height":2481,"url":"https:\/\/curierulsatelor.ro\/wp\/wp-content\/uploads\/2020\/09\/PicsArt_09-06-11.06.34.jpg","type":"image\/jpeg"}],"author":"Marian Morosan","twitter_card":"summary_large_image","twitter_misc":{"Scris de":"Marian Morosan","Timp estimat pentru citire":"2 minute"},"schema":{"@context":"https:\/\/schema.org","@graph":[{"@type":"Article","@id":"https:\/\/curierulsatelor.ro\/wp\/2020\/09\/07\/roxana-florentina-turcanu-candidat-alde-la-primaria-municipiului-botosani-este-timpul-sa-traim-intr-un-oras-curat\/#article","isPartOf":{"@id":"https:\/\/curierulsatelor.ro\/wp\/2020\/09\/07\/roxana-florentina-turcanu-candidat-alde-la-primaria-municipiului-botosani-este-timpul-sa-traim-intr-un-oras-curat\/"},"author":{"name":"Marian Morosan","@id":"https:\/\/curierulsatelor.ro\/wp\/#\/schema\/person\/6f6b28a030e15d619a82894773d6e7b9"},"headline":"Roxana Florentina \u021aurcanu, candidat ALDE la Prim\u0103ria municipiului Boto\u0219ani: \u201dEste timpul s\u0103 tr\u0103im \u00eentr-un ora\u0219 curat!\u201c","datePublished":"2020-09-07T05:27:37+00:00","dateModified":"2020-09-07T05:27:39+00:00","mainEntityOfPage":{"@id":"https:\/\/curierulsatelor.ro\/wp\/2020\/09\/07\/roxana-florentina-turcanu-candidat-alde-la-primaria-municipiului-botosani-este-timpul-sa-traim-intr-un-oras-curat\/"},"wordCount":516,"commentCount":0,"publisher":{"@id":"https:\/\/curierulsatelor.ro\/wp\/#organization"},"image":{"@id":"https:\/\/curierulsatelor.ro\/wp\/2020\/09\/07\/roxana-florentina-turcanu-candidat-alde-la-primaria-municipiului-botosani-este-timpul-sa-traim-intr-un-oras-curat\/#primaryimage"},"thumbnailUrl":"https:\/\/curierulsatelor.ro\/wp\/wp-content\/uploads\/2020\/09\/PicsArt_09-06-11.06.34.jpg","articleSection":["Alegeri","Comunicate"],"inLanguage":"ro-RO","potentialAction":[{"@type":"CommentAction","name":"Comment","target":["https:\/\/curierulsatelor.ro\/wp\/2020\/09\/07\/roxana-florentina-turcanu-candidat-alde-la-primaria-municipiului-botosani-este-timpul-sa-traim-intr-un-oras-curat\/#respond"]}]},{"@type":"WebPage","@id":"https:\/\/curierulsatelor.ro\/wp\/2020\/09\/07\/roxana-florentina-turcanu-candidat-alde-la-primaria-municipiului-botosani-este-timpul-sa-traim-intr-un-oras-curat\/","url":"https:\/\/curierulsatelor.ro\/wp\/2020\/09\/07\/roxana-florentina-turcanu-candidat-alde-la-primaria-municipiului-botosani-este-timpul-sa-traim-intr-un-oras-curat\/","name":"Roxana Florentina \u021aurcanu, candidat ALDE la Prim\u0103ria municipiului Boto\u0219ani: \u201dEste timpul s\u0103 tr\u0103im \u00eentr-un ora\u0219 curat!\u201c - Curierul Regional","isPartOf":{"@id":"https:\/\/curierulsatelor.ro\/wp\/#website"},"primaryImageOfPage":{"@id":"https:\/\/curierulsatelor.ro\/wp\/2020\/09\/07\/roxana-florentina-turcanu-candidat-alde-la-primaria-municipiului-botosani-este-timpul-sa-traim-intr-un-oras-curat\/#primaryimage"},"image":{"@id":"https:\/\/curierulsatelor.ro\/wp\/2020\/09\/07\/roxana-florentina-turcanu-candidat-alde-la-primaria-municipiului-botosani-este-timpul-sa-traim-intr-un-oras-curat\/#primaryimage"},"thumbnailUrl":"https:\/\/curierulsatelor.ro\/wp\/wp-content\/uploads\/2020\/09\/PicsArt_09-06-11.06.34.jpg","datePublished":"2020-09-07T05:27:37+00:00","dateModified":"2020-09-07T05:27:39+00:00","breadcrumb":{"@id":"https:\/\/curierulsatelor.ro\/wp\/2020\/09\/07\/roxana-florentina-turcanu-candidat-alde-la-primaria-municipiului-botosani-este-timpul-sa-traim-intr-un-oras-curat\/#breadcrumb"},"inLanguage":"ro-RO","potentialAction":[{"@type":"ReadAction","target":["https:\/\/curierulsatelor.ro\/wp\/2020\/09\/07\/roxana-florentina-turcanu-candidat-alde-la-primaria-municipiului-botosani-este-timpul-sa-traim-intr-un-oras-curat\/"]}]},{"@type":"ImageObject","inLanguage":"ro-RO","@id":"https:\/\/curierulsatelor.ro\/wp\/2020\/09\/07\/roxana-florentina-turcanu-candidat-alde-la-primaria-municipiului-botosani-este-timpul-sa-traim-intr-un-oras-curat\/#primaryimage","url":"https:\/\/curierulsatelor.ro\/wp\/wp-content\/uploads\/2020\/09\/PicsArt_09-06-11.06.34.jpg","contentUrl":"https:\/\/curierulsatelor.ro\/wp\/wp-content\/uploads\/2020\/09\/PicsArt_09-06-11.06.34.jpg","width":1602,"height":2481},{"@type":"BreadcrumbList","@id":"https:\/\/curierulsatelor.ro\/wp\/2020\/09\/07\/roxana-florentina-turcanu-candidat-alde-la-primaria-municipiului-botosani-este-timpul-sa-traim-intr-un-oras-curat\/#breadcrumb","itemListElement":[{"@type":"ListItem","position":1,"name":"Prima pagin\u0103","item":"https:\/\/curierulsatelor.ro\/wp\/"},{"@type":"ListItem","position":2,"name":"Roxana Florentina \u021aurcanu, candidat ALDE la Prim\u0103ria municipiului Boto\u0219ani: \u201dEste timpul s\u0103 tr\u0103im \u00eentr-un ora\u0219 curat!\u201c"}]},{"@type":"WebSite","@id":"https:\/\/curierulsatelor.ro\/wp\/#website","url":"https:\/\/curierulsatelor.ro\/wp\/","name":"Curierul Regional","description":"","publisher":{"@id":"https:\/\/curierulsatelor.ro\/wp\/#organization"},"potentialAction":[{"@type":"SearchAction","target":{"@type":"EntryPoint","urlTemplate":"https:\/\/curierulsatelor.ro\/wp\/?s={search_term_string}"},"query-input":{"@type":"PropertyValueSpecification","valueRequired":true,"valueName":"search_term_string"}}],"inLanguage":"ro-RO"},{"@type":"Organization","@id":"https:\/\/curierulsatelor.ro\/wp\/#organization","name":"Curierul Regional","url":"https:\/\/curierulsatelor.ro\/wp\/","logo":{"@type":"ImageObject","inLanguage":"ro-RO","@id":"https:\/\/curierulsatelor.ro\/wp\/#\/schema\/logo\/image\/","url":"https:\/\/curierulsatelor.ro\/wp\/wp-content\/uploads\/2020\/01\/Curierul-Regional-si-Curierul-satelor-logo-header.png","contentUrl":"https:\/\/curierulsatelor.ro\/wp\/wp-content\/uploads\/2020\/01\/Curierul-Regional-si-Curierul-satelor-logo-header.png","width":2943,"height":685,"caption":"Curierul Regional"},"image":{"@id":"https:\/\/curierulsatelor.ro\/wp\/#\/schema\/logo\/image\/"}},{"@type":"Person","@id":"https:\/\/curierulsatelor.ro\/wp\/#\/schema\/person\/6f6b28a030e15d619a82894773d6e7b9","name":"Marian Morosan","image":{"@type":"ImageObject","inLanguage":"ro-RO","@id":"https:\/\/secure.gravatar.com\/avatar\/2e833cc9ab99e6bca46266d4ad9030d308346ff7ff0b6b955c29b74cafaf064b?s=96&d=mm&r=g","url":"https:\/\/secure.gravatar.com\/avatar\/2e833cc9ab99e6bca46266d4ad9030d308346ff7ff0b6b955c29b74cafaf064b?s=96&d=mm&r=g","contentUrl":"https:\/\/secure.gravatar.com\/avatar\/2e833cc9ab99e6bca46266d4ad9030d308346ff7ff0b6b955c29b74cafaf064b?s=96&d=mm&r=g","caption":"Marian Morosan"},"description":"Copiilor no\u015ftri li se preg\u0103te\u015fte, incon\u015ftient, o lume de joben ciuruit, din care niciodat\u0103 nu iese iepura\u015ful. Doar panglicile politicilor sociale roase de moliile cu \u015ftaif din ultimele decenii. Suntem oropsi\u0163i, suntem dispera\u0163i, manipula\u0163i p\u00e2n\u0103 acolo \u00eenc\u00e2t ne bucur\u0103m s\u0103 fim masa de manevr\u0103 a unora \u015fi s\u0103 sus\u0163inem c\u0103 a\u015fa e normal. Acum \u00eel \u00een\u0163eleg pe Cioran, dar \u00eel \u00een\u0163eleg mai bine \u015fi pe Preda. \u015ei m\u0103 g\u00e2ndesc iar, cu groaz\u0103, la copilul meu. Cel pu\u0163in eu nu \u00eemi doresc s\u0103 \u015ftiu c\u0103 micu\u0163ul meu va fi singur, cu sufletul descul\u0163, prin jungla mileniului III ! https:\/\/curierulsatelor.ro\/wp\/2019\/10\/16\/cu-sufletul-descult-prin-jungla-mileniului-iii-editorial\/","sameAs":["http:\/\/admin"],"url":"https:\/\/curierulsatelor.ro\/wp\/author\/admin\/"}]}},"_links":{"self":[{"href":"https:\/\/curierulsatelor.ro\/wp\/wp-json\/wp\/v2\/posts\/3405","targetHints":{"allow":["GET"]}}],"collection":[{"href":"https:\/\/curierulsatelor.ro\/wp\/wp-json\/wp\/v2\/posts"}],"about":[{"href":"https:\/\/curierulsatelor.ro\/wp\/wp-json\/wp\/v2\/types\/post"}],"author":[{"embeddable":true,"href":"https:\/\/curierulsatelor.ro\/wp\/wp-json\/wp\/v2\/users\/1"}],"replies":[{"embeddable":true,"href":"https:\/\/curierulsatelor.ro\/wp\/wp-json\/wp\/v2\/comments?post=3405"}],"version-history":[{"count":1,"href":"https:\/\/curierulsatelor.ro\/wp\/wp-json\/wp\/v2\/posts\/3405\/revisions"}],"predecessor-version":[{"id":3407,"href":"https:\/\/curierulsatelor.ro\/wp\/wp-json\/wp\/v2\/posts\/3405\/revisions\/3407"}],"wp:featuredmedia":[{"embeddable":true,"href":"https:\/\/curierulsatelor.ro\/wp\/wp-json\/wp\/v2\/media\/3406"}],"wp:attachment":[{"href":"https:\/\/curierulsatelor.ro\/wp\/wp-json\/wp\/v2\/media?parent=3405"}],"wp:term":[{"taxonomy":"category","embeddable":true,"href":"https:\/\/curierulsatelor.ro\/wp\/wp-json\/wp\/v2\/categories?post=3405"},{"taxonomy":"post_tag","embeddable":true,"href":"https:\/\/curierulsatelor.ro\/wp\/wp-json\/wp\/v2\/tags?post=3405"}],"curies":[{"name":"wp","href":"https:\/\/api.w.org\/{rel}","templated":true}]}}