{"id":3589,"date":"2020-09-16T06:07:37","date_gmt":"2020-09-16T06:07:37","guid":{"rendered":"https:\/\/curierulsatelor.ro\/wp\/?p=3589"},"modified":"2020-09-16T06:07:38","modified_gmt":"2020-09-16T06:07:38","slug":"un-candidat-altfel-pentru-botosani-a-facut-greva-foamei-pentru-subordonatii-sai-pe-vremea-lui-ceausescu-are-idei-originale-si-vrea-o-academie-politica","status":"publish","type":"post","link":"https:\/\/curierulsatelor.ro\/wp\/2020\/09\/16\/un-candidat-altfel-pentru-botosani-a-facut-greva-foamei-pentru-subordonatii-sai-pe-vremea-lui-ceausescu-are-idei-originale-si-vrea-o-academie-politica\/","title":{"rendered":"Un candidat altfel pentru Boto\u0219ani: a f\u0103cut greva foamei pentru subordona\u021bii s\u0103i pe vremea lui Ceau\u0219escu, are idei originale \u0219i vrea o academie politic\u0103"},"content":{"rendered":"\n<p>Om de afaceri, militar de profesie, Gheorghe Maxim este candidatul ADER Boto\u0219ani pentru func\u021bia de primar al municipiului Boto\u0219ani. Fost comandant de pluton pe vremea \u00eempu\u0219catului de la Scornice\u0219ti, Maxim a f\u0103cut greva foamei pentru subordona\u021bii s\u0103i care era subnutri\u021bi. A riscat \u00eenchisoarea pentru c\u0103 a ales s\u0103 lupte pentru drepturile militarilor subordona\u021bi. Acum este administratorul unui centru de formare profesional\u0103 \u0219i este ini\u021biatorul unui proiect original de stopare a depopulariz\u0103rii satelor \u0219i ora\u0219elor. Prin Centrul European de Desp\u0103gubiri a ajutat mul\u021bi boto\u0219\u0103neni care au apelat la el. Gheorghe Maxim mai are un alt proiect cel pu\u021bin unic \u00een \u021bar\u0103. Acesta inten\u021bioneaz\u0103 s\u0103 \u00eenfiin\u021beze prima academie politic\u0103 cu centrul la Boto\u0219ani. Ca \u0219i candidat al ADER pentru Prim\u0103ria Boto\u0219ani, Gheorghe Maxim este printre pu\u021binii aspiran\u021bi la fotoliul de primar care \u0219i-au pus \u00een programele de campanie , la loc de cinste, pentru priorit\u0103\u021bi, crearea de locuri de munc\u0103 \u0219i refacerea zonei industriale. Red\u0103m mai jos o parte din programul s\u0103u pentru Boto\u0219ani. <\/p>\n\n\n\n<div class=\"wp-block-image\"><figure class=\"alignright size-large is-resized\"><img fetchpriority=\"high\" decoding=\"async\" src=\"https:\/\/curierulsatelor.ro\/wp\/wp-content\/uploads\/2020\/09\/119048140_1196106527443074_6774109863047987649_o.jpg\" alt=\"\" class=\"wp-image-3590\" width=\"331\" height=\"470\" srcset=\"https:\/\/curierulsatelor.ro\/wp\/wp-content\/uploads\/2020\/09\/119048140_1196106527443074_6774109863047987649_o.jpg 676w, https:\/\/curierulsatelor.ro\/wp\/wp-content\/uploads\/2020\/09\/119048140_1196106527443074_6774109863047987649_o-211x300.jpg 211w\" sizes=\"(max-width: 331px) 100vw, 331px\" \/><\/figure><\/div>\n\n\n\n<p> 1. Reforma bugetara ,<br>2. Constructia unei zone industriale si a unui cartier de blocuri tip ANL cu Fonduri Europene intre Catamarasti si Cucorani,<br>3. Prelungirea liniei de tramvai pana la bifurcatia drumului Botosani-Dorohoi, Botosani -Bucecea si din Primaverii la Piata centrala ,<br>4. Reorganizarea sistemului scolar de tip after-school gratuit pentru toti copiii pentru a da posibilitatea parintilor sa lucreze si copiii sa aiba drepturi egale la educatie,<br>5. Prin construirea zonei industriale, dorim sa oferim peste 10000 de locuri de munca nou create, platite la nivel european, oferind posibilitatea celor plecati in strainatate sa revina la familiile lor .<br>Cu sprijinul dumneavoastra putem realiza toate aceste obiective sus mentionate, deoarece prin reforma bugetara vom reusi sa implementam multe Proiecte Europene, avand drept scop imbunatatirea nivelului de trai al cetateanului si sprijinirea antreprenorului pentru dezvoltare .<br>Vrem sa fim un exemplu pentru toata tara<br>Va rugam sa fiti crestini, ceea ce implica responsabilitatea si patriotismul, incurajandu i pe cei din jurul dumneavoastra sa vina la vot , deoarece de noi depinde schimbarea in bine a tuturor !<br>Votati pozitia 6 pentru Primar si pozitia 7 pentru Consiliul Municipal, doar impreuna vom reusi !<br>DUMNEZEU SA BINECUVANTEZE BOTOSANIUL SI LOCUITORII SAI !<br>DOAMNE AJUTA !!<\/p>\n\n\n\n<figure class=\"wp-block-image size-large\"><img decoding=\"async\" width=\"960\" height=\"720\" src=\"https:\/\/curierulsatelor.ro\/wp\/wp-content\/uploads\/2020\/09\/116798474_1489226701271928_4564192037284725143_o.jpg\" alt=\"\" class=\"wp-image-3592\" srcset=\"https:\/\/curierulsatelor.ro\/wp\/wp-content\/uploads\/2020\/09\/116798474_1489226701271928_4564192037284725143_o.jpg 960w, https:\/\/curierulsatelor.ro\/wp\/wp-content\/uploads\/2020\/09\/116798474_1489226701271928_4564192037284725143_o-300x225.jpg 300w, https:\/\/curierulsatelor.ro\/wp\/wp-content\/uploads\/2020\/09\/116798474_1489226701271928_4564192037284725143_o-768x576.jpg 768w\" sizes=\"(max-width: 960px) 100vw, 960px\" \/><\/figure>\n","protected":false},"excerpt":{"rendered":"<p>Om de afaceri, militar de profesie, Gheorghe Maxim este candidatul ADER Boto\u0219ani pentru func\u021bia de&#8230;<\/p>\n","protected":false},"author":1,"featured_media":3591,"comment_status":"open","ping_status":"open","sticky":false,"template":"","format":"standard","meta":{"footnotes":""},"categories":[13,8],"tags":[],"class_list":["post-3589","post","type-post","status-publish","format-standard","has-post-thumbnail","hentry","category-alegeri","category-comunicate"],"yoast_head":"<!-- This site is optimized with the Yoast SEO plugin v27.4 - https:\/\/yoast.com\/product\/yoast-seo-wordpress\/ -->\n<title>Un candidat altfel pentru Boto\u0219ani: a f\u0103cut greva foamei pentru subordona\u021bii s\u0103i pe vremea lui Ceau\u0219escu, are idei originale \u0219i vrea o academie politic\u0103 - Curierul Regional<\/title>\n<meta name=\"robots\" content=\"index, follow, max-snippet:-1, max-image-preview:large, max-video-preview:-1\" \/>\n<link rel=\"canonical\" href=\"https:\/\/curierulsatelor.ro\/wp\/2020\/09\/16\/un-candidat-altfel-pentru-botosani-a-facut-greva-foamei-pentru-subordonatii-sai-pe-vremea-lui-ceausescu-are-idei-originale-si-vrea-o-academie-politica\/\" \/>\n<meta property=\"og:locale\" content=\"ro_RO\" \/>\n<meta property=\"og:type\" content=\"article\" \/>\n<meta property=\"og:title\" content=\"Un candidat altfel pentru Boto\u0219ani: a f\u0103cut greva foamei pentru subordona\u021bii s\u0103i pe vremea lui Ceau\u0219escu, are idei originale \u0219i vrea o academie politic\u0103 - Curierul Regional\" \/>\n<meta property=\"og:description\" content=\"Om de afaceri, militar de profesie, Gheorghe Maxim este candidatul ADER Boto\u0219ani pentru func\u021bia de...\" \/>\n<meta property=\"og:url\" content=\"https:\/\/curierulsatelor.ro\/wp\/2020\/09\/16\/un-candidat-altfel-pentru-botosani-a-facut-greva-foamei-pentru-subordonatii-sai-pe-vremea-lui-ceausescu-are-idei-originale-si-vrea-o-academie-politica\/\" \/>\n<meta property=\"og:site_name\" content=\"Curierul Regional\" \/>\n<meta property=\"article:published_time\" content=\"2020-09-16T06:07:37+00:00\" \/>\n<meta property=\"article:modified_time\" content=\"2020-09-16T06:07:38+00:00\" \/>\n<meta property=\"og:image\" content=\"https:\/\/curierulsatelor.ro\/wp\/wp-content\/uploads\/2020\/09\/Maxim-Gheorghe-ADER-alegeri.jpg\" \/>\n\t<meta property=\"og:image:width\" content=\"674\" \/>\n\t<meta property=\"og:image:height\" content=\"632\" \/>\n\t<meta property=\"og:image:type\" content=\"image\/jpeg\" \/>\n<meta name=\"author\" content=\"Marian Morosan\" \/>\n<meta name=\"twitter:card\" content=\"summary_large_image\" \/>\n<meta name=\"twitter:label1\" content=\"Scris de\" \/>\n\t<meta name=\"twitter:data1\" content=\"Marian Morosan\" \/>\n\t<meta name=\"twitter:label2\" content=\"Timp estimat pentru citire\" \/>\n\t<meta name=\"twitter:data2\" content=\"2 minute\" \/>\n<script type=\"application\/ld+json\" class=\"yoast-schema-graph\">{\"@context\":\"https:\\\/\\\/schema.org\",\"@graph\":[{\"@type\":\"Article\",\"@id\":\"https:\\\/\\\/curierulsatelor.ro\\\/wp\\\/2020\\\/09\\\/16\\\/un-candidat-altfel-pentru-botosani-a-facut-greva-foamei-pentru-subordonatii-sai-pe-vremea-lui-ceausescu-are-idei-originale-si-vrea-o-academie-politica\\\/#article\",\"isPartOf\":{\"@id\":\"https:\\\/\\\/curierulsatelor.ro\\\/wp\\\/2020\\\/09\\\/16\\\/un-candidat-altfel-pentru-botosani-a-facut-greva-foamei-pentru-subordonatii-sai-pe-vremea-lui-ceausescu-are-idei-originale-si-vrea-o-academie-politica\\\/\"},\"author\":{\"name\":\"Marian Morosan\",\"@id\":\"https:\\\/\\\/curierulsatelor.ro\\\/wp\\\/#\\\/schema\\\/person\\\/6f6b28a030e15d619a82894773d6e7b9\"},\"headline\":\"Un candidat altfel pentru Boto\u0219ani: a f\u0103cut greva foamei pentru subordona\u021bii s\u0103i pe vremea lui Ceau\u0219escu, are idei originale \u0219i vrea o academie politic\u0103\",\"datePublished\":\"2020-09-16T06:07:37+00:00\",\"dateModified\":\"2020-09-16T06:07:38+00:00\",\"mainEntityOfPage\":{\"@id\":\"https:\\\/\\\/curierulsatelor.ro\\\/wp\\\/2020\\\/09\\\/16\\\/un-candidat-altfel-pentru-botosani-a-facut-greva-foamei-pentru-subordonatii-sai-pe-vremea-lui-ceausescu-are-idei-originale-si-vrea-o-academie-politica\\\/\"},\"wordCount\":405,\"commentCount\":0,\"publisher\":{\"@id\":\"https:\\\/\\\/curierulsatelor.ro\\\/wp\\\/#organization\"},\"image\":{\"@id\":\"https:\\\/\\\/curierulsatelor.ro\\\/wp\\\/2020\\\/09\\\/16\\\/un-candidat-altfel-pentru-botosani-a-facut-greva-foamei-pentru-subordonatii-sai-pe-vremea-lui-ceausescu-are-idei-originale-si-vrea-o-academie-politica\\\/#primaryimage\"},\"thumbnailUrl\":\"https:\\\/\\\/curierulsatelor.ro\\\/wp\\\/wp-content\\\/uploads\\\/2020\\\/09\\\/Maxim-Gheorghe-ADER-alegeri.jpg\",\"articleSection\":[\"Alegeri\",\"Comunicate\"],\"inLanguage\":\"ro-RO\",\"potentialAction\":[{\"@type\":\"CommentAction\",\"name\":\"Comment\",\"target\":[\"https:\\\/\\\/curierulsatelor.ro\\\/wp\\\/2020\\\/09\\\/16\\\/un-candidat-altfel-pentru-botosani-a-facut-greva-foamei-pentru-subordonatii-sai-pe-vremea-lui-ceausescu-are-idei-originale-si-vrea-o-academie-politica\\\/#respond\"]}]},{\"@type\":\"WebPage\",\"@id\":\"https:\\\/\\\/curierulsatelor.ro\\\/wp\\\/2020\\\/09\\\/16\\\/un-candidat-altfel-pentru-botosani-a-facut-greva-foamei-pentru-subordonatii-sai-pe-vremea-lui-ceausescu-are-idei-originale-si-vrea-o-academie-politica\\\/\",\"url\":\"https:\\\/\\\/curierulsatelor.ro\\\/wp\\\/2020\\\/09\\\/16\\\/un-candidat-altfel-pentru-botosani-a-facut-greva-foamei-pentru-subordonatii-sai-pe-vremea-lui-ceausescu-are-idei-originale-si-vrea-o-academie-politica\\\/\",\"name\":\"Un candidat altfel pentru Boto\u0219ani: a f\u0103cut greva foamei pentru subordona\u021bii s\u0103i pe vremea lui Ceau\u0219escu, are idei originale \u0219i vrea o academie politic\u0103 - Curierul Regional\",\"isPartOf\":{\"@id\":\"https:\\\/\\\/curierulsatelor.ro\\\/wp\\\/#website\"},\"primaryImageOfPage\":{\"@id\":\"https:\\\/\\\/curierulsatelor.ro\\\/wp\\\/2020\\\/09\\\/16\\\/un-candidat-altfel-pentru-botosani-a-facut-greva-foamei-pentru-subordonatii-sai-pe-vremea-lui-ceausescu-are-idei-originale-si-vrea-o-academie-politica\\\/#primaryimage\"},\"image\":{\"@id\":\"https:\\\/\\\/curierulsatelor.ro\\\/wp\\\/2020\\\/09\\\/16\\\/un-candidat-altfel-pentru-botosani-a-facut-greva-foamei-pentru-subordonatii-sai-pe-vremea-lui-ceausescu-are-idei-originale-si-vrea-o-academie-politica\\\/#primaryimage\"},\"thumbnailUrl\":\"https:\\\/\\\/curierulsatelor.ro\\\/wp\\\/wp-content\\\/uploads\\\/2020\\\/09\\\/Maxim-Gheorghe-ADER-alegeri.jpg\",\"datePublished\":\"2020-09-16T06:07:37+00:00\",\"dateModified\":\"2020-09-16T06:07:38+00:00\",\"breadcrumb\":{\"@id\":\"https:\\\/\\\/curierulsatelor.ro\\\/wp\\\/2020\\\/09\\\/16\\\/un-candidat-altfel-pentru-botosani-a-facut-greva-foamei-pentru-subordonatii-sai-pe-vremea-lui-ceausescu-are-idei-originale-si-vrea-o-academie-politica\\\/#breadcrumb\"},\"inLanguage\":\"ro-RO\",\"potentialAction\":[{\"@type\":\"ReadAction\",\"target\":[\"https:\\\/\\\/curierulsatelor.ro\\\/wp\\\/2020\\\/09\\\/16\\\/un-candidat-altfel-pentru-botosani-a-facut-greva-foamei-pentru-subordonatii-sai-pe-vremea-lui-ceausescu-are-idei-originale-si-vrea-o-academie-politica\\\/\"]}]},{\"@type\":\"ImageObject\",\"inLanguage\":\"ro-RO\",\"@id\":\"https:\\\/\\\/curierulsatelor.ro\\\/wp\\\/2020\\\/09\\\/16\\\/un-candidat-altfel-pentru-botosani-a-facut-greva-foamei-pentru-subordonatii-sai-pe-vremea-lui-ceausescu-are-idei-originale-si-vrea-o-academie-politica\\\/#primaryimage\",\"url\":\"https:\\\/\\\/curierulsatelor.ro\\\/wp\\\/wp-content\\\/uploads\\\/2020\\\/09\\\/Maxim-Gheorghe-ADER-alegeri.jpg\",\"contentUrl\":\"https:\\\/\\\/curierulsatelor.ro\\\/wp\\\/wp-content\\\/uploads\\\/2020\\\/09\\\/Maxim-Gheorghe-ADER-alegeri.jpg\",\"width\":674,\"height\":632},{\"@type\":\"BreadcrumbList\",\"@id\":\"https:\\\/\\\/curierulsatelor.ro\\\/wp\\\/2020\\\/09\\\/16\\\/un-candidat-altfel-pentru-botosani-a-facut-greva-foamei-pentru-subordonatii-sai-pe-vremea-lui-ceausescu-are-idei-originale-si-vrea-o-academie-politica\\\/#breadcrumb\",\"itemListElement\":[{\"@type\":\"ListItem\",\"position\":1,\"name\":\"Prima pagin\u0103\",\"item\":\"https:\\\/\\\/curierulsatelor.ro\\\/wp\\\/\"},{\"@type\":\"ListItem\",\"position\":2,\"name\":\"Un candidat altfel pentru Boto\u0219ani: a f\u0103cut greva foamei pentru subordona\u021bii s\u0103i pe vremea lui Ceau\u0219escu, are idei originale \u0219i vrea o academie politic\u0103\"}]},{\"@type\":\"WebSite\",\"@id\":\"https:\\\/\\\/curierulsatelor.ro\\\/wp\\\/#website\",\"url\":\"https:\\\/\\\/curierulsatelor.ro\\\/wp\\\/\",\"name\":\"Curierul Regional\",\"description\":\"\",\"publisher\":{\"@id\":\"https:\\\/\\\/curierulsatelor.ro\\\/wp\\\/#organization\"},\"potentialAction\":[{\"@type\":\"SearchAction\",\"target\":{\"@type\":\"EntryPoint\",\"urlTemplate\":\"https:\\\/\\\/curierulsatelor.ro\\\/wp\\\/?s={search_term_string}\"},\"query-input\":{\"@type\":\"PropertyValueSpecification\",\"valueRequired\":true,\"valueName\":\"search_term_string\"}}],\"inLanguage\":\"ro-RO\"},{\"@type\":\"Organization\",\"@id\":\"https:\\\/\\\/curierulsatelor.ro\\\/wp\\\/#organization\",\"name\":\"Curierul Regional\",\"url\":\"https:\\\/\\\/curierulsatelor.ro\\\/wp\\\/\",\"logo\":{\"@type\":\"ImageObject\",\"inLanguage\":\"ro-RO\",\"@id\":\"https:\\\/\\\/curierulsatelor.ro\\\/wp\\\/#\\\/schema\\\/logo\\\/image\\\/\",\"url\":\"https:\\\/\\\/curierulsatelor.ro\\\/wp\\\/wp-content\\\/uploads\\\/2020\\\/01\\\/Curierul-Regional-si-Curierul-satelor-logo-header.png\",\"contentUrl\":\"https:\\\/\\\/curierulsatelor.ro\\\/wp\\\/wp-content\\\/uploads\\\/2020\\\/01\\\/Curierul-Regional-si-Curierul-satelor-logo-header.png\",\"width\":2943,\"height\":685,\"caption\":\"Curierul Regional\"},\"image\":{\"@id\":\"https:\\\/\\\/curierulsatelor.ro\\\/wp\\\/#\\\/schema\\\/logo\\\/image\\\/\"}},{\"@type\":\"Person\",\"@id\":\"https:\\\/\\\/curierulsatelor.ro\\\/wp\\\/#\\\/schema\\\/person\\\/6f6b28a030e15d619a82894773d6e7b9\",\"name\":\"Marian Morosan\",\"image\":{\"@type\":\"ImageObject\",\"inLanguage\":\"ro-RO\",\"@id\":\"https:\\\/\\\/secure.gravatar.com\\\/avatar\\\/2e833cc9ab99e6bca46266d4ad9030d308346ff7ff0b6b955c29b74cafaf064b?s=96&d=mm&r=g\",\"url\":\"https:\\\/\\\/secure.gravatar.com\\\/avatar\\\/2e833cc9ab99e6bca46266d4ad9030d308346ff7ff0b6b955c29b74cafaf064b?s=96&d=mm&r=g\",\"contentUrl\":\"https:\\\/\\\/secure.gravatar.com\\\/avatar\\\/2e833cc9ab99e6bca46266d4ad9030d308346ff7ff0b6b955c29b74cafaf064b?s=96&d=mm&r=g\",\"caption\":\"Marian Morosan\"},\"description\":\"Copiilor no\u015ftri li se preg\u0103te\u015fte, incon\u015ftient, o lume de joben ciuruit, din care niciodat\u0103 nu iese iepura\u015ful. Doar panglicile politicilor sociale roase de moliile cu \u015ftaif din ultimele decenii. Suntem oropsi\u0163i, suntem dispera\u0163i, manipula\u0163i p\u00e2n\u0103 acolo \u00eenc\u00e2t ne bucur\u0103m s\u0103 fim masa de manevr\u0103 a unora \u015fi s\u0103 sus\u0163inem c\u0103 a\u015fa e normal. Acum \u00eel \u00een\u0163eleg pe Cioran, dar \u00eel \u00een\u0163eleg mai bine \u015fi pe Preda. \u015ei m\u0103 g\u00e2ndesc iar, cu groaz\u0103, la copilul meu. Cel pu\u0163in eu nu \u00eemi doresc s\u0103 \u015ftiu c\u0103 micu\u0163ul meu va fi singur, cu sufletul descul\u0163, prin jungla mileniului III ! https:\\\/\\\/curierulsatelor.ro\\\/wp\\\/2019\\\/10\\\/16\\\/cu-sufletul-descult-prin-jungla-mileniului-iii-editorial\\\/\",\"sameAs\":[\"http:\\\/\\\/admin\"],\"url\":\"https:\\\/\\\/curierulsatelor.ro\\\/wp\\\/author\\\/admin\\\/\"}]}<\/script>\n<!-- \/ Yoast SEO plugin. -->","yoast_head_json":{"title":"Un candidat altfel pentru Boto\u0219ani: a f\u0103cut greva foamei pentru subordona\u021bii s\u0103i pe vremea lui Ceau\u0219escu, are idei originale \u0219i vrea o academie politic\u0103 - Curierul Regional","robots":{"index":"index","follow":"follow","max-snippet":"max-snippet:-1","max-image-preview":"max-image-preview:large","max-video-preview":"max-video-preview:-1"},"canonical":"https:\/\/curierulsatelor.ro\/wp\/2020\/09\/16\/un-candidat-altfel-pentru-botosani-a-facut-greva-foamei-pentru-subordonatii-sai-pe-vremea-lui-ceausescu-are-idei-originale-si-vrea-o-academie-politica\/","og_locale":"ro_RO","og_type":"article","og_title":"Un candidat altfel pentru Boto\u0219ani: a f\u0103cut greva foamei pentru subordona\u021bii s\u0103i pe vremea lui Ceau\u0219escu, are idei originale \u0219i vrea o academie politic\u0103 - Curierul Regional","og_description":"Om de afaceri, militar de profesie, Gheorghe Maxim este candidatul ADER Boto\u0219ani pentru func\u021bia de...","og_url":"https:\/\/curierulsatelor.ro\/wp\/2020\/09\/16\/un-candidat-altfel-pentru-botosani-a-facut-greva-foamei-pentru-subordonatii-sai-pe-vremea-lui-ceausescu-are-idei-originale-si-vrea-o-academie-politica\/","og_site_name":"Curierul Regional","article_published_time":"2020-09-16T06:07:37+00:00","article_modified_time":"2020-09-16T06:07:38+00:00","og_image":[{"width":674,"height":632,"url":"https:\/\/curierulsatelor.ro\/wp\/wp-content\/uploads\/2020\/09\/Maxim-Gheorghe-ADER-alegeri.jpg","type":"image\/jpeg"}],"author":"Marian Morosan","twitter_card":"summary_large_image","twitter_misc":{"Scris de":"Marian Morosan","Timp estimat pentru citire":"2 minute"},"schema":{"@context":"https:\/\/schema.org","@graph":[{"@type":"Article","@id":"https:\/\/curierulsatelor.ro\/wp\/2020\/09\/16\/un-candidat-altfel-pentru-botosani-a-facut-greva-foamei-pentru-subordonatii-sai-pe-vremea-lui-ceausescu-are-idei-originale-si-vrea-o-academie-politica\/#article","isPartOf":{"@id":"https:\/\/curierulsatelor.ro\/wp\/2020\/09\/16\/un-candidat-altfel-pentru-botosani-a-facut-greva-foamei-pentru-subordonatii-sai-pe-vremea-lui-ceausescu-are-idei-originale-si-vrea-o-academie-politica\/"},"author":{"name":"Marian Morosan","@id":"https:\/\/curierulsatelor.ro\/wp\/#\/schema\/person\/6f6b28a030e15d619a82894773d6e7b9"},"headline":"Un candidat altfel pentru Boto\u0219ani: a f\u0103cut greva foamei pentru subordona\u021bii s\u0103i pe vremea lui Ceau\u0219escu, are idei originale \u0219i vrea o academie politic\u0103","datePublished":"2020-09-16T06:07:37+00:00","dateModified":"2020-09-16T06:07:38+00:00","mainEntityOfPage":{"@id":"https:\/\/curierulsatelor.ro\/wp\/2020\/09\/16\/un-candidat-altfel-pentru-botosani-a-facut-greva-foamei-pentru-subordonatii-sai-pe-vremea-lui-ceausescu-are-idei-originale-si-vrea-o-academie-politica\/"},"wordCount":405,"commentCount":0,"publisher":{"@id":"https:\/\/curierulsatelor.ro\/wp\/#organization"},"image":{"@id":"https:\/\/curierulsatelor.ro\/wp\/2020\/09\/16\/un-candidat-altfel-pentru-botosani-a-facut-greva-foamei-pentru-subordonatii-sai-pe-vremea-lui-ceausescu-are-idei-originale-si-vrea-o-academie-politica\/#primaryimage"},"thumbnailUrl":"https:\/\/curierulsatelor.ro\/wp\/wp-content\/uploads\/2020\/09\/Maxim-Gheorghe-ADER-alegeri.jpg","articleSection":["Alegeri","Comunicate"],"inLanguage":"ro-RO","potentialAction":[{"@type":"CommentAction","name":"Comment","target":["https:\/\/curierulsatelor.ro\/wp\/2020\/09\/16\/un-candidat-altfel-pentru-botosani-a-facut-greva-foamei-pentru-subordonatii-sai-pe-vremea-lui-ceausescu-are-idei-originale-si-vrea-o-academie-politica\/#respond"]}]},{"@type":"WebPage","@id":"https:\/\/curierulsatelor.ro\/wp\/2020\/09\/16\/un-candidat-altfel-pentru-botosani-a-facut-greva-foamei-pentru-subordonatii-sai-pe-vremea-lui-ceausescu-are-idei-originale-si-vrea-o-academie-politica\/","url":"https:\/\/curierulsatelor.ro\/wp\/2020\/09\/16\/un-candidat-altfel-pentru-botosani-a-facut-greva-foamei-pentru-subordonatii-sai-pe-vremea-lui-ceausescu-are-idei-originale-si-vrea-o-academie-politica\/","name":"Un candidat altfel pentru Boto\u0219ani: a f\u0103cut greva foamei pentru subordona\u021bii s\u0103i pe vremea lui Ceau\u0219escu, are idei originale \u0219i vrea o academie politic\u0103 - Curierul Regional","isPartOf":{"@id":"https:\/\/curierulsatelor.ro\/wp\/#website"},"primaryImageOfPage":{"@id":"https:\/\/curierulsatelor.ro\/wp\/2020\/09\/16\/un-candidat-altfel-pentru-botosani-a-facut-greva-foamei-pentru-subordonatii-sai-pe-vremea-lui-ceausescu-are-idei-originale-si-vrea-o-academie-politica\/#primaryimage"},"image":{"@id":"https:\/\/curierulsatelor.ro\/wp\/2020\/09\/16\/un-candidat-altfel-pentru-botosani-a-facut-greva-foamei-pentru-subordonatii-sai-pe-vremea-lui-ceausescu-are-idei-originale-si-vrea-o-academie-politica\/#primaryimage"},"thumbnailUrl":"https:\/\/curierulsatelor.ro\/wp\/wp-content\/uploads\/2020\/09\/Maxim-Gheorghe-ADER-alegeri.jpg","datePublished":"2020-09-16T06:07:37+00:00","dateModified":"2020-09-16T06:07:38+00:00","breadcrumb":{"@id":"https:\/\/curierulsatelor.ro\/wp\/2020\/09\/16\/un-candidat-altfel-pentru-botosani-a-facut-greva-foamei-pentru-subordonatii-sai-pe-vremea-lui-ceausescu-are-idei-originale-si-vrea-o-academie-politica\/#breadcrumb"},"inLanguage":"ro-RO","potentialAction":[{"@type":"ReadAction","target":["https:\/\/curierulsatelor.ro\/wp\/2020\/09\/16\/un-candidat-altfel-pentru-botosani-a-facut-greva-foamei-pentru-subordonatii-sai-pe-vremea-lui-ceausescu-are-idei-originale-si-vrea-o-academie-politica\/"]}]},{"@type":"ImageObject","inLanguage":"ro-RO","@id":"https:\/\/curierulsatelor.ro\/wp\/2020\/09\/16\/un-candidat-altfel-pentru-botosani-a-facut-greva-foamei-pentru-subordonatii-sai-pe-vremea-lui-ceausescu-are-idei-originale-si-vrea-o-academie-politica\/#primaryimage","url":"https:\/\/curierulsatelor.ro\/wp\/wp-content\/uploads\/2020\/09\/Maxim-Gheorghe-ADER-alegeri.jpg","contentUrl":"https:\/\/curierulsatelor.ro\/wp\/wp-content\/uploads\/2020\/09\/Maxim-Gheorghe-ADER-alegeri.jpg","width":674,"height":632},{"@type":"BreadcrumbList","@id":"https:\/\/curierulsatelor.ro\/wp\/2020\/09\/16\/un-candidat-altfel-pentru-botosani-a-facut-greva-foamei-pentru-subordonatii-sai-pe-vremea-lui-ceausescu-are-idei-originale-si-vrea-o-academie-politica\/#breadcrumb","itemListElement":[{"@type":"ListItem","position":1,"name":"Prima pagin\u0103","item":"https:\/\/curierulsatelor.ro\/wp\/"},{"@type":"ListItem","position":2,"name":"Un candidat altfel pentru Boto\u0219ani: a f\u0103cut greva foamei pentru subordona\u021bii s\u0103i pe vremea lui Ceau\u0219escu, are idei originale \u0219i vrea o academie politic\u0103"}]},{"@type":"WebSite","@id":"https:\/\/curierulsatelor.ro\/wp\/#website","url":"https:\/\/curierulsatelor.ro\/wp\/","name":"Curierul Regional","description":"","publisher":{"@id":"https:\/\/curierulsatelor.ro\/wp\/#organization"},"potentialAction":[{"@type":"SearchAction","target":{"@type":"EntryPoint","urlTemplate":"https:\/\/curierulsatelor.ro\/wp\/?s={search_term_string}"},"query-input":{"@type":"PropertyValueSpecification","valueRequired":true,"valueName":"search_term_string"}}],"inLanguage":"ro-RO"},{"@type":"Organization","@id":"https:\/\/curierulsatelor.ro\/wp\/#organization","name":"Curierul Regional","url":"https:\/\/curierulsatelor.ro\/wp\/","logo":{"@type":"ImageObject","inLanguage":"ro-RO","@id":"https:\/\/curierulsatelor.ro\/wp\/#\/schema\/logo\/image\/","url":"https:\/\/curierulsatelor.ro\/wp\/wp-content\/uploads\/2020\/01\/Curierul-Regional-si-Curierul-satelor-logo-header.png","contentUrl":"https:\/\/curierulsatelor.ro\/wp\/wp-content\/uploads\/2020\/01\/Curierul-Regional-si-Curierul-satelor-logo-header.png","width":2943,"height":685,"caption":"Curierul Regional"},"image":{"@id":"https:\/\/curierulsatelor.ro\/wp\/#\/schema\/logo\/image\/"}},{"@type":"Person","@id":"https:\/\/curierulsatelor.ro\/wp\/#\/schema\/person\/6f6b28a030e15d619a82894773d6e7b9","name":"Marian Morosan","image":{"@type":"ImageObject","inLanguage":"ro-RO","@id":"https:\/\/secure.gravatar.com\/avatar\/2e833cc9ab99e6bca46266d4ad9030d308346ff7ff0b6b955c29b74cafaf064b?s=96&d=mm&r=g","url":"https:\/\/secure.gravatar.com\/avatar\/2e833cc9ab99e6bca46266d4ad9030d308346ff7ff0b6b955c29b74cafaf064b?s=96&d=mm&r=g","contentUrl":"https:\/\/secure.gravatar.com\/avatar\/2e833cc9ab99e6bca46266d4ad9030d308346ff7ff0b6b955c29b74cafaf064b?s=96&d=mm&r=g","caption":"Marian Morosan"},"description":"Copiilor no\u015ftri li se preg\u0103te\u015fte, incon\u015ftient, o lume de joben ciuruit, din care niciodat\u0103 nu iese iepura\u015ful. Doar panglicile politicilor sociale roase de moliile cu \u015ftaif din ultimele decenii. Suntem oropsi\u0163i, suntem dispera\u0163i, manipula\u0163i p\u00e2n\u0103 acolo \u00eenc\u00e2t ne bucur\u0103m s\u0103 fim masa de manevr\u0103 a unora \u015fi s\u0103 sus\u0163inem c\u0103 a\u015fa e normal. Acum \u00eel \u00een\u0163eleg pe Cioran, dar \u00eel \u00een\u0163eleg mai bine \u015fi pe Preda. \u015ei m\u0103 g\u00e2ndesc iar, cu groaz\u0103, la copilul meu. Cel pu\u0163in eu nu \u00eemi doresc s\u0103 \u015ftiu c\u0103 micu\u0163ul meu va fi singur, cu sufletul descul\u0163, prin jungla mileniului III ! https:\/\/curierulsatelor.ro\/wp\/2019\/10\/16\/cu-sufletul-descult-prin-jungla-mileniului-iii-editorial\/","sameAs":["http:\/\/admin"],"url":"https:\/\/curierulsatelor.ro\/wp\/author\/admin\/"}]}},"_links":{"self":[{"href":"https:\/\/curierulsatelor.ro\/wp\/wp-json\/wp\/v2\/posts\/3589","targetHints":{"allow":["GET"]}}],"collection":[{"href":"https:\/\/curierulsatelor.ro\/wp\/wp-json\/wp\/v2\/posts"}],"about":[{"href":"https:\/\/curierulsatelor.ro\/wp\/wp-json\/wp\/v2\/types\/post"}],"author":[{"embeddable":true,"href":"https:\/\/curierulsatelor.ro\/wp\/wp-json\/wp\/v2\/users\/1"}],"replies":[{"embeddable":true,"href":"https:\/\/curierulsatelor.ro\/wp\/wp-json\/wp\/v2\/comments?post=3589"}],"version-history":[{"count":1,"href":"https:\/\/curierulsatelor.ro\/wp\/wp-json\/wp\/v2\/posts\/3589\/revisions"}],"predecessor-version":[{"id":3593,"href":"https:\/\/curierulsatelor.ro\/wp\/wp-json\/wp\/v2\/posts\/3589\/revisions\/3593"}],"wp:featuredmedia":[{"embeddable":true,"href":"https:\/\/curierulsatelor.ro\/wp\/wp-json\/wp\/v2\/media\/3591"}],"wp:attachment":[{"href":"https:\/\/curierulsatelor.ro\/wp\/wp-json\/wp\/v2\/media?parent=3589"}],"wp:term":[{"taxonomy":"category","embeddable":true,"href":"https:\/\/curierulsatelor.ro\/wp\/wp-json\/wp\/v2\/categories?post=3589"},{"taxonomy":"post_tag","embeddable":true,"href":"https:\/\/curierulsatelor.ro\/wp\/wp-json\/wp\/v2\/tags?post=3589"}],"curies":[{"name":"wp","href":"https:\/\/api.w.org\/{rel}","templated":true}]}}