{"id":405,"date":"2019-10-02T07:13:20","date_gmt":"2019-10-02T07:13:20","guid":{"rendered":"https:\/\/curierulsatelor.ro\/wp\/?p=405"},"modified":"2019-10-02T07:13:26","modified_gmt":"2019-10-02T07:13:26","slug":"tereza-nica-a-respins-propunerile-lui-turcanu-pentru-alde-se-mai-gandeste","status":"publish","type":"post","link":"https:\/\/curierulsatelor.ro\/wp\/2019\/10\/02\/tereza-nica-a-respins-propunerile-lui-turcanu-pentru-alde-se-mai-gandeste\/","title":{"rendered":"Tereza Nica a respins propunerile lui Turcanu pentru ALDE. Se mai gandeste"},"content":{"rendered":"\n<p>Dupa ce a fost anuntata ca facand parte din noua echipa ALDE Botosani, condusa de sotii Florin si Roxana Turcanu, Tereza Nica spune ca nu a fost un accept exprimat clar. Tereza fusese anuntata ca vicepresedinte al BPT ALDE Turcanu si presedinte al organizatiei de femei. Revenita din Praga, Tereza Nica a wxplicat pentru Curierul Satelor cum stau lucrurile. &#8222;Da, este adevarat ca am avut o discutie. Dar asta a fost cu peste un an in urma. Acum nu am discutat nimic. Dar nu, nu fac parte din actuala echipa a lui. Eu nu sunt suparata pe Florin, ca avem o relatie foarte buna. Dar&#8230;nu e momentul sa revin in politica. De altfel vedeti ca deja s-a inaintat spre Bucuresti o alta componenta a BPT&#8221;, ne-a spus Tereza Nica.<\/p>\n","protected":false},"excerpt":{"rendered":"<p>Dupa ce a fost anuntata ca facand parte din noua echipa ALDE Botosani, condusa de&#8230;<\/p>\n","protected":false},"author":1,"featured_media":406,"comment_status":"open","ping_status":"open","sticky":false,"template":"","format":"standard","meta":{"footnotes":""},"categories":[14,3,11],"tags":[],"class_list":["post-405","post","type-post","status-publish","format-standard","has-post-thumbnail","hentry","category-alde","category-lumea-satelor","category-stiri"],"yoast_head":"<!-- This site is optimized with the Yoast SEO plugin v27.4 - https:\/\/yoast.com\/product\/yoast-seo-wordpress\/ -->\n<title>Tereza Nica a respins propunerile lui Turcanu pentru ALDE. Se mai gandeste - Curierul Regional<\/title>\n<meta name=\"robots\" content=\"index, follow, max-snippet:-1, max-image-preview:large, max-video-preview:-1\" \/>\n<link rel=\"canonical\" href=\"https:\/\/curierulsatelor.ro\/wp\/2019\/10\/02\/tereza-nica-a-respins-propunerile-lui-turcanu-pentru-alde-se-mai-gandeste\/\" \/>\n<meta property=\"og:locale\" content=\"ro_RO\" \/>\n<meta property=\"og:type\" content=\"article\" \/>\n<meta property=\"og:title\" content=\"Tereza Nica a respins propunerile lui Turcanu pentru ALDE. Se mai gandeste - Curierul Regional\" \/>\n<meta property=\"og:description\" content=\"Dupa ce a fost anuntata ca facand parte din noua echipa ALDE Botosani, condusa de...\" \/>\n<meta property=\"og:url\" content=\"https:\/\/curierulsatelor.ro\/wp\/2019\/10\/02\/tereza-nica-a-respins-propunerile-lui-turcanu-pentru-alde-se-mai-gandeste\/\" \/>\n<meta property=\"og:site_name\" content=\"Curierul Regional\" \/>\n<meta property=\"article:published_time\" content=\"2019-10-02T07:13:20+00:00\" \/>\n<meta property=\"article:modified_time\" content=\"2019-10-02T07:13:26+00:00\" \/>\n<meta property=\"og:image\" content=\"https:\/\/curierulsatelor.ro\/wp\/wp-content\/uploads\/2019\/10\/IMG_20191002_100108.png\" \/>\n\t<meta property=\"og:image:width\" content=\"558\" \/>\n\t<meta property=\"og:image:height\" content=\"640\" \/>\n\t<meta property=\"og:image:type\" content=\"image\/png\" \/>\n<meta name=\"author\" content=\"Marian Morosan\" \/>\n<meta name=\"twitter:card\" content=\"summary_large_image\" \/>\n<meta name=\"twitter:label1\" content=\"Scris de\" \/>\n\t<meta name=\"twitter:data1\" content=\"Marian Morosan\" \/>\n\t<meta name=\"twitter:label2\" content=\"Timp estimat pentru citire\" \/>\n\t<meta name=\"twitter:data2\" content=\"1 minut\" \/>\n<script type=\"application\/ld+json\" class=\"yoast-schema-graph\">{\"@context\":\"https:\\\/\\\/schema.org\",\"@graph\":[{\"@type\":\"Article\",\"@id\":\"https:\\\/\\\/curierulsatelor.ro\\\/wp\\\/2019\\\/10\\\/02\\\/tereza-nica-a-respins-propunerile-lui-turcanu-pentru-alde-se-mai-gandeste\\\/#article\",\"isPartOf\":{\"@id\":\"https:\\\/\\\/curierulsatelor.ro\\\/wp\\\/2019\\\/10\\\/02\\\/tereza-nica-a-respins-propunerile-lui-turcanu-pentru-alde-se-mai-gandeste\\\/\"},\"author\":{\"name\":\"Marian Morosan\",\"@id\":\"https:\\\/\\\/curierulsatelor.ro\\\/wp\\\/#\\\/schema\\\/person\\\/6f6b28a030e15d619a82894773d6e7b9\"},\"headline\":\"Tereza Nica a respins propunerile lui Turcanu pentru ALDE. Se mai gandeste\",\"datePublished\":\"2019-10-02T07:13:20+00:00\",\"dateModified\":\"2019-10-02T07:13:26+00:00\",\"mainEntityOfPage\":{\"@id\":\"https:\\\/\\\/curierulsatelor.ro\\\/wp\\\/2019\\\/10\\\/02\\\/tereza-nica-a-respins-propunerile-lui-turcanu-pentru-alde-se-mai-gandeste\\\/\"},\"wordCount\":142,\"commentCount\":0,\"publisher\":{\"@id\":\"https:\\\/\\\/curierulsatelor.ro\\\/wp\\\/#organization\"},\"image\":{\"@id\":\"https:\\\/\\\/curierulsatelor.ro\\\/wp\\\/2019\\\/10\\\/02\\\/tereza-nica-a-respins-propunerile-lui-turcanu-pentru-alde-se-mai-gandeste\\\/#primaryimage\"},\"thumbnailUrl\":\"https:\\\/\\\/curierulsatelor.ro\\\/wp\\\/wp-content\\\/uploads\\\/2019\\\/10\\\/IMG_20191002_100108.png\",\"articleSection\":[\"ALDE\",\"Lumea satelor\",\"Stiri\"],\"inLanguage\":\"ro-RO\",\"potentialAction\":[{\"@type\":\"CommentAction\",\"name\":\"Comment\",\"target\":[\"https:\\\/\\\/curierulsatelor.ro\\\/wp\\\/2019\\\/10\\\/02\\\/tereza-nica-a-respins-propunerile-lui-turcanu-pentru-alde-se-mai-gandeste\\\/#respond\"]}]},{\"@type\":\"WebPage\",\"@id\":\"https:\\\/\\\/curierulsatelor.ro\\\/wp\\\/2019\\\/10\\\/02\\\/tereza-nica-a-respins-propunerile-lui-turcanu-pentru-alde-se-mai-gandeste\\\/\",\"url\":\"https:\\\/\\\/curierulsatelor.ro\\\/wp\\\/2019\\\/10\\\/02\\\/tereza-nica-a-respins-propunerile-lui-turcanu-pentru-alde-se-mai-gandeste\\\/\",\"name\":\"Tereza Nica a respins propunerile lui Turcanu pentru ALDE. Se mai gandeste - Curierul Regional\",\"isPartOf\":{\"@id\":\"https:\\\/\\\/curierulsatelor.ro\\\/wp\\\/#website\"},\"primaryImageOfPage\":{\"@id\":\"https:\\\/\\\/curierulsatelor.ro\\\/wp\\\/2019\\\/10\\\/02\\\/tereza-nica-a-respins-propunerile-lui-turcanu-pentru-alde-se-mai-gandeste\\\/#primaryimage\"},\"image\":{\"@id\":\"https:\\\/\\\/curierulsatelor.ro\\\/wp\\\/2019\\\/10\\\/02\\\/tereza-nica-a-respins-propunerile-lui-turcanu-pentru-alde-se-mai-gandeste\\\/#primaryimage\"},\"thumbnailUrl\":\"https:\\\/\\\/curierulsatelor.ro\\\/wp\\\/wp-content\\\/uploads\\\/2019\\\/10\\\/IMG_20191002_100108.png\",\"datePublished\":\"2019-10-02T07:13:20+00:00\",\"dateModified\":\"2019-10-02T07:13:26+00:00\",\"breadcrumb\":{\"@id\":\"https:\\\/\\\/curierulsatelor.ro\\\/wp\\\/2019\\\/10\\\/02\\\/tereza-nica-a-respins-propunerile-lui-turcanu-pentru-alde-se-mai-gandeste\\\/#breadcrumb\"},\"inLanguage\":\"ro-RO\",\"potentialAction\":[{\"@type\":\"ReadAction\",\"target\":[\"https:\\\/\\\/curierulsatelor.ro\\\/wp\\\/2019\\\/10\\\/02\\\/tereza-nica-a-respins-propunerile-lui-turcanu-pentru-alde-se-mai-gandeste\\\/\"]}]},{\"@type\":\"ImageObject\",\"inLanguage\":\"ro-RO\",\"@id\":\"https:\\\/\\\/curierulsatelor.ro\\\/wp\\\/2019\\\/10\\\/02\\\/tereza-nica-a-respins-propunerile-lui-turcanu-pentru-alde-se-mai-gandeste\\\/#primaryimage\",\"url\":\"https:\\\/\\\/curierulsatelor.ro\\\/wp\\\/wp-content\\\/uploads\\\/2019\\\/10\\\/IMG_20191002_100108.png\",\"contentUrl\":\"https:\\\/\\\/curierulsatelor.ro\\\/wp\\\/wp-content\\\/uploads\\\/2019\\\/10\\\/IMG_20191002_100108.png\",\"width\":558,\"height\":640},{\"@type\":\"BreadcrumbList\",\"@id\":\"https:\\\/\\\/curierulsatelor.ro\\\/wp\\\/2019\\\/10\\\/02\\\/tereza-nica-a-respins-propunerile-lui-turcanu-pentru-alde-se-mai-gandeste\\\/#breadcrumb\",\"itemListElement\":[{\"@type\":\"ListItem\",\"position\":1,\"name\":\"Prima pagin\u0103\",\"item\":\"https:\\\/\\\/curierulsatelor.ro\\\/wp\\\/\"},{\"@type\":\"ListItem\",\"position\":2,\"name\":\"Tereza Nica a respins propunerile lui Turcanu pentru ALDE. Se mai gandeste\"}]},{\"@type\":\"WebSite\",\"@id\":\"https:\\\/\\\/curierulsatelor.ro\\\/wp\\\/#website\",\"url\":\"https:\\\/\\\/curierulsatelor.ro\\\/wp\\\/\",\"name\":\"Curierul Regional\",\"description\":\"\",\"publisher\":{\"@id\":\"https:\\\/\\\/curierulsatelor.ro\\\/wp\\\/#organization\"},\"potentialAction\":[{\"@type\":\"SearchAction\",\"target\":{\"@type\":\"EntryPoint\",\"urlTemplate\":\"https:\\\/\\\/curierulsatelor.ro\\\/wp\\\/?s={search_term_string}\"},\"query-input\":{\"@type\":\"PropertyValueSpecification\",\"valueRequired\":true,\"valueName\":\"search_term_string\"}}],\"inLanguage\":\"ro-RO\"},{\"@type\":\"Organization\",\"@id\":\"https:\\\/\\\/curierulsatelor.ro\\\/wp\\\/#organization\",\"name\":\"Curierul Regional\",\"url\":\"https:\\\/\\\/curierulsatelor.ro\\\/wp\\\/\",\"logo\":{\"@type\":\"ImageObject\",\"inLanguage\":\"ro-RO\",\"@id\":\"https:\\\/\\\/curierulsatelor.ro\\\/wp\\\/#\\\/schema\\\/logo\\\/image\\\/\",\"url\":\"https:\\\/\\\/curierulsatelor.ro\\\/wp\\\/wp-content\\\/uploads\\\/2020\\\/01\\\/Curierul-Regional-si-Curierul-satelor-logo-header.png\",\"contentUrl\":\"https:\\\/\\\/curierulsatelor.ro\\\/wp\\\/wp-content\\\/uploads\\\/2020\\\/01\\\/Curierul-Regional-si-Curierul-satelor-logo-header.png\",\"width\":2943,\"height\":685,\"caption\":\"Curierul Regional\"},\"image\":{\"@id\":\"https:\\\/\\\/curierulsatelor.ro\\\/wp\\\/#\\\/schema\\\/logo\\\/image\\\/\"}},{\"@type\":\"Person\",\"@id\":\"https:\\\/\\\/curierulsatelor.ro\\\/wp\\\/#\\\/schema\\\/person\\\/6f6b28a030e15d619a82894773d6e7b9\",\"name\":\"Marian Morosan\",\"image\":{\"@type\":\"ImageObject\",\"inLanguage\":\"ro-RO\",\"@id\":\"https:\\\/\\\/secure.gravatar.com\\\/avatar\\\/2e833cc9ab99e6bca46266d4ad9030d308346ff7ff0b6b955c29b74cafaf064b?s=96&d=mm&r=g\",\"url\":\"https:\\\/\\\/secure.gravatar.com\\\/avatar\\\/2e833cc9ab99e6bca46266d4ad9030d308346ff7ff0b6b955c29b74cafaf064b?s=96&d=mm&r=g\",\"contentUrl\":\"https:\\\/\\\/secure.gravatar.com\\\/avatar\\\/2e833cc9ab99e6bca46266d4ad9030d308346ff7ff0b6b955c29b74cafaf064b?s=96&d=mm&r=g\",\"caption\":\"Marian Morosan\"},\"description\":\"Copiilor no\u015ftri li se preg\u0103te\u015fte, incon\u015ftient, o lume de joben ciuruit, din care niciodat\u0103 nu iese iepura\u015ful. Doar panglicile politicilor sociale roase de moliile cu \u015ftaif din ultimele decenii. Suntem oropsi\u0163i, suntem dispera\u0163i, manipula\u0163i p\u00e2n\u0103 acolo \u00eenc\u00e2t ne bucur\u0103m s\u0103 fim masa de manevr\u0103 a unora \u015fi s\u0103 sus\u0163inem c\u0103 a\u015fa e normal. Acum \u00eel \u00een\u0163eleg pe Cioran, dar \u00eel \u00een\u0163eleg mai bine \u015fi pe Preda. \u015ei m\u0103 g\u00e2ndesc iar, cu groaz\u0103, la copilul meu. Cel pu\u0163in eu nu \u00eemi doresc s\u0103 \u015ftiu c\u0103 micu\u0163ul meu va fi singur, cu sufletul descul\u0163, prin jungla mileniului III ! https:\\\/\\\/curierulsatelor.ro\\\/wp\\\/2019\\\/10\\\/16\\\/cu-sufletul-descult-prin-jungla-mileniului-iii-editorial\\\/\",\"sameAs\":[\"http:\\\/\\\/admin\"],\"url\":\"https:\\\/\\\/curierulsatelor.ro\\\/wp\\\/author\\\/admin\\\/\"}]}<\/script>\n<!-- \/ Yoast SEO plugin. -->","yoast_head_json":{"title":"Tereza Nica a respins propunerile lui Turcanu pentru ALDE. Se mai gandeste - Curierul Regional","robots":{"index":"index","follow":"follow","max-snippet":"max-snippet:-1","max-image-preview":"max-image-preview:large","max-video-preview":"max-video-preview:-1"},"canonical":"https:\/\/curierulsatelor.ro\/wp\/2019\/10\/02\/tereza-nica-a-respins-propunerile-lui-turcanu-pentru-alde-se-mai-gandeste\/","og_locale":"ro_RO","og_type":"article","og_title":"Tereza Nica a respins propunerile lui Turcanu pentru ALDE. Se mai gandeste - Curierul Regional","og_description":"Dupa ce a fost anuntata ca facand parte din noua echipa ALDE Botosani, condusa de...","og_url":"https:\/\/curierulsatelor.ro\/wp\/2019\/10\/02\/tereza-nica-a-respins-propunerile-lui-turcanu-pentru-alde-se-mai-gandeste\/","og_site_name":"Curierul Regional","article_published_time":"2019-10-02T07:13:20+00:00","article_modified_time":"2019-10-02T07:13:26+00:00","og_image":[{"width":558,"height":640,"url":"https:\/\/curierulsatelor.ro\/wp\/wp-content\/uploads\/2019\/10\/IMG_20191002_100108.png","type":"image\/png"}],"author":"Marian Morosan","twitter_card":"summary_large_image","twitter_misc":{"Scris de":"Marian Morosan","Timp estimat pentru citire":"1 minut"},"schema":{"@context":"https:\/\/schema.org","@graph":[{"@type":"Article","@id":"https:\/\/curierulsatelor.ro\/wp\/2019\/10\/02\/tereza-nica-a-respins-propunerile-lui-turcanu-pentru-alde-se-mai-gandeste\/#article","isPartOf":{"@id":"https:\/\/curierulsatelor.ro\/wp\/2019\/10\/02\/tereza-nica-a-respins-propunerile-lui-turcanu-pentru-alde-se-mai-gandeste\/"},"author":{"name":"Marian Morosan","@id":"https:\/\/curierulsatelor.ro\/wp\/#\/schema\/person\/6f6b28a030e15d619a82894773d6e7b9"},"headline":"Tereza Nica a respins propunerile lui Turcanu pentru ALDE. Se mai gandeste","datePublished":"2019-10-02T07:13:20+00:00","dateModified":"2019-10-02T07:13:26+00:00","mainEntityOfPage":{"@id":"https:\/\/curierulsatelor.ro\/wp\/2019\/10\/02\/tereza-nica-a-respins-propunerile-lui-turcanu-pentru-alde-se-mai-gandeste\/"},"wordCount":142,"commentCount":0,"publisher":{"@id":"https:\/\/curierulsatelor.ro\/wp\/#organization"},"image":{"@id":"https:\/\/curierulsatelor.ro\/wp\/2019\/10\/02\/tereza-nica-a-respins-propunerile-lui-turcanu-pentru-alde-se-mai-gandeste\/#primaryimage"},"thumbnailUrl":"https:\/\/curierulsatelor.ro\/wp\/wp-content\/uploads\/2019\/10\/IMG_20191002_100108.png","articleSection":["ALDE","Lumea satelor","Stiri"],"inLanguage":"ro-RO","potentialAction":[{"@type":"CommentAction","name":"Comment","target":["https:\/\/curierulsatelor.ro\/wp\/2019\/10\/02\/tereza-nica-a-respins-propunerile-lui-turcanu-pentru-alde-se-mai-gandeste\/#respond"]}]},{"@type":"WebPage","@id":"https:\/\/curierulsatelor.ro\/wp\/2019\/10\/02\/tereza-nica-a-respins-propunerile-lui-turcanu-pentru-alde-se-mai-gandeste\/","url":"https:\/\/curierulsatelor.ro\/wp\/2019\/10\/02\/tereza-nica-a-respins-propunerile-lui-turcanu-pentru-alde-se-mai-gandeste\/","name":"Tereza Nica a respins propunerile lui Turcanu pentru ALDE. Se mai gandeste - Curierul Regional","isPartOf":{"@id":"https:\/\/curierulsatelor.ro\/wp\/#website"},"primaryImageOfPage":{"@id":"https:\/\/curierulsatelor.ro\/wp\/2019\/10\/02\/tereza-nica-a-respins-propunerile-lui-turcanu-pentru-alde-se-mai-gandeste\/#primaryimage"},"image":{"@id":"https:\/\/curierulsatelor.ro\/wp\/2019\/10\/02\/tereza-nica-a-respins-propunerile-lui-turcanu-pentru-alde-se-mai-gandeste\/#primaryimage"},"thumbnailUrl":"https:\/\/curierulsatelor.ro\/wp\/wp-content\/uploads\/2019\/10\/IMG_20191002_100108.png","datePublished":"2019-10-02T07:13:20+00:00","dateModified":"2019-10-02T07:13:26+00:00","breadcrumb":{"@id":"https:\/\/curierulsatelor.ro\/wp\/2019\/10\/02\/tereza-nica-a-respins-propunerile-lui-turcanu-pentru-alde-se-mai-gandeste\/#breadcrumb"},"inLanguage":"ro-RO","potentialAction":[{"@type":"ReadAction","target":["https:\/\/curierulsatelor.ro\/wp\/2019\/10\/02\/tereza-nica-a-respins-propunerile-lui-turcanu-pentru-alde-se-mai-gandeste\/"]}]},{"@type":"ImageObject","inLanguage":"ro-RO","@id":"https:\/\/curierulsatelor.ro\/wp\/2019\/10\/02\/tereza-nica-a-respins-propunerile-lui-turcanu-pentru-alde-se-mai-gandeste\/#primaryimage","url":"https:\/\/curierulsatelor.ro\/wp\/wp-content\/uploads\/2019\/10\/IMG_20191002_100108.png","contentUrl":"https:\/\/curierulsatelor.ro\/wp\/wp-content\/uploads\/2019\/10\/IMG_20191002_100108.png","width":558,"height":640},{"@type":"BreadcrumbList","@id":"https:\/\/curierulsatelor.ro\/wp\/2019\/10\/02\/tereza-nica-a-respins-propunerile-lui-turcanu-pentru-alde-se-mai-gandeste\/#breadcrumb","itemListElement":[{"@type":"ListItem","position":1,"name":"Prima pagin\u0103","item":"https:\/\/curierulsatelor.ro\/wp\/"},{"@type":"ListItem","position":2,"name":"Tereza Nica a respins propunerile lui Turcanu pentru ALDE. Se mai gandeste"}]},{"@type":"WebSite","@id":"https:\/\/curierulsatelor.ro\/wp\/#website","url":"https:\/\/curierulsatelor.ro\/wp\/","name":"Curierul Regional","description":"","publisher":{"@id":"https:\/\/curierulsatelor.ro\/wp\/#organization"},"potentialAction":[{"@type":"SearchAction","target":{"@type":"EntryPoint","urlTemplate":"https:\/\/curierulsatelor.ro\/wp\/?s={search_term_string}"},"query-input":{"@type":"PropertyValueSpecification","valueRequired":true,"valueName":"search_term_string"}}],"inLanguage":"ro-RO"},{"@type":"Organization","@id":"https:\/\/curierulsatelor.ro\/wp\/#organization","name":"Curierul Regional","url":"https:\/\/curierulsatelor.ro\/wp\/","logo":{"@type":"ImageObject","inLanguage":"ro-RO","@id":"https:\/\/curierulsatelor.ro\/wp\/#\/schema\/logo\/image\/","url":"https:\/\/curierulsatelor.ro\/wp\/wp-content\/uploads\/2020\/01\/Curierul-Regional-si-Curierul-satelor-logo-header.png","contentUrl":"https:\/\/curierulsatelor.ro\/wp\/wp-content\/uploads\/2020\/01\/Curierul-Regional-si-Curierul-satelor-logo-header.png","width":2943,"height":685,"caption":"Curierul Regional"},"image":{"@id":"https:\/\/curierulsatelor.ro\/wp\/#\/schema\/logo\/image\/"}},{"@type":"Person","@id":"https:\/\/curierulsatelor.ro\/wp\/#\/schema\/person\/6f6b28a030e15d619a82894773d6e7b9","name":"Marian Morosan","image":{"@type":"ImageObject","inLanguage":"ro-RO","@id":"https:\/\/secure.gravatar.com\/avatar\/2e833cc9ab99e6bca46266d4ad9030d308346ff7ff0b6b955c29b74cafaf064b?s=96&d=mm&r=g","url":"https:\/\/secure.gravatar.com\/avatar\/2e833cc9ab99e6bca46266d4ad9030d308346ff7ff0b6b955c29b74cafaf064b?s=96&d=mm&r=g","contentUrl":"https:\/\/secure.gravatar.com\/avatar\/2e833cc9ab99e6bca46266d4ad9030d308346ff7ff0b6b955c29b74cafaf064b?s=96&d=mm&r=g","caption":"Marian Morosan"},"description":"Copiilor no\u015ftri li se preg\u0103te\u015fte, incon\u015ftient, o lume de joben ciuruit, din care niciodat\u0103 nu iese iepura\u015ful. Doar panglicile politicilor sociale roase de moliile cu \u015ftaif din ultimele decenii. Suntem oropsi\u0163i, suntem dispera\u0163i, manipula\u0163i p\u00e2n\u0103 acolo \u00eenc\u00e2t ne bucur\u0103m s\u0103 fim masa de manevr\u0103 a unora \u015fi s\u0103 sus\u0163inem c\u0103 a\u015fa e normal. Acum \u00eel \u00een\u0163eleg pe Cioran, dar \u00eel \u00een\u0163eleg mai bine \u015fi pe Preda. \u015ei m\u0103 g\u00e2ndesc iar, cu groaz\u0103, la copilul meu. Cel pu\u0163in eu nu \u00eemi doresc s\u0103 \u015ftiu c\u0103 micu\u0163ul meu va fi singur, cu sufletul descul\u0163, prin jungla mileniului III ! https:\/\/curierulsatelor.ro\/wp\/2019\/10\/16\/cu-sufletul-descult-prin-jungla-mileniului-iii-editorial\/","sameAs":["http:\/\/admin"],"url":"https:\/\/curierulsatelor.ro\/wp\/author\/admin\/"}]}},"_links":{"self":[{"href":"https:\/\/curierulsatelor.ro\/wp\/wp-json\/wp\/v2\/posts\/405","targetHints":{"allow":["GET"]}}],"collection":[{"href":"https:\/\/curierulsatelor.ro\/wp\/wp-json\/wp\/v2\/posts"}],"about":[{"href":"https:\/\/curierulsatelor.ro\/wp\/wp-json\/wp\/v2\/types\/post"}],"author":[{"embeddable":true,"href":"https:\/\/curierulsatelor.ro\/wp\/wp-json\/wp\/v2\/users\/1"}],"replies":[{"embeddable":true,"href":"https:\/\/curierulsatelor.ro\/wp\/wp-json\/wp\/v2\/comments?post=405"}],"version-history":[{"count":1,"href":"https:\/\/curierulsatelor.ro\/wp\/wp-json\/wp\/v2\/posts\/405\/revisions"}],"predecessor-version":[{"id":407,"href":"https:\/\/curierulsatelor.ro\/wp\/wp-json\/wp\/v2\/posts\/405\/revisions\/407"}],"wp:featuredmedia":[{"embeddable":true,"href":"https:\/\/curierulsatelor.ro\/wp\/wp-json\/wp\/v2\/media\/406"}],"wp:attachment":[{"href":"https:\/\/curierulsatelor.ro\/wp\/wp-json\/wp\/v2\/media?parent=405"}],"wp:term":[{"taxonomy":"category","embeddable":true,"href":"https:\/\/curierulsatelor.ro\/wp\/wp-json\/wp\/v2\/categories?post=405"},{"taxonomy":"post_tag","embeddable":true,"href":"https:\/\/curierulsatelor.ro\/wp\/wp-json\/wp\/v2\/tags?post=405"}],"curies":[{"name":"wp","href":"https:\/\/api.w.org\/{rel}","templated":true}]}}