{"id":465,"date":"2019-10-21T04:23:12","date_gmt":"2019-10-21T04:23:12","guid":{"rendered":"https:\/\/curierulsatelor.ro\/wp\/?p=465"},"modified":"2019-10-21T04:23:17","modified_gmt":"2019-10-21T04:23:17","slug":"au-fost-aprobate-finantarile-pentru-camine-si-sali-de-sport-in-8-localitati","status":"publish","type":"post","link":"https:\/\/curierulsatelor.ro\/wp\/2019\/10\/21\/au-fost-aprobate-finantarile-pentru-camine-si-sali-de-sport-in-8-localitati\/","title":{"rendered":"Au fost aprobate finan\u021b\u0103rile pentru c\u0103mine \u0219i s\u0103li de sport \u00een 8 localit\u0103\u021bi"},"content":{"rendered":"\n<p>Mai multe localit\u0103\u021bi din jude\u021bul Boto\u0219ani, vor primi finan\u021b\u0103ri prin CNI pentru c\u0103mine culturale \u0219i s\u0103li de sport. \u201dA fost aprobat un nou set de investi\u021bii pentru jude\u021bul Boto\u0219ani. La capitolul c\u0103mine culturale se promoveaz\u0103 \u00een perioada urm\u0103toare construc\u021bia de c\u0103mine \u00een localitatea Corl\u0103teni, \u00een Vorona &#8211; Jolde\u0219ti, Mileanca, V\u00e2rfu C\u00e2mpului \u0219i Vl\u0103sine\u0219ti. Cu privire la s\u0103lile de sport, domnii primari din comunele C\u00e2nde\u0219ti, Hlipiceni \u0219i Mih\u0103ileni au solicitat \u0219i dumnealor includerea pe lista sintez\u0103 \u0219i sunt \u00een situa\u021bia \u00een care se aprob\u0103 indicatorii tehnico-economici. Al\u021bi trei primari au depus documentele pentru a intra pe lista sintez\u0103 pentru lucr\u0103ri \u00een prim\u0103 interven\u021bie. Primarii din Hude\u0219ti, Tru\u0219e\u0219ti, Brosc\u0103u\u021bi \u0219i V\u00e2rfu C\u00e2mpului au solicitat finan\u021b\u0103ri de la CNI pentru refacrerea tronsoanelor de drum afectate de calamit\u0103\u021bi. Iat\u0103, \u00een fiecare s\u0103pt\u0103m\u00e2n\u0103, venim cu un plus de valoare pe partea de investi\u021bii \u00een jude\u021bul Boto\u0219ani. A\u0219tept\u0103m cu viu interes ca aceast\u0103 coali\u021bie a austerit\u0103\u021bii s\u0103 vin\u0103 \u0219i s\u0103 ne spun\u0103 dac\u0103 tot ceea ce am promovat noi, \u00een ultimii trei ani de zile, vor duce la bun sf\u00e2r\u0219it. Le l\u0103s\u0103m investi\u021bii la cheie, investi\u021bii mature\u201d, a spus senatoarea Doina Federovici, pre\u0219edinte al PSD Boto\u0219ani. <\/p>\n\n\n\n<figure><iframe width=\"560\" height=\"315\" src=\"https:\/\/www.youtube.com\/embed\/sskhquRuQgo\" allowfullscreen=\"\"><\/iframe><\/figure>\n","protected":false},"excerpt":{"rendered":"<p>Mai multe localit\u0103\u021bi din jude\u021bul Boto\u0219ani, vor primi finan\u021b\u0103ri prin CNI pentru c\u0103mine culturale \u0219i&#8230;<\/p>\n","protected":false},"author":1,"featured_media":466,"comment_status":"open","ping_status":"open","sticky":false,"template":"","format":"standard","meta":{"footnotes":""},"categories":[5,6],"tags":[],"class_list":["post-465","post","type-post","status-publish","format-standard","has-post-thumbnail","hentry","category-administratie","category-politica"],"yoast_head":"<!-- This site is optimized with the Yoast SEO plugin v27.4 - https:\/\/yoast.com\/product\/yoast-seo-wordpress\/ -->\n<title>Au fost aprobate finan\u021b\u0103rile pentru c\u0103mine \u0219i s\u0103li de sport \u00een 8 localit\u0103\u021bi - Curierul Regional<\/title>\n<meta name=\"robots\" content=\"index, follow, max-snippet:-1, max-image-preview:large, max-video-preview:-1\" \/>\n<link rel=\"canonical\" href=\"https:\/\/curierulsatelor.ro\/wp\/2019\/10\/21\/au-fost-aprobate-finantarile-pentru-camine-si-sali-de-sport-in-8-localitati\/\" \/>\n<meta property=\"og:locale\" content=\"ro_RO\" \/>\n<meta property=\"og:type\" content=\"article\" \/>\n<meta property=\"og:title\" content=\"Au fost aprobate finan\u021b\u0103rile pentru c\u0103mine \u0219i s\u0103li de sport \u00een 8 localit\u0103\u021bi - Curierul Regional\" \/>\n<meta property=\"og:description\" content=\"Mai multe localit\u0103\u021bi din jude\u021bul Boto\u0219ani, vor primi finan\u021b\u0103ri prin CNI pentru c\u0103mine culturale \u0219i...\" \/>\n<meta property=\"og:url\" content=\"https:\/\/curierulsatelor.ro\/wp\/2019\/10\/21\/au-fost-aprobate-finantarile-pentru-camine-si-sali-de-sport-in-8-localitati\/\" \/>\n<meta property=\"og:site_name\" content=\"Curierul Regional\" \/>\n<meta property=\"article:published_time\" content=\"2019-10-21T04:23:12+00:00\" \/>\n<meta property=\"article:modified_time\" content=\"2019-10-21T04:23:17+00:00\" \/>\n<meta property=\"og:image\" content=\"https:\/\/curierulsatelor.ro\/wp\/wp-content\/uploads\/2019\/10\/Doina-Federovici.jpg\" \/>\n\t<meta property=\"og:image:width\" content=\"1427\" \/>\n\t<meta property=\"og:image:height\" content=\"795\" \/>\n\t<meta property=\"og:image:type\" content=\"image\/jpeg\" \/>\n<meta name=\"author\" content=\"Marian Morosan\" \/>\n<meta name=\"twitter:card\" content=\"summary_large_image\" \/>\n<meta name=\"twitter:label1\" content=\"Scris de\" \/>\n\t<meta name=\"twitter:data1\" content=\"Marian Morosan\" \/>\n\t<meta name=\"twitter:label2\" content=\"Timp estimat pentru citire\" \/>\n\t<meta name=\"twitter:data2\" content=\"1 minut\" \/>\n<script type=\"application\/ld+json\" class=\"yoast-schema-graph\">{\"@context\":\"https:\\\/\\\/schema.org\",\"@graph\":[{\"@type\":\"Article\",\"@id\":\"https:\\\/\\\/curierulsatelor.ro\\\/wp\\\/2019\\\/10\\\/21\\\/au-fost-aprobate-finantarile-pentru-camine-si-sali-de-sport-in-8-localitati\\\/#article\",\"isPartOf\":{\"@id\":\"https:\\\/\\\/curierulsatelor.ro\\\/wp\\\/2019\\\/10\\\/21\\\/au-fost-aprobate-finantarile-pentru-camine-si-sali-de-sport-in-8-localitati\\\/\"},\"author\":{\"name\":\"Marian Morosan\",\"@id\":\"https:\\\/\\\/curierulsatelor.ro\\\/wp\\\/#\\\/schema\\\/person\\\/6f6b28a030e15d619a82894773d6e7b9\"},\"headline\":\"Au fost aprobate finan\u021b\u0103rile pentru c\u0103mine \u0219i s\u0103li de sport \u00een 8 localit\u0103\u021bi\",\"datePublished\":\"2019-10-21T04:23:12+00:00\",\"dateModified\":\"2019-10-21T04:23:17+00:00\",\"mainEntityOfPage\":{\"@id\":\"https:\\\/\\\/curierulsatelor.ro\\\/wp\\\/2019\\\/10\\\/21\\\/au-fost-aprobate-finantarile-pentru-camine-si-sali-de-sport-in-8-localitati\\\/\"},\"wordCount\":260,\"commentCount\":0,\"publisher\":{\"@id\":\"https:\\\/\\\/curierulsatelor.ro\\\/wp\\\/#organization\"},\"image\":{\"@id\":\"https:\\\/\\\/curierulsatelor.ro\\\/wp\\\/2019\\\/10\\\/21\\\/au-fost-aprobate-finantarile-pentru-camine-si-sali-de-sport-in-8-localitati\\\/#primaryimage\"},\"thumbnailUrl\":\"https:\\\/\\\/curierulsatelor.ro\\\/wp\\\/wp-content\\\/uploads\\\/2019\\\/10\\\/Doina-Federovici.jpg\",\"articleSection\":[\"Administratie\",\"Politica\"],\"inLanguage\":\"ro-RO\",\"potentialAction\":[{\"@type\":\"CommentAction\",\"name\":\"Comment\",\"target\":[\"https:\\\/\\\/curierulsatelor.ro\\\/wp\\\/2019\\\/10\\\/21\\\/au-fost-aprobate-finantarile-pentru-camine-si-sali-de-sport-in-8-localitati\\\/#respond\"]}]},{\"@type\":\"WebPage\",\"@id\":\"https:\\\/\\\/curierulsatelor.ro\\\/wp\\\/2019\\\/10\\\/21\\\/au-fost-aprobate-finantarile-pentru-camine-si-sali-de-sport-in-8-localitati\\\/\",\"url\":\"https:\\\/\\\/curierulsatelor.ro\\\/wp\\\/2019\\\/10\\\/21\\\/au-fost-aprobate-finantarile-pentru-camine-si-sali-de-sport-in-8-localitati\\\/\",\"name\":\"Au fost aprobate finan\u021b\u0103rile pentru c\u0103mine \u0219i s\u0103li de sport \u00een 8 localit\u0103\u021bi - Curierul Regional\",\"isPartOf\":{\"@id\":\"https:\\\/\\\/curierulsatelor.ro\\\/wp\\\/#website\"},\"primaryImageOfPage\":{\"@id\":\"https:\\\/\\\/curierulsatelor.ro\\\/wp\\\/2019\\\/10\\\/21\\\/au-fost-aprobate-finantarile-pentru-camine-si-sali-de-sport-in-8-localitati\\\/#primaryimage\"},\"image\":{\"@id\":\"https:\\\/\\\/curierulsatelor.ro\\\/wp\\\/2019\\\/10\\\/21\\\/au-fost-aprobate-finantarile-pentru-camine-si-sali-de-sport-in-8-localitati\\\/#primaryimage\"},\"thumbnailUrl\":\"https:\\\/\\\/curierulsatelor.ro\\\/wp\\\/wp-content\\\/uploads\\\/2019\\\/10\\\/Doina-Federovici.jpg\",\"datePublished\":\"2019-10-21T04:23:12+00:00\",\"dateModified\":\"2019-10-21T04:23:17+00:00\",\"breadcrumb\":{\"@id\":\"https:\\\/\\\/curierulsatelor.ro\\\/wp\\\/2019\\\/10\\\/21\\\/au-fost-aprobate-finantarile-pentru-camine-si-sali-de-sport-in-8-localitati\\\/#breadcrumb\"},\"inLanguage\":\"ro-RO\",\"potentialAction\":[{\"@type\":\"ReadAction\",\"target\":[\"https:\\\/\\\/curierulsatelor.ro\\\/wp\\\/2019\\\/10\\\/21\\\/au-fost-aprobate-finantarile-pentru-camine-si-sali-de-sport-in-8-localitati\\\/\"]}]},{\"@type\":\"ImageObject\",\"inLanguage\":\"ro-RO\",\"@id\":\"https:\\\/\\\/curierulsatelor.ro\\\/wp\\\/2019\\\/10\\\/21\\\/au-fost-aprobate-finantarile-pentru-camine-si-sali-de-sport-in-8-localitati\\\/#primaryimage\",\"url\":\"https:\\\/\\\/curierulsatelor.ro\\\/wp\\\/wp-content\\\/uploads\\\/2019\\\/10\\\/Doina-Federovici.jpg\",\"contentUrl\":\"https:\\\/\\\/curierulsatelor.ro\\\/wp\\\/wp-content\\\/uploads\\\/2019\\\/10\\\/Doina-Federovici.jpg\",\"width\":1427,\"height\":795},{\"@type\":\"BreadcrumbList\",\"@id\":\"https:\\\/\\\/curierulsatelor.ro\\\/wp\\\/2019\\\/10\\\/21\\\/au-fost-aprobate-finantarile-pentru-camine-si-sali-de-sport-in-8-localitati\\\/#breadcrumb\",\"itemListElement\":[{\"@type\":\"ListItem\",\"position\":1,\"name\":\"Prima pagin\u0103\",\"item\":\"https:\\\/\\\/curierulsatelor.ro\\\/wp\\\/\"},{\"@type\":\"ListItem\",\"position\":2,\"name\":\"Au fost aprobate finan\u021b\u0103rile pentru c\u0103mine \u0219i s\u0103li de sport \u00een 8 localit\u0103\u021bi\"}]},{\"@type\":\"WebSite\",\"@id\":\"https:\\\/\\\/curierulsatelor.ro\\\/wp\\\/#website\",\"url\":\"https:\\\/\\\/curierulsatelor.ro\\\/wp\\\/\",\"name\":\"Curierul Regional\",\"description\":\"\",\"publisher\":{\"@id\":\"https:\\\/\\\/curierulsatelor.ro\\\/wp\\\/#organization\"},\"potentialAction\":[{\"@type\":\"SearchAction\",\"target\":{\"@type\":\"EntryPoint\",\"urlTemplate\":\"https:\\\/\\\/curierulsatelor.ro\\\/wp\\\/?s={search_term_string}\"},\"query-input\":{\"@type\":\"PropertyValueSpecification\",\"valueRequired\":true,\"valueName\":\"search_term_string\"}}],\"inLanguage\":\"ro-RO\"},{\"@type\":\"Organization\",\"@id\":\"https:\\\/\\\/curierulsatelor.ro\\\/wp\\\/#organization\",\"name\":\"Curierul Regional\",\"url\":\"https:\\\/\\\/curierulsatelor.ro\\\/wp\\\/\",\"logo\":{\"@type\":\"ImageObject\",\"inLanguage\":\"ro-RO\",\"@id\":\"https:\\\/\\\/curierulsatelor.ro\\\/wp\\\/#\\\/schema\\\/logo\\\/image\\\/\",\"url\":\"https:\\\/\\\/curierulsatelor.ro\\\/wp\\\/wp-content\\\/uploads\\\/2020\\\/01\\\/Curierul-Regional-si-Curierul-satelor-logo-header.png\",\"contentUrl\":\"https:\\\/\\\/curierulsatelor.ro\\\/wp\\\/wp-content\\\/uploads\\\/2020\\\/01\\\/Curierul-Regional-si-Curierul-satelor-logo-header.png\",\"width\":2943,\"height\":685,\"caption\":\"Curierul Regional\"},\"image\":{\"@id\":\"https:\\\/\\\/curierulsatelor.ro\\\/wp\\\/#\\\/schema\\\/logo\\\/image\\\/\"}},{\"@type\":\"Person\",\"@id\":\"https:\\\/\\\/curierulsatelor.ro\\\/wp\\\/#\\\/schema\\\/person\\\/6f6b28a030e15d619a82894773d6e7b9\",\"name\":\"Marian Morosan\",\"image\":{\"@type\":\"ImageObject\",\"inLanguage\":\"ro-RO\",\"@id\":\"https:\\\/\\\/secure.gravatar.com\\\/avatar\\\/2e833cc9ab99e6bca46266d4ad9030d308346ff7ff0b6b955c29b74cafaf064b?s=96&d=mm&r=g\",\"url\":\"https:\\\/\\\/secure.gravatar.com\\\/avatar\\\/2e833cc9ab99e6bca46266d4ad9030d308346ff7ff0b6b955c29b74cafaf064b?s=96&d=mm&r=g\",\"contentUrl\":\"https:\\\/\\\/secure.gravatar.com\\\/avatar\\\/2e833cc9ab99e6bca46266d4ad9030d308346ff7ff0b6b955c29b74cafaf064b?s=96&d=mm&r=g\",\"caption\":\"Marian Morosan\"},\"description\":\"Copiilor no\u015ftri li se preg\u0103te\u015fte, incon\u015ftient, o lume de joben ciuruit, din care niciodat\u0103 nu iese iepura\u015ful. Doar panglicile politicilor sociale roase de moliile cu \u015ftaif din ultimele decenii. Suntem oropsi\u0163i, suntem dispera\u0163i, manipula\u0163i p\u00e2n\u0103 acolo \u00eenc\u00e2t ne bucur\u0103m s\u0103 fim masa de manevr\u0103 a unora \u015fi s\u0103 sus\u0163inem c\u0103 a\u015fa e normal. Acum \u00eel \u00een\u0163eleg pe Cioran, dar \u00eel \u00een\u0163eleg mai bine \u015fi pe Preda. \u015ei m\u0103 g\u00e2ndesc iar, cu groaz\u0103, la copilul meu. Cel pu\u0163in eu nu \u00eemi doresc s\u0103 \u015ftiu c\u0103 micu\u0163ul meu va fi singur, cu sufletul descul\u0163, prin jungla mileniului III ! https:\\\/\\\/curierulsatelor.ro\\\/wp\\\/2019\\\/10\\\/16\\\/cu-sufletul-descult-prin-jungla-mileniului-iii-editorial\\\/\",\"sameAs\":[\"http:\\\/\\\/admin\"],\"url\":\"https:\\\/\\\/curierulsatelor.ro\\\/wp\\\/author\\\/admin\\\/\"}]}<\/script>\n<!-- \/ Yoast SEO plugin. -->","yoast_head_json":{"title":"Au fost aprobate finan\u021b\u0103rile pentru c\u0103mine \u0219i s\u0103li de sport \u00een 8 localit\u0103\u021bi - Curierul Regional","robots":{"index":"index","follow":"follow","max-snippet":"max-snippet:-1","max-image-preview":"max-image-preview:large","max-video-preview":"max-video-preview:-1"},"canonical":"https:\/\/curierulsatelor.ro\/wp\/2019\/10\/21\/au-fost-aprobate-finantarile-pentru-camine-si-sali-de-sport-in-8-localitati\/","og_locale":"ro_RO","og_type":"article","og_title":"Au fost aprobate finan\u021b\u0103rile pentru c\u0103mine \u0219i s\u0103li de sport \u00een 8 localit\u0103\u021bi - Curierul Regional","og_description":"Mai multe localit\u0103\u021bi din jude\u021bul Boto\u0219ani, vor primi finan\u021b\u0103ri prin CNI pentru c\u0103mine culturale \u0219i...","og_url":"https:\/\/curierulsatelor.ro\/wp\/2019\/10\/21\/au-fost-aprobate-finantarile-pentru-camine-si-sali-de-sport-in-8-localitati\/","og_site_name":"Curierul Regional","article_published_time":"2019-10-21T04:23:12+00:00","article_modified_time":"2019-10-21T04:23:17+00:00","og_image":[{"width":1427,"height":795,"url":"https:\/\/curierulsatelor.ro\/wp\/wp-content\/uploads\/2019\/10\/Doina-Federovici.jpg","type":"image\/jpeg"}],"author":"Marian Morosan","twitter_card":"summary_large_image","twitter_misc":{"Scris de":"Marian Morosan","Timp estimat pentru citire":"1 minut"},"schema":{"@context":"https:\/\/schema.org","@graph":[{"@type":"Article","@id":"https:\/\/curierulsatelor.ro\/wp\/2019\/10\/21\/au-fost-aprobate-finantarile-pentru-camine-si-sali-de-sport-in-8-localitati\/#article","isPartOf":{"@id":"https:\/\/curierulsatelor.ro\/wp\/2019\/10\/21\/au-fost-aprobate-finantarile-pentru-camine-si-sali-de-sport-in-8-localitati\/"},"author":{"name":"Marian Morosan","@id":"https:\/\/curierulsatelor.ro\/wp\/#\/schema\/person\/6f6b28a030e15d619a82894773d6e7b9"},"headline":"Au fost aprobate finan\u021b\u0103rile pentru c\u0103mine \u0219i s\u0103li de sport \u00een 8 localit\u0103\u021bi","datePublished":"2019-10-21T04:23:12+00:00","dateModified":"2019-10-21T04:23:17+00:00","mainEntityOfPage":{"@id":"https:\/\/curierulsatelor.ro\/wp\/2019\/10\/21\/au-fost-aprobate-finantarile-pentru-camine-si-sali-de-sport-in-8-localitati\/"},"wordCount":260,"commentCount":0,"publisher":{"@id":"https:\/\/curierulsatelor.ro\/wp\/#organization"},"image":{"@id":"https:\/\/curierulsatelor.ro\/wp\/2019\/10\/21\/au-fost-aprobate-finantarile-pentru-camine-si-sali-de-sport-in-8-localitati\/#primaryimage"},"thumbnailUrl":"https:\/\/curierulsatelor.ro\/wp\/wp-content\/uploads\/2019\/10\/Doina-Federovici.jpg","articleSection":["Administratie","Politica"],"inLanguage":"ro-RO","potentialAction":[{"@type":"CommentAction","name":"Comment","target":["https:\/\/curierulsatelor.ro\/wp\/2019\/10\/21\/au-fost-aprobate-finantarile-pentru-camine-si-sali-de-sport-in-8-localitati\/#respond"]}]},{"@type":"WebPage","@id":"https:\/\/curierulsatelor.ro\/wp\/2019\/10\/21\/au-fost-aprobate-finantarile-pentru-camine-si-sali-de-sport-in-8-localitati\/","url":"https:\/\/curierulsatelor.ro\/wp\/2019\/10\/21\/au-fost-aprobate-finantarile-pentru-camine-si-sali-de-sport-in-8-localitati\/","name":"Au fost aprobate finan\u021b\u0103rile pentru c\u0103mine \u0219i s\u0103li de sport \u00een 8 localit\u0103\u021bi - Curierul Regional","isPartOf":{"@id":"https:\/\/curierulsatelor.ro\/wp\/#website"},"primaryImageOfPage":{"@id":"https:\/\/curierulsatelor.ro\/wp\/2019\/10\/21\/au-fost-aprobate-finantarile-pentru-camine-si-sali-de-sport-in-8-localitati\/#primaryimage"},"image":{"@id":"https:\/\/curierulsatelor.ro\/wp\/2019\/10\/21\/au-fost-aprobate-finantarile-pentru-camine-si-sali-de-sport-in-8-localitati\/#primaryimage"},"thumbnailUrl":"https:\/\/curierulsatelor.ro\/wp\/wp-content\/uploads\/2019\/10\/Doina-Federovici.jpg","datePublished":"2019-10-21T04:23:12+00:00","dateModified":"2019-10-21T04:23:17+00:00","breadcrumb":{"@id":"https:\/\/curierulsatelor.ro\/wp\/2019\/10\/21\/au-fost-aprobate-finantarile-pentru-camine-si-sali-de-sport-in-8-localitati\/#breadcrumb"},"inLanguage":"ro-RO","potentialAction":[{"@type":"ReadAction","target":["https:\/\/curierulsatelor.ro\/wp\/2019\/10\/21\/au-fost-aprobate-finantarile-pentru-camine-si-sali-de-sport-in-8-localitati\/"]}]},{"@type":"ImageObject","inLanguage":"ro-RO","@id":"https:\/\/curierulsatelor.ro\/wp\/2019\/10\/21\/au-fost-aprobate-finantarile-pentru-camine-si-sali-de-sport-in-8-localitati\/#primaryimage","url":"https:\/\/curierulsatelor.ro\/wp\/wp-content\/uploads\/2019\/10\/Doina-Federovici.jpg","contentUrl":"https:\/\/curierulsatelor.ro\/wp\/wp-content\/uploads\/2019\/10\/Doina-Federovici.jpg","width":1427,"height":795},{"@type":"BreadcrumbList","@id":"https:\/\/curierulsatelor.ro\/wp\/2019\/10\/21\/au-fost-aprobate-finantarile-pentru-camine-si-sali-de-sport-in-8-localitati\/#breadcrumb","itemListElement":[{"@type":"ListItem","position":1,"name":"Prima pagin\u0103","item":"https:\/\/curierulsatelor.ro\/wp\/"},{"@type":"ListItem","position":2,"name":"Au fost aprobate finan\u021b\u0103rile pentru c\u0103mine \u0219i s\u0103li de sport \u00een 8 localit\u0103\u021bi"}]},{"@type":"WebSite","@id":"https:\/\/curierulsatelor.ro\/wp\/#website","url":"https:\/\/curierulsatelor.ro\/wp\/","name":"Curierul Regional","description":"","publisher":{"@id":"https:\/\/curierulsatelor.ro\/wp\/#organization"},"potentialAction":[{"@type":"SearchAction","target":{"@type":"EntryPoint","urlTemplate":"https:\/\/curierulsatelor.ro\/wp\/?s={search_term_string}"},"query-input":{"@type":"PropertyValueSpecification","valueRequired":true,"valueName":"search_term_string"}}],"inLanguage":"ro-RO"},{"@type":"Organization","@id":"https:\/\/curierulsatelor.ro\/wp\/#organization","name":"Curierul Regional","url":"https:\/\/curierulsatelor.ro\/wp\/","logo":{"@type":"ImageObject","inLanguage":"ro-RO","@id":"https:\/\/curierulsatelor.ro\/wp\/#\/schema\/logo\/image\/","url":"https:\/\/curierulsatelor.ro\/wp\/wp-content\/uploads\/2020\/01\/Curierul-Regional-si-Curierul-satelor-logo-header.png","contentUrl":"https:\/\/curierulsatelor.ro\/wp\/wp-content\/uploads\/2020\/01\/Curierul-Regional-si-Curierul-satelor-logo-header.png","width":2943,"height":685,"caption":"Curierul Regional"},"image":{"@id":"https:\/\/curierulsatelor.ro\/wp\/#\/schema\/logo\/image\/"}},{"@type":"Person","@id":"https:\/\/curierulsatelor.ro\/wp\/#\/schema\/person\/6f6b28a030e15d619a82894773d6e7b9","name":"Marian Morosan","image":{"@type":"ImageObject","inLanguage":"ro-RO","@id":"https:\/\/secure.gravatar.com\/avatar\/2e833cc9ab99e6bca46266d4ad9030d308346ff7ff0b6b955c29b74cafaf064b?s=96&d=mm&r=g","url":"https:\/\/secure.gravatar.com\/avatar\/2e833cc9ab99e6bca46266d4ad9030d308346ff7ff0b6b955c29b74cafaf064b?s=96&d=mm&r=g","contentUrl":"https:\/\/secure.gravatar.com\/avatar\/2e833cc9ab99e6bca46266d4ad9030d308346ff7ff0b6b955c29b74cafaf064b?s=96&d=mm&r=g","caption":"Marian Morosan"},"description":"Copiilor no\u015ftri li se preg\u0103te\u015fte, incon\u015ftient, o lume de joben ciuruit, din care niciodat\u0103 nu iese iepura\u015ful. Doar panglicile politicilor sociale roase de moliile cu \u015ftaif din ultimele decenii. Suntem oropsi\u0163i, suntem dispera\u0163i, manipula\u0163i p\u00e2n\u0103 acolo \u00eenc\u00e2t ne bucur\u0103m s\u0103 fim masa de manevr\u0103 a unora \u015fi s\u0103 sus\u0163inem c\u0103 a\u015fa e normal. Acum \u00eel \u00een\u0163eleg pe Cioran, dar \u00eel \u00een\u0163eleg mai bine \u015fi pe Preda. \u015ei m\u0103 g\u00e2ndesc iar, cu groaz\u0103, la copilul meu. Cel pu\u0163in eu nu \u00eemi doresc s\u0103 \u015ftiu c\u0103 micu\u0163ul meu va fi singur, cu sufletul descul\u0163, prin jungla mileniului III ! https:\/\/curierulsatelor.ro\/wp\/2019\/10\/16\/cu-sufletul-descult-prin-jungla-mileniului-iii-editorial\/","sameAs":["http:\/\/admin"],"url":"https:\/\/curierulsatelor.ro\/wp\/author\/admin\/"}]}},"_links":{"self":[{"href":"https:\/\/curierulsatelor.ro\/wp\/wp-json\/wp\/v2\/posts\/465","targetHints":{"allow":["GET"]}}],"collection":[{"href":"https:\/\/curierulsatelor.ro\/wp\/wp-json\/wp\/v2\/posts"}],"about":[{"href":"https:\/\/curierulsatelor.ro\/wp\/wp-json\/wp\/v2\/types\/post"}],"author":[{"embeddable":true,"href":"https:\/\/curierulsatelor.ro\/wp\/wp-json\/wp\/v2\/users\/1"}],"replies":[{"embeddable":true,"href":"https:\/\/curierulsatelor.ro\/wp\/wp-json\/wp\/v2\/comments?post=465"}],"version-history":[{"count":1,"href":"https:\/\/curierulsatelor.ro\/wp\/wp-json\/wp\/v2\/posts\/465\/revisions"}],"predecessor-version":[{"id":467,"href":"https:\/\/curierulsatelor.ro\/wp\/wp-json\/wp\/v2\/posts\/465\/revisions\/467"}],"wp:featuredmedia":[{"embeddable":true,"href":"https:\/\/curierulsatelor.ro\/wp\/wp-json\/wp\/v2\/media\/466"}],"wp:attachment":[{"href":"https:\/\/curierulsatelor.ro\/wp\/wp-json\/wp\/v2\/media?parent=465"}],"wp:term":[{"taxonomy":"category","embeddable":true,"href":"https:\/\/curierulsatelor.ro\/wp\/wp-json\/wp\/v2\/categories?post=465"},{"taxonomy":"post_tag","embeddable":true,"href":"https:\/\/curierulsatelor.ro\/wp\/wp-json\/wp\/v2\/tags?post=465"}],"curies":[{"name":"wp","href":"https:\/\/api.w.org\/{rel}","templated":true}]}}